{"id":67433,"date":"2026-02-04T12:00:35","date_gmt":"2026-02-04T11:00:35","guid":{"rendered":"https:\/\/www.creilsudoise-tourisme.fr\/?p=67433"},"modified":"2026-02-25T16:17:59","modified_gmt":"2026-02-25T15:17:59","slug":"vacances-hiver-2026","status":"publish","type":"post","link":"https:\/\/www.creilsudoise-tourisme.fr\/nl\/2026\/02\/04\/wintervakantie-2026\/","title":{"rendered":"Idee\u00ebn voor wintervakantie-activiteiten!"},"content":{"rendered":"<p class=\"is-style-excerpt\">Wat te doen tijdens de schoolvakanties <strong>van 14 februari tot 2 maart<\/strong> ?<br> Stel jezelf geen vragen meer - deze pagina <strong>vol idee\u00ebn voor activiteiten<\/strong> voor uw <strong>kinderen<\/strong> of <strong>kleinkinderen<\/strong> !<br><\/p>\n\n\n\n<h2>Carnaval<\/h2>\n\n\n\n<p>De <strong><a href=\"https:\/\/www.saintmaximin.eu\/\" target=\"_blank\" rel=\"noreferrer noopener\">Stad Saint-Maximin <\/a><\/strong>organiseert een <strong><a href=\"https:\/\/www.creilsudoise-tourisme.fr\/nl\/agenda-animations\/carnaval-de-la-jungle-en-famille\/\" target=\"_blank\" rel=\"noreferrer noopener\">\"familie jungle carnaval<\/a><\/strong>dan <strong>kom verkleed<\/strong> je zult <strong>verzonnen<\/strong> en <strong>parade door de straten<\/strong>. De <strong>flensjes<\/strong> wachten op je na de parade! <br><br>De<strong> <a href=\"https:\/\/lesbibliothequesdemontataire.c3rb.org\/\" target=\"_blank\" rel=\"noreferrer noopener\">Bibliotheek Elsa Triolet, Montataire<\/a> <\/strong>biedt u <strong><a href=\"https:\/\/mairie-montataire.fr\/agenda\/culture\/vacances-en-bibliotheque\/\" target=\"_blank\" rel=\"noreferrer noopener\">een masker versieren<\/a> <\/strong>voor carnaval!<br><br>Kom en ontdek de kostuums van de <strong><a href=\"https:\/\/www.creilsudoise-tourisme.fr\/nl\/jexplore\/must-haves\/musee-galle-juillet\/\" target=\"_blank\" rel=\"noreferrer noopener\">Gall\u00e9-Juillet Museum<\/a><\/strong>neem dan deel aan een <strong><a href=\"https:\/\/www.facebook.com\/museegallejuillet\/posts\/pfbid037rN9eAHH9NxrA4m68CKXsUDXC6tmaHR2kJSDBnzFvQ8N1f1Xd4pWzwi3mMc9zm7wl\" target=\"_blank\" rel=\"noreferrer noopener\">creatieve workshop<\/a><\/strong> op <strong>een masker versieren<\/strong>. Je kunt je<strong> beste vermomming <\/strong>om naar het museum te komen!<\/p>\n\n\n\n<h2>Workshops<\/h2>\n\n\n\n<h3>bij Clouterie Rivierre<\/h3>\n\n\n\n<div class=\"is-layout-flex wp-container-3 wp-block-columns\">\n<div class=\"is-layout-flow wp-block-column is-vertically-aligned-center\" style=\"flex-basis:66.66%\">\n<p>Voor kinderen van 5-14 jaar is de&nbsp;<strong><a href=\"https:\/\/www.creilsudoise-tourisme.fr\/nl\/jexplore\/must-haves\/clouterie-rivierre\/\">Clouterie Rivierre<\/a><\/strong>&nbsp;in Creil biedt een&nbsp;<a href=\"https:\/\/www.creilsudoise-tourisme.fr\/nl\/agenda-animations\/visite-et-atelier-creatif-a-la-clouterie\/\" target=\"_blank\" rel=\"noreferrer noopener\"><strong>ludiek bezoek<\/strong><\/a>&nbsp;van haar&nbsp;<strong>fabriek<\/strong>gevolgd door een&nbsp;<strong>creatieve workshop<\/strong>&nbsp;rond de nagels: onder begeleiding van een volwassene vertrekt je kind met zijn of haar eigen&nbsp;<strong>creatie<\/strong>&nbsp;! Wie weet, sommige&nbsp;<strong>roepingen<\/strong>&nbsp;misschien geboren zal worden? <\/p>\n<\/div>\n\n\n\n<div class=\"is-layout-flow wp-block-column is-vertically-aligned-center\" style=\"flex-basis:33.33%\">\n<figure class=\"wp-block-image size-large is-resized\"><img decoding=\"async\" loading=\"lazy\" data-src=\"https:\/\/www.creilsudoise-tourisme.fr\/wp-content\/uploads\/2026\/02\/Clouterie-rivierre-creil_\u00a9-Arnaud-Beauvois-Oise-Tourisme-1200x674.jpg\" alt=\"\" class=\"wp-image-67457\" width=\"344\" height=\"193\" data-srcset=\"https:\/\/www.creilsudoise-tourisme.fr\/wp-content\/uploads\/2026\/02\/Clouterie-rivierre-creil_\u00a9-Arnaud-Beauvois-Oise-Tourisme-1200x674.jpg 1200w, https:\/\/www.creilsudoise-tourisme.fr\/wp-content\/uploads\/2026\/02\/Clouterie-rivierre-creil_\u00a9-Arnaud-Beauvois-Oise-Tourisme-600x337.jpg 600w, https:\/\/www.creilsudoise-tourisme.fr\/wp-content\/uploads\/2026\/02\/Clouterie-rivierre-creil_\u00a9-Arnaud-Beauvois-Oise-Tourisme-900x505.jpg 900w, https:\/\/www.creilsudoise-tourisme.fr\/wp-content\/uploads\/2026\/02\/Clouterie-rivierre-creil_\u00a9-Arnaud-Beauvois-Oise-Tourisme-1536x862.jpg 1536w, https:\/\/www.creilsudoise-tourisme.fr\/wp-content\/uploads\/2026\/02\/Clouterie-rivierre-creil_\u00a9-Arnaud-Beauvois-Oise-Tourisme-18x10.jpg 18w, https:\/\/www.creilsudoise-tourisme.fr\/wp-content\/uploads\/2026\/02\/Clouterie-rivierre-creil_\u00a9-Arnaud-Beauvois-Oise-Tourisme-200x112.jpg 200w, https:\/\/www.creilsudoise-tourisme.fr\/wp-content\/uploads\/2026\/02\/Clouterie-rivierre-creil_\u00a9-Arnaud-Beauvois-Oise-Tourisme-1600x900.jpg 1600w, https:\/\/www.creilsudoise-tourisme.fr\/wp-content\/uploads\/2026\/02\/Clouterie-rivierre-creil_\u00a9-Arnaud-Beauvois-Oise-Tourisme-650x365.jpg 650w, https:\/\/www.creilsudoise-tourisme.fr\/wp-content\/uploads\/2026\/02\/Clouterie-rivierre-creil_\u00a9-Arnaud-Beauvois-Oise-Tourisme-387x217.jpg 387w, https:\/\/www.creilsudoise-tourisme.fr\/wp-content\/uploads\/2026\/02\/Clouterie-rivierre-creil_\u00a9-Arnaud-Beauvois-Oise-Tourisme.jpg 1920w\" sizes=\"(max-width: 344px) 100vw, 344px\" \/><\/figure>\n<\/div>\n<\/div>\n\n\n\n<h3>Recycl'art<\/h3>\n\n\n\n<p>&nbsp;Neem deel aan een <strong><a href=\"https:\/\/www.creilsudoise-tourisme.fr\/nl\/agenda-animations\/atelier-creatif-autour-de-la-chambre-a-air-de-velo\/\" target=\"_blank\" rel=\"noreferrer noopener\">workshop armbanden maken<\/a><\/strong> van<strong>oude binnenbanden voor fietsen<\/strong> ! Een kans om<strong>vermaken<\/strong> en <strong>maken<\/strong> een juweel van je <strong>eigen handen<\/strong>.<\/p>\n\n\n\n<h3>Spelletjes, sport en koken<\/h3>\n\n\n\n<p>De <strong><a href=\"https:\/\/www.saintmaximin.eu\/\" target=\"_blank\" rel=\"noreferrer noopener\">Stad Saint-Maximin<\/a><\/strong> brouwt <strong>2 weken gewijd aan games en creativiteit<\/strong> in het Maison des Jeunes Mandela: <strong>bordspellen<\/strong>vervaardiging van<strong> kaarsen<\/strong>, <strong>voetbal<\/strong>voorbereiding op<strong> carnaval,<\/strong> workshop <strong>culinair <\/strong>en<strong>andere activiteiten<\/strong> weer! Voor de leeftijdsgroep 11-13 jaar is het <strong><a href=\"https:\/\/www.creilsudoise-tourisme.fr\/nl\/agenda-animations\/les-vacances-dhiver-a-saint-maximin-11-13-ans\/\" target=\"_blank\" rel=\"noreferrer noopener\">klik hier<\/a><\/strong> ! En voor 14- tot 17-jarigen is het <strong><a href=\"https:\/\/www.creilsudoise-tourisme.fr\/nl\/agenda-animations\/les-vacances-dhiver-a-saint-maximin-14-17-ans\/\" target=\"_blank\" rel=\"noreferrer noopener\">zo <\/a><\/strong>!<\/p>\n\n\n\n<h3>Theater<\/h3>\n\n\n\n<p>S'<strong>probeer theater te spelen<\/strong> heeft altijd<strong> ge\u00efntrigeerd<\/strong> je <strong>kind\/klein kind <\/strong>? Naar de<strong><a href=\"https:\/\/www.saintmaximin.eu\/bibliotheque-et-catalogue\" target=\"_blank\" rel=\"noreferrer noopener\"> Elsa Triolet bibliotheek in Saint-Maximin<\/a><\/strong>Hij krijgt de kans om deel te nemen aan een <strong><a href=\"https:\/\/www.creilsudoise-tourisme.fr\/nl\/agenda-animations\/atelier-theatre-match-dimprovisation\/\" target=\"_blank\" rel=\"noreferrer noopener\">Theatrale improvisatiewedstrijd<\/a><\/strong>&nbsp;(voor het grote publiek)! Een kans om te pronken met je <strong>acteertalent<\/strong> ! Reserveren verplicht.<\/p>\n\n\n\n<h3>Wetenschappen<\/h3>\n\n\n\n<p>De <strong><a href=\"https:\/\/mediatheque.creil.fr\/l-abricotine--quartier-rouher\" target=\"_blank\" rel=\"noreferrer noopener\">L'abricotine mediatheek, Creil<\/a><\/strong> nodigt u uit om deel te nemen aan een<strong><a href=\"https:\/\/www.creilsudoise-tourisme.fr\/nl\/agenda-animations\/atelier-les-ptits-scientifiques\/\"> leuke kennismakingsworkshop wetenschap <\/a><\/strong>voor <strong>nieuwsgierige kinderen<\/strong> ! Registratie vereist.<br><br>De <a href=\"https:\/\/lesbibliothequesdemontataire.c3rb.org\/\" target=\"_blank\" rel=\"noreferrer noopener\"><strong>Bibliotheek Elsa Triolet, Montataire<\/strong><\/a> biedt u een <strong><a href=\"https:\/\/mairie-montataire.fr\/agenda\/culture\/vacances-en-bibliotheque\/\" target=\"_blank\" rel=\"noreferrer noopener\">wetenschappelijke animatie<\/a><\/strong>.<\/p>\n\n\n\n<h3>Snoezelen zintuiglijke gebied (peuters)<\/h3>\n\n\n\n<p>De<strong><a href=\"https:\/\/www.saintmaximin.eu\/bibliotheque-et-catalogue\" target=\"_blank\" rel=\"noreferrer noopener\">&nbsp;Bibliotheek Elsa Triolet<\/a><\/strong> voor uw<strong> baby<\/strong>a <a href=\"https:\/\/www.facebook.com\/photo?fbid=1196796169231250&amp;set=a.419884906922384\" target=\"_blank\" rel=\"noreferrer noopener\"><strong>Gebied Snoezelen<\/strong> <\/a>Je baby verzorgen met <strong>commentaar<\/strong>, <strong>stimulatie<\/strong> en <strong>zintuiglijke verkenningen<\/strong>allemaal in een <strong>speciaal uitgeruste ruimte<\/strong>, <strong>verlicht <\/strong>a<strong> gedempt licht<\/strong> en gesust door een <strong>zachte muziek<\/strong>. Een ruimte die als doel heeft een <strong>aangename sfeer<\/strong>. Alleen op reservering.<br><\/p>\n\n\n\n<h2>Cultuur<\/h2>\n\n\n\n<h3>Mediabibliotheek ontdekken en verhalen vertellen (0-3 jaar)<\/h3>\n\n\n\n<p>Maak er een gewoonte van<strong><a href=\"https:\/\/www.creilsudoise-tourisme.fr\/nl\/agenda-animations\/lezen-boeken-zijn-goed-voor-babys-2-2\/\" target=\"_blank\" rel=\"noreferrer noopener\"> kom naar de mediatheek<\/a> <\/strong>met de<strong> peuters<\/strong>maak ze vertrouwd met de locatie, open <strong>boeken<\/strong> met hen, luisterend naar <strong>expressief voorgelezen verhalen<\/strong>...a <strong>echte openheid<\/strong> over de wereld voor peuters. Dit vindt plaats op de <strong><a href=\"https:\/\/saint-vaast-les-mello-pom.c3rb.org\/\" target=\"_blank\" rel=\"noreferrer noopener\">Mediatheek Saint-Vaast-l\u00e8s-Mello<\/a><\/strong> !<\/p>\n\n\n\n<h3>Voorlezen van verhalen (vanaf 3 jaar)<\/h3>\n\n\n\n<p>De <strong><a href=\"https:\/\/mediatheque.nogentsuroise.fr\/\">Nogent-sur-Oise mediatheek<\/a><\/strong> biedt u <strong><a href=\"https:\/\/www.creilsudoise-tourisme.fr\/nl\/agenda-animations\/voorleesverhalen-voor-kleine-oortjes-6\/\" target=\"_blank\" rel=\"noreferrer noopener\">voorlezingen van verhalen<\/a><\/strong> voor kinderen, <strong>vanaf 3 jaar<\/strong>.<\/p>\n\n\n\n<h3>Straatkunst tentoonstelling<\/h3>\n\n\n\n<div class=\"is-layout-flex wp-container-6 wp-block-columns\">\n<div class=\"is-layout-flow wp-block-column is-vertically-aligned-center\">\n<figure class=\"wp-block-image size-large is-resized\"><img decoding=\"async\" loading=\"lazy\" data-src=\"https:\/\/www.creilsudoise-tourisme.fr\/wp-content\/uploads\/wpetourisme\/affiche-sitou-800x1200.jpg\" alt=\"\" class=\"wp-image-67396\" width=\"285\" height=\"427\" data-srcset=\"https:\/\/www.creilsudoise-tourisme.fr\/wp-content\/uploads\/wpetourisme\/affiche-sitou-800x1200.jpg 800w, https:\/\/www.creilsudoise-tourisme.fr\/wp-content\/uploads\/wpetourisme\/affiche-sitou-400x600.jpg 400w, https:\/\/www.creilsudoise-tourisme.fr\/wp-content\/uploads\/wpetourisme\/affiche-sitou-600x900.jpg 600w, https:\/\/www.creilsudoise-tourisme.fr\/wp-content\/uploads\/wpetourisme\/affiche-sitou-1024x1536.jpg 1024w, https:\/\/www.creilsudoise-tourisme.fr\/wp-content\/uploads\/wpetourisme\/affiche-sitou-8x12.jpg 8w, https:\/\/www.creilsudoise-tourisme.fr\/wp-content\/uploads\/wpetourisme\/affiche-sitou-200x300.jpg 200w, https:\/\/www.creilsudoise-tourisme.fr\/wp-content\/uploads\/wpetourisme\/affiche-sitou-650x975.jpg 650w, https:\/\/www.creilsudoise-tourisme.fr\/wp-content\/uploads\/wpetourisme\/affiche-sitou-282x424.jpg 282w, https:\/\/www.creilsudoise-tourisme.fr\/wp-content\/uploads\/wpetourisme\/affiche-sitou-387x580.jpg 387w, https:\/\/www.creilsudoise-tourisme.fr\/wp-content\/uploads\/wpetourisme\/affiche-sitou.jpg 1067w\" sizes=\"(max-width: 285px) 100vw, 285px\" \/><\/figure>\n<\/div>\n\n\n\n<div class=\"is-layout-flow wp-block-column is-vertically-aligned-center\">\n<p>Ontdek een <strong><a href=\"https:\/\/www.creilsudoise-tourisme.fr\/nl\/agenda-animations\/exposition-sur-faces\/\" target=\"_blank\" rel=\"noreferrer noopener\">straatkunst tentoonstelling<\/a><\/strong> naar de<a href=\"https:\/\/www.creilsudoise-tourisme.fr\/nl\/loisirs\/espace-henri-matisse\/\">Espace Matisse, Creil<\/a>door de kunstenaar <strong>Matt<\/strong>,<strong> <\/strong>die al het volgende heeft geproduceerd <strong>2 fresco's in Creil<\/strong> (Velodrome Roger-Salengro en het Nina Simone Conservatorium)! <\/p>\n<\/div>\n<\/div>\n\n\n\n<h3>Manga tentoonstelling<\/h3>\n\n\n\n<p>Jongeren van<strong> Manga Club de Creil<\/strong> presenteren de <strong>borden<\/strong> van <strong>hun manga<\/strong> \"Het ontwaken van de afgrond\" door een <strong><a href=\"https:\/\/www.creilsudoise-tourisme.fr\/nl\/agenda-animations\/exposition-manga-leveil-des-abimes\/\" target=\"_blank\" rel=\"noreferrer noopener\">tentoonstelling<\/a><\/strong> te worden gehouden in het <strong><a href=\"https:\/\/www.creil.fr\/la-maison-la-ville\" target=\"_blank\" rel=\"noreferrer noopener\">Stadhuis van Creil<\/a><\/strong>!<\/p>\n\n\n\n<h3>Ontsnappingsspel<\/h3>\n\n\n\n<h4>Ontsnappen in Saint-Maximin<\/h4>\n\n\n\n<p>Voor kinderen <strong>Vanaf 10 jaar<\/strong>de <a href=\"https:\/\/www.saintmaximin.eu\/bibliotheque-et-catalogue\" target=\"_blank\" rel=\"noreferrer noopener\"><strong>Elsa Triolet bibliotheek in Saint-Maximin<\/strong> <\/a>biedt u een <strong><a href=\"https:\/\/www.creilsudoise-tourisme.fr\/nl\/agenda-animations\/escape-game-recherche-a-risque-a-la-bibliotheque\/\" target=\"_blank\" rel=\"noreferrer noopener\">Ontsnappingsspel \"Onderzoek in gevaar<\/a><\/strong>. <strong>Ga op onderzoek uit<\/strong> ! (reserveren verplicht)<\/p>\n\n\n\n<h4>Harry Potter Ontsnappingsspel in Creil<\/h4>\n\n\n\n<p>De <strong><a href=\"https:\/\/mediatheque.creil.fr\/jean-pierre-besse--quartier-du-moulin\" target=\"_blank\" rel=\"noreferrer noopener\">Mediatheek Jean-Pierre Besse, Creil<\/a><\/strong> biedt u een<strong><a href=\"https:\/\/www.creilsudoise-tourisme.fr\/nl\/agenda-animations\/escape-game-theme-harry-potter\/\" target=\"_blank\" rel=\"noreferrer noopener\"> Ontsnappingsspel met Harry Potter als thema<\/a><\/strong> ! Kom en dompel jezelf onder in<strong>sfeer<\/strong> van uw <strong>favoriete held<\/strong>. Kun jij de verschillende<strong> raadsels <\/strong>en ontsnappen <strong>Dooddoeners<\/strong> in minder dan 45 minuten? Registreer nu.<\/p>\n\n\n\n<h4>Geheimhouding in het Mus\u00e9e Gall\u00e9-Juillet<\/h4>\n\n\n\n<div class=\"is-layout-flex wp-container-9 wp-block-columns\">\n<div class=\"is-layout-flow wp-block-column is-vertically-aligned-center\">\n<p>Ontdek in 60 minuten <strong><a href=\"https:\/\/www.creilsudoise-tourisme.fr\/nl\/agenda-animations\/escape-game-le-secret-au-musee-galle-juillet\/\" target=\"_blank\" rel=\"noreferrer noopener\">het geheim van het Gall\u00e9-Juillet huis<\/a><\/strong> en <strong>ontsnappen<\/strong> !<br><strong>Ga terug in de tijd<\/strong> en dompel jezelf onder in<strong> 1913<\/strong>.<br>In het museum zelf <strong>stukje bij beetje<\/strong>, d'<strong>index in index<\/strong>ontdek je de <strong>het geheim dat rondwaart in de muren van het Gall\u00e9-Juillet huis...<\/strong><\/p>\n<\/div>\n\n\n\n<div class=\"is-layout-flow wp-block-column\">\n<figure class=\"wp-block-image size-large\"><img decoding=\"async\" loading=\"lazy\" width=\"1200\" height=\"714\" data-src=\"https:\/\/www.creilsudoise-tourisme.fr\/wp-content\/uploads\/2021\/05\/Escape-game-au-Musee-Galle-Juillet-1200x714.jpg\" alt=\"Ontsnappingsspel in het Mus\u00e9e Gall\u00e9-Juillet\" class=\"wp-image-34945\" data-srcset=\"https:\/\/www.creilsudoise-tourisme.fr\/wp-content\/uploads\/2021\/05\/Escape-game-au-Musee-Galle-Juillet-1200x714.jpg 1200w, https:\/\/www.creilsudoise-tourisme.fr\/wp-content\/uploads\/2021\/05\/Escape-game-au-Musee-Galle-Juillet-600x357.jpg 600w, https:\/\/www.creilsudoise-tourisme.fr\/wp-content\/uploads\/2021\/05\/Escape-game-au-Musee-Galle-Juillet-900x536.jpg 900w, https:\/\/www.creilsudoise-tourisme.fr\/wp-content\/uploads\/2021\/05\/Escape-game-au-Musee-Galle-Juillet-1536x914.jpg 1536w, https:\/\/www.creilsudoise-tourisme.fr\/wp-content\/uploads\/2021\/05\/Escape-game-au-Musee-Galle-Juillet-200x119.jpg 200w, https:\/\/www.creilsudoise-tourisme.fr\/wp-content\/uploads\/2021\/05\/Escape-game-au-Musee-Galle-Juillet-650x387.jpg 650w, https:\/\/www.creilsudoise-tourisme.fr\/wp-content\/uploads\/2021\/05\/Escape-game-au-Musee-Galle-Juillet-387x230.jpg 387w, https:\/\/www.creilsudoise-tourisme.fr\/wp-content\/uploads\/2021\/05\/Escape-game-au-Musee-Galle-Juillet.jpg 1600w\" sizes=\"(max-width: 1200px) 100vw, 1200px\" \/><\/figure>\n<\/div>\n<\/div>\n\n\n\n<h4>De schat in het Mus\u00e9e Gall\u00e9-Juillet<\/h4>\n\n\n\n<div class=\"is-layout-flex wp-container-12 wp-block-columns\">\n<div class=\"is-layout-flow wp-block-column is-vertically-aligned-center\">\n<figure class=\"wp-block-image size-large\"><img decoding=\"async\" loading=\"lazy\" width=\"1200\" height=\"865\" data-src=\"https:\/\/www.creilsudoise-tourisme.fr\/wp-content\/uploads\/wpetourisme\/LE-TRESOR-1200x865.jpg\" alt=\"\" class=\"wp-image-66003\" data-srcset=\"https:\/\/www.creilsudoise-tourisme.fr\/wp-content\/uploads\/wpetourisme\/LE-TRESOR-1200x865.jpg 1200w, https:\/\/www.creilsudoise-tourisme.fr\/wp-content\/uploads\/wpetourisme\/LE-TRESOR-600x432.jpg 600w, https:\/\/www.creilsudoise-tourisme.fr\/wp-content\/uploads\/wpetourisme\/LE-TRESOR-900x649.jpg 900w, https:\/\/www.creilsudoise-tourisme.fr\/wp-content\/uploads\/wpetourisme\/LE-TRESOR-1536x1107.jpg 1536w, https:\/\/www.creilsudoise-tourisme.fr\/wp-content\/uploads\/wpetourisme\/LE-TRESOR-2048x1476.jpg 2048w, https:\/\/www.creilsudoise-tourisme.fr\/wp-content\/uploads\/wpetourisme\/LE-TRESOR-18x12.jpg 18w, https:\/\/www.creilsudoise-tourisme.fr\/wp-content\/uploads\/wpetourisme\/LE-TRESOR-200x144.jpg 200w, https:\/\/www.creilsudoise-tourisme.fr\/wp-content\/uploads\/wpetourisme\/LE-TRESOR-650x469.jpg 650w, https:\/\/www.creilsudoise-tourisme.fr\/wp-content\/uploads\/wpetourisme\/LE-TRESOR-387x279.jpg 387w\" sizes=\"(max-width: 1200px) 100vw, 1200px\" \/><\/figure>\n<\/div>\n\n\n\n<div class=\"is-layout-flow wp-block-column is-vertically-aligned-center\">\n<p>In 60 minuten kun je het volgende in elkaar zetten <strong><a href=\"https:\/\/www.creilsudoise-tourisme.fr\/nl\/agenda-animations\/escape-game-le-tresor-du-musee-galle-juillet\/\" target=\"_blank\" rel=\"noreferrer noopener\">de sluis schatkist<\/a><\/strong>. In 1974 werd in Creil de <strong>Schat van het slot<\/strong>. Tijdens de opgravingen werd een <strong>pot d'or verdwijnt<\/strong>. Je voorouder is de <strong>dief<\/strong> en sindsdien, <strong>een vloek heeft je familie getroffen<\/strong>. Vandaag bent u <strong>de enige <\/strong>om te kunnen repareren <strong>zijn fouten<\/strong>maar <strong>je tijd raakt op<\/strong> de pot met goud vinden, <strong>herenig de schat <\/strong>of <strong>voor altijd de vloek ondergaan...<\/strong><\/p>\n<\/div>\n<\/div>\n\n\n\n<h3>Bordspellen<\/h3>\n\n\n\n<h4>Allerlei bordspellen<\/h4>\n\n\n\n<p>De <strong><a href=\"https:\/\/www.nogentsuroise.fr\/\" target=\"_blank\" rel=\"noreferrer noopener\">Stad Nogent-sur-Oise <\/a><\/strong>biedt je een zaterdag bij<strong><a href=\"https:\/\/www.creilsudoise-tourisme.fr\/nl\/agenda-animations\/leuke-activiteit-onze-zaterdag-spelletjes\/\" target=\"_blank\" rel=\"noreferrer noopener\"> bordspellen spelen!<\/a><\/strong> Van <strong>beginner tot expert<\/strong>tussen <strong>vrienden<\/strong> of in<strong> familie<\/strong>komen en <strong>vermaken<\/strong> met<strong> bordspellen <\/strong>!<\/p>\n\n\n\n<h4>Weerwolven<\/h4>\n\n\n\n<p>Verlaten voor een <strong><a href=\"https:\/\/www.creilsudoise-tourisme.fr\/nl\/agenda-animations\/activites-ludiques-les-vacances-a-la-mediatheque\/\" target=\"_blank\" rel=\"noreferrer noopener\">weerwolvenfeest<\/a><\/strong> aan de <strong><a href=\"https:\/\/www.saintleudesserent.fr\/mediatheque-saint-leu-60\" target=\"_blank\" rel=\"noreferrer noopener\">Mediatheek Saint-Leu d'Esserent<\/a><\/strong> ? Let op, <strong>uitsluitend voor tieners vanaf 13 jaar en volwassenen<\/strong>.<br><br>De <a href=\"https:\/\/lesbibliothequesdemontataire.c3rb.org\/\" target=\"_blank\" rel=\"noreferrer noopener\"><strong>Bibliotheek Montatair Elsa Triolet<\/strong>e <\/a>biedt u een <strong><a href=\"https:\/\/mairie-montataire.fr\/agenda\/culture\/vacances-en-bibliotheque\/\" target=\"_blank\" rel=\"noreferrer noopener\">tijd om weerwolven te spelen<\/a><\/strong>.<\/p>\n\n\n\n<h3>Videogames<\/h3>\n\n\n\n<p>De <a href=\"https:\/\/lesbibliothequesdemontataire.c3rb.org\/\" target=\"_blank\" rel=\"noreferrer noopener\"><strong>Bibliotheek Montatair Elsa Triolet<\/strong>e <\/a>biedt je een tijd om <strong><a href=\"https:\/\/mairie-montataire.fr\/agenda\/culture\/vacances-en-bibliotheque\/\" target=\"_blank\" rel=\"noreferrer noopener\">videospelletjes spelen<\/a><\/strong> !<\/p>\n\n\n\n<h3>Cinema<\/h3>\n\n\n\n<h4>Bioscoop in Villers-Saint-Paul<\/h4>\n\n\n\n<div class=\"is-layout-flex wp-container-15 wp-block-columns\">\n<div class=\"is-layout-flow wp-block-column\">\n<p>De <strong><a href=\"https:\/\/www.creilsudoise-tourisme.fr\/nl\/agenda-animations\/cinema-cine-villers-de-fevrier-elio\/\" target=\"_blank\" rel=\"noreferrer noopener\">animatiefilm Elio<\/a><\/strong> wordt vertoond in Villers-Saint-Paul. Elio, een 11-jarige jongen, <strong>dromer en ruimtevaartliefhebber<\/strong>worstelen om te vinden <strong>zijn plaats op aarde<\/strong>. Maar zijn leven werd op zijn kop gezet toen hij <strong>op mysterieuze wijze geteleporteerd<\/strong> in de Communiverse: een intergalactische organisatie die (even vreemde als fascinerende) vertegenwoordigers van verre sterrenstelsels samenbrengt.<\/p>\n<\/div>\n\n\n\n<div class=\"is-layout-flow wp-block-column\">\n<figure class=\"wp-block-image size-full\"><img decoding=\"async\" loading=\"lazy\" width=\"194\" height=\"259\" data-src=\"https:\/\/www.creilsudoise-tourisme.fr\/wp-content\/uploads\/2026\/02\/elio.jpg\" alt=\"\" class=\"wp-image-67460\" data-srcset=\"https:\/\/www.creilsudoise-tourisme.fr\/wp-content\/uploads\/2026\/02\/elio.jpg 194w, https:\/\/www.creilsudoise-tourisme.fr\/wp-content\/uploads\/2026\/02\/elio-9x12.jpg 9w\" sizes=\"(max-width: 194px) 100vw, 194px\" \/><\/figure>\n<\/div>\n<\/div>\n\n\n\n<h4>Bioscoop in Creil<\/h4>\n\n\n\n<p>De <strong><a href=\"https:\/\/www.creil.fr\/la-maison-la-ville\" target=\"_blank\" rel=\"noreferrer noopener\">Stadhuis van Creil<\/a><\/strong> biedt u een <strong><a href=\"https:\/\/www.creilsudoise-tourisme.fr\/nl\/agenda-animations\/cinema-seance-decouverte-en-famille\/\" target=\"_blank\" rel=\"noreferrer noopener\">vertoning mysteriefilm<\/a><\/strong> <strong>gratis,<\/strong> de inhoud<br>van de film zal worden ontdekt op <strong>tijd van de sessie<\/strong> ! De film is geschikt voor een familiepubliek.<\/p>\n\n\n\n<h4>Bioscoop in Nogent-sur-Oise<\/h4>\n\n\n\n<p>Neem de hele familie mee <strong>(her)ontdekken <a href=\"https:\/\/www.creilsudoise-tourisme.fr\/nl\/agenda-animations\/cinema-mon-petit-cine\/\" target=\"_blank\" rel=\"noreferrer noopener\">een animatiefilm<\/a><\/strong> gratis aangeboden aan <a href=\"https:\/\/mediatheque.nogentsuroise.fr\/\" target=\"_blank\" rel=\"noreferrer noopener\">Nogent-sur-Oise mediatheek<\/a> !<\/p>\n\n\n\n<h4>Bioscoop in Montataire<\/h4>\n\n\n\n<p>De <a href=\"https:\/\/lesbibliothequesdemontataire.c3rb.org\/\" target=\"_blank\" rel=\"noreferrer noopener\"><strong>Bibliotheek Elsa Triolet, Montataire<\/strong><\/a> biedt u <strong><a href=\"https:\/\/mairie-montataire.fr\/agenda\/culture\/vacances-en-bibliotheque\/\" target=\"_blank\" rel=\"noreferrer noopener\">cin\u00e9-mioche\" screenings<\/a><\/strong> !<\/p>\n\n\n\n<h2>Sport<\/h2>\n\n\n\n<h3>Synthetisch veld<\/h3>\n\n\n\n<p> Het synthetische veld Armand Bellard in Montataire <strong><a href=\"https:\/\/mairie-montataire.fr\/agenda\/information\/acces-au-terrain-synthetique-armand-bellard-pour-les-vacances\/\" target=\"_blank\" rel=\"noreferrer noopener\">opent zijn deuren voor jou<\/a><\/strong> voor de feestdagen. A <strong>sportpresentator<\/strong> zal aanwezig zijn en <strong>apparatuur<\/strong> wordt aan jou uitgeleend.<\/p>\n\n\n\n<p><\/p>\n\n\n\n<h3>Kennismaking met kajakken<\/h3>\n\n\n\n<p>De&nbsp;<a href=\"https:\/\/mairie-montataire.fr\/annuaires\/associations\/sport\/canoe-kayak-club-du-therain-ckct\/\">Kano-Kajak Club Th\u00e9rain<\/a>&nbsp;biedt u een <strong><a href=\"https:\/\/mairie-montataire.fr\/agenda\/vie-associative\/initiation-au-kayak\/\" target=\"_blank\" rel=\"noreferrer noopener\">Kennismaking met kajakken onder begeleiding<\/a><\/strong> aan de&nbsp;<a href=\"https:\/\/mairie-montataire.fr\/s-epanouir\/sports-loisirs\/piscine-intercommunale\/\">intercommunaal zwembad<\/a>&nbsp;in Montataire. Met behulp van spelletjes en tochten op het water worden jullie echte kajakkers!<\/p>\n\n\n\n<h3>Eerste duik<\/h3>\n\n\n\n<p>De&nbsp;<a href=\"https:\/\/mairie-montataire.fr\/annuaires\/associations\/sport\/palanquee-club-intercommunal-de-montataire-pcim\/\">Palanqu\u00e9e Club Intercommunale de Montataire<\/a>&nbsp;biedt u <strong><a href=\"https:\/\/mairie-montataire.fr\/agenda\/vie-associative\/baptemes-de-plongee\/\" target=\"_blank\" rel=\"noreferrer noopener\">eerste duiken<\/a><\/strong> aan de&nbsp;<a href=\"https:\/\/mairie-montataire.fr\/s-epanouir\/sports-loisirs\/piscine-intercommunale\/\">intercommunaal zwembad<\/a>&nbsp;van Montataire.<\/p>\n\n\n\n<p><\/p>\n\n\n\n<h2>Andere binnenactiviteiten<\/h2>\n\n\n\n<p>Afspraak in Nogent-sur-Oise voor een <strong><a href=\"https:\/\/www.facebook.com\/Aievents.org\/?locale=fr_FR\" target=\"_blank\" rel=\"noreferrer noopener\">bedrijventerrein <\/a><\/strong>voor kinderen van 3 tot 12 jaar! Op het programma: opblaasbare spellen, XXL glijbanen, fun runs, een treintje, een ijsbaan en zelfs een ontspanningsruimte voor ouders!<\/p>\n\n\n\n<p><\/p>\n\n\n\n<p>Voor <strong>nog meer activiteiten<\/strong> (Path\u00e9 bioscoop, RoyalKids, Bowling, Musea...). <a href=\"https:\/\/www.creilsudoise-tourisme.fr\/nl\/in-de-familie\/gezinsactiviteiten\/\">klik hier <\/a>!<\/p>\n\n\n\n<hr class=\"wp-block-separator has-alpha-channel-opacity\"\/>\n\n\n\n<div class=\"is-content-justification-center is-layout-flex wp-container-16 wp-block-buttons\">\n<div class=\"wp-block-button\"><a class=\"wp-block-button__link wp-element-button\" href=\"https:\/\/www.creilsudoise-tourisme.fr\/nl\/agenda\/\" target=\"_blank\" rel=\"noreferrer noopener\">het hele dagboek<\/a><\/div>\n<\/div>","protected":false},"excerpt":{"rendered":"<p>Wat kun je doen tijdens de schoolvakantie van 14 februari tot 2 maart? Deze pagina staat vol met idee\u00ebn voor activiteiten voor je kinderen of kleinkinderen! Carnaval De stad Saint-Maximin organiseert een \"familiecarnaval in de jungle\", dus kom verkleed: je wordt geschminkt en door de straten geparadeerd. [...]<\/p>","protected":false},"author":10,"featured_media":67457,"comment_status":"closed","ping_status":"closed","sticky":false,"template":"","format":"standard","meta":{"_relevanssi_hide_post":"","_relevanssi_hide_content":"","_relevanssi_pin_for_all":"","_relevanssi_pin_keywords":"","_relevanssi_unpin_keywords":"","_relevanssi_related_keywords":"","_relevanssi_related_include_ids":"","_relevanssi_related_exclude_ids":"","_relevanssi_related_no_append":"","_relevanssi_related_not_related":"","_relevanssi_related_posts":"41684,38928,37060,38711,271,52387","_relevanssi_noindex_reason":""},"categories":[5],"tags":[],"yoast_head":"<!-- This site is optimized with the Yoast SEO plugin v20.2.1 - https:\/\/yoast.com\/wordpress\/plugins\/seo\/ -->\n<title>Programme des vacances d&#039;hiver 2026<\/title>\n<meta name=\"description\" content=\"D\u00e9couvrez les sorties \u00e0 faire en famille ou entre amis \u00e0 Creil Sud Oise, pr\u00e8s de Chantilly et Senlis, lors des vacances d&#039;hiver !\" \/>\n<meta name=\"robots\" content=\"index, follow, max-snippet:-1, max-image-preview:large, max-video-preview:-1\" \/>\n<link rel=\"canonical\" href=\"https:\/\/www.creilsudoise-tourisme.fr\/nl\/2026\/02\/04\/wintervakantie-2026\/\" \/>\n<meta property=\"og:locale\" content=\"nl_NL\" \/>\n<meta property=\"og:type\" content=\"article\" \/>\n<meta property=\"og:title\" content=\"Programme des vacances d&#039;hiver 2026\" \/>\n<meta property=\"og:description\" content=\"D\u00e9couvrez les sorties \u00e0 faire en famille ou entre amis \u00e0 Creil Sud Oise, pr\u00e8s de Chantilly et Senlis, lors des vacances d&#039;hiver !\" \/>\n<meta property=\"og:url\" content=\"https:\/\/www.creilsudoise-tourisme.fr\/nl\/2026\/02\/04\/wintervakantie-2026\/\" \/>\n<meta property=\"og:site_name\" content=\"Office de Tourisme Creil Sud Oise\" \/>\n<meta property=\"article:publisher\" content=\"https:\/\/www.facebook.com\/creilsudoisetourisme\/\" \/>\n<meta property=\"article:published_time\" content=\"2026-02-04T11:00:35+00:00\" \/>\n<meta property=\"article:modified_time\" content=\"2026-02-25T15:17:59+00:00\" \/>\n<meta property=\"og:image\" content=\"https:\/\/www.creilsudoise-tourisme.fr\/wp-content\/uploads\/2026\/02\/Clouterie-rivierre-creil_\u00a9-Arnaud-Beauvois-Oise-Tourisme.jpg\" \/>\n\t<meta property=\"og:image:width\" content=\"1920\" \/>\n\t<meta property=\"og:image:height\" content=\"1078\" \/>\n\t<meta property=\"og:image:type\" content=\"image\/jpeg\" \/>\n<meta name=\"author\" content=\"emilie\" \/>\n<meta name=\"twitter:card\" content=\"summary_large_image\" \/>\n<meta name=\"twitter:creator\" content=\"@CreilSudOiseOT\" \/>\n<meta name=\"twitter:site\" content=\"@CreilSudOiseOT\" \/>\n<meta name=\"twitter:label1\" content=\"Geschreven door\" \/>\n\t<meta name=\"twitter:data1\" content=\"emilie\" \/>\n\t<meta name=\"twitter:label2\" content=\"Geschatte leestijd\" \/>\n\t<meta name=\"twitter:data2\" content=\"6 minuten\" \/>\n<script type=\"application\/ld+json\" class=\"yoast-schema-graph\">{\"@context\":\"https:\/\/schema.org\",\"@graph\":[{\"@type\":\"Article\",\"@id\":\"https:\/\/www.creilsudoise-tourisme.fr\/2026\/02\/04\/vacances-hiver-2026\/#article\",\"isPartOf\":{\"@id\":\"https:\/\/www.creilsudoise-tourisme.fr\/2026\/02\/04\/vacances-hiver-2026\/\"},\"author\":{\"name\":\"emilie\",\"@id\":\"https:\/\/www.creilsudoise-tourisme.fr\/#\/schema\/person\/81a1ab3a236faa5508e8f47600a85072\"},\"headline\":\"Id\u00e9es d&rsquo;activit\u00e9s pour les vacances d&rsquo;hiver !\",\"datePublished\":\"2026-02-04T11:00:35+00:00\",\"dateModified\":\"2026-02-25T15:17:59+00:00\",\"mainEntityOfPage\":{\"@id\":\"https:\/\/www.creilsudoise-tourisme.fr\/2026\/02\/04\/vacances-hiver-2026\/\"},\"wordCount\":1202,\"publisher\":{\"@id\":\"https:\/\/www.creilsudoise-tourisme.fr\/#organization\"},\"articleSection\":[\"Actus\"],\"inLanguage\":\"nl\"},{\"@type\":\"WebPage\",\"@id\":\"https:\/\/www.creilsudoise-tourisme.fr\/2026\/02\/04\/vacances-hiver-2026\/\",\"url\":\"https:\/\/www.creilsudoise-tourisme.fr\/2026\/02\/04\/vacances-hiver-2026\/\",\"name\":\"Programme des vacances d'hiver 2026\",\"isPartOf\":{\"@id\":\"https:\/\/www.creilsudoise-tourisme.fr\/#website\"},\"datePublished\":\"2026-02-04T11:00:35+00:00\",\"dateModified\":\"2026-02-25T15:17:59+00:00\",\"description\":\"D\u00e9couvrez les sorties \u00e0 faire en famille ou entre amis \u00e0 Creil Sud Oise, pr\u00e8s de Chantilly et Senlis, lors des vacances d'hiver !\",\"breadcrumb\":{\"@id\":\"https:\/\/www.creilsudoise-tourisme.fr\/2026\/02\/04\/vacances-hiver-2026\/#breadcrumb\"},\"inLanguage\":\"nl\",\"potentialAction\":[{\"@type\":\"ReadAction\",\"target\":[\"https:\/\/www.creilsudoise-tourisme.fr\/2026\/02\/04\/vacances-hiver-2026\/\"]}]},{\"@type\":\"BreadcrumbList\",\"@id\":\"https:\/\/www.creilsudoise-tourisme.fr\/2026\/02\/04\/vacances-hiver-2026\/#breadcrumb\",\"itemListElement\":[{\"@type\":\"ListItem\",\"position\":1,\"name\":\"Accueil\",\"item\":\"https:\/\/www.creilsudoise-tourisme.fr\/\"},{\"@type\":\"ListItem\",\"position\":2,\"name\":\"Id\u00e9es d&rsquo;activit\u00e9s pour les vacances d&rsquo;hiver !\"}]},{\"@type\":\"WebSite\",\"@id\":\"https:\/\/www.creilsudoise-tourisme.fr\/#website\",\"url\":\"https:\/\/www.creilsudoise-tourisme.fr\/\",\"name\":\"Office de Tourisme Creil Sud Oise\",\"description\":\"Creil Sud Oise Tourisme, un territoire \u00e0 explorer !\",\"publisher\":{\"@id\":\"https:\/\/www.creilsudoise-tourisme.fr\/#organization\"},\"potentialAction\":[{\"@type\":\"SearchAction\",\"target\":{\"@type\":\"EntryPoint\",\"urlTemplate\":\"https:\/\/www.creilsudoise-tourisme.fr\/?s={search_term_string}\"},\"query-input\":\"required name=search_term_string\"}],\"inLanguage\":\"nl\"},{\"@type\":\"Organization\",\"@id\":\"https:\/\/www.creilsudoise-tourisme.fr\/#organization\",\"name\":\"Creil Sud Oise Tourisme\",\"url\":\"https:\/\/www.creilsudoise-tourisme.fr\/\",\"logo\":{\"@type\":\"ImageObject\",\"inLanguage\":\"nl\",\"@id\":\"https:\/\/www.creilsudoise-tourisme.fr\/#\/schema\/logo\/image\/\",\"url\":\"https:\/\/www.creilsudoise-tourisme.fr\/wp-content\/uploads\/2021\/05\/logo-svg.png\",\"contentUrl\":\"https:\/\/www.creilsudoise-tourisme.fr\/wp-content\/uploads\/2021\/05\/logo-svg.png\",\"width\":182,\"height\":71,\"caption\":\"Creil Sud Oise Tourisme\"},\"image\":{\"@id\":\"https:\/\/www.creilsudoise-tourisme.fr\/#\/schema\/logo\/image\/\"},\"sameAs\":[\"https:\/\/www.facebook.com\/creilsudoisetourisme\/\",\"https:\/\/twitter.com\/CreilSudOiseOT\",\"https:\/\/www.instagram.com\/creilsudoisetourisme\/\",\"https:\/\/www.youtube.com\/channel\/UC8L_QD2wwyADW14zt9fY8kw\"]},{\"@type\":\"Person\",\"@id\":\"https:\/\/www.creilsudoise-tourisme.fr\/#\/schema\/person\/81a1ab3a236faa5508e8f47600a85072\",\"name\":\"emilie\",\"image\":{\"@type\":\"ImageObject\",\"inLanguage\":\"nl\",\"@id\":\"https:\/\/www.creilsudoise-tourisme.fr\/#\/schema\/person\/image\/\",\"url\":\"https:\/\/secure.gravatar.com\/avatar\/63ed1ecafae1b27e36a71e8626bc354f?s=96&d=mm&r=g\",\"contentUrl\":\"https:\/\/secure.gravatar.com\/avatar\/63ed1ecafae1b27e36a71e8626bc354f?s=96&d=mm&r=g\",\"caption\":\"emilie\"},\"url\":\"https:\/\/www.creilsudoise-tourisme.fr\/nl\/auteur\/emilie\/\"}]}<\/script>\n<!-- \/ Yoast SEO plugin. -->","yoast_head_json":{"title":"Programme des vacances d'hiver 2026","description":"D\u00e9couvrez les sorties \u00e0 faire en famille ou entre amis \u00e0 Creil Sud Oise, pr\u00e8s de Chantilly et Senlis, lors des vacances d'hiver !","robots":{"index":"index","follow":"follow","max-snippet":"max-snippet:-1","max-image-preview":"max-image-preview:large","max-video-preview":"max-video-preview:-1"},"canonical":"https:\/\/www.creilsudoise-tourisme.fr\/nl\/2026\/02\/04\/wintervakantie-2026\/","og_locale":"nl_NL","og_type":"article","og_title":"Programme des vacances d'hiver 2026","og_description":"D\u00e9couvrez les sorties \u00e0 faire en famille ou entre amis \u00e0 Creil Sud Oise, pr\u00e8s de Chantilly et Senlis, lors des vacances d'hiver !","og_url":"https:\/\/www.creilsudoise-tourisme.fr\/nl\/2026\/02\/04\/wintervakantie-2026\/","og_site_name":"Office de Tourisme Creil Sud Oise","article_publisher":"https:\/\/www.facebook.com\/creilsudoisetourisme\/","article_published_time":"2026-02-04T11:00:35+00:00","article_modified_time":"2026-02-25T15:17:59+00:00","og_image":[{"width":1920,"height":1078,"url":"https:\/\/www.creilsudoise-tourisme.fr\/wp-content\/uploads\/2026\/02\/Clouterie-rivierre-creil_\u00a9-Arnaud-Beauvois-Oise-Tourisme.jpg","type":"image\/jpeg"}],"author":"emilie","twitter_card":"summary_large_image","twitter_creator":"@CreilSudOiseOT","twitter_site":"@CreilSudOiseOT","twitter_misc":{"Geschreven door":"emilie","Geschatte leestijd":"6 minuten"},"schema":{"@context":"https:\/\/schema.org","@graph":[{"@type":"Article","@id":"https:\/\/www.creilsudoise-tourisme.fr\/2026\/02\/04\/vacances-hiver-2026\/#article","isPartOf":{"@id":"https:\/\/www.creilsudoise-tourisme.fr\/2026\/02\/04\/vacances-hiver-2026\/"},"author":{"name":"emilie","@id":"https:\/\/www.creilsudoise-tourisme.fr\/#\/schema\/person\/81a1ab3a236faa5508e8f47600a85072"},"headline":"Id\u00e9es d&rsquo;activit\u00e9s pour les vacances d&rsquo;hiver !","datePublished":"2026-02-04T11:00:35+00:00","dateModified":"2026-02-25T15:17:59+00:00","mainEntityOfPage":{"@id":"https:\/\/www.creilsudoise-tourisme.fr\/2026\/02\/04\/vacances-hiver-2026\/"},"wordCount":1202,"publisher":{"@id":"https:\/\/www.creilsudoise-tourisme.fr\/#organization"},"articleSection":["Actus"],"inLanguage":"nl"},{"@type":"WebPage","@id":"https:\/\/www.creilsudoise-tourisme.fr\/2026\/02\/04\/vacances-hiver-2026\/","url":"https:\/\/www.creilsudoise-tourisme.fr\/2026\/02\/04\/vacances-hiver-2026\/","name":"Programme des vacances d'hiver 2026","isPartOf":{"@id":"https:\/\/www.creilsudoise-tourisme.fr\/#website"},"datePublished":"2026-02-04T11:00:35+00:00","dateModified":"2026-02-25T15:17:59+00:00","description":"D\u00e9couvrez les sorties \u00e0 faire en famille ou entre amis \u00e0 Creil Sud Oise, pr\u00e8s de Chantilly et Senlis, lors des vacances d'hiver !","breadcrumb":{"@id":"https:\/\/www.creilsudoise-tourisme.fr\/2026\/02\/04\/vacances-hiver-2026\/#breadcrumb"},"inLanguage":"nl","potentialAction":[{"@type":"ReadAction","target":["https:\/\/www.creilsudoise-tourisme.fr\/2026\/02\/04\/vacances-hiver-2026\/"]}]},{"@type":"BreadcrumbList","@id":"https:\/\/www.creilsudoise-tourisme.fr\/2026\/02\/04\/vacances-hiver-2026\/#breadcrumb","itemListElement":[{"@type":"ListItem","position":1,"name":"Accueil","item":"https:\/\/www.creilsudoise-tourisme.fr\/"},{"@type":"ListItem","position":2,"name":"Id\u00e9es d&rsquo;activit\u00e9s pour les vacances d&rsquo;hiver !"}]},{"@type":"WebSite","@id":"https:\/\/www.creilsudoise-tourisme.fr\/#website","url":"https:\/\/www.creilsudoise-tourisme.fr\/","name":"Office de Tourisme Creil Sud Oise","description":"Creil Sud Oise Tourisme, un territoire \u00e0 explorer !","publisher":{"@id":"https:\/\/www.creilsudoise-tourisme.fr\/#organization"},"potentialAction":[{"@type":"SearchAction","target":{"@type":"EntryPoint","urlTemplate":"https:\/\/www.creilsudoise-tourisme.fr\/?s={search_term_string}"},"query-input":"required name=search_term_string"}],"inLanguage":"nl"},{"@type":"Organization","@id":"https:\/\/www.creilsudoise-tourisme.fr\/#organization","name":"Creil Sud Oise Tourisme","url":"https:\/\/www.creilsudoise-tourisme.fr\/","logo":{"@type":"ImageObject","inLanguage":"nl","@id":"https:\/\/www.creilsudoise-tourisme.fr\/#\/schema\/logo\/image\/","url":"https:\/\/www.creilsudoise-tourisme.fr\/wp-content\/uploads\/2021\/05\/logo-svg.png","contentUrl":"https:\/\/www.creilsudoise-tourisme.fr\/wp-content\/uploads\/2021\/05\/logo-svg.png","width":182,"height":71,"caption":"Creil Sud Oise Tourisme"},"image":{"@id":"https:\/\/www.creilsudoise-tourisme.fr\/#\/schema\/logo\/image\/"},"sameAs":["https:\/\/www.facebook.com\/creilsudoisetourisme\/","https:\/\/twitter.com\/CreilSudOiseOT","https:\/\/www.instagram.com\/creilsudoisetourisme\/","https:\/\/www.youtube.com\/channel\/UC8L_QD2wwyADW14zt9fY8kw"]},{"@type":"Person","@id":"https:\/\/www.creilsudoise-tourisme.fr\/#\/schema\/person\/81a1ab3a236faa5508e8f47600a85072","name":"emilie","image":{"@type":"ImageObject","inLanguage":"nl","@id":"https:\/\/www.creilsudoise-tourisme.fr\/#\/schema\/person\/image\/","url":"https:\/\/secure.gravatar.com\/avatar\/63ed1ecafae1b27e36a71e8626bc354f?s=96&d=mm&r=g","contentUrl":"https:\/\/secure.gravatar.com\/avatar\/63ed1ecafae1b27e36a71e8626bc354f?s=96&d=mm&r=g","caption":"emilie"},"url":"https:\/\/www.creilsudoise-tourisme.fr\/nl\/auteur\/emilie\/"}]}},"_links":{"self":[{"href":"https:\/\/www.creilsudoise-tourisme.fr\/nl\/wp-json\/wp\/v2\/posts\/67433"}],"collection":[{"href":"https:\/\/www.creilsudoise-tourisme.fr\/nl\/wp-json\/wp\/v2\/posts"}],"about":[{"href":"https:\/\/www.creilsudoise-tourisme.fr\/nl\/wp-json\/wp\/v2\/types\/post"}],"author":[{"embeddable":true,"href":"https:\/\/www.creilsudoise-tourisme.fr\/nl\/wp-json\/wp\/v2\/users\/10"}],"replies":[{"embeddable":true,"href":"https:\/\/www.creilsudoise-tourisme.fr\/nl\/wp-json\/wp\/v2\/comments?post=67433"}],"version-history":[{"count":30,"href":"https:\/\/www.creilsudoise-tourisme.fr\/nl\/wp-json\/wp\/v2\/posts\/67433\/revisions"}],"predecessor-version":[{"id":67997,"href":"https:\/\/www.creilsudoise-tourisme.fr\/nl\/wp-json\/wp\/v2\/posts\/67433\/revisions\/67997"}],"wp:featuredmedia":[{"embeddable":true,"href":"https:\/\/www.creilsudoise-tourisme.fr\/nl\/wp-json\/wp\/v2\/media\/67457"}],"wp:attachment":[{"href":"https:\/\/www.creilsudoise-tourisme.fr\/nl\/wp-json\/wp\/v2\/media?parent=67433"}],"wp:term":[{"taxonomy":"category","embeddable":true,"href":"https:\/\/www.creilsudoise-tourisme.fr\/nl\/wp-json\/wp\/v2\/categories?post=67433"},{"taxonomy":"post_tag","embeddable":true,"href":"https:\/\/www.creilsudoise-tourisme.fr\/nl\/wp-json\/wp\/v2\/tags?post=67433"}],"curies":[{"name":"wp","href":"https:\/\/api.w.org\/{rel}","templated":true}]}}