{"id":66474,"date":"2025-11-25T15:51:11","date_gmt":"2025-11-25T14:51:11","guid":{"rendered":"https:\/\/www.creilsudoise-tourisme.fr\/?p=66474"},"modified":"2026-01-12T17:37:14","modified_gmt":"2026-01-12T16:37:14","slug":"feerie-noel","status":"publish","type":"post","link":"https:\/\/www.creilsudoise-tourisme.fr\/nl\/2025\/11\/25\/feerie-noel\/","title":{"rendered":"Dompel jezelf onder in de magie van Kerstmis!"},"content":{"rendered":"<p class=\"is-style-excerpt\">December is hier! Laat je meeslepen door <strong>Kerstbetovering<\/strong> met een <strong>gratis, feestelijk programma <\/strong>in Creil Sud Oise! Sommige activiteiten zijn betalend, deze zijn gemarkeerd met een sterretje.<\/p>\n\n\n\n<h2><strong>Kerstmarkten<\/strong><\/h2>\n\n\n\n<p>Creil, Nogent-sur-Oise, Saint-Leu d'Esserent... het seizoen van <a href=\"https:\/\/www.creilsudoise-tourisme.fr\/nl\/2024\/11\/15\/marches-noel\/\" target=\"_blank\" rel=\"noreferrer noopener\"><strong>Kerstmarkten<\/strong><\/a> is terug! De kans om je <strong>geschenken<\/strong> Kerstmis, om een <strong>foto met de kerstman<\/strong> of drink een heerlijke <strong>warme chocolademelk<\/strong> ! Zorg ervoor dat je er geen minuut van mist, want de meeste markten vinden maar \u00e9\u00e9n weekend plaats!<\/p>\n\n\n\n<h2>Wandelingen verhalen vertellen<\/h2>\n\n\n\n<p>Volg in <strong>familie <\/strong>a<strong><a href=\"https:\/\/www.creilsudoise-tourisme.fr\/nl\/agenda-animations\/festivites-de-noel-balades-contees\/\" target=\"_blank\" rel=\"noreferrer noopener\"> een verhalenwandeling in de magische sfeer van Kerstmis<\/a><\/strong> *! Je wordt verwelkomd door een verhalenverteller die <strong>zal je begeleiden<\/strong> door de verschillende locaties, mengen <strong>korte verhalen <\/strong>naar het universum<strong> uniek<\/strong> van de <strong>carri\u00e8re <\/strong>van de <strong><a href=\"https:\/\/www.creilsudoise-tourisme.fr\/nl\/jexplore\/must-haves\/maison-de-la-pierre\/\" target=\"_blank\" rel=\"noreferrer noopener\">Stone House<\/a><\/strong>.<\/p>\n\n\n\n<h2>Toont <\/h2>\n\n\n\n<h3>Laser- en droneshow<\/h3>\n\n\n\n<p>Over het thema<strong> Kerstmis in de<\/strong> <strong>1960s<\/strong>een <a href=\"https:\/\/www.creilsudoise-tourisme.fr\/nl\/agenda-animations\/spectacle-show-laser-et-drones-dans-labbatiale\/\" target=\"_blank\" rel=\"noreferrer noopener\"><strong>een voorstelling die lasers en drones combineert<\/strong><\/a> in een adembenemende lichtshow in het<a href=\"https:\/\/www.creilsudoise-tourisme.fr\/nl\/jexplore\/videos\/abdij-sint-nicolaas-2\/\">Abdijkerk van Saint-Leu d'Esserent<\/a> !<\/p>\n\n\n\n<h3>Goochelshow<\/h3>\n\n\n\n<p>De <strong><a href=\"https:\/\/www.villers-saint-paul.fr\/\" target=\"_blank\" rel=\"noreferrer noopener\">Stad Villers-Saint-Paul <\/a><\/strong>biedt u een<strong><a href=\"https:\/\/www.creilsudoise-tourisme.fr\/nl\/agenda-animations\/spectacle-la-fete-foraine-magique\/\" target=\"_blank\" rel=\"noreferrer noopener\"> entertainment voor het hele gezin<\/a><\/strong>* mengen <strong>magie<\/strong>, <strong>humor<\/strong> en <strong>po\u00ebzie<\/strong>.<\/p>\n\n\n\n<h3>Herfst verhalen<\/h3>\n\n\n\n<p><strong>Ga op avontuur<\/strong> met een<strong><a href=\"https:\/\/www.creilsudoise-tourisme.fr\/nl\/agenda-animations\/festival-contes-dautomne-la-sauvage\/\" target=\"_blank\" rel=\"noreferrer noopener\"> verhaal lezen<\/a><\/strong> Een 13-jarig meisje brengt vreugde, brutaliteit en kleur in het ziekenhuis waar haar oma en een hele bende gekken wonen. Vanaf 10 jaar, reserveren verplicht.<\/p>\n\n\n\n<h2>Concerten<\/h2>\n\n\n\n<h3>Concert door AMEM-studenten<\/h3>\n\n\n\n<p>De Association Municipale d'Enseignement et d'Education Musicale (<strong><a href=\"https:\/\/www.a-m-e-m.fr\/\" target=\"_blank\" rel=\"noreferrer noopener\">AMEM<\/a><\/strong>) biedt u de <strong><a href=\"https:\/\/www.creilsudoise-tourisme.fr\/nl\/agenda-animations\/concert-de-noel-concert-des-eleves-de-lamem\/\" target=\"_blank\" rel=\"noreferrer noopener\">studentenconcert<\/a><\/strong>nu de feestdagen naderen. <em>Net als in de films!<\/em><\/p>\n\n\n\n<h3>Liefdadigheidsconcert<\/h3>\n\n\n\n<p><strong>40 jaar Grange \u00e0 Musique<\/strong>is ook <strong>40 jaar<\/strong> <strong><a href=\"https:\/\/www.creilsudoise-tourisme.fr\/nl\/agenda-animations\/concert-caritarif-les-rockeurs-ont-du-coeur\/\" target=\"_blank\" rel=\"noreferrer noopener\">Rockers met hart<\/a>*,<\/strong> l'<strong>liefdadigheidsevenement<\/strong> Aan het einde van het jaar hoef je alleen maar een nieuw stuk speelgoed ter waarde van minstens \u20ac10 mee te nemen naar de Secours Populaire Fran\u00e7ais Green Santa. En wat is een betere manier om <strong>vieren in stijl<\/strong> dan de veteranen van de Franse ska punk uit te nodigen <strong>Los Tres Puntos<\/strong> die ook vieren <strong>hun 30-jarige carri\u00e8re<\/strong> ! Kom langs in je mooiste kersttrui (of lelijkste als je durft!)<\/p>\n\n\n\n<h2>Andere activiteiten<\/h2>\n\n\n\n<h3>Kerstmis op de boerderij<\/h3>\n\n\n\n<p>Kom samen bij de <strong><a href=\"https:\/\/www.nogentsuroise.fr\/a-tout-age\/enfance-et-education\/ferme-pedagogique\" target=\"_blank\" rel=\"noreferrer noopener\">Nogent-sur-Oise educatieve boerderij<\/a> <\/strong>voor <strong>diverse activiteiten<\/strong> inclusief een miniatuurtrein, ponyritjes en een bezoek van de <strong>Kerstman<\/strong> met een selfiemachine, mascotte, traditionele houten spelletjes, draaiorgel, sneeuwbaltentoonstelling, snoepkraam en warme dranken, <strong>en vele andere verrassingen <\/strong>!<\/p>\n\n\n\n<h3>Ritten<\/h3>\n\n\n\n<p>Van 19 tot 26 december biedt de stad Creil <strong><a href=\"https:\/\/www.creilsudoise-tourisme.fr\/nl\/agenda-animations\/noel-a-creil-les-maneges\/\" target=\"_blank\" rel=\"noreferrer noopener\">gratis ritten<\/a><\/strong> voor kinderen in het hele stadscentrum!<\/p>\n\n\n\n<hr class=\"wp-block-separator has-alpha-channel-opacity\"\/>\n\n\n\n<p>Het hele team van het Office du Tourisme wenst u prettige feestdagen!<\/p>\n\n\n\n<div class=\"is-content-justification-center is-layout-flex wp-container-1 wp-block-buttons\">\n<div class=\"wp-block-button\"><a class=\"wp-block-button__link wp-element-button\" href=\"https:\/\/www.creilsudoise-tourisme.fr\/nl\/agenda\/\" target=\"_blank\" rel=\"noreferrer noopener\">het hele dagboek<\/a><\/div>\n<\/div>","protected":false},"excerpt":{"rendered":"<p>December staat voor de deur! Laat je meeslepen door de feestelijke sfeer van Kerstmis met een feestelijk en gratis programma in Creil Sud Oise! Sommige activiteiten zijn betalend, deze zijn gemarkeerd met een sterretje. Kerstmarkten Creil, Nogent-sur-Oise, Saint-Leu d'Esserent... het kerstmarktseizoen is terug! Het is de perfecte gelegenheid om je cadeautjes [...]<\/p>","protected":false},"author":10,"featured_media":66518,"comment_status":"closed","ping_status":"closed","sticky":false,"template":"","format":"standard","meta":{"_relevanssi_hide_post":"","_relevanssi_hide_content":"","_relevanssi_pin_for_all":"","_relevanssi_pin_keywords":"","_relevanssi_unpin_keywords":"","_relevanssi_related_keywords":"","_relevanssi_related_include_ids":"","_relevanssi_related_exclude_ids":"","_relevanssi_related_no_append":"","_relevanssi_related_not_related":"","_relevanssi_related_posts":"40285,56025,63226,52387,40900,41679","_relevanssi_noindex_reason":""},"categories":[5],"tags":[],"yoast_head":"<!-- This site is optimized with the Yoast SEO plugin v20.2.1 - https:\/\/yoast.com\/wordpress\/plugins\/seo\/ -->\n<title>Savourez la magie des f\u00eates de No\u00ebl<\/title>\n<meta name=\"description\" content=\"D\u00e9couvrez les sorties \u00e0 faire en famille ou entre amis \u00e0 Creil Sud Oise, pr\u00e8s de Chantilly et Senlis, lors des vacances de No\u00ebl.\" \/>\n<meta name=\"robots\" content=\"index, follow, max-snippet:-1, max-image-preview:large, max-video-preview:-1\" \/>\n<link rel=\"canonical\" href=\"https:\/\/www.creilsudoise-tourisme.fr\/nl\/2025\/11\/25\/feerie-noel\/\" \/>\n<meta property=\"og:locale\" content=\"nl_NL\" \/>\n<meta property=\"og:type\" content=\"article\" \/>\n<meta property=\"og:title\" content=\"Savourez la magie des f\u00eates de No\u00ebl\" \/>\n<meta property=\"og:description\" content=\"D\u00e9couvrez les sorties \u00e0 faire en famille ou entre amis \u00e0 Creil Sud Oise, pr\u00e8s de Chantilly et Senlis, lors des vacances de No\u00ebl.\" \/>\n<meta property=\"og:url\" content=\"https:\/\/www.creilsudoise-tourisme.fr\/nl\/2025\/11\/25\/feerie-noel\/\" \/>\n<meta property=\"og:site_name\" content=\"Office de Tourisme Creil Sud Oise\" \/>\n<meta property=\"article:publisher\" content=\"https:\/\/www.facebook.com\/creilsudoisetourisme\/\" \/>\n<meta property=\"article:published_time\" content=\"2025-11-25T14:51:11+00:00\" \/>\n<meta property=\"article:modified_time\" content=\"2026-01-12T16:37:14+00:00\" \/>\n<meta property=\"og:image\" content=\"https:\/\/www.creilsudoise-tourisme.fr\/wp-content\/uploads\/2025\/11\/xshdxsqxd.jpg\" \/>\n\t<meta property=\"og:image:width\" content=\"1920\" \/>\n\t<meta property=\"og:image:height\" content=\"1280\" \/>\n\t<meta property=\"og:image:type\" content=\"image\/jpeg\" \/>\n<meta name=\"author\" content=\"emilie\" \/>\n<meta name=\"twitter:card\" content=\"summary_large_image\" \/>\n<meta name=\"twitter:creator\" content=\"@CreilSudOiseOT\" \/>\n<meta name=\"twitter:site\" content=\"@CreilSudOiseOT\" \/>\n<meta name=\"twitter:label1\" content=\"Geschreven door\" \/>\n\t<meta name=\"twitter:data1\" content=\"emilie\" \/>\n\t<meta name=\"twitter:label2\" content=\"Geschatte leestijd\" \/>\n\t<meta name=\"twitter:data2\" content=\"2 minuten\" \/>\n<script type=\"application\/ld+json\" class=\"yoast-schema-graph\">{\"@context\":\"https:\/\/schema.org\",\"@graph\":[{\"@type\":\"Article\",\"@id\":\"https:\/\/www.creilsudoise-tourisme.fr\/2025\/11\/25\/feerie-noel\/#article\",\"isPartOf\":{\"@id\":\"https:\/\/www.creilsudoise-tourisme.fr\/2025\/11\/25\/feerie-noel\/\"},\"author\":{\"name\":\"emilie\",\"@id\":\"https:\/\/www.creilsudoise-tourisme.fr\/#\/schema\/person\/81a1ab3a236faa5508e8f47600a85072\"},\"headline\":\"Plongez au c\u0153ur de la f\u00e9\u00e9rie de No\u00ebl !\",\"datePublished\":\"2025-11-25T14:51:11+00:00\",\"dateModified\":\"2026-01-12T16:37:14+00:00\",\"mainEntityOfPage\":{\"@id\":\"https:\/\/www.creilsudoise-tourisme.fr\/2025\/11\/25\/feerie-noel\/\"},\"wordCount\":503,\"publisher\":{\"@id\":\"https:\/\/www.creilsudoise-tourisme.fr\/#organization\"},\"articleSection\":[\"Actus\"],\"inLanguage\":\"nl\"},{\"@type\":\"WebPage\",\"@id\":\"https:\/\/www.creilsudoise-tourisme.fr\/2025\/11\/25\/feerie-noel\/\",\"url\":\"https:\/\/www.creilsudoise-tourisme.fr\/2025\/11\/25\/feerie-noel\/\",\"name\":\"Savourez la magie des f\u00eates de No\u00ebl\",\"isPartOf\":{\"@id\":\"https:\/\/www.creilsudoise-tourisme.fr\/#website\"},\"datePublished\":\"2025-11-25T14:51:11+00:00\",\"dateModified\":\"2026-01-12T16:37:14+00:00\",\"description\":\"D\u00e9couvrez les sorties \u00e0 faire en famille ou entre amis \u00e0 Creil Sud Oise, pr\u00e8s de Chantilly et Senlis, lors des vacances de No\u00ebl.\",\"breadcrumb\":{\"@id\":\"https:\/\/www.creilsudoise-tourisme.fr\/2025\/11\/25\/feerie-noel\/#breadcrumb\"},\"inLanguage\":\"nl\",\"potentialAction\":[{\"@type\":\"ReadAction\",\"target\":[\"https:\/\/www.creilsudoise-tourisme.fr\/2025\/11\/25\/feerie-noel\/\"]}]},{\"@type\":\"BreadcrumbList\",\"@id\":\"https:\/\/www.creilsudoise-tourisme.fr\/2025\/11\/25\/feerie-noel\/#breadcrumb\",\"itemListElement\":[{\"@type\":\"ListItem\",\"position\":1,\"name\":\"Accueil\",\"item\":\"https:\/\/www.creilsudoise-tourisme.fr\/\"},{\"@type\":\"ListItem\",\"position\":2,\"name\":\"Plongez au c\u0153ur de la f\u00e9\u00e9rie de No\u00ebl !\"}]},{\"@type\":\"WebSite\",\"@id\":\"https:\/\/www.creilsudoise-tourisme.fr\/#website\",\"url\":\"https:\/\/www.creilsudoise-tourisme.fr\/\",\"name\":\"Office de Tourisme Creil Sud Oise\",\"description\":\"Creil Sud Oise Tourisme, un territoire \u00e0 explorer !\",\"publisher\":{\"@id\":\"https:\/\/www.creilsudoise-tourisme.fr\/#organization\"},\"potentialAction\":[{\"@type\":\"SearchAction\",\"target\":{\"@type\":\"EntryPoint\",\"urlTemplate\":\"https:\/\/www.creilsudoise-tourisme.fr\/?s={search_term_string}\"},\"query-input\":\"required name=search_term_string\"}],\"inLanguage\":\"nl\"},{\"@type\":\"Organization\",\"@id\":\"https:\/\/www.creilsudoise-tourisme.fr\/#organization\",\"name\":\"Creil Sud Oise Tourisme\",\"url\":\"https:\/\/www.creilsudoise-tourisme.fr\/\",\"logo\":{\"@type\":\"ImageObject\",\"inLanguage\":\"nl\",\"@id\":\"https:\/\/www.creilsudoise-tourisme.fr\/#\/schema\/logo\/image\/\",\"url\":\"https:\/\/www.creilsudoise-tourisme.fr\/wp-content\/uploads\/2021\/05\/logo-svg.png\",\"contentUrl\":\"https:\/\/www.creilsudoise-tourisme.fr\/wp-content\/uploads\/2021\/05\/logo-svg.png\",\"width\":182,\"height\":71,\"caption\":\"Creil Sud Oise Tourisme\"},\"image\":{\"@id\":\"https:\/\/www.creilsudoise-tourisme.fr\/#\/schema\/logo\/image\/\"},\"sameAs\":[\"https:\/\/www.facebook.com\/creilsudoisetourisme\/\",\"https:\/\/twitter.com\/CreilSudOiseOT\",\"https:\/\/www.instagram.com\/creilsudoisetourisme\/\",\"https:\/\/www.youtube.com\/channel\/UC8L_QD2wwyADW14zt9fY8kw\"]},{\"@type\":\"Person\",\"@id\":\"https:\/\/www.creilsudoise-tourisme.fr\/#\/schema\/person\/81a1ab3a236faa5508e8f47600a85072\",\"name\":\"emilie\",\"image\":{\"@type\":\"ImageObject\",\"inLanguage\":\"nl\",\"@id\":\"https:\/\/www.creilsudoise-tourisme.fr\/#\/schema\/person\/image\/\",\"url\":\"https:\/\/secure.gravatar.com\/avatar\/63ed1ecafae1b27e36a71e8626bc354f?s=96&d=mm&r=g\",\"contentUrl\":\"https:\/\/secure.gravatar.com\/avatar\/63ed1ecafae1b27e36a71e8626bc354f?s=96&d=mm&r=g\",\"caption\":\"emilie\"},\"url\":\"https:\/\/www.creilsudoise-tourisme.fr\/nl\/auteur\/emilie\/\"}]}<\/script>\n<!-- \/ Yoast SEO plugin. -->","yoast_head_json":{"title":"Savourez la magie des f\u00eates de No\u00ebl","description":"D\u00e9couvrez les sorties \u00e0 faire en famille ou entre amis \u00e0 Creil Sud Oise, pr\u00e8s de Chantilly et Senlis, lors des vacances de No\u00ebl.","robots":{"index":"index","follow":"follow","max-snippet":"max-snippet:-1","max-image-preview":"max-image-preview:large","max-video-preview":"max-video-preview:-1"},"canonical":"https:\/\/www.creilsudoise-tourisme.fr\/nl\/2025\/11\/25\/feerie-noel\/","og_locale":"nl_NL","og_type":"article","og_title":"Savourez la magie des f\u00eates de No\u00ebl","og_description":"D\u00e9couvrez les sorties \u00e0 faire en famille ou entre amis \u00e0 Creil Sud Oise, pr\u00e8s de Chantilly et Senlis, lors des vacances de No\u00ebl.","og_url":"https:\/\/www.creilsudoise-tourisme.fr\/nl\/2025\/11\/25\/feerie-noel\/","og_site_name":"Office de Tourisme Creil Sud Oise","article_publisher":"https:\/\/www.facebook.com\/creilsudoisetourisme\/","article_published_time":"2025-11-25T14:51:11+00:00","article_modified_time":"2026-01-12T16:37:14+00:00","og_image":[{"width":1920,"height":1280,"url":"https:\/\/www.creilsudoise-tourisme.fr\/wp-content\/uploads\/2025\/11\/xshdxsqxd.jpg","type":"image\/jpeg"}],"author":"emilie","twitter_card":"summary_large_image","twitter_creator":"@CreilSudOiseOT","twitter_site":"@CreilSudOiseOT","twitter_misc":{"Geschreven door":"emilie","Geschatte leestijd":"2 minuten"},"schema":{"@context":"https:\/\/schema.org","@graph":[{"@type":"Article","@id":"https:\/\/www.creilsudoise-tourisme.fr\/2025\/11\/25\/feerie-noel\/#article","isPartOf":{"@id":"https:\/\/www.creilsudoise-tourisme.fr\/2025\/11\/25\/feerie-noel\/"},"author":{"name":"emilie","@id":"https:\/\/www.creilsudoise-tourisme.fr\/#\/schema\/person\/81a1ab3a236faa5508e8f47600a85072"},"headline":"Plongez au c\u0153ur de la f\u00e9\u00e9rie de No\u00ebl !","datePublished":"2025-11-25T14:51:11+00:00","dateModified":"2026-01-12T16:37:14+00:00","mainEntityOfPage":{"@id":"https:\/\/www.creilsudoise-tourisme.fr\/2025\/11\/25\/feerie-noel\/"},"wordCount":503,"publisher":{"@id":"https:\/\/www.creilsudoise-tourisme.fr\/#organization"},"articleSection":["Actus"],"inLanguage":"nl"},{"@type":"WebPage","@id":"https:\/\/www.creilsudoise-tourisme.fr\/2025\/11\/25\/feerie-noel\/","url":"https:\/\/www.creilsudoise-tourisme.fr\/2025\/11\/25\/feerie-noel\/","name":"Savourez la magie des f\u00eates de No\u00ebl","isPartOf":{"@id":"https:\/\/www.creilsudoise-tourisme.fr\/#website"},"datePublished":"2025-11-25T14:51:11+00:00","dateModified":"2026-01-12T16:37:14+00:00","description":"D\u00e9couvrez les sorties \u00e0 faire en famille ou entre amis \u00e0 Creil Sud Oise, pr\u00e8s de Chantilly et Senlis, lors des vacances de No\u00ebl.","breadcrumb":{"@id":"https:\/\/www.creilsudoise-tourisme.fr\/2025\/11\/25\/feerie-noel\/#breadcrumb"},"inLanguage":"nl","potentialAction":[{"@type":"ReadAction","target":["https:\/\/www.creilsudoise-tourisme.fr\/2025\/11\/25\/feerie-noel\/"]}]},{"@type":"BreadcrumbList","@id":"https:\/\/www.creilsudoise-tourisme.fr\/2025\/11\/25\/feerie-noel\/#breadcrumb","itemListElement":[{"@type":"ListItem","position":1,"name":"Accueil","item":"https:\/\/www.creilsudoise-tourisme.fr\/"},{"@type":"ListItem","position":2,"name":"Plongez au c\u0153ur de la f\u00e9\u00e9rie de No\u00ebl !"}]},{"@type":"WebSite","@id":"https:\/\/www.creilsudoise-tourisme.fr\/#website","url":"https:\/\/www.creilsudoise-tourisme.fr\/","name":"Office de Tourisme Creil Sud Oise","description":"Creil Sud Oise Tourisme, un territoire \u00e0 explorer !","publisher":{"@id":"https:\/\/www.creilsudoise-tourisme.fr\/#organization"},"potentialAction":[{"@type":"SearchAction","target":{"@type":"EntryPoint","urlTemplate":"https:\/\/www.creilsudoise-tourisme.fr\/?s={search_term_string}"},"query-input":"required name=search_term_string"}],"inLanguage":"nl"},{"@type":"Organization","@id":"https:\/\/www.creilsudoise-tourisme.fr\/#organization","name":"Creil Sud Oise Tourisme","url":"https:\/\/www.creilsudoise-tourisme.fr\/","logo":{"@type":"ImageObject","inLanguage":"nl","@id":"https:\/\/www.creilsudoise-tourisme.fr\/#\/schema\/logo\/image\/","url":"https:\/\/www.creilsudoise-tourisme.fr\/wp-content\/uploads\/2021\/05\/logo-svg.png","contentUrl":"https:\/\/www.creilsudoise-tourisme.fr\/wp-content\/uploads\/2021\/05\/logo-svg.png","width":182,"height":71,"caption":"Creil Sud Oise Tourisme"},"image":{"@id":"https:\/\/www.creilsudoise-tourisme.fr\/#\/schema\/logo\/image\/"},"sameAs":["https:\/\/www.facebook.com\/creilsudoisetourisme\/","https:\/\/twitter.com\/CreilSudOiseOT","https:\/\/www.instagram.com\/creilsudoisetourisme\/","https:\/\/www.youtube.com\/channel\/UC8L_QD2wwyADW14zt9fY8kw"]},{"@type":"Person","@id":"https:\/\/www.creilsudoise-tourisme.fr\/#\/schema\/person\/81a1ab3a236faa5508e8f47600a85072","name":"emilie","image":{"@type":"ImageObject","inLanguage":"nl","@id":"https:\/\/www.creilsudoise-tourisme.fr\/#\/schema\/person\/image\/","url":"https:\/\/secure.gravatar.com\/avatar\/63ed1ecafae1b27e36a71e8626bc354f?s=96&d=mm&r=g","contentUrl":"https:\/\/secure.gravatar.com\/avatar\/63ed1ecafae1b27e36a71e8626bc354f?s=96&d=mm&r=g","caption":"emilie"},"url":"https:\/\/www.creilsudoise-tourisme.fr\/nl\/auteur\/emilie\/"}]}},"_links":{"self":[{"href":"https:\/\/www.creilsudoise-tourisme.fr\/nl\/wp-json\/wp\/v2\/posts\/66474"}],"collection":[{"href":"https:\/\/www.creilsudoise-tourisme.fr\/nl\/wp-json\/wp\/v2\/posts"}],"about":[{"href":"https:\/\/www.creilsudoise-tourisme.fr\/nl\/wp-json\/wp\/v2\/types\/post"}],"author":[{"embeddable":true,"href":"https:\/\/www.creilsudoise-tourisme.fr\/nl\/wp-json\/wp\/v2\/users\/10"}],"replies":[{"embeddable":true,"href":"https:\/\/www.creilsudoise-tourisme.fr\/nl\/wp-json\/wp\/v2\/comments?post=66474"}],"version-history":[{"count":23,"href":"https:\/\/www.creilsudoise-tourisme.fr\/nl\/wp-json\/wp\/v2\/posts\/66474\/revisions"}],"predecessor-version":[{"id":66874,"href":"https:\/\/www.creilsudoise-tourisme.fr\/nl\/wp-json\/wp\/v2\/posts\/66474\/revisions\/66874"}],"wp:featuredmedia":[{"embeddable":true,"href":"https:\/\/www.creilsudoise-tourisme.fr\/nl\/wp-json\/wp\/v2\/media\/66518"}],"wp:attachment":[{"href":"https:\/\/www.creilsudoise-tourisme.fr\/nl\/wp-json\/wp\/v2\/media?parent=66474"}],"wp:term":[{"taxonomy":"category","embeddable":true,"href":"https:\/\/www.creilsudoise-tourisme.fr\/nl\/wp-json\/wp\/v2\/categories?post=66474"},{"taxonomy":"post_tag","embeddable":true,"href":"https:\/\/www.creilsudoise-tourisme.fr\/nl\/wp-json\/wp\/v2\/tags?post=66474"}],"curies":[{"name":"wp","href":"https:\/\/api.w.org\/{rel}","templated":true}]}}