{"id":65722,"date":"2025-10-09T12:12:59","date_gmt":"2025-10-09T10:12:59","guid":{"rendered":"https:\/\/www.creilsudoise-tourisme.fr\/?p=65722"},"modified":"2025-11-04T12:22:39","modified_gmt":"2025-11-04T11:22:39","slug":"vacances-toussaint-2","status":"publish","type":"post","link":"https:\/\/www.creilsudoise-tourisme.fr\/nl\/2025\/10\/09\/vakantie-toussaint-2\/","title":{"rendered":"Allerheiligen"},"content":{"rendered":"<p class=\"is-style-excerpt\">L<strong>Herfst<\/strong> en zijn<strong> mooie oranje kleuren <\/strong>zijn gearriveerd! Want het is niet alleen slecht weer en verkoudheid wat de klok slaat, het is tijd om een serie in te halen of een goed boek te lezen onder je favoriete deken... maar het is ook en vooral tijd om er op uit te gaan!<strong>Een kans om enge activiteiten met Halloween te ontdekken<\/strong> ! Bezoek <strong>net onder<\/strong> a <strong>veel activiteiten<\/strong> voor <strong>vakantie<\/strong> !<\/p>\n\n\n\n<div class=\"is-content-justification-center is-layout-flex wp-container-1 wp-block-buttons\">\n<div class=\"wp-block-button\"><a class=\"wp-block-button__link wp-element-button\" href=\"https:\/\/www.creilsudoise-tourisme.fr\/nl\/agenda\/\">het hele dagboek<\/a><\/div>\n<\/div>\n\n\n\n<h2>Halloween<\/h2>\n\n\n\n<p><em>Klik op de roze woorden om naar de animatiepagina te gaan.<\/em><br>We beginnen direct met de <strong>de kern van de zaak<\/strong> : <strong>Halloween<\/strong> !<\/p>\n\n\n\n<h3>Ontsnappingsspel<\/h3>\n\n\n\n<p><strong>Onderzoek<\/strong> om uit te zoeken wie<strong> <a href=\"https:\/\/www.creilsudoise-tourisme.fr\/nl\/agenda-animations\/activite-ludique-enquete-interactive-qui-a-refroidi-lemaure\/\" target=\"_blank\" rel=\"noreferrer noopener\">gekoelde Lamaure<\/a><\/strong> <em>(die is <\/em> deze <em>?)<\/em> dankzij <strong>raadsels<\/strong> en<strong> verspreide aanwijzingen<\/strong> aan de <strong><a href=\"https:\/\/www.saintmaximin.eu\/bibliotheque-et-catalogue\" target=\"_blank\" rel=\"noreferrer noopener\">Bibliotheek Saint-Maximin<\/a><\/strong> (meerdere slots, reserveren verplicht).<br><\/p>\n\n\n\n<div class=\"is-layout-flex wp-container-4 wp-block-columns\">\n<div class=\"is-layout-flow wp-block-column\" style=\"flex-basis:66.66%\">\n<p class=\"has-text-align-left\">A <strong>ondergrondse steengroeve<\/strong> is de <strong>ideale plaats<\/strong> voor <strong>jezelf bang maken<\/strong>dat is waarom de <strong><a href=\"https:\/\/www.creilsudoise-tourisme.fr\/nl\/jexplore\/must-haves\/maison-de-la-pierre\/\" target=\"_blank\" rel=\"noreferrer noopener\">Taartenhuis<\/a><a href=\"https:\/\/www.creilsudoise-tourisme.fr\/nl\/jexplore\/must-haves\/maison-de-la-pierre\/\">rre<\/a><\/strong> heeft een <strong><a href=\"https:\/\/www.creilsudoise-tourisme.fr\/nl\/agenda-animations\/escape-game-special-halloween-descente-aux-enfers\/\" target=\"_blank\" rel=\"noreferrer noopener\">Speciaal Halloween Ontsnappingsspel<\/a><\/strong> : <strong>Durf jij<\/strong> duik in <strong>dieptes<\/strong> van de <strong>carri\u00e8re Sponsor <\/strong>? Ge\u00efnspireerd door een <strong>mysterieuze verdwijning nooit opgelost<\/strong>Deze Escape Game neemt je mee op reis <strong>een ondergrondse wereld vol geheimen<\/strong>. Op <strong>team<\/strong>probeer je hand op <strong>ontsnappen<\/strong>boor de <strong>mysterie<\/strong> van <strong>vermiste ontdekkingsreizigers<\/strong>... en <strong>pas op<\/strong> van wat <strong>op jacht<\/strong> nog in de<strong>schaduw<\/strong>. Alleen op reservering.<\/p>\n<\/div>\n\n\n\n<div class=\"is-layout-flow wp-block-column\" style=\"flex-basis:33.33%\"><div class=\"wp-block-image\">\n<figure class=\"aligncenter size-large is-resized\"><img decoding=\"async\" loading=\"lazy\" data-src=\"https:\/\/www.creilsudoise-tourisme.fr\/wp-content\/uploads\/wpetourisme\/escape-game-11-1200x800.jpg\" alt=\"\" class=\"wp-image-65226\" width=\"258\" height=\"172\" data-srcset=\"https:\/\/www.creilsudoise-tourisme.fr\/wp-content\/uploads\/wpetourisme\/escape-game-11-1200x800.jpg 1200w, https:\/\/www.creilsudoise-tourisme.fr\/wp-content\/uploads\/wpetourisme\/escape-game-11-600x400.jpg 600w, https:\/\/www.creilsudoise-tourisme.fr\/wp-content\/uploads\/wpetourisme\/escape-game-11-900x600.jpg 900w, https:\/\/www.creilsudoise-tourisme.fr\/wp-content\/uploads\/wpetourisme\/escape-game-11-1536x1024.jpg 1536w, https:\/\/www.creilsudoise-tourisme.fr\/wp-content\/uploads\/wpetourisme\/escape-game-11-18x12.jpg 18w, https:\/\/www.creilsudoise-tourisme.fr\/wp-content\/uploads\/wpetourisme\/escape-game-11-200x133.jpg 200w, https:\/\/www.creilsudoise-tourisme.fr\/wp-content\/uploads\/wpetourisme\/escape-game-11-650x433.jpg 650w, https:\/\/www.creilsudoise-tourisme.fr\/wp-content\/uploads\/wpetourisme\/escape-game-11-387x258.jpg 387w, https:\/\/www.creilsudoise-tourisme.fr\/wp-content\/uploads\/wpetourisme\/escape-game-11.jpg 1600w\" sizes=\"(max-width: 258px) 100vw, 258px\" \/><\/figure><\/div><\/div>\n<\/div>\n\n\n\n<p>Niet te vergeten natuurlijk <strong><a href=\"https:\/\/freeing.fr\/\" target=\"_blank\" rel=\"noreferrer noopener\">Freeing Escape Game<\/a><\/strong> ! La <strong>grootste auditorium van Frankrijk<\/strong> is hier in Saint-Maximin! Ontsnappingsspellen voor <strong>Halloween<\/strong> zijn speciaal ontworpen.<\/p>\n\n\n\n<h3>Maken we onszelf bang?<br><\/h3>\n\n\n\n<div class=\"is-layout-flex wp-container-7 wp-block-columns\">\n<div class=\"is-layout-flow wp-block-column\" style=\"flex-basis:33.33%\">\n<figure class=\"wp-block-image size-full\"><img decoding=\"async\" loading=\"lazy\" width=\"1000\" height=\"635\" data-src=\"https:\/\/www.creilsudoise-tourisme.fr\/wp-content\/uploads\/wpetourisme\/c-Maison-de-la-pierre--6--2.jpg\" alt=\"Verhalenwandeling in het Maison de la Pierre in Saint-Maximin\" class=\"wp-image-45184\" data-srcset=\"https:\/\/www.creilsudoise-tourisme.fr\/wp-content\/uploads\/wpetourisme\/c-Maison-de-la-pierre--6--2.jpg 1000w, https:\/\/www.creilsudoise-tourisme.fr\/wp-content\/uploads\/wpetourisme\/c-Maison-de-la-pierre--6--2-600x381.jpg 600w, https:\/\/www.creilsudoise-tourisme.fr\/wp-content\/uploads\/wpetourisme\/c-Maison-de-la-pierre--6--2-900x572.jpg 900w, https:\/\/www.creilsudoise-tourisme.fr\/wp-content\/uploads\/wpetourisme\/c-Maison-de-la-pierre--6--2-18x12.jpg 18w, https:\/\/www.creilsudoise-tourisme.fr\/wp-content\/uploads\/wpetourisme\/c-Maison-de-la-pierre--6--2-200x127.jpg 200w, https:\/\/www.creilsudoise-tourisme.fr\/wp-content\/uploads\/wpetourisme\/c-Maison-de-la-pierre--6--2-650x413.jpg 650w, https:\/\/www.creilsudoise-tourisme.fr\/wp-content\/uploads\/wpetourisme\/c-Maison-de-la-pierre--6--2-387x246.jpg 387w\" sizes=\"(max-width: 1000px) 100vw, 1000px\" \/><\/figure>\n<\/div>\n\n\n\n<div class=\"is-layout-flow wp-block-column\" style=\"flex-basis:66.66%\">\n<p>Voor<strong> de bibbers krijgen<\/strong> we hebben een adres dat jij niet hebt <strong>zal niet teleurgesteld zijn <\/strong>en waar je de<a href=\"https:\/\/www.creilsudoise-tourisme.fr\/nl\/agenda-animations\/festivites-dhalloween-balades-contees\/\" target=\"_blank\" rel=\"noreferrer noopener\"><strong>de mysterieuze sfeer van een ondergrondse steengroeve<\/strong><\/a>het huis van<strong>vreselijke heksen<\/strong> die je waarschijnlijk zult tegenkomen... en waar verhalen die <strong>angst <\/strong>(vanaf 8 jaar, reserveren verplicht)! We hebben het over een <strong>verhalenwandeling <\/strong>aan de <strong><a href=\"https:\/\/www.creilsudoise-tourisme.fr\/nl\/jexplore\/must-haves\/maison-de-la-pierre\/\" target=\"_blank\" rel=\"noreferrer noopener\">Huis van de Steen van Sint-Maximin<\/a><\/strong>.<\/p>\n<\/div>\n<\/div>\n\n\n\n<p>Kom <strong>Bibberen met je gezin<\/strong> en luister naar <strong><a href=\"https:\/\/www.creilsudoise-tourisme.fr\/nl\/agenda-animations\/visite-a-la-lampe-torche-speciale-halloween-mythes-et-legendes-a-labatiale\/\" target=\"_blank\" rel=\"noreferrer noopener\">Mythen en legendes van de Abdij van Saint-Leu d'Esserent <\/a><\/strong>aan de <strong>zaklantaarn<\/strong>&#8230;<br><br>Klaar voor een <strong>horroravond <\/strong>? Bezoek <strong><a href=\"https:\/\/www.creilsudoise-tourisme.fr\/nl\/loisirs\/cinema-pathe\/\">Path\u00e9 Montataire<\/a><\/strong> heeft een <strong><a href=\"https:\/\/www.creilsudoise-tourisme.fr\/nl\/agenda-animations\/nuit-halloween-au-cinema-pathe\/\" target=\"_blank\" rel=\"noreferrer noopener\">speciale Halloweenavond <\/a><\/strong>met <strong>3 kamers - 3 sferen<\/strong> ! De plaats is op <strong>8\u20ac<\/strong> en er zal entertainment zijn (cosplays, VR, enz.) in een <strong>horrorsfeer<\/strong>...<\/p>\n\n\n\n<h3>Een zachte Halloween<\/h3>\n\n\n\n<p>\"Jack Skellington, <strong>koning van de pompoenen<\/strong> en <strong>Halloween stadsgids<\/strong>Hij verveelt zich: hij heeft er al eeuwen genoeg van om elk jaar hetzelfde Halloweenfeest voor te bereiden. <strong>droom<\/strong> van <strong>veranderen<\/strong>. Het was toen dat hij het idee kreeg om de <strong>Kerstfeest<\/strong>...\": dus, <strong>je verleiden<\/strong> Het is perfect: de <strong><a href=\"https:\/\/www.creil.fr\/la-maison-la-ville\" target=\"_blank\" rel=\"noreferrer noopener\">Stadhuis van Creil<\/a><\/strong> nodigt u uit om te zien <a href=\"https:\/\/www.creilsudoise-tourisme.fr\/nl\/agenda-animations\/cinema-letrange-noel-de-monsieur-jack\/\" target=\"_blank\" rel=\"noreferrer noopener\"><strong>\"Mr Jack's Kerstmis<\/strong><\/a>. <strong>Spanning gegarandeerd <\/strong>met deze film van <strong>Tim Burton<\/strong>.<\/p>\n\n\n\n<p><\/p>\n\n\n\n<p>De<strong><a href=\"https:\/\/www.villers-saint-paul.fr\/la-biblioth%C3%A8que-municipale-colette\" target=\"_blank\" rel=\"noreferrer noopener\"> Bibliotheek Villers-Saint-Paul Colette<\/a><\/strong> nodigt kinderen van 5 jaar en ouder uit voor een <strong><a href=\"https:\/\/www.creilsudoise-tourisme.fr\/nl\/agenda-animations\/un-spectacle-pour-halloween\/\" target=\"_blank\" rel=\"noreferrer noopener\">een middag vol lachen en sensatie<\/a><\/strong> met <strong>\"Fiasco voor de schurken<\/strong>a <strong>muzikaal verhaal<\/strong>. Tussen <strong>rock<\/strong>, <strong>reggae<\/strong> en <strong>flamenco<\/strong>de verteller neemt <strong>jong en oud<\/strong> in een <strong>gekke wereld<\/strong> waarbij <strong>schurken<\/strong> verhalen zijn niet in de <strong>op hun best<\/strong>. A <strong>interactieve show,<\/strong> <strong>grappig<\/strong> en <strong>ritmisch<\/strong> voor<strong> Bibberen met je gezin<\/strong> ... en <strong>een gladde afwerking <\/strong>met <strong>Gratis snoepjes<\/strong> aan elke kleine toeschouwer! <strong>Kom verkleed <\/strong>!<\/p>\n\n\n\n<p> <\/p>\n\n\n\n<p>De <strong><a href=\"https:\/\/lesbibliothequesdemontataire.c3rb.org\/le-reseau\/toutes-les-mediatheques\/bibliotheque-elsa-triolet\" target=\"_blank\" rel=\"noreferrer noopener\">Bibliotheek Elsa Triolet, Montataire<\/a><\/strong> biedt u <strong><a href=\"https:\/\/www.creilsudoise-tourisme.fr\/nl\/agenda-animations\/activites-halloween-les-vacances-a-la-bibliotheque\/\" target=\"_blank\" rel=\"noreferrer noopener\">diverse evenementen<\/a><\/strong> samen met<strong> Halloween<\/strong> : <strong>videospelletjes<\/strong>, <strong>bioscoop<\/strong>, <strong>lezing,<\/strong> <strong>Spelletjes<\/strong>, <strong>creatie<\/strong> van <strong>heksenhoeden<\/strong>, <strong>snijden <\/strong>van <strong>pompoenen<\/strong>, <strong>proeverij<\/strong> van <strong>soepen<\/strong> ! Kortom, de <strong>perfect programma<\/strong> !<\/p>\n\n\n\n<p><br>Voor<strong> Halloween vreedzamer vieren<\/strong>de<strong> <a href=\"https:\/\/www.villers-saint-paul.fr\/\" target=\"_blank\" rel=\"noreferrer noopener\">Stad Villers-Saint-Paul<\/a><\/strong> nodigt u uit voor zijn<strong><a href=\"https:\/\/www.creilsudoise-tourisme.fr\/nl\/agenda-animations\/soiree-halloween\/\" target=\"_blank\" rel=\"noreferrer noopener\"> Halloweenfeest<\/a><\/strong> open <strong>voor alle generaties<\/strong> ! Neem deel aan de<strong> wedstrijd<\/strong> van <strong>beste vermomming<\/strong> met <strong>categorie\u00ebn<\/strong> voor <strong>kinderen<\/strong>, <strong>volwassenen<\/strong> en<strong> senioren<\/strong>. A<strong> DJ <\/strong>is verantwoordelijk voor<strong>muzikaal entertainment<\/strong> de hele avond en een <strong>verfrissingsbar<\/strong> staat tot je beschikking.<strong> Gegarandeerd een geweldige sfeer <\/strong>!<\/p>\n\n\n\n<p> <\/p>\n\n\n\n<p>Jong en oud, kom langs<strong> rilling<\/strong> met de<strong><a href=\"https:\/\/www.nogentsuroise.fr\/se-divertir\/culture\/la-mediatheque\" target=\"_blank\" rel=\"noreferrer noopener\"> Maurice Schumann mediatheek, Nogent-Sur-Oise<\/a><\/strong> met een<strong><a href=\"https:\/\/www.nogentsuroise.fr\/agenda\/1307-apres-midi-special-halloween\/2025-10-29-15-00\" target=\"_blank\" rel=\"noreferrer noopener\"> filmvertoningen en een creatieve workshop<\/a><\/strong> !<\/p>\n\n\n\n<p> <\/p>\n\n\n\n<p><strong>Maak<\/strong> van <strong><a href=\"https:\/\/www.creilsudoise-tourisme.fr\/nl\/agenda-animations\/activites-manuelles-atelier-special-halloween\/\" target=\"_blank\" rel=\"noreferrer noopener\">het werk van je kleine handen<\/a><\/strong>gevolgd door een<strong> snack<\/strong> ! Kinderen gaan naar huis met hun <strong>angstaanjagende creatie<\/strong>... <\/p>\n\n\n\n<p> <\/p>\n\n\n\n<p>De <strong><a href=\"https:\/\/www.nogentsuroise.fr\/a-tout-age\/enfance-et-education\/ferme-pedagogique\" target=\"_blank\" rel=\"noreferrer noopener\">Nogent-sur-Oise educatieve boerderij<\/a><\/strong> is ook in <strong><a href=\"https:\/\/www.creilsudoise-tourisme.fr\/nl\/agenda-animations\/activites-halloween-peur-sur-la-ferme\/\" target=\"_blank\" rel=\"noreferrer noopener\">terreurmodus<\/a><\/strong> ! Op het programma:<strong> animaties<\/strong>, <strong>workshops<\/strong>,<strong> Spelletjes<\/strong>, <strong>monsterjacht<\/strong>, <strong>distributie<\/strong> van <strong>snoep<\/strong> en <strong>wedstrijd <\/strong>van <strong>beste vermomming<\/strong> !<\/p>\n\n\n\n<p><br>Tot slot, voor <strong>jongere<\/strong>de <strong><a href=\"https:\/\/www.saintmaximin.eu\/\" target=\"_blank\" rel=\"noreferrer noopener\">Stad Saint-Maximin <\/a><\/strong>nodigt u uit om <strong><a href=\"https:\/\/www.creilsudoise-tourisme.fr\/nl\/agenda-animations\/activites-halloween-zombies-party\/\" target=\"_blank\" rel=\"noreferrer noopener\">Halloween vieren<\/a><\/strong> in een <strong>stiller<\/strong> aan de <strong><a href=\"https:\/\/www.creilsudoise-tourisme.fr\/nl\/jexplore\/must-haves\/maison-de-la-pierre\/\">Stone House<\/a><\/strong> : <strong>staat<\/strong>,<strong> animaties<\/strong>,<strong> make-up<\/strong>, <strong>snack en toverdrank<\/strong> ! Van <strong>horrorwandelingen <\/strong>mogelijk zal zijn, om <strong>jezelf een beetje bang maken<\/strong> (3 tot 11 jaar). En vanaf 12 jaar kun je deelnemen aan de <strong>\"hels laboratorium<\/strong>a <strong>Ontsnappingsspel<\/strong> <strong>onder zombie dwang<\/strong> <em>snel vooruit! Ze komen eraan!<\/em><\/p>\n\n\n\n<p><\/p>\n\n\n\n<p>Klaar voor een <strong>Halloween middag <\/strong>? Bezoek <strong><a href=\"https:\/\/www.creilsudoise-tourisme.fr\/nl\/loisirs\/cinema-pathe\/\" target=\"_blank\" rel=\"noreferrer noopener\">Path\u00e9 Montataire bioscoop<\/a><\/strong> zal vertonen <strong>Disney-film<\/strong> \"\u00a0<strong>Coco<\/strong>\u00a0\"Voorafgegaan door een \"Dia de los muertos\" make-up workshop!<\/p>\n\n\n\n<h3>Activiteiten voor Lupovicien(ne)s<br><\/h3>\n\n\n\n<p>Eindelijk, <strong>alleen voor Lupocianen<\/strong>Laat ons je vertellen over <strong><a href=\"https:\/\/www.creilsudoise-tourisme.fr\/nl\/agenda-animations\/lecture-contes-dhalloween\/\" target=\"_blank\" rel=\"noreferrer noopener\">Halloweenverhaal<\/a><\/strong> \"Igor's gekke experiment! (Vanaf 5 jaar), neem deel aan een <strong><a href=\"https:\/\/www.creilsudoise-tourisme.fr\/nl\/agenda-animations\/escape-game-dhalloween\/\" target=\"_blank\" rel=\"noreferrer noopener\">Ontsnappingsspel<\/a><\/strong> op <strong>voormalige stallen<\/strong> van de stad (12 jaar en ouder) of <strong>kom met je gezin<\/strong> of <strong>onder vrienden<\/strong> de <strong><a href=\"https:\/\/www.creilsudoise-tourisme.fr\/nl\/agenda-animations\/cinema-projection-speciale-halloween\/\" target=\"_blank\" rel=\"noreferrer noopener\">filmprojectie<\/a><\/strong> \"Kippenvel 2: de spoken van Halloween! Let op: deze 3 evenementen moeten op voorhand gereserveerd worden.<\/p>\n\n\n\n<h2>Culturele activiteiten<\/h2>\n\n\n\n<h3>Muziek<\/h3>\n\n\n\n<p>Laten we praten <strong>muziek<\/strong> ! La<strong><a href=\"https:\/\/www.gam-creil.fr\/\" target=\"_blank\" rel=\"noreferrer noopener\"> Muziekschuur<\/a><\/strong> biedt u een <strong><a href=\"https:\/\/www.creilsudoise-tourisme.fr\/nl\/agenda-animations\/concert-spectacle-jeune-public-malou-de-kawataro\/\" target=\"_blank\" rel=\"noreferrer noopener\">concertvoorstelling: Malou door Kawataro<\/a><\/strong>.<br>Tussen<strong> dagdroom <\/strong>en <strong>po\u00ebtische werkelijkheid<\/strong>in de loop van <strong>liedjes<\/strong> en <strong>verhalen<\/strong>we volgen een <strong>nieuwsgierige jonge ontdekkingsreiziger <\/strong>opgroeien, leren <strong>liefde<\/strong>, \u00e0 <strong>de wereld begrijpen<\/strong> en naar <strong>zichzelf begrijpen<\/strong>.<\/p>\n\n\n\n<div class=\"is-layout-flex wp-container-10 wp-block-columns\">\n<div class=\"is-layout-flow wp-block-column\" style=\"flex-basis:66.66%\">\n<p>Beheer<strong><a href=\"https:\/\/faiencerie-theatre.com\/\" target=\"_blank\" rel=\"noreferrer noopener\"> De Fa\u00efencerie<\/a><\/strong> om de <strong><a href=\"https:\/\/www.creilsudoise-tourisme.fr\/nl\/agenda-animations\/mute\/\" target=\"_blank\" rel=\"noreferrer noopener\">MuTE show<\/a><\/strong>a <strong>Toon<\/strong> van<strong> dans<\/strong> en <strong>elektromuziek<\/strong> (vanaf 11 jaar). Gebaseerd op <strong>rock en electro tempo's<\/strong>de dansers beloven ons een onvergetelijke ervaring. <strong>avond zonder pauze<\/strong> !<\/p>\n<\/div>\n\n\n\n<div class=\"is-layout-flow wp-block-column\" style=\"flex-basis:33.33%\">\n<figure class=\"wp-block-image size-large\"><img decoding=\"async\" loading=\"lazy\" width=\"1200\" height=\"800\" data-src=\"https:\/\/www.creilsudoise-tourisme.fr\/wp-content\/uploads\/wpetourisme\/MuTE---spect.-danse-17-10-2025---La-Ruse---Frederic-Iovino-2-1200x800.jpg\" alt=\"\" class=\"wp-image-63832\" data-srcset=\"https:\/\/www.creilsudoise-tourisme.fr\/wp-content\/uploads\/wpetourisme\/MuTE---spect.-danse-17-10-2025---La-Ruse---Frederic-Iovino-2-1200x800.jpg 1200w, https:\/\/www.creilsudoise-tourisme.fr\/wp-content\/uploads\/wpetourisme\/MuTE---spect.-danse-17-10-2025---La-Ruse---Frederic-Iovino-2-600x400.jpg 600w, https:\/\/www.creilsudoise-tourisme.fr\/wp-content\/uploads\/wpetourisme\/MuTE---spect.-danse-17-10-2025---La-Ruse---Frederic-Iovino-2-900x600.jpg 900w, https:\/\/www.creilsudoise-tourisme.fr\/wp-content\/uploads\/wpetourisme\/MuTE---spect.-danse-17-10-2025---La-Ruse---Frederic-Iovino-2-18x12.jpg 18w, https:\/\/www.creilsudoise-tourisme.fr\/wp-content\/uploads\/wpetourisme\/MuTE---spect.-danse-17-10-2025---La-Ruse---Frederic-Iovino-2-200x133.jpg 200w, https:\/\/www.creilsudoise-tourisme.fr\/wp-content\/uploads\/wpetourisme\/MuTE---spect.-danse-17-10-2025---La-Ruse---Frederic-Iovino-2-650x433.jpg 650w, https:\/\/www.creilsudoise-tourisme.fr\/wp-content\/uploads\/wpetourisme\/MuTE---spect.-danse-17-10-2025---La-Ruse---Frederic-Iovino-2-387x258.jpg 387w, https:\/\/www.creilsudoise-tourisme.fr\/wp-content\/uploads\/wpetourisme\/MuTE---spect.-danse-17-10-2025---La-Ruse---Frederic-Iovino-2.jpg 1500w\" sizes=\"(max-width: 1200px) 100vw, 1200px\" \/><figcaption class=\"wp-element-caption\">La Ruse - B\u00e9r\u00e9nice Legrand \/ MuTE<\/figcaption><\/figure>\n<\/div>\n<\/div>\n\n\n\n<h3>Videogame<\/h3>\n\n\n\n<p>Klaar voor een <strong><a href=\"https:\/\/www.creilsudoise-tourisme.fr\/nl\/agenda-animations\/loisirs-tournoi-de-jeux-videos\/\" target=\"_blank\" rel=\"noreferrer noopener\">videospelletjes toernooi<\/a><\/strong> ? <strong>Kom en daag je vrienden uit!<\/strong> ! Vanaf 7 jaar, inschrijving verplicht.<\/p>\n\n\n\n<h3>Ontsnappingsspel<\/h3>\n\n\n\n<p>De <strong><a href=\"https:\/\/www.creilsudoise-tourisme.fr\/nl\/jexplore\/must-haves\/musee-galle-juillet\/\" target=\"_blank\" rel=\"noreferrer noopener\">Mus\u00e9e Gall\u00e9 Juli<\/a><\/strong> onthult een <strong><a href=\"https:\/\/www.creilsudoise-tourisme.fr\/nl\/agenda-animations\/escape-game-le-tresor-du-musee-galle-juillet\/\" target=\"_blank\" rel=\"noreferrer noopener\">Nieuw Ontsnappingsspel<\/a><\/strong> ?! Lukt het je om in 60 minuten<strong>de schat van de sluis samenbrengen<\/strong> ! Bezoek <strong>1974 in Creil<\/strong> werd ontdekt op <strong>Schat van het slot<\/strong>. Tijdens de opgravingen werd een pot met goud <strong>verdwijnt<\/strong>. Uw <strong>voorouder <\/strong>is de <strong>dief <\/strong>en sindsdien is er een <strong>vloek treft je familie<\/strong>. Vandaag bent u <strong>de enige<\/strong> naar <strong>het goedmaken<\/strong>maar de <strong>je tijd raakt op <\/strong>de pot met goud vinden, <strong>herenig de schat<\/strong> of <strong>lijden<\/strong> de vloek<strong> voor altijd<\/strong> !<\/p>\n\n\n\n<h3>Lezen<\/h3>\n\n\n\n<p><strong>Lees je liever? <\/strong>Richting <strong><a href=\"https:\/\/saint-vaast-les-mello-pom.c3rb.org\/\" target=\"_blank\" rel=\"noreferrer noopener\">Mediatheek Saint-Vaast-l\u00e8s-Mello<\/a> <\/strong>voor een <strong><a href=\"https:\/\/www.creilsudoise-tourisme.fr\/nl\/agenda-animations\/lezen-het-plezier-in-lezen-delen\/\" target=\"_blank\" rel=\"noreferrer noopener\">moment van uitwisseling<\/a><\/strong> over je lezingen met <strong>thee<\/strong> of <strong>koffie<\/strong>. En de<strong> positief nieuws<\/strong> ? Zelfs <strong>je hoeft niet gelezen te hebben<\/strong> of<strong> spreken<\/strong> (vanaf 16 jaar)!<br><\/p>\n\n\n\n<p><strong>Gepassioneerde lezers<\/strong>, <strong>toevallige toeschouwers<\/strong> of <strong>kleine pagina ontdekkingsreizigers<\/strong> komen<strong> ervaar een dag<\/strong> geplaatst onder de<strong> een teken van leesplezier<\/strong> en <strong>cultureel delen<\/strong> met de <strong><a href=\"https:\/\/www.creilsudoise-tourisme.fr\/nl\/agenda-animations\/fete-du-livre\/\" target=\"_blank\" rel=\"noreferrer noopener\">Boekenfeest Villers-Saint-Paul<\/a><\/strong> ! Bezoek<strong> programma<\/strong> : <strong>vergaderingen<\/strong>, <strong>animaties<\/strong>, <strong>creatieve workshops<\/strong>, <strong>voorlezen<\/strong>selectie <strong>favorieten <\/strong>bibliothecarissen en vele<strong> andere verrassingen<\/strong> voor <strong>jong en oud<\/strong> !<\/p>\n\n\n\n<h3>Tentoonstelling<\/h3>\n\n\n\n<div class=\"is-layout-flex wp-container-13 wp-block-columns\">\n<div class=\"is-layout-flow wp-block-column\" style=\"flex-basis:33.33%\">\n<figure class=\"wp-block-image size-large\"><img decoding=\"async\" loading=\"lazy\" width=\"1200\" height=\"675\" data-src=\"https:\/\/www.creilsudoise-tourisme.fr\/wp-content\/uploads\/2021\/10\/Sortie-champignon-1200x675.jpg\" alt=\"Paddenstoel uitgang\" class=\"wp-image-38426\" data-srcset=\"https:\/\/www.creilsudoise-tourisme.fr\/wp-content\/uploads\/2021\/10\/Sortie-champignon-1200x675.jpg 1200w, https:\/\/www.creilsudoise-tourisme.fr\/wp-content\/uploads\/2021\/10\/Sortie-champignon-600x338.jpg 600w, https:\/\/www.creilsudoise-tourisme.fr\/wp-content\/uploads\/2021\/10\/Sortie-champignon-900x506.jpg 900w, https:\/\/www.creilsudoise-tourisme.fr\/wp-content\/uploads\/2021\/10\/Sortie-champignon-1536x864.jpg 1536w, https:\/\/www.creilsudoise-tourisme.fr\/wp-content\/uploads\/2021\/10\/Sortie-champignon-200x113.jpg 200w, https:\/\/www.creilsudoise-tourisme.fr\/wp-content\/uploads\/2021\/10\/Sortie-champignon-650x366.jpg 650w, https:\/\/www.creilsudoise-tourisme.fr\/wp-content\/uploads\/2021\/10\/Sortie-champignon-387x218.jpg 387w, https:\/\/www.creilsudoise-tourisme.fr\/wp-content\/uploads\/2021\/10\/Sortie-champignon.jpg 1600w\" sizes=\"(max-width: 1200px) 100vw, 1200px\" \/><figcaption class=\"wp-element-caption\">Paddenstoelenuitstapje met de mycologische vereniging van Montataire<\/figcaption><\/figure>\n<\/div>\n\n\n\n<div class=\"is-layout-flow wp-block-column\" style=\"flex-basis:66.66%\">\n<p><strong><a href=\"https:\/\/www.creilsudoise-tourisme.fr\/nl\/agenda-animations\/exposition-47eme-edition-de-la-societe-mycologique-de-montataire\/\" target=\"_blank\" rel=\"noreferrer noopener\">Mycologische tentoonstelling <\/a><\/strong>Kom <strong>ontdekken<\/strong> van <strong>boeiende wereld<\/strong> van<strong> paddenstoelen <\/strong>! En voor de<strong> 80 jaar vereniging<\/strong>ook komen <strong>monsters ter plaatse<\/strong>.<\/p>\n<\/div>\n<\/div>\n\n\n\n<p><strong><a href=\"https:\/\/www.creilsudoise-tourisme.fr\/nl\/agenda-animations\/exposition-raizes\/\" target=\"_blank\" rel=\"noreferrer noopener\">Ra\u00edzes tentoonstelling<\/a><\/strong> : <strong>bewonder<\/strong> de <strong>kleurrijke werken<\/strong> van de<strong>plastisch kunstenaar<\/strong> <strong>Gabriela Ribeiro<\/strong> aan de <a href=\"https:\/\/www.nogentsuroise.fr\/se-divertir\/culture\/la-mediatheque\" target=\"_blank\" rel=\"noreferrer noopener\"><strong>Robert Schumann mediatheek, Nogent-sur-Oise<\/strong>,<\/a> als onderdeel van het evenement <strong>\"Bestemming Brazili\u00eb.<\/strong><\/p>\n\n\n\n<p><\/p>\n\n\n\n<p> <strong><a href=\"https:\/\/www.creilsudoise-tourisme.fr\/nl\/agenda-animations\/exposition-insectes-et-poesie\/\" target=\"_blank\" rel=\"noreferrer noopener\">Insecten en po\u00ebzie tentoonstelling<\/a><\/strong> : <strong>verbaasd zijn<\/strong> met een c<strong>verzameling insectenfoto's<\/strong>. Om uw <strong>ervaring<\/strong>de <strong><a href=\"https:\/\/saint-vaast-les-mello-pom.c3rb.org\/\" target=\"_blank\" rel=\"noreferrer noopener\">Mediatheek Saint-Vaast-l\u00e8s-Mello<\/a><\/strong> wilde toevoegen <strong>po\u00ebzie<\/strong> zodat je ook<strong> behandelen<\/strong> van<strong> po\u00ebzie<\/strong> in samenwerking met de<strong>wereld van insecten<\/strong>.<\/p>\n\n\n\n<h3>Cinema<\/h3>\n\n\n\n<p><strong><a href=\"https:\/\/www.creilsudoise-tourisme.fr\/nl\/agenda-animations\/cinema-cine-villers-monstres-cie\/\" target=\"_blank\" rel=\"noreferrer noopener\">\"Monsters &amp; Co<\/a><\/strong> zal worden uitgezonden op <strong>Halloweenavond<\/strong> \u00e0 <strong>Villers-Saint-Paul.<\/strong>  <em>Wie heb je liever tussen Bob en Jacques?<\/em><br><br>Kom <strong><a href=\"https:\/\/www.creilsudoise-tourisme.fr\/nl\/agenda-animations\/loisirs-cine-club-3\/\" target=\"_blank\" rel=\"noreferrer noopener\">presenteer je favoriet<\/a><\/strong> van de maand en <strong>idee\u00ebn uitwisselen over de 7e kunst<\/strong> aan de <strong><a href=\"https:\/\/mediatheque.creil.fr\/\" target=\"_blank\" rel=\"noreferrer noopener\">Mediatheek Antoine Chanut in Creil<\/a><\/strong> (vanaf 15 jaar).<\/p>\n\n\n\n<h3>Stedelijke cultuur<\/h3>\n\n\n\n<p>De<strong> 7e editie<\/strong> van <strong><a href=\"https:\/\/www.creilsudoise-tourisme.fr\/nl\/agenda-animations\/handi-culturbaine\/\" target=\"_blank\" rel=\"noreferrer noopener\">Handicult'urbaine<\/a><\/strong>georganiseerd door de <strong><a href=\"https:\/\/www.nogentsuroise.fr\/\" target=\"_blank\" rel=\"noreferrer noopener\">Stad Nogent-sur-Oise<\/a> <\/strong>is <strong>terug<\/strong> ! Handicult'urbaine is <strong>vergadering<\/strong> tussen de <strong>handicap<\/strong> en de <strong>stedelijke cultuur<\/strong>. U vindt <strong>dans<\/strong>de <strong>zingen<\/strong>de <strong>theater<\/strong> en <strong>quiz<\/strong> !<\/p>\n\n\n\n<h2>Bezoek<\/h2>\n\n\n\n<div class=\"is-layout-flex wp-container-16 wp-block-columns\">\n<div class=\"is-layout-flow wp-block-column\" style=\"flex-basis:66.66%\">\n<p>Voor jongere kinderen (5-14 jaar) is de&nbsp;<strong><a href=\"https:\/\/www.creilsudoise-tourisme.fr\/nl\/jexplore\/must-haves\/clouterie-rivierre\/\" target=\"_blank\" rel=\"noreferrer noopener\">Clouterie Rivierre<\/a><\/strong>&nbsp;in Creil biedt een&nbsp;<strong><a href=\"https:\/\/www.creilsudoise-tourisme.fr\/nl\/agenda-animations\/visite-et-atelier-creatif-a-la-clouterie-3\/\" target=\"_blank\" rel=\"noreferrer noopener\">ludiek bezoek<\/a><\/strong>&nbsp;van haar&nbsp;<strong>fabriek<\/strong>gevolgd door een&nbsp;<strong>creatieve workshop<\/strong>&nbsp;rond <strong>nagels<\/strong> Onder begeleiding van een volwassene vertrekt je kind met zijn of haar eigen&nbsp;<strong>creatie<\/strong>&nbsp;!<\/p>\n<\/div>\n\n\n\n<div class=\"is-layout-flow wp-block-column\" style=\"flex-basis:33.33%\">\n<figure class=\"wp-block-image size-large\"><img decoding=\"async\" loading=\"lazy\" width=\"1200\" height=\"674\" data-src=\"https:\/\/www.creilsudoise-tourisme.fr\/wp-content\/uploads\/2023\/09\/Clouterie-Rivierre-Creil-\u00a9-Arnaud-Beauvois-Oise-Tourisme-2-1200x674.jpg\" alt=\"clouterie rivierre creil oise rondleiding familiefabriek unieke knowhow levend erfgoed industrie familie kinderuitje\" class=\"wp-image-49656\" data-srcset=\"https:\/\/www.creilsudoise-tourisme.fr\/wp-content\/uploads\/2023\/09\/Clouterie-Rivierre-Creil-\u00a9-Arnaud-Beauvois-Oise-Tourisme-2-1200x674.jpg 1200w, https:\/\/www.creilsudoise-tourisme.fr\/wp-content\/uploads\/2023\/09\/Clouterie-Rivierre-Creil-\u00a9-Arnaud-Beauvois-Oise-Tourisme-2-600x337.jpg 600w, https:\/\/www.creilsudoise-tourisme.fr\/wp-content\/uploads\/2023\/09\/Clouterie-Rivierre-Creil-\u00a9-Arnaud-Beauvois-Oise-Tourisme-2-900x505.jpg 900w, https:\/\/www.creilsudoise-tourisme.fr\/wp-content\/uploads\/2023\/09\/Clouterie-Rivierre-Creil-\u00a9-Arnaud-Beauvois-Oise-Tourisme-2-18x10.jpg 18w, https:\/\/www.creilsudoise-tourisme.fr\/wp-content\/uploads\/2023\/09\/Clouterie-Rivierre-Creil-\u00a9-Arnaud-Beauvois-Oise-Tourisme-2-200x112.jpg 200w, https:\/\/www.creilsudoise-tourisme.fr\/wp-content\/uploads\/2023\/09\/Clouterie-Rivierre-Creil-\u00a9-Arnaud-Beauvois-Oise-Tourisme-2-650x365.jpg 650w, https:\/\/www.creilsudoise-tourisme.fr\/wp-content\/uploads\/2023\/09\/Clouterie-Rivierre-Creil-\u00a9-Arnaud-Beauvois-Oise-Tourisme-2-387x217.jpg 387w, https:\/\/www.creilsudoise-tourisme.fr\/wp-content\/uploads\/2023\/09\/Clouterie-Rivierre-Creil-\u00a9-Arnaud-Beauvois-Oise-Tourisme-2.jpg 1480w\" sizes=\"(max-width: 1200px) 100vw, 1200px\" \/><figcaption class=\"wp-element-caption\">Arnaud Beauvois - Oise Tourisme<\/figcaption><\/figure>\n<\/div>\n<\/div>\n\n\n\n<div class=\"is-layout-flex wp-container-19 wp-block-columns\">\n<div class=\"is-layout-flow wp-block-column\" style=\"flex-basis:33.33%\">\n<figure class=\"wp-block-image size-large\"><img decoding=\"async\" loading=\"lazy\" width=\"1200\" height=\"675\" data-src=\"https:\/\/www.creilsudoise-tourisme.fr\/wp-content\/uploads\/2025\/10\/maison_pierre_visite-guidee_creil-sud-oise-tourisme-5_lumineuse_basseresolution-1200x675.jpg\" alt=\"bezoek; steengroeve; steen\" class=\"wp-image-65758\" data-srcset=\"https:\/\/www.creilsudoise-tourisme.fr\/wp-content\/uploads\/2025\/10\/maison_pierre_visite-guidee_creil-sud-oise-tourisme-5_lumineuse_basseresolution-1200x675.jpg 1200w, https:\/\/www.creilsudoise-tourisme.fr\/wp-content\/uploads\/2025\/10\/maison_pierre_visite-guidee_creil-sud-oise-tourisme-5_lumineuse_basseresolution-600x338.jpg 600w, https:\/\/www.creilsudoise-tourisme.fr\/wp-content\/uploads\/2025\/10\/maison_pierre_visite-guidee_creil-sud-oise-tourisme-5_lumineuse_basseresolution-900x506.jpg 900w, https:\/\/www.creilsudoise-tourisme.fr\/wp-content\/uploads\/2025\/10\/maison_pierre_visite-guidee_creil-sud-oise-tourisme-5_lumineuse_basseresolution-1536x864.jpg 1536w, https:\/\/www.creilsudoise-tourisme.fr\/wp-content\/uploads\/2025\/10\/maison_pierre_visite-guidee_creil-sud-oise-tourisme-5_lumineuse_basseresolution-18x10.jpg 18w, https:\/\/www.creilsudoise-tourisme.fr\/wp-content\/uploads\/2025\/10\/maison_pierre_visite-guidee_creil-sud-oise-tourisme-5_lumineuse_basseresolution-200x113.jpg 200w, https:\/\/www.creilsudoise-tourisme.fr\/wp-content\/uploads\/2025\/10\/maison_pierre_visite-guidee_creil-sud-oise-tourisme-5_lumineuse_basseresolution-1600x900.jpg 1600w, https:\/\/www.creilsudoise-tourisme.fr\/wp-content\/uploads\/2025\/10\/maison_pierre_visite-guidee_creil-sud-oise-tourisme-5_lumineuse_basseresolution-650x366.jpg 650w, https:\/\/www.creilsudoise-tourisme.fr\/wp-content\/uploads\/2025\/10\/maison_pierre_visite-guidee_creil-sud-oise-tourisme-5_lumineuse_basseresolution-387x218.jpg 387w, https:\/\/www.creilsudoise-tourisme.fr\/wp-content\/uploads\/2025\/10\/maison_pierre_visite-guidee_creil-sud-oise-tourisme-5_lumineuse_basseresolution.jpg 1920w\" sizes=\"(max-width: 1200px) 100vw, 1200px\" \/><figcaption class=\"wp-element-caption\">Creil Sud Oise Toerisme<\/figcaption><\/figure>\n<\/div>\n\n\n\n<div class=\"is-layout-flow wp-block-column\" style=\"flex-basis:66.66%\">\n<p>Mis het niet <strong>de nieuwste mogelijkheden<\/strong> van <strong><a href=\"https:\/\/www.creilsudoise-tourisme.fr\/nl\/agenda-animations\/visite-guidee-de-la-maison-de-la-pierre-3\/\" target=\"_blank\" rel=\"noreferrer noopener\">bezoek de ondergrondse steengroeve<\/a><\/strong> van de <strong><a href=\"https:\/\/www.creilsudoise-tourisme.fr\/nl\/jexplore\/must-haves\/maison-de-la-pierre\/\" target=\"_blank\" rel=\"noreferrer noopener\">Stone House<\/a><\/strong> ! Wat blijft er over<strong> 2 sessies<\/strong> voordat het <strong>in winterslaap gaan<\/strong>voor een terugkeer in <strong>volgend jaar april<\/strong>. Volg de <strong>gids <\/strong>die de<strong>geschiedenis<\/strong> van deze<strong> carri\u00e8re <\/strong>en hoe<strong> steen werd gewonnen<\/strong> !<\/p>\n<\/div>\n<\/div>\n\n\n\n<p>Ga weg <strong><a href=\"https:\/\/www.creilsudoise-tourisme.fr\/nl\/agenda-animations\/balade-contee-participative-au-parc-de-la-breche\/\" target=\"_blank\" rel=\"noreferrer noopener\">verhalenwandeling<\/a><\/strong> voor een <strong>interactief avontuur <\/strong>! Laat je meeslepen door het verhaal van Calie en <strong>op avontuur gaan<\/strong> alle <strong>uitdagingen<\/strong> ! Georganiseerd door<strong>VVV-kantoor<\/strong>.<br><br>Volg een <strong><a href=\"https:\/\/www.creilsudoise-tourisme.fr\/nl\/agenda-animations\/rallye-encadre-a-la-decouverte-de-montataire\/\" target=\"_blank\" rel=\"noreferrer noopener\">rally-spel<\/a><\/strong> onderbroken door<strong>raadsels <\/strong>en<strong>historische anekdotes<\/strong> op de <strong>Stad Montataire<\/strong> ! Over een parcours van 3 km zullen kinderen (7-11 jaar) <strong>veel plezier met leren<\/strong>terwijl ouders en grootouders de<strong>weinig bekend verhaal<\/strong> van de <strong>stad<\/strong> !  Georganiseerd door<strong>VVV-kantoor<\/strong>.<\/p>\n\n\n\n<h2>Workshops<\/h2>\n\n\n\n<p>De<strong>&nbsp;<a href=\"https:\/\/www.nogentsuroise.fr\/a-tout-age\/enfance-et-education\/ferme-pedagogique\" target=\"_blank\" rel=\"noreferrer noopener\">la MASTE educatieve boerderij<\/a><\/strong>in Nogent-sur-Oise, heet u welkom op&nbsp;<a href=\"https:\/\/www.creilsudoise-tourisme.fr\/nl\/agenda-animations\/bienvenue-a-la-ferme-pedagogique-de-la-maste-2\/\" target=\"_blank\" rel=\"noreferrer noopener\"><strong>bezoek de dieren<\/strong><\/a> gewoon wachten&nbsp;<strong>jij<\/strong>&nbsp;te zijn <strong>geaaid<\/strong> !<\/p>\n\n\n\n<p><\/p>\n\n\n\n<p>Maak een<strong>&nbsp;het werk van je handen<\/strong>&nbsp;met een&nbsp;<strong><a href=\"https:\/\/www.creilsudoise-tourisme.fr\/nl\/agenda-animations\/stage-sculpture-sur-pierre-3\/\" target=\"_blank\" rel=\"noreferrer noopener\">stenen beeldhouwwerk<\/a><\/strong>&nbsp;van een halve dag tot 3 dagen, in het Maison de la Pierre in Saint-Maximin! Cursussen voor volwassenen en kinderen vanaf 8 jaar. Vertrek met de&nbsp;<strong>beeld<\/strong>&nbsp;dat je&nbsp;<strong>zelf gemaakt<\/strong>.<\/p>\n\n\n\n<p><\/p>\n\n\n\n<p>Volg een 5-daagse cursus (2 uur per dag) om <strong>maak een zelfportret<\/strong> niet <strong>zoals de anderen<\/strong>. <strong>Experiment<\/strong> puttend uit verschillende <strong>media<\/strong>, <strong>aspecten<\/strong>, <strong>technieken<\/strong> en<strong> houdingen<\/strong> ! Voor kinderen van 7 tot 10 jaar.<\/p>\n\n\n\n<h2>En ook...<\/h2>\n\n\n\n<p>De <strong><a href=\"https:\/\/www.creilsudoise.fr\/petits-pas-grandes-histoires\/\" target=\"_blank\" rel=\"noreferrer noopener\">festival voor jonge kinderen<\/a><\/strong> door de<strong><a href=\"https:\/\/www.creilsudoise.fr\/\" target=\"_blank\" rel=\"noreferrer noopener\">Groot Creil Sud Oise<\/a><\/strong> biedt <strong>de hele maand<\/strong> <strong>Oktober<\/strong> inclusief activiteiten voor kinderen van 0-5 jaar : <strong>speelgoedbibliotheek<\/strong>, <strong>tentoonstellingen<\/strong>, <strong>workshops<\/strong>, <strong>toont<\/strong>, <strong>oude muziek<\/strong>, <strong>babylezers<\/strong>&#8230;<br><br>De<strong><a href=\"https:\/\/www.creilsudoise-tourisme.fr\/nl\/agenda-animations\/fete-foraine-dautomne-a-creil\/\" target=\"_blank\" rel=\"noreferrer noopener\"> Creil kermis<\/a><\/strong> is terug voor de <strong>vakantie<\/strong> !<br><br>De<a href=\"https:\/\/www.creilsudoise-tourisme.fr\/nl\/agenda-animations\/foire-aux-marrons\/\" target=\"_blank\" rel=\"noreferrer noopener\"> kastanjebeurs<\/a> de Creil keert terug voor zijn <strong>814e<\/strong> editie (<em>dan dit?<\/em>) ! Afspraak in het stadscentrum voor een <strong>gezellige dag<\/strong> en <strong>feestelijk<\/strong>.<\/p>\n\n\n\n<p><\/p>\n\n\n\n<hr class=\"wp-block-separator has-alpha-channel-opacity\"\/>\n\n\n\n<p class=\"has-text-align-center\">We wensen u <strong>fijne feestdagen<\/strong> en <strong>mooie ontdekkingen<\/strong> !<\/p>\n\n\n\n<hr class=\"wp-block-separator has-alpha-channel-opacity\"\/>\n\n\n\n<div class=\"is-content-justification-center is-layout-flex wp-container-20 wp-block-buttons\">\n<div class=\"wp-block-button\"><a class=\"wp-block-button__link wp-element-button\" href=\"https:\/\/www.creilsudoise-tourisme.fr\/nl\/agenda\/\">AL DE AGENDA<\/a><\/div>\n<\/div>","protected":false},"excerpt":{"rendered":"<p>De herfst en zijn mooie oranje kleuren zijn gearriveerd! Omdat het niet alleen maar slecht weer en verkoudheid is, is het tijd om een serie in te halen of een goed boek te lezen onder je favoriete deken... maar bovenal is het tijd om wat enge activiteiten te ontdekken met Halloween [...].<\/p>","protected":false},"author":10,"featured_media":65743,"comment_status":"closed","ping_status":"closed","sticky":false,"template":"","format":"standard","meta":{"_relevanssi_hide_post":"","_relevanssi_hide_content":"","_relevanssi_pin_for_all":"","_relevanssi_pin_keywords":"","_relevanssi_unpin_keywords":"","_relevanssi_related_keywords":"","_relevanssi_related_include_ids":"","_relevanssi_related_exclude_ids":"","_relevanssi_related_no_append":"","_relevanssi_related_not_related":"","_relevanssi_related_posts":"43606,37317,58743,56025,37920,57870","_relevanssi_noindex_reason":""},"categories":[5],"tags":[],"yoast_head":"<!-- This site is optimized with the Yoast SEO plugin v20.2.1 - https:\/\/yoast.com\/wordpress\/plugins\/seo\/ -->\n<title>Activit\u00e9s pour les vacances de la Toussaint<\/title>\n<meta name=\"description\" content=\"D\u00e9couvrez les sorties \u00e0 faire en famille ou entre amis \u00e0 Creil Sud Oise, pr\u00e8s de Chantilly et Senlis, lors des vacances de la Toussaint.\" \/>\n<meta name=\"robots\" content=\"index, follow, max-snippet:-1, max-image-preview:large, max-video-preview:-1\" \/>\n<link rel=\"canonical\" href=\"https:\/\/www.creilsudoise-tourisme.fr\/nl\/2025\/10\/09\/vakantie-toussaint-2\/\" \/>\n<meta property=\"og:locale\" content=\"nl_NL\" \/>\n<meta property=\"og:type\" content=\"article\" \/>\n<meta property=\"og:title\" content=\"Activit\u00e9s pour les vacances de la Toussaint\" \/>\n<meta property=\"og:description\" content=\"D\u00e9couvrez les sorties \u00e0 faire en famille ou entre amis \u00e0 Creil Sud Oise, pr\u00e8s de Chantilly et Senlis, lors des vacances de la Toussaint.\" \/>\n<meta property=\"og:url\" content=\"https:\/\/www.creilsudoise-tourisme.fr\/nl\/2025\/10\/09\/vakantie-toussaint-2\/\" \/>\n<meta property=\"og:site_name\" content=\"Office de Tourisme Creil Sud Oise\" \/>\n<meta property=\"article:publisher\" content=\"https:\/\/www.facebook.com\/creilsudoisetourisme\/\" \/>\n<meta property=\"article:published_time\" content=\"2025-10-09T10:12:59+00:00\" \/>\n<meta property=\"article:modified_time\" content=\"2025-11-04T11:22:39+00:00\" \/>\n<meta property=\"og:image\" content=\"https:\/\/www.creilsudoise-tourisme.fr\/wp-content\/uploads\/2025\/10\/Vacances-Toussaint-2025-1.jpg\" \/>\n\t<meta property=\"og:image:width\" content=\"1480\" \/>\n\t<meta property=\"og:image:height\" content=\"740\" \/>\n\t<meta property=\"og:image:type\" content=\"image\/jpeg\" \/>\n<meta name=\"author\" content=\"emilie\" \/>\n<meta name=\"twitter:card\" content=\"summary_large_image\" \/>\n<meta name=\"twitter:creator\" content=\"@CreilSudOiseOT\" \/>\n<meta name=\"twitter:site\" content=\"@CreilSudOiseOT\" \/>\n<meta name=\"twitter:label1\" content=\"Geschreven door\" \/>\n\t<meta name=\"twitter:data1\" content=\"emilie\" \/>\n\t<meta name=\"twitter:label2\" content=\"Geschatte leestijd\" \/>\n\t<meta name=\"twitter:data2\" content=\"9 minuten\" \/>\n<script type=\"application\/ld+json\" class=\"yoast-schema-graph\">{\"@context\":\"https:\/\/schema.org\",\"@graph\":[{\"@type\":\"Article\",\"@id\":\"https:\/\/www.creilsudoise-tourisme.fr\/2025\/10\/09\/vacances-toussaint-2\/#article\",\"isPartOf\":{\"@id\":\"https:\/\/www.creilsudoise-tourisme.fr\/2025\/10\/09\/vacances-toussaint-2\/\"},\"author\":{\"name\":\"emilie\",\"@id\":\"https:\/\/www.creilsudoise-tourisme.fr\/#\/schema\/person\/81a1ab3a236faa5508e8f47600a85072\"},\"headline\":\"Vacances de la Toussaint\",\"datePublished\":\"2025-10-09T10:12:59+00:00\",\"dateModified\":\"2025-11-04T11:22:39+00:00\",\"mainEntityOfPage\":{\"@id\":\"https:\/\/www.creilsudoise-tourisme.fr\/2025\/10\/09\/vacances-toussaint-2\/\"},\"wordCount\":1837,\"publisher\":{\"@id\":\"https:\/\/www.creilsudoise-tourisme.fr\/#organization\"},\"articleSection\":[\"Actus\"],\"inLanguage\":\"nl\"},{\"@type\":\"WebPage\",\"@id\":\"https:\/\/www.creilsudoise-tourisme.fr\/2025\/10\/09\/vacances-toussaint-2\/\",\"url\":\"https:\/\/www.creilsudoise-tourisme.fr\/2025\/10\/09\/vacances-toussaint-2\/\",\"name\":\"Activit\u00e9s pour les vacances de la Toussaint\",\"isPartOf\":{\"@id\":\"https:\/\/www.creilsudoise-tourisme.fr\/#website\"},\"datePublished\":\"2025-10-09T10:12:59+00:00\",\"dateModified\":\"2025-11-04T11:22:39+00:00\",\"description\":\"D\u00e9couvrez les sorties \u00e0 faire en famille ou entre amis \u00e0 Creil Sud Oise, pr\u00e8s de Chantilly et Senlis, lors des vacances de la Toussaint.\",\"breadcrumb\":{\"@id\":\"https:\/\/www.creilsudoise-tourisme.fr\/2025\/10\/09\/vacances-toussaint-2\/#breadcrumb\"},\"inLanguage\":\"nl\",\"potentialAction\":[{\"@type\":\"ReadAction\",\"target\":[\"https:\/\/www.creilsudoise-tourisme.fr\/2025\/10\/09\/vacances-toussaint-2\/\"]}]},{\"@type\":\"BreadcrumbList\",\"@id\":\"https:\/\/www.creilsudoise-tourisme.fr\/2025\/10\/09\/vacances-toussaint-2\/#breadcrumb\",\"itemListElement\":[{\"@type\":\"ListItem\",\"position\":1,\"name\":\"Accueil\",\"item\":\"https:\/\/www.creilsudoise-tourisme.fr\/\"},{\"@type\":\"ListItem\",\"position\":2,\"name\":\"Vacances de la Toussaint\"}]},{\"@type\":\"WebSite\",\"@id\":\"https:\/\/www.creilsudoise-tourisme.fr\/#website\",\"url\":\"https:\/\/www.creilsudoise-tourisme.fr\/\",\"name\":\"Office de Tourisme Creil Sud Oise\",\"description\":\"Creil Sud Oise Tourisme, un territoire \u00e0 explorer !\",\"publisher\":{\"@id\":\"https:\/\/www.creilsudoise-tourisme.fr\/#organization\"},\"potentialAction\":[{\"@type\":\"SearchAction\",\"target\":{\"@type\":\"EntryPoint\",\"urlTemplate\":\"https:\/\/www.creilsudoise-tourisme.fr\/?s={search_term_string}\"},\"query-input\":\"required name=search_term_string\"}],\"inLanguage\":\"nl\"},{\"@type\":\"Organization\",\"@id\":\"https:\/\/www.creilsudoise-tourisme.fr\/#organization\",\"name\":\"Creil Sud Oise Tourisme\",\"url\":\"https:\/\/www.creilsudoise-tourisme.fr\/\",\"logo\":{\"@type\":\"ImageObject\",\"inLanguage\":\"nl\",\"@id\":\"https:\/\/www.creilsudoise-tourisme.fr\/#\/schema\/logo\/image\/\",\"url\":\"https:\/\/www.creilsudoise-tourisme.fr\/wp-content\/uploads\/2021\/05\/logo-svg.png\",\"contentUrl\":\"https:\/\/www.creilsudoise-tourisme.fr\/wp-content\/uploads\/2021\/05\/logo-svg.png\",\"width\":182,\"height\":71,\"caption\":\"Creil Sud Oise Tourisme\"},\"image\":{\"@id\":\"https:\/\/www.creilsudoise-tourisme.fr\/#\/schema\/logo\/image\/\"},\"sameAs\":[\"https:\/\/www.facebook.com\/creilsudoisetourisme\/\",\"https:\/\/twitter.com\/CreilSudOiseOT\",\"https:\/\/www.instagram.com\/creilsudoisetourisme\/\",\"https:\/\/www.youtube.com\/channel\/UC8L_QD2wwyADW14zt9fY8kw\"]},{\"@type\":\"Person\",\"@id\":\"https:\/\/www.creilsudoise-tourisme.fr\/#\/schema\/person\/81a1ab3a236faa5508e8f47600a85072\",\"name\":\"emilie\",\"image\":{\"@type\":\"ImageObject\",\"inLanguage\":\"nl\",\"@id\":\"https:\/\/www.creilsudoise-tourisme.fr\/#\/schema\/person\/image\/\",\"url\":\"https:\/\/secure.gravatar.com\/avatar\/63ed1ecafae1b27e36a71e8626bc354f?s=96&d=mm&r=g\",\"contentUrl\":\"https:\/\/secure.gravatar.com\/avatar\/63ed1ecafae1b27e36a71e8626bc354f?s=96&d=mm&r=g\",\"caption\":\"emilie\"},\"url\":\"https:\/\/www.creilsudoise-tourisme.fr\/nl\/auteur\/emilie\/\"}]}<\/script>\n<!-- \/ Yoast SEO plugin. -->","yoast_head_json":{"title":"Activit\u00e9s pour les vacances de la Toussaint","description":"D\u00e9couvrez les sorties \u00e0 faire en famille ou entre amis \u00e0 Creil Sud Oise, pr\u00e8s de Chantilly et Senlis, lors des vacances de la Toussaint.","robots":{"index":"index","follow":"follow","max-snippet":"max-snippet:-1","max-image-preview":"max-image-preview:large","max-video-preview":"max-video-preview:-1"},"canonical":"https:\/\/www.creilsudoise-tourisme.fr\/nl\/2025\/10\/09\/vakantie-toussaint-2\/","og_locale":"nl_NL","og_type":"article","og_title":"Activit\u00e9s pour les vacances de la Toussaint","og_description":"D\u00e9couvrez les sorties \u00e0 faire en famille ou entre amis \u00e0 Creil Sud Oise, pr\u00e8s de Chantilly et Senlis, lors des vacances de la Toussaint.","og_url":"https:\/\/www.creilsudoise-tourisme.fr\/nl\/2025\/10\/09\/vakantie-toussaint-2\/","og_site_name":"Office de Tourisme Creil Sud Oise","article_publisher":"https:\/\/www.facebook.com\/creilsudoisetourisme\/","article_published_time":"2025-10-09T10:12:59+00:00","article_modified_time":"2025-11-04T11:22:39+00:00","og_image":[{"width":1480,"height":740,"url":"https:\/\/www.creilsudoise-tourisme.fr\/wp-content\/uploads\/2025\/10\/Vacances-Toussaint-2025-1.jpg","type":"image\/jpeg"}],"author":"emilie","twitter_card":"summary_large_image","twitter_creator":"@CreilSudOiseOT","twitter_site":"@CreilSudOiseOT","twitter_misc":{"Geschreven door":"emilie","Geschatte leestijd":"9 minuten"},"schema":{"@context":"https:\/\/schema.org","@graph":[{"@type":"Article","@id":"https:\/\/www.creilsudoise-tourisme.fr\/2025\/10\/09\/vacances-toussaint-2\/#article","isPartOf":{"@id":"https:\/\/www.creilsudoise-tourisme.fr\/2025\/10\/09\/vacances-toussaint-2\/"},"author":{"name":"emilie","@id":"https:\/\/www.creilsudoise-tourisme.fr\/#\/schema\/person\/81a1ab3a236faa5508e8f47600a85072"},"headline":"Vacances de la Toussaint","datePublished":"2025-10-09T10:12:59+00:00","dateModified":"2025-11-04T11:22:39+00:00","mainEntityOfPage":{"@id":"https:\/\/www.creilsudoise-tourisme.fr\/2025\/10\/09\/vacances-toussaint-2\/"},"wordCount":1837,"publisher":{"@id":"https:\/\/www.creilsudoise-tourisme.fr\/#organization"},"articleSection":["Actus"],"inLanguage":"nl"},{"@type":"WebPage","@id":"https:\/\/www.creilsudoise-tourisme.fr\/2025\/10\/09\/vacances-toussaint-2\/","url":"https:\/\/www.creilsudoise-tourisme.fr\/2025\/10\/09\/vacances-toussaint-2\/","name":"Activit\u00e9s pour les vacances de la Toussaint","isPartOf":{"@id":"https:\/\/www.creilsudoise-tourisme.fr\/#website"},"datePublished":"2025-10-09T10:12:59+00:00","dateModified":"2025-11-04T11:22:39+00:00","description":"D\u00e9couvrez les sorties \u00e0 faire en famille ou entre amis \u00e0 Creil Sud Oise, pr\u00e8s de Chantilly et Senlis, lors des vacances de la Toussaint.","breadcrumb":{"@id":"https:\/\/www.creilsudoise-tourisme.fr\/2025\/10\/09\/vacances-toussaint-2\/#breadcrumb"},"inLanguage":"nl","potentialAction":[{"@type":"ReadAction","target":["https:\/\/www.creilsudoise-tourisme.fr\/2025\/10\/09\/vacances-toussaint-2\/"]}]},{"@type":"BreadcrumbList","@id":"https:\/\/www.creilsudoise-tourisme.fr\/2025\/10\/09\/vacances-toussaint-2\/#breadcrumb","itemListElement":[{"@type":"ListItem","position":1,"name":"Accueil","item":"https:\/\/www.creilsudoise-tourisme.fr\/"},{"@type":"ListItem","position":2,"name":"Vacances de la Toussaint"}]},{"@type":"WebSite","@id":"https:\/\/www.creilsudoise-tourisme.fr\/#website","url":"https:\/\/www.creilsudoise-tourisme.fr\/","name":"Office de Tourisme Creil Sud Oise","description":"Creil Sud Oise Tourisme, un territoire \u00e0 explorer !","publisher":{"@id":"https:\/\/www.creilsudoise-tourisme.fr\/#organization"},"potentialAction":[{"@type":"SearchAction","target":{"@type":"EntryPoint","urlTemplate":"https:\/\/www.creilsudoise-tourisme.fr\/?s={search_term_string}"},"query-input":"required name=search_term_string"}],"inLanguage":"nl"},{"@type":"Organization","@id":"https:\/\/www.creilsudoise-tourisme.fr\/#organization","name":"Creil Sud Oise Tourisme","url":"https:\/\/www.creilsudoise-tourisme.fr\/","logo":{"@type":"ImageObject","inLanguage":"nl","@id":"https:\/\/www.creilsudoise-tourisme.fr\/#\/schema\/logo\/image\/","url":"https:\/\/www.creilsudoise-tourisme.fr\/wp-content\/uploads\/2021\/05\/logo-svg.png","contentUrl":"https:\/\/www.creilsudoise-tourisme.fr\/wp-content\/uploads\/2021\/05\/logo-svg.png","width":182,"height":71,"caption":"Creil Sud Oise Tourisme"},"image":{"@id":"https:\/\/www.creilsudoise-tourisme.fr\/#\/schema\/logo\/image\/"},"sameAs":["https:\/\/www.facebook.com\/creilsudoisetourisme\/","https:\/\/twitter.com\/CreilSudOiseOT","https:\/\/www.instagram.com\/creilsudoisetourisme\/","https:\/\/www.youtube.com\/channel\/UC8L_QD2wwyADW14zt9fY8kw"]},{"@type":"Person","@id":"https:\/\/www.creilsudoise-tourisme.fr\/#\/schema\/person\/81a1ab3a236faa5508e8f47600a85072","name":"emilie","image":{"@type":"ImageObject","inLanguage":"nl","@id":"https:\/\/www.creilsudoise-tourisme.fr\/#\/schema\/person\/image\/","url":"https:\/\/secure.gravatar.com\/avatar\/63ed1ecafae1b27e36a71e8626bc354f?s=96&d=mm&r=g","contentUrl":"https:\/\/secure.gravatar.com\/avatar\/63ed1ecafae1b27e36a71e8626bc354f?s=96&d=mm&r=g","caption":"emilie"},"url":"https:\/\/www.creilsudoise-tourisme.fr\/nl\/auteur\/emilie\/"}]}},"_links":{"self":[{"href":"https:\/\/www.creilsudoise-tourisme.fr\/nl\/wp-json\/wp\/v2\/posts\/65722"}],"collection":[{"href":"https:\/\/www.creilsudoise-tourisme.fr\/nl\/wp-json\/wp\/v2\/posts"}],"about":[{"href":"https:\/\/www.creilsudoise-tourisme.fr\/nl\/wp-json\/wp\/v2\/types\/post"}],"author":[{"embeddable":true,"href":"https:\/\/www.creilsudoise-tourisme.fr\/nl\/wp-json\/wp\/v2\/users\/10"}],"replies":[{"embeddable":true,"href":"https:\/\/www.creilsudoise-tourisme.fr\/nl\/wp-json\/wp\/v2\/comments?post=65722"}],"version-history":[{"count":42,"href":"https:\/\/www.creilsudoise-tourisme.fr\/nl\/wp-json\/wp\/v2\/posts\/65722\/revisions"}],"predecessor-version":[{"id":65913,"href":"https:\/\/www.creilsudoise-tourisme.fr\/nl\/wp-json\/wp\/v2\/posts\/65722\/revisions\/65913"}],"wp:featuredmedia":[{"embeddable":true,"href":"https:\/\/www.creilsudoise-tourisme.fr\/nl\/wp-json\/wp\/v2\/media\/65743"}],"wp:attachment":[{"href":"https:\/\/www.creilsudoise-tourisme.fr\/nl\/wp-json\/wp\/v2\/media?parent=65722"}],"wp:term":[{"taxonomy":"category","embeddable":true,"href":"https:\/\/www.creilsudoise-tourisme.fr\/nl\/wp-json\/wp\/v2\/categories?post=65722"},{"taxonomy":"post_tag","embeddable":true,"href":"https:\/\/www.creilsudoise-tourisme.fr\/nl\/wp-json\/wp\/v2\/tags?post=65722"}],"curies":[{"name":"wp","href":"https:\/\/api.w.org\/{rel}","templated":true}]}}