{"id":63226,"date":"2025-06-26T14:14:18","date_gmt":"2025-06-26T12:14:18","guid":{"rendered":"https:\/\/www.creilsudoise-tourisme.fr\/?p=63226"},"modified":"2025-10-08T10:32:34","modified_gmt":"2025-10-08T08:32:34","slug":"vacances-ete","status":"publish","type":"post","link":"https:\/\/www.creilsudoise-tourisme.fr\/nl\/2025\/06\/26\/zomervakantie-2\/","title":{"rendered":"Het is zomervakantie!"},"content":{"rendered":"<p><\/p>\n\n\n\n<p class=\"is-style-excerpt\"><strong>Het is zover: het is eindelijk vakantie! <\/strong>Of je nu in de Oise woont of op doorreis bent, er is genoeg om je bezig te houden deze zomer! Bekijk hieronder onze selectie activiteiten.<\/p>\n\n\n\n<h2>C'est l'\u00e9t\u00e9\" stadsprogramma<\/h2>\n\n\n\n<h3>In Villers-Saint-Paul<\/h3>\n\n\n\n<p><strong>Opblaasbare structuren, bordspellen, sportactiviteiten, knutselen, smoothiebar<\/strong>vervaardiging van <strong>natuurlijke cosmetica<\/strong>, <strong>gezamenlijke maaltijd<\/strong> en <strong>dansende<\/strong>,<strong> concert, openluchtbioscoop en tentoonstelling<\/strong> <strong>participatief <\/strong>op <strong>de geschiedenis van Villers-Saint-Paul<\/strong> (<em>dat is alles<\/em>) is wat Villers-Saint-Paul voorstelt binnen de \"\u00a0<strong><a href=\"https:\/\/www.villers-saint-paul.fr\/actualite\/mon-%C3%A9t%C3%A9-%C3%A0-villers-2025\" target=\"_blank\" rel=\"noreferrer noopener\">Mijn zomer in Villers<\/a><\/strong>\u00a0\" ! Er worden ook uitstapjes buiten de stad georganiseerd. <strong>Reservering aanbevolen<\/strong> !<\/p>\n\n\n\n<h3>In Creil<\/h3>\n\n\n\n<p>De stad van <strong>Creil<\/strong> zoals elk jaar <strong>zomer<\/strong>aan de mensen van Creillois, <strong><a href=\"https:\/\/www.creil.fr\/actualites\/programme-des-vacances-ete-service-jeunesse?fbclid=IwY2xjawLHjhZleHRuA2FlbQIxMABicmlkETFDRlJuVkcxTTg5S3NPdktrAR4FpJBFLZ6BSyAHm_PVjxeZvC2qFNqD0efv6tceZfsWUhJVTfsRPek47CG5ew_aem_v2KCwwUn8wmJubPSrMGAeA\" target=\"_blank\" rel=\"noreferrer noopener\">uitstapjes buiten de stad <\/a><\/strong> om <strong>reizen<\/strong>. <strong>Reservering aanbevolen<\/strong> !<\/p>\n\n\n\n<h3>In Montataire<\/h3>\n\n\n\n<p><strong>Sport <\/strong>(basketbal, turnen, tennis, voetbal), <strong>taartworkshop, groot feest, viering<\/strong> sociaal centrum over het thema<strong>Azi\u00eb<\/strong>, <strong>erfgoedrally, openluchtbioscoop, tekencursus, paardrijmiddag, naaien, goochelen, spelletjesmiddag, tuinieren<\/strong>en<strong>andere activiteiten<\/strong> wachten op je met de stad van <strong>Montataire<\/strong> voor <strong><a href=\"https:\/\/mairie-montataire.fr\/app\/uploads\/2025\/06\/QE2025-progA5-BD-planche.pdf\" target=\"_blank\" rel=\"noreferrer noopener\">geniet van de zomer<\/a><\/strong> ! Van <strong>pauzes buiten de stad <\/strong>zijn ook gepland. <strong>Reservering aanbevolen<\/strong> !<br><\/p>\n\n\n\n<h2>Allerlei workshops<\/h2>\n\n\n\n<h3>Stenen beeldhouwwerk<\/h3>\n\n\n\n<p>De <strong>stenen beeldhouwwerk<\/strong> Verleid? Dan is dit de plek voor jou, <a href=\"https:\/\/www.creilsudoise-tourisme.fr\/nl\/jexplore\/must-haves\/maison-de-la-pierre\/\"><strong>het huis van Pierre<\/strong><\/a> van woensdag tot vrijdag<strong> inwijdingen<\/strong> tijdens de<strong>e vakantie van 2 maanden<\/strong> ! <em>Je hebt geen excuses meer...<\/em> Het biedt ook<strong> <a href=\"https:\/\/www.creilsudoise-tourisme.fr\/nl\/agenda-animations\/stage-sculpture-sur-pierre-2\/\" target=\"_blank\" rel=\"noreferrer noopener\">halve tot 3-daagse cursussen<\/a><\/strong> ! <em>Waar kan ik boeken?<\/em><\/p>\n\n\n\n<figure class=\"is-layout-flex wp-block-gallery-1 wp-block-gallery has-nested-images columns-default is-cropped\">\n<figure class=\"wp-block-image size-large\"><img decoding=\"async\" loading=\"lazy\" width=\"800\" height=\"1200\" data-id=\"45089\"  data-src=\"https:\/\/www.creilsudoise-tourisme.fr\/wp-content\/uploads\/2023\/02\/155_Maison-de-la-Pierre\u00a92022_Smellinckx-800x1200.jpg\" alt=\"Workshop beeldhouwen in steen in het Maison de la Pierre\" class=\"wp-image-45089\" data-srcset=\"https:\/\/www.creilsudoise-tourisme.fr\/wp-content\/uploads\/2023\/02\/155_Maison-de-la-Pierre\u00a92022_Smellinckx-800x1200.jpg 800w, https:\/\/www.creilsudoise-tourisme.fr\/wp-content\/uploads\/2023\/02\/155_Maison-de-la-Pierre\u00a92022_Smellinckx-400x600.jpg 400w, https:\/\/www.creilsudoise-tourisme.fr\/wp-content\/uploads\/2023\/02\/155_Maison-de-la-Pierre\u00a92022_Smellinckx-600x900.jpg 600w, https:\/\/www.creilsudoise-tourisme.fr\/wp-content\/uploads\/2023\/02\/155_Maison-de-la-Pierre\u00a92022_Smellinckx-1024x1536.jpg 1024w, https:\/\/www.creilsudoise-tourisme.fr\/wp-content\/uploads\/2023\/02\/155_Maison-de-la-Pierre\u00a92022_Smellinckx-8x12.jpg 8w, https:\/\/www.creilsudoise-tourisme.fr\/wp-content\/uploads\/2023\/02\/155_Maison-de-la-Pierre\u00a92022_Smellinckx-200x300.jpg 200w, https:\/\/www.creilsudoise-tourisme.fr\/wp-content\/uploads\/2023\/02\/155_Maison-de-la-Pierre\u00a92022_Smellinckx-650x975.jpg 650w, https:\/\/www.creilsudoise-tourisme.fr\/wp-content\/uploads\/2023\/02\/155_Maison-de-la-Pierre\u00a92022_Smellinckx-282x424.jpg 282w, https:\/\/www.creilsudoise-tourisme.fr\/wp-content\/uploads\/2023\/02\/155_Maison-de-la-Pierre\u00a92022_Smellinckx-387x581.jpg 387w, https:\/\/www.creilsudoise-tourisme.fr\/wp-content\/uploads\/2023\/02\/155_Maison-de-la-Pierre\u00a92022_Smellinckx.jpg 1280w\" sizes=\"(max-width: 800px) 100vw, 800px\" \/><figcaption class=\"wp-element-caption\">Creil Sud Oise Toerisme<\/figcaption><\/figure>\n\n\n\n<figure class=\"wp-block-image size-large\"><img decoding=\"async\" loading=\"lazy\" width=\"1200\" height=\"800\" data-id=\"59267\"  data-src=\"https:\/\/www.creilsudoise-tourisme.fr\/wp-content\/uploads\/wpetourisme\/Sculpture-sur-pierre-1-1200x800.jpg\" alt=\"\" class=\"wp-image-59267\" data-srcset=\"https:\/\/www.creilsudoise-tourisme.fr\/wp-content\/uploads\/wpetourisme\/Sculpture-sur-pierre-1-1200x800.jpg 1200w, https:\/\/www.creilsudoise-tourisme.fr\/wp-content\/uploads\/wpetourisme\/Sculpture-sur-pierre-1-600x400.jpg 600w, https:\/\/www.creilsudoise-tourisme.fr\/wp-content\/uploads\/wpetourisme\/Sculpture-sur-pierre-1-900x600.jpg 900w, https:\/\/www.creilsudoise-tourisme.fr\/wp-content\/uploads\/wpetourisme\/Sculpture-sur-pierre-1-1536x1024.jpg 1536w, https:\/\/www.creilsudoise-tourisme.fr\/wp-content\/uploads\/wpetourisme\/Sculpture-sur-pierre-1-18x12.jpg 18w, https:\/\/www.creilsudoise-tourisme.fr\/wp-content\/uploads\/wpetourisme\/Sculpture-sur-pierre-1-200x133.jpg 200w, https:\/\/www.creilsudoise-tourisme.fr\/wp-content\/uploads\/wpetourisme\/Sculpture-sur-pierre-1-650x433.jpg 650w, https:\/\/www.creilsudoise-tourisme.fr\/wp-content\/uploads\/wpetourisme\/Sculpture-sur-pierre-1-387x258.jpg 387w, https:\/\/www.creilsudoise-tourisme.fr\/wp-content\/uploads\/wpetourisme\/Sculpture-sur-pierre-1.jpg 1600w\" sizes=\"(max-width: 1200px) 100vw, 1200px\" \/><figcaption class=\"wp-element-caption\">Creil Sud Oise Toerisme<\/figcaption><\/figure>\n\n\n\n<figure class=\"wp-block-image size-large\"><img decoding=\"async\" loading=\"lazy\" width=\"1200\" height=\"725\" data-id=\"34654\"  data-src=\"https:\/\/www.creilsudoise-tourisme.fr\/wp-content\/uploads\/2021\/05\/Stage-de-sculpture-sur-pierre-a-la-Maison-de-la-Pierre-a-Saint-Maximin-1200x725.jpg\" alt=\"Een cursus steenhouwen in het Maison de la Pierre in Saint-Maximin\" class=\"wp-image-34654\" data-srcset=\"https:\/\/www.creilsudoise-tourisme.fr\/wp-content\/uploads\/2021\/05\/Stage-de-sculpture-sur-pierre-a-la-Maison-de-la-Pierre-a-Saint-Maximin-1200x725.jpg 1200w, https:\/\/www.creilsudoise-tourisme.fr\/wp-content\/uploads\/2021\/05\/Stage-de-sculpture-sur-pierre-a-la-Maison-de-la-Pierre-a-Saint-Maximin-600x362.jpg 600w, https:\/\/www.creilsudoise-tourisme.fr\/wp-content\/uploads\/2021\/05\/Stage-de-sculpture-sur-pierre-a-la-Maison-de-la-Pierre-a-Saint-Maximin-900x543.jpg 900w, https:\/\/www.creilsudoise-tourisme.fr\/wp-content\/uploads\/2021\/05\/Stage-de-sculpture-sur-pierre-a-la-Maison-de-la-Pierre-a-Saint-Maximin-1536x927.jpg 1536w, https:\/\/www.creilsudoise-tourisme.fr\/wp-content\/uploads\/2021\/05\/Stage-de-sculpture-sur-pierre-a-la-Maison-de-la-Pierre-a-Saint-Maximin-200x121.jpg 200w, https:\/\/www.creilsudoise-tourisme.fr\/wp-content\/uploads\/2021\/05\/Stage-de-sculpture-sur-pierre-a-la-Maison-de-la-Pierre-a-Saint-Maximin-650x392.jpg 650w, https:\/\/www.creilsudoise-tourisme.fr\/wp-content\/uploads\/2021\/05\/Stage-de-sculpture-sur-pierre-a-la-Maison-de-la-Pierre-a-Saint-Maximin-416x251.jpg 416w, https:\/\/www.creilsudoise-tourisme.fr\/wp-content\/uploads\/2021\/05\/Stage-de-sculpture-sur-pierre-a-la-Maison-de-la-Pierre-a-Saint-Maximin-387x234.jpg 387w, https:\/\/www.creilsudoise-tourisme.fr\/wp-content\/uploads\/2021\/05\/Stage-de-sculpture-sur-pierre-a-la-Maison-de-la-Pierre-a-Saint-Maximin.jpg 1600w\" sizes=\"(max-width: 1200px) 100vw, 1200px\" \/><figcaption class=\"wp-element-caption\">Creil Sud Oise Toerisme<\/figcaption><\/figure>\n\n\n\n<figure class=\"wp-block-image size-large\"><img decoding=\"async\" loading=\"lazy\" width=\"1200\" height=\"800\" data-id=\"61272\"  data-src=\"https:\/\/www.creilsudoise-tourisme.fr\/wp-content\/uploads\/wpetourisme\/Maison-Pierre-Saint-Maximin-Smellinckx-Oise-Tourisme--41--1200x800.jpg\" alt=\"\" class=\"wp-image-61272\" data-srcset=\"https:\/\/www.creilsudoise-tourisme.fr\/wp-content\/uploads\/wpetourisme\/Maison-Pierre-Saint-Maximin-Smellinckx-Oise-Tourisme--41--1200x800.jpg 1200w, https:\/\/www.creilsudoise-tourisme.fr\/wp-content\/uploads\/wpetourisme\/Maison-Pierre-Saint-Maximin-Smellinckx-Oise-Tourisme--41--600x400.jpg 600w, https:\/\/www.creilsudoise-tourisme.fr\/wp-content\/uploads\/wpetourisme\/Maison-Pierre-Saint-Maximin-Smellinckx-Oise-Tourisme--41--900x600.jpg 900w, https:\/\/www.creilsudoise-tourisme.fr\/wp-content\/uploads\/wpetourisme\/Maison-Pierre-Saint-Maximin-Smellinckx-Oise-Tourisme--41--1536x1024.jpg 1536w, https:\/\/www.creilsudoise-tourisme.fr\/wp-content\/uploads\/wpetourisme\/Maison-Pierre-Saint-Maximin-Smellinckx-Oise-Tourisme--41--2048x1365.jpg 2048w, https:\/\/www.creilsudoise-tourisme.fr\/wp-content\/uploads\/wpetourisme\/Maison-Pierre-Saint-Maximin-Smellinckx-Oise-Tourisme--41--18x12.jpg 18w, https:\/\/www.creilsudoise-tourisme.fr\/wp-content\/uploads\/wpetourisme\/Maison-Pierre-Saint-Maximin-Smellinckx-Oise-Tourisme--41--200x133.jpg 200w, https:\/\/www.creilsudoise-tourisme.fr\/wp-content\/uploads\/wpetourisme\/Maison-Pierre-Saint-Maximin-Smellinckx-Oise-Tourisme--41--650x433.jpg 650w, https:\/\/www.creilsudoise-tourisme.fr\/wp-content\/uploads\/wpetourisme\/Maison-Pierre-Saint-Maximin-Smellinckx-Oise-Tourisme--41--387x258.jpg 387w\" sizes=\"(max-width: 1200px) 100vw, 1200px\" \/><\/figure>\n<\/figure>\n\n\n\n<h3>Creatieve workshop<\/h3>\n\n\n\n<p>De <strong><a href=\"https:\/\/www.creilsudoise-tourisme.fr\/nl\/jexplore\/must-haves\/\" target=\"_blank\" rel=\"noreferrer noopener\">Clouterie Rivierre<\/a><\/strong> in Creil biedt een <a href=\"https:\/\/www.creilsudoise-tourisme.fr\/nl\/agenda-animations\/visite-et-atelier-creatif-a-la-clouterie\/\" target=\"_blank\" rel=\"noreferrer noopener\"><strong>ludiek bezoek<\/strong><\/a> van haar <strong>fabriek<\/strong>gevolgd door een <strong>creatieve workshop<\/strong> rond de nagels: onder begeleiding van een volwassene vertrekt je kind met zijn of haar eigen <strong>creatie<\/strong> ! Wie weet, sommige <strong>roepingen<\/strong> misschien geboren zal worden?<\/p>\n\n\n\n<figure class=\"is-layout-flex wp-block-gallery-3 wp-block-gallery has-nested-images columns-default is-cropped\">\n<figure class=\"wp-block-image size-large\"><img decoding=\"async\" loading=\"lazy\" width=\"1200\" height=\"674\" data-id=\"49750\"  data-src=\"https:\/\/www.creilsudoise-tourisme.fr\/wp-content\/uploads\/wpetourisme\/Clouterie-Rivierre-Creil-Visite-guidee-Oise-Tourisme--2--1200x674.jpg\" alt=\"\" class=\"wp-image-49750\" data-srcset=\"https:\/\/www.creilsudoise-tourisme.fr\/wp-content\/uploads\/wpetourisme\/Clouterie-Rivierre-Creil-Visite-guidee-Oise-Tourisme--2--1200x674.jpg 1200w, https:\/\/www.creilsudoise-tourisme.fr\/wp-content\/uploads\/wpetourisme\/Clouterie-Rivierre-Creil-Visite-guidee-Oise-Tourisme--2--600x337.jpg 600w, https:\/\/www.creilsudoise-tourisme.fr\/wp-content\/uploads\/wpetourisme\/Clouterie-Rivierre-Creil-Visite-guidee-Oise-Tourisme--2--900x505.jpg 900w, https:\/\/www.creilsudoise-tourisme.fr\/wp-content\/uploads\/wpetourisme\/Clouterie-Rivierre-Creil-Visite-guidee-Oise-Tourisme--2--18x10.jpg 18w, https:\/\/www.creilsudoise-tourisme.fr\/wp-content\/uploads\/wpetourisme\/Clouterie-Rivierre-Creil-Visite-guidee-Oise-Tourisme--2--200x112.jpg 200w, https:\/\/www.creilsudoise-tourisme.fr\/wp-content\/uploads\/wpetourisme\/Clouterie-Rivierre-Creil-Visite-guidee-Oise-Tourisme--2--650x365.jpg 650w, https:\/\/www.creilsudoise-tourisme.fr\/wp-content\/uploads\/wpetourisme\/Clouterie-Rivierre-Creil-Visite-guidee-Oise-Tourisme--2--387x217.jpg 387w, https:\/\/www.creilsudoise-tourisme.fr\/wp-content\/uploads\/wpetourisme\/Clouterie-Rivierre-Creil-Visite-guidee-Oise-Tourisme--2-.JPG 1364w\" sizes=\"(max-width: 1200px) 100vw, 1200px\" \/><\/figure>\n\n\n\n<figure class=\"wp-block-image size-large\"><img decoding=\"async\" loading=\"lazy\" width=\"1200\" height=\"674\" data-id=\"49746\"  data-src=\"https:\/\/www.creilsudoise-tourisme.fr\/wp-content\/uploads\/wpetourisme\/Clouterie-Rivierre-Creil-Visite-guidee-Oise-Tourisme--3--1200x674.jpg\" alt=\"\" class=\"wp-image-49746\" data-srcset=\"https:\/\/www.creilsudoise-tourisme.fr\/wp-content\/uploads\/wpetourisme\/Clouterie-Rivierre-Creil-Visite-guidee-Oise-Tourisme--3--1200x674.jpg 1200w, https:\/\/www.creilsudoise-tourisme.fr\/wp-content\/uploads\/wpetourisme\/Clouterie-Rivierre-Creil-Visite-guidee-Oise-Tourisme--3--600x337.jpg 600w, https:\/\/www.creilsudoise-tourisme.fr\/wp-content\/uploads\/wpetourisme\/Clouterie-Rivierre-Creil-Visite-guidee-Oise-Tourisme--3--900x505.jpg 900w, https:\/\/www.creilsudoise-tourisme.fr\/wp-content\/uploads\/wpetourisme\/Clouterie-Rivierre-Creil-Visite-guidee-Oise-Tourisme--3--18x10.jpg 18w, https:\/\/www.creilsudoise-tourisme.fr\/wp-content\/uploads\/wpetourisme\/Clouterie-Rivierre-Creil-Visite-guidee-Oise-Tourisme--3--200x112.jpg 200w, https:\/\/www.creilsudoise-tourisme.fr\/wp-content\/uploads\/wpetourisme\/Clouterie-Rivierre-Creil-Visite-guidee-Oise-Tourisme--3--650x365.jpg 650w, https:\/\/www.creilsudoise-tourisme.fr\/wp-content\/uploads\/wpetourisme\/Clouterie-Rivierre-Creil-Visite-guidee-Oise-Tourisme--3--387x217.jpg 387w, https:\/\/www.creilsudoise-tourisme.fr\/wp-content\/uploads\/wpetourisme\/Clouterie-Rivierre-Creil-Visite-guidee-Oise-Tourisme--3-.JPG 1364w\" sizes=\"(max-width: 1200px) 100vw, 1200px\" \/><\/figure>\n<\/figure>\n\n\n\n<h3>Dieren ontdekken<\/h3>\n\n\n\n<p><a href=\"https:\/\/www.creilsudoise-tourisme.fr\/nl\/agenda-animations\/stage-a-la-ferme-pedagogique\/\" target=\"_blank\" rel=\"noreferrer noopener\">Ontdek het leven op een boerderij<\/a> door deel te nemen aan <strong>zorg<\/strong> en<strong> voeding<\/strong> dieren met de <a href=\"https:\/\/www.nogentsuroise.fr\/a-tout-age\/enfance-et-education\/ferme-pedagogique\" target=\"_blank\" rel=\"noreferrer noopener\">Nogent-sur-Oise educatieve boerderij<\/a> en een uitstapje maken naar een manege <strong>ontmoet de pony's en paarden<\/strong> !<\/p>\n\n\n\n<p><\/p>\n\n\n\n<h3>Treinritje<\/h3>\n\n\n\n<p>Voor een <strong><a href=\"https:\/\/www.creilsudoise-tourisme.fr\/nl\/agenda-animations\/loisirs-les-petits-trains-dans-le-parc-de-la-breche-5\/\" target=\"_blank\" rel=\"noreferrer noopener\">ritje met de minitrein in het Parc de la Br\u00e8che in Villers-Saint-Paul<\/a><\/strong>Het is hier! Evenement <strong>Niet te missen<\/strong> Villersois en Oisiens in de buurt, die u zullen helpen genieten van <strong>een moment van familiehereniging<\/strong>.<\/p>\n\n\n\n<figure class=\"is-layout-flex wp-block-gallery-5 wp-block-gallery has-nested-images columns-default is-cropped\">\n<figure class=\"wp-block-image size-large\"><img decoding=\"async\" loading=\"lazy\" width=\"1200\" height=\"731\" data-id=\"63355\"  data-src=\"https:\/\/www.creilsudoise-tourisme.fr\/wp-content\/uploads\/2025\/06\/442428580_999325178866983_6880691649542027331_n-1200x731.jpg\" alt=\"trein Villers-Saint-Paul\" class=\"wp-image-63355\" data-srcset=\"https:\/\/www.creilsudoise-tourisme.fr\/wp-content\/uploads\/2025\/06\/442428580_999325178866983_6880691649542027331_n-1200x731.jpg 1200w, https:\/\/www.creilsudoise-tourisme.fr\/wp-content\/uploads\/2025\/06\/442428580_999325178866983_6880691649542027331_n-600x366.jpg 600w, https:\/\/www.creilsudoise-tourisme.fr\/wp-content\/uploads\/2025\/06\/442428580_999325178866983_6880691649542027331_n-900x549.jpg 900w, https:\/\/www.creilsudoise-tourisme.fr\/wp-content\/uploads\/2025\/06\/442428580_999325178866983_6880691649542027331_n-1536x936.jpg 1536w, https:\/\/www.creilsudoise-tourisme.fr\/wp-content\/uploads\/2025\/06\/442428580_999325178866983_6880691649542027331_n-18x12.jpg 18w, https:\/\/www.creilsudoise-tourisme.fr\/wp-content\/uploads\/2025\/06\/442428580_999325178866983_6880691649542027331_n-200x122.jpg 200w, https:\/\/www.creilsudoise-tourisme.fr\/wp-content\/uploads\/2025\/06\/442428580_999325178866983_6880691649542027331_n-650x396.jpg 650w, https:\/\/www.creilsudoise-tourisme.fr\/wp-content\/uploads\/2025\/06\/442428580_999325178866983_6880691649542027331_n-387x236.jpg 387w, https:\/\/www.creilsudoise-tourisme.fr\/wp-content\/uploads\/2025\/06\/442428580_999325178866983_6880691649542027331_n.jpg 1854w\" sizes=\"(max-width: 1200px) 100vw, 1200px\" \/><figcaption class=\"wp-element-caption\">Villers-Saint-Paul<\/figcaption><\/figure>\n\n\n\n<figure class=\"wp-block-image size-large\"><img decoding=\"async\" loading=\"lazy\" width=\"1200\" height=\"616\" data-id=\"63354\"  data-src=\"https:\/\/www.creilsudoise-tourisme.fr\/wp-content\/uploads\/2025\/06\/444923854_999325182200316_764945890767617903_n-1200x616.jpg\" alt=\"trein Villers-Saint-Paul\" class=\"wp-image-63354\" data-srcset=\"https:\/\/www.creilsudoise-tourisme.fr\/wp-content\/uploads\/2025\/06\/444923854_999325182200316_764945890767617903_n-1200x616.jpg 1200w, https:\/\/www.creilsudoise-tourisme.fr\/wp-content\/uploads\/2025\/06\/444923854_999325182200316_764945890767617903_n-600x308.jpg 600w, https:\/\/www.creilsudoise-tourisme.fr\/wp-content\/uploads\/2025\/06\/444923854_999325182200316_764945890767617903_n-900x462.jpg 900w, https:\/\/www.creilsudoise-tourisme.fr\/wp-content\/uploads\/2025\/06\/444923854_999325182200316_764945890767617903_n-1536x789.jpg 1536w, https:\/\/www.creilsudoise-tourisme.fr\/wp-content\/uploads\/2025\/06\/444923854_999325182200316_764945890767617903_n-18x9.jpg 18w, https:\/\/www.creilsudoise-tourisme.fr\/wp-content\/uploads\/2025\/06\/444923854_999325182200316_764945890767617903_n-200x103.jpg 200w, https:\/\/www.creilsudoise-tourisme.fr\/wp-content\/uploads\/2025\/06\/444923854_999325182200316_764945890767617903_n-650x334.jpg 650w, https:\/\/www.creilsudoise-tourisme.fr\/wp-content\/uploads\/2025\/06\/444923854_999325182200316_764945890767617903_n-387x199.jpg 387w, https:\/\/www.creilsudoise-tourisme.fr\/wp-content\/uploads\/2025\/06\/444923854_999325182200316_764945890767617903_n.jpg 2048w\" sizes=\"(max-width: 1200px) 100vw, 1200px\" \/><figcaption class=\"wp-element-caption\">Villers-Saint-Paul<\/figcaption><\/figure>\n<\/figure>\n\n\n<div class=\"wp-block-image\">\n<figure class=\"aligncenter size-full\"><img decoding=\"async\" loading=\"lazy\" width=\"601\" height=\"319\" data-src=\"https:\/\/www.creilsudoise-tourisme.fr\/wp-content\/uploads\/2025\/06\/442424007_999325148866986_6373676804258733364_n.jpg\" alt=\"trein Villers-Saint-Paul\" class=\"wp-image-63353\" data-srcset=\"https:\/\/www.creilsudoise-tourisme.fr\/wp-content\/uploads\/2025\/06\/442424007_999325148866986_6373676804258733364_n.jpg 601w, https:\/\/www.creilsudoise-tourisme.fr\/wp-content\/uploads\/2025\/06\/442424007_999325148866986_6373676804258733364_n-18x10.jpg 18w, https:\/\/www.creilsudoise-tourisme.fr\/wp-content\/uploads\/2025\/06\/442424007_999325148866986_6373676804258733364_n-200x106.jpg 200w, https:\/\/www.creilsudoise-tourisme.fr\/wp-content\/uploads\/2025\/06\/442424007_999325148866986_6373676804258733364_n-387x205.jpg 387w\" sizes=\"(max-width: 601px) 100vw, 601px\" \/><\/figure><\/div>\n\n\n<p><\/p>\n\n\n\n<h3>Middag spelletjes<\/h3>\n\n\n\n<p>De <a href=\"https:\/\/www.saintleudesserent.fr\/mediatheque-saint-leu-60\" target=\"_blank\" rel=\"noreferrer noopener\">Mediatheek Saint-Leu d'Esserent<\/a> biedt u \"\u00a0<a href=\"https:\/\/www.creilsudoise-tourisme.fr\/nl\/agenda-animations\/activites-ludiques-les-jeudis-du-jeu\/\" target=\"_blank\" rel=\"noreferrer noopener\"><strong>Spelletjesdonderdagen in de M\u00e9diath\u00e8que<\/strong><\/a>\u00a0\" ! Een concept <strong>duidelijk en nauwkeurig<\/strong> spellen (houten spellen, reuzenspellen, originele spellen en sportspellen) zowel binnen als buiten <strong>elke donderdagmiddag in juli<\/strong> !<br><br>De <strong><a href=\"https:\/\/www.creilsudoise-tourisme.fr\/nl\/jexplore\/must-haves\/musee-galle-juillet\/\">Gall\u00e9-Juillet Museum<\/a><\/strong> met <strong>beschikbaar voor<a href=\"https:\/\/www.creilsudoise-tourisme.fr\/nl\/agenda-animations\/les-jeux-anciens-du-musee\/\" target=\"_blank\" rel=\"noreferrer noopener\"> oude spellen<\/a><\/strong> in zijn tuin. <strong>Profiteer<\/strong>z van een<strong> aangename omgeving<\/strong> plezier hebben e<strong>n familie<\/strong> of <strong>onder vrienden<\/strong> !<\/p>\n\n\n\n<h3>Kunst, geschiedenis en wetenschap bij MASTE<\/h3>\n\n\n\n<p>Tot slot <strong><a href=\"https:\/\/www.nogentsuroise.fr\/a-tout-age\/enfance-et-education\/la-mast\" target=\"_blank\" rel=\"noreferrer noopener\">MASTE<\/a><\/strong> heeft <strong>verzonnen<\/strong>  a <strong><a href=\"https:\/\/www.creilsudoise-tourisme.fr\/nl\/agenda-animations\/ateliers-stage-des-savants-fous-sur-le-moyen-age\/\" target=\"_blank\" rel=\"noreferrer noopener\">Savants Fou over de Middeleeuwen<\/a><\/strong> en als je kind <strong>ging terug in de tijd<\/strong> voor <strong>bezoek<\/strong> de <strong>geheimen<\/strong> van <strong>wetenschappers<\/strong> van<strong> Middeleeuwen<\/strong> ? Via <strong>immersieve workshops<\/strong> en <strong>recreatief<\/strong>het zal de<strong>kunst <\/strong>van <strong>alchemie,<\/strong> zal zijn <strong>eigen wapenschild<\/strong>zullen leren <strong>kalligrafie<\/strong> en leer over <strong>technieken <\/strong>van <strong>bouwers<\/strong> ! Een programma <strong>verantwoordelijk<\/strong> te worden <strong>insider<\/strong> over dit onderwerp!<\/p>\n\n\n\n<h3>Ontsnappingsspel<\/h3>\n\n\n\n<p>Voor de <strong>tieners<\/strong> (vanaf 12 jaar) en volwassenen, de <strong><a href=\"https:\/\/www.saintleudesserent.fr\/\">Stad Saint-Leu d'Esserent<\/a><\/strong> organiseert een <strong><a href=\"https:\/\/www.facebook.com\/photo\/?fbid=1142976067862864&amp;set=a.618221620338314\" target=\"_blank\" rel=\"noreferrer noopener\">Ontsnappingsspel<\/a><\/strong>.<\/p>\n\n\n\n<p><strong>Duik in<\/strong> in een <strong>boeiend onderzoek<\/strong> via <strong>vergeten schatten <\/strong>in Saint-Leu-d'Esserent! Een archeoloog van de opgraving in 1955 zou<strong> stal een kostbaar bezit...<\/strong> \u00c0 <strong>jij <\/strong>van r<strong>raadsels oplossen<\/strong> voor de<strong>e vinden<\/strong> ! En wat meer is, <strong>er wacht een beloning op je<\/strong> !<br>Verschillende<strong> data<\/strong> en <strong>slots<\/strong> beschikbaar.<\/p>\n\n\n\n<h2>Cultuur<\/h2>\n\n\n\n<p><\/p>\n\n\n\n<h3>Bibliotheken en mediatheken<\/h3>\n\n\n\n<p>De <a href=\"https:\/\/www.saintmaximin.eu\/bibliotheque-et-catalogue\" target=\"_blank\" rel=\"noreferrer noopener\">Bibliotheek Saint-Maximin<\/a> geeft je <strong>afspraak<\/strong> elke woensdag voor <strong><a href=\"https:\/\/www.creilsudoise-tourisme.fr\/nl\/agenda-animations\/lecture-histoires-en-plein-air-2\/\" target=\"_blank\" rel=\"noreferrer noopener\">buiten lezen<\/a><\/strong> ! Wat is er beter dan <strong>lezen in de natuur<\/strong> ?<br><br>De <strong><a href=\"https:\/\/mediatheque.creil.fr\/\" target=\"_blank\" rel=\"noreferrer noopener\">Mediatheken in Creil<\/a><\/strong> wachten op je <a href=\"https:\/\/mediatheque.creil.fr\/a-vos-agendas-\" target=\"_blank\" rel=\"noreferrer noopener\">een heleboel activiteiten<\/a>zoals <strong>verhalen<\/strong>s, de <strong>bordspellen<\/strong> (<em>erg mooi<\/em>), de <strong>bioscoop<\/strong>s, de <strong>delen van Loup-Garou<\/strong>s, de <strong>boekenclubs<\/strong>s, de <strong>kennismaking met<\/strong> <strong>schaken<\/strong> en <strong>digitale workshops<\/strong> ! Je zult je niet vervelen met de <strong>Mediatheken in Creil<\/strong> !<\/p>\n\n\n\n<div class=\"is-layout-flex wp-container-9 wp-block-columns\">\n<div class=\"is-layout-flow wp-block-column\" style=\"flex-basis:33.33%\">\n<figure class=\"wp-block-image size-large\"><img decoding=\"async\" loading=\"lazy\" width=\"900\" height=\"1200\" data-src=\"https:\/\/www.creilsudoise-tourisme.fr\/wp-content\/uploads\/2025\/06\/2965930-2-900x1200.jpg\" alt=\"\" class=\"wp-image-63360\" data-srcset=\"https:\/\/www.creilsudoise-tourisme.fr\/wp-content\/uploads\/2025\/06\/2965930-2-900x1200.jpg 900w, https:\/\/www.creilsudoise-tourisme.fr\/wp-content\/uploads\/2025\/06\/2965930-2-450x600.jpg 450w, https:\/\/www.creilsudoise-tourisme.fr\/wp-content\/uploads\/2025\/06\/2965930-2-675x900.jpg 675w, https:\/\/www.creilsudoise-tourisme.fr\/wp-content\/uploads\/2025\/06\/2965930-2-1152x1536.jpg 1152w, https:\/\/www.creilsudoise-tourisme.fr\/wp-content\/uploads\/2025\/06\/2965930-2-9x12.jpg 9w, https:\/\/www.creilsudoise-tourisme.fr\/wp-content\/uploads\/2025\/06\/2965930-2-200x267.jpg 200w, https:\/\/www.creilsudoise-tourisme.fr\/wp-content\/uploads\/2025\/06\/2965930-2-650x867.jpg 650w, https:\/\/www.creilsudoise-tourisme.fr\/wp-content\/uploads\/2025\/06\/2965930-2-387x516.jpg 387w, https:\/\/www.creilsudoise-tourisme.fr\/wp-content\/uploads\/2025\/06\/2965930-2.jpg 1200w\" sizes=\"(max-width: 900px) 100vw, 900px\" \/><\/figure>\n<\/div>\n\n\n\n<div class=\"is-layout-flow wp-block-column\" style=\"flex-basis:66.66%\">\n<h3>Openlucht bioscoop<\/h3>\n\n\n\n<p><\/p>\n\n\n\n<p>Verdeling van<a href=\"https:\/\/www.creilsudoise-tourisme.fr\/nl\/agenda-animations\/cine-plein-air-un-ptit-truc-en-plus\/\" target=\"_blank\" rel=\"noreferrer noopener\"> <strong>Un p'tit truc en plus\" film<\/strong><\/a> in het Parc H\u00e9bert in <strong>Nogent-sur-Oise<\/strong>. A <strong>foodtruck<\/strong> zal aanwezig zijn (<em>Wat wil je nog meer?<\/em>)<\/p>\n<\/div>\n<\/div>\n\n\n\n<div class=\"is-layout-flex wp-container-12 wp-block-columns\">\n<div class=\"is-layout-flow wp-block-column is-vertically-aligned-center\" style=\"flex-basis:66.66%\">\n<p class=\"has-text-align-left\">De stad Creil nodigt je uit om de<a href=\"https:\/\/www.creilsudoise-tourisme.fr\/nl\/agenda-animations\/creil-cest-lete-cine-plein-air\/\" target=\"_blank\" rel=\"noreferrer noopener\"> <strong>The Lion King\" film<\/strong><\/a>&nbsp;! (<em>We willen deze beroemde sc\u00e8ne ook niet zien...<\/em>)<br><br>De stad Creil zendt uit <strong>een andere film<\/strong> op <strong>openlucht<\/strong> op 20 augustus en <strong>JIJ<\/strong> van <a href=\"https:\/\/jeparticipe.creil.fr\/...\/presentation\/presentation\" target=\"_blank\" rel=\"noreferrer noopener\">stem voor de <strong>filmkeuze<\/strong><\/a> ! Wordt het \"Flow\", \"Top Gun\" of \"Asterix en Obelix: Missie Cleopatra\"? Je hebt tot 1 augustus!<\/p>\n<\/div>\n\n\n\n<div class=\"is-layout-flow wp-block-column\" style=\"flex-basis:33.33%\">\n<figure class=\"wp-block-image size-full\"><img decoding=\"async\" loading=\"lazy\" width=\"602\" height=\"862\" data-src=\"https:\/\/www.creilsudoise-tourisme.fr\/wp-content\/uploads\/2025\/07\/roi-lion.png\" alt=\"\" class=\"wp-image-63872\" data-srcset=\"https:\/\/www.creilsudoise-tourisme.fr\/wp-content\/uploads\/2025\/07\/roi-lion.png 602w, https:\/\/www.creilsudoise-tourisme.fr\/wp-content\/uploads\/2025\/07\/roi-lion-419x600.png 419w, https:\/\/www.creilsudoise-tourisme.fr\/wp-content\/uploads\/2025\/07\/roi-lion-8x12.png 8w, https:\/\/www.creilsudoise-tourisme.fr\/wp-content\/uploads\/2025\/07\/roi-lion-200x286.png 200w, https:\/\/www.creilsudoise-tourisme.fr\/wp-content\/uploads\/2025\/07\/roi-lion-387x554.png 387w\" sizes=\"(max-width: 602px) 100vw, 602px\" \/><\/figure>\n<\/div>\n<\/div>\n\n\n\n<div class=\"is-layout-flex wp-container-15 wp-block-columns\">\n<div class=\"is-layout-flow wp-block-column\" style=\"flex-basis:33.33%\">\n<figure class=\"wp-block-image size-full\"><img decoding=\"async\" loading=\"lazy\" width=\"310\" height=\"420\" data-src=\"https:\/\/www.creilsudoise-tourisme.fr\/wp-content\/uploads\/2025\/07\/f5f2447c4246e42eb3e69040605d7cf1.jpg\" alt=\"\" class=\"wp-image-63996\" data-srcset=\"https:\/\/www.creilsudoise-tourisme.fr\/wp-content\/uploads\/2025\/07\/f5f2447c4246e42eb3e69040605d7cf1.jpg 310w, https:\/\/www.creilsudoise-tourisme.fr\/wp-content\/uploads\/2025\/07\/f5f2447c4246e42eb3e69040605d7cf1-9x12.jpg 9w, https:\/\/www.creilsudoise-tourisme.fr\/wp-content\/uploads\/2025\/07\/f5f2447c4246e42eb3e69040605d7cf1-200x271.jpg 200w\" sizes=\"(max-width: 310px) 100vw, 310px\" \/><\/figure>\n<\/div>\n\n\n\n<div class=\"is-layout-flow wp-block-column is-vertically-aligned-center\" style=\"flex-basis:66.66%\">\n<p>De <a href=\"https:\/\/www.villers-saint-paul.fr\/\" target=\"_blank\" rel=\"noreferrer noopener\">Gemeente<strong> van Villers-Saint-Paul<\/strong><\/a> nodigt je uit om te (her)ontdekken <a href=\"https:\/\/www.villers-saint-paul.fr\/agenda\" target=\"_blank\" rel=\"noreferrer noopener\">\"Mufasa: de Lion King<\/a> door Barry Jenkins!<\/p>\n<\/div>\n<\/div>\n\n\n\n<div class=\"is-layout-flex wp-container-18 wp-block-columns are-vertically-aligned-center\">\n<div class=\"is-layout-flow wp-block-column is-vertically-aligned-center\" style=\"flex-basis:66.66%\">\n<p>Als onderdeel van de <strong>project<\/strong> <strong>\"Cultuur en stadsvernieuwing\",<\/strong> in samenwerking met <strong>1001 Vies Habitat<\/strong>kom <strong>profiteren<\/strong> a <strong><a href=\"https:\/\/www.creilsudoise-tourisme.fr\/nl\/agenda-animations\/spectacle-et-cinema-en-plein-air\/\" target=\"_blank\" rel=\"noreferrer noopener\">feestelijke late namiddag<\/a> <\/strong>en <strong>gebruiksvriendelijk<\/strong> met een<strong> Toon<\/strong> (door het bedrijf Fer \u00e0 Coudre) gevolgd door een sessie van <strong>openluchtbioscoop<\/strong> met de<strong> animatiefilm<\/strong> \"\u00a0<strong>Stroom<\/strong>\u00a0\" !<\/p>\n<\/div>\n\n\n\n<div class=\"is-layout-flow wp-block-column is-vertically-aligned-center\" style=\"flex-basis:33.33%\">\n<figure class=\"wp-block-image size-large\"><img decoding=\"async\" loading=\"lazy\" width=\"900\" height=\"1200\" data-src=\"https:\/\/www.creilsudoise-tourisme.fr\/wp-content\/uploads\/2025\/08\/flow_affiche_web_fc-900x1200.jpg\" alt=\"\" class=\"wp-image-64499\" data-srcset=\"https:\/\/www.creilsudoise-tourisme.fr\/wp-content\/uploads\/2025\/08\/flow_affiche_web_fc-900x1200.jpg 900w, https:\/\/www.creilsudoise-tourisme.fr\/wp-content\/uploads\/2025\/08\/flow_affiche_web_fc-450x600.jpg 450w, https:\/\/www.creilsudoise-tourisme.fr\/wp-content\/uploads\/2025\/08\/flow_affiche_web_fc-675x900.jpg 675w, https:\/\/www.creilsudoise-tourisme.fr\/wp-content\/uploads\/2025\/08\/flow_affiche_web_fc-1152x1536.jpg 1152w, https:\/\/www.creilsudoise-tourisme.fr\/wp-content\/uploads\/2025\/08\/flow_affiche_web_fc-9x12.jpg 9w, https:\/\/www.creilsudoise-tourisme.fr\/wp-content\/uploads\/2025\/08\/flow_affiche_web_fc-200x267.jpg 200w, https:\/\/www.creilsudoise-tourisme.fr\/wp-content\/uploads\/2025\/08\/flow_affiche_web_fc-650x867.jpg 650w, https:\/\/www.creilsudoise-tourisme.fr\/wp-content\/uploads\/2025\/08\/flow_affiche_web_fc-387x516.jpg 387w, https:\/\/www.creilsudoise-tourisme.fr\/wp-content\/uploads\/2025\/08\/flow_affiche_web_fc.jpg 1440w\" sizes=\"(max-width: 900px) 100vw, 900px\" \/><\/figure>\n<\/div>\n<\/div>\n\n\n\n<h3>Rondleiding<\/h3>\n\n\n\n<p>Meer voor volwassenen, een <strong><a href=\"https:\/\/www.creilsudoise-tourisme.fr\/nl\/agenda-animations\/visite-guidee-de-leglise-saint-pierre-et-saint-paul\/\" target=\"_blank\" rel=\"noreferrer noopener\">rondleiding door de kerk van St Peter en St Paul<\/a><\/strong> door <strong>Nicolas Bilot<\/strong>archeoloog bij <strong><a href=\"https:\/\/aquilon-decouverte.com\/\" target=\"_blank\" rel=\"noreferrer noopener\">Aquilon Ontdekking<\/a><\/strong> in samenwerking met<strong>Creil Sud Oise Dienst voor Toerisme<\/strong> (<em>met ons, uiteindelijk<\/em>). Kom en ontdek <strong>zijn geschiedenis<\/strong> en hoe zijn<strong> architectuur<\/strong> is <strong>speciaal<\/strong> ! <strong>Reservering aanbevolen<\/strong> !<br><br>De erfgoedafdeling van de <strong><a href=\"https:\/\/www.creil.fr\/\" target=\"_blank\" rel=\"noreferrer noopener\">Stad Creil<\/a><\/strong> nodigt u uit voor een <strong><a href=\"https:\/\/www.creilsudoise-tourisme.fr\/nl\/agenda-animations\/balade-historique-des-bords-de-loise\/\" target=\"_blank\" rel=\"noreferrer noopener\">historische wandeling langs de oevers van de Oise<\/a><\/strong> ! <strong>Ik wil  volgen<\/strong> de <strong>gids <\/strong>door een <strong>route <\/strong>en <strong>ontdek onze verborgen schatten<\/strong>s, de <strong>anekdotes<\/strong> en<strong> emblematische gebouwen<\/strong>zichtbaar of verdwenen, die ooit de <strong>oevers van de Oise<\/strong>.<\/p>\n\n\n<div class=\"wp-block-image\">\n<figure class=\"aligncenter size-thumbnail\"><img decoding=\"async\" loading=\"lazy\" width=\"300\" height=\"300\" data-src=\"https:\/\/www.creilsudoise-tourisme.fr\/wp-content\/uploads\/wpetourisme\/VILLERS-SAINT-PAUL-Eglise-Creil-Sud-Oise-Tourisme--7--2-300x300.jpg\" alt=\"\" class=\"wp-image-61450\"\/><\/figure><\/div>\n\n\n<h2>Sport<\/h2>\n\n\n\n<p><\/p>\n\n\n\n<h3>Kano<\/h3>\n\n\n\n<p>Voor <strong>de hitte bestrijden<\/strong>er gaat niets boven een <strong>activiteit op het water<\/strong>denk je niet? Le <strong><a href=\"https:\/\/www.creilsudoise-tourisme.fr\/nl\/loisirs\/kano-kajak-club-du-therain\/\">Th\u00e9rain kano-kajak club<\/a><\/strong> biedt u een <strong><a href=\"https:\/\/canoe-kayak-montataire.com\/location-randonnees-canoe-kayak-oise\" target=\"_blank\" rel=\"noreferrer noopener\">kajaktocht<\/a><\/strong>a <strong>ervaar volledige autonomie<\/strong>vertrekkend van <strong>Mouy<\/strong> of <strong>Mello<\/strong>.<\/p>\n\n\n\n<p><\/p>\n\n\n\n<h3>Wandeling \/ Rondleiding<\/h3>\n\n\n\n<p><strong><a href=\"https:\/\/aquilon-decouverte.com\/\" target=\"_blank\" rel=\"noreferrer noopener\">Aquilon Ontdekking<\/a><\/strong> biedt u een <strong><a href=\"https:\/\/www.creilsudoise-tourisme.fr\/nl\/agenda-animations\/randonnee-de-saint-vaast\/\" target=\"_blank\" rel=\"noreferrer noopener\">wandeling\/rondleiding<\/a><\/strong> in Saint-Vaast-l\u00e8s-Mello voor <strong>profiteren<\/strong> van de <strong>versheid<\/strong>.<\/p>\n\n\n\n<p>Tussen<strong> dienblad <\/strong>en<strong> dalbodem<\/strong>s, de <strong>carri\u00e8res<\/strong> op <strong>vijvers<\/strong>kom <strong>geschiedenis ontdekken<\/strong>op <strong>terroir<\/strong> en <strong>oude landschappen <\/strong>van <strong>Saint-Vaast-l\u00e8s-Mello<\/strong>.<\/p>\n\n\n\n<h3>Les Boucles de l'Oise (fietsen)<\/h3>\n\n\n\n<p>Als je op doorreis bent naar Nogent-sur-Oise, kun je een<strong> internationale wielerwedstrijd<\/strong> met <strong>teams<\/strong> van de <strong>Frankrijk als geheel<\/strong> en de<strong>Buitenlands<\/strong> !<br>Zoek de <strong><a href=\"https:\/\/www.creilsudoise-tourisme.fr\/nl\/agenda-animations\/les-boucles-de-loise-feminines-4eme-edition\/\" target=\"_blank\" rel=\"noreferrer noopener\">vrouwelijke krullen<\/a><\/strong> die zal plaatsvinden over een <strong>enkele dag<\/strong>evenals <strong><a href=\"https:\/\/www.creilsudoise-tourisme.fr\/nl\/agenda-animations\/les-boucles-de-loise-juniors_-trophee-arnaud-coyot\/\" target=\"_blank\" rel=\"noreferrer noopener\">junior lussen<\/a><\/strong> die zal plaatsvinden op <strong>2 dagen<\/strong> !<\/p>\n\n\n\n<h2>Smeltkroes<\/h2>\n\n\n\n<p>A <strong><a href=\"https:\/\/www.nogentsuroise.fr\/agenda\/1263-soiree-guinguette-3\/2025-08-30-19-00\" target=\"_blank\" rel=\"noreferrer noopener\">guinguette avond<\/a><\/strong> \u00e0 <strong>Nogent-sur-Oise<\/strong> jij <strong>wacht<\/strong> voor <strong>de hele nacht dansen<\/strong> !<br><br>Wil je <strong>goudklompjes opgraven<\/strong> of <strong>je Pok\u00e9mon-kaartenverzameling verkopen<\/strong> ? A <strong><a href=\"https:\/\/www.nogentsuroise.fr\/agenda\/1225-brocante-4\" target=\"_blank\" rel=\"noreferrer noopener\">vlooienmarkt<\/a><\/strong> wordt eind augustus georganiseerd!<br><br>Montataire keert terug met zijn<strong><a href=\"https:\/\/www.creilsudoise-tourisme.fr\/nl\/agenda-animations\/fete-foraine-de-montataire\/\" target=\"_blank\" rel=\"noreferrer noopener\"> traditionele kermis<\/a><\/strong> voor <strong>laatste dagen van augustus<\/strong>. Kom en geniet van <strong>rijdt<\/strong> en<strong>sensatieattracties<\/strong>van <strong>eetkraampjes<\/strong>a <strong>tombola <\/strong>en <strong>toont <\/strong>! D'<strong>andere verrassingen<\/strong> wachten op je!<br><br>Kom samen bij de <strong><a href=\"https:\/\/www.creilsudoise-tourisme.fr\/nl\/jexplore\/must-haves\/maison-de-la-pierre\/\">Stone House<\/a><\/strong> om de <strong>boeiende wereld<\/strong> van <strong>vleermuis<\/strong> ! Om de <strong>Vleermuisnacht<\/strong>betrokken raken <strong>in de familie<\/strong> naar een <a href=\"https:\/\/www.creilsudoise-tourisme.fr\/nl\/agenda-animations\/nuit-de-la-chauve-souris-jeu-de-piste\/\" target=\"_blank\" rel=\"noreferrer noopener\"><strong>speelse schattenjacht<\/strong> <\/a>en <strong>onderwijs<\/strong> !<br>Je krijgt ook de kans om <strong><a href=\"https:\/\/www.creilsudoise-tourisme.fr\/nl\/agenda-animations\/a-la-decouverte-des-chauve-souris\/\" target=\"_blank\" rel=\"noreferrer noopener\">bouw je eigen vleermuishotel<\/a> <\/strong>en <strong>vertrekken met<\/strong> !<br><br>We concluderen dat de <strong>einde van de vakantie<\/strong> met <strong><a href=\"https:\/\/www.nogentsuroise.fr\/agenda\/1181-un-dimanche-a-la-campagne-4\/2025-08-31-11-28\" target=\"_blank\" rel=\"noreferrer noopener\">Een zondag op het platteland<\/a><\/strong> : <strong>activiteiten<\/strong> en <strong>staat<\/strong> <em>(hallo, we zullen er zijn met het Maison de la Pierre!)<\/em> de hele dag om de <strong>einde van de zomer<\/strong> !<\/p>\n\n\n\n<h2>Onze must-haves<\/h2>\n\n\n\n<p>Mis onze <strong>klassiekers<\/strong>onze<strong> tijdloos<\/strong>onze <strong>must-haves<\/strong> !<\/p>\n\n\n\n<div class=\"is-layout-flex wp-container-21 wp-block-columns\">\n<div class=\"is-layout-flow wp-block-column\" style=\"flex-basis:66.66%\">\n<figure class=\"wp-block-image size-large\"><img decoding=\"async\" loading=\"lazy\" width=\"1200\" height=\"800\" data-src=\"https:\/\/www.creilsudoise-tourisme.fr\/wp-content\/uploads\/wpetourisme\/-comdesimages-b.teissedre-ADRTOise-maison-de-la-pierre-COM1097-1200x800.jpg\" alt=\"\" class=\"wp-image-47902\" data-srcset=\"https:\/\/www.creilsudoise-tourisme.fr\/wp-content\/uploads\/wpetourisme\/-comdesimages-b.teissedre-ADRTOise-maison-de-la-pierre-COM1097-1200x800.jpg 1200w, https:\/\/www.creilsudoise-tourisme.fr\/wp-content\/uploads\/wpetourisme\/-comdesimages-b.teissedre-ADRTOise-maison-de-la-pierre-COM1097-600x400.jpg 600w, https:\/\/www.creilsudoise-tourisme.fr\/wp-content\/uploads\/wpetourisme\/-comdesimages-b.teissedre-ADRTOise-maison-de-la-pierre-COM1097-900x600.jpg 900w, https:\/\/www.creilsudoise-tourisme.fr\/wp-content\/uploads\/wpetourisme\/-comdesimages-b.teissedre-ADRTOise-maison-de-la-pierre-COM1097-1536x1024.jpg 1536w, https:\/\/www.creilsudoise-tourisme.fr\/wp-content\/uploads\/wpetourisme\/-comdesimages-b.teissedre-ADRTOise-maison-de-la-pierre-COM1097-18x12.jpg 18w, https:\/\/www.creilsudoise-tourisme.fr\/wp-content\/uploads\/wpetourisme\/-comdesimages-b.teissedre-ADRTOise-maison-de-la-pierre-COM1097-200x133.jpg 200w, https:\/\/www.creilsudoise-tourisme.fr\/wp-content\/uploads\/wpetourisme\/-comdesimages-b.teissedre-ADRTOise-maison-de-la-pierre-COM1097-650x433.jpg 650w, https:\/\/www.creilsudoise-tourisme.fr\/wp-content\/uploads\/wpetourisme\/-comdesimages-b.teissedre-ADRTOise-maison-de-la-pierre-COM1097-387x258.jpg 387w, https:\/\/www.creilsudoise-tourisme.fr\/wp-content\/uploads\/wpetourisme\/-comdesimages-b.teissedre-ADRTOise-maison-de-la-pierre-COM1097.jpg 1600w\" sizes=\"(max-width: 1200px) 100vw, 1200px\" \/><\/figure>\n<\/div>\n\n\n\n<div class=\"is-layout-flow wp-block-column\" style=\"flex-basis:33.33%\">\n<p>De <strong><a href=\"https:\/\/www.creilsudoise-tourisme.fr\/nl\/jexplore\/must-haves\/maison-de-la-pierre\/\">Stone House<\/a><\/strong>gevestigd in <strong>Saint-Maximin<\/strong> nodigt u uit om <strong>zijn ondergrondse steengroeve binnengaan<\/strong> voor een <strong>rondleiding<\/strong>. Ontdek de<strong>geschiedenis van steen<\/strong> en <strong>dragers<\/strong>. De groeve ligt onder de grond en is <strong>11\u00b0C<\/strong> : <strong>ideaal <\/strong>tijdens de <strong>extreme hitte<\/strong>. Kleed je dienovereenkomstig!<\/p>\n<\/div>\n<\/div>\n\n\n\n<div class=\"is-layout-flex wp-container-24 wp-block-columns\">\n<div class=\"is-layout-flow wp-block-column\" style=\"flex-basis:33.33%\">\n<p>Je kunt ook je toevlucht zoeken in de<strong><a href=\"https:\/\/www.creilsudoise-tourisme.fr\/nl\/jexplore\/must-haves\/abdijkerk\/\">Abdij van St. Nicolaas<\/a><\/strong> van <strong>Saint-Leu d'Esserent<\/strong>die <strong>opent zijn deuren<\/strong> elke zondagmiddag! Ontdek een<strong> Kerk<\/strong> op <strong>indrukwekkende afmetingen<\/strong> !<\/p>\n<\/div>\n\n\n\n<div class=\"is-layout-flow wp-block-column\" style=\"flex-basis:66.66%\">\n<figure class=\"wp-block-image size-large\"><img decoding=\"async\" loading=\"lazy\" width=\"1200\" height=\"600\" data-src=\"https:\/\/www.creilsudoise-tourisme.fr\/wp-content\/uploads\/2024\/02\/Web_header-Abbatiale-1200x600.jpg\" alt=\"\" class=\"wp-image-52164\" data-srcset=\"https:\/\/www.creilsudoise-tourisme.fr\/wp-content\/uploads\/2024\/02\/Web_header-Abbatiale-1200x600.jpg 1200w, https:\/\/www.creilsudoise-tourisme.fr\/wp-content\/uploads\/2024\/02\/Web_header-Abbatiale-600x300.jpg 600w, https:\/\/www.creilsudoise-tourisme.fr\/wp-content\/uploads\/2024\/02\/Web_header-Abbatiale-900x450.jpg 900w, https:\/\/www.creilsudoise-tourisme.fr\/wp-content\/uploads\/2024\/02\/Web_header-Abbatiale-18x9.jpg 18w, https:\/\/www.creilsudoise-tourisme.fr\/wp-content\/uploads\/2024\/02\/Web_header-Abbatiale-200x100.jpg 200w, https:\/\/www.creilsudoise-tourisme.fr\/wp-content\/uploads\/2024\/02\/Web_header-Abbatiale-1000x500.jpg 1000w, https:\/\/www.creilsudoise-tourisme.fr\/wp-content\/uploads\/2024\/02\/Web_header-Abbatiale-650x325.jpg 650w, https:\/\/www.creilsudoise-tourisme.fr\/wp-content\/uploads\/2024\/02\/Web_header-Abbatiale-387x194.jpg 387w, https:\/\/www.creilsudoise-tourisme.fr\/wp-content\/uploads\/2024\/02\/Web_header-Abbatiale.jpg 1480w\" sizes=\"(max-width: 1200px) 100vw, 1200px\" \/><\/figure>\n<\/div>\n<\/div>\n\n\n\n<div class=\"is-layout-flex wp-container-27 wp-block-columns\">\n<div class=\"is-layout-flow wp-block-column\" style=\"flex-basis:66.66%\">\n<figure class=\"wp-block-image size-large\"><img decoding=\"async\" loading=\"lazy\" width=\"1200\" height=\"675\" data-src=\"https:\/\/www.creilsudoise-tourisme.fr\/wp-content\/uploads\/wpetourisme\/Clouterie-Rivierre-Creil-Machines-Creil-Sud-Oise-Tourisme--45--1200x675.jpg\" alt=\"\" class=\"wp-image-49748\" data-srcset=\"https:\/\/www.creilsudoise-tourisme.fr\/wp-content\/uploads\/wpetourisme\/Clouterie-Rivierre-Creil-Machines-Creil-Sud-Oise-Tourisme--45--1200x675.jpg 1200w, https:\/\/www.creilsudoise-tourisme.fr\/wp-content\/uploads\/wpetourisme\/Clouterie-Rivierre-Creil-Machines-Creil-Sud-Oise-Tourisme--45--600x338.jpg 600w, https:\/\/www.creilsudoise-tourisme.fr\/wp-content\/uploads\/wpetourisme\/Clouterie-Rivierre-Creil-Machines-Creil-Sud-Oise-Tourisme--45--900x506.jpg 900w, https:\/\/www.creilsudoise-tourisme.fr\/wp-content\/uploads\/wpetourisme\/Clouterie-Rivierre-Creil-Machines-Creil-Sud-Oise-Tourisme--45--1536x864.jpg 1536w, https:\/\/www.creilsudoise-tourisme.fr\/wp-content\/uploads\/wpetourisme\/Clouterie-Rivierre-Creil-Machines-Creil-Sud-Oise-Tourisme--45--18x10.jpg 18w, https:\/\/www.creilsudoise-tourisme.fr\/wp-content\/uploads\/wpetourisme\/Clouterie-Rivierre-Creil-Machines-Creil-Sud-Oise-Tourisme--45--200x113.jpg 200w, https:\/\/www.creilsudoise-tourisme.fr\/wp-content\/uploads\/wpetourisme\/Clouterie-Rivierre-Creil-Machines-Creil-Sud-Oise-Tourisme--45--650x366.jpg 650w, https:\/\/www.creilsudoise-tourisme.fr\/wp-content\/uploads\/wpetourisme\/Clouterie-Rivierre-Creil-Machines-Creil-Sud-Oise-Tourisme--45--387x218.jpg 387w, https:\/\/www.creilsudoise-tourisme.fr\/wp-content\/uploads\/wpetourisme\/Clouterie-Rivierre-Creil-Machines-Creil-Sud-Oise-Tourisme--45-.jpg 1600w\" sizes=\"(max-width: 1200px) 100vw, 1200px\" \/><\/figure>\n<\/div>\n\n\n\n<div class=\"is-layout-flow wp-block-column\" style=\"flex-basis:33.33%\">\n<p>De <strong><a href=\"https:\/\/www.creilsudoise-tourisme.fr\/nl\/jexplore\/must-haves\/clouterie-rivierre\/\">Clouterie Rivierre<\/a><\/strong>, <strong>Europa's laatste Clouterie<\/strong> nog in <strong>activiteit<\/strong> biedt u een <strong>bezoek<\/strong> elke woensdagmiddag! Kom en ontdek de <strong>vervaardiging van spijkers<\/strong>, <strong>hier<\/strong> \u00e0 <strong>Creil <\/strong>! De enige voorwaarde is dat je dichte schoenen draagt.<\/p>\n<\/div>\n<\/div>\n\n\n\n<div class=\"is-layout-flex wp-container-30 wp-block-columns\">\n<div class=\"is-layout-flow wp-block-column\" style=\"flex-basis:33.33%\">\n<p>Je gaat niet weg <strong>vakantie<\/strong> deze <strong>zomer<\/strong> maar jij <strong>droom <\/strong>van jou<strong> baden<\/strong> ? Bezoek <strong><a href=\"https:\/\/www.creilsudoise-tourisme.fr\/nl\/jexplore\/must-haves\/honkbalveld\/\">Vrijetijdscentrum<\/a><\/strong> van Saint-Leu d'Esserent wacht op je op <strong>armen wijd open<\/strong> ! <strong>Zwemmen, waterspelen, kano\u00ebn, kajakken of waterfietsen<\/strong>de <strong>Vrijetijdscentrum<\/strong> a <strong>alles wat je nodig hebt<\/strong>t voor jou <strong>verleiden<\/strong> !<\/p>\n<\/div>\n\n\n\n<div class=\"is-layout-flow wp-block-column\" style=\"flex-basis:66.66%\">\n<figure class=\"wp-block-image size-full\"><img decoding=\"async\" loading=\"lazy\" width=\"800\" height=\"536\" data-src=\"https:\/\/www.creilsudoise-tourisme.fr\/wp-content\/uploads\/2021\/03\/La-plage-surveille\u0301e-de-la-Base-de-loisirs-de-Saint-Leu-dEsserent.jpg\" alt=\"Recreatiecentrum oise Saint-Leu-d&#039;Esserent zwemmen buitenactiviteit natuur familie kind\" class=\"wp-image-32522\" data-srcset=\"https:\/\/www.creilsudoise-tourisme.fr\/wp-content\/uploads\/2021\/03\/La-plage-surveille\u0301e-de-la-Base-de-loisirs-de-Saint-Leu-dEsserent.jpg 800w, https:\/\/www.creilsudoise-tourisme.fr\/wp-content\/uploads\/2021\/03\/La-plage-surveille\u0301e-de-la-Base-de-loisirs-de-Saint-Leu-dEsserent-600x402.jpg 600w, https:\/\/www.creilsudoise-tourisme.fr\/wp-content\/uploads\/2021\/03\/La-plage-surveille\u0301e-de-la-Base-de-loisirs-de-Saint-Leu-dEsserent-200x134.jpg 200w, https:\/\/www.creilsudoise-tourisme.fr\/wp-content\/uploads\/2021\/03\/La-plage-surveille\u0301e-de-la-Base-de-loisirs-de-Saint-Leu-dEsserent-650x436.jpg 650w, https:\/\/www.creilsudoise-tourisme.fr\/wp-content\/uploads\/2021\/03\/La-plage-surveille\u0301e-de-la-Base-de-loisirs-de-Saint-Leu-dEsserent-387x259.jpg 387w\" sizes=\"(max-width: 800px) 100vw, 800px\" \/><figcaption class=\"wp-element-caption\">Creil Sud Oise Toerisme<\/figcaption><\/figure>\n<\/div>\n<\/div>\n\n\n\n<div class=\"is-layout-flex wp-container-33 wp-block-columns\">\n<div class=\"is-layout-flow wp-block-column\" style=\"flex-basis:66.66%\">\n<figure class=\"wp-block-image size-large\"><img decoding=\"async\" loading=\"lazy\" width=\"1200\" height=\"675\" data-src=\"https:\/\/www.creilsudoise-tourisme.fr\/wp-content\/uploads\/2024\/08\/Parc_loups-Saint_Leu_dEsserent-Accrobranche-Creil_Sud_Oise_Tourisme-5-1200x675.jpg\" alt=\"Accrobranche Tyrolienne Oise Saint-Leu-d&#039;Esserent Vrijetijdscentrum outdoor activiteiten familie vrienden kind Wolf park\" class=\"wp-image-56030\" data-srcset=\"https:\/\/www.creilsudoise-tourisme.fr\/wp-content\/uploads\/2024\/08\/Parc_loups-Saint_Leu_dEsserent-Accrobranche-Creil_Sud_Oise_Tourisme-5-1200x675.jpg 1200w, https:\/\/www.creilsudoise-tourisme.fr\/wp-content\/uploads\/2024\/08\/Parc_loups-Saint_Leu_dEsserent-Accrobranche-Creil_Sud_Oise_Tourisme-5-600x338.jpg 600w, https:\/\/www.creilsudoise-tourisme.fr\/wp-content\/uploads\/2024\/08\/Parc_loups-Saint_Leu_dEsserent-Accrobranche-Creil_Sud_Oise_Tourisme-5-900x507.jpg 900w, https:\/\/www.creilsudoise-tourisme.fr\/wp-content\/uploads\/2024\/08\/Parc_loups-Saint_Leu_dEsserent-Accrobranche-Creil_Sud_Oise_Tourisme-5-18x10.jpg 18w, https:\/\/www.creilsudoise-tourisme.fr\/wp-content\/uploads\/2024\/08\/Parc_loups-Saint_Leu_dEsserent-Accrobranche-Creil_Sud_Oise_Tourisme-5-200x113.jpg 200w, https:\/\/www.creilsudoise-tourisme.fr\/wp-content\/uploads\/2024\/08\/Parc_loups-Saint_Leu_dEsserent-Accrobranche-Creil_Sud_Oise_Tourisme-5-650x366.jpg 650w, https:\/\/www.creilsudoise-tourisme.fr\/wp-content\/uploads\/2024\/08\/Parc_loups-Saint_Leu_dEsserent-Accrobranche-Creil_Sud_Oise_Tourisme-5-387x218.jpg 387w, https:\/\/www.creilsudoise-tourisme.fr\/wp-content\/uploads\/2024\/08\/Parc_loups-Saint_Leu_dEsserent-Accrobranche-Creil_Sud_Oise_Tourisme-5.jpg 1480w\" sizes=\"(max-width: 1200px) 100vw, 1200px\" \/><figcaption class=\"wp-element-caption\">Creil Sud Oise Toerisme<\/figcaption><\/figure>\n<\/div>\n\n\n\n<div class=\"is-layout-flow wp-block-column\" style=\"flex-basis:33.33%\">\n<p>Bovendien kun je hier ook fietsen.<strong>accrobranche<\/strong> ! Bezoek <strong><a href=\"https:\/\/www.creilsudoise-tourisme.fr\/nl\/jexplore\/incontournables\/parc-des-loups\/\">Wolf Park<\/a><\/strong>gevestigd op <strong>binnen de basis<\/strong> biedt u <strong>verschillende routes<\/strong> voor <strong>kleine<\/strong> en <strong>groot<\/strong>a <strong>Explor Games<\/strong> (activiteit in <strong>onderdompeling<\/strong> in de <strong>natuur<\/strong> geleid door een<strong> tablet<\/strong>) en een <strong>tokkelbaan <\/strong>!<\/p>\n<\/div>\n<\/div>\n\n\n\n<div class=\"is-layout-flex wp-container-36 wp-block-columns\">\n<div class=\"is-layout-flow wp-block-column\" style=\"flex-basis:33.33%\">\n<p>A <strong>Museum<\/strong> afmaken? De <strong><a href=\"https:\/\/www.creilsudoise-tourisme.fr\/nl\/jexplore\/must-haves\/musee-galle-juillet\/\">Gall\u00e9-Juillet Museum <\/a><\/strong>neemt je mee op een tour door zijn <strong>typisch burgerlijk huis uit die tijd<\/strong>weer in zijn<strong> sap<\/strong> en was <strong>nagelaten<\/strong> aan de <strong>Stad Creil <\/strong>door de <strong>Familie Gall\u00e9<\/strong>. <strong>Ontdek<\/strong> het verhaal <strong>tragisch<\/strong> van deze familie...<br>Je kunt ook een <strong>collectie fijn aardewerk<\/strong> aan de <strong><a href=\"https:\/\/www.creilsudoise-tourisme.fr\/nl\/patrimoine\/maison-de-la-faience\/\">Huis van Aardewerk<\/a><\/strong>gelegen tegenover het museum!<\/p>\n<\/div>\n\n\n\n<div class=\"is-layout-flow wp-block-column\" style=\"flex-basis:66.66%\">\n<figure class=\"wp-block-image size-large\"><img decoding=\"async\" loading=\"lazy\" width=\"1200\" height=\"800\" data-src=\"https:\/\/www.creilsudoise-tourisme.fr\/wp-content\/uploads\/2021\/04\/Visite-guide\u0301e-de-la-cuisine-a\u0300-la-Maison-Galle\u0301-Juillet-1200x800.jpg\" alt=\"Rondleiding door het Maison Gall\u00e9-Juillet\" class=\"wp-image-33097\" data-srcset=\"https:\/\/www.creilsudoise-tourisme.fr\/wp-content\/uploads\/2021\/04\/Visite-guide\u0301e-de-la-cuisine-a\u0300-la-Maison-Galle\u0301-Juillet-1200x800.jpg 1200w, https:\/\/www.creilsudoise-tourisme.fr\/wp-content\/uploads\/2021\/04\/Visite-guide\u0301e-de-la-cuisine-a\u0300-la-Maison-Galle\u0301-Juillet-600x400.jpg 600w, https:\/\/www.creilsudoise-tourisme.fr\/wp-content\/uploads\/2021\/04\/Visite-guide\u0301e-de-la-cuisine-a\u0300-la-Maison-Galle\u0301-Juillet-900x600.jpg 900w, https:\/\/www.creilsudoise-tourisme.fr\/wp-content\/uploads\/2021\/04\/Visite-guide\u0301e-de-la-cuisine-a\u0300-la-Maison-Galle\u0301-Juillet-1536x1024.jpg 1536w, https:\/\/www.creilsudoise-tourisme.fr\/wp-content\/uploads\/2021\/04\/Visite-guide\u0301e-de-la-cuisine-a\u0300-la-Maison-Galle\u0301-Juillet-200x133.jpg 200w, https:\/\/www.creilsudoise-tourisme.fr\/wp-content\/uploads\/2021\/04\/Visite-guide\u0301e-de-la-cuisine-a\u0300-la-Maison-Galle\u0301-Juillet-650x433.jpg 650w, https:\/\/www.creilsudoise-tourisme.fr\/wp-content\/uploads\/2021\/04\/Visite-guide\u0301e-de-la-cuisine-a\u0300-la-Maison-Galle\u0301-Juillet-387x258.jpg 387w, https:\/\/www.creilsudoise-tourisme.fr\/wp-content\/uploads\/2021\/04\/Visite-guide\u0301e-de-la-cuisine-a\u0300-la-Maison-Galle\u0301-Juillet-275x183.jpg 275w, https:\/\/www.creilsudoise-tourisme.fr\/wp-content\/uploads\/2021\/04\/Visite-guide\u0301e-de-la-cuisine-a\u0300-la-Maison-Galle\u0301-Juillet.jpg 1600w\" sizes=\"(max-width: 1200px) 100vw, 1200px\" \/><\/figure>\n<\/div>\n<\/div>\n\n\n\n<hr class=\"wp-block-separator has-alpha-channel-opacity\"\/>\n\n\n\n<p>We wensen u <strong>hele fijne vakantie <\/strong>!<br><strong>Aarzel niet om<\/strong> \u00e0 <strong>terug naar deze pagina<\/strong> die <strong>regelmatig bijgewerkt<\/strong> of c<strong>onze agenda raadplegen<\/strong> <strong>online<\/strong> \u2193<\/p>\n\n\n\n<div class=\"is-content-justification-center is-layout-flex wp-container-37 wp-block-buttons\">\n<div class=\"wp-block-button\"><a class=\"wp-block-button__link wp-element-button\" href=\"https:\/\/www.creilsudoise-tourisme.fr\/nl\/agenda\/\" target=\"_blank\" rel=\"noreferrer noopener\">AL DE AGENDA<\/a><\/div>\n<\/div>\n\n\n\n<hr class=\"wp-block-separator has-alpha-channel-opacity\"\/>","protected":false},"excerpt":{"rendered":"<p>Het is eindelijk vakantietijd! Of je nu in de Oise woont of op doorreis bent, er is genoeg om je bezig te houden deze zomer! Bekijk hieronder onze selectie van activiteiten. Programma van de steden \"C'est l'\u00e9t\u00e9\" In Villers-Saint-Paul Opblaasbare structuren, gezelschapsspelen, sportactiviteiten, knutselen, smoothiebar, cosmetica maken [...]<\/p>","protected":false},"author":10,"featured_media":63310,"comment_status":"closed","ping_status":"closed","sticky":false,"template":"","format":"standard","meta":{"_relevanssi_hide_post":"","_relevanssi_hide_content":"","_relevanssi_pin_for_all":"","_relevanssi_pin_keywords":"","_relevanssi_unpin_keywords":"","_relevanssi_related_keywords":"","_relevanssi_related_include_ids":"","_relevanssi_related_exclude_ids":"","_relevanssi_related_no_append":"","_relevanssi_related_not_related":"","_relevanssi_related_posts":"56179,41674,39315,59693,38921,56040","_relevanssi_noindex_reason":""},"categories":[5],"tags":[],"yoast_head":"<!-- This site is optimized with the Yoast SEO plugin v20.2.1 - https:\/\/yoast.com\/wordpress\/plugins\/seo\/ -->\n<title>Que faire cet \u00e9t\u00e9 ?<\/title>\n<meta name=\"description\" content=\"Que faire cet \u00e9t\u00e9 en famille ou entre amis \u00e0 Creil Sud Oise, pr\u00e8s de Chantilly et Senlis ? D\u00e9couvrez notre s\u00e9lection de sorties !\" \/>\n<meta name=\"robots\" content=\"index, follow, max-snippet:-1, max-image-preview:large, max-video-preview:-1\" \/>\n<link rel=\"canonical\" href=\"https:\/\/www.creilsudoise-tourisme.fr\/nl\/2025\/06\/26\/zomervakantie-2\/\" \/>\n<meta property=\"og:locale\" content=\"nl_NL\" \/>\n<meta property=\"og:type\" content=\"article\" \/>\n<meta property=\"og:title\" content=\"Que faire cet \u00e9t\u00e9 ?\" \/>\n<meta property=\"og:description\" content=\"Que faire cet \u00e9t\u00e9 en famille ou entre amis \u00e0 Creil Sud Oise, pr\u00e8s de Chantilly et Senlis ? D\u00e9couvrez notre s\u00e9lection de sorties !\" \/>\n<meta property=\"og:url\" content=\"https:\/\/www.creilsudoise-tourisme.fr\/nl\/2025\/06\/26\/zomervakantie-2\/\" \/>\n<meta property=\"og:site_name\" content=\"Office de Tourisme Creil Sud Oise\" \/>\n<meta property=\"article:publisher\" content=\"https:\/\/www.facebook.com\/creilsudoisetourisme\/\" \/>\n<meta property=\"article:published_time\" content=\"2025-06-26T12:14:18+00:00\" \/>\n<meta property=\"article:modified_time\" content=\"2025-10-08T08:32:34+00:00\" \/>\n<meta property=\"og:image\" content=\"https:\/\/www.creilsudoise-tourisme.fr\/wp-content\/uploads\/2025\/06\/Actu-vacances-ete-1.png\" \/>\n\t<meta property=\"og:image:width\" content=\"1480\" \/>\n\t<meta property=\"og:image:height\" content=\"740\" \/>\n\t<meta property=\"og:image:type\" content=\"image\/png\" \/>\n<meta name=\"author\" content=\"emilie\" \/>\n<meta name=\"twitter:card\" content=\"summary_large_image\" \/>\n<meta name=\"twitter:creator\" content=\"@CreilSudOiseOT\" \/>\n<meta name=\"twitter:site\" content=\"@CreilSudOiseOT\" \/>\n<meta name=\"twitter:label1\" content=\"Geschreven door\" \/>\n\t<meta name=\"twitter:data1\" content=\"emilie\" \/>\n\t<meta name=\"twitter:label2\" content=\"Geschatte leestijd\" \/>\n\t<meta name=\"twitter:data2\" content=\"8 minuten\" \/>\n<script type=\"application\/ld+json\" class=\"yoast-schema-graph\">{\"@context\":\"https:\/\/schema.org\",\"@graph\":[{\"@type\":\"Article\",\"@id\":\"https:\/\/www.creilsudoise-tourisme.fr\/2025\/06\/26\/vacances-ete\/#article\",\"isPartOf\":{\"@id\":\"https:\/\/www.creilsudoise-tourisme.fr\/2025\/06\/26\/vacances-ete\/\"},\"author\":{\"name\":\"emilie\",\"@id\":\"https:\/\/www.creilsudoise-tourisme.fr\/#\/schema\/person\/81a1ab3a236faa5508e8f47600a85072\"},\"headline\":\"C&rsquo;est les vacances d&rsquo;\u00e9t\u00e9 !\",\"datePublished\":\"2025-06-26T12:14:18+00:00\",\"dateModified\":\"2025-10-08T08:32:34+00:00\",\"mainEntityOfPage\":{\"@id\":\"https:\/\/www.creilsudoise-tourisme.fr\/2025\/06\/26\/vacances-ete\/\"},\"wordCount\":1617,\"publisher\":{\"@id\":\"https:\/\/www.creilsudoise-tourisme.fr\/#organization\"},\"articleSection\":[\"Actus\"],\"inLanguage\":\"nl\"},{\"@type\":\"WebPage\",\"@id\":\"https:\/\/www.creilsudoise-tourisme.fr\/2025\/06\/26\/vacances-ete\/\",\"url\":\"https:\/\/www.creilsudoise-tourisme.fr\/2025\/06\/26\/vacances-ete\/\",\"name\":\"Que faire cet \u00e9t\u00e9 ?\",\"isPartOf\":{\"@id\":\"https:\/\/www.creilsudoise-tourisme.fr\/#website\"},\"datePublished\":\"2025-06-26T12:14:18+00:00\",\"dateModified\":\"2025-10-08T08:32:34+00:00\",\"description\":\"Que faire cet \u00e9t\u00e9 en famille ou entre amis \u00e0 Creil Sud Oise, pr\u00e8s de Chantilly et Senlis ? D\u00e9couvrez notre s\u00e9lection de sorties !\",\"breadcrumb\":{\"@id\":\"https:\/\/www.creilsudoise-tourisme.fr\/2025\/06\/26\/vacances-ete\/#breadcrumb\"},\"inLanguage\":\"nl\",\"potentialAction\":[{\"@type\":\"ReadAction\",\"target\":[\"https:\/\/www.creilsudoise-tourisme.fr\/2025\/06\/26\/vacances-ete\/\"]}]},{\"@type\":\"BreadcrumbList\",\"@id\":\"https:\/\/www.creilsudoise-tourisme.fr\/2025\/06\/26\/vacances-ete\/#breadcrumb\",\"itemListElement\":[{\"@type\":\"ListItem\",\"position\":1,\"name\":\"Accueil\",\"item\":\"https:\/\/www.creilsudoise-tourisme.fr\/\"},{\"@type\":\"ListItem\",\"position\":2,\"name\":\"C&rsquo;est les vacances d&rsquo;\u00e9t\u00e9 !\"}]},{\"@type\":\"WebSite\",\"@id\":\"https:\/\/www.creilsudoise-tourisme.fr\/#website\",\"url\":\"https:\/\/www.creilsudoise-tourisme.fr\/\",\"name\":\"Office de Tourisme Creil Sud Oise\",\"description\":\"Creil Sud Oise Tourisme, un territoire \u00e0 explorer !\",\"publisher\":{\"@id\":\"https:\/\/www.creilsudoise-tourisme.fr\/#organization\"},\"potentialAction\":[{\"@type\":\"SearchAction\",\"target\":{\"@type\":\"EntryPoint\",\"urlTemplate\":\"https:\/\/www.creilsudoise-tourisme.fr\/?s={search_term_string}\"},\"query-input\":\"required name=search_term_string\"}],\"inLanguage\":\"nl\"},{\"@type\":\"Organization\",\"@id\":\"https:\/\/www.creilsudoise-tourisme.fr\/#organization\",\"name\":\"Creil Sud Oise Tourisme\",\"url\":\"https:\/\/www.creilsudoise-tourisme.fr\/\",\"logo\":{\"@type\":\"ImageObject\",\"inLanguage\":\"nl\",\"@id\":\"https:\/\/www.creilsudoise-tourisme.fr\/#\/schema\/logo\/image\/\",\"url\":\"https:\/\/www.creilsudoise-tourisme.fr\/wp-content\/uploads\/2021\/05\/logo-svg.png\",\"contentUrl\":\"https:\/\/www.creilsudoise-tourisme.fr\/wp-content\/uploads\/2021\/05\/logo-svg.png\",\"width\":182,\"height\":71,\"caption\":\"Creil Sud Oise Tourisme\"},\"image\":{\"@id\":\"https:\/\/www.creilsudoise-tourisme.fr\/#\/schema\/logo\/image\/\"},\"sameAs\":[\"https:\/\/www.facebook.com\/creilsudoisetourisme\/\",\"https:\/\/twitter.com\/CreilSudOiseOT\",\"https:\/\/www.instagram.com\/creilsudoisetourisme\/\",\"https:\/\/www.youtube.com\/channel\/UC8L_QD2wwyADW14zt9fY8kw\"]},{\"@type\":\"Person\",\"@id\":\"https:\/\/www.creilsudoise-tourisme.fr\/#\/schema\/person\/81a1ab3a236faa5508e8f47600a85072\",\"name\":\"emilie\",\"image\":{\"@type\":\"ImageObject\",\"inLanguage\":\"nl\",\"@id\":\"https:\/\/www.creilsudoise-tourisme.fr\/#\/schema\/person\/image\/\",\"url\":\"https:\/\/secure.gravatar.com\/avatar\/63ed1ecafae1b27e36a71e8626bc354f?s=96&d=mm&r=g\",\"contentUrl\":\"https:\/\/secure.gravatar.com\/avatar\/63ed1ecafae1b27e36a71e8626bc354f?s=96&d=mm&r=g\",\"caption\":\"emilie\"},\"url\":\"https:\/\/www.creilsudoise-tourisme.fr\/nl\/auteur\/emilie\/\"}]}<\/script>\n<!-- \/ Yoast SEO plugin. -->","yoast_head_json":{"title":"Que faire cet \u00e9t\u00e9 ?","description":"Que faire cet \u00e9t\u00e9 en famille ou entre amis \u00e0 Creil Sud Oise, pr\u00e8s de Chantilly et Senlis ? D\u00e9couvrez notre s\u00e9lection de sorties !","robots":{"index":"index","follow":"follow","max-snippet":"max-snippet:-1","max-image-preview":"max-image-preview:large","max-video-preview":"max-video-preview:-1"},"canonical":"https:\/\/www.creilsudoise-tourisme.fr\/nl\/2025\/06\/26\/zomervakantie-2\/","og_locale":"nl_NL","og_type":"article","og_title":"Que faire cet \u00e9t\u00e9 ?","og_description":"Que faire cet \u00e9t\u00e9 en famille ou entre amis \u00e0 Creil Sud Oise, pr\u00e8s de Chantilly et Senlis ? D\u00e9couvrez notre s\u00e9lection de sorties !","og_url":"https:\/\/www.creilsudoise-tourisme.fr\/nl\/2025\/06\/26\/zomervakantie-2\/","og_site_name":"Office de Tourisme Creil Sud Oise","article_publisher":"https:\/\/www.facebook.com\/creilsudoisetourisme\/","article_published_time":"2025-06-26T12:14:18+00:00","article_modified_time":"2025-10-08T08:32:34+00:00","og_image":[{"width":1480,"height":740,"url":"https:\/\/www.creilsudoise-tourisme.fr\/wp-content\/uploads\/2025\/06\/Actu-vacances-ete-1.png","type":"image\/png"}],"author":"emilie","twitter_card":"summary_large_image","twitter_creator":"@CreilSudOiseOT","twitter_site":"@CreilSudOiseOT","twitter_misc":{"Geschreven door":"emilie","Geschatte leestijd":"8 minuten"},"schema":{"@context":"https:\/\/schema.org","@graph":[{"@type":"Article","@id":"https:\/\/www.creilsudoise-tourisme.fr\/2025\/06\/26\/vacances-ete\/#article","isPartOf":{"@id":"https:\/\/www.creilsudoise-tourisme.fr\/2025\/06\/26\/vacances-ete\/"},"author":{"name":"emilie","@id":"https:\/\/www.creilsudoise-tourisme.fr\/#\/schema\/person\/81a1ab3a236faa5508e8f47600a85072"},"headline":"C&rsquo;est les vacances d&rsquo;\u00e9t\u00e9 !","datePublished":"2025-06-26T12:14:18+00:00","dateModified":"2025-10-08T08:32:34+00:00","mainEntityOfPage":{"@id":"https:\/\/www.creilsudoise-tourisme.fr\/2025\/06\/26\/vacances-ete\/"},"wordCount":1617,"publisher":{"@id":"https:\/\/www.creilsudoise-tourisme.fr\/#organization"},"articleSection":["Actus"],"inLanguage":"nl"},{"@type":"WebPage","@id":"https:\/\/www.creilsudoise-tourisme.fr\/2025\/06\/26\/vacances-ete\/","url":"https:\/\/www.creilsudoise-tourisme.fr\/2025\/06\/26\/vacances-ete\/","name":"Que faire cet \u00e9t\u00e9 ?","isPartOf":{"@id":"https:\/\/www.creilsudoise-tourisme.fr\/#website"},"datePublished":"2025-06-26T12:14:18+00:00","dateModified":"2025-10-08T08:32:34+00:00","description":"Que faire cet \u00e9t\u00e9 en famille ou entre amis \u00e0 Creil Sud Oise, pr\u00e8s de Chantilly et Senlis ? D\u00e9couvrez notre s\u00e9lection de sorties !","breadcrumb":{"@id":"https:\/\/www.creilsudoise-tourisme.fr\/2025\/06\/26\/vacances-ete\/#breadcrumb"},"inLanguage":"nl","potentialAction":[{"@type":"ReadAction","target":["https:\/\/www.creilsudoise-tourisme.fr\/2025\/06\/26\/vacances-ete\/"]}]},{"@type":"BreadcrumbList","@id":"https:\/\/www.creilsudoise-tourisme.fr\/2025\/06\/26\/vacances-ete\/#breadcrumb","itemListElement":[{"@type":"ListItem","position":1,"name":"Accueil","item":"https:\/\/www.creilsudoise-tourisme.fr\/"},{"@type":"ListItem","position":2,"name":"C&rsquo;est les vacances d&rsquo;\u00e9t\u00e9 !"}]},{"@type":"WebSite","@id":"https:\/\/www.creilsudoise-tourisme.fr\/#website","url":"https:\/\/www.creilsudoise-tourisme.fr\/","name":"Office de Tourisme Creil Sud Oise","description":"Creil Sud Oise Tourisme, un territoire \u00e0 explorer !","publisher":{"@id":"https:\/\/www.creilsudoise-tourisme.fr\/#organization"},"potentialAction":[{"@type":"SearchAction","target":{"@type":"EntryPoint","urlTemplate":"https:\/\/www.creilsudoise-tourisme.fr\/?s={search_term_string}"},"query-input":"required name=search_term_string"}],"inLanguage":"nl"},{"@type":"Organization","@id":"https:\/\/www.creilsudoise-tourisme.fr\/#organization","name":"Creil Sud Oise Tourisme","url":"https:\/\/www.creilsudoise-tourisme.fr\/","logo":{"@type":"ImageObject","inLanguage":"nl","@id":"https:\/\/www.creilsudoise-tourisme.fr\/#\/schema\/logo\/image\/","url":"https:\/\/www.creilsudoise-tourisme.fr\/wp-content\/uploads\/2021\/05\/logo-svg.png","contentUrl":"https:\/\/www.creilsudoise-tourisme.fr\/wp-content\/uploads\/2021\/05\/logo-svg.png","width":182,"height":71,"caption":"Creil Sud Oise Tourisme"},"image":{"@id":"https:\/\/www.creilsudoise-tourisme.fr\/#\/schema\/logo\/image\/"},"sameAs":["https:\/\/www.facebook.com\/creilsudoisetourisme\/","https:\/\/twitter.com\/CreilSudOiseOT","https:\/\/www.instagram.com\/creilsudoisetourisme\/","https:\/\/www.youtube.com\/channel\/UC8L_QD2wwyADW14zt9fY8kw"]},{"@type":"Person","@id":"https:\/\/www.creilsudoise-tourisme.fr\/#\/schema\/person\/81a1ab3a236faa5508e8f47600a85072","name":"emilie","image":{"@type":"ImageObject","inLanguage":"nl","@id":"https:\/\/www.creilsudoise-tourisme.fr\/#\/schema\/person\/image\/","url":"https:\/\/secure.gravatar.com\/avatar\/63ed1ecafae1b27e36a71e8626bc354f?s=96&d=mm&r=g","contentUrl":"https:\/\/secure.gravatar.com\/avatar\/63ed1ecafae1b27e36a71e8626bc354f?s=96&d=mm&r=g","caption":"emilie"},"url":"https:\/\/www.creilsudoise-tourisme.fr\/nl\/auteur\/emilie\/"}]}},"_links":{"self":[{"href":"https:\/\/www.creilsudoise-tourisme.fr\/nl\/wp-json\/wp\/v2\/posts\/63226"}],"collection":[{"href":"https:\/\/www.creilsudoise-tourisme.fr\/nl\/wp-json\/wp\/v2\/posts"}],"about":[{"href":"https:\/\/www.creilsudoise-tourisme.fr\/nl\/wp-json\/wp\/v2\/types\/post"}],"author":[{"embeddable":true,"href":"https:\/\/www.creilsudoise-tourisme.fr\/nl\/wp-json\/wp\/v2\/users\/10"}],"replies":[{"embeddable":true,"href":"https:\/\/www.creilsudoise-tourisme.fr\/nl\/wp-json\/wp\/v2\/comments?post=63226"}],"version-history":[{"count":35,"href":"https:\/\/www.creilsudoise-tourisme.fr\/nl\/wp-json\/wp\/v2\/posts\/63226\/revisions"}],"predecessor-version":[{"id":64500,"href":"https:\/\/www.creilsudoise-tourisme.fr\/nl\/wp-json\/wp\/v2\/posts\/63226\/revisions\/64500"}],"wp:featuredmedia":[{"embeddable":true,"href":"https:\/\/www.creilsudoise-tourisme.fr\/nl\/wp-json\/wp\/v2\/media\/63310"}],"wp:attachment":[{"href":"https:\/\/www.creilsudoise-tourisme.fr\/nl\/wp-json\/wp\/v2\/media?parent=63226"}],"wp:term":[{"taxonomy":"category","embeddable":true,"href":"https:\/\/www.creilsudoise-tourisme.fr\/nl\/wp-json\/wp\/v2\/categories?post=63226"},{"taxonomy":"post_tag","embeddable":true,"href":"https:\/\/www.creilsudoise-tourisme.fr\/nl\/wp-json\/wp\/v2\/tags?post=63226"}],"curies":[{"name":"wp","href":"https:\/\/api.w.org\/{rel}","templated":true}]}}