{"id":60988,"date":"2025-03-21T14:53:15","date_gmt":"2025-03-21T13:53:15","guid":{"rendered":"https:\/\/www.creilsudoise-tourisme.fr\/?p=60988"},"modified":"2025-04-25T08:58:56","modified_gmt":"2025-04-25T06:58:56","slug":"vacances-printemps","status":"publish","type":"post","link":"https:\/\/www.creilsudoise-tourisme.fr\/nl\/2025\/03\/21\/voorjaarsvakantie\/","title":{"rendered":"Voorjaarsvakantie: wat is er te doen?"},"content":{"rendered":"<p class=\"is-style-excerpt\">De <strong>prachtige dagen<\/strong> zijn onderweg! Bezoek <strong>hemel <\/strong>is blauw, de vogels <strong>zingen<\/strong>en hier zitten we dan, twijfelend over wat we vandaag aan moeten trekken: de ochtenden zijn nog steeds <strong>vers<\/strong>terwijl de middagen <strong>aangenaam zacht<\/strong>.<br>Genoeg gekletst: wat als we je wat <strong>activiteiten<\/strong> en <strong>verlaat<\/strong> voor de vakantie van je kinderen\/kleinkinderen?<\/p>\n\n\n\n<div class=\"is-content-justification-center is-layout-flex wp-container-1 wp-block-buttons\">\n<div class=\"wp-block-button\"><a class=\"wp-block-button__link wp-element-button\" href=\"https:\/\/www.creilsudoise-tourisme.fr\/nl\/agenda\/\" target=\"_blank\" rel=\"noreferrer noopener\">AL DE AGENDA<\/a><\/div>\n<\/div>\n\n\n\n<h2>Bezoek<\/h2>\n\n\n\n<p><\/p>\n\n\n\n<div class=\"is-layout-flex wp-container-4 wp-block-columns are-vertically-aligned-center\">\n<div class=\"is-layout-flow wp-block-column is-vertically-aligned-center\">\n<p>Zoals gewoonlijk zijn de <a href=\"https:\/\/www.creilsudoise-tourisme.fr\/nl\/jexplore\/must-haves\/musee-galle-juillet\/\" target=\"_blank\" rel=\"noreferrer noopener\"><strong>Gall\u00e9-Juillet Museum<\/strong><\/a> is tijdens de feestdagen geopend van woensdagmiddag tot zondagmiddag! Als je het museum nog niet hebt bezocht <strong>een must<\/strong> de Creil, wat eigenlijk een <strong>Belle Epoque huis<\/strong>Dit is je kans! De meubels van vroeger zijn nog steeds te zien en je kunt de<strong>geschiedenis<\/strong> van deze <strong>familie<\/strong>in het bijzonder die van de kleine <strong>Maurice<\/strong>.<br>Aarzel niet om de <strong><a href=\"https:\/\/www.creilsudoise-tourisme.fr\/nl\/patrimoine\/maison-de-la-faience\/\" target=\"_blank\" rel=\"noreferrer noopener\">Huis van Aardewerk<\/a><\/strong>tegenover het museum: een <strong>indrukwekkende collectie<\/strong> en er zijn genoeg activiteiten om de kleintjes bezig te houden!<br>Ik ontdek het museum door <a href=\"https:\/\/www.youtube.com\/watch?v=wY9wGoow8Vo&amp;ab_channel=CreilSudOiseTourisme\" target=\"_blank\" rel=\"noreferrer noopener\"><strong>video<\/strong><\/a> (<strong>het is allemaal nieuw!<\/strong>)<\/p>\n<\/div>\n\n\n\n<div class=\"is-layout-flow wp-block-column is-vertically-aligned-center\"><div class=\"wp-block-image\">\n<figure class=\"aligncenter size-large is-resized\"><img decoding=\"async\" loading=\"lazy\" data-src=\"https:\/\/www.creilsudoise-tourisme.fr\/wp-content\/uploads\/2023\/01\/3-Anne-Sophie-FLAMENT-ville-de-creil-MGJ-peintures-et-dessins-edited-1200x676.jpg\" alt=\"Rondleiding voor kinderen in het Mus\u00e9e Gall\u00e9-Juillet in Creil\" class=\"wp-image-44228\" width=\"423\" height=\"238\" data-srcset=\"https:\/\/www.creilsudoise-tourisme.fr\/wp-content\/uploads\/2023\/01\/3-Anne-Sophie-FLAMENT-ville-de-creil-MGJ-peintures-et-dessins-edited-1200x676.jpg 1200w, https:\/\/www.creilsudoise-tourisme.fr\/wp-content\/uploads\/2023\/01\/3-Anne-Sophie-FLAMENT-ville-de-creil-MGJ-peintures-et-dessins-edited-600x338.jpg 600w, https:\/\/www.creilsudoise-tourisme.fr\/wp-content\/uploads\/2023\/01\/3-Anne-Sophie-FLAMENT-ville-de-creil-MGJ-peintures-et-dessins-edited-900x507.jpg 900w, https:\/\/www.creilsudoise-tourisme.fr\/wp-content\/uploads\/2023\/01\/3-Anne-Sophie-FLAMENT-ville-de-creil-MGJ-peintures-et-dessins-edited-1536x865.jpg 1536w, https:\/\/www.creilsudoise-tourisme.fr\/wp-content\/uploads\/2023\/01\/3-Anne-Sophie-FLAMENT-ville-de-creil-MGJ-peintures-et-dessins-edited-200x113.jpg 200w, https:\/\/www.creilsudoise-tourisme.fr\/wp-content\/uploads\/2023\/01\/3-Anne-Sophie-FLAMENT-ville-de-creil-MGJ-peintures-et-dessins-edited-650x366.jpg 650w, https:\/\/www.creilsudoise-tourisme.fr\/wp-content\/uploads\/2023\/01\/3-Anne-Sophie-FLAMENT-ville-de-creil-MGJ-peintures-et-dessins-edited-387x218.jpg 387w, https:\/\/www.creilsudoise-tourisme.fr\/wp-content\/uploads\/2023\/01\/3-Anne-Sophie-FLAMENT-ville-de-creil-MGJ-peintures-et-dessins-edited.jpg 1600w\" sizes=\"(max-width: 423px) 100vw, 423px\" \/><figcaption class=\"wp-element-caption\">Anne-Sophie Flament<\/figcaption><\/figure><\/div><\/div>\n<\/div>\n\n\n\n<div class=\"is-layout-flex wp-container-7 wp-block-columns\">\n<div class=\"is-layout-flow wp-block-column is-vertically-aligned-center\" style=\"flex-basis:33.33%\">\n<figure class=\"wp-block-image size-large\"><img decoding=\"async\" loading=\"lazy\" width=\"777\" height=\"1200\" data-src=\"https:\/\/www.creilsudoise-tourisme.fr\/wp-content\/uploads\/2025\/03\/Maison_Pierre-Saint_Maximin-Visite_guidee-B_Teissedre-5-777x1200.jpg\" alt=\"Carri\u00e8re Parrain in het Maison de la Pierre in Saint-Maximin\" class=\"wp-image-61012\" data-srcset=\"https:\/\/www.creilsudoise-tourisme.fr\/wp-content\/uploads\/2025\/03\/Maison_Pierre-Saint_Maximin-Visite_guidee-B_Teissedre-5-777x1200.jpg 777w, https:\/\/www.creilsudoise-tourisme.fr\/wp-content\/uploads\/2025\/03\/Maison_Pierre-Saint_Maximin-Visite_guidee-B_Teissedre-5-388x600.jpg 388w, https:\/\/www.creilsudoise-tourisme.fr\/wp-content\/uploads\/2025\/03\/Maison_Pierre-Saint_Maximin-Visite_guidee-B_Teissedre-5-583x900.jpg 583w, https:\/\/www.creilsudoise-tourisme.fr\/wp-content\/uploads\/2025\/03\/Maison_Pierre-Saint_Maximin-Visite_guidee-B_Teissedre-5-994x1536.jpg 994w, https:\/\/www.creilsudoise-tourisme.fr\/wp-content\/uploads\/2025\/03\/Maison_Pierre-Saint_Maximin-Visite_guidee-B_Teissedre-5-8x12.jpg 8w, https:\/\/www.creilsudoise-tourisme.fr\/wp-content\/uploads\/2025\/03\/Maison_Pierre-Saint_Maximin-Visite_guidee-B_Teissedre-5-200x309.jpg 200w, https:\/\/www.creilsudoise-tourisme.fr\/wp-content\/uploads\/2025\/03\/Maison_Pierre-Saint_Maximin-Visite_guidee-B_Teissedre-5-650x1004.jpg 650w, https:\/\/www.creilsudoise-tourisme.fr\/wp-content\/uploads\/2025\/03\/Maison_Pierre-Saint_Maximin-Visite_guidee-B_Teissedre-5-387x598.jpg 387w, https:\/\/www.creilsudoise-tourisme.fr\/wp-content\/uploads\/2025\/03\/Maison_Pierre-Saint_Maximin-Visite_guidee-B_Teissedre-5.jpg 1243w\" sizes=\"(max-width: 777px) 100vw, 777px\" \/><figcaption class=\"wp-element-caption\">B.Teissedre<\/figcaption><\/figure>\n<\/div>\n\n\n\n<div class=\"is-layout-flow wp-block-column\" style=\"flex-basis:66.66%\">\n<p>Voor Pasen zijn de<a href=\"https:\/\/www.creilsudoise-tourisme.fr\/nl\/jexplore\/must-haves\/maison-de-la-pierre\/\"> <strong>Stone House<\/strong><\/a> biedt je een hele <strong>veel activiteiten<\/strong> (<em>zie ci-d<\/em>essous, in de sectie \"Workshops\") en een <strong><a href=\"https:\/\/www.creilsudoise-tourisme.fr\/nl\/agenda-animations\/balades-contees-de-paques-au-coeur-des-carrieres-souterraines\/\" target=\"_blank\" rel=\"noreferrer noopener\">nieuwe verhalenwandeling<\/a><\/strong> op <strong>het hart van de ondergrondse steengroeve<\/strong> van Saint-Maximin! Volg een <strong>mysterieuze fee<\/strong> die je naar de <strong>Paashazen<\/strong>&#8230; <em>Maar shhh, het is een <strong>geheim<\/strong> !<\/em><br>A<strong> eierspeurtocht<\/strong> is gepland na de wandeling. Dus, ben je klaar om <strong>uitvoeren<\/strong> en open <strong>je ogen wijd<\/strong> ? <em>1,2,3...Go!<\/em><br>Het Maison de la Pierre gaat begin april weer open voor het seizoen: <strong>iedere woensdag<\/strong>kun je een <strong>rondleiding door de ondergrondse steengroeve<\/strong>met een paar extra data voor Pasen: <a href=\"https:\/\/www.maisondelapierre-oise.fr\/activites\/\" target=\"_blank\" rel=\"noreferrer noopener\">we laten het je uitzoeken<\/a> !<\/p>\n<\/div>\n<\/div>\n\n\n\n<p><br><\/p>\n\n\n\n<p>Voor jongere kinderen (5-14 jaar) is de&nbsp;<strong><a href=\"https:\/\/www.creilsudoise-tourisme.fr\/nl\/jexplore\/must-haves\/\" target=\"_blank\" rel=\"noreferrer noopener\">Clouterie Rivierre<\/a><\/strong>&nbsp;in Creil biedt een&nbsp;<a href=\"https:\/\/www.creilsudoise-tourisme.fr\/nl\/agenda-animations\/visite-et-atelier-creatif-a-la-clouterie\/\" target=\"_blank\" rel=\"noreferrer noopener\"><strong>schroeven<\/strong><\/a><strong><a href=\"https:\/\/www.creilsudoise-tourisme.fr\/nl\/agenda-animations\/visite-et-atelier-creatif-a-la-clouterie\/\" target=\"_blank\" rel=\"noreferrer noopener\">speelse ite<\/a><\/strong>&nbsp;van haar&nbsp;<strong>fabriek<\/strong>gevolgd door een&nbsp;<strong>creatieve workshop<\/strong>&nbsp;rond de nagels: onder begeleiding van een volwassene vertrekt je kind met zijn of haar eigen&nbsp;<strong>creatie<\/strong>&nbsp;! Wie weet, sommige&nbsp;<strong>roepingen<\/strong>&nbsp;misschien geboren zal worden?<br><br>De <a href=\"https:\/\/www.nogentsuroise.fr\/a-tout-age\/enfance-et-education\/ferme-pedagogique\" target=\"_blank\" rel=\"noreferrer noopener\">la MASTE educatieve boerderij<\/a>in Nogent-sur-Oise, heet u welkom op <a href=\"https:\/\/www.creilsudoise-tourisme.fr\/nl\/agenda-animations\/bienvenue-a-la-ferme-pedagogique-de-la-maste-4\/\" target=\"_blank\" rel=\"noreferrer noopener\"><strong>bezoek de dieren<\/strong> <\/a>gewoon wachten <strong>jij<\/strong> om geaaid te worden!<\/p>\n\n\n\n<h2>Workshops<br><\/h2>\n\n\n\n<div class=\"is-layout-flex wp-container-10 wp-block-columns are-vertically-aligned-center\">\n<div class=\"is-layout-flow wp-block-column is-vertically-aligned-center\" style=\"flex-basis:66.66%\">\n<p>De <strong><a href=\"https:\/\/www.creilsudoise-tourisme.fr\/nl\/jexplore\/must-haves\/maison-de-la-pierre\/\">Stone House<\/a> <\/strong>in Saint-Maximin biedt een breed scala aan activiteiten:<strong> <a href=\"https:\/\/www.creilsudoise-tourisme.fr\/nl\/agenda-animations\/initiation-sculpture-sur-pierre\/\" target=\"_blank\" rel=\"noreferrer noopener\">stenen beeldhouwwerk<\/a><\/strong>, <strong>inleiding tot <a href=\"https:\/\/www.creilsudoise-tourisme.fr\/nl\/agenda-animations\/initiatie-lithotherapie-3-2\/\" target=\"_blank\" rel=\"noreferrer noopener\">lithotherapie<\/a><\/strong>, <strong>ontdekking van <a href=\"https:\/\/www.creilsudoise-tourisme.fr\/nl\/agenda-animations\/atelier-le-pouvoir-des-plantes\/\" target=\"_blank\" rel=\"noreferrer noopener\">de kracht van planten<\/a><\/strong> met een <strong>natuurgeneeskundige<\/strong>.<br>Je kunt zelfs <strong>doe ze allemaal<\/strong> als de<strong>verveling<\/strong> is jouw <strong>vijand<\/strong> !<\/p>\n<\/div>\n\n\n\n<div class=\"is-layout-flow wp-block-column is-vertically-aligned-center\" style=\"flex-basis:33.33%\">\n<figure class=\"wp-block-image size-large\"><img decoding=\"async\" loading=\"lazy\" width=\"800\" height=\"1200\" data-src=\"https:\/\/www.creilsudoise-tourisme.fr\/wp-content\/uploads\/2021\/05\/Initiation-a-la-sculpture-sur-pierre-avec-des-enfants-a-la-Maison-de-la-Pierre-a-Saint-Maximin-800x1200.jpg\" alt=\"Inwijding in steenhouwen met kinderen in het Maison de la Pierre in Saint-Maximin\" class=\"wp-image-34645\" data-srcset=\"https:\/\/www.creilsudoise-tourisme.fr\/wp-content\/uploads\/2021\/05\/Initiation-a-la-sculpture-sur-pierre-avec-des-enfants-a-la-Maison-de-la-Pierre-a-Saint-Maximin-800x1200.jpg 800w, https:\/\/www.creilsudoise-tourisme.fr\/wp-content\/uploads\/2021\/05\/Initiation-a-la-sculpture-sur-pierre-avec-des-enfants-a-la-Maison-de-la-Pierre-a-Saint-Maximin-400x600.jpg 400w, https:\/\/www.creilsudoise-tourisme.fr\/wp-content\/uploads\/2021\/05\/Initiation-a-la-sculpture-sur-pierre-avec-des-enfants-a-la-Maison-de-la-Pierre-a-Saint-Maximin-600x900.jpg 600w, https:\/\/www.creilsudoise-tourisme.fr\/wp-content\/uploads\/2021\/05\/Initiation-a-la-sculpture-sur-pierre-avec-des-enfants-a-la-Maison-de-la-Pierre-a-Saint-Maximin-200x300.jpg 200w, https:\/\/www.creilsudoise-tourisme.fr\/wp-content\/uploads\/2021\/05\/Initiation-a-la-sculpture-sur-pierre-avec-des-enfants-a-la-Maison-de-la-Pierre-a-Saint-Maximin-650x975.jpg 650w, https:\/\/www.creilsudoise-tourisme.fr\/wp-content\/uploads\/2021\/05\/Initiation-a-la-sculpture-sur-pierre-avec-des-enfants-a-la-Maison-de-la-Pierre-a-Saint-Maximin-282x424.jpg 282w, https:\/\/www.creilsudoise-tourisme.fr\/wp-content\/uploads\/2021\/05\/Initiation-a-la-sculpture-sur-pierre-avec-des-enfants-a-la-Maison-de-la-Pierre-a-Saint-Maximin-387x581.jpg 387w, https:\/\/www.creilsudoise-tourisme.fr\/wp-content\/uploads\/2021\/05\/Initiation-a-la-sculpture-sur-pierre-avec-des-enfants-a-la-Maison-de-la-Pierre-a-Saint-Maximin.jpg 900w\" sizes=\"(max-width: 800px) 100vw, 800px\" \/><figcaption class=\"wp-element-caption\">Comdesimages B. Teissedre ADRTOise<\/figcaption><\/figure>\n<\/div>\n<\/div>\n\n\n\n<p><br><br>Neem een kijkje in de <a href=\"https:\/\/www.creilsudoise-tourisme.fr\/nl\/jexplore\/must-haves\/musee-galle-juillet\/\" target=\"_blank\" rel=\"noreferrer noopener\">Gall\u00e9-Juillet Museum<\/a>gevolgd door een<strong> <a href=\"https:\/\/www.creilsudoise-tourisme.fr\/nl\/agenda-animations\/decore-ton-coloriage-pour-quil-rime-avec-musique\/\" target=\"_blank\" rel=\"noreferrer noopener\">creatief kleuren en collage workshop<\/a><\/strong> over het thema van <strong>muziek<\/strong> vertegenwoordigd in de <strong>keramiek<\/strong>. Deze workshop is <strong>in verband<\/strong> met <a href=\"https:\/\/www.creilsudoise-tourisme.fr\/nl\/agenda-animations\/exposition-quand-musique-rime-avec-ceramique-2\/\" target=\"_blank\" rel=\"noreferrer noopener\">de tentoonstelling \"Als muziek rijmt op keramiek\",<\/a> beschikbaar tot 22 juni.<br><br>Laat je verleiden door een<strong> <a href=\"https:\/\/www.creilsudoise-tourisme.fr\/nl\/agenda-animations\/stage-sculpture-sur-bois\/\" target=\"_blank\" rel=\"noreferrer noopener\">workshop houtsnijden<\/a><\/strong> die gedurende meerdere dagen plaatsvindt in het<a href=\"https:\/\/www.creilsudoise-tourisme.fr\/nl\/loisirs\/espace-henri-matisse\/\" target=\"_blank\" rel=\"noreferrer noopener\">'<strong>Espace Matisse<\/strong><\/a> in Creil. Ontdek de <strong>voorouderlijke gebaren<\/strong> en de <strong>knowhow<\/strong> van de <strong>houtsculptuur<\/strong>. Vanaf 14 jaar.<br><br>Met de <strong><a href=\"https:\/\/www.facebook.com\/ecologis60\" target=\"_blank\" rel=\"noreferrer noopener\">Eco'Logis<\/a><\/strong> van <strong>Tandem Immobili\u00ebn<\/strong>je kunt <strong><a href=\"https:\/\/www.creilsudoise-tourisme.fr\/nl\/agenda-animations\/atelier-initiation-au-jardinage-2\/\" target=\"_blank\" rel=\"noreferrer noopener\">Inleiding tot tuinieren<\/a> <\/strong>zaailingen planten, praten over seizoensfruit en -groenten, tuininsecten en nog veel meer.<strong> mogelijk<\/strong> om te gaan tuinieren, <strong>zelfs in flats<\/strong> ! Workshop <strong>mogelijk<\/strong> met de <strong>kinderen<\/strong>.<br><\/p>\n\n\n\n<h2>Cultuur<\/h2>\n\n\n\n<p>Laten we het over cultuur hebben! <\/p>\n\n\n\n<div class=\"is-layout-flex wp-container-13 wp-block-columns are-vertically-aligned-center\">\n<div class=\"is-layout-flow wp-block-column is-vertically-aligned-center\">\n<p>De <strong>festival <a href=\"https:\/\/www.creilsudoise-tourisme.fr\/nl\/agenda-animations\/festival-les-ptites-tommettes\/\" target=\"_blank\" rel=\"noreferrer noopener\">P'tites tommettes<\/a><\/strong> door <a href=\"https:\/\/www.creilsudoise-tourisme.fr\/nl\/loisirs\/la-faiencerie-theatre\/\"><strong>De Fa\u00efencerie<\/strong><\/a> de Creil biedt een scala aan <strong>workshops<\/strong>, <strong>toont<\/strong> en <strong>filmvertoningen<\/strong> voor <strong>stuk kool<\/strong> (0 tot 5 jaar oud!). Workshops voor <strong>aanstaande moeders<\/strong> wachten ook op jou!<br>Ontdek meer over <strong>programmering<\/strong> geheel <strong><a href=\"https:\/\/faiencerie-theatre.com\/p-tites-tommettes\" target=\"_blank\" rel=\"noreferrer noopener\">hier<\/a><\/strong> !<\/p>\n<\/div>\n\n\n\n<div class=\"is-layout-flow wp-block-column is-vertically-aligned-center\">\n<figure class=\"wp-block-image size-full is-resized\"><img decoding=\"async\" loading=\"lazy\" data-src=\"https:\/\/www.creilsudoise-tourisme.fr\/wp-content\/uploads\/2025\/03\/programme_ptitestomettes_2025_web_Page_01.jpg\" alt=\"\" class=\"wp-image-60997\" width=\"228\" height=\"315\" data-srcset=\"https:\/\/www.creilsudoise-tourisme.fr\/wp-content\/uploads\/2025\/03\/programme_ptitestomettes_2025_web_Page_01.jpg 768w, https:\/\/www.creilsudoise-tourisme.fr\/wp-content\/uploads\/2025\/03\/programme_ptitestomettes_2025_web_Page_01-433x600.jpg 433w, https:\/\/www.creilsudoise-tourisme.fr\/wp-content\/uploads\/2025\/03\/programme_ptitestomettes_2025_web_Page_01-650x900.jpg 650w, https:\/\/www.creilsudoise-tourisme.fr\/wp-content\/uploads\/2025\/03\/programme_ptitestomettes_2025_web_Page_01-9x12.jpg 9w, https:\/\/www.creilsudoise-tourisme.fr\/wp-content\/uploads\/2025\/03\/programme_ptitestomettes_2025_web_Page_01-200x277.jpg 200w, https:\/\/www.creilsudoise-tourisme.fr\/wp-content\/uploads\/2025\/03\/programme_ptitestomettes_2025_web_Page_01-387x536.jpg 387w\" sizes=\"(max-width: 228px) 100vw, 228px\" \/><\/figure>\n<\/div>\n<\/div>\n\n\n\n<p><\/p>\n\n\n\n<p><br>Op de <a href=\"https:\/\/www.villers-saint-paul.fr\/la-biblioth%C3%A8que-municipale-colette\"><strong>Bibliotheek Colette<\/strong><\/a> van Villers-Saint-Paul, een<a href=\"https:\/\/www.creilsudoise-tourisme.fr\/nl\/agenda-animations\/loisirs-les-apres-midi-jeux-en-avril\/\" target=\"_blank\" rel=\"noreferrer noopener\">&nbsp;<strong>middag bordspellen<\/strong><\/a>&nbsp;voor (begeleide) kinderen. Alles wat je nodig hebt voor een&nbsp;<strong>leuke middag<\/strong> strategisch. <em>Counter-Uno!<\/em><br><br>Ook voor jongeren is er de&nbsp;<a href=\"https:\/\/www.creilsudoise-tourisme.fr\/nl\/agenda-animations\/lecture-les-livres-cest-bon-pour-les-bebes_-fevrier\/\" target=\"_blank\" rel=\"noreferrer noopener\">Mediatheek Saint-Vaast-l\u00e8s-Mello<\/a>  biedt een&nbsp;<strong><a href=\"https:\/\/www.creilsudoise-tourisme.fr\/nl\/agenda-animations\/lecture-les-livres-cest-bon-pour-les-bebes_-avril\/\" target=\"_blank\" rel=\"noreferrer noopener\">geschikt voor kinderen van 0 tot 3 jaar<\/a><\/strong>. Op het programma:&nbsp;<strong>een uur verhalen vertellen<\/strong> en woorden ontdekken.<br><br>Voor tieners (van 15 jaar en ouder) is de <a href=\"https:\/\/mediatheque.creil.fr\/decouvrir-les-mediatheques\" target=\"_blank\" rel=\"noreferrer noopener\">Antoine Chanut Mediatheek<\/a> van Creil om uw<strong> film coup de c\u0153ur<\/strong> van het moment en bespreken de <strong>7e kunst<\/strong> ! <em>Het is gek, het is ook mijn favoriete film!<\/em><br><br>De&nbsp;<a href=\"https:\/\/www.saintmaximin.eu\/bibliotheque-et-catalogue_fr.html\" target=\"_blank\" rel=\"noreferrer noopener\">Elsa Triolet bibliotheek in Saint-Maximin<\/a>&nbsp;voor<strong> Tieners van 16 jaar en ouder<\/strong> en <strong>volwassenen<\/strong>a&nbsp;<strong><a href=\"https:\/\/www.saintmaximin.eu\/article_468_1_cafe-gourmand_fr.html\" target=\"_blank\" rel=\"noreferrer noopener\">gastronomische koffie<\/a><\/strong>&nbsp;rond&nbsp;<strong>aandeel<\/strong>&nbsp;Boeken, series, films, games, tentoonstellingen... Het is die tijd van het jaar!&nbsp;<strong>ideaal<\/strong>&nbsp;te maken&nbsp;<strong>culturele ontdekkingen<\/strong>&nbsp;en&nbsp;<strong>vriendelijke<\/strong>&nbsp;!<\/p>\n\n\n\n<h2>En ook...<\/h2>\n\n\n\n<p>De<strong> <a href=\"https:\/\/www.creilsudoise-tourisme.fr\/nl\/agenda-animations\/loisirs-les-petits-trains-dans-le-parc-de-la-breche\/\" target=\"_blank\" rel=\"noreferrer noopener\">mini-treinritten<\/a><\/strong><a href=\"https:\/\/www.creilsudoise-tourisme.fr\/nl\/agenda-animations\/loisirs-les-petits-trains-dans-le-parc-de-la-breche\/\" target=\"_blank\" rel=\"noreferrer noopener\"> <\/a>in de <a href=\"https:\/\/www.creilsudoise-tourisme.fr\/nl\/espace-naturel\/parc-de-la-breche\/\" target=\"_blank\" rel=\"noreferrer noopener\">Parc de la Br\u00e8che<\/a> in Villers-Saint-Paul <strong>terug <\/strong>dit voorjaar!<br>Profiteer van de <strong>prachtige dagen<\/strong> voor een <strong>gezinstijd<\/strong> ! <em>Zullen we doorgaan naar de volgende ronde?<\/em><\/p>\n\n\n\n<div class=\"is-layout-flex wp-container-15 wp-block-columns\">\n<div class=\"is-layout-flow wp-block-column\" style=\"flex-basis:66.66%\">\n<p><\/p>\n<\/div>\n<\/div>\n\n\n\n<div class=\"is-layout-flex wp-container-18 wp-block-columns\">\n<div class=\"is-layout-flow wp-block-column is-vertically-aligned-center\" style=\"flex-basis:50%\">\n<figure class=\"wp-block-image size-large\"><img decoding=\"async\" data-src=\"https:\/\/www.creilsudoise-tourisme.fr\/wp-content\/uploads\/wpetourisme\/SAINT-VAAST-LES-MELLO-Etang-Drone-Creil-Sud-Oise-Tourisme--1--1200x675.jpg\" alt=\"\" class=\"wp-image-60720\"\/><figcaption class=\"wp-element-caption\">Saint-Vaast-l\u00e8s-Mello<\/figcaption><\/figure>\n<\/div>\n\n\n\n<div class=\"is-layout-flow wp-block-column\" style=\"flex-basis:33.33%\">\n<p>Uitgang <strong>100% natuur en ontdekking<\/strong> a <strong><a href=\"https:\/\/www.creilsudoise-tourisme.fr\/nl\/agenda-animations\/balade-decouverte-du-territoire-a-la-vallee-du-therain\/\" target=\"_blank\" rel=\"noreferrer noopener\">ontdekkingswandeling door de streek tot aan de Th\u00e9rain vallei<\/a><\/strong>. Commentaar van een <strong>gecertificeerde natuurgids <a href=\"https:\/\/www.parcs-naturels-regionaux.fr\/les-enjeux\/economie\/valeurs-parc-naturel-regional\/valeurs-parc-naturel-regional-la-marque\">Regionale natuurparkwaarden<\/a><\/strong>gaan op een <strong>verkenning<\/strong> ! Op het programma: wasplaatsen, kerken, vijvers en wetlands: echte toevluchtsoorden van biodiversiteit. <strong>Meer informatie<\/strong> meer over <strong>plaatselijke fauna<\/strong>. Eindelijk, <strong>smaak<\/strong> van <strong>lokale producten<\/strong> om een ochtend af te ronden die <strong>vol van delen<\/strong> !<\/p>\n<\/div>\n<\/div>\n\n\n\n<p><br><br>De <strong><a href=\"https:\/\/www.creilsudoise-tourisme.fr\/nl\/agenda-animations\/fete-foraine-de-printemps\/\" target=\"_blank\" rel=\"noreferrer noopener\">voorjaarsbeurs<\/a><\/strong> komt naar Creil! Het zal aanwezig zijn in bijna alle <strong>alle feestdagen<\/strong>. Welke attractie spreekt je het meest aan? <br><br>A <strong>schattenjacht<\/strong> om de feestdagen af te ronden en <strong>de komst van de paasklokken vieren<\/strong> ? Het recreatiecentrum van Saint-Leu d'Esserent heeft een speciaal <strong><a href=\"https:\/\/www.creilsudoise-tourisme.fr\/nl\/agenda-animations\/chasse-aux-oeufs-a-saint-leu-desserent\/\" target=\"_blank\" rel=\"noreferrer noopener\">eierspeurtocht<\/a><\/strong> Uitsluitend gereserveerd voor inwoners van Lupov.<br><br>De <a href=\"https:\/\/www.saintleudesserent.fr\/\" target=\"_blank\" rel=\"noreferrer noopener\">gemeente Saint-Leu d'Esserent<\/a> organiseert een <a href=\"https:\/\/www.saintleudesserent.fr\/article_549_1_chasse-au-tresor-du-patrimoine-pour-paques_fr.html\" target=\"_blank\" rel=\"noreferrer noopener\">schattenjacht<\/a> Help het konijn zijn schat te vinden! Reserveren noodzakelijk!<br><br>A<a href=\"https:\/\/www.creilsudoise-tourisme.fr\/nl\/agenda-animations\/escape-game-panique-dans-la-bibliotheque\/\" target=\"_blank\" rel=\"noreferrer noopener\"> ontsnappingsspel<\/a> aan de <a href=\"https:\/\/www.saintmaximin.eu\/bibliotheque-et-catalogue\" target=\"_blank\" rel=\"noreferrer noopener\">Bibliotheek Saint-Maximin<\/a> Stop een zeer gevaarlijke groep, de Obscurantes. Deze manipulators verspreiden regelmatig valse wetenschappelijke informatie. Kun jij ze op tijd tegenhouden?<br><\/p>\n\n\n\n<hr class=\"wp-block-separator has-alpha-channel-opacity\"\/>\n\n\n\n<div class=\"is-layout-flex wp-block-buttons\">\n<div class=\"wp-block-button aligncenter\"><a class=\"wp-block-button__link wp-element-button\" href=\"https:\/\/www.creilsudoise-tourisme.fr\/nl\/agenda\/\" target=\"_blank\" rel=\"noreferrer noopener\">AL DE AGENDA<\/a><\/div>\n<\/div>","protected":false},"excerpt":{"rendered":"<p>Het is mooi weer! De lucht is blauw, de vogels fluiten en wij zitten te twijfelen over wat we aan moeten trekken: de ochtenden zijn nog koel, terwijl de middagen aangenaam zacht worden.Genoeg gekletst: wat dacht je van wat activiteiten en uitstapjes om je kinderen\/kleinkinderen in de vakantiestemming te brengen? [...]<\/p>","protected":false},"author":10,"featured_media":60835,"comment_status":"closed","ping_status":"closed","sticky":false,"template":"","format":"standard","meta":{"_relevanssi_hide_post":"","_relevanssi_hide_content":"","_relevanssi_pin_for_all":"","_relevanssi_pin_keywords":"","_relevanssi_unpin_keywords":"","_relevanssi_related_keywords":"","_relevanssi_related_include_ids":"","_relevanssi_related_exclude_ids":"","_relevanssi_related_no_append":"","_relevanssi_related_not_related":"","_relevanssi_related_posts":"40150,40285,39936,40900,52538,37060","_relevanssi_noindex_reason":""},"categories":[5],"tags":[],"yoast_head":"<!-- This site is optimized with the Yoast SEO plugin v20.2.1 - https:\/\/yoast.com\/wordpress\/plugins\/seo\/ -->\n<title>Programme des vacances de Printemps \u00e0 Creil Sud Oise !<\/title>\n<meta name=\"description\" content=\"On fait quoi pendant les vacances de printemps ? D\u00e9couvrez notre s\u00e9lection d&#039;activit\u00e9s \u00e0 Creil Sud Oise, pr\u00e8s de Chantilly et Senlis !\" \/>\n<meta name=\"robots\" content=\"index, follow, max-snippet:-1, max-image-preview:large, max-video-preview:-1\" \/>\n<link rel=\"canonical\" href=\"https:\/\/www.creilsudoise-tourisme.fr\/nl\/2025\/03\/21\/voorjaarsvakantie\/\" \/>\n<meta property=\"og:locale\" content=\"nl_NL\" \/>\n<meta property=\"og:type\" content=\"article\" \/>\n<meta property=\"og:title\" content=\"Programme des vacances de Printemps \u00e0 Creil Sud Oise !\" \/>\n<meta property=\"og:description\" content=\"On fait quoi pendant les vacances de printemps ? D\u00e9couvrez notre s\u00e9lection d&#039;activit\u00e9s \u00e0 Creil Sud Oise, pr\u00e8s de Chantilly et Senlis !\" \/>\n<meta property=\"og:url\" content=\"https:\/\/www.creilsudoise-tourisme.fr\/nl\/2025\/03\/21\/voorjaarsvakantie\/\" \/>\n<meta property=\"og:site_name\" content=\"Office de Tourisme Creil Sud Oise\" \/>\n<meta property=\"article:publisher\" content=\"https:\/\/www.facebook.com\/creilsudoisetourisme\/\" \/>\n<meta property=\"article:published_time\" content=\"2025-03-21T13:53:15+00:00\" \/>\n<meta property=\"article:modified_time\" content=\"2025-04-25T06:58:56+00:00\" \/>\n<meta property=\"og:image\" content=\"https:\/\/www.creilsudoise-tourisme.fr\/wp-content\/uploads\/2025\/03\/Prog-Paques-web-NL-Header-image-de-mise-en-avant.jpg\" \/>\n\t<meta property=\"og:image:width\" content=\"1480\" \/>\n\t<meta property=\"og:image:height\" content=\"740\" \/>\n\t<meta property=\"og:image:type\" content=\"image\/jpeg\" \/>\n<meta name=\"author\" content=\"emilie\" \/>\n<meta name=\"twitter:card\" content=\"summary_large_image\" \/>\n<meta name=\"twitter:creator\" content=\"@CreilSudOiseOT\" \/>\n<meta name=\"twitter:site\" content=\"@CreilSudOiseOT\" \/>\n<meta name=\"twitter:label1\" content=\"Geschreven door\" \/>\n\t<meta name=\"twitter:data1\" content=\"emilie\" \/>\n\t<meta name=\"twitter:label2\" content=\"Geschatte leestijd\" \/>\n\t<meta name=\"twitter:data2\" content=\"5 minuten\" \/>\n<script type=\"application\/ld+json\" class=\"yoast-schema-graph\">{\"@context\":\"https:\/\/schema.org\",\"@graph\":[{\"@type\":\"Article\",\"@id\":\"https:\/\/www.creilsudoise-tourisme.fr\/2025\/03\/21\/vacances-printemps\/#article\",\"isPartOf\":{\"@id\":\"https:\/\/www.creilsudoise-tourisme.fr\/2025\/03\/21\/vacances-printemps\/\"},\"author\":{\"name\":\"emilie\",\"@id\":\"https:\/\/www.creilsudoise-tourisme.fr\/#\/schema\/person\/81a1ab3a236faa5508e8f47600a85072\"},\"headline\":\"Vacances de printemps : on fait quoi ?\",\"datePublished\":\"2025-03-21T13:53:15+00:00\",\"dateModified\":\"2025-04-25T06:58:56+00:00\",\"mainEntityOfPage\":{\"@id\":\"https:\/\/www.creilsudoise-tourisme.fr\/2025\/03\/21\/vacances-printemps\/\"},\"wordCount\":1012,\"publisher\":{\"@id\":\"https:\/\/www.creilsudoise-tourisme.fr\/#organization\"},\"articleSection\":[\"Actus\"],\"inLanguage\":\"nl\"},{\"@type\":\"WebPage\",\"@id\":\"https:\/\/www.creilsudoise-tourisme.fr\/2025\/03\/21\/vacances-printemps\/\",\"url\":\"https:\/\/www.creilsudoise-tourisme.fr\/2025\/03\/21\/vacances-printemps\/\",\"name\":\"Programme des vacances de Printemps \u00e0 Creil Sud Oise !\",\"isPartOf\":{\"@id\":\"https:\/\/www.creilsudoise-tourisme.fr\/#website\"},\"datePublished\":\"2025-03-21T13:53:15+00:00\",\"dateModified\":\"2025-04-25T06:58:56+00:00\",\"description\":\"On fait quoi pendant les vacances de printemps ? D\u00e9couvrez notre s\u00e9lection d'activit\u00e9s \u00e0 Creil Sud Oise, pr\u00e8s de Chantilly et Senlis !\",\"breadcrumb\":{\"@id\":\"https:\/\/www.creilsudoise-tourisme.fr\/2025\/03\/21\/vacances-printemps\/#breadcrumb\"},\"inLanguage\":\"nl\",\"potentialAction\":[{\"@type\":\"ReadAction\",\"target\":[\"https:\/\/www.creilsudoise-tourisme.fr\/2025\/03\/21\/vacances-printemps\/\"]}]},{\"@type\":\"BreadcrumbList\",\"@id\":\"https:\/\/www.creilsudoise-tourisme.fr\/2025\/03\/21\/vacances-printemps\/#breadcrumb\",\"itemListElement\":[{\"@type\":\"ListItem\",\"position\":1,\"name\":\"Accueil\",\"item\":\"https:\/\/www.creilsudoise-tourisme.fr\/\"},{\"@type\":\"ListItem\",\"position\":2,\"name\":\"Vacances de printemps : on fait quoi ?\"}]},{\"@type\":\"WebSite\",\"@id\":\"https:\/\/www.creilsudoise-tourisme.fr\/#website\",\"url\":\"https:\/\/www.creilsudoise-tourisme.fr\/\",\"name\":\"Office de Tourisme Creil Sud Oise\",\"description\":\"Creil Sud Oise Tourisme, un territoire \u00e0 explorer !\",\"publisher\":{\"@id\":\"https:\/\/www.creilsudoise-tourisme.fr\/#organization\"},\"potentialAction\":[{\"@type\":\"SearchAction\",\"target\":{\"@type\":\"EntryPoint\",\"urlTemplate\":\"https:\/\/www.creilsudoise-tourisme.fr\/?s={search_term_string}\"},\"query-input\":\"required name=search_term_string\"}],\"inLanguage\":\"nl\"},{\"@type\":\"Organization\",\"@id\":\"https:\/\/www.creilsudoise-tourisme.fr\/#organization\",\"name\":\"Creil Sud Oise Tourisme\",\"url\":\"https:\/\/www.creilsudoise-tourisme.fr\/\",\"logo\":{\"@type\":\"ImageObject\",\"inLanguage\":\"nl\",\"@id\":\"https:\/\/www.creilsudoise-tourisme.fr\/#\/schema\/logo\/image\/\",\"url\":\"https:\/\/www.creilsudoise-tourisme.fr\/wp-content\/uploads\/2021\/05\/logo-svg.png\",\"contentUrl\":\"https:\/\/www.creilsudoise-tourisme.fr\/wp-content\/uploads\/2021\/05\/logo-svg.png\",\"width\":182,\"height\":71,\"caption\":\"Creil Sud Oise Tourisme\"},\"image\":{\"@id\":\"https:\/\/www.creilsudoise-tourisme.fr\/#\/schema\/logo\/image\/\"},\"sameAs\":[\"https:\/\/www.facebook.com\/creilsudoisetourisme\/\",\"https:\/\/twitter.com\/CreilSudOiseOT\",\"https:\/\/www.instagram.com\/creilsudoisetourisme\/\",\"https:\/\/www.youtube.com\/channel\/UC8L_QD2wwyADW14zt9fY8kw\"]},{\"@type\":\"Person\",\"@id\":\"https:\/\/www.creilsudoise-tourisme.fr\/#\/schema\/person\/81a1ab3a236faa5508e8f47600a85072\",\"name\":\"emilie\",\"image\":{\"@type\":\"ImageObject\",\"inLanguage\":\"nl\",\"@id\":\"https:\/\/www.creilsudoise-tourisme.fr\/#\/schema\/person\/image\/\",\"url\":\"https:\/\/secure.gravatar.com\/avatar\/63ed1ecafae1b27e36a71e8626bc354f?s=96&d=mm&r=g\",\"contentUrl\":\"https:\/\/secure.gravatar.com\/avatar\/63ed1ecafae1b27e36a71e8626bc354f?s=96&d=mm&r=g\",\"caption\":\"emilie\"},\"url\":\"https:\/\/www.creilsudoise-tourisme.fr\/nl\/auteur\/emilie\/\"}]}<\/script>\n<!-- \/ Yoast SEO plugin. -->","yoast_head_json":{"title":"Programme des vacances de Printemps \u00e0 Creil Sud Oise !","description":"On fait quoi pendant les vacances de printemps ? D\u00e9couvrez notre s\u00e9lection d'activit\u00e9s \u00e0 Creil Sud Oise, pr\u00e8s de Chantilly et Senlis !","robots":{"index":"index","follow":"follow","max-snippet":"max-snippet:-1","max-image-preview":"max-image-preview:large","max-video-preview":"max-video-preview:-1"},"canonical":"https:\/\/www.creilsudoise-tourisme.fr\/nl\/2025\/03\/21\/voorjaarsvakantie\/","og_locale":"nl_NL","og_type":"article","og_title":"Programme des vacances de Printemps \u00e0 Creil Sud Oise !","og_description":"On fait quoi pendant les vacances de printemps ? D\u00e9couvrez notre s\u00e9lection d'activit\u00e9s \u00e0 Creil Sud Oise, pr\u00e8s de Chantilly et Senlis !","og_url":"https:\/\/www.creilsudoise-tourisme.fr\/nl\/2025\/03\/21\/voorjaarsvakantie\/","og_site_name":"Office de Tourisme Creil Sud Oise","article_publisher":"https:\/\/www.facebook.com\/creilsudoisetourisme\/","article_published_time":"2025-03-21T13:53:15+00:00","article_modified_time":"2025-04-25T06:58:56+00:00","og_image":[{"width":1480,"height":740,"url":"https:\/\/www.creilsudoise-tourisme.fr\/wp-content\/uploads\/2025\/03\/Prog-Paques-web-NL-Header-image-de-mise-en-avant.jpg","type":"image\/jpeg"}],"author":"emilie","twitter_card":"summary_large_image","twitter_creator":"@CreilSudOiseOT","twitter_site":"@CreilSudOiseOT","twitter_misc":{"Geschreven door":"emilie","Geschatte leestijd":"5 minuten"},"schema":{"@context":"https:\/\/schema.org","@graph":[{"@type":"Article","@id":"https:\/\/www.creilsudoise-tourisme.fr\/2025\/03\/21\/vacances-printemps\/#article","isPartOf":{"@id":"https:\/\/www.creilsudoise-tourisme.fr\/2025\/03\/21\/vacances-printemps\/"},"author":{"name":"emilie","@id":"https:\/\/www.creilsudoise-tourisme.fr\/#\/schema\/person\/81a1ab3a236faa5508e8f47600a85072"},"headline":"Vacances de printemps : on fait quoi ?","datePublished":"2025-03-21T13:53:15+00:00","dateModified":"2025-04-25T06:58:56+00:00","mainEntityOfPage":{"@id":"https:\/\/www.creilsudoise-tourisme.fr\/2025\/03\/21\/vacances-printemps\/"},"wordCount":1012,"publisher":{"@id":"https:\/\/www.creilsudoise-tourisme.fr\/#organization"},"articleSection":["Actus"],"inLanguage":"nl"},{"@type":"WebPage","@id":"https:\/\/www.creilsudoise-tourisme.fr\/2025\/03\/21\/vacances-printemps\/","url":"https:\/\/www.creilsudoise-tourisme.fr\/2025\/03\/21\/vacances-printemps\/","name":"Programme des vacances de Printemps \u00e0 Creil Sud Oise !","isPartOf":{"@id":"https:\/\/www.creilsudoise-tourisme.fr\/#website"},"datePublished":"2025-03-21T13:53:15+00:00","dateModified":"2025-04-25T06:58:56+00:00","description":"On fait quoi pendant les vacances de printemps ? D\u00e9couvrez notre s\u00e9lection d'activit\u00e9s \u00e0 Creil Sud Oise, pr\u00e8s de Chantilly et Senlis !","breadcrumb":{"@id":"https:\/\/www.creilsudoise-tourisme.fr\/2025\/03\/21\/vacances-printemps\/#breadcrumb"},"inLanguage":"nl","potentialAction":[{"@type":"ReadAction","target":["https:\/\/www.creilsudoise-tourisme.fr\/2025\/03\/21\/vacances-printemps\/"]}]},{"@type":"BreadcrumbList","@id":"https:\/\/www.creilsudoise-tourisme.fr\/2025\/03\/21\/vacances-printemps\/#breadcrumb","itemListElement":[{"@type":"ListItem","position":1,"name":"Accueil","item":"https:\/\/www.creilsudoise-tourisme.fr\/"},{"@type":"ListItem","position":2,"name":"Vacances de printemps : on fait quoi ?"}]},{"@type":"WebSite","@id":"https:\/\/www.creilsudoise-tourisme.fr\/#website","url":"https:\/\/www.creilsudoise-tourisme.fr\/","name":"Office de Tourisme Creil Sud Oise","description":"Creil Sud Oise Tourisme, un territoire \u00e0 explorer !","publisher":{"@id":"https:\/\/www.creilsudoise-tourisme.fr\/#organization"},"potentialAction":[{"@type":"SearchAction","target":{"@type":"EntryPoint","urlTemplate":"https:\/\/www.creilsudoise-tourisme.fr\/?s={search_term_string}"},"query-input":"required name=search_term_string"}],"inLanguage":"nl"},{"@type":"Organization","@id":"https:\/\/www.creilsudoise-tourisme.fr\/#organization","name":"Creil Sud Oise Tourisme","url":"https:\/\/www.creilsudoise-tourisme.fr\/","logo":{"@type":"ImageObject","inLanguage":"nl","@id":"https:\/\/www.creilsudoise-tourisme.fr\/#\/schema\/logo\/image\/","url":"https:\/\/www.creilsudoise-tourisme.fr\/wp-content\/uploads\/2021\/05\/logo-svg.png","contentUrl":"https:\/\/www.creilsudoise-tourisme.fr\/wp-content\/uploads\/2021\/05\/logo-svg.png","width":182,"height":71,"caption":"Creil Sud Oise Tourisme"},"image":{"@id":"https:\/\/www.creilsudoise-tourisme.fr\/#\/schema\/logo\/image\/"},"sameAs":["https:\/\/www.facebook.com\/creilsudoisetourisme\/","https:\/\/twitter.com\/CreilSudOiseOT","https:\/\/www.instagram.com\/creilsudoisetourisme\/","https:\/\/www.youtube.com\/channel\/UC8L_QD2wwyADW14zt9fY8kw"]},{"@type":"Person","@id":"https:\/\/www.creilsudoise-tourisme.fr\/#\/schema\/person\/81a1ab3a236faa5508e8f47600a85072","name":"emilie","image":{"@type":"ImageObject","inLanguage":"nl","@id":"https:\/\/www.creilsudoise-tourisme.fr\/#\/schema\/person\/image\/","url":"https:\/\/secure.gravatar.com\/avatar\/63ed1ecafae1b27e36a71e8626bc354f?s=96&d=mm&r=g","contentUrl":"https:\/\/secure.gravatar.com\/avatar\/63ed1ecafae1b27e36a71e8626bc354f?s=96&d=mm&r=g","caption":"emilie"},"url":"https:\/\/www.creilsudoise-tourisme.fr\/nl\/auteur\/emilie\/"}]}},"_links":{"self":[{"href":"https:\/\/www.creilsudoise-tourisme.fr\/nl\/wp-json\/wp\/v2\/posts\/60988"}],"collection":[{"href":"https:\/\/www.creilsudoise-tourisme.fr\/nl\/wp-json\/wp\/v2\/posts"}],"about":[{"href":"https:\/\/www.creilsudoise-tourisme.fr\/nl\/wp-json\/wp\/v2\/types\/post"}],"author":[{"embeddable":true,"href":"https:\/\/www.creilsudoise-tourisme.fr\/nl\/wp-json\/wp\/v2\/users\/10"}],"replies":[{"embeddable":true,"href":"https:\/\/www.creilsudoise-tourisme.fr\/nl\/wp-json\/wp\/v2\/comments?post=60988"}],"version-history":[{"count":19,"href":"https:\/\/www.creilsudoise-tourisme.fr\/nl\/wp-json\/wp\/v2\/posts\/60988\/revisions"}],"predecessor-version":[{"id":61302,"href":"https:\/\/www.creilsudoise-tourisme.fr\/nl\/wp-json\/wp\/v2\/posts\/60988\/revisions\/61302"}],"wp:featuredmedia":[{"embeddable":true,"href":"https:\/\/www.creilsudoise-tourisme.fr\/nl\/wp-json\/wp\/v2\/media\/60835"}],"wp:attachment":[{"href":"https:\/\/www.creilsudoise-tourisme.fr\/nl\/wp-json\/wp\/v2\/media?parent=60988"}],"wp:term":[{"taxonomy":"category","embeddable":true,"href":"https:\/\/www.creilsudoise-tourisme.fr\/nl\/wp-json\/wp\/v2\/categories?post=60988"},{"taxonomy":"post_tag","embeddable":true,"href":"https:\/\/www.creilsudoise-tourisme.fr\/nl\/wp-json\/wp\/v2\/tags?post=60988"}],"curies":[{"name":"wp","href":"https:\/\/api.w.org\/{rel}","templated":true}]}}