{"id":56183,"date":"2024-11-14T15:58:57","date_gmt":"2024-11-14T14:58:57","guid":{"rendered":"https:\/\/www.creilsudoise-tourisme.fr\/?p=56183"},"modified":"2024-08-22T10:29:10","modified_gmt":"2024-08-22T08:29:10","slug":"famille-bernet","status":"publish","type":"post","link":"https:\/\/www.creilsudoise-tourisme.fr\/nl\/2024\/11\/14\/famille-bernet\/","title":{"rendered":"Het kasteel van mijn vader"},"content":{"rendered":"<p class=\"is-style-excerpt\">Op de hoogten van de stad, in de schaduw van de collegiale kerk Notre-Dame, die in dezelfde tijd werd gebouwd, staat het kasteel van Montataire, dat vele eeuwen heeft overleefd en vele eigenaren heeft gehad. <strong>Al 12 jaar lang hebben de aanstekelijke passie van een vader en dochter dit oude, onbewoonde gebouw omgetoverd tot een waar sprookjeskasteel.<\/strong><\/p>\n\n\n\n<div class=\"is-layout-flex wp-container-3 wp-block-columns\">\n<div class=\"is-layout-flow wp-block-column\" style=\"flex-basis:33.33%\">\n<figure class=\"wp-block-image size-large\"><img decoding=\"async\" loading=\"lazy\" width=\"1041\" height=\"1200\" data-src=\"https:\/\/www.creilsudoise-tourisme.fr\/wp-content\/uploads\/2024\/08\/IMG_8395-1041x1200.jpg\" alt=\"\" class=\"wp-image-56271\" data-srcset=\"https:\/\/www.creilsudoise-tourisme.fr\/wp-content\/uploads\/2024\/08\/IMG_8395-1041x1200.jpg 1041w, https:\/\/www.creilsudoise-tourisme.fr\/wp-content\/uploads\/2024\/08\/IMG_8395-520x600.jpg 520w, https:\/\/www.creilsudoise-tourisme.fr\/wp-content\/uploads\/2024\/08\/IMG_8395-780x900.jpg 780w, https:\/\/www.creilsudoise-tourisme.fr\/wp-content\/uploads\/2024\/08\/IMG_8395-1332x1536.jpg 1332w, https:\/\/www.creilsudoise-tourisme.fr\/wp-content\/uploads\/2024\/08\/IMG_8395-10x12.jpg 10w, https:\/\/www.creilsudoise-tourisme.fr\/wp-content\/uploads\/2024\/08\/IMG_8395-200x231.jpg 200w, https:\/\/www.creilsudoise-tourisme.fr\/wp-content\/uploads\/2024\/08\/IMG_8395-650x750.jpg 650w, https:\/\/www.creilsudoise-tourisme.fr\/wp-content\/uploads\/2024\/08\/IMG_8395-387x446.jpg 387w, https:\/\/www.creilsudoise-tourisme.fr\/wp-content\/uploads\/2024\/08\/IMG_8395.jpg 1665w\" sizes=\"(max-width: 1041px) 100vw, 1041px\" \/><\/figure>\n<\/div>\n\n\n\n<div class=\"is-layout-flow wp-block-column\" style=\"flex-basis:66.66%\">\n<p><strong>Fran\u00e7ois-Xavier en Marie-Astrid<\/strong>vader en dochter en eigenaars van Ch\u00e2teau de Montataire, openden hun deuren voor ons...<\/p>\n<\/div>\n<\/div>\n\n\n\n<h2>Een kasteel met een rijk verleden<\/h2>\n\n\n\n<p>Voordat Fran\u00e7ois-Xavier Bernet een \"ch\u00e2telain\" werd (een term die hij in deze tijd nauwelijks toepasselijk vindt), was hij vastgoedbeheerder. In die tijd wilde hij gewoon een gebouw met karakter kopen zodat hij er seminars kon organiseren, indien mogelijk in de Oise regio, zodat hij zijn oudste dochter, een lerares in Chantilly, vaker kon bezoeken. <strong>Een eenvoudige advertentie van een plaatselijk makelaarskantoor leidde hem naar het Ch\u00e2teau de Montataire, maar het was zijn dochter Marie-Astrid, een geschiedenisfanaat, die hem aanspoorde om het te kopen.<\/strong><\/p>\n\n\n\n<figure class=\"wp-block-image size-large\"><img decoding=\"async\" loading=\"lazy\" width=\"1200\" height=\"770\" data-src=\"https:\/\/www.creilsudoise-tourisme.fr\/wp-content\/uploads\/2021\/12\/Chateau-de-Montataire-1200x770.jpg\" alt=\"Kasteel van Montataire\" class=\"wp-image-39134\" data-srcset=\"https:\/\/www.creilsudoise-tourisme.fr\/wp-content\/uploads\/2021\/12\/Chateau-de-Montataire-1200x770.jpg 1200w, https:\/\/www.creilsudoise-tourisme.fr\/wp-content\/uploads\/2021\/12\/Chateau-de-Montataire-600x385.jpg 600w, https:\/\/www.creilsudoise-tourisme.fr\/wp-content\/uploads\/2021\/12\/Chateau-de-Montataire-900x578.jpg 900w, https:\/\/www.creilsudoise-tourisme.fr\/wp-content\/uploads\/2021\/12\/Chateau-de-Montataire-200x128.jpg 200w, https:\/\/www.creilsudoise-tourisme.fr\/wp-content\/uploads\/2021\/12\/Chateau-de-Montataire-650x417.jpg 650w, https:\/\/www.creilsudoise-tourisme.fr\/wp-content\/uploads\/2021\/12\/Chateau-de-Montataire-387x248.jpg 387w, https:\/\/www.creilsudoise-tourisme.fr\/wp-content\/uploads\/2021\/12\/Chateau-de-Montataire.jpg 1480w\" sizes=\"(max-width: 1200px) 100vw, 1200px\" \/><\/figure>\n\n\n\n<p>Omdat de <strong>Ch\u00e2teau de Montataire heeft een rijke geschiedenis.<\/strong> Het werd gebouwd in 12<sup>e<\/sup> eeuw door graaf Hugues de Clermont na een schenking van de koning, en bestond oorspronkelijk uit de meeste <strong>pure middeleeuwse stijl<\/strong>Het bestaat uit een rechthoekig hoofdgebouw geflankeerd door vier halfronde torens van verschillende diameter.\u00a0<\/p>\n\n\n\n<p>Het gebouw onderging verschillende transformaties tot in de 19e eeuw.<sup>e<\/sup> eeuw. Het werd uitgebreid in de 15e<sup>e<\/sup> eeuw door de familie Madaillan de Lesparre, <strong>Renaissance architectuur <\/strong>meer vierkant en rechtlijnig, met Franse ramen en een balustrade in Italiaanse stijl op de gevel. Het kasteel was toen <strong>gerestaureerd en voltooid in 19<sup>e<\/sup> eeuw na 20 jaar werk door Baron de Cond\u00e9<\/strong>die ook burgemeester van Montataire was. Het interieur werd vervolgens verbouwd tot kleine appartementen voor de verschillende leden van de familie.<\/p>\n\n\n\n<figure class=\"is-layout-flex wp-block-gallery-4 wp-block-gallery has-nested-images columns-default is-cropped\">\n<figure class=\"wp-block-image size-large\"><img decoding=\"async\" loading=\"lazy\" width=\"797\" height=\"1200\" data-id=\"56246\"  data-src=\"https:\/\/www.creilsudoise-tourisme.fr\/wp-content\/uploads\/2024\/08\/Chateau_Montataire-Creil_Sud_Oise_Tourisme-11-797x1200.jpg\" alt=\"Ch\u00e2teau de Montataire renovatie geschiedenis Cond\u00e9 henri IV 4 Oise rondleiding familie Bernet\" class=\"wp-image-56246\" data-srcset=\"https:\/\/www.creilsudoise-tourisme.fr\/wp-content\/uploads\/2024\/08\/Chateau_Montataire-Creil_Sud_Oise_Tourisme-11-797x1200.jpg 797w, https:\/\/www.creilsudoise-tourisme.fr\/wp-content\/uploads\/2024\/08\/Chateau_Montataire-Creil_Sud_Oise_Tourisme-11-399x600.jpg 399w, https:\/\/www.creilsudoise-tourisme.fr\/wp-content\/uploads\/2024\/08\/Chateau_Montataire-Creil_Sud_Oise_Tourisme-11-598x900.jpg 598w, https:\/\/www.creilsudoise-tourisme.fr\/wp-content\/uploads\/2024\/08\/Chateau_Montataire-Creil_Sud_Oise_Tourisme-11-8x12.jpg 8w, https:\/\/www.creilsudoise-tourisme.fr\/wp-content\/uploads\/2024\/08\/Chateau_Montataire-Creil_Sud_Oise_Tourisme-11-200x301.jpg 200w, https:\/\/www.creilsudoise-tourisme.fr\/wp-content\/uploads\/2024\/08\/Chateau_Montataire-Creil_Sud_Oise_Tourisme-11-650x979.jpg 650w, https:\/\/www.creilsudoise-tourisme.fr\/wp-content\/uploads\/2024\/08\/Chateau_Montataire-Creil_Sud_Oise_Tourisme-11-282x424.jpg 282w, https:\/\/www.creilsudoise-tourisme.fr\/wp-content\/uploads\/2024\/08\/Chateau_Montataire-Creil_Sud_Oise_Tourisme-11-387x583.jpg 387w, https:\/\/www.creilsudoise-tourisme.fr\/wp-content\/uploads\/2024\/08\/Chateau_Montataire-Creil_Sud_Oise_Tourisme-11.jpg 983w\" sizes=\"(max-width: 797px) 100vw, 797px\" \/><figcaption class=\"wp-element-caption\">Creil Sud Oise Toerisme<\/figcaption><\/figure>\n\n\n\n<figure class=\"wp-block-image size-large\"><img decoding=\"async\" loading=\"lazy\" width=\"675\" height=\"1200\" data-id=\"56255\"  data-src=\"https:\/\/www.creilsudoise-tourisme.fr\/wp-content\/uploads\/2024\/08\/Chateau_Montataire-Creil_Sud_Oise_Tourisme-2-675x1200.jpg\" alt=\"Ch\u00e2teau de Montataire renovatie geschiedenis Cond\u00e9 henri IV 4 Oise rondleiding familie Bernet\" class=\"wp-image-56255\" data-srcset=\"https:\/\/www.creilsudoise-tourisme.fr\/wp-content\/uploads\/2024\/08\/Chateau_Montataire-Creil_Sud_Oise_Tourisme-2-675x1200.jpg 675w, https:\/\/www.creilsudoise-tourisme.fr\/wp-content\/uploads\/2024\/08\/Chateau_Montataire-Creil_Sud_Oise_Tourisme-2-338x600.jpg 338w, https:\/\/www.creilsudoise-tourisme.fr\/wp-content\/uploads\/2024\/08\/Chateau_Montataire-Creil_Sud_Oise_Tourisme-2-507x900.jpg 507w, https:\/\/www.creilsudoise-tourisme.fr\/wp-content\/uploads\/2024\/08\/Chateau_Montataire-Creil_Sud_Oise_Tourisme-2-7x12.jpg 7w, https:\/\/www.creilsudoise-tourisme.fr\/wp-content\/uploads\/2024\/08\/Chateau_Montataire-Creil_Sud_Oise_Tourisme-2-200x355.jpg 200w, https:\/\/www.creilsudoise-tourisme.fr\/wp-content\/uploads\/2024\/08\/Chateau_Montataire-Creil_Sud_Oise_Tourisme-2-650x1155.jpg 650w, https:\/\/www.creilsudoise-tourisme.fr\/wp-content\/uploads\/2024\/08\/Chateau_Montataire-Creil_Sud_Oise_Tourisme-2-387x688.jpg 387w, https:\/\/www.creilsudoise-tourisme.fr\/wp-content\/uploads\/2024\/08\/Chateau_Montataire-Creil_Sud_Oise_Tourisme-2.jpg 833w\" sizes=\"(max-width: 675px) 100vw, 675px\" \/><figcaption class=\"wp-element-caption\">Creil Sud Oise Toerisme<\/figcaption><\/figure>\n<\/figure>\n\n\n\n<p><strong>Het kasteel werd vervolgens gekocht door Usinor in de jaren 1960.<\/strong>een groot Frans staalconcern dat een fabriek met 4.000 werknemers in Montataire bezat, maar vooral paviljoens in Californische stijl in het park wilde bouwen om zijn leidinggevenden te huisvesten. Het bedrijf gebruikte alleen de begane grond van het gebouw, <strong>seminars organiseren en catering verzorgen voor werknemers<\/strong>die hun eigen chef hadden. <strong>De bovenste verdiepingen werden snel ommuurd, afgekeurd en verlaten.<\/strong><\/p>\n\n\n\n<h2>Het kasteel renoveren als een familie<\/h2>\n\n\n\n<div class=\"is-layout-flex wp-container-8 wp-block-columns\">\n<div class=\"is-layout-flow wp-block-column\" style=\"flex-basis:66.66%\">\n<p><strong>Op 5 april 2012 gingen Fran\u00e7ois-Xavier Bernet en zijn dochter Marie-Astrid aan de slag. <\/strong>Alles moet opnieuw worden gedaan voordat het kan worden gerenoveerd: elektriciteit, loodgieterswerk, dakbedekking, raamwerk, etc. Tussen het werk, de inrichting en decoratie,<strong> er is genoeg werk aan de winkel om zo'n enorme ruimte met 40 kamers nieuw leven in te blazen <\/strong>met een oppervlakte van ongeveer 1000 vierkante meter! Een ware armada van schilders, timmerlieden, dakdekkers, vloerenleggers en zelfs steenhouwers is onophoudelijk aan het werk om de ruwbouw, isolatie en binneninrichting te voltooien.<\/p>\n\n\n\n<p>Beetje bij beetje krijgt elk stuk vorm als de<strong> het kasteel komt weer tot leven<\/strong>. De zalen en slaapkamers zijn versierd met meubels, kandelaars, kleine alledaagse voorwerpen, schilderijen en gravures. <strong>te vinden op het internet, in tweedehandswinkels of op veilingen.<\/strong> Er zijn ook veel prachtige klokken in het kasteel, hoewel geen van hen werkt omdat \"&nbsp;<em>hier staat de tijd stil&nbsp;<\/em>\"zoals Fran\u00e7ois-Xavier Bernet het schalks uitdrukt.<\/p>\n<\/div>\n\n\n\n<div class=\"is-layout-flow wp-block-column\" style=\"flex-basis:33.33%\">\n<figure class=\"wp-block-image size-large\"><img decoding=\"async\" loading=\"lazy\" width=\"800\" height=\"1200\" data-src=\"https:\/\/www.creilsudoise-tourisme.fr\/wp-content\/uploads\/2024\/08\/IMG_8409-800x1200.jpg\" alt=\"Ch\u00e2teau de Montataire renovatie geschiedenis Cond\u00e9 henri IV 4 Oise rondleiding familie Bernet\" class=\"wp-image-56269\" data-srcset=\"https:\/\/www.creilsudoise-tourisme.fr\/wp-content\/uploads\/2024\/08\/IMG_8409-800x1200.jpg 800w, https:\/\/www.creilsudoise-tourisme.fr\/wp-content\/uploads\/2024\/08\/IMG_8409-400x600.jpg 400w, https:\/\/www.creilsudoise-tourisme.fr\/wp-content\/uploads\/2024\/08\/IMG_8409-600x900.jpg 600w, https:\/\/www.creilsudoise-tourisme.fr\/wp-content\/uploads\/2024\/08\/IMG_8409-8x12.jpg 8w, https:\/\/www.creilsudoise-tourisme.fr\/wp-content\/uploads\/2024\/08\/IMG_8409-200x300.jpg 200w, https:\/\/www.creilsudoise-tourisme.fr\/wp-content\/uploads\/2024\/08\/IMG_8409-650x975.jpg 650w, https:\/\/www.creilsudoise-tourisme.fr\/wp-content\/uploads\/2024\/08\/IMG_8409-282x424.jpg 282w, https:\/\/www.creilsudoise-tourisme.fr\/wp-content\/uploads\/2024\/08\/IMG_8409-387x580.jpg 387w, https:\/\/www.creilsudoise-tourisme.fr\/wp-content\/uploads\/2024\/08\/IMG_8409.jpg 987w\" sizes=\"(max-width: 800px) 100vw, 800px\" \/><figcaption class=\"wp-element-caption\">Emmanuel Latouche<\/figcaption><\/figure>\n<\/div>\n<\/div>\n\n\n\n<h3>Detectivewerk<\/h3>\n\n\n\n<p>Ze is als een echte detective die zich wapent met moed en geduld om de mysteries van het verleden te ontrafelen, <strong>Marie-Astrid heeft uitgebreid historisch onderzoek gedaan in de nationale en departementale archieven van de regio Oise. <\/strong>Een kostbare aanwijzing kan verborgen zitten in een schilderij, een gravure of een schets, waardoor het mogelijk wordt om het decor stukje bij beetje te reconstrueren. Het is niet altijd mogelijk om de herkomst van een werk met zekerheid te achterhalen, zoals het prachtige roze aardewerk in de badkamer op tuinniveau, waarschijnlijk gemaakt door de faiencefabriek van Creil die in 1797 werd opgericht.<\/p>\n\n\n\n<p><strong>Opgravingen in de kelders en op zolders brachten ook kostbare overblijfselen aan het licht. <\/strong>- Stukjes marmer, vloerplanken, restjes wandtapijt... - en soms zelfs merkwaardige voorwerpen. Fran\u00e7ois-Xavier vond de resten van een deurbelsysteem uit de 19e eeuw.<sup>e<\/sup> In de 19e eeuw werd een bel gebruikt om bedienden op te roepen via draden die door het hele huis waren gespannen. Elke bel tinkelde waarschijnlijk anders, zodat de bedienden de bijbehorende kamer konden herkennen: de Henri IV-kamer, de Clermont-kamer, de chambre \u00e0 Glaces of de chambre Bleue, wie roept er?<\/p>\n\n\n\n<figure class=\"is-layout-flex wp-block-gallery-9 wp-block-gallery has-nested-images columns-default is-cropped\">\n<figure class=\"wp-block-image size-large\"><img decoding=\"async\" loading=\"lazy\" width=\"1200\" height=\"675\" data-id=\"56248\"  data-src=\"https:\/\/www.creilsudoise-tourisme.fr\/wp-content\/uploads\/2024\/08\/Chateau_Montataire-Details-Creil_Sud_Oise_Tourisme-20-1200x675.jpg\" alt=\"Ch\u00e2teau de Montataire renovatie geschiedenis Cond\u00e9 henri IV 4 Oise rondleiding familie Bernet\" class=\"wp-image-56248\" data-srcset=\"https:\/\/www.creilsudoise-tourisme.fr\/wp-content\/uploads\/2024\/08\/Chateau_Montataire-Details-Creil_Sud_Oise_Tourisme-20-1200x675.jpg 1200w, https:\/\/www.creilsudoise-tourisme.fr\/wp-content\/uploads\/2024\/08\/Chateau_Montataire-Details-Creil_Sud_Oise_Tourisme-20-600x338.jpg 600w, https:\/\/www.creilsudoise-tourisme.fr\/wp-content\/uploads\/2024\/08\/Chateau_Montataire-Details-Creil_Sud_Oise_Tourisme-20-900x507.jpg 900w, https:\/\/www.creilsudoise-tourisme.fr\/wp-content\/uploads\/2024\/08\/Chateau_Montataire-Details-Creil_Sud_Oise_Tourisme-20-18x10.jpg 18w, https:\/\/www.creilsudoise-tourisme.fr\/wp-content\/uploads\/2024\/08\/Chateau_Montataire-Details-Creil_Sud_Oise_Tourisme-20-200x113.jpg 200w, https:\/\/www.creilsudoise-tourisme.fr\/wp-content\/uploads\/2024\/08\/Chateau_Montataire-Details-Creil_Sud_Oise_Tourisme-20-650x366.jpg 650w, https:\/\/www.creilsudoise-tourisme.fr\/wp-content\/uploads\/2024\/08\/Chateau_Montataire-Details-Creil_Sud_Oise_Tourisme-20-387x218.jpg 387w, https:\/\/www.creilsudoise-tourisme.fr\/wp-content\/uploads\/2024\/08\/Chateau_Montataire-Details-Creil_Sud_Oise_Tourisme-20.jpg 1480w\" sizes=\"(max-width: 1200px) 100vw, 1200px\" \/><figcaption class=\"wp-element-caption\">Creil Sud Oise Toerisme<\/figcaption><\/figure>\n\n\n\n<figure class=\"wp-block-image size-large\"><img decoding=\"async\" loading=\"lazy\" width=\"1200\" height=\"677\" data-id=\"33216\"  data-src=\"https:\/\/www.creilsudoise-tourisme.fr\/wp-content\/uploads\/2021\/04\/Exposition-au-Cha\u0302teau-de-Montataire.jpg\" alt=\"Ch\u00e2teau de Montataire renovatie geschiedenis Cond\u00e9 henri IV 4 Oise rondleiding familie Bernet\" class=\"wp-image-33216\" data-srcset=\"https:\/\/www.creilsudoise-tourisme.fr\/wp-content\/uploads\/2021\/04\/Exposition-au-Cha\u0302teau-de-Montataire.jpg 1200w, https:\/\/www.creilsudoise-tourisme.fr\/wp-content\/uploads\/2021\/04\/Exposition-au-Cha\u0302teau-de-Montataire-600x339.jpg 600w, https:\/\/www.creilsudoise-tourisme.fr\/wp-content\/uploads\/2021\/04\/Exposition-au-Cha\u0302teau-de-Montataire-900x508.jpg 900w, https:\/\/www.creilsudoise-tourisme.fr\/wp-content\/uploads\/2021\/04\/Exposition-au-Cha\u0302teau-de-Montataire-200x113.jpg 200w, https:\/\/www.creilsudoise-tourisme.fr\/wp-content\/uploads\/2021\/04\/Exposition-au-Cha\u0302teau-de-Montataire-650x367.jpg 650w, https:\/\/www.creilsudoise-tourisme.fr\/wp-content\/uploads\/2021\/04\/Exposition-au-Cha\u0302teau-de-Montataire-387x218.jpg 387w, https:\/\/www.creilsudoise-tourisme.fr\/wp-content\/uploads\/2021\/04\/Exposition-au-Cha\u0302teau-de-Montataire-275x155.jpg 275w\" sizes=\"(max-width: 1200px) 100vw, 1200px\" \/><figcaption class=\"wp-element-caption\">Creil Sud Oise Toerisme<\/figcaption><\/figure>\n<\/figure>\n\n\n\n<h2>Een grote menigte<\/h2>\n\n\n\n<p><strong>Het pronkstuk van het kasteel is ongetwijfeld de slaapkamer van Henri IV.<\/strong>gelegen op de eerste verdieping. <strong>De koning van Frankrijk kwam verschillende keren <\/strong>om zijn vriend Jean de Madaillan, heer van Montataire, te bezoeken. Je kunt nog steeds <strong>schilderde de 'H' van de koning op het plafond<\/strong>met zijn kroon en fleur-de-lys. Een prachtig renaissanceplafond met polychrome balken voegt nog meer cachet toe aan deze kamer, die eruitziet alsof hij bevroren is in de tijd. <strong>De beroemde briefschrijfster Madame de S\u00e9vign\u00e9 bezocht het kasteel van Montataire ook verschillende keren.<\/strong> tot 17<sup>e<\/sup> eeuw, en de<strong>Voltaire zou hier ook zijn langsgekomen.<\/strong><\/p>\n\n\n\n<figure class=\"wp-block-image size-large\"><img decoding=\"async\" loading=\"lazy\" width=\"1200\" height=\"675\" data-src=\"https:\/\/www.creilsudoise-tourisme.fr\/wp-content\/uploads\/wpetourisme\/Chateau-de-Montataire---Creil-Sud-Oise-Tourisme--3--1200x675.jpg\" alt=\"\" class=\"wp-image-50793\" data-srcset=\"https:\/\/www.creilsudoise-tourisme.fr\/wp-content\/uploads\/wpetourisme\/Chateau-de-Montataire---Creil-Sud-Oise-Tourisme--3--1200x675.jpg 1200w, https:\/\/www.creilsudoise-tourisme.fr\/wp-content\/uploads\/wpetourisme\/Chateau-de-Montataire---Creil-Sud-Oise-Tourisme--3--600x338.jpg 600w, https:\/\/www.creilsudoise-tourisme.fr\/wp-content\/uploads\/wpetourisme\/Chateau-de-Montataire---Creil-Sud-Oise-Tourisme--3--900x507.jpg 900w, https:\/\/www.creilsudoise-tourisme.fr\/wp-content\/uploads\/wpetourisme\/Chateau-de-Montataire---Creil-Sud-Oise-Tourisme--3--18x10.jpg 18w, https:\/\/www.creilsudoise-tourisme.fr\/wp-content\/uploads\/wpetourisme\/Chateau-de-Montataire---Creil-Sud-Oise-Tourisme--3--200x113.jpg 200w, https:\/\/www.creilsudoise-tourisme.fr\/wp-content\/uploads\/wpetourisme\/Chateau-de-Montataire---Creil-Sud-Oise-Tourisme--3--650x366.jpg 650w, https:\/\/www.creilsudoise-tourisme.fr\/wp-content\/uploads\/wpetourisme\/Chateau-de-Montataire---Creil-Sud-Oise-Tourisme--3--387x218.jpg 387w, https:\/\/www.creilsudoise-tourisme.fr\/wp-content\/uploads\/wpetourisme\/Chateau-de-Montataire---Creil-Sud-Oise-Tourisme--3-.jpg 1480w\" sizes=\"(max-width: 1200px) 100vw, 1200px\" \/><\/figure>\n\n\n\n<p>Echte liefhebbers van hun kasteel vanwege de geschiedenis en de sfeer,<strong> de eigenaars veranderen snel in gidsen-docenten <\/strong>en bewonder de spectaculaire metamorfose van een 18e-eeuwse trap.<sup>e<\/sup> Het Ch\u00e2teau de Montataire is niet open voor publiek, maar u kunt wel genieten van de schoonheid van een visgraatparketvloer of de delicate zachtheid van aardewerk uit die periode. Ch\u00e2teau de Montataire is niet toegankelijk voor het publiek. <strong>er worden regelmatig rondleidingen georganiseerd<\/strong>en <strong>dagen op het kasteel voor groepen<\/strong>Het Ch\u00e2teau verwelkomt ook bedrijven voor het organiseren van bedrijfsevenementen en priv\u00e9recepties. Het Ch\u00e2teau verzorgt ook bedrijfsevenementen en priv\u00e9recepties.<\/p>\n\n\n\n<figure class=\"is-layout-flex wp-block-gallery-11 wp-block-gallery has-nested-images columns-default is-cropped\">\n<figure class=\"wp-block-image size-large\"><img decoding=\"async\" loading=\"lazy\" width=\"1200\" height=\"675\" data-id=\"56253\"  data-src=\"https:\/\/www.creilsudoise-tourisme.fr\/wp-content\/uploads\/2024\/08\/Chateau_Montataire-Visite_guidee-Creil_Sud_Oise_Tourisme-17-1200x675.jpg\" alt=\"Ch\u00e2teau de Montataire renovatie geschiedenis Cond\u00e9 henri IV 4 Oise rondleiding familie Bernet\" class=\"wp-image-56253\" data-srcset=\"https:\/\/www.creilsudoise-tourisme.fr\/wp-content\/uploads\/2024\/08\/Chateau_Montataire-Visite_guidee-Creil_Sud_Oise_Tourisme-17-1200x675.jpg 1200w, https:\/\/www.creilsudoise-tourisme.fr\/wp-content\/uploads\/2024\/08\/Chateau_Montataire-Visite_guidee-Creil_Sud_Oise_Tourisme-17-600x338.jpg 600w, https:\/\/www.creilsudoise-tourisme.fr\/wp-content\/uploads\/2024\/08\/Chateau_Montataire-Visite_guidee-Creil_Sud_Oise_Tourisme-17-900x507.jpg 900w, https:\/\/www.creilsudoise-tourisme.fr\/wp-content\/uploads\/2024\/08\/Chateau_Montataire-Visite_guidee-Creil_Sud_Oise_Tourisme-17-18x10.jpg 18w, https:\/\/www.creilsudoise-tourisme.fr\/wp-content\/uploads\/2024\/08\/Chateau_Montataire-Visite_guidee-Creil_Sud_Oise_Tourisme-17-200x113.jpg 200w, https:\/\/www.creilsudoise-tourisme.fr\/wp-content\/uploads\/2024\/08\/Chateau_Montataire-Visite_guidee-Creil_Sud_Oise_Tourisme-17-650x366.jpg 650w, https:\/\/www.creilsudoise-tourisme.fr\/wp-content\/uploads\/2024\/08\/Chateau_Montataire-Visite_guidee-Creil_Sud_Oise_Tourisme-17-387x218.jpg 387w, https:\/\/www.creilsudoise-tourisme.fr\/wp-content\/uploads\/2024\/08\/Chateau_Montataire-Visite_guidee-Creil_Sud_Oise_Tourisme-17.jpg 1480w\" sizes=\"(max-width: 1200px) 100vw, 1200px\" \/><figcaption class=\"wp-element-caption\">Creil Sud Oise Toerisme<\/figcaption><\/figure>\n\n\n\n<figure class=\"wp-block-image size-large\"><img decoding=\"async\" loading=\"lazy\" width=\"797\" height=\"1200\" data-id=\"56252\"  data-src=\"https:\/\/www.creilsudoise-tourisme.fr\/wp-content\/uploads\/2024\/08\/Chateau_Montataire-Visite_guidee-Creil_Sud_Oise_Tourisme-2-797x1200.jpg\" alt=\"Ch\u00e2teau de Montataire renovatie geschiedenis Cond\u00e9 henri IV 4 Oise rondleiding familie Bernet\" class=\"wp-image-56252\" data-srcset=\"https:\/\/www.creilsudoise-tourisme.fr\/wp-content\/uploads\/2024\/08\/Chateau_Montataire-Visite_guidee-Creil_Sud_Oise_Tourisme-2-797x1200.jpg 797w, https:\/\/www.creilsudoise-tourisme.fr\/wp-content\/uploads\/2024\/08\/Chateau_Montataire-Visite_guidee-Creil_Sud_Oise_Tourisme-2-399x600.jpg 399w, https:\/\/www.creilsudoise-tourisme.fr\/wp-content\/uploads\/2024\/08\/Chateau_Montataire-Visite_guidee-Creil_Sud_Oise_Tourisme-2-598x900.jpg 598w, https:\/\/www.creilsudoise-tourisme.fr\/wp-content\/uploads\/2024\/08\/Chateau_Montataire-Visite_guidee-Creil_Sud_Oise_Tourisme-2-8x12.jpg 8w, https:\/\/www.creilsudoise-tourisme.fr\/wp-content\/uploads\/2024\/08\/Chateau_Montataire-Visite_guidee-Creil_Sud_Oise_Tourisme-2-200x301.jpg 200w, https:\/\/www.creilsudoise-tourisme.fr\/wp-content\/uploads\/2024\/08\/Chateau_Montataire-Visite_guidee-Creil_Sud_Oise_Tourisme-2-650x979.jpg 650w, https:\/\/www.creilsudoise-tourisme.fr\/wp-content\/uploads\/2024\/08\/Chateau_Montataire-Visite_guidee-Creil_Sud_Oise_Tourisme-2-282x424.jpg 282w, https:\/\/www.creilsudoise-tourisme.fr\/wp-content\/uploads\/2024\/08\/Chateau_Montataire-Visite_guidee-Creil_Sud_Oise_Tourisme-2-387x583.jpg 387w, https:\/\/www.creilsudoise-tourisme.fr\/wp-content\/uploads\/2024\/08\/Chateau_Montataire-Visite_guidee-Creil_Sud_Oise_Tourisme-2.jpg 983w\" sizes=\"(max-width: 797px) 100vw, 797px\" \/><figcaption class=\"wp-element-caption\">Creil Sud Oise Toerisme<\/figcaption><\/figure>\n\n\n\n<figure class=\"wp-block-image size-large\"><img decoding=\"async\" loading=\"lazy\" width=\"1200\" height=\"800\" data-id=\"56245\"  data-src=\"https:\/\/www.creilsudoise-tourisme.fr\/wp-content\/uploads\/2024\/08\/Chateau-de-Montataire-Creil-Sud-Oise-Tourisme-9-1200x800.jpg\" alt=\"Ch\u00e2teau de Montataire renovatie geschiedenis Cond\u00e9 henri IV 4 Oise rondleiding familie Bernet\" class=\"wp-image-56245\" data-srcset=\"https:\/\/www.creilsudoise-tourisme.fr\/wp-content\/uploads\/2024\/08\/Chateau-de-Montataire-Creil-Sud-Oise-Tourisme-9-1200x800.jpg 1200w, https:\/\/www.creilsudoise-tourisme.fr\/wp-content\/uploads\/2024\/08\/Chateau-de-Montataire-Creil-Sud-Oise-Tourisme-9-600x400.jpg 600w, https:\/\/www.creilsudoise-tourisme.fr\/wp-content\/uploads\/2024\/08\/Chateau-de-Montataire-Creil-Sud-Oise-Tourisme-9-900x600.jpg 900w, https:\/\/www.creilsudoise-tourisme.fr\/wp-content\/uploads\/2024\/08\/Chateau-de-Montataire-Creil-Sud-Oise-Tourisme-9-18x12.jpg 18w, https:\/\/www.creilsudoise-tourisme.fr\/wp-content\/uploads\/2024\/08\/Chateau-de-Montataire-Creil-Sud-Oise-Tourisme-9-200x133.jpg 200w, https:\/\/www.creilsudoise-tourisme.fr\/wp-content\/uploads\/2024\/08\/Chateau-de-Montataire-Creil-Sud-Oise-Tourisme-9-650x433.jpg 650w, https:\/\/www.creilsudoise-tourisme.fr\/wp-content\/uploads\/2024\/08\/Chateau-de-Montataire-Creil-Sud-Oise-Tourisme-9-387x258.jpg 387w, https:\/\/www.creilsudoise-tourisme.fr\/wp-content\/uploads\/2024\/08\/Chateau-de-Montataire-Creil-Sud-Oise-Tourisme-9.jpg 1480w\" sizes=\"(max-width: 1200px) 100vw, 1200px\" \/><figcaption class=\"wp-element-caption\">Creil Sud Oise Toerisme<\/figcaption><\/figure>\n\n\n\n<figure class=\"wp-block-image size-large\"><img decoding=\"async\" loading=\"lazy\" width=\"1200\" height=\"675\" data-id=\"56243\"  data-src=\"https:\/\/www.creilsudoise-tourisme.fr\/wp-content\/uploads\/2024\/08\/Chateau-de-Montataire-Creil-Sud-Oise-Tourisme-2-1200x675.jpg\" alt=\"Ch\u00e2teau de Montataire renovatie geschiedenis Cond\u00e9 henri IV 4 Oise rondleiding familie Bernet\" class=\"wp-image-56243\" data-srcset=\"https:\/\/www.creilsudoise-tourisme.fr\/wp-content\/uploads\/2024\/08\/Chateau-de-Montataire-Creil-Sud-Oise-Tourisme-2-1200x675.jpg 1200w, https:\/\/www.creilsudoise-tourisme.fr\/wp-content\/uploads\/2024\/08\/Chateau-de-Montataire-Creil-Sud-Oise-Tourisme-2-600x338.jpg 600w, https:\/\/www.creilsudoise-tourisme.fr\/wp-content\/uploads\/2024\/08\/Chateau-de-Montataire-Creil-Sud-Oise-Tourisme-2-900x507.jpg 900w, https:\/\/www.creilsudoise-tourisme.fr\/wp-content\/uploads\/2024\/08\/Chateau-de-Montataire-Creil-Sud-Oise-Tourisme-2-18x10.jpg 18w, https:\/\/www.creilsudoise-tourisme.fr\/wp-content\/uploads\/2024\/08\/Chateau-de-Montataire-Creil-Sud-Oise-Tourisme-2-200x113.jpg 200w, https:\/\/www.creilsudoise-tourisme.fr\/wp-content\/uploads\/2024\/08\/Chateau-de-Montataire-Creil-Sud-Oise-Tourisme-2-650x366.jpg 650w, https:\/\/www.creilsudoise-tourisme.fr\/wp-content\/uploads\/2024\/08\/Chateau-de-Montataire-Creil-Sud-Oise-Tourisme-2-387x218.jpg 387w, https:\/\/www.creilsudoise-tourisme.fr\/wp-content\/uploads\/2024\/08\/Chateau-de-Montataire-Creil-Sud-Oise-Tourisme-2.jpg 1480w\" sizes=\"(max-width: 1200px) 100vw, 1200px\" \/><figcaption class=\"wp-element-caption\">Creil Sud Oise Toerisme<\/figcaption><\/figure>\n\n\n\n<figure class=\"wp-block-image size-large\"><img decoding=\"async\" loading=\"lazy\" width=\"1200\" height=\"675\" data-id=\"56242\"  data-src=\"https:\/\/www.creilsudoise-tourisme.fr\/wp-content\/uploads\/2024\/08\/Chateau-de-Montataire-Creil-Sud-Oise-Tourisme-1-3-1200x675.jpg\" alt=\"Ch\u00e2teau de Montataire renovatie geschiedenis Cond\u00e9 henri IV 4 Oise rondleiding familie Bernet\" class=\"wp-image-56242\" data-srcset=\"https:\/\/www.creilsudoise-tourisme.fr\/wp-content\/uploads\/2024\/08\/Chateau-de-Montataire-Creil-Sud-Oise-Tourisme-1-3-1200x675.jpg 1200w, https:\/\/www.creilsudoise-tourisme.fr\/wp-content\/uploads\/2024\/08\/Chateau-de-Montataire-Creil-Sud-Oise-Tourisme-1-3-600x338.jpg 600w, https:\/\/www.creilsudoise-tourisme.fr\/wp-content\/uploads\/2024\/08\/Chateau-de-Montataire-Creil-Sud-Oise-Tourisme-1-3-900x507.jpg 900w, https:\/\/www.creilsudoise-tourisme.fr\/wp-content\/uploads\/2024\/08\/Chateau-de-Montataire-Creil-Sud-Oise-Tourisme-1-3-18x10.jpg 18w, https:\/\/www.creilsudoise-tourisme.fr\/wp-content\/uploads\/2024\/08\/Chateau-de-Montataire-Creil-Sud-Oise-Tourisme-1-3-200x113.jpg 200w, https:\/\/www.creilsudoise-tourisme.fr\/wp-content\/uploads\/2024\/08\/Chateau-de-Montataire-Creil-Sud-Oise-Tourisme-1-3-650x366.jpg 650w, https:\/\/www.creilsudoise-tourisme.fr\/wp-content\/uploads\/2024\/08\/Chateau-de-Montataire-Creil-Sud-Oise-Tourisme-1-3-387x218.jpg 387w, https:\/\/www.creilsudoise-tourisme.fr\/wp-content\/uploads\/2024\/08\/Chateau-de-Montataire-Creil-Sud-Oise-Tourisme-1-3.jpg 1480w\" sizes=\"(max-width: 1200px) 100vw, 1200px\" \/><figcaption class=\"wp-element-caption\">Creil Sud Oise Toerisme<\/figcaption><\/figure>\n\n\n\n<figure class=\"wp-block-image size-large\"><img decoding=\"async\" loading=\"lazy\" width=\"1200\" height=\"675\" data-id=\"32680\"  data-src=\"https:\/\/www.creilsudoise-tourisme.fr\/wp-content\/uploads\/2021\/03\/Une-visite-guide\u0301e-en-groupes-du-Cha\u0302teau-de-Montataire-1-1200x675.jpg\" alt=\"Ch\u00e2teau de Montataire renovatie geschiedenis Cond\u00e9 henri IV 4 Oise rondleiding familie Bernet\" class=\"wp-image-32680\" data-srcset=\"https:\/\/www.creilsudoise-tourisme.fr\/wp-content\/uploads\/2021\/03\/Une-visite-guide\u0301e-en-groupes-du-Cha\u0302teau-de-Montataire-1-1200x675.jpg 1200w, https:\/\/www.creilsudoise-tourisme.fr\/wp-content\/uploads\/2021\/03\/Une-visite-guide\u0301e-en-groupes-du-Cha\u0302teau-de-Montataire-1-600x338.jpg 600w, https:\/\/www.creilsudoise-tourisme.fr\/wp-content\/uploads\/2021\/03\/Une-visite-guide\u0301e-en-groupes-du-Cha\u0302teau-de-Montataire-1-900x506.jpg 900w, https:\/\/www.creilsudoise-tourisme.fr\/wp-content\/uploads\/2021\/03\/Une-visite-guide\u0301e-en-groupes-du-Cha\u0302teau-de-Montataire-1-1536x864.jpg 1536w, https:\/\/www.creilsudoise-tourisme.fr\/wp-content\/uploads\/2021\/03\/Une-visite-guide\u0301e-en-groupes-du-Cha\u0302teau-de-Montataire-1-200x113.jpg 200w, https:\/\/www.creilsudoise-tourisme.fr\/wp-content\/uploads\/2021\/03\/Une-visite-guide\u0301e-en-groupes-du-Cha\u0302teau-de-Montataire-1-650x366.jpg 650w, https:\/\/www.creilsudoise-tourisme.fr\/wp-content\/uploads\/2021\/03\/Une-visite-guide\u0301e-en-groupes-du-Cha\u0302teau-de-Montataire-1-387x218.jpg 387w, https:\/\/www.creilsudoise-tourisme.fr\/wp-content\/uploads\/2021\/03\/Une-visite-guide\u0301e-en-groupes-du-Cha\u0302teau-de-Montataire-1.jpg 1600w\" sizes=\"(max-width: 1200px) 100vw, 1200px\" \/><figcaption class=\"wp-element-caption\">Creil Sud Oise Toerisme<\/figcaption><\/figure>\n\n\n\n<figure class=\"wp-block-image size-large\"><img decoding=\"async\" loading=\"lazy\" width=\"1200\" height=\"675\" data-id=\"33219\"  data-src=\"https:\/\/www.creilsudoise-tourisme.fr\/wp-content\/uploads\/2021\/04\/Visite-guide\u0301e-en-groupes-du-Cha\u0302teau-de-Montataire.jpg\" alt=\"Ch\u00e2teau de Montataire renovatie geschiedenis Cond\u00e9 henri IV 4 Oise rondleiding familie Bernet\" class=\"wp-image-33219\" data-srcset=\"https:\/\/www.creilsudoise-tourisme.fr\/wp-content\/uploads\/2021\/04\/Visite-guide\u0301e-en-groupes-du-Cha\u0302teau-de-Montataire.jpg 1200w, https:\/\/www.creilsudoise-tourisme.fr\/wp-content\/uploads\/2021\/04\/Visite-guide\u0301e-en-groupes-du-Cha\u0302teau-de-Montataire-600x338.jpg 600w, https:\/\/www.creilsudoise-tourisme.fr\/wp-content\/uploads\/2021\/04\/Visite-guide\u0301e-en-groupes-du-Cha\u0302teau-de-Montataire-900x506.jpg 900w, https:\/\/www.creilsudoise-tourisme.fr\/wp-content\/uploads\/2021\/04\/Visite-guide\u0301e-en-groupes-du-Cha\u0302teau-de-Montataire-200x113.jpg 200w, https:\/\/www.creilsudoise-tourisme.fr\/wp-content\/uploads\/2021\/04\/Visite-guide\u0301e-en-groupes-du-Cha\u0302teau-de-Montataire-650x366.jpg 650w, https:\/\/www.creilsudoise-tourisme.fr\/wp-content\/uploads\/2021\/04\/Visite-guide\u0301e-en-groupes-du-Cha\u0302teau-de-Montataire-387x218.jpg 387w, https:\/\/www.creilsudoise-tourisme.fr\/wp-content\/uploads\/2021\/04\/Visite-guide\u0301e-en-groupes-du-Cha\u0302teau-de-Montataire-275x155.jpg 275w\" sizes=\"(max-width: 1200px) 100vw, 1200px\" \/><figcaption class=\"wp-element-caption\">Creil Sud Oise Toerisme<\/figcaption><\/figure>\n\n\n\n<figure class=\"wp-block-image size-large\"><img decoding=\"async\" loading=\"lazy\" width=\"800\" height=\"533\" data-id=\"32674\"  data-src=\"https:\/\/www.creilsudoise-tourisme.fr\/wp-content\/uploads\/2021\/03\/Franc\u0327ois-Xavier-et-Marie-Astrid-Bernet-proprie\u0301taires-du-Cha\u0302teau-de-Montataire.jpg\" alt=\"Ch\u00e2teau de Montataire renovatie geschiedenis Cond\u00e9 henri IV 4 Oise rondleiding familie Bernet\" class=\"wp-image-32674\" data-srcset=\"https:\/\/www.creilsudoise-tourisme.fr\/wp-content\/uploads\/2021\/03\/Franc\u0327ois-Xavier-et-Marie-Astrid-Bernet-proprie\u0301taires-du-Cha\u0302teau-de-Montataire.jpg 800w, https:\/\/www.creilsudoise-tourisme.fr\/wp-content\/uploads\/2021\/03\/Franc\u0327ois-Xavier-et-Marie-Astrid-Bernet-proprie\u0301taires-du-Cha\u0302teau-de-Montataire-600x400.jpg 600w, https:\/\/www.creilsudoise-tourisme.fr\/wp-content\/uploads\/2021\/03\/Franc\u0327ois-Xavier-et-Marie-Astrid-Bernet-proprie\u0301taires-du-Cha\u0302teau-de-Montataire-200x133.jpg 200w, https:\/\/www.creilsudoise-tourisme.fr\/wp-content\/uploads\/2021\/03\/Franc\u0327ois-Xavier-et-Marie-Astrid-Bernet-proprie\u0301taires-du-Cha\u0302teau-de-Montataire-650x433.jpg 650w, https:\/\/www.creilsudoise-tourisme.fr\/wp-content\/uploads\/2021\/03\/Franc\u0327ois-Xavier-et-Marie-Astrid-Bernet-proprie\u0301taires-du-Cha\u0302teau-de-Montataire-387x258.jpg 387w\" sizes=\"(max-width: 800px) 100vw, 800px\" \/><figcaption class=\"wp-element-caption\">Creil Sud Oise Toerisme<\/figcaption><\/figure>\n<\/figure>\n\n\n\n<h2>Breng de nacht door in het kasteel<\/h2>\n\n\n\n<p><strong>Twee kleine appartementen zijn zelfs gerenoveerd<\/strong>De appartementen, beschikbaar voor kort verblijf, bestaan elk uit een volledig uitgeruste woonkamer met keuken, badkamer en slaapkamer. Ze zijn voorzien van alle moderne gemakken (bank, tv, wifi en vooral goed beddengoed), maar ze zijn ook zeer comfortabel.<strong> hun zaak behoudt al het prestige van het oude. <\/strong>Een van de slaapkamers bevindt zich in een toren met een geribd gewelf met de wapenschilden van de families die in het kasteel hebben gewoond.<strong> De ideale gelegenheid om als stel of gezin terug in de tijd te reizen<\/strong>Het is een plek met een rijke geschiedenis en toch zo levendig.<\/p>\n\n\n\n<p>\"\u00a0<em>Ons ch\u00e2teau is meer dan een familieproject, het is een levensproject,<\/em> besluit Marie-Astrid. <em><strong>We leven 24 uur per dag in het kasteel, we denken de hele tijd aan het kasteel <\/strong>maar het is een waar genoegen, en zelfs <strong>Het is een eer om het verleden weer tot leven te brengen. <\/strong>Ik zeg Henri IV zelfs gedag als ik langs zijn grote portret loop en vertel hem alles over mijn dag. <\/em><strong><em>Misschien antwoordt hij op een dag, wie weet?<\/em>\u00a0<\/strong>\".<\/p>\n\n\n\n<div class=\"is-layout-flex wp-container-16 wp-block-columns\">\n<div class=\"is-layout-flow wp-block-column\" style=\"flex-basis:25%\">\n<figure class=\"wp-block-image size-full\"><img decoding=\"async\" loading=\"lazy\" width=\"225\" height=\"225\" data-src=\"https:\/\/www.creilsudoise-tourisme.fr\/wp-content\/uploads\/2024\/03\/Emmanuel_Latouche.jpg\" alt=\"\" class=\"wp-image-52865\" data-srcset=\"https:\/\/www.creilsudoise-tourisme.fr\/wp-content\/uploads\/2024\/03\/Emmanuel_Latouche.jpg 225w, https:\/\/www.creilsudoise-tourisme.fr\/wp-content\/uploads\/2024\/03\/Emmanuel_Latouche-12x12.jpg 12w, https:\/\/www.creilsudoise-tourisme.fr\/wp-content\/uploads\/2024\/03\/Emmanuel_Latouche-200x200.jpg 200w\" sizes=\"(max-width: 225px) 100vw, 225px\" \/><figcaption class=\"wp-element-caption\">Emmanuel Latouche<\/figcaption><\/figure>\n<\/div>\n\n\n\n<div class=\"is-layout-flow wp-block-column is-vertically-aligned-center\" style=\"flex-basis:50%\">\n<p><strong>Emmanuel Latouche<\/strong> &#8211; <a href=\"https:\/\/leredac.com\/\" target=\"_blank\" rel=\"noreferrer noopener\">De redacteur<\/a><\/p>\n<\/div>\n\n\n\n<div class=\"is-layout-flow wp-block-column\" style=\"flex-basis:25%\"><\/div>\n<\/div>\n\n\n\n<hr class=\"wp-block-separator has-alpha-channel-opacity\"\/>\n\n\n\n<h2>Video van Ch\u00e2teau de Montataire<\/h2>\n\n\n\n<figure class=\"wp-block-embed is-type-video is-provider-youtube wp-block-embed-youtube wp-embed-aspect-16-9 wp-has-aspect-ratio\"><div class=\"wp-block-embed__wrapper\">\n<iframe loading=\"lazy\" title=\"[LES INCONTOURNABLES] Het kasteel van Montataire | Creil Sud Oise Toerisme\" width=\"500\" height=\"281\" data-src=\"https:\/\/www.youtube.com\/embed\/fmzzVgNdKz0?feature=oembed\" frameborder=\"0\" allow=\"accelerometer; autoplay; clipboard-write; encrypted-media; gyroscope; picture-in-picture; web-share\" referrerpolicy=\"strict-origin-when-cross-origin\" allowfullscreen><\/iframe>\n<\/div><\/figure>\n\n\n\n<hr class=\"wp-block-separator has-alpha-channel-opacity\"\/>\n\n\n\n\n\n<hr class=\"wp-block-separator has-alpha-channel-opacity\"\/>\n\n\n\n<div class=\"wp-block wp-block-single-sit wp-block-single-sit-coordonnees\" >\n\n            <h2>Toegang<\/h2>\n    \n    <div class=\"wp-block-media-text is-stacked-on-mobile\">\n\n        <div class=\"wp-block-media-text__media wpet-map-detail\" style=\"width:100%; height: 100%;\">\n            <div class=\"wp-block-media-text__media__content\" id=\"wpetSingleSitMap\" data-wpet-type-map=\"leaflet\" ><\/div>\n        <\/div>\n\n        <div class=\"wp-block-media-text__content\">\n\n                            <p class=\"wp-block-coordonnees__status wp-block-coordonnees__status--close\">\n                    Gesloten                <\/p>\n            \n            <p class=\"wp-block-media-text__content__address\">\n                                    <strong>Kasteel van Montataire<\/strong><br \/>\n                \n                                    All\u00e9e des marronniers<br \/>\n                \n                                    <span>60160<\/span>\n                    <span>MONTATAIRE<\/span><br \/>\n                            <\/p>\n\n                                                <p class=\"wp-block-media-text__content__phone\"><a data-type=\"TEL\" href=\"tel: 33 3 44 25 00 05\">+33 3 44 25 00 05<\/a><\/p>\n                            \n            <a href=\"https:\/\/www.google.fr\/maps?saddr&#038;daddr=49.2563337,2.44298939\" target=\"_blank\" class=\"button GtmButtonCalculItinerairePrestataire\" rel=\"noopener noreferrer\">Mijn route berekenen<\/a>\n        <\/div>\n    <\/div>\n<\/div>\n\n\n    <div class=\"wp-block wp-block-single-sit wp-block-single-sit-ouvertures\" id=\"opening\">\n\n                    <h2>Opening<\/h2>\n        \n        \t<div class=\"wpetTableList\" >\n                <div data-id=\"wpet-table-slider-wrapper\">\n\t\t    \t\t\t\t\t\t<div class=\"wpetTableContainer\" >\n\t\t\t\t<table class=\"wpetTable wpTable--opening\">\n\t\t\t\t\t<thead class=\"wpetTableHeader\">\n\t\t\t\t\t<tr>\n\t\t\t\t\t\t<td colspan=\"2\">\n\t\t\t\t\t\t\t\t\t\t\t\t\t\t\tVan 05 januari tot 30 december\t\t\t\t\t\t\t\t\t\t\t\t\t<\/td>\n\t\t\t\t\t<\/tr>\n\t\t\t\t\t<\/thead>\n\t\t\t\t\t\t\t\t\t\t\t\t\t\t\t\t\t\t<tr class=\"wpetTableLine\">\n\t\t\t\t\t\t\t\t<td class=\"wpetTableCell\">Maandag<\/td>\n\t\t\t\t\t\t\t\t<td class=\"wpetTableCell\">Open van 10.00 tot 12.00 uur en van 14.30 tot 17.30 uur<\/td>\n\t\t\t\t\t\t\t<\/tr>\n\t\t\t\t\t\t\t\t\t\t\t\t\t\t\t\t\t\t\t\t\t\t\t\t<tr class=\"wpetTableLine\">\n\t\t\t\t\t\t\t\t<td class=\"wpetTableCell\">Dinsdag<\/td>\n\t\t\t\t\t\t\t\t<td class=\"wpetTableCell\">Open van 10.00 tot 12.00 uur en van 14.30 tot 17.30 uur<\/td>\n\t\t\t\t\t\t\t<\/tr>\n\t\t\t\t\t\t\t\t\t\t\t\t\t\t\t\t\t\t\t\t\t\t\t\t<tr class=\"wpetTableLine\">\n\t\t\t\t\t\t\t\t<td class=\"wpetTableCell\">Woensdag<\/td>\n\t\t\t\t\t\t\t\t<td class=\"wpetTableCell\">Open van 10.00 tot 12.00 uur en van 14.30 tot 17.30 uur<\/td>\n\t\t\t\t\t\t\t<\/tr>\n\t\t\t\t\t\t\t\t\t\t\t\t\t\t\t\t\t\t\t\t\t\t\t\t<tr class=\"wpetTableLine\">\n\t\t\t\t\t\t\t\t<td class=\"wpetTableCell\">Donderdag<\/td>\n\t\t\t\t\t\t\t\t<td class=\"wpetTableCell\">Open van 10.00 tot 12.00 uur en van 14.30 tot 17.30 uur<\/td>\n\t\t\t\t\t\t\t<\/tr>\n\t\t\t\t\t\t\t\t\t\t\t\t\t\t\t\t\t\t\t\t\t\t\t\t<tr class=\"wpetTableLine\">\n\t\t\t\t\t\t\t\t<td class=\"wpetTableCell\">Vrijdag<\/td>\n\t\t\t\t\t\t\t\t<td class=\"wpetTableCell\">Open van 10.00 tot 12.00 uur en van 14.30 tot 17.30 uur<\/td>\n\t\t\t\t\t\t\t<\/tr>\n\t\t\t\t\t\t\t\t\t\t\t\t\t\t\t\t\t\t\t\t\t\t\t\t<tr class=\"wpetTableLine\">\n\t\t\t\t\t\t\t\t<td class=\"wpetTableCell\">Zaterdag<\/td>\n\t\t\t\t\t\t\t\t<td class=\"wpetTableCell\">Open van 10.00 tot 12.00 uur en van 14.30 tot 17.30 uur<\/td>\n\t\t\t\t\t\t\t<\/tr>\n\t\t\t\t\t\t\t\t\t\t\t\t\t\t\t\t\t\t\t\t\t\t\t\t<tr class=\"wpetTableLine\">\n\t\t\t\t\t\t\t\t<td class=\"wpetTableCell\">Zondag<\/td>\n\t\t\t\t\t\t\t\t<td class=\"wpetTableCell\">Open van 10.00 tot 12.00 uur en van 14.30 tot 17.30 uur<\/td>\n\t\t\t\t\t\t\t<\/tr>\n\t\t\t\t\t\t\t\t\t\t\t\t\t\t\t<\/table>\n\t\t\t<\/div>\n\t\t        <\/div>\n\t<\/div>\n\n    <\/div>\n\n\n\n    <div class=\"wp-block wp-block-single-sit wp-block-single-sit-tarifs\">\n\n                    <h2>Tarieven<\/h2>\n        \n        \n    <table class=\"wpetTable\">\n                    <tr class=\"wpetTableLine\">\n                <td class=\"wpetTableCell\">\n                    Tarief volwassenen                                            <span class=\"wpetTableCell--complement entryMeta\">rondleiding op afspraak, prijs vanaf 13 jaar<\/span>\n                                    <\/td>\n                <td class=\"wpetTableCell\">8 \u20ac<\/td>\n            <\/tr>\n                    <tr class=\"wpetTableLine\">\n                <td class=\"wpetTableCell\">\n                    Andere tarieven                                            <span class=\"wpetTableCell--complement entryMeta\">bezoek en snack in het kasteel<\/span>\n                                    <\/td>\n                <td class=\"wpetTableCell\">12 \u20ac<\/td>\n            <\/tr>\n                    <tr class=\"wpetTableLine\">\n                <td class=\"wpetTableCell\">\n                    Andere tarieven                                            <span class=\"wpetTableCell--complement entryMeta\">Escape Game sessie voor 4 personen op reservering<\/span>\n                                    <\/td>\n                <td class=\"wpetTableCell\">100 \u20ac<\/td>\n            <\/tr>\n                    <tr class=\"wpetTableLine\">\n                <td class=\"wpetTableCell\">\n                    Kindertarief                                            <span class=\"wpetTableCell--complement entryMeta\">3-12 jaar<\/span>\n                                    <\/td>\n                <td class=\"wpetTableCell\">5 \u20ac<\/td>\n            <\/tr>\n            <\/table>\n\n\n    \n    \n    \n    \n    <\/div>\n\n\n\n\n<hr class=\"wp-block-separator has-alpha-channel-opacity\"\/>\n\n\n<div class=\"wp-block wp-block-highlight\">\n            <h3 class=\"wp-block-highlight-item wp-block-highlight-title\">Meer weten?<\/h3>\n                <p class=\"wp-block-highlight-item wp-block-highlight-excerpt\">Dit prachtige verslag is geschreven ter gelegenheid van de release van de gloednieuwe<strong> Het eerste bestemmingsmagazine van Creil Sud Oise Tourisme<\/strong>.<br>Binnen, n<strong>talloze andere artikelen<\/strong> zal je meenemen om <strong>lokale cijfers<\/strong> en bieden <strong>idee\u00ebn voor uitjes!<\/strong><br><strong>Bestellen bij<\/strong> om het op papier te ontvangen!<br><strong><a href=\"https:\/\/www.creilsudoise-tourisme.fr\/nl\/praktijk\/brochures\/\" target=\"_blank\" rel=\"noreferrer noopener\">Klik hier om te bestellen<\/a><\/strong><\/p>\n    <\/div>","protected":false},"excerpt":{"rendered":"<p>Op de hoogten van de stad, in de schaduw van de gelijktijdig gebouwde collegiale kerk Notre-Dame, staat het Ch\u00e2teau de Montataire, dat vele eeuwen heeft overleefd en vele eigenaren heeft gehad. In de afgelopen 12 jaar hebben de aanstekelijke passie van een vader en dochter dit oude, onbewoonde gebouw omgetoverd tot een waar [...].<\/p>","protected":false},"author":3,"featured_media":56271,"comment_status":"closed","ping_status":"closed","sticky":false,"template":"","format":"standard","meta":{"_relevanssi_hide_post":"","_relevanssi_hide_content":"","_relevanssi_pin_for_all":"","_relevanssi_pin_keywords":"","_relevanssi_unpin_keywords":"","_relevanssi_related_keywords":"","_relevanssi_related_include_ids":"","_relevanssi_related_exclude_ids":"","_relevanssi_related_no_append":"","_relevanssi_related_not_related":"","_relevanssi_related_posts":"42107,43994,37757,39785,38910,54043","_relevanssi_noindex_reason":""},"categories":[10],"tags":[],"yoast_head":"<!-- This site is optimized with the Yoast SEO plugin v20.2.1 - https:\/\/yoast.com\/wordpress\/plugins\/seo\/ -->\n<title>Le Ch\u00e2teau de mon p\u00e8re<\/title>\n<meta name=\"description\" content=\"Rencontre avec Marie-Astrid et Fran\u00e7ois-Xavier Bernet, propri\u00e9taires et amoureux du Ch\u00e2teau de Montataire.\" \/>\n<meta name=\"robots\" content=\"index, follow, max-snippet:-1, max-image-preview:large, max-video-preview:-1\" \/>\n<link rel=\"canonical\" href=\"https:\/\/www.creilsudoise-tourisme.fr\/nl\/2024\/11\/14\/famille-bernet\/\" \/>\n<meta property=\"og:locale\" content=\"nl_NL\" \/>\n<meta property=\"og:type\" content=\"article\" \/>\n<meta property=\"og:title\" content=\"Le Ch\u00e2teau de mon p\u00e8re\" \/>\n<meta property=\"og:description\" content=\"Rencontre avec Marie-Astrid et Fran\u00e7ois-Xavier Bernet, propri\u00e9taires et amoureux du Ch\u00e2teau de Montataire.\" \/>\n<meta property=\"og:url\" content=\"https:\/\/www.creilsudoise-tourisme.fr\/nl\/2024\/11\/14\/famille-bernet\/\" \/>\n<meta property=\"og:site_name\" content=\"Office de Tourisme Creil Sud Oise\" \/>\n<meta property=\"article:publisher\" content=\"https:\/\/www.facebook.com\/creilsudoisetourisme\/\" \/>\n<meta property=\"article:published_time\" content=\"2024-11-14T14:58:57+00:00\" \/>\n<meta property=\"article:modified_time\" content=\"2024-08-22T08:29:10+00:00\" \/>\n<meta property=\"og:image\" content=\"https:\/\/www.creilsudoise-tourisme.fr\/wp-content\/uploads\/2024\/08\/IMG_8395.jpg\" \/>\n\t<meta property=\"og:image:width\" content=\"1665\" \/>\n\t<meta property=\"og:image:height\" content=\"1920\" \/>\n\t<meta property=\"og:image:type\" content=\"image\/jpeg\" \/>\n<meta name=\"author\" content=\"fdubut\" \/>\n<meta name=\"twitter:card\" content=\"summary_large_image\" \/>\n<meta name=\"twitter:creator\" content=\"@CreilSudOiseOT\" \/>\n<meta name=\"twitter:site\" content=\"@CreilSudOiseOT\" \/>\n<meta name=\"twitter:label1\" content=\"Geschreven door\" \/>\n\t<meta name=\"twitter:data1\" content=\"fdubut\" \/>\n\t<meta name=\"twitter:label2\" content=\"Geschatte leestijd\" \/>\n\t<meta name=\"twitter:data2\" content=\"7 minuten\" \/>\n<script type=\"application\/ld+json\" class=\"yoast-schema-graph\">{\"@context\":\"https:\/\/schema.org\",\"@graph\":[{\"@type\":\"Article\",\"@id\":\"https:\/\/www.creilsudoise-tourisme.fr\/2024\/11\/14\/famille-bernet\/#article\",\"isPartOf\":{\"@id\":\"https:\/\/www.creilsudoise-tourisme.fr\/2024\/11\/14\/famille-bernet\/\"},\"author\":{\"name\":\"fdubut\",\"@id\":\"https:\/\/www.creilsudoise-tourisme.fr\/#\/schema\/person\/c5140d47645b13bee896bfe05f1bd5da\"},\"headline\":\"Le Ch\u00e2teau de mon p\u00e8re\",\"datePublished\":\"2024-11-14T14:58:57+00:00\",\"dateModified\":\"2024-08-22T08:29:10+00:00\",\"mainEntityOfPage\":{\"@id\":\"https:\/\/www.creilsudoise-tourisme.fr\/2024\/11\/14\/famille-bernet\/\"},\"wordCount\":1418,\"publisher\":{\"@id\":\"https:\/\/www.creilsudoise-tourisme.fr\/#organization\"},\"articleSection\":[\"Nos ambassadeurs\"],\"inLanguage\":\"nl\"},{\"@type\":\"WebPage\",\"@id\":\"https:\/\/www.creilsudoise-tourisme.fr\/2024\/11\/14\/famille-bernet\/\",\"url\":\"https:\/\/www.creilsudoise-tourisme.fr\/2024\/11\/14\/famille-bernet\/\",\"name\":\"Le Ch\u00e2teau de mon p\u00e8re\",\"isPartOf\":{\"@id\":\"https:\/\/www.creilsudoise-tourisme.fr\/#website\"},\"datePublished\":\"2024-11-14T14:58:57+00:00\",\"dateModified\":\"2024-08-22T08:29:10+00:00\",\"description\":\"Rencontre avec Marie-Astrid et Fran\u00e7ois-Xavier Bernet, propri\u00e9taires et amoureux du Ch\u00e2teau de Montataire.\",\"breadcrumb\":{\"@id\":\"https:\/\/www.creilsudoise-tourisme.fr\/2024\/11\/14\/famille-bernet\/#breadcrumb\"},\"inLanguage\":\"nl\",\"potentialAction\":[{\"@type\":\"ReadAction\",\"target\":[\"https:\/\/www.creilsudoise-tourisme.fr\/2024\/11\/14\/famille-bernet\/\"]}]},{\"@type\":\"BreadcrumbList\",\"@id\":\"https:\/\/www.creilsudoise-tourisme.fr\/2024\/11\/14\/famille-bernet\/#breadcrumb\",\"itemListElement\":[{\"@type\":\"ListItem\",\"position\":1,\"name\":\"Accueil\",\"item\":\"https:\/\/www.creilsudoise-tourisme.fr\/\"},{\"@type\":\"ListItem\",\"position\":2,\"name\":\"Le Ch\u00e2teau de mon p\u00e8re\"}]},{\"@type\":\"WebSite\",\"@id\":\"https:\/\/www.creilsudoise-tourisme.fr\/#website\",\"url\":\"https:\/\/www.creilsudoise-tourisme.fr\/\",\"name\":\"Office de Tourisme Creil Sud Oise\",\"description\":\"Creil Sud Oise Tourisme, un territoire \u00e0 explorer !\",\"publisher\":{\"@id\":\"https:\/\/www.creilsudoise-tourisme.fr\/#organization\"},\"potentialAction\":[{\"@type\":\"SearchAction\",\"target\":{\"@type\":\"EntryPoint\",\"urlTemplate\":\"https:\/\/www.creilsudoise-tourisme.fr\/?s={search_term_string}\"},\"query-input\":\"required name=search_term_string\"}],\"inLanguage\":\"nl\"},{\"@type\":\"Organization\",\"@id\":\"https:\/\/www.creilsudoise-tourisme.fr\/#organization\",\"name\":\"Creil Sud Oise Tourisme\",\"url\":\"https:\/\/www.creilsudoise-tourisme.fr\/\",\"logo\":{\"@type\":\"ImageObject\",\"inLanguage\":\"nl\",\"@id\":\"https:\/\/www.creilsudoise-tourisme.fr\/#\/schema\/logo\/image\/\",\"url\":\"https:\/\/www.creilsudoise-tourisme.fr\/wp-content\/uploads\/2021\/05\/logo-svg.png\",\"contentUrl\":\"https:\/\/www.creilsudoise-tourisme.fr\/wp-content\/uploads\/2021\/05\/logo-svg.png\",\"width\":182,\"height\":71,\"caption\":\"Creil Sud Oise Tourisme\"},\"image\":{\"@id\":\"https:\/\/www.creilsudoise-tourisme.fr\/#\/schema\/logo\/image\/\"},\"sameAs\":[\"https:\/\/www.facebook.com\/creilsudoisetourisme\/\",\"https:\/\/twitter.com\/CreilSudOiseOT\",\"https:\/\/www.instagram.com\/creilsudoisetourisme\/\",\"https:\/\/www.youtube.com\/channel\/UC8L_QD2wwyADW14zt9fY8kw\"]},{\"@type\":\"Person\",\"@id\":\"https:\/\/www.creilsudoise-tourisme.fr\/#\/schema\/person\/c5140d47645b13bee896bfe05f1bd5da\",\"name\":\"fdubut\",\"image\":{\"@type\":\"ImageObject\",\"inLanguage\":\"nl\",\"@id\":\"https:\/\/www.creilsudoise-tourisme.fr\/#\/schema\/person\/image\/\",\"url\":\"https:\/\/secure.gravatar.com\/avatar\/c49bb61337bf4556cafdbcb92c18618d?s=96&d=mm&r=g\",\"contentUrl\":\"https:\/\/secure.gravatar.com\/avatar\/c49bb61337bf4556cafdbcb92c18618d?s=96&d=mm&r=g\",\"caption\":\"fdubut\"},\"url\":\"https:\/\/www.creilsudoise-tourisme.fr\/nl\/auteur\/fdubut\/\"}]}<\/script>\n<!-- \/ Yoast SEO plugin. -->","yoast_head_json":{"title":"Le Ch\u00e2teau de mon p\u00e8re","description":"Rencontre avec Marie-Astrid et Fran\u00e7ois-Xavier Bernet, propri\u00e9taires et amoureux du Ch\u00e2teau de Montataire.","robots":{"index":"index","follow":"follow","max-snippet":"max-snippet:-1","max-image-preview":"max-image-preview:large","max-video-preview":"max-video-preview:-1"},"canonical":"https:\/\/www.creilsudoise-tourisme.fr\/nl\/2024\/11\/14\/famille-bernet\/","og_locale":"nl_NL","og_type":"article","og_title":"Le Ch\u00e2teau de mon p\u00e8re","og_description":"Rencontre avec Marie-Astrid et Fran\u00e7ois-Xavier Bernet, propri\u00e9taires et amoureux du Ch\u00e2teau de Montataire.","og_url":"https:\/\/www.creilsudoise-tourisme.fr\/nl\/2024\/11\/14\/famille-bernet\/","og_site_name":"Office de Tourisme Creil Sud Oise","article_publisher":"https:\/\/www.facebook.com\/creilsudoisetourisme\/","article_published_time":"2024-11-14T14:58:57+00:00","article_modified_time":"2024-08-22T08:29:10+00:00","og_image":[{"width":1665,"height":1920,"url":"https:\/\/www.creilsudoise-tourisme.fr\/wp-content\/uploads\/2024\/08\/IMG_8395.jpg","type":"image\/jpeg"}],"author":"fdubut","twitter_card":"summary_large_image","twitter_creator":"@CreilSudOiseOT","twitter_site":"@CreilSudOiseOT","twitter_misc":{"Geschreven door":"fdubut","Geschatte leestijd":"7 minuten"},"schema":{"@context":"https:\/\/schema.org","@graph":[{"@type":"Article","@id":"https:\/\/www.creilsudoise-tourisme.fr\/2024\/11\/14\/famille-bernet\/#article","isPartOf":{"@id":"https:\/\/www.creilsudoise-tourisme.fr\/2024\/11\/14\/famille-bernet\/"},"author":{"name":"fdubut","@id":"https:\/\/www.creilsudoise-tourisme.fr\/#\/schema\/person\/c5140d47645b13bee896bfe05f1bd5da"},"headline":"Le Ch\u00e2teau de mon p\u00e8re","datePublished":"2024-11-14T14:58:57+00:00","dateModified":"2024-08-22T08:29:10+00:00","mainEntityOfPage":{"@id":"https:\/\/www.creilsudoise-tourisme.fr\/2024\/11\/14\/famille-bernet\/"},"wordCount":1418,"publisher":{"@id":"https:\/\/www.creilsudoise-tourisme.fr\/#organization"},"articleSection":["Nos ambassadeurs"],"inLanguage":"nl"},{"@type":"WebPage","@id":"https:\/\/www.creilsudoise-tourisme.fr\/2024\/11\/14\/famille-bernet\/","url":"https:\/\/www.creilsudoise-tourisme.fr\/2024\/11\/14\/famille-bernet\/","name":"Le Ch\u00e2teau de mon p\u00e8re","isPartOf":{"@id":"https:\/\/www.creilsudoise-tourisme.fr\/#website"},"datePublished":"2024-11-14T14:58:57+00:00","dateModified":"2024-08-22T08:29:10+00:00","description":"Rencontre avec Marie-Astrid et Fran\u00e7ois-Xavier Bernet, propri\u00e9taires et amoureux du Ch\u00e2teau de Montataire.","breadcrumb":{"@id":"https:\/\/www.creilsudoise-tourisme.fr\/2024\/11\/14\/famille-bernet\/#breadcrumb"},"inLanguage":"nl","potentialAction":[{"@type":"ReadAction","target":["https:\/\/www.creilsudoise-tourisme.fr\/2024\/11\/14\/famille-bernet\/"]}]},{"@type":"BreadcrumbList","@id":"https:\/\/www.creilsudoise-tourisme.fr\/2024\/11\/14\/famille-bernet\/#breadcrumb","itemListElement":[{"@type":"ListItem","position":1,"name":"Accueil","item":"https:\/\/www.creilsudoise-tourisme.fr\/"},{"@type":"ListItem","position":2,"name":"Le Ch\u00e2teau de mon p\u00e8re"}]},{"@type":"WebSite","@id":"https:\/\/www.creilsudoise-tourisme.fr\/#website","url":"https:\/\/www.creilsudoise-tourisme.fr\/","name":"Office de Tourisme Creil Sud Oise","description":"Creil Sud Oise Tourisme, un territoire \u00e0 explorer !","publisher":{"@id":"https:\/\/www.creilsudoise-tourisme.fr\/#organization"},"potentialAction":[{"@type":"SearchAction","target":{"@type":"EntryPoint","urlTemplate":"https:\/\/www.creilsudoise-tourisme.fr\/?s={search_term_string}"},"query-input":"required name=search_term_string"}],"inLanguage":"nl"},{"@type":"Organization","@id":"https:\/\/www.creilsudoise-tourisme.fr\/#organization","name":"Creil Sud Oise Tourisme","url":"https:\/\/www.creilsudoise-tourisme.fr\/","logo":{"@type":"ImageObject","inLanguage":"nl","@id":"https:\/\/www.creilsudoise-tourisme.fr\/#\/schema\/logo\/image\/","url":"https:\/\/www.creilsudoise-tourisme.fr\/wp-content\/uploads\/2021\/05\/logo-svg.png","contentUrl":"https:\/\/www.creilsudoise-tourisme.fr\/wp-content\/uploads\/2021\/05\/logo-svg.png","width":182,"height":71,"caption":"Creil Sud Oise Tourisme"},"image":{"@id":"https:\/\/www.creilsudoise-tourisme.fr\/#\/schema\/logo\/image\/"},"sameAs":["https:\/\/www.facebook.com\/creilsudoisetourisme\/","https:\/\/twitter.com\/CreilSudOiseOT","https:\/\/www.instagram.com\/creilsudoisetourisme\/","https:\/\/www.youtube.com\/channel\/UC8L_QD2wwyADW14zt9fY8kw"]},{"@type":"Person","@id":"https:\/\/www.creilsudoise-tourisme.fr\/#\/schema\/person\/c5140d47645b13bee896bfe05f1bd5da","name":"fdubut","image":{"@type":"ImageObject","inLanguage":"nl","@id":"https:\/\/www.creilsudoise-tourisme.fr\/#\/schema\/person\/image\/","url":"https:\/\/secure.gravatar.com\/avatar\/c49bb61337bf4556cafdbcb92c18618d?s=96&d=mm&r=g","contentUrl":"https:\/\/secure.gravatar.com\/avatar\/c49bb61337bf4556cafdbcb92c18618d?s=96&d=mm&r=g","caption":"fdubut"},"url":"https:\/\/www.creilsudoise-tourisme.fr\/nl\/auteur\/fdubut\/"}]}},"_links":{"self":[{"href":"https:\/\/www.creilsudoise-tourisme.fr\/nl\/wp-json\/wp\/v2\/posts\/56183"}],"collection":[{"href":"https:\/\/www.creilsudoise-tourisme.fr\/nl\/wp-json\/wp\/v2\/posts"}],"about":[{"href":"https:\/\/www.creilsudoise-tourisme.fr\/nl\/wp-json\/wp\/v2\/types\/post"}],"author":[{"embeddable":true,"href":"https:\/\/www.creilsudoise-tourisme.fr\/nl\/wp-json\/wp\/v2\/users\/3"}],"replies":[{"embeddable":true,"href":"https:\/\/www.creilsudoise-tourisme.fr\/nl\/wp-json\/wp\/v2\/comments?post=56183"}],"version-history":[{"count":6,"href":"https:\/\/www.creilsudoise-tourisme.fr\/nl\/wp-json\/wp\/v2\/posts\/56183\/revisions"}],"predecessor-version":[{"id":56314,"href":"https:\/\/www.creilsudoise-tourisme.fr\/nl\/wp-json\/wp\/v2\/posts\/56183\/revisions\/56314"}],"wp:featuredmedia":[{"embeddable":true,"href":"https:\/\/www.creilsudoise-tourisme.fr\/nl\/wp-json\/wp\/v2\/media\/56271"}],"wp:attachment":[{"href":"https:\/\/www.creilsudoise-tourisme.fr\/nl\/wp-json\/wp\/v2\/media?parent=56183"}],"wp:term":[{"taxonomy":"category","embeddable":true,"href":"https:\/\/www.creilsudoise-tourisme.fr\/nl\/wp-json\/wp\/v2\/categories?post=56183"},{"taxonomy":"post_tag","embeddable":true,"href":"https:\/\/www.creilsudoise-tourisme.fr\/nl\/wp-json\/wp\/v2\/tags?post=56183"}],"curies":[{"name":"wp","href":"https:\/\/api.w.org\/{rel}","templated":true}]}}