{"id":56179,"date":"2024-10-22T10:21:00","date_gmt":"2024-10-22T08:21:00","guid":{"rendered":"https:\/\/www.creilsudoise-tourisme.fr\/?p=56179"},"modified":"2024-08-21T17:21:58","modified_gmt":"2024-08-21T15:21:58","slug":"gerard-lequien","status":"publish","type":"post","link":"https:\/\/www.creilsudoise-tourisme.fr\/nl\/2024\/10\/22\/gerard-lequien\/","title":{"rendered":"De herinnering aan de luchtoorlog"},"content":{"rendered":"<p class=\"is-style-excerpt\">De<strong> bommenwerper crash <\/strong>op 6 september 1943 boven zijn geboortedorp Airion als de<strong>hij was pas 13 jaar oud <\/strong>is doorslaggevend geweest in het leven van <strong>G\u00e9rard Lequien<\/strong>. Al tachtig jaar doet hij onderzoek, neemt contact op met vliegeniers en hun families en verzamelt brokstukken, voorwerpen en documenten met betrekking tot enkele van de 500 militaire vliegtuigen die tussen 1940 en 1945 in de Oise zijn neergestort. <strong>Hij schonk al zijn schatten aan de stad Saint-Maximin <\/strong>die een <strong>museum van de bombardementen, waar hij een fascinerende gids is.<\/strong><\/p>\n\n\n\n<div class=\"is-layout-flex wp-container-3 wp-block-columns\">\n<div class=\"is-layout-flow wp-block-column\" style=\"flex-basis:33.33%\">\n<figure class=\"wp-block-image size-large\"><img decoding=\"async\" loading=\"lazy\" width=\"900\" height=\"1200\" data-src=\"https:\/\/www.creilsudoise-tourisme.fr\/wp-content\/uploads\/2024\/08\/2023-07-12-Saint-Maximin-Gerard-Lequien-musee-des-bombardements-IMG_5813-900x1200.jpg\" alt=\"\" class=\"wp-image-56275\" data-srcset=\"https:\/\/www.creilsudoise-tourisme.fr\/wp-content\/uploads\/2024\/08\/2023-07-12-Saint-Maximin-Gerard-Lequien-musee-des-bombardements-IMG_5813-900x1200.jpg 900w, https:\/\/www.creilsudoise-tourisme.fr\/wp-content\/uploads\/2024\/08\/2023-07-12-Saint-Maximin-Gerard-Lequien-musee-des-bombardements-IMG_5813-450x600.jpg 450w, https:\/\/www.creilsudoise-tourisme.fr\/wp-content\/uploads\/2024\/08\/2023-07-12-Saint-Maximin-Gerard-Lequien-musee-des-bombardements-IMG_5813-675x900.jpg 675w, https:\/\/www.creilsudoise-tourisme.fr\/wp-content\/uploads\/2024\/08\/2023-07-12-Saint-Maximin-Gerard-Lequien-musee-des-bombardements-IMG_5813-1152x1536.jpg 1152w, https:\/\/www.creilsudoise-tourisme.fr\/wp-content\/uploads\/2024\/08\/2023-07-12-Saint-Maximin-Gerard-Lequien-musee-des-bombardements-IMG_5813-9x12.jpg 9w, https:\/\/www.creilsudoise-tourisme.fr\/wp-content\/uploads\/2024\/08\/2023-07-12-Saint-Maximin-Gerard-Lequien-musee-des-bombardements-IMG_5813-200x267.jpg 200w, https:\/\/www.creilsudoise-tourisme.fr\/wp-content\/uploads\/2024\/08\/2023-07-12-Saint-Maximin-Gerard-Lequien-musee-des-bombardements-IMG_5813-650x867.jpg 650w, https:\/\/www.creilsudoise-tourisme.fr\/wp-content\/uploads\/2024\/08\/2023-07-12-Saint-Maximin-Gerard-Lequien-musee-des-bombardements-IMG_5813-387x516.jpg 387w, https:\/\/www.creilsudoise-tourisme.fr\/wp-content\/uploads\/2024\/08\/2023-07-12-Saint-Maximin-Gerard-Lequien-musee-des-bombardements-IMG_5813.jpg 1440w\" sizes=\"(max-width: 900px) 100vw, 900px\" \/><\/figure>\n<\/div>\n\n\n\n<div class=\"is-layout-flow wp-block-column\" style=\"flex-basis:66.66%\">\n<p><strong>G\u00e9rard Lequien<\/strong>de verzamelaar achter het Mus\u00e9e des Bombardements in Saint-Maximin, verwelkomde ons om te praten over zijn prachtige collectie.<\/p>\n<\/div>\n<\/div>\n\n\n\n<h2>Vliegtuigongeluk in 1973<\/h2>\n\n\n\n<p>Of het nu gaat om een stuk metaal, een uniform, een medaille, een jerrycan of een document, hij weet alles over de geschiedenis ervan. Aan welk vliegtuig of militair het toebehoorde, waar en wanneer hij het vond.<strong> G\u00e9rard Lequien is de bewaarder van de herinnering aan de donkere uren van luchtoorlog in het luchtruim boven de Oise tussen 1940 en 1945.<\/strong><\/p>\n\n\n\n<p>\"<em>\u00a0<strong>Deze passie dateert van 6 september 1943<\/strong>, <\/em>verklaart deze glimlachende, besnorde 93-jarige.<em> Wekenlang vlogen er dagelijks honderden geallieerde bommenwerpers over Airion, mijn geboorteplaats in de buurt van Clermont. En die dag realiseerde ik me dat een van hen in de problemen zat toen ik twee parachutes zag opengaan. Informatie circuleerde niet zoals tegenwoordig, en <strong>na een paar dagen wist ik dat het was neergestort in het Bois des Moines,<\/strong> ten oosten van het dorp. Ik ging er met een paar vrienden heen, maar we werden weggestuurd omdat de site werd bewaakt door het Duitse leger. Toen ik veel later terugging, was ik aan het graven en vond ik verschillende stukken van het vliegtuig die niet waren geborgen om omgesmolten te worden.<\/em>\u00a0\"Het virus was ge\u00ebnt en nieuwsgierigheid zou overwinnen.<\/p>\n\n\n\n<p>\"\u00a0<em>Ik heb geleerd dat deze B17 van de 8<sup>e<\/sup> Luchtmacht, een 10-zits, viermotorige zware bommenwerper genaamd de <\/em>\"Lucky Thirteen,<em> terugkeerde uit Stuttgart in Duitsland na een beschieting, en dat <strong>terwijl 7 bemanningsleden gevangen werden genomen door de Duitsers, werden 3 anderen opgepakt door het verzet<\/strong>. <\/em>\"Meer weten over deze B17 was echter niet genoeg en gedurende tientallen jaren was G\u00e9rard Lequien ge\u00efnteresseerd in meer dan zestig andere vliegtuigen die tijdens deze periode in het departement werden neergeschoten.<\/p>\n\n\n\n<figure class=\"wp-block-image size-large\"><img decoding=\"async\" loading=\"lazy\" width=\"1200\" height=\"927\" data-src=\"https:\/\/www.creilsudoise-tourisme.fr\/wp-content\/uploads\/2021\/02\/v1-1200x927.jpg\" alt=\"De V1-bom werd geassembleerd in een ondergrondse steengroeve in Saint-Leu-d&#039;Esserent\" class=\"wp-image-33897\" data-srcset=\"https:\/\/www.creilsudoise-tourisme.fr\/wp-content\/uploads\/2021\/02\/v1-1200x927.jpg 1200w, https:\/\/www.creilsudoise-tourisme.fr\/wp-content\/uploads\/2021\/02\/v1-600x464.jpg 600w, https:\/\/www.creilsudoise-tourisme.fr\/wp-content\/uploads\/2021\/02\/v1-900x695.jpg 900w, https:\/\/www.creilsudoise-tourisme.fr\/wp-content\/uploads\/2021\/02\/v1-1536x1187.jpg 1536w, https:\/\/www.creilsudoise-tourisme.fr\/wp-content\/uploads\/2021\/02\/v1-200x155.jpg 200w, https:\/\/www.creilsudoise-tourisme.fr\/wp-content\/uploads\/2021\/02\/v1-650x502.jpg 650w, https:\/\/www.creilsudoise-tourisme.fr\/wp-content\/uploads\/2021\/02\/v1-387x299.jpg 387w, https:\/\/www.creilsudoise-tourisme.fr\/wp-content\/uploads\/2021\/02\/v1-275x212.jpg 275w, https:\/\/www.creilsudoise-tourisme.fr\/wp-content\/uploads\/2021\/02\/v1.jpg 2000w\" sizes=\"(max-width: 1200px) 100vw, 1200px\" \/><\/figure>\n\n\n\n<h2>Duizend-en-een beroepen<\/h2>\n\n\n\n<p><strong>Maar voordat je je tijd opofferde aan deze activiteit, moest je eerst werken.<\/strong> \"<em>\u00a0Mijn ouders waren boeren en beheerden 300 hectare. Dus zodra ik de \"\u00a0<\/em>certificering\u00a0<em>\"Ik sloot me bij hen aan. Zeven jaar later vertrok ik om mijn dienstplicht in Berlijn te vervullen in de 11<sup>e<\/sup> pantserregiment. Na tractoren maakte het besturen van een tank geen indruk op me... We waren met 400 jonge Fransen en vanaf de eerste dag wilde de kapitein me zien: omdat ik de enige was met alle rijbewijzen, <strong>hij vroeg me om zijn chauffeur te zijn<\/strong> twee jaar lang. Ik haalde hem 's ochtends op in een gloednieuwe Opel Kapitan, en <strong>s Middags bracht ik zijn vrouw naar de winkels. Ik paste zelfs op hun hond!\u00a0<\/strong><\/em>\"<\/p>\n\n\n\n<p>Gedemobiliseerd in 1953, besloot de jongeman het boerenleven te vergeten. Als chauffeur voor een chemische fabriek in Catenoy begon hij ether, alcohol en andere producten te vervoeren naar 300 klanten van Lille tot Parijs. Toen kwam hij bij toeval bij de <strong>Fitz-James interdepartementaal ziekenhuiscentrum om psychiatrisch verpleegkundige te worden<\/strong>\u00a0Hij bleef 32 jaar! \"<em>\u00a0Het huisvestte toen 4.300 pati\u00ebnten op 17 afdelingen, <\/em>herinnert hij zich. <em>Op de afdeling voor moeilijke pati\u00ebnten cre\u00eberde ik workshops bezigheidstherapie met professionele activiteiten en ik organiseerde kampeertochten in het bos van Hez om pati\u00ebnten uit de instelling te krijgen, wat innovatief was.<\/em>\u00a0\"<\/p>\n\n\n\n<h2>Een passie sinds 1960<\/h2>\n\n\n\n<p>Zijn vrije tijd werd vanaf 1960 uitsluitend besteed aan zijn onderzoek naar vliegtuigcrashes, nadat hij had ontdekt dat <strong>zijn vader en oudere broer waren lid van het verzet\u00a0<\/strong>: \"<em>\u00a0Ze namen deel aan de eerste dropping van wapens per parachute in het departement Oise in Airion<\/em>\u00a0\".<\/p>\n\n\n\n<figure class=\"is-layout-flex wp-block-gallery-4 wp-block-gallery has-nested-images columns-default is-cropped\">\n<figure class=\"wp-block-image size-large\"><img decoding=\"async\" loading=\"lazy\" width=\"900\" height=\"1200\" data-id=\"56282\"  data-src=\"https:\/\/www.creilsudoise-tourisme.fr\/wp-content\/uploads\/2024\/08\/2023-07-12-Saint-Maximin-Gerard-Lequien-musee-des-bombardements-IMG_5831-900x1200.jpg\" alt=\"Mus\u00e9e bombardements oise guerre seconde mondiale grande guerre souvenir visite guid\u00e9e Saint-Maximin\" class=\"wp-image-56282\" data-srcset=\"https:\/\/www.creilsudoise-tourisme.fr\/wp-content\/uploads\/2024\/08\/2023-07-12-Saint-Maximin-Gerard-Lequien-musee-des-bombardements-IMG_5831-900x1200.jpg 900w, https:\/\/www.creilsudoise-tourisme.fr\/wp-content\/uploads\/2024\/08\/2023-07-12-Saint-Maximin-Gerard-Lequien-musee-des-bombardements-IMG_5831-450x600.jpg 450w, https:\/\/www.creilsudoise-tourisme.fr\/wp-content\/uploads\/2024\/08\/2023-07-12-Saint-Maximin-Gerard-Lequien-musee-des-bombardements-IMG_5831-675x900.jpg 675w, https:\/\/www.creilsudoise-tourisme.fr\/wp-content\/uploads\/2024\/08\/2023-07-12-Saint-Maximin-Gerard-Lequien-musee-des-bombardements-IMG_5831-9x12.jpg 9w, https:\/\/www.creilsudoise-tourisme.fr\/wp-content\/uploads\/2024\/08\/2023-07-12-Saint-Maximin-Gerard-Lequien-musee-des-bombardements-IMG_5831-200x267.jpg 200w, https:\/\/www.creilsudoise-tourisme.fr\/wp-content\/uploads\/2024\/08\/2023-07-12-Saint-Maximin-Gerard-Lequien-musee-des-bombardements-IMG_5831-650x867.jpg 650w, https:\/\/www.creilsudoise-tourisme.fr\/wp-content\/uploads\/2024\/08\/2023-07-12-Saint-Maximin-Gerard-Lequien-musee-des-bombardements-IMG_5831-387x516.jpg 387w, https:\/\/www.creilsudoise-tourisme.fr\/wp-content\/uploads\/2024\/08\/2023-07-12-Saint-Maximin-Gerard-Lequien-musee-des-bombardements-IMG_5831.jpg 1110w\" sizes=\"(max-width: 900px) 100vw, 900px\" \/><figcaption class=\"wp-element-caption\">Fred Noury<\/figcaption><\/figure>\n\n\n\n<figure class=\"wp-block-image size-large\"><img decoding=\"async\" loading=\"lazy\" width=\"1200\" height=\"900\" data-id=\"56237\"  data-src=\"https:\/\/www.creilsudoise-tourisme.fr\/wp-content\/uploads\/2024\/08\/Musee_Bombardements-Saint_Maximin-Creil_Sud_Oise_Tourisme-9-1200x900.jpg\" alt=\"Mus\u00e9e bombardements oise guerre seconde mondiale grande guerre souvenir visite guid\u00e9e Saint-Maximin\" class=\"wp-image-56237\" data-srcset=\"https:\/\/www.creilsudoise-tourisme.fr\/wp-content\/uploads\/2024\/08\/Musee_Bombardements-Saint_Maximin-Creil_Sud_Oise_Tourisme-9-1200x900.jpg 1200w, https:\/\/www.creilsudoise-tourisme.fr\/wp-content\/uploads\/2024\/08\/Musee_Bombardements-Saint_Maximin-Creil_Sud_Oise_Tourisme-9-600x450.jpg 600w, https:\/\/www.creilsudoise-tourisme.fr\/wp-content\/uploads\/2024\/08\/Musee_Bombardements-Saint_Maximin-Creil_Sud_Oise_Tourisme-9-900x675.jpg 900w, https:\/\/www.creilsudoise-tourisme.fr\/wp-content\/uploads\/2024\/08\/Musee_Bombardements-Saint_Maximin-Creil_Sud_Oise_Tourisme-9-16x12.jpg 16w, https:\/\/www.creilsudoise-tourisme.fr\/wp-content\/uploads\/2024\/08\/Musee_Bombardements-Saint_Maximin-Creil_Sud_Oise_Tourisme-9-200x150.jpg 200w, https:\/\/www.creilsudoise-tourisme.fr\/wp-content\/uploads\/2024\/08\/Musee_Bombardements-Saint_Maximin-Creil_Sud_Oise_Tourisme-9-650x488.jpg 650w, https:\/\/www.creilsudoise-tourisme.fr\/wp-content\/uploads\/2024\/08\/Musee_Bombardements-Saint_Maximin-Creil_Sud_Oise_Tourisme-9-387x290.jpg 387w, https:\/\/www.creilsudoise-tourisme.fr\/wp-content\/uploads\/2024\/08\/Musee_Bombardements-Saint_Maximin-Creil_Sud_Oise_Tourisme-9.jpg 1480w\" sizes=\"(max-width: 1200px) 100vw, 1200px\" \/><figcaption class=\"wp-element-caption\">Creil Sud Oise Toerisme<\/figcaption><\/figure>\n\n\n\n<figure class=\"wp-block-image size-large\"><img decoding=\"async\" loading=\"lazy\" width=\"1200\" height=\"900\" data-id=\"55275\"  data-src=\"https:\/\/www.creilsudoise-tourisme.fr\/wp-content\/uploads\/wpetourisme\/Musee-des-bombardements---CreilSudOise-Tourisme--2--1200x900.jpg\" alt=\"\" class=\"wp-image-55275\" data-srcset=\"https:\/\/www.creilsudoise-tourisme.fr\/wp-content\/uploads\/wpetourisme\/Musee-des-bombardements---CreilSudOise-Tourisme--2--1200x900.jpg 1200w, https:\/\/www.creilsudoise-tourisme.fr\/wp-content\/uploads\/wpetourisme\/Musee-des-bombardements---CreilSudOise-Tourisme--2--600x450.jpg 600w, https:\/\/www.creilsudoise-tourisme.fr\/wp-content\/uploads\/wpetourisme\/Musee-des-bombardements---CreilSudOise-Tourisme--2--900x675.jpg 900w, https:\/\/www.creilsudoise-tourisme.fr\/wp-content\/uploads\/wpetourisme\/Musee-des-bombardements---CreilSudOise-Tourisme--2--1536x1152.jpg 1536w, https:\/\/www.creilsudoise-tourisme.fr\/wp-content\/uploads\/wpetourisme\/Musee-des-bombardements---CreilSudOise-Tourisme--2--2048x1536.jpg 2048w, https:\/\/www.creilsudoise-tourisme.fr\/wp-content\/uploads\/wpetourisme\/Musee-des-bombardements---CreilSudOise-Tourisme--2--16x12.jpg 16w, https:\/\/www.creilsudoise-tourisme.fr\/wp-content\/uploads\/wpetourisme\/Musee-des-bombardements---CreilSudOise-Tourisme--2--200x150.jpg 200w, https:\/\/www.creilsudoise-tourisme.fr\/wp-content\/uploads\/wpetourisme\/Musee-des-bombardements---CreilSudOise-Tourisme--2--650x488.jpg 650w, https:\/\/www.creilsudoise-tourisme.fr\/wp-content\/uploads\/wpetourisme\/Musee-des-bombardements---CreilSudOise-Tourisme--2--387x290.jpg 387w\" sizes=\"(max-width: 1200px) 100vw, 1200px\" \/><\/figure>\n\n\n\n<figure class=\"wp-block-image size-large\"><img decoding=\"async\" loading=\"lazy\" width=\"1200\" height=\"675\" data-id=\"56235\"  data-src=\"https:\/\/www.creilsudoise-tourisme.fr\/wp-content\/uploads\/2024\/08\/Musee_Bombardements-Saint_Maximin-Creil_Sud_Oise_Tourisme-4-1200x675.jpg\" alt=\"Mus\u00e9e bombardements oise guerre seconde mondiale grande guerre souvenir visite guid\u00e9e Saint-Maximin\" class=\"wp-image-56235\" data-srcset=\"https:\/\/www.creilsudoise-tourisme.fr\/wp-content\/uploads\/2024\/08\/Musee_Bombardements-Saint_Maximin-Creil_Sud_Oise_Tourisme-4-1200x675.jpg 1200w, https:\/\/www.creilsudoise-tourisme.fr\/wp-content\/uploads\/2024\/08\/Musee_Bombardements-Saint_Maximin-Creil_Sud_Oise_Tourisme-4-600x338.jpg 600w, https:\/\/www.creilsudoise-tourisme.fr\/wp-content\/uploads\/2024\/08\/Musee_Bombardements-Saint_Maximin-Creil_Sud_Oise_Tourisme-4-900x507.jpg 900w, https:\/\/www.creilsudoise-tourisme.fr\/wp-content\/uploads\/2024\/08\/Musee_Bombardements-Saint_Maximin-Creil_Sud_Oise_Tourisme-4-18x10.jpg 18w, https:\/\/www.creilsudoise-tourisme.fr\/wp-content\/uploads\/2024\/08\/Musee_Bombardements-Saint_Maximin-Creil_Sud_Oise_Tourisme-4-200x113.jpg 200w, https:\/\/www.creilsudoise-tourisme.fr\/wp-content\/uploads\/2024\/08\/Musee_Bombardements-Saint_Maximin-Creil_Sud_Oise_Tourisme-4-650x366.jpg 650w, https:\/\/www.creilsudoise-tourisme.fr\/wp-content\/uploads\/2024\/08\/Musee_Bombardements-Saint_Maximin-Creil_Sud_Oise_Tourisme-4-387x218.jpg 387w, https:\/\/www.creilsudoise-tourisme.fr\/wp-content\/uploads\/2024\/08\/Musee_Bombardements-Saint_Maximin-Creil_Sud_Oise_Tourisme-4.jpg 1480w\" sizes=\"(max-width: 1200px) 100vw, 1200px\" \/><figcaption class=\"wp-element-caption\">Creil Sud Oise Toerisme<\/figcaption><\/figure>\n<\/figure>\n\n\n\n<h3>In contact met de families van de piloten<\/h3>\n\n\n\n<p>G\u00e9rard Lequien is een onvermoeibare reiziger: hij controleert informatie, bezoekt sites en mensen beginnen over hem te praten. \"<em>\u00a0In mei 2006, <strong>Ik kreeg een telefoontje uit Engeland<\/strong>\u00a0Een verzamelaar ontdekte mijn werk via een krantenartikel. Hij was lid van een groep ex-militairen die werkten aan de geschiedenis van de Airion B17, maar ze konden de exacte crashlocatie niet vinden.<\/em>\"<\/p>\n\n\n\n<figure class=\"is-layout-flex wp-block-gallery-6 wp-block-gallery has-nested-images columns-default is-cropped\">\n<figure class=\"wp-block-image size-large\"><img decoding=\"async\" loading=\"lazy\" width=\"1200\" height=\"675\" data-id=\"50240\"  data-src=\"https:\/\/www.creilsudoise-tourisme.fr\/wp-content\/uploads\/wpetourisme\/Musee-des-bombardements-a-Saint-Maximin---Creil-Sud-Oise-Tourisme--5--1200x675.jpg\" alt=\"\" class=\"wp-image-50240\" data-srcset=\"https:\/\/www.creilsudoise-tourisme.fr\/wp-content\/uploads\/wpetourisme\/Musee-des-bombardements-a-Saint-Maximin---Creil-Sud-Oise-Tourisme--5--1200x675.jpg 1200w, https:\/\/www.creilsudoise-tourisme.fr\/wp-content\/uploads\/wpetourisme\/Musee-des-bombardements-a-Saint-Maximin---Creil-Sud-Oise-Tourisme--5--600x338.jpg 600w, https:\/\/www.creilsudoise-tourisme.fr\/wp-content\/uploads\/wpetourisme\/Musee-des-bombardements-a-Saint-Maximin---Creil-Sud-Oise-Tourisme--5--900x507.jpg 900w, https:\/\/www.creilsudoise-tourisme.fr\/wp-content\/uploads\/wpetourisme\/Musee-des-bombardements-a-Saint-Maximin---Creil-Sud-Oise-Tourisme--5--18x10.jpg 18w, https:\/\/www.creilsudoise-tourisme.fr\/wp-content\/uploads\/wpetourisme\/Musee-des-bombardements-a-Saint-Maximin---Creil-Sud-Oise-Tourisme--5--200x113.jpg 200w, https:\/\/www.creilsudoise-tourisme.fr\/wp-content\/uploads\/wpetourisme\/Musee-des-bombardements-a-Saint-Maximin---Creil-Sud-Oise-Tourisme--5--650x366.jpg 650w, https:\/\/www.creilsudoise-tourisme.fr\/wp-content\/uploads\/wpetourisme\/Musee-des-bombardements-a-Saint-Maximin---Creil-Sud-Oise-Tourisme--5--387x218.jpg 387w, https:\/\/www.creilsudoise-tourisme.fr\/wp-content\/uploads\/wpetourisme\/Musee-des-bombardements-a-Saint-Maximin---Creil-Sud-Oise-Tourisme--5-.jpg 1480w\" sizes=\"(max-width: 1200px) 100vw, 1200px\" \/><\/figure>\n\n\n\n<figure class=\"wp-block-image size-large\"><img decoding=\"async\" loading=\"lazy\" width=\"1200\" height=\"675\" data-id=\"50244\"  data-src=\"https:\/\/www.creilsudoise-tourisme.fr\/wp-content\/uploads\/wpetourisme\/Musee-des-bombardements-a-Saint-Maximin---Creil-Sud-Oise-Tourisme--1--1200x675.jpg\" alt=\"\" class=\"wp-image-50244\" data-srcset=\"https:\/\/www.creilsudoise-tourisme.fr\/wp-content\/uploads\/wpetourisme\/Musee-des-bombardements-a-Saint-Maximin---Creil-Sud-Oise-Tourisme--1--1200x675.jpg 1200w, https:\/\/www.creilsudoise-tourisme.fr\/wp-content\/uploads\/wpetourisme\/Musee-des-bombardements-a-Saint-Maximin---Creil-Sud-Oise-Tourisme--1--600x338.jpg 600w, https:\/\/www.creilsudoise-tourisme.fr\/wp-content\/uploads\/wpetourisme\/Musee-des-bombardements-a-Saint-Maximin---Creil-Sud-Oise-Tourisme--1--900x507.jpg 900w, https:\/\/www.creilsudoise-tourisme.fr\/wp-content\/uploads\/wpetourisme\/Musee-des-bombardements-a-Saint-Maximin---Creil-Sud-Oise-Tourisme--1--18x10.jpg 18w, https:\/\/www.creilsudoise-tourisme.fr\/wp-content\/uploads\/wpetourisme\/Musee-des-bombardements-a-Saint-Maximin---Creil-Sud-Oise-Tourisme--1--200x113.jpg 200w, https:\/\/www.creilsudoise-tourisme.fr\/wp-content\/uploads\/wpetourisme\/Musee-des-bombardements-a-Saint-Maximin---Creil-Sud-Oise-Tourisme--1--650x366.jpg 650w, https:\/\/www.creilsudoise-tourisme.fr\/wp-content\/uploads\/wpetourisme\/Musee-des-bombardements-a-Saint-Maximin---Creil-Sud-Oise-Tourisme--1--387x218.jpg 387w, https:\/\/www.creilsudoise-tourisme.fr\/wp-content\/uploads\/wpetourisme\/Musee-des-bombardements-a-Saint-Maximin---Creil-Sud-Oise-Tourisme--1-.jpg 1480w\" sizes=\"(max-width: 1200px) 100vw, 1200px\" \/><\/figure>\n\n\n\n<figure class=\"wp-block-image size-large\"><img decoding=\"async\" loading=\"lazy\" width=\"674\" height=\"1200\" data-id=\"56239\"  data-src=\"https:\/\/www.creilsudoise-tourisme.fr\/wp-content\/uploads\/2024\/08\/Musee_Bombardements-Saint_Maximin-Creil_Sud_Oise_Tourisme-43-674x1200.jpg\" alt=\"Mus\u00e9e bombardements oise guerre seconde mondiale grande guerre souvenir visite guid\u00e9e Saint-Maximin\" class=\"wp-image-56239\" data-srcset=\"https:\/\/www.creilsudoise-tourisme.fr\/wp-content\/uploads\/2024\/08\/Musee_Bombardements-Saint_Maximin-Creil_Sud_Oise_Tourisme-43-674x1200.jpg 674w, https:\/\/www.creilsudoise-tourisme.fr\/wp-content\/uploads\/2024\/08\/Musee_Bombardements-Saint_Maximin-Creil_Sud_Oise_Tourisme-43-337x600.jpg 337w, https:\/\/www.creilsudoise-tourisme.fr\/wp-content\/uploads\/2024\/08\/Musee_Bombardements-Saint_Maximin-Creil_Sud_Oise_Tourisme-43-505x900.jpg 505w, https:\/\/www.creilsudoise-tourisme.fr\/wp-content\/uploads\/2024\/08\/Musee_Bombardements-Saint_Maximin-Creil_Sud_Oise_Tourisme-43-7x12.jpg 7w, https:\/\/www.creilsudoise-tourisme.fr\/wp-content\/uploads\/2024\/08\/Musee_Bombardements-Saint_Maximin-Creil_Sud_Oise_Tourisme-43-200x356.jpg 200w, https:\/\/www.creilsudoise-tourisme.fr\/wp-content\/uploads\/2024\/08\/Musee_Bombardements-Saint_Maximin-Creil_Sud_Oise_Tourisme-43-650x1158.jpg 650w, https:\/\/www.creilsudoise-tourisme.fr\/wp-content\/uploads\/2024\/08\/Musee_Bombardements-Saint_Maximin-Creil_Sud_Oise_Tourisme-43-387x689.jpg 387w, https:\/\/www.creilsudoise-tourisme.fr\/wp-content\/uploads\/2024\/08\/Musee_Bombardements-Saint_Maximin-Creil_Sud_Oise_Tourisme-43.jpg 831w\" sizes=\"(max-width: 674px) 100vw, 674px\" \/><figcaption class=\"wp-element-caption\">Creil Sud Oise Toerisme<\/figcaption><\/figure>\n<\/figure>\n\n\n\n<p>Op een herdenkingsmissie, <strong>G\u00e9rard Lequien breidde zijn activiteiten vanaf 1970 uit door contact op te nemen met families in de VS.<em>\u00a0zonder Engels te spreken\u00a0<\/em>\"<\/strong>lacht hij. Door de jaren heen,<strong> zijn garage staat vol met honderden voorwerpen die te maken hebben met de Tweede Wereldoorlog<\/strong>. Zelfs een Jeep en een Dodge ambulance! \"\u00a0<em>Al 11 jaar <strong>Ik heb een aantal bijeenkomsten van militaire oldtimervoertuigen georganiseerd in Normandi\u00eb<\/strong>, <\/em>onthult hij. <em>J<strong>Ik heb meegewerkt aan een aantal boeken, waaronder een boek over de 500 vliegtuigen die in de Oise vielen.<\/strong>, <strong>Ik leerde bemanningsleden en hun gezinnen kennen<\/strong> die ik meenam naar de crashplaatsen. Ik gaf ze stukken van de vliegtuigen toen ze vertrokken. <strong>Ik ben zelfs naar Polen geweest om militairen te ontmoeten.<\/strong><\/em>\u00a0\"<\/p>\n\n\n\n<h2>Je verzameling tentoonstellen<\/h2>\n\n\n\n<p>Maar de dwangmatige verzamelaar die onvermoeibaar tegen de vergetelheid vecht <strong>maakt zich zorgen over de toekomst van zijn vondsten en de continu\u00efteit van zijn jarenlange onderzoeken.<\/strong> \"\u00a0<em>Mijn twee dochters hebben niet dezelfde passie als ik,\" legt hij uit. Dus nam ik contact op met een dozijn steden waar vliegtuigen waren neergestort, maar er kwam geen reactie.<\/em>\u00a0\"In 2014 werd hij gewaarschuwd dat de <a href=\"https:\/\/www.creilsudoise-tourisme.fr\/nl\/patrimoine\/maison-de-la-pierre-3\/\" target=\"_blank\" rel=\"noreferrer noopener\">Stone House<\/a> van Saint-Maximin, een stad die in 1944 met 95 % met de grond gelijk werd gemaakt, heeft een zaal geopend die gewijd is aan de bombardementen tijdens de oorlog. Ter plekke legt hij zijn wens uit om alles wat hij heeft verzameld te bewaren. \"<em> <\/em><strong><em>Twee dagen later nodigde het stadhuis me uit om mijn intrek te nemen in een ongebruikte gemeenschappelijke ruimte.<\/em> <\/strong>\"herinnert hij zich.<\/p>\n\n\n\n<figure class=\"wp-block-image alignwide size-large\"><img decoding=\"async\" loading=\"lazy\" width=\"1200\" height=\"403\" data-src=\"https:\/\/www.creilsudoise-tourisme.fr\/wp-content\/uploads\/wpetourisme\/Musee-des-bombardements-a-Saint-Maximin---Creil-Sud-Oise-Tourisme--7--1200x403.jpg\" alt=\"\" class=\"wp-image-50241\" data-srcset=\"https:\/\/www.creilsudoise-tourisme.fr\/wp-content\/uploads\/wpetourisme\/Musee-des-bombardements-a-Saint-Maximin---Creil-Sud-Oise-Tourisme--7--1200x403.jpg 1200w, https:\/\/www.creilsudoise-tourisme.fr\/wp-content\/uploads\/wpetourisme\/Musee-des-bombardements-a-Saint-Maximin---Creil-Sud-Oise-Tourisme--7--600x201.jpg 600w, https:\/\/www.creilsudoise-tourisme.fr\/wp-content\/uploads\/wpetourisme\/Musee-des-bombardements-a-Saint-Maximin---Creil-Sud-Oise-Tourisme--7--900x302.jpg 900w, https:\/\/www.creilsudoise-tourisme.fr\/wp-content\/uploads\/wpetourisme\/Musee-des-bombardements-a-Saint-Maximin---Creil-Sud-Oise-Tourisme--7--18x6.jpg 18w, https:\/\/www.creilsudoise-tourisme.fr\/wp-content\/uploads\/wpetourisme\/Musee-des-bombardements-a-Saint-Maximin---Creil-Sud-Oise-Tourisme--7--200x67.jpg 200w, https:\/\/www.creilsudoise-tourisme.fr\/wp-content\/uploads\/wpetourisme\/Musee-des-bombardements-a-Saint-Maximin---Creil-Sud-Oise-Tourisme--7--650x218.jpg 650w, https:\/\/www.creilsudoise-tourisme.fr\/wp-content\/uploads\/wpetourisme\/Musee-des-bombardements-a-Saint-Maximin---Creil-Sud-Oise-Tourisme--7--387x130.jpg 387w, https:\/\/www.creilsudoise-tourisme.fr\/wp-content\/uploads\/wpetourisme\/Musee-des-bombardements-a-Saint-Maximin---Creil-Sud-Oise-Tourisme--7-.JPG 1480w\" sizes=\"(max-width: 1200px) 100vw, 1200px\" \/><\/figure>\n\n\n\n<h3>En het museum was geboren!<\/h3>\n\n\n\n<p>\"\u00a0<em>Toen G\u00e9rard zich meldde, gingen we naar zijn huis om te kijken wat hij had. <strong>We stonden versteld van de enorme hoeveelheid spullen: er waren drie vrachtwagens nodig om zijn garage leeg te halen! <\/strong><\/em>Dit was de eerste keer dat het museum werd opgezet,\" herinnert Daniel Derniame, een gemeenteraadslid uit Saint-Maximin die later voorzitter van de vereniging Mus\u00e9e des Bombardements werd. Alles werd toen ondergebracht in de twee kamers in de kelder van een gebouw uit 1883 dat tijdens de oorlog als schuilkelder was gebruikt: het gewone leven van een soldaat en het alledaagse leven van een burger. De kamers werden in december 2016 geopend voor het publiek. \"\u00a0<em>Ik vertoon <strong>vliegtuigbrandstoftanks die we als kinderen in boten veranderden <\/strong>of de stervormige metalen stukken die ik had gesmeed, waarvan ik niet wist dat ze werden gebruikt om de banden van Duitse voertuigen lek te steken<\/em>\u00a0\"herinnert G\u00e9rard Lequien zich, die vroeger vliegtuigafval catalogiseerde in versneden jerrycans.<\/p>\n\n\n\n<h3>Vrijwilligers geven rondleidingen in het museum<\/h3>\n\n\n\n<p>Om het museum draaiende te houden, vertrouwt de vereniging op <strong>ongeveer dertig vrijwilligers<\/strong>. De tour is verdeeld in verschillende gebieden, <strong>het verzet, de Amerikanen, de Britten, de Duitsers, Saint-Maximin en zelfs de Grote Oorlog van 14-18<\/strong> dankzij donaties van particulieren. \"\u00a0<em>We hebben een aanvraag ingediend voor een lift, zodat mensen met beperkte mobiliteit de kelder kunnen bereiken, <\/em>vertrouwt Daniel Derniame. <em>Dit zou worden gesubsidieerd door de stad en Europese fondsen. Tegelijkertijd zullen we de enscenering aanpassen met een nieuwe presentatie en meer geschikte verlichting.<\/em>\u00a0\"Het doel is om duizend bezoekers per jaar te trekken.<\/p>\n\n\n\n<figure class=\"is-layout-flex wp-block-gallery-8 wp-block-gallery has-nested-images columns-default is-cropped\">\n<figure class=\"wp-block-image size-large\"><img decoding=\"async\" loading=\"lazy\" width=\"1200\" height=\"698\" data-id=\"56283\"  data-src=\"https:\/\/www.creilsudoise-tourisme.fr\/wp-content\/uploads\/2024\/08\/2023-07-12-Saint-Maximin-Gerard-Lequien-musee-des-bombardements-IMG_5838-1200x698.jpg\" alt=\"Mus\u00e9e bombardements oise guerre seconde mondiale grande guerre souvenir visite guid\u00e9e Saint-Maximin\" class=\"wp-image-56283\" data-srcset=\"https:\/\/www.creilsudoise-tourisme.fr\/wp-content\/uploads\/2024\/08\/2023-07-12-Saint-Maximin-Gerard-Lequien-musee-des-bombardements-IMG_5838-1200x698.jpg 1200w, https:\/\/www.creilsudoise-tourisme.fr\/wp-content\/uploads\/2024\/08\/2023-07-12-Saint-Maximin-Gerard-Lequien-musee-des-bombardements-IMG_5838-600x349.jpg 600w, https:\/\/www.creilsudoise-tourisme.fr\/wp-content\/uploads\/2024\/08\/2023-07-12-Saint-Maximin-Gerard-Lequien-musee-des-bombardements-IMG_5838-900x524.jpg 900w, https:\/\/www.creilsudoise-tourisme.fr\/wp-content\/uploads\/2024\/08\/2023-07-12-Saint-Maximin-Gerard-Lequien-musee-des-bombardements-IMG_5838-18x10.jpg 18w, https:\/\/www.creilsudoise-tourisme.fr\/wp-content\/uploads\/2024\/08\/2023-07-12-Saint-Maximin-Gerard-Lequien-musee-des-bombardements-IMG_5838-200x116.jpg 200w, https:\/\/www.creilsudoise-tourisme.fr\/wp-content\/uploads\/2024\/08\/2023-07-12-Saint-Maximin-Gerard-Lequien-musee-des-bombardements-IMG_5838-650x378.jpg 650w, https:\/\/www.creilsudoise-tourisme.fr\/wp-content\/uploads\/2024\/08\/2023-07-12-Saint-Maximin-Gerard-Lequien-musee-des-bombardements-IMG_5838-387x225.jpg 387w, https:\/\/www.creilsudoise-tourisme.fr\/wp-content\/uploads\/2024\/08\/2023-07-12-Saint-Maximin-Gerard-Lequien-musee-des-bombardements-IMG_5838.jpg 1480w\" sizes=\"(max-width: 1200px) 100vw, 1200px\" \/><figcaption class=\"wp-element-caption\">Fred Noury<\/figcaption><\/figure>\n\n\n\n<figure class=\"wp-block-image size-large\"><img decoding=\"async\" loading=\"lazy\" width=\"1200\" height=\"900\" data-id=\"56241\"  data-src=\"https:\/\/www.creilsudoise-tourisme.fr\/wp-content\/uploads\/2024\/08\/Musee_Bombardements-Saint_Maximin-Creil_Sud_Oise_Tourisme-78-1200x900.jpg\" alt=\"Mus\u00e9e bombardements oise guerre seconde mondiale grande guerre souvenir visite guid\u00e9e Saint-Maximin\" class=\"wp-image-56241\" data-srcset=\"https:\/\/www.creilsudoise-tourisme.fr\/wp-content\/uploads\/2024\/08\/Musee_Bombardements-Saint_Maximin-Creil_Sud_Oise_Tourisme-78-1200x900.jpg 1200w, https:\/\/www.creilsudoise-tourisme.fr\/wp-content\/uploads\/2024\/08\/Musee_Bombardements-Saint_Maximin-Creil_Sud_Oise_Tourisme-78-600x450.jpg 600w, https:\/\/www.creilsudoise-tourisme.fr\/wp-content\/uploads\/2024\/08\/Musee_Bombardements-Saint_Maximin-Creil_Sud_Oise_Tourisme-78-900x675.jpg 900w, https:\/\/www.creilsudoise-tourisme.fr\/wp-content\/uploads\/2024\/08\/Musee_Bombardements-Saint_Maximin-Creil_Sud_Oise_Tourisme-78-16x12.jpg 16w, https:\/\/www.creilsudoise-tourisme.fr\/wp-content\/uploads\/2024\/08\/Musee_Bombardements-Saint_Maximin-Creil_Sud_Oise_Tourisme-78-200x150.jpg 200w, https:\/\/www.creilsudoise-tourisme.fr\/wp-content\/uploads\/2024\/08\/Musee_Bombardements-Saint_Maximin-Creil_Sud_Oise_Tourisme-78-650x488.jpg 650w, https:\/\/www.creilsudoise-tourisme.fr\/wp-content\/uploads\/2024\/08\/Musee_Bombardements-Saint_Maximin-Creil_Sud_Oise_Tourisme-78-387x290.jpg 387w, https:\/\/www.creilsudoise-tourisme.fr\/wp-content\/uploads\/2024\/08\/Musee_Bombardements-Saint_Maximin-Creil_Sud_Oise_Tourisme-78.jpg 1480w\" sizes=\"(max-width: 1200px) 100vw, 1200px\" \/><figcaption class=\"wp-element-caption\">Creil Sud Oise Toerisme<\/figcaption><\/figure>\n\n\n\n<figure class=\"wp-block-image size-large\"><img decoding=\"async\" loading=\"lazy\" width=\"1200\" height=\"900\" data-id=\"56236\"  data-src=\"https:\/\/www.creilsudoise-tourisme.fr\/wp-content\/uploads\/2024\/08\/Musee_Bombardements-Saint_Maximin-Creil_Sud_Oise_Tourisme-8-1200x900.jpg\" alt=\"Mus\u00e9e bombardements oise guerre seconde mondiale grande guerre souvenir visite guid\u00e9e Saint-Maximin\" class=\"wp-image-56236\" data-srcset=\"https:\/\/www.creilsudoise-tourisme.fr\/wp-content\/uploads\/2024\/08\/Musee_Bombardements-Saint_Maximin-Creil_Sud_Oise_Tourisme-8-1200x900.jpg 1200w, https:\/\/www.creilsudoise-tourisme.fr\/wp-content\/uploads\/2024\/08\/Musee_Bombardements-Saint_Maximin-Creil_Sud_Oise_Tourisme-8-600x450.jpg 600w, https:\/\/www.creilsudoise-tourisme.fr\/wp-content\/uploads\/2024\/08\/Musee_Bombardements-Saint_Maximin-Creil_Sud_Oise_Tourisme-8-900x675.jpg 900w, https:\/\/www.creilsudoise-tourisme.fr\/wp-content\/uploads\/2024\/08\/Musee_Bombardements-Saint_Maximin-Creil_Sud_Oise_Tourisme-8-16x12.jpg 16w, https:\/\/www.creilsudoise-tourisme.fr\/wp-content\/uploads\/2024\/08\/Musee_Bombardements-Saint_Maximin-Creil_Sud_Oise_Tourisme-8-200x150.jpg 200w, https:\/\/www.creilsudoise-tourisme.fr\/wp-content\/uploads\/2024\/08\/Musee_Bombardements-Saint_Maximin-Creil_Sud_Oise_Tourisme-8-650x488.jpg 650w, https:\/\/www.creilsudoise-tourisme.fr\/wp-content\/uploads\/2024\/08\/Musee_Bombardements-Saint_Maximin-Creil_Sud_Oise_Tourisme-8-387x290.jpg 387w, https:\/\/www.creilsudoise-tourisme.fr\/wp-content\/uploads\/2024\/08\/Musee_Bombardements-Saint_Maximin-Creil_Sud_Oise_Tourisme-8.jpg 1480w\" sizes=\"(max-width: 1200px) 100vw, 1200px\" \/><figcaption class=\"wp-element-caption\">Creil Sud Oise Toerisme<\/figcaption><\/figure>\n\n\n\n<figure class=\"wp-block-image size-large\"><img decoding=\"async\" loading=\"lazy\" width=\"900\" height=\"1200\" data-id=\"55276\"  data-src=\"https:\/\/www.creilsudoise-tourisme.fr\/wp-content\/uploads\/wpetourisme\/Musee-des-bombardements-Saint-Maximin-PHOTOS-c-OT-CSO--2--900x1200.jpg\" alt=\"\" class=\"wp-image-55276\" data-srcset=\"https:\/\/www.creilsudoise-tourisme.fr\/wp-content\/uploads\/wpetourisme\/Musee-des-bombardements-Saint-Maximin-PHOTOS-c-OT-CSO--2--900x1200.jpg 900w, https:\/\/www.creilsudoise-tourisme.fr\/wp-content\/uploads\/wpetourisme\/Musee-des-bombardements-Saint-Maximin-PHOTOS-c-OT-CSO--2--450x600.jpg 450w, https:\/\/www.creilsudoise-tourisme.fr\/wp-content\/uploads\/wpetourisme\/Musee-des-bombardements-Saint-Maximin-PHOTOS-c-OT-CSO--2--675x900.jpg 675w, https:\/\/www.creilsudoise-tourisme.fr\/wp-content\/uploads\/wpetourisme\/Musee-des-bombardements-Saint-Maximin-PHOTOS-c-OT-CSO--2--1152x1536.jpg 1152w, https:\/\/www.creilsudoise-tourisme.fr\/wp-content\/uploads\/wpetourisme\/Musee-des-bombardements-Saint-Maximin-PHOTOS-c-OT-CSO--2--1536x2048.jpg 1536w, https:\/\/www.creilsudoise-tourisme.fr\/wp-content\/uploads\/wpetourisme\/Musee-des-bombardements-Saint-Maximin-PHOTOS-c-OT-CSO--2--9x12.jpg 9w, https:\/\/www.creilsudoise-tourisme.fr\/wp-content\/uploads\/wpetourisme\/Musee-des-bombardements-Saint-Maximin-PHOTOS-c-OT-CSO--2--200x267.jpg 200w, https:\/\/www.creilsudoise-tourisme.fr\/wp-content\/uploads\/wpetourisme\/Musee-des-bombardements-Saint-Maximin-PHOTOS-c-OT-CSO--2--650x867.jpg 650w, https:\/\/www.creilsudoise-tourisme.fr\/wp-content\/uploads\/wpetourisme\/Musee-des-bombardements-Saint-Maximin-PHOTOS-c-OT-CSO--2--387x516.jpg 387w, https:\/\/www.creilsudoise-tourisme.fr\/wp-content\/uploads\/wpetourisme\/Musee-des-bombardements-Saint-Maximin-PHOTOS-c-OT-CSO--2--scaled.jpg 1920w\" sizes=\"(max-width: 900px) 100vw, 900px\" \/><\/figure>\n<\/figure>\n\n\n\n<p>\"\u00a0<em><strong>Ik ben er zeker van dat alles wat ik in mijn leven heb verzameld, beschikbaar zal zijn voor het publiek.<\/strong>, <\/em>concludeert G\u00e9rard Lequien, wiens jovialiteit alleen wordt ge\u00ebvenaard door zijn bescheidenheid. <em>Een Amerikaan bood ooit aan om al mijn onderdelen te kopen, maar ik weigerde.<\/em>\u00a0\"Gelukkig zal dit ons collectieve geheugen verrijken.<\/p>\n\n\n\n<div class=\"is-layout-flex wp-container-10 wp-block-columns\"><\/div>\n\n\n\n<div class=\"is-layout-flex wp-container-14 wp-block-columns\">\n<div class=\"is-layout-flow wp-block-column\" style=\"flex-basis:25%\"><\/div>\n\n\n\n<div class=\"is-layout-flow wp-block-column is-vertically-aligned-center\" style=\"flex-basis:50%\">\n<p><strong>Fr\u00e9d\u00e9ric Noury<\/strong> &#8211; <a href=\"https:\/\/fredcom.info\/\" target=\"_blank\" rel=\"noreferrer noopener\">FredCom<\/a><\/p>\n<\/div>\n\n\n\n<div class=\"is-layout-flow wp-block-column\" style=\"flex-basis:25%\"><\/div>\n<\/div>\n\n\n\n<hr class=\"wp-block-separator has-alpha-channel-opacity\"\/>\n\n\n\n\n\n<hr class=\"wp-block-separator has-alpha-channel-opacity\"\/>\n\n\n\n<div class=\"wp-block wp-block-single-sit wp-block-single-sit-coordonnees\" >\n\n            <h2>Toegang<\/h2>\n    \n    <div class=\"wp-block-media-text is-stacked-on-mobile\">\n\n        <div class=\"wp-block-media-text__media wpet-map-detail\" style=\"width:100%; height: 100%;\">\n            <div class=\"wp-block-media-text__media__content\" id=\"wpetSingleSitMap\" data-wpet-type-map=\"leaflet\" ><\/div>\n        <\/div>\n\n        <div class=\"wp-block-media-text__content\">\n\n                            <p class=\"wp-block-coordonnees__status wp-block-coordonnees__status--close\">\n                    Gesloten                <\/p>\n            \n            <p class=\"wp-block-media-text__content__address\">\n                                    <strong>Bommuseum<\/strong><br \/>\n                \n                                    Economische wijk<br \/>\n                \n                                    <span>60740<\/span>\n                    <span>SAINT-MAXIMIN<\/span><br \/>\n                            <\/p>\n\n                                                <p class=\"wp-block-media-text__content__phone\"><a data-type=\"TEL\" href=\"tel: 33 3 44 61 18 40\">+33 3 44 61 18 40<\/a><\/p>\n                            \n            <a href=\"https:\/\/www.google.fr\/maps?saddr&#038;daddr=49.2177984,2.4527266\" target=\"_blank\" class=\"button GtmButtonCalculItinerairePrestataire\" rel=\"noopener noreferrer\">Mijn route berekenen<\/a>\n        <\/div>\n    <\/div>\n<\/div>\n\n\n    <div class=\"wp-block wp-block-single-sit wp-block-single-sit-ouvertures\" id=\"opening\">\n\n                    <h2>Opening<\/h2>\n        \n        \t<div class=\"wpetTableList\" >\n                <div data-id=\"wpet-table-slider-wrapper\">\n\t\t    \t\t\t\t\t\t<div class=\"wpetTableContainer\" >\n\t\t\t\t<table class=\"wpetTable wpTable--opening\">\n\t\t\t\t\t<thead class=\"wpetTableHeader\">\n\t\t\t\t\t<tr>\n\t\t\t\t\t\t<td colspan=\"2\">\n\t\t\t\t\t\t\t\t\t\t\t\t\t\t\tVan 01 januari tot 31 december\t\t\t\t\t\t\t\t\t\t\t\t\t<\/td>\n\t\t\t\t\t<\/tr>\n\t\t\t\t\t<\/thead>\n\t\t\t\t\t\t\t\t\t\t\t\t\t\t\t\t\t\t<tr class=\"wpetTableLine\">\n\t\t\t\t\t\t\t\t<td class=\"wpetTableCell\">Maandag<\/td>\n\t\t\t\t\t\t\t\t<td class=\"wpetTableCell\">Gesloten<\/td>\n\t\t\t\t\t\t\t<\/tr>\n\t\t\t\t\t\t\t\t\t\t\t\t\t\t\t\t\t\t\t\t\t\t\t\t<tr class=\"wpetTableLine\">\n\t\t\t\t\t\t\t\t<td class=\"wpetTableCell\">Dinsdag<\/td>\n\t\t\t\t\t\t\t\t<td class=\"wpetTableCell\">Gesloten<\/td>\n\t\t\t\t\t\t\t<\/tr>\n\t\t\t\t\t\t\t\t\t\t\t\t\t\t\t\t\t\t\t\t\t\t\t\t<tr class=\"wpetTableLine\">\n\t\t\t\t\t\t\t\t<td class=\"wpetTableCell\">Woensdag<\/td>\n\t\t\t\t\t\t\t\t<td class=\"wpetTableCell\">Open van 14.00 tot 18.00<\/td>\n\t\t\t\t\t\t\t<\/tr>\n\t\t\t\t\t\t\t\t\t\t\t\t\t\t\t\t\t\t\t\t\t\t\t\t<tr class=\"wpetTableLine\">\n\t\t\t\t\t\t\t\t<td class=\"wpetTableCell\">Donderdag<\/td>\n\t\t\t\t\t\t\t\t<td class=\"wpetTableCell\">Gesloten<\/td>\n\t\t\t\t\t\t\t<\/tr>\n\t\t\t\t\t\t\t\t\t\t\t\t\t\t\t\t\t\t\t\t\t\t\t\t<tr class=\"wpetTableLine\">\n\t\t\t\t\t\t\t\t<td class=\"wpetTableCell\">Vrijdag<\/td>\n\t\t\t\t\t\t\t\t<td class=\"wpetTableCell\">Gesloten<\/td>\n\t\t\t\t\t\t\t<\/tr>\n\t\t\t\t\t\t\t\t\t\t\t\t\t\t\t\t\t\t\t\t\t\t\t\t<tr class=\"wpetTableLine\">\n\t\t\t\t\t\t\t\t<td class=\"wpetTableCell\">Zaterdag<\/td>\n\t\t\t\t\t\t\t\t<td class=\"wpetTableCell\">Open van 14.00 tot 18.00<\/td>\n\t\t\t\t\t\t\t<\/tr>\n\t\t\t\t\t\t\t\t\t\t\t\t\t\t\t\t\t\t\t\t\t\t\t\t<tr class=\"wpetTableLine\">\n\t\t\t\t\t\t\t\t<td class=\"wpetTableCell\">Zondag<\/td>\n\t\t\t\t\t\t\t\t<td class=\"wpetTableCell\">Open van 14.00 tot 18.00<\/td>\n\t\t\t\t\t\t\t<\/tr>\n\t\t\t\t\t\t\t\t\t\t\t\t\t\t\t<\/table>\n\t\t\t<\/div>\n\t\t        <\/div>\n\t<\/div>\n\n    <\/div>\n\n\n\n    <div class=\"wp-block wp-block-single-sit wp-block-single-sit-tarifs\">\n\n                    <h2>Tarieven<\/h2>\n        \n        \n    <table class=\"wpetTable\">\n                    <tr class=\"wpetTableLine\">\n                <td class=\"wpetTableCell\">\n                    Tarief volwassenen                                    <\/td>\n                <td class=\"wpetTableCell\">4 \u20ac<\/td>\n            <\/tr>\n                    <tr class=\"wpetTableLine\">\n                <td class=\"wpetTableCell\">\n                    Verlaagd tarief voor volwassenen                                            <span class=\"wpetTableCell--complement entryMeta\">Agglo Pass en groepen<\/span>\n                                    <\/td>\n                <td class=\"wpetTableCell\">3,50 \u20ac<\/td>\n            <\/tr>\n                    <tr class=\"wpetTableLine\">\n                <td class=\"wpetTableCell\">\n                    Gereduceerd tarief voor kinderen                                            <span class=\"wpetTableCell--complement entryMeta\">Agglo Pass en groepen<\/span>\n                                    <\/td>\n                <td class=\"wpetTableCell\">2 \u20ac<\/td>\n            <\/tr>\n                    <tr class=\"wpetTableLine\">\n                <td class=\"wpetTableCell\">\n                    Kindertarief                                    <\/td>\n                <td class=\"wpetTableCell\">2,50 \u20ac<\/td>\n            <\/tr>\n            <\/table>\n\n\n    \n    \n    \n    \n    <\/div>\n\n\n\n\n<hr class=\"wp-block-separator has-alpha-channel-opacity\"\/>\n\n\n<div class=\"wp-block wp-block-highlight\">\n            <h3 class=\"wp-block-highlight-item wp-block-highlight-title\">Meer weten?<\/h3>\n                <p class=\"wp-block-highlight-item wp-block-highlight-excerpt\">Dit prachtige verslag is geschreven ter gelegenheid van de release van de gloednieuwe<strong> Het eerste bestemmingsmagazine van Creil Sud Oise Tourisme<\/strong>.<br>Binnen, n<strong>talloze andere artikelen<\/strong> zal je meenemen om <strong>lokale cijfers<\/strong> en bieden <strong>idee\u00ebn voor uitjes!<\/strong><br><strong>Bestellen bij<\/strong> om het op papier te ontvangen!<br><strong><a href=\"https:\/\/www.creilsudoise-tourisme.fr\/nl\/praktijk\/brochures\/\" target=\"_blank\" rel=\"noreferrer noopener\">Klik hier om te bestellen<\/a><\/strong><\/p>\n    <\/div>","protected":false},"excerpt":{"rendered":"<p>De crash van een geallieerde bommenwerper op 6 september 1943 boven zijn dorp Airion, toen hij nog maar 13 jaar oud was, was een keerpunt in het leven van G\u00e9rard Lequien. Al tachtig jaar doet hij onderzoek, neemt contact op met vliegeniers en hun families, verzamelt brokstukken, voorwerpen en documenten met betrekking tot enkele van de 500 militaire vliegtuigen die zijn neergestort [...].<\/p>","protected":false},"author":3,"featured_media":56275,"comment_status":"closed","ping_status":"closed","sticky":false,"template":"","format":"standard","meta":{"_relevanssi_hide_post":"","_relevanssi_hide_content":"","_relevanssi_pin_for_all":"","_relevanssi_pin_keywords":"","_relevanssi_unpin_keywords":"","_relevanssi_related_keywords":"","_relevanssi_related_include_ids":"","_relevanssi_related_exclude_ids":"","_relevanssi_related_no_append":"","_relevanssi_related_not_related":"","_relevanssi_related_posts":"52391,43994,39613,41684,38705,40204","_relevanssi_noindex_reason":""},"categories":[10],"tags":[],"yoast_head":"<!-- This site is optimized with the Yoast SEO plugin v20.2.1 - https:\/\/yoast.com\/wordpress\/plugins\/seo\/ -->\n<title>La m\u00e9moire de la guerre a\u00e9rienne<\/title>\n<meta name=\"description\" content=\"Rencontre avec G\u00e9rard Lequien, qui a assist\u00e9 \u00e0 un crash a\u00e9rien durant la 2nd Guerre mondiale et a cr\u00e9\u00e9 le Mus\u00e9e des Bombardements\" \/>\n<meta name=\"robots\" content=\"index, follow, max-snippet:-1, max-image-preview:large, max-video-preview:-1\" \/>\n<link rel=\"canonical\" href=\"https:\/\/www.creilsudoise-tourisme.fr\/nl\/2024\/10\/22\/gerard-lequien\/\" \/>\n<meta property=\"og:locale\" content=\"nl_NL\" \/>\n<meta property=\"og:type\" content=\"article\" \/>\n<meta property=\"og:title\" content=\"La m\u00e9moire de la guerre a\u00e9rienne\" \/>\n<meta property=\"og:description\" content=\"Rencontre avec G\u00e9rard Lequien, qui a assist\u00e9 \u00e0 un crash a\u00e9rien durant la 2nd Guerre mondiale et a cr\u00e9\u00e9 le Mus\u00e9e des Bombardements\" \/>\n<meta property=\"og:url\" content=\"https:\/\/www.creilsudoise-tourisme.fr\/nl\/2024\/10\/22\/gerard-lequien\/\" \/>\n<meta property=\"og:site_name\" content=\"Office de Tourisme Creil Sud Oise\" \/>\n<meta property=\"article:publisher\" content=\"https:\/\/www.facebook.com\/creilsudoisetourisme\/\" \/>\n<meta property=\"article:published_time\" content=\"2024-10-22T08:21:00+00:00\" \/>\n<meta property=\"article:modified_time\" content=\"2024-08-21T15:21:58+00:00\" \/>\n<meta property=\"og:image\" content=\"https:\/\/www.creilsudoise-tourisme.fr\/wp-content\/uploads\/2024\/08\/2023-07-12-Saint-Maximin-Gerard-Lequien-musee-des-bombardements-IMG_5813.jpg\" \/>\n\t<meta property=\"og:image:width\" content=\"1440\" \/>\n\t<meta property=\"og:image:height\" content=\"1920\" \/>\n\t<meta property=\"og:image:type\" content=\"image\/jpeg\" \/>\n<meta name=\"author\" content=\"fdubut\" \/>\n<meta name=\"twitter:card\" content=\"summary_large_image\" \/>\n<meta name=\"twitter:creator\" content=\"@CreilSudOiseOT\" \/>\n<meta name=\"twitter:site\" content=\"@CreilSudOiseOT\" \/>\n<meta name=\"twitter:label1\" content=\"Geschreven door\" \/>\n\t<meta name=\"twitter:data1\" content=\"fdubut\" \/>\n\t<meta name=\"twitter:label2\" content=\"Geschatte leestijd\" \/>\n\t<meta name=\"twitter:data2\" content=\"7 minuten\" \/>\n<script type=\"application\/ld+json\" class=\"yoast-schema-graph\">{\"@context\":\"https:\/\/schema.org\",\"@graph\":[{\"@type\":\"Article\",\"@id\":\"https:\/\/www.creilsudoise-tourisme.fr\/2024\/10\/22\/gerard-lequien\/#article\",\"isPartOf\":{\"@id\":\"https:\/\/www.creilsudoise-tourisme.fr\/2024\/10\/22\/gerard-lequien\/\"},\"author\":{\"name\":\"fdubut\",\"@id\":\"https:\/\/www.creilsudoise-tourisme.fr\/#\/schema\/person\/c5140d47645b13bee896bfe05f1bd5da\"},\"headline\":\"La m\u00e9moire de la guerre a\u00e9rienne\",\"datePublished\":\"2024-10-22T08:21:00+00:00\",\"dateModified\":\"2024-08-21T15:21:58+00:00\",\"mainEntityOfPage\":{\"@id\":\"https:\/\/www.creilsudoise-tourisme.fr\/2024\/10\/22\/gerard-lequien\/\"},\"wordCount\":1455,\"publisher\":{\"@id\":\"https:\/\/www.creilsudoise-tourisme.fr\/#organization\"},\"articleSection\":[\"Nos ambassadeurs\"],\"inLanguage\":\"nl\"},{\"@type\":\"WebPage\",\"@id\":\"https:\/\/www.creilsudoise-tourisme.fr\/2024\/10\/22\/gerard-lequien\/\",\"url\":\"https:\/\/www.creilsudoise-tourisme.fr\/2024\/10\/22\/gerard-lequien\/\",\"name\":\"La m\u00e9moire de la guerre a\u00e9rienne\",\"isPartOf\":{\"@id\":\"https:\/\/www.creilsudoise-tourisme.fr\/#website\"},\"datePublished\":\"2024-10-22T08:21:00+00:00\",\"dateModified\":\"2024-08-21T15:21:58+00:00\",\"description\":\"Rencontre avec G\u00e9rard Lequien, qui a assist\u00e9 \u00e0 un crash a\u00e9rien durant la 2nd Guerre mondiale et a cr\u00e9\u00e9 le Mus\u00e9e des Bombardements\",\"breadcrumb\":{\"@id\":\"https:\/\/www.creilsudoise-tourisme.fr\/2024\/10\/22\/gerard-lequien\/#breadcrumb\"},\"inLanguage\":\"nl\",\"potentialAction\":[{\"@type\":\"ReadAction\",\"target\":[\"https:\/\/www.creilsudoise-tourisme.fr\/2024\/10\/22\/gerard-lequien\/\"]}]},{\"@type\":\"BreadcrumbList\",\"@id\":\"https:\/\/www.creilsudoise-tourisme.fr\/2024\/10\/22\/gerard-lequien\/#breadcrumb\",\"itemListElement\":[{\"@type\":\"ListItem\",\"position\":1,\"name\":\"Accueil\",\"item\":\"https:\/\/www.creilsudoise-tourisme.fr\/\"},{\"@type\":\"ListItem\",\"position\":2,\"name\":\"La m\u00e9moire de la guerre a\u00e9rienne\"}]},{\"@type\":\"WebSite\",\"@id\":\"https:\/\/www.creilsudoise-tourisme.fr\/#website\",\"url\":\"https:\/\/www.creilsudoise-tourisme.fr\/\",\"name\":\"Office de Tourisme Creil Sud Oise\",\"description\":\"Creil Sud Oise Tourisme, un territoire \u00e0 explorer !\",\"publisher\":{\"@id\":\"https:\/\/www.creilsudoise-tourisme.fr\/#organization\"},\"potentialAction\":[{\"@type\":\"SearchAction\",\"target\":{\"@type\":\"EntryPoint\",\"urlTemplate\":\"https:\/\/www.creilsudoise-tourisme.fr\/?s={search_term_string}\"},\"query-input\":\"required name=search_term_string\"}],\"inLanguage\":\"nl\"},{\"@type\":\"Organization\",\"@id\":\"https:\/\/www.creilsudoise-tourisme.fr\/#organization\",\"name\":\"Creil Sud Oise Tourisme\",\"url\":\"https:\/\/www.creilsudoise-tourisme.fr\/\",\"logo\":{\"@type\":\"ImageObject\",\"inLanguage\":\"nl\",\"@id\":\"https:\/\/www.creilsudoise-tourisme.fr\/#\/schema\/logo\/image\/\",\"url\":\"https:\/\/www.creilsudoise-tourisme.fr\/wp-content\/uploads\/2021\/05\/logo-svg.png\",\"contentUrl\":\"https:\/\/www.creilsudoise-tourisme.fr\/wp-content\/uploads\/2021\/05\/logo-svg.png\",\"width\":182,\"height\":71,\"caption\":\"Creil Sud Oise Tourisme\"},\"image\":{\"@id\":\"https:\/\/www.creilsudoise-tourisme.fr\/#\/schema\/logo\/image\/\"},\"sameAs\":[\"https:\/\/www.facebook.com\/creilsudoisetourisme\/\",\"https:\/\/twitter.com\/CreilSudOiseOT\",\"https:\/\/www.instagram.com\/creilsudoisetourisme\/\",\"https:\/\/www.youtube.com\/channel\/UC8L_QD2wwyADW14zt9fY8kw\"]},{\"@type\":\"Person\",\"@id\":\"https:\/\/www.creilsudoise-tourisme.fr\/#\/schema\/person\/c5140d47645b13bee896bfe05f1bd5da\",\"name\":\"fdubut\",\"image\":{\"@type\":\"ImageObject\",\"inLanguage\":\"nl\",\"@id\":\"https:\/\/www.creilsudoise-tourisme.fr\/#\/schema\/person\/image\/\",\"url\":\"https:\/\/secure.gravatar.com\/avatar\/c49bb61337bf4556cafdbcb92c18618d?s=96&d=mm&r=g\",\"contentUrl\":\"https:\/\/secure.gravatar.com\/avatar\/c49bb61337bf4556cafdbcb92c18618d?s=96&d=mm&r=g\",\"caption\":\"fdubut\"},\"url\":\"https:\/\/www.creilsudoise-tourisme.fr\/nl\/auteur\/fdubut\/\"}]}<\/script>\n<!-- \/ Yoast SEO plugin. -->","yoast_head_json":{"title":"La m\u00e9moire de la guerre a\u00e9rienne","description":"Rencontre avec G\u00e9rard Lequien, qui a assist\u00e9 \u00e0 un crash a\u00e9rien durant la 2nd Guerre mondiale et a cr\u00e9\u00e9 le Mus\u00e9e des Bombardements","robots":{"index":"index","follow":"follow","max-snippet":"max-snippet:-1","max-image-preview":"max-image-preview:large","max-video-preview":"max-video-preview:-1"},"canonical":"https:\/\/www.creilsudoise-tourisme.fr\/nl\/2024\/10\/22\/gerard-lequien\/","og_locale":"nl_NL","og_type":"article","og_title":"La m\u00e9moire de la guerre a\u00e9rienne","og_description":"Rencontre avec G\u00e9rard Lequien, qui a assist\u00e9 \u00e0 un crash a\u00e9rien durant la 2nd Guerre mondiale et a cr\u00e9\u00e9 le Mus\u00e9e des Bombardements","og_url":"https:\/\/www.creilsudoise-tourisme.fr\/nl\/2024\/10\/22\/gerard-lequien\/","og_site_name":"Office de Tourisme Creil Sud Oise","article_publisher":"https:\/\/www.facebook.com\/creilsudoisetourisme\/","article_published_time":"2024-10-22T08:21:00+00:00","article_modified_time":"2024-08-21T15:21:58+00:00","og_image":[{"width":1440,"height":1920,"url":"https:\/\/www.creilsudoise-tourisme.fr\/wp-content\/uploads\/2024\/08\/2023-07-12-Saint-Maximin-Gerard-Lequien-musee-des-bombardements-IMG_5813.jpg","type":"image\/jpeg"}],"author":"fdubut","twitter_card":"summary_large_image","twitter_creator":"@CreilSudOiseOT","twitter_site":"@CreilSudOiseOT","twitter_misc":{"Geschreven door":"fdubut","Geschatte leestijd":"7 minuten"},"schema":{"@context":"https:\/\/schema.org","@graph":[{"@type":"Article","@id":"https:\/\/www.creilsudoise-tourisme.fr\/2024\/10\/22\/gerard-lequien\/#article","isPartOf":{"@id":"https:\/\/www.creilsudoise-tourisme.fr\/2024\/10\/22\/gerard-lequien\/"},"author":{"name":"fdubut","@id":"https:\/\/www.creilsudoise-tourisme.fr\/#\/schema\/person\/c5140d47645b13bee896bfe05f1bd5da"},"headline":"La m\u00e9moire de la guerre a\u00e9rienne","datePublished":"2024-10-22T08:21:00+00:00","dateModified":"2024-08-21T15:21:58+00:00","mainEntityOfPage":{"@id":"https:\/\/www.creilsudoise-tourisme.fr\/2024\/10\/22\/gerard-lequien\/"},"wordCount":1455,"publisher":{"@id":"https:\/\/www.creilsudoise-tourisme.fr\/#organization"},"articleSection":["Nos ambassadeurs"],"inLanguage":"nl"},{"@type":"WebPage","@id":"https:\/\/www.creilsudoise-tourisme.fr\/2024\/10\/22\/gerard-lequien\/","url":"https:\/\/www.creilsudoise-tourisme.fr\/2024\/10\/22\/gerard-lequien\/","name":"La m\u00e9moire de la guerre a\u00e9rienne","isPartOf":{"@id":"https:\/\/www.creilsudoise-tourisme.fr\/#website"},"datePublished":"2024-10-22T08:21:00+00:00","dateModified":"2024-08-21T15:21:58+00:00","description":"Rencontre avec G\u00e9rard Lequien, qui a assist\u00e9 \u00e0 un crash a\u00e9rien durant la 2nd Guerre mondiale et a cr\u00e9\u00e9 le Mus\u00e9e des Bombardements","breadcrumb":{"@id":"https:\/\/www.creilsudoise-tourisme.fr\/2024\/10\/22\/gerard-lequien\/#breadcrumb"},"inLanguage":"nl","potentialAction":[{"@type":"ReadAction","target":["https:\/\/www.creilsudoise-tourisme.fr\/2024\/10\/22\/gerard-lequien\/"]}]},{"@type":"BreadcrumbList","@id":"https:\/\/www.creilsudoise-tourisme.fr\/2024\/10\/22\/gerard-lequien\/#breadcrumb","itemListElement":[{"@type":"ListItem","position":1,"name":"Accueil","item":"https:\/\/www.creilsudoise-tourisme.fr\/"},{"@type":"ListItem","position":2,"name":"La m\u00e9moire de la guerre a\u00e9rienne"}]},{"@type":"WebSite","@id":"https:\/\/www.creilsudoise-tourisme.fr\/#website","url":"https:\/\/www.creilsudoise-tourisme.fr\/","name":"Office de Tourisme Creil Sud Oise","description":"Creil Sud Oise Tourisme, un territoire \u00e0 explorer !","publisher":{"@id":"https:\/\/www.creilsudoise-tourisme.fr\/#organization"},"potentialAction":[{"@type":"SearchAction","target":{"@type":"EntryPoint","urlTemplate":"https:\/\/www.creilsudoise-tourisme.fr\/?s={search_term_string}"},"query-input":"required name=search_term_string"}],"inLanguage":"nl"},{"@type":"Organization","@id":"https:\/\/www.creilsudoise-tourisme.fr\/#organization","name":"Creil Sud Oise Tourisme","url":"https:\/\/www.creilsudoise-tourisme.fr\/","logo":{"@type":"ImageObject","inLanguage":"nl","@id":"https:\/\/www.creilsudoise-tourisme.fr\/#\/schema\/logo\/image\/","url":"https:\/\/www.creilsudoise-tourisme.fr\/wp-content\/uploads\/2021\/05\/logo-svg.png","contentUrl":"https:\/\/www.creilsudoise-tourisme.fr\/wp-content\/uploads\/2021\/05\/logo-svg.png","width":182,"height":71,"caption":"Creil Sud Oise Tourisme"},"image":{"@id":"https:\/\/www.creilsudoise-tourisme.fr\/#\/schema\/logo\/image\/"},"sameAs":["https:\/\/www.facebook.com\/creilsudoisetourisme\/","https:\/\/twitter.com\/CreilSudOiseOT","https:\/\/www.instagram.com\/creilsudoisetourisme\/","https:\/\/www.youtube.com\/channel\/UC8L_QD2wwyADW14zt9fY8kw"]},{"@type":"Person","@id":"https:\/\/www.creilsudoise-tourisme.fr\/#\/schema\/person\/c5140d47645b13bee896bfe05f1bd5da","name":"fdubut","image":{"@type":"ImageObject","inLanguage":"nl","@id":"https:\/\/www.creilsudoise-tourisme.fr\/#\/schema\/person\/image\/","url":"https:\/\/secure.gravatar.com\/avatar\/c49bb61337bf4556cafdbcb92c18618d?s=96&d=mm&r=g","contentUrl":"https:\/\/secure.gravatar.com\/avatar\/c49bb61337bf4556cafdbcb92c18618d?s=96&d=mm&r=g","caption":"fdubut"},"url":"https:\/\/www.creilsudoise-tourisme.fr\/nl\/auteur\/fdubut\/"}]}},"_links":{"self":[{"href":"https:\/\/www.creilsudoise-tourisme.fr\/nl\/wp-json\/wp\/v2\/posts\/56179"}],"collection":[{"href":"https:\/\/www.creilsudoise-tourisme.fr\/nl\/wp-json\/wp\/v2\/posts"}],"about":[{"href":"https:\/\/www.creilsudoise-tourisme.fr\/nl\/wp-json\/wp\/v2\/types\/post"}],"author":[{"embeddable":true,"href":"https:\/\/www.creilsudoise-tourisme.fr\/nl\/wp-json\/wp\/v2\/users\/3"}],"replies":[{"embeddable":true,"href":"https:\/\/www.creilsudoise-tourisme.fr\/nl\/wp-json\/wp\/v2\/comments?post=56179"}],"version-history":[{"count":7,"href":"https:\/\/www.creilsudoise-tourisme.fr\/nl\/wp-json\/wp\/v2\/posts\/56179\/revisions"}],"predecessor-version":[{"id":56285,"href":"https:\/\/www.creilsudoise-tourisme.fr\/nl\/wp-json\/wp\/v2\/posts\/56179\/revisions\/56285"}],"wp:featuredmedia":[{"embeddable":true,"href":"https:\/\/www.creilsudoise-tourisme.fr\/nl\/wp-json\/wp\/v2\/media\/56275"}],"wp:attachment":[{"href":"https:\/\/www.creilsudoise-tourisme.fr\/nl\/wp-json\/wp\/v2\/media?parent=56179"}],"wp:term":[{"taxonomy":"category","embeddable":true,"href":"https:\/\/www.creilsudoise-tourisme.fr\/nl\/wp-json\/wp\/v2\/categories?post=56179"},{"taxonomy":"post_tag","embeddable":true,"href":"https:\/\/www.creilsudoise-tourisme.fr\/nl\/wp-json\/wp\/v2\/tags?post=56179"}],"curies":[{"name":"wp","href":"https:\/\/api.w.org\/{rel}","templated":true}]}}