{"id":56176,"date":"2024-09-19T16:56:33","date_gmt":"2024-09-19T14:56:33","guid":{"rendered":"https:\/\/www.creilsudoise-tourisme.fr\/?p=56176"},"modified":"2024-08-22T10:04:34","modified_gmt":"2024-08-22T08:04:34","slug":"patrick-magali-mancheron","status":"publish","type":"post","link":"https:\/\/www.creilsudoise-tourisme.fr\/nl\/2024\/09\/19\/patrick-magali-mancheron\/","title":{"rendered":"Een boerderij in het hart van de stad"},"content":{"rendered":"<p class=\"is-style-excerpt\">Boerderijdieren met vrije uitloop, groenten en fruit die op het ritme van de seizoenen worden verbouwd, pluimvee dat in de open lucht wordt gehouden, een hele reeks cursussen om voorouderlijke kennis door te geven: <strong>11<sup>e<\/sup> generatie van een familie die al 400 jaar in Villers-Saint-Paul gevestigd is, Patrick Mancheron en zijn vrouw Magali runnen de Arbre \u00e0 poule <\/strong>een atypische oase van groen ter grootte van drie voetbalvelden in de schaduw van de gemeentelijke landgoederen.<\/p>\n\n\n\n<div class=\"is-layout-flex wp-container-3 wp-block-columns\">\n<div class=\"is-layout-flow wp-block-column\" style=\"flex-basis:33.33%\">\n<figure class=\"wp-block-image size-large\"><img decoding=\"async\" loading=\"lazy\" width=\"950\" height=\"1200\" data-src=\"https:\/\/www.creilsudoise-tourisme.fr\/wp-content\/uploads\/2024\/08\/Les-Mancheron-950x1200.jpg\" alt=\"\" class=\"wp-image-56262\" data-srcset=\"https:\/\/www.creilsudoise-tourisme.fr\/wp-content\/uploads\/2024\/08\/Les-Mancheron-950x1200.jpg 950w, https:\/\/www.creilsudoise-tourisme.fr\/wp-content\/uploads\/2024\/08\/Les-Mancheron-475x600.jpg 475w, https:\/\/www.creilsudoise-tourisme.fr\/wp-content\/uploads\/2024\/08\/Les-Mancheron-712x900.jpg 712w, https:\/\/www.creilsudoise-tourisme.fr\/wp-content\/uploads\/2024\/08\/Les-Mancheron-9x12.jpg 9w, https:\/\/www.creilsudoise-tourisme.fr\/wp-content\/uploads\/2024\/08\/Les-Mancheron-200x253.jpg 200w, https:\/\/www.creilsudoise-tourisme.fr\/wp-content\/uploads\/2024\/08\/Les-Mancheron-650x821.jpg 650w, https:\/\/www.creilsudoise-tourisme.fr\/wp-content\/uploads\/2024\/08\/Les-Mancheron-387x489.jpg 387w, https:\/\/www.creilsudoise-tourisme.fr\/wp-content\/uploads\/2024\/08\/Les-Mancheron.jpg 1020w\" sizes=\"(max-width: 950px) 100vw, 950px\" \/><\/figure>\n<\/div>\n\n\n\n<div class=\"is-layout-flow wp-block-column\" style=\"flex-basis:66.66%\">\n<p><strong>Patrick en Magali<\/strong>de eigenaars van l'Arbre \u00e0 Poule in Villers-Saint-Paul, verwelkomden ons in hun oase van rust in het hart van de stad.<\/p>\n<\/div>\n<\/div>\n\n\n\n<h2>Een familieverhaal<\/h2>\n\n\n\n<p>\"<em><strong>\u00a0Mijn ouders hebben het me altijd afgeraden om boer te worden...<\/strong><\/em>\u00a0\"Maar de chromosomen van de familie Mancheron beslisten anders. En <strong>Patrick<\/strong>De stoere 50-jarige is nu leraar aan de landbouwschool van Rib\u00e9court, met een diploma in biologie en technologie,<strong> specialist in tuinbouw, tuinbouw en agronomie!<\/strong> Maar hoe kun je de roep van de natuur weerstaan, die je van jongs af aan in slaap heeft gesust?\u00a0<em><strong>Het oudste document dat ik heb gevonden dateert uit 1612, toen mijn voorouders <\/strong>maakte een vliegende sprong van Rieux naar Villers-Saint-Paul, <\/em>zegt hij. <em>Zoals mijn oma altijd tegen me zei, <\/em><strong><em>we bezetten dit stuk land nu al 400 jaar<\/em>.<\/strong>\u00a0\"<\/p>\n\n\n\n<figure class=\"wp-block-image size-large\"><img decoding=\"async\" loading=\"lazy\" width=\"1200\" height=\"675\" data-src=\"https:\/\/www.creilsudoise-tourisme.fr\/wp-content\/uploads\/2024\/08\/Arbre-a-Poule_Villers-Saint-Paul_Drone_Creil-Sud-Oise-Tourisme-38-1200x675.jpg\" alt=\"permacultuur cursus volwassenen ferme arbre \u00e0 poule oise\" class=\"wp-image-56225\" data-srcset=\"https:\/\/www.creilsudoise-tourisme.fr\/wp-content\/uploads\/2024\/08\/Arbre-a-Poule_Villers-Saint-Paul_Drone_Creil-Sud-Oise-Tourisme-38-1200x675.jpg 1200w, https:\/\/www.creilsudoise-tourisme.fr\/wp-content\/uploads\/2024\/08\/Arbre-a-Poule_Villers-Saint-Paul_Drone_Creil-Sud-Oise-Tourisme-38-600x338.jpg 600w, https:\/\/www.creilsudoise-tourisme.fr\/wp-content\/uploads\/2024\/08\/Arbre-a-Poule_Villers-Saint-Paul_Drone_Creil-Sud-Oise-Tourisme-38-900x507.jpg 900w, https:\/\/www.creilsudoise-tourisme.fr\/wp-content\/uploads\/2024\/08\/Arbre-a-Poule_Villers-Saint-Paul_Drone_Creil-Sud-Oise-Tourisme-38-18x10.jpg 18w, https:\/\/www.creilsudoise-tourisme.fr\/wp-content\/uploads\/2024\/08\/Arbre-a-Poule_Villers-Saint-Paul_Drone_Creil-Sud-Oise-Tourisme-38-200x113.jpg 200w, https:\/\/www.creilsudoise-tourisme.fr\/wp-content\/uploads\/2024\/08\/Arbre-a-Poule_Villers-Saint-Paul_Drone_Creil-Sud-Oise-Tourisme-38-650x366.jpg 650w, https:\/\/www.creilsudoise-tourisme.fr\/wp-content\/uploads\/2024\/08\/Arbre-a-Poule_Villers-Saint-Paul_Drone_Creil-Sud-Oise-Tourisme-38-387x218.jpg 387w, https:\/\/www.creilsudoise-tourisme.fr\/wp-content\/uploads\/2024\/08\/Arbre-a-Poule_Villers-Saint-Paul_Drone_Creil-Sud-Oise-Tourisme-38.jpg 1480w\" sizes=\"(max-width: 1200px) 100vw, 1200px\" \/><figcaption class=\"wp-element-caption\">Creil Sud Oise Toerisme<\/figcaption><\/figure>\n\n\n\n<p>Tot 19<sup>e<\/sup> In de 19e eeuw werden de Mancherons wijnboeren, daarna ploegers omdat ze het paard en de apparatuur hadden om het land te bewerken, en uiteindelijk boeren. \"&nbsp;<em>Op een steen in de g\u00eete staat gegraveerd \"&nbsp;<\/em>1769&nbsp;<em>\". En omdat ik alles bewaar, heb ik zelfs de eerste elektriciteitsrekening uit 1927,<\/em> Patrick lacht.&nbsp;<em><strong>Elke generatie heeft deelgenomen aan het politieke leven van de gemeente<\/strong>Sommigen waren locoburgemeester. Sinds midden 20<sup>e<\/sup> eeuw zijn wij unieke zonen. <strong>En nu ben ik de laatste vertegenwoordiger van de oudste familie in de gemeente.<\/strong><\/em>&nbsp;\"<\/p>\n\n\n\n<h3>Een boerderij in het hart van de stad<\/h3>\n\n\n\n<p><strong>Vanaf dat moment was het onvermijdelijk dat Patrick het werk zou voortzetten dat vier eeuwen eerder door de Mancherons was begonnen.<\/strong> om waardevolle kennis te delen. Bovenal was het belangrijk om deze tuinbouwactiviteit in stand te kunnen houden in het hart van een groeiend stedelijk gebied. \"<em>\u00a0We hadden al lang geleden kunnen verdwijnen, maar gelukkig kwam de verstedelijking in de jaren 90 tot rust. Nu gaan we meer met onze tijd mee.\u00a0<\/em>\"zegt hij. Vervolgens moest hij personeel vinden om de site van 13.000 m\u00b2 draaiende te houden - dat zijn bijna drie voetbalvelden. <strong>De ontmoeting met Magali in 2005 was een beslissende factor.<\/strong>omdat ze dezelfde waarden delen. De foyer werd voltooid door<strong> Tweelingjongens die door hun studie al in de voetsporen van hun ouders zijn getreden...<\/strong><\/p>\n\n\n\n<figure class=\"is-layout-flex wp-block-gallery-4 wp-block-gallery has-nested-images columns-default is-cropped\">\n<figure class=\"wp-block-image size-large\"><img decoding=\"async\" loading=\"lazy\" width=\"900\" height=\"1200\" data-id=\"56267\"  data-src=\"https:\/\/www.creilsudoise-tourisme.fr\/wp-content\/uploads\/2024\/08\/2023-07-13-Villers-St-Paul-Arbre-a-poule-Magali-Patrick-Mancheron-IMG_5956-900x1200.jpg\" alt=\"permacultuur cursus volwassenen ferme arbre \u00e0 poule oise\" class=\"wp-image-56267\" data-srcset=\"https:\/\/www.creilsudoise-tourisme.fr\/wp-content\/uploads\/2024\/08\/2023-07-13-Villers-St-Paul-Arbre-a-poule-Magali-Patrick-Mancheron-IMG_5956-900x1200.jpg 900w, https:\/\/www.creilsudoise-tourisme.fr\/wp-content\/uploads\/2024\/08\/2023-07-13-Villers-St-Paul-Arbre-a-poule-Magali-Patrick-Mancheron-IMG_5956-450x600.jpg 450w, https:\/\/www.creilsudoise-tourisme.fr\/wp-content\/uploads\/2024\/08\/2023-07-13-Villers-St-Paul-Arbre-a-poule-Magali-Patrick-Mancheron-IMG_5956-675x900.jpg 675w, https:\/\/www.creilsudoise-tourisme.fr\/wp-content\/uploads\/2024\/08\/2023-07-13-Villers-St-Paul-Arbre-a-poule-Magali-Patrick-Mancheron-IMG_5956-9x12.jpg 9w, https:\/\/www.creilsudoise-tourisme.fr\/wp-content\/uploads\/2024\/08\/2023-07-13-Villers-St-Paul-Arbre-a-poule-Magali-Patrick-Mancheron-IMG_5956-200x267.jpg 200w, https:\/\/www.creilsudoise-tourisme.fr\/wp-content\/uploads\/2024\/08\/2023-07-13-Villers-St-Paul-Arbre-a-poule-Magali-Patrick-Mancheron-IMG_5956-650x867.jpg 650w, https:\/\/www.creilsudoise-tourisme.fr\/wp-content\/uploads\/2024\/08\/2023-07-13-Villers-St-Paul-Arbre-a-poule-Magali-Patrick-Mancheron-IMG_5956-387x516.jpg 387w, https:\/\/www.creilsudoise-tourisme.fr\/wp-content\/uploads\/2024\/08\/2023-07-13-Villers-St-Paul-Arbre-a-poule-Magali-Patrick-Mancheron-IMG_5956.jpg 1110w\" sizes=\"(max-width: 900px) 100vw, 900px\" \/><figcaption class=\"wp-element-caption\">Fred Noury<\/figcaption><\/figure>\n\n\n\n<figure class=\"wp-block-image size-large\"><img decoding=\"async\" loading=\"lazy\" width=\"500\" height=\"638\" data-id=\"52167\"  data-src=\"https:\/\/www.creilsudoise-tourisme.fr\/wp-content\/uploads\/2024\/02\/web_image-Apoule.jpg\" alt=\"\" class=\"wp-image-52167\" data-srcset=\"https:\/\/www.creilsudoise-tourisme.fr\/wp-content\/uploads\/2024\/02\/web_image-Apoule.jpg 500w, https:\/\/www.creilsudoise-tourisme.fr\/wp-content\/uploads\/2024\/02\/web_image-Apoule-470x600.jpg 470w, https:\/\/www.creilsudoise-tourisme.fr\/wp-content\/uploads\/2024\/02\/web_image-Apoule-9x12.jpg 9w, https:\/\/www.creilsudoise-tourisme.fr\/wp-content\/uploads\/2024\/02\/web_image-Apoule-200x255.jpg 200w, https:\/\/www.creilsudoise-tourisme.fr\/wp-content\/uploads\/2024\/02\/web_image-Apoule-275x350.jpg 275w, https:\/\/www.creilsudoise-tourisme.fr\/wp-content\/uploads\/2024\/02\/web_image-Apoule-400x509.jpg 400w, https:\/\/www.creilsudoise-tourisme.fr\/wp-content\/uploads\/2024\/02\/web_image-Apoule-387x494.jpg 387w\" sizes=\"(max-width: 500px) 100vw, 500px\" \/><\/figure>\n<\/figure>\n\n\n\n<p>\"&nbsp;<em>In de Aisne was ik voortdurend in contact met de natuur, <\/em>legt Magali uit.<em> Op zondagochtend werd er met het gezin gejaagd, gevolgd door het verwerken van het wild in de keuken - kortom, een voorliefde voor goede dingen.&nbsp;<\/em>\"Haar BEP in gezondheid en sociaal werk stelde haar in staat om te werken als zorgassistent in een kliniek in Argenteuil (Val-d'Oise) en vervolgens Meudon (Hauts-de-Seine). \"<em>&nbsp;De regio Parijs was voor werk, maar <strong>Ik kwam altijd terug naar de Aisne om mijn batterijen op te laden<\/strong>, <\/em>geeft ze toe. <em>Sterker nog, <strong>Ik hielp graag op de boerderij<\/strong>koeien en schapen verzorgen. Dat is wat ik begon te doen in de Haute-Marne en de Cevennen voordat ik in Villers-Saint-Paul aankwam.<\/em>&nbsp;\"<\/p>\n\n\n\n<h3>Zo onafhankelijk mogelijk zijn<\/h3>\n\n\n\n<p>Eenmaal gevormd, verfijnde het koppel hun project: \"&nbsp;<em><strong>Ons oorspronkelijke doel was om zo autonoom mogelijk te zijn en niets te verliezen.<\/strong>&nbsp;<\/em>\"zegt Patrick. \"&nbsp;<em>Om onze productieve tuinderij te openen, voegde ik mijn liefde voor dieren, geiten, schapen, koeien, varkens, enz. toe aan Patricks vaardigheden.&nbsp;<\/em>\"Magali plaagt.<\/p>\n\n\n\n<p>Groenten, fruit, dieren,<strong> ontstond er snel een heel ecosysteem in harmonie<\/strong>. \"<em>\u00a0Toen ik zwanger was, kon ik de gemeentewijken om ons heen zien, en <strong>Ik stelde me voor dat ik de vrienden van mijn zoons, die op flats woonden, zou uitnodigen op ons kleine groene eiland, ons kleine paradijs.<\/strong>, <\/em>herinnert Magali zich. <em>Ik wilde de natuur naar mensen brengen die omringd zijn door beton en we wilden onze leefruimte delen met het publiek.\u00a0<\/em>\"<\/p>\n\n\n\n<figure class=\"wp-block-image size-large\"><img decoding=\"async\" loading=\"lazy\" width=\"1200\" height=\"675\" data-src=\"https:\/\/www.creilsudoise-tourisme.fr\/wp-content\/uploads\/2024\/08\/Arbre-a-Poule-Creil-Sud-Oise-Tourisme-27-1200x675.jpg\" alt=\"educatieve boerderij Villers-Saint-Paul Oise Kippenboom\" class=\"wp-image-56218\" data-srcset=\"https:\/\/www.creilsudoise-tourisme.fr\/wp-content\/uploads\/2024\/08\/Arbre-a-Poule-Creil-Sud-Oise-Tourisme-27-1200x675.jpg 1200w, https:\/\/www.creilsudoise-tourisme.fr\/wp-content\/uploads\/2024\/08\/Arbre-a-Poule-Creil-Sud-Oise-Tourisme-27-600x338.jpg 600w, https:\/\/www.creilsudoise-tourisme.fr\/wp-content\/uploads\/2024\/08\/Arbre-a-Poule-Creil-Sud-Oise-Tourisme-27-900x507.jpg 900w, https:\/\/www.creilsudoise-tourisme.fr\/wp-content\/uploads\/2024\/08\/Arbre-a-Poule-Creil-Sud-Oise-Tourisme-27-18x10.jpg 18w, https:\/\/www.creilsudoise-tourisme.fr\/wp-content\/uploads\/2024\/08\/Arbre-a-Poule-Creil-Sud-Oise-Tourisme-27-200x113.jpg 200w, https:\/\/www.creilsudoise-tourisme.fr\/wp-content\/uploads\/2024\/08\/Arbre-a-Poule-Creil-Sud-Oise-Tourisme-27-650x366.jpg 650w, https:\/\/www.creilsudoise-tourisme.fr\/wp-content\/uploads\/2024\/08\/Arbre-a-Poule-Creil-Sud-Oise-Tourisme-27-387x218.jpg 387w, https:\/\/www.creilsudoise-tourisme.fr\/wp-content\/uploads\/2024\/08\/Arbre-a-Poule-Creil-Sud-Oise-Tourisme-27.jpg 1480w\" sizes=\"(max-width: 1200px) 100vw, 1200px\" \/><figcaption class=\"wp-element-caption\">Creil Sud Oise Toerisme<\/figcaption><\/figure>\n\n\n\n<h3>L'Arbre \u00e0 poule is geboren<\/h3>\n\n\n\n<p>In 2009 is de familieboerderij \"l'Arbre \u00e0 poule\" geopend als vereniging. \"\u00a0<em>Er zit geen \"s\" in \".\u00a0<\/em>kip\u00a0<em>\"omdat <strong>is om van de boom naar de kip te gaan, van de plant naar het dier<\/strong>legt Magali uit. Het is onze manier om respect te tonen voor levende wezens, of het nu planten of dieren zijn.\u00a0<\/em>\"Patrick werd in 2014 erkend als boer en Magali in 2016. L'Arbre \u00e0 poule maakte naam, <strong>liefhebbers van gezonde producten waarderen groenten geteeld op levende grond<\/strong>\u00a0: \"\u00a0<em>Dit is een praktijk waarbij de grond niet wordt omgewoeld, maar op natuurlijke wijze wordt gevormd door organismen, <\/em>vertrouwt Patrick me toe. <em>We voegen op zijn minst mulch toe om de groei van onkruid te beperken. <\/em>\".<\/p>\n\n\n\n<figure class=\"is-layout-flex wp-block-gallery-6 wp-block-gallery has-nested-images columns-default is-cropped\">\n<figure class=\"wp-block-image size-large\"><img decoding=\"async\" loading=\"lazy\" width=\"675\" height=\"1200\" data-id=\"56224\"  data-src=\"https:\/\/www.creilsudoise-tourisme.fr\/wp-content\/uploads\/2024\/08\/Arbre-a-poule_Villers-Saint-Paul_Creil-Sud-Oise-Tourisme-32-675x1200.jpg\" alt=\"permacultuur cursus volwassenen ferme arbre \u00e0 poule oise\" class=\"wp-image-56224\" data-srcset=\"https:\/\/www.creilsudoise-tourisme.fr\/wp-content\/uploads\/2024\/08\/Arbre-a-poule_Villers-Saint-Paul_Creil-Sud-Oise-Tourisme-32-675x1200.jpg 675w, https:\/\/www.creilsudoise-tourisme.fr\/wp-content\/uploads\/2024\/08\/Arbre-a-poule_Villers-Saint-Paul_Creil-Sud-Oise-Tourisme-32-338x600.jpg 338w, https:\/\/www.creilsudoise-tourisme.fr\/wp-content\/uploads\/2024\/08\/Arbre-a-poule_Villers-Saint-Paul_Creil-Sud-Oise-Tourisme-32-507x900.jpg 507w, https:\/\/www.creilsudoise-tourisme.fr\/wp-content\/uploads\/2024\/08\/Arbre-a-poule_Villers-Saint-Paul_Creil-Sud-Oise-Tourisme-32-7x12.jpg 7w, https:\/\/www.creilsudoise-tourisme.fr\/wp-content\/uploads\/2024\/08\/Arbre-a-poule_Villers-Saint-Paul_Creil-Sud-Oise-Tourisme-32-200x355.jpg 200w, https:\/\/www.creilsudoise-tourisme.fr\/wp-content\/uploads\/2024\/08\/Arbre-a-poule_Villers-Saint-Paul_Creil-Sud-Oise-Tourisme-32-650x1155.jpg 650w, https:\/\/www.creilsudoise-tourisme.fr\/wp-content\/uploads\/2024\/08\/Arbre-a-poule_Villers-Saint-Paul_Creil-Sud-Oise-Tourisme-32-387x688.jpg 387w, https:\/\/www.creilsudoise-tourisme.fr\/wp-content\/uploads\/2024\/08\/Arbre-a-poule_Villers-Saint-Paul_Creil-Sud-Oise-Tourisme-32.jpg 833w\" sizes=\"(max-width: 675px) 100vw, 675px\" \/><figcaption class=\"wp-element-caption\">Creil Sud Oise Toerisme<\/figcaption><\/figure>\n\n\n\n<figure class=\"wp-block-image size-large\"><img decoding=\"async\" loading=\"lazy\" width=\"675\" height=\"1200\" data-id=\"56223\"  data-src=\"https:\/\/www.creilsudoise-tourisme.fr\/wp-content\/uploads\/2024\/08\/Arbre-a-poule_Villers-Saint-Paul_Creil-Sud-Oise-Tourisme-22-675x1200.jpg\" alt=\"permacultuur cursus volwassenen ferme arbre \u00e0 poule oise\" class=\"wp-image-56223\" data-srcset=\"https:\/\/www.creilsudoise-tourisme.fr\/wp-content\/uploads\/2024\/08\/Arbre-a-poule_Villers-Saint-Paul_Creil-Sud-Oise-Tourisme-22-675x1200.jpg 675w, https:\/\/www.creilsudoise-tourisme.fr\/wp-content\/uploads\/2024\/08\/Arbre-a-poule_Villers-Saint-Paul_Creil-Sud-Oise-Tourisme-22-338x600.jpg 338w, https:\/\/www.creilsudoise-tourisme.fr\/wp-content\/uploads\/2024\/08\/Arbre-a-poule_Villers-Saint-Paul_Creil-Sud-Oise-Tourisme-22-507x900.jpg 507w, https:\/\/www.creilsudoise-tourisme.fr\/wp-content\/uploads\/2024\/08\/Arbre-a-poule_Villers-Saint-Paul_Creil-Sud-Oise-Tourisme-22-7x12.jpg 7w, https:\/\/www.creilsudoise-tourisme.fr\/wp-content\/uploads\/2024\/08\/Arbre-a-poule_Villers-Saint-Paul_Creil-Sud-Oise-Tourisme-22-200x355.jpg 200w, https:\/\/www.creilsudoise-tourisme.fr\/wp-content\/uploads\/2024\/08\/Arbre-a-poule_Villers-Saint-Paul_Creil-Sud-Oise-Tourisme-22-650x1155.jpg 650w, https:\/\/www.creilsudoise-tourisme.fr\/wp-content\/uploads\/2024\/08\/Arbre-a-poule_Villers-Saint-Paul_Creil-Sud-Oise-Tourisme-22-387x688.jpg 387w, https:\/\/www.creilsudoise-tourisme.fr\/wp-content\/uploads\/2024\/08\/Arbre-a-poule_Villers-Saint-Paul_Creil-Sud-Oise-Tourisme-22.jpg 833w\" sizes=\"(max-width: 675px) 100vw, 675px\" \/><figcaption class=\"wp-element-caption\">Creil Sud Oise Toerisme<\/figcaption><\/figure>\n\n\n\n<figure class=\"wp-block-image size-large\"><img decoding=\"async\" loading=\"lazy\" width=\"1200\" height=\"675\" data-id=\"56222\"  data-src=\"https:\/\/www.creilsudoise-tourisme.fr\/wp-content\/uploads\/2024\/08\/Arbre-a-poule_Villers-Saint-Paul_Creil-Sud-Oise-Tourisme-14-1200x675.jpg\" alt=\"permacultuur cursus volwassenen ferme arbre \u00e0 poule oise\" class=\"wp-image-56222\" data-srcset=\"https:\/\/www.creilsudoise-tourisme.fr\/wp-content\/uploads\/2024\/08\/Arbre-a-poule_Villers-Saint-Paul_Creil-Sud-Oise-Tourisme-14-1200x675.jpg 1200w, https:\/\/www.creilsudoise-tourisme.fr\/wp-content\/uploads\/2024\/08\/Arbre-a-poule_Villers-Saint-Paul_Creil-Sud-Oise-Tourisme-14-600x338.jpg 600w, https:\/\/www.creilsudoise-tourisme.fr\/wp-content\/uploads\/2024\/08\/Arbre-a-poule_Villers-Saint-Paul_Creil-Sud-Oise-Tourisme-14-900x507.jpg 900w, https:\/\/www.creilsudoise-tourisme.fr\/wp-content\/uploads\/2024\/08\/Arbre-a-poule_Villers-Saint-Paul_Creil-Sud-Oise-Tourisme-14-18x10.jpg 18w, https:\/\/www.creilsudoise-tourisme.fr\/wp-content\/uploads\/2024\/08\/Arbre-a-poule_Villers-Saint-Paul_Creil-Sud-Oise-Tourisme-14-200x113.jpg 200w, https:\/\/www.creilsudoise-tourisme.fr\/wp-content\/uploads\/2024\/08\/Arbre-a-poule_Villers-Saint-Paul_Creil-Sud-Oise-Tourisme-14-650x366.jpg 650w, https:\/\/www.creilsudoise-tourisme.fr\/wp-content\/uploads\/2024\/08\/Arbre-a-poule_Villers-Saint-Paul_Creil-Sud-Oise-Tourisme-14-387x218.jpg 387w, https:\/\/www.creilsudoise-tourisme.fr\/wp-content\/uploads\/2024\/08\/Arbre-a-poule_Villers-Saint-Paul_Creil-Sud-Oise-Tourisme-14.jpg 1480w\" sizes=\"(max-width: 1200px) 100vw, 1200px\" \/><figcaption class=\"wp-element-caption\">Creil Sud Oise Toerisme<\/figcaption><\/figure>\n<\/figure>\n\n\n\n<p>In de lente levert de microboerderij erwten en wortelen; in de zomer tomaten, courgettes en komkommers; in de herfst pompoenen, zwarte radijs en sla; en in de winter wortelgroenten zoals pompoen en kool. \"\u00a0<em>We kunnen rekenen op <strong>een zestigtal gezinnen die elke week inkopen komen doen<\/strong>en een honderdtal vaste klanten<\/em>s\", zegt Magali. \"\u00a0<em>Alles is in orde en wordt regelmatig gecontroleerd. <strong>Voor ons is kwaliteit belangrijker dan kwantiteit.<\/strong> Ik werk op een just-in-time basis: soms zat de sla die we kopen een kwartier eerder nog in de grond.\u00a0<\/em>\"zegt Patrick. Wat betreft het pluimvee: kippen, parelhoenders, kapoenen, kalkoenen en ganzen worden gefokt op gras.<\/p>\n\n\n\n<figure class=\"is-layout-flex wp-block-gallery-8 wp-block-gallery has-nested-images columns-default is-cropped\">\n<figure class=\"wp-block-image size-large\"><img decoding=\"async\" loading=\"lazy\" width=\"1200\" height=\"675\" data-id=\"56221\"  data-src=\"https:\/\/www.creilsudoise-tourisme.fr\/wp-content\/uploads\/2024\/08\/Arbre-a-poule_Villers-Saint-Paul_Creil-Sud-Oise-Tourisme-1-1200x675.jpg\" alt=\"educatieve boerderij Villers-Saint-Paul Oise kippenboerderij winkel lokale consumptie\" class=\"wp-image-56221\" data-srcset=\"https:\/\/www.creilsudoise-tourisme.fr\/wp-content\/uploads\/2024\/08\/Arbre-a-poule_Villers-Saint-Paul_Creil-Sud-Oise-Tourisme-1-1200x675.jpg 1200w, https:\/\/www.creilsudoise-tourisme.fr\/wp-content\/uploads\/2024\/08\/Arbre-a-poule_Villers-Saint-Paul_Creil-Sud-Oise-Tourisme-1-600x338.jpg 600w, https:\/\/www.creilsudoise-tourisme.fr\/wp-content\/uploads\/2024\/08\/Arbre-a-poule_Villers-Saint-Paul_Creil-Sud-Oise-Tourisme-1-900x507.jpg 900w, https:\/\/www.creilsudoise-tourisme.fr\/wp-content\/uploads\/2024\/08\/Arbre-a-poule_Villers-Saint-Paul_Creil-Sud-Oise-Tourisme-1-18x10.jpg 18w, https:\/\/www.creilsudoise-tourisme.fr\/wp-content\/uploads\/2024\/08\/Arbre-a-poule_Villers-Saint-Paul_Creil-Sud-Oise-Tourisme-1-200x113.jpg 200w, https:\/\/www.creilsudoise-tourisme.fr\/wp-content\/uploads\/2024\/08\/Arbre-a-poule_Villers-Saint-Paul_Creil-Sud-Oise-Tourisme-1-650x366.jpg 650w, https:\/\/www.creilsudoise-tourisme.fr\/wp-content\/uploads\/2024\/08\/Arbre-a-poule_Villers-Saint-Paul_Creil-Sud-Oise-Tourisme-1-387x218.jpg 387w, https:\/\/www.creilsudoise-tourisme.fr\/wp-content\/uploads\/2024\/08\/Arbre-a-poule_Villers-Saint-Paul_Creil-Sud-Oise-Tourisme-1.jpg 1480w\" sizes=\"(max-width: 1200px) 100vw, 1200px\" \/><figcaption class=\"wp-element-caption\">Creil Sud Oise Toerisme<\/figcaption><\/figure>\n\n\n\n<figure class=\"wp-block-image size-large\"><img decoding=\"async\" loading=\"lazy\" width=\"1200\" height=\"800\" data-id=\"56228\"  data-src=\"https:\/\/www.creilsudoise-tourisme.fr\/wp-content\/uploads\/2024\/08\/Arbre-a-poule-Boutique_Villers-Saint-Paul_Creil-Sud-Oise-Tourisme-55-1200x800.jpg\" alt=\"educatieve boerderij Villers-Saint-Paul Oise kippenboerderij winkel lokale consumptie\" class=\"wp-image-56228\" data-srcset=\"https:\/\/www.creilsudoise-tourisme.fr\/wp-content\/uploads\/2024\/08\/Arbre-a-poule-Boutique_Villers-Saint-Paul_Creil-Sud-Oise-Tourisme-55-1200x800.jpg 1200w, https:\/\/www.creilsudoise-tourisme.fr\/wp-content\/uploads\/2024\/08\/Arbre-a-poule-Boutique_Villers-Saint-Paul_Creil-Sud-Oise-Tourisme-55-600x400.jpg 600w, https:\/\/www.creilsudoise-tourisme.fr\/wp-content\/uploads\/2024\/08\/Arbre-a-poule-Boutique_Villers-Saint-Paul_Creil-Sud-Oise-Tourisme-55-900x600.jpg 900w, https:\/\/www.creilsudoise-tourisme.fr\/wp-content\/uploads\/2024\/08\/Arbre-a-poule-Boutique_Villers-Saint-Paul_Creil-Sud-Oise-Tourisme-55-18x12.jpg 18w, https:\/\/www.creilsudoise-tourisme.fr\/wp-content\/uploads\/2024\/08\/Arbre-a-poule-Boutique_Villers-Saint-Paul_Creil-Sud-Oise-Tourisme-55-200x133.jpg 200w, https:\/\/www.creilsudoise-tourisme.fr\/wp-content\/uploads\/2024\/08\/Arbre-a-poule-Boutique_Villers-Saint-Paul_Creil-Sud-Oise-Tourisme-55-650x433.jpg 650w, https:\/\/www.creilsudoise-tourisme.fr\/wp-content\/uploads\/2024\/08\/Arbre-a-poule-Boutique_Villers-Saint-Paul_Creil-Sud-Oise-Tourisme-55-387x258.jpg 387w, https:\/\/www.creilsudoise-tourisme.fr\/wp-content\/uploads\/2024\/08\/Arbre-a-poule-Boutique_Villers-Saint-Paul_Creil-Sud-Oise-Tourisme-55.jpg 1480w\" sizes=\"(max-width: 1200px) 100vw, 1200px\" \/><figcaption class=\"wp-element-caption\">Creil Sud Oise Toerisme<\/figcaption><\/figure>\n\n\n\n<figure class=\"wp-block-image size-large\"><img decoding=\"async\" loading=\"lazy\" width=\"1200\" height=\"800\" data-id=\"56227\"  data-src=\"https:\/\/www.creilsudoise-tourisme.fr\/wp-content\/uploads\/2024\/08\/Arbre-a-poule-Boutique_Villers-Saint-Paul_Creil-Sud-Oise-Tourisme-54-1200x800.jpg\" alt=\"educatieve boerderij Villers-Saint-Paul Oise kippenboerderij winkel lokale consumptie\" class=\"wp-image-56227\" data-srcset=\"https:\/\/www.creilsudoise-tourisme.fr\/wp-content\/uploads\/2024\/08\/Arbre-a-poule-Boutique_Villers-Saint-Paul_Creil-Sud-Oise-Tourisme-54-1200x800.jpg 1200w, https:\/\/www.creilsudoise-tourisme.fr\/wp-content\/uploads\/2024\/08\/Arbre-a-poule-Boutique_Villers-Saint-Paul_Creil-Sud-Oise-Tourisme-54-600x400.jpg 600w, https:\/\/www.creilsudoise-tourisme.fr\/wp-content\/uploads\/2024\/08\/Arbre-a-poule-Boutique_Villers-Saint-Paul_Creil-Sud-Oise-Tourisme-54-900x600.jpg 900w, https:\/\/www.creilsudoise-tourisme.fr\/wp-content\/uploads\/2024\/08\/Arbre-a-poule-Boutique_Villers-Saint-Paul_Creil-Sud-Oise-Tourisme-54-18x12.jpg 18w, https:\/\/www.creilsudoise-tourisme.fr\/wp-content\/uploads\/2024\/08\/Arbre-a-poule-Boutique_Villers-Saint-Paul_Creil-Sud-Oise-Tourisme-54-200x133.jpg 200w, https:\/\/www.creilsudoise-tourisme.fr\/wp-content\/uploads\/2024\/08\/Arbre-a-poule-Boutique_Villers-Saint-Paul_Creil-Sud-Oise-Tourisme-54-650x433.jpg 650w, https:\/\/www.creilsudoise-tourisme.fr\/wp-content\/uploads\/2024\/08\/Arbre-a-poule-Boutique_Villers-Saint-Paul_Creil-Sud-Oise-Tourisme-54-387x258.jpg 387w, https:\/\/www.creilsudoise-tourisme.fr\/wp-content\/uploads\/2024\/08\/Arbre-a-poule-Boutique_Villers-Saint-Paul_Creil-Sud-Oise-Tourisme-54.jpg 1480w\" sizes=\"(max-width: 1200px) 100vw, 1200px\" \/><figcaption class=\"wp-element-caption\">Creil Sud Oise Toerisme<\/figcaption><\/figure>\n\n\n\n<figure class=\"wp-block-image size-large\"><img decoding=\"async\" loading=\"lazy\" width=\"1200\" height=\"800\" data-id=\"56226\"  data-src=\"https:\/\/www.creilsudoise-tourisme.fr\/wp-content\/uploads\/2024\/08\/Arbre-a-poule-Boutique_Villers-Saint-Paul_Creil-Sud-Oise-Tourisme-53-1200x800.jpg\" alt=\"educatieve boerderij Villers-Saint-Paul Oise kippenboerderij winkel lokale consumptie\" class=\"wp-image-56226\" data-srcset=\"https:\/\/www.creilsudoise-tourisme.fr\/wp-content\/uploads\/2024\/08\/Arbre-a-poule-Boutique_Villers-Saint-Paul_Creil-Sud-Oise-Tourisme-53-1200x800.jpg 1200w, https:\/\/www.creilsudoise-tourisme.fr\/wp-content\/uploads\/2024\/08\/Arbre-a-poule-Boutique_Villers-Saint-Paul_Creil-Sud-Oise-Tourisme-53-600x400.jpg 600w, https:\/\/www.creilsudoise-tourisme.fr\/wp-content\/uploads\/2024\/08\/Arbre-a-poule-Boutique_Villers-Saint-Paul_Creil-Sud-Oise-Tourisme-53-900x600.jpg 900w, https:\/\/www.creilsudoise-tourisme.fr\/wp-content\/uploads\/2024\/08\/Arbre-a-poule-Boutique_Villers-Saint-Paul_Creil-Sud-Oise-Tourisme-53-18x12.jpg 18w, https:\/\/www.creilsudoise-tourisme.fr\/wp-content\/uploads\/2024\/08\/Arbre-a-poule-Boutique_Villers-Saint-Paul_Creil-Sud-Oise-Tourisme-53-200x133.jpg 200w, https:\/\/www.creilsudoise-tourisme.fr\/wp-content\/uploads\/2024\/08\/Arbre-a-poule-Boutique_Villers-Saint-Paul_Creil-Sud-Oise-Tourisme-53-650x433.jpg 650w, https:\/\/www.creilsudoise-tourisme.fr\/wp-content\/uploads\/2024\/08\/Arbre-a-poule-Boutique_Villers-Saint-Paul_Creil-Sud-Oise-Tourisme-53-387x258.jpg 387w, https:\/\/www.creilsudoise-tourisme.fr\/wp-content\/uploads\/2024\/08\/Arbre-a-poule-Boutique_Villers-Saint-Paul_Creil-Sud-Oise-Tourisme-53.jpg 1480w\" sizes=\"(max-width: 1200px) 100vw, 1200px\" \/><figcaption class=\"wp-element-caption\">Creil Sud Oise Toerisme<\/figcaption><\/figure>\n<\/figure>\n\n\n\n<p>Maar nu de Covid-jaren mensen aanmoedigen om minder te reizen, wil het publiek er meer op dezelfde locatie. \"&nbsp;<em>In 2022 hebben we ons omgevormd tot een naamloze vennootschap om <strong>verkoop af boerderij zonder tussenpersonen, met een netwerk van ongeveer vijftien lokale producenten<\/strong>&nbsp;<\/em>\"zegt Patrick. Naast fruit, groenten, gevogelte, appelsap, siropen, jam, aromatische kruiden, honing en verse of gedroogde kruidenthee van l'Arbre \u00e0 poule, zijn er eieren, zuivelproducten, biologisch brood, rund- en varkensvlees.<\/p>\n\n\n\n<h3>Welkom op het boerderijlabel<\/h3>\n\n\n\n<p>Met het label Bienvenue \u00e0 la ferme zijn huurders als Vidocq en Cannelle de ezels, \u00c9glantine de koe, Orange en Cl\u00e9mentine de varkens, Cr\u00e8me en Coquine de geiten en Robin en Maurice de bokken een lust voor het oog. <strong>bezoekers die ge\u00efnteresseerd zijn in de educatieve boerderij<\/strong>Hieronder vallen particulieren, scholieren, middelbare scholieren, verenigingen en sportclubs. \"\u00a0<em><strong>We verzorgen de dieren tot het einde, het is hier echt een thuis voor dieren.<\/strong>,<\/em> lacht Magali. <em>Een van onze oude bokken krijgt zelfs een laserbehandeling om zijn gewrichten te ontlasten. En om de mensen om ons heen niet te storen, brengen we de dieren elke avond naar binnen en zijn de kippenhokken geluiddicht.<\/em> \"<\/p>\n\n\n\n<figure class=\"is-layout-flex wp-block-gallery-10 wp-block-gallery has-nested-images columns-default is-cropped\">\n<figure class=\"wp-block-image size-large\"><img decoding=\"async\" loading=\"lazy\" width=\"1200\" height=\"800\" data-id=\"33009\"  data-src=\"https:\/\/www.creilsudoise-tourisme.fr\/wp-content\/uploads\/2021\/03\/Vache-a\u0300-la-Ferme-de-L_Arbre-a\u0300-poule-1200x800.jpg\" alt=\"koe educatieve boerderij Villers-Saint-Paul Oise kippenboom\" class=\"wp-image-33009\" data-srcset=\"https:\/\/www.creilsudoise-tourisme.fr\/wp-content\/uploads\/2021\/03\/Vache-a\u0300-la-Ferme-de-L_Arbre-a\u0300-poule-1200x800.jpg 1200w, https:\/\/www.creilsudoise-tourisme.fr\/wp-content\/uploads\/2021\/03\/Vache-a\u0300-la-Ferme-de-L_Arbre-a\u0300-poule-600x400.jpg 600w, https:\/\/www.creilsudoise-tourisme.fr\/wp-content\/uploads\/2021\/03\/Vache-a\u0300-la-Ferme-de-L_Arbre-a\u0300-poule-900x600.jpg 900w, https:\/\/www.creilsudoise-tourisme.fr\/wp-content\/uploads\/2021\/03\/Vache-a\u0300-la-Ferme-de-L_Arbre-a\u0300-poule-1536x1024.jpg 1536w, https:\/\/www.creilsudoise-tourisme.fr\/wp-content\/uploads\/2021\/03\/Vache-a\u0300-la-Ferme-de-L_Arbre-a\u0300-poule-200x133.jpg 200w, https:\/\/www.creilsudoise-tourisme.fr\/wp-content\/uploads\/2021\/03\/Vache-a\u0300-la-Ferme-de-L_Arbre-a\u0300-poule-650x433.jpg 650w, https:\/\/www.creilsudoise-tourisme.fr\/wp-content\/uploads\/2021\/03\/Vache-a\u0300-la-Ferme-de-L_Arbre-a\u0300-poule-387x258.jpg 387w, https:\/\/www.creilsudoise-tourisme.fr\/wp-content\/uploads\/2021\/03\/Vache-a\u0300-la-Ferme-de-L_Arbre-a\u0300-poule.jpg 1600w\" sizes=\"(max-width: 1200px) 100vw, 1200px\" \/><figcaption class=\"wp-element-caption\">Creil Sud Oise Toerisme<\/figcaption><\/figure>\n\n\n\n<figure class=\"wp-block-image size-large\"><img decoding=\"async\" loading=\"lazy\" width=\"1200\" height=\"800\" data-id=\"33008\"  data-src=\"https:\/\/www.creilsudoise-tourisme.fr\/wp-content\/uploads\/2021\/03\/Cochon-a\u0300-la-Ferme-de-l_Arbre-a\u0300-poule-1200x800.jpg\" alt=\"varken educatieve boerderij Villers-Saint-Paul Oise Kip boom\" class=\"wp-image-33008\" data-srcset=\"https:\/\/www.creilsudoise-tourisme.fr\/wp-content\/uploads\/2021\/03\/Cochon-a\u0300-la-Ferme-de-l_Arbre-a\u0300-poule-1200x800.jpg 1200w, https:\/\/www.creilsudoise-tourisme.fr\/wp-content\/uploads\/2021\/03\/Cochon-a\u0300-la-Ferme-de-l_Arbre-a\u0300-poule-600x400.jpg 600w, https:\/\/www.creilsudoise-tourisme.fr\/wp-content\/uploads\/2021\/03\/Cochon-a\u0300-la-Ferme-de-l_Arbre-a\u0300-poule-900x600.jpg 900w, https:\/\/www.creilsudoise-tourisme.fr\/wp-content\/uploads\/2021\/03\/Cochon-a\u0300-la-Ferme-de-l_Arbre-a\u0300-poule-1536x1024.jpg 1536w, https:\/\/www.creilsudoise-tourisme.fr\/wp-content\/uploads\/2021\/03\/Cochon-a\u0300-la-Ferme-de-l_Arbre-a\u0300-poule-200x133.jpg 200w, https:\/\/www.creilsudoise-tourisme.fr\/wp-content\/uploads\/2021\/03\/Cochon-a\u0300-la-Ferme-de-l_Arbre-a\u0300-poule-650x433.jpg 650w, https:\/\/www.creilsudoise-tourisme.fr\/wp-content\/uploads\/2021\/03\/Cochon-a\u0300-la-Ferme-de-l_Arbre-a\u0300-poule-387x258.jpg 387w, https:\/\/www.creilsudoise-tourisme.fr\/wp-content\/uploads\/2021\/03\/Cochon-a\u0300-la-Ferme-de-l_Arbre-a\u0300-poule.jpg 1800w\" sizes=\"(max-width: 1200px) 100vw, 1200px\" \/><figcaption class=\"wp-element-caption\">Creil Sud Oise Toerisme<\/figcaption><\/figure>\n\n\n\n<figure class=\"wp-block-image size-large\"><img decoding=\"async\" loading=\"lazy\" width=\"1200\" height=\"1035\" data-id=\"33007\"  data-src=\"https:\/\/www.creilsudoise-tourisme.fr\/wp-content\/uploads\/2021\/03\/Bouc-a\u0300-la-Ferme-de-L_Arbre-a\u0300-poule-1200x1035.jpg\" alt=\"schapen educatieve boerderij Villers-Saint-Paul Oise kippenboom\" class=\"wp-image-33007\" data-srcset=\"https:\/\/www.creilsudoise-tourisme.fr\/wp-content\/uploads\/2021\/03\/Bouc-a\u0300-la-Ferme-de-L_Arbre-a\u0300-poule-1200x1035.jpg 1200w, https:\/\/www.creilsudoise-tourisme.fr\/wp-content\/uploads\/2021\/03\/Bouc-a\u0300-la-Ferme-de-L_Arbre-a\u0300-poule-600x518.jpg 600w, https:\/\/www.creilsudoise-tourisme.fr\/wp-content\/uploads\/2021\/03\/Bouc-a\u0300-la-Ferme-de-L_Arbre-a\u0300-poule-900x776.jpg 900w, https:\/\/www.creilsudoise-tourisme.fr\/wp-content\/uploads\/2021\/03\/Bouc-a\u0300-la-Ferme-de-L_Arbre-a\u0300-poule-1536x1325.jpg 1536w, https:\/\/www.creilsudoise-tourisme.fr\/wp-content\/uploads\/2021\/03\/Bouc-a\u0300-la-Ferme-de-L_Arbre-a\u0300-poule-200x173.jpg 200w, https:\/\/www.creilsudoise-tourisme.fr\/wp-content\/uploads\/2021\/03\/Bouc-a\u0300-la-Ferme-de-L_Arbre-a\u0300-poule-650x561.jpg 650w, https:\/\/www.creilsudoise-tourisme.fr\/wp-content\/uploads\/2021\/03\/Bouc-a\u0300-la-Ferme-de-L_Arbre-a\u0300-poule-387x334.jpg 387w, https:\/\/www.creilsudoise-tourisme.fr\/wp-content\/uploads\/2021\/03\/Bouc-a\u0300-la-Ferme-de-L_Arbre-a\u0300-poule.jpg 1600w\" sizes=\"(max-width: 1200px) 100vw, 1200px\" \/><figcaption class=\"wp-element-caption\">Creil Sud Oise Toerisme<\/figcaption><\/figure>\n\n\n\n<figure class=\"wp-block-image size-large\"><img decoding=\"async\" loading=\"lazy\" width=\"1200\" height=\"675\" data-id=\"33012\"  data-src=\"https:\/\/www.creilsudoise-tourisme.fr\/wp-content\/uploads\/2021\/03\/Moutons-a\u0300-la-Ferme-de-l_Arbre-a\u0300-poule-1200x675.jpg\" alt=\"schapen educatieve boerderij Villers-Saint-Paul Oise kippenboom\" class=\"wp-image-33012\" data-srcset=\"https:\/\/www.creilsudoise-tourisme.fr\/wp-content\/uploads\/2021\/03\/Moutons-a\u0300-la-Ferme-de-l_Arbre-a\u0300-poule-1200x675.jpg 1200w, https:\/\/www.creilsudoise-tourisme.fr\/wp-content\/uploads\/2021\/03\/Moutons-a\u0300-la-Ferme-de-l_Arbre-a\u0300-poule-600x338.jpg 600w, https:\/\/www.creilsudoise-tourisme.fr\/wp-content\/uploads\/2021\/03\/Moutons-a\u0300-la-Ferme-de-l_Arbre-a\u0300-poule-900x506.jpg 900w, https:\/\/www.creilsudoise-tourisme.fr\/wp-content\/uploads\/2021\/03\/Moutons-a\u0300-la-Ferme-de-l_Arbre-a\u0300-poule-1536x864.jpg 1536w, https:\/\/www.creilsudoise-tourisme.fr\/wp-content\/uploads\/2021\/03\/Moutons-a\u0300-la-Ferme-de-l_Arbre-a\u0300-poule-2048x1152.jpg 2048w, https:\/\/www.creilsudoise-tourisme.fr\/wp-content\/uploads\/2021\/03\/Moutons-a\u0300-la-Ferme-de-l_Arbre-a\u0300-poule-200x113.jpg 200w, https:\/\/www.creilsudoise-tourisme.fr\/wp-content\/uploads\/2021\/03\/Moutons-a\u0300-la-Ferme-de-l_Arbre-a\u0300-poule-1600x900.jpg 1600w, https:\/\/www.creilsudoise-tourisme.fr\/wp-content\/uploads\/2021\/03\/Moutons-a\u0300-la-Ferme-de-l_Arbre-a\u0300-poule-650x366.jpg 650w, https:\/\/www.creilsudoise-tourisme.fr\/wp-content\/uploads\/2021\/03\/Moutons-a\u0300-la-Ferme-de-l_Arbre-a\u0300-poule-387x218.jpg 387w\" sizes=\"(max-width: 1200px) 100vw, 1200px\" \/><figcaption class=\"wp-element-caption\">Creil Sud Oise Toerisme<\/figcaption><\/figure>\n<\/figure>\n\n\n\n<p>Degenen die nog een stapje verder willen gaan en hun eigen tuin willen aanleggen met permacultuurmethoden of van dierenvacht zijdeachtig garen willen maken, kunnen profiteren van het deskundige advies van het echtpaar over cursussen. \"&nbsp;<em>We zijn stevig geworteld in de regio,<\/em> bevestigt Magali. <em>We doneren onze mest aan de volkstuinen van Villers-Saint-Paul en kunnen een vergaderruimte bieden voor ongeveer dertig mensen.&nbsp;<\/em>\"<\/p>\n\n\n\n<h3>Een g\u00eete op de boerderij, en binnenkort een tweede<\/h3>\n\n\n\n<p>Na de <strong>Label G\u00eete de France voor \"l'Antre deux terres<\/strong> verkregen in 2018, waardoor voormalige Villersois kunnen komen en familie of toeristen te bezoeken om dicht bij Parijs, zijn het echtpaar van plan een tweede g\u00eete voor volgend jaar. \"&nbsp;<em>En we hebben <strong>plannen voor een klein museum over het landbouwleven in Villers-Saint-Paul <\/strong>met documenten en hulpmiddelen over de geschiedenis van de gemeente<\/em>&nbsp;\"zegt Patrick.<\/p>\n\n\n\n<figure class=\"is-layout-flex wp-block-gallery-12 wp-block-gallery has-nested-images columns-default is-cropped\">\n<figure class=\"wp-block-image size-large\"><img decoding=\"async\" loading=\"lazy\" width=\"1200\" height=\"900\" data-id=\"56266\"  data-src=\"https:\/\/www.creilsudoise-tourisme.fr\/wp-content\/uploads\/2024\/08\/2023-07-13-Villers-St-Paul-Arbre-a-poule-Magali-Patrick-Mancheron-IMG_5944-1200x900.jpg\" alt=\"g\u00eete entre deux terres ferme arbre \u00e0 poule oise\" class=\"wp-image-56266\" data-srcset=\"https:\/\/www.creilsudoise-tourisme.fr\/wp-content\/uploads\/2024\/08\/2023-07-13-Villers-St-Paul-Arbre-a-poule-Magali-Patrick-Mancheron-IMG_5944-1200x900.jpg 1200w, https:\/\/www.creilsudoise-tourisme.fr\/wp-content\/uploads\/2024\/08\/2023-07-13-Villers-St-Paul-Arbre-a-poule-Magali-Patrick-Mancheron-IMG_5944-600x450.jpg 600w, https:\/\/www.creilsudoise-tourisme.fr\/wp-content\/uploads\/2024\/08\/2023-07-13-Villers-St-Paul-Arbre-a-poule-Magali-Patrick-Mancheron-IMG_5944-900x675.jpg 900w, https:\/\/www.creilsudoise-tourisme.fr\/wp-content\/uploads\/2024\/08\/2023-07-13-Villers-St-Paul-Arbre-a-poule-Magali-Patrick-Mancheron-IMG_5944-16x12.jpg 16w, https:\/\/www.creilsudoise-tourisme.fr\/wp-content\/uploads\/2024\/08\/2023-07-13-Villers-St-Paul-Arbre-a-poule-Magali-Patrick-Mancheron-IMG_5944-200x150.jpg 200w, https:\/\/www.creilsudoise-tourisme.fr\/wp-content\/uploads\/2024\/08\/2023-07-13-Villers-St-Paul-Arbre-a-poule-Magali-Patrick-Mancheron-IMG_5944-650x488.jpg 650w, https:\/\/www.creilsudoise-tourisme.fr\/wp-content\/uploads\/2024\/08\/2023-07-13-Villers-St-Paul-Arbre-a-poule-Magali-Patrick-Mancheron-IMG_5944-387x290.jpg 387w, https:\/\/www.creilsudoise-tourisme.fr\/wp-content\/uploads\/2024\/08\/2023-07-13-Villers-St-Paul-Arbre-a-poule-Magali-Patrick-Mancheron-IMG_5944.jpg 1480w\" sizes=\"(max-width: 1200px) 100vw, 1200px\" \/><figcaption class=\"wp-element-caption\">Fred Noury<\/figcaption><\/figure>\n\n\n\n<figure class=\"wp-block-image size-large\"><img decoding=\"async\" loading=\"lazy\" width=\"1200\" height=\"900\" data-id=\"34412\"  data-src=\"https:\/\/www.creilsudoise-tourisme.fr\/wp-content\/uploads\/2021\/05\/Gite-lArbre-a-poule-Creil-Sud-Oise-Tourisme.jpg\" alt=\"G\u00eete de l&#039;Arbre \u00e0 poule in Villers-Saint-Paul\" class=\"wp-image-34412\" data-srcset=\"https:\/\/www.creilsudoise-tourisme.fr\/wp-content\/uploads\/2021\/05\/Gite-lArbre-a-poule-Creil-Sud-Oise-Tourisme.jpg 1200w, https:\/\/www.creilsudoise-tourisme.fr\/wp-content\/uploads\/2021\/05\/Gite-lArbre-a-poule-Creil-Sud-Oise-Tourisme-600x450.jpg 600w, https:\/\/www.creilsudoise-tourisme.fr\/wp-content\/uploads\/2021\/05\/Gite-lArbre-a-poule-Creil-Sud-Oise-Tourisme-900x675.jpg 900w, https:\/\/www.creilsudoise-tourisme.fr\/wp-content\/uploads\/2021\/05\/Gite-lArbre-a-poule-Creil-Sud-Oise-Tourisme-200x150.jpg 200w, https:\/\/www.creilsudoise-tourisme.fr\/wp-content\/uploads\/2021\/05\/Gite-lArbre-a-poule-Creil-Sud-Oise-Tourisme-650x488.jpg 650w, https:\/\/www.creilsudoise-tourisme.fr\/wp-content\/uploads\/2021\/05\/Gite-lArbre-a-poule-Creil-Sud-Oise-Tourisme-387x290.jpg 387w\" sizes=\"(max-width: 1200px) 100vw, 1200px\" \/><\/figure>\n<\/figure>\n\n\n\n<div class=\"is-layout-flex wp-container-17 wp-block-columns\">\n<div class=\"is-layout-flow wp-block-column\" style=\"flex-basis:25%\">\n<figure class=\"wp-block-image size-full\"><img decoding=\"async\" loading=\"lazy\" width=\"268\" height=\"250\" data-src=\"https:\/\/www.creilsudoise-tourisme.fr\/wp-content\/uploads\/2024\/08\/cropped-fredcom.png\" alt=\"\" class=\"wp-image-56310\" data-srcset=\"https:\/\/www.creilsudoise-tourisme.fr\/wp-content\/uploads\/2024\/08\/cropped-fredcom.png 268w, https:\/\/www.creilsudoise-tourisme.fr\/wp-content\/uploads\/2024\/08\/cropped-fredcom-13x12.png 13w, https:\/\/www.creilsudoise-tourisme.fr\/wp-content\/uploads\/2024\/08\/cropped-fredcom-200x187.png 200w\" sizes=\"(max-width: 268px) 100vw, 268px\" \/><\/figure>\n<\/div>\n\n\n\n<div class=\"is-layout-flow wp-block-column is-vertically-aligned-center\" style=\"flex-basis:50%\">\n<p><strong><strong>Fr\u00e9d\u00e9ric Noury<\/strong><\/strong> &#8211; <a href=\"https:\/\/fredcom.info\/\" target=\"_blank\" rel=\"noreferrer noopener\">FredCom<\/a><\/p>\n<\/div>\n\n\n\n<div class=\"is-layout-flow wp-block-column\" style=\"flex-basis:25%\"><\/div>\n<\/div>\n\n\n\n<hr class=\"wp-block-separator has-alpha-channel-opacity\"\/>\n\n\n\n<h2>Ontmoet Patrick en Magali op video<\/h2>\n\n\n\n<figure class=\"wp-block-embed is-type-video is-provider-youtube wp-block-embed-youtube wp-embed-aspect-16-9 wp-has-aspect-ratio\"><div class=\"wp-block-embed__wrapper\">\n<iframe loading=\"lazy\" title=\"[MEET] met Patrick &amp; Magali van l&#039;Arbre \u00e0 poule in Villers-Saint-Paul | Creil Sud Oise Toerisme\" width=\"500\" height=\"281\" data-src=\"https:\/\/www.youtube.com\/embed\/q-Jrxbr_oGE?list=PLyTXFZvx5-KNbtgLVlgXrRkIYsV-wBfYH\" frameborder=\"0\" allow=\"accelerometer; autoplay; clipboard-write; encrypted-media; gyroscope; picture-in-picture; web-share\" referrerpolicy=\"strict-origin-when-cross-origin\" allowfullscreen><\/iframe>\n<\/div><\/figure>\n\n\n\n\n\n<hr class=\"wp-block-separator has-alpha-channel-opacity\"\/>\n\n\n\n<h2>G\u00eete L'Antre deux terres<\/h2>\n\n\n\n<figure class=\"wp-block-embed is-type-video is-provider-youtube wp-block-embed-youtube wp-embed-aspect-16-9 wp-has-aspect-ratio\"><div class=\"wp-block-embed__wrapper\">\n<iframe loading=\"lazy\" title=\"L&#039;antre Deux Terres: een g\u00eete op een boerderij in de Oise!\" width=\"500\" height=\"281\" data-src=\"https:\/\/www.youtube.com\/embed\/lYFYGSrIvQI?feature=oembed\" frameborder=\"0\" allow=\"accelerometer; autoplay; clipboard-write; encrypted-media; gyroscope; picture-in-picture; web-share\" referrerpolicy=\"strict-origin-when-cross-origin\" allowfullscreen><\/iframe>\n<\/div><\/figure>\n\n\n\n<div class=\"wp-block wp-block-single-sit wp-block-single-sit-coordonnees\" >\n\n            <h2>Toegang<\/h2>\n    \n    <div class=\"wp-block-media-text is-stacked-on-mobile\">\n\n        <div class=\"wp-block-media-text__media wpet-map-detail\" style=\"width:100%; height: 100%;\">\n            <div class=\"wp-block-media-text__media__content\" id=\"wpetSingleSitMap\" data-wpet-type-map=\"leaflet\" ><\/div>\n        <\/div>\n\n        <div class=\"wp-block-media-text__content\">\n\n                            <p class=\"wp-block-coordonnees__status wp-block-coordonnees__status--close\">\n                    Gesloten                <\/p>\n            \n            <p class=\"wp-block-media-text__content__address\">\n                                    <strong>De twee landengrotten<\/strong><br \/>\n                \n                                    24 rue Aristide Briand<br \/>\n                \n                                    <span>60870<\/span>\n                    <span>VILLERS-SAINT-PAUL<\/span><br \/>\n                            <\/p>\n\n                                                <p class=\"wp-block-media-text__content__phone\"><a data-type=\"\u201dTEL\u201d\" href=\"tel:33 (0)972579327\">33 (0)972579327<\/a><\/p>\n                            \n            <a href=\"https:\/\/www.google.fr\/maps?saddr&#038;daddr=49.2870981,2.483881\" target=\"_blank\" class=\"button GtmButtonCalculItinerairePrestataire\" rel=\"noopener noreferrer\">Mijn route berekenen<\/a>\n        <\/div>\n    <\/div>\n<\/div>\n\n\n    <div class=\"wp-block wp-block-single-sit wp-block-single-sit-ouvertures\" id=\"opening\">\n\n                    <h2>Opening<\/h2>\n        \n        \t<p>Alle openingstijden zijn verstreken. Neem rechtstreeks contact op met de eigenaar voor meer informatie.<\/p>\n\n    <\/div>\n\n\n\n    <div class=\"wp-block wp-block-single-sit wp-block-single-sit-tarifs\">\n\n                    <h2>Tarieven<\/h2>\n        \n        \n    <table class=\"wpetTable\">\n                    <tr class=\"wpetTableLine\">\n                <td class=\"wpetTableCell\">\n                    Wekelijkse huur                                    <\/td>\n                <td class=\"wpetTableCell\">375 \u20ac<\/td>\n            <\/tr>\n                    <tr class=\"wpetTableLine\">\n                <td class=\"wpetTableCell\">\n                    Wekelijkse huur                                    <\/td>\n                <td class=\"wpetTableCell\">375 \u20ac<\/td>\n            <\/tr>\n                    <tr class=\"wpetTableLine\">\n                <td class=\"wpetTableCell\">\n                    Weekend verhuur                                    <\/td>\n                <td class=\"wpetTableCell\">262 \u20ac<\/td>\n            <\/tr>\n                    <tr class=\"wpetTableLine\">\n                <td class=\"wpetTableCell\">\n                    Weekend verhuur                                    <\/td>\n                <td class=\"wpetTableCell\">262 \u20ac<\/td>\n            <\/tr>\n                    <tr class=\"wpetTableLine\">\n                <td class=\"wpetTableCell\">\n                    Weekend verhuur                                    <\/td>\n                <td class=\"wpetTableCell\">262 \u20ac<\/td>\n            <\/tr>\n            <\/table>\n\n\n    \n    \n    \n    \n    \n    <\/div>\n\n\n\n\n<hr class=\"wp-block-separator has-alpha-channel-opacity\"\/>\n\n\n<div class=\"wp-block wp-block-highlight\">\n            <h3 class=\"wp-block-highlight-item wp-block-highlight-title\">Meer weten?<\/h3>\n                <p class=\"wp-block-highlight-item wp-block-highlight-excerpt\">Dit prachtige verslag is geschreven ter gelegenheid van de release van de gloednieuwe<strong> Het eerste bestemmingsmagazine van Creil Sud Oise Tourisme<\/strong>.<br>Binnen, n<strong>talloze andere artikelen<\/strong> zal je meenemen om <strong>lokale cijfers<\/strong> en bieden <strong>idee\u00ebn voor uitjes!<\/strong><br><strong>Bestellen bij<\/strong> om het op papier te ontvangen!<br><strong><a href=\"https:\/\/www.creilsudoise-tourisme.fr\/nl\/praktijk\/brochures\/\" target=\"_blank\" rel=\"noreferrer noopener\">Klik hier om te bestellen<\/a><\/strong><\/p>\n    <\/div>","protected":false},"excerpt":{"rendered":"<p>Boerderijdieren met vrije uitloop, groenten en fruit die in harmonie met de seizoenen worden geteeld, pluimvee dat in de open lucht wordt gekweekt, een hele reeks opleidingen om voorouderlijke kennis door te geven: de 11e generatie van een familie die al 400 jaar in Villers-Saint-Paul gevestigd is, Patrick Mancheron en zijn vrouw Magali runnen de Arbre [...].<\/p>","protected":false},"author":3,"featured_media":56262,"comment_status":"closed","ping_status":"closed","sticky":false,"template":"","format":"standard","meta":{"_relevanssi_hide_post":"","_relevanssi_hide_content":"","_relevanssi_pin_for_all":"","_relevanssi_pin_keywords":"","_relevanssi_unpin_keywords":"","_relevanssi_related_keywords":"","_relevanssi_related_include_ids":"","_relevanssi_related_exclude_ids":"","_relevanssi_related_no_append":"","_relevanssi_related_not_related":"","_relevanssi_related_posts":"40900,41679,32820,40150,42322,38711","_relevanssi_noindex_reason":""},"categories":[10],"tags":[],"yoast_head":"<!-- This site is optimized with the Yoast SEO plugin v20.2.1 - https:\/\/yoast.com\/wordpress\/plugins\/seo\/ -->\n<title>Une ferme en c\u0153ur de ville<\/title>\n<meta name=\"description\" content=\"Rencontre avec Patrick et Magali, propri\u00e9taires de l&#039;Arbre \u00e0 poule, leur ferme depuis 11 g\u00e9n\u00e9rations, en plein c\u0153ur de Villers-Saint-Paul\" \/>\n<meta name=\"robots\" content=\"index, follow, max-snippet:-1, max-image-preview:large, max-video-preview:-1\" \/>\n<link rel=\"canonical\" href=\"https:\/\/www.creilsudoise-tourisme.fr\/nl\/2024\/09\/19\/patrick-magali-mancheron\/\" \/>\n<meta property=\"og:locale\" content=\"nl_NL\" \/>\n<meta property=\"og:type\" content=\"article\" \/>\n<meta property=\"og:title\" content=\"Une ferme en c\u0153ur de ville\" \/>\n<meta property=\"og:description\" content=\"Rencontre avec Patrick et Magali, propri\u00e9taires de l&#039;Arbre \u00e0 poule, leur ferme depuis 11 g\u00e9n\u00e9rations, en plein c\u0153ur de Villers-Saint-Paul\" \/>\n<meta property=\"og:url\" content=\"https:\/\/www.creilsudoise-tourisme.fr\/nl\/2024\/09\/19\/patrick-magali-mancheron\/\" \/>\n<meta property=\"og:site_name\" content=\"Office de Tourisme Creil Sud Oise\" \/>\n<meta property=\"article:publisher\" content=\"https:\/\/www.facebook.com\/creilsudoisetourisme\/\" \/>\n<meta property=\"article:published_time\" content=\"2024-09-19T14:56:33+00:00\" \/>\n<meta property=\"article:modified_time\" content=\"2024-08-22T08:04:34+00:00\" \/>\n<meta property=\"og:image\" content=\"https:\/\/www.creilsudoise-tourisme.fr\/wp-content\/uploads\/2024\/08\/Les-Mancheron.jpg\" \/>\n\t<meta property=\"og:image:width\" content=\"1020\" \/>\n\t<meta property=\"og:image:height\" content=\"1289\" \/>\n\t<meta property=\"og:image:type\" content=\"image\/jpeg\" \/>\n<meta name=\"author\" content=\"fdubut\" \/>\n<meta name=\"twitter:card\" content=\"summary_large_image\" \/>\n<meta name=\"twitter:creator\" content=\"@CreilSudOiseOT\" \/>\n<meta name=\"twitter:site\" content=\"@CreilSudOiseOT\" \/>\n<meta name=\"twitter:label1\" content=\"Geschreven door\" \/>\n\t<meta name=\"twitter:data1\" content=\"fdubut\" \/>\n\t<meta name=\"twitter:label2\" content=\"Geschatte leestijd\" \/>\n\t<meta name=\"twitter:data2\" content=\"7 minuten\" \/>\n<script type=\"application\/ld+json\" class=\"yoast-schema-graph\">{\"@context\":\"https:\/\/schema.org\",\"@graph\":[{\"@type\":\"Article\",\"@id\":\"https:\/\/www.creilsudoise-tourisme.fr\/2024\/09\/19\/patrick-magali-mancheron\/#article\",\"isPartOf\":{\"@id\":\"https:\/\/www.creilsudoise-tourisme.fr\/2024\/09\/19\/patrick-magali-mancheron\/\"},\"author\":{\"name\":\"fdubut\",\"@id\":\"https:\/\/www.creilsudoise-tourisme.fr\/#\/schema\/person\/c5140d47645b13bee896bfe05f1bd5da\"},\"headline\":\"Une ferme en c\u0153ur de ville\",\"datePublished\":\"2024-09-19T14:56:33+00:00\",\"dateModified\":\"2024-08-22T08:04:34+00:00\",\"mainEntityOfPage\":{\"@id\":\"https:\/\/www.creilsudoise-tourisme.fr\/2024\/09\/19\/patrick-magali-mancheron\/\"},\"wordCount\":1472,\"publisher\":{\"@id\":\"https:\/\/www.creilsudoise-tourisme.fr\/#organization\"},\"articleSection\":[\"Nos ambassadeurs\"],\"inLanguage\":\"nl\"},{\"@type\":\"WebPage\",\"@id\":\"https:\/\/www.creilsudoise-tourisme.fr\/2024\/09\/19\/patrick-magali-mancheron\/\",\"url\":\"https:\/\/www.creilsudoise-tourisme.fr\/2024\/09\/19\/patrick-magali-mancheron\/\",\"name\":\"Une ferme en c\u0153ur de ville\",\"isPartOf\":{\"@id\":\"https:\/\/www.creilsudoise-tourisme.fr\/#website\"},\"datePublished\":\"2024-09-19T14:56:33+00:00\",\"dateModified\":\"2024-08-22T08:04:34+00:00\",\"description\":\"Rencontre avec Patrick et Magali, propri\u00e9taires de l'Arbre \u00e0 poule, leur ferme depuis 11 g\u00e9n\u00e9rations, en plein c\u0153ur de Villers-Saint-Paul\",\"breadcrumb\":{\"@id\":\"https:\/\/www.creilsudoise-tourisme.fr\/2024\/09\/19\/patrick-magali-mancheron\/#breadcrumb\"},\"inLanguage\":\"nl\",\"potentialAction\":[{\"@type\":\"ReadAction\",\"target\":[\"https:\/\/www.creilsudoise-tourisme.fr\/2024\/09\/19\/patrick-magali-mancheron\/\"]}]},{\"@type\":\"BreadcrumbList\",\"@id\":\"https:\/\/www.creilsudoise-tourisme.fr\/2024\/09\/19\/patrick-magali-mancheron\/#breadcrumb\",\"itemListElement\":[{\"@type\":\"ListItem\",\"position\":1,\"name\":\"Accueil\",\"item\":\"https:\/\/www.creilsudoise-tourisme.fr\/\"},{\"@type\":\"ListItem\",\"position\":2,\"name\":\"Une ferme en c\u0153ur de ville\"}]},{\"@type\":\"WebSite\",\"@id\":\"https:\/\/www.creilsudoise-tourisme.fr\/#website\",\"url\":\"https:\/\/www.creilsudoise-tourisme.fr\/\",\"name\":\"Office de Tourisme Creil Sud Oise\",\"description\":\"Creil Sud Oise Tourisme, un territoire \u00e0 explorer !\",\"publisher\":{\"@id\":\"https:\/\/www.creilsudoise-tourisme.fr\/#organization\"},\"potentialAction\":[{\"@type\":\"SearchAction\",\"target\":{\"@type\":\"EntryPoint\",\"urlTemplate\":\"https:\/\/www.creilsudoise-tourisme.fr\/?s={search_term_string}\"},\"query-input\":\"required name=search_term_string\"}],\"inLanguage\":\"nl\"},{\"@type\":\"Organization\",\"@id\":\"https:\/\/www.creilsudoise-tourisme.fr\/#organization\",\"name\":\"Creil Sud Oise Tourisme\",\"url\":\"https:\/\/www.creilsudoise-tourisme.fr\/\",\"logo\":{\"@type\":\"ImageObject\",\"inLanguage\":\"nl\",\"@id\":\"https:\/\/www.creilsudoise-tourisme.fr\/#\/schema\/logo\/image\/\",\"url\":\"https:\/\/www.creilsudoise-tourisme.fr\/wp-content\/uploads\/2021\/05\/logo-svg.png\",\"contentUrl\":\"https:\/\/www.creilsudoise-tourisme.fr\/wp-content\/uploads\/2021\/05\/logo-svg.png\",\"width\":182,\"height\":71,\"caption\":\"Creil Sud Oise Tourisme\"},\"image\":{\"@id\":\"https:\/\/www.creilsudoise-tourisme.fr\/#\/schema\/logo\/image\/\"},\"sameAs\":[\"https:\/\/www.facebook.com\/creilsudoisetourisme\/\",\"https:\/\/twitter.com\/CreilSudOiseOT\",\"https:\/\/www.instagram.com\/creilsudoisetourisme\/\",\"https:\/\/www.youtube.com\/channel\/UC8L_QD2wwyADW14zt9fY8kw\"]},{\"@type\":\"Person\",\"@id\":\"https:\/\/www.creilsudoise-tourisme.fr\/#\/schema\/person\/c5140d47645b13bee896bfe05f1bd5da\",\"name\":\"fdubut\",\"image\":{\"@type\":\"ImageObject\",\"inLanguage\":\"nl\",\"@id\":\"https:\/\/www.creilsudoise-tourisme.fr\/#\/schema\/person\/image\/\",\"url\":\"https:\/\/secure.gravatar.com\/avatar\/c49bb61337bf4556cafdbcb92c18618d?s=96&d=mm&r=g\",\"contentUrl\":\"https:\/\/secure.gravatar.com\/avatar\/c49bb61337bf4556cafdbcb92c18618d?s=96&d=mm&r=g\",\"caption\":\"fdubut\"},\"url\":\"https:\/\/www.creilsudoise-tourisme.fr\/nl\/auteur\/fdubut\/\"}]}<\/script>\n<!-- \/ Yoast SEO plugin. -->","yoast_head_json":{"title":"Une ferme en c\u0153ur de ville","description":"Rencontre avec Patrick et Magali, propri\u00e9taires de l'Arbre \u00e0 poule, leur ferme depuis 11 g\u00e9n\u00e9rations, en plein c\u0153ur de Villers-Saint-Paul","robots":{"index":"index","follow":"follow","max-snippet":"max-snippet:-1","max-image-preview":"max-image-preview:large","max-video-preview":"max-video-preview:-1"},"canonical":"https:\/\/www.creilsudoise-tourisme.fr\/nl\/2024\/09\/19\/patrick-magali-mancheron\/","og_locale":"nl_NL","og_type":"article","og_title":"Une ferme en c\u0153ur de ville","og_description":"Rencontre avec Patrick et Magali, propri\u00e9taires de l'Arbre \u00e0 poule, leur ferme depuis 11 g\u00e9n\u00e9rations, en plein c\u0153ur de Villers-Saint-Paul","og_url":"https:\/\/www.creilsudoise-tourisme.fr\/nl\/2024\/09\/19\/patrick-magali-mancheron\/","og_site_name":"Office de Tourisme Creil Sud Oise","article_publisher":"https:\/\/www.facebook.com\/creilsudoisetourisme\/","article_published_time":"2024-09-19T14:56:33+00:00","article_modified_time":"2024-08-22T08:04:34+00:00","og_image":[{"width":1020,"height":1289,"url":"https:\/\/www.creilsudoise-tourisme.fr\/wp-content\/uploads\/2024\/08\/Les-Mancheron.jpg","type":"image\/jpeg"}],"author":"fdubut","twitter_card":"summary_large_image","twitter_creator":"@CreilSudOiseOT","twitter_site":"@CreilSudOiseOT","twitter_misc":{"Geschreven door":"fdubut","Geschatte leestijd":"7 minuten"},"schema":{"@context":"https:\/\/schema.org","@graph":[{"@type":"Article","@id":"https:\/\/www.creilsudoise-tourisme.fr\/2024\/09\/19\/patrick-magali-mancheron\/#article","isPartOf":{"@id":"https:\/\/www.creilsudoise-tourisme.fr\/2024\/09\/19\/patrick-magali-mancheron\/"},"author":{"name":"fdubut","@id":"https:\/\/www.creilsudoise-tourisme.fr\/#\/schema\/person\/c5140d47645b13bee896bfe05f1bd5da"},"headline":"Une ferme en c\u0153ur de ville","datePublished":"2024-09-19T14:56:33+00:00","dateModified":"2024-08-22T08:04:34+00:00","mainEntityOfPage":{"@id":"https:\/\/www.creilsudoise-tourisme.fr\/2024\/09\/19\/patrick-magali-mancheron\/"},"wordCount":1472,"publisher":{"@id":"https:\/\/www.creilsudoise-tourisme.fr\/#organization"},"articleSection":["Nos ambassadeurs"],"inLanguage":"nl"},{"@type":"WebPage","@id":"https:\/\/www.creilsudoise-tourisme.fr\/2024\/09\/19\/patrick-magali-mancheron\/","url":"https:\/\/www.creilsudoise-tourisme.fr\/2024\/09\/19\/patrick-magali-mancheron\/","name":"Une ferme en c\u0153ur de ville","isPartOf":{"@id":"https:\/\/www.creilsudoise-tourisme.fr\/#website"},"datePublished":"2024-09-19T14:56:33+00:00","dateModified":"2024-08-22T08:04:34+00:00","description":"Rencontre avec Patrick et Magali, propri\u00e9taires de l'Arbre \u00e0 poule, leur ferme depuis 11 g\u00e9n\u00e9rations, en plein c\u0153ur de Villers-Saint-Paul","breadcrumb":{"@id":"https:\/\/www.creilsudoise-tourisme.fr\/2024\/09\/19\/patrick-magali-mancheron\/#breadcrumb"},"inLanguage":"nl","potentialAction":[{"@type":"ReadAction","target":["https:\/\/www.creilsudoise-tourisme.fr\/2024\/09\/19\/patrick-magali-mancheron\/"]}]},{"@type":"BreadcrumbList","@id":"https:\/\/www.creilsudoise-tourisme.fr\/2024\/09\/19\/patrick-magali-mancheron\/#breadcrumb","itemListElement":[{"@type":"ListItem","position":1,"name":"Accueil","item":"https:\/\/www.creilsudoise-tourisme.fr\/"},{"@type":"ListItem","position":2,"name":"Une ferme en c\u0153ur de ville"}]},{"@type":"WebSite","@id":"https:\/\/www.creilsudoise-tourisme.fr\/#website","url":"https:\/\/www.creilsudoise-tourisme.fr\/","name":"Office de Tourisme Creil Sud Oise","description":"Creil Sud Oise Tourisme, un territoire \u00e0 explorer !","publisher":{"@id":"https:\/\/www.creilsudoise-tourisme.fr\/#organization"},"potentialAction":[{"@type":"SearchAction","target":{"@type":"EntryPoint","urlTemplate":"https:\/\/www.creilsudoise-tourisme.fr\/?s={search_term_string}"},"query-input":"required name=search_term_string"}],"inLanguage":"nl"},{"@type":"Organization","@id":"https:\/\/www.creilsudoise-tourisme.fr\/#organization","name":"Creil Sud Oise Tourisme","url":"https:\/\/www.creilsudoise-tourisme.fr\/","logo":{"@type":"ImageObject","inLanguage":"nl","@id":"https:\/\/www.creilsudoise-tourisme.fr\/#\/schema\/logo\/image\/","url":"https:\/\/www.creilsudoise-tourisme.fr\/wp-content\/uploads\/2021\/05\/logo-svg.png","contentUrl":"https:\/\/www.creilsudoise-tourisme.fr\/wp-content\/uploads\/2021\/05\/logo-svg.png","width":182,"height":71,"caption":"Creil Sud Oise Tourisme"},"image":{"@id":"https:\/\/www.creilsudoise-tourisme.fr\/#\/schema\/logo\/image\/"},"sameAs":["https:\/\/www.facebook.com\/creilsudoisetourisme\/","https:\/\/twitter.com\/CreilSudOiseOT","https:\/\/www.instagram.com\/creilsudoisetourisme\/","https:\/\/www.youtube.com\/channel\/UC8L_QD2wwyADW14zt9fY8kw"]},{"@type":"Person","@id":"https:\/\/www.creilsudoise-tourisme.fr\/#\/schema\/person\/c5140d47645b13bee896bfe05f1bd5da","name":"fdubut","image":{"@type":"ImageObject","inLanguage":"nl","@id":"https:\/\/www.creilsudoise-tourisme.fr\/#\/schema\/person\/image\/","url":"https:\/\/secure.gravatar.com\/avatar\/c49bb61337bf4556cafdbcb92c18618d?s=96&d=mm&r=g","contentUrl":"https:\/\/secure.gravatar.com\/avatar\/c49bb61337bf4556cafdbcb92c18618d?s=96&d=mm&r=g","caption":"fdubut"},"url":"https:\/\/www.creilsudoise-tourisme.fr\/nl\/auteur\/fdubut\/"}]}},"_links":{"self":[{"href":"https:\/\/www.creilsudoise-tourisme.fr\/nl\/wp-json\/wp\/v2\/posts\/56176"}],"collection":[{"href":"https:\/\/www.creilsudoise-tourisme.fr\/nl\/wp-json\/wp\/v2\/posts"}],"about":[{"href":"https:\/\/www.creilsudoise-tourisme.fr\/nl\/wp-json\/wp\/v2\/types\/post"}],"author":[{"embeddable":true,"href":"https:\/\/www.creilsudoise-tourisme.fr\/nl\/wp-json\/wp\/v2\/users\/3"}],"replies":[{"embeddable":true,"href":"https:\/\/www.creilsudoise-tourisme.fr\/nl\/wp-json\/wp\/v2\/comments?post=56176"}],"version-history":[{"count":10,"href":"https:\/\/www.creilsudoise-tourisme.fr\/nl\/wp-json\/wp\/v2\/posts\/56176\/revisions"}],"predecessor-version":[{"id":56313,"href":"https:\/\/www.creilsudoise-tourisme.fr\/nl\/wp-json\/wp\/v2\/posts\/56176\/revisions\/56313"}],"wp:featuredmedia":[{"embeddable":true,"href":"https:\/\/www.creilsudoise-tourisme.fr\/nl\/wp-json\/wp\/v2\/media\/56262"}],"wp:attachment":[{"href":"https:\/\/www.creilsudoise-tourisme.fr\/nl\/wp-json\/wp\/v2\/media?parent=56176"}],"wp:term":[{"taxonomy":"category","embeddable":true,"href":"https:\/\/www.creilsudoise-tourisme.fr\/nl\/wp-json\/wp\/v2\/categories?post=56176"},{"taxonomy":"post_tag","embeddable":true,"href":"https:\/\/www.creilsudoise-tourisme.fr\/nl\/wp-json\/wp\/v2\/tags?post=56176"}],"curies":[{"name":"wp","href":"https:\/\/api.w.org\/{rel}","templated":true}]}}