{"id":54043,"date":"2024-05-24T11:16:35","date_gmt":"2024-05-24T09:16:35","guid":{"rendered":"https:\/\/www.creilsudoise-tourisme.fr\/?p=54043"},"modified":"2024-07-02T10:40:05","modified_gmt":"2024-07-02T08:40:05","slug":"claude-boufflet","status":"publish","type":"post","link":"https:\/\/www.creilsudoise-tourisme.fr\/nl\/2024\/05\/24\/claude-boufflet\/","title":{"rendered":"La Maison de la Pierre, verhalen van mensen en plaatsen"},"content":{"rendered":"<p class=\"is-style-excerpt\">In Saint-Maximin, een paar kilometer van Chantilly, <strong>het Maison de la Pierre vertelt een duizend jaar oud verhaal<\/strong>een steen die weinig bekend is bij het grote publiek. Vandaag de dag gaat de bekendheid van de regionale steen hand in hand met de <strong>grote Haussmann-projecten<\/strong> vanaf 19<sup>\u00e8me<\/sup> eeuwse en oudere werken. <strong>De kerk Saint-Pierre en de kathedraal van Senlis, het kasteel van Vaux-le-Vicomte... er zijn honderden monumenten om uit te kiezen!<\/strong><\/p>\n\n\n\n<p>In dit gebied in het zuiden van de Oise, <strong>Sinds de Gallo-Romeinse tijd wordt kalksteen gedolven en gebruikt om gebouwen te verfraaien.<\/strong> In de loop der eeuwen, naarmate de technieken zich ontwikkelden, eigenden mensen zich deze schat toe, waarbij ze eerst de hellingen van de Oise exploiteerden en vervolgens de vallei van de Oise. <strong>ondergrondse gangen graven <\/strong>en dagbouwgroeves.<\/p>\n\n\n\n<div class=\"is-layout-flex wp-container-3 wp-block-columns\">\n<div class=\"is-layout-flow wp-block-column\" style=\"flex-basis:66.66%\">\n<p><strong>Claude Boufflet, onverzadigbaar lokaal ambassadeur, voormalig steenhouwer, zoon en kleinzoon van steenhouwers<\/strong>heeft het Maison de la Pierre de afgelopen 10 jaar geholpen bij het opzetten van talrijke projecten. Op zijn eigen manier brengt hij dit uitzonderlijke natuurlijke en culturele erfgoed, een klompje van de zuidelijke Oise, tot leven...<\/p>\n<\/div>\n\n\n\n<div class=\"is-layout-flow wp-block-column\" style=\"flex-basis:33.33%\">\n<figure class=\"wp-block-image size-full\"><img decoding=\"async\" loading=\"lazy\" width=\"640\" height=\"640\" data-src=\"https:\/\/www.creilsudoise-tourisme.fr\/wp-content\/uploads\/2024\/05\/Claude-Boufflet-\u00a9-Creil-Sud-Oise-Tourisme-2-edited.jpg\" alt=\"Ondergrondse exploratie urbex saint-maximin oise Maison de la Pierre ontdekking familie archieven Claude Boufflet\" class=\"wp-image-54111\" data-srcset=\"https:\/\/www.creilsudoise-tourisme.fr\/wp-content\/uploads\/2024\/05\/Claude-Boufflet-\u00a9-Creil-Sud-Oise-Tourisme-2-edited.jpg 640w, https:\/\/www.creilsudoise-tourisme.fr\/wp-content\/uploads\/2024\/05\/Claude-Boufflet-\u00a9-Creil-Sud-Oise-Tourisme-2-edited-600x600.jpg 600w, https:\/\/www.creilsudoise-tourisme.fr\/wp-content\/uploads\/2024\/05\/Claude-Boufflet-\u00a9-Creil-Sud-Oise-Tourisme-2-edited-300x300.jpg 300w, https:\/\/www.creilsudoise-tourisme.fr\/wp-content\/uploads\/2024\/05\/Claude-Boufflet-\u00a9-Creil-Sud-Oise-Tourisme-2-edited-12x12.jpg 12w, https:\/\/www.creilsudoise-tourisme.fr\/wp-content\/uploads\/2024\/05\/Claude-Boufflet-\u00a9-Creil-Sud-Oise-Tourisme-2-edited-200x200.jpg 200w, https:\/\/www.creilsudoise-tourisme.fr\/wp-content\/uploads\/2024\/05\/Claude-Boufflet-\u00a9-Creil-Sud-Oise-Tourisme-2-edited-387x387.jpg 387w\" sizes=\"(max-width: 640px) 100vw, 640px\" \/><figcaption class=\"wp-element-caption\">Creil Sud Oise Toerisme<\/figcaption><\/figure>\n<\/div>\n<\/div>\n\n\n\n<h2>Een geschiedenis uitgehouwen in steen<\/h2>\n\n\n\n<p>In het Maison de la Pierre,<strong> een plaats van herinnering en overdracht<\/strong>Claude treedt op als ambassadeur en bemiddelaar, <strong>een kostbare schakel tussen tijdperken.<\/strong><\/p>\n\n\n\n<p>In de oude steengroeven in de omgeving gaat hij regelmatig, in alle seizoenen, op zoek naar een nieuwe inspiratiebron.<strong>zoeken naar overblijfselen<\/strong> Er is van alles te ontdekken: oud gereedschap, sporen van steenhouwers uit vervlogen tijden en van menselijke activiteit in de steengroeven. Misschien zie je hem onderweg, op de fiets of te voet, op zoek naar deze sporen: \" [...] <em>Ik ben er gepassioneerd over en het grijpt me aan, maar ik kan het niet uitleggen.<\/em>r [...] \".<\/p>\n\n\n\n<figure class=\"wp-block-image size-large\"><img decoding=\"async\" loading=\"lazy\" width=\"1200\" height=\"900\" data-src=\"https:\/\/www.creilsudoise-tourisme.fr\/wp-content\/uploads\/2024\/05\/Exploration-\u00a9-Claude-Boufflet-7-1200x900.jpg\" alt=\"Ondergrondse exploratie urbex saint-maximin oise Maison de la Pierre ontdekking familie archieven Claude Boufflet\" class=\"wp-image-54046\" data-srcset=\"https:\/\/www.creilsudoise-tourisme.fr\/wp-content\/uploads\/2024\/05\/Exploration-\u00a9-Claude-Boufflet-7-1200x900.jpg 1200w, https:\/\/www.creilsudoise-tourisme.fr\/wp-content\/uploads\/2024\/05\/Exploration-\u00a9-Claude-Boufflet-7-600x450.jpg 600w, https:\/\/www.creilsudoise-tourisme.fr\/wp-content\/uploads\/2024\/05\/Exploration-\u00a9-Claude-Boufflet-7-900x675.jpg 900w, https:\/\/www.creilsudoise-tourisme.fr\/wp-content\/uploads\/2024\/05\/Exploration-\u00a9-Claude-Boufflet-7-1536x1152.jpg 1536w, https:\/\/www.creilsudoise-tourisme.fr\/wp-content\/uploads\/2024\/05\/Exploration-\u00a9-Claude-Boufflet-7-16x12.jpg 16w, https:\/\/www.creilsudoise-tourisme.fr\/wp-content\/uploads\/2024\/05\/Exploration-\u00a9-Claude-Boufflet-7-200x150.jpg 200w, https:\/\/www.creilsudoise-tourisme.fr\/wp-content\/uploads\/2024\/05\/Exploration-\u00a9-Claude-Boufflet-7-650x488.jpg 650w, https:\/\/www.creilsudoise-tourisme.fr\/wp-content\/uploads\/2024\/05\/Exploration-\u00a9-Claude-Boufflet-7-387x290.jpg 387w, https:\/\/www.creilsudoise-tourisme.fr\/wp-content\/uploads\/2024\/05\/Exploration-\u00a9-Claude-Boufflet-7.jpg 1920w\" sizes=\"(max-width: 1200px) 100vw, 1200px\" \/><figcaption class=\"wp-element-caption\">Claude Boufflet<\/figcaption><\/figure>\n\n\n\n<figure class=\"is-layout-flex wp-block-gallery-4 wp-block-gallery has-nested-images columns-default is-cropped\">\n<figure class=\"wp-block-image size-large\"><img decoding=\"async\" loading=\"lazy\" width=\"900\" height=\"1200\" data-id=\"54052\"  data-src=\"https:\/\/www.creilsudoise-tourisme.fr\/wp-content\/uploads\/2024\/05\/Exploration-\u00a9-Claude-Boufflet-8-900x1200.jpg\" alt=\"Ondergrondse exploratie urbex saint-maximin oise Maison de la Pierre ontdekking familie archieven Claude Boufflet\" class=\"wp-image-54052\" data-srcset=\"https:\/\/www.creilsudoise-tourisme.fr\/wp-content\/uploads\/2024\/05\/Exploration-\u00a9-Claude-Boufflet-8-900x1200.jpg 900w, https:\/\/www.creilsudoise-tourisme.fr\/wp-content\/uploads\/2024\/05\/Exploration-\u00a9-Claude-Boufflet-8-450x600.jpg 450w, https:\/\/www.creilsudoise-tourisme.fr\/wp-content\/uploads\/2024\/05\/Exploration-\u00a9-Claude-Boufflet-8-675x900.jpg 675w, https:\/\/www.creilsudoise-tourisme.fr\/wp-content\/uploads\/2024\/05\/Exploration-\u00a9-Claude-Boufflet-8-1152x1536.jpg 1152w, https:\/\/www.creilsudoise-tourisme.fr\/wp-content\/uploads\/2024\/05\/Exploration-\u00a9-Claude-Boufflet-8-9x12.jpg 9w, https:\/\/www.creilsudoise-tourisme.fr\/wp-content\/uploads\/2024\/05\/Exploration-\u00a9-Claude-Boufflet-8-200x267.jpg 200w, https:\/\/www.creilsudoise-tourisme.fr\/wp-content\/uploads\/2024\/05\/Exploration-\u00a9-Claude-Boufflet-8-650x867.jpg 650w, https:\/\/www.creilsudoise-tourisme.fr\/wp-content\/uploads\/2024\/05\/Exploration-\u00a9-Claude-Boufflet-8-387x516.jpg 387w, https:\/\/www.creilsudoise-tourisme.fr\/wp-content\/uploads\/2024\/05\/Exploration-\u00a9-Claude-Boufflet-8.jpg 1440w\" sizes=\"(max-width: 900px) 100vw, 900px\" \/><figcaption class=\"wp-element-caption\">Claude Boufflet<\/figcaption><\/figure>\n\n\n\n<figure class=\"wp-block-image size-large\"><img decoding=\"async\" loading=\"lazy\" width=\"508\" height=\"436\" data-id=\"54062\"  data-src=\"https:\/\/www.creilsudoise-tourisme.fr\/wp-content\/uploads\/2024\/05\/Exploration-\u00a9-Claude-Boufflet-1.jpg\" alt=\"Ondergrondse exploratie urbex saint-maximin oise Maison de la Pierre ontdekking familie archieven Claude Boufflet\" class=\"wp-image-54062\" data-srcset=\"https:\/\/www.creilsudoise-tourisme.fr\/wp-content\/uploads\/2024\/05\/Exploration-\u00a9-Claude-Boufflet-1.jpg 508w, https:\/\/www.creilsudoise-tourisme.fr\/wp-content\/uploads\/2024\/05\/Exploration-\u00a9-Claude-Boufflet-1-14x12.jpg 14w, https:\/\/www.creilsudoise-tourisme.fr\/wp-content\/uploads\/2024\/05\/Exploration-\u00a9-Claude-Boufflet-1-200x172.jpg 200w, https:\/\/www.creilsudoise-tourisme.fr\/wp-content\/uploads\/2024\/05\/Exploration-\u00a9-Claude-Boufflet-1-387x332.jpg 387w\" sizes=\"(max-width: 508px) 100vw, 508px\" \/><figcaption class=\"wp-element-caption\">Claude Boufflet<\/figcaption><\/figure>\n<\/figure>\n\n\n\n<p>De verklaring ligt in het verleden. Er is niet veel over van Claude's jeugd in Saint-Maximin in de jaren 50 en 60, op een paar foto's na. Barakken gebouwd na de oorlog, kinderspelletjes en het idee van een zekere solidariteit. <strong>In die tijd voorzag steen in het levensonderhoud van veel gezinnen, waaronder dat van hemzelf.<\/strong>. Zijn grootvader, <strong>L\u00e9on Boufflet<\/strong>dan zijn vader, <strong>Marcel Boufflet<\/strong>werk in steengroeven: \"[...] <em>mijn grootvader werkte in de steengroeven van Ouach\u00e9e, hij was een man met karakter<\/em> [...] <em>in zijn vrije tijd speelde hij bugel, werd daarna burgemeester van Saint-Maximin<\/em> [...]\" zegt hij.<\/p>\n\n\n\n<figure class=\"is-layout-flex wp-block-gallery-6 wp-block-gallery has-nested-images columns-default is-cropped\">\n<figure class=\"wp-block-image size-large\"><img decoding=\"async\" loading=\"lazy\" width=\"800\" height=\"505\" data-id=\"54067\"  data-src=\"https:\/\/www.creilsudoise-tourisme.fr\/wp-content\/uploads\/2024\/05\/Image-darchives-de-la-famille-Boufflet-\u00a9-Claude-Boufflet-5.jpg\" alt=\"Ondergrondse exploratie urbex saint-maximin oise Maison de la Pierre ontdekking familie archieven Claude Boufflet\" class=\"wp-image-54067\" data-srcset=\"https:\/\/www.creilsudoise-tourisme.fr\/wp-content\/uploads\/2024\/05\/Image-darchives-de-la-famille-Boufflet-\u00a9-Claude-Boufflet-5.jpg 800w, https:\/\/www.creilsudoise-tourisme.fr\/wp-content\/uploads\/2024\/05\/Image-darchives-de-la-famille-Boufflet-\u00a9-Claude-Boufflet-5-600x379.jpg 600w, https:\/\/www.creilsudoise-tourisme.fr\/wp-content\/uploads\/2024\/05\/Image-darchives-de-la-famille-Boufflet-\u00a9-Claude-Boufflet-5-18x12.jpg 18w, https:\/\/www.creilsudoise-tourisme.fr\/wp-content\/uploads\/2024\/05\/Image-darchives-de-la-famille-Boufflet-\u00a9-Claude-Boufflet-5-200x126.jpg 200w, https:\/\/www.creilsudoise-tourisme.fr\/wp-content\/uploads\/2024\/05\/Image-darchives-de-la-famille-Boufflet-\u00a9-Claude-Boufflet-5-650x410.jpg 650w, https:\/\/www.creilsudoise-tourisme.fr\/wp-content\/uploads\/2024\/05\/Image-darchives-de-la-famille-Boufflet-\u00a9-Claude-Boufflet-5-387x244.jpg 387w\" sizes=\"(max-width: 800px) 100vw, 800px\" \/><figcaption class=\"wp-element-caption\">Claude Boufflet<\/figcaption><\/figure>\n\n\n\n<figure class=\"wp-block-image size-full\"><img decoding=\"async\" loading=\"lazy\" width=\"766\" height=\"465\" data-id=\"54063\"  data-src=\"https:\/\/www.creilsudoise-tourisme.fr\/wp-content\/uploads\/2024\/05\/Image-darchives-de-la-famille-Boufflet-\u00a9-Claude-Boufflet-7.jpg\" alt=\"Ondergrondse exploratie urbex saint-maximin oise Maison de la Pierre ontdekking familie archieven Claude Boufflet\" class=\"wp-image-54063\" data-srcset=\"https:\/\/www.creilsudoise-tourisme.fr\/wp-content\/uploads\/2024\/05\/Image-darchives-de-la-famille-Boufflet-\u00a9-Claude-Boufflet-7.jpg 766w, https:\/\/www.creilsudoise-tourisme.fr\/wp-content\/uploads\/2024\/05\/Image-darchives-de-la-famille-Boufflet-\u00a9-Claude-Boufflet-7-600x364.jpg 600w, https:\/\/www.creilsudoise-tourisme.fr\/wp-content\/uploads\/2024\/05\/Image-darchives-de-la-famille-Boufflet-\u00a9-Claude-Boufflet-7-18x12.jpg 18w, https:\/\/www.creilsudoise-tourisme.fr\/wp-content\/uploads\/2024\/05\/Image-darchives-de-la-famille-Boufflet-\u00a9-Claude-Boufflet-7-200x121.jpg 200w, https:\/\/www.creilsudoise-tourisme.fr\/wp-content\/uploads\/2024\/05\/Image-darchives-de-la-famille-Boufflet-\u00a9-Claude-Boufflet-7-650x395.jpg 650w, https:\/\/www.creilsudoise-tourisme.fr\/wp-content\/uploads\/2024\/05\/Image-darchives-de-la-famille-Boufflet-\u00a9-Claude-Boufflet-7-387x235.jpg 387w\" sizes=\"(max-width: 766px) 100vw, 766px\" \/><figcaption class=\"wp-element-caption\">Claude Boufflet<\/figcaption><\/figure>\n<\/figure>\n\n\n\n<figure class=\"is-layout-flex wp-block-gallery-8 wp-block-gallery has-nested-images columns-default is-cropped\">\n<figure class=\"wp-block-image size-large\"><img decoding=\"async\" loading=\"lazy\" width=\"740\" height=\"600\" data-id=\"54053\"  data-src=\"https:\/\/www.creilsudoise-tourisme.fr\/wp-content\/uploads\/2024\/05\/Image-darchives-de-la-famille-Boufflet-\u00a9-Claude-Boufflet-6.jpg\" alt=\"Ondergrondse exploratie urbex saint-maximin oise Maison de la Pierre ontdekking familie archieven Claude Boufflet\" class=\"wp-image-54053\" data-srcset=\"https:\/\/www.creilsudoise-tourisme.fr\/wp-content\/uploads\/2024\/05\/Image-darchives-de-la-famille-Boufflet-\u00a9-Claude-Boufflet-6.jpg 740w, https:\/\/www.creilsudoise-tourisme.fr\/wp-content\/uploads\/2024\/05\/Image-darchives-de-la-famille-Boufflet-\u00a9-Claude-Boufflet-6-600x486.jpg 600w, https:\/\/www.creilsudoise-tourisme.fr\/wp-content\/uploads\/2024\/05\/Image-darchives-de-la-famille-Boufflet-\u00a9-Claude-Boufflet-6-15x12.jpg 15w, https:\/\/www.creilsudoise-tourisme.fr\/wp-content\/uploads\/2024\/05\/Image-darchives-de-la-famille-Boufflet-\u00a9-Claude-Boufflet-6-200x162.jpg 200w, https:\/\/www.creilsudoise-tourisme.fr\/wp-content\/uploads\/2024\/05\/Image-darchives-de-la-famille-Boufflet-\u00a9-Claude-Boufflet-6-650x527.jpg 650w, https:\/\/www.creilsudoise-tourisme.fr\/wp-content\/uploads\/2024\/05\/Image-darchives-de-la-famille-Boufflet-\u00a9-Claude-Boufflet-6-387x314.jpg 387w\" sizes=\"(max-width: 740px) 100vw, 740px\" \/><figcaption class=\"wp-element-caption\">Claude Boufflet<\/figcaption><\/figure>\n\n\n\n<figure class=\"wp-block-image size-large\"><img decoding=\"async\" loading=\"lazy\" width=\"800\" height=\"600\" data-id=\"54060\"  data-src=\"https:\/\/www.creilsudoise-tourisme.fr\/wp-content\/uploads\/2024\/05\/Leon-Boufflet-ancien-maire-de-Saint-Maximin-\u00a9-Claude-Boufflet.jpg\" alt=\"Ondergrondse exploratie urbex saint-maximin oise Maison de la Pierre ontdekking familie archieven Claude Boufflet\" class=\"wp-image-54060\" data-srcset=\"https:\/\/www.creilsudoise-tourisme.fr\/wp-content\/uploads\/2024\/05\/Leon-Boufflet-ancien-maire-de-Saint-Maximin-\u00a9-Claude-Boufflet.jpg 800w, https:\/\/www.creilsudoise-tourisme.fr\/wp-content\/uploads\/2024\/05\/Leon-Boufflet-ancien-maire-de-Saint-Maximin-\u00a9-Claude-Boufflet-600x450.jpg 600w, https:\/\/www.creilsudoise-tourisme.fr\/wp-content\/uploads\/2024\/05\/Leon-Boufflet-ancien-maire-de-Saint-Maximin-\u00a9-Claude-Boufflet-16x12.jpg 16w, https:\/\/www.creilsudoise-tourisme.fr\/wp-content\/uploads\/2024\/05\/Leon-Boufflet-ancien-maire-de-Saint-Maximin-\u00a9-Claude-Boufflet-200x150.jpg 200w, https:\/\/www.creilsudoise-tourisme.fr\/wp-content\/uploads\/2024\/05\/Leon-Boufflet-ancien-maire-de-Saint-Maximin-\u00a9-Claude-Boufflet-650x488.jpg 650w, https:\/\/www.creilsudoise-tourisme.fr\/wp-content\/uploads\/2024\/05\/Leon-Boufflet-ancien-maire-de-Saint-Maximin-\u00a9-Claude-Boufflet-387x290.jpg 387w\" sizes=\"(max-width: 800px) 100vw, 800px\" \/><figcaption class=\"wp-element-caption\">Claude Boufflet<\/figcaption><\/figure>\n<\/figure>\n\n\n\n<p>Onder bevel van zijn vader,<strong> kreeg de jonge Claude, net als zijn leeftijdsgenoten, een praktijkopleiding in de steengroeven<\/strong>Hij begon op 18-jarige leeftijd met steen te werken: \"[...] <em>als barman ging ik waar het werk was<\/em> [...] \". Zijn werk bestond uit het verplaatsen van de blokken steen die door de arbeiders waren vrijgemaakt, wat veel precisie en nauwgezetheid vereiste: \"[...]\". <em>de arbeiders, voor het merendeel Portugezen, telden de uren niet omdat ze per stuk werden betaald en handmatig werkten<\/em> [...] <em>als ik het blok brak tijdens het hanteren, raakten ze niets aan, dus ik moest heel waakzaam zijn <\/em>[...] \". De blokken gaan vervolgens door de handen van houtzagers en -snijders. Heel vaak, <strong>Claude zorgt voor leveringen, soms tot aan Deauville.<\/strong> Zijn <strong>lange dagen, hard werken<\/strong>en zijn vader maakte het hem moeilijk: \"[...].<em> hij betaalde me geen overuren, het was een moeilijke opvoeding<\/em> [...]\" herinnert hij zich...<\/p>\n\n\n\n<figure class=\"wp-block-image size-full is-resized\"><img decoding=\"async\" loading=\"lazy\" data-src=\"https:\/\/www.creilsudoise-tourisme.fr\/wp-content\/uploads\/2024\/05\/Image-darchives-de-la-famille-Boufflet-\u00a9-Claude-Boufflet-3.jpg\" alt=\"Ondergrondse exploratie urbex saint-maximin oise Maison de la Pierre ontdekking familie archieven Claude Boufflet\" class=\"wp-image-54058\" width=\"805\" height=\"444\" data-srcset=\"https:\/\/www.creilsudoise-tourisme.fr\/wp-content\/uploads\/2024\/05\/Image-darchives-de-la-famille-Boufflet-\u00a9-Claude-Boufflet-3.jpg 706w, https:\/\/www.creilsudoise-tourisme.fr\/wp-content\/uploads\/2024\/05\/Image-darchives-de-la-famille-Boufflet-\u00a9-Claude-Boufflet-3-600x331.jpg 600w, https:\/\/www.creilsudoise-tourisme.fr\/wp-content\/uploads\/2024\/05\/Image-darchives-de-la-famille-Boufflet-\u00a9-Claude-Boufflet-3-18x10.jpg 18w, https:\/\/www.creilsudoise-tourisme.fr\/wp-content\/uploads\/2024\/05\/Image-darchives-de-la-famille-Boufflet-\u00a9-Claude-Boufflet-3-200x110.jpg 200w, https:\/\/www.creilsudoise-tourisme.fr\/wp-content\/uploads\/2024\/05\/Image-darchives-de-la-famille-Boufflet-\u00a9-Claude-Boufflet-3-650x358.jpg 650w, https:\/\/www.creilsudoise-tourisme.fr\/wp-content\/uploads\/2024\/05\/Image-darchives-de-la-famille-Boufflet-\u00a9-Claude-Boufflet-3-387x213.jpg 387w\" sizes=\"(max-width: 805px) 100vw, 805px\" \/><figcaption class=\"wp-element-caption\">Claude Boufflet<\/figcaption><\/figure>\n\n\n\n<h2>Hulde aan het werk van mannen<\/h2>\n\n\n\n<p>Vandaag de dag, als <strong>steen uit het zuiden van de Oise wordt nog steeds gedolven in de omgeving<\/strong>Deze omvatten de bouw van gebouwen en de restauratie van monumenten zoals de Notre-Dame,<strong> technieken hebben een lange weg afgelegd<\/strong> : \" [...] <em>machines hebben het overgenomen en het werk is minder veeleisend geworden dan vroeger<\/em> [...] <em>vroeger moest je de ader vinden, de blokkade opheffen met een handretractor <\/em>[...]<em> het is allemaal voorbij<\/em> [...] \".<\/p>\n\n\n\n<figure class=\"wp-block-image size-large\"><img decoding=\"async\" loading=\"lazy\" width=\"1200\" height=\"676\" data-src=\"https:\/\/www.creilsudoise-tourisme.fr\/wp-content\/uploads\/2024\/05\/Visite-historique-de-la-Maison-de-la-Pierre-1200x676.jpg\" alt=\"Ondergrondse exploratie urbex saint-maximin oise Maison de la Pierre ontdekking familie archieven Claude Boufflet\" class=\"wp-image-54112\" data-srcset=\"https:\/\/www.creilsudoise-tourisme.fr\/wp-content\/uploads\/2024\/05\/Visite-historique-de-la-Maison-de-la-Pierre-1200x676.jpg 1200w, https:\/\/www.creilsudoise-tourisme.fr\/wp-content\/uploads\/2024\/05\/Visite-historique-de-la-Maison-de-la-Pierre-600x338.jpg 600w, https:\/\/www.creilsudoise-tourisme.fr\/wp-content\/uploads\/2024\/05\/Visite-historique-de-la-Maison-de-la-Pierre-900x507.jpg 900w, https:\/\/www.creilsudoise-tourisme.fr\/wp-content\/uploads\/2024\/05\/Visite-historique-de-la-Maison-de-la-Pierre-1536x865.jpg 1536w, https:\/\/www.creilsudoise-tourisme.fr\/wp-content\/uploads\/2024\/05\/Visite-historique-de-la-Maison-de-la-Pierre-18x10.jpg 18w, https:\/\/www.creilsudoise-tourisme.fr\/wp-content\/uploads\/2024\/05\/Visite-historique-de-la-Maison-de-la-Pierre-200x113.jpg 200w, https:\/\/www.creilsudoise-tourisme.fr\/wp-content\/uploads\/2024\/05\/Visite-historique-de-la-Maison-de-la-Pierre-1600x900.jpg 1600w, https:\/\/www.creilsudoise-tourisme.fr\/wp-content\/uploads\/2024\/05\/Visite-historique-de-la-Maison-de-la-Pierre-650x366.jpg 650w, https:\/\/www.creilsudoise-tourisme.fr\/wp-content\/uploads\/2024\/05\/Visite-historique-de-la-Maison-de-la-Pierre-387x218.jpg 387w, https:\/\/www.creilsudoise-tourisme.fr\/wp-content\/uploads\/2024\/05\/Visite-historique-de-la-Maison-de-la-Pierre.jpg 1920w\" sizes=\"(max-width: 1200px) 100vw, 1200px\" \/><figcaption class=\"wp-element-caption\">Het Maison de la Pierre organiseert historische rondleidingen door de steengroeve, met demonstraties van ouderwets steenhouwen \u00a9 Creil Sud Oise Tourisme<\/figcaption><\/figure>\n\n\n\n<p><strong>Claude Boufflet, aan de vooravond van zijn 80e verjaardag, werkt samen met het team van Maison de la Pierre.<\/strong>Zijn pensionering viel samen met de oprichting en opening van de site in 2014. In de kelder kunnen bezoekers een ondergronds pad volgen en de gloriedagen van de Parrain-groeve herbeleven, die in bedrijf was tussen 17 en 20 jaar.<sup>\u00e8me<\/sup> en het begin van de 20<sup>\u00e8me<\/sup> eeuw: \"[...] <em>iedereen benieuwd is hoe de steen werd gewonnen <\/em>[...] <em>het is een genoegen om mijn kennis en ervaring met het publiek te delen<\/em> [...]\" vertrouwt Claude me toe, niet zonder enige emotie.<\/p>\n\n\n\n<figure class=\"wp-block-image alignwide size-large\"><img decoding=\"async\" loading=\"lazy\" width=\"1200\" height=\"799\" data-src=\"https:\/\/www.creilsudoise-tourisme.fr\/wp-content\/uploads\/2024\/05\/Visite-de-la-Maison-de-la-PIerre-\u00a9-Smellinckx-Oise-Tourisme-2-1200x799.jpg\" alt=\"Ondergrondse exploratie urbex saint-maximin oise Maison de la Pierre ontdekking familie archieven Claude Boufflet\" class=\"wp-image-54045\" data-srcset=\"https:\/\/www.creilsudoise-tourisme.fr\/wp-content\/uploads\/2024\/05\/Visite-de-la-Maison-de-la-PIerre-\u00a9-Smellinckx-Oise-Tourisme-2-1200x799.jpg 1200w, https:\/\/www.creilsudoise-tourisme.fr\/wp-content\/uploads\/2024\/05\/Visite-de-la-Maison-de-la-PIerre-\u00a9-Smellinckx-Oise-Tourisme-2-600x400.jpg 600w, https:\/\/www.creilsudoise-tourisme.fr\/wp-content\/uploads\/2024\/05\/Visite-de-la-Maison-de-la-PIerre-\u00a9-Smellinckx-Oise-Tourisme-2-900x600.jpg 900w, https:\/\/www.creilsudoise-tourisme.fr\/wp-content\/uploads\/2024\/05\/Visite-de-la-Maison-de-la-PIerre-\u00a9-Smellinckx-Oise-Tourisme-2-18x12.jpg 18w, https:\/\/www.creilsudoise-tourisme.fr\/wp-content\/uploads\/2024\/05\/Visite-de-la-Maison-de-la-PIerre-\u00a9-Smellinckx-Oise-Tourisme-2-200x133.jpg 200w, https:\/\/www.creilsudoise-tourisme.fr\/wp-content\/uploads\/2024\/05\/Visite-de-la-Maison-de-la-PIerre-\u00a9-Smellinckx-Oise-Tourisme-2-650x433.jpg 650w, https:\/\/www.creilsudoise-tourisme.fr\/wp-content\/uploads\/2024\/05\/Visite-de-la-Maison-de-la-PIerre-\u00a9-Smellinckx-Oise-Tourisme-2-387x258.jpg 387w, https:\/\/www.creilsudoise-tourisme.fr\/wp-content\/uploads\/2024\/05\/Visite-de-la-Maison-de-la-PIerre-\u00a9-Smellinckx-Oise-Tourisme-2.jpg 1498w\" sizes=\"(max-width: 1200px) 100vw, 1200px\" \/><figcaption class=\"wp-element-caption\">Smellinckx Oise Toerisme<\/figcaption><\/figure>\n\n\n\n<h2>De herinnering aan plaatsen levend houden<\/h2>\n\n\n\n<p>Op de taille, <strong>gereedschap ontdekt door Claude wordt tentoongesteld<\/strong>. Het is gemakkelijk om je de <strong>moeilijke werkomstandigheden<\/strong>Allemaal dankzij Claude. Hier, dankzij Claude, <strong>veel sporen van menselijke activiteit zijn bewaard gebleven<\/strong> : \" [...] <em>Na de sluiting van de Parrain-steengroeve in de jaren 1920 werd de site gebruikt om paddenstoelen te kweken, zodat de bevolking van Saint-Maximin tijdens de oorlog ook van deze bron van inkomsten profiteerde en zich ondergronds tegen de bombardementen beschermde.<\/em> [...]\" legt hij uit terwijl hij oude roestige bedden of kratten met een kruimelig substraat passeert...<\/p>\n\n\n\n<figure class=\"is-layout-flex wp-block-gallery-10 wp-block-gallery has-nested-images columns-default is-cropped\">\n<figure class=\"wp-block-image size-large\"><img decoding=\"async\" loading=\"lazy\" width=\"800\" height=\"531\" data-id=\"54055\"  data-src=\"https:\/\/www.creilsudoise-tourisme.fr\/wp-content\/uploads\/2024\/05\/Exploration-\u00a9-Claude-Boufflet-5.jpg\" alt=\"Ondergrondse exploratie urbex saint-maximin oise Maison de la Pierre ontdekking familie archieven Claude Boufflet\" class=\"wp-image-54055\" data-srcset=\"https:\/\/www.creilsudoise-tourisme.fr\/wp-content\/uploads\/2024\/05\/Exploration-\u00a9-Claude-Boufflet-5.jpg 800w, https:\/\/www.creilsudoise-tourisme.fr\/wp-content\/uploads\/2024\/05\/Exploration-\u00a9-Claude-Boufflet-5-600x398.jpg 600w, https:\/\/www.creilsudoise-tourisme.fr\/wp-content\/uploads\/2024\/05\/Exploration-\u00a9-Claude-Boufflet-5-18x12.jpg 18w, https:\/\/www.creilsudoise-tourisme.fr\/wp-content\/uploads\/2024\/05\/Exploration-\u00a9-Claude-Boufflet-5-200x133.jpg 200w, https:\/\/www.creilsudoise-tourisme.fr\/wp-content\/uploads\/2024\/05\/Exploration-\u00a9-Claude-Boufflet-5-650x431.jpg 650w, https:\/\/www.creilsudoise-tourisme.fr\/wp-content\/uploads\/2024\/05\/Exploration-\u00a9-Claude-Boufflet-5-387x257.jpg 387w\" sizes=\"(max-width: 800px) 100vw, 800px\" \/><figcaption class=\"wp-element-caption\">Claude Boufflet<\/figcaption><\/figure>\n<figcaption class=\"blocks-gallery-caption wp-element-caption\">In 2017, <a href=\"https:\/\/www.leparisien.fr\/oise-60\/saint-maximin-l-etonnante-decouverte-d-un-abri-de-la-seconde-guerre-mondiale-13-12-2017-7450776.php\" target=\"_blank\" rel=\"noreferrer noopener\">Claude ontdekt een carri\u00e8re die sinds de Tweede Wereldoorlog bevroren is in de tijd<\/a>. Binnen: bedframes gebruikt door vluchtelingen uit Saint-Maximinois.<\/figcaption><\/figure>\n\n\n\n<p>Claude pauzeert even en nodigt ons plotseling uit om omhoog te kijken. <strong>Daar, in de lucht boven de steengroeve van Parrain, kun je letters zien.<\/strong> De stralenkrans van zijn lamp trilt een beetje. \" <em>L\u00e9on Boufflet<\/em> \"Claude zei verder: \"[...]. <em>toen ik deze brieven ontdekte die door mijn grootvader waren getraceerd, deed dat iets met me<\/em> [...] \".<\/p>\n\n\n\n<figure class=\"wp-block-image size-full\"><img decoding=\"async\" loading=\"lazy\" width=\"800\" height=\"552\" data-src=\"https:\/\/www.creilsudoise-tourisme.fr\/wp-content\/uploads\/2024\/05\/Exploration-\u00a9-Claude-Boufflet-2.jpg\" alt=\"Ondergrondse exploratie urbex saint-maximin oise Maison de la Pierre ontdekking familie archieven Claude Boufflet\" class=\"wp-image-54056\" data-srcset=\"https:\/\/www.creilsudoise-tourisme.fr\/wp-content\/uploads\/2024\/05\/Exploration-\u00a9-Claude-Boufflet-2.jpg 800w, https:\/\/www.creilsudoise-tourisme.fr\/wp-content\/uploads\/2024\/05\/Exploration-\u00a9-Claude-Boufflet-2-600x414.jpg 600w, https:\/\/www.creilsudoise-tourisme.fr\/wp-content\/uploads\/2024\/05\/Exploration-\u00a9-Claude-Boufflet-2-18x12.jpg 18w, https:\/\/www.creilsudoise-tourisme.fr\/wp-content\/uploads\/2024\/05\/Exploration-\u00a9-Claude-Boufflet-2-200x138.jpg 200w, https:\/\/www.creilsudoise-tourisme.fr\/wp-content\/uploads\/2024\/05\/Exploration-\u00a9-Claude-Boufflet-2-650x449.jpg 650w, https:\/\/www.creilsudoise-tourisme.fr\/wp-content\/uploads\/2024\/05\/Exploration-\u00a9-Claude-Boufflet-2-387x267.jpg 387w\" sizes=\"(max-width: 800px) 100vw, 800px\" \/><figcaption class=\"wp-element-caption\">Claude Boufflet<\/figcaption><\/figure>\n\n\n\n<p>In de stilte van de ondergrondse steengroeve, verlicht door een zwak licht, <strong>Claude vertelt hoe zijn zoon S\u00e9bastien en kleinzoon Anthony om de beurt de steengroeven hebben verkend.<\/strong>en andere enthousiastelingen in hun kielzog. <strong>Wat uit steen geboren is, lijkt nooit te vergaan...<\/strong><\/p>\n\n\n\n<div class=\"is-layout-flex wp-container-15 wp-block-columns\">\n<div class=\"is-layout-flow wp-block-column\" style=\"flex-basis:25%\">\n<figure class=\"wp-block-image size-full\"><img decoding=\"async\" loading=\"lazy\" width=\"350\" height=\"350\" data-src=\"https:\/\/www.creilsudoise-tourisme.fr\/wp-content\/uploads\/2024\/02\/celine-weissier-portrait-edited.jpg\" alt=\"C\u00e9line Weissier Les mots \u00e0 la page biograaf redacteur\" class=\"wp-image-52484\" data-srcset=\"https:\/\/www.creilsudoise-tourisme.fr\/wp-content\/uploads\/2024\/02\/celine-weissier-portrait-edited.jpg 350w, https:\/\/www.creilsudoise-tourisme.fr\/wp-content\/uploads\/2024\/02\/celine-weissier-portrait-edited-300x300.jpg 300w, https:\/\/www.creilsudoise-tourisme.fr\/wp-content\/uploads\/2024\/02\/celine-weissier-portrait-edited-12x12.jpg 12w, https:\/\/www.creilsudoise-tourisme.fr\/wp-content\/uploads\/2024\/02\/celine-weissier-portrait-edited-200x200.jpg 200w\" sizes=\"(max-width: 350px) 100vw, 350px\" \/><figcaption class=\"wp-element-caption\">C\u00e9line Weissier<\/figcaption><\/figure>\n<\/div>\n\n\n\n<div class=\"is-layout-flow wp-block-column\" style=\"flex-basis:50%\">\n<p><strong>C\u00e9line Weissier<\/strong> &#8211; <a href=\"https:\/\/celineweissier.fr\/\" target=\"_blank\" rel=\"noreferrer noopener\">Woorden op de pagina<\/a><\/p>\n<\/div>\n\n\n\n<div class=\"is-layout-flow wp-block-column\" style=\"flex-basis:25%\"><\/div>\n<\/div>\n\n\n\n<hr class=\"wp-block-separator has-alpha-channel-opacity\"\/>\n\n\n\n<h2>Bezoek het Maison de la Pierre<\/h2>\n\n\n\n<figure class=\"wp-block-embed is-type-video is-provider-youtube wp-block-embed-youtube wp-embed-aspect-16-9 wp-has-aspect-ratio\"><div class=\"wp-block-embed__wrapper\">\n<iframe loading=\"lazy\" title=\"[LES INCONTOURNABLES] Het stenen huis in Saint-Maximin | Creil Sud Oise Toerisme\" width=\"500\" height=\"281\" data-src=\"https:\/\/www.youtube.com\/embed\/Nx6Uz5neMS8?start=2&#038;feature=oembed\" frameborder=\"0\" allow=\"accelerometer; autoplay; clipboard-write; encrypted-media; gyroscope; picture-in-picture; web-share\" referrerpolicy=\"strict-origin-when-cross-origin\" allowfullscreen><\/iframe>\n<\/div><\/figure>\n\n\n<div data-related-sit=\"1\" data-block-type=\"related-sit-gt\" data-block-id=\"wpet-sit-2f80b9u914o\"><div class=\"wp-block wp-block-related-post wp-block-related-list-sit alignfull\">\n    \n    <div class=\"container\">\n\n                    <h2 class=\"wp-block-related-post-title\">Op het programma op dit moment<\/h2>\n        \n                    <div id=\"wpiris-related-post-135\" data-id=\"wpiris-entity-slider\">\n                <div class=\"wp-block-related-post-list wp-block-related-post-list--14\" data-id=\"wpiris-entity-slider-wrapper\">\n\n                    \n<div class=\"entityItem\" data-trigger=\"wpiris-click\" data-id=\"wpiris-entity-slider-item\">\n    <p class=\"entityItemThumbnail\">\n        <a href=\"https:\/\/www.creilsudoise-tourisme.fr\/nl\/agenda-animations\/les-relais-de-lacso\/\" nofancybox>\n            <img data-src=\"https:\/\/www.creilsudoise-tourisme.fr\/wp-content\/uploads\/wpetourisme\/relais-de-l-ACSO-2026-700x700px-275x350.jpg\" alt=\"De ACSO Estafettes\">\n        <\/a>\n    <\/p>\n    <div class=\"entityItemContent\">\n        <h2 class=\"entityItemContentTitle\">\n            <a href=\"https:\/\/www.creilsudoise-tourisme.fr\/nl\/agenda-animations\/les-relais-de-lacso\/\">De ACSO Estafettes<\/a>\n        <\/h2>\n                    <p class=\"entityItemContentType\">Festivals en evenementen<\/p>\n            <\/div>\n    <a href=\"https:\/\/www.creilsudoise-tourisme.fr\/nl\/agenda-animations\/les-relais-de-lacso\/\" class=\"seeMore\"><span class=\"sr-only\">Meer zien<\/span><\/a>\n<\/div>\n\n<div class=\"entityItem\" data-trigger=\"wpiris-click\" data-id=\"wpiris-entity-slider-item\">\n    <p class=\"entityItemThumbnail\">\n        <a href=\"https:\/\/www.creilsudoise-tourisme.fr\/nl\/agenda-animations\/cursus-keramiek-kinderen-3-2\/\" nofancybox>\n            <img data-src=\"https:\/\/www.creilsudoise-tourisme.fr\/wp-content\/uploads\/wpetourisme\/Faconnez-votre-ceramique-275x350.png\" alt=\"Stage | Keramiek\">\n        <\/a>\n    <\/p>\n    <div class=\"entityItemContent\">\n        <h2 class=\"entityItemContentTitle\">\n            <a href=\"https:\/\/www.creilsudoise-tourisme.fr\/nl\/agenda-animations\/cursus-keramiek-kinderen-3-2\/\">Stage | Keramiek<\/a>\n        <\/h2>\n                    <p class=\"entityItemContentType\">Festivals en evenementen<\/p>\n            <\/div>\n    <a href=\"https:\/\/www.creilsudoise-tourisme.fr\/nl\/agenda-animations\/cursus-keramiek-kinderen-3-2\/\" class=\"seeMore\"><span class=\"sr-only\">Meer zien<\/span><\/a>\n<\/div>\n\n<div class=\"entityItem\" data-trigger=\"wpiris-click\" data-id=\"wpiris-entity-slider-item\">\n    <p class=\"entityItemThumbnail\">\n        <a href=\"https:\/\/www.creilsudoise-tourisme.fr\/nl\/agenda-animations\/kerstfeest-workshop-glas-in-lood\/\" nofancybox>\n            <img data-src=\"https:\/\/www.creilsudoise-tourisme.fr\/wp-content\/uploads\/wpetourisme\/Noel---Post-FB-Insta-2-275x350.jpg\" alt=\"Kerstfestiviteiten | Glas-in-lood workshop\">\n        <\/a>\n    <\/p>\n    <div class=\"entityItemContent\">\n        <h2 class=\"entityItemContentTitle\">\n            <a href=\"https:\/\/www.creilsudoise-tourisme.fr\/nl\/agenda-animations\/kerstfeest-workshop-glas-in-lood\/\">Kerstfestiviteiten | Glas-in-lood workshop<\/a>\n        <\/h2>\n                    <p class=\"entityItemContentType\">Festivals en evenementen<\/p>\n            <\/div>\n    <a href=\"https:\/\/www.creilsudoise-tourisme.fr\/nl\/agenda-animations\/kerstfeest-workshop-glas-in-lood\/\" class=\"seeMore\"><span class=\"sr-only\">Meer zien<\/span><\/a>\n<\/div>\n\n<div class=\"entityItem\" data-trigger=\"wpiris-click\" data-id=\"wpiris-entity-slider-item\">\n    <p class=\"entityItemThumbnail\">\n        <a href=\"https:\/\/www.creilsudoise-tourisme.fr\/nl\/agenda-animations\/stage-mosaique-2\/\" nofancybox>\n            <img data-src=\"https:\/\/www.creilsudoise-tourisme.fr\/wp-content\/uploads\/wpetourisme\/1000063457-275x350.jpg\" alt=\"Workshop | Moza\u00efek\">\n        <\/a>\n    <\/p>\n    <div class=\"entityItemContent\">\n        <h2 class=\"entityItemContentTitle\">\n            <a href=\"https:\/\/www.creilsudoise-tourisme.fr\/nl\/agenda-animations\/stage-mosaique-2\/\">Workshop | Moza\u00efek<\/a>\n        <\/h2>\n                    <p class=\"entityItemContentType\">Festivals en evenementen<\/p>\n            <\/div>\n    <a href=\"https:\/\/www.creilsudoise-tourisme.fr\/nl\/agenda-animations\/stage-mosaique-2\/\" class=\"seeMore\"><span class=\"sr-only\">Meer zien<\/span><\/a>\n<\/div>\n\n<div class=\"entityItem\" data-trigger=\"wpiris-click\" data-id=\"wpiris-entity-slider-item\">\n    <p class=\"entityItemThumbnail\">\n        <a href=\"https:\/\/www.creilsudoise-tourisme.fr\/nl\/agenda-animations\/glas-in-lood-cursus-3\/\" nofancybox>\n            <img data-src=\"https:\/\/www.creilsudoise-tourisme.fr\/wp-content\/uploads\/wpetourisme\/Creez-votre-vitrail-275x350.png\" alt=\"Stage | Glas in lood\">\n        <\/a>\n    <\/p>\n    <div class=\"entityItemContent\">\n        <h2 class=\"entityItemContentTitle\">\n            <a href=\"https:\/\/www.creilsudoise-tourisme.fr\/nl\/agenda-animations\/glas-in-lood-cursus-3\/\">Stage | Glas in lood<\/a>\n        <\/h2>\n                    <p class=\"entityItemContentType\">Festivals en evenementen<\/p>\n            <\/div>\n    <a href=\"https:\/\/www.creilsudoise-tourisme.fr\/nl\/agenda-animations\/glas-in-lood-cursus-3\/\" class=\"seeMore\"><span class=\"sr-only\">Meer zien<\/span><\/a>\n<\/div>\n\n<div class=\"entityItem\" data-trigger=\"wpiris-click\" data-id=\"wpiris-entity-slider-item\">\n    <p class=\"entityItemThumbnail\">\n        <a href=\"https:\/\/www.creilsudoise-tourisme.fr\/nl\/agenda-animations\/stage-mosaique-4\/\" nofancybox>\n            <img data-src=\"https:\/\/www.creilsudoise-tourisme.fr\/wp-content\/uploads\/wpetourisme\/1000063457-275x350.jpg\" alt=\"Workshop | Moza\u00efek\">\n        <\/a>\n    <\/p>\n    <div class=\"entityItemContent\">\n        <h2 class=\"entityItemContentTitle\">\n            <a href=\"https:\/\/www.creilsudoise-tourisme.fr\/nl\/agenda-animations\/stage-mosaique-4\/\">Workshop | Moza\u00efek<\/a>\n        <\/h2>\n                    <p class=\"entityItemContentType\">Festivals en evenementen<\/p>\n            <\/div>\n    <a href=\"https:\/\/www.creilsudoise-tourisme.fr\/nl\/agenda-animations\/stage-mosaique-4\/\" class=\"seeMore\"><span class=\"sr-only\">Meer zien<\/span><\/a>\n<\/div>\n\n<div class=\"entityItem\" data-trigger=\"wpiris-click\" data-id=\"wpiris-entity-slider-item\">\n    <p class=\"entityItemThumbnail\">\n        <a href=\"https:\/\/www.creilsudoise-tourisme.fr\/nl\/agenda-animations\/stage-vitrail-4\/\" nofancybox>\n            <img data-src=\"https:\/\/www.creilsudoise-tourisme.fr\/wp-content\/uploads\/wpetourisme\/Creez-votre-vitrail-275x350.png\" alt=\"Stage | Glas in lood\">\n        <\/a>\n    <\/p>\n    <div class=\"entityItemContent\">\n        <h2 class=\"entityItemContentTitle\">\n            <a href=\"https:\/\/www.creilsudoise-tourisme.fr\/nl\/agenda-animations\/stage-vitrail-4\/\">Stage | Glas in lood<\/a>\n        <\/h2>\n                    <p class=\"entityItemContentType\">Festivals en evenementen<\/p>\n            <\/div>\n    <a href=\"https:\/\/www.creilsudoise-tourisme.fr\/nl\/agenda-animations\/stage-vitrail-4\/\" class=\"seeMore\"><span class=\"sr-only\">Meer zien<\/span><\/a>\n<\/div>\n\n<div class=\"entityItem\" data-trigger=\"wpiris-click\" data-id=\"wpiris-entity-slider-item\">\n    <p class=\"entityItemThumbnail\">\n        <a href=\"https:\/\/www.creilsudoise-tourisme.fr\/nl\/agenda-animations\/atelier-lithotherapie-2\/\" nofancybox>\n            <img data-src=\"https:\/\/www.creilsudoise-tourisme.fr\/wp-content\/uploads\/wpetourisme\/Fabriquez-votre-bijou-275x350.png\" alt=\"Workshop Lithotherapie\">\n        <\/a>\n    <\/p>\n    <div class=\"entityItemContent\">\n        <h2 class=\"entityItemContentTitle\">\n            <a href=\"https:\/\/www.creilsudoise-tourisme.fr\/nl\/agenda-animations\/atelier-lithotherapie-2\/\">Workshop Lithotherapie<\/a>\n        <\/h2>\n                    <p class=\"entityItemContentType\">Festivals en evenementen<\/p>\n            <\/div>\n    <a href=\"https:\/\/www.creilsudoise-tourisme.fr\/nl\/agenda-animations\/atelier-lithotherapie-2\/\" class=\"seeMore\"><span class=\"sr-only\">Meer zien<\/span><\/a>\n<\/div>\n\n<div class=\"entityItem\" data-trigger=\"wpiris-click\" data-id=\"wpiris-entity-slider-item\">\n    <p class=\"entityItemThumbnail\">\n        <a href=\"https:\/\/www.creilsudoise-tourisme.fr\/nl\/agenda-animations\/initiatie-lithotherapie-3-2\/\" nofancybox>\n            <img data-src=\"https:\/\/www.creilsudoise-tourisme.fr\/wp-content\/uploads\/wpetourisme\/Fabriquez-votre-bijou-275x350.png\" alt=\"Workshop Lithotherapie\">\n        <\/a>\n    <\/p>\n    <div class=\"entityItemContent\">\n        <h2 class=\"entityItemContentTitle\">\n            <a href=\"https:\/\/www.creilsudoise-tourisme.fr\/nl\/agenda-animations\/initiatie-lithotherapie-3-2\/\">Workshop Lithotherapie<\/a>\n        <\/h2>\n                    <p class=\"entityItemContentType\">Festivals en evenementen<\/p>\n            <\/div>\n    <a href=\"https:\/\/www.creilsudoise-tourisme.fr\/nl\/agenda-animations\/initiatie-lithotherapie-3-2\/\" class=\"seeMore\"><span class=\"sr-only\">Meer zien<\/span><\/a>\n<\/div>\n\n<div class=\"entityItem\" data-trigger=\"wpiris-click\" data-id=\"wpiris-entity-slider-item\">\n    <p class=\"entityItemThumbnail\">\n        <a href=\"https:\/\/www.creilsudoise-tourisme.fr\/nl\/agenda-animations\/stage-mosaique-3\/\" nofancybox>\n            <img data-src=\"https:\/\/www.creilsudoise-tourisme.fr\/wp-content\/uploads\/wpetourisme\/1000063457-275x350.jpg\" alt=\"Workshop | Moza\u00efek\">\n        <\/a>\n    <\/p>\n    <div class=\"entityItemContent\">\n        <h2 class=\"entityItemContentTitle\">\n            <a href=\"https:\/\/www.creilsudoise-tourisme.fr\/nl\/agenda-animations\/stage-mosaique-3\/\">Workshop | Moza\u00efek<\/a>\n        <\/h2>\n                    <p class=\"entityItemContentType\">Festivals en evenementen<\/p>\n            <\/div>\n    <a href=\"https:\/\/www.creilsudoise-tourisme.fr\/nl\/agenda-animations\/stage-mosaique-3\/\" class=\"seeMore\"><span class=\"sr-only\">Meer zien<\/span><\/a>\n<\/div>\n\n<div class=\"entityItem\" data-trigger=\"wpiris-click\" data-id=\"wpiris-entity-slider-item\">\n    <p class=\"entityItemThumbnail\">\n        <a href=\"https:\/\/www.creilsudoise-tourisme.fr\/nl\/agenda-animations\/stage-vitrail-2\/\" nofancybox>\n            <img data-src=\"https:\/\/www.creilsudoise-tourisme.fr\/wp-content\/uploads\/wpetourisme\/Creez-votre-vitrail-275x350.png\" alt=\"Stage | Glas in lood\">\n        <\/a>\n    <\/p>\n    <div class=\"entityItemContent\">\n        <h2 class=\"entityItemContentTitle\">\n            <a href=\"https:\/\/www.creilsudoise-tourisme.fr\/nl\/agenda-animations\/stage-vitrail-2\/\">Stage | Glas in lood<\/a>\n        <\/h2>\n                    <p class=\"entityItemContentType\">Festivals en evenementen<\/p>\n            <\/div>\n    <a href=\"https:\/\/www.creilsudoise-tourisme.fr\/nl\/agenda-animations\/stage-vitrail-2\/\" class=\"seeMore\"><span class=\"sr-only\">Meer zien<\/span><\/a>\n<\/div>\n\n<div class=\"entityItem\" data-trigger=\"wpiris-click\" data-id=\"wpiris-entity-slider-item\">\n    <p class=\"entityItemThumbnail\">\n        <a href=\"https:\/\/www.creilsudoise-tourisme.fr\/nl\/agenda-animations\/stage-vitrail-6\/\" nofancybox>\n            <img data-src=\"https:\/\/www.creilsudoise-tourisme.fr\/wp-content\/uploads\/wpetourisme\/Creez-votre-vitrail-275x350.png\" alt=\"Stage | Glas in lood\">\n        <\/a>\n    <\/p>\n    <div class=\"entityItemContent\">\n        <h2 class=\"entityItemContentTitle\">\n            <a href=\"https:\/\/www.creilsudoise-tourisme.fr\/nl\/agenda-animations\/stage-vitrail-6\/\">Stage | Glas in lood<\/a>\n        <\/h2>\n                    <p class=\"entityItemContentType\">Festivals en evenementen<\/p>\n            <\/div>\n    <a href=\"https:\/\/www.creilsudoise-tourisme.fr\/nl\/agenda-animations\/stage-vitrail-6\/\" class=\"seeMore\"><span class=\"sr-only\">Meer zien<\/span><\/a>\n<\/div>\n\n<div class=\"entityItem\" data-trigger=\"wpiris-click\" data-id=\"wpiris-entity-slider-item\">\n    <p class=\"entityItemThumbnail\">\n        <a href=\"https:\/\/www.creilsudoise-tourisme.fr\/nl\/agenda-animations\/stage-ceramique-2\/\" nofancybox>\n            <img data-src=\"https:\/\/www.creilsudoise-tourisme.fr\/wp-content\/uploads\/wpetourisme\/Faconnez-votre-ceramique-275x350.png\" alt=\"Stage | Keramiek\">\n        <\/a>\n    <\/p>\n    <div class=\"entityItemContent\">\n        <h2 class=\"entityItemContentTitle\">\n            <a href=\"https:\/\/www.creilsudoise-tourisme.fr\/nl\/agenda-animations\/stage-ceramique-2\/\">Stage | Keramiek<\/a>\n        <\/h2>\n                    <p class=\"entityItemContentType\">Festivals en evenementen<\/p>\n            <\/div>\n    <a href=\"https:\/\/www.creilsudoise-tourisme.fr\/nl\/agenda-animations\/stage-ceramique-2\/\" class=\"seeMore\"><span class=\"sr-only\">Meer zien<\/span><\/a>\n<\/div>\n\n<div class=\"entityItem\" data-trigger=\"wpiris-click\" data-id=\"wpiris-entity-slider-item\">\n    <p class=\"entityItemThumbnail\">\n        <a href=\"https:\/\/www.creilsudoise-tourisme.fr\/nl\/agenda-animations\/stage-vitrail-5\/\" nofancybox>\n            <img data-src=\"https:\/\/www.creilsudoise-tourisme.fr\/wp-content\/uploads\/wpetourisme\/Creez-votre-vitrail-275x350.png\" alt=\"Stage | Glas in lood\">\n        <\/a>\n    <\/p>\n    <div class=\"entityItemContent\">\n        <h2 class=\"entityItemContentTitle\">\n            <a href=\"https:\/\/www.creilsudoise-tourisme.fr\/nl\/agenda-animations\/stage-vitrail-5\/\">Stage | Glas in lood<\/a>\n        <\/h2>\n                    <p class=\"entityItemContentType\">Festivals en evenementen<\/p>\n            <\/div>\n    <a href=\"https:\/\/www.creilsudoise-tourisme.fr\/nl\/agenda-animations\/stage-vitrail-5\/\" class=\"seeMore\"><span class=\"sr-only\">Meer zien<\/span><\/a>\n<\/div>\n                <\/div>\n\n                \n<div class=\"sliderNav\">\n    <div class=\"sliderNavWrapper\">\n        <p class=\"swiperArrow swiperArrow--next\" data-trigger=\"swiper-next\">\n            <span class=\"sr-only\">Volgende<\/span>\n        <\/p>\n        <p class=\"swiperArrow swiperArrow--prev\" data-trigger=\"swiper-prev\">\n            <span class=\"sr-only\">Vorige<\/span>\n        <\/p>\n    <\/div>\n<\/div>\n            <\/div>\n            <\/div>\n<\/div><\/div>\n\n\n<div class=\"wp-block wp-block-single-sit wp-block-single-sit-coordonnees\" >\n\n            <h2>Toegang<\/h2>\n    \n    <div class=\"wp-block-media-text is-stacked-on-mobile\">\n\n        <div class=\"wp-block-media-text__media wpet-map-detail\" style=\"width:100%; height: 100%;\">\n            <div class=\"wp-block-media-text__media__content\" id=\"wpetSingleSitMap\" data-wpet-type-map=\"leaflet\" ><\/div>\n        <\/div>\n\n        <div class=\"wp-block-media-text__content\">\n\n                            <p class=\"wp-block-coordonnees__status wp-block-coordonnees__status--close\">\n                    Gesloten                <\/p>\n            \n            <p class=\"wp-block-media-text__content__address\">\n                                    <strong>Stone House<\/strong><br \/>\n                \n                                    22 Jean Jaur\u00e8s straat<br \/>\n                \n                                    <span>60740<\/span>\n                    <span>SAINT-MAXIMIN<\/span><br \/>\n                            <\/p>\n\n                                                <p class=\"wp-block-media-text__content__phone\"><a data-type=\"TEL\" href=\"tel: 33 3 44 61 18 54\">+33 3 44 61 18 54<\/a><\/p>\n                            \n            <a href=\"https:\/\/www.google.fr\/maps?saddr&#038;daddr=49.2224151,2.4444556\" target=\"_blank\" class=\"button GtmButtonCalculItinerairePrestataire\" rel=\"noopener noreferrer\">Mijn route berekenen<\/a>\n        <\/div>\n    <\/div>\n<\/div>\n\n\n    <div class=\"wp-block wp-block-single-sit wp-block-single-sit-ouvertures\" id=\"opening\">\n\n                    <h2>Opening<\/h2>\n        \n        \t<div class=\"wpetTableList\" >\n                <div data-id=\"wpet-table-slider-wrapper\">\n\t\t    \t\t\t\t\t\t<div class=\"wpetTableContainer\" >\n\t\t\t\t<table class=\"wpetTable wpTable--opening\">\n\t\t\t\t\t<thead class=\"wpetTableHeader\">\n\t\t\t\t\t<tr>\n\t\t\t\t\t\t<td colspan=\"2\">\n\t\t\t\t\t\t\t\t\t\t\t\t\t\t\tDu 01 januari au 30 juni\t\t\t\t\t\t\t\t\t\t\t\t\t<\/td>\n\t\t\t\t\t<\/tr>\n\t\t\t\t\t<\/thead>\n\t\t\t\t\t\t\t\t\t\t\t\t\t\t\t\t\t\t<tr class=\"wpetTableLine\">\n\t\t\t\t\t\t\t\t<td class=\"wpetTableCell\">Maandag<\/td>\n\t\t\t\t\t\t\t\t<td class=\"wpetTableCell\">Gesloten<\/td>\n\t\t\t\t\t\t\t<\/tr>\n\t\t\t\t\t\t\t\t\t\t\t\t\t\t\t\t\t\t\t\t\t\t\t\t<tr class=\"wpetTableLine\">\n\t\t\t\t\t\t\t\t<td class=\"wpetTableCell\">Dinsdag<\/td>\n\t\t\t\t\t\t\t\t<td class=\"wpetTableCell\">Gesloten<\/td>\n\t\t\t\t\t\t\t<\/tr>\n\t\t\t\t\t\t\t\t\t\t\t\t\t\t\t\t\t\t\t\t\t\t\t\t<tr class=\"wpetTableLine\">\n\t\t\t\t\t\t\t\t<td class=\"wpetTableCell\">Woensdag<\/td>\n\t\t\t\t\t\t\t\t<td class=\"wpetTableCell\">Gesloten<\/td>\n\t\t\t\t\t\t\t<\/tr>\n\t\t\t\t\t\t\t\t\t\t\t\t\t\t\t\t\t\t\t\t\t\t\t\t<tr class=\"wpetTableLine\">\n\t\t\t\t\t\t\t\t<td class=\"wpetTableCell\">Donderdag<\/td>\n\t\t\t\t\t\t\t\t<td class=\"wpetTableCell\">Gesloten<\/td>\n\t\t\t\t\t\t\t<\/tr>\n\t\t\t\t\t\t\t\t\t\t\t\t\t\t\t\t\t\t\t\t\t\t\t\t<tr class=\"wpetTableLine\">\n\t\t\t\t\t\t\t\t<td class=\"wpetTableCell\">Vrijdag<\/td>\n\t\t\t\t\t\t\t\t<td class=\"wpetTableCell\">Gesloten<\/td>\n\t\t\t\t\t\t\t<\/tr>\n\t\t\t\t\t\t\t\t\t\t\t\t\t\t\t\t\t\t\t\t\t\t\t\t<tr class=\"wpetTableLine\">\n\t\t\t\t\t\t\t\t<td class=\"wpetTableCell\">Zaterdag<\/td>\n\t\t\t\t\t\t\t\t<td class=\"wpetTableCell\">Gesloten<\/td>\n\t\t\t\t\t\t\t<\/tr>\n\t\t\t\t\t\t\t\t\t\t\t\t\t\t\t\t\t\t\t\t\t\t\t\t<tr class=\"wpetTableLine\">\n\t\t\t\t\t\t\t\t<td class=\"wpetTableCell\">Zondag<\/td>\n\t\t\t\t\t\t\t\t<td class=\"wpetTableCell\">Gesloten<\/td>\n\t\t\t\t\t\t\t<\/tr>\n\t\t\t\t\t\t\t\t\t\t\t\t\t\t\t<\/table>\n\t\t\t<\/div>\n\t\t        <\/div>\n\t<\/div>\n\n    <\/div>\n\n\n\n    <div class=\"wp-block wp-block-single-sit wp-block-single-sit-tarifs\">\n\n                    <h2>Tarieven<\/h2>\n        \n        \n    <table class=\"wpetTable\">\n                    <tr class=\"wpetTableLine\">\n                <td class=\"wpetTableCell\">\n                    Tarief volwassenen                                            <span class=\"wpetTableCell--complement entryMeta\">Rondleiding door de ondergrondse steengroeve<\/span>\n                                    <\/td>\n                <td class=\"wpetTableCell\">7 \u20ac<\/td>\n            <\/tr>\n                    <tr class=\"wpetTableLine\">\n                <td class=\"wpetTableCell\">\n                    Andere tarieven                                            <span class=\"wpetTableCell--complement entryMeta\">tarif \u00e0 partir de&#8230; pour les stages artistiques<\/span>\n                                    <\/td>\n                <td class=\"wpetTableCell\">31 \u20ac<\/td>\n            <\/tr>\n                    <tr class=\"wpetTableLine\">\n                <td class=\"wpetTableCell\">\n                    Verlaagd tarief voor volwassenen                                            <span class=\"wpetTableCell--complement entryMeta\">Rondleiding ACSO bewoners, werklozen, gehandicapten<\/span>\n                                    <\/td>\n                <td class=\"wpetTableCell\">5 \u20ac<\/td>\n            <\/tr>\n                    <tr class=\"wpetTableLine\">\n                <td class=\"wpetTableCell\">\n                    Kindertarief                                            <span class=\"wpetTableCell--complement entryMeta\">Rondleiding door de ondergrondse steengroeve 5-17 jaar<\/span>\n                                    <\/td>\n                <td class=\"wpetTableCell\">5 \u20ac<\/td>\n            <\/tr>\n            <\/table>\n\n\n    \n    \n    \n    \n    <\/div>\n\n\n\n\n<hr class=\"wp-block-separator has-alpha-channel-opacity\"\/>\n\n\n<div class=\"wp-block wp-block-highlight\">\n            <h3 class=\"wp-block-highlight-item wp-block-highlight-title\">Meer weten?<\/h3>\n                <p class=\"wp-block-highlight-item wp-block-highlight-excerpt\">Dit prachtige verslag is geschreven ter gelegenheid van de release van de gloednieuwe<strong> Het eerste bestemmingsmagazine van Creil Sud Oise Tourisme<\/strong>.<br>Binnen, n<strong>talloze andere artikelen<\/strong> zal je meenemen om <strong>lokale cijfers<\/strong> en bieden <strong>idee\u00ebn voor uitjes!<\/strong><br><strong>Bestellen bij<\/strong> om het op papier te ontvangen!<br><strong><a href=\"https:\/\/www.creilsudoise-tourisme.fr\/nl\/praktijk\/brochures\/\" target=\"_blank\" rel=\"noreferrer noopener\">Klik hier om te bestellen<\/a><\/strong><\/p>\n    <\/div>","protected":false},"excerpt":{"rendered":"<p>In Saint-Maximin, op slechts een paar kilometer van Chantilly, vertelt het Maison de la Pierre het verhaal van duizend jaar steenbewerking, weinig bekend bij het grote publiek. Vandaag de dag gaat de reputatie van de steen uit de regio hand in hand met de grote Haussmann bouwprojecten uit de 19e eeuw en oudere bouwwerken. De Sint-Pieterskerk en de kathedraal van Senlis, het kasteel van Vaux-le-Vicomte... noem maar op!<\/p>","protected":false},"author":3,"featured_media":54065,"comment_status":"closed","ping_status":"closed","sticky":false,"template":"","format":"standard","meta":{"_relevanssi_hide_post":"","_relevanssi_hide_content":"","_relevanssi_pin_for_all":"","_relevanssi_pin_keywords":"","_relevanssi_unpin_keywords":"","_relevanssi_related_keywords":"","_relevanssi_related_include_ids":"","_relevanssi_related_exclude_ids":"","_relevanssi_related_no_append":"","_relevanssi_related_not_related":"","_relevanssi_related_posts":"41674,39613,39315,53601,40454,41664","_relevanssi_noindex_reason":""},"categories":[10],"tags":[],"yoast_head":"<!-- This site is optimized with the Yoast SEO plugin v20.2.1 - https:\/\/yoast.com\/wordpress\/plugins\/seo\/ -->\n<title>La Maison de la Pierre, histoires d\u2019hommes &amp; de territoire<\/title>\n<meta name=\"description\" content=\"Rencontre avec Claude, passionn\u00e9 d&#039;exploration en carri\u00e8re souterraine, carrier, fils et petit-fils de carrier \u00e0 Saint-Maximin dans l&#039;Oise\" \/>\n<meta name=\"robots\" content=\"index, follow, max-snippet:-1, max-image-preview:large, max-video-preview:-1\" \/>\n<link rel=\"canonical\" href=\"https:\/\/www.creilsudoise-tourisme.fr\/nl\/2024\/05\/24\/claude-boufflet\/\" \/>\n<meta property=\"og:locale\" content=\"nl_NL\" \/>\n<meta property=\"og:type\" content=\"article\" \/>\n<meta property=\"og:title\" content=\"La Maison de la Pierre, histoires d\u2019hommes &amp; de territoire\" \/>\n<meta property=\"og:description\" content=\"Rencontre avec Claude, passionn\u00e9 d&#039;exploration en carri\u00e8re souterraine, carrier, fils et petit-fils de carrier \u00e0 Saint-Maximin dans l&#039;Oise\" \/>\n<meta property=\"og:url\" content=\"https:\/\/www.creilsudoise-tourisme.fr\/nl\/2024\/05\/24\/claude-boufflet\/\" \/>\n<meta property=\"og:site_name\" content=\"Office de Tourisme Creil Sud Oise\" \/>\n<meta property=\"article:publisher\" content=\"https:\/\/www.facebook.com\/creilsudoisetourisme\/\" \/>\n<meta property=\"article:published_time\" content=\"2024-05-24T09:16:35+00:00\" \/>\n<meta property=\"article:modified_time\" content=\"2024-07-02T08:40:05+00:00\" \/>\n<meta property=\"og:image\" content=\"https:\/\/www.creilsudoise-tourisme.fr\/wp-content\/uploads\/2024\/05\/Claude-Boufflet-\u00a9-Creil-Sud-Oise-Tourisme-2.jpg\" \/>\n\t<meta property=\"og:image:width\" content=\"640\" \/>\n\t<meta property=\"og:image:height\" content=\"960\" \/>\n\t<meta property=\"og:image:type\" content=\"image\/jpeg\" \/>\n<meta name=\"author\" content=\"fdubut\" \/>\n<meta name=\"twitter:card\" content=\"summary_large_image\" \/>\n<meta name=\"twitter:creator\" content=\"@CreilSudOiseOT\" \/>\n<meta name=\"twitter:site\" content=\"@CreilSudOiseOT\" \/>\n<meta name=\"twitter:label1\" content=\"Geschreven door\" \/>\n\t<meta name=\"twitter:data1\" content=\"fdubut\" \/>\n\t<meta name=\"twitter:label2\" content=\"Geschatte leestijd\" \/>\n\t<meta name=\"twitter:data2\" content=\"5 minuten\" \/>\n<script type=\"application\/ld+json\" class=\"yoast-schema-graph\">{\"@context\":\"https:\/\/schema.org\",\"@graph\":[{\"@type\":\"Article\",\"@id\":\"https:\/\/www.creilsudoise-tourisme.fr\/2024\/05\/24\/claude-boufflet\/#article\",\"isPartOf\":{\"@id\":\"https:\/\/www.creilsudoise-tourisme.fr\/2024\/05\/24\/claude-boufflet\/\"},\"author\":{\"name\":\"fdubut\",\"@id\":\"https:\/\/www.creilsudoise-tourisme.fr\/#\/schema\/person\/c5140d47645b13bee896bfe05f1bd5da\"},\"headline\":\"La Maison de la Pierre, histoires d\u2019hommes &#038; de territoire\",\"datePublished\":\"2024-05-24T09:16:35+00:00\",\"dateModified\":\"2024-07-02T08:40:05+00:00\",\"mainEntityOfPage\":{\"@id\":\"https:\/\/www.creilsudoise-tourisme.fr\/2024\/05\/24\/claude-boufflet\/\"},\"wordCount\":1082,\"publisher\":{\"@id\":\"https:\/\/www.creilsudoise-tourisme.fr\/#organization\"},\"articleSection\":[\"Nos ambassadeurs\"],\"inLanguage\":\"nl\"},{\"@type\":\"WebPage\",\"@id\":\"https:\/\/www.creilsudoise-tourisme.fr\/2024\/05\/24\/claude-boufflet\/\",\"url\":\"https:\/\/www.creilsudoise-tourisme.fr\/2024\/05\/24\/claude-boufflet\/\",\"name\":\"La Maison de la Pierre, histoires d\u2019hommes & de territoire\",\"isPartOf\":{\"@id\":\"https:\/\/www.creilsudoise-tourisme.fr\/#website\"},\"datePublished\":\"2024-05-24T09:16:35+00:00\",\"dateModified\":\"2024-07-02T08:40:05+00:00\",\"description\":\"Rencontre avec Claude, passionn\u00e9 d'exploration en carri\u00e8re souterraine, carrier, fils et petit-fils de carrier \u00e0 Saint-Maximin dans l'Oise\",\"breadcrumb\":{\"@id\":\"https:\/\/www.creilsudoise-tourisme.fr\/2024\/05\/24\/claude-boufflet\/#breadcrumb\"},\"inLanguage\":\"nl\",\"potentialAction\":[{\"@type\":\"ReadAction\",\"target\":[\"https:\/\/www.creilsudoise-tourisme.fr\/2024\/05\/24\/claude-boufflet\/\"]}]},{\"@type\":\"BreadcrumbList\",\"@id\":\"https:\/\/www.creilsudoise-tourisme.fr\/2024\/05\/24\/claude-boufflet\/#breadcrumb\",\"itemListElement\":[{\"@type\":\"ListItem\",\"position\":1,\"name\":\"Accueil\",\"item\":\"https:\/\/www.creilsudoise-tourisme.fr\/\"},{\"@type\":\"ListItem\",\"position\":2,\"name\":\"La Maison de la Pierre, histoires d\u2019hommes &#038; de territoire\"}]},{\"@type\":\"WebSite\",\"@id\":\"https:\/\/www.creilsudoise-tourisme.fr\/#website\",\"url\":\"https:\/\/www.creilsudoise-tourisme.fr\/\",\"name\":\"Office de Tourisme Creil Sud Oise\",\"description\":\"Creil Sud Oise Tourisme, un territoire \u00e0 explorer !\",\"publisher\":{\"@id\":\"https:\/\/www.creilsudoise-tourisme.fr\/#organization\"},\"potentialAction\":[{\"@type\":\"SearchAction\",\"target\":{\"@type\":\"EntryPoint\",\"urlTemplate\":\"https:\/\/www.creilsudoise-tourisme.fr\/?s={search_term_string}\"},\"query-input\":\"required name=search_term_string\"}],\"inLanguage\":\"nl\"},{\"@type\":\"Organization\",\"@id\":\"https:\/\/www.creilsudoise-tourisme.fr\/#organization\",\"name\":\"Creil Sud Oise Tourisme\",\"url\":\"https:\/\/www.creilsudoise-tourisme.fr\/\",\"logo\":{\"@type\":\"ImageObject\",\"inLanguage\":\"nl\",\"@id\":\"https:\/\/www.creilsudoise-tourisme.fr\/#\/schema\/logo\/image\/\",\"url\":\"https:\/\/www.creilsudoise-tourisme.fr\/wp-content\/uploads\/2021\/05\/logo-svg.png\",\"contentUrl\":\"https:\/\/www.creilsudoise-tourisme.fr\/wp-content\/uploads\/2021\/05\/logo-svg.png\",\"width\":182,\"height\":71,\"caption\":\"Creil Sud Oise Tourisme\"},\"image\":{\"@id\":\"https:\/\/www.creilsudoise-tourisme.fr\/#\/schema\/logo\/image\/\"},\"sameAs\":[\"https:\/\/www.facebook.com\/creilsudoisetourisme\/\",\"https:\/\/twitter.com\/CreilSudOiseOT\",\"https:\/\/www.instagram.com\/creilsudoisetourisme\/\",\"https:\/\/www.youtube.com\/channel\/UC8L_QD2wwyADW14zt9fY8kw\"]},{\"@type\":\"Person\",\"@id\":\"https:\/\/www.creilsudoise-tourisme.fr\/#\/schema\/person\/c5140d47645b13bee896bfe05f1bd5da\",\"name\":\"fdubut\",\"image\":{\"@type\":\"ImageObject\",\"inLanguage\":\"nl\",\"@id\":\"https:\/\/www.creilsudoise-tourisme.fr\/#\/schema\/person\/image\/\",\"url\":\"https:\/\/secure.gravatar.com\/avatar\/c49bb61337bf4556cafdbcb92c18618d?s=96&d=mm&r=g\",\"contentUrl\":\"https:\/\/secure.gravatar.com\/avatar\/c49bb61337bf4556cafdbcb92c18618d?s=96&d=mm&r=g\",\"caption\":\"fdubut\"},\"url\":\"https:\/\/www.creilsudoise-tourisme.fr\/nl\/auteur\/fdubut\/\"}]}<\/script>\n<!-- \/ Yoast SEO plugin. -->","yoast_head_json":{"title":"La Maison de la Pierre, histoires d\u2019hommes & de territoire","description":"Rencontre avec Claude, passionn\u00e9 d'exploration en carri\u00e8re souterraine, carrier, fils et petit-fils de carrier \u00e0 Saint-Maximin dans l'Oise","robots":{"index":"index","follow":"follow","max-snippet":"max-snippet:-1","max-image-preview":"max-image-preview:large","max-video-preview":"max-video-preview:-1"},"canonical":"https:\/\/www.creilsudoise-tourisme.fr\/nl\/2024\/05\/24\/claude-boufflet\/","og_locale":"nl_NL","og_type":"article","og_title":"La Maison de la Pierre, histoires d\u2019hommes & de territoire","og_description":"Rencontre avec Claude, passionn\u00e9 d'exploration en carri\u00e8re souterraine, carrier, fils et petit-fils de carrier \u00e0 Saint-Maximin dans l'Oise","og_url":"https:\/\/www.creilsudoise-tourisme.fr\/nl\/2024\/05\/24\/claude-boufflet\/","og_site_name":"Office de Tourisme Creil Sud Oise","article_publisher":"https:\/\/www.facebook.com\/creilsudoisetourisme\/","article_published_time":"2024-05-24T09:16:35+00:00","article_modified_time":"2024-07-02T08:40:05+00:00","og_image":[{"width":640,"height":960,"url":"https:\/\/www.creilsudoise-tourisme.fr\/wp-content\/uploads\/2024\/05\/Claude-Boufflet-\u00a9-Creil-Sud-Oise-Tourisme-2.jpg","type":"image\/jpeg"}],"author":"fdubut","twitter_card":"summary_large_image","twitter_creator":"@CreilSudOiseOT","twitter_site":"@CreilSudOiseOT","twitter_misc":{"Geschreven door":"fdubut","Geschatte leestijd":"5 minuten"},"schema":{"@context":"https:\/\/schema.org","@graph":[{"@type":"Article","@id":"https:\/\/www.creilsudoise-tourisme.fr\/2024\/05\/24\/claude-boufflet\/#article","isPartOf":{"@id":"https:\/\/www.creilsudoise-tourisme.fr\/2024\/05\/24\/claude-boufflet\/"},"author":{"name":"fdubut","@id":"https:\/\/www.creilsudoise-tourisme.fr\/#\/schema\/person\/c5140d47645b13bee896bfe05f1bd5da"},"headline":"La Maison de la Pierre, histoires d\u2019hommes &#038; de territoire","datePublished":"2024-05-24T09:16:35+00:00","dateModified":"2024-07-02T08:40:05+00:00","mainEntityOfPage":{"@id":"https:\/\/www.creilsudoise-tourisme.fr\/2024\/05\/24\/claude-boufflet\/"},"wordCount":1082,"publisher":{"@id":"https:\/\/www.creilsudoise-tourisme.fr\/#organization"},"articleSection":["Nos ambassadeurs"],"inLanguage":"nl"},{"@type":"WebPage","@id":"https:\/\/www.creilsudoise-tourisme.fr\/2024\/05\/24\/claude-boufflet\/","url":"https:\/\/www.creilsudoise-tourisme.fr\/2024\/05\/24\/claude-boufflet\/","name":"La Maison de la Pierre, histoires d\u2019hommes & de territoire","isPartOf":{"@id":"https:\/\/www.creilsudoise-tourisme.fr\/#website"},"datePublished":"2024-05-24T09:16:35+00:00","dateModified":"2024-07-02T08:40:05+00:00","description":"Rencontre avec Claude, passionn\u00e9 d'exploration en carri\u00e8re souterraine, carrier, fils et petit-fils de carrier \u00e0 Saint-Maximin dans l'Oise","breadcrumb":{"@id":"https:\/\/www.creilsudoise-tourisme.fr\/2024\/05\/24\/claude-boufflet\/#breadcrumb"},"inLanguage":"nl","potentialAction":[{"@type":"ReadAction","target":["https:\/\/www.creilsudoise-tourisme.fr\/2024\/05\/24\/claude-boufflet\/"]}]},{"@type":"BreadcrumbList","@id":"https:\/\/www.creilsudoise-tourisme.fr\/2024\/05\/24\/claude-boufflet\/#breadcrumb","itemListElement":[{"@type":"ListItem","position":1,"name":"Accueil","item":"https:\/\/www.creilsudoise-tourisme.fr\/"},{"@type":"ListItem","position":2,"name":"La Maison de la Pierre, histoires d\u2019hommes &#038; de territoire"}]},{"@type":"WebSite","@id":"https:\/\/www.creilsudoise-tourisme.fr\/#website","url":"https:\/\/www.creilsudoise-tourisme.fr\/","name":"Office de Tourisme Creil Sud Oise","description":"Creil Sud Oise Tourisme, un territoire \u00e0 explorer !","publisher":{"@id":"https:\/\/www.creilsudoise-tourisme.fr\/#organization"},"potentialAction":[{"@type":"SearchAction","target":{"@type":"EntryPoint","urlTemplate":"https:\/\/www.creilsudoise-tourisme.fr\/?s={search_term_string}"},"query-input":"required name=search_term_string"}],"inLanguage":"nl"},{"@type":"Organization","@id":"https:\/\/www.creilsudoise-tourisme.fr\/#organization","name":"Creil Sud Oise Tourisme","url":"https:\/\/www.creilsudoise-tourisme.fr\/","logo":{"@type":"ImageObject","inLanguage":"nl","@id":"https:\/\/www.creilsudoise-tourisme.fr\/#\/schema\/logo\/image\/","url":"https:\/\/www.creilsudoise-tourisme.fr\/wp-content\/uploads\/2021\/05\/logo-svg.png","contentUrl":"https:\/\/www.creilsudoise-tourisme.fr\/wp-content\/uploads\/2021\/05\/logo-svg.png","width":182,"height":71,"caption":"Creil Sud Oise Tourisme"},"image":{"@id":"https:\/\/www.creilsudoise-tourisme.fr\/#\/schema\/logo\/image\/"},"sameAs":["https:\/\/www.facebook.com\/creilsudoisetourisme\/","https:\/\/twitter.com\/CreilSudOiseOT","https:\/\/www.instagram.com\/creilsudoisetourisme\/","https:\/\/www.youtube.com\/channel\/UC8L_QD2wwyADW14zt9fY8kw"]},{"@type":"Person","@id":"https:\/\/www.creilsudoise-tourisme.fr\/#\/schema\/person\/c5140d47645b13bee896bfe05f1bd5da","name":"fdubut","image":{"@type":"ImageObject","inLanguage":"nl","@id":"https:\/\/www.creilsudoise-tourisme.fr\/#\/schema\/person\/image\/","url":"https:\/\/secure.gravatar.com\/avatar\/c49bb61337bf4556cafdbcb92c18618d?s=96&d=mm&r=g","contentUrl":"https:\/\/secure.gravatar.com\/avatar\/c49bb61337bf4556cafdbcb92c18618d?s=96&d=mm&r=g","caption":"fdubut"},"url":"https:\/\/www.creilsudoise-tourisme.fr\/nl\/auteur\/fdubut\/"}]}},"_links":{"self":[{"href":"https:\/\/www.creilsudoise-tourisme.fr\/nl\/wp-json\/wp\/v2\/posts\/54043"}],"collection":[{"href":"https:\/\/www.creilsudoise-tourisme.fr\/nl\/wp-json\/wp\/v2\/posts"}],"about":[{"href":"https:\/\/www.creilsudoise-tourisme.fr\/nl\/wp-json\/wp\/v2\/types\/post"}],"author":[{"embeddable":true,"href":"https:\/\/www.creilsudoise-tourisme.fr\/nl\/wp-json\/wp\/v2\/users\/3"}],"replies":[{"embeddable":true,"href":"https:\/\/www.creilsudoise-tourisme.fr\/nl\/wp-json\/wp\/v2\/comments?post=54043"}],"version-history":[{"count":9,"href":"https:\/\/www.creilsudoise-tourisme.fr\/nl\/wp-json\/wp\/v2\/posts\/54043\/revisions"}],"predecessor-version":[{"id":54117,"href":"https:\/\/www.creilsudoise-tourisme.fr\/nl\/wp-json\/wp\/v2\/posts\/54043\/revisions\/54117"}],"wp:featuredmedia":[{"embeddable":true,"href":"https:\/\/www.creilsudoise-tourisme.fr\/nl\/wp-json\/wp\/v2\/media\/54065"}],"wp:attachment":[{"href":"https:\/\/www.creilsudoise-tourisme.fr\/nl\/wp-json\/wp\/v2\/media?parent=54043"}],"wp:term":[{"taxonomy":"category","embeddable":true,"href":"https:\/\/www.creilsudoise-tourisme.fr\/nl\/wp-json\/wp\/v2\/categories?post=54043"},{"taxonomy":"post_tag","embeddable":true,"href":"https:\/\/www.creilsudoise-tourisme.fr\/nl\/wp-json\/wp\/v2\/tags?post=54043"}],"curies":[{"name":"wp","href":"https:\/\/api.w.org\/{rel}","templated":true}]}}