{"id":53601,"date":"2024-04-26T11:58:14","date_gmt":"2024-04-26T09:58:14","guid":{"rendered":"https:\/\/www.creilsudoise-tourisme.fr\/?p=53601"},"modified":"2024-07-02T10:40:12","modified_gmt":"2024-07-02T08:40:12","slug":"nicolas-bilot","status":"publish","type":"post","link":"https:\/\/www.creilsudoise-tourisme.fr\/nl\/2024\/04\/26\/nicolas-bilot\/","title":{"rendered":"Kasteel van Creil: een verloren schat"},"content":{"rendered":"<p class=\"is-style-excerpt\">Wat is er over van <strong>monumentaal kasteel met uitzicht op Creil <\/strong>in de Middeleeuwen? <strong>Nicolas Bilot, archeoloog <\/strong>lid van de SDAO (Service D\u00e9partemental d'Arch\u00e9ologie de l'Oise) en oprichter van Aquilon, een bedrijf dat gespecialiseerd is in erfgoedonderzoek en -opwaardering, neemt ons mee op een ontdekkingsreis. <strong>de overblijfselen van dit stralende maar weinig bekende verleden.<\/strong><\/p>\n\n\n\n<h2><strong>Creil: een strategische en koninklijke stad<\/strong><\/h2>\n\n\n\n<div class=\"is-layout-flex wp-container-3 wp-block-columns\">\n<div class=\"is-layout-flow wp-block-column\" style=\"flex-basis:33.33%\">\n<figure class=\"wp-block-image size-large\"><img decoding=\"async\" loading=\"lazy\" width=\"1200\" height=\"1180\" data-src=\"https:\/\/www.creilsudoise-tourisme.fr\/wp-content\/uploads\/2024\/04\/Nicolas_Bilot-1-1200x1180.jpg\" alt=\"toren geschiedenis creil kasteel Nicolas Bilot archeologie\" class=\"wp-image-53618\" data-srcset=\"https:\/\/www.creilsudoise-tourisme.fr\/wp-content\/uploads\/2024\/04\/Nicolas_Bilot-1-1200x1180.jpg 1200w, https:\/\/www.creilsudoise-tourisme.fr\/wp-content\/uploads\/2024\/04\/Nicolas_Bilot-1-600x590.jpg 600w, https:\/\/www.creilsudoise-tourisme.fr\/wp-content\/uploads\/2024\/04\/Nicolas_Bilot-1-900x885.jpg 900w, https:\/\/www.creilsudoise-tourisme.fr\/wp-content\/uploads\/2024\/04\/Nicolas_Bilot-1-12x12.jpg 12w, https:\/\/www.creilsudoise-tourisme.fr\/wp-content\/uploads\/2024\/04\/Nicolas_Bilot-1-200x197.jpg 200w, https:\/\/www.creilsudoise-tourisme.fr\/wp-content\/uploads\/2024\/04\/Nicolas_Bilot-1-650x639.jpg 650w, https:\/\/www.creilsudoise-tourisme.fr\/wp-content\/uploads\/2024\/04\/Nicolas_Bilot-1-387x381.jpg 387w, https:\/\/www.creilsudoise-tourisme.fr\/wp-content\/uploads\/2024\/04\/Nicolas_Bilot-1.jpg 1205w\" sizes=\"(max-width: 1200px) 100vw, 1200px\" \/><figcaption class=\"wp-element-caption\">Diane Maat<\/figcaption><\/figure>\n<\/div>\n\n\n\n<div class=\"is-layout-flow wp-block-column\" style=\"flex-basis:66.66%\">\n<p>Hoe verrassend het ook lijkt,<strong> Er was een groot middeleeuws kasteel in Creil, op het \u00cele Saint-Maurice.<\/strong> Het stond waar het stadhuis en de <a href=\"https:\/\/www.creilsudoise-tourisme.fr\/nl\/jexplore\/must-haves\/musee-galle-juillet\/\" target=\"_blank\" rel=\"noreferrer noopener\">Museum Gall\u00e9-Juillet<\/a>Het kasteel werd gebouwd in de stijl van het Ch\u00e2teau de Pierrefonds, waar ook het huis van deze familie Creillois en het Maison de la Fa\u00efence stonden. Nicolas Bilot gelooft nu dat het net zo was als het Ch\u00e2teau de Pierrefonds, dat een paar decennia later werd gebouwd.<\/p>\n<\/div>\n<\/div>\n\n\n\n<p>In de middeleeuwen was deze plek <strong>strategisch <\/strong>Om verschillende redenen: \"De eerste was dat het de Oise controleerde, in een tijd waarin de meeste goederen over water werden vervoerd,\" legt de archeoloog uit. \"Het stond in verbinding met Rouen en was via de Seine verbonden met Parijs, wat betekende dat Creil een achterlandhaven werd voor de hoofdstad. Een belangrijke kwestie voor de voedselvoorziening: \"De Oise is een graangebied met hoge opbrengsten en aangezien Parijs een gigantische buik heeft, maakt het deel uit van de graanschuur van Parijs. Er is dus een enorm economisch belang in Creil en zijn kasteel.<\/p>\n\n\n\n<p>\u00cele Saint-Maurice had ook een defensieve rol: \"Als je het eiland beheerst, beheers je de scheepvaart op de Oise,\" legt Nicolas Bilot uit. Het was de ideale locatie om invasies vanuit het noorden tegen te gaan, die toen vaak Engels waren.<\/p>\n\n\n\n<h2><strong>Hoe zag dit middeleeuwse kasteel eruit?<\/strong><\/h2>\n\n\n\n<p>Hij staat op 12<sup>\u00e8me<\/sup> Het was in de 16e eeuw dat de graven van Clermont het eerste kasteel in Creil lieten bouwen. De stad Clermont had zich enorm verrijkt dankzij de handelsroutes naar Beauvais, Soissons en Arras... Om de handel en de doorgangen onder controle te houden, besloten ze een kasteel te bouwen aan de oevers van de Oise.<\/p>\n\n\n\n<figure class=\"wp-block-image size-large\"><img decoding=\"async\" loading=\"lazy\" width=\"1200\" height=\"675\" data-src=\"https:\/\/www.creilsudoise-tourisme.fr\/wp-content\/uploads\/2024\/04\/Chateau_Creil-4-1200x675.jpg\" alt=\"toren geschiedenis creil kasteel Nicolas Bilot archeologie\" class=\"wp-image-53622\" data-srcset=\"https:\/\/www.creilsudoise-tourisme.fr\/wp-content\/uploads\/2024\/04\/Chateau_Creil-4-1200x675.jpg 1200w, https:\/\/www.creilsudoise-tourisme.fr\/wp-content\/uploads\/2024\/04\/Chateau_Creil-4-600x338.jpg 600w, https:\/\/www.creilsudoise-tourisme.fr\/wp-content\/uploads\/2024\/04\/Chateau_Creil-4-900x506.jpg 900w, https:\/\/www.creilsudoise-tourisme.fr\/wp-content\/uploads\/2024\/04\/Chateau_Creil-4-1536x864.jpg 1536w, https:\/\/www.creilsudoise-tourisme.fr\/wp-content\/uploads\/2024\/04\/Chateau_Creil-4-18x10.jpg 18w, https:\/\/www.creilsudoise-tourisme.fr\/wp-content\/uploads\/2024\/04\/Chateau_Creil-4-200x113.jpg 200w, https:\/\/www.creilsudoise-tourisme.fr\/wp-content\/uploads\/2024\/04\/Chateau_Creil-4-1600x900.jpg 1600w, https:\/\/www.creilsudoise-tourisme.fr\/wp-content\/uploads\/2024\/04\/Chateau_Creil-4-650x366.jpg 650w, https:\/\/www.creilsudoise-tourisme.fr\/wp-content\/uploads\/2024\/04\/Chateau_Creil-4-387x218.jpg 387w, https:\/\/www.creilsudoise-tourisme.fr\/wp-content\/uploads\/2024\/04\/Chateau_Creil-4.jpg 1920w\" sizes=\"(max-width: 1200px) 100vw, 1200px\" \/><figcaption class=\"wp-element-caption\">Stad Creil<\/figcaption><\/figure>\n\n\n\n<p>Voor de bouw gebruikten de graven kalksteen uit Creil: \"Er is niet alleen de steengroeve Saint-Maximin,\" zegt Nicolas Bilot, \"Creil was lange tijd een steengroeve. De archeoloog benadrukt verder de twee speciale kenmerken van deze stenen: \"&nbsp;<strong>De kalksteen van de Oise behoort tot de beste ter wereld.<\/strong>&nbsp;\"Binnenin is er ook \"geaderde kalksteen, met een natuurlijke roze tint. Deze stenen hebben een zeldzame esthetische kwaliteit.<\/p>\n\n\n\n<p>Het kasteel werd nog belangrijker toen het graafschap Clermont in de 13e eeuw deel ging uitmaken van de Franse kroon.<sup>\u00e8me<\/sup> eeuw. <strong>Nicolas Bilot beweert dat de koningen \"het kasteel van Creil voor zichzelf hielden omdat ze het beschouwden als een strategisch kasteel, maar ook als een symbolisch kasteel\".<\/strong><\/p>\n\n\n\n<figure class=\"is-layout-flex wp-block-gallery-4 wp-block-gallery has-nested-images columns-default is-cropped\">\n<figure class=\"wp-block-image size-large\"><img decoding=\"async\" loading=\"lazy\" width=\"1200\" height=\"675\" data-id=\"53627\"  data-src=\"https:\/\/www.creilsudoise-tourisme.fr\/wp-content\/uploads\/2024\/04\/Chateau_Creil-9-1200x675.jpg\" alt=\"toren geschiedenis creil kasteel Nicolas Bilot archeologie\" class=\"wp-image-53627\" data-srcset=\"https:\/\/www.creilsudoise-tourisme.fr\/wp-content\/uploads\/2024\/04\/Chateau_Creil-9-1200x675.jpg 1200w, https:\/\/www.creilsudoise-tourisme.fr\/wp-content\/uploads\/2024\/04\/Chateau_Creil-9-600x338.jpg 600w, https:\/\/www.creilsudoise-tourisme.fr\/wp-content\/uploads\/2024\/04\/Chateau_Creil-9-900x506.jpg 900w, https:\/\/www.creilsudoise-tourisme.fr\/wp-content\/uploads\/2024\/04\/Chateau_Creil-9-1536x864.jpg 1536w, https:\/\/www.creilsudoise-tourisme.fr\/wp-content\/uploads\/2024\/04\/Chateau_Creil-9-18x10.jpg 18w, https:\/\/www.creilsudoise-tourisme.fr\/wp-content\/uploads\/2024\/04\/Chateau_Creil-9-200x113.jpg 200w, https:\/\/www.creilsudoise-tourisme.fr\/wp-content\/uploads\/2024\/04\/Chateau_Creil-9-1600x900.jpg 1600w, https:\/\/www.creilsudoise-tourisme.fr\/wp-content\/uploads\/2024\/04\/Chateau_Creil-9-650x366.jpg 650w, https:\/\/www.creilsudoise-tourisme.fr\/wp-content\/uploads\/2024\/04\/Chateau_Creil-9-387x218.jpg 387w, https:\/\/www.creilsudoise-tourisme.fr\/wp-content\/uploads\/2024\/04\/Chateau_Creil-9.jpg 1920w\" sizes=\"(max-width: 1200px) 100vw, 1200px\" \/><figcaption class=\"wp-element-caption\">Stad Creil<\/figcaption><\/figure>\n\n\n\n<figure class=\"wp-block-image size-large\"><img decoding=\"async\" loading=\"lazy\" width=\"1200\" height=\"675\" data-id=\"53623\"  data-src=\"https:\/\/www.creilsudoise-tourisme.fr\/wp-content\/uploads\/2024\/04\/Chateau_Creil-5-1200x675.jpg\" alt=\"toren geschiedenis creil kasteel Nicolas Bilot archeologie\" class=\"wp-image-53623\" data-srcset=\"https:\/\/www.creilsudoise-tourisme.fr\/wp-content\/uploads\/2024\/04\/Chateau_Creil-5-1200x675.jpg 1200w, https:\/\/www.creilsudoise-tourisme.fr\/wp-content\/uploads\/2024\/04\/Chateau_Creil-5-600x338.jpg 600w, https:\/\/www.creilsudoise-tourisme.fr\/wp-content\/uploads\/2024\/04\/Chateau_Creil-5-900x506.jpg 900w, https:\/\/www.creilsudoise-tourisme.fr\/wp-content\/uploads\/2024\/04\/Chateau_Creil-5-1536x864.jpg 1536w, https:\/\/www.creilsudoise-tourisme.fr\/wp-content\/uploads\/2024\/04\/Chateau_Creil-5-18x10.jpg 18w, https:\/\/www.creilsudoise-tourisme.fr\/wp-content\/uploads\/2024\/04\/Chateau_Creil-5-200x113.jpg 200w, https:\/\/www.creilsudoise-tourisme.fr\/wp-content\/uploads\/2024\/04\/Chateau_Creil-5-1600x900.jpg 1600w, https:\/\/www.creilsudoise-tourisme.fr\/wp-content\/uploads\/2024\/04\/Chateau_Creil-5-650x366.jpg 650w, https:\/\/www.creilsudoise-tourisme.fr\/wp-content\/uploads\/2024\/04\/Chateau_Creil-5-387x218.jpg 387w, https:\/\/www.creilsudoise-tourisme.fr\/wp-content\/uploads\/2024\/04\/Chateau_Creil-5.jpg 1920w\" sizes=\"(max-width: 1200px) 100vw, 1200px\" \/><figcaption class=\"wp-element-caption\">Stad Creil<\/figcaption><\/figure>\n<\/figure>\n\n\n\n<p><strong>Hij staat op 14<sup>\u00e8me<\/sup> eeuw dat Karel V een bijzondere belangstelling had voor het kasteel van Creil <\/strong>en voegde zijn eigen persoonlijke accenten toe. \"Hij werd de Wijze Man genoemd omdat hij een echte hardwerkende koning was. De archeoloog, ook de bouwer van het Ch\u00e2teau de Vincennes, merkt veel overeenkomsten op tussen deze twee koninklijke kastelen.<\/p>\n\n\n\n<p>\"Toen Karel V het terrein overnam, voegde hij verdiepingen en vierkante torens toe. Je kunt de verschillen zien in de manier waarop ze gebouwd zijn: de blokken zijn mooier en groter op de koninklijke toevoegingen. Zoals Nicolas Bilot opmerkt, <strong>De koning had ruimte nodig toen hij met zijn hof van meer dan 300 mensen naar Creil kwam.<\/strong><\/p>\n\n\n\n<h2><strong>Wat is er vandaag de dag nog over van dit koninklijke kasteel?<\/strong><\/h2>\n\n\n\n<div class=\"is-layout-flex wp-container-8 wp-block-columns\">\n<div class=\"is-layout-flow wp-block-column\">\n<figure class=\"wp-block-image size-large\"><img decoding=\"async\" loading=\"lazy\" width=\"722\" height=\"1200\" data-src=\"https:\/\/www.creilsudoise-tourisme.fr\/wp-content\/uploads\/2024\/04\/Chateau_Creil-10-722x1200.jpg\" alt=\"toren geschiedenis creil kasteel Nicolas Bilot archeologie\" class=\"wp-image-53628\" data-srcset=\"https:\/\/www.creilsudoise-tourisme.fr\/wp-content\/uploads\/2024\/04\/Chateau_Creil-10-722x1200.jpg 722w, https:\/\/www.creilsudoise-tourisme.fr\/wp-content\/uploads\/2024\/04\/Chateau_Creil-10-361x600.jpg 361w, https:\/\/www.creilsudoise-tourisme.fr\/wp-content\/uploads\/2024\/04\/Chateau_Creil-10-541x900.jpg 541w, https:\/\/www.creilsudoise-tourisme.fr\/wp-content\/uploads\/2024\/04\/Chateau_Creil-10-924x1536.jpg 924w, https:\/\/www.creilsudoise-tourisme.fr\/wp-content\/uploads\/2024\/04\/Chateau_Creil-10-7x12.jpg 7w, https:\/\/www.creilsudoise-tourisme.fr\/wp-content\/uploads\/2024\/04\/Chateau_Creil-10-200x332.jpg 200w, https:\/\/www.creilsudoise-tourisme.fr\/wp-content\/uploads\/2024\/04\/Chateau_Creil-10-650x1081.jpg 650w, https:\/\/www.creilsudoise-tourisme.fr\/wp-content\/uploads\/2024\/04\/Chateau_Creil-10-387x643.jpg 387w, https:\/\/www.creilsudoise-tourisme.fr\/wp-content\/uploads\/2024\/04\/Chateau_Creil-10.jpg 1155w\" sizes=\"(max-width: 722px) 100vw, 722px\" \/><figcaption class=\"wp-element-caption\">Creil Sud Oise Toerisme<\/figcaption><\/figure>\n<\/div>\n\n\n\n<div class=\"is-layout-flow wp-block-column\">\n<p><strong>Vandaag de dag zijn er nog maar 10% van dit middeleeuwse kasteel over.<\/strong>Het gebouw is geconcentreerd tussen de toren van het Maison de la Fa\u00efence (volgens Nicolas Bilot mogelijk de flat van de koningin), de begane grond van het huis Gall\u00e9-Juillet, de kelder op de begane grond van het kasteel, zichtbaar vanaf de Place de la Mairie, en de eerste verdieping boven de kelder.<\/p>\n\n\n\n<p>Hoewel zeer strategisch in de Middeleeuwen, <strong>Vanaf het einde van de 17e eeuw verloor het kasteel geleidelijk de interesse van de heren.<sup>\u00e8me<\/sup> eeuw, die de voorkeur geeft aan de <a href=\"https:\/\/chateaudechantilly.fr\/\" target=\"_blank\" rel=\"noreferrer noopener\">Kasteel van Chantilly<\/a>. <\/strong><\/p>\n\n\n\n<p>Het kasteel van Creil werd vervolgens verhuurd en verkocht aan steenhouwers, zoals Nicolas Bilot uitlegt: \"Ze waren ge\u00efnteresseerd in het ontmantelen van de muren en het verkopen van de stenen. Ze begonnen bovenaan: ze haalden het geraamte uit elkaar, verkochten het hout en haalden vervolgens de tweede en eerste verdieping uit elkaar.<\/p>\n<\/div>\n<\/div>\n\n\n\n<p>De Revolutie kwam echter en de steenhouwers werden uit het kasteel verdreven voordat ze de rest konden ontmantelen. Gelukkig voor de archeoloog werd de kelder die werd gebruikt voor opslag in 2019 opgegraven. Boven kun je nog steeds delen van de grote zaal zien, waar de koning zijn gasten ontving, hoewel deze veel is veranderd door de vele eigenaren van het kasteel.<\/p>\n\n\n\n<p>Na de Franse Revolutie verbouwden de eigenaars het kasteel in hun eigen stijl door verdiepingen, terrassen en badkamers toe te voegen.<strong>... Het huidige Mus\u00e9e Gall\u00e9-Juillet, met een prachtig 19e-eeuws burgerhuis, ligt in het hart van de stad.<sup>\u00e8me<\/sup> eeuw, bewaart zeer re\u00eble sporen van het kasteel<\/strong>Nicolas Bilot vertelt ons: \"Ze gaan het kasteel gebruiken om hun huis bovenop te bouwen en kelders te maken voor hun kelder en keuken.<\/p>\n\n\n\n<p>De tuinen zijn ook belangrijk: \"Het kasteel heeft altijd een tuin gehad, maar we weten niets over de tuin in de Middeleeuwen,\" vertelt de archeoloog. \"De huidige tuin is van de familie Gall\u00e9-Juillet. Hij is omringd door een muur die is opgetrokken uit de oude stenen van het kasteel,<strong> is er iets ongewoons: een miniatuur motte castrale. <\/strong>De toren in het midden van de tuin is vermoedelijk de trappentoren bij de ingang van het kasteel. Omdat de ronde stenen moeilijk te verkopen waren, besloten de eigenaars om er een rustplaats voor bezoekers van te maken. Plus, <strong>het is omringd door oude Merovingische sarcofagen<\/strong> die deze verrassende plek versieren.<\/p>\n\n\n\n<figure class=\"wp-block-embed is-type-video is-provider-youtube wp-block-embed-youtube wp-embed-aspect-16-9 wp-has-aspect-ratio\"><div class=\"wp-block-embed__wrapper\">\n<iframe loading=\"lazy\" title=\"[MEET Nicolas Billot, archeoloog | Creil Sud Oise Tourisme\" width=\"500\" height=\"281\" data-src=\"https:\/\/www.youtube.com\/embed\/_cg5aDCH3Os?list=PLyTXFZvx5-KNbtgLVlgXrRkIYsV-wBfYH\" frameborder=\"0\" allow=\"accelerometer; autoplay; clipboard-write; encrypted-media; gyroscope; picture-in-picture; web-share\" referrerpolicy=\"strict-origin-when-cross-origin\" allowfullscreen><\/iframe>\n<\/div><\/figure>\n\n\n\n<h2><strong>Wanneer en hoe kun je op bezoek komen?<\/strong><\/h2>\n\n\n\n<p><strong>De tuin, het Gall\u00e9-Juillet museum en het aardewerk museum kunnen het hele jaar door worden bezocht. <\/strong>Hier kun je het leven van een <strong>burgerlijk gezin<\/strong> van de Revolutie tot de Eerste Wereldoorlog, toen ze hun huis nalieten aan de stad Creil na de dood van hun enige zoon aan het front. <strong>Het Mus\u00e9e de la Fa\u00efence zal je fascineren met zijn collectie van ongeveer 15.000 kunstwerken. <\/strong>en allerlei aardewerken voorwerpen.<\/p>\n\n\n\n<figure class=\"is-layout-flex wp-block-gallery-9 wp-block-gallery has-nested-images columns-default is-cropped\">\n<figure class=\"wp-block-image size-large\"><img decoding=\"async\" loading=\"lazy\" width=\"1200\" height=\"800\" data-id=\"44254\"  data-src=\"https:\/\/www.creilsudoise-tourisme.fr\/wp-content\/uploads\/wpetourisme\/5--Anne-Sophie-FLAMENT--ville-de-creil--maison-de-la-faience--visite-guidee-individuels-et-groupes-1268-2-1200x800.jpg\" alt=\"Gratis bezoek aan het Maison de la Fa\u00efence en de Schattentoren\" class=\"wp-image-44254\" data-srcset=\"https:\/\/www.creilsudoise-tourisme.fr\/wp-content\/uploads\/wpetourisme\/5--Anne-Sophie-FLAMENT--ville-de-creil--maison-de-la-faience--visite-guidee-individuels-et-groupes-1268-2-1200x800.jpg 1200w, https:\/\/www.creilsudoise-tourisme.fr\/wp-content\/uploads\/wpetourisme\/5--Anne-Sophie-FLAMENT--ville-de-creil--maison-de-la-faience--visite-guidee-individuels-et-groupes-1268-2-600x400.jpg 600w, https:\/\/www.creilsudoise-tourisme.fr\/wp-content\/uploads\/wpetourisme\/5--Anne-Sophie-FLAMENT--ville-de-creil--maison-de-la-faience--visite-guidee-individuels-et-groupes-1268-2-900x600.jpg 900w, https:\/\/www.creilsudoise-tourisme.fr\/wp-content\/uploads\/wpetourisme\/5--Anne-Sophie-FLAMENT--ville-de-creil--maison-de-la-faience--visite-guidee-individuels-et-groupes-1268-2-1536x1024.jpg 1536w, https:\/\/www.creilsudoise-tourisme.fr\/wp-content\/uploads\/wpetourisme\/5--Anne-Sophie-FLAMENT--ville-de-creil--maison-de-la-faience--visite-guidee-individuels-et-groupes-1268-2-200x133.jpg 200w, https:\/\/www.creilsudoise-tourisme.fr\/wp-content\/uploads\/wpetourisme\/5--Anne-Sophie-FLAMENT--ville-de-creil--maison-de-la-faience--visite-guidee-individuels-et-groupes-1268-2-650x433.jpg 650w, https:\/\/www.creilsudoise-tourisme.fr\/wp-content\/uploads\/wpetourisme\/5--Anne-Sophie-FLAMENT--ville-de-creil--maison-de-la-faience--visite-guidee-individuels-et-groupes-1268-2-387x258.jpg 387w, https:\/\/www.creilsudoise-tourisme.fr\/wp-content\/uploads\/wpetourisme\/5--Anne-Sophie-FLAMENT--ville-de-creil--maison-de-la-faience--visite-guidee-individuels-et-groupes-1268-2.jpg 1600w\" sizes=\"(max-width: 1200px) 100vw, 1200px\" \/><\/figure>\n\n\n\n<figure class=\"wp-block-image size-large\"><img decoding=\"async\" loading=\"lazy\" width=\"1200\" height=\"800\" data-id=\"33097\"  data-src=\"https:\/\/www.creilsudoise-tourisme.fr\/wp-content\/uploads\/2021\/04\/Visite-guide\u0301e-de-la-cuisine-a\u0300-la-Maison-Galle\u0301-Juillet-1200x800.jpg\" alt=\"Rondleiding door het Maison Gall\u00e9-Juillet\" class=\"wp-image-33097\" data-srcset=\"https:\/\/www.creilsudoise-tourisme.fr\/wp-content\/uploads\/2021\/04\/Visite-guide\u0301e-de-la-cuisine-a\u0300-la-Maison-Galle\u0301-Juillet-1200x800.jpg 1200w, https:\/\/www.creilsudoise-tourisme.fr\/wp-content\/uploads\/2021\/04\/Visite-guide\u0301e-de-la-cuisine-a\u0300-la-Maison-Galle\u0301-Juillet-600x400.jpg 600w, https:\/\/www.creilsudoise-tourisme.fr\/wp-content\/uploads\/2021\/04\/Visite-guide\u0301e-de-la-cuisine-a\u0300-la-Maison-Galle\u0301-Juillet-900x600.jpg 900w, https:\/\/www.creilsudoise-tourisme.fr\/wp-content\/uploads\/2021\/04\/Visite-guide\u0301e-de-la-cuisine-a\u0300-la-Maison-Galle\u0301-Juillet-1536x1024.jpg 1536w, https:\/\/www.creilsudoise-tourisme.fr\/wp-content\/uploads\/2021\/04\/Visite-guide\u0301e-de-la-cuisine-a\u0300-la-Maison-Galle\u0301-Juillet-200x133.jpg 200w, https:\/\/www.creilsudoise-tourisme.fr\/wp-content\/uploads\/2021\/04\/Visite-guide\u0301e-de-la-cuisine-a\u0300-la-Maison-Galle\u0301-Juillet-650x433.jpg 650w, https:\/\/www.creilsudoise-tourisme.fr\/wp-content\/uploads\/2021\/04\/Visite-guide\u0301e-de-la-cuisine-a\u0300-la-Maison-Galle\u0301-Juillet-387x258.jpg 387w, https:\/\/www.creilsudoise-tourisme.fr\/wp-content\/uploads\/2021\/04\/Visite-guide\u0301e-de-la-cuisine-a\u0300-la-Maison-Galle\u0301-Juillet-275x183.jpg 275w, https:\/\/www.creilsudoise-tourisme.fr\/wp-content\/uploads\/2021\/04\/Visite-guide\u0301e-de-la-cuisine-a\u0300-la-Maison-Galle\u0301-Juillet.jpg 1600w\" sizes=\"(max-width: 1200px) 100vw, 1200px\" \/><\/figure>\n<\/figure>\n\n\n\n<p><strong>Wat het kasteel betreft, zijn het de kelder en de eerste verdieping die vandaag de dag interessant zijn voor archeologen.<\/strong> en museumdirecteur Marion Kalt: \"De kelder is sinds september 2023 onderwerp van een opgraving. We verwijderen de vulling die in de 18e eeuw door steenhouwers is veroorzaakt.<sup>\u00e8me<\/sup> eeuw om het terug te brengen naar het oorspronkelijke niveau (1,50 m lager) en de valse muren te verwijderen om het oorspronkelijke volume te herstellen.<\/p>\n\n\n\n<figure class=\"wp-block-image size-large\"><img decoding=\"async\" loading=\"lazy\" width=\"1200\" height=\"675\" data-src=\"https:\/\/www.creilsudoise-tourisme.fr\/wp-content\/uploads\/2024\/04\/Chateau_Creil-2-1200x675.jpg\" alt=\"toren geschiedenis creil kasteel Nicolas Bilot archeologie\" class=\"wp-image-53620\" data-srcset=\"https:\/\/www.creilsudoise-tourisme.fr\/wp-content\/uploads\/2024\/04\/Chateau_Creil-2-1200x675.jpg 1200w, https:\/\/www.creilsudoise-tourisme.fr\/wp-content\/uploads\/2024\/04\/Chateau_Creil-2-600x338.jpg 600w, https:\/\/www.creilsudoise-tourisme.fr\/wp-content\/uploads\/2024\/04\/Chateau_Creil-2-900x506.jpg 900w, https:\/\/www.creilsudoise-tourisme.fr\/wp-content\/uploads\/2024\/04\/Chateau_Creil-2-1536x864.jpg 1536w, https:\/\/www.creilsudoise-tourisme.fr\/wp-content\/uploads\/2024\/04\/Chateau_Creil-2-18x10.jpg 18w, https:\/\/www.creilsudoise-tourisme.fr\/wp-content\/uploads\/2024\/04\/Chateau_Creil-2-200x113.jpg 200w, https:\/\/www.creilsudoise-tourisme.fr\/wp-content\/uploads\/2024\/04\/Chateau_Creil-2-1600x900.jpg 1600w, https:\/\/www.creilsudoise-tourisme.fr\/wp-content\/uploads\/2024\/04\/Chateau_Creil-2-650x366.jpg 650w, https:\/\/www.creilsudoise-tourisme.fr\/wp-content\/uploads\/2024\/04\/Chateau_Creil-2-387x218.jpg 387w, https:\/\/www.creilsudoise-tourisme.fr\/wp-content\/uploads\/2024\/04\/Chateau_Creil-2.jpg 1920w\" sizes=\"(max-width: 1200px) 100vw, 1200px\" \/><figcaption class=\"wp-element-caption\">Creil Sud Oise Toerisme<\/figcaption><\/figure>\n\n\n\n<p><strong>Het museum en het kasteel zullen met elkaar communiceren zodat bezoekers zich volledig kunnen onderdompelen in het verleden van Creil.<\/strong>Van het Gallo-Romeinse tijdperk, met de schat van het slot, tot de overblijfselen van het middeleeuwse kasteel en niet te vergeten het industri\u00eble tijdperk met de aardewerkfabriek en het Gall\u00e9-Juillet huis.<\/p>\n\n\n\n<figure class=\"wp-block-image size-large\"><img decoding=\"async\" loading=\"lazy\" width=\"1200\" height=\"675\" data-src=\"https:\/\/www.creilsudoise-tourisme.fr\/wp-content\/uploads\/2024\/04\/Chateau_Creil-1-1200x675.jpg\" alt=\"toren geschiedenis creil kasteel Nicolas Bilot archeologie\" class=\"wp-image-53619\" data-srcset=\"https:\/\/www.creilsudoise-tourisme.fr\/wp-content\/uploads\/2024\/04\/Chateau_Creil-1-1200x675.jpg 1200w, https:\/\/www.creilsudoise-tourisme.fr\/wp-content\/uploads\/2024\/04\/Chateau_Creil-1-600x338.jpg 600w, https:\/\/www.creilsudoise-tourisme.fr\/wp-content\/uploads\/2024\/04\/Chateau_Creil-1-900x506.jpg 900w, https:\/\/www.creilsudoise-tourisme.fr\/wp-content\/uploads\/2024\/04\/Chateau_Creil-1-1536x864.jpg 1536w, https:\/\/www.creilsudoise-tourisme.fr\/wp-content\/uploads\/2024\/04\/Chateau_Creil-1-18x10.jpg 18w, https:\/\/www.creilsudoise-tourisme.fr\/wp-content\/uploads\/2024\/04\/Chateau_Creil-1-200x113.jpg 200w, https:\/\/www.creilsudoise-tourisme.fr\/wp-content\/uploads\/2024\/04\/Chateau_Creil-1-1600x900.jpg 1600w, https:\/\/www.creilsudoise-tourisme.fr\/wp-content\/uploads\/2024\/04\/Chateau_Creil-1-650x366.jpg 650w, https:\/\/www.creilsudoise-tourisme.fr\/wp-content\/uploads\/2024\/04\/Chateau_Creil-1-387x218.jpg 387w, https:\/\/www.creilsudoise-tourisme.fr\/wp-content\/uploads\/2024\/04\/Chateau_Creil-1.jpg 1920w\" sizes=\"(max-width: 1200px) 100vw, 1200px\" \/><figcaption class=\"wp-element-caption\">Creil Sud Oise Toerisme<\/figcaption><\/figure>\n\n\n\n<p>De restauratie begon in september 2023 en zal ongeveer 3 jaar in beslag nemen. Als je nieuwsgierigheid niet kan wachten, neem dan contact op met het stadhuis om een bezoek ter plaatse aan te vragen om meer te weten te komen over het kasteel of om een kijkje te nemen achter de schermen van een archeologische opgraving.<\/p>\n\n\n\n<div class=\"is-layout-flex wp-container-14 wp-block-columns\">\n<div class=\"is-layout-flow wp-block-column\" style=\"flex-basis:25%\">\n<figure class=\"wp-block-image size-full\"><img decoding=\"async\" loading=\"lazy\" width=\"400\" height=\"400\" data-src=\"https:\/\/www.creilsudoise-tourisme.fr\/wp-content\/uploads\/2024\/04\/Diane-Maat.jpg\" alt=\"\" class=\"wp-image-53629\" data-srcset=\"https:\/\/www.creilsudoise-tourisme.fr\/wp-content\/uploads\/2024\/04\/Diane-Maat.jpg 400w, https:\/\/www.creilsudoise-tourisme.fr\/wp-content\/uploads\/2024\/04\/Diane-Maat-300x300.jpg 300w, https:\/\/www.creilsudoise-tourisme.fr\/wp-content\/uploads\/2024\/04\/Diane-Maat-12x12.jpg 12w, https:\/\/www.creilsudoise-tourisme.fr\/wp-content\/uploads\/2024\/04\/Diane-Maat-200x200.jpg 200w, https:\/\/www.creilsudoise-tourisme.fr\/wp-content\/uploads\/2024\/04\/Diane-Maat-387x387.jpg 387w\" sizes=\"(max-width: 400px) 100vw, 400px\" \/><\/figure>\n<\/div>\n\n\n\n<div class=\"is-layout-flow wp-block-column\" style=\"flex-basis:50%\">\n<p><strong>Diane Maat<\/strong> &#8211; <a href=\"https:\/\/www.linkedin.com\/company\/com-positive-dm\/?trk=similar-pages\" target=\"_blank\" rel=\"noreferrer noopener\">Positief<\/a><\/p>\n<\/div>\n\n\n\n<div class=\"is-layout-flow wp-block-column\" style=\"flex-basis:25%\"><\/div>\n<\/div>\n\n\n\n<hr class=\"wp-block-separator has-alpha-channel-opacity\"\/>\n\n\n<div data-related-sit=\"1\" data-block-type=\"related-sit-gt\" data-block-id=\"wpet-sit-1nu5urqx74c\"><div class=\"wp-block wp-block-related-post wp-block-related-list-sit alignfull\">\n    \n    <div class=\"container\">\n\n                    <h2 class=\"wp-block-related-post-title\">Bezoek het museum en het kasteel<\/h2>\n        \n                    <div id=\"wpiris-related-post-131\" data-id=\"wpiris-entity-slider\">\n                <div class=\"wp-block-related-post-list wp-block-related-post-list--2\" data-id=\"wpiris-entity-slider-wrapper\">\n\n                    \n<div class=\"entityItem\" data-trigger=\"wpiris-click\" data-id=\"wpiris-entity-slider-item\">\n    <p class=\"entityItemThumbnail\">\n        <a href=\"https:\/\/www.creilsudoise-tourisme.fr\/nl\/agenda-animations\/verken-games-gekke-geschiedenis-bij-creil-boot\/\" nofancybox>\n            <img data-src=\"https:\/\/www.creilsudoise-tourisme.fr\/wp-content\/uploads\/wpetourisme\/Affiche-jeu-2-275x350.jpg\" alt=\"Explor Games\u00ae | Gekke geschiedenis op het kasteel van Creil\">\n        <\/a>\n    <\/p>\n    <div class=\"entityItemContent\">\n        <h2 class=\"entityItemContentTitle\">\n            <a href=\"https:\/\/www.creilsudoise-tourisme.fr\/nl\/agenda-animations\/verken-games-gekke-geschiedenis-bij-creil-boot\/\">Explor Games\u00ae | Gekke geschiedenis op het kasteel van Creil<\/a>\n        <\/h2>\n                    <p class=\"entityItemContentType\">Festivals en evenementen<\/p>\n            <\/div>\n    <a href=\"https:\/\/www.creilsudoise-tourisme.fr\/nl\/agenda-animations\/verken-games-gekke-geschiedenis-bij-creil-boot\/\" class=\"seeMore\"><span class=\"sr-only\">Meer zien<\/span><\/a>\n<\/div>\n\n<div class=\"entityItem\" data-trigger=\"wpiris-click\" data-id=\"wpiris-entity-slider-item\">\n    <p class=\"entityItemThumbnail\">\n        <a href=\"https:\/\/www.creilsudoise-tourisme.fr\/nl\/agenda-animations\/nuit-des-musees-bienvenue-chez-les-galle\/\" nofancybox>\n            <img data-src=\"https:\/\/www.creilsudoise-tourisme.fr\/wp-content\/uploads\/wpetourisme\/NDM-MGJ-275x350.jpg\" alt=\"Nuit des mus\u00e9es |  \u00ab\u00a0Bienvenue chez les Gall\u00e9\u00a0\u00bb\">\n        <\/a>\n    <\/p>\n    <div class=\"entityItemContent\">\n        <h2 class=\"entityItemContentTitle\">\n            <a href=\"https:\/\/www.creilsudoise-tourisme.fr\/nl\/agenda-animations\/nuit-des-musees-bienvenue-chez-les-galle\/\">Nuit des mus\u00e9es |  \u00ab\u00a0Bienvenue chez les Gall\u00e9\u00a0\u00bb<\/a>\n        <\/h2>\n                    <p class=\"entityItemContentType\">Festivals en evenementen<\/p>\n            <\/div>\n    <a href=\"https:\/\/www.creilsudoise-tourisme.fr\/nl\/agenda-animations\/nuit-des-musees-bienvenue-chez-les-galle\/\" class=\"seeMore\"><span class=\"sr-only\">Meer zien<\/span><\/a>\n<\/div>\n                <\/div>\n\n                            <\/div>\n            <\/div>\n<\/div><\/div>\n\n<div class=\"wp-block wp-block-highlight\">\n            <h3 class=\"wp-block-highlight-item wp-block-highlight-title\">Meer weten?<\/h3>\n                <p class=\"wp-block-highlight-item wp-block-highlight-excerpt\">Dit prachtige verslag is geschreven ter gelegenheid van de release van de gloednieuwe<strong>\u00a0Het eerste bestemmingsmagazine van Creil Sud Oise Tourisme<\/strong>.<br>Binnen, n<strong>talloze andere artikelen<\/strong>\u00a0zal je meenemen om\u00a0<strong>lokale cijfers<\/strong>\u00a0en bieden\u00a0<strong>idee\u00ebn voor uitjes!<\/strong><br><strong>Bestellen bij<\/strong>\u00a0om het op papier te ontvangen!<br><strong><a href=\"https:\/\/www.creilsudoise-tourisme.fr\/nl\/praktijk\/brochures\/\" target=\"_blank\" rel=\"noreferrer noopener\">Klik hier om te bestellen<\/a><\/strong><\/p>\n    <\/div>","protected":false},"excerpt":{"rendered":"<p>Wat is er overgebleven van het monumentale kasteel dat in de Middeleeuwen boven Creil uittorende? Nicolas Bilot, archeoloog bij de SDAO (Service D\u00e9partemental d'Arch\u00e9ologie de l'Oise) en oprichter van Aquilon, een bedrijf dat gespecialiseerd is in erfgoedonderzoek en -ontwikkeling, neemt ons mee op een tocht langs de overblijfselen van dit stralende verleden, dat weinig bekend is bij de inwoners van Creil. Creil: [...]<\/p>","protected":false},"author":3,"featured_media":53618,"comment_status":"closed","ping_status":"closed","sticky":false,"template":"","format":"standard","meta":{"_relevanssi_hide_post":"","_relevanssi_hide_content":"","_relevanssi_pin_for_all":"","_relevanssi_pin_keywords":"","_relevanssi_unpin_keywords":"","_relevanssi_related_keywords":"","_relevanssi_related_include_ids":"","_relevanssi_related_exclude_ids":"","_relevanssi_related_no_append":"","_relevanssi_related_not_related":"","_relevanssi_related_posts":"52385,41679,32820,40150,52861,41664","_relevanssi_noindex_reason":""},"categories":[10],"tags":[],"yoast_head":"<!-- This site is optimized with the Yoast SEO plugin v20.2.1 - https:\/\/yoast.com\/wordpress\/plugins\/seo\/ -->\n<title>Le Ch\u00e2teau de Creil : un tr\u00e9sor perdu<\/title>\n<meta name=\"description\" content=\"Rencontre avec Nicolas Bilot, arch\u00e9ologue au d\u00e9partement de l&#039;Oise, qui nous parle de l&#039;ancien Ch\u00e2teau de Creil, tr\u00e8s peu connu\" \/>\n<meta name=\"robots\" content=\"index, follow, max-snippet:-1, max-image-preview:large, max-video-preview:-1\" \/>\n<link rel=\"canonical\" href=\"https:\/\/www.creilsudoise-tourisme.fr\/nl\/2024\/04\/26\/nicolas-bilot\/\" \/>\n<meta property=\"og:locale\" content=\"nl_NL\" \/>\n<meta property=\"og:type\" content=\"article\" \/>\n<meta property=\"og:title\" content=\"Le Ch\u00e2teau de Creil : un tr\u00e9sor perdu\" \/>\n<meta property=\"og:description\" content=\"Rencontre avec Nicolas Bilot, arch\u00e9ologue au d\u00e9partement de l&#039;Oise, qui nous parle de l&#039;ancien Ch\u00e2teau de Creil, tr\u00e8s peu connu\" \/>\n<meta property=\"og:url\" content=\"https:\/\/www.creilsudoise-tourisme.fr\/nl\/2024\/04\/26\/nicolas-bilot\/\" \/>\n<meta property=\"og:site_name\" content=\"Office de Tourisme Creil Sud Oise\" \/>\n<meta property=\"article:publisher\" content=\"https:\/\/www.facebook.com\/creilsudoisetourisme\/\" \/>\n<meta property=\"article:published_time\" content=\"2024-04-26T09:58:14+00:00\" \/>\n<meta property=\"article:modified_time\" content=\"2024-07-02T08:40:12+00:00\" \/>\n<meta property=\"og:image\" content=\"https:\/\/www.creilsudoise-tourisme.fr\/wp-content\/uploads\/2024\/04\/Nicolas_Bilot-1.jpg\" \/>\n\t<meta property=\"og:image:width\" content=\"1205\" \/>\n\t<meta property=\"og:image:height\" content=\"1185\" \/>\n\t<meta property=\"og:image:type\" content=\"image\/jpeg\" \/>\n<meta name=\"author\" content=\"fdubut\" \/>\n<meta name=\"twitter:card\" content=\"summary_large_image\" \/>\n<meta name=\"twitter:creator\" content=\"@CreilSudOiseOT\" \/>\n<meta name=\"twitter:site\" content=\"@CreilSudOiseOT\" \/>\n<meta name=\"twitter:label1\" content=\"Geschreven door\" \/>\n\t<meta name=\"twitter:data1\" content=\"fdubut\" \/>\n\t<meta name=\"twitter:label2\" content=\"Geschatte leestijd\" \/>\n\t<meta name=\"twitter:data2\" content=\"7 minuten\" \/>\n<script type=\"application\/ld+json\" class=\"yoast-schema-graph\">{\"@context\":\"https:\/\/schema.org\",\"@graph\":[{\"@type\":\"Article\",\"@id\":\"https:\/\/www.creilsudoise-tourisme.fr\/2024\/04\/26\/nicolas-bilot\/#article\",\"isPartOf\":{\"@id\":\"https:\/\/www.creilsudoise-tourisme.fr\/2024\/04\/26\/nicolas-bilot\/\"},\"author\":{\"name\":\"fdubut\",\"@id\":\"https:\/\/www.creilsudoise-tourisme.fr\/#\/schema\/person\/c5140d47645b13bee896bfe05f1bd5da\"},\"headline\":\"Le ch\u00e2teau de Creil : un tr\u00e9sor perdu\",\"datePublished\":\"2024-04-26T09:58:14+00:00\",\"dateModified\":\"2024-07-02T08:40:12+00:00\",\"mainEntityOfPage\":{\"@id\":\"https:\/\/www.creilsudoise-tourisme.fr\/2024\/04\/26\/nicolas-bilot\/\"},\"wordCount\":1437,\"publisher\":{\"@id\":\"https:\/\/www.creilsudoise-tourisme.fr\/#organization\"},\"articleSection\":[\"Nos ambassadeurs\"],\"inLanguage\":\"nl\"},{\"@type\":\"WebPage\",\"@id\":\"https:\/\/www.creilsudoise-tourisme.fr\/2024\/04\/26\/nicolas-bilot\/\",\"url\":\"https:\/\/www.creilsudoise-tourisme.fr\/2024\/04\/26\/nicolas-bilot\/\",\"name\":\"Le Ch\u00e2teau de Creil : un tr\u00e9sor perdu\",\"isPartOf\":{\"@id\":\"https:\/\/www.creilsudoise-tourisme.fr\/#website\"},\"datePublished\":\"2024-04-26T09:58:14+00:00\",\"dateModified\":\"2024-07-02T08:40:12+00:00\",\"description\":\"Rencontre avec Nicolas Bilot, arch\u00e9ologue au d\u00e9partement de l'Oise, qui nous parle de l'ancien Ch\u00e2teau de Creil, tr\u00e8s peu connu\",\"breadcrumb\":{\"@id\":\"https:\/\/www.creilsudoise-tourisme.fr\/2024\/04\/26\/nicolas-bilot\/#breadcrumb\"},\"inLanguage\":\"nl\",\"potentialAction\":[{\"@type\":\"ReadAction\",\"target\":[\"https:\/\/www.creilsudoise-tourisme.fr\/2024\/04\/26\/nicolas-bilot\/\"]}]},{\"@type\":\"BreadcrumbList\",\"@id\":\"https:\/\/www.creilsudoise-tourisme.fr\/2024\/04\/26\/nicolas-bilot\/#breadcrumb\",\"itemListElement\":[{\"@type\":\"ListItem\",\"position\":1,\"name\":\"Accueil\",\"item\":\"https:\/\/www.creilsudoise-tourisme.fr\/\"},{\"@type\":\"ListItem\",\"position\":2,\"name\":\"Le ch\u00e2teau de Creil : un tr\u00e9sor perdu\"}]},{\"@type\":\"WebSite\",\"@id\":\"https:\/\/www.creilsudoise-tourisme.fr\/#website\",\"url\":\"https:\/\/www.creilsudoise-tourisme.fr\/\",\"name\":\"Office de Tourisme Creil Sud Oise\",\"description\":\"Creil Sud Oise Tourisme, un territoire \u00e0 explorer !\",\"publisher\":{\"@id\":\"https:\/\/www.creilsudoise-tourisme.fr\/#organization\"},\"potentialAction\":[{\"@type\":\"SearchAction\",\"target\":{\"@type\":\"EntryPoint\",\"urlTemplate\":\"https:\/\/www.creilsudoise-tourisme.fr\/?s={search_term_string}\"},\"query-input\":\"required name=search_term_string\"}],\"inLanguage\":\"nl\"},{\"@type\":\"Organization\",\"@id\":\"https:\/\/www.creilsudoise-tourisme.fr\/#organization\",\"name\":\"Creil Sud Oise Tourisme\",\"url\":\"https:\/\/www.creilsudoise-tourisme.fr\/\",\"logo\":{\"@type\":\"ImageObject\",\"inLanguage\":\"nl\",\"@id\":\"https:\/\/www.creilsudoise-tourisme.fr\/#\/schema\/logo\/image\/\",\"url\":\"https:\/\/www.creilsudoise-tourisme.fr\/wp-content\/uploads\/2021\/05\/logo-svg.png\",\"contentUrl\":\"https:\/\/www.creilsudoise-tourisme.fr\/wp-content\/uploads\/2021\/05\/logo-svg.png\",\"width\":182,\"height\":71,\"caption\":\"Creil Sud Oise Tourisme\"},\"image\":{\"@id\":\"https:\/\/www.creilsudoise-tourisme.fr\/#\/schema\/logo\/image\/\"},\"sameAs\":[\"https:\/\/www.facebook.com\/creilsudoisetourisme\/\",\"https:\/\/twitter.com\/CreilSudOiseOT\",\"https:\/\/www.instagram.com\/creilsudoisetourisme\/\",\"https:\/\/www.youtube.com\/channel\/UC8L_QD2wwyADW14zt9fY8kw\"]},{\"@type\":\"Person\",\"@id\":\"https:\/\/www.creilsudoise-tourisme.fr\/#\/schema\/person\/c5140d47645b13bee896bfe05f1bd5da\",\"name\":\"fdubut\",\"image\":{\"@type\":\"ImageObject\",\"inLanguage\":\"nl\",\"@id\":\"https:\/\/www.creilsudoise-tourisme.fr\/#\/schema\/person\/image\/\",\"url\":\"https:\/\/secure.gravatar.com\/avatar\/c49bb61337bf4556cafdbcb92c18618d?s=96&d=mm&r=g\",\"contentUrl\":\"https:\/\/secure.gravatar.com\/avatar\/c49bb61337bf4556cafdbcb92c18618d?s=96&d=mm&r=g\",\"caption\":\"fdubut\"},\"url\":\"https:\/\/www.creilsudoise-tourisme.fr\/nl\/auteur\/fdubut\/\"}]}<\/script>\n<!-- \/ Yoast SEO plugin. -->","yoast_head_json":{"title":"Le Ch\u00e2teau de Creil : un tr\u00e9sor perdu","description":"Rencontre avec Nicolas Bilot, arch\u00e9ologue au d\u00e9partement de l'Oise, qui nous parle de l'ancien Ch\u00e2teau de Creil, tr\u00e8s peu connu","robots":{"index":"index","follow":"follow","max-snippet":"max-snippet:-1","max-image-preview":"max-image-preview:large","max-video-preview":"max-video-preview:-1"},"canonical":"https:\/\/www.creilsudoise-tourisme.fr\/nl\/2024\/04\/26\/nicolas-bilot\/","og_locale":"nl_NL","og_type":"article","og_title":"Le Ch\u00e2teau de Creil : un tr\u00e9sor perdu","og_description":"Rencontre avec Nicolas Bilot, arch\u00e9ologue au d\u00e9partement de l'Oise, qui nous parle de l'ancien Ch\u00e2teau de Creil, tr\u00e8s peu connu","og_url":"https:\/\/www.creilsudoise-tourisme.fr\/nl\/2024\/04\/26\/nicolas-bilot\/","og_site_name":"Office de Tourisme Creil Sud Oise","article_publisher":"https:\/\/www.facebook.com\/creilsudoisetourisme\/","article_published_time":"2024-04-26T09:58:14+00:00","article_modified_time":"2024-07-02T08:40:12+00:00","og_image":[{"width":1205,"height":1185,"url":"https:\/\/www.creilsudoise-tourisme.fr\/wp-content\/uploads\/2024\/04\/Nicolas_Bilot-1.jpg","type":"image\/jpeg"}],"author":"fdubut","twitter_card":"summary_large_image","twitter_creator":"@CreilSudOiseOT","twitter_site":"@CreilSudOiseOT","twitter_misc":{"Geschreven door":"fdubut","Geschatte leestijd":"7 minuten"},"schema":{"@context":"https:\/\/schema.org","@graph":[{"@type":"Article","@id":"https:\/\/www.creilsudoise-tourisme.fr\/2024\/04\/26\/nicolas-bilot\/#article","isPartOf":{"@id":"https:\/\/www.creilsudoise-tourisme.fr\/2024\/04\/26\/nicolas-bilot\/"},"author":{"name":"fdubut","@id":"https:\/\/www.creilsudoise-tourisme.fr\/#\/schema\/person\/c5140d47645b13bee896bfe05f1bd5da"},"headline":"Le ch\u00e2teau de Creil : un tr\u00e9sor perdu","datePublished":"2024-04-26T09:58:14+00:00","dateModified":"2024-07-02T08:40:12+00:00","mainEntityOfPage":{"@id":"https:\/\/www.creilsudoise-tourisme.fr\/2024\/04\/26\/nicolas-bilot\/"},"wordCount":1437,"publisher":{"@id":"https:\/\/www.creilsudoise-tourisme.fr\/#organization"},"articleSection":["Nos ambassadeurs"],"inLanguage":"nl"},{"@type":"WebPage","@id":"https:\/\/www.creilsudoise-tourisme.fr\/2024\/04\/26\/nicolas-bilot\/","url":"https:\/\/www.creilsudoise-tourisme.fr\/2024\/04\/26\/nicolas-bilot\/","name":"Le Ch\u00e2teau de Creil : un tr\u00e9sor perdu","isPartOf":{"@id":"https:\/\/www.creilsudoise-tourisme.fr\/#website"},"datePublished":"2024-04-26T09:58:14+00:00","dateModified":"2024-07-02T08:40:12+00:00","description":"Rencontre avec Nicolas Bilot, arch\u00e9ologue au d\u00e9partement de l'Oise, qui nous parle de l'ancien Ch\u00e2teau de Creil, tr\u00e8s peu connu","breadcrumb":{"@id":"https:\/\/www.creilsudoise-tourisme.fr\/2024\/04\/26\/nicolas-bilot\/#breadcrumb"},"inLanguage":"nl","potentialAction":[{"@type":"ReadAction","target":["https:\/\/www.creilsudoise-tourisme.fr\/2024\/04\/26\/nicolas-bilot\/"]}]},{"@type":"BreadcrumbList","@id":"https:\/\/www.creilsudoise-tourisme.fr\/2024\/04\/26\/nicolas-bilot\/#breadcrumb","itemListElement":[{"@type":"ListItem","position":1,"name":"Accueil","item":"https:\/\/www.creilsudoise-tourisme.fr\/"},{"@type":"ListItem","position":2,"name":"Le ch\u00e2teau de Creil : un tr\u00e9sor perdu"}]},{"@type":"WebSite","@id":"https:\/\/www.creilsudoise-tourisme.fr\/#website","url":"https:\/\/www.creilsudoise-tourisme.fr\/","name":"Office de Tourisme Creil Sud Oise","description":"Creil Sud Oise Tourisme, un territoire \u00e0 explorer !","publisher":{"@id":"https:\/\/www.creilsudoise-tourisme.fr\/#organization"},"potentialAction":[{"@type":"SearchAction","target":{"@type":"EntryPoint","urlTemplate":"https:\/\/www.creilsudoise-tourisme.fr\/?s={search_term_string}"},"query-input":"required name=search_term_string"}],"inLanguage":"nl"},{"@type":"Organization","@id":"https:\/\/www.creilsudoise-tourisme.fr\/#organization","name":"Creil Sud Oise Tourisme","url":"https:\/\/www.creilsudoise-tourisme.fr\/","logo":{"@type":"ImageObject","inLanguage":"nl","@id":"https:\/\/www.creilsudoise-tourisme.fr\/#\/schema\/logo\/image\/","url":"https:\/\/www.creilsudoise-tourisme.fr\/wp-content\/uploads\/2021\/05\/logo-svg.png","contentUrl":"https:\/\/www.creilsudoise-tourisme.fr\/wp-content\/uploads\/2021\/05\/logo-svg.png","width":182,"height":71,"caption":"Creil Sud Oise Tourisme"},"image":{"@id":"https:\/\/www.creilsudoise-tourisme.fr\/#\/schema\/logo\/image\/"},"sameAs":["https:\/\/www.facebook.com\/creilsudoisetourisme\/","https:\/\/twitter.com\/CreilSudOiseOT","https:\/\/www.instagram.com\/creilsudoisetourisme\/","https:\/\/www.youtube.com\/channel\/UC8L_QD2wwyADW14zt9fY8kw"]},{"@type":"Person","@id":"https:\/\/www.creilsudoise-tourisme.fr\/#\/schema\/person\/c5140d47645b13bee896bfe05f1bd5da","name":"fdubut","image":{"@type":"ImageObject","inLanguage":"nl","@id":"https:\/\/www.creilsudoise-tourisme.fr\/#\/schema\/person\/image\/","url":"https:\/\/secure.gravatar.com\/avatar\/c49bb61337bf4556cafdbcb92c18618d?s=96&d=mm&r=g","contentUrl":"https:\/\/secure.gravatar.com\/avatar\/c49bb61337bf4556cafdbcb92c18618d?s=96&d=mm&r=g","caption":"fdubut"},"url":"https:\/\/www.creilsudoise-tourisme.fr\/nl\/auteur\/fdubut\/"}]}},"_links":{"self":[{"href":"https:\/\/www.creilsudoise-tourisme.fr\/nl\/wp-json\/wp\/v2\/posts\/53601"}],"collection":[{"href":"https:\/\/www.creilsudoise-tourisme.fr\/nl\/wp-json\/wp\/v2\/posts"}],"about":[{"href":"https:\/\/www.creilsudoise-tourisme.fr\/nl\/wp-json\/wp\/v2\/types\/post"}],"author":[{"embeddable":true,"href":"https:\/\/www.creilsudoise-tourisme.fr\/nl\/wp-json\/wp\/v2\/users\/3"}],"replies":[{"embeddable":true,"href":"https:\/\/www.creilsudoise-tourisme.fr\/nl\/wp-json\/wp\/v2\/comments?post=53601"}],"version-history":[{"count":11,"href":"https:\/\/www.creilsudoise-tourisme.fr\/nl\/wp-json\/wp\/v2\/posts\/53601\/revisions"}],"predecessor-version":[{"id":53959,"href":"https:\/\/www.creilsudoise-tourisme.fr\/nl\/wp-json\/wp\/v2\/posts\/53601\/revisions\/53959"}],"wp:featuredmedia":[{"embeddable":true,"href":"https:\/\/www.creilsudoise-tourisme.fr\/nl\/wp-json\/wp\/v2\/media\/53618"}],"wp:attachment":[{"href":"https:\/\/www.creilsudoise-tourisme.fr\/nl\/wp-json\/wp\/v2\/media?parent=53601"}],"wp:term":[{"taxonomy":"category","embeddable":true,"href":"https:\/\/www.creilsudoise-tourisme.fr\/nl\/wp-json\/wp\/v2\/categories?post=53601"},{"taxonomy":"post_tag","embeddable":true,"href":"https:\/\/www.creilsudoise-tourisme.fr\/nl\/wp-json\/wp\/v2\/tags?post=53601"}],"curies":[{"name":"wp","href":"https:\/\/api.w.org\/{rel}","templated":true}]}}