{"id":43994,"date":"2023-01-09T15:43:36","date_gmt":"2023-01-09T14:43:36","guid":{"rendered":"https:\/\/www.creilsudoise-tourisme.fr\/?p=43994"},"modified":"2023-05-09T15:27:31","modified_gmt":"2023-05-09T13:27:31","slug":"bernard-beaudet","status":"publish","type":"post","link":"https:\/\/www.creilsudoise-tourisme.fr\/nl\/2023\/01\/09\/bernard-beaudet\/","title":{"rendered":"Bernard Beaudet, voorzitter van de Zeilclub"},"content":{"rendered":"<p class=\"is-style-excerpt\">Elke maand nodigen wij u uit om&nbsp;<strong>de omgeving van Creil Sud Oise op een andere manier ontdekken<\/strong>&nbsp;via&nbsp;<strong>het portret van 12 Toerisme Ambassadeurs&nbsp;<\/strong>die dagelijks handelen voor het toerisme in het zuiden van de Oise!<\/p>\n\n\n\n<h2>Bernard Beaudet<\/h2>\n\n\n\n<h3>Voorzitter van de Zeilclub van Saint-Leu-d'Esserent<\/h3>\n\n\n\n<p>Wist je dat het <strong>mogelijk om te gaan zeilen in Saint-Leu-d'Esserent<\/strong>&nbsp;? Ja! Op enkele tientallen kilometers van Parijs (en veel verder van de zee) biedt de Soci\u00e9t\u00e9 des r\u00e9gates et comp\u00e9titions du Sud de l'Oise de mogelijkheid om te zeilen in peddel, zeil, optimist... <strong>Bernard Beaudet, de voorzitter van deze Zeilclub<\/strong>is een <strong>meedogenloos<\/strong> (passie was niet sterk genoeg!) van de navigatie! <strong>Een vastberadenheid die hij met passie overbrengt...<\/strong><\/p>\n\n\n\n<figure class=\"wp-block-image size-large\"><img decoding=\"async\" loading=\"lazy\" width=\"1200\" height=\"675\" data-src=\"https:\/\/www.creilsudoise-tourisme.fr\/wp-content\/uploads\/2023\/01\/DSC05071-1200x675.jpg\" alt=\"Nautische basis Zeilclub\" class=\"wp-image-44004\" data-srcset=\"https:\/\/www.creilsudoise-tourisme.fr\/wp-content\/uploads\/2023\/01\/DSC05071-1200x675.jpg 1200w, https:\/\/www.creilsudoise-tourisme.fr\/wp-content\/uploads\/2023\/01\/DSC05071-600x338.jpg 600w, https:\/\/www.creilsudoise-tourisme.fr\/wp-content\/uploads\/2023\/01\/DSC05071-900x507.jpg 900w, https:\/\/www.creilsudoise-tourisme.fr\/wp-content\/uploads\/2023\/01\/DSC05071-200x113.jpg 200w, https:\/\/www.creilsudoise-tourisme.fr\/wp-content\/uploads\/2023\/01\/DSC05071-650x366.jpg 650w, https:\/\/www.creilsudoise-tourisme.fr\/wp-content\/uploads\/2023\/01\/DSC05071-387x218.jpg 387w, https:\/\/www.creilsudoise-tourisme.fr\/wp-content\/uploads\/2023\/01\/DSC05071.jpg 1480w\" sizes=\"(max-width: 1200px) 100vw, 1200px\" \/><\/figure>\n\n\n\n<h3>De Zeilclub van Saint-Leu-d'Esserent<\/h3>\n\n\n\n<p>Het is in een <strong>voormalige grindgroeve van 22 hectare<\/strong> veranderd in een waterlichaam (waaruit tot in de jaren zestig zand werd gewonnen), dat de <strong>Soci\u00e9t\u00e9 des r\u00e9gates de Creil<\/strong> (SRC) ging 50 jaar geleden, in 1972, van start. Destijds diende een voormalige naoorlogse SNCF-kazerne als clubhuis! &nbsp;<\/p>\n\n\n\n<div class=\"is-layout-flex wp-container-3 wp-block-columns\">\n<div class=\"is-layout-flow wp-block-column\"><div class=\"wp-block-image\">\n<figure class=\"alignright size-large\"><img decoding=\"async\" loading=\"lazy\" width=\"1200\" height=\"726\" data-src=\"https:\/\/www.creilsudoise-tourisme.fr\/wp-content\/uploads\/2023\/01\/ancien-local-1200x726.jpg\" alt=\"Voormalig terrein van de zeilclub\" class=\"wp-image-43996\" data-srcset=\"https:\/\/www.creilsudoise-tourisme.fr\/wp-content\/uploads\/2023\/01\/ancien-local-1200x726.jpg 1200w, https:\/\/www.creilsudoise-tourisme.fr\/wp-content\/uploads\/2023\/01\/ancien-local-600x363.jpg 600w, https:\/\/www.creilsudoise-tourisme.fr\/wp-content\/uploads\/2023\/01\/ancien-local-900x545.jpg 900w, https:\/\/www.creilsudoise-tourisme.fr\/wp-content\/uploads\/2023\/01\/ancien-local-200x121.jpg 200w, https:\/\/www.creilsudoise-tourisme.fr\/wp-content\/uploads\/2023\/01\/ancien-local-650x394.jpg 650w, https:\/\/www.creilsudoise-tourisme.fr\/wp-content\/uploads\/2023\/01\/ancien-local-416x251.jpg 416w, https:\/\/www.creilsudoise-tourisme.fr\/wp-content\/uploads\/2023\/01\/ancien-local-387x234.jpg 387w, https:\/\/www.creilsudoise-tourisme.fr\/wp-content\/uploads\/2023\/01\/ancien-local.jpg 1480w\" sizes=\"(max-width: 1200px) 100vw, 1200px\" \/><\/figure><\/div><\/div>\n\n\n\n<div class=\"is-layout-flow wp-block-column\"><div class=\"wp-block-image\">\n<figure class=\"alignleft size-large is-resized\"><img decoding=\"async\" loading=\"lazy\" data-src=\"https:\/\/www.creilsudoise-tourisme.fr\/wp-content\/uploads\/2023\/01\/DSC05063-1200x675.jpg\" alt=\"Nautische basis Zeilclub\" class=\"wp-image-44003\" width=\"396\" height=\"223\" data-srcset=\"https:\/\/www.creilsudoise-tourisme.fr\/wp-content\/uploads\/2023\/01\/DSC05063-1200x675.jpg 1200w, https:\/\/www.creilsudoise-tourisme.fr\/wp-content\/uploads\/2023\/01\/DSC05063-600x338.jpg 600w, https:\/\/www.creilsudoise-tourisme.fr\/wp-content\/uploads\/2023\/01\/DSC05063-900x507.jpg 900w, https:\/\/www.creilsudoise-tourisme.fr\/wp-content\/uploads\/2023\/01\/DSC05063-200x113.jpg 200w, https:\/\/www.creilsudoise-tourisme.fr\/wp-content\/uploads\/2023\/01\/DSC05063-650x366.jpg 650w, https:\/\/www.creilsudoise-tourisme.fr\/wp-content\/uploads\/2023\/01\/DSC05063-387x218.jpg 387w, https:\/\/www.creilsudoise-tourisme.fr\/wp-content\/uploads\/2023\/01\/DSC05063.jpg 1480w\" sizes=\"(max-width: 396px) 100vw, 396px\" \/><\/figure><\/div><\/div>\n<\/div>\n\n\n\n<figure class=\"wp-block-image size-large\"><img decoding=\"async\" loading=\"lazy\" width=\"1200\" height=\"675\" data-src=\"https:\/\/www.creilsudoise-tourisme.fr\/wp-content\/uploads\/2023\/01\/DSC05060-1200x675.jpg\" alt=\"Nautische basis Zeilclub\" class=\"wp-image-44002\" data-srcset=\"https:\/\/www.creilsudoise-tourisme.fr\/wp-content\/uploads\/2023\/01\/DSC05060-1200x675.jpg 1200w, https:\/\/www.creilsudoise-tourisme.fr\/wp-content\/uploads\/2023\/01\/DSC05060-600x338.jpg 600w, https:\/\/www.creilsudoise-tourisme.fr\/wp-content\/uploads\/2023\/01\/DSC05060-900x507.jpg 900w, https:\/\/www.creilsudoise-tourisme.fr\/wp-content\/uploads\/2023\/01\/DSC05060-200x113.jpg 200w, https:\/\/www.creilsudoise-tourisme.fr\/wp-content\/uploads\/2023\/01\/DSC05060-650x366.jpg 650w, https:\/\/www.creilsudoise-tourisme.fr\/wp-content\/uploads\/2023\/01\/DSC05060-387x218.jpg 387w, https:\/\/www.creilsudoise-tourisme.fr\/wp-content\/uploads\/2023\/01\/DSC05060.jpg 1480w\" sizes=\"(max-width: 1200px) 100vw, 1200px\" \/><\/figure>\n\n\n\n<p>In 1977 werkte Bernard in de Base de Loisirs genaamd BSL (vlak naast de Zeilclub), toen gerund door de Service Jeunesse et Sport van het departement Oise. Gedurende 10 jaar was hij windsurfinstructeur, waarna hij na de sluiting van de Base D\u00e9partementale toetrad tot de Soci\u00e9t\u00e9 des r\u00e9gates de Creil als lid van de F\u00e9d\u00e9ration Fran\u00e7aise de Voile. Vervolgens werd hij trainer, voordat hij in 1989 voorzitter werd van de Soci\u00e9t\u00e9 des r\u00e9gates de Creil. Bernard is ook <strong>Wedstrijdcomit\u00e9, jury en coach voor regionale wedstrijden<\/strong>&nbsp;a <strong>een echte zeilliefhebber<\/strong>We zeiden het toch!<\/p>\n\n\n\n<p>De Zeilclub evolueert en breidt uit na de verwoesting door brand in 1997. Een comfortabele ruimte vervangt de hut en vele boten gaan nu voor anker aan de oevers van het meer. Het werd <strong>Soci\u00e9t\u00e9 des R\u00e9gates et Comp\u00e9tition Sud-Oise in 2010<\/strong>. In 2019 ontvangt de Club een gulle donatie: een <strong>10-meter zeilboot<\/strong> die de leden van de vereniging in 3 jaar zullen renoveren. <strong>Haar naam: Justine. Haar thuishaven: Dieppe.<\/strong><\/p>\n\n\n\n<p>Verre van naar binnen gericht te zijn, is de vereniging <strong>verwelkomt regelmatig vrijetijdscentra en particulieren<\/strong> voor watersportcursussen in de zomer, organiseert een <strong>telethon evenement<\/strong>, <strong>werk voor de vergeten vakantiegangers<\/strong>... Ze wisselen ook met <strong>Apprentis d'Auteuil voor stages<\/strong> en <strong>klassen <\/strong><strong>SEGPA van de hogescholen Michelet en Rousseau in Creil<\/strong> voor de uitvoering van projecten zoals de bouw van een carport en andere faciliteiten voor de club, alsmede het renovatieproject van een schoener met de naam Loup de Mer!<\/p>\n\n\n\n<p>De Club <strong>organiseert ook regatta's<\/strong> en in oktober 2022 organiseerde de vereniging voor het eerst een <strong>Nationaal evenement: de Open Tour voor 11-15 jarigen<\/strong> werd gehouden in Saint-Leu-d'Esserent en bracht bijna 75 Open-Skiff boten uit heel Frankrijk samen!<\/p>\n\n\n\n<figure class=\"wp-block-image alignfull size-large\"><img decoding=\"async\" loading=\"lazy\" width=\"1200\" height=\"675\" data-src=\"https:\/\/www.creilsudoise-tourisme.fr\/wp-content\/uploads\/2023\/01\/310920387_527792032686969_7828047795805630370_n-1200x675.jpg\" alt=\"Regatta op de nautische basis\" class=\"wp-image-43995\" data-srcset=\"https:\/\/www.creilsudoise-tourisme.fr\/wp-content\/uploads\/2023\/01\/310920387_527792032686969_7828047795805630370_n-1200x675.jpg 1200w, https:\/\/www.creilsudoise-tourisme.fr\/wp-content\/uploads\/2023\/01\/310920387_527792032686969_7828047795805630370_n-600x338.jpg 600w, https:\/\/www.creilsudoise-tourisme.fr\/wp-content\/uploads\/2023\/01\/310920387_527792032686969_7828047795805630370_n-900x507.jpg 900w, https:\/\/www.creilsudoise-tourisme.fr\/wp-content\/uploads\/2023\/01\/310920387_527792032686969_7828047795805630370_n-200x113.jpg 200w, https:\/\/www.creilsudoise-tourisme.fr\/wp-content\/uploads\/2023\/01\/310920387_527792032686969_7828047795805630370_n-650x366.jpg 650w, https:\/\/www.creilsudoise-tourisme.fr\/wp-content\/uploads\/2023\/01\/310920387_527792032686969_7828047795805630370_n-387x218.jpg 387w, https:\/\/www.creilsudoise-tourisme.fr\/wp-content\/uploads\/2023\/01\/310920387_527792032686969_7828047795805630370_n.jpg 1480w\" sizes=\"(max-width: 1200px) 100vw, 1200px\" \/><\/figure>\n\n\n\n<h3>Leren navigeren<\/h3>\n\n\n\n<p>Vandaag heeft de vereniging <strong>bijna 200 leden<\/strong>De meesten komen uit de Oise en meer bepaald uit de omgeving van Saint-Leu-d'Esserent en soms uit verder gelegen streken, zoals de Aube en de Morbihan!<\/p>\n\n\n\n<p>De <strong>instructeurs (inclusief Bernard!) zijn allemaal vrijwilligers<\/strong> en zetten zich in voor <strong>hun kennis doorgeven<\/strong>&nbsp;Ken de wind, anticipeer, zeil, volg de lay-line... en dat alles. <strong>in een goed humeur en in perfecte autonomie<\/strong>. Hier is het materiaal beschikbaar voor iedereen, ieder begeleidt de ander om hem\/haar te helpen evolueren. En dit, elke dag van het jaar! Het motto van de Club is : <strong>U komt wanneer u wilt, zolang u wilt, want wij zijn in Saint-Leu! <\/strong>en zijn slogan: <strong>Zeilen in het dagelijks leven!<\/strong><\/p>\n\n\n\n<div class=\"is-layout-flex wp-container-6 wp-block-columns\">\n<div class=\"is-layout-flow wp-block-column\"><div class=\"wp-block-image\">\n<figure class=\"alignright size-large\"><img decoding=\"async\" loading=\"lazy\" width=\"1200\" height=\"675\" data-src=\"https:\/\/www.creilsudoise-tourisme.fr\/wp-content\/uploads\/2023\/01\/DSC04757-1200x675.jpg\" alt=\"Nautische basis Zeilclub\" class=\"wp-image-44000\" data-srcset=\"https:\/\/www.creilsudoise-tourisme.fr\/wp-content\/uploads\/2023\/01\/DSC04757-1200x675.jpg 1200w, https:\/\/www.creilsudoise-tourisme.fr\/wp-content\/uploads\/2023\/01\/DSC04757-600x338.jpg 600w, https:\/\/www.creilsudoise-tourisme.fr\/wp-content\/uploads\/2023\/01\/DSC04757-900x507.jpg 900w, https:\/\/www.creilsudoise-tourisme.fr\/wp-content\/uploads\/2023\/01\/DSC04757-200x113.jpg 200w, https:\/\/www.creilsudoise-tourisme.fr\/wp-content\/uploads\/2023\/01\/DSC04757-650x366.jpg 650w, https:\/\/www.creilsudoise-tourisme.fr\/wp-content\/uploads\/2023\/01\/DSC04757-387x218.jpg 387w, https:\/\/www.creilsudoise-tourisme.fr\/wp-content\/uploads\/2023\/01\/DSC04757.jpg 1480w\" sizes=\"(max-width: 1200px) 100vw, 1200px\" \/><\/figure><\/div><\/div>\n\n\n\n<div class=\"is-layout-flow wp-block-column\"><div class=\"wp-block-image\">\n<figure class=\"alignleft size-large\"><img decoding=\"async\" loading=\"lazy\" width=\"1200\" height=\"675\" data-src=\"https:\/\/www.creilsudoise-tourisme.fr\/wp-content\/uploads\/2023\/01\/DSC04761-1200x675.jpg\" alt=\"Nautische basis Zeilclub\" class=\"wp-image-44001\" data-srcset=\"https:\/\/www.creilsudoise-tourisme.fr\/wp-content\/uploads\/2023\/01\/DSC04761-1200x675.jpg 1200w, https:\/\/www.creilsudoise-tourisme.fr\/wp-content\/uploads\/2023\/01\/DSC04761-600x338.jpg 600w, https:\/\/www.creilsudoise-tourisme.fr\/wp-content\/uploads\/2023\/01\/DSC04761-900x507.jpg 900w, https:\/\/www.creilsudoise-tourisme.fr\/wp-content\/uploads\/2023\/01\/DSC04761-200x113.jpg 200w, https:\/\/www.creilsudoise-tourisme.fr\/wp-content\/uploads\/2023\/01\/DSC04761-650x366.jpg 650w, https:\/\/www.creilsudoise-tourisme.fr\/wp-content\/uploads\/2023\/01\/DSC04761-387x218.jpg 387w, https:\/\/www.creilsudoise-tourisme.fr\/wp-content\/uploads\/2023\/01\/DSC04761.jpg 1480w\" sizes=\"(max-width: 1200px) 100vw, 1200px\" \/><\/figure><\/div><\/div>\n<\/div>\n\n\n\n<p>De leden trainen eerst op het water, waar ze schouders wrijven met <strong>peddel, rubberboot, minicatamaran, open bic, optimist of kano's<\/strong>Na een paar jaar opleiding zullen zij aan boord van Justine, de 10 meter lange zeilboot met basis in Dieppe, kunnen varen. Sommigen zullen dan de <strong>diploma van de instructeur<\/strong> op het meer van Saint-Leu-d'Esserent, anderen gaan naar de <strong>Frans kampioenschap<\/strong>en andere, zoals de <a href=\"https:\/\/www.youtube.com\/@vancofamily\" target=\"_blank\" rel=\"noreferrer noopener\"><strong>Vancofamilie<\/strong><\/a>wiens video's te vinden zijn op hun Youtube kanaal, al hun vrije tijd doorbrengen op hun boot!<\/p>\n\n\n\n<p><\/p>\n\n\n\n<p><\/p>\n\n\n<div class=\"wp-block wp-block-highlight\">\n            <h3 class=\"wp-block-highlight-item wp-block-highlight-title\">Wist je dat?<\/h3>\n                <p class=\"wp-block-highlight-item wp-block-highlight-excerpt\">Dankzij twee collectieve boten is de Saint-Leu-d'Esserent Sailing Club <strong>uitgerust voor de opvang van geestelijk gehandicapten.<\/strong><\/p>\n    <\/div>\n\n\n<h3>De activiteiten van de Zeilclub<\/h3>\n\n\n\n<p>Als het motto is om te komen wanneer je wilt, de <strong>De zeilclub van Saint-Leu-d'Esserent biedt 2 wekelijkse bijeenkomsten om te oefenen, te trainen en de nodige ervaring op te doen om zelfstandig te worden.<\/strong><\/p>\n\n\n\n<figure class=\"wp-block-image size-large\"><img decoding=\"async\" loading=\"lazy\" width=\"1200\" height=\"675\" data-src=\"https:\/\/www.creilsudoise-tourisme.fr\/wp-content\/uploads\/2023\/01\/OTCSO_base_nautique_2021_mai-3-1200x675.jpg\" alt=\"Nautische basis Zeilclub\" class=\"wp-image-44008\" data-srcset=\"https:\/\/www.creilsudoise-tourisme.fr\/wp-content\/uploads\/2023\/01\/OTCSO_base_nautique_2021_mai-3-1200x675.jpg 1200w, https:\/\/www.creilsudoise-tourisme.fr\/wp-content\/uploads\/2023\/01\/OTCSO_base_nautique_2021_mai-3-600x337.jpg 600w, https:\/\/www.creilsudoise-tourisme.fr\/wp-content\/uploads\/2023\/01\/OTCSO_base_nautique_2021_mai-3-900x506.jpg 900w, https:\/\/www.creilsudoise-tourisme.fr\/wp-content\/uploads\/2023\/01\/OTCSO_base_nautique_2021_mai-3-200x112.jpg 200w, https:\/\/www.creilsudoise-tourisme.fr\/wp-content\/uploads\/2023\/01\/OTCSO_base_nautique_2021_mai-3-650x365.jpg 650w, https:\/\/www.creilsudoise-tourisme.fr\/wp-content\/uploads\/2023\/01\/OTCSO_base_nautique_2021_mai-3-387x218.jpg 387w, https:\/\/www.creilsudoise-tourisme.fr\/wp-content\/uploads\/2023\/01\/OTCSO_base_nautique_2021_mai-3.jpg 1480w\" sizes=\"(max-width: 1200px) 100vw, 1200px\" \/><\/figure>\n\n\n\n<p>Voor de <strong>jongeren van 7 tot 18-20 jaar<\/strong>Een cursus van 4 uur wordt aangeboden <strong>Zaterdagmiddag<\/strong>het hele jaar door, met uitzondering van de schoolvakanties, en <strong>ongeacht het weer<\/strong>&nbsp;! Het is <strong>de zeilschool \"Les P'tits Loups\"...<\/strong> (in verwijzing naar \"leu\" uit Saint-Leu-d'Esserent, wat \"wolf\" betekent). Het is belangrijk om <strong>om volledig betrokken te zijn bij deze zeer veeleisende discipline<\/strong> die vereist <strong>veel ijver om te evolueren en te verbeteren<\/strong>. Van de 12 jongeren die momenteel de cursus volgen, is het volgende het belangrijkst, <strong>6 zijn op het Franse kampioenschap!<\/strong><\/p>\n\n\n\n<p>Voor de <strong>volwassenen<\/strong>afspraak <strong>elke zondagochtend van 10.00 tot 12.30 uur<\/strong> met de <strong>\"Zondagochtend werk\".<\/strong>&nbsp;! Ze leren zeilen op het water en daarna op zee.<\/p>\n\n\n\n<p>Het jaar begint in september, een maand waarin de nieuwe leden technische cursussen volgen, daarna varen ze het hele jaar op het plan. Er zijn 3 maanden ervaring nodig om een zekere zelfstandigheid te verwerven, en 1 jaar om een beginner te kunnen sponsoren.<\/p>\n\n\n\n<p><\/p>\n\n\n\n<p><\/p>\n\n\n<div class=\"wp-block wp-block-highlight\">\n            <h3 class=\"wp-block-highlight-item wp-block-highlight-title\">Goed om te weten.<\/h3>\n                <p class=\"wp-block-highlight-item wp-block-highlight-excerpt\"><strong>De ingang van de Zeilclub is aan de uitgang van Saint-Leu-d'Esserent<\/strong>In de richting van Pr\u00e9cy-sur-Oise, departementale weg 92, tegenover Villers-Sous-Saint-Leu.<\/p>\n    <\/div>\n\n\n<hr class=\"wp-block-separator has-css-opacity\"\/>\n\n\n\n<figure class=\"wp-block-embed is-type-video is-provider-youtube wp-block-embed-youtube wp-embed-aspect-4-3 wp-has-aspect-ratio\"><div class=\"wp-block-embed__wrapper\">\n<iframe loading=\"lazy\" title=\"Saint Leu d&#039;Esserent ontdekken met Bernard Beaudet\" width=\"500\" height=\"375\" data-src=\"https:\/\/www.youtube.com\/embed\/JDUED2_tXxg?feature=oembed\" frameborder=\"0\" allow=\"accelerometer; autoplay; clipboard-write; encrypted-media; gyroscope; picture-in-picture; web-share\" allowfullscreen><\/iframe>\n<\/div><\/figure>","protected":false},"excerpt":{"rendered":"<p>Elke maand nodigen wij u uit om de regio Creil Sud Oise op een andere manier te ontdekken: aan de hand van de portretten van 12 toeristische ambassadeurs die zich dagelijks inzetten voor het toerisme in het zuiden van de Oise! Bernard Beaudet Voorzitter van de Zeilclub Saint-Leu-d'Esserent Wist u dat het mogelijk is om te gaan zeilen in Saint-Leu-d'Esserent? Ja! op [...]<\/p>","protected":false},"author":3,"featured_media":43998,"comment_status":"closed","ping_status":"closed","sticky":false,"template":"","format":"standard","meta":{"_relevanssi_hide_post":"","_relevanssi_hide_content":"","_relevanssi_pin_for_all":"","_relevanssi_pin_keywords":"","_relevanssi_unpin_keywords":"","_relevanssi_related_keywords":"","_relevanssi_related_include_ids":"","_relevanssi_related_exclude_ids":"","_relevanssi_related_no_append":"","_relevanssi_related_not_related":"","_relevanssi_related_posts":"40150,39613,32820,37951,39942,37932","_relevanssi_noindex_reason":""},"categories":[10],"tags":[],"yoast_head":"<!-- This site is optimized with the Yoast SEO plugin v20.2.1 - https:\/\/yoast.com\/wordpress\/plugins\/seo\/ -->\n<title>Bernard Beaudet, pr\u00e9sident du Club de Voile de Saint-Leu-d&#039;Esserent<\/title>\n<meta name=\"description\" content=\"D\u00e9couvrez le territoire Creil Sud Oise \u00e0 travers un article et une interview sur un ambassadeur passionn\u00e9 ! Ce mois-ci, c&#039;est Bernard Beaudet\" \/>\n<meta name=\"robots\" content=\"index, follow, max-snippet:-1, max-image-preview:large, max-video-preview:-1\" \/>\n<link rel=\"canonical\" href=\"https:\/\/www.creilsudoise-tourisme.fr\/nl\/2023\/01\/09\/bernard-beaudet\/\" \/>\n<meta property=\"og:locale\" content=\"nl_NL\" \/>\n<meta property=\"og:type\" content=\"article\" \/>\n<meta property=\"og:title\" content=\"Bernard Beaudet, pr\u00e9sident du Club de Voile de Saint-Leu-d&#039;Esserent\" \/>\n<meta property=\"og:description\" content=\"D\u00e9couvrez le territoire Creil Sud Oise \u00e0 travers un article et une interview sur un ambassadeur passionn\u00e9 ! Ce mois-ci, c&#039;est Bernard Beaudet\" \/>\n<meta property=\"og:url\" content=\"https:\/\/www.creilsudoise-tourisme.fr\/nl\/2023\/01\/09\/bernard-beaudet\/\" \/>\n<meta property=\"og:site_name\" content=\"Office de Tourisme Creil Sud Oise\" \/>\n<meta property=\"article:publisher\" content=\"https:\/\/www.facebook.com\/creilsudoisetourisme\/\" \/>\n<meta property=\"article:published_time\" content=\"2023-01-09T14:43:36+00:00\" \/>\n<meta property=\"article:modified_time\" content=\"2023-05-09T13:27:31+00:00\" \/>\n<meta property=\"og:image\" content=\"https:\/\/www.creilsudoise-tourisme.fr\/wp-content\/uploads\/2023\/01\/Bernard.jpg\" \/>\n\t<meta property=\"og:image:width\" content=\"640\" \/>\n\t<meta property=\"og:image:height\" content=\"570\" \/>\n\t<meta property=\"og:image:type\" content=\"image\/jpeg\" \/>\n<meta name=\"author\" content=\"fdubut\" \/>\n<meta name=\"twitter:card\" content=\"summary_large_image\" \/>\n<meta name=\"twitter:creator\" content=\"@CreilSudOiseOT\" \/>\n<meta name=\"twitter:site\" content=\"@CreilSudOiseOT\" \/>\n<meta name=\"twitter:label1\" content=\"Geschreven door\" \/>\n\t<meta name=\"twitter:data1\" content=\"fdubut\" \/>\n\t<meta name=\"twitter:label2\" content=\"Geschatte leestijd\" \/>\n\t<meta name=\"twitter:data2\" content=\"6 minuten\" \/>\n<script type=\"application\/ld+json\" class=\"yoast-schema-graph\">{\"@context\":\"https:\/\/schema.org\",\"@graph\":[{\"@type\":\"Article\",\"@id\":\"https:\/\/www.creilsudoise-tourisme.fr\/2023\/01\/09\/bernard-beaudet\/#article\",\"isPartOf\":{\"@id\":\"https:\/\/www.creilsudoise-tourisme.fr\/2023\/01\/09\/bernard-beaudet\/\"},\"author\":{\"name\":\"fdubut\",\"@id\":\"https:\/\/www.creilsudoise-tourisme.fr\/#\/schema\/person\/c5140d47645b13bee896bfe05f1bd5da\"},\"headline\":\"Bernard Beaudet, pr\u00e9sident du Club de voile\",\"datePublished\":\"2023-01-09T14:43:36+00:00\",\"dateModified\":\"2023-05-09T13:27:31+00:00\",\"mainEntityOfPage\":{\"@id\":\"https:\/\/www.creilsudoise-tourisme.fr\/2023\/01\/09\/bernard-beaudet\/\"},\"wordCount\":1056,\"publisher\":{\"@id\":\"https:\/\/www.creilsudoise-tourisme.fr\/#organization\"},\"articleSection\":[\"Nos ambassadeurs\"],\"inLanguage\":\"nl\"},{\"@type\":\"WebPage\",\"@id\":\"https:\/\/www.creilsudoise-tourisme.fr\/2023\/01\/09\/bernard-beaudet\/\",\"url\":\"https:\/\/www.creilsudoise-tourisme.fr\/2023\/01\/09\/bernard-beaudet\/\",\"name\":\"Bernard Beaudet, pr\u00e9sident du Club de Voile de Saint-Leu-d'Esserent\",\"isPartOf\":{\"@id\":\"https:\/\/www.creilsudoise-tourisme.fr\/#website\"},\"datePublished\":\"2023-01-09T14:43:36+00:00\",\"dateModified\":\"2023-05-09T13:27:31+00:00\",\"description\":\"D\u00e9couvrez le territoire Creil Sud Oise \u00e0 travers un article et une interview sur un ambassadeur passionn\u00e9 ! Ce mois-ci, c'est Bernard Beaudet\",\"breadcrumb\":{\"@id\":\"https:\/\/www.creilsudoise-tourisme.fr\/2023\/01\/09\/bernard-beaudet\/#breadcrumb\"},\"inLanguage\":\"nl\",\"potentialAction\":[{\"@type\":\"ReadAction\",\"target\":[\"https:\/\/www.creilsudoise-tourisme.fr\/2023\/01\/09\/bernard-beaudet\/\"]}]},{\"@type\":\"BreadcrumbList\",\"@id\":\"https:\/\/www.creilsudoise-tourisme.fr\/2023\/01\/09\/bernard-beaudet\/#breadcrumb\",\"itemListElement\":[{\"@type\":\"ListItem\",\"position\":1,\"name\":\"Accueil\",\"item\":\"https:\/\/www.creilsudoise-tourisme.fr\/\"},{\"@type\":\"ListItem\",\"position\":2,\"name\":\"Bernard Beaudet, pr\u00e9sident du Club de voile\"}]},{\"@type\":\"WebSite\",\"@id\":\"https:\/\/www.creilsudoise-tourisme.fr\/#website\",\"url\":\"https:\/\/www.creilsudoise-tourisme.fr\/\",\"name\":\"Office de Tourisme Creil Sud Oise\",\"description\":\"Creil Sud Oise Tourisme, un territoire \u00e0 explorer !\",\"publisher\":{\"@id\":\"https:\/\/www.creilsudoise-tourisme.fr\/#organization\"},\"potentialAction\":[{\"@type\":\"SearchAction\",\"target\":{\"@type\":\"EntryPoint\",\"urlTemplate\":\"https:\/\/www.creilsudoise-tourisme.fr\/?s={search_term_string}\"},\"query-input\":\"required name=search_term_string\"}],\"inLanguage\":\"nl\"},{\"@type\":\"Organization\",\"@id\":\"https:\/\/www.creilsudoise-tourisme.fr\/#organization\",\"name\":\"Creil Sud Oise Tourisme\",\"url\":\"https:\/\/www.creilsudoise-tourisme.fr\/\",\"logo\":{\"@type\":\"ImageObject\",\"inLanguage\":\"nl\",\"@id\":\"https:\/\/www.creilsudoise-tourisme.fr\/#\/schema\/logo\/image\/\",\"url\":\"https:\/\/www.creilsudoise-tourisme.fr\/wp-content\/uploads\/2021\/05\/logo-svg.png\",\"contentUrl\":\"https:\/\/www.creilsudoise-tourisme.fr\/wp-content\/uploads\/2021\/05\/logo-svg.png\",\"width\":182,\"height\":71,\"caption\":\"Creil Sud Oise Tourisme\"},\"image\":{\"@id\":\"https:\/\/www.creilsudoise-tourisme.fr\/#\/schema\/logo\/image\/\"},\"sameAs\":[\"https:\/\/www.facebook.com\/creilsudoisetourisme\/\",\"https:\/\/twitter.com\/CreilSudOiseOT\",\"https:\/\/www.instagram.com\/creilsudoisetourisme\/\",\"https:\/\/www.youtube.com\/channel\/UC8L_QD2wwyADW14zt9fY8kw\"]},{\"@type\":\"Person\",\"@id\":\"https:\/\/www.creilsudoise-tourisme.fr\/#\/schema\/person\/c5140d47645b13bee896bfe05f1bd5da\",\"name\":\"fdubut\",\"image\":{\"@type\":\"ImageObject\",\"inLanguage\":\"nl\",\"@id\":\"https:\/\/www.creilsudoise-tourisme.fr\/#\/schema\/person\/image\/\",\"url\":\"https:\/\/secure.gravatar.com\/avatar\/c49bb61337bf4556cafdbcb92c18618d?s=96&d=mm&r=g\",\"contentUrl\":\"https:\/\/secure.gravatar.com\/avatar\/c49bb61337bf4556cafdbcb92c18618d?s=96&d=mm&r=g\",\"caption\":\"fdubut\"},\"url\":\"https:\/\/www.creilsudoise-tourisme.fr\/nl\/auteur\/fdubut\/\"}]}<\/script>\n<!-- \/ Yoast SEO plugin. -->","yoast_head_json":{"title":"Bernard Beaudet, pr\u00e9sident du Club de Voile de Saint-Leu-d'Esserent","description":"D\u00e9couvrez le territoire Creil Sud Oise \u00e0 travers un article et une interview sur un ambassadeur passionn\u00e9 ! Ce mois-ci, c'est Bernard Beaudet","robots":{"index":"index","follow":"follow","max-snippet":"max-snippet:-1","max-image-preview":"max-image-preview:large","max-video-preview":"max-video-preview:-1"},"canonical":"https:\/\/www.creilsudoise-tourisme.fr\/nl\/2023\/01\/09\/bernard-beaudet\/","og_locale":"nl_NL","og_type":"article","og_title":"Bernard Beaudet, pr\u00e9sident du Club de Voile de Saint-Leu-d'Esserent","og_description":"D\u00e9couvrez le territoire Creil Sud Oise \u00e0 travers un article et une interview sur un ambassadeur passionn\u00e9 ! Ce mois-ci, c'est Bernard Beaudet","og_url":"https:\/\/www.creilsudoise-tourisme.fr\/nl\/2023\/01\/09\/bernard-beaudet\/","og_site_name":"Office de Tourisme Creil Sud Oise","article_publisher":"https:\/\/www.facebook.com\/creilsudoisetourisme\/","article_published_time":"2023-01-09T14:43:36+00:00","article_modified_time":"2023-05-09T13:27:31+00:00","og_image":[{"width":640,"height":570,"url":"https:\/\/www.creilsudoise-tourisme.fr\/wp-content\/uploads\/2023\/01\/Bernard.jpg","type":"image\/jpeg"}],"author":"fdubut","twitter_card":"summary_large_image","twitter_creator":"@CreilSudOiseOT","twitter_site":"@CreilSudOiseOT","twitter_misc":{"Geschreven door":"fdubut","Geschatte leestijd":"6 minuten"},"schema":{"@context":"https:\/\/schema.org","@graph":[{"@type":"Article","@id":"https:\/\/www.creilsudoise-tourisme.fr\/2023\/01\/09\/bernard-beaudet\/#article","isPartOf":{"@id":"https:\/\/www.creilsudoise-tourisme.fr\/2023\/01\/09\/bernard-beaudet\/"},"author":{"name":"fdubut","@id":"https:\/\/www.creilsudoise-tourisme.fr\/#\/schema\/person\/c5140d47645b13bee896bfe05f1bd5da"},"headline":"Bernard Beaudet, pr\u00e9sident du Club de voile","datePublished":"2023-01-09T14:43:36+00:00","dateModified":"2023-05-09T13:27:31+00:00","mainEntityOfPage":{"@id":"https:\/\/www.creilsudoise-tourisme.fr\/2023\/01\/09\/bernard-beaudet\/"},"wordCount":1056,"publisher":{"@id":"https:\/\/www.creilsudoise-tourisme.fr\/#organization"},"articleSection":["Nos ambassadeurs"],"inLanguage":"nl"},{"@type":"WebPage","@id":"https:\/\/www.creilsudoise-tourisme.fr\/2023\/01\/09\/bernard-beaudet\/","url":"https:\/\/www.creilsudoise-tourisme.fr\/2023\/01\/09\/bernard-beaudet\/","name":"Bernard Beaudet, pr\u00e9sident du Club de Voile de Saint-Leu-d'Esserent","isPartOf":{"@id":"https:\/\/www.creilsudoise-tourisme.fr\/#website"},"datePublished":"2023-01-09T14:43:36+00:00","dateModified":"2023-05-09T13:27:31+00:00","description":"D\u00e9couvrez le territoire Creil Sud Oise \u00e0 travers un article et une interview sur un ambassadeur passionn\u00e9 ! Ce mois-ci, c'est Bernard Beaudet","breadcrumb":{"@id":"https:\/\/www.creilsudoise-tourisme.fr\/2023\/01\/09\/bernard-beaudet\/#breadcrumb"},"inLanguage":"nl","potentialAction":[{"@type":"ReadAction","target":["https:\/\/www.creilsudoise-tourisme.fr\/2023\/01\/09\/bernard-beaudet\/"]}]},{"@type":"BreadcrumbList","@id":"https:\/\/www.creilsudoise-tourisme.fr\/2023\/01\/09\/bernard-beaudet\/#breadcrumb","itemListElement":[{"@type":"ListItem","position":1,"name":"Accueil","item":"https:\/\/www.creilsudoise-tourisme.fr\/"},{"@type":"ListItem","position":2,"name":"Bernard Beaudet, pr\u00e9sident du Club de voile"}]},{"@type":"WebSite","@id":"https:\/\/www.creilsudoise-tourisme.fr\/#website","url":"https:\/\/www.creilsudoise-tourisme.fr\/","name":"Office de Tourisme Creil Sud Oise","description":"Creil Sud Oise Tourisme, un territoire \u00e0 explorer !","publisher":{"@id":"https:\/\/www.creilsudoise-tourisme.fr\/#organization"},"potentialAction":[{"@type":"SearchAction","target":{"@type":"EntryPoint","urlTemplate":"https:\/\/www.creilsudoise-tourisme.fr\/?s={search_term_string}"},"query-input":"required name=search_term_string"}],"inLanguage":"nl"},{"@type":"Organization","@id":"https:\/\/www.creilsudoise-tourisme.fr\/#organization","name":"Creil Sud Oise Tourisme","url":"https:\/\/www.creilsudoise-tourisme.fr\/","logo":{"@type":"ImageObject","inLanguage":"nl","@id":"https:\/\/www.creilsudoise-tourisme.fr\/#\/schema\/logo\/image\/","url":"https:\/\/www.creilsudoise-tourisme.fr\/wp-content\/uploads\/2021\/05\/logo-svg.png","contentUrl":"https:\/\/www.creilsudoise-tourisme.fr\/wp-content\/uploads\/2021\/05\/logo-svg.png","width":182,"height":71,"caption":"Creil Sud Oise Tourisme"},"image":{"@id":"https:\/\/www.creilsudoise-tourisme.fr\/#\/schema\/logo\/image\/"},"sameAs":["https:\/\/www.facebook.com\/creilsudoisetourisme\/","https:\/\/twitter.com\/CreilSudOiseOT","https:\/\/www.instagram.com\/creilsudoisetourisme\/","https:\/\/www.youtube.com\/channel\/UC8L_QD2wwyADW14zt9fY8kw"]},{"@type":"Person","@id":"https:\/\/www.creilsudoise-tourisme.fr\/#\/schema\/person\/c5140d47645b13bee896bfe05f1bd5da","name":"fdubut","image":{"@type":"ImageObject","inLanguage":"nl","@id":"https:\/\/www.creilsudoise-tourisme.fr\/#\/schema\/person\/image\/","url":"https:\/\/secure.gravatar.com\/avatar\/c49bb61337bf4556cafdbcb92c18618d?s=96&d=mm&r=g","contentUrl":"https:\/\/secure.gravatar.com\/avatar\/c49bb61337bf4556cafdbcb92c18618d?s=96&d=mm&r=g","caption":"fdubut"},"url":"https:\/\/www.creilsudoise-tourisme.fr\/nl\/auteur\/fdubut\/"}]}},"_links":{"self":[{"href":"https:\/\/www.creilsudoise-tourisme.fr\/nl\/wp-json\/wp\/v2\/posts\/43994"}],"collection":[{"href":"https:\/\/www.creilsudoise-tourisme.fr\/nl\/wp-json\/wp\/v2\/posts"}],"about":[{"href":"https:\/\/www.creilsudoise-tourisme.fr\/nl\/wp-json\/wp\/v2\/types\/post"}],"author":[{"embeddable":true,"href":"https:\/\/www.creilsudoise-tourisme.fr\/nl\/wp-json\/wp\/v2\/users\/3"}],"replies":[{"embeddable":true,"href":"https:\/\/www.creilsudoise-tourisme.fr\/nl\/wp-json\/wp\/v2\/comments?post=43994"}],"version-history":[{"count":5,"href":"https:\/\/www.creilsudoise-tourisme.fr\/nl\/wp-json\/wp\/v2\/posts\/43994\/revisions"}],"predecessor-version":[{"id":47505,"href":"https:\/\/www.creilsudoise-tourisme.fr\/nl\/wp-json\/wp\/v2\/posts\/43994\/revisions\/47505"}],"wp:featuredmedia":[{"embeddable":true,"href":"https:\/\/www.creilsudoise-tourisme.fr\/nl\/wp-json\/wp\/v2\/media\/43998"}],"wp:attachment":[{"href":"https:\/\/www.creilsudoise-tourisme.fr\/nl\/wp-json\/wp\/v2\/media?parent=43994"}],"wp:term":[{"taxonomy":"category","embeddable":true,"href":"https:\/\/www.creilsudoise-tourisme.fr\/nl\/wp-json\/wp\/v2\/categories?post=43994"},{"taxonomy":"post_tag","embeddable":true,"href":"https:\/\/www.creilsudoise-tourisme.fr\/nl\/wp-json\/wp\/v2\/tags?post=43994"}],"curies":[{"name":"wp","href":"https:\/\/api.w.org\/{rel}","templated":true}]}}