{"id":43630,"date":"2022-11-29T17:00:43","date_gmt":"2022-11-29T16:00:43","guid":{"rendered":"https:\/\/www.creilsudoise-tourisme.fr\/?p=43630"},"modified":"2024-04-23T10:00:28","modified_gmt":"2024-04-23T08:00:28","slug":"frederic-mutillod","status":"publish","type":"post","link":"https:\/\/www.creilsudoise-tourisme.fr\/nl\/2022\/11\/29\/frederic-mutillod\/","title":{"rendered":"Fr\u00e9d\u00e9ric Mutillod"},"content":{"rendered":"<p class=\"is-style-excerpt\">Elke maand nodigen wij u uit om&nbsp;<strong>de omgeving van Creil Sud Oise op een andere manier ontdekken<\/strong>&nbsp;via&nbsp;<strong>het portret van 12 Toerisme Ambassadeurs&nbsp;<\/strong>die dagelijks handelen voor het toerisme in het zuiden van de Oise!<\/p>\n\n\n\n<h2><strong>Fr\u00e9d\u00e9ric Mutillod<\/strong><\/h2>\n\n\n\n<h3>Opleider in het Atelier de la Pierre d'Angle in Saint-Maximin<\/h3>\n\n\n\n<p>Als je door de deuren van <strong>l'Atelier de la Pierre d'Angle in Saint-Maximin<\/strong>Het is onmogelijk om de <strong>monumentale werken<\/strong> (zoals deze replica van de orgeltrap van de Notre-Dame de Paris of de levensgrote replica van het portaal van de kerk in Thiverny [<a href=\"https:\/\/www.creilsudoise-tourisme.fr\/nl\/jexplore\/#thiverny\">https:\/\/www.creilsudoise-tourisme.fr\/jexplore\/#thiverny<\/a>]) <strong>gemaakt door de studenten<\/strong> die elkaar hebben opgevolgd. <strong>Ontmoeting met de man die hen trainde<\/strong>Hij is een stenenliefhebber, gepassioneerd door zijn werk als trainer: <strong>Fr\u00e9d\u00e9ric Mutillod.<\/strong><\/p>\n\n\n\n<h3>Fr\u00e9d\u00e9ric, de trainer<\/h3>\n\n\n\n<p>Het begon allemaal in Lyon. Als kind woonde Fr\u00e9d\u00e9ric boven twee winkels: een houten koppenhouwer van Guignols, de marionetten uit Lyon, en een steenhouwer. De steenhouwer moet het harder hebben getroffen, want daar ging Fr\u00e9d\u00e9ric heen en kon hij een baan krijgen. <strong>ontwikkelt zijn passie voor het beroep dat hij later zal uitoefenen<\/strong>.<\/p>\n\n\n\n<figure class=\"wp-block-image size-large\"><img decoding=\"async\" loading=\"lazy\" width=\"1200\" height=\"675\" data-src=\"https:\/\/www.creilsudoise-tourisme.fr\/wp-content\/uploads\/2022\/11\/DSC04307-1200x675.jpg\" alt=\"\" class=\"wp-image-43635\" data-srcset=\"https:\/\/www.creilsudoise-tourisme.fr\/wp-content\/uploads\/2022\/11\/DSC04307-1200x675.jpg 1200w, https:\/\/www.creilsudoise-tourisme.fr\/wp-content\/uploads\/2022\/11\/DSC04307-600x338.jpg 600w, https:\/\/www.creilsudoise-tourisme.fr\/wp-content\/uploads\/2022\/11\/DSC04307-900x507.jpg 900w, https:\/\/www.creilsudoise-tourisme.fr\/wp-content\/uploads\/2022\/11\/DSC04307-200x113.jpg 200w, https:\/\/www.creilsudoise-tourisme.fr\/wp-content\/uploads\/2022\/11\/DSC04307-650x366.jpg 650w, https:\/\/www.creilsudoise-tourisme.fr\/wp-content\/uploads\/2022\/11\/DSC04307-387x218.jpg 387w, https:\/\/www.creilsudoise-tourisme.fr\/wp-content\/uploads\/2022\/11\/DSC04307.jpg 1480w\" sizes=\"(max-width: 1200px) 100vw, 1200px\" \/><\/figure>\n\n\n\n<p>Toen hij 16 was, slaagde hij voor een <strong>CAP Steenhouwer<\/strong> en maakt dan zijn reis&nbsp;<strong>&nbsp;in Frankrijk<\/strong>Hij ontdekt de verschillende technieken voor het snijden van de verschillende stenen in de verschillende regio's. Hij ontmoet <strong>lavasteen, graniet, zandsteen, marmer en grove sedimentaire kalksteen<\/strong>die de <strong>beroemde steen van Saint-Maximin<\/strong> (en omgeving!), wereldwijd bekend als de <strong>Pierre de Paris<\/strong>.<\/p>\n\n\n\n<p>Jaar na jaar, locatie na locatie, verbetert Fr\u00e9d\u00e9ric zijn vaardigheden... <strong>het leiden van een renovatiebedrijf voor historische monumenten <\/strong>in Bayonne. Maar hij raakt de steen niet meer aan, terwijl hij lange dagen maakt in een razend tempo... Tot de dag waarop hem een geweldige kans wordt geboden.<\/p>\n\n\n\n<p>In de jaren 2010 is de <strong>Burgemeester van Saint-Maximin <\/strong>wil het steenwerk in de gemeente nieuw leven inblazen en <strong>een opleiding tot kleermaker aanbieden<\/strong>. Hij benaderde het Atelier de la Pierre d'Angle, een vereniging die opleidt in steenhouwen in Brignoles, in de Var. Enige tijd later, <strong>l'Atelier num\u00e9ro 2 verhuist naar Saint-Maximin<\/strong>op een door het stadhuis ter beschikking gesteld stuk grond! Een andere Fr\u00e9d\u00e9ric, Milleville van naam, is verantwoordelijk voor de steengroeve van Ouach\u00e9e en Corpechot in Saint-Maximin. <strong>Fr\u00e9d\u00e9ric<\/strong> (nog steeds van ons), <strong>herontdek het plezier van het werken met steen<\/strong> (die van het zuiden van de Oise, die hij in heel Frankrijk zo heeft vormgegeven, zonder echt de oorsprong ervan te kennen) en ontdekt een <strong>een passie: die van een trainer<\/strong>&nbsp;!<\/p>\n\n\n\n<p>Zoals Fr\u00e9d\u00e9ric zo mooi zegt, sinds dat moment.., <strong>hij herstelt mensen door zijn kennis door te geven.<\/strong><\/p>\n\n\n\n<figure class=\"wp-block-image size-large\"><img decoding=\"async\" loading=\"lazy\" width=\"1200\" height=\"675\" data-src=\"https:\/\/www.creilsudoise-tourisme.fr\/wp-content\/uploads\/2022\/11\/Sans-titre-1200x675.jpg\" alt=\"\" class=\"wp-image-43641\" data-srcset=\"https:\/\/www.creilsudoise-tourisme.fr\/wp-content\/uploads\/2022\/11\/Sans-titre-1200x675.jpg 1200w, https:\/\/www.creilsudoise-tourisme.fr\/wp-content\/uploads\/2022\/11\/Sans-titre-600x338.jpg 600w, https:\/\/www.creilsudoise-tourisme.fr\/wp-content\/uploads\/2022\/11\/Sans-titre-900x507.jpg 900w, https:\/\/www.creilsudoise-tourisme.fr\/wp-content\/uploads\/2022\/11\/Sans-titre-200x113.jpg 200w, https:\/\/www.creilsudoise-tourisme.fr\/wp-content\/uploads\/2022\/11\/Sans-titre-650x366.jpg 650w, https:\/\/www.creilsudoise-tourisme.fr\/wp-content\/uploads\/2022\/11\/Sans-titre-387x218.jpg 387w, https:\/\/www.creilsudoise-tourisme.fr\/wp-content\/uploads\/2022\/11\/Sans-titre.jpg 1480w\" sizes=\"(max-width: 1200px) 100vw, 1200px\" \/><\/figure>\n\n\n\n<h3>L'Atelier de la Pierre d'Angle, opleidingen<\/h3>\n\n\n\n<p><strong>De Hoeksteen Workshop <\/strong>[<a href=\"https:\/\/hautsdefrance.apprentis-auteuil.org\/editorial\/pole-formation-insertion\/atelier-pierre-dangle\/\">https:\/\/hautsdefrance.apprentis-auteuil.org\/editorial\/pole-formation-insertion\/atelier-pierre-dangle\/<\/a>]<strong> opent zijn deuren in 2014<\/strong> en stelt dan een opleiding voor, die van <strong>Steenhouwer <\/strong>[<a href=\"https:\/\/hautsdefrance.apprentis-auteuil.org\/files\/2022\/01\/Fiche-de-formation-complete_TP-Tailleur-de-pierre.pdf\">https:\/\/hautsdefrance.apprentis-auteuil.org\/files\/2022\/01\/Fiche-de-formation-complete_TP-Tailleur-de-pierre.pdf<\/a>]. Tijdens <strong>8 maanden<\/strong>12 leerlingen ontdekken de voorouderlijke technieken van de kathedraalbouwers, en leren een blauwdruk maken, hakken, snijden (met de hand, niet met machines!), leggen, verzegelen, patineren en harmoniseren van de steen. <strong>Ze raken vertrouwd met hun gereedschap<\/strong>&nbsp;De punt, de pointerolle, de beitel, de voorhamer, de achtervolger, het vierkant, de meter of het potlood.<\/p>\n\n\n\n<p>Aan het einde van hun opleiding, een <strong>Professionele titel 3<\/strong> (gelijkwaardig aan het CAP), wordt toegekend na een examen van 6 uur waarin de student zijn werk moet snijden.<\/p>\n\n\n\n<div class=\"is-layout-flex wp-container-3 wp-block-columns\">\n<div class=\"is-layout-flow wp-block-column\" style=\"flex-basis:66.66%\">\n<figure class=\"wp-block-image size-large\"><img decoding=\"async\" loading=\"lazy\" width=\"1200\" height=\"675\" data-src=\"https:\/\/www.creilsudoise-tourisme.fr\/wp-content\/uploads\/2022\/11\/DSC03998-1200x675.jpg\" alt=\"\" class=\"wp-image-43633\" data-srcset=\"https:\/\/www.creilsudoise-tourisme.fr\/wp-content\/uploads\/2022\/11\/DSC03998-1200x675.jpg 1200w, https:\/\/www.creilsudoise-tourisme.fr\/wp-content\/uploads\/2022\/11\/DSC03998-600x338.jpg 600w, https:\/\/www.creilsudoise-tourisme.fr\/wp-content\/uploads\/2022\/11\/DSC03998-900x507.jpg 900w, https:\/\/www.creilsudoise-tourisme.fr\/wp-content\/uploads\/2022\/11\/DSC03998-200x113.jpg 200w, https:\/\/www.creilsudoise-tourisme.fr\/wp-content\/uploads\/2022\/11\/DSC03998-650x366.jpg 650w, https:\/\/www.creilsudoise-tourisme.fr\/wp-content\/uploads\/2022\/11\/DSC03998-387x218.jpg 387w, https:\/\/www.creilsudoise-tourisme.fr\/wp-content\/uploads\/2022\/11\/DSC03998.jpg 1480w\" sizes=\"(max-width: 1200px) 100vw, 1200px\" \/><\/figure>\n<\/div>\n\n\n\n<div class=\"is-layout-flow wp-block-column\" style=\"flex-basis:33.33%\">\n<figure class=\"wp-block-image size-large is-resized\"><img decoding=\"async\" loading=\"lazy\" data-src=\"https:\/\/www.creilsudoise-tourisme.fr\/wp-content\/uploads\/2022\/11\/Sans-titreff-2-edited.jpg\" alt=\"\" class=\"wp-image-43645\" width=\"179\" height=\"286\" data-srcset=\"https:\/\/www.creilsudoise-tourisme.fr\/wp-content\/uploads\/2022\/11\/Sans-titreff-2-edited.jpg 492w, https:\/\/www.creilsudoise-tourisme.fr\/wp-content\/uploads\/2022\/11\/Sans-titreff-2-edited-375x600.jpg 375w, https:\/\/www.creilsudoise-tourisme.fr\/wp-content\/uploads\/2022\/11\/Sans-titreff-2-edited-200x320.jpg 200w, https:\/\/www.creilsudoise-tourisme.fr\/wp-content\/uploads\/2022\/11\/Sans-titreff-2-edited-387x620.jpg 387w\" sizes=\"(max-width: 179px) 100vw, 179px\" \/><\/figure>\n<\/div>\n<\/div>\n\n\n\n<p>Vervolgens, van <strong>goede beroepsmogelijkheden voor de winnaars<\/strong>Veel bedrijven zijn op zoek naar de vaardigheden die zij tijdens de workshop hebben opgedaan. Eerdere sessies omvatten, <strong>sommige van onze oud-studenten werken nu op prachtige sites <\/strong>als de <strong>renovatie van het kasteel van Villers-Cotter\u00eats<\/strong>die de Cit\u00e9 internationale de la langue fran\u00e7aise zal huisvesten [<a href=\"https:\/\/www.cite-langue-francaise.fr\/\">https:\/\/www.cite-langue-francaise.fr\/<\/a>...] of die voor de <strong>restauratie van het kasteel van Creil<\/strong> [<a href=\"https:\/\/www.creil.fr\/le-chateau-et-la-salle-des-gardes-ancien-chateau-fort\">https:\/\/www.creil.fr\/le-chateau-et-la-salle-des-gardes-ancien-chateau-fort<\/a>]. Anderen namen deel aan de <strong>schoonmaken van de Notre-Dame in Parijs<\/strong>na de verschrikkelijke brand van 2019.<\/p>\n\n\n<div class=\"wp-block wp-block-highlight\">\n            <h3 class=\"wp-block-highlight-item wp-block-highlight-title\">Wist je dat?<\/h3>\n                <p class=\"wp-block-highlight-item wp-block-highlight-excerpt\"><strong>U ziet een van de prachtige creaties van het Atelier de la Pierre d'Angle<\/strong> bij de receptie van het toeristenbureau van Creil Sud Oise: op <strong>stenen muur van Saint-Maximin<\/strong>. Alle rechten voorbehouden <strong>uit de verbeelding van Fr\u00e9d\u00e9ric<\/strong>Deze muur is <strong>een ode aan het steenhouwen!<\/strong> Zeer <strong>onderwijs<\/strong>Hiermee kunt u de <strong>verschillende snoeitechnieken<\/strong>maar ook van <strong>ontdek de kunst van de heraldiek<\/strong> (de wetenschap van de wapenschilden) door de weergave, in reli\u00ebf, van de 4 kleuren van het logo van het Bureau voor Toerisme van Creil Sud Oise: zwart, groen, geel en blauw. Een bijzonder uniek stuk dat u niet mag missen, <strong>de muur bevat ook een gesedimenteerde steen op een zeer merkwaardige manier<\/strong>... Kom naar het Bureau om het te ontdekken en zijn oorsprong te begrijpen!<\/p>\n    <\/div>\n\n\n<p><strong>In 2016 krijgt het centrum een nieuwe opleiding<\/strong>&nbsp;die van de <strong>metselwerk in oude gebouwen<\/strong> [<a href=\"https:\/\/hautsdefrance.apprentis-auteuil.org\/files\/2022\/01\/Fiche-de-formation-complete_Titre-Pro-MB.pdf\">https:\/\/hautsdefrance.apprentis-auteuil.org\/files\/2022\/01\/Fiche-de-formation-complete_Titre-Pro-MB.pdf<\/a>]. Pascal is verantwoordelijk voor de opleiding en voorbereiding van de 12 studenten, gedurende <strong>6 maanden.<\/strong>Ze moeten een bekisting, een stenen muur en een bepleistering maken met oude materialen.<\/p>\n\n\n\n<p>De opleidingen van het Atelier de la Pierre d'Angle zijn allemaal Qualiopi gecertificeerd.<\/p>\n\n\n\n<figure class=\"wp-block-image size-large\"><img decoding=\"async\" loading=\"lazy\" width=\"1200\" height=\"675\" data-src=\"https:\/\/www.creilsudoise-tourisme.fr\/wp-content\/uploads\/2022\/11\/DSC04330-1200x675.jpg\" alt=\"\" class=\"wp-image-43638\" data-srcset=\"https:\/\/www.creilsudoise-tourisme.fr\/wp-content\/uploads\/2022\/11\/DSC04330-1200x675.jpg 1200w, https:\/\/www.creilsudoise-tourisme.fr\/wp-content\/uploads\/2022\/11\/DSC04330-600x338.jpg 600w, https:\/\/www.creilsudoise-tourisme.fr\/wp-content\/uploads\/2022\/11\/DSC04330-900x507.jpg 900w, https:\/\/www.creilsudoise-tourisme.fr\/wp-content\/uploads\/2022\/11\/DSC04330-200x113.jpg 200w, https:\/\/www.creilsudoise-tourisme.fr\/wp-content\/uploads\/2022\/11\/DSC04330-650x366.jpg 650w, https:\/\/www.creilsudoise-tourisme.fr\/wp-content\/uploads\/2022\/11\/DSC04330-387x218.jpg 387w, https:\/\/www.creilsudoise-tourisme.fr\/wp-content\/uploads\/2022\/11\/DSC04330.jpg 1480w\" sizes=\"(max-width: 1200px) 100vw, 1200px\" \/><\/figure>\n\n\n\n<p><strong>Sinds 2018 biedt het Atelier de la Pierre d'Angle onderdak aan integratieprojecten<\/strong>Het project wordt beheerd door Philippe, een technisch begeleider, en Carole, een sociaal-professionele begeleidster, bijgestaan door Marthe. Zo leren deze mensen via werkkampen in opdracht van professionals, verenigingen of gemeenschappen een vak en hervatten ze een stabiel levenspad.<\/p>\n\n\n\n<p>In 2021, <strong><s>de<\/s> <a href=\"https:\/\/hautsdefrance.apprentis-auteuil.org\/\" target=\"_blank\" rel=\"noreferrer noopener\">Leerlingen van Auteuil<\/a>Katholieke stichting erkend als van openbaar nut<\/strong>die jongeren in moeilijkheden ondersteunt en re-mobiliseert,<strong> integreert het Atelier de la Pierre d'Angle in zijn opleidings- en integratiecentrum Carlo Acutis in Picardi\u00eb<\/strong>. Dankzij de individuele ondersteuning die de teams bieden, kunnen stagiairs na de cursus werk vinden.<\/p>\n\n\n<div class=\"wp-block wp-block-highlight\">\n            <h3 class=\"wp-block-highlight-item wp-block-highlight-title\">Hoe schrijf je je in voor een van de cursussen?<\/h3>\n                <p class=\"wp-block-highlight-item wp-block-highlight-excerpt\">Beide cursussen zijn <strong>gefinancierd door de Regionale Raad<\/strong> voor mensen <strong>ingeschreven bij P\u00f4le emploi<\/strong>. Je moet <strong>grote<\/strong>Sommigen hebben net hun studie afgerond, anderen hebben al een gevorderde beroepsloopbaan (u zult een jongere ontmoeten die nog studeert, een voormalig informaticus, een kunsthistoricus of een liefhebber van geologie... en er vindt een geweldige emulatie plaats in deze heterogene en complementaire groep)! Voor degenen die <strong>continu leren<\/strong>Dit is ook mogelijk: zo ontvangt de werkplaats soms metselaars die hun vaardigheden willen verbeteren.<br><strong>Bijeenkomst op woensdag om 9 uur<\/strong> voor een bezoek aan de lokalen en de ontdekking van de opleiding tijdens een <strong>collectieve informatievergadering<\/strong>. De <strong>de volgende opleiding begint in februari 2023<\/strong>.<\/p>\n    <\/div>\n\n\n<div class=\"is-layout-flex wp-container-6 wp-block-columns\">\n<div class=\"is-layout-flow wp-block-column\">\n<figure class=\"wp-block-image size-large\"><img decoding=\"async\" loading=\"lazy\" width=\"1200\" height=\"675\" data-src=\"https:\/\/www.creilsudoise-tourisme.fr\/wp-content\/uploads\/2022\/11\/DSC04324-1200x675.jpg\" alt=\"\" class=\"wp-image-43637\" data-srcset=\"https:\/\/www.creilsudoise-tourisme.fr\/wp-content\/uploads\/2022\/11\/DSC04324-1200x675.jpg 1200w, https:\/\/www.creilsudoise-tourisme.fr\/wp-content\/uploads\/2022\/11\/DSC04324-600x338.jpg 600w, https:\/\/www.creilsudoise-tourisme.fr\/wp-content\/uploads\/2022\/11\/DSC04324-900x507.jpg 900w, https:\/\/www.creilsudoise-tourisme.fr\/wp-content\/uploads\/2022\/11\/DSC04324-200x113.jpg 200w, https:\/\/www.creilsudoise-tourisme.fr\/wp-content\/uploads\/2022\/11\/DSC04324-650x366.jpg 650w, https:\/\/www.creilsudoise-tourisme.fr\/wp-content\/uploads\/2022\/11\/DSC04324-387x218.jpg 387w, https:\/\/www.creilsudoise-tourisme.fr\/wp-content\/uploads\/2022\/11\/DSC04324.jpg 1480w\" sizes=\"(max-width: 1200px) 100vw, 1200px\" \/><\/figure>\n<\/div>\n\n\n\n<div class=\"is-layout-flow wp-block-column\">\n<figure class=\"wp-block-image size-large\"><img decoding=\"async\" loading=\"lazy\" width=\"1200\" height=\"675\" data-src=\"https:\/\/www.creilsudoise-tourisme.fr\/wp-content\/uploads\/2022\/11\/DSC04320-1200x675.jpg\" alt=\"\" class=\"wp-image-43636\" data-srcset=\"https:\/\/www.creilsudoise-tourisme.fr\/wp-content\/uploads\/2022\/11\/DSC04320-1200x675.jpg 1200w, https:\/\/www.creilsudoise-tourisme.fr\/wp-content\/uploads\/2022\/11\/DSC04320-600x338.jpg 600w, https:\/\/www.creilsudoise-tourisme.fr\/wp-content\/uploads\/2022\/11\/DSC04320-900x507.jpg 900w, https:\/\/www.creilsudoise-tourisme.fr\/wp-content\/uploads\/2022\/11\/DSC04320-200x113.jpg 200w, https:\/\/www.creilsudoise-tourisme.fr\/wp-content\/uploads\/2022\/11\/DSC04320-650x366.jpg 650w, https:\/\/www.creilsudoise-tourisme.fr\/wp-content\/uploads\/2022\/11\/DSC04320-387x218.jpg 387w, https:\/\/www.creilsudoise-tourisme.fr\/wp-content\/uploads\/2022\/11\/DSC04320.jpg 1480w\" sizes=\"(max-width: 1200px) 100vw, 1200px\" \/><\/figure>\n<\/div>\n<\/div>\n\n\n\n<h3>Om meer te weten te komen over Saint-Maximin steen<\/h3>\n\n\n\n<p><strong>Tot ziens bij de <a href=\"https:\/\/www.creilsudoise-tourisme.fr\/nl\/jexplore\/must-haves\/maison-de-la-pierre\/\" target=\"_blank\" rel=\"noreferrer noopener\">Huis van de Steen van Sint-Maximin<\/a><\/strong> om meer te weten te komen over de steen uit het zuiden van de Oise, de sedimentatie en het gebruik ervan door de eeuwen heen!<\/p>\n\n\n\n<hr class=\"wp-block-separator has-css-opacity\"\/>\n\n\n\n<figure class=\"wp-block-embed is-type-video is-provider-youtube wp-block-embed-youtube wp-embed-aspect-16-9 wp-has-aspect-ratio\"><div class=\"wp-block-embed__wrapper\">\n<iframe loading=\"lazy\" title=\"Saint-Maximin ontdekken\" width=\"500\" height=\"281\" data-src=\"https:\/\/www.youtube.com\/embed\/D17VXbBNfYk?feature=oembed\" frameborder=\"0\" allow=\"accelerometer; autoplay; clipboard-write; encrypted-media; gyroscope; picture-in-picture\" allowfullscreen><\/iframe>\n<\/div><\/figure>","protected":false},"excerpt":{"rendered":"<p>Elke maand nodigen wij u uit om de regio Creil Sud Oise op een andere manier te ontdekken: door middel van de portretten van 12 Ambassadeurs voor Toerisme die zich elke dag inzetten om het toerisme in het zuiden van de Oise te promoten! Fr\u00e9d\u00e9ric Mutillod Trainer in het Atelier de la Pierre d'Angle in Saint-Maximin Als je door de deuren van het Atelier de la Pierre d'Angle in [...]<\/p>","protected":false},"author":3,"featured_media":43648,"comment_status":"closed","ping_status":"closed","sticky":false,"template":"","format":"standard","meta":{"_relevanssi_hide_post":"","_relevanssi_hide_content":"","_relevanssi_pin_for_all":"","_relevanssi_pin_keywords":"","_relevanssi_unpin_keywords":"","_relevanssi_related_keywords":"","_relevanssi_related_include_ids":"","_relevanssi_related_exclude_ids":"","_relevanssi_related_no_append":"","_relevanssi_related_not_related":"","_relevanssi_related_posts":"39315,39133,38910,37757,38705,37920","_relevanssi_noindex_reason":""},"categories":[10],"tags":[],"yoast_head":"<!-- This site is optimized with the Yoast SEO plugin v20.2.1 - https:\/\/yoast.com\/wordpress\/plugins\/seo\/ -->\n<title>Fr\u00e9d\u00e9ric Mutillod, formateur \u00e0 l&#039;Atelier de la Pierre d&#039;Angle<\/title>\n<meta name=\"description\" content=\"Chaque mois, d\u00e9couvrez le territoire Creil Sud Oise \u00e0 travers un article et une interview sur un ambassadeur passionn\u00e9 ! En novembre, c&#039;est Fr\u00e9d\u00e9ric Mutillod !\" \/>\n<meta name=\"robots\" content=\"index, follow, max-snippet:-1, max-image-preview:large, max-video-preview:-1\" \/>\n<link rel=\"canonical\" href=\"https:\/\/www.creilsudoise-tourisme.fr\/nl\/2022\/11\/29\/frederic-mutillod\/\" \/>\n<meta property=\"og:locale\" content=\"nl_NL\" \/>\n<meta property=\"og:type\" content=\"article\" \/>\n<meta property=\"og:title\" content=\"Fr\u00e9d\u00e9ric Mutillod, formateur \u00e0 l&#039;Atelier de la Pierre d&#039;Angle\" \/>\n<meta property=\"og:description\" content=\"Chaque mois, d\u00e9couvrez le territoire Creil Sud Oise \u00e0 travers un article et une interview sur un ambassadeur passionn\u00e9 ! En novembre, c&#039;est Fr\u00e9d\u00e9ric Mutillod !\" \/>\n<meta property=\"og:url\" content=\"https:\/\/www.creilsudoise-tourisme.fr\/nl\/2022\/11\/29\/frederic-mutillod\/\" \/>\n<meta property=\"og:site_name\" content=\"Office de Tourisme Creil Sud Oise\" \/>\n<meta property=\"article:publisher\" content=\"https:\/\/www.facebook.com\/creilsudoisetourisme\/\" \/>\n<meta property=\"article:published_time\" content=\"2022-11-29T16:00:43+00:00\" \/>\n<meta property=\"article:modified_time\" content=\"2024-04-23T08:00:28+00:00\" \/>\n<meta property=\"og:image\" content=\"https:\/\/www.creilsudoise-tourisme.fr\/wp-content\/uploads\/2022\/11\/Frederic.jpg\" \/>\n\t<meta property=\"og:image:width\" content=\"816\" \/>\n\t<meta property=\"og:image:height\" content=\"833\" \/>\n\t<meta property=\"og:image:type\" content=\"image\/jpeg\" \/>\n<meta name=\"author\" content=\"fdubut\" \/>\n<meta name=\"twitter:card\" content=\"summary_large_image\" \/>\n<meta name=\"twitter:creator\" content=\"@CreilSudOiseOT\" \/>\n<meta name=\"twitter:site\" content=\"@CreilSudOiseOT\" \/>\n<meta name=\"twitter:label1\" content=\"Geschreven door\" \/>\n\t<meta name=\"twitter:data1\" content=\"fdubut\" \/>\n\t<meta name=\"twitter:label2\" content=\"Geschatte leestijd\" \/>\n\t<meta name=\"twitter:data2\" content=\"6 minuten\" \/>\n<script type=\"application\/ld+json\" class=\"yoast-schema-graph\">{\"@context\":\"https:\/\/schema.org\",\"@graph\":[{\"@type\":\"Article\",\"@id\":\"https:\/\/www.creilsudoise-tourisme.fr\/2022\/11\/29\/frederic-mutillod\/#article\",\"isPartOf\":{\"@id\":\"https:\/\/www.creilsudoise-tourisme.fr\/2022\/11\/29\/frederic-mutillod\/\"},\"author\":{\"name\":\"fdubut\",\"@id\":\"https:\/\/www.creilsudoise-tourisme.fr\/#\/schema\/person\/c5140d47645b13bee896bfe05f1bd5da\"},\"headline\":\"Fr\u00e9d\u00e9ric Mutillod\",\"datePublished\":\"2022-11-29T16:00:43+00:00\",\"dateModified\":\"2024-04-23T08:00:28+00:00\",\"mainEntityOfPage\":{\"@id\":\"https:\/\/www.creilsudoise-tourisme.fr\/2022\/11\/29\/frederic-mutillod\/\"},\"wordCount\":1024,\"publisher\":{\"@id\":\"https:\/\/www.creilsudoise-tourisme.fr\/#organization\"},\"articleSection\":[\"Nos ambassadeurs\"],\"inLanguage\":\"nl\"},{\"@type\":\"WebPage\",\"@id\":\"https:\/\/www.creilsudoise-tourisme.fr\/2022\/11\/29\/frederic-mutillod\/\",\"url\":\"https:\/\/www.creilsudoise-tourisme.fr\/2022\/11\/29\/frederic-mutillod\/\",\"name\":\"Fr\u00e9d\u00e9ric Mutillod, formateur \u00e0 l'Atelier de la Pierre d'Angle\",\"isPartOf\":{\"@id\":\"https:\/\/www.creilsudoise-tourisme.fr\/#website\"},\"datePublished\":\"2022-11-29T16:00:43+00:00\",\"dateModified\":\"2024-04-23T08:00:28+00:00\",\"description\":\"Chaque mois, d\u00e9couvrez le territoire Creil Sud Oise \u00e0 travers un article et une interview sur un ambassadeur passionn\u00e9 ! En novembre, c'est Fr\u00e9d\u00e9ric Mutillod !\",\"breadcrumb\":{\"@id\":\"https:\/\/www.creilsudoise-tourisme.fr\/2022\/11\/29\/frederic-mutillod\/#breadcrumb\"},\"inLanguage\":\"nl\",\"potentialAction\":[{\"@type\":\"ReadAction\",\"target\":[\"https:\/\/www.creilsudoise-tourisme.fr\/2022\/11\/29\/frederic-mutillod\/\"]}]},{\"@type\":\"BreadcrumbList\",\"@id\":\"https:\/\/www.creilsudoise-tourisme.fr\/2022\/11\/29\/frederic-mutillod\/#breadcrumb\",\"itemListElement\":[{\"@type\":\"ListItem\",\"position\":1,\"name\":\"Accueil\",\"item\":\"https:\/\/www.creilsudoise-tourisme.fr\/\"},{\"@type\":\"ListItem\",\"position\":2,\"name\":\"Fr\u00e9d\u00e9ric Mutillod\"}]},{\"@type\":\"WebSite\",\"@id\":\"https:\/\/www.creilsudoise-tourisme.fr\/#website\",\"url\":\"https:\/\/www.creilsudoise-tourisme.fr\/\",\"name\":\"Office de Tourisme Creil Sud Oise\",\"description\":\"Creil Sud Oise Tourisme, un territoire \u00e0 explorer !\",\"publisher\":{\"@id\":\"https:\/\/www.creilsudoise-tourisme.fr\/#organization\"},\"potentialAction\":[{\"@type\":\"SearchAction\",\"target\":{\"@type\":\"EntryPoint\",\"urlTemplate\":\"https:\/\/www.creilsudoise-tourisme.fr\/?s={search_term_string}\"},\"query-input\":\"required name=search_term_string\"}],\"inLanguage\":\"nl\"},{\"@type\":\"Organization\",\"@id\":\"https:\/\/www.creilsudoise-tourisme.fr\/#organization\",\"name\":\"Creil Sud Oise Tourisme\",\"url\":\"https:\/\/www.creilsudoise-tourisme.fr\/\",\"logo\":{\"@type\":\"ImageObject\",\"inLanguage\":\"nl\",\"@id\":\"https:\/\/www.creilsudoise-tourisme.fr\/#\/schema\/logo\/image\/\",\"url\":\"https:\/\/www.creilsudoise-tourisme.fr\/wp-content\/uploads\/2021\/05\/logo-svg.png\",\"contentUrl\":\"https:\/\/www.creilsudoise-tourisme.fr\/wp-content\/uploads\/2021\/05\/logo-svg.png\",\"width\":182,\"height\":71,\"caption\":\"Creil Sud Oise Tourisme\"},\"image\":{\"@id\":\"https:\/\/www.creilsudoise-tourisme.fr\/#\/schema\/logo\/image\/\"},\"sameAs\":[\"https:\/\/www.facebook.com\/creilsudoisetourisme\/\",\"https:\/\/twitter.com\/CreilSudOiseOT\",\"https:\/\/www.instagram.com\/creilsudoisetourisme\/\",\"https:\/\/www.youtube.com\/channel\/UC8L_QD2wwyADW14zt9fY8kw\"]},{\"@type\":\"Person\",\"@id\":\"https:\/\/www.creilsudoise-tourisme.fr\/#\/schema\/person\/c5140d47645b13bee896bfe05f1bd5da\",\"name\":\"fdubut\",\"image\":{\"@type\":\"ImageObject\",\"inLanguage\":\"nl\",\"@id\":\"https:\/\/www.creilsudoise-tourisme.fr\/#\/schema\/person\/image\/\",\"url\":\"https:\/\/secure.gravatar.com\/avatar\/c49bb61337bf4556cafdbcb92c18618d?s=96&d=mm&r=g\",\"contentUrl\":\"https:\/\/secure.gravatar.com\/avatar\/c49bb61337bf4556cafdbcb92c18618d?s=96&d=mm&r=g\",\"caption\":\"fdubut\"},\"url\":\"https:\/\/www.creilsudoise-tourisme.fr\/nl\/auteur\/fdubut\/\"}]}<\/script>\n<!-- \/ Yoast SEO plugin. -->","yoast_head_json":{"title":"Fr\u00e9d\u00e9ric Mutillod, formateur \u00e0 l'Atelier de la Pierre d'Angle","description":"Chaque mois, d\u00e9couvrez le territoire Creil Sud Oise \u00e0 travers un article et une interview sur un ambassadeur passionn\u00e9 ! En novembre, c'est Fr\u00e9d\u00e9ric Mutillod !","robots":{"index":"index","follow":"follow","max-snippet":"max-snippet:-1","max-image-preview":"max-image-preview:large","max-video-preview":"max-video-preview:-1"},"canonical":"https:\/\/www.creilsudoise-tourisme.fr\/nl\/2022\/11\/29\/frederic-mutillod\/","og_locale":"nl_NL","og_type":"article","og_title":"Fr\u00e9d\u00e9ric Mutillod, formateur \u00e0 l'Atelier de la Pierre d'Angle","og_description":"Chaque mois, d\u00e9couvrez le territoire Creil Sud Oise \u00e0 travers un article et une interview sur un ambassadeur passionn\u00e9 ! En novembre, c'est Fr\u00e9d\u00e9ric Mutillod !","og_url":"https:\/\/www.creilsudoise-tourisme.fr\/nl\/2022\/11\/29\/frederic-mutillod\/","og_site_name":"Office de Tourisme Creil Sud Oise","article_publisher":"https:\/\/www.facebook.com\/creilsudoisetourisme\/","article_published_time":"2022-11-29T16:00:43+00:00","article_modified_time":"2024-04-23T08:00:28+00:00","og_image":[{"width":816,"height":833,"url":"https:\/\/www.creilsudoise-tourisme.fr\/wp-content\/uploads\/2022\/11\/Frederic.jpg","type":"image\/jpeg"}],"author":"fdubut","twitter_card":"summary_large_image","twitter_creator":"@CreilSudOiseOT","twitter_site":"@CreilSudOiseOT","twitter_misc":{"Geschreven door":"fdubut","Geschatte leestijd":"6 minuten"},"schema":{"@context":"https:\/\/schema.org","@graph":[{"@type":"Article","@id":"https:\/\/www.creilsudoise-tourisme.fr\/2022\/11\/29\/frederic-mutillod\/#article","isPartOf":{"@id":"https:\/\/www.creilsudoise-tourisme.fr\/2022\/11\/29\/frederic-mutillod\/"},"author":{"name":"fdubut","@id":"https:\/\/www.creilsudoise-tourisme.fr\/#\/schema\/person\/c5140d47645b13bee896bfe05f1bd5da"},"headline":"Fr\u00e9d\u00e9ric Mutillod","datePublished":"2022-11-29T16:00:43+00:00","dateModified":"2024-04-23T08:00:28+00:00","mainEntityOfPage":{"@id":"https:\/\/www.creilsudoise-tourisme.fr\/2022\/11\/29\/frederic-mutillod\/"},"wordCount":1024,"publisher":{"@id":"https:\/\/www.creilsudoise-tourisme.fr\/#organization"},"articleSection":["Nos ambassadeurs"],"inLanguage":"nl"},{"@type":"WebPage","@id":"https:\/\/www.creilsudoise-tourisme.fr\/2022\/11\/29\/frederic-mutillod\/","url":"https:\/\/www.creilsudoise-tourisme.fr\/2022\/11\/29\/frederic-mutillod\/","name":"Fr\u00e9d\u00e9ric Mutillod, formateur \u00e0 l'Atelier de la Pierre d'Angle","isPartOf":{"@id":"https:\/\/www.creilsudoise-tourisme.fr\/#website"},"datePublished":"2022-11-29T16:00:43+00:00","dateModified":"2024-04-23T08:00:28+00:00","description":"Chaque mois, d\u00e9couvrez le territoire Creil Sud Oise \u00e0 travers un article et une interview sur un ambassadeur passionn\u00e9 ! En novembre, c'est Fr\u00e9d\u00e9ric Mutillod !","breadcrumb":{"@id":"https:\/\/www.creilsudoise-tourisme.fr\/2022\/11\/29\/frederic-mutillod\/#breadcrumb"},"inLanguage":"nl","potentialAction":[{"@type":"ReadAction","target":["https:\/\/www.creilsudoise-tourisme.fr\/2022\/11\/29\/frederic-mutillod\/"]}]},{"@type":"BreadcrumbList","@id":"https:\/\/www.creilsudoise-tourisme.fr\/2022\/11\/29\/frederic-mutillod\/#breadcrumb","itemListElement":[{"@type":"ListItem","position":1,"name":"Accueil","item":"https:\/\/www.creilsudoise-tourisme.fr\/"},{"@type":"ListItem","position":2,"name":"Fr\u00e9d\u00e9ric Mutillod"}]},{"@type":"WebSite","@id":"https:\/\/www.creilsudoise-tourisme.fr\/#website","url":"https:\/\/www.creilsudoise-tourisme.fr\/","name":"Office de Tourisme Creil Sud Oise","description":"Creil Sud Oise Tourisme, un territoire \u00e0 explorer !","publisher":{"@id":"https:\/\/www.creilsudoise-tourisme.fr\/#organization"},"potentialAction":[{"@type":"SearchAction","target":{"@type":"EntryPoint","urlTemplate":"https:\/\/www.creilsudoise-tourisme.fr\/?s={search_term_string}"},"query-input":"required name=search_term_string"}],"inLanguage":"nl"},{"@type":"Organization","@id":"https:\/\/www.creilsudoise-tourisme.fr\/#organization","name":"Creil Sud Oise Tourisme","url":"https:\/\/www.creilsudoise-tourisme.fr\/","logo":{"@type":"ImageObject","inLanguage":"nl","@id":"https:\/\/www.creilsudoise-tourisme.fr\/#\/schema\/logo\/image\/","url":"https:\/\/www.creilsudoise-tourisme.fr\/wp-content\/uploads\/2021\/05\/logo-svg.png","contentUrl":"https:\/\/www.creilsudoise-tourisme.fr\/wp-content\/uploads\/2021\/05\/logo-svg.png","width":182,"height":71,"caption":"Creil Sud Oise Tourisme"},"image":{"@id":"https:\/\/www.creilsudoise-tourisme.fr\/#\/schema\/logo\/image\/"},"sameAs":["https:\/\/www.facebook.com\/creilsudoisetourisme\/","https:\/\/twitter.com\/CreilSudOiseOT","https:\/\/www.instagram.com\/creilsudoisetourisme\/","https:\/\/www.youtube.com\/channel\/UC8L_QD2wwyADW14zt9fY8kw"]},{"@type":"Person","@id":"https:\/\/www.creilsudoise-tourisme.fr\/#\/schema\/person\/c5140d47645b13bee896bfe05f1bd5da","name":"fdubut","image":{"@type":"ImageObject","inLanguage":"nl","@id":"https:\/\/www.creilsudoise-tourisme.fr\/#\/schema\/person\/image\/","url":"https:\/\/secure.gravatar.com\/avatar\/c49bb61337bf4556cafdbcb92c18618d?s=96&d=mm&r=g","contentUrl":"https:\/\/secure.gravatar.com\/avatar\/c49bb61337bf4556cafdbcb92c18618d?s=96&d=mm&r=g","caption":"fdubut"},"url":"https:\/\/www.creilsudoise-tourisme.fr\/nl\/auteur\/fdubut\/"}]}},"_links":{"self":[{"href":"https:\/\/www.creilsudoise-tourisme.fr\/nl\/wp-json\/wp\/v2\/posts\/43630"}],"collection":[{"href":"https:\/\/www.creilsudoise-tourisme.fr\/nl\/wp-json\/wp\/v2\/posts"}],"about":[{"href":"https:\/\/www.creilsudoise-tourisme.fr\/nl\/wp-json\/wp\/v2\/types\/post"}],"author":[{"embeddable":true,"href":"https:\/\/www.creilsudoise-tourisme.fr\/nl\/wp-json\/wp\/v2\/users\/3"}],"replies":[{"embeddable":true,"href":"https:\/\/www.creilsudoise-tourisme.fr\/nl\/wp-json\/wp\/v2\/comments?post=43630"}],"version-history":[{"count":4,"href":"https:\/\/www.creilsudoise-tourisme.fr\/nl\/wp-json\/wp\/v2\/posts\/43630\/revisions"}],"predecessor-version":[{"id":53485,"href":"https:\/\/www.creilsudoise-tourisme.fr\/nl\/wp-json\/wp\/v2\/posts\/43630\/revisions\/53485"}],"wp:featuredmedia":[{"embeddable":true,"href":"https:\/\/www.creilsudoise-tourisme.fr\/nl\/wp-json\/wp\/v2\/media\/43648"}],"wp:attachment":[{"href":"https:\/\/www.creilsudoise-tourisme.fr\/nl\/wp-json\/wp\/v2\/media?parent=43630"}],"wp:term":[{"taxonomy":"category","embeddable":true,"href":"https:\/\/www.creilsudoise-tourisme.fr\/nl\/wp-json\/wp\/v2\/categories?post=43630"},{"taxonomy":"post_tag","embeddable":true,"href":"https:\/\/www.creilsudoise-tourisme.fr\/nl\/wp-json\/wp\/v2\/tags?post=43630"}],"curies":[{"name":"wp","href":"https:\/\/api.w.org\/{rel}","templated":true}]}}