{"id":41674,"date":"2024-07-02T10:31:42","date_gmt":"2024-07-02T08:31:42","guid":{"rendered":"https:\/\/www.creilsudoise-tourisme.fr\/?p=41674"},"modified":"2024-08-27T17:17:19","modified_gmt":"2024-08-27T15:17:19","slug":"que-faire-cet-ete","status":"publish","type":"post","link":"https:\/\/www.creilsudoise-tourisme.fr\/nl\/2024\/07\/02\/que-faire-cet-ete\/","title":{"rendered":"Wat te doen deze zomer?"},"content":{"rendered":"<p class=\"is-style-excerpt\"><strong>In juli en augustus<\/strong>Klik hier voor meer informatie <strong>Dingen om te doen in Creil Sud Oise<\/strong>op een steenworp afstand van Chantilly, Senlis en Compi\u00e8gne, en niet ver van de regio Ile-de-France!<\/p>\n\n\n\n<div class=\"is-content-justification-center is-layout-flex wp-container-1 wp-block-buttons\">\n<div class=\"wp-block-button\"><a class=\"wp-block-button__link wp-element-button\" href=\"#agenda\">Zomeragenda<\/a><\/div>\n<\/div>\n\n\n\n<h2>Ontsnappen en verkennen Spelletjes<sup>\u00ae<\/sup> in het Mus\u00e9e Gall\u00e9-Juillet<\/h2>\n\n\n\n<h3>Ontsnappingsspel<\/h3>\n\n\n\n<p>In een atypische setting (een burgerlijk huis ingericht zoals het was in de 19e eeuw), de<sup>\u00e8me<\/sup> eeuw!), ontdek je de geschiedenis van de familie die daar woonde aan het begin van de vorige eeuw aan de hand van een mysterieus verhaal...<\/p>\n\n\n\n<h3>Verkenningsspel<sup>\u00ae<\/sup><\/h3>\n\n\n\n<p>Het is 1393 en een mysterieus kwaad teistert koning Karel VI! Help Ewen bij zijn onderzoek door raadsels op te lossen in en rond de tuin van het museum!<\/p>\n\n\n\n<h3>En vele andere activiteiten<\/h3>\n\n\n\n<p>Schilderijen, ambachtelijke workshops, verlichtingen... en tentoonstellingen!<\/p>\n\n\n\n<div class=\"is-content-justification-center is-layout-flex wp-container-2 wp-block-buttons\">\n<div class=\"wp-block-button\"><a class=\"wp-block-button__link wp-element-button\" href=\"https:\/\/museegallejuillet.fr\/expos-activites-culturelles\/\" target=\"_blank\" rel=\"noreferrer noopener\">Museum Gall\u00e9-Juillet in Creil<\/a><\/div>\n<\/div>\n\n\n\n<h2>Inleiding tot de beeldhouwkunst in het Maison de la Pierre<\/h2>\n\n\n\n<h3>Initiatie 1u30<\/h3>\n\n\n\n<p>Kom naar het Maison de la Pierre voor een 1 uur durende kennismaking met steenhouwen! Het extraatje: je gaat naar huis met je eigen meesterwerk!<\/p>\n\n\n\n<p><em>Tip: woensdag, donderdag en vrijdag, op afspraak.<\/em><\/p>\n\n\n\n<h3>Stage<\/h3>\n\n\n\n<p>Wil je je kennis en vaardigheden op het gebied van steenhouwen uitbreiden? Volg een cursus steenhouwen, van 3 uur tot 3 dagen, aan jou de keuze!<\/p>\n\n\n\n<h3>En vele andere activiteiten<\/h3>\n\n\n\n<p>Volg een rondleiding door een ondergrondse steengroeve, volg een cursus steenhouwen (meerdere dagen) of glas-in-lood, speel een vleermuisspeurtocht of leer meer over planten!<\/p>\n\n\n\n<div class=\"is-content-justification-center is-layout-flex wp-container-3 wp-block-buttons\">\n<div class=\"wp-block-button\"><a class=\"wp-block-button__link wp-element-button\" href=\"https:\/\/www.maisondelapierre-oise.fr\/activites\/\" target=\"_blank\" rel=\"noreferrer noopener\">Maison de la Pierre in Saint-Maximin<\/a><\/div>\n<\/div>\n\n\n\n<h2>Ontsnappingsspellen met een thema<\/h2>\n\n\n\n<p>Heb je liever Harry Potter of Alice in Wonderland? Maak je je liever druk of gebruik je je hersens?<br>Bij Freeing Escape Game is er voor elk wat wils, met 15 verschillende Escape Game scenario's!<\/p>\n\n\n\n<p><em>Let op: Freeing Escape Game is gesloten van 15 juli tot 6 augustus.<\/em><\/p>\n\n\n\n<div class=\"is-content-justification-center is-layout-flex wp-container-4 wp-block-buttons\">\n<div class=\"wp-block-button\"><a class=\"wp-block-button__link wp-element-button\" href=\"https:\/\/freeing.fr\/\" target=\"_blank\" rel=\"noreferrer noopener\">Bevrijdend Ontsnappingsspel in Saint-Maximin<\/a><\/div>\n<\/div>\n\n\n\n<h2>Kano\u00ebn en kajakken<\/h2>\n\n\n\n<p>Je hoeft niet helemaal naar de Ard\u00e8che om te kano\u00ebn! De Club de Montataire zet je af in Mello voor een tocht van een halve dag naar Montataire, in volledige autonomie!<\/p>\n\n\n\n<p><em>Let op: de Cano\u00eb-Kayak Club de Montataire is een vrijwilligersvereniging, dus reactietijden zijn soms afhankelijk van hun beschikbaarheid. Bedankt voor je begrip!<\/em><\/p>\n\n\n\n<div class=\"is-content-justification-center is-layout-flex wp-container-5 wp-block-buttons\">\n<div class=\"wp-block-button\"><a class=\"wp-block-button__link wp-element-button\" href=\"https:\/\/canoe-kayak-montataire.com\/location-randonnees-canoe-kayak-oise\" target=\"_blank\" rel=\"noreferrer noopener\">Kano-Kajak Club de Montataire<\/a><\/div>\n<\/div>\n\n\n\n<h2>Zwemmen in het recreatiecentrum<\/h2>\n\n\n\n<p>Profiteer van het zwemmen onder toezicht in het recreatiecentrum van Saint-Leu-d'Esserent! Je kunt er de hele dag doorbrengen: waterspelletjes en -parcours, speeltuinen, waterspelletjes, ponyritjes, picknickplaatsen en zelfs barbecues!<\/p>\n\n\n\n<div class=\"is-content-justification-center is-layout-flex wp-container-6 wp-block-buttons\">\n<div class=\"wp-block-button\"><a class=\"wp-block-button__link wp-element-button\" href=\"https:\/\/www.creilsudoise-tourisme.fr\/nl\/jexplore\/must-haves\/honkbalveld\/\" target=\"_blank\" rel=\"noreferrer noopener\">Vrijetijdscentrum Saint-Leu-d'Esserent<\/a><\/div>\n<\/div>\n\n\n\n<h2><br>Accrobranche en Explor Games<sup>\u00ae<\/sup> in het Parc des Loups<\/h2>\n\n\n\n<h3>Boomklimmen<\/h3>\n\n\n\n<p>Test je klimvaardigheden door een van de 6 accrobrancheparcoursen in het Parc de l'\u00c9tang des Loups uit te proberen! Er is zelfs een tokkelbaan over een meer!<\/p>\n\n\n\n<h3>Verkenningsspellen<sup>\u00ae<\/sup><\/h3>\n\n\n\n<p>Zonder een geolocatie-tablet en tegen een levensgroot decor is het jouw missie (als je die accepteert) om het bos te bevrijden van de Zwarte Elfen!<\/p>\n\n\n\n<p><em>Goed om te weten: Het Parc des Loups ligt in het recreatiecentrum (entreekaartje niet inbegrepen).<\/em><\/p>\n\n\n\n<div class=\"is-content-justification-center is-layout-flex wp-container-7 wp-block-buttons\">\n<div class=\"wp-block-button\"><a class=\"wp-block-button__link wp-element-button\" href=\"https:\/\/www.parcdesloups.com\/\" target=\"_blank\" rel=\"noreferrer noopener\">Parcs des Loups in Saint-Leu-d'Esserent<\/a><\/div>\n<\/div>\n\n\n\n<h2>Rondleiding en kinderworkshop bij Clouterie Rivierre<\/h2>\n\n\n\n<h3>Rondleiding<\/h3>\n\n\n\n<p>Ontdek een omgeving die een roman van Zola waardig is! De Rivierre Clouterie is de laatst overgebleven klouterfabriek in Frankrijk, waar je unieke eeuwenoude machines kunt zien en de uitzonderlijke vaardigheden van de mannen en vrouwen die er werken kunt observeren.<\/p>\n\n\n\n<p>Ontmoet ons elke woensdag om 14.00 uur, op afspraak, of voor een priv\u00e9rondleiding (\u20ac120 of voor groepen van 10 of meer) van maandag tot vrijdag, op afspraak.<\/p>\n\n\n\n<h3>Rondleiding en kinderworkshop<\/h3>\n\n\n\n<p>Voor de kleintjes zijn er creatieve workshops speciaal voor kinderen! Na een rondleiding door de nagelfabriek kunnen kinderen deelnemen aan een knutselworkshop met spijkers!<\/p>\n\n\n\n<div class=\"is-content-justification-center is-layout-flex wp-container-8 wp-block-buttons\">\n<div class=\"wp-block-button\"><a class=\"wp-block-button__link wp-element-button\" href=\"https:\/\/www.creilsudoise-tourisme.fr\/nl\/jexplore\/must-haves\/clouterie-rivierre\/\" target=\"_blank\" rel=\"noreferrer noopener\">Clouterie Rivierre in Creil<\/a><\/div>\n<\/div>\n\n\n\n<h2>Familie bioscoop<\/h2>\n\n\n\n<h3>Binnen<\/h3>\n\n\n\n<p>Is het te warm? Maak gebruik van Path\u00e9's bioscopen met airconditioning!<br>Regent het? Profiteer van de comfortabele bioscopen van Path\u00e9!<br>Heb je kleine kinderen? Profiteer dan van Ma Mini S\u00e9ance, speciale ruimtes voor hen met korte films, gedempt licht en aangepast geluid.<br>Kortom, er zijn genoeg goede redenen om in de zomer naar de bioscoop te gaan!<\/p>\n\n\n\n<div class=\"is-content-justification-center is-layout-flex wp-container-9 wp-block-buttons\">\n<div class=\"wp-block-button\"><a class=\"wp-block-button__link wp-element-button\" href=\"https:\/\/www.pathe.fr\/cinemas\/cinema-pathe-montataire\" target=\"_blank\" rel=\"noreferrer noopener\">Path\u00e9 bioscoop in Montataire<\/a><\/div>\n<\/div>\n\n\n\n<h3>Buiten<\/h3>\n\n\n\n<p>De zomer is de perfecte tijd om van het mooie weer te profiteren en van een film in de openlucht te genieten! Ontdek welke films er worden vertoond in Creil Sud Oise door hieronder te klikken:<\/p>\n\n\n\n<div class=\"is-content-justification-center is-layout-flex wp-container-10 wp-block-buttons\">\n<div class=\"wp-block-button\"><a class=\"wp-block-button__link wp-element-button\" href=\"https:\/\/www.creilsudoise-tourisme.fr\/nl\/2023\/07\/21\/cine-plein-air\/\" target=\"_blank\" rel=\"noreferrer noopener\">buitenprogrammering<\/a><\/div>\n<\/div>\n\n\n\n<h2>Rondleiding door het Bombardementsmuseum<\/h2>\n\n\n\n<h3>Rondleiding<\/h3>\n\n\n\n<p>Ge\u00efnteresseerd in de Tweede Wereldoorlog? Bezoek het Mus\u00e9e des Bombardements en ontdek een indrukwekkende collectie voorwerpen uit die tijd, verzameld door G\u00e9rard, die als kind in de jaren 1940 getuige was van een vliegtuigcrash. Hij is al zijn hele leven op zoek naar souvenirs die verband houden met de bombardementen. Misschien kun je hem ontmoeten tijdens je bezoek?<\/p>\n\n\n\n<h3>Familie bezoeken<\/h3>\n\n\n\n<p>In juli organiseert het Mus\u00e9e des Bombardements een rondleiding door Saint-Maximin en het museum, speciaal voor gezinnen: Raconte-moi l'histoire de Saint-Maximin (Vertel me het verhaal van Saint-Maximin).<\/p>\n\n\n\n<div class=\"is-content-justification-center is-layout-flex wp-container-11 wp-block-buttons\">\n<div class=\"wp-block-button\"><a class=\"wp-block-button__link wp-element-button\" href=\"https:\/\/www.creilsudoise-tourisme.fr\/nl\/jexplore\/must-haves\/museum-bombardement\/\" target=\"_blank\" rel=\"noreferrer noopener\">Bommuseum in Saint-Maximin<\/a><\/div>\n<\/div>\n\n\n\n<h2>Paintball<\/h2>\n\n\n\n<p>Trek je beschermende uitrusting aan, want je staat een echte traktatie te wachten! Profiteer van meer dan 3.000 m\u00b2 bebost terrein en probeer de vlag te pakken voordat het vijandelijke team dat doet, terwijl je de verfballen ontwijkt!<\/p>\n\n\n\n<div class=\"is-content-justification-center is-layout-flex wp-container-12 wp-block-buttons\">\n<div class=\"wp-block-button\"><a class=\"wp-block-button__link wp-element-button\" href=\"https:\/\/www.paintballplayzone.com\/\" target=\"_blank\" rel=\"noreferrer noopener\">Paintball speelzone in Saint-Maximin<\/a><\/div>\n<\/div>\n\n\n\n<h2>Koninklijke kinderspeelplaats<\/h2>\n\n\n\n<p>Glijbanen, netten, ballenbaden, klimhindernissen, gigantische lego's... Royal Kids is een paradijs voor kinderen! Voor de ouders is er een ontspanningsruimte met airconditioning en een snackbar.<\/p>\n\n\n\n<div class=\"is-content-justification-center is-layout-flex wp-container-13 wp-block-buttons\">\n<div class=\"wp-block-button\"><a class=\"wp-block-button__link wp-element-button\" href=\"https:\/\/www.royalkids.fr\/parcs\/saint_maximin\" target=\"_blank\" rel=\"noreferrer noopener\">Royal kinderen in Saint-Maximin<\/a><\/div>\n<\/div>\n\n\n\n<h2>Onbeperkt bowlen!<\/h2>\n\n\n\n<p>Doe mee aan de Vegas Cup bij Bowling Plaza en maak kans op een weekje Las Vegas! <\/p>\n\n\n\n<p>Als je een Vegas Pass koopt voor maar \u20ac10, krijg je 4 weken onbeperkt bowlen van maandag tot vrijdag en doe je mee aan de Vegas Cup!<\/p>\n\n\n\n<p>Je kunt ook de sportevenementen van dit jaar op het grote scherm volgen: Euro 2024 en de Olympische Spelen!<\/p>\n\n\n\n<p><em>Goed om te weten: Bowling Plaza heeft geen telefoonlijn. Om contact met hen op te nemen, raden we je aan het online formulier op hun website te gebruiken.<\/em><\/p>\n\n\n\n<div class=\"is-content-justification-center is-layout-flex wp-container-14 wp-block-buttons\">\n<div class=\"wp-block-button\"><a class=\"wp-block-button__link wp-element-button\" href=\"https:\/\/www.plazabowling.com\/bowling-saint-maximin-creil\/2\/\" target=\"_blank\" rel=\"noreferrer noopener\">Bowlingbaan in Saint-Maximin<\/a><\/div>\n<\/div>\n\n\n\n<h2>Doorgave van de Olympische vlam<\/h2>\n\n\n\n<p>Mis dit historische moment niet! Op 18 juli passeert de Olympische vlam Nogent-sur-Oise en Creil. Ter gelegenheid hiervan vinden er in beide steden tal van sportevenementen en shows plaats. Bekijk het programma hieronder:<\/p>\n\n\n\n<div class=\"is-content-justification-center is-layout-flex wp-container-15 wp-block-buttons\">\n<div class=\"wp-block-button\"><a class=\"wp-block-button__link wp-element-button\" href=\"https:\/\/www.creilsudoise.fr\/passage-flamme-olympique-acso\/?section=passage-flamme\" target=\"_blank\" rel=\"noreferrer noopener\">Programma voor 18 juli<\/a><\/div>\n<\/div>\n\n\n\n<h2>Robots en dierenverzorging<\/h2>\n\n\n\n<h3>Cursus robot programmeren<\/h3>\n\n\n\n<p>Het Maison d'Activit\u00e9s Scientifiques, Technologiques et Environnementales (MASTE - het wordt sneller!) in Nogent-sur-Oise biedt een cursus aan om kinderen te leren hoe ze een robot moeten programmeren!<\/p>\n\n\n\n<h3>Werkervaring met boerderijdieren<\/h3>\n\n\n\n<p>De educatieve boerderij ligt vlak naast MASTE en herbergt een heleboel dieren: kinderen zullen het geweldig vinden om ze te verzorgen tijdens de cursussen die deze zomer worden georganiseerd!<\/p>\n\n\n\n<div class=\"is-content-justification-center is-layout-flex wp-container-16 wp-block-buttons\">\n<div class=\"wp-block-button\"><a class=\"wp-block-button__link wp-element-button\" href=\"https:\/\/www.facebook.com\/MASTENSO\" target=\"_blank\" rel=\"noreferrer noopener\">La MASTE in Nogent-sur-Oise<\/a><\/div>\n<\/div>\n\n\n\n<h2 id=\"agenda\">Agenda<\/h2>\n\n\n\n<p>En niet te vergeten de <strong>talrijke uitstapjes, activiteiten en evenementen <\/strong>georganiseerd gedurende de twee zomermaanden!<\/p>\n\n\n<div data-related-sit=\"1\" data-block-type=\"related-sit-gt\" data-block-id=\"wpet-sit-2cqhzgw9f6o\"><div class=\"wp-block wp-block-related-post wp-block-related-list-sit alignfull\">\n    \n    <div class=\"container\">\n\n                    <h2 class=\"wp-block-related-post-title\">Op het programma in juli en augustus<\/h2>\n        \n                    <div id=\"wpiris-related-post-205\" data-id=\"wpiris-entity-slider\">\n                <div class=\"wp-block-related-post-list wp-block-related-post-list--5\" data-id=\"wpiris-entity-slider-wrapper\">\n\n                    \n<div class=\"entityItem\" data-trigger=\"wpiris-click\" data-id=\"wpiris-entity-slider-item\">\n    <p class=\"entityItemThumbnail\">\n        <a href=\"https:\/\/www.creilsudoise-tourisme.fr\/nl\/agenda-animations\/stage-vitrail-6\/\" nofancybox>\n            <img data-src=\"https:\/\/www.creilsudoise-tourisme.fr\/wp-content\/uploads\/wpetourisme\/Creez-votre-vitrail-275x350.png\" alt=\"Stage | Glas in lood\">\n        <\/a>\n    <\/p>\n    <div class=\"entityItemContent\">\n        <h2 class=\"entityItemContentTitle\">\n            <a href=\"https:\/\/www.creilsudoise-tourisme.fr\/nl\/agenda-animations\/stage-vitrail-6\/\">Stage | Glas in lood<\/a>\n        <\/h2>\n                    <p class=\"entityItemContentType\">Festivals en evenementen<\/p>\n            <\/div>\n    <a href=\"https:\/\/www.creilsudoise-tourisme.fr\/nl\/agenda-animations\/stage-vitrail-6\/\" class=\"seeMore\"><span class=\"sr-only\">Meer zien<\/span><\/a>\n<\/div>\n\n<div class=\"entityItem\" data-trigger=\"wpiris-click\" data-id=\"wpiris-entity-slider-item\">\n    <p class=\"entityItemThumbnail\">\n        <a href=\"https:\/\/www.creilsudoise-tourisme.fr\/nl\/agenda-animations\/stage-vitrail-2\/\" nofancybox>\n            <img data-src=\"https:\/\/www.creilsudoise-tourisme.fr\/wp-content\/uploads\/wpetourisme\/Creez-votre-vitrail-275x350.png\" alt=\"Stage | Glas in lood\">\n        <\/a>\n    <\/p>\n    <div class=\"entityItemContent\">\n        <h2 class=\"entityItemContentTitle\">\n            <a href=\"https:\/\/www.creilsudoise-tourisme.fr\/nl\/agenda-animations\/stage-vitrail-2\/\">Stage | Glas in lood<\/a>\n        <\/h2>\n                    <p class=\"entityItemContentType\">Festivals en evenementen<\/p>\n            <\/div>\n    <a href=\"https:\/\/www.creilsudoise-tourisme.fr\/nl\/agenda-animations\/stage-vitrail-2\/\" class=\"seeMore\"><span class=\"sr-only\">Meer zien<\/span><\/a>\n<\/div>\n\n<div class=\"entityItem\" data-trigger=\"wpiris-click\" data-id=\"wpiris-entity-slider-item\">\n    <p class=\"entityItemThumbnail\">\n        <a href=\"https:\/\/www.creilsudoise-tourisme.fr\/nl\/agenda-animations\/verken-games-gekke-geschiedenis-bij-creil-boot\/\" nofancybox>\n            <img data-src=\"https:\/\/www.creilsudoise-tourisme.fr\/wp-content\/uploads\/wpetourisme\/Affiche-jeu-2-275x350.jpg\" alt=\"Explor Games\u00ae | Gekke geschiedenis op het kasteel van Creil\">\n        <\/a>\n    <\/p>\n    <div class=\"entityItemContent\">\n        <h2 class=\"entityItemContentTitle\">\n            <a href=\"https:\/\/www.creilsudoise-tourisme.fr\/nl\/agenda-animations\/verken-games-gekke-geschiedenis-bij-creil-boot\/\">Explor Games\u00ae | Gekke geschiedenis op het kasteel van Creil<\/a>\n        <\/h2>\n                    <p class=\"entityItemContentType\">Festivals en evenementen<\/p>\n            <\/div>\n    <a href=\"https:\/\/www.creilsudoise-tourisme.fr\/nl\/agenda-animations\/verken-games-gekke-geschiedenis-bij-creil-boot\/\" class=\"seeMore\"><span class=\"sr-only\">Meer zien<\/span><\/a>\n<\/div>\n\n<div class=\"entityItem\" data-trigger=\"wpiris-click\" data-id=\"wpiris-entity-slider-item\">\n    <p class=\"entityItemThumbnail\">\n        <a href=\"https:\/\/www.creilsudoise-tourisme.fr\/nl\/agenda-animations\/stage-vitrail-5\/\" nofancybox>\n            <img data-src=\"https:\/\/www.creilsudoise-tourisme.fr\/wp-content\/uploads\/wpetourisme\/Creez-votre-vitrail-275x350.png\" alt=\"Stage | Glas in lood\">\n        <\/a>\n    <\/p>\n    <div class=\"entityItemContent\">\n        <h2 class=\"entityItemContentTitle\">\n            <a href=\"https:\/\/www.creilsudoise-tourisme.fr\/nl\/agenda-animations\/stage-vitrail-5\/\">Stage | Glas in lood<\/a>\n        <\/h2>\n                    <p class=\"entityItemContentType\">Festivals en evenementen<\/p>\n            <\/div>\n    <a href=\"https:\/\/www.creilsudoise-tourisme.fr\/nl\/agenda-animations\/stage-vitrail-5\/\" class=\"seeMore\"><span class=\"sr-only\">Meer zien<\/span><\/a>\n<\/div>\n\n<div class=\"entityItem\" data-trigger=\"wpiris-click\" data-id=\"wpiris-entity-slider-item\">\n    <p class=\"entityItemThumbnail\">\n        <a href=\"https:\/\/www.creilsudoise-tourisme.fr\/nl\/agenda-animations\/stage-vitrail-4\/\" nofancybox>\n            <img data-src=\"https:\/\/www.creilsudoise-tourisme.fr\/wp-content\/uploads\/wpetourisme\/Creez-votre-vitrail-275x350.png\" alt=\"Stage | Glas in lood\">\n        <\/a>\n    <\/p>\n    <div class=\"entityItemContent\">\n        <h2 class=\"entityItemContentTitle\">\n            <a href=\"https:\/\/www.creilsudoise-tourisme.fr\/nl\/agenda-animations\/stage-vitrail-4\/\">Stage | Glas in lood<\/a>\n        <\/h2>\n                    <p class=\"entityItemContentType\">Festivals en evenementen<\/p>\n            <\/div>\n    <a href=\"https:\/\/www.creilsudoise-tourisme.fr\/nl\/agenda-animations\/stage-vitrail-4\/\" class=\"seeMore\"><span class=\"sr-only\">Meer zien<\/span><\/a>\n<\/div>\n                <\/div>\n\n                \n<div class=\"sliderNav\">\n    <div class=\"sliderNavWrapper\">\n        <p class=\"swiperArrow swiperArrow--next\" data-trigger=\"swiper-next\">\n            <span class=\"sr-only\">Volgende<\/span>\n        <\/p>\n        <p class=\"swiperArrow swiperArrow--prev\" data-trigger=\"swiper-prev\">\n            <span class=\"sr-only\">Vorige<\/span>\n        <\/p>\n    <\/div>\n<\/div>\n            <\/div>\n            <\/div>\n<\/div><\/div>\n\n\n<hr class=\"wp-block-separator has-css-opacity\"\/>\n\n\n<div class=\"wp-block wp-block-highlight\">\n            <h3 class=\"wp-block-highlight-item wp-block-highlight-title\">Deze zomer een evenement organiseren<\/h3>\n                <p class=\"wp-block-highlight-item wp-block-highlight-excerpt\">Jij bent <strong>organisator van een evenement in juli of augustus in de regio Creil Sud Oise<\/strong> (of een ander evenement!) maar het staat niet op deze lijst?<br><br><strong>Adverteer gratis uw evenement door dit in te vullen <a href=\"https:\/\/oise.tourinsoft.com\/questionnaire-web\/2f591c16-b52e-4dfc-8106-ffe735dad39e\/eef450e0-413e-4799-b603-660b1bec7447\/add.aspx\" target=\"_blank\" rel=\"noreferrer noopener\">formulier <\/a>!<\/strong><\/p>\n    <\/div>","protected":false},"excerpt":{"rendered":"<p>Ontdek in juli en augustus wat er te doen is in Creil Sud Oise, op een steenworp afstand van Chantilly, Senlis of Compi\u00e8gne en niet ver van Ile-de-France! Ontsnappingsspel en Explore Games\u00ae in het Mus\u00e9e Gall\u00e9-Juillet Ontsnappingsspel Ontdek in een ongewone omgeving (een burgerlijk huis ingericht zoals in de 19e eeuw!) de geschiedenis van het [...] Mus\u00e9e Gall\u00e9-Juillet<\/p>","protected":false},"author":3,"featured_media":41675,"comment_status":"closed","ping_status":"closed","sticky":false,"template":"","format":"standard","meta":{"_relevanssi_hide_post":"","_relevanssi_hide_content":"","_relevanssi_pin_for_all":"","_relevanssi_pin_keywords":"","_relevanssi_unpin_keywords":"","_relevanssi_related_keywords":"","_relevanssi_related_include_ids":"","_relevanssi_related_exclude_ids":"","_relevanssi_related_no_append":"","_relevanssi_related_not_related":"","_relevanssi_related_posts":"41280,41283,40285,40448,38928,40214","_relevanssi_noindex_reason":""},"categories":[5],"tags":[],"yoast_head":"<!-- This site is optimized with the Yoast SEO plugin v20.2.1 - https:\/\/yoast.com\/wordpress\/plugins\/seo\/ -->\n<title>Au programme cet \u00e9t\u00e9 \u00e0 Creil Sud Oise<\/title>\n<meta name=\"description\" content=\"Vous passez vos vacances dans l&#039;Oise ? Quelle chance, le programme de juillet et ao\u00fbt fourmille d&#039;id\u00e9es de sorties \u00e0 Creil Sud Oise !\" \/>\n<meta name=\"robots\" content=\"index, follow, max-snippet:-1, max-image-preview:large, max-video-preview:-1\" \/>\n<link rel=\"canonical\" href=\"https:\/\/www.creilsudoise-tourisme.fr\/nl\/2024\/07\/02\/que-faire-cet-ete\/\" \/>\n<meta property=\"og:locale\" content=\"nl_NL\" \/>\n<meta property=\"og:type\" content=\"article\" \/>\n<meta property=\"og:title\" content=\"Au programme cet \u00e9t\u00e9 \u00e0 Creil Sud Oise\" \/>\n<meta property=\"og:description\" content=\"Vous passez vos vacances dans l&#039;Oise ? Quelle chance, le programme de juillet et ao\u00fbt fourmille d&#039;id\u00e9es de sorties \u00e0 Creil Sud Oise !\" \/>\n<meta property=\"og:url\" content=\"https:\/\/www.creilsudoise-tourisme.fr\/nl\/2024\/07\/02\/que-faire-cet-ete\/\" \/>\n<meta property=\"og:site_name\" content=\"Office de Tourisme Creil Sud Oise\" \/>\n<meta property=\"article:publisher\" content=\"https:\/\/www.facebook.com\/creilsudoisetourisme\/\" \/>\n<meta property=\"article:published_time\" content=\"2024-07-02T08:31:42+00:00\" \/>\n<meta property=\"article:modified_time\" content=\"2024-08-27T15:17:19+00:00\" \/>\n<meta property=\"og:image\" content=\"https:\/\/www.creilsudoise-tourisme.fr\/wp-content\/uploads\/2022\/06\/Cet-ete-a-Creil-Sud-Oise.jpg\" \/>\n\t<meta property=\"og:image:width\" content=\"1480\" \/>\n\t<meta property=\"og:image:height\" content=\"833\" \/>\n\t<meta property=\"og:image:type\" content=\"image\/jpeg\" \/>\n<meta name=\"author\" content=\"fdubut\" \/>\n<meta name=\"twitter:card\" content=\"summary_large_image\" \/>\n<meta name=\"twitter:creator\" content=\"@CreilSudOiseOT\" \/>\n<meta name=\"twitter:site\" content=\"@CreilSudOiseOT\" \/>\n<meta name=\"twitter:label1\" content=\"Geschreven door\" \/>\n\t<meta name=\"twitter:data1\" content=\"fdubut\" \/>\n\t<meta name=\"twitter:label2\" content=\"Geschatte leestijd\" \/>\n\t<meta name=\"twitter:data2\" content=\"1 minuut\" \/>\n<script type=\"application\/ld+json\" class=\"yoast-schema-graph\">{\"@context\":\"https:\/\/schema.org\",\"@graph\":[{\"@type\":\"Article\",\"@id\":\"https:\/\/www.creilsudoise-tourisme.fr\/2024\/07\/02\/que-faire-cet-ete\/#article\",\"isPartOf\":{\"@id\":\"https:\/\/www.creilsudoise-tourisme.fr\/2024\/07\/02\/que-faire-cet-ete\/\"},\"author\":{\"name\":\"fdubut\",\"@id\":\"https:\/\/www.creilsudoise-tourisme.fr\/#\/schema\/person\/c5140d47645b13bee896bfe05f1bd5da\"},\"headline\":\"Que faire cet \u00e9t\u00e9 ?\",\"datePublished\":\"2024-07-02T08:31:42+00:00\",\"dateModified\":\"2024-08-27T15:17:19+00:00\",\"mainEntityOfPage\":{\"@id\":\"https:\/\/www.creilsudoise-tourisme.fr\/2024\/07\/02\/que-faire-cet-ete\/\"},\"wordCount\":1201,\"publisher\":{\"@id\":\"https:\/\/www.creilsudoise-tourisme.fr\/#organization\"},\"articleSection\":[\"Actus\"],\"inLanguage\":\"nl\"},{\"@type\":\"WebPage\",\"@id\":\"https:\/\/www.creilsudoise-tourisme.fr\/2024\/07\/02\/que-faire-cet-ete\/\",\"url\":\"https:\/\/www.creilsudoise-tourisme.fr\/2024\/07\/02\/que-faire-cet-ete\/\",\"name\":\"Au programme cet \u00e9t\u00e9 \u00e0 Creil Sud Oise\",\"isPartOf\":{\"@id\":\"https:\/\/www.creilsudoise-tourisme.fr\/#website\"},\"datePublished\":\"2024-07-02T08:31:42+00:00\",\"dateModified\":\"2024-08-27T15:17:19+00:00\",\"description\":\"Vous passez vos vacances dans l'Oise ? Quelle chance, le programme de juillet et ao\u00fbt fourmille d'id\u00e9es de sorties \u00e0 Creil Sud Oise !\",\"breadcrumb\":{\"@id\":\"https:\/\/www.creilsudoise-tourisme.fr\/2024\/07\/02\/que-faire-cet-ete\/#breadcrumb\"},\"inLanguage\":\"nl\",\"potentialAction\":[{\"@type\":\"ReadAction\",\"target\":[\"https:\/\/www.creilsudoise-tourisme.fr\/2024\/07\/02\/que-faire-cet-ete\/\"]}]},{\"@type\":\"BreadcrumbList\",\"@id\":\"https:\/\/www.creilsudoise-tourisme.fr\/2024\/07\/02\/que-faire-cet-ete\/#breadcrumb\",\"itemListElement\":[{\"@type\":\"ListItem\",\"position\":1,\"name\":\"Accueil\",\"item\":\"https:\/\/www.creilsudoise-tourisme.fr\/\"},{\"@type\":\"ListItem\",\"position\":2,\"name\":\"Que faire cet \u00e9t\u00e9 ?\"}]},{\"@type\":\"WebSite\",\"@id\":\"https:\/\/www.creilsudoise-tourisme.fr\/#website\",\"url\":\"https:\/\/www.creilsudoise-tourisme.fr\/\",\"name\":\"Office de Tourisme Creil Sud Oise\",\"description\":\"Creil Sud Oise Tourisme, un territoire \u00e0 explorer !\",\"publisher\":{\"@id\":\"https:\/\/www.creilsudoise-tourisme.fr\/#organization\"},\"potentialAction\":[{\"@type\":\"SearchAction\",\"target\":{\"@type\":\"EntryPoint\",\"urlTemplate\":\"https:\/\/www.creilsudoise-tourisme.fr\/?s={search_term_string}\"},\"query-input\":\"required name=search_term_string\"}],\"inLanguage\":\"nl\"},{\"@type\":\"Organization\",\"@id\":\"https:\/\/www.creilsudoise-tourisme.fr\/#organization\",\"name\":\"Creil Sud Oise Tourisme\",\"url\":\"https:\/\/www.creilsudoise-tourisme.fr\/\",\"logo\":{\"@type\":\"ImageObject\",\"inLanguage\":\"nl\",\"@id\":\"https:\/\/www.creilsudoise-tourisme.fr\/#\/schema\/logo\/image\/\",\"url\":\"https:\/\/www.creilsudoise-tourisme.fr\/wp-content\/uploads\/2021\/05\/logo-svg.png\",\"contentUrl\":\"https:\/\/www.creilsudoise-tourisme.fr\/wp-content\/uploads\/2021\/05\/logo-svg.png\",\"width\":182,\"height\":71,\"caption\":\"Creil Sud Oise Tourisme\"},\"image\":{\"@id\":\"https:\/\/www.creilsudoise-tourisme.fr\/#\/schema\/logo\/image\/\"},\"sameAs\":[\"https:\/\/www.facebook.com\/creilsudoisetourisme\/\",\"https:\/\/twitter.com\/CreilSudOiseOT\",\"https:\/\/www.instagram.com\/creilsudoisetourisme\/\",\"https:\/\/www.youtube.com\/channel\/UC8L_QD2wwyADW14zt9fY8kw\"]},{\"@type\":\"Person\",\"@id\":\"https:\/\/www.creilsudoise-tourisme.fr\/#\/schema\/person\/c5140d47645b13bee896bfe05f1bd5da\",\"name\":\"fdubut\",\"image\":{\"@type\":\"ImageObject\",\"inLanguage\":\"nl\",\"@id\":\"https:\/\/www.creilsudoise-tourisme.fr\/#\/schema\/person\/image\/\",\"url\":\"https:\/\/secure.gravatar.com\/avatar\/c49bb61337bf4556cafdbcb92c18618d?s=96&d=mm&r=g\",\"contentUrl\":\"https:\/\/secure.gravatar.com\/avatar\/c49bb61337bf4556cafdbcb92c18618d?s=96&d=mm&r=g\",\"caption\":\"fdubut\"},\"url\":\"https:\/\/www.creilsudoise-tourisme.fr\/nl\/auteur\/fdubut\/\"}]}<\/script>\n<!-- \/ Yoast SEO plugin. -->","yoast_head_json":{"title":"Au programme cet \u00e9t\u00e9 \u00e0 Creil Sud Oise","description":"Vous passez vos vacances dans l'Oise ? Quelle chance, le programme de juillet et ao\u00fbt fourmille d'id\u00e9es de sorties \u00e0 Creil Sud Oise !","robots":{"index":"index","follow":"follow","max-snippet":"max-snippet:-1","max-image-preview":"max-image-preview:large","max-video-preview":"max-video-preview:-1"},"canonical":"https:\/\/www.creilsudoise-tourisme.fr\/nl\/2024\/07\/02\/que-faire-cet-ete\/","og_locale":"nl_NL","og_type":"article","og_title":"Au programme cet \u00e9t\u00e9 \u00e0 Creil Sud Oise","og_description":"Vous passez vos vacances dans l'Oise ? Quelle chance, le programme de juillet et ao\u00fbt fourmille d'id\u00e9es de sorties \u00e0 Creil Sud Oise !","og_url":"https:\/\/www.creilsudoise-tourisme.fr\/nl\/2024\/07\/02\/que-faire-cet-ete\/","og_site_name":"Office de Tourisme Creil Sud Oise","article_publisher":"https:\/\/www.facebook.com\/creilsudoisetourisme\/","article_published_time":"2024-07-02T08:31:42+00:00","article_modified_time":"2024-08-27T15:17:19+00:00","og_image":[{"width":1480,"height":833,"url":"https:\/\/www.creilsudoise-tourisme.fr\/wp-content\/uploads\/2022\/06\/Cet-ete-a-Creil-Sud-Oise.jpg","type":"image\/jpeg"}],"author":"fdubut","twitter_card":"summary_large_image","twitter_creator":"@CreilSudOiseOT","twitter_site":"@CreilSudOiseOT","twitter_misc":{"Geschreven door":"fdubut","Geschatte leestijd":"1 minuut"},"schema":{"@context":"https:\/\/schema.org","@graph":[{"@type":"Article","@id":"https:\/\/www.creilsudoise-tourisme.fr\/2024\/07\/02\/que-faire-cet-ete\/#article","isPartOf":{"@id":"https:\/\/www.creilsudoise-tourisme.fr\/2024\/07\/02\/que-faire-cet-ete\/"},"author":{"name":"fdubut","@id":"https:\/\/www.creilsudoise-tourisme.fr\/#\/schema\/person\/c5140d47645b13bee896bfe05f1bd5da"},"headline":"Que faire cet \u00e9t\u00e9 ?","datePublished":"2024-07-02T08:31:42+00:00","dateModified":"2024-08-27T15:17:19+00:00","mainEntityOfPage":{"@id":"https:\/\/www.creilsudoise-tourisme.fr\/2024\/07\/02\/que-faire-cet-ete\/"},"wordCount":1201,"publisher":{"@id":"https:\/\/www.creilsudoise-tourisme.fr\/#organization"},"articleSection":["Actus"],"inLanguage":"nl"},{"@type":"WebPage","@id":"https:\/\/www.creilsudoise-tourisme.fr\/2024\/07\/02\/que-faire-cet-ete\/","url":"https:\/\/www.creilsudoise-tourisme.fr\/2024\/07\/02\/que-faire-cet-ete\/","name":"Au programme cet \u00e9t\u00e9 \u00e0 Creil Sud Oise","isPartOf":{"@id":"https:\/\/www.creilsudoise-tourisme.fr\/#website"},"datePublished":"2024-07-02T08:31:42+00:00","dateModified":"2024-08-27T15:17:19+00:00","description":"Vous passez vos vacances dans l'Oise ? Quelle chance, le programme de juillet et ao\u00fbt fourmille d'id\u00e9es de sorties \u00e0 Creil Sud Oise !","breadcrumb":{"@id":"https:\/\/www.creilsudoise-tourisme.fr\/2024\/07\/02\/que-faire-cet-ete\/#breadcrumb"},"inLanguage":"nl","potentialAction":[{"@type":"ReadAction","target":["https:\/\/www.creilsudoise-tourisme.fr\/2024\/07\/02\/que-faire-cet-ete\/"]}]},{"@type":"BreadcrumbList","@id":"https:\/\/www.creilsudoise-tourisme.fr\/2024\/07\/02\/que-faire-cet-ete\/#breadcrumb","itemListElement":[{"@type":"ListItem","position":1,"name":"Accueil","item":"https:\/\/www.creilsudoise-tourisme.fr\/"},{"@type":"ListItem","position":2,"name":"Que faire cet \u00e9t\u00e9 ?"}]},{"@type":"WebSite","@id":"https:\/\/www.creilsudoise-tourisme.fr\/#website","url":"https:\/\/www.creilsudoise-tourisme.fr\/","name":"Office de Tourisme Creil Sud Oise","description":"Creil Sud Oise Tourisme, un territoire \u00e0 explorer !","publisher":{"@id":"https:\/\/www.creilsudoise-tourisme.fr\/#organization"},"potentialAction":[{"@type":"SearchAction","target":{"@type":"EntryPoint","urlTemplate":"https:\/\/www.creilsudoise-tourisme.fr\/?s={search_term_string}"},"query-input":"required name=search_term_string"}],"inLanguage":"nl"},{"@type":"Organization","@id":"https:\/\/www.creilsudoise-tourisme.fr\/#organization","name":"Creil Sud Oise Tourisme","url":"https:\/\/www.creilsudoise-tourisme.fr\/","logo":{"@type":"ImageObject","inLanguage":"nl","@id":"https:\/\/www.creilsudoise-tourisme.fr\/#\/schema\/logo\/image\/","url":"https:\/\/www.creilsudoise-tourisme.fr\/wp-content\/uploads\/2021\/05\/logo-svg.png","contentUrl":"https:\/\/www.creilsudoise-tourisme.fr\/wp-content\/uploads\/2021\/05\/logo-svg.png","width":182,"height":71,"caption":"Creil Sud Oise Tourisme"},"image":{"@id":"https:\/\/www.creilsudoise-tourisme.fr\/#\/schema\/logo\/image\/"},"sameAs":["https:\/\/www.facebook.com\/creilsudoisetourisme\/","https:\/\/twitter.com\/CreilSudOiseOT","https:\/\/www.instagram.com\/creilsudoisetourisme\/","https:\/\/www.youtube.com\/channel\/UC8L_QD2wwyADW14zt9fY8kw"]},{"@type":"Person","@id":"https:\/\/www.creilsudoise-tourisme.fr\/#\/schema\/person\/c5140d47645b13bee896bfe05f1bd5da","name":"fdubut","image":{"@type":"ImageObject","inLanguage":"nl","@id":"https:\/\/www.creilsudoise-tourisme.fr\/#\/schema\/person\/image\/","url":"https:\/\/secure.gravatar.com\/avatar\/c49bb61337bf4556cafdbcb92c18618d?s=96&d=mm&r=g","contentUrl":"https:\/\/secure.gravatar.com\/avatar\/c49bb61337bf4556cafdbcb92c18618d?s=96&d=mm&r=g","caption":"fdubut"},"url":"https:\/\/www.creilsudoise-tourisme.fr\/nl\/auteur\/fdubut\/"}]}},"_links":{"self":[{"href":"https:\/\/www.creilsudoise-tourisme.fr\/nl\/wp-json\/wp\/v2\/posts\/41674"}],"collection":[{"href":"https:\/\/www.creilsudoise-tourisme.fr\/nl\/wp-json\/wp\/v2\/posts"}],"about":[{"href":"https:\/\/www.creilsudoise-tourisme.fr\/nl\/wp-json\/wp\/v2\/types\/post"}],"author":[{"embeddable":true,"href":"https:\/\/www.creilsudoise-tourisme.fr\/nl\/wp-json\/wp\/v2\/users\/3"}],"replies":[{"embeddable":true,"href":"https:\/\/www.creilsudoise-tourisme.fr\/nl\/wp-json\/wp\/v2\/comments?post=41674"}],"version-history":[{"count":7,"href":"https:\/\/www.creilsudoise-tourisme.fr\/nl\/wp-json\/wp\/v2\/posts\/41674\/revisions"}],"predecessor-version":[{"id":60073,"href":"https:\/\/www.creilsudoise-tourisme.fr\/nl\/wp-json\/wp\/v2\/posts\/41674\/revisions\/60073"}],"wp:featuredmedia":[{"embeddable":true,"href":"https:\/\/www.creilsudoise-tourisme.fr\/nl\/wp-json\/wp\/v2\/media\/41675"}],"wp:attachment":[{"href":"https:\/\/www.creilsudoise-tourisme.fr\/nl\/wp-json\/wp\/v2\/media?parent=41674"}],"wp:term":[{"taxonomy":"category","embeddable":true,"href":"https:\/\/www.creilsudoise-tourisme.fr\/nl\/wp-json\/wp\/v2\/categories?post=41674"},{"taxonomy":"post_tag","embeddable":true,"href":"https:\/\/www.creilsudoise-tourisme.fr\/nl\/wp-json\/wp\/v2\/tags?post=41674"}],"curies":[{"name":"wp","href":"https:\/\/api.w.org\/{rel}","templated":true}]}}