{"id":41664,"date":"2022-06-17T15:55:14","date_gmt":"2022-06-17T13:55:14","guid":{"rendered":"https:\/\/www.creilsudoise-tourisme.fr\/?p=41664"},"modified":"2025-02-21T10:17:57","modified_gmt":"2025-02-21T09:17:57","slug":"marche-hebdomadaire","status":"publish","type":"post","link":"https:\/\/www.creilsudoise-tourisme.fr\/nl\/2022\/06\/17\/wekelijkse-wandeling\/","title":{"rendered":"Waar winkelen?"},"content":{"rendered":"<p class=\"is-style-excerpt\">Ontdek de<strong> marktdagen<\/strong> van de agglomeratie Creil Sud Oise!<\/p>\n\n\n\n<h2>Creil<\/h2>\n\n\n\n<div class=\"wp-block wp-block-accordion\" id=\"accordion\">\n    \n                    <div class=\"wp-block-accordion-item\">\n            <div id=\"heading1725\">\n                <h3 class=\"wp-block-accordion-item-title\" data-toggle=\"collapse\" data-target=\"#collapse1725\">\n                    woensdag + zaterdag                <\/h3>\n            <\/div>\n            <div class=\"wp-block-accordion-item-content collapse\" id=\"collapse1725\" data-parent=\"#accordion\">\n                <p><strong>van 8.00 tot 13.00 uur.<\/strong><\/p><p>Carnotplein, Creil<\/p>            <\/div>\n        <\/div>\n                    <div class=\"wp-block-accordion-item\">\n            <div id=\"heading6609\">\n                <h3 class=\"wp-block-accordion-item-title\" data-toggle=\"collapse\" data-target=\"#collapse6609\">\n                    Donderdag                <\/h3>\n            <\/div>\n            <div class=\"wp-block-accordion-item-content collapse\" id=\"collapse6609\" data-parent=\"#accordion\">\n                <p><strong>van 8.00 tot 13.00 uur.<\/strong><\/p><p>Place du Champs de Mars, Creil<\/p>            <\/div>\n        <\/div>\n                    <div class=\"wp-block-accordion-item\">\n            <div id=\"heading5500\">\n                <h3 class=\"wp-block-accordion-item-title\" data-toggle=\"collapse\" data-target=\"#collapse5500\">\n                    1<sup>er<\/sup> Donderdag van de maand (Eco-burger markt)                <\/h3>\n            <\/div>\n            <div class=\"wp-block-accordion-item-content collapse\" id=\"collapse5500\" data-parent=\"#accordion\">\n                <p><strong>van 17.30 tot 20.00 uur<\/strong><\/p><p>Eco-burger markt (lokaal en biologisch), All\u00e9e Nelson, Creil (verplaatst tijdens de werken aan de Place St-M\u00e9dard)<\/p>            <\/div>\n        <\/div>\n    \n<\/div>\n\n\n\n\n<h2>Montataire<\/h2>\n\n\n\n<div class=\"wp-block wp-block-accordion\" id=\"accordion\">\n    \n                    <div class=\"wp-block-accordion-item\">\n            <div id=\"heading3457\">\n                <h3 class=\"wp-block-accordion-item-title\" data-toggle=\"collapse\" data-target=\"#collapse3457\">\n                    Donderdag + zondag                <\/h3>\n            <\/div>\n            <div class=\"wp-block-accordion-item-content collapse\" id=\"collapse3457\" data-parent=\"#accordion\">\n                <p><strong>van 8.00 tot 13.00 uur.<\/strong><\/p><p>Place Auguste G\u00e9nie in Montataire<\/p>            <\/div>\n        <\/div>\n    \n<\/div>\n\n\n\n\n<h2>Nogent-sur-Oise<\/h2>\n\n\n\n<div class=\"wp-block wp-block-accordion\" id=\"accordion\">\n    \n                    <div class=\"wp-block-accordion-item\">\n            <div id=\"heading1283\">\n                <h3 class=\"wp-block-accordion-item-title\" data-toggle=\"collapse\" data-target=\"#collapse1283\">\n                    Vrijdag                <\/h3>\n            <\/div>\n            <div class=\"wp-block-accordion-item-content collapse\" id=\"collapse1283\" data-parent=\"#accordion\">\n                <p><strong>van 13.30 tot 19.00 uur<\/strong><\/p><p>Place des Trois Rois, Nogent-sur-Oise<\/p>            <\/div>\n        <\/div>\n                    <div class=\"wp-block-accordion-item\">\n            <div id=\"heading5512\">\n                <h3 class=\"wp-block-accordion-item-title\" data-toggle=\"collapse\" data-target=\"#collapse5512\">\n                    3<sup>\u00e8me<\/sup> Donderdag van de maand (Petit March\u00e9)                <\/h3>\n            <\/div>\n            <div class=\"wp-block-accordion-item-content collapse\" id=\"collapse5512\" data-parent=\"#accordion\">\n                <p><strong>van 16u tot 19u<\/strong><\/p><p>Petit March\u00e9 (lokaal en seizoensgebonden), Place des Trois Rois, Nogent-sur-Oise<\/p>            <\/div>\n        <\/div>\n    \n<\/div>\n\n\n\n\n<h2>Saint-Leu-d'Esserent<\/h2>\n\n\n\n<div class=\"wp-block wp-block-accordion\" id=\"accordion\">\n    \n                    <div class=\"wp-block-accordion-item\">\n            <div id=\"heading4997\">\n                <h3 class=\"wp-block-accordion-item-title\" data-toggle=\"collapse\" data-target=\"#collapse4997\">\n                    Zaterdag                <\/h3>\n            <\/div>\n            <div class=\"wp-block-accordion-item-content collapse\" id=\"collapse4997\" data-parent=\"#accordion\">\n                <p><strong>van 8.30 tot 12.30 uur.<\/strong><\/p><p>Place de la R\u00e9publique, Saint-Leu-d'Esserent<\/p>            <\/div>\n        <\/div>\n    \n<\/div>\n\n\n\n\n<h2>Rousseloy<\/h2>\n\n\n\n<div class=\"wp-block wp-block-accordion\" id=\"accordion\">\n    \n                    <div class=\"wp-block-accordion-item\">\n            <div id=\"heading4831\">\n                <h3 class=\"wp-block-accordion-item-title\" data-toggle=\"collapse\" data-target=\"#collapse4831\">\n                    Elke dag (automaat)                <\/h3>\n            <\/div>\n            <div class=\"wp-block-accordion-item-content collapse\" id=\"collapse4831\" data-parent=\"#accordion\">\n                <p><strong>van 8 tot 21 uur<\/strong><\/p><p>Bio pour Tous (rekken met biologische producten, meestal lokaal en tegen zeer betaalbare prijzen: verse seizoensgroenten en -fruit, kazen, yoghurt, brood), 2 chemin de Soutraine in Rousseloy.<\/p>            <\/div>\n        <\/div>\n    \n<\/div>\n\n\n\n\n<h2>Saint-Maximin<\/h2>\n\n\n\n<div class=\"wp-block wp-block-accordion\" id=\"accordion\">\n    \n                    <div class=\"wp-block-accordion-item\">\n            <div id=\"heading7127\">\n                <h3 class=\"wp-block-accordion-item-title\" data-toggle=\"collapse\" data-target=\"#collapse7127\">\n                    Vrijdag                <\/h3>\n            <\/div>\n            <div class=\"wp-block-accordion-item-content collapse\" id=\"collapse7127\" data-parent=\"#accordion\">\n                <p><strong>van 16u tot 20u<\/strong><\/p><p>Place d'Octobre (tegenover het gemeentehuis) in Saint-Maximin<\/p><p>Er rijden gratis pendelbussen door de stad naar de markt. Ontdek een <a href='https:\/\/www.saintmaximin.eu\/article_151_1_la-ville-inaugure-son-marche-hebdomadaire--_fr.html' target='_blank' rel='noreferrer noopener'>leuk artikel<\/a> gepubliceerd wanneer de markt opent in 2022!<\/p>            <\/div>\n        <\/div>\n    \n<\/div>\n\n\n\n\n<hr class=\"wp-block-separator has-css-opacity\"\/>","protected":false},"excerpt":{"rendered":"<p>Ontdek de marktdagen in de agglomeratie Creil Sud Oise! Creil Montataire Nogent-sur-Oise Saint-Leu-d'Esserent Rousseloy Saint-Maximin<\/p>","protected":false},"author":3,"featured_media":41671,"comment_status":"open","ping_status":"open","sticky":false,"template":"","format":"standard","meta":{"_relevanssi_hide_post":"","_relevanssi_hide_content":"","_relevanssi_pin_for_all":"","_relevanssi_pin_keywords":"","_relevanssi_unpin_keywords":"","_relevanssi_related_keywords":"","_relevanssi_related_include_ids":"","_relevanssi_related_exclude_ids":"","_relevanssi_related_no_append":"","_relevanssi_related_not_related":"","_relevanssi_related_posts":"39315,39133,41283,39613,37920,40214","_relevanssi_noindex_reason":""},"categories":[5],"tags":[],"yoast_head":"<!-- This site is optimized with the Yoast SEO plugin v20.2.1 - https:\/\/yoast.com\/wordpress\/plugins\/seo\/ -->\n<title>Les jours de march\u00e9 \u00e0 Creil Sud Oise<\/title>\n<meta name=\"description\" content=\"D\u00e9couvrez les jours de march\u00e9s pour les villes de l&#039;Agglom\u00e9ration Creil Sud Oise, pr\u00e8s de Chantilly et Senlis !\" \/>\n<meta name=\"robots\" content=\"index, follow, max-snippet:-1, max-image-preview:large, max-video-preview:-1\" \/>\n<link rel=\"canonical\" href=\"https:\/\/www.creilsudoise-tourisme.fr\/nl\/2022\/06\/17\/wekelijkse-wandeling\/\" \/>\n<meta property=\"og:locale\" content=\"nl_NL\" \/>\n<meta property=\"og:type\" content=\"article\" \/>\n<meta property=\"og:title\" content=\"Les jours de march\u00e9 \u00e0 Creil Sud Oise\" \/>\n<meta property=\"og:description\" content=\"D\u00e9couvrez les jours de march\u00e9s pour les villes de l&#039;Agglom\u00e9ration Creil Sud Oise, pr\u00e8s de Chantilly et Senlis !\" \/>\n<meta property=\"og:url\" content=\"https:\/\/www.creilsudoise-tourisme.fr\/nl\/2022\/06\/17\/wekelijkse-wandeling\/\" \/>\n<meta property=\"og:site_name\" content=\"Office de Tourisme Creil Sud Oise\" \/>\n<meta property=\"article:publisher\" content=\"https:\/\/www.facebook.com\/creilsudoisetourisme\/\" \/>\n<meta property=\"article:published_time\" content=\"2022-06-17T13:55:14+00:00\" \/>\n<meta property=\"article:modified_time\" content=\"2025-02-21T09:17:57+00:00\" \/>\n<meta property=\"og:image\" content=\"https:\/\/www.creilsudoise-tourisme.fr\/wp-content\/uploads\/2022\/06\/Marche.jpg\" \/>\n\t<meta property=\"og:image:width\" content=\"1480\" \/>\n\t<meta property=\"og:image:height\" content=\"772\" \/>\n\t<meta property=\"og:image:type\" content=\"image\/jpeg\" \/>\n<meta name=\"author\" content=\"fdubut\" \/>\n<meta name=\"twitter:card\" content=\"summary_large_image\" \/>\n<meta name=\"twitter:creator\" content=\"@CreilSudOiseOT\" \/>\n<meta name=\"twitter:site\" content=\"@CreilSudOiseOT\" \/>\n<meta name=\"twitter:label1\" content=\"Geschreven door\" \/>\n\t<meta name=\"twitter:data1\" content=\"fdubut\" \/>\n\t<meta name=\"twitter:label2\" content=\"Geschatte leestijd\" \/>\n\t<meta name=\"twitter:data2\" content=\"1 minuut\" \/>\n<script type=\"application\/ld+json\" class=\"yoast-schema-graph\">{\"@context\":\"https:\/\/schema.org\",\"@graph\":[{\"@type\":\"Article\",\"@id\":\"https:\/\/www.creilsudoise-tourisme.fr\/2022\/06\/17\/marche-hebdomadaire\/#article\",\"isPartOf\":{\"@id\":\"https:\/\/www.creilsudoise-tourisme.fr\/2022\/06\/17\/marche-hebdomadaire\/\"},\"author\":{\"name\":\"fdubut\",\"@id\":\"https:\/\/www.creilsudoise-tourisme.fr\/#\/schema\/person\/c5140d47645b13bee896bfe05f1bd5da\"},\"headline\":\"O\u00f9 faire son march\u00e9 ?\",\"datePublished\":\"2022-06-17T13:55:14+00:00\",\"dateModified\":\"2025-02-21T09:17:57+00:00\",\"mainEntityOfPage\":{\"@id\":\"https:\/\/www.creilsudoise-tourisme.fr\/2022\/06\/17\/marche-hebdomadaire\/\"},\"wordCount\":22,\"commentCount\":0,\"publisher\":{\"@id\":\"https:\/\/www.creilsudoise-tourisme.fr\/#organization\"},\"articleSection\":[\"Actus\"],\"inLanguage\":\"nl\",\"potentialAction\":[{\"@type\":\"CommentAction\",\"name\":\"Comment\",\"target\":[\"https:\/\/www.creilsudoise-tourisme.fr\/2022\/06\/17\/marche-hebdomadaire\/#respond\"]}]},{\"@type\":\"WebPage\",\"@id\":\"https:\/\/www.creilsudoise-tourisme.fr\/2022\/06\/17\/marche-hebdomadaire\/\",\"url\":\"https:\/\/www.creilsudoise-tourisme.fr\/2022\/06\/17\/marche-hebdomadaire\/\",\"name\":\"Les jours de march\u00e9 \u00e0 Creil Sud Oise\",\"isPartOf\":{\"@id\":\"https:\/\/www.creilsudoise-tourisme.fr\/#website\"},\"datePublished\":\"2022-06-17T13:55:14+00:00\",\"dateModified\":\"2025-02-21T09:17:57+00:00\",\"description\":\"D\u00e9couvrez les jours de march\u00e9s pour les villes de l'Agglom\u00e9ration Creil Sud Oise, pr\u00e8s de Chantilly et Senlis !\",\"breadcrumb\":{\"@id\":\"https:\/\/www.creilsudoise-tourisme.fr\/2022\/06\/17\/marche-hebdomadaire\/#breadcrumb\"},\"inLanguage\":\"nl\",\"potentialAction\":[{\"@type\":\"ReadAction\",\"target\":[\"https:\/\/www.creilsudoise-tourisme.fr\/2022\/06\/17\/marche-hebdomadaire\/\"]}]},{\"@type\":\"BreadcrumbList\",\"@id\":\"https:\/\/www.creilsudoise-tourisme.fr\/2022\/06\/17\/marche-hebdomadaire\/#breadcrumb\",\"itemListElement\":[{\"@type\":\"ListItem\",\"position\":1,\"name\":\"Accueil\",\"item\":\"https:\/\/www.creilsudoise-tourisme.fr\/\"},{\"@type\":\"ListItem\",\"position\":2,\"name\":\"O\u00f9 faire son march\u00e9 ?\"}]},{\"@type\":\"WebSite\",\"@id\":\"https:\/\/www.creilsudoise-tourisme.fr\/#website\",\"url\":\"https:\/\/www.creilsudoise-tourisme.fr\/\",\"name\":\"Office de Tourisme Creil Sud Oise\",\"description\":\"Creil Sud Oise Tourisme, un territoire \u00e0 explorer !\",\"publisher\":{\"@id\":\"https:\/\/www.creilsudoise-tourisme.fr\/#organization\"},\"potentialAction\":[{\"@type\":\"SearchAction\",\"target\":{\"@type\":\"EntryPoint\",\"urlTemplate\":\"https:\/\/www.creilsudoise-tourisme.fr\/?s={search_term_string}\"},\"query-input\":\"required name=search_term_string\"}],\"inLanguage\":\"nl\"},{\"@type\":\"Organization\",\"@id\":\"https:\/\/www.creilsudoise-tourisme.fr\/#organization\",\"name\":\"Creil Sud Oise Tourisme\",\"url\":\"https:\/\/www.creilsudoise-tourisme.fr\/\",\"logo\":{\"@type\":\"ImageObject\",\"inLanguage\":\"nl\",\"@id\":\"https:\/\/www.creilsudoise-tourisme.fr\/#\/schema\/logo\/image\/\",\"url\":\"https:\/\/www.creilsudoise-tourisme.fr\/wp-content\/uploads\/2021\/05\/logo-svg.png\",\"contentUrl\":\"https:\/\/www.creilsudoise-tourisme.fr\/wp-content\/uploads\/2021\/05\/logo-svg.png\",\"width\":182,\"height\":71,\"caption\":\"Creil Sud Oise Tourisme\"},\"image\":{\"@id\":\"https:\/\/www.creilsudoise-tourisme.fr\/#\/schema\/logo\/image\/\"},\"sameAs\":[\"https:\/\/www.facebook.com\/creilsudoisetourisme\/\",\"https:\/\/twitter.com\/CreilSudOiseOT\",\"https:\/\/www.instagram.com\/creilsudoisetourisme\/\",\"https:\/\/www.youtube.com\/channel\/UC8L_QD2wwyADW14zt9fY8kw\"]},{\"@type\":\"Person\",\"@id\":\"https:\/\/www.creilsudoise-tourisme.fr\/#\/schema\/person\/c5140d47645b13bee896bfe05f1bd5da\",\"name\":\"fdubut\",\"image\":{\"@type\":\"ImageObject\",\"inLanguage\":\"nl\",\"@id\":\"https:\/\/www.creilsudoise-tourisme.fr\/#\/schema\/person\/image\/\",\"url\":\"https:\/\/secure.gravatar.com\/avatar\/c49bb61337bf4556cafdbcb92c18618d?s=96&d=mm&r=g\",\"contentUrl\":\"https:\/\/secure.gravatar.com\/avatar\/c49bb61337bf4556cafdbcb92c18618d?s=96&d=mm&r=g\",\"caption\":\"fdubut\"},\"url\":\"https:\/\/www.creilsudoise-tourisme.fr\/nl\/auteur\/fdubut\/\"}]}<\/script>\n<!-- \/ Yoast SEO plugin. -->","yoast_head_json":{"title":"Les jours de march\u00e9 \u00e0 Creil Sud Oise","description":"D\u00e9couvrez les jours de march\u00e9s pour les villes de l'Agglom\u00e9ration Creil Sud Oise, pr\u00e8s de Chantilly et Senlis !","robots":{"index":"index","follow":"follow","max-snippet":"max-snippet:-1","max-image-preview":"max-image-preview:large","max-video-preview":"max-video-preview:-1"},"canonical":"https:\/\/www.creilsudoise-tourisme.fr\/nl\/2022\/06\/17\/wekelijkse-wandeling\/","og_locale":"nl_NL","og_type":"article","og_title":"Les jours de march\u00e9 \u00e0 Creil Sud Oise","og_description":"D\u00e9couvrez les jours de march\u00e9s pour les villes de l'Agglom\u00e9ration Creil Sud Oise, pr\u00e8s de Chantilly et Senlis !","og_url":"https:\/\/www.creilsudoise-tourisme.fr\/nl\/2022\/06\/17\/wekelijkse-wandeling\/","og_site_name":"Office de Tourisme Creil Sud Oise","article_publisher":"https:\/\/www.facebook.com\/creilsudoisetourisme\/","article_published_time":"2022-06-17T13:55:14+00:00","article_modified_time":"2025-02-21T09:17:57+00:00","og_image":[{"width":1480,"height":772,"url":"https:\/\/www.creilsudoise-tourisme.fr\/wp-content\/uploads\/2022\/06\/Marche.jpg","type":"image\/jpeg"}],"author":"fdubut","twitter_card":"summary_large_image","twitter_creator":"@CreilSudOiseOT","twitter_site":"@CreilSudOiseOT","twitter_misc":{"Geschreven door":"fdubut","Geschatte leestijd":"1 minuut"},"schema":{"@context":"https:\/\/schema.org","@graph":[{"@type":"Article","@id":"https:\/\/www.creilsudoise-tourisme.fr\/2022\/06\/17\/marche-hebdomadaire\/#article","isPartOf":{"@id":"https:\/\/www.creilsudoise-tourisme.fr\/2022\/06\/17\/marche-hebdomadaire\/"},"author":{"name":"fdubut","@id":"https:\/\/www.creilsudoise-tourisme.fr\/#\/schema\/person\/c5140d47645b13bee896bfe05f1bd5da"},"headline":"O\u00f9 faire son march\u00e9 ?","datePublished":"2022-06-17T13:55:14+00:00","dateModified":"2025-02-21T09:17:57+00:00","mainEntityOfPage":{"@id":"https:\/\/www.creilsudoise-tourisme.fr\/2022\/06\/17\/marche-hebdomadaire\/"},"wordCount":22,"commentCount":0,"publisher":{"@id":"https:\/\/www.creilsudoise-tourisme.fr\/#organization"},"articleSection":["Actus"],"inLanguage":"nl","potentialAction":[{"@type":"CommentAction","name":"Comment","target":["https:\/\/www.creilsudoise-tourisme.fr\/2022\/06\/17\/marche-hebdomadaire\/#respond"]}]},{"@type":"WebPage","@id":"https:\/\/www.creilsudoise-tourisme.fr\/2022\/06\/17\/marche-hebdomadaire\/","url":"https:\/\/www.creilsudoise-tourisme.fr\/2022\/06\/17\/marche-hebdomadaire\/","name":"Les jours de march\u00e9 \u00e0 Creil Sud Oise","isPartOf":{"@id":"https:\/\/www.creilsudoise-tourisme.fr\/#website"},"datePublished":"2022-06-17T13:55:14+00:00","dateModified":"2025-02-21T09:17:57+00:00","description":"D\u00e9couvrez les jours de march\u00e9s pour les villes de l'Agglom\u00e9ration Creil Sud Oise, pr\u00e8s de Chantilly et Senlis !","breadcrumb":{"@id":"https:\/\/www.creilsudoise-tourisme.fr\/2022\/06\/17\/marche-hebdomadaire\/#breadcrumb"},"inLanguage":"nl","potentialAction":[{"@type":"ReadAction","target":["https:\/\/www.creilsudoise-tourisme.fr\/2022\/06\/17\/marche-hebdomadaire\/"]}]},{"@type":"BreadcrumbList","@id":"https:\/\/www.creilsudoise-tourisme.fr\/2022\/06\/17\/marche-hebdomadaire\/#breadcrumb","itemListElement":[{"@type":"ListItem","position":1,"name":"Accueil","item":"https:\/\/www.creilsudoise-tourisme.fr\/"},{"@type":"ListItem","position":2,"name":"O\u00f9 faire son march\u00e9 ?"}]},{"@type":"WebSite","@id":"https:\/\/www.creilsudoise-tourisme.fr\/#website","url":"https:\/\/www.creilsudoise-tourisme.fr\/","name":"Office de Tourisme Creil Sud Oise","description":"Creil Sud Oise Tourisme, un territoire \u00e0 explorer !","publisher":{"@id":"https:\/\/www.creilsudoise-tourisme.fr\/#organization"},"potentialAction":[{"@type":"SearchAction","target":{"@type":"EntryPoint","urlTemplate":"https:\/\/www.creilsudoise-tourisme.fr\/?s={search_term_string}"},"query-input":"required name=search_term_string"}],"inLanguage":"nl"},{"@type":"Organization","@id":"https:\/\/www.creilsudoise-tourisme.fr\/#organization","name":"Creil Sud Oise Tourisme","url":"https:\/\/www.creilsudoise-tourisme.fr\/","logo":{"@type":"ImageObject","inLanguage":"nl","@id":"https:\/\/www.creilsudoise-tourisme.fr\/#\/schema\/logo\/image\/","url":"https:\/\/www.creilsudoise-tourisme.fr\/wp-content\/uploads\/2021\/05\/logo-svg.png","contentUrl":"https:\/\/www.creilsudoise-tourisme.fr\/wp-content\/uploads\/2021\/05\/logo-svg.png","width":182,"height":71,"caption":"Creil Sud Oise Tourisme"},"image":{"@id":"https:\/\/www.creilsudoise-tourisme.fr\/#\/schema\/logo\/image\/"},"sameAs":["https:\/\/www.facebook.com\/creilsudoisetourisme\/","https:\/\/twitter.com\/CreilSudOiseOT","https:\/\/www.instagram.com\/creilsudoisetourisme\/","https:\/\/www.youtube.com\/channel\/UC8L_QD2wwyADW14zt9fY8kw"]},{"@type":"Person","@id":"https:\/\/www.creilsudoise-tourisme.fr\/#\/schema\/person\/c5140d47645b13bee896bfe05f1bd5da","name":"fdubut","image":{"@type":"ImageObject","inLanguage":"nl","@id":"https:\/\/www.creilsudoise-tourisme.fr\/#\/schema\/person\/image\/","url":"https:\/\/secure.gravatar.com\/avatar\/c49bb61337bf4556cafdbcb92c18618d?s=96&d=mm&r=g","contentUrl":"https:\/\/secure.gravatar.com\/avatar\/c49bb61337bf4556cafdbcb92c18618d?s=96&d=mm&r=g","caption":"fdubut"},"url":"https:\/\/www.creilsudoise-tourisme.fr\/nl\/auteur\/fdubut\/"}]}},"_links":{"self":[{"href":"https:\/\/www.creilsudoise-tourisme.fr\/nl\/wp-json\/wp\/v2\/posts\/41664"}],"collection":[{"href":"https:\/\/www.creilsudoise-tourisme.fr\/nl\/wp-json\/wp\/v2\/posts"}],"about":[{"href":"https:\/\/www.creilsudoise-tourisme.fr\/nl\/wp-json\/wp\/v2\/types\/post"}],"author":[{"embeddable":true,"href":"https:\/\/www.creilsudoise-tourisme.fr\/nl\/wp-json\/wp\/v2\/users\/3"}],"replies":[{"embeddable":true,"href":"https:\/\/www.creilsudoise-tourisme.fr\/nl\/wp-json\/wp\/v2\/comments?post=41664"}],"version-history":[{"count":16,"href":"https:\/\/www.creilsudoise-tourisme.fr\/nl\/wp-json\/wp\/v2\/posts\/41664\/revisions"}],"predecessor-version":[{"id":60456,"href":"https:\/\/www.creilsudoise-tourisme.fr\/nl\/wp-json\/wp\/v2\/posts\/41664\/revisions\/60456"}],"wp:featuredmedia":[{"embeddable":true,"href":"https:\/\/www.creilsudoise-tourisme.fr\/nl\/wp-json\/wp\/v2\/media\/41671"}],"wp:attachment":[{"href":"https:\/\/www.creilsudoise-tourisme.fr\/nl\/wp-json\/wp\/v2\/media?parent=41664"}],"wp:term":[{"taxonomy":"category","embeddable":true,"href":"https:\/\/www.creilsudoise-tourisme.fr\/nl\/wp-json\/wp\/v2\/categories?post=41664"},{"taxonomy":"post_tag","embeddable":true,"href":"https:\/\/www.creilsudoise-tourisme.fr\/nl\/wp-json\/wp\/v2\/tags?post=41664"}],"curies":[{"name":"wp","href":"https:\/\/api.w.org\/{rel}","templated":true}]}}