{"id":39613,"date":"2022-01-24T16:09:37","date_gmt":"2022-01-24T15:09:37","guid":{"rendered":"https:\/\/www.creilsudoise-tourisme.fr\/?p=39613"},"modified":"2026-04-22T16:30:00","modified_gmt":"2026-04-22T14:30:00","slug":"randonnee","status":"publish","type":"post","link":"https:\/\/www.creilsudoise-tourisme.fr\/nl\/2022\/01\/24\/wandeling\/","title":{"rendered":"Wandelclub programma's"},"content":{"rendered":"<p class=\"is-style-excerpt\">Je houdt van <strong>wandelen of fietsen<\/strong> en u wilt <strong>oefenen met een club<\/strong> ? Ontdek de <strong>4 wandel- en fietsclubs<\/strong> van de Agglom\u00e9ration Creil Sud Oise en<strong> hun programmering!<\/strong><\/p>\n\n\n<div data-related-sit=\"1\" data-block-type=\"related-sit-gt\" data-block-id=\"wpet-sit-2q0332pqb0o\"><div class=\"wp-block wp-block-related-post wp-block-related-list-sit alignfull\">\n    \n    <div class=\"container\">\n\n                    <h2 class=\"wp-block-related-post-title\">Komende wandelingen<\/h2>\n        \n                    <div id=\"wpiris-related-post-140\" data-id=\"wpiris-entity-slider\">\n                <div class=\"wp-block-related-post-list wp-block-related-post-list--3\" data-id=\"wpiris-entity-slider-wrapper\">\n\n                    \n<div class=\"entityItem\" data-trigger=\"wpiris-click\" data-id=\"wpiris-entity-slider-item\">\n    <p class=\"entityItemThumbnail\">\n        <a href=\"https:\/\/www.creilsudoise-tourisme.fr\/nl\/agenda-animations\/wandel-de-60kms-van-loise-wandelen\/\" nofancybox>\n            <img data-src=\"https:\/\/www.creilsudoise-tourisme.fr\/wp-content\/uploads\/wpetourisme\/Affiche-Les-60-km-marche-Rando-Sud-Oise-27-28-juin-2026-2-275x350.jpg\" alt=\"Wandelen | De 60 km lange wandeling in de Oise\">\n        <\/a>\n    <\/p>\n    <div class=\"entityItemContent\">\n        <h2 class=\"entityItemContentTitle\">\n            <a href=\"https:\/\/www.creilsudoise-tourisme.fr\/nl\/agenda-animations\/wandel-de-60kms-van-loise-wandelen\/\">Wandelen | De 60 km lange wandeling in de Oise<\/a>\n        <\/h2>\n                    <p class=\"entityItemContentType\">Festivals en evenementen<\/p>\n            <\/div>\n    <a href=\"https:\/\/www.creilsudoise-tourisme.fr\/nl\/agenda-animations\/wandel-de-60kms-van-loise-wandelen\/\" class=\"seeMore\"><span class=\"sr-only\">Meer zien<\/span><\/a>\n<\/div>\n\n<div class=\"entityItem\" data-trigger=\"wpiris-click\" data-id=\"wpiris-entity-slider-item\">\n    <p class=\"entityItemThumbnail\">\n        <a href=\"https:\/\/www.creilsudoise-tourisme.fr\/nl\/agenda-animations\/les-relais-de-lacso\/\" nofancybox>\n            <img data-src=\"https:\/\/www.creilsudoise-tourisme.fr\/wp-content\/uploads\/wpetourisme\/relais-de-l-ACSO-2026-700x700px-275x350.jpg\" alt=\"De ACSO Estafettes\">\n        <\/a>\n    <\/p>\n    <div class=\"entityItemContent\">\n        <h2 class=\"entityItemContentTitle\">\n            <a href=\"https:\/\/www.creilsudoise-tourisme.fr\/nl\/agenda-animations\/les-relais-de-lacso\/\">De ACSO Estafettes<\/a>\n        <\/h2>\n                    <p class=\"entityItemContentType\">Festivals en evenementen<\/p>\n            <\/div>\n    <a href=\"https:\/\/www.creilsudoise-tourisme.fr\/nl\/agenda-animations\/les-relais-de-lacso\/\" class=\"seeMore\"><span class=\"sr-only\">Meer zien<\/span><\/a>\n<\/div>\n\n<div class=\"entityItem\" data-trigger=\"wpiris-click\" data-id=\"wpiris-entity-slider-item\">\n    <p class=\"entityItemThumbnail\">\n        <a href=\"https:\/\/www.creilsudoise-tourisme.fr\/nl\/agenda-animations\/60-kms-de-marche-de-loise-10e-editie\/\" nofancybox>\n            <img data-src=\"https:\/\/www.creilsudoise-tourisme.fr\/wp-content\/uploads\/wpetourisme\/Affiche-Les-60-km-marche-Rando-Sud-Oise-27-28-juin-2026-275x350.jpg\" alt=\"LES 60 KMS DE MARCHE DE L&#039;OISE 10e EDE\">\n        <\/a>\n    <\/p>\n    <div class=\"entityItemContent\">\n        <h2 class=\"entityItemContentTitle\">\n            <a href=\"https:\/\/www.creilsudoise-tourisme.fr\/nl\/agenda-animations\/60-kms-de-marche-de-loise-10e-editie\/\">LES 60 KMS DE MARCHE DE L'OISE 10e EDE<\/a>\n        <\/h2>\n                    <p class=\"entityItemContentType\">Festivals en evenementen<\/p>\n            <\/div>\n    <a href=\"https:\/\/www.creilsudoise-tourisme.fr\/nl\/agenda-animations\/60-kms-de-marche-de-loise-10e-editie\/\" class=\"seeMore\"><span class=\"sr-only\">Meer zien<\/span><\/a>\n<\/div>\n                <\/div>\n\n                            <\/div>\n            <\/div>\n<\/div><\/div>\n\n\n<h2>Club wandelen<\/h2>\n\n\n\n<h3>Association \u00ab\u00a0Rando Sud Oise\u00a0\u00bb<\/h3>\n\n\n\n<h4>Loop<\/h4>\n\n\n\n<p>L'<strong><a href=\"https:\/\/www.arn-nogentsuroise.com\/\" target=\"_blank\" rel=\"noreferrer noopener\">Association Rando Sud Oise<\/a><\/strong> propose des randonn\u00e9es les <strong>Woensdag <\/strong>en <strong>Zondag <\/strong>ochtenden <strong>van Nogent-sur-Oise<\/strong>en de <strong>Donderdag <\/strong>middag <strong>uit Villers-Saint-Paul<\/strong>het hele jaar door. <\/p>\n\n\n\n<p>En plus de ces rendez-vous hebdomadaires, l&rsquo;association organise \u00e9galement des <strong>sportwandelingen, nordic walking, duurwandelingen, gezondheidswandelingen (minder dan 6 km)<\/strong>en neemt deel aan grote evenementen in andere gebieden. <\/p>\n\n\n\n<div class=\"is-horizontal is-content-justification-center is-layout-flex wp-container-1 wp-block-buttons\">\n<div class=\"wp-block-button\"><a class=\"wp-block-button__link wp-element-button\" href=\"https:\/\/www.arn-nogentsuroise.com\/programme\/\" target=\"_blank\" rel=\"noreferrer noopener\">programma<\/a><\/div>\n<\/div>\n\n\n\n<div class=\"is-layout-flex wp-container-5 wp-block-columns\">\n<div class=\"is-layout-flow wp-block-column is-vertically-aligned-center\" style=\"flex-basis:33.33%\">\n<figure class=\"wp-block-image size-large\"><img decoding=\"async\" loading=\"lazy\" width=\"350\" height=\"351\" data-src=\"https:\/\/www.creilsudoise-tourisme.fr\/wp-content\/uploads\/2022\/01\/ARNV.jpg\" alt=\"\" class=\"wp-image-39617\" data-srcset=\"https:\/\/www.creilsudoise-tourisme.fr\/wp-content\/uploads\/2022\/01\/ARNV.jpg 350w, https:\/\/www.creilsudoise-tourisme.fr\/wp-content\/uploads\/2022\/01\/ARNV-300x300.jpg 300w, https:\/\/www.creilsudoise-tourisme.fr\/wp-content\/uploads\/2022\/01\/ARNV-200x201.jpg 200w\" sizes=\"(max-width: 350px) 100vw, 350px\" \/><\/figure>\n<\/div>\n\n\n\n<div class=\"is-layout-flow wp-block-column is-vertically-aligned-center\" style=\"flex-basis:66.66%\"><div class=\"wp-block wp-block-highlight\">\n            <h3 class=\"wp-block-highlight-item wp-block-highlight-title\">Contactgegevens<\/h3>\n                <p class=\"wp-block-highlight-item wp-block-highlight-excerpt\"><strong>Association Rando<\/strong> <strong>Sud Oise<\/strong><br>06 51 80 45 24<br><a href=\"https:\/\/www.arn-nogentsuroise.com\/\" target=\"_blank\" rel=\"noreferrer noopener\">Website<\/a><\/p>\n    <\/div>\n\n\n<div class=\"is-layout-flex wp-block-buttons\">\n<div class=\"wp-block-button\"><a class=\"wp-block-button__link wp-element-button\" href=\"mailto:a&#114;&#110;&#118;&#46;r&#97;n&#100;o&#64;&#103;m&#97;il.&#99;&#111;&#109;\" target=\"_blank\" rel=\"noreferrer noopener\">Contact per post<\/a><\/div>\n<\/div>\n<\/div>\n<\/div>\n\n\n\n<hr class=\"wp-block-separator has-css-opacity\"\/>\n\n\n\n<h3>Association V\u00e9looise<\/h3>\n\n\n\n<h4>Fiets<\/h4>\n\n\n\n<p>L'<strong><a href=\"https:\/\/www.velooise.fr\/\" target=\"_blank\" rel=\"noreferrer noopener\">Association V\u00e9looise <\/a><\/strong> biedt<strong> verschillende wekelijkse vergaderingen<\/strong> voor groepsfietsreizen vanuit haar vestigingen in <strong>Senlis, Chantilly, Compi\u00e8gne en Pont-Sainte-Maxence.<\/strong>. Bekijk het programma om uw volgende fietstocht te vinden!<\/p>\n\n\n\n<div class=\"is-horizontal is-content-justification-center is-layout-flex wp-container-6 wp-block-buttons\">\n<div class=\"wp-block-button\"><a class=\"wp-block-button__link wp-element-button\" href=\"https:\/\/www.velooise.fr\/event-directory\/\" target=\"_blank\" rel=\"noreferrer noopener\">programma<\/a><\/div>\n<\/div>\n\n\n\n<p>De vereniging geeft ook waardevol advies over het onderhouden of repareren van een fiets via haar zelfreparatieworkshops (zie het programma).<\/p>\n\n\n\n<h4>Relais V\u00e9lo, een fietsverhuurdienst<\/h4>\n\n\n\n<p>Wist je dat? Het is nu mogelijk om <strong>om een elektrische fiets te huren in Creil<\/strong> ! Deze aanbieding is <strong>r\u00e9serv\u00e9e aux habitants ou aux personnes qui travaillent dans l&rsquo;Agglom\u00e9ration Creil Sud Oise <\/strong>en biedt huurcontracten aan voor <strong>Lange termijn van 1 maand tot 1 jaar<\/strong> !<\/p>\n\n\n\n<div class=\"is-horizontal is-content-justification-center is-layout-flex wp-container-7 wp-block-buttons\">\n<div class=\"wp-block-button\"><a class=\"wp-block-button__link wp-element-button\" href=\"https:\/\/www.velooise.fr\/relais-velo-axo\/\" target=\"_blank\" rel=\"noreferrer noopener\">Ontdek Axo v\u00e9lo!<\/a><\/div>\n<\/div>\n\n\n\n<div class=\"is-layout-flex wp-container-11 wp-block-columns\">\n<div class=\"is-layout-flow wp-block-column is-vertically-aligned-center\" style=\"flex-basis:33.33%\">\n<figure class=\"wp-block-image size-large\"><img decoding=\"async\" loading=\"lazy\" width=\"1200\" height=\"714\" data-src=\"https:\/\/www.creilsudoise-tourisme.fr\/wp-content\/uploads\/2022\/01\/VelOOise-logoRVB-copy-1-1200x714.jpg\" alt=\"\" class=\"wp-image-68832\" data-srcset=\"https:\/\/www.creilsudoise-tourisme.fr\/wp-content\/uploads\/2022\/01\/VelOOise-logoRVB-copy-1-1200x714.jpg 1200w, https:\/\/www.creilsudoise-tourisme.fr\/wp-content\/uploads\/2022\/01\/VelOOise-logoRVB-copy-1-600x357.jpg 600w, https:\/\/www.creilsudoise-tourisme.fr\/wp-content\/uploads\/2022\/01\/VelOOise-logoRVB-copy-1-900x536.jpg 900w, https:\/\/www.creilsudoise-tourisme.fr\/wp-content\/uploads\/2022\/01\/VelOOise-logoRVB-copy-1-1536x914.jpg 1536w, https:\/\/www.creilsudoise-tourisme.fr\/wp-content\/uploads\/2022\/01\/VelOOise-logoRVB-copy-1-18x12.jpg 18w, https:\/\/www.creilsudoise-tourisme.fr\/wp-content\/uploads\/2022\/01\/VelOOise-logoRVB-copy-1-200x119.jpg 200w, https:\/\/www.creilsudoise-tourisme.fr\/wp-content\/uploads\/2022\/01\/VelOOise-logoRVB-copy-1-650x387.jpg 650w, https:\/\/www.creilsudoise-tourisme.fr\/wp-content\/uploads\/2022\/01\/VelOOise-logoRVB-copy-1-387x230.jpg 387w, https:\/\/www.creilsudoise-tourisme.fr\/wp-content\/uploads\/2022\/01\/VelOOise-logoRVB-copy-1.jpg 1920w\" sizes=\"(max-width: 1200px) 100vw, 1200px\" \/><\/figure>\n<\/div>\n\n\n\n<div class=\"is-layout-flow wp-block-column is-vertically-aligned-center\" style=\"flex-basis:66.66%\"><div class=\"wp-block wp-block-highlight\">\n            <h3 class=\"wp-block-highlight-item wp-block-highlight-title\">Contactgegevens<\/h3>\n                <p class=\"wp-block-highlight-item wp-block-highlight-excerpt\"><strong>V\u00e9looise <\/strong><br>03 44 60 11 63 \/ &#105;&#110;f&#111;&#64;v&#101;l&#111;&#111;&#105;&#115;e.fr<br><a href=\"https:\/\/www.au5v.fr\/\" target=\"_blank\" rel=\"noreferrer noopener\">Website<\/a><\/p>\n    <\/div>\n\n\n<div class=\"is-layout-flex wp-block-buttons\">\n<div class=\"wp-block-button\"><a class=\"wp-block-button__link wp-element-button\" href=\"mailto:&#105;&#110;fo&#64;&#118;el&#111;&#111;is&#101;.&#102;r\">Contact per post<\/a><\/div>\n<\/div>\n<\/div>\n<\/div>\n\n\n\n<hr class=\"wp-block-separator has-css-opacity\"\/>\n\n\n\n<h3>Club de cyclotourisme de Villers-Saint-Paul (CCVSP)<\/h3>\n\n\n\n<h4>Fiets<\/h4>\n\n\n\n<p>De <strong><a href=\"https:\/\/www.ccvsp.fr\/\" target=\"_blank\" rel=\"noreferrer noopener\">Villers-Saint-Paul fietsclub<\/a><\/strong> (CCSVP) biedt fietstochten aan<strong> elke zondag en feestdag<\/strong> uit Villers-Saint-Paul.<\/p>\n\n\n\n<p>Naast deze maandelijkse bijeenkomsten biedt zij ook <strong>eenmalige uitjes voor leden <\/strong>(deze uitjes worden per e-mail naar ge\u00efnteresseerden gestuurd, dus schrijf je in op hun mailinglijst!)<\/p>\n\n\n\n<div class=\"is-horizontal is-content-justification-center is-layout-flex wp-container-12 wp-block-buttons\">\n<div class=\"wp-block-button\"><a class=\"wp-block-button__link wp-element-button\" href=\"https:\/\/www.ccvsp.fr\/programmes\/\" target=\"_blank\" rel=\"noreferrer noopener\">programma<\/a><\/div>\n<\/div>\n\n\n\n<div class=\"is-layout-flex wp-container-16 wp-block-columns\">\n<div class=\"is-layout-flow wp-block-column\" style=\"flex-basis:33.33%\">\n<figure class=\"wp-block-image size-large\"><img decoding=\"async\" loading=\"lazy\" width=\"958\" height=\"1200\" data-src=\"https:\/\/www.creilsudoise-tourisme.fr\/wp-content\/uploads\/wpetourisme\/velo-6-958x1200.jpg\" alt=\"\" class=\"wp-image-569\" data-srcset=\"https:\/\/www.creilsudoise-tourisme.fr\/wp-content\/uploads\/wpetourisme\/velo-6-958x1200.jpg 958w, https:\/\/www.creilsudoise-tourisme.fr\/wp-content\/uploads\/wpetourisme\/velo-6-479x600.jpg 479w, https:\/\/www.creilsudoise-tourisme.fr\/wp-content\/uploads\/wpetourisme\/velo-6-719x900.jpg 719w, https:\/\/www.creilsudoise-tourisme.fr\/wp-content\/uploads\/wpetourisme\/velo-6-200x250.jpg 200w, https:\/\/www.creilsudoise-tourisme.fr\/wp-content\/uploads\/wpetourisme\/velo-6-650x814.jpg 650w, https:\/\/www.creilsudoise-tourisme.fr\/wp-content\/uploads\/wpetourisme\/velo-6-387x485.jpg 387w, https:\/\/www.creilsudoise-tourisme.fr\/wp-content\/uploads\/wpetourisme\/velo-6.jpg 1198w\" sizes=\"(max-width: 958px) 100vw, 958px\" \/><\/figure>\n<\/div>\n\n\n\n<div class=\"is-layout-flow wp-block-column is-vertically-aligned-center\" style=\"flex-basis:66.66%\"><div class=\"wp-block wp-block-highlight\">\n            <h3 class=\"wp-block-highlight-item wp-block-highlight-title\">Contactgegevens<\/h3>\n                <p class=\"wp-block-highlight-item wp-block-highlight-excerpt\"><strong>Villers-Saint-Paul fietsclub <\/strong>(CCVSP)<br><a href=\"https:\/\/www.ccvsp.fr\/\" target=\"_blank\" rel=\"noreferrer noopener\">Website<\/a><\/p>\n    <\/div>\n\n\n<div class=\"is-layout-flex wp-block-buttons\">\n<div class=\"wp-block-button\"><a class=\"wp-block-button__link wp-element-button\" href=\"mailto:&#99;cv&#115;&#112;mail&#64;&#111;&#114;a&#110;g&#101;&#46;&#102;&#114;\" target=\"_blank\" rel=\"noreferrer noopener\">Contact per post<\/a><\/div>\n<\/div>\n<\/div>\n<\/div>\n\n\n\n<h2>Zelf begeleide wandelingen<\/h2>\n\n\n\n<p><strong>Wandel je liever in je eigen tempo? <\/strong>Ontdek de wandelroutes in Creil Sud Oise! <\/p>\n\n\n\n<p>U kunt ook <strong>een papieren versie bestellen<\/strong> door een bezoek te brengen aan de <a href=\"https:\/\/www.creilsudoise-tourisme.fr\/nl\/praktijk\/brochures\/\" target=\"_blank\" rel=\"noreferrer noopener\">rechterpagina<\/a> !<\/p>\n\n\n\n<div class=\"is-content-justification-center is-layout-flex wp-container-17 wp-block-buttons\">\n<div class=\"wp-block-button\"><a class=\"wp-block-button__link wp-element-button\" href=\"https:\/\/www.creilsudoise-tourisme.fr\/nl\/jexplore\/must-haves\/wandelen\/\" target=\"_blank\" rel=\"noreferrer noopener\">Wandelroutes<\/a><\/div>\n<\/div>\n\n\n\n<hr class=\"wp-block-separator has-css-opacity\"\/>","protected":false},"excerpt":{"rendered":"<p>Vous aimez marcher ou faire du v\u00e9lo et vous souhaitez pratiquer avec un club ? D\u00e9couvrez les 4 clubs de randonn\u00e9e et de cyclotourisme de l&rsquo;Agglom\u00e9ration Creil Sud Oise et leur programmation ! Randonner en club Association \u00ab\u00a0Rando Sud Oise\u00a0\u00bb Marche L&rsquo;Association Rando Sud Oise propose des randonn\u00e9es les mercredis et dimanches matins au d\u00e9part [&hellip;]<\/p>","protected":false},"author":3,"featured_media":33799,"comment_status":"closed","ping_status":"open","sticky":false,"template":"","format":"standard","meta":{"_relevanssi_hide_post":"","_relevanssi_hide_content":"","_relevanssi_pin_for_all":"","_relevanssi_pin_keywords":"","_relevanssi_unpin_keywords":"","_relevanssi_related_keywords":"","_relevanssi_related_include_ids":"","_relevanssi_related_exclude_ids":"","_relevanssi_related_no_append":"","_relevanssi_related_not_related":"","_relevanssi_related_posts":"39126,37920,37317,39048,36690,38705","_relevanssi_noindex_reason":""},"categories":[5],"tags":[],"yoast_head":"<!-- This site is optimized with the Yoast SEO plugin v20.2.1 - https:\/\/yoast.com\/wordpress\/plugins\/seo\/ -->\n<title>Marchez et roulez \u00e0 Creil Sud Oise ! Programmation des clubs<\/title>\n<meta name=\"description\" content=\"D\u00e9couvrez les 4 clubs de randonn\u00e9es \u00e0 pieds et \u00e0 v\u00e9lo bas\u00e9s dans l&#039;Agglom\u00e9ration Creil Sud Oise et consultez leurs programmations.\" \/>\n<meta name=\"robots\" content=\"index, follow, max-snippet:-1, max-image-preview:large, max-video-preview:-1\" \/>\n<link rel=\"canonical\" href=\"https:\/\/www.creilsudoise-tourisme.fr\/nl\/2022\/01\/24\/wandeling\/\" \/>\n<meta property=\"og:locale\" content=\"nl_NL\" \/>\n<meta property=\"og:type\" content=\"article\" \/>\n<meta property=\"og:title\" content=\"Marchez et roulez \u00e0 Creil Sud Oise ! Programmation des clubs\" \/>\n<meta property=\"og:description\" content=\"D\u00e9couvrez les 4 clubs de randonn\u00e9es \u00e0 pieds et \u00e0 v\u00e9lo bas\u00e9s dans l&#039;Agglom\u00e9ration Creil Sud Oise et consultez leurs programmations.\" \/>\n<meta property=\"og:url\" content=\"https:\/\/www.creilsudoise-tourisme.fr\/nl\/2022\/01\/24\/wandeling\/\" \/>\n<meta property=\"og:site_name\" content=\"Office de Tourisme Creil Sud Oise\" \/>\n<meta property=\"article:publisher\" content=\"https:\/\/www.facebook.com\/creilsudoisetourisme\/\" \/>\n<meta property=\"article:published_time\" content=\"2022-01-24T15:09:37+00:00\" \/>\n<meta property=\"article:modified_time\" content=\"2026-04-22T14:30:00+00:00\" \/>\n<meta property=\"og:image\" content=\"https:\/\/www.creilsudoise-tourisme.fr\/wp-content\/uploads\/2021\/04\/Randonne\u0301e-au-bord-de-l_eau-a\u0300-Creil-Sud-Oise.jpg\" \/>\n\t<meta property=\"og:image:width\" content=\"1919\" \/>\n\t<meta property=\"og:image:height\" content=\"1000\" \/>\n\t<meta property=\"og:image:type\" content=\"image\/jpeg\" \/>\n<meta name=\"author\" content=\"fdubut\" \/>\n<meta name=\"twitter:card\" content=\"summary_large_image\" \/>\n<meta name=\"twitter:creator\" content=\"@CreilSudOiseOT\" \/>\n<meta name=\"twitter:site\" content=\"@CreilSudOiseOT\" \/>\n<meta name=\"twitter:label1\" content=\"Geschreven door\" \/>\n\t<meta name=\"twitter:data1\" content=\"fdubut\" \/>\n\t<meta name=\"twitter:label2\" content=\"Geschatte leestijd\" \/>\n\t<meta name=\"twitter:data2\" content=\"3 minuten\" \/>\n<script type=\"application\/ld+json\" class=\"yoast-schema-graph\">{\"@context\":\"https:\/\/schema.org\",\"@graph\":[{\"@type\":\"Article\",\"@id\":\"https:\/\/www.creilsudoise-tourisme.fr\/2022\/01\/24\/randonnee\/#article\",\"isPartOf\":{\"@id\":\"https:\/\/www.creilsudoise-tourisme.fr\/2022\/01\/24\/randonnee\/\"},\"author\":{\"name\":\"fdubut\",\"@id\":\"https:\/\/www.creilsudoise-tourisme.fr\/#\/schema\/person\/c5140d47645b13bee896bfe05f1bd5da\"},\"headline\":\"Programmations des clubs de randonn\u00e9e\",\"datePublished\":\"2022-01-24T15:09:37+00:00\",\"dateModified\":\"2026-04-22T14:30:00+00:00\",\"mainEntityOfPage\":{\"@id\":\"https:\/\/www.creilsudoise-tourisme.fr\/2022\/01\/24\/randonnee\/\"},\"wordCount\":354,\"publisher\":{\"@id\":\"https:\/\/www.creilsudoise-tourisme.fr\/#organization\"},\"articleSection\":[\"Actus\"],\"inLanguage\":\"nl\"},{\"@type\":\"WebPage\",\"@id\":\"https:\/\/www.creilsudoise-tourisme.fr\/2022\/01\/24\/randonnee\/\",\"url\":\"https:\/\/www.creilsudoise-tourisme.fr\/2022\/01\/24\/randonnee\/\",\"name\":\"Marchez et roulez \u00e0 Creil Sud Oise ! Programmation des clubs\",\"isPartOf\":{\"@id\":\"https:\/\/www.creilsudoise-tourisme.fr\/#website\"},\"datePublished\":\"2022-01-24T15:09:37+00:00\",\"dateModified\":\"2026-04-22T14:30:00+00:00\",\"description\":\"D\u00e9couvrez les 4 clubs de randonn\u00e9es \u00e0 pieds et \u00e0 v\u00e9lo bas\u00e9s dans l'Agglom\u00e9ration Creil Sud Oise et consultez leurs programmations.\",\"breadcrumb\":{\"@id\":\"https:\/\/www.creilsudoise-tourisme.fr\/2022\/01\/24\/randonnee\/#breadcrumb\"},\"inLanguage\":\"nl\",\"potentialAction\":[{\"@type\":\"ReadAction\",\"target\":[\"https:\/\/www.creilsudoise-tourisme.fr\/2022\/01\/24\/randonnee\/\"]}]},{\"@type\":\"BreadcrumbList\",\"@id\":\"https:\/\/www.creilsudoise-tourisme.fr\/2022\/01\/24\/randonnee\/#breadcrumb\",\"itemListElement\":[{\"@type\":\"ListItem\",\"position\":1,\"name\":\"Accueil\",\"item\":\"https:\/\/www.creilsudoise-tourisme.fr\/\"},{\"@type\":\"ListItem\",\"position\":2,\"name\":\"Programmations des clubs de randonn\u00e9e\"}]},{\"@type\":\"WebSite\",\"@id\":\"https:\/\/www.creilsudoise-tourisme.fr\/#website\",\"url\":\"https:\/\/www.creilsudoise-tourisme.fr\/\",\"name\":\"Office de Tourisme Creil Sud Oise\",\"description\":\"Creil Sud Oise Tourisme, un territoire \u00e0 explorer !\",\"publisher\":{\"@id\":\"https:\/\/www.creilsudoise-tourisme.fr\/#organization\"},\"potentialAction\":[{\"@type\":\"SearchAction\",\"target\":{\"@type\":\"EntryPoint\",\"urlTemplate\":\"https:\/\/www.creilsudoise-tourisme.fr\/?s={search_term_string}\"},\"query-input\":\"required name=search_term_string\"}],\"inLanguage\":\"nl\"},{\"@type\":\"Organization\",\"@id\":\"https:\/\/www.creilsudoise-tourisme.fr\/#organization\",\"name\":\"Creil Sud Oise Tourisme\",\"url\":\"https:\/\/www.creilsudoise-tourisme.fr\/\",\"logo\":{\"@type\":\"ImageObject\",\"inLanguage\":\"nl\",\"@id\":\"https:\/\/www.creilsudoise-tourisme.fr\/#\/schema\/logo\/image\/\",\"url\":\"https:\/\/www.creilsudoise-tourisme.fr\/wp-content\/uploads\/2021\/05\/logo-svg.png\",\"contentUrl\":\"https:\/\/www.creilsudoise-tourisme.fr\/wp-content\/uploads\/2021\/05\/logo-svg.png\",\"width\":182,\"height\":71,\"caption\":\"Creil Sud Oise Tourisme\"},\"image\":{\"@id\":\"https:\/\/www.creilsudoise-tourisme.fr\/#\/schema\/logo\/image\/\"},\"sameAs\":[\"https:\/\/www.facebook.com\/creilsudoisetourisme\/\",\"https:\/\/twitter.com\/CreilSudOiseOT\",\"https:\/\/www.instagram.com\/creilsudoisetourisme\/\",\"https:\/\/www.youtube.com\/channel\/UC8L_QD2wwyADW14zt9fY8kw\"]},{\"@type\":\"Person\",\"@id\":\"https:\/\/www.creilsudoise-tourisme.fr\/#\/schema\/person\/c5140d47645b13bee896bfe05f1bd5da\",\"name\":\"fdubut\",\"image\":{\"@type\":\"ImageObject\",\"inLanguage\":\"nl\",\"@id\":\"https:\/\/www.creilsudoise-tourisme.fr\/#\/schema\/person\/image\/\",\"url\":\"https:\/\/secure.gravatar.com\/avatar\/c49bb61337bf4556cafdbcb92c18618d?s=96&d=mm&r=g\",\"contentUrl\":\"https:\/\/secure.gravatar.com\/avatar\/c49bb61337bf4556cafdbcb92c18618d?s=96&d=mm&r=g\",\"caption\":\"fdubut\"},\"url\":\"https:\/\/www.creilsudoise-tourisme.fr\/nl\/auteur\/fdubut\/\"}]}<\/script>\n<!-- \/ Yoast SEO plugin. -->","yoast_head_json":{"title":"Marchez et roulez \u00e0 Creil Sud Oise ! Programmation des clubs","description":"D\u00e9couvrez les 4 clubs de randonn\u00e9es \u00e0 pieds et \u00e0 v\u00e9lo bas\u00e9s dans l'Agglom\u00e9ration Creil Sud Oise et consultez leurs programmations.","robots":{"index":"index","follow":"follow","max-snippet":"max-snippet:-1","max-image-preview":"max-image-preview:large","max-video-preview":"max-video-preview:-1"},"canonical":"https:\/\/www.creilsudoise-tourisme.fr\/nl\/2022\/01\/24\/wandeling\/","og_locale":"nl_NL","og_type":"article","og_title":"Marchez et roulez \u00e0 Creil Sud Oise ! Programmation des clubs","og_description":"D\u00e9couvrez les 4 clubs de randonn\u00e9es \u00e0 pieds et \u00e0 v\u00e9lo bas\u00e9s dans l'Agglom\u00e9ration Creil Sud Oise et consultez leurs programmations.","og_url":"https:\/\/www.creilsudoise-tourisme.fr\/nl\/2022\/01\/24\/wandeling\/","og_site_name":"Office de Tourisme Creil Sud Oise","article_publisher":"https:\/\/www.facebook.com\/creilsudoisetourisme\/","article_published_time":"2022-01-24T15:09:37+00:00","article_modified_time":"2026-04-22T14:30:00+00:00","og_image":[{"width":1919,"height":1000,"url":"https:\/\/www.creilsudoise-tourisme.fr\/wp-content\/uploads\/2021\/04\/Randonne\u0301e-au-bord-de-l_eau-a\u0300-Creil-Sud-Oise.jpg","type":"image\/jpeg"}],"author":"fdubut","twitter_card":"summary_large_image","twitter_creator":"@CreilSudOiseOT","twitter_site":"@CreilSudOiseOT","twitter_misc":{"Geschreven door":"fdubut","Geschatte leestijd":"3 minuten"},"schema":{"@context":"https:\/\/schema.org","@graph":[{"@type":"Article","@id":"https:\/\/www.creilsudoise-tourisme.fr\/2022\/01\/24\/randonnee\/#article","isPartOf":{"@id":"https:\/\/www.creilsudoise-tourisme.fr\/2022\/01\/24\/randonnee\/"},"author":{"name":"fdubut","@id":"https:\/\/www.creilsudoise-tourisme.fr\/#\/schema\/person\/c5140d47645b13bee896bfe05f1bd5da"},"headline":"Programmations des clubs de randonn\u00e9e","datePublished":"2022-01-24T15:09:37+00:00","dateModified":"2026-04-22T14:30:00+00:00","mainEntityOfPage":{"@id":"https:\/\/www.creilsudoise-tourisme.fr\/2022\/01\/24\/randonnee\/"},"wordCount":354,"publisher":{"@id":"https:\/\/www.creilsudoise-tourisme.fr\/#organization"},"articleSection":["Actus"],"inLanguage":"nl"},{"@type":"WebPage","@id":"https:\/\/www.creilsudoise-tourisme.fr\/2022\/01\/24\/randonnee\/","url":"https:\/\/www.creilsudoise-tourisme.fr\/2022\/01\/24\/randonnee\/","name":"Marchez et roulez \u00e0 Creil Sud Oise ! Programmation des clubs","isPartOf":{"@id":"https:\/\/www.creilsudoise-tourisme.fr\/#website"},"datePublished":"2022-01-24T15:09:37+00:00","dateModified":"2026-04-22T14:30:00+00:00","description":"D\u00e9couvrez les 4 clubs de randonn\u00e9es \u00e0 pieds et \u00e0 v\u00e9lo bas\u00e9s dans l'Agglom\u00e9ration Creil Sud Oise et consultez leurs programmations.","breadcrumb":{"@id":"https:\/\/www.creilsudoise-tourisme.fr\/2022\/01\/24\/randonnee\/#breadcrumb"},"inLanguage":"nl","potentialAction":[{"@type":"ReadAction","target":["https:\/\/www.creilsudoise-tourisme.fr\/2022\/01\/24\/randonnee\/"]}]},{"@type":"BreadcrumbList","@id":"https:\/\/www.creilsudoise-tourisme.fr\/2022\/01\/24\/randonnee\/#breadcrumb","itemListElement":[{"@type":"ListItem","position":1,"name":"Accueil","item":"https:\/\/www.creilsudoise-tourisme.fr\/"},{"@type":"ListItem","position":2,"name":"Programmations des clubs de randonn\u00e9e"}]},{"@type":"WebSite","@id":"https:\/\/www.creilsudoise-tourisme.fr\/#website","url":"https:\/\/www.creilsudoise-tourisme.fr\/","name":"Office de Tourisme Creil Sud Oise","description":"Creil Sud Oise Tourisme, un territoire \u00e0 explorer !","publisher":{"@id":"https:\/\/www.creilsudoise-tourisme.fr\/#organization"},"potentialAction":[{"@type":"SearchAction","target":{"@type":"EntryPoint","urlTemplate":"https:\/\/www.creilsudoise-tourisme.fr\/?s={search_term_string}"},"query-input":"required name=search_term_string"}],"inLanguage":"nl"},{"@type":"Organization","@id":"https:\/\/www.creilsudoise-tourisme.fr\/#organization","name":"Creil Sud Oise Tourisme","url":"https:\/\/www.creilsudoise-tourisme.fr\/","logo":{"@type":"ImageObject","inLanguage":"nl","@id":"https:\/\/www.creilsudoise-tourisme.fr\/#\/schema\/logo\/image\/","url":"https:\/\/www.creilsudoise-tourisme.fr\/wp-content\/uploads\/2021\/05\/logo-svg.png","contentUrl":"https:\/\/www.creilsudoise-tourisme.fr\/wp-content\/uploads\/2021\/05\/logo-svg.png","width":182,"height":71,"caption":"Creil Sud Oise Tourisme"},"image":{"@id":"https:\/\/www.creilsudoise-tourisme.fr\/#\/schema\/logo\/image\/"},"sameAs":["https:\/\/www.facebook.com\/creilsudoisetourisme\/","https:\/\/twitter.com\/CreilSudOiseOT","https:\/\/www.instagram.com\/creilsudoisetourisme\/","https:\/\/www.youtube.com\/channel\/UC8L_QD2wwyADW14zt9fY8kw"]},{"@type":"Person","@id":"https:\/\/www.creilsudoise-tourisme.fr\/#\/schema\/person\/c5140d47645b13bee896bfe05f1bd5da","name":"fdubut","image":{"@type":"ImageObject","inLanguage":"nl","@id":"https:\/\/www.creilsudoise-tourisme.fr\/#\/schema\/person\/image\/","url":"https:\/\/secure.gravatar.com\/avatar\/c49bb61337bf4556cafdbcb92c18618d?s=96&d=mm&r=g","contentUrl":"https:\/\/secure.gravatar.com\/avatar\/c49bb61337bf4556cafdbcb92c18618d?s=96&d=mm&r=g","caption":"fdubut"},"url":"https:\/\/www.creilsudoise-tourisme.fr\/nl\/auteur\/fdubut\/"}]}},"_links":{"self":[{"href":"https:\/\/www.creilsudoise-tourisme.fr\/nl\/wp-json\/wp\/v2\/posts\/39613"}],"collection":[{"href":"https:\/\/www.creilsudoise-tourisme.fr\/nl\/wp-json\/wp\/v2\/posts"}],"about":[{"href":"https:\/\/www.creilsudoise-tourisme.fr\/nl\/wp-json\/wp\/v2\/types\/post"}],"author":[{"embeddable":true,"href":"https:\/\/www.creilsudoise-tourisme.fr\/nl\/wp-json\/wp\/v2\/users\/3"}],"replies":[{"embeddable":true,"href":"https:\/\/www.creilsudoise-tourisme.fr\/nl\/wp-json\/wp\/v2\/comments?post=39613"}],"version-history":[{"count":17,"href":"https:\/\/www.creilsudoise-tourisme.fr\/nl\/wp-json\/wp\/v2\/posts\/39613\/revisions"}],"predecessor-version":[{"id":68833,"href":"https:\/\/www.creilsudoise-tourisme.fr\/nl\/wp-json\/wp\/v2\/posts\/39613\/revisions\/68833"}],"wp:featuredmedia":[{"embeddable":true,"href":"https:\/\/www.creilsudoise-tourisme.fr\/nl\/wp-json\/wp\/v2\/media\/33799"}],"wp:attachment":[{"href":"https:\/\/www.creilsudoise-tourisme.fr\/nl\/wp-json\/wp\/v2\/media?parent=39613"}],"wp:term":[{"taxonomy":"category","embeddable":true,"href":"https:\/\/www.creilsudoise-tourisme.fr\/nl\/wp-json\/wp\/v2\/categories?post=39613"},{"taxonomy":"post_tag","embeddable":true,"href":"https:\/\/www.creilsudoise-tourisme.fr\/nl\/wp-json\/wp\/v2\/tags?post=39613"}],"curies":[{"name":"wp","href":"https:\/\/api.w.org\/{rel}","templated":true}]}}