{"id":38921,"date":"2021-11-30T11:18:06","date_gmt":"2021-11-30T10:18:06","guid":{"rendered":"https:\/\/www.creilsudoise-tourisme.fr\/?p=38921"},"modified":"2022-01-25T09:09:16","modified_gmt":"2022-01-25T08:09:16","slug":"saint-nicolas","status":"publish","type":"post","link":"https:\/\/www.creilsudoise-tourisme.fr\/nl\/2021\/11\/30\/saint-nicolas\/","title":{"rendered":"Saint-Nicolas, zeer aanwezig in Creil Sud Oise"},"content":{"rendered":"<p class=\"is-style-excerpt\">Sint-Nicolaas staat bekend om het belonen van goede kinderen, maar wist u dat hij ook de beschermheilige van de schippers was? Hij is goed vertegenwoordigd in Creil Sud Oise en wordt al heel lang gevierd in het zuiden van de Oise!<\/p>\n\n\n\n<h2>Sint Nicolaas, de beschermheilige van goede kinderen<\/h2>\n\n\n\n<p>6 december is Sinterklaasdag.<\/p>\n\n\n\n<p><strong>Bekend om het belonen van goed gedrag van kinderen met geschenken of traktaties.<\/strong>Hij wordt als kerstman in vele delen van de wereld gevierd, soms ook in Frankrijk, zoals in <strong>Lotharingen waarvan hij de beschermheilige is.<\/strong><\/p>\n\n\n\n<p>Maar aan Sint Nicolaas wordt ook een rol toegeschreven die misschien iets minder bekend is en toch een zeer sterke band heeft met ons grondgebied: <strong>hij is de beschermheilige van de schippers!<\/strong><\/p>\n\n\n\n<h2>Sint Nicolaas, de beschermheilige van de schippers<\/h2>\n\n\n\n<p>De<strong> tot de komst van de spoorwegen was de binnenvaart een sterk ontwikkelde activiteit<\/strong>en nauw verbonden met de <strong>wereld van steenhouwers<\/strong>. De <strong>vervoer van stenen <\/strong>van onze vele carri\u00e8res <strong>was via de rivier de Oise<\/strong>op boten die \"\u00a0<strong>Besognes\u00a0<\/strong>\".<\/p>\n\n\n\n<p>Deze <strong>stenen <\/strong>op deze manier vervoerd <strong>werden gebruikt bij de bouw van<\/strong> veel gebouwen in het gebied, <strong>maar ook in Parijs<\/strong>.<\/p>\n\n\n\n<h3>Een zeer aanwezige baas in Creil Sud Oise<\/h3>\n\n\n\n<p>Zo vinden we in onze kerken, gebouwd met de stenen van het grondgebied, <strong>talrijke verwijzingen naar Sinterklaas<\/strong>. <\/p>\n\n\n\n<div class=\"is-layout-flex wp-container-3 wp-block-columns\">\n<div class=\"is-layout-flow wp-block-column\" style=\"flex-basis:33.33%\">\n<p>Een voorbeeld is het gehucht Barisseuse, niet ver van <strong>Saint-Vaast-l\u00e8s-Mello<\/strong>waar er een <strong>kapel genaamd Notre-Dame-et-Saint-Nicolas<\/strong>.<\/p>\n<\/div>\n\n\n\n<div class=\"is-layout-flow wp-block-column\" style=\"flex-basis:66.66%\">\n<figure class=\"wp-block-image size-large\"><img decoding=\"async\" loading=\"lazy\" width=\"1200\" height=\"900\" data-src=\"https:\/\/www.creilsudoise-tourisme.fr\/wp-content\/uploads\/2021\/11\/Chapelle-de-Barisseuse-1200x900.jpg\" alt=\"\" class=\"wp-image-38923\" data-srcset=\"https:\/\/www.creilsudoise-tourisme.fr\/wp-content\/uploads\/2021\/11\/Chapelle-de-Barisseuse-1200x900.jpg 1200w, https:\/\/www.creilsudoise-tourisme.fr\/wp-content\/uploads\/2021\/11\/Chapelle-de-Barisseuse-600x450.jpg 600w, https:\/\/www.creilsudoise-tourisme.fr\/wp-content\/uploads\/2021\/11\/Chapelle-de-Barisseuse-900x675.jpg 900w, https:\/\/www.creilsudoise-tourisme.fr\/wp-content\/uploads\/2021\/11\/Chapelle-de-Barisseuse-1536x1152.jpg 1536w, https:\/\/www.creilsudoise-tourisme.fr\/wp-content\/uploads\/2021\/11\/Chapelle-de-Barisseuse-200x150.jpg 200w, https:\/\/www.creilsudoise-tourisme.fr\/wp-content\/uploads\/2021\/11\/Chapelle-de-Barisseuse-650x488.jpg 650w, https:\/\/www.creilsudoise-tourisme.fr\/wp-content\/uploads\/2021\/11\/Chapelle-de-Barisseuse-387x290.jpg 387w, https:\/\/www.creilsudoise-tourisme.fr\/wp-content\/uploads\/2021\/11\/Chapelle-de-Barisseuse.jpg 1824w\" sizes=\"(max-width: 1200px) 100vw, 1200px\" \/><\/figure>\n<\/div>\n<\/div>\n\n\n\n<div class=\"is-layout-flex wp-container-6 wp-block-columns\">\n<div class=\"is-layout-flow wp-block-column\" style=\"flex-basis:66.66%\">\n<figure class=\"wp-block-image size-large\"><img decoding=\"async\" loading=\"lazy\" width=\"1138\" height=\"1200\" data-src=\"https:\/\/www.creilsudoise-tourisme.fr\/wp-content\/uploads\/2021\/11\/Abbatiale-Saint-Nicolas-\u00a9-Veronique-Marty-Oise-Tourisme-1138x1200.jpg\" alt=\"\" class=\"wp-image-38924\" data-srcset=\"https:\/\/www.creilsudoise-tourisme.fr\/wp-content\/uploads\/2021\/11\/Abbatiale-Saint-Nicolas-\u00a9-Veronique-Marty-Oise-Tourisme-1138x1200.jpg 1138w, https:\/\/www.creilsudoise-tourisme.fr\/wp-content\/uploads\/2021\/11\/Abbatiale-Saint-Nicolas-\u00a9-Veronique-Marty-Oise-Tourisme-569x600.jpg 569w, https:\/\/www.creilsudoise-tourisme.fr\/wp-content\/uploads\/2021\/11\/Abbatiale-Saint-Nicolas-\u00a9-Veronique-Marty-Oise-Tourisme-854x900.jpg 854w, https:\/\/www.creilsudoise-tourisme.fr\/wp-content\/uploads\/2021\/11\/Abbatiale-Saint-Nicolas-\u00a9-Veronique-Marty-Oise-Tourisme-1457x1536.jpg 1457w, https:\/\/www.creilsudoise-tourisme.fr\/wp-content\/uploads\/2021\/11\/Abbatiale-Saint-Nicolas-\u00a9-Veronique-Marty-Oise-Tourisme-200x211.jpg 200w, https:\/\/www.creilsudoise-tourisme.fr\/wp-content\/uploads\/2021\/11\/Abbatiale-Saint-Nicolas-\u00a9-Veronique-Marty-Oise-Tourisme-650x685.jpg 650w, https:\/\/www.creilsudoise-tourisme.fr\/wp-content\/uploads\/2021\/11\/Abbatiale-Saint-Nicolas-\u00a9-Veronique-Marty-Oise-Tourisme-387x408.jpg 387w, https:\/\/www.creilsudoise-tourisme.fr\/wp-content\/uploads\/2021\/11\/Abbatiale-Saint-Nicolas-\u00a9-Veronique-Marty-Oise-Tourisme.jpg 1765w\" sizes=\"(max-width: 1138px) 100vw, 1138px\" \/><\/figure>\n<\/div>\n\n\n\n<div class=\"is-layout-flow wp-block-column\" style=\"flex-basis:33.33%\">\n<p>\u00c0 <strong>Saint-Leu-d'Esserent<\/strong>De grote kerk, algemeen bekend als de \"Abdijkerk\", heet eigenlijk de<strong>St. Nicholas Kerk.<\/strong><\/p>\n<\/div>\n<\/div>\n\n\n\n<p>In de kerk bevindt zich een gebeeldhouwd stenen altaarstuk, dat een deel van de legende van Sinterklaas vertelt met het beroemde verhaal van de wederopstanding van de drie kinderen die gevangen waren van een slager.<\/p>\n\n\n\n<figure class=\"wp-block-image size-large\"><img decoding=\"async\" loading=\"lazy\" width=\"1200\" height=\"675\" data-src=\"https:\/\/www.creilsudoise-tourisme.fr\/wp-content\/uploads\/2021\/11\/Retable-Saint-Nicolas-1200x675.jpg\" alt=\"\" class=\"wp-image-38925\" data-srcset=\"https:\/\/www.creilsudoise-tourisme.fr\/wp-content\/uploads\/2021\/11\/Retable-Saint-Nicolas-1200x675.jpg 1200w, https:\/\/www.creilsudoise-tourisme.fr\/wp-content\/uploads\/2021\/11\/Retable-Saint-Nicolas-600x338.jpg 600w, https:\/\/www.creilsudoise-tourisme.fr\/wp-content\/uploads\/2021\/11\/Retable-Saint-Nicolas-900x506.jpg 900w, https:\/\/www.creilsudoise-tourisme.fr\/wp-content\/uploads\/2021\/11\/Retable-Saint-Nicolas-1536x864.jpg 1536w, https:\/\/www.creilsudoise-tourisme.fr\/wp-content\/uploads\/2021\/11\/Retable-Saint-Nicolas-200x113.jpg 200w, https:\/\/www.creilsudoise-tourisme.fr\/wp-content\/uploads\/2021\/11\/Retable-Saint-Nicolas-1600x900.jpg 1600w, https:\/\/www.creilsudoise-tourisme.fr\/wp-content\/uploads\/2021\/11\/Retable-Saint-Nicolas-650x366.jpg 650w, https:\/\/www.creilsudoise-tourisme.fr\/wp-content\/uploads\/2021\/11\/Retable-Saint-Nicolas-387x218.jpg 387w, https:\/\/www.creilsudoise-tourisme.fr\/wp-content\/uploads\/2021\/11\/Retable-Saint-Nicolas.jpg 1920w\" sizes=\"(max-width: 1200px) 100vw, 1200px\" \/><\/figure>\n\n\n\n<h3>Beschermheilige van de schippers. Waarom?<\/h3>\n\n\n\n<p>Waarom is Sinterklaas dan de beschermheilige van de schippers? <\/p>\n\n\n\n<p><strong>Het verhaal van de drie geredde kinderen<\/strong> in de zoutkelder kan worden ge\u00efnterpreteerd als <strong>een allegorie van zeelieden gered van schipbreuk<\/strong>op <strong>veerboot symboliseert de boot, en het zout de zee<\/strong>. <\/p>\n\n\n\n<p>Langs alle Franse waterwegen zijn dus <strong>kapellen gewijd aan Sint Nicolaas.<\/strong><\/p>\n\n\n\n<hr class=\"wp-block-separator\"\/>","protected":false},"excerpt":{"rendered":"<p>Sint-Nicolaas staat bekend om het belonen van goede kinderen, maar wist u dat hij ook de beschermheilige van de schippers was? Hij is goed vertegenwoordigd in Creil Sud Oise en wordt al heel lang gevierd in het zuiden van de Oise! Sint-Nicolaas, de beschermheilige van goede kinderen Op 6 december is het Sint-Nicolaasdag. Bekend om het belonen van het goede gedrag van kinderen [...]<\/p>","protected":false},"author":3,"featured_media":38922,"comment_status":"closed","ping_status":"open","sticky":false,"template":"","format":"standard","meta":{"_relevanssi_hide_post":"","_relevanssi_hide_content":"","_relevanssi_pin_for_all":"","_relevanssi_pin_keywords":"","_relevanssi_unpin_keywords":"","_relevanssi_related_keywords":"","_relevanssi_related_include_ids":"","_relevanssi_related_exclude_ids":"","_relevanssi_related_no_append":"","_relevanssi_related_not_related":"","_relevanssi_related_posts":"32820,36653,36690,37046,37325,37932","_relevanssi_noindex_reason":""},"categories":[3],"tags":[],"yoast_head":"<!-- This site is optimized with the Yoast SEO plugin v20.2.1 - https:\/\/yoast.com\/wordpress\/plugins\/seo\/ -->\n<title>Pourquoi Saint-Nicolas est-il si pr\u00e9sent \u00e0 Creil Sud Oise ?<\/title>\n<meta name=\"description\" content=\"D\u00e9couvrez pourquoi Saint-Nicolas, connu pour r\u00e9compens\u00e9 les enfants sages en d\u00e9cembre, est aussi le Saint-Patron des bateliers !\" \/>\n<meta name=\"robots\" content=\"index, follow, max-snippet:-1, max-image-preview:large, max-video-preview:-1\" \/>\n<link rel=\"canonical\" href=\"https:\/\/www.creilsudoise-tourisme.fr\/nl\/2021\/11\/30\/saint-nicolas\/\" \/>\n<meta property=\"og:locale\" content=\"nl_NL\" \/>\n<meta property=\"og:type\" content=\"article\" \/>\n<meta property=\"og:title\" content=\"Pourquoi Saint-Nicolas est-il si pr\u00e9sent \u00e0 Creil Sud Oise ?\" \/>\n<meta property=\"og:description\" content=\"D\u00e9couvrez pourquoi Saint-Nicolas, connu pour r\u00e9compens\u00e9 les enfants sages en d\u00e9cembre, est aussi le Saint-Patron des bateliers !\" \/>\n<meta property=\"og:url\" content=\"https:\/\/www.creilsudoise-tourisme.fr\/nl\/2021\/11\/30\/saint-nicolas\/\" \/>\n<meta property=\"og:site_name\" content=\"Office de Tourisme Creil Sud Oise\" \/>\n<meta property=\"article:publisher\" content=\"https:\/\/www.facebook.com\/creilsudoisetourisme\/\" \/>\n<meta property=\"article:published_time\" content=\"2021-11-30T10:18:06+00:00\" \/>\n<meta property=\"article:modified_time\" content=\"2022-01-25T08:09:16+00:00\" \/>\n<meta property=\"og:image\" content=\"https:\/\/www.creilsudoise-tourisme.fr\/wp-content\/uploads\/2021\/11\/Saint-Nicolas.jpg\" \/>\n\t<meta property=\"og:image:width\" content=\"1500\" \/>\n\t<meta property=\"og:image:height\" content=\"740\" \/>\n\t<meta property=\"og:image:type\" content=\"image\/jpeg\" \/>\n<meta name=\"author\" content=\"fdubut\" \/>\n<meta name=\"twitter:card\" content=\"summary_large_image\" \/>\n<meta name=\"twitter:creator\" content=\"@CreilSudOiseOT\" \/>\n<meta name=\"twitter:site\" content=\"@CreilSudOiseOT\" \/>\n<meta name=\"twitter:label1\" content=\"Geschreven door\" \/>\n\t<meta name=\"twitter:data1\" content=\"fdubut\" \/>\n\t<meta name=\"twitter:label2\" content=\"Geschatte leestijd\" \/>\n\t<meta name=\"twitter:data2\" content=\"3 minuten\" \/>\n<script type=\"application\/ld+json\" class=\"yoast-schema-graph\">{\"@context\":\"https:\/\/schema.org\",\"@graph\":[{\"@type\":\"Article\",\"@id\":\"https:\/\/www.creilsudoise-tourisme.fr\/en\/2021\/11\/30\/saint-nicolas\/#article\",\"isPartOf\":{\"@id\":\"https:\/\/www.creilsudoise-tourisme.fr\/en\/2021\/11\/30\/saint-nicolas\/\"},\"author\":{\"name\":\"fdubut\",\"@id\":\"https:\/\/www.creilsudoise-tourisme.fr\/#\/schema\/person\/c5140d47645b13bee896bfe05f1bd5da\"},\"headline\":\"Saint-Nicolas, tr\u00e8s pr\u00e9sent \u00e0 Creil Sud Oise\",\"datePublished\":\"2021-11-30T10:18:06+00:00\",\"dateModified\":\"2022-01-25T08:09:16+00:00\",\"mainEntityOfPage\":{\"@id\":\"https:\/\/www.creilsudoise-tourisme.fr\/en\/2021\/11\/30\/saint-nicolas\/\"},\"wordCount\":394,\"publisher\":{\"@id\":\"https:\/\/www.creilsudoise-tourisme.fr\/#organization\"},\"articleSection\":[\"Anecdotes\"],\"inLanguage\":\"nl\"},{\"@type\":\"WebPage\",\"@id\":\"https:\/\/www.creilsudoise-tourisme.fr\/en\/2021\/11\/30\/saint-nicolas\/\",\"url\":\"https:\/\/www.creilsudoise-tourisme.fr\/en\/2021\/11\/30\/saint-nicolas\/\",\"name\":\"Pourquoi Saint-Nicolas est-il si pr\u00e9sent \u00e0 Creil Sud Oise ?\",\"isPartOf\":{\"@id\":\"https:\/\/www.creilsudoise-tourisme.fr\/#website\"},\"datePublished\":\"2021-11-30T10:18:06+00:00\",\"dateModified\":\"2022-01-25T08:09:16+00:00\",\"description\":\"D\u00e9couvrez pourquoi Saint-Nicolas, connu pour r\u00e9compens\u00e9 les enfants sages en d\u00e9cembre, est aussi le Saint-Patron des bateliers !\",\"breadcrumb\":{\"@id\":\"https:\/\/www.creilsudoise-tourisme.fr\/en\/2021\/11\/30\/saint-nicolas\/#breadcrumb\"},\"inLanguage\":\"nl\",\"potentialAction\":[{\"@type\":\"ReadAction\",\"target\":[\"https:\/\/www.creilsudoise-tourisme.fr\/en\/2021\/11\/30\/saint-nicolas\/\"]}]},{\"@type\":\"BreadcrumbList\",\"@id\":\"https:\/\/www.creilsudoise-tourisme.fr\/en\/2021\/11\/30\/saint-nicolas\/#breadcrumb\",\"itemListElement\":[{\"@type\":\"ListItem\",\"position\":1,\"name\":\"Accueil\",\"item\":\"https:\/\/www.creilsudoise-tourisme.fr\/\"},{\"@type\":\"ListItem\",\"position\":2,\"name\":\"Saint-Nicolas, tr\u00e8s pr\u00e9sent \u00e0 Creil Sud Oise\"}]},{\"@type\":\"WebSite\",\"@id\":\"https:\/\/www.creilsudoise-tourisme.fr\/#website\",\"url\":\"https:\/\/www.creilsudoise-tourisme.fr\/\",\"name\":\"Office de Tourisme Creil Sud Oise\",\"description\":\"Creil Sud Oise Tourisme, un territoire \u00e0 explorer !\",\"publisher\":{\"@id\":\"https:\/\/www.creilsudoise-tourisme.fr\/#organization\"},\"potentialAction\":[{\"@type\":\"SearchAction\",\"target\":{\"@type\":\"EntryPoint\",\"urlTemplate\":\"https:\/\/www.creilsudoise-tourisme.fr\/?s={search_term_string}\"},\"query-input\":\"required name=search_term_string\"}],\"inLanguage\":\"nl\"},{\"@type\":\"Organization\",\"@id\":\"https:\/\/www.creilsudoise-tourisme.fr\/#organization\",\"name\":\"Creil Sud Oise Tourisme\",\"url\":\"https:\/\/www.creilsudoise-tourisme.fr\/\",\"logo\":{\"@type\":\"ImageObject\",\"inLanguage\":\"nl\",\"@id\":\"https:\/\/www.creilsudoise-tourisme.fr\/#\/schema\/logo\/image\/\",\"url\":\"https:\/\/www.creilsudoise-tourisme.fr\/wp-content\/uploads\/2021\/05\/logo-svg.png\",\"contentUrl\":\"https:\/\/www.creilsudoise-tourisme.fr\/wp-content\/uploads\/2021\/05\/logo-svg.png\",\"width\":182,\"height\":71,\"caption\":\"Creil Sud Oise Tourisme\"},\"image\":{\"@id\":\"https:\/\/www.creilsudoise-tourisme.fr\/#\/schema\/logo\/image\/\"},\"sameAs\":[\"https:\/\/www.facebook.com\/creilsudoisetourisme\/\",\"https:\/\/twitter.com\/CreilSudOiseOT\",\"https:\/\/www.instagram.com\/creilsudoisetourisme\/\",\"https:\/\/www.youtube.com\/channel\/UC8L_QD2wwyADW14zt9fY8kw\"]},{\"@type\":\"Person\",\"@id\":\"https:\/\/www.creilsudoise-tourisme.fr\/#\/schema\/person\/c5140d47645b13bee896bfe05f1bd5da\",\"name\":\"fdubut\",\"image\":{\"@type\":\"ImageObject\",\"inLanguage\":\"nl\",\"@id\":\"https:\/\/www.creilsudoise-tourisme.fr\/#\/schema\/person\/image\/\",\"url\":\"https:\/\/secure.gravatar.com\/avatar\/c49bb61337bf4556cafdbcb92c18618d?s=96&d=mm&r=g\",\"contentUrl\":\"https:\/\/secure.gravatar.com\/avatar\/c49bb61337bf4556cafdbcb92c18618d?s=96&d=mm&r=g\",\"caption\":\"fdubut\"},\"url\":\"https:\/\/www.creilsudoise-tourisme.fr\/nl\/auteur\/fdubut\/\"}]}<\/script>\n<!-- \/ Yoast SEO plugin. -->","yoast_head_json":{"title":"Pourquoi Saint-Nicolas est-il si pr\u00e9sent \u00e0 Creil Sud Oise ?","description":"D\u00e9couvrez pourquoi Saint-Nicolas, connu pour r\u00e9compens\u00e9 les enfants sages en d\u00e9cembre, est aussi le Saint-Patron des bateliers !","robots":{"index":"index","follow":"follow","max-snippet":"max-snippet:-1","max-image-preview":"max-image-preview:large","max-video-preview":"max-video-preview:-1"},"canonical":"https:\/\/www.creilsudoise-tourisme.fr\/nl\/2021\/11\/30\/saint-nicolas\/","og_locale":"nl_NL","og_type":"article","og_title":"Pourquoi Saint-Nicolas est-il si pr\u00e9sent \u00e0 Creil Sud Oise ?","og_description":"D\u00e9couvrez pourquoi Saint-Nicolas, connu pour r\u00e9compens\u00e9 les enfants sages en d\u00e9cembre, est aussi le Saint-Patron des bateliers !","og_url":"https:\/\/www.creilsudoise-tourisme.fr\/nl\/2021\/11\/30\/saint-nicolas\/","og_site_name":"Office de Tourisme Creil Sud Oise","article_publisher":"https:\/\/www.facebook.com\/creilsudoisetourisme\/","article_published_time":"2021-11-30T10:18:06+00:00","article_modified_time":"2022-01-25T08:09:16+00:00","og_image":[{"width":1500,"height":740,"url":"https:\/\/www.creilsudoise-tourisme.fr\/wp-content\/uploads\/2021\/11\/Saint-Nicolas.jpg","type":"image\/jpeg"}],"author":"fdubut","twitter_card":"summary_large_image","twitter_creator":"@CreilSudOiseOT","twitter_site":"@CreilSudOiseOT","twitter_misc":{"Geschreven door":"fdubut","Geschatte leestijd":"3 minuten"},"schema":{"@context":"https:\/\/schema.org","@graph":[{"@type":"Article","@id":"https:\/\/www.creilsudoise-tourisme.fr\/en\/2021\/11\/30\/saint-nicolas\/#article","isPartOf":{"@id":"https:\/\/www.creilsudoise-tourisme.fr\/en\/2021\/11\/30\/saint-nicolas\/"},"author":{"name":"fdubut","@id":"https:\/\/www.creilsudoise-tourisme.fr\/#\/schema\/person\/c5140d47645b13bee896bfe05f1bd5da"},"headline":"Saint-Nicolas, tr\u00e8s pr\u00e9sent \u00e0 Creil Sud Oise","datePublished":"2021-11-30T10:18:06+00:00","dateModified":"2022-01-25T08:09:16+00:00","mainEntityOfPage":{"@id":"https:\/\/www.creilsudoise-tourisme.fr\/en\/2021\/11\/30\/saint-nicolas\/"},"wordCount":394,"publisher":{"@id":"https:\/\/www.creilsudoise-tourisme.fr\/#organization"},"articleSection":["Anecdotes"],"inLanguage":"nl"},{"@type":"WebPage","@id":"https:\/\/www.creilsudoise-tourisme.fr\/en\/2021\/11\/30\/saint-nicolas\/","url":"https:\/\/www.creilsudoise-tourisme.fr\/en\/2021\/11\/30\/saint-nicolas\/","name":"Pourquoi Saint-Nicolas est-il si pr\u00e9sent \u00e0 Creil Sud Oise ?","isPartOf":{"@id":"https:\/\/www.creilsudoise-tourisme.fr\/#website"},"datePublished":"2021-11-30T10:18:06+00:00","dateModified":"2022-01-25T08:09:16+00:00","description":"D\u00e9couvrez pourquoi Saint-Nicolas, connu pour r\u00e9compens\u00e9 les enfants sages en d\u00e9cembre, est aussi le Saint-Patron des bateliers !","breadcrumb":{"@id":"https:\/\/www.creilsudoise-tourisme.fr\/en\/2021\/11\/30\/saint-nicolas\/#breadcrumb"},"inLanguage":"nl","potentialAction":[{"@type":"ReadAction","target":["https:\/\/www.creilsudoise-tourisme.fr\/en\/2021\/11\/30\/saint-nicolas\/"]}]},{"@type":"BreadcrumbList","@id":"https:\/\/www.creilsudoise-tourisme.fr\/en\/2021\/11\/30\/saint-nicolas\/#breadcrumb","itemListElement":[{"@type":"ListItem","position":1,"name":"Accueil","item":"https:\/\/www.creilsudoise-tourisme.fr\/"},{"@type":"ListItem","position":2,"name":"Saint-Nicolas, tr\u00e8s pr\u00e9sent \u00e0 Creil Sud Oise"}]},{"@type":"WebSite","@id":"https:\/\/www.creilsudoise-tourisme.fr\/#website","url":"https:\/\/www.creilsudoise-tourisme.fr\/","name":"Office de Tourisme Creil Sud Oise","description":"Creil Sud Oise Tourisme, un territoire \u00e0 explorer !","publisher":{"@id":"https:\/\/www.creilsudoise-tourisme.fr\/#organization"},"potentialAction":[{"@type":"SearchAction","target":{"@type":"EntryPoint","urlTemplate":"https:\/\/www.creilsudoise-tourisme.fr\/?s={search_term_string}"},"query-input":"required name=search_term_string"}],"inLanguage":"nl"},{"@type":"Organization","@id":"https:\/\/www.creilsudoise-tourisme.fr\/#organization","name":"Creil Sud Oise Tourisme","url":"https:\/\/www.creilsudoise-tourisme.fr\/","logo":{"@type":"ImageObject","inLanguage":"nl","@id":"https:\/\/www.creilsudoise-tourisme.fr\/#\/schema\/logo\/image\/","url":"https:\/\/www.creilsudoise-tourisme.fr\/wp-content\/uploads\/2021\/05\/logo-svg.png","contentUrl":"https:\/\/www.creilsudoise-tourisme.fr\/wp-content\/uploads\/2021\/05\/logo-svg.png","width":182,"height":71,"caption":"Creil Sud Oise Tourisme"},"image":{"@id":"https:\/\/www.creilsudoise-tourisme.fr\/#\/schema\/logo\/image\/"},"sameAs":["https:\/\/www.facebook.com\/creilsudoisetourisme\/","https:\/\/twitter.com\/CreilSudOiseOT","https:\/\/www.instagram.com\/creilsudoisetourisme\/","https:\/\/www.youtube.com\/channel\/UC8L_QD2wwyADW14zt9fY8kw"]},{"@type":"Person","@id":"https:\/\/www.creilsudoise-tourisme.fr\/#\/schema\/person\/c5140d47645b13bee896bfe05f1bd5da","name":"fdubut","image":{"@type":"ImageObject","inLanguage":"nl","@id":"https:\/\/www.creilsudoise-tourisme.fr\/#\/schema\/person\/image\/","url":"https:\/\/secure.gravatar.com\/avatar\/c49bb61337bf4556cafdbcb92c18618d?s=96&d=mm&r=g","contentUrl":"https:\/\/secure.gravatar.com\/avatar\/c49bb61337bf4556cafdbcb92c18618d?s=96&d=mm&r=g","caption":"fdubut"},"url":"https:\/\/www.creilsudoise-tourisme.fr\/nl\/auteur\/fdubut\/"}]}},"_links":{"self":[{"href":"https:\/\/www.creilsudoise-tourisme.fr\/nl\/wp-json\/wp\/v2\/posts\/38921"}],"collection":[{"href":"https:\/\/www.creilsudoise-tourisme.fr\/nl\/wp-json\/wp\/v2\/posts"}],"about":[{"href":"https:\/\/www.creilsudoise-tourisme.fr\/nl\/wp-json\/wp\/v2\/types\/post"}],"author":[{"embeddable":true,"href":"https:\/\/www.creilsudoise-tourisme.fr\/nl\/wp-json\/wp\/v2\/users\/3"}],"replies":[{"embeddable":true,"href":"https:\/\/www.creilsudoise-tourisme.fr\/nl\/wp-json\/wp\/v2\/comments?post=38921"}],"version-history":[{"count":2,"href":"https:\/\/www.creilsudoise-tourisme.fr\/nl\/wp-json\/wp\/v2\/posts\/38921\/revisions"}],"predecessor-version":[{"id":38927,"href":"https:\/\/www.creilsudoise-tourisme.fr\/nl\/wp-json\/wp\/v2\/posts\/38921\/revisions\/38927"}],"wp:featuredmedia":[{"embeddable":true,"href":"https:\/\/www.creilsudoise-tourisme.fr\/nl\/wp-json\/wp\/v2\/media\/38922"}],"wp:attachment":[{"href":"https:\/\/www.creilsudoise-tourisme.fr\/nl\/wp-json\/wp\/v2\/media?parent=38921"}],"wp:term":[{"taxonomy":"category","embeddable":true,"href":"https:\/\/www.creilsudoise-tourisme.fr\/nl\/wp-json\/wp\/v2\/categories?post=38921"},{"taxonomy":"post_tag","embeddable":true,"href":"https:\/\/www.creilsudoise-tourisme.fr\/nl\/wp-json\/wp\/v2\/tags?post=38921"}],"curies":[{"name":"wp","href":"https:\/\/api.w.org\/{rel}","templated":true}]}}