{"id":37951,"date":"2021-09-17T12:30:18","date_gmt":"2021-09-17T10:30:18","guid":{"rendered":"https:\/\/www.creilsudoise-tourisme.fr\/?p=37951"},"modified":"2022-01-25T09:09:31","modified_gmt":"2022-01-25T08:09:31","slug":"laversine","status":"publish","type":"post","link":"https:\/\/www.creilsudoise-tourisme.fr\/nl\/2021\/09\/17\/laversine\/","title":{"rendered":"Het kasteel Laversine"},"content":{"rendered":"<p class=\"is-style-excerpt\">Gelegen in Saint-Maximin, de <strong>Kasteel Laversine<\/strong> is nu de thuisbasis van de <strong>Rothschild beroepsschool<\/strong>. Maar in werkelijkheid zouden we het moeten hebben over <strong>kastelen<\/strong> <strong>Laversine <\/strong>!<\/p>\n\n\n\n<h2>Een opeenvolging van kastelen<\/h2>\n\n\n\n<p>De <strong>Kasteel van Laversine<\/strong> is nu in de hele regio bekend als de thuisbasis van een<strong> <a href=\"http:\/\/rothschild.lyc.ac-amiens.fr\/frontend\/\" target=\"_blank\" rel=\"noreferrer noopener\">Lyc\u00e9e professionnel Donatie Robert &amp; Nelly de Rothschild<\/a><\/strong>. Een gebouw waarvan<strong> het verhaal gaat ver terug<\/strong>&#8230;<\/p>\n\n\n\n<p>Maar om de geschiedenis te verkennen, moeten we het hebben over \"het kasteel\" van Laversine, of over \"de kastelen\" van Laversine?<\/p>\n\n\n\n<p>Er zijn door de eeuwen heen zelfs 3 kastelen in Laversine geweest!<\/p>\n\n\n\n<figure class=\"wp-block-image size-large\"><img decoding=\"async\" loading=\"lazy\" width=\"1200\" height=\"895\" data-src=\"https:\/\/www.creilsudoise-tourisme.fr\/wp-content\/uploads\/2021\/09\/Le-Chateau-de-Laversine-hier-et-aujourdhui-1200x895.jpg\" alt=\"Ch\u00e2teau Laversine gisteren en vandaag\" class=\"wp-image-37955\" data-srcset=\"https:\/\/www.creilsudoise-tourisme.fr\/wp-content\/uploads\/2021\/09\/Le-Chateau-de-Laversine-hier-et-aujourdhui-1200x895.jpg 1200w, https:\/\/www.creilsudoise-tourisme.fr\/wp-content\/uploads\/2021\/09\/Le-Chateau-de-Laversine-hier-et-aujourdhui-600x447.jpg 600w, https:\/\/www.creilsudoise-tourisme.fr\/wp-content\/uploads\/2021\/09\/Le-Chateau-de-Laversine-hier-et-aujourdhui-900x671.jpg 900w, https:\/\/www.creilsudoise-tourisme.fr\/wp-content\/uploads\/2021\/09\/Le-Chateau-de-Laversine-hier-et-aujourdhui-1536x1145.jpg 1536w, https:\/\/www.creilsudoise-tourisme.fr\/wp-content\/uploads\/2021\/09\/Le-Chateau-de-Laversine-hier-et-aujourdhui-200x149.jpg 200w, https:\/\/www.creilsudoise-tourisme.fr\/wp-content\/uploads\/2021\/09\/Le-Chateau-de-Laversine-hier-et-aujourdhui-650x485.jpg 650w, https:\/\/www.creilsudoise-tourisme.fr\/wp-content\/uploads\/2021\/09\/Le-Chateau-de-Laversine-hier-et-aujourdhui-387x289.jpg 387w, https:\/\/www.creilsudoise-tourisme.fr\/wp-content\/uploads\/2021\/09\/Le-Chateau-de-Laversine-hier-et-aujourdhui.jpg 1600w\" sizes=\"(max-width: 1200px) 100vw, 1200px\" \/><figcaption>Ch\u00e2teau Laversine gisteren en vandaag<\/figcaption><\/figure>\n\n\n\n<h3>Het eerste kasteel<\/h3>\n\n\n\n<p>De <strong>eerste bekende kasteel<\/strong> behoorde tot de leden van de<strong>cisterci\u00ebnzer abdij van <a href=\"https:\/\/www.royaumont.com\/\" target=\"_blank\" rel=\"noreferrer noopener\">Royaumont<\/a><\/strong>opgericht in 1228 door <strong>Saint-Louis<\/strong>. <\/p>\n\n\n\n<p>Dit kasteel werd waarschijnlijk verwoest in 1360 tijdens de Grote Jacquerie. <\/p>\n\n\n\n<p>Toch is er een reeks <strong>kleine kelders uit deze periode<\/strong>.<\/p>\n\n\n\n<h3>Het tweede kasteel<\/h3>\n\n\n\n<p>A <strong>tweede kasteel<\/strong> werd toen gebouwd, in de teksten soms een \"manor\" genoemd, omringd door huizen en een kapel. Het was eerst <strong>bezet door Heer Aubry de Laversine<\/strong>. <\/p>\n\n\n\n<p>Het landgoed bleef in de familie tot 1480 toen <strong>Vasco de Souza koopt het<\/strong>. Hij was een belangrijke figuur, adviseur en kamerheer van de koning, kapitein van Creil, die talrijke aankopen deed en een groot landgoed opbouwde in Saint-Maximin. <\/p>\n\n\n\n<p>Zijn kleinzoon, Philippe de Suze, luitenant-generaal in de regering van \u00cele-de-France, was een belangrijke figuur in de entourage van de koning van Frankrijk, Fran\u00e7ois I.<sup>er<\/sup>die hij minstens twee keer ontving in Laversine.<\/p>\n\n\n\n<p>Het kasteel werd later eigendom van<strong> prins de Cond\u00e9, die in 1782 opdracht gaf tot de sloop ervan<\/strong>.<\/p>\n\n\n\n<div class=\"wp-block-cover alignfull has-background-dim\"><img decoding=\"async\" loading=\"lazy\" width=\"1600\" height=\"597\" class=\"wp-block-cover__image-background wp-image-37954\" alt=\"\" data-src=\"https:\/\/www.creilsudoise-tourisme.fr\/wp-content\/uploads\/2021\/09\/Vue-actuelle-Chateau-de-Laversine.jpg\" data-object-fit=\"cover\" data-srcset=\"https:\/\/www.creilsudoise-tourisme.fr\/wp-content\/uploads\/2021\/09\/Vue-actuelle-Chateau-de-Laversine.jpg 1600w, https:\/\/www.creilsudoise-tourisme.fr\/wp-content\/uploads\/2021\/09\/Vue-actuelle-Chateau-de-Laversine-600x224.jpg 600w, https:\/\/www.creilsudoise-tourisme.fr\/wp-content\/uploads\/2021\/09\/Vue-actuelle-Chateau-de-Laversine-1200x448.jpg 1200w, https:\/\/www.creilsudoise-tourisme.fr\/wp-content\/uploads\/2021\/09\/Vue-actuelle-Chateau-de-Laversine-900x336.jpg 900w, https:\/\/www.creilsudoise-tourisme.fr\/wp-content\/uploads\/2021\/09\/Vue-actuelle-Chateau-de-Laversine-1536x573.jpg 1536w, https:\/\/www.creilsudoise-tourisme.fr\/wp-content\/uploads\/2021\/09\/Vue-actuelle-Chateau-de-Laversine-200x75.jpg 200w, https:\/\/www.creilsudoise-tourisme.fr\/wp-content\/uploads\/2021\/09\/Vue-actuelle-Chateau-de-Laversine-650x243.jpg 650w, https:\/\/www.creilsudoise-tourisme.fr\/wp-content\/uploads\/2021\/09\/Vue-actuelle-Chateau-de-Laversine-387x144.jpg 387w\" sizes=\"(max-width: 1600px) 100vw, 1600px\" \/><div class=\"wp-block-cover__inner-container\">\n<p class=\"has-text-align-center has-large-font-size\">Kasteel van vandaag<\/p>\n<\/div><\/div>\n\n\n\n<h3>Het derde kasteel<\/h3>\n\n\n\n<p>Maar het verhaal van deze plek gaat verder, sinds 25 januari 1874, <strong>Baron Gustave de Rothschild koopt het landgoed<\/strong> en voegde het bos van de Haute Pommeraye toe. <\/p>\n\n\n\n<p>De bouw van de<strong>huidig kasteel<\/strong> werd in nauwelijks tien jaar voltooid, van 1882 tot 1892! <\/p>\n\n\n\n<p>Er zijn veel verhalen te vertellen over het huidige kasteel, en we zullen er over een paar minuten een paar uit de doeken doen. <a href=\"https:\/\/www.creilsudoise-tourisme.fr\/nl\/categorie\/anecdotes\/\">anekdotes <\/a>! Blijf op de hoogte!<\/p>\n\n\n\n<hr class=\"wp-block-separator\"\/>","protected":false},"excerpt":{"rendered":"<p>Ch\u00e2teau Laversine, gelegen in Saint-Maximin, herbergt tegenwoordig de Rothschild beroepsschool. Maar in werkelijkheid moeten we eerder spreken van de kastelen van Laversine! Een opeenvolging van kastelen Het Ch\u00e2teau de Laversine is in onze regio tegenwoordig bekend als de plaats waar de beroepsschool van Donation Robert &amp; Nelly de Rothschild is gevestigd. De geschiedenis van dit gebouw gaat terug tot de [...]<\/p>","protected":false},"author":3,"featured_media":37952,"comment_status":"closed","ping_status":"open","sticky":false,"template":"","format":"standard","meta":{"_relevanssi_hide_post":"","_relevanssi_hide_content":"","_relevanssi_pin_for_all":"","_relevanssi_pin_keywords":"","_relevanssi_unpin_keywords":"","_relevanssi_related_keywords":"","_relevanssi_related_include_ids":"","_relevanssi_related_exclude_ids":"","_relevanssi_related_no_append":"","_relevanssi_related_not_related":"","_relevanssi_related_posts":"36660,36690,36653,37932,37317,37046","_relevanssi_noindex_reason":""},"categories":[3],"tags":[],"yoast_head":"<!-- This site is optimized with the Yoast SEO plugin v20.2.1 - https:\/\/yoast.com\/wordpress\/plugins\/seo\/ -->\n<title>Anecdote : le ou les ch\u00e2teaux Laversine \u00e0 Saint-Maximin ?<\/title>\n<meta name=\"description\" content=\"D\u00e9couvrez l&#039;histoire des ch\u00e2teaux qui se sont succ\u00e9d\u00e9s l\u00e0 o\u00f9 se trouve d\u00e9sormais le lyc\u00e9e Rothschild \u00e0 Saint-Maximin.\" \/>\n<meta name=\"robots\" content=\"index, follow, max-snippet:-1, max-image-preview:large, max-video-preview:-1\" \/>\n<link rel=\"canonical\" href=\"https:\/\/www.creilsudoise-tourisme.fr\/nl\/2021\/09\/17\/laversine\/\" \/>\n<meta property=\"og:locale\" content=\"nl_NL\" \/>\n<meta property=\"og:type\" content=\"article\" \/>\n<meta property=\"og:title\" content=\"Anecdote : le ou les ch\u00e2teaux Laversine \u00e0 Saint-Maximin ?\" \/>\n<meta property=\"og:description\" content=\"D\u00e9couvrez l&#039;histoire des ch\u00e2teaux qui se sont succ\u00e9d\u00e9s l\u00e0 o\u00f9 se trouve d\u00e9sormais le lyc\u00e9e Rothschild \u00e0 Saint-Maximin.\" \/>\n<meta property=\"og:url\" content=\"https:\/\/www.creilsudoise-tourisme.fr\/nl\/2021\/09\/17\/laversine\/\" \/>\n<meta property=\"og:site_name\" content=\"Office de Tourisme Creil Sud Oise\" \/>\n<meta property=\"article:publisher\" content=\"https:\/\/www.facebook.com\/creilsudoisetourisme\/\" \/>\n<meta property=\"article:published_time\" content=\"2021-09-17T10:30:18+00:00\" \/>\n<meta property=\"article:modified_time\" content=\"2022-01-25T08:09:31+00:00\" \/>\n<meta property=\"og:image\" content=\"https:\/\/www.creilsudoise-tourisme.fr\/wp-content\/uploads\/2021\/09\/Chateau-Laversine.jpg\" \/>\n\t<meta property=\"og:image:width\" content=\"1600\" \/>\n\t<meta property=\"og:image:height\" content=\"776\" \/>\n\t<meta property=\"og:image:type\" content=\"image\/jpeg\" \/>\n<meta name=\"author\" content=\"fdubut\" \/>\n<meta name=\"twitter:card\" content=\"summary_large_image\" \/>\n<meta name=\"twitter:creator\" content=\"@CreilSudOiseOT\" \/>\n<meta name=\"twitter:site\" content=\"@CreilSudOiseOT\" \/>\n<meta name=\"twitter:label1\" content=\"Geschreven door\" \/>\n\t<meta name=\"twitter:data1\" content=\"fdubut\" \/>\n\t<meta name=\"twitter:label2\" content=\"Geschatte leestijd\" \/>\n\t<meta name=\"twitter:data2\" content=\"2 minuten\" \/>\n<script type=\"application\/ld+json\" class=\"yoast-schema-graph\">{\"@context\":\"https:\/\/schema.org\",\"@graph\":[{\"@type\":\"Article\",\"@id\":\"https:\/\/www.creilsudoise-tourisme.fr\/en\/2021\/09\/17\/laversine\/#article\",\"isPartOf\":{\"@id\":\"https:\/\/www.creilsudoise-tourisme.fr\/en\/2021\/09\/17\/laversine\/\"},\"author\":{\"name\":\"fdubut\",\"@id\":\"https:\/\/www.creilsudoise-tourisme.fr\/#\/schema\/person\/c5140d47645b13bee896bfe05f1bd5da\"},\"headline\":\"Le Ch\u00e2teau Laversine\",\"datePublished\":\"2021-09-17T10:30:18+00:00\",\"dateModified\":\"2022-01-25T08:09:31+00:00\",\"mainEntityOfPage\":{\"@id\":\"https:\/\/www.creilsudoise-tourisme.fr\/en\/2021\/09\/17\/laversine\/\"},\"wordCount\":363,\"publisher\":{\"@id\":\"https:\/\/www.creilsudoise-tourisme.fr\/#organization\"},\"articleSection\":[\"Anecdotes\"],\"inLanguage\":\"nl\"},{\"@type\":\"WebPage\",\"@id\":\"https:\/\/www.creilsudoise-tourisme.fr\/en\/2021\/09\/17\/laversine\/\",\"url\":\"https:\/\/www.creilsudoise-tourisme.fr\/en\/2021\/09\/17\/laversine\/\",\"name\":\"Anecdote : le ou les ch\u00e2teaux Laversine \u00e0 Saint-Maximin ?\",\"isPartOf\":{\"@id\":\"https:\/\/www.creilsudoise-tourisme.fr\/#website\"},\"datePublished\":\"2021-09-17T10:30:18+00:00\",\"dateModified\":\"2022-01-25T08:09:31+00:00\",\"description\":\"D\u00e9couvrez l'histoire des ch\u00e2teaux qui se sont succ\u00e9d\u00e9s l\u00e0 o\u00f9 se trouve d\u00e9sormais le lyc\u00e9e Rothschild \u00e0 Saint-Maximin.\",\"breadcrumb\":{\"@id\":\"https:\/\/www.creilsudoise-tourisme.fr\/en\/2021\/09\/17\/laversine\/#breadcrumb\"},\"inLanguage\":\"nl\",\"potentialAction\":[{\"@type\":\"ReadAction\",\"target\":[\"https:\/\/www.creilsudoise-tourisme.fr\/en\/2021\/09\/17\/laversine\/\"]}]},{\"@type\":\"BreadcrumbList\",\"@id\":\"https:\/\/www.creilsudoise-tourisme.fr\/en\/2021\/09\/17\/laversine\/#breadcrumb\",\"itemListElement\":[{\"@type\":\"ListItem\",\"position\":1,\"name\":\"Accueil\",\"item\":\"https:\/\/www.creilsudoise-tourisme.fr\/\"},{\"@type\":\"ListItem\",\"position\":2,\"name\":\"Le Ch\u00e2teau Laversine\"}]},{\"@type\":\"WebSite\",\"@id\":\"https:\/\/www.creilsudoise-tourisme.fr\/#website\",\"url\":\"https:\/\/www.creilsudoise-tourisme.fr\/\",\"name\":\"Office de Tourisme Creil Sud Oise\",\"description\":\"Creil Sud Oise Tourisme, un territoire \u00e0 explorer !\",\"publisher\":{\"@id\":\"https:\/\/www.creilsudoise-tourisme.fr\/#organization\"},\"potentialAction\":[{\"@type\":\"SearchAction\",\"target\":{\"@type\":\"EntryPoint\",\"urlTemplate\":\"https:\/\/www.creilsudoise-tourisme.fr\/?s={search_term_string}\"},\"query-input\":\"required name=search_term_string\"}],\"inLanguage\":\"nl\"},{\"@type\":\"Organization\",\"@id\":\"https:\/\/www.creilsudoise-tourisme.fr\/#organization\",\"name\":\"Creil Sud Oise Tourisme\",\"url\":\"https:\/\/www.creilsudoise-tourisme.fr\/\",\"logo\":{\"@type\":\"ImageObject\",\"inLanguage\":\"nl\",\"@id\":\"https:\/\/www.creilsudoise-tourisme.fr\/#\/schema\/logo\/image\/\",\"url\":\"https:\/\/www.creilsudoise-tourisme.fr\/wp-content\/uploads\/2021\/05\/logo-svg.png\",\"contentUrl\":\"https:\/\/www.creilsudoise-tourisme.fr\/wp-content\/uploads\/2021\/05\/logo-svg.png\",\"width\":182,\"height\":71,\"caption\":\"Creil Sud Oise Tourisme\"},\"image\":{\"@id\":\"https:\/\/www.creilsudoise-tourisme.fr\/#\/schema\/logo\/image\/\"},\"sameAs\":[\"https:\/\/www.facebook.com\/creilsudoisetourisme\/\",\"https:\/\/twitter.com\/CreilSudOiseOT\",\"https:\/\/www.instagram.com\/creilsudoisetourisme\/\",\"https:\/\/www.youtube.com\/channel\/UC8L_QD2wwyADW14zt9fY8kw\"]},{\"@type\":\"Person\",\"@id\":\"https:\/\/www.creilsudoise-tourisme.fr\/#\/schema\/person\/c5140d47645b13bee896bfe05f1bd5da\",\"name\":\"fdubut\",\"image\":{\"@type\":\"ImageObject\",\"inLanguage\":\"nl\",\"@id\":\"https:\/\/www.creilsudoise-tourisme.fr\/#\/schema\/person\/image\/\",\"url\":\"https:\/\/secure.gravatar.com\/avatar\/c49bb61337bf4556cafdbcb92c18618d?s=96&d=mm&r=g\",\"contentUrl\":\"https:\/\/secure.gravatar.com\/avatar\/c49bb61337bf4556cafdbcb92c18618d?s=96&d=mm&r=g\",\"caption\":\"fdubut\"},\"url\":\"https:\/\/www.creilsudoise-tourisme.fr\/nl\/auteur\/fdubut\/\"}]}<\/script>\n<!-- \/ Yoast SEO plugin. -->","yoast_head_json":{"title":"Anecdote : le ou les ch\u00e2teaux Laversine \u00e0 Saint-Maximin ?","description":"D\u00e9couvrez l'histoire des ch\u00e2teaux qui se sont succ\u00e9d\u00e9s l\u00e0 o\u00f9 se trouve d\u00e9sormais le lyc\u00e9e Rothschild \u00e0 Saint-Maximin.","robots":{"index":"index","follow":"follow","max-snippet":"max-snippet:-1","max-image-preview":"max-image-preview:large","max-video-preview":"max-video-preview:-1"},"canonical":"https:\/\/www.creilsudoise-tourisme.fr\/nl\/2021\/09\/17\/laversine\/","og_locale":"nl_NL","og_type":"article","og_title":"Anecdote : le ou les ch\u00e2teaux Laversine \u00e0 Saint-Maximin ?","og_description":"D\u00e9couvrez l'histoire des ch\u00e2teaux qui se sont succ\u00e9d\u00e9s l\u00e0 o\u00f9 se trouve d\u00e9sormais le lyc\u00e9e Rothschild \u00e0 Saint-Maximin.","og_url":"https:\/\/www.creilsudoise-tourisme.fr\/nl\/2021\/09\/17\/laversine\/","og_site_name":"Office de Tourisme Creil Sud Oise","article_publisher":"https:\/\/www.facebook.com\/creilsudoisetourisme\/","article_published_time":"2021-09-17T10:30:18+00:00","article_modified_time":"2022-01-25T08:09:31+00:00","og_image":[{"width":1600,"height":776,"url":"https:\/\/www.creilsudoise-tourisme.fr\/wp-content\/uploads\/2021\/09\/Chateau-Laversine.jpg","type":"image\/jpeg"}],"author":"fdubut","twitter_card":"summary_large_image","twitter_creator":"@CreilSudOiseOT","twitter_site":"@CreilSudOiseOT","twitter_misc":{"Geschreven door":"fdubut","Geschatte leestijd":"2 minuten"},"schema":{"@context":"https:\/\/schema.org","@graph":[{"@type":"Article","@id":"https:\/\/www.creilsudoise-tourisme.fr\/en\/2021\/09\/17\/laversine\/#article","isPartOf":{"@id":"https:\/\/www.creilsudoise-tourisme.fr\/en\/2021\/09\/17\/laversine\/"},"author":{"name":"fdubut","@id":"https:\/\/www.creilsudoise-tourisme.fr\/#\/schema\/person\/c5140d47645b13bee896bfe05f1bd5da"},"headline":"Le Ch\u00e2teau Laversine","datePublished":"2021-09-17T10:30:18+00:00","dateModified":"2022-01-25T08:09:31+00:00","mainEntityOfPage":{"@id":"https:\/\/www.creilsudoise-tourisme.fr\/en\/2021\/09\/17\/laversine\/"},"wordCount":363,"publisher":{"@id":"https:\/\/www.creilsudoise-tourisme.fr\/#organization"},"articleSection":["Anecdotes"],"inLanguage":"nl"},{"@type":"WebPage","@id":"https:\/\/www.creilsudoise-tourisme.fr\/en\/2021\/09\/17\/laversine\/","url":"https:\/\/www.creilsudoise-tourisme.fr\/en\/2021\/09\/17\/laversine\/","name":"Anecdote : le ou les ch\u00e2teaux Laversine \u00e0 Saint-Maximin ?","isPartOf":{"@id":"https:\/\/www.creilsudoise-tourisme.fr\/#website"},"datePublished":"2021-09-17T10:30:18+00:00","dateModified":"2022-01-25T08:09:31+00:00","description":"D\u00e9couvrez l'histoire des ch\u00e2teaux qui se sont succ\u00e9d\u00e9s l\u00e0 o\u00f9 se trouve d\u00e9sormais le lyc\u00e9e Rothschild \u00e0 Saint-Maximin.","breadcrumb":{"@id":"https:\/\/www.creilsudoise-tourisme.fr\/en\/2021\/09\/17\/laversine\/#breadcrumb"},"inLanguage":"nl","potentialAction":[{"@type":"ReadAction","target":["https:\/\/www.creilsudoise-tourisme.fr\/en\/2021\/09\/17\/laversine\/"]}]},{"@type":"BreadcrumbList","@id":"https:\/\/www.creilsudoise-tourisme.fr\/en\/2021\/09\/17\/laversine\/#breadcrumb","itemListElement":[{"@type":"ListItem","position":1,"name":"Accueil","item":"https:\/\/www.creilsudoise-tourisme.fr\/"},{"@type":"ListItem","position":2,"name":"Le Ch\u00e2teau Laversine"}]},{"@type":"WebSite","@id":"https:\/\/www.creilsudoise-tourisme.fr\/#website","url":"https:\/\/www.creilsudoise-tourisme.fr\/","name":"Office de Tourisme Creil Sud Oise","description":"Creil Sud Oise Tourisme, un territoire \u00e0 explorer !","publisher":{"@id":"https:\/\/www.creilsudoise-tourisme.fr\/#organization"},"potentialAction":[{"@type":"SearchAction","target":{"@type":"EntryPoint","urlTemplate":"https:\/\/www.creilsudoise-tourisme.fr\/?s={search_term_string}"},"query-input":"required name=search_term_string"}],"inLanguage":"nl"},{"@type":"Organization","@id":"https:\/\/www.creilsudoise-tourisme.fr\/#organization","name":"Creil Sud Oise Tourisme","url":"https:\/\/www.creilsudoise-tourisme.fr\/","logo":{"@type":"ImageObject","inLanguage":"nl","@id":"https:\/\/www.creilsudoise-tourisme.fr\/#\/schema\/logo\/image\/","url":"https:\/\/www.creilsudoise-tourisme.fr\/wp-content\/uploads\/2021\/05\/logo-svg.png","contentUrl":"https:\/\/www.creilsudoise-tourisme.fr\/wp-content\/uploads\/2021\/05\/logo-svg.png","width":182,"height":71,"caption":"Creil Sud Oise Tourisme"},"image":{"@id":"https:\/\/www.creilsudoise-tourisme.fr\/#\/schema\/logo\/image\/"},"sameAs":["https:\/\/www.facebook.com\/creilsudoisetourisme\/","https:\/\/twitter.com\/CreilSudOiseOT","https:\/\/www.instagram.com\/creilsudoisetourisme\/","https:\/\/www.youtube.com\/channel\/UC8L_QD2wwyADW14zt9fY8kw"]},{"@type":"Person","@id":"https:\/\/www.creilsudoise-tourisme.fr\/#\/schema\/person\/c5140d47645b13bee896bfe05f1bd5da","name":"fdubut","image":{"@type":"ImageObject","inLanguage":"nl","@id":"https:\/\/www.creilsudoise-tourisme.fr\/#\/schema\/person\/image\/","url":"https:\/\/secure.gravatar.com\/avatar\/c49bb61337bf4556cafdbcb92c18618d?s=96&d=mm&r=g","contentUrl":"https:\/\/secure.gravatar.com\/avatar\/c49bb61337bf4556cafdbcb92c18618d?s=96&d=mm&r=g","caption":"fdubut"},"url":"https:\/\/www.creilsudoise-tourisme.fr\/nl\/auteur\/fdubut\/"}]}},"_links":{"self":[{"href":"https:\/\/www.creilsudoise-tourisme.fr\/nl\/wp-json\/wp\/v2\/posts\/37951"}],"collection":[{"href":"https:\/\/www.creilsudoise-tourisme.fr\/nl\/wp-json\/wp\/v2\/posts"}],"about":[{"href":"https:\/\/www.creilsudoise-tourisme.fr\/nl\/wp-json\/wp\/v2\/types\/post"}],"author":[{"embeddable":true,"href":"https:\/\/www.creilsudoise-tourisme.fr\/nl\/wp-json\/wp\/v2\/users\/3"}],"replies":[{"embeddable":true,"href":"https:\/\/www.creilsudoise-tourisme.fr\/nl\/wp-json\/wp\/v2\/comments?post=37951"}],"version-history":[{"count":3,"href":"https:\/\/www.creilsudoise-tourisme.fr\/nl\/wp-json\/wp\/v2\/posts\/37951\/revisions"}],"predecessor-version":[{"id":37958,"href":"https:\/\/www.creilsudoise-tourisme.fr\/nl\/wp-json\/wp\/v2\/posts\/37951\/revisions\/37958"}],"wp:featuredmedia":[{"embeddable":true,"href":"https:\/\/www.creilsudoise-tourisme.fr\/nl\/wp-json\/wp\/v2\/media\/37952"}],"wp:attachment":[{"href":"https:\/\/www.creilsudoise-tourisme.fr\/nl\/wp-json\/wp\/v2\/media?parent=37951"}],"wp:term":[{"taxonomy":"category","embeddable":true,"href":"https:\/\/www.creilsudoise-tourisme.fr\/nl\/wp-json\/wp\/v2\/categories?post=37951"},{"taxonomy":"post_tag","embeddable":true,"href":"https:\/\/www.creilsudoise-tourisme.fr\/nl\/wp-json\/wp\/v2\/tags?post=37951"}],"curies":[{"name":"wp","href":"https:\/\/api.w.org\/{rel}","templated":true}]}}