{"id":37307,"date":"2021-08-11T13:42:15","date_gmt":"2021-08-11T11:42:15","guid":{"rendered":"https:\/\/www.creilsudoise-tourisme.fr\/?p=37307"},"modified":"2025-11-24T11:49:31","modified_gmt":"2025-11-24T10:49:31","slug":"canard-creil","status":"publish","type":"post","link":"https:\/\/www.creilsudoise-tourisme.fr\/nl\/2021\/08\/11\/canard-creil\/","title":{"rendered":"De eend uit Creil"},"content":{"rendered":"<p class=\"is-style-excerpt\">Echt <strong>bloemensymbool<\/strong> van de stad Creil, de <strong>Eend<\/strong>gelegen aan Place Carnot, is een must voor iedereen in Creilliers. Maar weet je <strong>de oorsprong van deze Eend <\/strong>? <\/p>\n\n\n\n<p>Als mascotte van de stad herinneren we ons graag de verschillende decoraties door de jaren heen. Soms <strong>in bloei in de zomer<\/strong>of gekleed in <strong>takken en een paar slingers zodra het Kerstmis is. <\/strong>Als het dichterbij komt, fleurt de Creil eend op Place Carnot het landschap op.<\/p>\n\n\n\n<figure class=\"wp-block-image size-large\"><img decoding=\"async\" loading=\"lazy\" width=\"949\" height=\"742\" data-src=\"https:\/\/www.creilsudoise-tourisme.fr\/wp-content\/uploads\/2021\/08\/Canard-de-Creil-en-hiver.jpg\" alt=\"Le Canard de Creil in de winter\" class=\"wp-image-37314\" data-srcset=\"https:\/\/www.creilsudoise-tourisme.fr\/wp-content\/uploads\/2021\/08\/Canard-de-Creil-en-hiver.jpg 949w, https:\/\/www.creilsudoise-tourisme.fr\/wp-content\/uploads\/2021\/08\/Canard-de-Creil-en-hiver-600x469.jpg 600w, https:\/\/www.creilsudoise-tourisme.fr\/wp-content\/uploads\/2021\/08\/Canard-de-Creil-en-hiver-900x704.jpg 900w, https:\/\/www.creilsudoise-tourisme.fr\/wp-content\/uploads\/2021\/08\/Canard-de-Creil-en-hiver-200x156.jpg 200w, https:\/\/www.creilsudoise-tourisme.fr\/wp-content\/uploads\/2021\/08\/Canard-de-Creil-en-hiver-650x508.jpg 650w, https:\/\/www.creilsudoise-tourisme.fr\/wp-content\/uploads\/2021\/08\/Canard-de-Creil-en-hiver-387x303.jpg 387w\" sizes=\"(max-width: 949px) 100vw, 949px\" \/><figcaption class=\"wp-element-caption\">Creil eend is bedekt met sparrentakken in de winter<\/figcaption><\/figure>\n\n\n\n<h2>De oorsprong van de eend<\/h2>\n\n\n\n<p>Het was niet gemakkelijk om erachter te komen, maar de<strong>et team van Creil Sud Oise Tourisme is op zoek gegaan naar informatie van de afdeling erfgoed van de stad Creil.<\/strong> die ons dit heeft toevertrouwd:<\/p>\n\n\n\n<p>\"Het ijzeren frame van de eend is gemaakt door SOFEMO, een ijzerwerkbedrijf uit Montataire. <strong>in de jaren 1980<\/strong>. Dit is een verzoek voor <strong>Jean Anciant<\/strong> (voormalig burgemeester van Creil) voor de bouw van een complex bestaande uit een <strong>open boek met wapenschild<\/strong> (op de Match rotonde in de rue de la R\u00e9publique), een andere bij de ingang van de Moulin wijk en de Creil eend \".<\/p>\n\n\n\n<p>We hadden graag meer willen weten over de symboliek van deze eend, maar het is waarschijnlijk veilig om te zeggen dat dit<strong> de oevers van de rivier de Oise die door de stad stroomt.<\/strong>. Een rivier waaraan <strong>Creil dankt zijn industri\u00eble ontwikkeling aan<\/strong> al voor de komst van de spoorlijn, vooral dankzij het gebruik van de <strong>watermolens <\/strong>waardoor de eerste industrie\u00ebn zich in de regio konden vestigen net na de Franse Revolutie (zoals bijvoorbeeld de aardewerkindustrie).<\/p>\n\n\n\n<h2>Versierd door de gemeentelijke kassen<\/h2>\n\n\n\n<p>In de zomer, bijna <strong>15.000 bloemen<\/strong> die het metalen frame van de eend bedekken. We danken dit werk aan <strong>groenvoorzieners van de stad Creil<\/strong>Duizenden zaailingen worden op deze manier gekweekt in de <strong>gemeentelijke kassen<\/strong>. Raadpleeg onze <a href=\"https:\/\/www.creilsudoise-tourisme.fr\/nl\/agenda\/\" target=\"_blank\" rel=\"noreferrer noopener\">agenda <\/a>om meer te weten te komen over komende bezoeken!<\/p>\n\n\n\n<hr class=\"wp-block-separator has-css-opacity\"\/>","protected":false},"excerpt":{"rendered":"<p>De Canard, gelegen op de Place Carnot, is een echt symbool van de stad Creil en is een must voor iedereen die Creil bezoekt. Maar ken je de oorsprong van de Canard? De mascotte van de stad, de eend, is door de jaren heen op verschillende manieren versierd. Soms in bloei in de zomer, of versierd met takken van [...]<\/p>","protected":false},"author":3,"featured_media":37308,"comment_status":"closed","ping_status":"open","sticky":false,"template":"","format":"standard","meta":{"_relevanssi_hide_post":"","_relevanssi_hide_content":"","_relevanssi_pin_for_all":"","_relevanssi_pin_keywords":"","_relevanssi_unpin_keywords":"","_relevanssi_related_keywords":"","_relevanssi_related_include_ids":"","_relevanssi_related_exclude_ids":"","_relevanssi_related_no_append":"","_relevanssi_related_not_related":"","_relevanssi_related_posts":"32820,36690,271,36660,36681,36653","_relevanssi_noindex_reason":""},"categories":[3],"tags":[],"yoast_head":"<!-- This site is optimized with the Yoast SEO plugin v20.2.1 - https:\/\/yoast.com\/wordpress\/plugins\/seo\/ -->\n<title>Anecdote : l&#039;origine du Canard de Creil, mascotte de la ville<\/title>\n<meta name=\"description\" content=\"D\u00e9couvrez, \u00e0 travers une anecdote, l&#039;histoire de la c\u00e9l\u00e8bre mascotte de Creil : le canard de la place Carnot.\" \/>\n<meta name=\"robots\" content=\"index, follow, max-snippet:-1, max-image-preview:large, max-video-preview:-1\" \/>\n<link rel=\"canonical\" href=\"https:\/\/www.creilsudoise-tourisme.fr\/nl\/2021\/08\/11\/canard-creil\/\" \/>\n<meta property=\"og:locale\" content=\"nl_NL\" \/>\n<meta property=\"og:type\" content=\"article\" \/>\n<meta property=\"og:title\" content=\"Anecdote : l&#039;origine du Canard de Creil, mascotte de la ville\" \/>\n<meta property=\"og:description\" content=\"D\u00e9couvrez, \u00e0 travers une anecdote, l&#039;histoire de la c\u00e9l\u00e8bre mascotte de Creil : le canard de la place Carnot.\" \/>\n<meta property=\"og:url\" content=\"https:\/\/www.creilsudoise-tourisme.fr\/nl\/2021\/08\/11\/canard-creil\/\" \/>\n<meta property=\"og:site_name\" content=\"Office de Tourisme Creil Sud Oise\" \/>\n<meta property=\"article:publisher\" content=\"https:\/\/www.facebook.com\/creilsudoisetourisme\/\" \/>\n<meta property=\"article:published_time\" content=\"2021-08-11T11:42:15+00:00\" \/>\n<meta property=\"article:modified_time\" content=\"2025-11-24T10:49:31+00:00\" \/>\n<meta property=\"og:image\" content=\"https:\/\/www.creilsudoise-tourisme.fr\/wp-content\/uploads\/2021\/08\/Canard-de-Creil.jpg\" \/>\n\t<meta property=\"og:image:width\" content=\"1480\" \/>\n\t<meta property=\"og:image:height\" content=\"934\" \/>\n\t<meta property=\"og:image:type\" content=\"image\/jpeg\" \/>\n<meta name=\"author\" content=\"fdubut\" \/>\n<meta name=\"twitter:card\" content=\"summary_large_image\" \/>\n<meta name=\"twitter:creator\" content=\"@CreilSudOiseOT\" \/>\n<meta name=\"twitter:site\" content=\"@CreilSudOiseOT\" \/>\n<meta name=\"twitter:label1\" content=\"Geschreven door\" \/>\n\t<meta name=\"twitter:data1\" content=\"fdubut\" \/>\n\t<meta name=\"twitter:label2\" content=\"Geschatte leestijd\" \/>\n\t<meta name=\"twitter:data2\" content=\"2 minuten\" \/>\n<script type=\"application\/ld+json\" class=\"yoast-schema-graph\">{\"@context\":\"https:\/\/schema.org\",\"@graph\":[{\"@type\":\"Article\",\"@id\":\"https:\/\/www.creilsudoise-tourisme.fr\/2021\/08\/11\/canard-creil\/#article\",\"isPartOf\":{\"@id\":\"https:\/\/www.creilsudoise-tourisme.fr\/2021\/08\/11\/canard-creil\/\"},\"author\":{\"name\":\"fdubut\",\"@id\":\"https:\/\/www.creilsudoise-tourisme.fr\/#\/schema\/person\/c5140d47645b13bee896bfe05f1bd5da\"},\"headline\":\"Le canard de Creil\",\"datePublished\":\"2021-08-11T11:42:15+00:00\",\"dateModified\":\"2025-11-24T10:49:31+00:00\",\"mainEntityOfPage\":{\"@id\":\"https:\/\/www.creilsudoise-tourisme.fr\/2021\/08\/11\/canard-creil\/\"},\"wordCount\":368,\"publisher\":{\"@id\":\"https:\/\/www.creilsudoise-tourisme.fr\/#organization\"},\"articleSection\":[\"Anecdotes\"],\"inLanguage\":\"nl\"},{\"@type\":\"WebPage\",\"@id\":\"https:\/\/www.creilsudoise-tourisme.fr\/2021\/08\/11\/canard-creil\/\",\"url\":\"https:\/\/www.creilsudoise-tourisme.fr\/2021\/08\/11\/canard-creil\/\",\"name\":\"Anecdote : l'origine du Canard de Creil, mascotte de la ville\",\"isPartOf\":{\"@id\":\"https:\/\/www.creilsudoise-tourisme.fr\/#website\"},\"datePublished\":\"2021-08-11T11:42:15+00:00\",\"dateModified\":\"2025-11-24T10:49:31+00:00\",\"description\":\"D\u00e9couvrez, \u00e0 travers une anecdote, l'histoire de la c\u00e9l\u00e8bre mascotte de Creil : le canard de la place Carnot.\",\"breadcrumb\":{\"@id\":\"https:\/\/www.creilsudoise-tourisme.fr\/2021\/08\/11\/canard-creil\/#breadcrumb\"},\"inLanguage\":\"nl\",\"potentialAction\":[{\"@type\":\"ReadAction\",\"target\":[\"https:\/\/www.creilsudoise-tourisme.fr\/2021\/08\/11\/canard-creil\/\"]}]},{\"@type\":\"BreadcrumbList\",\"@id\":\"https:\/\/www.creilsudoise-tourisme.fr\/2021\/08\/11\/canard-creil\/#breadcrumb\",\"itemListElement\":[{\"@type\":\"ListItem\",\"position\":1,\"name\":\"Accueil\",\"item\":\"https:\/\/www.creilsudoise-tourisme.fr\/\"},{\"@type\":\"ListItem\",\"position\":2,\"name\":\"Le canard de Creil\"}]},{\"@type\":\"WebSite\",\"@id\":\"https:\/\/www.creilsudoise-tourisme.fr\/#website\",\"url\":\"https:\/\/www.creilsudoise-tourisme.fr\/\",\"name\":\"Office de Tourisme Creil Sud Oise\",\"description\":\"Creil Sud Oise Tourisme, un territoire \u00e0 explorer !\",\"publisher\":{\"@id\":\"https:\/\/www.creilsudoise-tourisme.fr\/#organization\"},\"potentialAction\":[{\"@type\":\"SearchAction\",\"target\":{\"@type\":\"EntryPoint\",\"urlTemplate\":\"https:\/\/www.creilsudoise-tourisme.fr\/?s={search_term_string}\"},\"query-input\":\"required name=search_term_string\"}],\"inLanguage\":\"nl\"},{\"@type\":\"Organization\",\"@id\":\"https:\/\/www.creilsudoise-tourisme.fr\/#organization\",\"name\":\"Creil Sud Oise Tourisme\",\"url\":\"https:\/\/www.creilsudoise-tourisme.fr\/\",\"logo\":{\"@type\":\"ImageObject\",\"inLanguage\":\"nl\",\"@id\":\"https:\/\/www.creilsudoise-tourisme.fr\/#\/schema\/logo\/image\/\",\"url\":\"https:\/\/www.creilsudoise-tourisme.fr\/wp-content\/uploads\/2021\/05\/logo-svg.png\",\"contentUrl\":\"https:\/\/www.creilsudoise-tourisme.fr\/wp-content\/uploads\/2021\/05\/logo-svg.png\",\"width\":182,\"height\":71,\"caption\":\"Creil Sud Oise Tourisme\"},\"image\":{\"@id\":\"https:\/\/www.creilsudoise-tourisme.fr\/#\/schema\/logo\/image\/\"},\"sameAs\":[\"https:\/\/www.facebook.com\/creilsudoisetourisme\/\",\"https:\/\/twitter.com\/CreilSudOiseOT\",\"https:\/\/www.instagram.com\/creilsudoisetourisme\/\",\"https:\/\/www.youtube.com\/channel\/UC8L_QD2wwyADW14zt9fY8kw\"]},{\"@type\":\"Person\",\"@id\":\"https:\/\/www.creilsudoise-tourisme.fr\/#\/schema\/person\/c5140d47645b13bee896bfe05f1bd5da\",\"name\":\"fdubut\",\"image\":{\"@type\":\"ImageObject\",\"inLanguage\":\"nl\",\"@id\":\"https:\/\/www.creilsudoise-tourisme.fr\/#\/schema\/person\/image\/\",\"url\":\"https:\/\/secure.gravatar.com\/avatar\/c49bb61337bf4556cafdbcb92c18618d?s=96&d=mm&r=g\",\"contentUrl\":\"https:\/\/secure.gravatar.com\/avatar\/c49bb61337bf4556cafdbcb92c18618d?s=96&d=mm&r=g\",\"caption\":\"fdubut\"},\"url\":\"https:\/\/www.creilsudoise-tourisme.fr\/nl\/auteur\/fdubut\/\"}]}<\/script>\n<!-- \/ Yoast SEO plugin. -->","yoast_head_json":{"title":"Anecdote : l'origine du Canard de Creil, mascotte de la ville","description":"D\u00e9couvrez, \u00e0 travers une anecdote, l'histoire de la c\u00e9l\u00e8bre mascotte de Creil : le canard de la place Carnot.","robots":{"index":"index","follow":"follow","max-snippet":"max-snippet:-1","max-image-preview":"max-image-preview:large","max-video-preview":"max-video-preview:-1"},"canonical":"https:\/\/www.creilsudoise-tourisme.fr\/nl\/2021\/08\/11\/canard-creil\/","og_locale":"nl_NL","og_type":"article","og_title":"Anecdote : l'origine du Canard de Creil, mascotte de la ville","og_description":"D\u00e9couvrez, \u00e0 travers une anecdote, l'histoire de la c\u00e9l\u00e8bre mascotte de Creil : le canard de la place Carnot.","og_url":"https:\/\/www.creilsudoise-tourisme.fr\/nl\/2021\/08\/11\/canard-creil\/","og_site_name":"Office de Tourisme Creil Sud Oise","article_publisher":"https:\/\/www.facebook.com\/creilsudoisetourisme\/","article_published_time":"2021-08-11T11:42:15+00:00","article_modified_time":"2025-11-24T10:49:31+00:00","og_image":[{"width":1480,"height":934,"url":"https:\/\/www.creilsudoise-tourisme.fr\/wp-content\/uploads\/2021\/08\/Canard-de-Creil.jpg","type":"image\/jpeg"}],"author":"fdubut","twitter_card":"summary_large_image","twitter_creator":"@CreilSudOiseOT","twitter_site":"@CreilSudOiseOT","twitter_misc":{"Geschreven door":"fdubut","Geschatte leestijd":"2 minuten"},"schema":{"@context":"https:\/\/schema.org","@graph":[{"@type":"Article","@id":"https:\/\/www.creilsudoise-tourisme.fr\/2021\/08\/11\/canard-creil\/#article","isPartOf":{"@id":"https:\/\/www.creilsudoise-tourisme.fr\/2021\/08\/11\/canard-creil\/"},"author":{"name":"fdubut","@id":"https:\/\/www.creilsudoise-tourisme.fr\/#\/schema\/person\/c5140d47645b13bee896bfe05f1bd5da"},"headline":"Le canard de Creil","datePublished":"2021-08-11T11:42:15+00:00","dateModified":"2025-11-24T10:49:31+00:00","mainEntityOfPage":{"@id":"https:\/\/www.creilsudoise-tourisme.fr\/2021\/08\/11\/canard-creil\/"},"wordCount":368,"publisher":{"@id":"https:\/\/www.creilsudoise-tourisme.fr\/#organization"},"articleSection":["Anecdotes"],"inLanguage":"nl"},{"@type":"WebPage","@id":"https:\/\/www.creilsudoise-tourisme.fr\/2021\/08\/11\/canard-creil\/","url":"https:\/\/www.creilsudoise-tourisme.fr\/2021\/08\/11\/canard-creil\/","name":"Anecdote : l'origine du Canard de Creil, mascotte de la ville","isPartOf":{"@id":"https:\/\/www.creilsudoise-tourisme.fr\/#website"},"datePublished":"2021-08-11T11:42:15+00:00","dateModified":"2025-11-24T10:49:31+00:00","description":"D\u00e9couvrez, \u00e0 travers une anecdote, l'histoire de la c\u00e9l\u00e8bre mascotte de Creil : le canard de la place Carnot.","breadcrumb":{"@id":"https:\/\/www.creilsudoise-tourisme.fr\/2021\/08\/11\/canard-creil\/#breadcrumb"},"inLanguage":"nl","potentialAction":[{"@type":"ReadAction","target":["https:\/\/www.creilsudoise-tourisme.fr\/2021\/08\/11\/canard-creil\/"]}]},{"@type":"BreadcrumbList","@id":"https:\/\/www.creilsudoise-tourisme.fr\/2021\/08\/11\/canard-creil\/#breadcrumb","itemListElement":[{"@type":"ListItem","position":1,"name":"Accueil","item":"https:\/\/www.creilsudoise-tourisme.fr\/"},{"@type":"ListItem","position":2,"name":"Le canard de Creil"}]},{"@type":"WebSite","@id":"https:\/\/www.creilsudoise-tourisme.fr\/#website","url":"https:\/\/www.creilsudoise-tourisme.fr\/","name":"Office de Tourisme Creil Sud Oise","description":"Creil Sud Oise Tourisme, un territoire \u00e0 explorer !","publisher":{"@id":"https:\/\/www.creilsudoise-tourisme.fr\/#organization"},"potentialAction":[{"@type":"SearchAction","target":{"@type":"EntryPoint","urlTemplate":"https:\/\/www.creilsudoise-tourisme.fr\/?s={search_term_string}"},"query-input":"required name=search_term_string"}],"inLanguage":"nl"},{"@type":"Organization","@id":"https:\/\/www.creilsudoise-tourisme.fr\/#organization","name":"Creil Sud Oise Tourisme","url":"https:\/\/www.creilsudoise-tourisme.fr\/","logo":{"@type":"ImageObject","inLanguage":"nl","@id":"https:\/\/www.creilsudoise-tourisme.fr\/#\/schema\/logo\/image\/","url":"https:\/\/www.creilsudoise-tourisme.fr\/wp-content\/uploads\/2021\/05\/logo-svg.png","contentUrl":"https:\/\/www.creilsudoise-tourisme.fr\/wp-content\/uploads\/2021\/05\/logo-svg.png","width":182,"height":71,"caption":"Creil Sud Oise Tourisme"},"image":{"@id":"https:\/\/www.creilsudoise-tourisme.fr\/#\/schema\/logo\/image\/"},"sameAs":["https:\/\/www.facebook.com\/creilsudoisetourisme\/","https:\/\/twitter.com\/CreilSudOiseOT","https:\/\/www.instagram.com\/creilsudoisetourisme\/","https:\/\/www.youtube.com\/channel\/UC8L_QD2wwyADW14zt9fY8kw"]},{"@type":"Person","@id":"https:\/\/www.creilsudoise-tourisme.fr\/#\/schema\/person\/c5140d47645b13bee896bfe05f1bd5da","name":"fdubut","image":{"@type":"ImageObject","inLanguage":"nl","@id":"https:\/\/www.creilsudoise-tourisme.fr\/#\/schema\/person\/image\/","url":"https:\/\/secure.gravatar.com\/avatar\/c49bb61337bf4556cafdbcb92c18618d?s=96&d=mm&r=g","contentUrl":"https:\/\/secure.gravatar.com\/avatar\/c49bb61337bf4556cafdbcb92c18618d?s=96&d=mm&r=g","caption":"fdubut"},"url":"https:\/\/www.creilsudoise-tourisme.fr\/nl\/auteur\/fdubut\/"}]}},"_links":{"self":[{"href":"https:\/\/www.creilsudoise-tourisme.fr\/nl\/wp-json\/wp\/v2\/posts\/37307"}],"collection":[{"href":"https:\/\/www.creilsudoise-tourisme.fr\/nl\/wp-json\/wp\/v2\/posts"}],"about":[{"href":"https:\/\/www.creilsudoise-tourisme.fr\/nl\/wp-json\/wp\/v2\/types\/post"}],"author":[{"embeddable":true,"href":"https:\/\/www.creilsudoise-tourisme.fr\/nl\/wp-json\/wp\/v2\/users\/3"}],"replies":[{"embeddable":true,"href":"https:\/\/www.creilsudoise-tourisme.fr\/nl\/wp-json\/wp\/v2\/comments?post=37307"}],"version-history":[{"count":7,"href":"https:\/\/www.creilsudoise-tourisme.fr\/nl\/wp-json\/wp\/v2\/posts\/37307\/revisions"}],"predecessor-version":[{"id":66504,"href":"https:\/\/www.creilsudoise-tourisme.fr\/nl\/wp-json\/wp\/v2\/posts\/37307\/revisions\/66504"}],"wp:featuredmedia":[{"embeddable":true,"href":"https:\/\/www.creilsudoise-tourisme.fr\/nl\/wp-json\/wp\/v2\/media\/37308"}],"wp:attachment":[{"href":"https:\/\/www.creilsudoise-tourisme.fr\/nl\/wp-json\/wp\/v2\/media?parent=37307"}],"wp:term":[{"taxonomy":"category","embeddable":true,"href":"https:\/\/www.creilsudoise-tourisme.fr\/nl\/wp-json\/wp\/v2\/categories?post=37307"},{"taxonomy":"post_tag","embeddable":true,"href":"https:\/\/www.creilsudoise-tourisme.fr\/nl\/wp-json\/wp\/v2\/tags?post=37307"}],"curies":[{"name":"wp","href":"https:\/\/api.w.org\/{rel}","templated":true}]}}