{"id":37060,"date":"2023-07-21T10:34:32","date_gmt":"2023-07-21T08:34:32","guid":{"rendered":"https:\/\/www.creilsudoise-tourisme.fr\/?p=37060"},"modified":"2023-08-16T15:26:10","modified_gmt":"2023-08-16T13:26:10","slug":"festival-mosaique","status":"publish","type":"post","link":"https:\/\/www.creilsudoise-tourisme.fr\/nl\/2023\/07\/21\/mozaiek-festival\/","title":{"rendered":"Festival Mosa\u00efque"},"content":{"rendered":"<p class=\"is-style-excerpt\">Van <strong>21 tot 24 september 2023<\/strong>, <strong>Straatkunst verovert Creil Sud Oise<\/strong> ! Ontdek theater, dans, efemere installaties en acrobatiek op \u00e9\u00e9n plek! <strong>bij u in de buurt <\/strong>!<\/p>\n\n\n\n<h2>Gratis voorstellingen<\/h2>\n\n\n\n<p>De<strong> Festival Mosa\u00efque<\/strong>is een waanzinnige weddenschap op kunst die naar een stad bij jou in de buurt komt! Van <em>21 tot 24 september<\/em>gedurende 4 dagen, <strong>9 voorstellingen<\/strong> worden u aangeboden <strong>in de 11 gemeenten van Bestemming Creil Sud Oise<\/strong> Creil, Cramoisy, Maysel, Montataire, Nogent-sur-Oise, Rousseloy, Saint-Leu-d'Esserent, Saint-Maximin, Saint-Vaast-l\u00e8s-Mello, Thiverny en Villers-Saint-Paul! <\/p>\n\n\n\n<p>Helemaal <strong>gratis<\/strong>Deze voorstellingen geven je een moment van geluk, dromen, po\u00ebzie en lachen! En er is voor elk wat wils: <strong>volwassenen en kinderen zijn welkom<\/strong> ! <\/p>\n\n\n\n<p>Zoek alle<strong> praktische informatie <\/strong>op de website van Festival Mosa\u00efque!<\/p>\n\n\n\n<div class=\"is-horizontal is-content-justification-center is-layout-flex wp-container-1 wp-block-buttons\">\n<div class=\"wp-block-button\"><a class=\"wp-block-button__link wp-element-button\" href=\"https:\/\/faiencerie-theatre.com\/mosaique\" target=\"_blank\" rel=\"noreferrer noopener\">Programma en praktische informatie<\/a><\/div>\n<\/div>\n\n\n\n\n\n<hr class=\"wp-block-separator has-css-opacity\"\/>\n\n\n\n<div class=\"is-layout-flex wp-container-5 wp-block-columns\">\n<div class=\"is-layout-flow wp-block-column\" style=\"flex-basis:66.66%\">\n<h2>Word vrijwilliger!<\/h2>\n\n\n\n<p>De Fa\u00efencerie-Th\u00e9\u00e2tre-Cin\u00e9ma in Creil is op zoek naar <strong>vrijwilligers voor het Moza\u00efekfestival<\/strong>.<\/p>\n\n\n\n<div class=\"is-horizontal is-content-justification-center is-layout-flex wp-container-2 wp-block-buttons\">\n<div class=\"wp-block-button\"><a class=\"wp-block-button__link wp-element-button\" href=\"https:\/\/faiencerie-theatre.com\/saison-2023-2024\/benevoles\" target=\"_blank\" rel=\"noreferrer noopener\">Lees meer<\/a><\/div>\n<\/div>\n<\/div>\n\n\n\n<div class=\"is-layout-flow wp-block-column\" style=\"flex-basis:33.33%\">\n<figure class=\"wp-block-image size-large\"><a href=\"http:\/\/www.faiencerie-theatre.com\/Recherchedebenevoles.html\"><img decoding=\"async\" loading=\"lazy\" width=\"327\" height=\"354\" data-src=\"https:\/\/www.creilsudoise-tourisme.fr\/wp-content\/uploads\/2021\/08\/Devenez-benevoles-pour-le-Festival-Mosaique.jpg\" alt=\"De Fa\u00efencerie-Th\u00e9\u00e2tre is op zoek naar vrijwilligers!\" class=\"wp-image-37061\" data-srcset=\"https:\/\/www.creilsudoise-tourisme.fr\/wp-content\/uploads\/2021\/08\/Devenez-benevoles-pour-le-Festival-Mosaique.jpg 327w, https:\/\/www.creilsudoise-tourisme.fr\/wp-content\/uploads\/2021\/08\/Devenez-benevoles-pour-le-Festival-Mosaique-200x217.jpg 200w\" sizes=\"(max-width: 327px) 100vw, 327px\" \/><\/a><\/figure>\n<\/div>\n<\/div>","protected":false},"excerpt":{"rendered":"<p>Van 21 tot 24 september 2023 zal straatkunst Creil Sud Oise overspoelen! Ontdek theater, dans, efemere installaties en acrobatiek voor de deur! Gratis voorstellingen Het Mosa\u00efque Festival brengt kunst bij jou in de buurt! Vanaf 21 [...]<\/p>","protected":false},"author":3,"featured_media":48446,"comment_status":"closed","ping_status":"open","sticky":false,"template":"","format":"standard","meta":{"_relevanssi_hide_post":"","_relevanssi_hide_content":"","_relevanssi_pin_for_all":"","_relevanssi_pin_keywords":"","_relevanssi_unpin_keywords":"","_relevanssi_related_keywords":"","_relevanssi_related_include_ids":"","_relevanssi_related_exclude_ids":"","_relevanssi_related_no_append":"","_relevanssi_related_not_related":"","_relevanssi_related_posts":"271,36681,32820,36660,267,36653","_relevanssi_noindex_reason":""},"categories":[5],"tags":[],"yoast_head":"<!-- This site is optimized with the Yoast SEO plugin v20.2.1 - https:\/\/yoast.com\/wordpress\/plugins\/seo\/ -->\n<title>Festival Mosa\u00efque : des spectacles gratuits \u00e0 Creil Sud Oise<\/title>\n<meta name=\"description\" content=\"Du 21 au 24 septembre 2023, d\u00e9ambulez \u00e0 Creil Sud Oise au gr\u00e9 de spectacles gratuits : th\u00e9\u00e2tre, danse, installations \u00e9ph\u00e9m\u00e8res...\" \/>\n<meta name=\"robots\" content=\"index, follow, max-snippet:-1, max-image-preview:large, max-video-preview:-1\" \/>\n<link rel=\"canonical\" href=\"https:\/\/www.creilsudoise-tourisme.fr\/nl\/2023\/07\/21\/mozaiek-festival\/\" \/>\n<meta property=\"og:locale\" content=\"nl_NL\" \/>\n<meta property=\"og:type\" content=\"article\" \/>\n<meta property=\"og:title\" content=\"Festival Mosa\u00efque : des spectacles gratuits \u00e0 Creil Sud Oise\" \/>\n<meta property=\"og:description\" content=\"Du 21 au 24 septembre 2023, d\u00e9ambulez \u00e0 Creil Sud Oise au gr\u00e9 de spectacles gratuits : th\u00e9\u00e2tre, danse, installations \u00e9ph\u00e9m\u00e8res...\" \/>\n<meta property=\"og:url\" content=\"https:\/\/www.creilsudoise-tourisme.fr\/nl\/2023\/07\/21\/mozaiek-festival\/\" \/>\n<meta property=\"og:site_name\" content=\"Office de Tourisme Creil Sud Oise\" \/>\n<meta property=\"article:publisher\" content=\"https:\/\/www.facebook.com\/creilsudoisetourisme\/\" \/>\n<meta property=\"article:published_time\" content=\"2023-07-21T08:34:32+00:00\" \/>\n<meta property=\"article:modified_time\" content=\"2023-08-16T13:26:10+00:00\" \/>\n<meta property=\"og:image\" content=\"https:\/\/www.creilsudoise-tourisme.fr\/wp-content\/uploads\/2021\/08\/348565152_742199454577870_9076739382031591701_n.jpg\" \/>\n\t<meta property=\"og:image:width\" content=\"1399\" \/>\n\t<meta property=\"og:image:height\" content=\"2048\" \/>\n\t<meta property=\"og:image:type\" content=\"image\/jpeg\" \/>\n<meta name=\"author\" content=\"fdubut\" \/>\n<meta name=\"twitter:card\" content=\"summary_large_image\" \/>\n<meta name=\"twitter:creator\" content=\"@CreilSudOiseOT\" \/>\n<meta name=\"twitter:site\" content=\"@CreilSudOiseOT\" \/>\n<meta name=\"twitter:label1\" content=\"Geschreven door\" \/>\n\t<meta name=\"twitter:data1\" content=\"fdubut\" \/>\n\t<meta name=\"twitter:label2\" content=\"Geschatte leestijd\" \/>\n\t<meta name=\"twitter:data2\" content=\"1 minuut\" \/>\n<script type=\"application\/ld+json\" class=\"yoast-schema-graph\">{\"@context\":\"https:\/\/schema.org\",\"@graph\":[{\"@type\":\"Article\",\"@id\":\"https:\/\/www.creilsudoise-tourisme.fr\/2023\/07\/21\/festival-mosaique\/#article\",\"isPartOf\":{\"@id\":\"https:\/\/www.creilsudoise-tourisme.fr\/2023\/07\/21\/festival-mosaique\/\"},\"author\":{\"name\":\"fdubut\",\"@id\":\"https:\/\/www.creilsudoise-tourisme.fr\/#\/schema\/person\/c5140d47645b13bee896bfe05f1bd5da\"},\"headline\":\"Festival Mosa\u00efque\",\"datePublished\":\"2023-07-21T08:34:32+00:00\",\"dateModified\":\"2023-08-16T13:26:10+00:00\",\"mainEntityOfPage\":{\"@id\":\"https:\/\/www.creilsudoise-tourisme.fr\/2023\/07\/21\/festival-mosaique\/\"},\"wordCount\":166,\"publisher\":{\"@id\":\"https:\/\/www.creilsudoise-tourisme.fr\/#organization\"},\"articleSection\":[\"Actus\"],\"inLanguage\":\"nl\"},{\"@type\":\"WebPage\",\"@id\":\"https:\/\/www.creilsudoise-tourisme.fr\/2023\/07\/21\/festival-mosaique\/\",\"url\":\"https:\/\/www.creilsudoise-tourisme.fr\/2023\/07\/21\/festival-mosaique\/\",\"name\":\"Festival Mosa\u00efque : des spectacles gratuits \u00e0 Creil Sud Oise\",\"isPartOf\":{\"@id\":\"https:\/\/www.creilsudoise-tourisme.fr\/#website\"},\"datePublished\":\"2023-07-21T08:34:32+00:00\",\"dateModified\":\"2023-08-16T13:26:10+00:00\",\"description\":\"Du 21 au 24 septembre 2023, d\u00e9ambulez \u00e0 Creil Sud Oise au gr\u00e9 de spectacles gratuits : th\u00e9\u00e2tre, danse, installations \u00e9ph\u00e9m\u00e8res...\",\"breadcrumb\":{\"@id\":\"https:\/\/www.creilsudoise-tourisme.fr\/2023\/07\/21\/festival-mosaique\/#breadcrumb\"},\"inLanguage\":\"nl\",\"potentialAction\":[{\"@type\":\"ReadAction\",\"target\":[\"https:\/\/www.creilsudoise-tourisme.fr\/2023\/07\/21\/festival-mosaique\/\"]}]},{\"@type\":\"BreadcrumbList\",\"@id\":\"https:\/\/www.creilsudoise-tourisme.fr\/2023\/07\/21\/festival-mosaique\/#breadcrumb\",\"itemListElement\":[{\"@type\":\"ListItem\",\"position\":1,\"name\":\"Accueil\",\"item\":\"https:\/\/www.creilsudoise-tourisme.fr\/\"},{\"@type\":\"ListItem\",\"position\":2,\"name\":\"Festival Mosa\u00efque\"}]},{\"@type\":\"WebSite\",\"@id\":\"https:\/\/www.creilsudoise-tourisme.fr\/#website\",\"url\":\"https:\/\/www.creilsudoise-tourisme.fr\/\",\"name\":\"Office de Tourisme Creil Sud Oise\",\"description\":\"Creil Sud Oise Tourisme, un territoire \u00e0 explorer !\",\"publisher\":{\"@id\":\"https:\/\/www.creilsudoise-tourisme.fr\/#organization\"},\"potentialAction\":[{\"@type\":\"SearchAction\",\"target\":{\"@type\":\"EntryPoint\",\"urlTemplate\":\"https:\/\/www.creilsudoise-tourisme.fr\/?s={search_term_string}\"},\"query-input\":\"required name=search_term_string\"}],\"inLanguage\":\"nl\"},{\"@type\":\"Organization\",\"@id\":\"https:\/\/www.creilsudoise-tourisme.fr\/#organization\",\"name\":\"Creil Sud Oise Tourisme\",\"url\":\"https:\/\/www.creilsudoise-tourisme.fr\/\",\"logo\":{\"@type\":\"ImageObject\",\"inLanguage\":\"nl\",\"@id\":\"https:\/\/www.creilsudoise-tourisme.fr\/#\/schema\/logo\/image\/\",\"url\":\"https:\/\/www.creilsudoise-tourisme.fr\/wp-content\/uploads\/2021\/05\/logo-svg.png\",\"contentUrl\":\"https:\/\/www.creilsudoise-tourisme.fr\/wp-content\/uploads\/2021\/05\/logo-svg.png\",\"width\":182,\"height\":71,\"caption\":\"Creil Sud Oise Tourisme\"},\"image\":{\"@id\":\"https:\/\/www.creilsudoise-tourisme.fr\/#\/schema\/logo\/image\/\"},\"sameAs\":[\"https:\/\/www.facebook.com\/creilsudoisetourisme\/\",\"https:\/\/twitter.com\/CreilSudOiseOT\",\"https:\/\/www.instagram.com\/creilsudoisetourisme\/\",\"https:\/\/www.youtube.com\/channel\/UC8L_QD2wwyADW14zt9fY8kw\"]},{\"@type\":\"Person\",\"@id\":\"https:\/\/www.creilsudoise-tourisme.fr\/#\/schema\/person\/c5140d47645b13bee896bfe05f1bd5da\",\"name\":\"fdubut\",\"image\":{\"@type\":\"ImageObject\",\"inLanguage\":\"nl\",\"@id\":\"https:\/\/www.creilsudoise-tourisme.fr\/#\/schema\/person\/image\/\",\"url\":\"https:\/\/secure.gravatar.com\/avatar\/c49bb61337bf4556cafdbcb92c18618d?s=96&d=mm&r=g\",\"contentUrl\":\"https:\/\/secure.gravatar.com\/avatar\/c49bb61337bf4556cafdbcb92c18618d?s=96&d=mm&r=g\",\"caption\":\"fdubut\"},\"url\":\"https:\/\/www.creilsudoise-tourisme.fr\/nl\/auteur\/fdubut\/\"}]}<\/script>\n<!-- \/ Yoast SEO plugin. -->","yoast_head_json":{"title":"Festival Mosa\u00efque : des spectacles gratuits \u00e0 Creil Sud Oise","description":"Du 21 au 24 septembre 2023, d\u00e9ambulez \u00e0 Creil Sud Oise au gr\u00e9 de spectacles gratuits : th\u00e9\u00e2tre, danse, installations \u00e9ph\u00e9m\u00e8res...","robots":{"index":"index","follow":"follow","max-snippet":"max-snippet:-1","max-image-preview":"max-image-preview:large","max-video-preview":"max-video-preview:-1"},"canonical":"https:\/\/www.creilsudoise-tourisme.fr\/nl\/2023\/07\/21\/mozaiek-festival\/","og_locale":"nl_NL","og_type":"article","og_title":"Festival Mosa\u00efque : des spectacles gratuits \u00e0 Creil Sud Oise","og_description":"Du 21 au 24 septembre 2023, d\u00e9ambulez \u00e0 Creil Sud Oise au gr\u00e9 de spectacles gratuits : th\u00e9\u00e2tre, danse, installations \u00e9ph\u00e9m\u00e8res...","og_url":"https:\/\/www.creilsudoise-tourisme.fr\/nl\/2023\/07\/21\/mozaiek-festival\/","og_site_name":"Office de Tourisme Creil Sud Oise","article_publisher":"https:\/\/www.facebook.com\/creilsudoisetourisme\/","article_published_time":"2023-07-21T08:34:32+00:00","article_modified_time":"2023-08-16T13:26:10+00:00","og_image":[{"width":1399,"height":2048,"url":"https:\/\/www.creilsudoise-tourisme.fr\/wp-content\/uploads\/2021\/08\/348565152_742199454577870_9076739382031591701_n.jpg","type":"image\/jpeg"}],"author":"fdubut","twitter_card":"summary_large_image","twitter_creator":"@CreilSudOiseOT","twitter_site":"@CreilSudOiseOT","twitter_misc":{"Geschreven door":"fdubut","Geschatte leestijd":"1 minuut"},"schema":{"@context":"https:\/\/schema.org","@graph":[{"@type":"Article","@id":"https:\/\/www.creilsudoise-tourisme.fr\/2023\/07\/21\/festival-mosaique\/#article","isPartOf":{"@id":"https:\/\/www.creilsudoise-tourisme.fr\/2023\/07\/21\/festival-mosaique\/"},"author":{"name":"fdubut","@id":"https:\/\/www.creilsudoise-tourisme.fr\/#\/schema\/person\/c5140d47645b13bee896bfe05f1bd5da"},"headline":"Festival Mosa\u00efque","datePublished":"2023-07-21T08:34:32+00:00","dateModified":"2023-08-16T13:26:10+00:00","mainEntityOfPage":{"@id":"https:\/\/www.creilsudoise-tourisme.fr\/2023\/07\/21\/festival-mosaique\/"},"wordCount":166,"publisher":{"@id":"https:\/\/www.creilsudoise-tourisme.fr\/#organization"},"articleSection":["Actus"],"inLanguage":"nl"},{"@type":"WebPage","@id":"https:\/\/www.creilsudoise-tourisme.fr\/2023\/07\/21\/festival-mosaique\/","url":"https:\/\/www.creilsudoise-tourisme.fr\/2023\/07\/21\/festival-mosaique\/","name":"Festival Mosa\u00efque : des spectacles gratuits \u00e0 Creil Sud Oise","isPartOf":{"@id":"https:\/\/www.creilsudoise-tourisme.fr\/#website"},"datePublished":"2023-07-21T08:34:32+00:00","dateModified":"2023-08-16T13:26:10+00:00","description":"Du 21 au 24 septembre 2023, d\u00e9ambulez \u00e0 Creil Sud Oise au gr\u00e9 de spectacles gratuits : th\u00e9\u00e2tre, danse, installations \u00e9ph\u00e9m\u00e8res...","breadcrumb":{"@id":"https:\/\/www.creilsudoise-tourisme.fr\/2023\/07\/21\/festival-mosaique\/#breadcrumb"},"inLanguage":"nl","potentialAction":[{"@type":"ReadAction","target":["https:\/\/www.creilsudoise-tourisme.fr\/2023\/07\/21\/festival-mosaique\/"]}]},{"@type":"BreadcrumbList","@id":"https:\/\/www.creilsudoise-tourisme.fr\/2023\/07\/21\/festival-mosaique\/#breadcrumb","itemListElement":[{"@type":"ListItem","position":1,"name":"Accueil","item":"https:\/\/www.creilsudoise-tourisme.fr\/"},{"@type":"ListItem","position":2,"name":"Festival Mosa\u00efque"}]},{"@type":"WebSite","@id":"https:\/\/www.creilsudoise-tourisme.fr\/#website","url":"https:\/\/www.creilsudoise-tourisme.fr\/","name":"Office de Tourisme Creil Sud Oise","description":"Creil Sud Oise Tourisme, un territoire \u00e0 explorer !","publisher":{"@id":"https:\/\/www.creilsudoise-tourisme.fr\/#organization"},"potentialAction":[{"@type":"SearchAction","target":{"@type":"EntryPoint","urlTemplate":"https:\/\/www.creilsudoise-tourisme.fr\/?s={search_term_string}"},"query-input":"required name=search_term_string"}],"inLanguage":"nl"},{"@type":"Organization","@id":"https:\/\/www.creilsudoise-tourisme.fr\/#organization","name":"Creil Sud Oise Tourisme","url":"https:\/\/www.creilsudoise-tourisme.fr\/","logo":{"@type":"ImageObject","inLanguage":"nl","@id":"https:\/\/www.creilsudoise-tourisme.fr\/#\/schema\/logo\/image\/","url":"https:\/\/www.creilsudoise-tourisme.fr\/wp-content\/uploads\/2021\/05\/logo-svg.png","contentUrl":"https:\/\/www.creilsudoise-tourisme.fr\/wp-content\/uploads\/2021\/05\/logo-svg.png","width":182,"height":71,"caption":"Creil Sud Oise Tourisme"},"image":{"@id":"https:\/\/www.creilsudoise-tourisme.fr\/#\/schema\/logo\/image\/"},"sameAs":["https:\/\/www.facebook.com\/creilsudoisetourisme\/","https:\/\/twitter.com\/CreilSudOiseOT","https:\/\/www.instagram.com\/creilsudoisetourisme\/","https:\/\/www.youtube.com\/channel\/UC8L_QD2wwyADW14zt9fY8kw"]},{"@type":"Person","@id":"https:\/\/www.creilsudoise-tourisme.fr\/#\/schema\/person\/c5140d47645b13bee896bfe05f1bd5da","name":"fdubut","image":{"@type":"ImageObject","inLanguage":"nl","@id":"https:\/\/www.creilsudoise-tourisme.fr\/#\/schema\/person\/image\/","url":"https:\/\/secure.gravatar.com\/avatar\/c49bb61337bf4556cafdbcb92c18618d?s=96&d=mm&r=g","contentUrl":"https:\/\/secure.gravatar.com\/avatar\/c49bb61337bf4556cafdbcb92c18618d?s=96&d=mm&r=g","caption":"fdubut"},"url":"https:\/\/www.creilsudoise-tourisme.fr\/nl\/auteur\/fdubut\/"}]}},"_links":{"self":[{"href":"https:\/\/www.creilsudoise-tourisme.fr\/nl\/wp-json\/wp\/v2\/posts\/37060"}],"collection":[{"href":"https:\/\/www.creilsudoise-tourisme.fr\/nl\/wp-json\/wp\/v2\/posts"}],"about":[{"href":"https:\/\/www.creilsudoise-tourisme.fr\/nl\/wp-json\/wp\/v2\/types\/post"}],"author":[{"embeddable":true,"href":"https:\/\/www.creilsudoise-tourisme.fr\/nl\/wp-json\/wp\/v2\/users\/3"}],"replies":[{"embeddable":true,"href":"https:\/\/www.creilsudoise-tourisme.fr\/nl\/wp-json\/wp\/v2\/comments?post=37060"}],"version-history":[{"count":6,"href":"https:\/\/www.creilsudoise-tourisme.fr\/nl\/wp-json\/wp\/v2\/posts\/37060\/revisions"}],"predecessor-version":[{"id":48768,"href":"https:\/\/www.creilsudoise-tourisme.fr\/nl\/wp-json\/wp\/v2\/posts\/37060\/revisions\/48768"}],"wp:featuredmedia":[{"embeddable":true,"href":"https:\/\/www.creilsudoise-tourisme.fr\/nl\/wp-json\/wp\/v2\/media\/48446"}],"wp:attachment":[{"href":"https:\/\/www.creilsudoise-tourisme.fr\/nl\/wp-json\/wp\/v2\/media?parent=37060"}],"wp:term":[{"taxonomy":"category","embeddable":true,"href":"https:\/\/www.creilsudoise-tourisme.fr\/nl\/wp-json\/wp\/v2\/categories?post=37060"},{"taxonomy":"post_tag","embeddable":true,"href":"https:\/\/www.creilsudoise-tourisme.fr\/nl\/wp-json\/wp\/v2\/tags?post=37060"}],"curies":[{"name":"wp","href":"https:\/\/api.w.org\/{rel}","templated":true}]}}