{"id":37046,"date":"2025-09-02T11:30:00","date_gmt":"2025-09-02T09:30:00","guid":{"rendered":"https:\/\/www.creilsudoise-tourisme.fr\/?p=37046"},"modified":"2025-10-08T10:32:44","modified_gmt":"2025-10-08T08:32:44","slug":"jep","status":"publish","type":"post","link":"https:\/\/www.creilsudoise-tourisme.fr\/nl\/2025\/09\/02\/jep\/","title":{"rendered":"Open Monumentendagen"},"content":{"rendered":"<p class=\"is-style-excerpt\">Ontdek de <strong>Programma Europese erfgoeddagen<\/strong> 2025 in Creil Sud Oise! <\/p>\n\n\n\n<h2>Tot ziens op 20 en 21 september!<\/h2>\n\n\n\n<p>De <strong>Europese erfgoeddagen<\/strong> zijn de place to be voor <strong>ontdek de rijkdom om ons heen <\/strong>! <\/p>\n\n\n\n<p>Dit nationale evenement werd in 1983 in het leven geroepen door Jack Lang, <strong>is voor iedereen, gezinnen, kinderen en volwassenen<\/strong>via <strong>uitzonderlijke bezoeken<\/strong>s, de <strong>ongewone gebeurtenissen <\/strong>en zelfs <strong>sites openen die zelden (of nooit!) open zijn voor het publiek<\/strong>. <\/p>\n\n\n\n<p>Het thema van dit jaar is <strong>Erfgoed<\/strong> <strong>architecturaal<\/strong> !<\/p>\n\n\n\n<p>Creil Sud Oise biedt een breed scala aan evenementen voor zowel volwassenen als kinderen. <\/p>\n\n\n\n<p><strong>Doe er je voordeel mee, het is gratis of tegen een zeer lage prijs!<\/strong><\/p>\n\n\n\n\n\n<hr class=\"wp-block-separator has-css-opacity\"\/>\n\n\n\n<div class=\"is-layout-flex wp-container-4 wp-block-columns\">\n<div class=\"is-layout-flow wp-block-column\" style=\"flex-basis:66.66%\">\n<h2>Het nationale programma<\/h2>\n\n\n\n<p>Wil je er even helemaal tussenuit? Bezoek de website van het evenement voor meer informatie.<strong> 2025 Europese erfgoeddagen programma <\/strong>!<\/p>\n\n\n\n<div class=\"is-horizontal is-content-justification-center is-layout-flex wp-container-1 wp-block-buttons\">\n<div class=\"wp-block-button\"><a class=\"wp-block-button__link wp-element-button\" href=\"https:\/\/journeesdupatrimoine.culture.gouv.fr\/programme\" target=\"_blank\" rel=\"noreferrer noopener\">NATIONAAL PROGRAMMA<\/a><\/div>\n<\/div>\n<\/div>\n\n\n\n<div class=\"is-layout-flow wp-block-column\" style=\"flex-basis:33.33%\">\n<figure class=\"wp-block-image size-large\"><img decoding=\"async\" loading=\"lazy\" width=\"1051\" height=\"1200\" data-src=\"https:\/\/www.creilsudoise-tourisme.fr\/wp-content\/uploads\/2025\/09\/format-1080x1920_santexte-1051x1200.jpg\" alt=\"\" class=\"wp-image-64865\" data-srcset=\"https:\/\/www.creilsudoise-tourisme.fr\/wp-content\/uploads\/2025\/09\/format-1080x1920_santexte-1051x1200.jpg 1051w, https:\/\/www.creilsudoise-tourisme.fr\/wp-content\/uploads\/2025\/09\/format-1080x1920_santexte-525x600.jpg 525w, https:\/\/www.creilsudoise-tourisme.fr\/wp-content\/uploads\/2025\/09\/format-1080x1920_santexte-788x900.jpg 788w, https:\/\/www.creilsudoise-tourisme.fr\/wp-content\/uploads\/2025\/09\/format-1080x1920_santexte-1345x1536.jpg 1345w, https:\/\/www.creilsudoise-tourisme.fr\/wp-content\/uploads\/2025\/09\/format-1080x1920_santexte-11x12.jpg 11w, https:\/\/www.creilsudoise-tourisme.fr\/wp-content\/uploads\/2025\/09\/format-1080x1920_santexte-200x228.jpg 200w, https:\/\/www.creilsudoise-tourisme.fr\/wp-content\/uploads\/2025\/09\/format-1080x1920_santexte-650x742.jpg 650w, https:\/\/www.creilsudoise-tourisme.fr\/wp-content\/uploads\/2025\/09\/format-1080x1920_santexte-387x442.jpg 387w, https:\/\/www.creilsudoise-tourisme.fr\/wp-content\/uploads\/2025\/09\/format-1080x1920_santexte.jpg 1681w\" sizes=\"(max-width: 1051px) 100vw, 1051px\" \/><\/figure>\n<\/div>\n<\/div>\n\n\n\n<hr class=\"wp-block-separator has-css-opacity\"\/>\n\n\n<div class=\"wp-block wp-block-highlight\">\n            <h3 class=\"wp-block-highlight-item wp-block-highlight-title\">Doe je mee aan de Open Monumentendagen?<\/h3>\n                <p class=\"wp-block-highlight-item wp-block-highlight-excerpt\">Jij bent <strong>organisator van een evenement in de regio Creil Sud Oise<\/strong> <strong>tijdens de Open Monumentendagen <\/strong>(of een ander evenement!) maar het staat niet op deze lijst?<br><br><strong>Adverteer gratis uw evenement door dit in te vullen <a href=\"https:\/\/oise.tourinsoft.com\/questionnaire-web\/2f591c16-b52e-4dfc-8106-ffe735dad39e\/eef450e0-413e-4799-b603-660b1bec7447\/add.aspx\" target=\"_blank\" rel=\"noreferrer noopener\">formulier <\/a>!<\/strong><\/p>\n    <\/div>","protected":false},"excerpt":{"rendered":"<p>Ontdek het programma van de Europese Erfgoeddagen 2025 in Creil Sud Oise! Tot ziens op 20 en 21 september! De Europese Erfgoeddagen zijn de place to be als je de schatten om je heen wilt ontdekken! Dit nationale evenement werd in 1983 door Jack Lang in het leven geroepen en staat open voor iedereen: gezinnen, kinderen, [...]<\/p>","protected":false},"author":3,"featured_media":64865,"comment_status":"closed","ping_status":"open","sticky":false,"template":"","format":"standard","meta":{"_relevanssi_hide_post":"","_relevanssi_hide_content":"","_relevanssi_pin_for_all":"","_relevanssi_pin_keywords":"","_relevanssi_unpin_keywords":"","_relevanssi_related_keywords":"","_relevanssi_related_include_ids":"","_relevanssi_related_exclude_ids":"","_relevanssi_related_no_append":"","_relevanssi_related_not_related":"","_relevanssi_related_posts":"271,36668,267,36653,36690,32820","_relevanssi_noindex_reason":""},"categories":[5],"tags":[],"yoast_head":"<!-- This site is optimized with the Yoast SEO plugin v20.2.1 - https:\/\/yoast.com\/wordpress\/plugins\/seo\/ -->\n<title>Programme des Journ\u00e9es du Patrimoine 2025 \u00e0 Creil Sud Oise<\/title>\n<meta name=\"description\" content=\"Retrouvez toutes les sorties gratuites et \u00e0 petits prix organis\u00e9es \u00e0 Creil Sud Oise \u00e0 l&#039;occasion des Journ\u00e9es du Patrimoine \u00e0 Creil Sud Oise.\" \/>\n<meta name=\"robots\" content=\"index, follow, max-snippet:-1, max-image-preview:large, max-video-preview:-1\" \/>\n<link rel=\"canonical\" href=\"https:\/\/www.creilsudoise-tourisme.fr\/nl\/2025\/09\/02\/jep\/\" \/>\n<meta property=\"og:locale\" content=\"nl_NL\" \/>\n<meta property=\"og:type\" content=\"article\" \/>\n<meta property=\"og:title\" content=\"Programme des Journ\u00e9es du Patrimoine 2025 \u00e0 Creil Sud Oise\" \/>\n<meta property=\"og:description\" content=\"Retrouvez toutes les sorties gratuites et \u00e0 petits prix organis\u00e9es \u00e0 Creil Sud Oise \u00e0 l&#039;occasion des Journ\u00e9es du Patrimoine \u00e0 Creil Sud Oise.\" \/>\n<meta property=\"og:url\" content=\"https:\/\/www.creilsudoise-tourisme.fr\/nl\/2025\/09\/02\/jep\/\" \/>\n<meta property=\"og:site_name\" content=\"Office de Tourisme Creil Sud Oise\" \/>\n<meta property=\"article:publisher\" content=\"https:\/\/www.facebook.com\/creilsudoisetourisme\/\" \/>\n<meta property=\"article:published_time\" content=\"2025-09-02T09:30:00+00:00\" \/>\n<meta property=\"article:modified_time\" content=\"2025-10-08T08:32:44+00:00\" \/>\n<meta property=\"og:image\" content=\"https:\/\/www.creilsudoise-tourisme.fr\/wp-content\/uploads\/2025\/09\/format-1080x1920_santexte.jpg\" \/>\n\t<meta property=\"og:image:width\" content=\"1681\" \/>\n\t<meta property=\"og:image:height\" content=\"1920\" \/>\n\t<meta property=\"og:image:type\" content=\"image\/jpeg\" \/>\n<meta name=\"author\" content=\"fdubut\" \/>\n<meta name=\"twitter:card\" content=\"summary_large_image\" \/>\n<meta name=\"twitter:creator\" content=\"@CreilSudOiseOT\" \/>\n<meta name=\"twitter:site\" content=\"@CreilSudOiseOT\" \/>\n<meta name=\"twitter:label1\" content=\"Geschreven door\" \/>\n\t<meta name=\"twitter:data1\" content=\"fdubut\" \/>\n\t<meta name=\"twitter:label2\" content=\"Geschatte leestijd\" \/>\n\t<meta name=\"twitter:data2\" content=\"1 minuut\" \/>\n<script type=\"application\/ld+json\" class=\"yoast-schema-graph\">{\"@context\":\"https:\/\/schema.org\",\"@graph\":[{\"@type\":\"Article\",\"@id\":\"https:\/\/www.creilsudoise-tourisme.fr\/2025\/09\/02\/jep\/#article\",\"isPartOf\":{\"@id\":\"https:\/\/www.creilsudoise-tourisme.fr\/2025\/09\/02\/jep\/\"},\"author\":{\"name\":\"fdubut\",\"@id\":\"https:\/\/www.creilsudoise-tourisme.fr\/#\/schema\/person\/c5140d47645b13bee896bfe05f1bd5da\"},\"headline\":\"Journ\u00e9es du Patrimoine\",\"datePublished\":\"2025-09-02T09:30:00+00:00\",\"dateModified\":\"2025-10-08T08:32:44+00:00\",\"mainEntityOfPage\":{\"@id\":\"https:\/\/www.creilsudoise-tourisme.fr\/2025\/09\/02\/jep\/\"},\"wordCount\":143,\"publisher\":{\"@id\":\"https:\/\/www.creilsudoise-tourisme.fr\/#organization\"},\"articleSection\":[\"Actus\"],\"inLanguage\":\"nl\"},{\"@type\":\"WebPage\",\"@id\":\"https:\/\/www.creilsudoise-tourisme.fr\/2025\/09\/02\/jep\/\",\"url\":\"https:\/\/www.creilsudoise-tourisme.fr\/2025\/09\/02\/jep\/\",\"name\":\"Programme des Journ\u00e9es du Patrimoine 2025 \u00e0 Creil Sud Oise\",\"isPartOf\":{\"@id\":\"https:\/\/www.creilsudoise-tourisme.fr\/#website\"},\"datePublished\":\"2025-09-02T09:30:00+00:00\",\"dateModified\":\"2025-10-08T08:32:44+00:00\",\"description\":\"Retrouvez toutes les sorties gratuites et \u00e0 petits prix organis\u00e9es \u00e0 Creil Sud Oise \u00e0 l'occasion des Journ\u00e9es du Patrimoine \u00e0 Creil Sud Oise.\",\"breadcrumb\":{\"@id\":\"https:\/\/www.creilsudoise-tourisme.fr\/2025\/09\/02\/jep\/#breadcrumb\"},\"inLanguage\":\"nl\",\"potentialAction\":[{\"@type\":\"ReadAction\",\"target\":[\"https:\/\/www.creilsudoise-tourisme.fr\/2025\/09\/02\/jep\/\"]}]},{\"@type\":\"BreadcrumbList\",\"@id\":\"https:\/\/www.creilsudoise-tourisme.fr\/2025\/09\/02\/jep\/#breadcrumb\",\"itemListElement\":[{\"@type\":\"ListItem\",\"position\":1,\"name\":\"Accueil\",\"item\":\"https:\/\/www.creilsudoise-tourisme.fr\/\"},{\"@type\":\"ListItem\",\"position\":2,\"name\":\"Journ\u00e9es du Patrimoine\"}]},{\"@type\":\"WebSite\",\"@id\":\"https:\/\/www.creilsudoise-tourisme.fr\/#website\",\"url\":\"https:\/\/www.creilsudoise-tourisme.fr\/\",\"name\":\"Office de Tourisme Creil Sud Oise\",\"description\":\"Creil Sud Oise Tourisme, un territoire \u00e0 explorer !\",\"publisher\":{\"@id\":\"https:\/\/www.creilsudoise-tourisme.fr\/#organization\"},\"potentialAction\":[{\"@type\":\"SearchAction\",\"target\":{\"@type\":\"EntryPoint\",\"urlTemplate\":\"https:\/\/www.creilsudoise-tourisme.fr\/?s={search_term_string}\"},\"query-input\":\"required name=search_term_string\"}],\"inLanguage\":\"nl\"},{\"@type\":\"Organization\",\"@id\":\"https:\/\/www.creilsudoise-tourisme.fr\/#organization\",\"name\":\"Creil Sud Oise Tourisme\",\"url\":\"https:\/\/www.creilsudoise-tourisme.fr\/\",\"logo\":{\"@type\":\"ImageObject\",\"inLanguage\":\"nl\",\"@id\":\"https:\/\/www.creilsudoise-tourisme.fr\/#\/schema\/logo\/image\/\",\"url\":\"https:\/\/www.creilsudoise-tourisme.fr\/wp-content\/uploads\/2021\/05\/logo-svg.png\",\"contentUrl\":\"https:\/\/www.creilsudoise-tourisme.fr\/wp-content\/uploads\/2021\/05\/logo-svg.png\",\"width\":182,\"height\":71,\"caption\":\"Creil Sud Oise Tourisme\"},\"image\":{\"@id\":\"https:\/\/www.creilsudoise-tourisme.fr\/#\/schema\/logo\/image\/\"},\"sameAs\":[\"https:\/\/www.facebook.com\/creilsudoisetourisme\/\",\"https:\/\/twitter.com\/CreilSudOiseOT\",\"https:\/\/www.instagram.com\/creilsudoisetourisme\/\",\"https:\/\/www.youtube.com\/channel\/UC8L_QD2wwyADW14zt9fY8kw\"]},{\"@type\":\"Person\",\"@id\":\"https:\/\/www.creilsudoise-tourisme.fr\/#\/schema\/person\/c5140d47645b13bee896bfe05f1bd5da\",\"name\":\"fdubut\",\"image\":{\"@type\":\"ImageObject\",\"inLanguage\":\"nl\",\"@id\":\"https:\/\/www.creilsudoise-tourisme.fr\/#\/schema\/person\/image\/\",\"url\":\"https:\/\/secure.gravatar.com\/avatar\/c49bb61337bf4556cafdbcb92c18618d?s=96&d=mm&r=g\",\"contentUrl\":\"https:\/\/secure.gravatar.com\/avatar\/c49bb61337bf4556cafdbcb92c18618d?s=96&d=mm&r=g\",\"caption\":\"fdubut\"},\"url\":\"https:\/\/www.creilsudoise-tourisme.fr\/nl\/auteur\/fdubut\/\"}]}<\/script>\n<!-- \/ Yoast SEO plugin. -->","yoast_head_json":{"title":"Programme des Journ\u00e9es du Patrimoine 2025 \u00e0 Creil Sud Oise","description":"Retrouvez toutes les sorties gratuites et \u00e0 petits prix organis\u00e9es \u00e0 Creil Sud Oise \u00e0 l'occasion des Journ\u00e9es du Patrimoine \u00e0 Creil Sud Oise.","robots":{"index":"index","follow":"follow","max-snippet":"max-snippet:-1","max-image-preview":"max-image-preview:large","max-video-preview":"max-video-preview:-1"},"canonical":"https:\/\/www.creilsudoise-tourisme.fr\/nl\/2025\/09\/02\/jep\/","og_locale":"nl_NL","og_type":"article","og_title":"Programme des Journ\u00e9es du Patrimoine 2025 \u00e0 Creil Sud Oise","og_description":"Retrouvez toutes les sorties gratuites et \u00e0 petits prix organis\u00e9es \u00e0 Creil Sud Oise \u00e0 l'occasion des Journ\u00e9es du Patrimoine \u00e0 Creil Sud Oise.","og_url":"https:\/\/www.creilsudoise-tourisme.fr\/nl\/2025\/09\/02\/jep\/","og_site_name":"Office de Tourisme Creil Sud Oise","article_publisher":"https:\/\/www.facebook.com\/creilsudoisetourisme\/","article_published_time":"2025-09-02T09:30:00+00:00","article_modified_time":"2025-10-08T08:32:44+00:00","og_image":[{"width":1681,"height":1920,"url":"https:\/\/www.creilsudoise-tourisme.fr\/wp-content\/uploads\/2025\/09\/format-1080x1920_santexte.jpg","type":"image\/jpeg"}],"author":"fdubut","twitter_card":"summary_large_image","twitter_creator":"@CreilSudOiseOT","twitter_site":"@CreilSudOiseOT","twitter_misc":{"Geschreven door":"fdubut","Geschatte leestijd":"1 minuut"},"schema":{"@context":"https:\/\/schema.org","@graph":[{"@type":"Article","@id":"https:\/\/www.creilsudoise-tourisme.fr\/2025\/09\/02\/jep\/#article","isPartOf":{"@id":"https:\/\/www.creilsudoise-tourisme.fr\/2025\/09\/02\/jep\/"},"author":{"name":"fdubut","@id":"https:\/\/www.creilsudoise-tourisme.fr\/#\/schema\/person\/c5140d47645b13bee896bfe05f1bd5da"},"headline":"Journ\u00e9es du Patrimoine","datePublished":"2025-09-02T09:30:00+00:00","dateModified":"2025-10-08T08:32:44+00:00","mainEntityOfPage":{"@id":"https:\/\/www.creilsudoise-tourisme.fr\/2025\/09\/02\/jep\/"},"wordCount":143,"publisher":{"@id":"https:\/\/www.creilsudoise-tourisme.fr\/#organization"},"articleSection":["Actus"],"inLanguage":"nl"},{"@type":"WebPage","@id":"https:\/\/www.creilsudoise-tourisme.fr\/2025\/09\/02\/jep\/","url":"https:\/\/www.creilsudoise-tourisme.fr\/2025\/09\/02\/jep\/","name":"Programme des Journ\u00e9es du Patrimoine 2025 \u00e0 Creil Sud Oise","isPartOf":{"@id":"https:\/\/www.creilsudoise-tourisme.fr\/#website"},"datePublished":"2025-09-02T09:30:00+00:00","dateModified":"2025-10-08T08:32:44+00:00","description":"Retrouvez toutes les sorties gratuites et \u00e0 petits prix organis\u00e9es \u00e0 Creil Sud Oise \u00e0 l'occasion des Journ\u00e9es du Patrimoine \u00e0 Creil Sud Oise.","breadcrumb":{"@id":"https:\/\/www.creilsudoise-tourisme.fr\/2025\/09\/02\/jep\/#breadcrumb"},"inLanguage":"nl","potentialAction":[{"@type":"ReadAction","target":["https:\/\/www.creilsudoise-tourisme.fr\/2025\/09\/02\/jep\/"]}]},{"@type":"BreadcrumbList","@id":"https:\/\/www.creilsudoise-tourisme.fr\/2025\/09\/02\/jep\/#breadcrumb","itemListElement":[{"@type":"ListItem","position":1,"name":"Accueil","item":"https:\/\/www.creilsudoise-tourisme.fr\/"},{"@type":"ListItem","position":2,"name":"Journ\u00e9es du Patrimoine"}]},{"@type":"WebSite","@id":"https:\/\/www.creilsudoise-tourisme.fr\/#website","url":"https:\/\/www.creilsudoise-tourisme.fr\/","name":"Office de Tourisme Creil Sud Oise","description":"Creil Sud Oise Tourisme, un territoire \u00e0 explorer !","publisher":{"@id":"https:\/\/www.creilsudoise-tourisme.fr\/#organization"},"potentialAction":[{"@type":"SearchAction","target":{"@type":"EntryPoint","urlTemplate":"https:\/\/www.creilsudoise-tourisme.fr\/?s={search_term_string}"},"query-input":"required name=search_term_string"}],"inLanguage":"nl"},{"@type":"Organization","@id":"https:\/\/www.creilsudoise-tourisme.fr\/#organization","name":"Creil Sud Oise Tourisme","url":"https:\/\/www.creilsudoise-tourisme.fr\/","logo":{"@type":"ImageObject","inLanguage":"nl","@id":"https:\/\/www.creilsudoise-tourisme.fr\/#\/schema\/logo\/image\/","url":"https:\/\/www.creilsudoise-tourisme.fr\/wp-content\/uploads\/2021\/05\/logo-svg.png","contentUrl":"https:\/\/www.creilsudoise-tourisme.fr\/wp-content\/uploads\/2021\/05\/logo-svg.png","width":182,"height":71,"caption":"Creil Sud Oise Tourisme"},"image":{"@id":"https:\/\/www.creilsudoise-tourisme.fr\/#\/schema\/logo\/image\/"},"sameAs":["https:\/\/www.facebook.com\/creilsudoisetourisme\/","https:\/\/twitter.com\/CreilSudOiseOT","https:\/\/www.instagram.com\/creilsudoisetourisme\/","https:\/\/www.youtube.com\/channel\/UC8L_QD2wwyADW14zt9fY8kw"]},{"@type":"Person","@id":"https:\/\/www.creilsudoise-tourisme.fr\/#\/schema\/person\/c5140d47645b13bee896bfe05f1bd5da","name":"fdubut","image":{"@type":"ImageObject","inLanguage":"nl","@id":"https:\/\/www.creilsudoise-tourisme.fr\/#\/schema\/person\/image\/","url":"https:\/\/secure.gravatar.com\/avatar\/c49bb61337bf4556cafdbcb92c18618d?s=96&d=mm&r=g","contentUrl":"https:\/\/secure.gravatar.com\/avatar\/c49bb61337bf4556cafdbcb92c18618d?s=96&d=mm&r=g","caption":"fdubut"},"url":"https:\/\/www.creilsudoise-tourisme.fr\/nl\/auteur\/fdubut\/"}]}},"_links":{"self":[{"href":"https:\/\/www.creilsudoise-tourisme.fr\/nl\/wp-json\/wp\/v2\/posts\/37046"}],"collection":[{"href":"https:\/\/www.creilsudoise-tourisme.fr\/nl\/wp-json\/wp\/v2\/posts"}],"about":[{"href":"https:\/\/www.creilsudoise-tourisme.fr\/nl\/wp-json\/wp\/v2\/types\/post"}],"author":[{"embeddable":true,"href":"https:\/\/www.creilsudoise-tourisme.fr\/nl\/wp-json\/wp\/v2\/users\/3"}],"replies":[{"embeddable":true,"href":"https:\/\/www.creilsudoise-tourisme.fr\/nl\/wp-json\/wp\/v2\/comments?post=37046"}],"version-history":[{"count":29,"href":"https:\/\/www.creilsudoise-tourisme.fr\/nl\/wp-json\/wp\/v2\/posts\/37046\/revisions"}],"predecessor-version":[{"id":65038,"href":"https:\/\/www.creilsudoise-tourisme.fr\/nl\/wp-json\/wp\/v2\/posts\/37046\/revisions\/65038"}],"wp:featuredmedia":[{"embeddable":true,"href":"https:\/\/www.creilsudoise-tourisme.fr\/nl\/wp-json\/wp\/v2\/media\/64865"}],"wp:attachment":[{"href":"https:\/\/www.creilsudoise-tourisme.fr\/nl\/wp-json\/wp\/v2\/media?parent=37046"}],"wp:term":[{"taxonomy":"category","embeddable":true,"href":"https:\/\/www.creilsudoise-tourisme.fr\/nl\/wp-json\/wp\/v2\/categories?post=37046"},{"taxonomy":"post_tag","embeddable":true,"href":"https:\/\/www.creilsudoise-tourisme.fr\/nl\/wp-json\/wp\/v2\/tags?post=37046"}],"curies":[{"name":"wp","href":"https:\/\/api.w.org\/{rel}","templated":true}]}}