{"id":36668,"date":"2021-07-20T12:11:13","date_gmt":"2021-07-20T10:11:13","guid":{"rendered":"https:\/\/www.creilsudoise-tourisme.fr\/?p=36668"},"modified":"2022-01-25T09:10:15","modified_gmt":"2022-01-25T08:10:15","slug":"tramway-creil","status":"publish","type":"post","link":"https:\/\/www.creilsudoise-tourisme.fr\/nl\/2021\/07\/20\/tram-creil\/","title":{"rendered":"Een tramproject voor Creil Sud Oise"},"content":{"rendered":"<p class=\"is-style-excerpt\">In een tijd waarin de spoorwegen bloeiden, was een <strong>Tramproject<\/strong> werd in 1900 opgericht om <strong>Creil, Nogent-sur-Oise en Montataire met elkaar verbinden<\/strong>.<\/p>\n\n\n\n<h2>De voordelen van de spoorweg in Creil<\/h2>\n\n\n\n<p><strong>Het bekken van Creillois heeft veel te danken aan de komst van de spoorwegen<\/strong> De lijn Parijs-Lille die door Creil liep, werd in 1843 geopend,<strong> Het is een van de negen lijnen tussen de hoofdstad en de rest van Frankrijk.<\/strong><\/p>\n\n\n\n<p>Het project zou oorspronkelijk door de stad Beauvais lopen, maar<strong> de industrialisatie van het bekken van de Creillois was zo veelbelovend in het midden van de 19e eeuw<sup>\u00e8me<\/sup> eeuw werd het project herwerkt met Creil als belangrijkste focus.<\/strong> en niet Beauvais. Deze verhuizing was een echte opwaartse spiraal, want het leidde tot de oprichting van nieuwe fabrieken en banen voor meer werknemers!<\/p>\n\n\n\n<h2>Het tramproject<\/h2>\n\n\n\n<p><strong>In 1900 werd serieus overwogen om een tramlijn aan te leggen vanuit Creil.<\/strong>zoals in Nantes, Bordeaux en Parijs. Het doel van het project was om de steden Creil, Nogent-sur-Oise en Montataire met elkaar te verbinden, zodat het voor werknemers in deze gemeenschappen gemakkelijker zou worden om zich tussen de verschillende fabrieken in het gebied te verplaatsen.<\/p>\n\n\n\n<p><strong>Het project werd echter in 1902 stopgezet omdat het zou betekenen dat de tram- en spoorlijnen moesten worden overgestoken.<\/strong>. De Compagnie du Nord vond dit punt te complex en gevaarlijk.<\/p>\n\n\n\n<figure class=\"wp-block-image size-large\"><img decoding=\"async\" loading=\"lazy\" width=\"718\" height=\"960\" data-src=\"https:\/\/www.creilsudoise-tourisme.fr\/wp-content\/uploads\/2021\/07\/Un-Tramway-a-Creil.jpg\" alt=\"Een tramlijn in Creil\" class=\"wp-image-36670\" data-srcset=\"https:\/\/www.creilsudoise-tourisme.fr\/wp-content\/uploads\/2021\/07\/Un-Tramway-a-Creil.jpg 718w, https:\/\/www.creilsudoise-tourisme.fr\/wp-content\/uploads\/2021\/07\/Un-Tramway-a-Creil-449x600.jpg 449w, https:\/\/www.creilsudoise-tourisme.fr\/wp-content\/uploads\/2021\/07\/Un-Tramway-a-Creil-673x900.jpg 673w, https:\/\/www.creilsudoise-tourisme.fr\/wp-content\/uploads\/2021\/07\/Un-Tramway-a-Creil-200x267.jpg 200w, https:\/\/www.creilsudoise-tourisme.fr\/wp-content\/uploads\/2021\/07\/Un-Tramway-a-Creil-650x869.jpg 650w, https:\/\/www.creilsudoise-tourisme.fr\/wp-content\/uploads\/2021\/07\/Un-Tramway-a-Creil-387x517.jpg 387w\" sizes=\"(max-width: 718px) 100vw, 718px\" \/><figcaption>Tramproject tussen Creil, Nogent-sur-Oise en Montataire<\/figcaption><\/figure>\n\n\n\n<h2>De Y-brug<\/h2>\n\n\n\n<p>In feite is het<strong> In ruil voor deze stopzetting werd de Y-brug gebouwd.<\/strong>om de gemeenten over de weg met elkaar te verbinden. De bouw van de brug begon in 1921 en werd voltooid in 1928, wat samenviel met de groeiende populariteit van de priv\u00e9-auto.<\/p>\n\n\n\n<hr class=\"wp-block-separator\"\/>","protected":false},"excerpt":{"rendered":"<p>In een periode waarin de spoorwegen een hoge vlucht namen, werd in 1900 een tramproject gelanceerd om Creil, Nogent-sur-Oise en Montataire met elkaar te verbinden. De voordelen van de spoorweg in Creil Het bekken van Creillois heeft veel te danken aan de komst van de spoorweg, die een ware industri\u00eble boom mogelijk maakte: de lijn [...]<\/p>","protected":false},"author":3,"featured_media":36670,"comment_status":"closed","ping_status":"open","sticky":false,"template":"","format":"standard","meta":{"_relevanssi_hide_post":"","_relevanssi_hide_content":"","_relevanssi_pin_for_all":"","_relevanssi_pin_keywords":"","_relevanssi_unpin_keywords":"","_relevanssi_related_keywords":"","_relevanssi_related_include_ids":"","_relevanssi_related_exclude_ids":"","_relevanssi_related_no_append":"","_relevanssi_related_not_related":"","_relevanssi_related_posts":"267,271,36653,32820,36660","_relevanssi_noindex_reason":""},"categories":[3],"tags":[],"yoast_head":"<!-- This site is optimized with the Yoast SEO plugin v20.2.1 - https:\/\/yoast.com\/wordpress\/plugins\/seo\/ -->\n<title>Anecdote : un projet de tramway \u00e0 Creil<\/title>\n<meta name=\"description\" content=\"D\u00e9couvrez comment Creil, Nogent-sur-Oise et Montataire ont failli \u00eatre reli\u00e9es par un Tramway et pourquoi le projet n&#039;a pas vu le jour !\" \/>\n<meta name=\"robots\" content=\"index, follow, max-snippet:-1, max-image-preview:large, max-video-preview:-1\" \/>\n<link rel=\"canonical\" href=\"https:\/\/www.creilsudoise-tourisme.fr\/nl\/2021\/07\/20\/tramway-creil\/\" \/>\n<meta property=\"og:locale\" content=\"nl_NL\" \/>\n<meta property=\"og:type\" content=\"article\" \/>\n<meta property=\"og:title\" content=\"Anecdote : un projet de tramway \u00e0 Creil\" \/>\n<meta property=\"og:description\" content=\"D\u00e9couvrez comment Creil, Nogent-sur-Oise et Montataire ont failli \u00eatre reli\u00e9es par un Tramway et pourquoi le projet n&#039;a pas vu le jour !\" \/>\n<meta property=\"og:url\" content=\"https:\/\/www.creilsudoise-tourisme.fr\/nl\/2021\/07\/20\/tramway-creil\/\" \/>\n<meta property=\"og:site_name\" content=\"Office de Tourisme Creil Sud Oise\" \/>\n<meta property=\"article:publisher\" content=\"https:\/\/www.facebook.com\/creilsudoisetourisme\/\" \/>\n<meta property=\"article:published_time\" content=\"2021-07-20T10:11:13+00:00\" \/>\n<meta property=\"article:modified_time\" content=\"2022-01-25T08:10:15+00:00\" \/>\n<meta property=\"og:image\" content=\"https:\/\/www.creilsudoise-tourisme.fr\/wp-content\/uploads\/2021\/07\/Un-Tramway-a-Creil.jpg\" \/>\n\t<meta property=\"og:image:width\" content=\"718\" \/>\n\t<meta property=\"og:image:height\" content=\"960\" \/>\n\t<meta property=\"og:image:type\" content=\"image\/jpeg\" \/>\n<meta name=\"author\" content=\"fdubut\" \/>\n<meta name=\"twitter:card\" content=\"summary_large_image\" \/>\n<meta name=\"twitter:creator\" content=\"@CreilSudOiseOT\" \/>\n<meta name=\"twitter:site\" content=\"@CreilSudOiseOT\" \/>\n<meta name=\"twitter:label1\" content=\"Geschreven door\" \/>\n\t<meta name=\"twitter:data1\" content=\"fdubut\" \/>\n\t<meta name=\"twitter:label2\" content=\"Geschatte leestijd\" \/>\n\t<meta name=\"twitter:data2\" content=\"2 minuten\" \/>\n<script type=\"application\/ld+json\" class=\"yoast-schema-graph\">{\"@context\":\"https:\/\/schema.org\",\"@graph\":[{\"@type\":\"Article\",\"@id\":\"https:\/\/www.creilsudoise-tourisme.fr\/en\/2021\/07\/20\/tramway-creil\/#article\",\"isPartOf\":{\"@id\":\"https:\/\/www.creilsudoise-tourisme.fr\/en\/2021\/07\/20\/tramway-creil\/\"},\"author\":{\"name\":\"fdubut\",\"@id\":\"https:\/\/www.creilsudoise-tourisme.fr\/#\/schema\/person\/c5140d47645b13bee896bfe05f1bd5da\"},\"headline\":\"Un projet Tramway pour Creil Sud Oise\",\"datePublished\":\"2021-07-20T10:11:13+00:00\",\"dateModified\":\"2022-01-25T08:10:15+00:00\",\"mainEntityOfPage\":{\"@id\":\"https:\/\/www.creilsudoise-tourisme.fr\/en\/2021\/07\/20\/tramway-creil\/\"},\"wordCount\":312,\"publisher\":{\"@id\":\"https:\/\/www.creilsudoise-tourisme.fr\/#organization\"},\"articleSection\":[\"Anecdotes\"],\"inLanguage\":\"nl\"},{\"@type\":\"WebPage\",\"@id\":\"https:\/\/www.creilsudoise-tourisme.fr\/en\/2021\/07\/20\/tramway-creil\/\",\"url\":\"https:\/\/www.creilsudoise-tourisme.fr\/en\/2021\/07\/20\/tramway-creil\/\",\"name\":\"Anecdote : un projet de tramway \u00e0 Creil\",\"isPartOf\":{\"@id\":\"https:\/\/www.creilsudoise-tourisme.fr\/#website\"},\"datePublished\":\"2021-07-20T10:11:13+00:00\",\"dateModified\":\"2022-01-25T08:10:15+00:00\",\"description\":\"D\u00e9couvrez comment Creil, Nogent-sur-Oise et Montataire ont failli \u00eatre reli\u00e9es par un Tramway et pourquoi le projet n'a pas vu le jour !\",\"breadcrumb\":{\"@id\":\"https:\/\/www.creilsudoise-tourisme.fr\/en\/2021\/07\/20\/tramway-creil\/#breadcrumb\"},\"inLanguage\":\"nl\",\"potentialAction\":[{\"@type\":\"ReadAction\",\"target\":[\"https:\/\/www.creilsudoise-tourisme.fr\/en\/2021\/07\/20\/tramway-creil\/\"]}]},{\"@type\":\"BreadcrumbList\",\"@id\":\"https:\/\/www.creilsudoise-tourisme.fr\/en\/2021\/07\/20\/tramway-creil\/#breadcrumb\",\"itemListElement\":[{\"@type\":\"ListItem\",\"position\":1,\"name\":\"Accueil\",\"item\":\"https:\/\/www.creilsudoise-tourisme.fr\/\"},{\"@type\":\"ListItem\",\"position\":2,\"name\":\"Un projet Tramway pour Creil Sud Oise\"}]},{\"@type\":\"WebSite\",\"@id\":\"https:\/\/www.creilsudoise-tourisme.fr\/#website\",\"url\":\"https:\/\/www.creilsudoise-tourisme.fr\/\",\"name\":\"Office de Tourisme Creil Sud Oise\",\"description\":\"Creil Sud Oise Tourisme, un territoire \u00e0 explorer !\",\"publisher\":{\"@id\":\"https:\/\/www.creilsudoise-tourisme.fr\/#organization\"},\"potentialAction\":[{\"@type\":\"SearchAction\",\"target\":{\"@type\":\"EntryPoint\",\"urlTemplate\":\"https:\/\/www.creilsudoise-tourisme.fr\/?s={search_term_string}\"},\"query-input\":\"required name=search_term_string\"}],\"inLanguage\":\"nl\"},{\"@type\":\"Organization\",\"@id\":\"https:\/\/www.creilsudoise-tourisme.fr\/#organization\",\"name\":\"Creil Sud Oise Tourisme\",\"url\":\"https:\/\/www.creilsudoise-tourisme.fr\/\",\"logo\":{\"@type\":\"ImageObject\",\"inLanguage\":\"nl\",\"@id\":\"https:\/\/www.creilsudoise-tourisme.fr\/#\/schema\/logo\/image\/\",\"url\":\"https:\/\/www.creilsudoise-tourisme.fr\/wp-content\/uploads\/2021\/05\/logo-svg.png\",\"contentUrl\":\"https:\/\/www.creilsudoise-tourisme.fr\/wp-content\/uploads\/2021\/05\/logo-svg.png\",\"width\":182,\"height\":71,\"caption\":\"Creil Sud Oise Tourisme\"},\"image\":{\"@id\":\"https:\/\/www.creilsudoise-tourisme.fr\/#\/schema\/logo\/image\/\"},\"sameAs\":[\"https:\/\/www.facebook.com\/creilsudoisetourisme\/\",\"https:\/\/twitter.com\/CreilSudOiseOT\",\"https:\/\/www.instagram.com\/creilsudoisetourisme\/\",\"https:\/\/www.youtube.com\/channel\/UC8L_QD2wwyADW14zt9fY8kw\"]},{\"@type\":\"Person\",\"@id\":\"https:\/\/www.creilsudoise-tourisme.fr\/#\/schema\/person\/c5140d47645b13bee896bfe05f1bd5da\",\"name\":\"fdubut\",\"image\":{\"@type\":\"ImageObject\",\"inLanguage\":\"nl\",\"@id\":\"https:\/\/www.creilsudoise-tourisme.fr\/#\/schema\/person\/image\/\",\"url\":\"https:\/\/secure.gravatar.com\/avatar\/c49bb61337bf4556cafdbcb92c18618d?s=96&d=mm&r=g\",\"contentUrl\":\"https:\/\/secure.gravatar.com\/avatar\/c49bb61337bf4556cafdbcb92c18618d?s=96&d=mm&r=g\",\"caption\":\"fdubut\"},\"url\":\"https:\/\/www.creilsudoise-tourisme.fr\/nl\/auteur\/fdubut\/\"}]}<\/script>\n<!-- \/ Yoast SEO plugin. -->","yoast_head_json":{"title":"Anecdote : un projet de tramway \u00e0 Creil","description":"D\u00e9couvrez comment Creil, Nogent-sur-Oise et Montataire ont failli \u00eatre reli\u00e9es par un Tramway et pourquoi le projet n'a pas vu le jour !","robots":{"index":"index","follow":"follow","max-snippet":"max-snippet:-1","max-image-preview":"max-image-preview:large","max-video-preview":"max-video-preview:-1"},"canonical":"https:\/\/www.creilsudoise-tourisme.fr\/nl\/2021\/07\/20\/tramway-creil\/","og_locale":"nl_NL","og_type":"article","og_title":"Anecdote : un projet de tramway \u00e0 Creil","og_description":"D\u00e9couvrez comment Creil, Nogent-sur-Oise et Montataire ont failli \u00eatre reli\u00e9es par un Tramway et pourquoi le projet n'a pas vu le jour !","og_url":"https:\/\/www.creilsudoise-tourisme.fr\/nl\/2021\/07\/20\/tramway-creil\/","og_site_name":"Office de Tourisme Creil Sud Oise","article_publisher":"https:\/\/www.facebook.com\/creilsudoisetourisme\/","article_published_time":"2021-07-20T10:11:13+00:00","article_modified_time":"2022-01-25T08:10:15+00:00","og_image":[{"width":718,"height":960,"url":"https:\/\/www.creilsudoise-tourisme.fr\/wp-content\/uploads\/2021\/07\/Un-Tramway-a-Creil.jpg","type":"image\/jpeg"}],"author":"fdubut","twitter_card":"summary_large_image","twitter_creator":"@CreilSudOiseOT","twitter_site":"@CreilSudOiseOT","twitter_misc":{"Geschreven door":"fdubut","Geschatte leestijd":"2 minuten"},"schema":{"@context":"https:\/\/schema.org","@graph":[{"@type":"Article","@id":"https:\/\/www.creilsudoise-tourisme.fr\/en\/2021\/07\/20\/tramway-creil\/#article","isPartOf":{"@id":"https:\/\/www.creilsudoise-tourisme.fr\/en\/2021\/07\/20\/tramway-creil\/"},"author":{"name":"fdubut","@id":"https:\/\/www.creilsudoise-tourisme.fr\/#\/schema\/person\/c5140d47645b13bee896bfe05f1bd5da"},"headline":"Un projet Tramway pour Creil Sud Oise","datePublished":"2021-07-20T10:11:13+00:00","dateModified":"2022-01-25T08:10:15+00:00","mainEntityOfPage":{"@id":"https:\/\/www.creilsudoise-tourisme.fr\/en\/2021\/07\/20\/tramway-creil\/"},"wordCount":312,"publisher":{"@id":"https:\/\/www.creilsudoise-tourisme.fr\/#organization"},"articleSection":["Anecdotes"],"inLanguage":"nl"},{"@type":"WebPage","@id":"https:\/\/www.creilsudoise-tourisme.fr\/en\/2021\/07\/20\/tramway-creil\/","url":"https:\/\/www.creilsudoise-tourisme.fr\/en\/2021\/07\/20\/tramway-creil\/","name":"Anecdote : un projet de tramway \u00e0 Creil","isPartOf":{"@id":"https:\/\/www.creilsudoise-tourisme.fr\/#website"},"datePublished":"2021-07-20T10:11:13+00:00","dateModified":"2022-01-25T08:10:15+00:00","description":"D\u00e9couvrez comment Creil, Nogent-sur-Oise et Montataire ont failli \u00eatre reli\u00e9es par un Tramway et pourquoi le projet n'a pas vu le jour !","breadcrumb":{"@id":"https:\/\/www.creilsudoise-tourisme.fr\/en\/2021\/07\/20\/tramway-creil\/#breadcrumb"},"inLanguage":"nl","potentialAction":[{"@type":"ReadAction","target":["https:\/\/www.creilsudoise-tourisme.fr\/en\/2021\/07\/20\/tramway-creil\/"]}]},{"@type":"BreadcrumbList","@id":"https:\/\/www.creilsudoise-tourisme.fr\/en\/2021\/07\/20\/tramway-creil\/#breadcrumb","itemListElement":[{"@type":"ListItem","position":1,"name":"Accueil","item":"https:\/\/www.creilsudoise-tourisme.fr\/"},{"@type":"ListItem","position":2,"name":"Un projet Tramway pour Creil Sud Oise"}]},{"@type":"WebSite","@id":"https:\/\/www.creilsudoise-tourisme.fr\/#website","url":"https:\/\/www.creilsudoise-tourisme.fr\/","name":"Office de Tourisme Creil Sud Oise","description":"Creil Sud Oise Tourisme, un territoire \u00e0 explorer !","publisher":{"@id":"https:\/\/www.creilsudoise-tourisme.fr\/#organization"},"potentialAction":[{"@type":"SearchAction","target":{"@type":"EntryPoint","urlTemplate":"https:\/\/www.creilsudoise-tourisme.fr\/?s={search_term_string}"},"query-input":"required name=search_term_string"}],"inLanguage":"nl"},{"@type":"Organization","@id":"https:\/\/www.creilsudoise-tourisme.fr\/#organization","name":"Creil Sud Oise Tourisme","url":"https:\/\/www.creilsudoise-tourisme.fr\/","logo":{"@type":"ImageObject","inLanguage":"nl","@id":"https:\/\/www.creilsudoise-tourisme.fr\/#\/schema\/logo\/image\/","url":"https:\/\/www.creilsudoise-tourisme.fr\/wp-content\/uploads\/2021\/05\/logo-svg.png","contentUrl":"https:\/\/www.creilsudoise-tourisme.fr\/wp-content\/uploads\/2021\/05\/logo-svg.png","width":182,"height":71,"caption":"Creil Sud Oise Tourisme"},"image":{"@id":"https:\/\/www.creilsudoise-tourisme.fr\/#\/schema\/logo\/image\/"},"sameAs":["https:\/\/www.facebook.com\/creilsudoisetourisme\/","https:\/\/twitter.com\/CreilSudOiseOT","https:\/\/www.instagram.com\/creilsudoisetourisme\/","https:\/\/www.youtube.com\/channel\/UC8L_QD2wwyADW14zt9fY8kw"]},{"@type":"Person","@id":"https:\/\/www.creilsudoise-tourisme.fr\/#\/schema\/person\/c5140d47645b13bee896bfe05f1bd5da","name":"fdubut","image":{"@type":"ImageObject","inLanguage":"nl","@id":"https:\/\/www.creilsudoise-tourisme.fr\/#\/schema\/person\/image\/","url":"https:\/\/secure.gravatar.com\/avatar\/c49bb61337bf4556cafdbcb92c18618d?s=96&d=mm&r=g","contentUrl":"https:\/\/secure.gravatar.com\/avatar\/c49bb61337bf4556cafdbcb92c18618d?s=96&d=mm&r=g","caption":"fdubut"},"url":"https:\/\/www.creilsudoise-tourisme.fr\/nl\/auteur\/fdubut\/"}]}},"_links":{"self":[{"href":"https:\/\/www.creilsudoise-tourisme.fr\/nl\/wp-json\/wp\/v2\/posts\/36668"}],"collection":[{"href":"https:\/\/www.creilsudoise-tourisme.fr\/nl\/wp-json\/wp\/v2\/posts"}],"about":[{"href":"https:\/\/www.creilsudoise-tourisme.fr\/nl\/wp-json\/wp\/v2\/types\/post"}],"author":[{"embeddable":true,"href":"https:\/\/www.creilsudoise-tourisme.fr\/nl\/wp-json\/wp\/v2\/users\/3"}],"replies":[{"embeddable":true,"href":"https:\/\/www.creilsudoise-tourisme.fr\/nl\/wp-json\/wp\/v2\/comments?post=36668"}],"version-history":[{"count":2,"href":"https:\/\/www.creilsudoise-tourisme.fr\/nl\/wp-json\/wp\/v2\/posts\/36668\/revisions"}],"predecessor-version":[{"id":36672,"href":"https:\/\/www.creilsudoise-tourisme.fr\/nl\/wp-json\/wp\/v2\/posts\/36668\/revisions\/36672"}],"wp:featuredmedia":[{"embeddable":true,"href":"https:\/\/www.creilsudoise-tourisme.fr\/nl\/wp-json\/wp\/v2\/media\/36670"}],"wp:attachment":[{"href":"https:\/\/www.creilsudoise-tourisme.fr\/nl\/wp-json\/wp\/v2\/media?parent=36668"}],"wp:term":[{"taxonomy":"category","embeddable":true,"href":"https:\/\/www.creilsudoise-tourisme.fr\/nl\/wp-json\/wp\/v2\/categories?post=36668"},{"taxonomy":"post_tag","embeddable":true,"href":"https:\/\/www.creilsudoise-tourisme.fr\/nl\/wp-json\/wp\/v2\/tags?post=36668"}],"curies":[{"name":"wp","href":"https:\/\/api.w.org\/{rel}","templated":true}]}}