{"id":36653,"date":"2021-07-20T11:48:34","date_gmt":"2021-07-20T09:48:34","guid":{"rendered":"https:\/\/www.creilsudoise-tourisme.fr\/?p=36653"},"modified":"2022-01-25T09:10:23","modified_gmt":"2022-01-25T08:10:23","slug":"hero-cramoisy","status":"publish","type":"post","link":"https:\/\/www.creilsudoise-tourisme.fr\/nl\/2021\/07\/20\/held-homo\/","title":{"rendered":"Een held in Cramoisy"},"content":{"rendered":"<p class=\"is-style-excerpt\">Het verhaal van een <strong>Amerikaanse held die zichzelf opofferde <\/strong>voor het dorp van <strong>Cramoisy<\/strong><\/p>\n\n\n\n<h2>Een neutralisatiemissie<\/h2>\n\n\n\n<p>25 augustus 1944, <strong>toen Parijs de bevrijding vierde<\/strong>a <strong>missie werd gelanceerd om Duitse vliegvelden te neutraliseren <\/strong>in de sector Laon en Reims. Drie\u00ebntwintig coureurs uit de 9<sup>th<\/sup> Air Force, de luchtmachtformatie van de Verenigde Staten, stijgt op van hun basis in Neuilly-la-For\u00eat (Calvados).<\/p>\n\n\n\n<p>De <strong>De soldaten werden echter snel onderschept door ongeveer dertig Duitse gevechtsvliegtuigen.<\/strong>in de sector Creil-Clermont-Beauvais. Aan beide kanten vielen zware verliezen: veel Duitse gevechtsvliegtuigen werden neergeschoten ondanks hun numerieke superioriteit, maar ten koste van elf Amerikaanse vliegtuigen. Zeven soldaten van de 9<sup>th<\/sup> Sommigen werden zelfs verborgen door de lokale bevolking, terwijl anderen gevangen werden genomen door Duitse soldaten.<\/p>\n\n\n\n<h2>Het offer<\/h2>\n\n\n\n<p><strong>Jerome James Zierlein, een jonge Texaan van 23 jaar, werd geraakt tijdens het gevecht.<\/strong>. Hij wist dat zijn vliegtuig zou neerstorten. Toen hij zich net boven het dorp Cramoisy bevond, koos Jerome James Zierlein ervoor om de tijd te nemen om zijn vliegtuig te repareren. <strong>rechtzetten van zijn vliegtuig, dat vermogen verloor, om het dorp te sparen voordat hij probeerde te ontsnappen<\/strong>. Op een te lage hoogte had zijn parachute geen tijd om open te gaan en het lichaam van de 23-jarige Texaanse piloot werd gevonden in de buurt van het Bois de la Garenne, niet ver van waar zijn vliegtuig was geland. De stoffelijke resten van de 2<sup>en<\/sup> Lt Jerome James Zierlein werden na de oorlog gerepatrieerd naar de Verenigde Staten. Hij ligt nu begraven in het San Jacinto Memorial Park in Houston, Texas.<\/p>\n\n\n\n<h2>Eerbetoon aan de nagedachtenis van Jerome James Zierlein<\/h2>\n\n\n\n<p><strong>Monte Laster, kunstenaar woonachtig in Cramoisy,<\/strong> zelf uit Texas, <strong>werkt nu samen met de Mairie de Cramoisy om de nagedachtenis van deze jonge soldaat te eren.<\/strong>. Een korte film is in voorbereiding, evenals een reeks andere projecten rond hetzelfde doel: het ingezamelde geld gebruiken om de kerk in Cramoisy te helpen restaureren.<\/p>\n\n\n\n<hr class=\"wp-block-separator\"\/>","protected":false},"excerpt":{"rendered":"<p>Het verhaal van een Amerikaanse held die zich opofferde voor het dorp Cramoisy Een neutralisatiemissie Op 25 augustus 1944, terwijl Parijs zijn bevrijding vierde, werd een missie gelanceerd om de Duitse vliegvelden in de omgeving van Laon en Reims te neutraliseren. Drie\u00ebntwintig piloten van de 9th Air Force, een Amerikaanse luchtmachtformatie, [...]<\/p>","protected":false},"author":3,"featured_media":36655,"comment_status":"closed","ping_status":"open","sticky":false,"template":"","format":"standard","meta":{"_relevanssi_hide_post":"","_relevanssi_hide_content":"","_relevanssi_pin_for_all":"","_relevanssi_pin_keywords":"","_relevanssi_unpin_keywords":"","_relevanssi_related_keywords":"","_relevanssi_related_include_ids":"","_relevanssi_related_exclude_ids":"","_relevanssi_related_no_append":"","_relevanssi_related_not_related":"","_relevanssi_related_posts":"32820,271,267","_relevanssi_noindex_reason":""},"categories":[3],"tags":[],"yoast_head":"<!-- This site is optimized with the Yoast SEO plugin v20.2.1 - https:\/\/yoast.com\/wordpress\/plugins\/seo\/ -->\n<title>Anecdote : le h\u00e9ro qui s&#039;est sacrifi\u00e9 pour Cramoisy<\/title>\n<meta name=\"description\" content=\"D\u00e9couvrez l&#039;histoire de Jerome James Zierlein, un jeune soldat am\u00e9ricain qui s&#039;est sacrifi\u00e9 pour le village de Cramoisy durant la Seconde Guerre mondiale.\" \/>\n<meta name=\"robots\" content=\"index, follow, max-snippet:-1, max-image-preview:large, max-video-preview:-1\" \/>\n<link rel=\"canonical\" href=\"https:\/\/www.creilsudoise-tourisme.fr\/nl\/2021\/07\/20\/hero-cramoisy\/\" \/>\n<meta property=\"og:locale\" content=\"nl_NL\" \/>\n<meta property=\"og:type\" content=\"article\" \/>\n<meta property=\"og:title\" content=\"Anecdote : le h\u00e9ro qui s&#039;est sacrifi\u00e9 pour Cramoisy\" \/>\n<meta property=\"og:description\" content=\"D\u00e9couvrez l&#039;histoire de Jerome James Zierlein, un jeune soldat am\u00e9ricain qui s&#039;est sacrifi\u00e9 pour le village de Cramoisy durant la Seconde Guerre mondiale.\" \/>\n<meta property=\"og:url\" content=\"https:\/\/www.creilsudoise-tourisme.fr\/nl\/2021\/07\/20\/hero-cramoisy\/\" \/>\n<meta property=\"og:site_name\" content=\"Office de Tourisme Creil Sud Oise\" \/>\n<meta property=\"article:publisher\" content=\"https:\/\/www.facebook.com\/creilsudoisetourisme\/\" \/>\n<meta property=\"article:published_time\" content=\"2021-07-20T09:48:34+00:00\" \/>\n<meta property=\"article:modified_time\" content=\"2022-01-25T08:10:23+00:00\" \/>\n<meta property=\"og:image\" content=\"https:\/\/www.creilsudoise-tourisme.fr\/wp-content\/uploads\/2021\/07\/Un-hero-qui-se-sacrifia-pour-Cramoisy.jpg\" \/>\n\t<meta property=\"og:image:width\" content=\"800\" \/>\n\t<meta property=\"og:image:height\" content=\"545\" \/>\n\t<meta property=\"og:image:type\" content=\"image\/jpeg\" \/>\n<meta name=\"author\" content=\"fdubut\" \/>\n<meta name=\"twitter:card\" content=\"summary_large_image\" \/>\n<meta name=\"twitter:creator\" content=\"@CreilSudOiseOT\" \/>\n<meta name=\"twitter:site\" content=\"@CreilSudOiseOT\" \/>\n<meta name=\"twitter:label1\" content=\"Geschreven door\" \/>\n\t<meta name=\"twitter:data1\" content=\"fdubut\" \/>\n\t<meta name=\"twitter:label2\" content=\"Geschatte leestijd\" \/>\n\t<meta name=\"twitter:data2\" content=\"2 minuten\" \/>\n<script type=\"application\/ld+json\" class=\"yoast-schema-graph\">{\"@context\":\"https:\/\/schema.org\",\"@graph\":[{\"@type\":\"Article\",\"@id\":\"https:\/\/www.creilsudoise-tourisme.fr\/en\/2021\/07\/20\/hero-cramoisy\/#article\",\"isPartOf\":{\"@id\":\"https:\/\/www.creilsudoise-tourisme.fr\/en\/2021\/07\/20\/hero-cramoisy\/\"},\"author\":{\"name\":\"fdubut\",\"@id\":\"https:\/\/www.creilsudoise-tourisme.fr\/#\/schema\/person\/c5140d47645b13bee896bfe05f1bd5da\"},\"headline\":\"Un h\u00e9ro \u00e0 Cramoisy\",\"datePublished\":\"2021-07-20T09:48:34+00:00\",\"dateModified\":\"2022-01-25T08:10:23+00:00\",\"mainEntityOfPage\":{\"@id\":\"https:\/\/www.creilsudoise-tourisme.fr\/en\/2021\/07\/20\/hero-cramoisy\/\"},\"wordCount\":365,\"publisher\":{\"@id\":\"https:\/\/www.creilsudoise-tourisme.fr\/#organization\"},\"articleSection\":[\"Anecdotes\"],\"inLanguage\":\"nl\"},{\"@type\":\"WebPage\",\"@id\":\"https:\/\/www.creilsudoise-tourisme.fr\/en\/2021\/07\/20\/hero-cramoisy\/\",\"url\":\"https:\/\/www.creilsudoise-tourisme.fr\/en\/2021\/07\/20\/hero-cramoisy\/\",\"name\":\"Anecdote : le h\u00e9ro qui s'est sacrifi\u00e9 pour Cramoisy\",\"isPartOf\":{\"@id\":\"https:\/\/www.creilsudoise-tourisme.fr\/#website\"},\"datePublished\":\"2021-07-20T09:48:34+00:00\",\"dateModified\":\"2022-01-25T08:10:23+00:00\",\"description\":\"D\u00e9couvrez l'histoire de Jerome James Zierlein, un jeune soldat am\u00e9ricain qui s'est sacrifi\u00e9 pour le village de Cramoisy durant la Seconde Guerre mondiale.\",\"breadcrumb\":{\"@id\":\"https:\/\/www.creilsudoise-tourisme.fr\/en\/2021\/07\/20\/hero-cramoisy\/#breadcrumb\"},\"inLanguage\":\"nl\",\"potentialAction\":[{\"@type\":\"ReadAction\",\"target\":[\"https:\/\/www.creilsudoise-tourisme.fr\/en\/2021\/07\/20\/hero-cramoisy\/\"]}]},{\"@type\":\"BreadcrumbList\",\"@id\":\"https:\/\/www.creilsudoise-tourisme.fr\/en\/2021\/07\/20\/hero-cramoisy\/#breadcrumb\",\"itemListElement\":[{\"@type\":\"ListItem\",\"position\":1,\"name\":\"Accueil\",\"item\":\"https:\/\/www.creilsudoise-tourisme.fr\/\"},{\"@type\":\"ListItem\",\"position\":2,\"name\":\"Un h\u00e9ro \u00e0 Cramoisy\"}]},{\"@type\":\"WebSite\",\"@id\":\"https:\/\/www.creilsudoise-tourisme.fr\/#website\",\"url\":\"https:\/\/www.creilsudoise-tourisme.fr\/\",\"name\":\"Office de Tourisme Creil Sud Oise\",\"description\":\"Creil Sud Oise Tourisme, un territoire \u00e0 explorer !\",\"publisher\":{\"@id\":\"https:\/\/www.creilsudoise-tourisme.fr\/#organization\"},\"potentialAction\":[{\"@type\":\"SearchAction\",\"target\":{\"@type\":\"EntryPoint\",\"urlTemplate\":\"https:\/\/www.creilsudoise-tourisme.fr\/?s={search_term_string}\"},\"query-input\":\"required name=search_term_string\"}],\"inLanguage\":\"nl\"},{\"@type\":\"Organization\",\"@id\":\"https:\/\/www.creilsudoise-tourisme.fr\/#organization\",\"name\":\"Creil Sud Oise Tourisme\",\"url\":\"https:\/\/www.creilsudoise-tourisme.fr\/\",\"logo\":{\"@type\":\"ImageObject\",\"inLanguage\":\"nl\",\"@id\":\"https:\/\/www.creilsudoise-tourisme.fr\/#\/schema\/logo\/image\/\",\"url\":\"https:\/\/www.creilsudoise-tourisme.fr\/wp-content\/uploads\/2021\/05\/logo-svg.png\",\"contentUrl\":\"https:\/\/www.creilsudoise-tourisme.fr\/wp-content\/uploads\/2021\/05\/logo-svg.png\",\"width\":182,\"height\":71,\"caption\":\"Creil Sud Oise Tourisme\"},\"image\":{\"@id\":\"https:\/\/www.creilsudoise-tourisme.fr\/#\/schema\/logo\/image\/\"},\"sameAs\":[\"https:\/\/www.facebook.com\/creilsudoisetourisme\/\",\"https:\/\/twitter.com\/CreilSudOiseOT\",\"https:\/\/www.instagram.com\/creilsudoisetourisme\/\",\"https:\/\/www.youtube.com\/channel\/UC8L_QD2wwyADW14zt9fY8kw\"]},{\"@type\":\"Person\",\"@id\":\"https:\/\/www.creilsudoise-tourisme.fr\/#\/schema\/person\/c5140d47645b13bee896bfe05f1bd5da\",\"name\":\"fdubut\",\"image\":{\"@type\":\"ImageObject\",\"inLanguage\":\"nl\",\"@id\":\"https:\/\/www.creilsudoise-tourisme.fr\/#\/schema\/person\/image\/\",\"url\":\"https:\/\/secure.gravatar.com\/avatar\/c49bb61337bf4556cafdbcb92c18618d?s=96&d=mm&r=g\",\"contentUrl\":\"https:\/\/secure.gravatar.com\/avatar\/c49bb61337bf4556cafdbcb92c18618d?s=96&d=mm&r=g\",\"caption\":\"fdubut\"},\"url\":\"https:\/\/www.creilsudoise-tourisme.fr\/nl\/auteur\/fdubut\/\"}]}<\/script>\n<!-- \/ Yoast SEO plugin. -->","yoast_head_json":{"title":"Anecdote : le h\u00e9ro qui s'est sacrifi\u00e9 pour Cramoisy","description":"D\u00e9couvrez l'histoire de Jerome James Zierlein, un jeune soldat am\u00e9ricain qui s'est sacrifi\u00e9 pour le village de Cramoisy durant la Seconde Guerre mondiale.","robots":{"index":"index","follow":"follow","max-snippet":"max-snippet:-1","max-image-preview":"max-image-preview:large","max-video-preview":"max-video-preview:-1"},"canonical":"https:\/\/www.creilsudoise-tourisme.fr\/nl\/2021\/07\/20\/hero-cramoisy\/","og_locale":"nl_NL","og_type":"article","og_title":"Anecdote : le h\u00e9ro qui s'est sacrifi\u00e9 pour Cramoisy","og_description":"D\u00e9couvrez l'histoire de Jerome James Zierlein, un jeune soldat am\u00e9ricain qui s'est sacrifi\u00e9 pour le village de Cramoisy durant la Seconde Guerre mondiale.","og_url":"https:\/\/www.creilsudoise-tourisme.fr\/nl\/2021\/07\/20\/hero-cramoisy\/","og_site_name":"Office de Tourisme Creil Sud Oise","article_publisher":"https:\/\/www.facebook.com\/creilsudoisetourisme\/","article_published_time":"2021-07-20T09:48:34+00:00","article_modified_time":"2022-01-25T08:10:23+00:00","og_image":[{"width":800,"height":545,"url":"https:\/\/www.creilsudoise-tourisme.fr\/wp-content\/uploads\/2021\/07\/Un-hero-qui-se-sacrifia-pour-Cramoisy.jpg","type":"image\/jpeg"}],"author":"fdubut","twitter_card":"summary_large_image","twitter_creator":"@CreilSudOiseOT","twitter_site":"@CreilSudOiseOT","twitter_misc":{"Geschreven door":"fdubut","Geschatte leestijd":"2 minuten"},"schema":{"@context":"https:\/\/schema.org","@graph":[{"@type":"Article","@id":"https:\/\/www.creilsudoise-tourisme.fr\/en\/2021\/07\/20\/hero-cramoisy\/#article","isPartOf":{"@id":"https:\/\/www.creilsudoise-tourisme.fr\/en\/2021\/07\/20\/hero-cramoisy\/"},"author":{"name":"fdubut","@id":"https:\/\/www.creilsudoise-tourisme.fr\/#\/schema\/person\/c5140d47645b13bee896bfe05f1bd5da"},"headline":"Un h\u00e9ro \u00e0 Cramoisy","datePublished":"2021-07-20T09:48:34+00:00","dateModified":"2022-01-25T08:10:23+00:00","mainEntityOfPage":{"@id":"https:\/\/www.creilsudoise-tourisme.fr\/en\/2021\/07\/20\/hero-cramoisy\/"},"wordCount":365,"publisher":{"@id":"https:\/\/www.creilsudoise-tourisme.fr\/#organization"},"articleSection":["Anecdotes"],"inLanguage":"nl"},{"@type":"WebPage","@id":"https:\/\/www.creilsudoise-tourisme.fr\/en\/2021\/07\/20\/hero-cramoisy\/","url":"https:\/\/www.creilsudoise-tourisme.fr\/en\/2021\/07\/20\/hero-cramoisy\/","name":"Anecdote : le h\u00e9ro qui s'est sacrifi\u00e9 pour Cramoisy","isPartOf":{"@id":"https:\/\/www.creilsudoise-tourisme.fr\/#website"},"datePublished":"2021-07-20T09:48:34+00:00","dateModified":"2022-01-25T08:10:23+00:00","description":"D\u00e9couvrez l'histoire de Jerome James Zierlein, un jeune soldat am\u00e9ricain qui s'est sacrifi\u00e9 pour le village de Cramoisy durant la Seconde Guerre mondiale.","breadcrumb":{"@id":"https:\/\/www.creilsudoise-tourisme.fr\/en\/2021\/07\/20\/hero-cramoisy\/#breadcrumb"},"inLanguage":"nl","potentialAction":[{"@type":"ReadAction","target":["https:\/\/www.creilsudoise-tourisme.fr\/en\/2021\/07\/20\/hero-cramoisy\/"]}]},{"@type":"BreadcrumbList","@id":"https:\/\/www.creilsudoise-tourisme.fr\/en\/2021\/07\/20\/hero-cramoisy\/#breadcrumb","itemListElement":[{"@type":"ListItem","position":1,"name":"Accueil","item":"https:\/\/www.creilsudoise-tourisme.fr\/"},{"@type":"ListItem","position":2,"name":"Un h\u00e9ro \u00e0 Cramoisy"}]},{"@type":"WebSite","@id":"https:\/\/www.creilsudoise-tourisme.fr\/#website","url":"https:\/\/www.creilsudoise-tourisme.fr\/","name":"Office de Tourisme Creil Sud Oise","description":"Creil Sud Oise Tourisme, un territoire \u00e0 explorer !","publisher":{"@id":"https:\/\/www.creilsudoise-tourisme.fr\/#organization"},"potentialAction":[{"@type":"SearchAction","target":{"@type":"EntryPoint","urlTemplate":"https:\/\/www.creilsudoise-tourisme.fr\/?s={search_term_string}"},"query-input":"required name=search_term_string"}],"inLanguage":"nl"},{"@type":"Organization","@id":"https:\/\/www.creilsudoise-tourisme.fr\/#organization","name":"Creil Sud Oise Tourisme","url":"https:\/\/www.creilsudoise-tourisme.fr\/","logo":{"@type":"ImageObject","inLanguage":"nl","@id":"https:\/\/www.creilsudoise-tourisme.fr\/#\/schema\/logo\/image\/","url":"https:\/\/www.creilsudoise-tourisme.fr\/wp-content\/uploads\/2021\/05\/logo-svg.png","contentUrl":"https:\/\/www.creilsudoise-tourisme.fr\/wp-content\/uploads\/2021\/05\/logo-svg.png","width":182,"height":71,"caption":"Creil Sud Oise Tourisme"},"image":{"@id":"https:\/\/www.creilsudoise-tourisme.fr\/#\/schema\/logo\/image\/"},"sameAs":["https:\/\/www.facebook.com\/creilsudoisetourisme\/","https:\/\/twitter.com\/CreilSudOiseOT","https:\/\/www.instagram.com\/creilsudoisetourisme\/","https:\/\/www.youtube.com\/channel\/UC8L_QD2wwyADW14zt9fY8kw"]},{"@type":"Person","@id":"https:\/\/www.creilsudoise-tourisme.fr\/#\/schema\/person\/c5140d47645b13bee896bfe05f1bd5da","name":"fdubut","image":{"@type":"ImageObject","inLanguage":"nl","@id":"https:\/\/www.creilsudoise-tourisme.fr\/#\/schema\/person\/image\/","url":"https:\/\/secure.gravatar.com\/avatar\/c49bb61337bf4556cafdbcb92c18618d?s=96&d=mm&r=g","contentUrl":"https:\/\/secure.gravatar.com\/avatar\/c49bb61337bf4556cafdbcb92c18618d?s=96&d=mm&r=g","caption":"fdubut"},"url":"https:\/\/www.creilsudoise-tourisme.fr\/nl\/auteur\/fdubut\/"}]}},"_links":{"self":[{"href":"https:\/\/www.creilsudoise-tourisme.fr\/nl\/wp-json\/wp\/v2\/posts\/36653"}],"collection":[{"href":"https:\/\/www.creilsudoise-tourisme.fr\/nl\/wp-json\/wp\/v2\/posts"}],"about":[{"href":"https:\/\/www.creilsudoise-tourisme.fr\/nl\/wp-json\/wp\/v2\/types\/post"}],"author":[{"embeddable":true,"href":"https:\/\/www.creilsudoise-tourisme.fr\/nl\/wp-json\/wp\/v2\/users\/3"}],"replies":[{"embeddable":true,"href":"https:\/\/www.creilsudoise-tourisme.fr\/nl\/wp-json\/wp\/v2\/comments?post=36653"}],"version-history":[{"count":3,"href":"https:\/\/www.creilsudoise-tourisme.fr\/nl\/wp-json\/wp\/v2\/posts\/36653\/revisions"}],"predecessor-version":[{"id":36661,"href":"https:\/\/www.creilsudoise-tourisme.fr\/nl\/wp-json\/wp\/v2\/posts\/36653\/revisions\/36661"}],"wp:featuredmedia":[{"embeddable":true,"href":"https:\/\/www.creilsudoise-tourisme.fr\/nl\/wp-json\/wp\/v2\/media\/36655"}],"wp:attachment":[{"href":"https:\/\/www.creilsudoise-tourisme.fr\/nl\/wp-json\/wp\/v2\/media?parent=36653"}],"wp:term":[{"taxonomy":"category","embeddable":true,"href":"https:\/\/www.creilsudoise-tourisme.fr\/nl\/wp-json\/wp\/v2\/categories?post=36653"},{"taxonomy":"post_tag","embeddable":true,"href":"https:\/\/www.creilsudoise-tourisme.fr\/nl\/wp-json\/wp\/v2\/tags?post=36653"}],"curies":[{"name":"wp","href":"https:\/\/api.w.org\/{rel}","templated":true}]}}