{"id":271,"date":"2021-02-22T15:43:49","date_gmt":"2021-02-22T14:43:49","guid":{"rendered":"https:\/\/www.creilsudoise-tourisme.fr\/?p=271"},"modified":"2022-01-25T09:10:32","modified_gmt":"2022-01-25T08:10:32","slug":"bombes-v1","status":"publish","type":"post","link":"https:\/\/www.creilsudoise-tourisme.fr\/nl\/2021\/02\/22\/bommen-v1\/","title":{"rendered":"V1's geassembleerd in Saint-Leu-d'Esserent"},"content":{"rendered":"<p class=\"is-style-excerpt\">Het is <strong>Saint-Leu-d'Esserent<\/strong> dat we een <strong>een carri\u00e8re met een rijke geschiedenis<\/strong> ! <\/p>\n\n\n\n<h2>Een carri\u00e8re geconsolideerd door de Fransen<\/h2>\n\n\n\n<p><strong>In 1939 en 1940, geconfronteerd met de dreiging van Duitse bombardementen<\/strong>Brissoneau &amp; Lotz, een metaalbewerkingsbedrijf, verhuist een deel van de productie van vliegtuigrompen naar een nieuwe locatie. <strong>voert grote betonwerken uit in de galerijen<\/strong>en de installatie van verwarming en ventilatie. <\/p>\n\n\n\n<p>De installatie van <strong>kantines en slaapzalen stellen bijna 1.100 arbeiders in staat om te werken <\/strong>binnen deze galerijen...  <\/p>\n\n\n\n<p>Tot de komst van de bezettingstroepen in <strong>Juni 1940<\/strong>die deze ondergrondse productie onderbreken.<\/p>\n\n\n\n<h2>Een carri\u00e8re opge\u00ebist door de Duitsers<\/h2>\n\n\n\n<p>Op dat moment werd de steengroeve in Saint-Leu d'Esserent gevorderd door de Duitsers om er een \"mijn\" te vestigen. <strong>V1 montagevoet<\/strong> :<strong> een vliegende bom en de eerste kruisraket in de geschiedenis van de luchtvaart<\/strong>.<\/p>\n\n\n\n<p>De assemblagefabrieken op de grond werden vernietigd,<strong> Het gebruik van steengroeven bleek een krachtig hulpmiddel om geallieerde bombardementen te ontwijken.<\/strong> Om <strong>beschermen <\/strong>de locatie hadden de Duitsers een<strong> DCA pistoolketting <\/strong>(luchtverdediging) die zich uitstrekt tot in het bos van Chantilly.<\/p>\n\n\n\n<p>De <strong>V1-stukken aangekomen op rangeerterrein Petit Th\u00e9rain<\/strong>. De lanceerplatforms lagen bij Dieppe en in Pas-de-Calais. <\/p>\n\n\n\n<h2>Blijft<\/h2>\n\n\n\n<p>Je kunt nog steeds zien<strong> betonnen kubussen die de toegangshellingen naar de groeve ondersteunden<\/strong>De steengroeve bevindt zich in een priv\u00e9weide aan de rand van Thiverny in de richting van Saint-Leu-d'Esserent. De groeve is om veiligheidsredenen niet meer toegankelijk.<\/p>\n\n\n\n<hr class=\"wp-block-separator\"\/>","protected":false},"excerpt":{"rendered":"<p>In Saint-Leu-d'Esserent bevindt zich een steengroeve met een rijke geschiedenis! Een door de Fransen geconsolideerde steengroeve In 1939 en 1940, geconfronteerd met de dreiging van Duitse bombardementen, verplaatste het metaalbedrijf Brissoneau &amp; Lotz een deel van zijn productie van vliegtuigrompen en voerde grote betonwerken uit in de tunnels, [...]<\/p>","protected":false},"author":1,"featured_media":33897,"comment_status":"closed","ping_status":"open","sticky":false,"template":"","format":"standard","meta":{"_relevanssi_hide_post":"","_relevanssi_hide_content":"","_relevanssi_pin_for_all":"","_relevanssi_pin_keywords":"","_relevanssi_unpin_keywords":"","_relevanssi_related_keywords":"","_relevanssi_related_include_ids":"","_relevanssi_related_exclude_ids":"","_relevanssi_related_no_append":"","_relevanssi_related_not_related":"","_relevanssi_related_posts":"267","_relevanssi_noindex_reason":""},"categories":[3],"tags":[],"yoast_head":"<!-- This site is optimized with the Yoast SEO plugin v20.2.1 - https:\/\/yoast.com\/wordpress\/plugins\/seo\/ -->\n<title>Anecdote : la carri\u00e8re souterraine o\u00f9 furent assembl\u00e9es les V1<\/title>\n<meta name=\"description\" content=\"D\u00e9couvrez l&#039;histoire d&#039;une carri\u00e8re souterraine \u00e0 Saint-Leu-d&#039;Esserent o\u00f9 furent assembl\u00e9es les bombes V1 lors de la Seconde Guerre mondiale\" \/>\n<meta name=\"robots\" content=\"index, follow, max-snippet:-1, max-image-preview:large, max-video-preview:-1\" \/>\n<link rel=\"canonical\" href=\"https:\/\/www.creilsudoise-tourisme.fr\/nl\/2021\/02\/22\/bombes-v1\/\" \/>\n<meta property=\"og:locale\" content=\"nl_NL\" \/>\n<meta property=\"og:type\" content=\"article\" \/>\n<meta property=\"og:title\" content=\"Anecdote : la carri\u00e8re souterraine o\u00f9 furent assembl\u00e9es les V1\" \/>\n<meta property=\"og:description\" content=\"D\u00e9couvrez l&#039;histoire d&#039;une carri\u00e8re souterraine \u00e0 Saint-Leu-d&#039;Esserent o\u00f9 furent assembl\u00e9es les bombes V1 lors de la Seconde Guerre mondiale\" \/>\n<meta property=\"og:url\" content=\"https:\/\/www.creilsudoise-tourisme.fr\/nl\/2021\/02\/22\/bombes-v1\/\" \/>\n<meta property=\"og:site_name\" content=\"Office de Tourisme Creil Sud Oise\" \/>\n<meta property=\"article:publisher\" content=\"https:\/\/www.facebook.com\/creilsudoisetourisme\/\" \/>\n<meta property=\"article:published_time\" content=\"2021-02-22T14:43:49+00:00\" \/>\n<meta property=\"article:modified_time\" content=\"2022-01-25T08:10:32+00:00\" \/>\n<meta property=\"og:image\" content=\"https:\/\/www.creilsudoise-tourisme.fr\/wp-content\/uploads\/2021\/02\/v1.jpg\" \/>\n\t<meta property=\"og:image:width\" content=\"2000\" \/>\n\t<meta property=\"og:image:height\" content=\"1545\" \/>\n\t<meta property=\"og:image:type\" content=\"image\/jpeg\" \/>\n<meta name=\"author\" content=\"IRIS Interactive\" \/>\n<meta name=\"twitter:card\" content=\"summary_large_image\" \/>\n<meta name=\"twitter:creator\" content=\"@CreilSudOiseOT\" \/>\n<meta name=\"twitter:site\" content=\"@CreilSudOiseOT\" \/>\n<meta name=\"twitter:label1\" content=\"Geschreven door\" \/>\n\t<meta name=\"twitter:data1\" content=\"IRIS Interactive\" \/>\n\t<meta name=\"twitter:label2\" content=\"Geschatte leestijd\" \/>\n\t<meta name=\"twitter:data2\" content=\"2 minuten\" \/>\n<script type=\"application\/ld+json\" class=\"yoast-schema-graph\">{\"@context\":\"https:\/\/schema.org\",\"@graph\":[{\"@type\":\"Article\",\"@id\":\"https:\/\/www.creilsudoise-tourisme.fr\/en\/2021\/02\/22\/bombes-v1\/#article\",\"isPartOf\":{\"@id\":\"https:\/\/www.creilsudoise-tourisme.fr\/en\/2021\/02\/22\/bombes-v1\/\"},\"author\":{\"name\":\"IRIS Interactive\",\"@id\":\"https:\/\/www.creilsudoise-tourisme.fr\/#\/schema\/person\/c6ae20819fae7bb9a59b24e37eacfbd3\"},\"headline\":\"Des V1 assembl\u00e9es \u00e0 Saint-Leu-d&rsquo;Esserent\",\"datePublished\":\"2021-02-22T14:43:49+00:00\",\"dateModified\":\"2022-01-25T08:10:32+00:00\",\"mainEntityOfPage\":{\"@id\":\"https:\/\/www.creilsudoise-tourisme.fr\/en\/2021\/02\/22\/bombes-v1\/\"},\"wordCount\":290,\"publisher\":{\"@id\":\"https:\/\/www.creilsudoise-tourisme.fr\/#organization\"},\"articleSection\":[\"Anecdotes\"],\"inLanguage\":\"nl\"},{\"@type\":\"WebPage\",\"@id\":\"https:\/\/www.creilsudoise-tourisme.fr\/en\/2021\/02\/22\/bombes-v1\/\",\"url\":\"https:\/\/www.creilsudoise-tourisme.fr\/en\/2021\/02\/22\/bombes-v1\/\",\"name\":\"Anecdote : la carri\u00e8re souterraine o\u00f9 furent assembl\u00e9es les V1\",\"isPartOf\":{\"@id\":\"https:\/\/www.creilsudoise-tourisme.fr\/#website\"},\"datePublished\":\"2021-02-22T14:43:49+00:00\",\"dateModified\":\"2022-01-25T08:10:32+00:00\",\"description\":\"D\u00e9couvrez l'histoire d'une carri\u00e8re souterraine \u00e0 Saint-Leu-d'Esserent o\u00f9 furent assembl\u00e9es les bombes V1 lors de la Seconde Guerre mondiale\",\"breadcrumb\":{\"@id\":\"https:\/\/www.creilsudoise-tourisme.fr\/en\/2021\/02\/22\/bombes-v1\/#breadcrumb\"},\"inLanguage\":\"nl\",\"potentialAction\":[{\"@type\":\"ReadAction\",\"target\":[\"https:\/\/www.creilsudoise-tourisme.fr\/en\/2021\/02\/22\/bombes-v1\/\"]}]},{\"@type\":\"BreadcrumbList\",\"@id\":\"https:\/\/www.creilsudoise-tourisme.fr\/en\/2021\/02\/22\/bombes-v1\/#breadcrumb\",\"itemListElement\":[{\"@type\":\"ListItem\",\"position\":1,\"name\":\"Accueil\",\"item\":\"https:\/\/www.creilsudoise-tourisme.fr\/\"},{\"@type\":\"ListItem\",\"position\":2,\"name\":\"Des V1 assembl\u00e9es \u00e0 Saint-Leu-d&rsquo;Esserent\"}]},{\"@type\":\"WebSite\",\"@id\":\"https:\/\/www.creilsudoise-tourisme.fr\/#website\",\"url\":\"https:\/\/www.creilsudoise-tourisme.fr\/\",\"name\":\"Office de Tourisme Creil Sud Oise\",\"description\":\"Creil Sud Oise Tourisme, un territoire \u00e0 explorer !\",\"publisher\":{\"@id\":\"https:\/\/www.creilsudoise-tourisme.fr\/#organization\"},\"potentialAction\":[{\"@type\":\"SearchAction\",\"target\":{\"@type\":\"EntryPoint\",\"urlTemplate\":\"https:\/\/www.creilsudoise-tourisme.fr\/?s={search_term_string}\"},\"query-input\":\"required name=search_term_string\"}],\"inLanguage\":\"nl\"},{\"@type\":\"Organization\",\"@id\":\"https:\/\/www.creilsudoise-tourisme.fr\/#organization\",\"name\":\"Creil Sud Oise Tourisme\",\"url\":\"https:\/\/www.creilsudoise-tourisme.fr\/\",\"logo\":{\"@type\":\"ImageObject\",\"inLanguage\":\"nl\",\"@id\":\"https:\/\/www.creilsudoise-tourisme.fr\/#\/schema\/logo\/image\/\",\"url\":\"https:\/\/www.creilsudoise-tourisme.fr\/wp-content\/uploads\/2021\/05\/logo-svg.png\",\"contentUrl\":\"https:\/\/www.creilsudoise-tourisme.fr\/wp-content\/uploads\/2021\/05\/logo-svg.png\",\"width\":182,\"height\":71,\"caption\":\"Creil Sud Oise Tourisme\"},\"image\":{\"@id\":\"https:\/\/www.creilsudoise-tourisme.fr\/#\/schema\/logo\/image\/\"},\"sameAs\":[\"https:\/\/www.facebook.com\/creilsudoisetourisme\/\",\"https:\/\/twitter.com\/CreilSudOiseOT\",\"https:\/\/www.instagram.com\/creilsudoisetourisme\/\",\"https:\/\/www.youtube.com\/channel\/UC8L_QD2wwyADW14zt9fY8kw\"]},{\"@type\":\"Person\",\"@id\":\"https:\/\/www.creilsudoise-tourisme.fr\/#\/schema\/person\/c6ae20819fae7bb9a59b24e37eacfbd3\",\"name\":\"IRIS Interactive\",\"image\":{\"@type\":\"ImageObject\",\"inLanguage\":\"nl\",\"@id\":\"https:\/\/www.creilsudoise-tourisme.fr\/#\/schema\/person\/image\/\",\"url\":\"https:\/\/secure.gravatar.com\/avatar\/93cb82e6d54a5d99796ec8c31b61fa21?s=96&d=mm&r=g\",\"contentUrl\":\"https:\/\/secure.gravatar.com\/avatar\/93cb82e6d54a5d99796ec8c31b61fa21?s=96&d=mm&r=g\",\"caption\":\"IRIS Interactive\"},\"sameAs\":[\"https:\/\/www.creilsudoise-tourisme.fr\"],\"url\":\"https:\/\/www.creilsudoise-tourisme.fr\/nl\/auteur\/iris-interactive\/\"}]}<\/script>\n<!-- \/ Yoast SEO plugin. -->","yoast_head_json":{"title":"Anecdote : la carri\u00e8re souterraine o\u00f9 furent assembl\u00e9es les V1","description":"D\u00e9couvrez l'histoire d'une carri\u00e8re souterraine \u00e0 Saint-Leu-d'Esserent o\u00f9 furent assembl\u00e9es les bombes V1 lors de la Seconde Guerre mondiale","robots":{"index":"index","follow":"follow","max-snippet":"max-snippet:-1","max-image-preview":"max-image-preview:large","max-video-preview":"max-video-preview:-1"},"canonical":"https:\/\/www.creilsudoise-tourisme.fr\/nl\/2021\/02\/22\/bombes-v1\/","og_locale":"nl_NL","og_type":"article","og_title":"Anecdote : la carri\u00e8re souterraine o\u00f9 furent assembl\u00e9es les V1","og_description":"D\u00e9couvrez l'histoire d'une carri\u00e8re souterraine \u00e0 Saint-Leu-d'Esserent o\u00f9 furent assembl\u00e9es les bombes V1 lors de la Seconde Guerre mondiale","og_url":"https:\/\/www.creilsudoise-tourisme.fr\/nl\/2021\/02\/22\/bombes-v1\/","og_site_name":"Office de Tourisme Creil Sud Oise","article_publisher":"https:\/\/www.facebook.com\/creilsudoisetourisme\/","article_published_time":"2021-02-22T14:43:49+00:00","article_modified_time":"2022-01-25T08:10:32+00:00","og_image":[{"width":2000,"height":1545,"url":"https:\/\/www.creilsudoise-tourisme.fr\/wp-content\/uploads\/2021\/02\/v1.jpg","type":"image\/jpeg"}],"author":"IRIS Interactive","twitter_card":"summary_large_image","twitter_creator":"@CreilSudOiseOT","twitter_site":"@CreilSudOiseOT","twitter_misc":{"Geschreven door":"IRIS Interactive","Geschatte leestijd":"2 minuten"},"schema":{"@context":"https:\/\/schema.org","@graph":[{"@type":"Article","@id":"https:\/\/www.creilsudoise-tourisme.fr\/en\/2021\/02\/22\/bombes-v1\/#article","isPartOf":{"@id":"https:\/\/www.creilsudoise-tourisme.fr\/en\/2021\/02\/22\/bombes-v1\/"},"author":{"name":"IRIS Interactive","@id":"https:\/\/www.creilsudoise-tourisme.fr\/#\/schema\/person\/c6ae20819fae7bb9a59b24e37eacfbd3"},"headline":"Des V1 assembl\u00e9es \u00e0 Saint-Leu-d&rsquo;Esserent","datePublished":"2021-02-22T14:43:49+00:00","dateModified":"2022-01-25T08:10:32+00:00","mainEntityOfPage":{"@id":"https:\/\/www.creilsudoise-tourisme.fr\/en\/2021\/02\/22\/bombes-v1\/"},"wordCount":290,"publisher":{"@id":"https:\/\/www.creilsudoise-tourisme.fr\/#organization"},"articleSection":["Anecdotes"],"inLanguage":"nl"},{"@type":"WebPage","@id":"https:\/\/www.creilsudoise-tourisme.fr\/en\/2021\/02\/22\/bombes-v1\/","url":"https:\/\/www.creilsudoise-tourisme.fr\/en\/2021\/02\/22\/bombes-v1\/","name":"Anecdote : la carri\u00e8re souterraine o\u00f9 furent assembl\u00e9es les V1","isPartOf":{"@id":"https:\/\/www.creilsudoise-tourisme.fr\/#website"},"datePublished":"2021-02-22T14:43:49+00:00","dateModified":"2022-01-25T08:10:32+00:00","description":"D\u00e9couvrez l'histoire d'une carri\u00e8re souterraine \u00e0 Saint-Leu-d'Esserent o\u00f9 furent assembl\u00e9es les bombes V1 lors de la Seconde Guerre mondiale","breadcrumb":{"@id":"https:\/\/www.creilsudoise-tourisme.fr\/en\/2021\/02\/22\/bombes-v1\/#breadcrumb"},"inLanguage":"nl","potentialAction":[{"@type":"ReadAction","target":["https:\/\/www.creilsudoise-tourisme.fr\/en\/2021\/02\/22\/bombes-v1\/"]}]},{"@type":"BreadcrumbList","@id":"https:\/\/www.creilsudoise-tourisme.fr\/en\/2021\/02\/22\/bombes-v1\/#breadcrumb","itemListElement":[{"@type":"ListItem","position":1,"name":"Accueil","item":"https:\/\/www.creilsudoise-tourisme.fr\/"},{"@type":"ListItem","position":2,"name":"Des V1 assembl\u00e9es \u00e0 Saint-Leu-d&rsquo;Esserent"}]},{"@type":"WebSite","@id":"https:\/\/www.creilsudoise-tourisme.fr\/#website","url":"https:\/\/www.creilsudoise-tourisme.fr\/","name":"Office de Tourisme Creil Sud Oise","description":"Creil Sud Oise Tourisme, un territoire \u00e0 explorer !","publisher":{"@id":"https:\/\/www.creilsudoise-tourisme.fr\/#organization"},"potentialAction":[{"@type":"SearchAction","target":{"@type":"EntryPoint","urlTemplate":"https:\/\/www.creilsudoise-tourisme.fr\/?s={search_term_string}"},"query-input":"required name=search_term_string"}],"inLanguage":"nl"},{"@type":"Organization","@id":"https:\/\/www.creilsudoise-tourisme.fr\/#organization","name":"Creil Sud Oise Tourisme","url":"https:\/\/www.creilsudoise-tourisme.fr\/","logo":{"@type":"ImageObject","inLanguage":"nl","@id":"https:\/\/www.creilsudoise-tourisme.fr\/#\/schema\/logo\/image\/","url":"https:\/\/www.creilsudoise-tourisme.fr\/wp-content\/uploads\/2021\/05\/logo-svg.png","contentUrl":"https:\/\/www.creilsudoise-tourisme.fr\/wp-content\/uploads\/2021\/05\/logo-svg.png","width":182,"height":71,"caption":"Creil Sud Oise Tourisme"},"image":{"@id":"https:\/\/www.creilsudoise-tourisme.fr\/#\/schema\/logo\/image\/"},"sameAs":["https:\/\/www.facebook.com\/creilsudoisetourisme\/","https:\/\/twitter.com\/CreilSudOiseOT","https:\/\/www.instagram.com\/creilsudoisetourisme\/","https:\/\/www.youtube.com\/channel\/UC8L_QD2wwyADW14zt9fY8kw"]},{"@type":"Person","@id":"https:\/\/www.creilsudoise-tourisme.fr\/#\/schema\/person\/c6ae20819fae7bb9a59b24e37eacfbd3","name":"IRIS Interactive","image":{"@type":"ImageObject","inLanguage":"nl","@id":"https:\/\/www.creilsudoise-tourisme.fr\/#\/schema\/person\/image\/","url":"https:\/\/secure.gravatar.com\/avatar\/93cb82e6d54a5d99796ec8c31b61fa21?s=96&d=mm&r=g","contentUrl":"https:\/\/secure.gravatar.com\/avatar\/93cb82e6d54a5d99796ec8c31b61fa21?s=96&d=mm&r=g","caption":"IRIS Interactive"},"sameAs":["https:\/\/www.creilsudoise-tourisme.fr"],"url":"https:\/\/www.creilsudoise-tourisme.fr\/nl\/auteur\/iris-interactive\/"}]}},"_links":{"self":[{"href":"https:\/\/www.creilsudoise-tourisme.fr\/nl\/wp-json\/wp\/v2\/posts\/271"}],"collection":[{"href":"https:\/\/www.creilsudoise-tourisme.fr\/nl\/wp-json\/wp\/v2\/posts"}],"about":[{"href":"https:\/\/www.creilsudoise-tourisme.fr\/nl\/wp-json\/wp\/v2\/types\/post"}],"author":[{"embeddable":true,"href":"https:\/\/www.creilsudoise-tourisme.fr\/nl\/wp-json\/wp\/v2\/users\/1"}],"replies":[{"embeddable":true,"href":"https:\/\/www.creilsudoise-tourisme.fr\/nl\/wp-json\/wp\/v2\/comments?post=271"}],"version-history":[{"count":7,"href":"https:\/\/www.creilsudoise-tourisme.fr\/nl\/wp-json\/wp\/v2\/posts\/271\/revisions"}],"predecessor-version":[{"id":49362,"href":"https:\/\/www.creilsudoise-tourisme.fr\/nl\/wp-json\/wp\/v2\/posts\/271\/revisions\/49362"}],"wp:featuredmedia":[{"embeddable":true,"href":"https:\/\/www.creilsudoise-tourisme.fr\/nl\/wp-json\/wp\/v2\/media\/33897"}],"wp:attachment":[{"href":"https:\/\/www.creilsudoise-tourisme.fr\/nl\/wp-json\/wp\/v2\/media?parent=271"}],"wp:term":[{"taxonomy":"category","embeddable":true,"href":"https:\/\/www.creilsudoise-tourisme.fr\/nl\/wp-json\/wp\/v2\/categories?post=271"},{"taxonomy":"post_tag","embeddable":true,"href":"https:\/\/www.creilsudoise-tourisme.fr\/nl\/wp-json\/wp\/v2\/tags?post=271"}],"curies":[{"name":"wp","href":"https:\/\/api.w.org\/{rel}","templated":true}]}}