{"id":66474,"date":"2025-11-25T15:51:11","date_gmt":"2025-11-25T14:51:11","guid":{"rendered":"https:\/\/www.creilsudoise-tourisme.fr\/?p=66474"},"modified":"2026-01-12T17:37:14","modified_gmt":"2026-01-12T16:37:14","slug":"feerie-noel","status":"publish","type":"post","link":"https:\/\/www.creilsudoise-tourisme.fr\/es\/2025\/11\/25\/feerie-noel\/","title":{"rendered":"\u00a1Sum\u00e9rjase en la magia de la Navidad!"},"content":{"rendered":"<p class=\"is-style-excerpt\">\u00a1Diciembre ya est\u00e1 aqu\u00ed! D\u00e9jate llevar por <strong>Encanto navide\u00f1o<\/strong> con un <strong>programa festivo y gratuito <\/strong>en Creil Sud Oise Algunas actividades son de pago y est\u00e1n marcadas con un asterisco.<\/p>\n\n\n\n<h2><strong>Mercados navide\u00f1os<\/strong><\/h2>\n\n\n\n<p>Creil, Nogent-sur-Oise, Saint-Leu d'Esserent... el periodo de <a href=\"https:\/\/www.creilsudoise-tourisme.fr\/es\/2024\/11\/15\/marches-noel\/\" target=\"_blank\" rel=\"noreferrer noopener\"><strong>Mercados navide\u00f1os<\/strong><\/a> \u00a1est\u00e1 de vuelta! La oportunidad de encontrar su <strong>regalos<\/strong> Navidad, haz un <strong>foto con Pap\u00e1 Noel<\/strong> o beber un delicioso <strong>chocolate caliente<\/strong> \u00a1! No se pierda ni un minuto, ya que la mayor\u00eda de los mercados se celebran s\u00f3lo durante un fin de semana.<\/p>\n\n\n\n<h2>Paseos narrativos<\/h2>\n\n\n\n<p>Seguir en <strong>familia <\/strong>a<strong><a href=\"https:\/\/www.creilsudoise-tourisme.fr\/es\/agenda-animations\/festivites-de-noel-balades-contees\/\" target=\"_blank\" rel=\"noreferrer noopener\"> un paseo narrativo en el ambiente m\u00e1gico de la Navidad<\/a><\/strong> \u00a1*! Le dar\u00e1 la bienvenida un cuentacuentos que le <strong>te guiar\u00e1<\/strong> a trav\u00e9s de los diferentes lugares, mezclando <strong>peque\u00f1as historias <\/strong>al universo<strong> \u00fanico<\/strong> de la <strong>carrera <\/strong>de la <strong><a href=\"https:\/\/www.creilsudoise-tourisme.fr\/es\/jexplore\/imprescindibles\/maison-de-la-pierre-3\/\" target=\"_blank\" rel=\"noreferrer noopener\">Casa de piedra<\/a><\/strong>.<\/p>\n\n\n\n<h2>Espect\u00e1culos <\/h2>\n\n\n\n<h3>Espect\u00e1culo de l\u00e1ser y drones<\/h3>\n\n\n\n<p>Sobre el tema<strong> Navidad en el<\/strong> <strong>1960s<\/strong>asistir a un <a href=\"https:\/\/www.creilsudoise-tourisme.fr\/es\/agenda-animations\/spectacle-show-laser-et-drones-dans-labbatiale\/\" target=\"_blank\" rel=\"noreferrer noopener\"><strong>un espect\u00e1culo que combina l\u00e1ser y drones<\/strong><\/a> en un impresionante espect\u00e1culo de luces en el<a href=\"https:\/\/www.creilsudoise-tourisme.fr\/es\/jexplore\/videos\/abadia-saint-nicolas-2\/\">Iglesia abacial de Saint-Leu d'Esserent<\/a> !<\/p>\n\n\n\n<h3>Espect\u00e1culo de magia<\/h3>\n\n\n\n<p>En <strong><a href=\"https:\/\/www.villers-saint-paul.fr\/\" target=\"_blank\" rel=\"noreferrer noopener\">Ciudad de Villers-Saint-Paul <\/a><\/strong>le ofrece una<strong><a href=\"https:\/\/www.creilsudoise-tourisme.fr\/es\/agenda-animations\/spectacle-la-fete-foraine-magique\/\" target=\"_blank\" rel=\"noreferrer noopener\"> entretenimiento para toda la familia<\/a><\/strong>* mezcla <strong>magia<\/strong>, <strong>humor<\/strong> y <strong>poes\u00eda<\/strong>.<\/p>\n\n\n\n<h3>Cuentos de oto\u00f1o<\/h3>\n\n\n\n<p><strong>Emprender una aventura<\/strong> con un<strong><a href=\"https:\/\/www.creilsudoise-tourisme.fr\/es\/agenda-animations\/festival-contes-dautomne-la-sauvage\/\" target=\"_blank\" rel=\"noreferrer noopener\"> lectura de cuentos<\/a><\/strong> Una ni\u00f1a de 13 a\u00f1os lleva alegr\u00eda, insolencia y color al hospital donde viven su abuela y toda una pandilla de locos. A partir de 10 a\u00f1os, previa reserva.<\/p>\n\n\n\n<h2>Conciertos<\/h2>\n\n\n\n<h3>Concierto de los alumnos de AMEM<\/h3>\n\n\n\n<p>La Association Municipale d'Enseignement et d'Education Musicale (<strong><a href=\"https:\/\/www.a-m-e-m.fr\/\" target=\"_blank\" rel=\"noreferrer noopener\">AMEM<\/a><\/strong>) le ofrece la <strong><a href=\"https:\/\/www.creilsudoise-tourisme.fr\/es\/agenda-animations\/concert-de-noel-concert-des-eleves-de-lamem\/\" target=\"_blank\" rel=\"noreferrer noopener\">concierto de estudiantes<\/a><\/strong>a medida que se acercan las fiestas. <em>Igual que en las pel\u00edculas.<\/em><\/p>\n\n\n\n<h3>Concierto ben\u00e9fico<\/h3>\n\n\n\n<p><strong>40 a\u00f1os de Grange \u00e0 Musique<\/strong>es tambi\u00e9n <strong>40 a\u00f1os de<\/strong> <strong><a href=\"https:\/\/www.creilsudoise-tourisme.fr\/es\/agenda-animations\/concert-caritarif-les-rockeurs-ont-du-coeur\/\" target=\"_blank\" rel=\"noreferrer noopener\">Rockeros con coraz\u00f3n<\/a>*,<\/strong> l'<strong>acto ben\u00e9fico<\/strong> A finales de a\u00f1o, todo lo que tienes que hacer para entrar es traer un juguete nuevo por valor de al menos 10 euros al Pap\u00e1 Noel Verde del Secours Populaire Fran\u00e7ais. Y qu\u00e9 mejor manera de <strong>celebrar con estilo<\/strong> que invitar a los veteranos del ska punk franc\u00e9s <strong>Los Tres Puntos<\/strong> que tambi\u00e9n celebran <strong>sus 30 a\u00f1os de carrera<\/strong> \u00a1! Ven con tu mejor jersey navide\u00f1o (\u00a1o el m\u00e1s feo si te atreves!)<\/p>\n\n\n\n<h2>Otras actividades<\/h2>\n\n\n\n<h3>Navidad en la granja<\/h3>\n\n\n\n<p>Reunirse en el <strong><a href=\"https:\/\/www.nogentsuroise.fr\/a-tout-age\/enfance-et-education\/ferme-pedagogique\" target=\"_blank\" rel=\"noreferrer noopener\">Granja educativa de Nogent-sur-Oise<\/a> <\/strong>para <strong>diversas actividades<\/strong> incluyendo un tren en miniatura, paseos en poni y la visita del <strong>Pap\u00e1 Noel<\/strong> con m\u00e1quina de selfies, mascota, juegos tradicionales de madera, organillo, exhibici\u00f3n de bolas de nieve, puesto de dulces y bebidas calientes, <strong>y muchas otras sorpresas <\/strong>!<\/p>\n\n\n\n<h3>Paseos<\/h3>\n\n\n\n<p>Del 19 al 26 de diciembre, la ciudad de Creil ofrece <strong><a href=\"https:\/\/www.creilsudoise-tourisme.fr\/es\/agenda-animations\/noel-a-creil-les-maneges\/\" target=\"_blank\" rel=\"noreferrer noopener\">viajes gratis<\/a><\/strong> para ni\u00f1os por todo el centro de la ciudad<\/p>\n\n\n\n<hr class=\"wp-block-separator has-alpha-channel-opacity\"\/>\n\n\n\n<p>Todo el equipo de la Oficina de Turismo le desea unas felices fiestas.<\/p>\n\n\n\n<div class=\"is-content-justification-center is-layout-flex wp-container-1 wp-block-buttons\">\n<div class=\"wp-block-button\"><a class=\"wp-block-button__link wp-element-button\" href=\"https:\/\/www.creilsudoise-tourisme.fr\/es\/agenda\/\" target=\"_blank\" rel=\"noreferrer noopener\">todo el diario<\/a><\/div>\n<\/div>","protected":false},"excerpt":{"rendered":"<p>\u00a1Diciembre est\u00e1 a la vuelta de la esquina! \u00a1D\u00e9jese llevar por el esp\u00edritu festivo de la Navidad con un programa festivo y gratuito en Creil Sud Oise! Algunas actividades est\u00e1n sujetas al pago de una tasa, que se indicar\u00e1 con un asterisco. Mercados navide\u00f1os Creil, Nogent-sur-Oise, Saint-Leu d'Esserent... \u00a1vuelve la temporada de mercados navide\u00f1os! Es la ocasi\u00f3n perfecta para encontrar sus regalos [...].<\/p>","protected":false},"author":10,"featured_media":66518,"comment_status":"closed","ping_status":"closed","sticky":false,"template":"","format":"standard","meta":{"_relevanssi_hide_post":"","_relevanssi_hide_content":"","_relevanssi_pin_for_all":"","_relevanssi_pin_keywords":"","_relevanssi_unpin_keywords":"","_relevanssi_related_keywords":"","_relevanssi_related_include_ids":"","_relevanssi_related_exclude_ids":"","_relevanssi_related_no_append":"","_relevanssi_related_not_related":"","_relevanssi_related_posts":"40285,56025,63226,52387,40900,41679","_relevanssi_noindex_reason":""},"categories":[5],"tags":[],"yoast_head":"<!-- This site is optimized with the Yoast SEO plugin v20.2.1 - https:\/\/yoast.com\/wordpress\/plugins\/seo\/ -->\n<title>Savourez la magie des f\u00eates de No\u00ebl<\/title>\n<meta name=\"description\" content=\"D\u00e9couvrez les sorties \u00e0 faire en famille ou entre amis \u00e0 Creil Sud Oise, pr\u00e8s de Chantilly et Senlis, lors des vacances de No\u00ebl.\" \/>\n<meta name=\"robots\" content=\"index, follow, max-snippet:-1, max-image-preview:large, max-video-preview:-1\" \/>\n<link rel=\"canonical\" href=\"https:\/\/www.creilsudoise-tourisme.fr\/es\/2025\/11\/25\/feerie-noel\/\" \/>\n<meta property=\"og:locale\" content=\"es_ES\" \/>\n<meta property=\"og:type\" content=\"article\" \/>\n<meta property=\"og:title\" content=\"Savourez la magie des f\u00eates de No\u00ebl\" \/>\n<meta property=\"og:description\" content=\"D\u00e9couvrez les sorties \u00e0 faire en famille ou entre amis \u00e0 Creil Sud Oise, pr\u00e8s de Chantilly et Senlis, lors des vacances de No\u00ebl.\" \/>\n<meta property=\"og:url\" content=\"https:\/\/www.creilsudoise-tourisme.fr\/es\/2025\/11\/25\/feerie-noel\/\" \/>\n<meta property=\"og:site_name\" content=\"Office de Tourisme Creil Sud Oise\" \/>\n<meta property=\"article:publisher\" content=\"https:\/\/www.facebook.com\/creilsudoisetourisme\/\" \/>\n<meta property=\"article:published_time\" content=\"2025-11-25T14:51:11+00:00\" \/>\n<meta property=\"article:modified_time\" content=\"2026-01-12T16:37:14+00:00\" \/>\n<meta property=\"og:image\" content=\"https:\/\/www.creilsudoise-tourisme.fr\/wp-content\/uploads\/2025\/11\/xshdxsqxd.jpg\" \/>\n\t<meta property=\"og:image:width\" content=\"1920\" \/>\n\t<meta property=\"og:image:height\" content=\"1280\" \/>\n\t<meta property=\"og:image:type\" content=\"image\/jpeg\" \/>\n<meta name=\"author\" content=\"emilie\" \/>\n<meta name=\"twitter:card\" content=\"summary_large_image\" \/>\n<meta name=\"twitter:creator\" content=\"@CreilSudOiseOT\" \/>\n<meta name=\"twitter:site\" content=\"@CreilSudOiseOT\" \/>\n<meta name=\"twitter:label1\" content=\"Escrito por\" \/>\n\t<meta name=\"twitter:data1\" content=\"emilie\" \/>\n\t<meta name=\"twitter:label2\" content=\"Tiempo de lectura\" \/>\n\t<meta name=\"twitter:data2\" content=\"2 minutos\" \/>\n<script type=\"application\/ld+json\" class=\"yoast-schema-graph\">{\"@context\":\"https:\/\/schema.org\",\"@graph\":[{\"@type\":\"Article\",\"@id\":\"https:\/\/www.creilsudoise-tourisme.fr\/2025\/11\/25\/feerie-noel\/#article\",\"isPartOf\":{\"@id\":\"https:\/\/www.creilsudoise-tourisme.fr\/2025\/11\/25\/feerie-noel\/\"},\"author\":{\"name\":\"emilie\",\"@id\":\"https:\/\/www.creilsudoise-tourisme.fr\/#\/schema\/person\/81a1ab3a236faa5508e8f47600a85072\"},\"headline\":\"Plongez au c\u0153ur de la f\u00e9\u00e9rie de No\u00ebl !\",\"datePublished\":\"2025-11-25T14:51:11+00:00\",\"dateModified\":\"2026-01-12T16:37:14+00:00\",\"mainEntityOfPage\":{\"@id\":\"https:\/\/www.creilsudoise-tourisme.fr\/2025\/11\/25\/feerie-noel\/\"},\"wordCount\":503,\"publisher\":{\"@id\":\"https:\/\/www.creilsudoise-tourisme.fr\/#organization\"},\"articleSection\":[\"Actus\"],\"inLanguage\":\"es\"},{\"@type\":\"WebPage\",\"@id\":\"https:\/\/www.creilsudoise-tourisme.fr\/2025\/11\/25\/feerie-noel\/\",\"url\":\"https:\/\/www.creilsudoise-tourisme.fr\/2025\/11\/25\/feerie-noel\/\",\"name\":\"Savourez la magie des f\u00eates de No\u00ebl\",\"isPartOf\":{\"@id\":\"https:\/\/www.creilsudoise-tourisme.fr\/#website\"},\"datePublished\":\"2025-11-25T14:51:11+00:00\",\"dateModified\":\"2026-01-12T16:37:14+00:00\",\"description\":\"D\u00e9couvrez les sorties \u00e0 faire en famille ou entre amis \u00e0 Creil Sud Oise, pr\u00e8s de Chantilly et Senlis, lors des vacances de No\u00ebl.\",\"breadcrumb\":{\"@id\":\"https:\/\/www.creilsudoise-tourisme.fr\/2025\/11\/25\/feerie-noel\/#breadcrumb\"},\"inLanguage\":\"es\",\"potentialAction\":[{\"@type\":\"ReadAction\",\"target\":[\"https:\/\/www.creilsudoise-tourisme.fr\/2025\/11\/25\/feerie-noel\/\"]}]},{\"@type\":\"BreadcrumbList\",\"@id\":\"https:\/\/www.creilsudoise-tourisme.fr\/2025\/11\/25\/feerie-noel\/#breadcrumb\",\"itemListElement\":[{\"@type\":\"ListItem\",\"position\":1,\"name\":\"Accueil\",\"item\":\"https:\/\/www.creilsudoise-tourisme.fr\/\"},{\"@type\":\"ListItem\",\"position\":2,\"name\":\"Plongez au c\u0153ur de la f\u00e9\u00e9rie de No\u00ebl !\"}]},{\"@type\":\"WebSite\",\"@id\":\"https:\/\/www.creilsudoise-tourisme.fr\/#website\",\"url\":\"https:\/\/www.creilsudoise-tourisme.fr\/\",\"name\":\"Office de Tourisme Creil Sud Oise\",\"description\":\"Creil Sud Oise Tourisme, un territoire \u00e0 explorer !\",\"publisher\":{\"@id\":\"https:\/\/www.creilsudoise-tourisme.fr\/#organization\"},\"potentialAction\":[{\"@type\":\"SearchAction\",\"target\":{\"@type\":\"EntryPoint\",\"urlTemplate\":\"https:\/\/www.creilsudoise-tourisme.fr\/?s={search_term_string}\"},\"query-input\":\"required name=search_term_string\"}],\"inLanguage\":\"es\"},{\"@type\":\"Organization\",\"@id\":\"https:\/\/www.creilsudoise-tourisme.fr\/#organization\",\"name\":\"Creil Sud Oise Tourisme\",\"url\":\"https:\/\/www.creilsudoise-tourisme.fr\/\",\"logo\":{\"@type\":\"ImageObject\",\"inLanguage\":\"es\",\"@id\":\"https:\/\/www.creilsudoise-tourisme.fr\/#\/schema\/logo\/image\/\",\"url\":\"https:\/\/www.creilsudoise-tourisme.fr\/wp-content\/uploads\/2021\/05\/logo-svg.png\",\"contentUrl\":\"https:\/\/www.creilsudoise-tourisme.fr\/wp-content\/uploads\/2021\/05\/logo-svg.png\",\"width\":182,\"height\":71,\"caption\":\"Creil Sud Oise Tourisme\"},\"image\":{\"@id\":\"https:\/\/www.creilsudoise-tourisme.fr\/#\/schema\/logo\/image\/\"},\"sameAs\":[\"https:\/\/www.facebook.com\/creilsudoisetourisme\/\",\"https:\/\/twitter.com\/CreilSudOiseOT\",\"https:\/\/www.instagram.com\/creilsudoisetourisme\/\",\"https:\/\/www.youtube.com\/channel\/UC8L_QD2wwyADW14zt9fY8kw\"]},{\"@type\":\"Person\",\"@id\":\"https:\/\/www.creilsudoise-tourisme.fr\/#\/schema\/person\/81a1ab3a236faa5508e8f47600a85072\",\"name\":\"emilie\",\"image\":{\"@type\":\"ImageObject\",\"inLanguage\":\"es\",\"@id\":\"https:\/\/www.creilsudoise-tourisme.fr\/#\/schema\/person\/image\/\",\"url\":\"https:\/\/secure.gravatar.com\/avatar\/63ed1ecafae1b27e36a71e8626bc354f?s=96&d=mm&r=g\",\"contentUrl\":\"https:\/\/secure.gravatar.com\/avatar\/63ed1ecafae1b27e36a71e8626bc354f?s=96&d=mm&r=g\",\"caption\":\"emilie\"},\"url\":\"https:\/\/www.creilsudoise-tourisme.fr\/es\/auteur\/emilie\/\"}]}<\/script>\n<!-- \/ Yoast SEO plugin. -->","yoast_head_json":{"title":"Savourez la magie des f\u00eates de No\u00ebl","description":"D\u00e9couvrez les sorties \u00e0 faire en famille ou entre amis \u00e0 Creil Sud Oise, pr\u00e8s de Chantilly et Senlis, lors des vacances de No\u00ebl.","robots":{"index":"index","follow":"follow","max-snippet":"max-snippet:-1","max-image-preview":"max-image-preview:large","max-video-preview":"max-video-preview:-1"},"canonical":"https:\/\/www.creilsudoise-tourisme.fr\/es\/2025\/11\/25\/feerie-noel\/","og_locale":"es_ES","og_type":"article","og_title":"Savourez la magie des f\u00eates de No\u00ebl","og_description":"D\u00e9couvrez les sorties \u00e0 faire en famille ou entre amis \u00e0 Creil Sud Oise, pr\u00e8s de Chantilly et Senlis, lors des vacances de No\u00ebl.","og_url":"https:\/\/www.creilsudoise-tourisme.fr\/es\/2025\/11\/25\/feerie-noel\/","og_site_name":"Office de Tourisme Creil Sud Oise","article_publisher":"https:\/\/www.facebook.com\/creilsudoisetourisme\/","article_published_time":"2025-11-25T14:51:11+00:00","article_modified_time":"2026-01-12T16:37:14+00:00","og_image":[{"width":1920,"height":1280,"url":"https:\/\/www.creilsudoise-tourisme.fr\/wp-content\/uploads\/2025\/11\/xshdxsqxd.jpg","type":"image\/jpeg"}],"author":"emilie","twitter_card":"summary_large_image","twitter_creator":"@CreilSudOiseOT","twitter_site":"@CreilSudOiseOT","twitter_misc":{"Escrito por":"emilie","Tiempo de lectura":"2 minutos"},"schema":{"@context":"https:\/\/schema.org","@graph":[{"@type":"Article","@id":"https:\/\/www.creilsudoise-tourisme.fr\/2025\/11\/25\/feerie-noel\/#article","isPartOf":{"@id":"https:\/\/www.creilsudoise-tourisme.fr\/2025\/11\/25\/feerie-noel\/"},"author":{"name":"emilie","@id":"https:\/\/www.creilsudoise-tourisme.fr\/#\/schema\/person\/81a1ab3a236faa5508e8f47600a85072"},"headline":"Plongez au c\u0153ur de la f\u00e9\u00e9rie de No\u00ebl !","datePublished":"2025-11-25T14:51:11+00:00","dateModified":"2026-01-12T16:37:14+00:00","mainEntityOfPage":{"@id":"https:\/\/www.creilsudoise-tourisme.fr\/2025\/11\/25\/feerie-noel\/"},"wordCount":503,"publisher":{"@id":"https:\/\/www.creilsudoise-tourisme.fr\/#organization"},"articleSection":["Actus"],"inLanguage":"es"},{"@type":"WebPage","@id":"https:\/\/www.creilsudoise-tourisme.fr\/2025\/11\/25\/feerie-noel\/","url":"https:\/\/www.creilsudoise-tourisme.fr\/2025\/11\/25\/feerie-noel\/","name":"Savourez la magie des f\u00eates de No\u00ebl","isPartOf":{"@id":"https:\/\/www.creilsudoise-tourisme.fr\/#website"},"datePublished":"2025-11-25T14:51:11+00:00","dateModified":"2026-01-12T16:37:14+00:00","description":"D\u00e9couvrez les sorties \u00e0 faire en famille ou entre amis \u00e0 Creil Sud Oise, pr\u00e8s de Chantilly et Senlis, lors des vacances de No\u00ebl.","breadcrumb":{"@id":"https:\/\/www.creilsudoise-tourisme.fr\/2025\/11\/25\/feerie-noel\/#breadcrumb"},"inLanguage":"es","potentialAction":[{"@type":"ReadAction","target":["https:\/\/www.creilsudoise-tourisme.fr\/2025\/11\/25\/feerie-noel\/"]}]},{"@type":"BreadcrumbList","@id":"https:\/\/www.creilsudoise-tourisme.fr\/2025\/11\/25\/feerie-noel\/#breadcrumb","itemListElement":[{"@type":"ListItem","position":1,"name":"Accueil","item":"https:\/\/www.creilsudoise-tourisme.fr\/"},{"@type":"ListItem","position":2,"name":"Plongez au c\u0153ur de la f\u00e9\u00e9rie de No\u00ebl !"}]},{"@type":"WebSite","@id":"https:\/\/www.creilsudoise-tourisme.fr\/#website","url":"https:\/\/www.creilsudoise-tourisme.fr\/","name":"Office de Tourisme Creil Sud Oise","description":"Creil Sud Oise Tourisme, un territoire \u00e0 explorer !","publisher":{"@id":"https:\/\/www.creilsudoise-tourisme.fr\/#organization"},"potentialAction":[{"@type":"SearchAction","target":{"@type":"EntryPoint","urlTemplate":"https:\/\/www.creilsudoise-tourisme.fr\/?s={search_term_string}"},"query-input":"required name=search_term_string"}],"inLanguage":"es"},{"@type":"Organization","@id":"https:\/\/www.creilsudoise-tourisme.fr\/#organization","name":"Creil Sud Oise Tourisme","url":"https:\/\/www.creilsudoise-tourisme.fr\/","logo":{"@type":"ImageObject","inLanguage":"es","@id":"https:\/\/www.creilsudoise-tourisme.fr\/#\/schema\/logo\/image\/","url":"https:\/\/www.creilsudoise-tourisme.fr\/wp-content\/uploads\/2021\/05\/logo-svg.png","contentUrl":"https:\/\/www.creilsudoise-tourisme.fr\/wp-content\/uploads\/2021\/05\/logo-svg.png","width":182,"height":71,"caption":"Creil Sud Oise Tourisme"},"image":{"@id":"https:\/\/www.creilsudoise-tourisme.fr\/#\/schema\/logo\/image\/"},"sameAs":["https:\/\/www.facebook.com\/creilsudoisetourisme\/","https:\/\/twitter.com\/CreilSudOiseOT","https:\/\/www.instagram.com\/creilsudoisetourisme\/","https:\/\/www.youtube.com\/channel\/UC8L_QD2wwyADW14zt9fY8kw"]},{"@type":"Person","@id":"https:\/\/www.creilsudoise-tourisme.fr\/#\/schema\/person\/81a1ab3a236faa5508e8f47600a85072","name":"emilie","image":{"@type":"ImageObject","inLanguage":"es","@id":"https:\/\/www.creilsudoise-tourisme.fr\/#\/schema\/person\/image\/","url":"https:\/\/secure.gravatar.com\/avatar\/63ed1ecafae1b27e36a71e8626bc354f?s=96&d=mm&r=g","contentUrl":"https:\/\/secure.gravatar.com\/avatar\/63ed1ecafae1b27e36a71e8626bc354f?s=96&d=mm&r=g","caption":"emilie"},"url":"https:\/\/www.creilsudoise-tourisme.fr\/es\/auteur\/emilie\/"}]}},"_links":{"self":[{"href":"https:\/\/www.creilsudoise-tourisme.fr\/es\/wp-json\/wp\/v2\/posts\/66474"}],"collection":[{"href":"https:\/\/www.creilsudoise-tourisme.fr\/es\/wp-json\/wp\/v2\/posts"}],"about":[{"href":"https:\/\/www.creilsudoise-tourisme.fr\/es\/wp-json\/wp\/v2\/types\/post"}],"author":[{"embeddable":true,"href":"https:\/\/www.creilsudoise-tourisme.fr\/es\/wp-json\/wp\/v2\/users\/10"}],"replies":[{"embeddable":true,"href":"https:\/\/www.creilsudoise-tourisme.fr\/es\/wp-json\/wp\/v2\/comments?post=66474"}],"version-history":[{"count":23,"href":"https:\/\/www.creilsudoise-tourisme.fr\/es\/wp-json\/wp\/v2\/posts\/66474\/revisions"}],"predecessor-version":[{"id":66874,"href":"https:\/\/www.creilsudoise-tourisme.fr\/es\/wp-json\/wp\/v2\/posts\/66474\/revisions\/66874"}],"wp:featuredmedia":[{"embeddable":true,"href":"https:\/\/www.creilsudoise-tourisme.fr\/es\/wp-json\/wp\/v2\/media\/66518"}],"wp:attachment":[{"href":"https:\/\/www.creilsudoise-tourisme.fr\/es\/wp-json\/wp\/v2\/media?parent=66474"}],"wp:term":[{"taxonomy":"category","embeddable":true,"href":"https:\/\/www.creilsudoise-tourisme.fr\/es\/wp-json\/wp\/v2\/categories?post=66474"},{"taxonomy":"post_tag","embeddable":true,"href":"https:\/\/www.creilsudoise-tourisme.fr\/es\/wp-json\/wp\/v2\/tags?post=66474"}],"curies":[{"name":"wp","href":"https:\/\/api.w.org\/{rel}","templated":true}]}}