{"id":65722,"date":"2025-10-09T12:12:59","date_gmt":"2025-10-09T10:12:59","guid":{"rendered":"https:\/\/www.creilsudoise-tourisme.fr\/?p=65722"},"modified":"2025-11-04T12:22:39","modified_gmt":"2025-11-04T11:22:39","slug":"vacances-toussaint-2","status":"publish","type":"post","link":"https:\/\/www.creilsudoise-tourisme.fr\/es\/2025\/10\/09\/vacaciones-toussaint-2\/","title":{"rendered":"Fiestas de Todos los Santos"},"content":{"rendered":"<p class=\"is-style-excerpt\">L<strong>Oto\u00f1o<\/strong> y su<strong> bonitos colores anaranjados <\/strong>\u00a1han llegado! Porque no s\u00f3lo llega el mal tiempo y los resfriados, es hora de ponerse al d\u00eda con una serie o leer un buen libro bajo tu manta favorita... pero tambi\u00e9n, y sobre todo, \u00a1es hora de salir a la calle!<strong>Una oportunidad para descubrir actividades terror\u00edficas con Halloween<\/strong> \u00a1! Visite <strong>justo debajo de<\/strong> a <strong>muchas actividades<\/strong> para <strong>vacaciones<\/strong> !<\/p>\n\n\n\n<div class=\"is-content-justification-center is-layout-flex wp-container-1 wp-block-buttons\">\n<div class=\"wp-block-button\"><a class=\"wp-block-button__link wp-element-button\" href=\"https:\/\/www.creilsudoise-tourisme.fr\/es\/agenda\/\">todo el diario<\/a><\/div>\n<\/div>\n\n\n\n<h2>Entretenimiento de Halloween<\/h2>\n\n\n\n<p><em>Haga clic en las palabras rosas para ser redirigido a la p\u00e1gina de animaci\u00f3n.<\/em><br>Comenzamos directamente con el <strong>el quid de la cuesti\u00f3n<\/strong> : <strong>Halloween<\/strong> !<\/p>\n\n\n\n<h3>Juego de escape<\/h3>\n\n\n\n<p><strong>Investigue<\/strong> para saber qui\u00e9n<strong> <a href=\"https:\/\/www.creilsudoise-tourisme.fr\/es\/agenda-animations\/activite-ludique-enquete-interactive-qui-a-refroidi-lemaure\/\" target=\"_blank\" rel=\"noreferrer noopener\">Lamaure refrigerado<\/a><\/strong> <em>(que es <\/em> \u00e9ste <em>?)<\/em> gracias a <strong>adivinanzas<\/strong> y<strong> pistas dispersas<\/strong> a la <strong><a href=\"https:\/\/www.saintmaximin.eu\/bibliotheque-et-catalogue\" target=\"_blank\" rel=\"noreferrer noopener\">Biblioteca de Saint-Maximin<\/a><\/strong> (varias franjas horarias, previa reserva).<br><\/p>\n\n\n\n<div class=\"is-layout-flex wp-container-4 wp-block-columns\">\n<div class=\"is-layout-flow wp-block-column\" style=\"flex-basis:66.66%\">\n<p class=\"has-text-align-left\">A <strong>cantera subterr\u00e1nea<\/strong> es el <strong>lugar ideal<\/strong> para <strong>as\u00fastate<\/strong>por lo que el <strong><a href=\"https:\/\/www.creilsudoise-tourisme.fr\/es\/jexplore\/imprescindibles\/maison-de-la-pierre-3\/\" target=\"_blank\" rel=\"noreferrer noopener\">Maison de la Pie<\/a><a href=\"https:\/\/www.creilsudoise-tourisme.fr\/es\/jexplore\/imprescindibles\/maison-de-la-pierre-3\/\">rre<\/a><\/strong> ha creado un <strong><a href=\"https:\/\/www.creilsudoise-tourisme.fr\/es\/agenda-animations\/escape-game-special-halloween-descente-aux-enfers\/\" target=\"_blank\" rel=\"noreferrer noopener\">Especial Halloween Juego de Escape<\/a><\/strong> : <strong>Atr\u00e9vete<\/strong> sumergirse en <strong>profundidades<\/strong> de la <strong>carrera Patrocinador <\/strong>? Inspirado en un <strong>misteriosa desaparici\u00f3n nunca resuelta<\/strong>Este juego de escape te lleva de viaje <strong>un mundo subterr\u00e1neo lleno de secretos<\/strong>. En <strong>equipo<\/strong>pruebe suerte en <strong>escapar<\/strong>taladrar el <strong>misterio<\/strong> de <strong>exploradores desaparecidos<\/strong>... y <strong>cuidado con<\/strong> de lo que <strong>al acecho<\/strong> todav\u00eda en el<strong>sombra<\/strong>. Reserva obligatoria.<\/p>\n<\/div>\n\n\n\n<div class=\"is-layout-flow wp-block-column\" style=\"flex-basis:33.33%\"><div class=\"wp-block-image\">\n<figure class=\"aligncenter size-large is-resized\"><img decoding=\"async\" loading=\"lazy\" data-src=\"https:\/\/www.creilsudoise-tourisme.fr\/wp-content\/uploads\/wpetourisme\/escape-game-11-1200x800.jpg\" alt=\"\" class=\"wp-image-65226\" width=\"258\" height=\"172\" data-srcset=\"https:\/\/www.creilsudoise-tourisme.fr\/wp-content\/uploads\/wpetourisme\/escape-game-11-1200x800.jpg 1200w, https:\/\/www.creilsudoise-tourisme.fr\/wp-content\/uploads\/wpetourisme\/escape-game-11-600x400.jpg 600w, https:\/\/www.creilsudoise-tourisme.fr\/wp-content\/uploads\/wpetourisme\/escape-game-11-900x600.jpg 900w, https:\/\/www.creilsudoise-tourisme.fr\/wp-content\/uploads\/wpetourisme\/escape-game-11-1536x1024.jpg 1536w, https:\/\/www.creilsudoise-tourisme.fr\/wp-content\/uploads\/wpetourisme\/escape-game-11-18x12.jpg 18w, https:\/\/www.creilsudoise-tourisme.fr\/wp-content\/uploads\/wpetourisme\/escape-game-11-200x133.jpg 200w, https:\/\/www.creilsudoise-tourisme.fr\/wp-content\/uploads\/wpetourisme\/escape-game-11-650x433.jpg 650w, https:\/\/www.creilsudoise-tourisme.fr\/wp-content\/uploads\/wpetourisme\/escape-game-11-387x258.jpg 387w, https:\/\/www.creilsudoise-tourisme.fr\/wp-content\/uploads\/wpetourisme\/escape-game-11.jpg 1600w\" sizes=\"(max-width: 258px) 100vw, 258px\" \/><\/figure><\/div><\/div>\n<\/div>\n\n\n\n<p>Sin olvidar, por supuesto <strong><a href=\"https:\/\/freeing.fr\/\" target=\"_blank\" rel=\"noreferrer noopener\">Juego de escape liberador<\/a><\/strong> \u00a1! La <strong>mayor auditorio de Francia<\/strong> \u00a1est\u00e1 aqu\u00ed en Saint-Maximin! Juegos de escape para <strong>Halloween<\/strong> han sido especialmente dise\u00f1ados.<\/p>\n\n\n\n<h3>\u00bfNos estamos asustando?<br><\/h3>\n\n\n\n<div class=\"is-layout-flex wp-container-7 wp-block-columns\">\n<div class=\"is-layout-flow wp-block-column\" style=\"flex-basis:33.33%\">\n<figure class=\"wp-block-image size-full\"><img decoding=\"async\" loading=\"lazy\" width=\"1000\" height=\"635\" data-src=\"https:\/\/www.creilsudoise-tourisme.fr\/wp-content\/uploads\/wpetourisme\/c-Maison-de-la-pierre--6--2.jpg\" alt=\"Paseo de los cuentos en la Maison de la Pierre de Saint-Maximin\" class=\"wp-image-45184\" data-srcset=\"https:\/\/www.creilsudoise-tourisme.fr\/wp-content\/uploads\/wpetourisme\/c-Maison-de-la-pierre--6--2.jpg 1000w, https:\/\/www.creilsudoise-tourisme.fr\/wp-content\/uploads\/wpetourisme\/c-Maison-de-la-pierre--6--2-600x381.jpg 600w, https:\/\/www.creilsudoise-tourisme.fr\/wp-content\/uploads\/wpetourisme\/c-Maison-de-la-pierre--6--2-900x572.jpg 900w, https:\/\/www.creilsudoise-tourisme.fr\/wp-content\/uploads\/wpetourisme\/c-Maison-de-la-pierre--6--2-18x12.jpg 18w, https:\/\/www.creilsudoise-tourisme.fr\/wp-content\/uploads\/wpetourisme\/c-Maison-de-la-pierre--6--2-200x127.jpg 200w, https:\/\/www.creilsudoise-tourisme.fr\/wp-content\/uploads\/wpetourisme\/c-Maison-de-la-pierre--6--2-650x413.jpg 650w, https:\/\/www.creilsudoise-tourisme.fr\/wp-content\/uploads\/wpetourisme\/c-Maison-de-la-pierre--6--2-387x246.jpg 387w\" sizes=\"(max-width: 1000px) 100vw, 1000px\" \/><\/figure>\n<\/div>\n\n\n\n<div class=\"is-layout-flow wp-block-column\" style=\"flex-basis:66.66%\">\n<p>Para<strong> tiembla<\/strong> tenemos una direcci\u00f3n que usted no <strong>no le decepcionar\u00e1 <\/strong>y d\u00f3nde puede encontrar el<a href=\"https:\/\/www.creilsudoise-tourisme.fr\/es\/agenda-animations\/festivites-dhalloween-balades-contees\/\" target=\"_blank\" rel=\"noreferrer noopener\"><strong>la misteriosa atm\u00f3sfera de una cantera subterr\u00e1nea<\/strong><\/a>el hogar de<strong>brujas horribles<\/strong> que es probable que te encuentres... y donde las historias que <strong>miedo <\/strong>\u00a1(a partir de 8 a\u00f1os, previa reserva)! Estamos hablando de un <strong>paseo de los cuentos <\/strong>a la <strong><a href=\"https:\/\/www.creilsudoise-tourisme.fr\/es\/jexplore\/imprescindibles\/maison-de-la-pierre-3\/\" target=\"_blank\" rel=\"noreferrer noopener\">Casa de la Piedra de Saint-Maximin<\/a><\/strong>.<\/p>\n<\/div>\n<\/div>\n\n\n\n<p>Ven a <strong>Estrem\u00e9zcase con su familia<\/strong> y escucha <strong><a href=\"https:\/\/www.creilsudoise-tourisme.fr\/es\/agenda-animations\/visite-a-la-lampe-torche-speciale-halloween-mythes-et-legendes-a-labatiale\/\" target=\"_blank\" rel=\"noreferrer noopener\">Mitos y leyendas de la abad\u00eda de Saint-Leu d'Esserent <\/a><\/strong>a la <strong>antorcha<\/strong>&#8230;<br><br>Listo para un <strong>noche de horror <\/strong>? Visite <strong><a href=\"https:\/\/www.creilsudoise-tourisme.fr\/es\/loisirs\/cine-pathe\/\">Path\u00e9 Montataire<\/a><\/strong> ha elaborado un <strong><a href=\"https:\/\/www.creilsudoise-tourisme.fr\/es\/agenda-animations\/nuit-halloween-au-cinema-pathe\/\" target=\"_blank\" rel=\"noreferrer noopener\">noche especial de Halloween <\/a><\/strong>con <strong>3 salas - 3 ambientes<\/strong> \u00a1! El lugar est\u00e1 en <strong>8\u20ac<\/strong> y habr\u00e1 entretenimiento (cosplays, VR, etc.) en un <strong>atm\u00f3sfera de terror<\/strong>...<\/p>\n\n\n\n<h3>Un Halloween amable<\/h3>\n\n\n\n<p>\"Jack Skellington, <strong>el rey de las calabazas<\/strong> y <strong>Gu\u00eda de Halloween<\/strong>Est\u00e1 aburrido: hace siglos que se hart\u00f3 de preparar todos los a\u00f1os la misma fiesta de Halloween. <strong>sue\u00f1o<\/strong> de <strong>cambiar<\/strong>. Fue entonces cuando tuvo la idea de hacerse cargo de la <strong>Fiesta de Navidad<\/strong>...\": as\u00ed, <strong>tentarte<\/strong> ? es perfecto: el <strong><a href=\"https:\/\/www.creil.fr\/la-maison-la-ville\" target=\"_blank\" rel=\"noreferrer noopener\">Maison de la Ville de Creil<\/a><\/strong> le invita a ver <a href=\"https:\/\/www.creilsudoise-tourisme.fr\/es\/agenda-animations\/cinema-letrange-noel-de-monsieur-jack\/\" target=\"_blank\" rel=\"noreferrer noopener\"><strong>\"La Navidad del Sr. Jack<\/strong><\/a>. <strong>Emoci\u00f3n garantizada <\/strong>con esta pel\u00edcula de <strong>Tim Burton<\/strong>.<\/p>\n\n\n\n<p><\/p>\n\n\n\n<p>En<strong><a href=\"https:\/\/www.villers-saint-paul.fr\/la-biblioth%C3%A8que-municipale-colette\" target=\"_blank\" rel=\"noreferrer noopener\"> Biblioteca Colette de Villers-Saint-Paul<\/a><\/strong> invita a los ni\u00f1os a partir de 5 a\u00f1os a un <strong><a href=\"https:\/\/www.creilsudoise-tourisme.fr\/es\/agenda-animations\/un-spectacle-pour-halloween\/\" target=\"_blank\" rel=\"noreferrer noopener\">una tarde de risas y emociones<\/a><\/strong> con <strong>\"Fiasco para los canallas<\/strong>a <strong>cuento musical<\/strong>. Entre <strong>roca<\/strong>, <strong>reggae<\/strong> y <strong>flamenco<\/strong>el narrador toma <strong>j\u00f3venes y mayores<\/strong> en un <strong>mundo loco<\/strong> donde <strong>villanos<\/strong> cuentos no est\u00e1n en el <strong>en su mejor momento<\/strong>. A <strong>espect\u00e1culo interactivo,<\/strong> <strong>divertido<\/strong> y <strong>r\u00edtmica<\/strong> para<strong> Estrem\u00e9zcase con su familia<\/strong> ... y <strong>un acabado liso <\/strong>con <strong>Dulces de cortes\u00eda<\/strong> \u00a1a cada peque\u00f1o espectador! <strong>Ven disfrazado <\/strong>!<\/p>\n\n\n\n<p> <\/p>\n\n\n\n<p>En <strong><a href=\"https:\/\/lesbibliothequesdemontataire.c3rb.org\/le-reseau\/toutes-les-mediatheques\/bibliotheque-elsa-triolet\" target=\"_blank\" rel=\"noreferrer noopener\">Biblioteca Elsa Triolet, Montataire<\/a><\/strong> le ofrece <strong><a href=\"https:\/\/www.creilsudoise-tourisme.fr\/es\/agenda-animations\/activites-halloween-les-vacances-a-la-bibliotheque\/\" target=\"_blank\" rel=\"noreferrer noopener\">varios eventos<\/a><\/strong> en colaboraci\u00f3n con<strong> Halloween<\/strong> : <strong>videojuegos<\/strong>, <strong>cine<\/strong>, <strong>lectura,<\/strong> <strong>juegos<\/strong>, <strong>creaci\u00f3n<\/strong> de <strong>sombreros de bruja<\/strong>, <strong>corte <\/strong>de <strong>calabazas<\/strong>, <strong>degustaci\u00f3n<\/strong> de <strong>sopas<\/strong> \u00a1! En resumen <strong>programa perfecto<\/strong> !<\/p>\n\n\n\n<p><br>Para<strong> celebrar Halloween m\u00e1s tranquilamente<\/strong>el<strong> <a href=\"https:\/\/www.villers-saint-paul.fr\/\" target=\"_blank\" rel=\"noreferrer noopener\">Ciudad de Villers-Saint-Paul<\/a><\/strong> le invita a su<strong><a href=\"https:\/\/www.creilsudoise-tourisme.fr\/es\/agenda-animations\/soiree-halloween\/\" target=\"_blank\" rel=\"noreferrer noopener\"> Fiesta de Halloween<\/a><\/strong> abra <strong>para todas las generaciones<\/strong> \u00a1! Participe en el<strong> concurso<\/strong> de <strong>el mejor disfraz<\/strong> con <strong>categor\u00edas<\/strong> para <strong>ni\u00f1os<\/strong>, <strong>adultos<\/strong> y<strong> mayores<\/strong>. A<strong> DJ <\/strong>ser\u00e1 responsable de<strong>entretenimiento musical<\/strong> toda la noche y un <strong>bar de refrescos<\/strong> estar\u00e1 a su disposici\u00f3n.<strong> Un gran ambiente garantizado <\/strong>!<\/p>\n\n\n\n<p> <\/p>\n\n\n\n<p>J\u00f3venes y mayores, venid<strong> escalofr\u00edo<\/strong> con el<strong><a href=\"https:\/\/www.nogentsuroise.fr\/se-divertir\/culture\/la-mediatheque\" target=\"_blank\" rel=\"noreferrer noopener\"> Mediateca Maurice Schumann, Nogent-Sur-Oise<\/a><\/strong> con un<strong><a href=\"https:\/\/www.nogentsuroise.fr\/agenda\/1307-apres-midi-special-halloween\/2025-10-29-15-00\" target=\"_blank\" rel=\"noreferrer noopener\"> proyecci\u00f3n de pel\u00edculas y taller creativo<\/a><\/strong> !<\/p>\n\n\n\n<p> <\/p>\n\n\n\n<p><strong>Cree<\/strong> de <strong><a href=\"https:\/\/www.creilsudoise-tourisme.fr\/es\/agenda-animations\/activites-manuelles-atelier-special-halloween\/\" target=\"_blank\" rel=\"noreferrer noopener\">el trabajo de tus peque\u00f1as manos<\/a><\/strong>seguido de un<strong> merienda<\/strong> \u00a1! Los ni\u00f1os se ir\u00e1n a casa con su <strong>creaci\u00f3n aterradora<\/strong>... <\/p>\n\n\n\n<p> <\/p>\n\n\n\n<p>En <strong><a href=\"https:\/\/www.nogentsuroise.fr\/a-tout-age\/enfance-et-education\/ferme-pedagogique\" target=\"_blank\" rel=\"noreferrer noopener\">Granja educativa de Nogent-sur-Oise<\/a><\/strong> tambi\u00e9n est\u00e1 en <strong><a href=\"https:\/\/www.creilsudoise-tourisme.fr\/es\/agenda-animations\/activites-halloween-peur-sur-la-ferme\/\" target=\"_blank\" rel=\"noreferrer noopener\">modo terror<\/a><\/strong> \u00a1! En el programa:<strong> animaciones<\/strong>, <strong>talleres<\/strong>,<strong> juegos<\/strong>, <strong>caza de monstruos<\/strong>, <strong>distribuci\u00f3n<\/strong> de <strong>dulces<\/strong> y <strong>concurso <\/strong>de <strong>el mejor disfraz<\/strong> !<\/p>\n\n\n\n<p><br>Por \u00faltimo, para <strong>m\u00e1s joven<\/strong>el <strong><a href=\"https:\/\/www.saintmaximin.eu\/\" target=\"_blank\" rel=\"noreferrer noopener\">Ciudad de Saint-Maximin <\/a><\/strong>le invita a <strong><a href=\"https:\/\/www.creilsudoise-tourisme.fr\/es\/agenda-animations\/activites-halloween-zombies-party\/\" target=\"_blank\" rel=\"noreferrer noopener\">celebrar Halloween<\/a><\/strong> en un <strong>m\u00e1s tranquilo<\/strong> a la <strong><a href=\"https:\/\/www.creilsudoise-tourisme.fr\/es\/jexplore\/imprescindibles\/maison-de-la-pierre-3\/\">Casa de piedra<\/a><\/strong> : <strong>stands<\/strong>,<strong> animaciones<\/strong>,<strong> maquillaje<\/strong>, <strong>merienda y poci\u00f3n m\u00e1gica<\/strong> \u00a1! Desde <strong>paseos del terror <\/strong>ser\u00e1 posible, a <strong>as\u00fastate un poco<\/strong> (de 3 a 11 a\u00f1os). Y a partir de los 12 a\u00f1os, participa en el <strong>\"laboratorio infernal<\/strong>a <strong>Juego de escape<\/strong> <strong>bajo coacci\u00f3n zombi<\/strong> <em>\u00a1Adelante! \u00a1\u00a1Ya vienen!!<\/em><\/p>\n\n\n\n<p><\/p>\n\n\n\n<p>Listo para un <strong>Tarde de Halloween <\/strong>? Visite <strong><a href=\"https:\/\/www.creilsudoise-tourisme.fr\/es\/loisirs\/cine-pathe\/\" target=\"_blank\" rel=\"noreferrer noopener\">Cine Path\u00e9 Montataire<\/a><\/strong> proyectar\u00e1 <strong>Pel\u00edcula Disney<\/strong> \"\u00a0<strong>Coco<\/strong>\u00a0\" \u00a1Precedido de un taller de maquillaje \"D\u00eda de los muertos\"!<\/p>\n\n\n\n<h3>Actividades para Lupovicien(ne)s<br><\/h3>\n\n\n\n<p>Y finalmente.., <strong>s\u00f3lo para lupocianos<\/strong>Perm\u00edtanos hablarle de <strong><a href=\"https:\/\/www.creilsudoise-tourisme.fr\/es\/agenda-animations\/lecture-contes-dhalloween\/\" target=\"_blank\" rel=\"noreferrer noopener\">Cuento de Halloween<\/a><\/strong> \"\u00a1El loco experimento de Igor! (A partir de 5 a\u00f1os), participa en un <strong><a href=\"https:\/\/www.creilsudoise-tourisme.fr\/es\/agenda-animations\/escape-game-dhalloween\/\" target=\"_blank\" rel=\"noreferrer noopener\">Juego de escape<\/a><\/strong> en <strong>antiguos establos<\/strong> de la ciudad (mayores de 12 a\u00f1os) o <strong>venga con su familia<\/strong> o <strong>entre amigos<\/strong> asistir a la <strong><a href=\"https:\/\/www.creilsudoise-tourisme.fr\/es\/agenda-animations\/cinema-projection-speciale-halloween\/\" target=\"_blank\" rel=\"noreferrer noopener\">proyecci\u00f3n de pel\u00edculas<\/a><\/strong> \"Goosebumps 2: \u00a1los fantasmas de Halloween! Tenga en cuenta que estos 3 eventos deben reservarse con antelaci\u00f3n.<\/p>\n\n\n\n<h2>Actividades culturales<\/h2>\n\n\n\n<h3>M\u00fasica<\/h3>\n\n\n\n<p>Hablemos <strong>m\u00fasica<\/strong> \u00a1! La<strong><a href=\"https:\/\/www.gam-creil.fr\/\" target=\"_blank\" rel=\"noreferrer noopener\"> Granero de la m\u00fasica<\/a><\/strong> le ofrece una <strong><a href=\"https:\/\/www.creilsudoise-tourisme.fr\/es\/agenda-animations\/concert-spectacle-jeune-public-malou-de-kawataro\/\" target=\"_blank\" rel=\"noreferrer noopener\">concierto-espect\u00e1culo: Malou de Kawataro<\/a><\/strong>.<br>Entre<strong> so\u00f1ar despierto <\/strong>y <strong>realidad po\u00e9tica<\/strong>a lo largo de <strong>canciones<\/strong> y <strong>historias<\/strong>seguimos un <strong>joven explorador curioso <\/strong>creciendo, aprendiendo a <strong>amor<\/strong>, \u00e0 <strong>entender el mundo<\/strong> y a <strong>entenderse a s\u00ed mismo<\/strong>.<\/p>\n\n\n\n<div class=\"is-layout-flex wp-container-10 wp-block-columns\">\n<div class=\"is-layout-flow wp-block-column\" style=\"flex-basis:66.66%\">\n<p>Gesti\u00f3n<strong><a href=\"https:\/\/faiencerie-theatre.com\/\" target=\"_blank\" rel=\"noreferrer noopener\"> La Fa\u00efencerie<\/a><\/strong> para asistir a la <strong><a href=\"https:\/\/www.creilsudoise-tourisme.fr\/es\/agenda-animations\/mute\/\" target=\"_blank\" rel=\"noreferrer noopener\">Espect\u00e1culo MuTE<\/a><\/strong>a <strong>Mostrar<\/strong> de<strong> baile<\/strong> y <strong>m\u00fasica electr\u00f3nica<\/strong> (a partir de 11 a\u00f1os). Basado en <strong>tempos rock y electro<\/strong>los bailarines nos prometen una experiencia inolvidable. <strong>noche sin descanso<\/strong> !<\/p>\n<\/div>\n\n\n\n<div class=\"is-layout-flow wp-block-column\" style=\"flex-basis:33.33%\">\n<figure class=\"wp-block-image size-large\"><img decoding=\"async\" loading=\"lazy\" width=\"1200\" height=\"800\" data-src=\"https:\/\/www.creilsudoise-tourisme.fr\/wp-content\/uploads\/wpetourisme\/MuTE---spect.-danse-17-10-2025---La-Ruse---Frederic-Iovino-2-1200x800.jpg\" alt=\"\" class=\"wp-image-63832\" data-srcset=\"https:\/\/www.creilsudoise-tourisme.fr\/wp-content\/uploads\/wpetourisme\/MuTE---spect.-danse-17-10-2025---La-Ruse---Frederic-Iovino-2-1200x800.jpg 1200w, https:\/\/www.creilsudoise-tourisme.fr\/wp-content\/uploads\/wpetourisme\/MuTE---spect.-danse-17-10-2025---La-Ruse---Frederic-Iovino-2-600x400.jpg 600w, https:\/\/www.creilsudoise-tourisme.fr\/wp-content\/uploads\/wpetourisme\/MuTE---spect.-danse-17-10-2025---La-Ruse---Frederic-Iovino-2-900x600.jpg 900w, https:\/\/www.creilsudoise-tourisme.fr\/wp-content\/uploads\/wpetourisme\/MuTE---spect.-danse-17-10-2025---La-Ruse---Frederic-Iovino-2-18x12.jpg 18w, https:\/\/www.creilsudoise-tourisme.fr\/wp-content\/uploads\/wpetourisme\/MuTE---spect.-danse-17-10-2025---La-Ruse---Frederic-Iovino-2-200x133.jpg 200w, https:\/\/www.creilsudoise-tourisme.fr\/wp-content\/uploads\/wpetourisme\/MuTE---spect.-danse-17-10-2025---La-Ruse---Frederic-Iovino-2-650x433.jpg 650w, https:\/\/www.creilsudoise-tourisme.fr\/wp-content\/uploads\/wpetourisme\/MuTE---spect.-danse-17-10-2025---La-Ruse---Frederic-Iovino-2-387x258.jpg 387w, https:\/\/www.creilsudoise-tourisme.fr\/wp-content\/uploads\/wpetourisme\/MuTE---spect.-danse-17-10-2025---La-Ruse---Frederic-Iovino-2.jpg 1500w\" sizes=\"(max-width: 1200px) 100vw, 1200px\" \/><figcaption class=\"wp-element-caption\">La Ruse - B\u00e9r\u00e9nice Legrand \/ MuTE<\/figcaption><\/figure>\n<\/div>\n<\/div>\n\n\n\n<h3>Videojuego<\/h3>\n\n\n\n<p>Listo para un <strong><a href=\"https:\/\/www.creilsudoise-tourisme.fr\/es\/agenda-animations\/loisirs-tournoi-de-jeux-videos\/\" target=\"_blank\" rel=\"noreferrer noopener\">torneo de videojuegos<\/a><\/strong> ? <strong>\u00a1Ven y desaf\u00eda a tus amigos!<\/strong> \u00a1! A partir de 7 a\u00f1os, inscripci\u00f3n obligatoria.<\/p>\n\n\n\n<h3>Juego de escape<\/h3>\n\n\n\n<p>En <strong><a href=\"https:\/\/www.creilsudoise-tourisme.fr\/es\/jexplore\/imprescindibles\/musee-galle-juillet\/\" target=\"_blank\" rel=\"noreferrer noopener\">Mus\u00e9e Gall\u00e9 Julio<\/a><\/strong> desvela un <strong><a href=\"https:\/\/www.creilsudoise-tourisme.fr\/es\/agenda-animations\/escape-game-le-tresor-du-musee-galle-juillet\/\" target=\"_blank\" rel=\"noreferrer noopener\">nuevo Juego de Escape<\/a><\/strong> \u00a1?! En 60 minutos, consigue r<strong>eunir el tesoro de la esclusa<\/strong> \u00a1! Visite <strong>1974 en Creil<\/strong> fue descubierto el <strong>Tesoro de la esclusa<\/strong>. Durante las excavaciones, una olla de oro <strong>desaparece<\/strong>. Su <strong>antepasado <\/strong>es el <strong>ladr\u00f3n <\/strong>y desde entonces <strong>la maldici\u00f3n golpea a su familia<\/strong>. Hoy est\u00e1s <strong>el \u00fanico<\/strong> a <strong>reparar el da\u00f1o<\/strong>pero el <strong>tu tiempo se acaba <\/strong>encontrar la olla de oro, <strong>reunir el tesoro<\/strong> o <strong>sufre<\/strong> la maldici\u00f3n<strong> para siempre<\/strong> !<\/p>\n\n\n\n<h3>Lectura<\/h3>\n\n\n\n<p><strong>\u00bfPrefiere leer? <\/strong>Direcci\u00f3n <strong><a href=\"https:\/\/saint-vaast-les-mello-pom.c3rb.org\/\" target=\"_blank\" rel=\"noreferrer noopener\">Biblioteca multimedia de Saint-Vaast-l\u00e8s-Mello<\/a> <\/strong>para un <strong><a href=\"https:\/\/www.creilsudoise-tourisme.fr\/es\/agenda-animations\/lectura-compartir-el-placer-de-leer\/\" target=\"_blank\" rel=\"noreferrer noopener\">momento del intercambio<\/a><\/strong> sobre sus lecturas con <strong>t\u00e9<\/strong> o <strong>caf\u00e9<\/strong>. Y el<strong> noticias positivas<\/strong> ? Incluso <strong>no es necesario haber le\u00eddo<\/strong> o<strong> hablar<\/strong> (a partir de 16 a\u00f1os)<br><\/p>\n\n\n\n<p><strong>Lectores apasionados<\/strong>, <strong>curiosos ocasionales<\/strong> o <strong>peque\u00f1os exploradores de p\u00e1ginas<\/strong> : ven<strong> vivir un d\u00eda<\/strong> colocado bajo el<strong> una muestra del placer de la lectura<\/strong> y <strong>intercambio cultural<\/strong> con el <strong><a href=\"https:\/\/www.creilsudoise-tourisme.fr\/es\/agenda-animations\/fete-du-livre\/\" target=\"_blank\" rel=\"noreferrer noopener\">Fiesta del libro de Villers-Saint-Paul<\/a><\/strong> \u00a1! Visite<strong> programa<\/strong> : <strong>reuniones<\/strong>, <strong>animaciones<\/strong>, <strong>talleres creativos<\/strong>, <strong>lecturas en voz alta<\/strong>selecci\u00f3n <strong>favoritos <\/strong>bibliotecarios, y muchos<strong> otras sorpresas<\/strong> para <strong>j\u00f3venes y mayores<\/strong> !<\/p>\n\n\n\n<h3>Exposici\u00f3n<\/h3>\n\n\n\n<div class=\"is-layout-flex wp-container-13 wp-block-columns\">\n<div class=\"is-layout-flow wp-block-column\" style=\"flex-basis:33.33%\">\n<figure class=\"wp-block-image size-large\"><img decoding=\"async\" loading=\"lazy\" width=\"1200\" height=\"675\" data-src=\"https:\/\/www.creilsudoise-tourisme.fr\/wp-content\/uploads\/2021\/10\/Sortie-champignon-1200x675.jpg\" alt=\"Salida de setas\" class=\"wp-image-38426\" data-srcset=\"https:\/\/www.creilsudoise-tourisme.fr\/wp-content\/uploads\/2021\/10\/Sortie-champignon-1200x675.jpg 1200w, https:\/\/www.creilsudoise-tourisme.fr\/wp-content\/uploads\/2021\/10\/Sortie-champignon-600x338.jpg 600w, https:\/\/www.creilsudoise-tourisme.fr\/wp-content\/uploads\/2021\/10\/Sortie-champignon-900x506.jpg 900w, https:\/\/www.creilsudoise-tourisme.fr\/wp-content\/uploads\/2021\/10\/Sortie-champignon-1536x864.jpg 1536w, https:\/\/www.creilsudoise-tourisme.fr\/wp-content\/uploads\/2021\/10\/Sortie-champignon-200x113.jpg 200w, https:\/\/www.creilsudoise-tourisme.fr\/wp-content\/uploads\/2021\/10\/Sortie-champignon-650x366.jpg 650w, https:\/\/www.creilsudoise-tourisme.fr\/wp-content\/uploads\/2021\/10\/Sortie-champignon-387x218.jpg 387w, https:\/\/www.creilsudoise-tourisme.fr\/wp-content\/uploads\/2021\/10\/Sortie-champignon.jpg 1600w\" sizes=\"(max-width: 1200px) 100vw, 1200px\" \/><figcaption class=\"wp-element-caption\">Salida de setas con la sociedad micol\u00f3gica de Montataire<\/figcaption><\/figure>\n<\/div>\n\n\n\n<div class=\"is-layout-flow wp-block-column\" style=\"flex-basis:66.66%\">\n<p><strong><a href=\"https:\/\/www.creilsudoise-tourisme.fr\/es\/agenda-animations\/exposition-47eme-edition-de-la-societe-mycologique-de-montataire\/\" target=\"_blank\" rel=\"noreferrer noopener\">Exposici\u00f3n micol\u00f3gica <\/a><\/strong>: Ven <strong>descubriendo<\/strong> de <strong>un mundo fascinante<\/strong> de<strong> setas <\/strong>\u00a1! Y para el<strong> 80 a\u00f1os de la asociaci\u00f3n<\/strong>tambi\u00e9n vienen <strong>muestras in situ<\/strong>.<\/p>\n<\/div>\n<\/div>\n\n\n\n<p><strong><a href=\"https:\/\/www.creilsudoise-tourisme.fr\/es\/agenda-animations\/exposition-raizes\/\" target=\"_blank\" rel=\"noreferrer noopener\">Exposici\u00f3n Ra\u00edzes<\/a><\/strong> : <strong>admire<\/strong> el <strong>obras llenas de color<\/strong> de la<strong>artista pl\u00e1stico<\/strong> <strong>Gabriela Ribeiro<\/strong> a la <a href=\"https:\/\/www.nogentsuroise.fr\/se-divertir\/culture\/la-mediatheque\" target=\"_blank\" rel=\"noreferrer noopener\"><strong>Mediateca Robert Schumann, Nogent-sur-Oise<\/strong>,<\/a> en el marco del acontecimiento <strong>\"Destino Brasil.<\/strong><\/p>\n\n\n\n<p><\/p>\n\n\n\n<p> <strong><a href=\"https:\/\/www.creilsudoise-tourisme.fr\/es\/agenda-animations\/exposition-insectes-et-poesie\/\" target=\"_blank\" rel=\"noreferrer noopener\">Exposici\u00f3n Insectos y poes\u00eda<\/a><\/strong> : <strong>as\u00f3mbrate<\/strong> con un c<strong>ecolecci\u00f3n de fotos de insectos<\/strong>. Para ampliar su <strong>experiencia<\/strong>el <strong><a href=\"https:\/\/saint-vaast-les-mello-pom.c3rb.org\/\" target=\"_blank\" rel=\"noreferrer noopener\">Biblioteca multimedia de Saint-Vaast-l\u00e8s-Mello<\/a><\/strong> quer\u00eda a\u00f1adir <strong>poes\u00eda<\/strong> por lo que tambi\u00e9n puede<strong> tratar<\/strong> de<strong> poes\u00eda<\/strong> junto con el<strong>el mundo de los insectos<\/strong>.<\/p>\n\n\n\n<h3>Cine<\/h3>\n\n\n\n<p><strong><a href=\"https:\/\/www.creilsudoise-tourisme.fr\/es\/agenda-animations\/cinema-cine-villers-monstres-cie\/\" target=\"_blank\" rel=\"noreferrer noopener\">\"Monsters &amp; Co<\/a><\/strong> se emitir\u00e1 en <strong>Noche de Halloween<\/strong> \u00e0 <strong>Villers-Saint-Paul.<\/strong>  <em>\u00bfA qui\u00e9n prefieres entre Bob y Jacques?<\/em><br><br>Ven a <strong><a href=\"https:\/\/www.creilsudoise-tourisme.fr\/es\/agenda-animations\/loisirs-cine-club-3\/\" target=\"_blank\" rel=\"noreferrer noopener\">presente su favorito<\/a><\/strong> del mes y <strong>intercambiar ideas sobre el 7\u00ba arte<\/strong> a la <strong><a href=\"https:\/\/mediatheque.creil.fr\/\" target=\"_blank\" rel=\"noreferrer noopener\">Mediateca Antoine Chanut en Creil<\/a><\/strong> (a partir de los 15 a\u00f1os).<\/p>\n\n\n\n<h3>Cultura urbana<\/h3>\n\n\n\n<p>En<strong> 7\u00aa edici\u00f3n<\/strong> de <strong><a href=\"https:\/\/www.creilsudoise-tourisme.fr\/es\/agenda-animations\/handi-culturbaine\/\" target=\"_blank\" rel=\"noreferrer noopener\">Handicult'urbaine<\/a><\/strong>organizado por la <strong><a href=\"https:\/\/www.nogentsuroise.fr\/\" target=\"_blank\" rel=\"noreferrer noopener\">Ciudad de Nogent-sur-Oise<\/a> <\/strong>es <strong>volver<\/strong> \u00a1! Handicult'urbaine es <strong>reuni\u00f3n<\/strong> entre el <strong>discapacidad<\/strong> y el <strong>cultura urbana<\/strong>. Encontrar\u00e1 <strong>baile<\/strong>el <strong>cantando<\/strong>el <strong>teatro<\/strong> y <strong>concurso<\/strong> !<\/p>\n\n\n\n<h2>Visitas<\/h2>\n\n\n\n<div class=\"is-layout-flex wp-container-16 wp-block-columns\">\n<div class=\"is-layout-flow wp-block-column\" style=\"flex-basis:66.66%\">\n<p>Para los ni\u00f1os m\u00e1s peque\u00f1os (de 5 a 14 a\u00f1os), el&nbsp;<strong><a href=\"https:\/\/www.creilsudoise-tourisme.fr\/es\/jexplore\/imprescindibles\/clouterie-rivierre\/\" target=\"_blank\" rel=\"noreferrer noopener\">Clouterie Rivierre<\/a><\/strong>&nbsp;en Creil ofrece un&nbsp;<strong><a href=\"https:\/\/www.creilsudoise-tourisme.fr\/es\/agenda-animations\/visite-et-atelier-creatif-a-la-clouterie-3\/\" target=\"_blank\" rel=\"noreferrer noopener\">visita l\u00fadica<\/a><\/strong>&nbsp;de su&nbsp;<strong>f\u00e1brica<\/strong>seguido de un&nbsp;<strong>taller creativo<\/strong>&nbsp;en torno a <strong>u\u00f1as<\/strong> Acompa\u00f1ado por un adulto, su hijo saldr\u00e1 con su propio&nbsp;<strong>creaci\u00f3n<\/strong>&nbsp;!<\/p>\n<\/div>\n\n\n\n<div class=\"is-layout-flow wp-block-column\" style=\"flex-basis:33.33%\">\n<figure class=\"wp-block-image size-large\"><img decoding=\"async\" loading=\"lazy\" width=\"1200\" height=\"674\" data-src=\"https:\/\/www.creilsudoise-tourisme.fr\/wp-content\/uploads\/2023\/09\/Clouterie-Rivierre-Creil-\u00a9-Arnaud-Beauvois-Oise-Tourisme-2-1200x674.jpg\" alt=\"clouterie rivierre creil oise visita guiada fabrica familiar savoir-faire unico patrimonio vivo industria paseo familiar infantil\" class=\"wp-image-49656\" data-srcset=\"https:\/\/www.creilsudoise-tourisme.fr\/wp-content\/uploads\/2023\/09\/Clouterie-Rivierre-Creil-\u00a9-Arnaud-Beauvois-Oise-Tourisme-2-1200x674.jpg 1200w, https:\/\/www.creilsudoise-tourisme.fr\/wp-content\/uploads\/2023\/09\/Clouterie-Rivierre-Creil-\u00a9-Arnaud-Beauvois-Oise-Tourisme-2-600x337.jpg 600w, https:\/\/www.creilsudoise-tourisme.fr\/wp-content\/uploads\/2023\/09\/Clouterie-Rivierre-Creil-\u00a9-Arnaud-Beauvois-Oise-Tourisme-2-900x505.jpg 900w, https:\/\/www.creilsudoise-tourisme.fr\/wp-content\/uploads\/2023\/09\/Clouterie-Rivierre-Creil-\u00a9-Arnaud-Beauvois-Oise-Tourisme-2-18x10.jpg 18w, https:\/\/www.creilsudoise-tourisme.fr\/wp-content\/uploads\/2023\/09\/Clouterie-Rivierre-Creil-\u00a9-Arnaud-Beauvois-Oise-Tourisme-2-200x112.jpg 200w, https:\/\/www.creilsudoise-tourisme.fr\/wp-content\/uploads\/2023\/09\/Clouterie-Rivierre-Creil-\u00a9-Arnaud-Beauvois-Oise-Tourisme-2-650x365.jpg 650w, https:\/\/www.creilsudoise-tourisme.fr\/wp-content\/uploads\/2023\/09\/Clouterie-Rivierre-Creil-\u00a9-Arnaud-Beauvois-Oise-Tourisme-2-387x217.jpg 387w, https:\/\/www.creilsudoise-tourisme.fr\/wp-content\/uploads\/2023\/09\/Clouterie-Rivierre-Creil-\u00a9-Arnaud-Beauvois-Oise-Tourisme-2.jpg 1480w\" sizes=\"(max-width: 1200px) 100vw, 1200px\" \/><figcaption class=\"wp-element-caption\">Arnaud Beauvois - Oise Tourisme<\/figcaption><\/figure>\n<\/div>\n<\/div>\n\n\n\n<div class=\"is-layout-flex wp-container-19 wp-block-columns\">\n<div class=\"is-layout-flow wp-block-column\" style=\"flex-basis:33.33%\">\n<figure class=\"wp-block-image size-large\"><img decoding=\"async\" loading=\"lazy\" width=\"1200\" height=\"675\" data-src=\"https:\/\/www.creilsudoise-tourisme.fr\/wp-content\/uploads\/2025\/10\/maison_pierre_visite-guidee_creil-sud-oise-tourisme-5_lumineuse_basseresolution-1200x675.jpg\" alt=\"visita;cantera;piedra\" class=\"wp-image-65758\" data-srcset=\"https:\/\/www.creilsudoise-tourisme.fr\/wp-content\/uploads\/2025\/10\/maison_pierre_visite-guidee_creil-sud-oise-tourisme-5_lumineuse_basseresolution-1200x675.jpg 1200w, https:\/\/www.creilsudoise-tourisme.fr\/wp-content\/uploads\/2025\/10\/maison_pierre_visite-guidee_creil-sud-oise-tourisme-5_lumineuse_basseresolution-600x338.jpg 600w, https:\/\/www.creilsudoise-tourisme.fr\/wp-content\/uploads\/2025\/10\/maison_pierre_visite-guidee_creil-sud-oise-tourisme-5_lumineuse_basseresolution-900x506.jpg 900w, https:\/\/www.creilsudoise-tourisme.fr\/wp-content\/uploads\/2025\/10\/maison_pierre_visite-guidee_creil-sud-oise-tourisme-5_lumineuse_basseresolution-1536x864.jpg 1536w, https:\/\/www.creilsudoise-tourisme.fr\/wp-content\/uploads\/2025\/10\/maison_pierre_visite-guidee_creil-sud-oise-tourisme-5_lumineuse_basseresolution-18x10.jpg 18w, https:\/\/www.creilsudoise-tourisme.fr\/wp-content\/uploads\/2025\/10\/maison_pierre_visite-guidee_creil-sud-oise-tourisme-5_lumineuse_basseresolution-200x113.jpg 200w, https:\/\/www.creilsudoise-tourisme.fr\/wp-content\/uploads\/2025\/10\/maison_pierre_visite-guidee_creil-sud-oise-tourisme-5_lumineuse_basseresolution-1600x900.jpg 1600w, https:\/\/www.creilsudoise-tourisme.fr\/wp-content\/uploads\/2025\/10\/maison_pierre_visite-guidee_creil-sud-oise-tourisme-5_lumineuse_basseresolution-650x366.jpg 650w, https:\/\/www.creilsudoise-tourisme.fr\/wp-content\/uploads\/2025\/10\/maison_pierre_visite-guidee_creil-sud-oise-tourisme-5_lumineuse_basseresolution-387x218.jpg 387w, https:\/\/www.creilsudoise-tourisme.fr\/wp-content\/uploads\/2025\/10\/maison_pierre_visite-guidee_creil-sud-oise-tourisme-5_lumineuse_basseresolution.jpg 1920w\" sizes=\"(max-width: 1200px) 100vw, 1200px\" \/><figcaption class=\"wp-element-caption\">Creil Sud Oise Tourisme<\/figcaption><\/figure>\n<\/div>\n\n\n\n<div class=\"is-layout-flow wp-block-column\" style=\"flex-basis:66.66%\">\n<p>No se pierda <strong>las \u00faltimas oportunidades<\/strong> de <strong><a href=\"https:\/\/www.creilsudoise-tourisme.fr\/es\/agenda-animations\/visite-guidee-de-la-maison-de-la-pierre-3\/\" target=\"_blank\" rel=\"noreferrer noopener\">visita a la cantera subterr\u00e1nea<\/a><\/strong> de la <strong><a href=\"https:\/\/www.creilsudoise-tourisme.fr\/es\/jexplore\/imprescindibles\/maison-de-la-pierre-3\/\" target=\"_blank\" rel=\"noreferrer noopener\">Casa de piedra<\/a><\/strong> \u00a1! Lo que queda<strong> 2 sesiones<\/strong> antes de que <strong>entrar en hibernaci\u00f3n<\/strong>para una devoluci\u00f3n en <strong>pr\u00f3ximo abril<\/strong>. Siga las <strong>gu\u00eda <\/strong>que explicar\u00e1 el<strong>historia<\/strong> de este<strong> carrera <\/strong>y c\u00f3mo<strong> se extrajo la piedra<\/strong> !<\/p>\n<\/div>\n<\/div>\n\n\n\n<p>Al\u00e9jate <strong><a href=\"https:\/\/www.creilsudoise-tourisme.fr\/es\/agenda-animations\/balade-contee-participative-au-parc-de-la-breche\/\" target=\"_blank\" rel=\"noreferrer noopener\">paseo de los cuentos<\/a><\/strong> para un <strong>aventura interactiva <\/strong>\u00a1! D\u00e9jate llevar por la historia de Calie y <strong>ir a la aventura<\/strong> todos los <strong>retos<\/strong> \u00a1! Organizado por<strong>Oficina de Turismo<\/strong>.<br><br>Siga un <strong><a href=\"https:\/\/www.creilsudoise-tourisme.fr\/es\/agenda-animations\/rallye-encadre-a-la-decouverte-de-montataire\/\" target=\"_blank\" rel=\"noreferrer noopener\">rally-game<\/a><\/strong> puntuado por<strong>adivinanzas <\/strong>y<strong>an\u00e9cdotas hist\u00f3ricas<\/strong> en el <strong>Ciudad de Montataire<\/strong> \u00a1! A lo largo de un recorrido de 3 km, los ni\u00f1os (de 7 a 11 a\u00f1os) <strong>divi\u00e9rtete aprendiendo<\/strong>mientras padres y abuelos descubren la<strong>historia poco conocida<\/strong> de la <strong>ciudad<\/strong> \u00a1!  Organizado por<strong>Oficina de Turismo<\/strong>.<\/p>\n\n\n\n<h2>Talleres<\/h2>\n\n\n\n<p>En<strong>&nbsp;<a href=\"https:\/\/www.nogentsuroise.fr\/a-tout-age\/enfance-et-education\/ferme-pedagogique\" target=\"_blank\" rel=\"noreferrer noopener\">granja educativa la MASTE<\/a><\/strong>en Nogent-sur-Oise, le da la bienvenida a&nbsp;<a href=\"https:\/\/www.creilsudoise-tourisme.fr\/es\/agenda-animations\/bienvenue-a-la-ferme-pedagogique-de-la-maste-2\/\" target=\"_blank\" rel=\"noreferrer noopener\"><strong>visita a los animales<\/strong><\/a> esperando&nbsp;<strong>usted<\/strong>&nbsp;ser <strong>acariciado<\/strong> !<\/p>\n\n\n\n<p><\/p>\n\n\n\n<p>Crear un<strong>&nbsp;el trabajo de tus manos<\/strong>&nbsp;con un&nbsp;<strong><a href=\"https:\/\/www.creilsudoise-tourisme.fr\/es\/agenda-animations\/stage-sculpture-sur-pierre-3\/\" target=\"_blank\" rel=\"noreferrer noopener\">escultura de piedra<\/a><\/strong>&nbsp;de media jornada a 3 d\u00edas, en la Maison de la Pierre de Saint-Maximin. Cursos para adultos y ni\u00f1os a partir de 8 a\u00f1os. Salga con el&nbsp;<strong>escultura<\/strong>&nbsp;que tienes&nbsp;<strong>hecho por ti mismo<\/strong>.<\/p>\n\n\n\n<p><\/p>\n\n\n\n<p>Realice un curso de 5 d\u00edas (2 horas al d\u00eda) para <strong>crear un autorretrato<\/strong> no <strong>como los dem\u00e1s<\/strong>. <strong>Experimento<\/strong> bas\u00e1ndose en diferentes <strong>medios de comunicaci\u00f3n<\/strong>, <strong>aspectos<\/strong>, <strong>t\u00e9cnicas<\/strong> y<strong> actitudes<\/strong> \u00a1! Para ni\u00f1os de 7 a 10 a\u00f1os.<\/p>\n\n\n\n<h2>Y tambi\u00e9n...<\/h2>\n\n\n\n<p>En <strong><a href=\"https:\/\/www.creilsudoise.fr\/petits-pas-grandes-histoires\/\" target=\"_blank\" rel=\"noreferrer noopener\">festival de la primera infancia<\/a><\/strong> por el<strong><a href=\"https:\/\/www.creilsudoise.fr\/\" target=\"_blank\" rel=\"noreferrer noopener\">Gran Creil Sud Oise<\/a><\/strong> ofrece <strong>durante todo el mes<\/strong> <strong>Octubre<\/strong> incluidas actividades para ni\u00f1os de 0 a 5 a\u00f1os : <strong>ludoteca<\/strong>, <strong>exposiciones<\/strong>, <strong>talleres<\/strong>, <strong>muestra<\/strong>, <strong>m\u00fasica antigua<\/strong>, <strong>lectores infantiles<\/strong>&#8230;<br><br>En<strong><a href=\"https:\/\/www.creilsudoise-tourisme.fr\/es\/agenda-animations\/fete-foraine-dautomne-a-creil\/\" target=\"_blank\" rel=\"noreferrer noopener\"> Parque de atracciones de Creil<\/a><\/strong> vuelve para el <strong>vacaciones<\/strong> !<br><br>En<a href=\"https:\/\/www.creilsudoise-tourisme.fr\/es\/agenda-animations\/foire-aux-marrons\/\" target=\"_blank\" rel=\"noreferrer noopener\"> feria de la casta\u00f1a<\/a> de Creil vuelve para su <strong>814\u00aa<\/strong> edici\u00f3n (<em>que esto?<\/em>\u00a1) ! Cita en el centro de la ciudad para un <strong>d\u00eda de convivencia<\/strong> y <strong>festivo<\/strong>.<\/p>\n\n\n\n<p><\/p>\n\n\n\n<hr class=\"wp-block-separator has-alpha-channel-opacity\"\/>\n\n\n\n<p class=\"has-text-align-center\">Le deseamos <strong>felices fiestas<\/strong> y <strong>bellos descubrimientos<\/strong> !<\/p>\n\n\n\n<hr class=\"wp-block-separator has-alpha-channel-opacity\"\/>\n\n\n\n<div class=\"is-content-justification-center is-layout-flex wp-container-20 wp-block-buttons\">\n<div class=\"wp-block-button\"><a class=\"wp-block-button__link wp-element-button\" href=\"https:\/\/www.creilsudoise-tourisme.fr\/es\/agenda\/\">TODA LA AGENDA<\/a><\/div>\n<\/div>","protected":false},"excerpt":{"rendered":"<p>\u00a1Ha llegado el oto\u00f1o y sus bonitos colores anaranjados! Porque no todo es mal tiempo y resfriados, es el momento de ponerse al d\u00eda con una serie o leer un buen libro bajo tu manta favorita... pero sobre todo, es el momento de descubrir algunas actividades terror\u00edficas con Halloween [...].<\/p>","protected":false},"author":10,"featured_media":65743,"comment_status":"closed","ping_status":"closed","sticky":false,"template":"","format":"standard","meta":{"_relevanssi_hide_post":"","_relevanssi_hide_content":"","_relevanssi_pin_for_all":"","_relevanssi_pin_keywords":"","_relevanssi_unpin_keywords":"","_relevanssi_related_keywords":"","_relevanssi_related_include_ids":"","_relevanssi_related_exclude_ids":"","_relevanssi_related_no_append":"","_relevanssi_related_not_related":"","_relevanssi_related_posts":"43606,37317,58743,56025,37920,57870","_relevanssi_noindex_reason":""},"categories":[5],"tags":[],"yoast_head":"<!-- This site is optimized with the Yoast SEO plugin v20.2.1 - https:\/\/yoast.com\/wordpress\/plugins\/seo\/ -->\n<title>Activit\u00e9s pour les vacances de la Toussaint<\/title>\n<meta name=\"description\" content=\"D\u00e9couvrez les sorties \u00e0 faire en famille ou entre amis \u00e0 Creil Sud Oise, pr\u00e8s de Chantilly et Senlis, lors des vacances de la Toussaint.\" \/>\n<meta name=\"robots\" content=\"index, follow, max-snippet:-1, max-image-preview:large, max-video-preview:-1\" \/>\n<link rel=\"canonical\" href=\"https:\/\/www.creilsudoise-tourisme.fr\/es\/2025\/10\/09\/vacaciones-toussaint-2\/\" \/>\n<meta property=\"og:locale\" content=\"es_ES\" \/>\n<meta property=\"og:type\" content=\"article\" \/>\n<meta property=\"og:title\" content=\"Activit\u00e9s pour les vacances de la Toussaint\" \/>\n<meta property=\"og:description\" content=\"D\u00e9couvrez les sorties \u00e0 faire en famille ou entre amis \u00e0 Creil Sud Oise, pr\u00e8s de Chantilly et Senlis, lors des vacances de la Toussaint.\" \/>\n<meta property=\"og:url\" content=\"https:\/\/www.creilsudoise-tourisme.fr\/es\/2025\/10\/09\/vacaciones-toussaint-2\/\" \/>\n<meta property=\"og:site_name\" content=\"Office de Tourisme Creil Sud Oise\" \/>\n<meta property=\"article:publisher\" content=\"https:\/\/www.facebook.com\/creilsudoisetourisme\/\" \/>\n<meta property=\"article:published_time\" content=\"2025-10-09T10:12:59+00:00\" \/>\n<meta property=\"article:modified_time\" content=\"2025-11-04T11:22:39+00:00\" \/>\n<meta property=\"og:image\" content=\"https:\/\/www.creilsudoise-tourisme.fr\/wp-content\/uploads\/2025\/10\/Vacances-Toussaint-2025-1.jpg\" \/>\n\t<meta property=\"og:image:width\" content=\"1480\" \/>\n\t<meta property=\"og:image:height\" content=\"740\" \/>\n\t<meta property=\"og:image:type\" content=\"image\/jpeg\" \/>\n<meta name=\"author\" content=\"emilie\" \/>\n<meta name=\"twitter:card\" content=\"summary_large_image\" \/>\n<meta name=\"twitter:creator\" content=\"@CreilSudOiseOT\" \/>\n<meta name=\"twitter:site\" content=\"@CreilSudOiseOT\" \/>\n<meta name=\"twitter:label1\" content=\"Escrito por\" \/>\n\t<meta name=\"twitter:data1\" content=\"emilie\" \/>\n\t<meta name=\"twitter:label2\" content=\"Tiempo de lectura\" \/>\n\t<meta name=\"twitter:data2\" content=\"9 minutos\" \/>\n<script type=\"application\/ld+json\" class=\"yoast-schema-graph\">{\"@context\":\"https:\/\/schema.org\",\"@graph\":[{\"@type\":\"Article\",\"@id\":\"https:\/\/www.creilsudoise-tourisme.fr\/2025\/10\/09\/vacances-toussaint-2\/#article\",\"isPartOf\":{\"@id\":\"https:\/\/www.creilsudoise-tourisme.fr\/2025\/10\/09\/vacances-toussaint-2\/\"},\"author\":{\"name\":\"emilie\",\"@id\":\"https:\/\/www.creilsudoise-tourisme.fr\/#\/schema\/person\/81a1ab3a236faa5508e8f47600a85072\"},\"headline\":\"Vacances de la Toussaint\",\"datePublished\":\"2025-10-09T10:12:59+00:00\",\"dateModified\":\"2025-11-04T11:22:39+00:00\",\"mainEntityOfPage\":{\"@id\":\"https:\/\/www.creilsudoise-tourisme.fr\/2025\/10\/09\/vacances-toussaint-2\/\"},\"wordCount\":1837,\"publisher\":{\"@id\":\"https:\/\/www.creilsudoise-tourisme.fr\/#organization\"},\"articleSection\":[\"Actus\"],\"inLanguage\":\"es\"},{\"@type\":\"WebPage\",\"@id\":\"https:\/\/www.creilsudoise-tourisme.fr\/2025\/10\/09\/vacances-toussaint-2\/\",\"url\":\"https:\/\/www.creilsudoise-tourisme.fr\/2025\/10\/09\/vacances-toussaint-2\/\",\"name\":\"Activit\u00e9s pour les vacances de la Toussaint\",\"isPartOf\":{\"@id\":\"https:\/\/www.creilsudoise-tourisme.fr\/#website\"},\"datePublished\":\"2025-10-09T10:12:59+00:00\",\"dateModified\":\"2025-11-04T11:22:39+00:00\",\"description\":\"D\u00e9couvrez les sorties \u00e0 faire en famille ou entre amis \u00e0 Creil Sud Oise, pr\u00e8s de Chantilly et Senlis, lors des vacances de la Toussaint.\",\"breadcrumb\":{\"@id\":\"https:\/\/www.creilsudoise-tourisme.fr\/2025\/10\/09\/vacances-toussaint-2\/#breadcrumb\"},\"inLanguage\":\"es\",\"potentialAction\":[{\"@type\":\"ReadAction\",\"target\":[\"https:\/\/www.creilsudoise-tourisme.fr\/2025\/10\/09\/vacances-toussaint-2\/\"]}]},{\"@type\":\"BreadcrumbList\",\"@id\":\"https:\/\/www.creilsudoise-tourisme.fr\/2025\/10\/09\/vacances-toussaint-2\/#breadcrumb\",\"itemListElement\":[{\"@type\":\"ListItem\",\"position\":1,\"name\":\"Accueil\",\"item\":\"https:\/\/www.creilsudoise-tourisme.fr\/\"},{\"@type\":\"ListItem\",\"position\":2,\"name\":\"Vacances de la Toussaint\"}]},{\"@type\":\"WebSite\",\"@id\":\"https:\/\/www.creilsudoise-tourisme.fr\/#website\",\"url\":\"https:\/\/www.creilsudoise-tourisme.fr\/\",\"name\":\"Office de Tourisme Creil Sud Oise\",\"description\":\"Creil Sud Oise Tourisme, un territoire \u00e0 explorer !\",\"publisher\":{\"@id\":\"https:\/\/www.creilsudoise-tourisme.fr\/#organization\"},\"potentialAction\":[{\"@type\":\"SearchAction\",\"target\":{\"@type\":\"EntryPoint\",\"urlTemplate\":\"https:\/\/www.creilsudoise-tourisme.fr\/?s={search_term_string}\"},\"query-input\":\"required name=search_term_string\"}],\"inLanguage\":\"es\"},{\"@type\":\"Organization\",\"@id\":\"https:\/\/www.creilsudoise-tourisme.fr\/#organization\",\"name\":\"Creil Sud Oise Tourisme\",\"url\":\"https:\/\/www.creilsudoise-tourisme.fr\/\",\"logo\":{\"@type\":\"ImageObject\",\"inLanguage\":\"es\",\"@id\":\"https:\/\/www.creilsudoise-tourisme.fr\/#\/schema\/logo\/image\/\",\"url\":\"https:\/\/www.creilsudoise-tourisme.fr\/wp-content\/uploads\/2021\/05\/logo-svg.png\",\"contentUrl\":\"https:\/\/www.creilsudoise-tourisme.fr\/wp-content\/uploads\/2021\/05\/logo-svg.png\",\"width\":182,\"height\":71,\"caption\":\"Creil Sud Oise Tourisme\"},\"image\":{\"@id\":\"https:\/\/www.creilsudoise-tourisme.fr\/#\/schema\/logo\/image\/\"},\"sameAs\":[\"https:\/\/www.facebook.com\/creilsudoisetourisme\/\",\"https:\/\/twitter.com\/CreilSudOiseOT\",\"https:\/\/www.instagram.com\/creilsudoisetourisme\/\",\"https:\/\/www.youtube.com\/channel\/UC8L_QD2wwyADW14zt9fY8kw\"]},{\"@type\":\"Person\",\"@id\":\"https:\/\/www.creilsudoise-tourisme.fr\/#\/schema\/person\/81a1ab3a236faa5508e8f47600a85072\",\"name\":\"emilie\",\"image\":{\"@type\":\"ImageObject\",\"inLanguage\":\"es\",\"@id\":\"https:\/\/www.creilsudoise-tourisme.fr\/#\/schema\/person\/image\/\",\"url\":\"https:\/\/secure.gravatar.com\/avatar\/63ed1ecafae1b27e36a71e8626bc354f?s=96&d=mm&r=g\",\"contentUrl\":\"https:\/\/secure.gravatar.com\/avatar\/63ed1ecafae1b27e36a71e8626bc354f?s=96&d=mm&r=g\",\"caption\":\"emilie\"},\"url\":\"https:\/\/www.creilsudoise-tourisme.fr\/es\/auteur\/emilie\/\"}]}<\/script>\n<!-- \/ Yoast SEO plugin. -->","yoast_head_json":{"title":"Activit\u00e9s pour les vacances de la Toussaint","description":"D\u00e9couvrez les sorties \u00e0 faire en famille ou entre amis \u00e0 Creil Sud Oise, pr\u00e8s de Chantilly et Senlis, lors des vacances de la Toussaint.","robots":{"index":"index","follow":"follow","max-snippet":"max-snippet:-1","max-image-preview":"max-image-preview:large","max-video-preview":"max-video-preview:-1"},"canonical":"https:\/\/www.creilsudoise-tourisme.fr\/es\/2025\/10\/09\/vacaciones-toussaint-2\/","og_locale":"es_ES","og_type":"article","og_title":"Activit\u00e9s pour les vacances de la Toussaint","og_description":"D\u00e9couvrez les sorties \u00e0 faire en famille ou entre amis \u00e0 Creil Sud Oise, pr\u00e8s de Chantilly et Senlis, lors des vacances de la Toussaint.","og_url":"https:\/\/www.creilsudoise-tourisme.fr\/es\/2025\/10\/09\/vacaciones-toussaint-2\/","og_site_name":"Office de Tourisme Creil Sud Oise","article_publisher":"https:\/\/www.facebook.com\/creilsudoisetourisme\/","article_published_time":"2025-10-09T10:12:59+00:00","article_modified_time":"2025-11-04T11:22:39+00:00","og_image":[{"width":1480,"height":740,"url":"https:\/\/www.creilsudoise-tourisme.fr\/wp-content\/uploads\/2025\/10\/Vacances-Toussaint-2025-1.jpg","type":"image\/jpeg"}],"author":"emilie","twitter_card":"summary_large_image","twitter_creator":"@CreilSudOiseOT","twitter_site":"@CreilSudOiseOT","twitter_misc":{"Escrito por":"emilie","Tiempo de lectura":"9 minutos"},"schema":{"@context":"https:\/\/schema.org","@graph":[{"@type":"Article","@id":"https:\/\/www.creilsudoise-tourisme.fr\/2025\/10\/09\/vacances-toussaint-2\/#article","isPartOf":{"@id":"https:\/\/www.creilsudoise-tourisme.fr\/2025\/10\/09\/vacances-toussaint-2\/"},"author":{"name":"emilie","@id":"https:\/\/www.creilsudoise-tourisme.fr\/#\/schema\/person\/81a1ab3a236faa5508e8f47600a85072"},"headline":"Vacances de la Toussaint","datePublished":"2025-10-09T10:12:59+00:00","dateModified":"2025-11-04T11:22:39+00:00","mainEntityOfPage":{"@id":"https:\/\/www.creilsudoise-tourisme.fr\/2025\/10\/09\/vacances-toussaint-2\/"},"wordCount":1837,"publisher":{"@id":"https:\/\/www.creilsudoise-tourisme.fr\/#organization"},"articleSection":["Actus"],"inLanguage":"es"},{"@type":"WebPage","@id":"https:\/\/www.creilsudoise-tourisme.fr\/2025\/10\/09\/vacances-toussaint-2\/","url":"https:\/\/www.creilsudoise-tourisme.fr\/2025\/10\/09\/vacances-toussaint-2\/","name":"Activit\u00e9s pour les vacances de la Toussaint","isPartOf":{"@id":"https:\/\/www.creilsudoise-tourisme.fr\/#website"},"datePublished":"2025-10-09T10:12:59+00:00","dateModified":"2025-11-04T11:22:39+00:00","description":"D\u00e9couvrez les sorties \u00e0 faire en famille ou entre amis \u00e0 Creil Sud Oise, pr\u00e8s de Chantilly et Senlis, lors des vacances de la Toussaint.","breadcrumb":{"@id":"https:\/\/www.creilsudoise-tourisme.fr\/2025\/10\/09\/vacances-toussaint-2\/#breadcrumb"},"inLanguage":"es","potentialAction":[{"@type":"ReadAction","target":["https:\/\/www.creilsudoise-tourisme.fr\/2025\/10\/09\/vacances-toussaint-2\/"]}]},{"@type":"BreadcrumbList","@id":"https:\/\/www.creilsudoise-tourisme.fr\/2025\/10\/09\/vacances-toussaint-2\/#breadcrumb","itemListElement":[{"@type":"ListItem","position":1,"name":"Accueil","item":"https:\/\/www.creilsudoise-tourisme.fr\/"},{"@type":"ListItem","position":2,"name":"Vacances de la Toussaint"}]},{"@type":"WebSite","@id":"https:\/\/www.creilsudoise-tourisme.fr\/#website","url":"https:\/\/www.creilsudoise-tourisme.fr\/","name":"Office de Tourisme Creil Sud Oise","description":"Creil Sud Oise Tourisme, un territoire \u00e0 explorer !","publisher":{"@id":"https:\/\/www.creilsudoise-tourisme.fr\/#organization"},"potentialAction":[{"@type":"SearchAction","target":{"@type":"EntryPoint","urlTemplate":"https:\/\/www.creilsudoise-tourisme.fr\/?s={search_term_string}"},"query-input":"required name=search_term_string"}],"inLanguage":"es"},{"@type":"Organization","@id":"https:\/\/www.creilsudoise-tourisme.fr\/#organization","name":"Creil Sud Oise Tourisme","url":"https:\/\/www.creilsudoise-tourisme.fr\/","logo":{"@type":"ImageObject","inLanguage":"es","@id":"https:\/\/www.creilsudoise-tourisme.fr\/#\/schema\/logo\/image\/","url":"https:\/\/www.creilsudoise-tourisme.fr\/wp-content\/uploads\/2021\/05\/logo-svg.png","contentUrl":"https:\/\/www.creilsudoise-tourisme.fr\/wp-content\/uploads\/2021\/05\/logo-svg.png","width":182,"height":71,"caption":"Creil Sud Oise Tourisme"},"image":{"@id":"https:\/\/www.creilsudoise-tourisme.fr\/#\/schema\/logo\/image\/"},"sameAs":["https:\/\/www.facebook.com\/creilsudoisetourisme\/","https:\/\/twitter.com\/CreilSudOiseOT","https:\/\/www.instagram.com\/creilsudoisetourisme\/","https:\/\/www.youtube.com\/channel\/UC8L_QD2wwyADW14zt9fY8kw"]},{"@type":"Person","@id":"https:\/\/www.creilsudoise-tourisme.fr\/#\/schema\/person\/81a1ab3a236faa5508e8f47600a85072","name":"emilie","image":{"@type":"ImageObject","inLanguage":"es","@id":"https:\/\/www.creilsudoise-tourisme.fr\/#\/schema\/person\/image\/","url":"https:\/\/secure.gravatar.com\/avatar\/63ed1ecafae1b27e36a71e8626bc354f?s=96&d=mm&r=g","contentUrl":"https:\/\/secure.gravatar.com\/avatar\/63ed1ecafae1b27e36a71e8626bc354f?s=96&d=mm&r=g","caption":"emilie"},"url":"https:\/\/www.creilsudoise-tourisme.fr\/es\/auteur\/emilie\/"}]}},"_links":{"self":[{"href":"https:\/\/www.creilsudoise-tourisme.fr\/es\/wp-json\/wp\/v2\/posts\/65722"}],"collection":[{"href":"https:\/\/www.creilsudoise-tourisme.fr\/es\/wp-json\/wp\/v2\/posts"}],"about":[{"href":"https:\/\/www.creilsudoise-tourisme.fr\/es\/wp-json\/wp\/v2\/types\/post"}],"author":[{"embeddable":true,"href":"https:\/\/www.creilsudoise-tourisme.fr\/es\/wp-json\/wp\/v2\/users\/10"}],"replies":[{"embeddable":true,"href":"https:\/\/www.creilsudoise-tourisme.fr\/es\/wp-json\/wp\/v2\/comments?post=65722"}],"version-history":[{"count":42,"href":"https:\/\/www.creilsudoise-tourisme.fr\/es\/wp-json\/wp\/v2\/posts\/65722\/revisions"}],"predecessor-version":[{"id":65913,"href":"https:\/\/www.creilsudoise-tourisme.fr\/es\/wp-json\/wp\/v2\/posts\/65722\/revisions\/65913"}],"wp:featuredmedia":[{"embeddable":true,"href":"https:\/\/www.creilsudoise-tourisme.fr\/es\/wp-json\/wp\/v2\/media\/65743"}],"wp:attachment":[{"href":"https:\/\/www.creilsudoise-tourisme.fr\/es\/wp-json\/wp\/v2\/media?parent=65722"}],"wp:term":[{"taxonomy":"category","embeddable":true,"href":"https:\/\/www.creilsudoise-tourisme.fr\/es\/wp-json\/wp\/v2\/categories?post=65722"},{"taxonomy":"post_tag","embeddable":true,"href":"https:\/\/www.creilsudoise-tourisme.fr\/es\/wp-json\/wp\/v2\/tags?post=65722"}],"curies":[{"name":"wp","href":"https:\/\/api.w.org\/{rel}","templated":true}]}}