{"id":63226,"date":"2025-06-26T14:14:18","date_gmt":"2025-06-26T12:14:18","guid":{"rendered":"https:\/\/www.creilsudoise-tourisme.fr\/?p=63226"},"modified":"2025-10-08T10:32:34","modified_gmt":"2025-10-08T08:32:34","slug":"vacances-ete","status":"publish","type":"post","link":"https:\/\/www.creilsudoise-tourisme.fr\/es\/2025\/06\/26\/verano-vacaciones\/","title":{"rendered":"Son las vacaciones de verano."},"content":{"rendered":"<p><\/p>\n\n\n\n<p class=\"is-style-excerpt\"><strong>Ya est\u00e1: \u00a1por fin llegan las vacaciones! <\/strong>Tanto si vive en Oise como si est\u00e1 de paso, este verano tendr\u00e1 mucho en lo que entretenerse. Consulte nuestra selecci\u00f3n de actividades a continuaci\u00f3n.<\/p>\n\n\n\n<h2>Programa urbano \"C'est l'\u00e9t\u00e9<\/h2>\n\n\n\n<h3>En Villers-Saint-Paul<\/h3>\n\n\n\n<p><strong>Estructuras hinchables, juegos de mesa, actividades deportivas, manualidades, bar de batidos<\/strong>fabricaci\u00f3n de <strong>cosm\u00e9tica natural<\/strong>, <strong>comida compartida<\/strong> y <strong>bailando<\/strong>,<strong> concierto, cine al aire libre y exposici\u00f3n<\/strong> <strong>participativo <\/strong>en <strong>la historia de Villers-Saint-Paul<\/strong> (<em>Eso es todo.<\/em>) es lo que propone Villers-Saint-Paul dentro del \"\u00a0<strong><a href=\"https:\/\/www.villers-saint-paul.fr\/actualite\/mon-%C3%A9t%C3%A9-%C3%A0-villers-2025\" target=\"_blank\" rel=\"noreferrer noopener\">Mi verano en Villers<\/a><\/strong>\u00a0\u00a1\" ! Tambi\u00e9n se organizan salidas fuera de la ciudad. <strong>Reserva recomendada<\/strong> !<\/p>\n\n\n\n<h3>En Creil<\/h3>\n\n\n\n<p>La ciudad de <strong>Creil<\/strong> como cada a\u00f1o <strong>verano<\/strong>a la gente de Creillois, <strong><a href=\"https:\/\/www.creil.fr\/actualites\/programme-des-vacances-ete-service-jeunesse?fbclid=IwY2xjawLHjhZleHRuA2FlbQIxMABicmlkETFDRlJuVkcxTTg5S3NPdktrAR4FpJBFLZ6BSyAHm_PVjxeZvC2qFNqD0efv6tceZfsWUhJVTfsRPek47CG5ew_aem_v2KCwwUn8wmJubPSrMGAeA\" target=\"_blank\" rel=\"noreferrer noopener\">salidas fuera de la ciudad <\/a><\/strong> para permitir <strong>viaje<\/strong>. <strong>Reserva recomendada<\/strong> !<\/p>\n\n\n\n<h3>En Montataire<\/h3>\n\n\n\n<p><strong>Deportes <\/strong>(baloncesto, gimnasia, tenis, f\u00fatbol), <strong>taller de tartas, gran fiesta, celebraci\u00f3n<\/strong> centro social sobre el tema<strong>Asia<\/strong>, <strong>rally del patrimonio, cine al aire libre, curso de dibujo, tarde de equitaci\u00f3n, costura, magia, tarde de juegos, jardiner\u00eda<\/strong>y<strong>otras actividades<\/strong> le esperan con la ciudad de <strong>Montataire<\/strong> para <strong><a href=\"https:\/\/mairie-montataire.fr\/app\/uploads\/2025\/06\/QE2025-progA5-BD-planche.pdf\" target=\"_blank\" rel=\"noreferrer noopener\">saborea el verano<\/a><\/strong> \u00a1! Desde <strong>escapadas fuera de la ciudad <\/strong>tambi\u00e9n est\u00e1n previstas. <strong>Reserva recomendada<\/strong> !<br><\/p>\n\n\n\n<h2>Talleres de todo tipo<\/h2>\n\n\n\n<h3>Escultura de piedra<\/h3>\n\n\n\n<p>En <strong>escultura de piedra<\/strong> \u00bfTentado? Entonces este es tu sitio, <a href=\"https:\/\/www.creilsudoise-tourisme.fr\/es\/jexplore\/imprescindibles\/maison-de-la-pierre-3\/\"><strong>la Maison de la Pierre<\/strong><\/a> de mi\u00e9rcoles a viernes<strong> iniciaciones<\/strong> durante el<strong>os 2 meses de vacaciones<\/strong> ! <em>Ya no tienes excusas...<\/em> Tambi\u00e9n ofrece<strong> <a href=\"https:\/\/www.creilsudoise-tourisme.fr\/es\/agenda-animations\/stage-sculpture-sur-pierre-2\/\" target=\"_blank\" rel=\"noreferrer noopener\">cursos de medio d\u00eda a 3 d\u00edas<\/a><\/strong> ! <em>\u00bfD\u00f3nde puedo reservar?<\/em><\/p>\n\n\n\n<figure class=\"is-layout-flex wp-block-gallery-1 wp-block-gallery has-nested-images columns-default is-cropped\">\n<figure class=\"wp-block-image size-large\"><img decoding=\"async\" loading=\"lazy\" width=\"800\" height=\"1200\" data-id=\"45089\"  data-src=\"https:\/\/www.creilsudoise-tourisme.fr\/wp-content\/uploads\/2023\/02\/155_Maison-de-la-Pierre\u00a92022_Smellinckx-800x1200.jpg\" alt=\"Taller de escultura en piedra en la Maison de la Pierre\" class=\"wp-image-45089\" data-srcset=\"https:\/\/www.creilsudoise-tourisme.fr\/wp-content\/uploads\/2023\/02\/155_Maison-de-la-Pierre\u00a92022_Smellinckx-800x1200.jpg 800w, https:\/\/www.creilsudoise-tourisme.fr\/wp-content\/uploads\/2023\/02\/155_Maison-de-la-Pierre\u00a92022_Smellinckx-400x600.jpg 400w, https:\/\/www.creilsudoise-tourisme.fr\/wp-content\/uploads\/2023\/02\/155_Maison-de-la-Pierre\u00a92022_Smellinckx-600x900.jpg 600w, https:\/\/www.creilsudoise-tourisme.fr\/wp-content\/uploads\/2023\/02\/155_Maison-de-la-Pierre\u00a92022_Smellinckx-1024x1536.jpg 1024w, https:\/\/www.creilsudoise-tourisme.fr\/wp-content\/uploads\/2023\/02\/155_Maison-de-la-Pierre\u00a92022_Smellinckx-8x12.jpg 8w, https:\/\/www.creilsudoise-tourisme.fr\/wp-content\/uploads\/2023\/02\/155_Maison-de-la-Pierre\u00a92022_Smellinckx-200x300.jpg 200w, https:\/\/www.creilsudoise-tourisme.fr\/wp-content\/uploads\/2023\/02\/155_Maison-de-la-Pierre\u00a92022_Smellinckx-650x975.jpg 650w, https:\/\/www.creilsudoise-tourisme.fr\/wp-content\/uploads\/2023\/02\/155_Maison-de-la-Pierre\u00a92022_Smellinckx-282x424.jpg 282w, https:\/\/www.creilsudoise-tourisme.fr\/wp-content\/uploads\/2023\/02\/155_Maison-de-la-Pierre\u00a92022_Smellinckx-387x581.jpg 387w, https:\/\/www.creilsudoise-tourisme.fr\/wp-content\/uploads\/2023\/02\/155_Maison-de-la-Pierre\u00a92022_Smellinckx.jpg 1280w\" sizes=\"(max-width: 800px) 100vw, 800px\" \/><figcaption class=\"wp-element-caption\">Creil Sud Oise Tourisme<\/figcaption><\/figure>\n\n\n\n<figure class=\"wp-block-image size-large\"><img decoding=\"async\" loading=\"lazy\" width=\"1200\" height=\"800\" data-id=\"59267\"  data-src=\"https:\/\/www.creilsudoise-tourisme.fr\/wp-content\/uploads\/wpetourisme\/Sculpture-sur-pierre-1-1200x800.jpg\" alt=\"\" class=\"wp-image-59267\" data-srcset=\"https:\/\/www.creilsudoise-tourisme.fr\/wp-content\/uploads\/wpetourisme\/Sculpture-sur-pierre-1-1200x800.jpg 1200w, https:\/\/www.creilsudoise-tourisme.fr\/wp-content\/uploads\/wpetourisme\/Sculpture-sur-pierre-1-600x400.jpg 600w, https:\/\/www.creilsudoise-tourisme.fr\/wp-content\/uploads\/wpetourisme\/Sculpture-sur-pierre-1-900x600.jpg 900w, https:\/\/www.creilsudoise-tourisme.fr\/wp-content\/uploads\/wpetourisme\/Sculpture-sur-pierre-1-1536x1024.jpg 1536w, https:\/\/www.creilsudoise-tourisme.fr\/wp-content\/uploads\/wpetourisme\/Sculpture-sur-pierre-1-18x12.jpg 18w, https:\/\/www.creilsudoise-tourisme.fr\/wp-content\/uploads\/wpetourisme\/Sculpture-sur-pierre-1-200x133.jpg 200w, https:\/\/www.creilsudoise-tourisme.fr\/wp-content\/uploads\/wpetourisme\/Sculpture-sur-pierre-1-650x433.jpg 650w, https:\/\/www.creilsudoise-tourisme.fr\/wp-content\/uploads\/wpetourisme\/Sculpture-sur-pierre-1-387x258.jpg 387w, https:\/\/www.creilsudoise-tourisme.fr\/wp-content\/uploads\/wpetourisme\/Sculpture-sur-pierre-1.jpg 1600w\" sizes=\"(max-width: 1200px) 100vw, 1200px\" \/><figcaption class=\"wp-element-caption\">Creil Sud Oise Tourisme<\/figcaption><\/figure>\n\n\n\n<figure class=\"wp-block-image size-large\"><img decoding=\"async\" loading=\"lazy\" width=\"1200\" height=\"725\" data-id=\"34654\"  data-src=\"https:\/\/www.creilsudoise-tourisme.fr\/wp-content\/uploads\/2021\/05\/Stage-de-sculpture-sur-pierre-a-la-Maison-de-la-Pierre-a-Saint-Maximin-1200x725.jpg\" alt=\"Curso de escultura en piedra en la Maison de la Pierre de Saint-Maximin\" class=\"wp-image-34654\" data-srcset=\"https:\/\/www.creilsudoise-tourisme.fr\/wp-content\/uploads\/2021\/05\/Stage-de-sculpture-sur-pierre-a-la-Maison-de-la-Pierre-a-Saint-Maximin-1200x725.jpg 1200w, https:\/\/www.creilsudoise-tourisme.fr\/wp-content\/uploads\/2021\/05\/Stage-de-sculpture-sur-pierre-a-la-Maison-de-la-Pierre-a-Saint-Maximin-600x362.jpg 600w, https:\/\/www.creilsudoise-tourisme.fr\/wp-content\/uploads\/2021\/05\/Stage-de-sculpture-sur-pierre-a-la-Maison-de-la-Pierre-a-Saint-Maximin-900x543.jpg 900w, https:\/\/www.creilsudoise-tourisme.fr\/wp-content\/uploads\/2021\/05\/Stage-de-sculpture-sur-pierre-a-la-Maison-de-la-Pierre-a-Saint-Maximin-1536x927.jpg 1536w, https:\/\/www.creilsudoise-tourisme.fr\/wp-content\/uploads\/2021\/05\/Stage-de-sculpture-sur-pierre-a-la-Maison-de-la-Pierre-a-Saint-Maximin-200x121.jpg 200w, https:\/\/www.creilsudoise-tourisme.fr\/wp-content\/uploads\/2021\/05\/Stage-de-sculpture-sur-pierre-a-la-Maison-de-la-Pierre-a-Saint-Maximin-650x392.jpg 650w, https:\/\/www.creilsudoise-tourisme.fr\/wp-content\/uploads\/2021\/05\/Stage-de-sculpture-sur-pierre-a-la-Maison-de-la-Pierre-a-Saint-Maximin-416x251.jpg 416w, https:\/\/www.creilsudoise-tourisme.fr\/wp-content\/uploads\/2021\/05\/Stage-de-sculpture-sur-pierre-a-la-Maison-de-la-Pierre-a-Saint-Maximin-387x234.jpg 387w, https:\/\/www.creilsudoise-tourisme.fr\/wp-content\/uploads\/2021\/05\/Stage-de-sculpture-sur-pierre-a-la-Maison-de-la-Pierre-a-Saint-Maximin.jpg 1600w\" sizes=\"(max-width: 1200px) 100vw, 1200px\" \/><figcaption class=\"wp-element-caption\">Creil Sud Oise Tourisme<\/figcaption><\/figure>\n\n\n\n<figure class=\"wp-block-image size-large\"><img decoding=\"async\" loading=\"lazy\" width=\"1200\" height=\"800\" data-id=\"61272\"  data-src=\"https:\/\/www.creilsudoise-tourisme.fr\/wp-content\/uploads\/wpetourisme\/Maison-Pierre-Saint-Maximin-Smellinckx-Oise-Tourisme--41--1200x800.jpg\" alt=\"\" class=\"wp-image-61272\" data-srcset=\"https:\/\/www.creilsudoise-tourisme.fr\/wp-content\/uploads\/wpetourisme\/Maison-Pierre-Saint-Maximin-Smellinckx-Oise-Tourisme--41--1200x800.jpg 1200w, https:\/\/www.creilsudoise-tourisme.fr\/wp-content\/uploads\/wpetourisme\/Maison-Pierre-Saint-Maximin-Smellinckx-Oise-Tourisme--41--600x400.jpg 600w, https:\/\/www.creilsudoise-tourisme.fr\/wp-content\/uploads\/wpetourisme\/Maison-Pierre-Saint-Maximin-Smellinckx-Oise-Tourisme--41--900x600.jpg 900w, https:\/\/www.creilsudoise-tourisme.fr\/wp-content\/uploads\/wpetourisme\/Maison-Pierre-Saint-Maximin-Smellinckx-Oise-Tourisme--41--1536x1024.jpg 1536w, https:\/\/www.creilsudoise-tourisme.fr\/wp-content\/uploads\/wpetourisme\/Maison-Pierre-Saint-Maximin-Smellinckx-Oise-Tourisme--41--2048x1365.jpg 2048w, https:\/\/www.creilsudoise-tourisme.fr\/wp-content\/uploads\/wpetourisme\/Maison-Pierre-Saint-Maximin-Smellinckx-Oise-Tourisme--41--18x12.jpg 18w, https:\/\/www.creilsudoise-tourisme.fr\/wp-content\/uploads\/wpetourisme\/Maison-Pierre-Saint-Maximin-Smellinckx-Oise-Tourisme--41--200x133.jpg 200w, https:\/\/www.creilsudoise-tourisme.fr\/wp-content\/uploads\/wpetourisme\/Maison-Pierre-Saint-Maximin-Smellinckx-Oise-Tourisme--41--650x433.jpg 650w, https:\/\/www.creilsudoise-tourisme.fr\/wp-content\/uploads\/wpetourisme\/Maison-Pierre-Saint-Maximin-Smellinckx-Oise-Tourisme--41--387x258.jpg 387w\" sizes=\"(max-width: 1200px) 100vw, 1200px\" \/><\/figure>\n<\/figure>\n\n\n\n<h3>Taller creativo<\/h3>\n\n\n\n<p>En <strong><a href=\"https:\/\/www.creilsudoise-tourisme.fr\/es\/jexplore\/imprescindibles\/\" target=\"_blank\" rel=\"noreferrer noopener\">Clouterie Rivierre<\/a><\/strong> en Creil ofrece un <a href=\"https:\/\/www.creilsudoise-tourisme.fr\/es\/agenda-animations\/visite-et-atelier-creatif-a-la-clouterie\/\" target=\"_blank\" rel=\"noreferrer noopener\"><strong>visita l\u00fadica<\/strong><\/a> de su <strong>f\u00e1brica<\/strong>seguido de un <strong>taller creativo<\/strong> alrededor de las u\u00f1as: acompa\u00f1ado por un adulto, su hijo saldr\u00e1 con su propio <strong>creaci\u00f3n<\/strong> \u00a1! Qui\u00e9n sabe, algunos <strong>vocaciones<\/strong> \u00bftal vez nacer\u00e1?<\/p>\n\n\n\n<figure class=\"is-layout-flex wp-block-gallery-3 wp-block-gallery has-nested-images columns-default is-cropped\">\n<figure class=\"wp-block-image size-large\"><img decoding=\"async\" loading=\"lazy\" width=\"1200\" height=\"674\" data-id=\"49750\"  data-src=\"https:\/\/www.creilsudoise-tourisme.fr\/wp-content\/uploads\/wpetourisme\/Clouterie-Rivierre-Creil-Visite-guidee-Oise-Tourisme--2--1200x674.jpg\" alt=\"\" class=\"wp-image-49750\" data-srcset=\"https:\/\/www.creilsudoise-tourisme.fr\/wp-content\/uploads\/wpetourisme\/Clouterie-Rivierre-Creil-Visite-guidee-Oise-Tourisme--2--1200x674.jpg 1200w, https:\/\/www.creilsudoise-tourisme.fr\/wp-content\/uploads\/wpetourisme\/Clouterie-Rivierre-Creil-Visite-guidee-Oise-Tourisme--2--600x337.jpg 600w, https:\/\/www.creilsudoise-tourisme.fr\/wp-content\/uploads\/wpetourisme\/Clouterie-Rivierre-Creil-Visite-guidee-Oise-Tourisme--2--900x505.jpg 900w, https:\/\/www.creilsudoise-tourisme.fr\/wp-content\/uploads\/wpetourisme\/Clouterie-Rivierre-Creil-Visite-guidee-Oise-Tourisme--2--18x10.jpg 18w, https:\/\/www.creilsudoise-tourisme.fr\/wp-content\/uploads\/wpetourisme\/Clouterie-Rivierre-Creil-Visite-guidee-Oise-Tourisme--2--200x112.jpg 200w, https:\/\/www.creilsudoise-tourisme.fr\/wp-content\/uploads\/wpetourisme\/Clouterie-Rivierre-Creil-Visite-guidee-Oise-Tourisme--2--650x365.jpg 650w, https:\/\/www.creilsudoise-tourisme.fr\/wp-content\/uploads\/wpetourisme\/Clouterie-Rivierre-Creil-Visite-guidee-Oise-Tourisme--2--387x217.jpg 387w, https:\/\/www.creilsudoise-tourisme.fr\/wp-content\/uploads\/wpetourisme\/Clouterie-Rivierre-Creil-Visite-guidee-Oise-Tourisme--2-.JPG 1364w\" sizes=\"(max-width: 1200px) 100vw, 1200px\" \/><\/figure>\n\n\n\n<figure class=\"wp-block-image size-large\"><img decoding=\"async\" loading=\"lazy\" width=\"1200\" height=\"674\" data-id=\"49746\"  data-src=\"https:\/\/www.creilsudoise-tourisme.fr\/wp-content\/uploads\/wpetourisme\/Clouterie-Rivierre-Creil-Visite-guidee-Oise-Tourisme--3--1200x674.jpg\" alt=\"\" class=\"wp-image-49746\" data-srcset=\"https:\/\/www.creilsudoise-tourisme.fr\/wp-content\/uploads\/wpetourisme\/Clouterie-Rivierre-Creil-Visite-guidee-Oise-Tourisme--3--1200x674.jpg 1200w, https:\/\/www.creilsudoise-tourisme.fr\/wp-content\/uploads\/wpetourisme\/Clouterie-Rivierre-Creil-Visite-guidee-Oise-Tourisme--3--600x337.jpg 600w, https:\/\/www.creilsudoise-tourisme.fr\/wp-content\/uploads\/wpetourisme\/Clouterie-Rivierre-Creil-Visite-guidee-Oise-Tourisme--3--900x505.jpg 900w, https:\/\/www.creilsudoise-tourisme.fr\/wp-content\/uploads\/wpetourisme\/Clouterie-Rivierre-Creil-Visite-guidee-Oise-Tourisme--3--18x10.jpg 18w, https:\/\/www.creilsudoise-tourisme.fr\/wp-content\/uploads\/wpetourisme\/Clouterie-Rivierre-Creil-Visite-guidee-Oise-Tourisme--3--200x112.jpg 200w, https:\/\/www.creilsudoise-tourisme.fr\/wp-content\/uploads\/wpetourisme\/Clouterie-Rivierre-Creil-Visite-guidee-Oise-Tourisme--3--650x365.jpg 650w, https:\/\/www.creilsudoise-tourisme.fr\/wp-content\/uploads\/wpetourisme\/Clouterie-Rivierre-Creil-Visite-guidee-Oise-Tourisme--3--387x217.jpg 387w, https:\/\/www.creilsudoise-tourisme.fr\/wp-content\/uploads\/wpetourisme\/Clouterie-Rivierre-Creil-Visite-guidee-Oise-Tourisme--3-.JPG 1364w\" sizes=\"(max-width: 1200px) 100vw, 1200px\" \/><\/figure>\n<\/figure>\n\n\n\n<h3>Descubrir los animales<\/h3>\n\n\n\n<p><a href=\"https:\/\/www.creilsudoise-tourisme.fr\/es\/agenda-animations\/stage-a-la-ferme-pedagogique\/\" target=\"_blank\" rel=\"noreferrer noopener\">Descubra la vida en una granja<\/a> participando en <strong>atenci\u00f3n<\/strong> y<strong> alimentaci\u00f3n<\/strong> animales con el <a href=\"https:\/\/www.nogentsuroise.fr\/a-tout-age\/enfance-et-education\/ferme-pedagogique\" target=\"_blank\" rel=\"noreferrer noopener\">Granja educativa de Nogent-sur-Oise<\/a> e ir de excursi\u00f3n a un picadero <strong>conozca a los ponis y caballos<\/strong> !<\/p>\n\n\n\n<p><\/p>\n\n\n\n<h3>Peque\u00f1o viaje en tren<\/h3>\n\n\n\n<p>Para un <strong><a href=\"https:\/\/www.creilsudoise-tourisme.fr\/es\/agenda-animations\/loisirs-les-petits-trains-dans-le-parc-de-la-breche-5\/\" target=\"_blank\" rel=\"noreferrer noopener\">Paseo en minitren por el Parque de la Br\u00e8che de Villers-Saint-Paul<\/a><\/strong>\u00a1Ya est\u00e1 aqu\u00ed! Evento <strong>imperdible<\/strong> de Villersois y Oisiens en los alrededores, lo que le dar\u00e1 <strong>un momento de reencuentro familiar<\/strong>.<\/p>\n\n\n\n<figure class=\"is-layout-flex wp-block-gallery-5 wp-block-gallery has-nested-images columns-default is-cropped\">\n<figure class=\"wp-block-image size-large\"><img decoding=\"async\" loading=\"lazy\" width=\"1200\" height=\"731\" data-id=\"63355\"  data-src=\"https:\/\/www.creilsudoise-tourisme.fr\/wp-content\/uploads\/2025\/06\/442428580_999325178866983_6880691649542027331_n-1200x731.jpg\" alt=\"tren Villers-Saint-Paul\" class=\"wp-image-63355\" data-srcset=\"https:\/\/www.creilsudoise-tourisme.fr\/wp-content\/uploads\/2025\/06\/442428580_999325178866983_6880691649542027331_n-1200x731.jpg 1200w, https:\/\/www.creilsudoise-tourisme.fr\/wp-content\/uploads\/2025\/06\/442428580_999325178866983_6880691649542027331_n-600x366.jpg 600w, https:\/\/www.creilsudoise-tourisme.fr\/wp-content\/uploads\/2025\/06\/442428580_999325178866983_6880691649542027331_n-900x549.jpg 900w, https:\/\/www.creilsudoise-tourisme.fr\/wp-content\/uploads\/2025\/06\/442428580_999325178866983_6880691649542027331_n-1536x936.jpg 1536w, https:\/\/www.creilsudoise-tourisme.fr\/wp-content\/uploads\/2025\/06\/442428580_999325178866983_6880691649542027331_n-18x12.jpg 18w, https:\/\/www.creilsudoise-tourisme.fr\/wp-content\/uploads\/2025\/06\/442428580_999325178866983_6880691649542027331_n-200x122.jpg 200w, https:\/\/www.creilsudoise-tourisme.fr\/wp-content\/uploads\/2025\/06\/442428580_999325178866983_6880691649542027331_n-650x396.jpg 650w, https:\/\/www.creilsudoise-tourisme.fr\/wp-content\/uploads\/2025\/06\/442428580_999325178866983_6880691649542027331_n-387x236.jpg 387w, https:\/\/www.creilsudoise-tourisme.fr\/wp-content\/uploads\/2025\/06\/442428580_999325178866983_6880691649542027331_n.jpg 1854w\" sizes=\"(max-width: 1200px) 100vw, 1200px\" \/><figcaption class=\"wp-element-caption\">Villers-Saint-Paul<\/figcaption><\/figure>\n\n\n\n<figure class=\"wp-block-image size-large\"><img decoding=\"async\" loading=\"lazy\" width=\"1200\" height=\"616\" data-id=\"63354\"  data-src=\"https:\/\/www.creilsudoise-tourisme.fr\/wp-content\/uploads\/2025\/06\/444923854_999325182200316_764945890767617903_n-1200x616.jpg\" alt=\"tren Villers-Saint-Paul\" class=\"wp-image-63354\" data-srcset=\"https:\/\/www.creilsudoise-tourisme.fr\/wp-content\/uploads\/2025\/06\/444923854_999325182200316_764945890767617903_n-1200x616.jpg 1200w, https:\/\/www.creilsudoise-tourisme.fr\/wp-content\/uploads\/2025\/06\/444923854_999325182200316_764945890767617903_n-600x308.jpg 600w, https:\/\/www.creilsudoise-tourisme.fr\/wp-content\/uploads\/2025\/06\/444923854_999325182200316_764945890767617903_n-900x462.jpg 900w, https:\/\/www.creilsudoise-tourisme.fr\/wp-content\/uploads\/2025\/06\/444923854_999325182200316_764945890767617903_n-1536x789.jpg 1536w, https:\/\/www.creilsudoise-tourisme.fr\/wp-content\/uploads\/2025\/06\/444923854_999325182200316_764945890767617903_n-18x9.jpg 18w, https:\/\/www.creilsudoise-tourisme.fr\/wp-content\/uploads\/2025\/06\/444923854_999325182200316_764945890767617903_n-200x103.jpg 200w, https:\/\/www.creilsudoise-tourisme.fr\/wp-content\/uploads\/2025\/06\/444923854_999325182200316_764945890767617903_n-650x334.jpg 650w, https:\/\/www.creilsudoise-tourisme.fr\/wp-content\/uploads\/2025\/06\/444923854_999325182200316_764945890767617903_n-387x199.jpg 387w, https:\/\/www.creilsudoise-tourisme.fr\/wp-content\/uploads\/2025\/06\/444923854_999325182200316_764945890767617903_n.jpg 2048w\" sizes=\"(max-width: 1200px) 100vw, 1200px\" \/><figcaption class=\"wp-element-caption\">Villers-Saint-Paul<\/figcaption><\/figure>\n<\/figure>\n\n\n<div class=\"wp-block-image\">\n<figure class=\"aligncenter size-full\"><img decoding=\"async\" loading=\"lazy\" width=\"601\" height=\"319\" data-src=\"https:\/\/www.creilsudoise-tourisme.fr\/wp-content\/uploads\/2025\/06\/442424007_999325148866986_6373676804258733364_n.jpg\" alt=\"tren Villers-Saint-Paul\" class=\"wp-image-63353\" data-srcset=\"https:\/\/www.creilsudoise-tourisme.fr\/wp-content\/uploads\/2025\/06\/442424007_999325148866986_6373676804258733364_n.jpg 601w, https:\/\/www.creilsudoise-tourisme.fr\/wp-content\/uploads\/2025\/06\/442424007_999325148866986_6373676804258733364_n-18x10.jpg 18w, https:\/\/www.creilsudoise-tourisme.fr\/wp-content\/uploads\/2025\/06\/442424007_999325148866986_6373676804258733364_n-200x106.jpg 200w, https:\/\/www.creilsudoise-tourisme.fr\/wp-content\/uploads\/2025\/06\/442424007_999325148866986_6373676804258733364_n-387x205.jpg 387w\" sizes=\"(max-width: 601px) 100vw, 601px\" \/><\/figure><\/div>\n\n\n<p><\/p>\n\n\n\n<h3>Juegos de tarde<\/h3>\n\n\n\n<p>En <a href=\"https:\/\/www.saintleudesserent.fr\/mediatheque-saint-leu-60\" target=\"_blank\" rel=\"noreferrer noopener\">Biblioteca multimedia de Saint-Leu d'Esserent<\/a> le ofrece \"\u00a0<a href=\"https:\/\/www.creilsudoise-tourisme.fr\/es\/agenda-animations\/activites-ludiques-les-jeudis-du-jeu\/\" target=\"_blank\" rel=\"noreferrer noopener\"><strong>Jueves de juegos en la Mediateca<\/strong><\/a>\u00a0\u00a1\" ! Un concepto <strong>claro y preciso<\/strong> juegos (juegos de madera, juegos gigantes, juegos originales y juegos deportivos) tanto de interior como de exterior <strong>todos los jueves de julio por la tarde<\/strong> !<br><br>En <strong><a href=\"https:\/\/www.creilsudoise-tourisme.fr\/es\/jexplore\/imprescindibles\/musee-galle-juillet\/\">Museo Gall\u00e9-Juillet<\/a><\/strong> met <strong>disponible para<a href=\"https:\/\/www.creilsudoise-tourisme.fr\/es\/agenda-animations\/les-jeux-anciens-du-musee\/\" target=\"_blank\" rel=\"noreferrer noopener\"> juegos antiguos<\/a><\/strong> en su jard\u00edn. <strong>Aprovecha<\/strong>z de un<strong> un entorno agradable<\/strong> divertirse e<strong>n familia<\/strong> o <strong>entre amigos<\/strong> !<\/p>\n\n\n\n<h3>Arte, historia y ciencia en MASTE<\/h3>\n\n\n\n<p>Por \u00faltimo, el <strong><a href=\"https:\/\/www.nogentsuroise.fr\/a-tout-age\/enfance-et-education\/la-mast\" target=\"_blank\" rel=\"noreferrer noopener\">MASTE<\/a><\/strong> tiene <strong>inventado<\/strong>  a <strong><a href=\"https:\/\/www.creilsudoise-tourisme.fr\/es\/agenda-animations\/ateliers-stage-des-savants-fous-sur-le-moyen-age\/\" target=\"_blank\" rel=\"noreferrer noopener\">Savants Fou sobre la Edad Media<\/a><\/strong> y si su hijo <strong>retrocedi\u00f3 en el tiempo<\/strong> para <strong>visite<\/strong> el <strong>secretos<\/strong> de <strong>cient\u00edficos<\/strong> de<strong> Edad Media<\/strong> ? A trav\u00e9s de <strong>talleres de inmersi\u00f3n<\/strong> y <strong>recreativo<\/strong>explorar\u00e1 la<strong>arte <\/strong>de <strong>alquimia,<\/strong> crear\u00e1 su <strong>escudo propio<\/strong>aprender\u00e1 <strong>caligraf\u00eda<\/strong> y aprender sobre <strong>t\u00e9cnicas <\/strong>de <strong>constructores<\/strong> \u00a1! Un programa <strong>encargado<\/strong> convertirse en <strong>informaci\u00f3n privilegiada<\/strong> \u00a1sobre el tema!<\/p>\n\n\n\n<h3>Juego de escape<\/h3>\n\n\n\n<p>Para el <strong>adolescentes<\/strong> (a partir de 12 a\u00f1os) y adultos, el <strong><a href=\"https:\/\/www.saintleudesserent.fr\/\">Ciudad de Saint-Leu d'Esserent<\/a><\/strong> organiza un <strong><a href=\"https:\/\/www.facebook.com\/photo\/?fbid=1142976067862864&amp;set=a.618221620338314\" target=\"_blank\" rel=\"noreferrer noopener\">Juego de escape<\/a><\/strong>.<\/p>\n\n\n\n<p><strong>Sum\u00e9rgete<\/strong> en un <strong>investigaci\u00f3n cautivadora<\/strong> a trav\u00e9s de <strong>tesoros olvidados <\/strong>\u00a1en Saint-Leu-d'Esserent! Se dice que un arque\u00f3logo de la excavaci\u00f3n de 1955<strong> rob\u00f3 una preciada posesi\u00f3n...<\/strong> \u00c0 <strong>usted <\/strong>de r<strong>resolver enigmas<\/strong> para la<strong>e encontrar<\/strong> \u00a1! Y lo que es m\u00e1s, <strong>te espera una recompensa<\/strong> !<br>Varios<strong> fechas<\/strong> y <strong>ranuras<\/strong> disponible.<\/p>\n\n\n\n<h2>Cultura<\/h2>\n\n\n\n<p><\/p>\n\n\n\n<h3>Bibliotecas y mediatecas<\/h3>\n\n\n\n<p>En <a href=\"https:\/\/www.saintmaximin.eu\/bibliotheque-et-catalogue\" target=\"_blank\" rel=\"noreferrer noopener\">Biblioteca de Saint-Maximin<\/a> te da <strong>cita<\/strong> todos los mi\u00e9rcoles para <strong><a href=\"https:\/\/www.creilsudoise-tourisme.fr\/es\/agenda-animations\/lecture-histoires-en-plein-air-2\/\" target=\"_blank\" rel=\"noreferrer noopener\">leer al aire libre<\/a><\/strong> \u00a1! \u00bfQu\u00e9 podr\u00eda ser mejor que <strong>leer en la naturaleza<\/strong> ?<br><br>En <strong><a href=\"https:\/\/mediatheque.creil.fr\/\" target=\"_blank\" rel=\"noreferrer noopener\">Mediatecas en Creil<\/a><\/strong> te est\u00e1n esperando <a href=\"https:\/\/mediatheque.creil.fr\/a-vos-agendas-\" target=\"_blank\" rel=\"noreferrer noopener\">un sinf\u00edn de actividades<\/a>como <strong>cuentos<\/strong>s, el <strong>juegos de mesa<\/strong> (<em>muy bonito<\/em>), el <strong>cine<\/strong>s, el <strong>partes de Loup-Garou<\/strong>s, el <strong>clubes de lectura<\/strong>s, el <strong>presentaciones de<\/strong> <strong>ajedrez<\/strong> y <strong>talleres digitales<\/strong> \u00a1! No se aburrir\u00e1 con el <strong>Mediatecas en Creil<\/strong> !<\/p>\n\n\n\n<div class=\"is-layout-flex wp-container-9 wp-block-columns\">\n<div class=\"is-layout-flow wp-block-column\" style=\"flex-basis:33.33%\">\n<figure class=\"wp-block-image size-large\"><img decoding=\"async\" loading=\"lazy\" width=\"900\" height=\"1200\" data-src=\"https:\/\/www.creilsudoise-tourisme.fr\/wp-content\/uploads\/2025\/06\/2965930-2-900x1200.jpg\" alt=\"\" class=\"wp-image-63360\" data-srcset=\"https:\/\/www.creilsudoise-tourisme.fr\/wp-content\/uploads\/2025\/06\/2965930-2-900x1200.jpg 900w, https:\/\/www.creilsudoise-tourisme.fr\/wp-content\/uploads\/2025\/06\/2965930-2-450x600.jpg 450w, https:\/\/www.creilsudoise-tourisme.fr\/wp-content\/uploads\/2025\/06\/2965930-2-675x900.jpg 675w, https:\/\/www.creilsudoise-tourisme.fr\/wp-content\/uploads\/2025\/06\/2965930-2-1152x1536.jpg 1152w, https:\/\/www.creilsudoise-tourisme.fr\/wp-content\/uploads\/2025\/06\/2965930-2-9x12.jpg 9w, https:\/\/www.creilsudoise-tourisme.fr\/wp-content\/uploads\/2025\/06\/2965930-2-200x267.jpg 200w, https:\/\/www.creilsudoise-tourisme.fr\/wp-content\/uploads\/2025\/06\/2965930-2-650x867.jpg 650w, https:\/\/www.creilsudoise-tourisme.fr\/wp-content\/uploads\/2025\/06\/2965930-2-387x516.jpg 387w, https:\/\/www.creilsudoise-tourisme.fr\/wp-content\/uploads\/2025\/06\/2965930-2.jpg 1200w\" sizes=\"(max-width: 900px) 100vw, 900px\" \/><\/figure>\n<\/div>\n\n\n\n<div class=\"is-layout-flow wp-block-column\" style=\"flex-basis:66.66%\">\n<h3>Cine al aire libre<\/h3>\n\n\n\n<p><\/p>\n\n\n\n<p>Distribuci\u00f3n de<a href=\"https:\/\/www.creilsudoise-tourisme.fr\/es\/agenda-animations\/cine-plein-air-un-ptit-truc-en-plus\/\" target=\"_blank\" rel=\"noreferrer noopener\"> <strong>Pel\u00edcula \"Un p'tit truc en plus<\/strong><\/a> en el Parque H\u00e9bert de <strong>Nogent-sur-Oise<\/strong>. A <strong>foodtruck<\/strong> estar\u00e1 presente (<em>\u00bfqu\u00e9 m\u00e1s se puede pedir?<\/em>)<\/p>\n<\/div>\n<\/div>\n\n\n\n<div class=\"is-layout-flex wp-container-12 wp-block-columns\">\n<div class=\"is-layout-flow wp-block-column is-vertically-aligned-center\" style=\"flex-basis:66.66%\">\n<p class=\"has-text-align-left\">La ciudad de Creil le invita a conocer el<a href=\"https:\/\/www.creilsudoise-tourisme.fr\/es\/agenda-animations\/creil-cest-lete-cine-plein-air\/\" target=\"_blank\" rel=\"noreferrer noopener\"> <strong>Pel\u00edcula \"El Rey Le\u00f3n<\/strong><\/a>&nbsp;! (<em>Nosotros tampoco queremos ver esta famosa escena...<\/em>)<br><br>La ciudad de Creil difundir\u00e1 <strong>otra pel\u00edcula<\/strong> en <strong>al aire libre<\/strong> el 20 de agosto y <strong>USTED<\/strong> de <a href=\"https:\/\/jeparticipe.creil.fr\/...\/presentation\/presentation\" target=\"_blank\" rel=\"noreferrer noopener\">vote por el <strong>elecci\u00f3n de la pel\u00edcula<\/strong><\/a> \u00a1! \u00bfSer\u00e1 \"Flow\", \"Top Gun\" o \"Ast\u00e9rix y Ob\u00e9lix: Misi\u00f3n Cleopatra\"? Tienes hasta el 1 de agosto.<\/p>\n<\/div>\n\n\n\n<div class=\"is-layout-flow wp-block-column\" style=\"flex-basis:33.33%\">\n<figure class=\"wp-block-image size-full\"><img decoding=\"async\" loading=\"lazy\" width=\"602\" height=\"862\" data-src=\"https:\/\/www.creilsudoise-tourisme.fr\/wp-content\/uploads\/2025\/07\/roi-lion.png\" alt=\"\" class=\"wp-image-63872\" data-srcset=\"https:\/\/www.creilsudoise-tourisme.fr\/wp-content\/uploads\/2025\/07\/roi-lion.png 602w, https:\/\/www.creilsudoise-tourisme.fr\/wp-content\/uploads\/2025\/07\/roi-lion-419x600.png 419w, https:\/\/www.creilsudoise-tourisme.fr\/wp-content\/uploads\/2025\/07\/roi-lion-8x12.png 8w, https:\/\/www.creilsudoise-tourisme.fr\/wp-content\/uploads\/2025\/07\/roi-lion-200x286.png 200w, https:\/\/www.creilsudoise-tourisme.fr\/wp-content\/uploads\/2025\/07\/roi-lion-387x554.png 387w\" sizes=\"(max-width: 602px) 100vw, 602px\" \/><\/figure>\n<\/div>\n<\/div>\n\n\n\n<div class=\"is-layout-flex wp-container-15 wp-block-columns\">\n<div class=\"is-layout-flow wp-block-column\" style=\"flex-basis:33.33%\">\n<figure class=\"wp-block-image size-full\"><img decoding=\"async\" loading=\"lazy\" width=\"310\" height=\"420\" data-src=\"https:\/\/www.creilsudoise-tourisme.fr\/wp-content\/uploads\/2025\/07\/f5f2447c4246e42eb3e69040605d7cf1.jpg\" alt=\"\" class=\"wp-image-63996\" data-srcset=\"https:\/\/www.creilsudoise-tourisme.fr\/wp-content\/uploads\/2025\/07\/f5f2447c4246e42eb3e69040605d7cf1.jpg 310w, https:\/\/www.creilsudoise-tourisme.fr\/wp-content\/uploads\/2025\/07\/f5f2447c4246e42eb3e69040605d7cf1-9x12.jpg 9w, https:\/\/www.creilsudoise-tourisme.fr\/wp-content\/uploads\/2025\/07\/f5f2447c4246e42eb3e69040605d7cf1-200x271.jpg 200w\" sizes=\"(max-width: 310px) 100vw, 310px\" \/><\/figure>\n<\/div>\n\n\n\n<div class=\"is-layout-flow wp-block-column is-vertically-aligned-center\" style=\"flex-basis:66.66%\">\n<p>En <a href=\"https:\/\/www.villers-saint-paul.fr\/\" target=\"_blank\" rel=\"noreferrer noopener\">Municipio<strong> de Villers-Saint-Paul<\/strong><\/a> le invita a (re)descubrir <a href=\"https:\/\/www.villers-saint-paul.fr\/agenda\" target=\"_blank\" rel=\"noreferrer noopener\">\"Mufasa: El Rey Le\u00f3n<\/a> \u00a1por Barry Jenkins!<\/p>\n<\/div>\n<\/div>\n\n\n\n<div class=\"is-layout-flex wp-container-18 wp-block-columns are-vertically-aligned-center\">\n<div class=\"is-layout-flow wp-block-column is-vertically-aligned-center\" style=\"flex-basis:66.66%\">\n<p>En el marco de la <strong>proyecto<\/strong> <strong>\"Cultura y renovaci\u00f3n urbana\",<\/strong> en colaboraci\u00f3n con <strong>1001 Vies H\u00e1bitat<\/strong>venga <strong>aprovecha<\/strong> a <strong><a href=\"https:\/\/www.creilsudoise-tourisme.fr\/es\/agenda-animations\/spectacle-et-cinema-en-plein-air\/\" target=\"_blank\" rel=\"noreferrer noopener\">tarde festiva<\/a> <\/strong>y <strong>f\u00e1cil de usar<\/strong> con un<strong> Mostrar<\/strong> (a cargo de la compa\u00f1\u00eda Fer \u00e0 Coudre) seguida de una sesi\u00f3n de <strong>cine al aire libre<\/strong> con el<strong> pel\u00edcula de animaci\u00f3n<\/strong> \"\u00a0<strong>Flujo<\/strong>\u00a0\u00a1\" !<\/p>\n<\/div>\n\n\n\n<div class=\"is-layout-flow wp-block-column is-vertically-aligned-center\" style=\"flex-basis:33.33%\">\n<figure class=\"wp-block-image size-large\"><img decoding=\"async\" loading=\"lazy\" width=\"900\" height=\"1200\" data-src=\"https:\/\/www.creilsudoise-tourisme.fr\/wp-content\/uploads\/2025\/08\/flow_affiche_web_fc-900x1200.jpg\" alt=\"\" class=\"wp-image-64499\" data-srcset=\"https:\/\/www.creilsudoise-tourisme.fr\/wp-content\/uploads\/2025\/08\/flow_affiche_web_fc-900x1200.jpg 900w, https:\/\/www.creilsudoise-tourisme.fr\/wp-content\/uploads\/2025\/08\/flow_affiche_web_fc-450x600.jpg 450w, https:\/\/www.creilsudoise-tourisme.fr\/wp-content\/uploads\/2025\/08\/flow_affiche_web_fc-675x900.jpg 675w, https:\/\/www.creilsudoise-tourisme.fr\/wp-content\/uploads\/2025\/08\/flow_affiche_web_fc-1152x1536.jpg 1152w, https:\/\/www.creilsudoise-tourisme.fr\/wp-content\/uploads\/2025\/08\/flow_affiche_web_fc-9x12.jpg 9w, https:\/\/www.creilsudoise-tourisme.fr\/wp-content\/uploads\/2025\/08\/flow_affiche_web_fc-200x267.jpg 200w, https:\/\/www.creilsudoise-tourisme.fr\/wp-content\/uploads\/2025\/08\/flow_affiche_web_fc-650x867.jpg 650w, https:\/\/www.creilsudoise-tourisme.fr\/wp-content\/uploads\/2025\/08\/flow_affiche_web_fc-387x516.jpg 387w, https:\/\/www.creilsudoise-tourisme.fr\/wp-content\/uploads\/2025\/08\/flow_affiche_web_fc.jpg 1440w\" sizes=\"(max-width: 900px) 100vw, 900px\" \/><\/figure>\n<\/div>\n<\/div>\n\n\n\n<h3>Visita guiada<\/h3>\n\n\n\n<p>M\u00e1s para adultos, a <strong><a href=\"https:\/\/www.creilsudoise-tourisme.fr\/es\/agenda-animations\/visite-guidee-de-leglise-saint-pierre-et-saint-paul\/\" target=\"_blank\" rel=\"noreferrer noopener\">visita guiada a la iglesia de San Pedro y San Pablo<\/a><\/strong> por <strong>Nicolas Bilot<\/strong>arque\u00f3logo en <strong><a href=\"https:\/\/aquilon-decouverte.com\/\" target=\"_blank\" rel=\"noreferrer noopener\">Descubrimiento de Aquilon<\/a><\/strong> en colaboraci\u00f3n con<strong>Oficina de Turismo de Creil Sud Oise<\/strong> (<em>con nosotros, al final del d\u00eda<\/em>). Venga y descubra <strong>su historia<\/strong> y c\u00f3mo su<strong> arquitectura<\/strong> es <strong>especial<\/strong> ! <strong>Reserva recomendada<\/strong> !<br><br>El departamento de patrimonio de la <strong><a href=\"https:\/\/www.creil.fr\/\" target=\"_blank\" rel=\"noreferrer noopener\">Ciudad de Creil<\/a><\/strong> le invita a una <strong><a href=\"https:\/\/www.creilsudoise-tourisme.fr\/es\/agenda-animations\/balade-historique-des-bords-de-loise\/\" target=\"_blank\" rel=\"noreferrer noopener\">Paseo hist\u00f3rico a orillas del r\u00edo Oise<\/a><\/strong> ! <strong>Siga<\/strong> el <strong>gu\u00eda <\/strong>a trav\u00e9s de un <strong>ruta <\/strong>y <strong>descubra nuestros tesoros ocultos<\/strong>s, el <strong>an\u00e9cdotas<\/strong> y<strong> edificios emblem\u00e1ticos<\/strong>visibles o desaparecidos, que anta\u00f1o bordeaban o a\u00fan bordean el <strong>orillas del Oise<\/strong>.<\/p>\n\n\n<div class=\"wp-block-image\">\n<figure class=\"aligncenter size-thumbnail\"><img decoding=\"async\" loading=\"lazy\" width=\"300\" height=\"300\" data-src=\"https:\/\/www.creilsudoise-tourisme.fr\/wp-content\/uploads\/wpetourisme\/VILLERS-SAINT-PAUL-Eglise-Creil-Sud-Oise-Tourisme--7--2-300x300.jpg\" alt=\"\" class=\"wp-image-61450\"\/><\/figure><\/div>\n\n\n<h2>Deporte<\/h2>\n\n\n\n<p><\/p>\n\n\n\n<h3>Pirag\u00fcismo<\/h3>\n\n\n\n<p>Para <strong>combatir el calor<\/strong>no hay nada mejor que un <strong>actividad en el agua<\/strong>\u00bfno crees? Le <strong><a href=\"https:\/\/www.creilsudoise-tourisme.fr\/es\/loisirs\/canoa-kayak-club-du-therain\/\">Club de pirag\u00fcismo Th\u00e9rain<\/a><\/strong> le ofrece una <strong><a href=\"https:\/\/canoe-kayak-montataire.com\/location-randonnees-canoe-kayak-oise\" target=\"_blank\" rel=\"noreferrer noopener\">viaje en kayak<\/a><\/strong>a <strong>experimentar una autonom\u00eda total<\/strong>saliendo de <strong>Mouy<\/strong> o <strong>Mello<\/strong>.<\/p>\n\n\n\n<p><\/p>\n\n\n\n<h3>A pie \/ Visita guiada<\/h3>\n\n\n\n<p><strong><a href=\"https:\/\/aquilon-decouverte.com\/\" target=\"_blank\" rel=\"noreferrer noopener\">Descubrimiento de Aquilon<\/a><\/strong> le ofrece una <strong><a href=\"https:\/\/www.creilsudoise-tourisme.fr\/es\/agenda-animations\/randonnee-de-saint-vaast\/\" target=\"_blank\" rel=\"noreferrer noopener\">caminata\/visita guiada<\/a><\/strong> en Saint-Vaast-l\u00e8s-Mello por <strong>aprovecha<\/strong> de la <strong>frescura<\/strong>.<\/p>\n\n\n\n<p>Entre<strong> bandeja <\/strong>y<strong> fondo del valle<\/strong>s, el <strong>carreras<\/strong> en <strong>estanques<\/strong>venga <strong>descubre la historia<\/strong>en <strong>terroir<\/strong> y <strong>paisajes antiguos <\/strong>de <strong>Saint-Vaast-l\u00e8s-Mello<\/strong>.<\/p>\n\n\n\n<h3>Les Boucles de l'Oise (ciclismo)<\/h3>\n\n\n\n<p>Si est\u00e1 de paso por Nogent-sur-Oise, puede asistir a un<strong> carrera ciclista internacional<\/strong> con <strong>equipos<\/strong> de la <strong>Francia en su conjunto<\/strong> y el<strong>extranjero<\/strong> !<br>Encuentra el <strong><a href=\"https:\/\/www.creilsudoise-tourisme.fr\/es\/agenda-animations\/les-boucles-de-loise-feminines-4eme-edition\/\" target=\"_blank\" rel=\"noreferrer noopener\">rizos femeninos<\/a><\/strong> que tendr\u00e1 lugar a lo largo de un <strong>un solo d\u00eda<\/strong>as\u00ed como <strong><a href=\"https:\/\/www.creilsudoise-tourisme.fr\/es\/agenda-animations\/les-boucles-de-loise-juniors_-trophee-arnaud-coyot\/\" target=\"_blank\" rel=\"noreferrer noopener\">bucles junior<\/a><\/strong> que tendr\u00e1 lugar el <strong>2 d\u00edas<\/strong> !<\/p>\n\n\n\n<h2>Crisol de culturas<\/h2>\n\n\n\n<p>A <strong><a href=\"https:\/\/www.nogentsuroise.fr\/agenda\/1263-soiree-guinguette-3\/2025-08-30-19-00\" target=\"_blank\" rel=\"noreferrer noopener\">noche de guinguette<\/a><\/strong> \u00e0 <strong>Nogent-sur-Oise<\/strong> usted <strong>espere<\/strong> para <strong>bailando toda la noche<\/strong> !<br><br>Desea <strong>desenterrando pepitas<\/strong> o <strong>vende tu colecci\u00f3n de cartas Pok\u00e9mon<\/strong> ? A <strong><a href=\"https:\/\/www.nogentsuroise.fr\/agenda\/1225-brocante-4\" target=\"_blank\" rel=\"noreferrer noopener\">mercadillo<\/a><\/strong> se organiza a finales de agosto.<br><br>Montataire vuelve con su<strong><a href=\"https:\/\/www.creilsudoise-tourisme.fr\/es\/agenda-animations\/fete-foraine-de-montataire\/\" target=\"_blank\" rel=\"noreferrer noopener\"> parque de atracciones tradicional<\/a><\/strong> para <strong>\u00faltimos d\u00edas de agosto<\/strong>. Ven y disfruta <strong>paseos<\/strong> y<strong>atracciones emocionantes<\/strong>de <strong>puestos gourmet<\/strong>a <strong>t\u00f3mbola <\/strong>y <strong>muestra <\/strong>\u00a1! D'<strong>otras sorpresas<\/strong> \u00a1te est\u00e1n esperando!<br><br>Reunirse en el <strong><a href=\"https:\/\/www.creilsudoise-tourisme.fr\/es\/jexplore\/imprescindibles\/maison-de-la-pierre-3\/\">Casa de piedra<\/a><\/strong> para descubrir la <strong>un mundo fascinante<\/strong> de <strong>murci\u00e9lago<\/strong> \u00a1! Para marcar el <strong>Noche de murci\u00e9lagos<\/strong>participa <strong>en familia<\/strong> a un <a href=\"https:\/\/www.creilsudoise-tourisme.fr\/es\/agenda-animations\/nuit-de-la-chauve-souris-jeu-de-piste\/\" target=\"_blank\" rel=\"noreferrer noopener\"><strong>Divertido juego de pistas<\/strong> <\/a>y <strong>educativo<\/strong> !<br>Tambi\u00e9n tendr\u00e1 la oportunidad de <strong><a href=\"https:\/\/www.creilsudoise-tourisme.fr\/es\/agenda-animations\/a-la-decouverte-des-chauve-souris\/\" target=\"_blank\" rel=\"noreferrer noopener\">construye tu propio hotel para murci\u00e9lagos<\/a> <\/strong>y <strong>salir con<\/strong> !<br><br>Concluimos que <strong>fin de vacaciones<\/strong> con <strong><a href=\"https:\/\/www.nogentsuroise.fr\/agenda\/1181-un-dimanche-a-la-campagne-4\/2025-08-31-11-28\" target=\"_blank\" rel=\"noreferrer noopener\">Un domingo en el campo<\/a><\/strong> : <strong>actividades<\/strong> y <strong>stands<\/strong> <em>(\u00a1hola, estaremos all\u00ed con la Maison de la Pierre!)<\/em> todo el d\u00eda para cerrar el <strong>fin del verano<\/strong> !<\/p>\n\n\n\n<h2>Nuestros imprescindibles<\/h2>\n\n\n\n<p>No te pierdas nuestro <strong>cl\u00e1sicos<\/strong>nuestra<strong> intemporal<\/strong>nuestra <strong>imprescindibles<\/strong> !<\/p>\n\n\n\n<div class=\"is-layout-flex wp-container-21 wp-block-columns\">\n<div class=\"is-layout-flow wp-block-column\" style=\"flex-basis:66.66%\">\n<figure class=\"wp-block-image size-large\"><img decoding=\"async\" loading=\"lazy\" width=\"1200\" height=\"800\" data-src=\"https:\/\/www.creilsudoise-tourisme.fr\/wp-content\/uploads\/wpetourisme\/-comdesimages-b.teissedre-ADRTOise-maison-de-la-pierre-COM1097-1200x800.jpg\" alt=\"\" class=\"wp-image-47902\" data-srcset=\"https:\/\/www.creilsudoise-tourisme.fr\/wp-content\/uploads\/wpetourisme\/-comdesimages-b.teissedre-ADRTOise-maison-de-la-pierre-COM1097-1200x800.jpg 1200w, https:\/\/www.creilsudoise-tourisme.fr\/wp-content\/uploads\/wpetourisme\/-comdesimages-b.teissedre-ADRTOise-maison-de-la-pierre-COM1097-600x400.jpg 600w, https:\/\/www.creilsudoise-tourisme.fr\/wp-content\/uploads\/wpetourisme\/-comdesimages-b.teissedre-ADRTOise-maison-de-la-pierre-COM1097-900x600.jpg 900w, https:\/\/www.creilsudoise-tourisme.fr\/wp-content\/uploads\/wpetourisme\/-comdesimages-b.teissedre-ADRTOise-maison-de-la-pierre-COM1097-1536x1024.jpg 1536w, https:\/\/www.creilsudoise-tourisme.fr\/wp-content\/uploads\/wpetourisme\/-comdesimages-b.teissedre-ADRTOise-maison-de-la-pierre-COM1097-18x12.jpg 18w, https:\/\/www.creilsudoise-tourisme.fr\/wp-content\/uploads\/wpetourisme\/-comdesimages-b.teissedre-ADRTOise-maison-de-la-pierre-COM1097-200x133.jpg 200w, https:\/\/www.creilsudoise-tourisme.fr\/wp-content\/uploads\/wpetourisme\/-comdesimages-b.teissedre-ADRTOise-maison-de-la-pierre-COM1097-650x433.jpg 650w, https:\/\/www.creilsudoise-tourisme.fr\/wp-content\/uploads\/wpetourisme\/-comdesimages-b.teissedre-ADRTOise-maison-de-la-pierre-COM1097-387x258.jpg 387w, https:\/\/www.creilsudoise-tourisme.fr\/wp-content\/uploads\/wpetourisme\/-comdesimages-b.teissedre-ADRTOise-maison-de-la-pierre-COM1097.jpg 1600w\" sizes=\"(max-width: 1200px) 100vw, 1200px\" \/><\/figure>\n<\/div>\n\n\n\n<div class=\"is-layout-flow wp-block-column\" style=\"flex-basis:33.33%\">\n<p>En <strong><a href=\"https:\/\/www.creilsudoise-tourisme.fr\/es\/jexplore\/imprescindibles\/maison-de-la-pierre-3\/\">Casa de piedra<\/a><\/strong>situado en <strong>Saint-Maximin<\/strong> le invita a <strong>entrar en su cantera subterr\u00e1nea<\/strong> para un <strong>visita guiada<\/strong>. Descubre la<strong>historia de la piedra<\/strong> y <strong>transportistas<\/strong>. Enclavada bajo tierra, la cantera <strong>11\u00b0C<\/strong> : <strong>ideal <\/strong>durante el <strong>calor extremo<\/strong>. V\u00edstase en consecuencia.<\/p>\n<\/div>\n<\/div>\n\n\n\n<div class=\"is-layout-flex wp-container-24 wp-block-columns\">\n<div class=\"is-layout-flow wp-block-column\" style=\"flex-basis:33.33%\">\n<p>Tambi\u00e9n puede refugiarse en el<strong><a href=\"https:\/\/www.creilsudoise-tourisme.fr\/es\/jexplore\/imprescindibles\/iglesia-abacial-2\/\">Abad\u00eda de San Nicol\u00e1s<\/a><\/strong> de <strong>Saint-Leu d'Esserent<\/strong>que <strong>abre sus puertas<\/strong> todos los domingos por la tarde Descubra un<strong> Iglesia<\/strong> en <strong>dimensiones impresionantes<\/strong> !<\/p>\n<\/div>\n\n\n\n<div class=\"is-layout-flow wp-block-column\" style=\"flex-basis:66.66%\">\n<figure class=\"wp-block-image size-large\"><img decoding=\"async\" loading=\"lazy\" width=\"1200\" height=\"600\" data-src=\"https:\/\/www.creilsudoise-tourisme.fr\/wp-content\/uploads\/2024\/02\/Web_header-Abbatiale-1200x600.jpg\" alt=\"\" class=\"wp-image-52164\" data-srcset=\"https:\/\/www.creilsudoise-tourisme.fr\/wp-content\/uploads\/2024\/02\/Web_header-Abbatiale-1200x600.jpg 1200w, https:\/\/www.creilsudoise-tourisme.fr\/wp-content\/uploads\/2024\/02\/Web_header-Abbatiale-600x300.jpg 600w, https:\/\/www.creilsudoise-tourisme.fr\/wp-content\/uploads\/2024\/02\/Web_header-Abbatiale-900x450.jpg 900w, https:\/\/www.creilsudoise-tourisme.fr\/wp-content\/uploads\/2024\/02\/Web_header-Abbatiale-18x9.jpg 18w, https:\/\/www.creilsudoise-tourisme.fr\/wp-content\/uploads\/2024\/02\/Web_header-Abbatiale-200x100.jpg 200w, https:\/\/www.creilsudoise-tourisme.fr\/wp-content\/uploads\/2024\/02\/Web_header-Abbatiale-1000x500.jpg 1000w, https:\/\/www.creilsudoise-tourisme.fr\/wp-content\/uploads\/2024\/02\/Web_header-Abbatiale-650x325.jpg 650w, https:\/\/www.creilsudoise-tourisme.fr\/wp-content\/uploads\/2024\/02\/Web_header-Abbatiale-387x194.jpg 387w, https:\/\/www.creilsudoise-tourisme.fr\/wp-content\/uploads\/2024\/02\/Web_header-Abbatiale.jpg 1480w\" sizes=\"(max-width: 1200px) 100vw, 1200px\" \/><\/figure>\n<\/div>\n<\/div>\n\n\n\n<div class=\"is-layout-flex wp-container-27 wp-block-columns\">\n<div class=\"is-layout-flow wp-block-column\" style=\"flex-basis:66.66%\">\n<figure class=\"wp-block-image size-large\"><img decoding=\"async\" loading=\"lazy\" width=\"1200\" height=\"675\" data-src=\"https:\/\/www.creilsudoise-tourisme.fr\/wp-content\/uploads\/wpetourisme\/Clouterie-Rivierre-Creil-Machines-Creil-Sud-Oise-Tourisme--45--1200x675.jpg\" alt=\"\" class=\"wp-image-49748\" data-srcset=\"https:\/\/www.creilsudoise-tourisme.fr\/wp-content\/uploads\/wpetourisme\/Clouterie-Rivierre-Creil-Machines-Creil-Sud-Oise-Tourisme--45--1200x675.jpg 1200w, https:\/\/www.creilsudoise-tourisme.fr\/wp-content\/uploads\/wpetourisme\/Clouterie-Rivierre-Creil-Machines-Creil-Sud-Oise-Tourisme--45--600x338.jpg 600w, https:\/\/www.creilsudoise-tourisme.fr\/wp-content\/uploads\/wpetourisme\/Clouterie-Rivierre-Creil-Machines-Creil-Sud-Oise-Tourisme--45--900x506.jpg 900w, https:\/\/www.creilsudoise-tourisme.fr\/wp-content\/uploads\/wpetourisme\/Clouterie-Rivierre-Creil-Machines-Creil-Sud-Oise-Tourisme--45--1536x864.jpg 1536w, https:\/\/www.creilsudoise-tourisme.fr\/wp-content\/uploads\/wpetourisme\/Clouterie-Rivierre-Creil-Machines-Creil-Sud-Oise-Tourisme--45--18x10.jpg 18w, https:\/\/www.creilsudoise-tourisme.fr\/wp-content\/uploads\/wpetourisme\/Clouterie-Rivierre-Creil-Machines-Creil-Sud-Oise-Tourisme--45--200x113.jpg 200w, https:\/\/www.creilsudoise-tourisme.fr\/wp-content\/uploads\/wpetourisme\/Clouterie-Rivierre-Creil-Machines-Creil-Sud-Oise-Tourisme--45--650x366.jpg 650w, https:\/\/www.creilsudoise-tourisme.fr\/wp-content\/uploads\/wpetourisme\/Clouterie-Rivierre-Creil-Machines-Creil-Sud-Oise-Tourisme--45--387x218.jpg 387w, https:\/\/www.creilsudoise-tourisme.fr\/wp-content\/uploads\/wpetourisme\/Clouterie-Rivierre-Creil-Machines-Creil-Sud-Oise-Tourisme--45-.jpg 1600w\" sizes=\"(max-width: 1200px) 100vw, 1200px\" \/><\/figure>\n<\/div>\n\n\n\n<div class=\"is-layout-flow wp-block-column\" style=\"flex-basis:33.33%\">\n<p>En <strong><a href=\"https:\/\/www.creilsudoise-tourisme.fr\/es\/jexplore\/imprescindibles\/clouterie-rivierre\/\">Clouterie Rivierre<\/a><\/strong>, <strong>La \u00faltima Clouterie de Europa<\/strong> todav\u00eda en <strong>actividad<\/strong> le ofrece una <strong>visite<\/strong> todos los mi\u00e9rcoles por la tarde Venga a descubrir la <strong>fabricaci\u00f3n de clavos<\/strong>, <strong>aqu\u00ed<\/strong> \u00e0 <strong>Creil <\/strong>\u00a1! El \u00fanico requisito es llevar zapatos cerrados.<\/p>\n<\/div>\n<\/div>\n\n\n\n<div class=\"is-layout-flex wp-container-30 wp-block-columns\">\n<div class=\"is-layout-flow wp-block-column\" style=\"flex-basis:33.33%\">\n<p>No te vas <strong>vacaciones<\/strong> este <strong>verano<\/strong> pero t\u00fa <strong>sue\u00f1o <\/strong>de ti<strong> ba\u00f1arse<\/strong> ? Visite <strong><a href=\"https:\/\/www.creilsudoise-tourisme.fr\/es\/jexplore\/imprescindibles\/base-loisirs\/\">Centro de ocio<\/a><\/strong> de Saint-Leu d'Esserent le espera en <strong>brazos abiertos<\/strong> ! <strong>Nataci\u00f3n, juegos acu\u00e1ticos, pirag\u00fcismo, kayak o pedales<\/strong>el <strong>Centro de ocio<\/strong> a <strong>todo lo que necesitas<\/strong>t para usted <strong>seducir<\/strong> !<\/p>\n<\/div>\n\n\n\n<div class=\"is-layout-flow wp-block-column\" style=\"flex-basis:66.66%\">\n<figure class=\"wp-block-image size-full\"><img decoding=\"async\" loading=\"lazy\" width=\"800\" height=\"536\" data-src=\"https:\/\/www.creilsudoise-tourisme.fr\/wp-content\/uploads\/2021\/03\/La-plage-surveille\u0301e-de-la-Base-de-loisirs-de-Saint-Leu-dEsserent.jpg\" alt=\"Centro de ocio oise Saint-Leu-d&#039;Esserent nataci\u00f3n actividad al aire libre naturaleza familia ni\u00f1o\" class=\"wp-image-32522\" data-srcset=\"https:\/\/www.creilsudoise-tourisme.fr\/wp-content\/uploads\/2021\/03\/La-plage-surveille\u0301e-de-la-Base-de-loisirs-de-Saint-Leu-dEsserent.jpg 800w, https:\/\/www.creilsudoise-tourisme.fr\/wp-content\/uploads\/2021\/03\/La-plage-surveille\u0301e-de-la-Base-de-loisirs-de-Saint-Leu-dEsserent-600x402.jpg 600w, https:\/\/www.creilsudoise-tourisme.fr\/wp-content\/uploads\/2021\/03\/La-plage-surveille\u0301e-de-la-Base-de-loisirs-de-Saint-Leu-dEsserent-200x134.jpg 200w, https:\/\/www.creilsudoise-tourisme.fr\/wp-content\/uploads\/2021\/03\/La-plage-surveille\u0301e-de-la-Base-de-loisirs-de-Saint-Leu-dEsserent-650x436.jpg 650w, https:\/\/www.creilsudoise-tourisme.fr\/wp-content\/uploads\/2021\/03\/La-plage-surveille\u0301e-de-la-Base-de-loisirs-de-Saint-Leu-dEsserent-387x259.jpg 387w\" sizes=\"(max-width: 800px) 100vw, 800px\" \/><figcaption class=\"wp-element-caption\">Creil Sud Oise Tourisme<\/figcaption><\/figure>\n<\/div>\n<\/div>\n\n\n\n<div class=\"is-layout-flex wp-container-33 wp-block-columns\">\n<div class=\"is-layout-flow wp-block-column\" style=\"flex-basis:66.66%\">\n<figure class=\"wp-block-image size-large\"><img decoding=\"async\" loading=\"lazy\" width=\"1200\" height=\"675\" data-src=\"https:\/\/www.creilsudoise-tourisme.fr\/wp-content\/uploads\/2024\/08\/Parc_loups-Saint_Leu_dEsserent-Accrobranche-Creil_Sud_Oise_Tourisme-5-1200x675.jpg\" alt=\"Accrobranche Tirolienne Oise Saint-Leu-d&#039;Esserent Base de loisirs activit\u00e9s plein air famille amis enfant Parc des loups\" class=\"wp-image-56030\" data-srcset=\"https:\/\/www.creilsudoise-tourisme.fr\/wp-content\/uploads\/2024\/08\/Parc_loups-Saint_Leu_dEsserent-Accrobranche-Creil_Sud_Oise_Tourisme-5-1200x675.jpg 1200w, https:\/\/www.creilsudoise-tourisme.fr\/wp-content\/uploads\/2024\/08\/Parc_loups-Saint_Leu_dEsserent-Accrobranche-Creil_Sud_Oise_Tourisme-5-600x338.jpg 600w, https:\/\/www.creilsudoise-tourisme.fr\/wp-content\/uploads\/2024\/08\/Parc_loups-Saint_Leu_dEsserent-Accrobranche-Creil_Sud_Oise_Tourisme-5-900x507.jpg 900w, https:\/\/www.creilsudoise-tourisme.fr\/wp-content\/uploads\/2024\/08\/Parc_loups-Saint_Leu_dEsserent-Accrobranche-Creil_Sud_Oise_Tourisme-5-18x10.jpg 18w, https:\/\/www.creilsudoise-tourisme.fr\/wp-content\/uploads\/2024\/08\/Parc_loups-Saint_Leu_dEsserent-Accrobranche-Creil_Sud_Oise_Tourisme-5-200x113.jpg 200w, https:\/\/www.creilsudoise-tourisme.fr\/wp-content\/uploads\/2024\/08\/Parc_loups-Saint_Leu_dEsserent-Accrobranche-Creil_Sud_Oise_Tourisme-5-650x366.jpg 650w, https:\/\/www.creilsudoise-tourisme.fr\/wp-content\/uploads\/2024\/08\/Parc_loups-Saint_Leu_dEsserent-Accrobranche-Creil_Sud_Oise_Tourisme-5-387x218.jpg 387w, https:\/\/www.creilsudoise-tourisme.fr\/wp-content\/uploads\/2024\/08\/Parc_loups-Saint_Leu_dEsserent-Accrobranche-Creil_Sud_Oise_Tourisme-5.jpg 1480w\" sizes=\"(max-width: 1200px) 100vw, 1200px\" \/><figcaption class=\"wp-element-caption\">Creil Sud Oise Tourisme<\/figcaption><\/figure>\n<\/div>\n\n\n\n<div class=\"is-layout-flow wp-block-column\" style=\"flex-basis:33.33%\">\n<p>Adem\u00e1s, aqu\u00ed tambi\u00e9n se puede practicar ciclismo.<strong>accrobranche<\/strong> \u00a1! Visite <strong><a href=\"https:\/\/www.creilsudoise-tourisme.fr\/es\/jexplore\/incontournables\/parc-des-loups\/\">Parque de Loups<\/a><\/strong>situado en <strong>dentro de la base<\/strong> le ofrece <strong>varias rutas<\/strong> para <strong>peque\u00f1o<\/strong> y <strong>gran<\/strong>a <strong>Explor Games<\/strong> (actividad en <strong>inmersi\u00f3n<\/strong> en el <strong>naturaleza<\/strong> guiado por un<strong> tableta<\/strong>) y un <strong>tirolina <\/strong>!<\/p>\n<\/div>\n<\/div>\n\n\n\n<div class=\"is-layout-flex wp-container-36 wp-block-columns\">\n<div class=\"is-layout-flow wp-block-column\" style=\"flex-basis:33.33%\">\n<p>A <strong>Museo<\/strong> para terminar? En <strong><a href=\"https:\/\/www.creilsudoise-tourisme.fr\/es\/jexplore\/imprescindibles\/musee-galle-juillet\/\">Museo Gall\u00e9-Juillet <\/a><\/strong>le lleva a recorrer su <strong>t\u00edpica casa burguesa de la \u00e9poca<\/strong>de nuevo en su<strong> zumo<\/strong> y fue <strong>legado<\/strong> a la <strong>Ciudad de Creil <\/strong>por el <strong>Familia Gall\u00e9<\/strong>. <strong>Descubra<\/strong> la historia <strong>tr\u00e1gico<\/strong> de esta familia...<br>Tambi\u00e9n puede descubrir un <strong>colecci\u00f3n de loza fina<\/strong> a la <strong><a href=\"https:\/\/www.creilsudoise-tourisme.fr\/es\/patrimoine\/maison-de-la-faience\/\">Casa de loza<\/a><\/strong>situado justo enfrente del Museo.<\/p>\n<\/div>\n\n\n\n<div class=\"is-layout-flow wp-block-column\" style=\"flex-basis:66.66%\">\n<figure class=\"wp-block-image size-large\"><img decoding=\"async\" loading=\"lazy\" width=\"1200\" height=\"800\" data-src=\"https:\/\/www.creilsudoise-tourisme.fr\/wp-content\/uploads\/2021\/04\/Visite-guide\u0301e-de-la-cuisine-a\u0300-la-Maison-Galle\u0301-Juillet-1200x800.jpg\" alt=\"Visita guiada a la Maison Gall\u00e9-Juillet\" class=\"wp-image-33097\" data-srcset=\"https:\/\/www.creilsudoise-tourisme.fr\/wp-content\/uploads\/2021\/04\/Visite-guide\u0301e-de-la-cuisine-a\u0300-la-Maison-Galle\u0301-Juillet-1200x800.jpg 1200w, https:\/\/www.creilsudoise-tourisme.fr\/wp-content\/uploads\/2021\/04\/Visite-guide\u0301e-de-la-cuisine-a\u0300-la-Maison-Galle\u0301-Juillet-600x400.jpg 600w, https:\/\/www.creilsudoise-tourisme.fr\/wp-content\/uploads\/2021\/04\/Visite-guide\u0301e-de-la-cuisine-a\u0300-la-Maison-Galle\u0301-Juillet-900x600.jpg 900w, https:\/\/www.creilsudoise-tourisme.fr\/wp-content\/uploads\/2021\/04\/Visite-guide\u0301e-de-la-cuisine-a\u0300-la-Maison-Galle\u0301-Juillet-1536x1024.jpg 1536w, https:\/\/www.creilsudoise-tourisme.fr\/wp-content\/uploads\/2021\/04\/Visite-guide\u0301e-de-la-cuisine-a\u0300-la-Maison-Galle\u0301-Juillet-200x133.jpg 200w, https:\/\/www.creilsudoise-tourisme.fr\/wp-content\/uploads\/2021\/04\/Visite-guide\u0301e-de-la-cuisine-a\u0300-la-Maison-Galle\u0301-Juillet-650x433.jpg 650w, https:\/\/www.creilsudoise-tourisme.fr\/wp-content\/uploads\/2021\/04\/Visite-guide\u0301e-de-la-cuisine-a\u0300-la-Maison-Galle\u0301-Juillet-387x258.jpg 387w, https:\/\/www.creilsudoise-tourisme.fr\/wp-content\/uploads\/2021\/04\/Visite-guide\u0301e-de-la-cuisine-a\u0300-la-Maison-Galle\u0301-Juillet-275x183.jpg 275w, https:\/\/www.creilsudoise-tourisme.fr\/wp-content\/uploads\/2021\/04\/Visite-guide\u0301e-de-la-cuisine-a\u0300-la-Maison-Galle\u0301-Juillet.jpg 1600w\" sizes=\"(max-width: 1200px) 100vw, 1200px\" \/><\/figure>\n<\/div>\n<\/div>\n\n\n\n<hr class=\"wp-block-separator has-alpha-channel-opacity\"\/>\n\n\n\n<p>Le deseamos <strong>vacaciones muy agradables <\/strong>!<br><strong>No dude en<\/strong> \u00e0 <strong>volver a esta p\u00e1gina<\/strong> que <strong>actualizado regularmente<\/strong> o c<strong>onsultar nuestra agenda<\/strong> <strong>en l\u00ednea<\/strong> \u2193<\/p>\n\n\n\n<div class=\"is-content-justification-center is-layout-flex wp-container-37 wp-block-buttons\">\n<div class=\"wp-block-button\"><a class=\"wp-block-button__link wp-element-button\" href=\"https:\/\/www.creilsudoise-tourisme.fr\/es\/agenda\/\" target=\"_blank\" rel=\"noreferrer noopener\">TODA LA AGENDA<\/a><\/div>\n<\/div>\n\n\n\n<hr class=\"wp-block-separator has-alpha-channel-opacity\"\/>","protected":false},"excerpt":{"rendered":"<p>Por fin llegan las vacaciones. Tanto si vive en Oise como si est\u00e1 de paso, este verano tendr\u00e1 mucho en lo que entretenerse. Descubra nuestra selecci\u00f3n de actividades. Programa de las ciudades \"C'est l'\u00e9t\u00e9\" En Villers-Saint-Paul Estructuras hinchables, juegos de mesa, actividades deportivas, manualidades, bar de batidos, elaboraci\u00f3n de cosm\u00e9ticos [...].<\/p>","protected":false},"author":10,"featured_media":63310,"comment_status":"closed","ping_status":"closed","sticky":false,"template":"","format":"standard","meta":{"_relevanssi_hide_post":"","_relevanssi_hide_content":"","_relevanssi_pin_for_all":"","_relevanssi_pin_keywords":"","_relevanssi_unpin_keywords":"","_relevanssi_related_keywords":"","_relevanssi_related_include_ids":"","_relevanssi_related_exclude_ids":"","_relevanssi_related_no_append":"","_relevanssi_related_not_related":"","_relevanssi_related_posts":"56179,41674,39315,59693,38921,56040","_relevanssi_noindex_reason":""},"categories":[5],"tags":[],"yoast_head":"<!-- This site is optimized with the Yoast SEO plugin v20.2.1 - https:\/\/yoast.com\/wordpress\/plugins\/seo\/ -->\n<title>Que faire cet \u00e9t\u00e9 ?<\/title>\n<meta name=\"description\" content=\"Que faire cet \u00e9t\u00e9 en famille ou entre amis \u00e0 Creil Sud Oise, pr\u00e8s de Chantilly et Senlis ? D\u00e9couvrez notre s\u00e9lection de sorties !\" \/>\n<meta name=\"robots\" content=\"index, follow, max-snippet:-1, max-image-preview:large, max-video-preview:-1\" \/>\n<link rel=\"canonical\" href=\"https:\/\/www.creilsudoise-tourisme.fr\/es\/2025\/06\/26\/verano-vacaciones\/\" \/>\n<meta property=\"og:locale\" content=\"es_ES\" \/>\n<meta property=\"og:type\" content=\"article\" \/>\n<meta property=\"og:title\" content=\"Que faire cet \u00e9t\u00e9 ?\" \/>\n<meta property=\"og:description\" content=\"Que faire cet \u00e9t\u00e9 en famille ou entre amis \u00e0 Creil Sud Oise, pr\u00e8s de Chantilly et Senlis ? D\u00e9couvrez notre s\u00e9lection de sorties !\" \/>\n<meta property=\"og:url\" content=\"https:\/\/www.creilsudoise-tourisme.fr\/es\/2025\/06\/26\/verano-vacaciones\/\" \/>\n<meta property=\"og:site_name\" content=\"Office de Tourisme Creil Sud Oise\" \/>\n<meta property=\"article:publisher\" content=\"https:\/\/www.facebook.com\/creilsudoisetourisme\/\" \/>\n<meta property=\"article:published_time\" content=\"2025-06-26T12:14:18+00:00\" \/>\n<meta property=\"article:modified_time\" content=\"2025-10-08T08:32:34+00:00\" \/>\n<meta property=\"og:image\" content=\"https:\/\/www.creilsudoise-tourisme.fr\/wp-content\/uploads\/2025\/06\/Actu-vacances-ete-1.png\" \/>\n\t<meta property=\"og:image:width\" content=\"1480\" \/>\n\t<meta property=\"og:image:height\" content=\"740\" \/>\n\t<meta property=\"og:image:type\" content=\"image\/png\" \/>\n<meta name=\"author\" content=\"emilie\" \/>\n<meta name=\"twitter:card\" content=\"summary_large_image\" \/>\n<meta name=\"twitter:creator\" content=\"@CreilSudOiseOT\" \/>\n<meta name=\"twitter:site\" content=\"@CreilSudOiseOT\" \/>\n<meta name=\"twitter:label1\" content=\"Escrito por\" \/>\n\t<meta name=\"twitter:data1\" content=\"emilie\" \/>\n\t<meta name=\"twitter:label2\" content=\"Tiempo de lectura\" \/>\n\t<meta name=\"twitter:data2\" content=\"8 minutos\" \/>\n<script type=\"application\/ld+json\" class=\"yoast-schema-graph\">{\"@context\":\"https:\/\/schema.org\",\"@graph\":[{\"@type\":\"Article\",\"@id\":\"https:\/\/www.creilsudoise-tourisme.fr\/2025\/06\/26\/vacances-ete\/#article\",\"isPartOf\":{\"@id\":\"https:\/\/www.creilsudoise-tourisme.fr\/2025\/06\/26\/vacances-ete\/\"},\"author\":{\"name\":\"emilie\",\"@id\":\"https:\/\/www.creilsudoise-tourisme.fr\/#\/schema\/person\/81a1ab3a236faa5508e8f47600a85072\"},\"headline\":\"C&rsquo;est les vacances d&rsquo;\u00e9t\u00e9 !\",\"datePublished\":\"2025-06-26T12:14:18+00:00\",\"dateModified\":\"2025-10-08T08:32:34+00:00\",\"mainEntityOfPage\":{\"@id\":\"https:\/\/www.creilsudoise-tourisme.fr\/2025\/06\/26\/vacances-ete\/\"},\"wordCount\":1617,\"publisher\":{\"@id\":\"https:\/\/www.creilsudoise-tourisme.fr\/#organization\"},\"articleSection\":[\"Actus\"],\"inLanguage\":\"es\"},{\"@type\":\"WebPage\",\"@id\":\"https:\/\/www.creilsudoise-tourisme.fr\/2025\/06\/26\/vacances-ete\/\",\"url\":\"https:\/\/www.creilsudoise-tourisme.fr\/2025\/06\/26\/vacances-ete\/\",\"name\":\"Que faire cet \u00e9t\u00e9 ?\",\"isPartOf\":{\"@id\":\"https:\/\/www.creilsudoise-tourisme.fr\/#website\"},\"datePublished\":\"2025-06-26T12:14:18+00:00\",\"dateModified\":\"2025-10-08T08:32:34+00:00\",\"description\":\"Que faire cet \u00e9t\u00e9 en famille ou entre amis \u00e0 Creil Sud Oise, pr\u00e8s de Chantilly et Senlis ? D\u00e9couvrez notre s\u00e9lection de sorties !\",\"breadcrumb\":{\"@id\":\"https:\/\/www.creilsudoise-tourisme.fr\/2025\/06\/26\/vacances-ete\/#breadcrumb\"},\"inLanguage\":\"es\",\"potentialAction\":[{\"@type\":\"ReadAction\",\"target\":[\"https:\/\/www.creilsudoise-tourisme.fr\/2025\/06\/26\/vacances-ete\/\"]}]},{\"@type\":\"BreadcrumbList\",\"@id\":\"https:\/\/www.creilsudoise-tourisme.fr\/2025\/06\/26\/vacances-ete\/#breadcrumb\",\"itemListElement\":[{\"@type\":\"ListItem\",\"position\":1,\"name\":\"Accueil\",\"item\":\"https:\/\/www.creilsudoise-tourisme.fr\/\"},{\"@type\":\"ListItem\",\"position\":2,\"name\":\"C&rsquo;est les vacances d&rsquo;\u00e9t\u00e9 !\"}]},{\"@type\":\"WebSite\",\"@id\":\"https:\/\/www.creilsudoise-tourisme.fr\/#website\",\"url\":\"https:\/\/www.creilsudoise-tourisme.fr\/\",\"name\":\"Office de Tourisme Creil Sud Oise\",\"description\":\"Creil Sud Oise Tourisme, un territoire \u00e0 explorer !\",\"publisher\":{\"@id\":\"https:\/\/www.creilsudoise-tourisme.fr\/#organization\"},\"potentialAction\":[{\"@type\":\"SearchAction\",\"target\":{\"@type\":\"EntryPoint\",\"urlTemplate\":\"https:\/\/www.creilsudoise-tourisme.fr\/?s={search_term_string}\"},\"query-input\":\"required name=search_term_string\"}],\"inLanguage\":\"es\"},{\"@type\":\"Organization\",\"@id\":\"https:\/\/www.creilsudoise-tourisme.fr\/#organization\",\"name\":\"Creil Sud Oise Tourisme\",\"url\":\"https:\/\/www.creilsudoise-tourisme.fr\/\",\"logo\":{\"@type\":\"ImageObject\",\"inLanguage\":\"es\",\"@id\":\"https:\/\/www.creilsudoise-tourisme.fr\/#\/schema\/logo\/image\/\",\"url\":\"https:\/\/www.creilsudoise-tourisme.fr\/wp-content\/uploads\/2021\/05\/logo-svg.png\",\"contentUrl\":\"https:\/\/www.creilsudoise-tourisme.fr\/wp-content\/uploads\/2021\/05\/logo-svg.png\",\"width\":182,\"height\":71,\"caption\":\"Creil Sud Oise Tourisme\"},\"image\":{\"@id\":\"https:\/\/www.creilsudoise-tourisme.fr\/#\/schema\/logo\/image\/\"},\"sameAs\":[\"https:\/\/www.facebook.com\/creilsudoisetourisme\/\",\"https:\/\/twitter.com\/CreilSudOiseOT\",\"https:\/\/www.instagram.com\/creilsudoisetourisme\/\",\"https:\/\/www.youtube.com\/channel\/UC8L_QD2wwyADW14zt9fY8kw\"]},{\"@type\":\"Person\",\"@id\":\"https:\/\/www.creilsudoise-tourisme.fr\/#\/schema\/person\/81a1ab3a236faa5508e8f47600a85072\",\"name\":\"emilie\",\"image\":{\"@type\":\"ImageObject\",\"inLanguage\":\"es\",\"@id\":\"https:\/\/www.creilsudoise-tourisme.fr\/#\/schema\/person\/image\/\",\"url\":\"https:\/\/secure.gravatar.com\/avatar\/63ed1ecafae1b27e36a71e8626bc354f?s=96&d=mm&r=g\",\"contentUrl\":\"https:\/\/secure.gravatar.com\/avatar\/63ed1ecafae1b27e36a71e8626bc354f?s=96&d=mm&r=g\",\"caption\":\"emilie\"},\"url\":\"https:\/\/www.creilsudoise-tourisme.fr\/es\/auteur\/emilie\/\"}]}<\/script>\n<!-- \/ Yoast SEO plugin. -->","yoast_head_json":{"title":"Que faire cet \u00e9t\u00e9 ?","description":"Que faire cet \u00e9t\u00e9 en famille ou entre amis \u00e0 Creil Sud Oise, pr\u00e8s de Chantilly et Senlis ? D\u00e9couvrez notre s\u00e9lection de sorties !","robots":{"index":"index","follow":"follow","max-snippet":"max-snippet:-1","max-image-preview":"max-image-preview:large","max-video-preview":"max-video-preview:-1"},"canonical":"https:\/\/www.creilsudoise-tourisme.fr\/es\/2025\/06\/26\/verano-vacaciones\/","og_locale":"es_ES","og_type":"article","og_title":"Que faire cet \u00e9t\u00e9 ?","og_description":"Que faire cet \u00e9t\u00e9 en famille ou entre amis \u00e0 Creil Sud Oise, pr\u00e8s de Chantilly et Senlis ? D\u00e9couvrez notre s\u00e9lection de sorties !","og_url":"https:\/\/www.creilsudoise-tourisme.fr\/es\/2025\/06\/26\/verano-vacaciones\/","og_site_name":"Office de Tourisme Creil Sud Oise","article_publisher":"https:\/\/www.facebook.com\/creilsudoisetourisme\/","article_published_time":"2025-06-26T12:14:18+00:00","article_modified_time":"2025-10-08T08:32:34+00:00","og_image":[{"width":1480,"height":740,"url":"https:\/\/www.creilsudoise-tourisme.fr\/wp-content\/uploads\/2025\/06\/Actu-vacances-ete-1.png","type":"image\/png"}],"author":"emilie","twitter_card":"summary_large_image","twitter_creator":"@CreilSudOiseOT","twitter_site":"@CreilSudOiseOT","twitter_misc":{"Escrito por":"emilie","Tiempo de lectura":"8 minutos"},"schema":{"@context":"https:\/\/schema.org","@graph":[{"@type":"Article","@id":"https:\/\/www.creilsudoise-tourisme.fr\/2025\/06\/26\/vacances-ete\/#article","isPartOf":{"@id":"https:\/\/www.creilsudoise-tourisme.fr\/2025\/06\/26\/vacances-ete\/"},"author":{"name":"emilie","@id":"https:\/\/www.creilsudoise-tourisme.fr\/#\/schema\/person\/81a1ab3a236faa5508e8f47600a85072"},"headline":"C&rsquo;est les vacances d&rsquo;\u00e9t\u00e9 !","datePublished":"2025-06-26T12:14:18+00:00","dateModified":"2025-10-08T08:32:34+00:00","mainEntityOfPage":{"@id":"https:\/\/www.creilsudoise-tourisme.fr\/2025\/06\/26\/vacances-ete\/"},"wordCount":1617,"publisher":{"@id":"https:\/\/www.creilsudoise-tourisme.fr\/#organization"},"articleSection":["Actus"],"inLanguage":"es"},{"@type":"WebPage","@id":"https:\/\/www.creilsudoise-tourisme.fr\/2025\/06\/26\/vacances-ete\/","url":"https:\/\/www.creilsudoise-tourisme.fr\/2025\/06\/26\/vacances-ete\/","name":"Que faire cet \u00e9t\u00e9 ?","isPartOf":{"@id":"https:\/\/www.creilsudoise-tourisme.fr\/#website"},"datePublished":"2025-06-26T12:14:18+00:00","dateModified":"2025-10-08T08:32:34+00:00","description":"Que faire cet \u00e9t\u00e9 en famille ou entre amis \u00e0 Creil Sud Oise, pr\u00e8s de Chantilly et Senlis ? D\u00e9couvrez notre s\u00e9lection de sorties !","breadcrumb":{"@id":"https:\/\/www.creilsudoise-tourisme.fr\/2025\/06\/26\/vacances-ete\/#breadcrumb"},"inLanguage":"es","potentialAction":[{"@type":"ReadAction","target":["https:\/\/www.creilsudoise-tourisme.fr\/2025\/06\/26\/vacances-ete\/"]}]},{"@type":"BreadcrumbList","@id":"https:\/\/www.creilsudoise-tourisme.fr\/2025\/06\/26\/vacances-ete\/#breadcrumb","itemListElement":[{"@type":"ListItem","position":1,"name":"Accueil","item":"https:\/\/www.creilsudoise-tourisme.fr\/"},{"@type":"ListItem","position":2,"name":"C&rsquo;est les vacances d&rsquo;\u00e9t\u00e9 !"}]},{"@type":"WebSite","@id":"https:\/\/www.creilsudoise-tourisme.fr\/#website","url":"https:\/\/www.creilsudoise-tourisme.fr\/","name":"Office de Tourisme Creil Sud Oise","description":"Creil Sud Oise Tourisme, un territoire \u00e0 explorer !","publisher":{"@id":"https:\/\/www.creilsudoise-tourisme.fr\/#organization"},"potentialAction":[{"@type":"SearchAction","target":{"@type":"EntryPoint","urlTemplate":"https:\/\/www.creilsudoise-tourisme.fr\/?s={search_term_string}"},"query-input":"required name=search_term_string"}],"inLanguage":"es"},{"@type":"Organization","@id":"https:\/\/www.creilsudoise-tourisme.fr\/#organization","name":"Creil Sud Oise Tourisme","url":"https:\/\/www.creilsudoise-tourisme.fr\/","logo":{"@type":"ImageObject","inLanguage":"es","@id":"https:\/\/www.creilsudoise-tourisme.fr\/#\/schema\/logo\/image\/","url":"https:\/\/www.creilsudoise-tourisme.fr\/wp-content\/uploads\/2021\/05\/logo-svg.png","contentUrl":"https:\/\/www.creilsudoise-tourisme.fr\/wp-content\/uploads\/2021\/05\/logo-svg.png","width":182,"height":71,"caption":"Creil Sud Oise Tourisme"},"image":{"@id":"https:\/\/www.creilsudoise-tourisme.fr\/#\/schema\/logo\/image\/"},"sameAs":["https:\/\/www.facebook.com\/creilsudoisetourisme\/","https:\/\/twitter.com\/CreilSudOiseOT","https:\/\/www.instagram.com\/creilsudoisetourisme\/","https:\/\/www.youtube.com\/channel\/UC8L_QD2wwyADW14zt9fY8kw"]},{"@type":"Person","@id":"https:\/\/www.creilsudoise-tourisme.fr\/#\/schema\/person\/81a1ab3a236faa5508e8f47600a85072","name":"emilie","image":{"@type":"ImageObject","inLanguage":"es","@id":"https:\/\/www.creilsudoise-tourisme.fr\/#\/schema\/person\/image\/","url":"https:\/\/secure.gravatar.com\/avatar\/63ed1ecafae1b27e36a71e8626bc354f?s=96&d=mm&r=g","contentUrl":"https:\/\/secure.gravatar.com\/avatar\/63ed1ecafae1b27e36a71e8626bc354f?s=96&d=mm&r=g","caption":"emilie"},"url":"https:\/\/www.creilsudoise-tourisme.fr\/es\/auteur\/emilie\/"}]}},"_links":{"self":[{"href":"https:\/\/www.creilsudoise-tourisme.fr\/es\/wp-json\/wp\/v2\/posts\/63226"}],"collection":[{"href":"https:\/\/www.creilsudoise-tourisme.fr\/es\/wp-json\/wp\/v2\/posts"}],"about":[{"href":"https:\/\/www.creilsudoise-tourisme.fr\/es\/wp-json\/wp\/v2\/types\/post"}],"author":[{"embeddable":true,"href":"https:\/\/www.creilsudoise-tourisme.fr\/es\/wp-json\/wp\/v2\/users\/10"}],"replies":[{"embeddable":true,"href":"https:\/\/www.creilsudoise-tourisme.fr\/es\/wp-json\/wp\/v2\/comments?post=63226"}],"version-history":[{"count":35,"href":"https:\/\/www.creilsudoise-tourisme.fr\/es\/wp-json\/wp\/v2\/posts\/63226\/revisions"}],"predecessor-version":[{"id":64500,"href":"https:\/\/www.creilsudoise-tourisme.fr\/es\/wp-json\/wp\/v2\/posts\/63226\/revisions\/64500"}],"wp:featuredmedia":[{"embeddable":true,"href":"https:\/\/www.creilsudoise-tourisme.fr\/es\/wp-json\/wp\/v2\/media\/63310"}],"wp:attachment":[{"href":"https:\/\/www.creilsudoise-tourisme.fr\/es\/wp-json\/wp\/v2\/media?parent=63226"}],"wp:term":[{"taxonomy":"category","embeddable":true,"href":"https:\/\/www.creilsudoise-tourisme.fr\/es\/wp-json\/wp\/v2\/categories?post=63226"},{"taxonomy":"post_tag","embeddable":true,"href":"https:\/\/www.creilsudoise-tourisme.fr\/es\/wp-json\/wp\/v2\/tags?post=63226"}],"curies":[{"name":"wp","href":"https:\/\/api.w.org\/{rel}","templated":true}]}}