{"id":60988,"date":"2025-03-21T14:53:15","date_gmt":"2025-03-21T13:53:15","guid":{"rendered":"https:\/\/www.creilsudoise-tourisme.fr\/?p=60988"},"modified":"2025-04-25T08:58:56","modified_gmt":"2025-04-25T06:58:56","slug":"vacances-printemps","status":"publish","type":"post","link":"https:\/\/www.creilsudoise-tourisme.fr\/es\/2025\/03\/21\/vacaciones-de-primavera\/","title":{"rendered":"Vacaciones de primavera: \u00bfqu\u00e9 hay?"},"content":{"rendered":"<p class=\"is-style-excerpt\">En <strong>hermosos d\u00edas<\/strong> \u00a1est\u00e1n llegando! Visite <strong>cielo <\/strong>es azul, los p\u00e1jaros <strong>cantar<\/strong>y aqu\u00ed estamos, dudando sobre qu\u00e9 ponernos hoy: las ma\u00f1anas siguen siendo <strong>fresco<\/strong>mientras que las tardes se convierten <strong>agradablemente suave<\/strong>.<br>Basta de ch\u00e1chara: \u00bfy si le ofreci\u00e9ramos algunos <strong>actividades<\/strong> y <strong>sale de<\/strong> para las vacaciones de sus hijos\/nietos?<\/p>\n\n\n\n<div class=\"is-content-justification-center is-layout-flex wp-container-1 wp-block-buttons\">\n<div class=\"wp-block-button\"><a class=\"wp-block-button__link wp-element-button\" href=\"https:\/\/www.creilsudoise-tourisme.fr\/es\/agenda\/\" target=\"_blank\" rel=\"noreferrer noopener\">TODA LA AGENDA<\/a><\/div>\n<\/div>\n\n\n\n<h2>Visitas<\/h2>\n\n\n\n<p><\/p>\n\n\n\n<div class=\"is-layout-flex wp-container-4 wp-block-columns are-vertically-aligned-center\">\n<div class=\"is-layout-flow wp-block-column is-vertically-aligned-center\">\n<p>Como de costumbre, el <a href=\"https:\/\/www.creilsudoise-tourisme.fr\/es\/jexplore\/imprescindibles\/musee-galle-juillet\/\" target=\"_blank\" rel=\"noreferrer noopener\"><strong>Museo Gall\u00e9-Juillet<\/strong><\/a> abre de mi\u00e9rcoles por la tarde a domingo por la tarde durante las vacaciones. Si a\u00fan no ha visitado el museo <strong>imprescindible<\/strong> de Creil, que en realidad es un <strong>Casa de la Belle Epoque<\/strong>\u00a1Ahora es tu oportunidad! Los muebles de anta\u00f1o siguen expuestos y podr\u00e1 descubrir la<strong>historia<\/strong> de este <strong>familia<\/strong>en particular la del peque\u00f1o <strong>Maurice<\/strong>.<br>No dude en visitar la <strong><a href=\"https:\/\/www.creilsudoise-tourisme.fr\/es\/patrimoine\/maison-de-la-faience\/\" target=\"_blank\" rel=\"noreferrer noopener\">Casa de loza<\/a><\/strong>justo enfrente del Museo: un <strong>impresionante colecci\u00f3n<\/strong> le espera una fina loza, \u00a1y hay muchas actividades para mantener ocupados a los m\u00e1s peque\u00f1os!<br>Descubro el Museo por <a href=\"https:\/\/www.youtube.com\/watch?v=wY9wGoow8Vo&amp;ab_channel=CreilSudOiseTourisme\" target=\"_blank\" rel=\"noreferrer noopener\"><strong>v\u00eddeo<\/strong><\/a> (<strong>\u00a1todo es nuevo!<\/strong>)<\/p>\n<\/div>\n\n\n\n<div class=\"is-layout-flow wp-block-column is-vertically-aligned-center\"><div class=\"wp-block-image\">\n<figure class=\"aligncenter size-large is-resized\"><img decoding=\"async\" loading=\"lazy\" data-src=\"https:\/\/www.creilsudoise-tourisme.fr\/wp-content\/uploads\/2023\/01\/3-Anne-Sophie-FLAMENT-ville-de-creil-MGJ-peintures-et-dessins-edited-1200x676.jpg\" alt=\"Visita guiada para ni\u00f1os al Museo Gall\u00e9-Juillet de Creil\" class=\"wp-image-44228\" width=\"423\" height=\"238\" data-srcset=\"https:\/\/www.creilsudoise-tourisme.fr\/wp-content\/uploads\/2023\/01\/3-Anne-Sophie-FLAMENT-ville-de-creil-MGJ-peintures-et-dessins-edited-1200x676.jpg 1200w, https:\/\/www.creilsudoise-tourisme.fr\/wp-content\/uploads\/2023\/01\/3-Anne-Sophie-FLAMENT-ville-de-creil-MGJ-peintures-et-dessins-edited-600x338.jpg 600w, https:\/\/www.creilsudoise-tourisme.fr\/wp-content\/uploads\/2023\/01\/3-Anne-Sophie-FLAMENT-ville-de-creil-MGJ-peintures-et-dessins-edited-900x507.jpg 900w, https:\/\/www.creilsudoise-tourisme.fr\/wp-content\/uploads\/2023\/01\/3-Anne-Sophie-FLAMENT-ville-de-creil-MGJ-peintures-et-dessins-edited-1536x865.jpg 1536w, https:\/\/www.creilsudoise-tourisme.fr\/wp-content\/uploads\/2023\/01\/3-Anne-Sophie-FLAMENT-ville-de-creil-MGJ-peintures-et-dessins-edited-200x113.jpg 200w, https:\/\/www.creilsudoise-tourisme.fr\/wp-content\/uploads\/2023\/01\/3-Anne-Sophie-FLAMENT-ville-de-creil-MGJ-peintures-et-dessins-edited-650x366.jpg 650w, https:\/\/www.creilsudoise-tourisme.fr\/wp-content\/uploads\/2023\/01\/3-Anne-Sophie-FLAMENT-ville-de-creil-MGJ-peintures-et-dessins-edited-387x218.jpg 387w, https:\/\/www.creilsudoise-tourisme.fr\/wp-content\/uploads\/2023\/01\/3-Anne-Sophie-FLAMENT-ville-de-creil-MGJ-peintures-et-dessins-edited.jpg 1600w\" sizes=\"(max-width: 423px) 100vw, 423px\" \/><figcaption class=\"wp-element-caption\">Anne-Sophie Flament<\/figcaption><\/figure><\/div><\/div>\n<\/div>\n\n\n\n<div class=\"is-layout-flex wp-container-7 wp-block-columns\">\n<div class=\"is-layout-flow wp-block-column is-vertically-aligned-center\" style=\"flex-basis:33.33%\">\n<figure class=\"wp-block-image size-large\"><img decoding=\"async\" loading=\"lazy\" width=\"777\" height=\"1200\" data-src=\"https:\/\/www.creilsudoise-tourisme.fr\/wp-content\/uploads\/2025\/03\/Maison_Pierre-Saint_Maximin-Visite_guidee-B_Teissedre-5-777x1200.jpg\" alt=\"Carri\u00e8re Parrain en la Maison de la Pierre en Saint-Maximin\" class=\"wp-image-61012\" data-srcset=\"https:\/\/www.creilsudoise-tourisme.fr\/wp-content\/uploads\/2025\/03\/Maison_Pierre-Saint_Maximin-Visite_guidee-B_Teissedre-5-777x1200.jpg 777w, https:\/\/www.creilsudoise-tourisme.fr\/wp-content\/uploads\/2025\/03\/Maison_Pierre-Saint_Maximin-Visite_guidee-B_Teissedre-5-388x600.jpg 388w, https:\/\/www.creilsudoise-tourisme.fr\/wp-content\/uploads\/2025\/03\/Maison_Pierre-Saint_Maximin-Visite_guidee-B_Teissedre-5-583x900.jpg 583w, https:\/\/www.creilsudoise-tourisme.fr\/wp-content\/uploads\/2025\/03\/Maison_Pierre-Saint_Maximin-Visite_guidee-B_Teissedre-5-994x1536.jpg 994w, https:\/\/www.creilsudoise-tourisme.fr\/wp-content\/uploads\/2025\/03\/Maison_Pierre-Saint_Maximin-Visite_guidee-B_Teissedre-5-8x12.jpg 8w, https:\/\/www.creilsudoise-tourisme.fr\/wp-content\/uploads\/2025\/03\/Maison_Pierre-Saint_Maximin-Visite_guidee-B_Teissedre-5-200x309.jpg 200w, https:\/\/www.creilsudoise-tourisme.fr\/wp-content\/uploads\/2025\/03\/Maison_Pierre-Saint_Maximin-Visite_guidee-B_Teissedre-5-650x1004.jpg 650w, https:\/\/www.creilsudoise-tourisme.fr\/wp-content\/uploads\/2025\/03\/Maison_Pierre-Saint_Maximin-Visite_guidee-B_Teissedre-5-387x598.jpg 387w, https:\/\/www.creilsudoise-tourisme.fr\/wp-content\/uploads\/2025\/03\/Maison_Pierre-Saint_Maximin-Visite_guidee-B_Teissedre-5.jpg 1243w\" sizes=\"(max-width: 777px) 100vw, 777px\" \/><figcaption class=\"wp-element-caption\">B.Teissedre<\/figcaption><\/figure>\n<\/div>\n\n\n\n<div class=\"is-layout-flow wp-block-column\" style=\"flex-basis:66.66%\">\n<p>Para Semana Santa, el<a href=\"https:\/\/www.creilsudoise-tourisme.fr\/es\/jexplore\/imprescindibles\/maison-de-la-pierre-3\/\"> <strong>Casa de piedra<\/strong><\/a> le ofrece toda una <strong>muchas actividades<\/strong> (<em>ver ci-d<\/em>essous, en la secci\u00f3n \"Talleres\"), as\u00ed como un <strong><a href=\"https:\/\/www.creilsudoise-tourisme.fr\/es\/agenda-animations\/balades-contees-de-paques-au-coeur-des-carrieres-souterraines\/\" target=\"_blank\" rel=\"noreferrer noopener\">nuevo paseo de los cuentos<\/a><\/strong> en <strong>el coraz\u00f3n de la cantera subterr\u00e1nea<\/strong> \u00a1de Saint-Maximin! Siga un <strong>hada misteriosa<\/strong> que le llevar\u00e1 a la <strong>Conejitos de Pascua<\/strong>&#8230; <em>Pero shhh, es un <strong>secreto<\/strong> !<\/em><br>A<strong> b\u00fasqueda del huevo<\/strong> despu\u00e9s de la marcha. \u00bfEst\u00e1s listo para <strong>ejecute<\/strong> y abrir <strong>los ojos bien abiertos<\/strong> ? <em>1,2,3... \u00a1Vamos!<\/em><br>La Maison de la Pierre reabrir\u00e1 sus puertas a principios de abril: <strong>todos los mi\u00e9rcoles<\/strong>puede asistir a una <strong>visita guiada a la cantera subterr\u00e1nea<\/strong>con algunas fechas extra para Semana Santa: <a href=\"https:\/\/www.maisondelapierre-oise.fr\/activites\/\" target=\"_blank\" rel=\"noreferrer noopener\">le dejamos que lo descubra<\/a> !<\/p>\n<\/div>\n<\/div>\n\n\n\n<p><br><\/p>\n\n\n\n<p>Para los ni\u00f1os m\u00e1s peque\u00f1os (de 5 a 14 a\u00f1os), el&nbsp;<strong><a href=\"https:\/\/www.creilsudoise-tourisme.fr\/es\/jexplore\/imprescindibles\/\" target=\"_blank\" rel=\"noreferrer noopener\">Clouterie Rivierre<\/a><\/strong>&nbsp;en Creil ofrece un&nbsp;<a href=\"https:\/\/www.creilsudoise-tourisme.fr\/es\/agenda-animations\/visite-et-atelier-creatif-a-la-clouterie\/\" target=\"_blank\" rel=\"noreferrer noopener\"><strong>tornillos<\/strong><\/a><strong><a href=\"https:\/\/www.creilsudoise-tourisme.fr\/es\/agenda-animations\/visite-et-atelier-creatif-a-la-clouterie\/\" target=\"_blank\" rel=\"noreferrer noopener\">ite l\u00fadico<\/a><\/strong>&nbsp;de su&nbsp;<strong>f\u00e1brica<\/strong>seguido de un&nbsp;<strong>taller creativo<\/strong>&nbsp;alrededor de las u\u00f1as: acompa\u00f1ado por un adulto, su hijo saldr\u00e1 con su propio&nbsp;<strong>creaci\u00f3n<\/strong>&nbsp;\u00a1! Qui\u00e9n sabe, algunos&nbsp;<strong>vocaciones<\/strong>&nbsp;\u00bftal vez nacer\u00e1?<br><br>En <a href=\"https:\/\/www.nogentsuroise.fr\/a-tout-age\/enfance-et-education\/ferme-pedagogique\" target=\"_blank\" rel=\"noreferrer noopener\">granja educativa la MASTE<\/a>en Nogent-sur-Oise, le da la bienvenida a <a href=\"https:\/\/www.creilsudoise-tourisme.fr\/es\/agenda-animations\/bienvenue-a-la-ferme-pedagogique-de-la-maste-4\/\" target=\"_blank\" rel=\"noreferrer noopener\"><strong>visita a los animales<\/strong> <\/a>esperando <strong>usted<\/strong> \u00a1para ser acariciado!<\/p>\n\n\n\n<h2>Talleres<br><\/h2>\n\n\n\n<div class=\"is-layout-flex wp-container-10 wp-block-columns are-vertically-aligned-center\">\n<div class=\"is-layout-flow wp-block-column is-vertically-aligned-center\" style=\"flex-basis:66.66%\">\n<p>En <strong><a href=\"https:\/\/www.creilsudoise-tourisme.fr\/es\/jexplore\/imprescindibles\/maison-de-la-pierre-3\/\">Casa de piedra<\/a> <\/strong>en Saint-Maximin ofrece una amplia gama de actividades:<strong> <a href=\"https:\/\/www.creilsudoise-tourisme.fr\/es\/agenda-animations\/initiation-sculpture-sur-pierre\/\" target=\"_blank\" rel=\"noreferrer noopener\">escultura de piedra<\/a><\/strong>, <strong>introducci\u00f3n a <a href=\"https:\/\/www.creilsudoise-tourisme.fr\/es\/agenda-animations\/iniciacion-litoterapia-3-2\/\" target=\"_blank\" rel=\"noreferrer noopener\">litoterapia<\/a><\/strong>, <strong>descubrimiento de <a href=\"https:\/\/www.creilsudoise-tourisme.fr\/es\/agenda-animations\/atelier-le-pouvoir-des-plantes\/\" target=\"_blank\" rel=\"noreferrer noopener\">el poder de las plantas<\/a><\/strong> con un <strong>natur\u00f3pata<\/strong>.<br>Incluso puede <strong>hazlos todos<\/strong> si el<strong>aburrimiento<\/strong> es tu <strong>enemigo<\/strong> !<\/p>\n<\/div>\n\n\n\n<div class=\"is-layout-flow wp-block-column is-vertically-aligned-center\" style=\"flex-basis:33.33%\">\n<figure class=\"wp-block-image size-large\"><img decoding=\"async\" loading=\"lazy\" width=\"800\" height=\"1200\" data-src=\"https:\/\/www.creilsudoise-tourisme.fr\/wp-content\/uploads\/2021\/05\/Initiation-a-la-sculpture-sur-pierre-avec-des-enfants-a-la-Maison-de-la-Pierre-a-Saint-Maximin-800x1200.jpg\" alt=\"Iniciaci\u00f3n a la escultura en piedra con ni\u00f1os en la Maison de la Pierre de Saint-Maximin\" class=\"wp-image-34645\" data-srcset=\"https:\/\/www.creilsudoise-tourisme.fr\/wp-content\/uploads\/2021\/05\/Initiation-a-la-sculpture-sur-pierre-avec-des-enfants-a-la-Maison-de-la-Pierre-a-Saint-Maximin-800x1200.jpg 800w, https:\/\/www.creilsudoise-tourisme.fr\/wp-content\/uploads\/2021\/05\/Initiation-a-la-sculpture-sur-pierre-avec-des-enfants-a-la-Maison-de-la-Pierre-a-Saint-Maximin-400x600.jpg 400w, https:\/\/www.creilsudoise-tourisme.fr\/wp-content\/uploads\/2021\/05\/Initiation-a-la-sculpture-sur-pierre-avec-des-enfants-a-la-Maison-de-la-Pierre-a-Saint-Maximin-600x900.jpg 600w, https:\/\/www.creilsudoise-tourisme.fr\/wp-content\/uploads\/2021\/05\/Initiation-a-la-sculpture-sur-pierre-avec-des-enfants-a-la-Maison-de-la-Pierre-a-Saint-Maximin-200x300.jpg 200w, https:\/\/www.creilsudoise-tourisme.fr\/wp-content\/uploads\/2021\/05\/Initiation-a-la-sculpture-sur-pierre-avec-des-enfants-a-la-Maison-de-la-Pierre-a-Saint-Maximin-650x975.jpg 650w, https:\/\/www.creilsudoise-tourisme.fr\/wp-content\/uploads\/2021\/05\/Initiation-a-la-sculpture-sur-pierre-avec-des-enfants-a-la-Maison-de-la-Pierre-a-Saint-Maximin-282x424.jpg 282w, https:\/\/www.creilsudoise-tourisme.fr\/wp-content\/uploads\/2021\/05\/Initiation-a-la-sculpture-sur-pierre-avec-des-enfants-a-la-Maison-de-la-Pierre-a-Saint-Maximin-387x581.jpg 387w, https:\/\/www.creilsudoise-tourisme.fr\/wp-content\/uploads\/2021\/05\/Initiation-a-la-sculpture-sur-pierre-avec-des-enfants-a-la-Maison-de-la-Pierre-a-Saint-Maximin.jpg 900w\" sizes=\"(max-width: 800px) 100vw, 800px\" \/><figcaption class=\"wp-element-caption\">Comdesimages B. Teissedre ADRTOise<\/figcaption><\/figure>\n<\/div>\n<\/div>\n\n\n\n<p><br><br>Visite el <a href=\"https:\/\/www.creilsudoise-tourisme.fr\/es\/jexplore\/imprescindibles\/musee-galle-juillet\/\" target=\"_blank\" rel=\"noreferrer noopener\">Museo Gall\u00e9-Juillet<\/a>seguido de un<strong> <a href=\"https:\/\/www.creilsudoise-tourisme.fr\/es\/agenda-animations\/decore-ton-coloriage-pour-quil-rime-avec-musique\/\" target=\"_blank\" rel=\"noreferrer noopener\">taller de coloreado creativo y collage<\/a><\/strong> sobre el tema <strong>m\u00fasica<\/strong> representada en el <strong>cer\u00e1mica<\/strong>. Este taller es <strong>en enlace<\/strong> con <a href=\"https:\/\/www.creilsudoise-tourisme.fr\/es\/agenda-animations\/exposition-quand-musique-rime-avec-ceramique-2\/\" target=\"_blank\" rel=\"noreferrer noopener\">la exposici\u00f3n \"Cuando la m\u00fasica rima con cer\u00e1mica\",<\/a> disponible hasta el 22 de junio.<br><br>D\u00e9jate tentar por un<strong> <a href=\"https:\/\/www.creilsudoise-tourisme.fr\/es\/agenda-animations\/stage-sculpture-sur-bois\/\" target=\"_blank\" rel=\"noreferrer noopener\">taller de talla en madera<\/a><\/strong> que se celebra durante varios d\u00edas en el<a href=\"https:\/\/www.creilsudoise-tourisme.fr\/es\/loisirs\/espace-henri-matisse\/\" target=\"_blank\" rel=\"noreferrer noopener\">'<strong>Espacio Matisse<\/strong><\/a> en Creil. Descubra la <strong>gestos ancestrales<\/strong> y el <strong>know-how<\/strong> de la <strong>escultura de madera<\/strong>. Desde los 14 a\u00f1os.<br><br>Con el <strong><a href=\"https:\/\/www.facebook.com\/ecologis60\" target=\"_blank\" rel=\"noreferrer noopener\">Eco'Logis<\/a><\/strong> de <strong>Tandem Immobilier<\/strong>puedes <strong><a href=\"https:\/\/www.creilsudoise-tourisme.fr\/es\/agenda-animations\/atelier-initiation-au-jardinage-2\/\" target=\"_blank\" rel=\"noreferrer noopener\">Introducci\u00f3n a la jardiner\u00eda<\/a> <\/strong>plantar plantones, hablar de frutas y verduras de temporada, insectos de jard\u00edn y mucho m\u00e1s.<strong> posible<\/strong> a dedicarse a la jardiner\u00eda, <strong>incluso en pisos<\/strong> \u00a1! Taller <strong>posible<\/strong> con el <strong>ni\u00f1os<\/strong>.<br><\/p>\n\n\n\n<h2>Cultura<\/h2>\n\n\n\n<p>Hablemos de cultura <\/p>\n\n\n\n<div class=\"is-layout-flex wp-container-13 wp-block-columns are-vertically-aligned-center\">\n<div class=\"is-layout-flow wp-block-column is-vertically-aligned-center\">\n<p>En <strong>festival <a href=\"https:\/\/www.creilsudoise-tourisme.fr\/es\/agenda-animations\/festival-les-ptites-tommettes\/\" target=\"_blank\" rel=\"noreferrer noopener\">Les p'tites tommettes<\/a><\/strong> por <a href=\"https:\/\/www.creilsudoise-tourisme.fr\/es\/loisirs\/la-faiencerie-theatre\/\"><strong>La Fa\u00efencerie<\/strong><\/a> de Creil ofrece una gama de <strong>talleres<\/strong>, <strong>muestra<\/strong> y <strong>proyecciones cinematogr\u00e1ficas<\/strong> para <strong>trozo de col<\/strong> (\u00a1de 0 a 5 a\u00f1os!). Talleres para <strong>mujeres embarazadas<\/strong> \u00a1tambi\u00e9n le est\u00e1n esperando!<br>M\u00e1s informaci\u00f3n <strong>programaci\u00f3n<\/strong> todo <strong><a href=\"https:\/\/faiencerie-theatre.com\/p-tites-tommettes\" target=\"_blank\" rel=\"noreferrer noopener\">aqu\u00ed<\/a><\/strong> !<\/p>\n<\/div>\n\n\n\n<div class=\"is-layout-flow wp-block-column is-vertically-aligned-center\">\n<figure class=\"wp-block-image size-full is-resized\"><img decoding=\"async\" loading=\"lazy\" data-src=\"https:\/\/www.creilsudoise-tourisme.fr\/wp-content\/uploads\/2025\/03\/programme_ptitestomettes_2025_web_Page_01.jpg\" alt=\"\" class=\"wp-image-60997\" width=\"228\" height=\"315\" data-srcset=\"https:\/\/www.creilsudoise-tourisme.fr\/wp-content\/uploads\/2025\/03\/programme_ptitestomettes_2025_web_Page_01.jpg 768w, https:\/\/www.creilsudoise-tourisme.fr\/wp-content\/uploads\/2025\/03\/programme_ptitestomettes_2025_web_Page_01-433x600.jpg 433w, https:\/\/www.creilsudoise-tourisme.fr\/wp-content\/uploads\/2025\/03\/programme_ptitestomettes_2025_web_Page_01-650x900.jpg 650w, https:\/\/www.creilsudoise-tourisme.fr\/wp-content\/uploads\/2025\/03\/programme_ptitestomettes_2025_web_Page_01-9x12.jpg 9w, https:\/\/www.creilsudoise-tourisme.fr\/wp-content\/uploads\/2025\/03\/programme_ptitestomettes_2025_web_Page_01-200x277.jpg 200w, https:\/\/www.creilsudoise-tourisme.fr\/wp-content\/uploads\/2025\/03\/programme_ptitestomettes_2025_web_Page_01-387x536.jpg 387w\" sizes=\"(max-width: 228px) 100vw, 228px\" \/><\/figure>\n<\/div>\n<\/div>\n\n\n\n<p><\/p>\n\n\n\n<p><br>En el <a href=\"https:\/\/www.villers-saint-paul.fr\/la-biblioth%C3%A8que-municipale-colette\"><strong>Biblioteca Colette<\/strong><\/a> de Villers-Saint-Paul, un<a href=\"https:\/\/www.creilsudoise-tourisme.fr\/es\/agenda-animations\/loisirs-les-apres-midi-jeux-en-avril\/\" target=\"_blank\" rel=\"noreferrer noopener\">&nbsp;<strong>tardes de juegos de mesa<\/strong><\/a>&nbsp;para ni\u00f1os (acompa\u00f1ados). Todo lo que necesita para&nbsp;<strong>buena tarde<\/strong> estrat\u00e9gico. <em>\u00a1Contra-Uno!<\/em><br><br>Tambi\u00e9n para los m\u00e1s peque\u00f1os, el&nbsp;<a href=\"https:\/\/www.creilsudoise-tourisme.fr\/es\/agenda-animations\/lecture-les-livres-cest-bon-pour-les-bebes_-fevrier\/\" target=\"_blank\" rel=\"noreferrer noopener\">Biblioteca multimedia de Saint-Vaast-l\u00e8s-Mello<\/a>  ofrece una&nbsp;<strong><a href=\"https:\/\/www.creilsudoise-tourisme.fr\/es\/agenda-animations\/lecture-les-livres-cest-bon-pour-les-bebes_-avril\/\" target=\"_blank\" rel=\"noreferrer noopener\">adecuado para ni\u00f1os de 0 a 3 a\u00f1os<\/a><\/strong>. En el programa:&nbsp;<strong>una hora de cuentos<\/strong> y descubriendo palabras.<br><br>Para los adolescentes (a partir de 15 a\u00f1os), el <a href=\"https:\/\/mediatheque.creil.fr\/decouvrir-les-mediatheques\" target=\"_blank\" rel=\"noreferrer noopener\">Mediateca Antoine Chanut<\/a> de Creil para presentar su<strong> pel\u00edcula coup de c\u0153ur<\/strong> del momento y discutir la <strong>7\u00ba arte<\/strong> ! <em>Pero es una locura, \u00a1tambi\u00e9n es mi pel\u00edcula favorita!<\/em><br><br>En&nbsp;<a href=\"https:\/\/www.saintmaximin.eu\/bibliotheque-et-catalogue_fr.html\" target=\"_blank\" rel=\"noreferrer noopener\">Biblioteca Elsa Triolet en Saint-Maximin<\/a>&nbsp;para<strong> Adolescentes mayores de 16 a\u00f1os<\/strong> y <strong>adultos<\/strong>a&nbsp;<strong><a href=\"https:\/\/www.saintmaximin.eu\/article_468_1_cafe-gourmand_fr.html\" target=\"_blank\" rel=\"noreferrer noopener\">caf\u00e9 gourmet<\/a><\/strong>&nbsp;en torno a&nbsp;<strong>compartir<\/strong>&nbsp;libros, series, pel\u00edculas, juegos, exposiciones... \u00a1Es la \u00e9poca del a\u00f1o!&nbsp;<strong>ideal<\/strong>&nbsp;hacer&nbsp;<strong>descubrimientos culturales<\/strong>&nbsp;y&nbsp;<strong>amable<\/strong>&nbsp;!<\/p>\n\n\n\n<h2>Y tambi\u00e9n...<\/h2>\n\n\n\n<p>En<strong> <a href=\"https:\/\/www.creilsudoise-tourisme.fr\/es\/agenda-animations\/loisirs-les-petits-trains-dans-le-parc-de-la-breche\/\" target=\"_blank\" rel=\"noreferrer noopener\">paseos en minitren<\/a><\/strong><a href=\"https:\/\/www.creilsudoise-tourisme.fr\/es\/agenda-animations\/loisirs-les-petits-trains-dans-le-parc-de-la-breche\/\" target=\"_blank\" rel=\"noreferrer noopener\"> <\/a>en el <a href=\"https:\/\/www.creilsudoise-tourisme.fr\/es\/espace-naturel\/parc-de-la-breche\/\" target=\"_blank\" rel=\"noreferrer noopener\">Parque de la Br\u00e8che<\/a> en Villers-Saint-Paul <strong>volver <\/strong>\u00a1esta primavera!<br>Aproveche la <strong>hermosos d\u00edas<\/strong> para un <strong>tiempo en familia<\/strong> ! <em>\u00bfPasamos a la siguiente ronda?<\/em><\/p>\n\n\n\n<div class=\"is-layout-flex wp-container-15 wp-block-columns\">\n<div class=\"is-layout-flow wp-block-column\" style=\"flex-basis:66.66%\">\n<p><\/p>\n<\/div>\n<\/div>\n\n\n\n<div class=\"is-layout-flex wp-container-18 wp-block-columns\">\n<div class=\"is-layout-flow wp-block-column is-vertically-aligned-center\" style=\"flex-basis:50%\">\n<figure class=\"wp-block-image size-large\"><img decoding=\"async\" data-src=\"https:\/\/www.creilsudoise-tourisme.fr\/wp-content\/uploads\/wpetourisme\/SAINT-VAAST-LES-MELLO-Etang-Drone-Creil-Sud-Oise-Tourisme--1--1200x675.jpg\" alt=\"\" class=\"wp-image-60720\"\/><figcaption class=\"wp-element-caption\">Saint-Vaast-l\u00e8s-Mello<\/figcaption><\/figure>\n<\/div>\n\n\n\n<div class=\"is-layout-flow wp-block-column\" style=\"flex-basis:33.33%\">\n<p>Salida <strong>100% naturaleza y descubrimiento<\/strong> a <strong><a href=\"https:\/\/www.creilsudoise-tourisme.fr\/es\/agenda-animations\/balade-decouverte-du-territoire-a-la-vallee-du-therain\/\" target=\"_blank\" rel=\"noreferrer noopener\">descubrimiento a pie de la regi\u00f3n hasta el valle de Th\u00e9rain<\/a><\/strong>. Comentado por un <strong>gu\u00eda certificado de naturaleza <a href=\"https:\/\/www.parcs-naturels-regionaux.fr\/les-enjeux\/economie\/valeurs-parc-naturel-regional\/valeurs-parc-naturel-regional-la-marque\">Valores del Parque Natural Regional<\/a><\/strong>ir a un <strong>exploraci\u00f3n<\/strong> \u00a1! En el programa: lavaderos, iglesias, estanques y humedales: verdaderos refugios de biodiversidad. <strong>M\u00e1s informaci\u00f3n<\/strong> m\u00e1s sobre <strong>fauna local<\/strong>. Por fin, <strong>pruebe<\/strong> de <strong>productos locales<\/strong> para redondear una ma\u00f1ana que promete ser <strong>lleno de compartir<\/strong> !<\/p>\n<\/div>\n<\/div>\n\n\n\n<p><br><br>En <strong><a href=\"https:\/\/www.creilsudoise-tourisme.fr\/es\/agenda-animations\/fete-foraine-de-printemps\/\" target=\"_blank\" rel=\"noreferrer noopener\">feria de primavera<\/a><\/strong> \u00a1llega a Creil! Estar\u00e1 presente en casi todas las <strong>todos los d\u00edas festivos<\/strong>. \u00bfQu\u00e9 atracci\u00f3n le atrae m\u00e1s? <br><br>A <strong>b\u00fasqueda del tesoro<\/strong> para redondear las vacaciones y <strong>celebrar la llegada de las campanas de Pascua<\/strong> ? El centro de ocio de Saint-Leu d'Esserent ha ideado una oferta especial <strong><a href=\"https:\/\/www.creilsudoise-tourisme.fr\/es\/agenda-animations\/chasse-aux-oeufs-a-saint-leu-desserent\/\" target=\"_blank\" rel=\"noreferrer noopener\">b\u00fasqueda del huevo<\/a><\/strong> reservado exclusivamente a los residentes de Lupov.<br><br>En <a href=\"https:\/\/www.saintleudesserent.fr\/\" target=\"_blank\" rel=\"noreferrer noopener\">municipio de Saint-Leu d'Esserent<\/a> organiza un <a href=\"https:\/\/www.saintleudesserent.fr\/article_549_1_chasse-au-tresor-du-patrimoine-pour-paques_fr.html\" target=\"_blank\" rel=\"noreferrer noopener\">b\u00fasqueda del tesoro<\/a> \u00a1Ayuda al conejo a encontrar su tesoro! Imprescindible reservar.<br><br>A<a href=\"https:\/\/www.creilsudoise-tourisme.fr\/es\/agenda-animations\/escape-game-panique-dans-la-bibliotheque\/\" target=\"_blank\" rel=\"noreferrer noopener\"> juego de escape<\/a> a la <a href=\"https:\/\/www.saintmaximin.eu\/bibliotheque-et-catalogue\" target=\"_blank\" rel=\"noreferrer noopener\">Biblioteca de Saint-Maximin<\/a> Detenga a un grupo muy peligroso, los Obscurantes. Estos manipuladores difunden regularmente informaci\u00f3n cient\u00edfica falsa. Podr\u00e1s detenerlos a tiempo?<br><\/p>\n\n\n\n<hr class=\"wp-block-separator has-alpha-channel-opacity\"\/>\n\n\n\n<div class=\"is-layout-flex wp-block-buttons\">\n<div class=\"wp-block-button aligncenter\"><a class=\"wp-block-button__link wp-element-button\" href=\"https:\/\/www.creilsudoise-tourisme.fr\/es\/agenda\/\" target=\"_blank\" rel=\"noreferrer noopener\">TODA LA AGENDA<\/a><\/div>\n<\/div>","protected":false},"excerpt":{"rendered":"<p>El buen tiempo ya est\u00e1 aqu\u00ed. El cielo est\u00e1 azul, los p\u00e1jaros cantan, y nosotros dudamos sobre qu\u00e9 ponernos para el d\u00eda: las ma\u00f1anas siguen siendo frescas, mientras que las tardes se vuelven agradablemente suaves.Basta de ch\u00e1chara: \u00bfqu\u00e9 le parecen algunas actividades y salidas para que sus hijos\/nietos disfruten de sus vacaciones? [...]<\/p>","protected":false},"author":10,"featured_media":60835,"comment_status":"closed","ping_status":"closed","sticky":false,"template":"","format":"standard","meta":{"_relevanssi_hide_post":"","_relevanssi_hide_content":"","_relevanssi_pin_for_all":"","_relevanssi_pin_keywords":"","_relevanssi_unpin_keywords":"","_relevanssi_related_keywords":"","_relevanssi_related_include_ids":"","_relevanssi_related_exclude_ids":"","_relevanssi_related_no_append":"","_relevanssi_related_not_related":"","_relevanssi_related_posts":"40150,40285,39936,40900,52538,37060","_relevanssi_noindex_reason":""},"categories":[5],"tags":[],"yoast_head":"<!-- This site is optimized with the Yoast SEO plugin v20.2.1 - https:\/\/yoast.com\/wordpress\/plugins\/seo\/ -->\n<title>Programme des vacances de Printemps \u00e0 Creil Sud Oise !<\/title>\n<meta name=\"description\" content=\"On fait quoi pendant les vacances de printemps ? D\u00e9couvrez notre s\u00e9lection d&#039;activit\u00e9s \u00e0 Creil Sud Oise, pr\u00e8s de Chantilly et Senlis !\" \/>\n<meta name=\"robots\" content=\"index, follow, max-snippet:-1, max-image-preview:large, max-video-preview:-1\" \/>\n<link rel=\"canonical\" href=\"https:\/\/www.creilsudoise-tourisme.fr\/es\/2025\/03\/21\/vacaciones-de-primavera\/\" \/>\n<meta property=\"og:locale\" content=\"es_ES\" \/>\n<meta property=\"og:type\" content=\"article\" \/>\n<meta property=\"og:title\" content=\"Programme des vacances de Printemps \u00e0 Creil Sud Oise !\" \/>\n<meta property=\"og:description\" content=\"On fait quoi pendant les vacances de printemps ? D\u00e9couvrez notre s\u00e9lection d&#039;activit\u00e9s \u00e0 Creil Sud Oise, pr\u00e8s de Chantilly et Senlis !\" \/>\n<meta property=\"og:url\" content=\"https:\/\/www.creilsudoise-tourisme.fr\/es\/2025\/03\/21\/vacaciones-de-primavera\/\" \/>\n<meta property=\"og:site_name\" content=\"Office de Tourisme Creil Sud Oise\" \/>\n<meta property=\"article:publisher\" content=\"https:\/\/www.facebook.com\/creilsudoisetourisme\/\" \/>\n<meta property=\"article:published_time\" content=\"2025-03-21T13:53:15+00:00\" \/>\n<meta property=\"article:modified_time\" content=\"2025-04-25T06:58:56+00:00\" \/>\n<meta property=\"og:image\" content=\"https:\/\/www.creilsudoise-tourisme.fr\/wp-content\/uploads\/2025\/03\/Prog-Paques-web-NL-Header-image-de-mise-en-avant.jpg\" \/>\n\t<meta property=\"og:image:width\" content=\"1480\" \/>\n\t<meta property=\"og:image:height\" content=\"740\" \/>\n\t<meta property=\"og:image:type\" content=\"image\/jpeg\" \/>\n<meta name=\"author\" content=\"emilie\" \/>\n<meta name=\"twitter:card\" content=\"summary_large_image\" \/>\n<meta name=\"twitter:creator\" content=\"@CreilSudOiseOT\" \/>\n<meta name=\"twitter:site\" content=\"@CreilSudOiseOT\" \/>\n<meta name=\"twitter:label1\" content=\"Escrito por\" \/>\n\t<meta name=\"twitter:data1\" content=\"emilie\" \/>\n\t<meta name=\"twitter:label2\" content=\"Tiempo de lectura\" \/>\n\t<meta name=\"twitter:data2\" content=\"5 minutos\" \/>\n<script type=\"application\/ld+json\" class=\"yoast-schema-graph\">{\"@context\":\"https:\/\/schema.org\",\"@graph\":[{\"@type\":\"Article\",\"@id\":\"https:\/\/www.creilsudoise-tourisme.fr\/2025\/03\/21\/vacances-printemps\/#article\",\"isPartOf\":{\"@id\":\"https:\/\/www.creilsudoise-tourisme.fr\/2025\/03\/21\/vacances-printemps\/\"},\"author\":{\"name\":\"emilie\",\"@id\":\"https:\/\/www.creilsudoise-tourisme.fr\/#\/schema\/person\/81a1ab3a236faa5508e8f47600a85072\"},\"headline\":\"Vacances de printemps : on fait quoi ?\",\"datePublished\":\"2025-03-21T13:53:15+00:00\",\"dateModified\":\"2025-04-25T06:58:56+00:00\",\"mainEntityOfPage\":{\"@id\":\"https:\/\/www.creilsudoise-tourisme.fr\/2025\/03\/21\/vacances-printemps\/\"},\"wordCount\":1012,\"publisher\":{\"@id\":\"https:\/\/www.creilsudoise-tourisme.fr\/#organization\"},\"articleSection\":[\"Actus\"],\"inLanguage\":\"es\"},{\"@type\":\"WebPage\",\"@id\":\"https:\/\/www.creilsudoise-tourisme.fr\/2025\/03\/21\/vacances-printemps\/\",\"url\":\"https:\/\/www.creilsudoise-tourisme.fr\/2025\/03\/21\/vacances-printemps\/\",\"name\":\"Programme des vacances de Printemps \u00e0 Creil Sud Oise !\",\"isPartOf\":{\"@id\":\"https:\/\/www.creilsudoise-tourisme.fr\/#website\"},\"datePublished\":\"2025-03-21T13:53:15+00:00\",\"dateModified\":\"2025-04-25T06:58:56+00:00\",\"description\":\"On fait quoi pendant les vacances de printemps ? D\u00e9couvrez notre s\u00e9lection d'activit\u00e9s \u00e0 Creil Sud Oise, pr\u00e8s de Chantilly et Senlis !\",\"breadcrumb\":{\"@id\":\"https:\/\/www.creilsudoise-tourisme.fr\/2025\/03\/21\/vacances-printemps\/#breadcrumb\"},\"inLanguage\":\"es\",\"potentialAction\":[{\"@type\":\"ReadAction\",\"target\":[\"https:\/\/www.creilsudoise-tourisme.fr\/2025\/03\/21\/vacances-printemps\/\"]}]},{\"@type\":\"BreadcrumbList\",\"@id\":\"https:\/\/www.creilsudoise-tourisme.fr\/2025\/03\/21\/vacances-printemps\/#breadcrumb\",\"itemListElement\":[{\"@type\":\"ListItem\",\"position\":1,\"name\":\"Accueil\",\"item\":\"https:\/\/www.creilsudoise-tourisme.fr\/\"},{\"@type\":\"ListItem\",\"position\":2,\"name\":\"Vacances de printemps : on fait quoi ?\"}]},{\"@type\":\"WebSite\",\"@id\":\"https:\/\/www.creilsudoise-tourisme.fr\/#website\",\"url\":\"https:\/\/www.creilsudoise-tourisme.fr\/\",\"name\":\"Office de Tourisme Creil Sud Oise\",\"description\":\"Creil Sud Oise Tourisme, un territoire \u00e0 explorer !\",\"publisher\":{\"@id\":\"https:\/\/www.creilsudoise-tourisme.fr\/#organization\"},\"potentialAction\":[{\"@type\":\"SearchAction\",\"target\":{\"@type\":\"EntryPoint\",\"urlTemplate\":\"https:\/\/www.creilsudoise-tourisme.fr\/?s={search_term_string}\"},\"query-input\":\"required name=search_term_string\"}],\"inLanguage\":\"es\"},{\"@type\":\"Organization\",\"@id\":\"https:\/\/www.creilsudoise-tourisme.fr\/#organization\",\"name\":\"Creil Sud Oise Tourisme\",\"url\":\"https:\/\/www.creilsudoise-tourisme.fr\/\",\"logo\":{\"@type\":\"ImageObject\",\"inLanguage\":\"es\",\"@id\":\"https:\/\/www.creilsudoise-tourisme.fr\/#\/schema\/logo\/image\/\",\"url\":\"https:\/\/www.creilsudoise-tourisme.fr\/wp-content\/uploads\/2021\/05\/logo-svg.png\",\"contentUrl\":\"https:\/\/www.creilsudoise-tourisme.fr\/wp-content\/uploads\/2021\/05\/logo-svg.png\",\"width\":182,\"height\":71,\"caption\":\"Creil Sud Oise Tourisme\"},\"image\":{\"@id\":\"https:\/\/www.creilsudoise-tourisme.fr\/#\/schema\/logo\/image\/\"},\"sameAs\":[\"https:\/\/www.facebook.com\/creilsudoisetourisme\/\",\"https:\/\/twitter.com\/CreilSudOiseOT\",\"https:\/\/www.instagram.com\/creilsudoisetourisme\/\",\"https:\/\/www.youtube.com\/channel\/UC8L_QD2wwyADW14zt9fY8kw\"]},{\"@type\":\"Person\",\"@id\":\"https:\/\/www.creilsudoise-tourisme.fr\/#\/schema\/person\/81a1ab3a236faa5508e8f47600a85072\",\"name\":\"emilie\",\"image\":{\"@type\":\"ImageObject\",\"inLanguage\":\"es\",\"@id\":\"https:\/\/www.creilsudoise-tourisme.fr\/#\/schema\/person\/image\/\",\"url\":\"https:\/\/secure.gravatar.com\/avatar\/63ed1ecafae1b27e36a71e8626bc354f?s=96&d=mm&r=g\",\"contentUrl\":\"https:\/\/secure.gravatar.com\/avatar\/63ed1ecafae1b27e36a71e8626bc354f?s=96&d=mm&r=g\",\"caption\":\"emilie\"},\"url\":\"https:\/\/www.creilsudoise-tourisme.fr\/es\/auteur\/emilie\/\"}]}<\/script>\n<!-- \/ Yoast SEO plugin. -->","yoast_head_json":{"title":"Programme des vacances de Printemps \u00e0 Creil Sud Oise !","description":"On fait quoi pendant les vacances de printemps ? D\u00e9couvrez notre s\u00e9lection d'activit\u00e9s \u00e0 Creil Sud Oise, pr\u00e8s de Chantilly et Senlis !","robots":{"index":"index","follow":"follow","max-snippet":"max-snippet:-1","max-image-preview":"max-image-preview:large","max-video-preview":"max-video-preview:-1"},"canonical":"https:\/\/www.creilsudoise-tourisme.fr\/es\/2025\/03\/21\/vacaciones-de-primavera\/","og_locale":"es_ES","og_type":"article","og_title":"Programme des vacances de Printemps \u00e0 Creil Sud Oise !","og_description":"On fait quoi pendant les vacances de printemps ? D\u00e9couvrez notre s\u00e9lection d'activit\u00e9s \u00e0 Creil Sud Oise, pr\u00e8s de Chantilly et Senlis !","og_url":"https:\/\/www.creilsudoise-tourisme.fr\/es\/2025\/03\/21\/vacaciones-de-primavera\/","og_site_name":"Office de Tourisme Creil Sud Oise","article_publisher":"https:\/\/www.facebook.com\/creilsudoisetourisme\/","article_published_time":"2025-03-21T13:53:15+00:00","article_modified_time":"2025-04-25T06:58:56+00:00","og_image":[{"width":1480,"height":740,"url":"https:\/\/www.creilsudoise-tourisme.fr\/wp-content\/uploads\/2025\/03\/Prog-Paques-web-NL-Header-image-de-mise-en-avant.jpg","type":"image\/jpeg"}],"author":"emilie","twitter_card":"summary_large_image","twitter_creator":"@CreilSudOiseOT","twitter_site":"@CreilSudOiseOT","twitter_misc":{"Escrito por":"emilie","Tiempo de lectura":"5 minutos"},"schema":{"@context":"https:\/\/schema.org","@graph":[{"@type":"Article","@id":"https:\/\/www.creilsudoise-tourisme.fr\/2025\/03\/21\/vacances-printemps\/#article","isPartOf":{"@id":"https:\/\/www.creilsudoise-tourisme.fr\/2025\/03\/21\/vacances-printemps\/"},"author":{"name":"emilie","@id":"https:\/\/www.creilsudoise-tourisme.fr\/#\/schema\/person\/81a1ab3a236faa5508e8f47600a85072"},"headline":"Vacances de printemps : on fait quoi ?","datePublished":"2025-03-21T13:53:15+00:00","dateModified":"2025-04-25T06:58:56+00:00","mainEntityOfPage":{"@id":"https:\/\/www.creilsudoise-tourisme.fr\/2025\/03\/21\/vacances-printemps\/"},"wordCount":1012,"publisher":{"@id":"https:\/\/www.creilsudoise-tourisme.fr\/#organization"},"articleSection":["Actus"],"inLanguage":"es"},{"@type":"WebPage","@id":"https:\/\/www.creilsudoise-tourisme.fr\/2025\/03\/21\/vacances-printemps\/","url":"https:\/\/www.creilsudoise-tourisme.fr\/2025\/03\/21\/vacances-printemps\/","name":"Programme des vacances de Printemps \u00e0 Creil Sud Oise !","isPartOf":{"@id":"https:\/\/www.creilsudoise-tourisme.fr\/#website"},"datePublished":"2025-03-21T13:53:15+00:00","dateModified":"2025-04-25T06:58:56+00:00","description":"On fait quoi pendant les vacances de printemps ? D\u00e9couvrez notre s\u00e9lection d'activit\u00e9s \u00e0 Creil Sud Oise, pr\u00e8s de Chantilly et Senlis !","breadcrumb":{"@id":"https:\/\/www.creilsudoise-tourisme.fr\/2025\/03\/21\/vacances-printemps\/#breadcrumb"},"inLanguage":"es","potentialAction":[{"@type":"ReadAction","target":["https:\/\/www.creilsudoise-tourisme.fr\/2025\/03\/21\/vacances-printemps\/"]}]},{"@type":"BreadcrumbList","@id":"https:\/\/www.creilsudoise-tourisme.fr\/2025\/03\/21\/vacances-printemps\/#breadcrumb","itemListElement":[{"@type":"ListItem","position":1,"name":"Accueil","item":"https:\/\/www.creilsudoise-tourisme.fr\/"},{"@type":"ListItem","position":2,"name":"Vacances de printemps : on fait quoi ?"}]},{"@type":"WebSite","@id":"https:\/\/www.creilsudoise-tourisme.fr\/#website","url":"https:\/\/www.creilsudoise-tourisme.fr\/","name":"Office de Tourisme Creil Sud Oise","description":"Creil Sud Oise Tourisme, un territoire \u00e0 explorer !","publisher":{"@id":"https:\/\/www.creilsudoise-tourisme.fr\/#organization"},"potentialAction":[{"@type":"SearchAction","target":{"@type":"EntryPoint","urlTemplate":"https:\/\/www.creilsudoise-tourisme.fr\/?s={search_term_string}"},"query-input":"required name=search_term_string"}],"inLanguage":"es"},{"@type":"Organization","@id":"https:\/\/www.creilsudoise-tourisme.fr\/#organization","name":"Creil Sud Oise Tourisme","url":"https:\/\/www.creilsudoise-tourisme.fr\/","logo":{"@type":"ImageObject","inLanguage":"es","@id":"https:\/\/www.creilsudoise-tourisme.fr\/#\/schema\/logo\/image\/","url":"https:\/\/www.creilsudoise-tourisme.fr\/wp-content\/uploads\/2021\/05\/logo-svg.png","contentUrl":"https:\/\/www.creilsudoise-tourisme.fr\/wp-content\/uploads\/2021\/05\/logo-svg.png","width":182,"height":71,"caption":"Creil Sud Oise Tourisme"},"image":{"@id":"https:\/\/www.creilsudoise-tourisme.fr\/#\/schema\/logo\/image\/"},"sameAs":["https:\/\/www.facebook.com\/creilsudoisetourisme\/","https:\/\/twitter.com\/CreilSudOiseOT","https:\/\/www.instagram.com\/creilsudoisetourisme\/","https:\/\/www.youtube.com\/channel\/UC8L_QD2wwyADW14zt9fY8kw"]},{"@type":"Person","@id":"https:\/\/www.creilsudoise-tourisme.fr\/#\/schema\/person\/81a1ab3a236faa5508e8f47600a85072","name":"emilie","image":{"@type":"ImageObject","inLanguage":"es","@id":"https:\/\/www.creilsudoise-tourisme.fr\/#\/schema\/person\/image\/","url":"https:\/\/secure.gravatar.com\/avatar\/63ed1ecafae1b27e36a71e8626bc354f?s=96&d=mm&r=g","contentUrl":"https:\/\/secure.gravatar.com\/avatar\/63ed1ecafae1b27e36a71e8626bc354f?s=96&d=mm&r=g","caption":"emilie"},"url":"https:\/\/www.creilsudoise-tourisme.fr\/es\/auteur\/emilie\/"}]}},"_links":{"self":[{"href":"https:\/\/www.creilsudoise-tourisme.fr\/es\/wp-json\/wp\/v2\/posts\/60988"}],"collection":[{"href":"https:\/\/www.creilsudoise-tourisme.fr\/es\/wp-json\/wp\/v2\/posts"}],"about":[{"href":"https:\/\/www.creilsudoise-tourisme.fr\/es\/wp-json\/wp\/v2\/types\/post"}],"author":[{"embeddable":true,"href":"https:\/\/www.creilsudoise-tourisme.fr\/es\/wp-json\/wp\/v2\/users\/10"}],"replies":[{"embeddable":true,"href":"https:\/\/www.creilsudoise-tourisme.fr\/es\/wp-json\/wp\/v2\/comments?post=60988"}],"version-history":[{"count":19,"href":"https:\/\/www.creilsudoise-tourisme.fr\/es\/wp-json\/wp\/v2\/posts\/60988\/revisions"}],"predecessor-version":[{"id":61302,"href":"https:\/\/www.creilsudoise-tourisme.fr\/es\/wp-json\/wp\/v2\/posts\/60988\/revisions\/61302"}],"wp:featuredmedia":[{"embeddable":true,"href":"https:\/\/www.creilsudoise-tourisme.fr\/es\/wp-json\/wp\/v2\/media\/60835"}],"wp:attachment":[{"href":"https:\/\/www.creilsudoise-tourisme.fr\/es\/wp-json\/wp\/v2\/media?parent=60988"}],"wp:term":[{"taxonomy":"category","embeddable":true,"href":"https:\/\/www.creilsudoise-tourisme.fr\/es\/wp-json\/wp\/v2\/categories?post=60988"},{"taxonomy":"post_tag","embeddable":true,"href":"https:\/\/www.creilsudoise-tourisme.fr\/es\/wp-json\/wp\/v2\/tags?post=60988"}],"curies":[{"name":"wp","href":"https:\/\/api.w.org\/{rel}","templated":true}]}}