{"id":59693,"date":"2025-01-23T11:01:32","date_gmt":"2025-01-23T10:01:32","guid":{"rendered":"https:\/\/www.creilsudoise-tourisme.fr\/?p=59693"},"modified":"2025-06-24T12:43:35","modified_gmt":"2025-06-24T10:43:35","slug":"vacances-hiver","status":"publish","type":"post","link":"https:\/\/www.creilsudoise-tourisme.fr\/es\/2025\/01\/23\/vacaciones-de-invierno\/","title":{"rendered":"Programa de vacaciones de invierno"},"content":{"rendered":"<p class=\"is-style-excerpt\">En <strong>vacaciones de invierno<\/strong> \u00a1pronto! Consulte nuestra <strong>selecci\u00f3n<\/strong> de actividades, descubrimientos y eventos, del 8 al 23 de febrero de 2025.<\/p>\n\n\n\n<div class=\"is-content-justification-center is-layout-flex wp-container-1 wp-block-buttons\">\n<div class=\"wp-block-button\"><a class=\"wp-block-button__link wp-element-button\" href=\"https:\/\/www.creilsudoise-tourisme.fr\/es\/agenda\/\" target=\"_blank\" rel=\"noreferrer noopener\">todo el diario<\/a><\/div>\n<\/div>\n\n\n\n<h2><strong>Visitas<\/strong> inusual<\/h2>\n\n\n\n<p>En <a href=\"https:\/\/www.creilsudoise-tourisme.fr\/es\/agenda-animations\/balade-contee-le-carnaval-des-casse-cailloux\/\" target=\"_blank\" rel=\"noreferrer noopener\">carnaval de rocas<\/a> est\u00e1 de vuelta en el <strong><a href=\"https:\/\/www.creilsudoise-tourisme.fr\/es\/jexplore\/imprescindibles\/maison-de-la-pierre-3\/\">Casa de piedra <\/a><\/strong>\u00a1! Lleve a toda la familia y vuelva a los or\u00edgenes de la piedra. Usted <strong>explore<\/strong> con un<strong> cuentacuentos<\/strong>a <strong>misteriosa cantera subterr\u00e1nea<\/strong> y experimentar una <strong>epopeya m\u00e1gica<\/strong> buscar conchas marinas, hacer tus propias conchas marinas <strong>m\u00e1scaras propias <\/strong>de los mares, un paseo de cuentos con iluminaci\u00f3n apagada... Un <strong>gran aventura<\/strong> \u00a1no se lo pierda!<br>Como parte del carnaval, el <a href=\"https:\/\/www.maisondelapierre-oise.fr\/evenements\/\" target=\"_blank\" rel=\"noreferrer noopener\">visita guiada a la cantera<\/a> \u00a1es posible! Aproveche que, al ser temporada baja, los <strong>La pr\u00f3xima ser\u00e1 en abril<\/strong> !<br><\/p>\n\n\n\n<p>En <strong><a href=\"https:\/\/www.nogentsuroise.fr\/a-tout-age\/enfance-et-education\/ferme-pedagogique\" target=\"_blank\" rel=\"noreferrer noopener\">granja educativa<\/a><\/strong> MASTE en Nogent-sur-Oise le da la bienvenida a <a href=\"https:\/\/www.creilsudoise-tourisme.fr\/es\/agenda-animations\/bienvenue-a-la-ferme-pedagogique-de-la-maste-2\/\" target=\"_blank\" rel=\"noreferrer noopener\">visita a los animales<\/a>. Est\u00e1n esperando <strong>usted<\/strong> \u00a1para ser abrazado!<\/p>\n\n\n\n<h2>Talleres creativos<\/h2>\n\n\n\n<p>Crear un<strong> el trabajo de tus manos<\/strong> con un <a href=\"https:\/\/www.creilsudoise-tourisme.fr\/es\/agenda-animations\/stage-sculpture-sur-pierre-3\/\" target=\"_blank\" rel=\"noreferrer noopener\">escultura de piedra<\/a> de media jornada a 3 d\u00edas, en la Maison de la Pierre de Saint-Maximin. Se admiten adultos a partir de 12 a\u00f1os. Ll\u00e9vese el <strong>escultura<\/strong> que tienes <strong>hecho por ti mismo<\/strong>.<br><br>Para los ni\u00f1os m\u00e1s peque\u00f1os (de 5 a 14 a\u00f1os), el <strong><a href=\"https:\/\/www.creilsudoise-tourisme.fr\/es\/jexplore\/imprescindibles\/\" target=\"_blank\" rel=\"noreferrer noopener\">Clouterie Rivierre<\/a><\/strong> en Creil ofrece un <a href=\"https:\/\/www.creilsudoise-tourisme.fr\/es\/agenda-animations\/visite-et-atelier-creatif-a-la-clouterie\/\" target=\"_blank\" rel=\"noreferrer noopener\"><strong>visita l\u00fadica<\/strong><\/a> de su <strong>f\u00e1brica<\/strong>seguido de un <strong>taller creativo<\/strong> alrededor de las u\u00f1as: acompa\u00f1ado por un adulto, su hijo saldr\u00e1 con su propio <strong>creaci\u00f3n<\/strong> \u00a1! Qui\u00e9n sabe, algunos <strong>vocaciones<\/strong> \u00bftal vez nacer\u00e1?<br><br>La biblioteca multimedia de Saint-Vaast-l\u00e8s-Mello le ofrece<strong><a href=\"https:\/\/www.creilsudoise-tourisme.fr\/es\/agenda-animations\/activite-manuelle-atelier-alphabet-cousu\/\" target=\"_blank\" rel=\"noreferrer noopener\"> haz un abecedario con telas multicolores<\/a><\/strong> de recortes reciclados. \u00bfNo es original?<br><br>Para el carnaval, descubra en familia el <strong>disfraces<\/strong> de <strong><a href=\"https:\/\/www.creilsudoise-tourisme.fr\/es\/jexplore\/imprescindibles\/musee-galle-juillet\/\" target=\"_blank\" rel=\"noreferrer noopener\">Museo Gall\u00e9-Juillet<\/a><\/strong> de Creil , entonces<a href=\"https:\/\/www.creilsudoise-tourisme.fr\/es\/agenda-animations\/deguise-toi-au-musee\/\" target=\"_blank\" rel=\"noreferrer noopener\"> participar en un <strong>taller creativo<\/strong><\/a> decorando un <strong>lobo<\/strong> \u00a1! Puedes ponerte <strong>tu mejor disfraz <\/strong>\u00a1para la ocasi\u00f3n!<br><br>Para los adultos, el <strong><a href=\"https:\/\/mediatheque.nogentsuroise.fr\/\" target=\"_blank\" rel=\"noreferrer noopener\">Mediateca Maurice Schumann<\/a><\/strong> en Nogent-sur-Oise ofrece un <a href=\"https:\/\/www.creilsudoise-tourisme.fr\/es\/agenda-animations\/atelier-atelier-cre-actif-loisirs-creatifs-2\/\" target=\"_blank\" rel=\"noreferrer noopener\">taller \"cr\u00e9-actif<\/a>a <strong>taller de pasatiempos creativos<\/strong>\u00a1gratis! Pero eso no es todo: tambi\u00e9n puede participar en un <a href=\"https:\/\/www.creilsudoise-tourisme.fr\/es\/agenda-animations\/atelier-ecriture-creative-adultes\/\" target=\"_blank\" rel=\"noreferrer noopener\">taller de escritura<\/a> \u00a1! Qui\u00e9n sabe, \u00a1podr\u00edas ser el pr\u00f3ximo Victor Hugo! <\/p>\n\n\n\n<h2>Cultura<\/h2>\n\n\n\n<p>En <strong><a href=\"https:\/\/www.saintleudesserent.fr\/mediatheque-saint-leu-60_fr.html\" target=\"_blank\" rel=\"noreferrer noopener\">Biblioteca multimedia de Saint-Leu d'Esserent<\/a><\/strong> ha reunido <a href=\"https:\/\/www.facebook.com\/photo?fbid=1007604711400001&amp;set=a.618221620338314\" target=\"_blank\" rel=\"noreferrer noopener\"><strong>varios acontecimientos<\/strong><\/a> en torno a <strong>videojuegos <\/strong>con <strong>Mario Kart <\/strong>y <strong>Mario Party<\/strong>s, el <strong>juegos de ajedrez<\/strong>s, el <strong>juegos de rol<\/strong> con <strong>Dragones y Mazmorras<\/strong>, <strong>Heroquest<\/strong> o incluso <strong>Alien<\/strong>. Tambi\u00e9n puede <strong>descubrimiento del patrimonio<\/strong> en el municipio Tenga en cuenta que todas estas magn\u00edficas actividades son <strong>reservar<\/strong> !<br><br>Descubre la <a href=\"https:\/\/www.creilsudoise-tourisme.fr\/es\/agenda-animations\/projection-au-musee-le-court-metrage-isaac-de-mmlt-production\/\" target=\"_blank\" rel=\"noreferrer noopener\">cortometraje \"Isaac<\/a>expuesto en el Museo Gall\u00e9-Juillet de Creil: una reliquia familiar despierta los sentidos <strong>recuerdos traum\u00e1ticos<\/strong> y <strong>pesadillas<\/strong> de Isaac, atrapado entre la realidad y<strong> fen\u00f3menos sobrenaturales<\/strong> en un <strong>viejo castillo<\/strong> perseguido por el <strong>pasado<\/strong>&#8230;<\/p>\n\n\n\n<h3>Talleres culturales<\/h3>\n\n\n\n<p>En el \u00e1mbito cultural, el <strong><a href=\"https:\/\/www.creil.fr\/le-conservatoire\" target=\"_blank\" rel=\"noreferrer noopener\">conservatorio Nina Simone de Creil <\/a><\/strong>le ofrece una <strong><a href=\"https:\/\/www.creilsudoise-tourisme.fr\/es\/agenda-animations\/eveil-musical-les-ptites-notes\/\" target=\"_blank\" rel=\"noreferrer noopener\">despertar musical<\/a><\/strong> para ni\u00f1os peque\u00f1os en el <strong><a href=\"https:\/\/mediatheque.creil.fr\/jean-pierre-besse--quartier-du-moulin\" target=\"_blank\" rel=\"noreferrer noopener\">Mediateca Jean-Pierre Besse, Creil<\/a><\/strong>.<br><\/p>\n\n\n\n<p>El centro sociocultural <strong><a href=\"https:\/\/www.villers-saint-paul.fr\/le-centre-socioculturel-le-trait-dunion\" target=\"_blank\" rel=\"noreferrer noopener\">Enlace Villers-Saint-Paul<\/a><\/strong> ofrece una <strong>proyecci\u00f3n de cine gratuita<\/strong> (<strong>inscripci\u00f3n obligatoria<\/strong> !). En el programa: <strong>Despicable Me 4<\/strong> ! <em>\u00bfHay ahora un Gru junior?<\/em><br><\/p>\n\n\n\n<p>En <a href=\"https:\/\/www.saintmaximin.eu\/bibliotheque-et-catalogue_fr.html\" target=\"_blank\" rel=\"noreferrer noopener\">Biblioteca Elsa Triolet en Saint-Maximin<\/a> para adolescentes a partir de 16 a\u00f1os y adultos. <strong><a href=\"https:\/\/www.creilsudoise-tourisme.fr\/es\/agenda-animations\/lecture-cafe-gourmand-de-fevrier\/\" target=\"_blank\" rel=\"noreferrer noopener\">caf\u00e9 gourmet<\/a><\/strong> en torno a <strong>compartir<\/strong> libros, series, pel\u00edculas, juegos, exposiciones... \u00a1Es la \u00e9poca del a\u00f1o! <strong>ideal<\/strong> hacer <strong>descubrimientos culturales<\/strong> y <strong>amable<\/strong> !<br><br>En la biblioteca multimedia Maurice Schumann de Nogent-sur-Oise, un <strong><a href=\"https:\/\/www.creilsudoise-tourisme.fr\/es\/agenda-animations\/activite-ludique-nos-jeux-du-samedi-2\/\" target=\"_blank\" rel=\"noreferrer noopener\">tardes de juegos de mesa<\/a><\/strong> para adultos y ni\u00f1os. Un gran momento <strong>gran momento familiar<\/strong> !<\/p>\n\n\n\n<h3>Exposiciones<\/h3>\n\n\n\n<p>Durante estas vacaciones se celebran 4 exposiciones:<br><br>Para el <strong>aficionados al manga<\/strong>a <a href=\"https:\/\/www.creilsudoise-tourisme.fr\/es\/agenda-animations\/exposition-par-le-pouvoir-du-manga\/\" target=\"_blank\" rel=\"noreferrer noopener\">exposici\u00f3n dedicada a ella<\/a> en la Biblioteca Elsa Triolet de Saint-Maximin con Elsa Brants que <strong>destaca<\/strong> el <strong>cultura manga<\/strong>.<br><br>La exposici\u00f3n \"Au fil des Usines\", en la biblioteca multimedia Maurice Schumann de Nogent-sur-Oise, pone de relieve los <strong>patrimonio<\/strong> y el<strong> riqueza <\/strong>de <strong>sur del Oise<\/strong> y <strong>Cuenca del Creillois<\/strong>.<\/p>\n\n\n\n<p><br>Encuentre un <a href=\"https:\/\/www.creilsudoise-tourisme.fr\/es\/agenda-animations\/exposition-quand-musique-rime-avec-ceramique\/\" target=\"_blank\" rel=\"noreferrer noopener\">exposici\u00f3n que combina <strong>m\u00fasica<\/strong> y el <strong>cer\u00e1mica<\/strong><\/a> con \"Cuando la m\u00fasica rima con cer\u00e1mica\", en el Museo Gall\u00e9-Juillet de Creil. Sum\u00e9rjase en <strong>Repertorio musical del siglo XIX<\/strong> con una exposici\u00f3n dedicada a la representaci\u00f3n de la m\u00fasica en la cer\u00e1mica. <br><br>L'<a href=\"https:\/\/www.creilsudoise-tourisme.fr\/es\/agenda-animations\/exposition-memoire-habillee-par-pierre-florent\/\" target=\"_blank\" rel=\"noreferrer noopener\">Exposici\u00f3n \"M\u00e9moire Habill\u00e9e<\/a>exposici\u00f3n sobre <strong>textil<\/strong>  \u00e0 <strong><a href=\"https:\/\/www.creil.fr\/espace-matisse\" target=\"_blank\" rel=\"noreferrer noopener\">el Espacio Matisse de Creil <\/a><\/strong>te ense\u00f1ar\u00e1 a vestir de otra manera. \"Vestirse es elegir c\u00f3mo presentarse al mundo.<br>Inauguraci\u00f3n en presencia de los artistas el 8 de febrero a las 10.30 h.<\/p>\n\n\n\n<h3>Lectura<\/h3>\n\n\n\n<p>Se est\u00e1n organizando varios actos para los beb\u00e9s lectores con motivo de las vacaciones.<br><br>En la Biblioteca Elsa Triolet de Saint-Maximinet en la <a href=\"https:\/\/www.creilsudoise-tourisme.fr\/es\/agenda-animations\/lecture-les-livres-cest-bon-pour-les-bebes_-fevrier\/\" target=\"_blank\" rel=\"noreferrer noopener\">Biblioteca multimedia de Saint-Vaast-l\u00e8s-Mello<\/a>a <strong>adecuado para ni\u00f1os de 0 a 3 a\u00f1os<\/strong> se propone para <strong>una hora de cuentos<\/strong>.<br><\/p>\n\n\n\n<p>Para adolescentes y adultos, el <strong><a href=\"https:\/\/mediatheque.creil.fr\/mediatheque-a.-chanut\" target=\"_blank\" rel=\"noreferrer noopener\">Mediateca Antoine Chanut en Creil<\/a><\/strong> ofrece una<strong> <a href=\"https:\/\/www.creilsudoise-tourisme.fr\/es\/agenda-animations\/lecture-club-des-lecteurs-2\/\" target=\"_blank\" rel=\"noreferrer noopener\">momento del intercambio<\/a><\/strong> alrededor de su <strong>descubrimientos<\/strong> y <strong>favoritos literarios<\/strong>. Una oportunidad para hablar de su <strong>nuevo libro favorito <\/strong>y <strong>visite<\/strong> \u00a1nuevos autores!<\/p>\n\n\n\n<h2>Y tambi\u00e9n...<br><\/h2>\n\n\n\n<p>M\u00e1s bien <strong>naturaleza<\/strong> ? El Conservatoire d'Espaces Naturels des Hauts-de-France le invita a <a href=\"https:\/\/www.creilsudoise-tourisme.fr\/es\/agenda-animations\/sortie-nature-participez-a-la-restauration-de-la-colline-aux-oiseaux\/\" target=\"_blank\" rel=\"noreferrer noopener\">poda de arbustos<\/a> en el <strong>Colina del P\u00e1jaro<\/strong> en Saint-Maximin. No hace falta ser un experto en jardiner\u00eda.<br><br>Para el <strong>San Valent\u00edn<\/strong>aprovechar una <a href=\"https:\/\/www.facebook.com\/permalink.php?story_fbid=pfbid0JcWF39EUbcfjfsxq3GetBYx4NFaptR9bqRwF2YNc3NHkbJCgKmLVFVmTZ5FcX1ufl&amp;id=61555335685574\" target=\"_blank\" rel=\"noreferrer noopener\">velada a d\u00fao<\/a> en <a href=\"https:\/\/www.nogentsuroise.fr\/se-divertir\/sport\/les-equipements-sportifs\/214-le-centre-nautique-nogent-villers-piscine\" target=\"_blank\" rel=\"noreferrer noopener\">Centro de deportes n\u00e1uticos de Nogent-Villers <\/a>en Nogent-sur-Oise. El programa incluye <strong>aqua-gym<\/strong>, <strong>aquabike<\/strong> y <strong>aquatraining<\/strong> \u00a1! Aprov\u00e9chese de un <strong>precios ventajosos<\/strong> <strong>para 2<\/strong>A partir de los 16 a\u00f1os. Ir all\u00ed <strong>entre amigos<\/strong> o <strong>para dos<\/strong> (\u00a1No es asunto nuestro!).<br><br>En<strong> <a href=\"https:\/\/www.vandb.fr\/v-and-b-st-maximin.html?srsltid=AfmBOoqx0aDwfhBWDpgCW6l_YK1Xsi2jPYEdeRpFbUIrb576E_maF5KC\" target=\"_blank\" rel=\"noreferrer noopener\">V y B en Saint-Maximin<\/a> <\/strong>le invita a su velada del 14 de febrero<strong><a href=\"https:\/\/www.creilsudoise-tourisme.fr\/es\/agenda-animations\/v-and-b-saint-maximin-soiree-sans-valentin\/\" target=\"_blank\" rel=\"noreferrer noopener\"> San Valent\u00edn<\/a><\/strong> \u00a1! Porque el amor tambi\u00e9n se celebra<strong> entre amigos<\/strong> y <strong>en cualquier lugar<\/strong> \u00a1! A <strong>DJ<\/strong> la noche, y tambi\u00e9n podr\u00e1 disfrutar de una velada de <strong>prueba ciega de amor<\/strong> (inscripci\u00f3n obligatoria).<br><br>Encuentra el <a href=\"https:\/\/www.creilsudoise-tourisme.fr\/es\/2025\/01\/29\/menu-st-valentin\/\" target=\"_blank\" rel=\"noreferrer noopener\"><strong>men\u00fas<\/strong> de la <strong>San Valent\u00edn<\/strong><\/a> \u00a1en el sur de Oise!<\/p>\n\n\n\n<div class=\"is-layout-flex wp-block-buttons\">\n<div class=\"wp-block-button aligncenter\"><a class=\"wp-block-button__link wp-element-button\" href=\"https:\/\/www.creilsudoise-tourisme.fr\/es\/agenda\/\" target=\"_blank\" rel=\"noreferrer noopener\">todo el diario<\/a><\/div>\n<\/div>","protected":false},"excerpt":{"rendered":"<p>\u00a1Las vacaciones de invierno ya est\u00e1n aqu\u00ed! Consulte nuestra selecci\u00f3n de actividades, descubrimientos y eventos, del 8 al 23 de febrero de 2025. Visitas ins\u00f3litas \u00a1Vuelve el Carnaval des Casse-cailloux a la Maison de la Pierre! Traiga a toda la familia y vuelva a los or\u00edgenes de la piedra. Con un cuentacuentos, explorar\u00e1 una misteriosa cantera [...]<\/p>","protected":false},"author":10,"featured_media":60063,"comment_status":"closed","ping_status":"closed","sticky":false,"template":"","format":"standard","meta":{"_relevanssi_hide_post":"","_relevanssi_hide_content":"","_relevanssi_pin_for_all":"","_relevanssi_pin_keywords":"","_relevanssi_unpin_keywords":"","_relevanssi_related_keywords":"","_relevanssi_related_include_ids":"","_relevanssi_related_exclude_ids":"","_relevanssi_related_no_append":"","_relevanssi_related_not_related":"","_relevanssi_related_posts":"52404,50806,41674,56183,55006,56025","_relevanssi_noindex_reason":""},"categories":[5],"tags":[],"yoast_head":"<!-- This site is optimized with the Yoast SEO plugin v20.2.1 - https:\/\/yoast.com\/wordpress\/plugins\/seo\/ -->\n<title>Programme des vacances d&#039;hiver 2025<\/title>\n<meta name=\"description\" content=\"D\u00e9couvrez les sorties \u00e0 faire en famille ou entre amis \u00e0 Creil Sud Oise, pr\u00e8s de Chantilly et Senlis, lors des vacances d&#039;hiver !\" \/>\n<meta name=\"robots\" content=\"index, follow, max-snippet:-1, max-image-preview:large, max-video-preview:-1\" \/>\n<link rel=\"canonical\" href=\"https:\/\/www.creilsudoise-tourisme.fr\/es\/2025\/01\/23\/vacaciones-de-invierno\/\" \/>\n<meta property=\"og:locale\" content=\"es_ES\" \/>\n<meta property=\"og:type\" content=\"article\" \/>\n<meta property=\"og:title\" content=\"Programme des vacances d&#039;hiver 2025\" \/>\n<meta property=\"og:description\" content=\"D\u00e9couvrez les sorties \u00e0 faire en famille ou entre amis \u00e0 Creil Sud Oise, pr\u00e8s de Chantilly et Senlis, lors des vacances d&#039;hiver !\" \/>\n<meta property=\"og:url\" content=\"https:\/\/www.creilsudoise-tourisme.fr\/es\/2025\/01\/23\/vacaciones-de-invierno\/\" \/>\n<meta property=\"og:site_name\" content=\"Office de Tourisme Creil Sud Oise\" \/>\n<meta property=\"article:publisher\" content=\"https:\/\/www.facebook.com\/creilsudoisetourisme\/\" \/>\n<meta property=\"article:published_time\" content=\"2025-01-23T10:01:32+00:00\" \/>\n<meta property=\"article:modified_time\" content=\"2025-06-24T10:43:35+00:00\" \/>\n<meta property=\"og:image\" content=\"https:\/\/www.creilsudoise-tourisme.fr\/wp-content\/uploads\/2025\/01\/Prog-Fevrier-web-NL-Header-image-de-mise-en-avant.png\" \/>\n\t<meta property=\"og:image:width\" content=\"1480\" \/>\n\t<meta property=\"og:image:height\" content=\"740\" \/>\n\t<meta property=\"og:image:type\" content=\"image\/png\" \/>\n<meta name=\"author\" content=\"emilie\" \/>\n<meta name=\"twitter:card\" content=\"summary_large_image\" \/>\n<meta name=\"twitter:creator\" content=\"@CreilSudOiseOT\" \/>\n<meta name=\"twitter:site\" content=\"@CreilSudOiseOT\" \/>\n<meta name=\"twitter:label1\" content=\"Escrito por\" \/>\n\t<meta name=\"twitter:data1\" content=\"emilie\" \/>\n\t<meta name=\"twitter:label2\" content=\"Tiempo de lectura\" \/>\n\t<meta name=\"twitter:data2\" content=\"5 minutos\" \/>\n<script type=\"application\/ld+json\" class=\"yoast-schema-graph\">{\"@context\":\"https:\/\/schema.org\",\"@graph\":[{\"@type\":\"Article\",\"@id\":\"https:\/\/www.creilsudoise-tourisme.fr\/2025\/01\/23\/vacances-hiver\/#article\",\"isPartOf\":{\"@id\":\"https:\/\/www.creilsudoise-tourisme.fr\/2025\/01\/23\/vacances-hiver\/\"},\"author\":{\"name\":\"emilie\",\"@id\":\"https:\/\/www.creilsudoise-tourisme.fr\/#\/schema\/person\/81a1ab3a236faa5508e8f47600a85072\"},\"headline\":\"Programme des vacances d&rsquo;hiver\",\"datePublished\":\"2025-01-23T10:01:32+00:00\",\"dateModified\":\"2025-06-24T10:43:35+00:00\",\"mainEntityOfPage\":{\"@id\":\"https:\/\/www.creilsudoise-tourisme.fr\/2025\/01\/23\/vacances-hiver\/\"},\"wordCount\":982,\"publisher\":{\"@id\":\"https:\/\/www.creilsudoise-tourisme.fr\/#organization\"},\"articleSection\":[\"Actus\"],\"inLanguage\":\"es\"},{\"@type\":\"WebPage\",\"@id\":\"https:\/\/www.creilsudoise-tourisme.fr\/2025\/01\/23\/vacances-hiver\/\",\"url\":\"https:\/\/www.creilsudoise-tourisme.fr\/2025\/01\/23\/vacances-hiver\/\",\"name\":\"Programme des vacances d'hiver 2025\",\"isPartOf\":{\"@id\":\"https:\/\/www.creilsudoise-tourisme.fr\/#website\"},\"datePublished\":\"2025-01-23T10:01:32+00:00\",\"dateModified\":\"2025-06-24T10:43:35+00:00\",\"description\":\"D\u00e9couvrez les sorties \u00e0 faire en famille ou entre amis \u00e0 Creil Sud Oise, pr\u00e8s de Chantilly et Senlis, lors des vacances d'hiver !\",\"breadcrumb\":{\"@id\":\"https:\/\/www.creilsudoise-tourisme.fr\/2025\/01\/23\/vacances-hiver\/#breadcrumb\"},\"inLanguage\":\"es\",\"potentialAction\":[{\"@type\":\"ReadAction\",\"target\":[\"https:\/\/www.creilsudoise-tourisme.fr\/2025\/01\/23\/vacances-hiver\/\"]}]},{\"@type\":\"BreadcrumbList\",\"@id\":\"https:\/\/www.creilsudoise-tourisme.fr\/2025\/01\/23\/vacances-hiver\/#breadcrumb\",\"itemListElement\":[{\"@type\":\"ListItem\",\"position\":1,\"name\":\"Accueil\",\"item\":\"https:\/\/www.creilsudoise-tourisme.fr\/\"},{\"@type\":\"ListItem\",\"position\":2,\"name\":\"Programme des vacances d&rsquo;hiver\"}]},{\"@type\":\"WebSite\",\"@id\":\"https:\/\/www.creilsudoise-tourisme.fr\/#website\",\"url\":\"https:\/\/www.creilsudoise-tourisme.fr\/\",\"name\":\"Office de Tourisme Creil Sud Oise\",\"description\":\"Creil Sud Oise Tourisme, un territoire \u00e0 explorer !\",\"publisher\":{\"@id\":\"https:\/\/www.creilsudoise-tourisme.fr\/#organization\"},\"potentialAction\":[{\"@type\":\"SearchAction\",\"target\":{\"@type\":\"EntryPoint\",\"urlTemplate\":\"https:\/\/www.creilsudoise-tourisme.fr\/?s={search_term_string}\"},\"query-input\":\"required name=search_term_string\"}],\"inLanguage\":\"es\"},{\"@type\":\"Organization\",\"@id\":\"https:\/\/www.creilsudoise-tourisme.fr\/#organization\",\"name\":\"Creil Sud Oise Tourisme\",\"url\":\"https:\/\/www.creilsudoise-tourisme.fr\/\",\"logo\":{\"@type\":\"ImageObject\",\"inLanguage\":\"es\",\"@id\":\"https:\/\/www.creilsudoise-tourisme.fr\/#\/schema\/logo\/image\/\",\"url\":\"https:\/\/www.creilsudoise-tourisme.fr\/wp-content\/uploads\/2021\/05\/logo-svg.png\",\"contentUrl\":\"https:\/\/www.creilsudoise-tourisme.fr\/wp-content\/uploads\/2021\/05\/logo-svg.png\",\"width\":182,\"height\":71,\"caption\":\"Creil Sud Oise Tourisme\"},\"image\":{\"@id\":\"https:\/\/www.creilsudoise-tourisme.fr\/#\/schema\/logo\/image\/\"},\"sameAs\":[\"https:\/\/www.facebook.com\/creilsudoisetourisme\/\",\"https:\/\/twitter.com\/CreilSudOiseOT\",\"https:\/\/www.instagram.com\/creilsudoisetourisme\/\",\"https:\/\/www.youtube.com\/channel\/UC8L_QD2wwyADW14zt9fY8kw\"]},{\"@type\":\"Person\",\"@id\":\"https:\/\/www.creilsudoise-tourisme.fr\/#\/schema\/person\/81a1ab3a236faa5508e8f47600a85072\",\"name\":\"emilie\",\"image\":{\"@type\":\"ImageObject\",\"inLanguage\":\"es\",\"@id\":\"https:\/\/www.creilsudoise-tourisme.fr\/#\/schema\/person\/image\/\",\"url\":\"https:\/\/secure.gravatar.com\/avatar\/63ed1ecafae1b27e36a71e8626bc354f?s=96&d=mm&r=g\",\"contentUrl\":\"https:\/\/secure.gravatar.com\/avatar\/63ed1ecafae1b27e36a71e8626bc354f?s=96&d=mm&r=g\",\"caption\":\"emilie\"},\"url\":\"https:\/\/www.creilsudoise-tourisme.fr\/es\/auteur\/emilie\/\"}]}<\/script>\n<!-- \/ Yoast SEO plugin. -->","yoast_head_json":{"title":"Programme des vacances d'hiver 2025","description":"D\u00e9couvrez les sorties \u00e0 faire en famille ou entre amis \u00e0 Creil Sud Oise, pr\u00e8s de Chantilly et Senlis, lors des vacances d'hiver !","robots":{"index":"index","follow":"follow","max-snippet":"max-snippet:-1","max-image-preview":"max-image-preview:large","max-video-preview":"max-video-preview:-1"},"canonical":"https:\/\/www.creilsudoise-tourisme.fr\/es\/2025\/01\/23\/vacaciones-de-invierno\/","og_locale":"es_ES","og_type":"article","og_title":"Programme des vacances d'hiver 2025","og_description":"D\u00e9couvrez les sorties \u00e0 faire en famille ou entre amis \u00e0 Creil Sud Oise, pr\u00e8s de Chantilly et Senlis, lors des vacances d'hiver !","og_url":"https:\/\/www.creilsudoise-tourisme.fr\/es\/2025\/01\/23\/vacaciones-de-invierno\/","og_site_name":"Office de Tourisme Creil Sud Oise","article_publisher":"https:\/\/www.facebook.com\/creilsudoisetourisme\/","article_published_time":"2025-01-23T10:01:32+00:00","article_modified_time":"2025-06-24T10:43:35+00:00","og_image":[{"width":1480,"height":740,"url":"https:\/\/www.creilsudoise-tourisme.fr\/wp-content\/uploads\/2025\/01\/Prog-Fevrier-web-NL-Header-image-de-mise-en-avant.png","type":"image\/png"}],"author":"emilie","twitter_card":"summary_large_image","twitter_creator":"@CreilSudOiseOT","twitter_site":"@CreilSudOiseOT","twitter_misc":{"Escrito por":"emilie","Tiempo de lectura":"5 minutos"},"schema":{"@context":"https:\/\/schema.org","@graph":[{"@type":"Article","@id":"https:\/\/www.creilsudoise-tourisme.fr\/2025\/01\/23\/vacances-hiver\/#article","isPartOf":{"@id":"https:\/\/www.creilsudoise-tourisme.fr\/2025\/01\/23\/vacances-hiver\/"},"author":{"name":"emilie","@id":"https:\/\/www.creilsudoise-tourisme.fr\/#\/schema\/person\/81a1ab3a236faa5508e8f47600a85072"},"headline":"Programme des vacances d&rsquo;hiver","datePublished":"2025-01-23T10:01:32+00:00","dateModified":"2025-06-24T10:43:35+00:00","mainEntityOfPage":{"@id":"https:\/\/www.creilsudoise-tourisme.fr\/2025\/01\/23\/vacances-hiver\/"},"wordCount":982,"publisher":{"@id":"https:\/\/www.creilsudoise-tourisme.fr\/#organization"},"articleSection":["Actus"],"inLanguage":"es"},{"@type":"WebPage","@id":"https:\/\/www.creilsudoise-tourisme.fr\/2025\/01\/23\/vacances-hiver\/","url":"https:\/\/www.creilsudoise-tourisme.fr\/2025\/01\/23\/vacances-hiver\/","name":"Programme des vacances d'hiver 2025","isPartOf":{"@id":"https:\/\/www.creilsudoise-tourisme.fr\/#website"},"datePublished":"2025-01-23T10:01:32+00:00","dateModified":"2025-06-24T10:43:35+00:00","description":"D\u00e9couvrez les sorties \u00e0 faire en famille ou entre amis \u00e0 Creil Sud Oise, pr\u00e8s de Chantilly et Senlis, lors des vacances d'hiver !","breadcrumb":{"@id":"https:\/\/www.creilsudoise-tourisme.fr\/2025\/01\/23\/vacances-hiver\/#breadcrumb"},"inLanguage":"es","potentialAction":[{"@type":"ReadAction","target":["https:\/\/www.creilsudoise-tourisme.fr\/2025\/01\/23\/vacances-hiver\/"]}]},{"@type":"BreadcrumbList","@id":"https:\/\/www.creilsudoise-tourisme.fr\/2025\/01\/23\/vacances-hiver\/#breadcrumb","itemListElement":[{"@type":"ListItem","position":1,"name":"Accueil","item":"https:\/\/www.creilsudoise-tourisme.fr\/"},{"@type":"ListItem","position":2,"name":"Programme des vacances d&rsquo;hiver"}]},{"@type":"WebSite","@id":"https:\/\/www.creilsudoise-tourisme.fr\/#website","url":"https:\/\/www.creilsudoise-tourisme.fr\/","name":"Office de Tourisme Creil Sud Oise","description":"Creil Sud Oise Tourisme, un territoire \u00e0 explorer !","publisher":{"@id":"https:\/\/www.creilsudoise-tourisme.fr\/#organization"},"potentialAction":[{"@type":"SearchAction","target":{"@type":"EntryPoint","urlTemplate":"https:\/\/www.creilsudoise-tourisme.fr\/?s={search_term_string}"},"query-input":"required name=search_term_string"}],"inLanguage":"es"},{"@type":"Organization","@id":"https:\/\/www.creilsudoise-tourisme.fr\/#organization","name":"Creil Sud Oise Tourisme","url":"https:\/\/www.creilsudoise-tourisme.fr\/","logo":{"@type":"ImageObject","inLanguage":"es","@id":"https:\/\/www.creilsudoise-tourisme.fr\/#\/schema\/logo\/image\/","url":"https:\/\/www.creilsudoise-tourisme.fr\/wp-content\/uploads\/2021\/05\/logo-svg.png","contentUrl":"https:\/\/www.creilsudoise-tourisme.fr\/wp-content\/uploads\/2021\/05\/logo-svg.png","width":182,"height":71,"caption":"Creil Sud Oise Tourisme"},"image":{"@id":"https:\/\/www.creilsudoise-tourisme.fr\/#\/schema\/logo\/image\/"},"sameAs":["https:\/\/www.facebook.com\/creilsudoisetourisme\/","https:\/\/twitter.com\/CreilSudOiseOT","https:\/\/www.instagram.com\/creilsudoisetourisme\/","https:\/\/www.youtube.com\/channel\/UC8L_QD2wwyADW14zt9fY8kw"]},{"@type":"Person","@id":"https:\/\/www.creilsudoise-tourisme.fr\/#\/schema\/person\/81a1ab3a236faa5508e8f47600a85072","name":"emilie","image":{"@type":"ImageObject","inLanguage":"es","@id":"https:\/\/www.creilsudoise-tourisme.fr\/#\/schema\/person\/image\/","url":"https:\/\/secure.gravatar.com\/avatar\/63ed1ecafae1b27e36a71e8626bc354f?s=96&d=mm&r=g","contentUrl":"https:\/\/secure.gravatar.com\/avatar\/63ed1ecafae1b27e36a71e8626bc354f?s=96&d=mm&r=g","caption":"emilie"},"url":"https:\/\/www.creilsudoise-tourisme.fr\/es\/auteur\/emilie\/"}]}},"_links":{"self":[{"href":"https:\/\/www.creilsudoise-tourisme.fr\/es\/wp-json\/wp\/v2\/posts\/59693"}],"collection":[{"href":"https:\/\/www.creilsudoise-tourisme.fr\/es\/wp-json\/wp\/v2\/posts"}],"about":[{"href":"https:\/\/www.creilsudoise-tourisme.fr\/es\/wp-json\/wp\/v2\/types\/post"}],"author":[{"embeddable":true,"href":"https:\/\/www.creilsudoise-tourisme.fr\/es\/wp-json\/wp\/v2\/users\/10"}],"replies":[{"embeddable":true,"href":"https:\/\/www.creilsudoise-tourisme.fr\/es\/wp-json\/wp\/v2\/comments?post=59693"}],"version-history":[{"count":26,"href":"https:\/\/www.creilsudoise-tourisme.fr\/es\/wp-json\/wp\/v2\/posts\/59693\/revisions"}],"predecessor-version":[{"id":63228,"href":"https:\/\/www.creilsudoise-tourisme.fr\/es\/wp-json\/wp\/v2\/posts\/59693\/revisions\/63228"}],"wp:featuredmedia":[{"embeddable":true,"href":"https:\/\/www.creilsudoise-tourisme.fr\/es\/wp-json\/wp\/v2\/media\/60063"}],"wp:attachment":[{"href":"https:\/\/www.creilsudoise-tourisme.fr\/es\/wp-json\/wp\/v2\/media?parent=59693"}],"wp:term":[{"taxonomy":"category","embeddable":true,"href":"https:\/\/www.creilsudoise-tourisme.fr\/es\/wp-json\/wp\/v2\/categories?post=59693"},{"taxonomy":"post_tag","embeddable":true,"href":"https:\/\/www.creilsudoise-tourisme.fr\/es\/wp-json\/wp\/v2\/tags?post=59693"}],"curies":[{"name":"wp","href":"https:\/\/api.w.org\/{rel}","templated":true}]}}