{"id":58743,"date":"2024-12-04T15:03:50","date_gmt":"2024-12-04T14:03:50","guid":{"rendered":"https:\/\/www.creilsudoise-tourisme.fr\/?p=58743"},"modified":"2025-01-09T09:54:14","modified_gmt":"2025-01-09T08:54:14","slug":"vacances-noel","status":"publish","type":"post","link":"https:\/\/www.creilsudoise-tourisme.fr\/es\/2024\/12\/04\/vacaciones-navidad\/","title":{"rendered":"\u00a1Disfrute de la magia de la Navidad!"},"content":{"rendered":"<p class=\"is-style-excerpt\">Se acercan las fiestas. D\u00e9jate llevar por la <strong>la magia de la Navidad<\/strong> con un <strong>un programa variado y festivo<\/strong> en Creil Sud Oise, durante todo el mes de diciembre y hasta el final de las fiestas.<br><br><\/p>\n\n\n\n<div class=\"is-content-justification-center is-layout-flex wp-container-1 wp-block-buttons\">\n<div class=\"wp-block-button\"><a class=\"wp-block-button__link wp-element-button\" href=\"https:\/\/www.creilsudoise-tourisme.fr\/es\/agenda\/\" target=\"_blank\" rel=\"noreferrer noopener\">todo el diario<\/a><\/div>\n<\/div>\n\n\n\n<h2><strong>Mercados navide\u00f1os<\/strong><\/h2>\n\n\n\n<p>Creil, Nogent-sur-Oise, Saint-Leu d'Esserent... el periodo de <a href=\"https:\/\/www.creilsudoise-tourisme.fr\/es\/2024\/11\/15\/marches-noel\/\" target=\"_blank\" rel=\"noreferrer noopener\">Mercados navide\u00f1os<\/a> \u00a1est\u00e1 de vuelta! La oportunidad de encontrar su <strong>regalos<\/strong> Navidad, haz un <strong>foto con Pap\u00e1 Noel<\/strong> o beber un delicioso <strong>chocolate caliente<\/strong> \u00a1! No se pierda ni un minuto, ya que la mayor\u00eda de los mercados se celebran s\u00f3lo durante un fin de semana. <br><br>Tambi\u00e9n podr\u00e1 participar en actividades navide\u00f1as en Montataire: el 25 de diciembre se celebrar\u00e1 una fiesta de Navidad en el centro de la ciudad. <a href=\"https:\/\/mairie-montataire.fr\/agenda\/evenement\/festivites-de-fin-dannee-2\/\" target=\"_blank\" rel=\"noreferrer noopener\">pista de hielo<\/a> le espera en la explanada Fernand Tuil. Visite <a href=\"https:\/\/mairie-montataire.fr\/agenda\/evenement\/festivites-de-fin-dannee-3\/\" target=\"_blank\" rel=\"noreferrer noopener\">26 de diciembre<\/a>patinar sobre hielo (todav\u00eda en la explanada Fernand Tuil), disfrutar de un <strong>buen chocolate caliente<\/strong> <span style=\"font-size: 1.125rem;\">y participar en <strong>actividades creativas y divertidas<\/strong> Caricaturista, tronco gigante, manualidades, pintura de caras...<\/span> !<\/p>\n\n\n\n<p><\/p>\n\n\n\n<h2><strong>Visitas y talleres navide\u00f1os<\/strong><\/h2>\n\n\n\n<p>Experimente la inmersi\u00f3n total con un <a href=\"https:\/\/www.creilsudoise-tourisme.fr\/es\/agenda-animations\/noel-balades-contees-au-coeur-des-carrieres-souterraines\/\" target=\"_blank\" rel=\"noreferrer noopener\">paseo de los cuentos<\/a> en un <strong>cantera subterr\u00e1nea<\/strong> \u00a1! Con la Maison de la Pierre en Saint-Maximin, podr\u00e1 compartir esta experiencia \u00fanica. <strong>momento m\u00e1gico<\/strong> \u00a1con toda la familia!<br><br><strong>Retroceder en el tiempo<\/strong> y <a href=\"https:\/\/www.creilsudoise-tourisme.fr\/es\/agenda-animations\/sous-le-sapin-de-maurice-visite-guidee\/\" target=\"_blank\" rel=\"noreferrer noopener\">descubrir la Navidad a principios del siglo XX<\/a> \u00a1gracias a las huellas dejadas por Maurice, hijo de la familia Gall\u00e9, en Creil con el Museo Gall\u00e9-Juillet! Para ni\u00f1os a partir de 3 a\u00f1os.<br><br>En v\u00edsperas de Navidad, aproveche una <strong>tiempo en familia<\/strong> con el Museo Gall\u00e9-Juillet, participando en la <a href=\"https:\/\/www.creilsudoise-tourisme.fr\/es\/agenda-animations\/ateliers-de-noel-du-musee\/\" target=\"_blank\" rel=\"noreferrer noopener\">Talleres navide\u00f1os del Museo<\/a>. En el programa: fabricaci\u00f3n y decoraci\u00f3n de objetos en arcilla autoendurecible (suficiente para hacer un <strong>un regalo de sus manos<\/strong> !)<br><strong><br><\/strong>La granja educativa de Nogent-sur-Oise le ofrece una <a href=\"https:\/\/www.creilsudoise-tourisme.fr\/es\/agenda-animations\/noel-la-ferme-fete-noel\/\" target=\"_blank\" rel=\"noreferrer noopener\">muchas actividades para Navidad <\/a>todo en un solo d\u00eda: el mini-tren de Navidad, paseos en poni, Pap\u00e1 Noel con una m\u00e1quina para hacerse selfies, mascota, juegos tradicionales de madera, organillo, exhibici\u00f3n de bolas de nieve, puesto de dulces y bebidas calientes... \u00a1seguro que ser\u00e1 un gran d\u00eda! <strong>magia<\/strong> para todos<\/p>\n\n\n\n<h2><strong>Espect\u00e1culos<\/strong><\/h2>\n\n\n\n<h3><strong>Conciertos<\/strong><\/h3>\n\n\n\n<p><a href=\"https:\/\/www.creilsudoise-tourisme.fr\/es\/agenda-animations\/concert-de-noel-jazz\/\" target=\"_blank\" rel=\"noreferrer noopener\">Concierto especial de Jazz de Navidad<\/a> en Saint-Maximin, <a href=\"https:\/\/www.creilsudoise-tourisme.fr\/es\/agenda-animations\/concert-caritarif-les-rockeurs-ont-du-coeur\/\" target=\"_blank\" rel=\"noreferrer noopener\">concierto ben\u00e9fico de rock<\/a> en Creil, <a href=\"https:\/\/www.creilsudoise-tourisme.fr\/es\/agenda-animations\/concert-de-noel-the-solistes\/\" target=\"_blank\" rel=\"noreferrer noopener\">concierto en solitario<\/a> tambi\u00e9n en Creil, y <a href=\"https:\/\/www.creilsudoise-tourisme.fr\/es\/agenda-animations\/concert-de-noel-concert-des-eleves-de-lamem\/\" target=\"_blank\" rel=\"noreferrer noopener\">concierto de estudiantes<\/a> en Montataire... \u00bfy por qu\u00e9 no los 4? 4 conciertos totalmente diferentes, pero todos en <strong>el esp\u00edritu de la Navidad<\/strong> se organizan para el mayor <strong>placer para tus o\u00eddos<\/strong> \u00a1! Saca tu <strong>bonito jersey de Navidad <\/strong>\u00a1para la ocasi\u00f3n!<\/p>\n\n\n\n<h3><strong>Espect\u00e1culos<\/strong><\/h3>\n\n\n\n<p>Marav\u00edllate con  <a href=\"https:\/\/www.creilsudoise-tourisme.fr\/es\/agenda-animations\/ballet-au-cine-casse-noisette\/\" target=\"_blank\" rel=\"noreferrer noopener\">Cascanueces<\/a>un ballet de Navidad en La Fa\u00efencerie-Th\u00e9\u00e2tre de Creil: una Nochebuena, una ni\u00f1a recibe una marioneta inanimada, un cascanueces. Y si en su<strong> sue\u00f1os<\/strong>tom\u00f3 <strong>vida<\/strong> ?<\/p>\n\n\n\n<h3><strong>Pel\u00edculas<\/strong><\/h3>\n\n\n\n<p>\u00bfPrefiere <strong>pel\u00edculas<\/strong> ? La Fa\u00efencerie-Th\u00e9\u00e2tre tambi\u00e9n ofrece una selecci\u00f3n de <strong>Pel\u00edculas navide\u00f1as<\/strong> optar por <a href=\"https:\/\/faiencerie-theatre.com\/saison-2024-2025\/le-grand-noel-des-animaux\" target=\"_blank\" rel=\"noreferrer noopener\">La gran Navidad animal<\/a> o <a href=\"https:\/\/faiencerie-theatre.com\/saison-2024-2025\/les-ours-gloutons-au-pole-nord\" target=\"_blank\" rel=\"noreferrer noopener\">Osos engullidores en el Polo Norte<\/a>. El Path\u00e9 de Montataire tambi\u00e9n proyecta pel\u00edculas navide\u00f1as:<a href=\"https:\/\/www.pathe.fr\/films\/les-boules-de-noel-40182\" target=\"_blank\" rel=\"noreferrer noopener\"> Adornos navide\u00f1os<\/a>una comedia francesa en la que la Nochebuena se convierte en una pesadilla. M\u00e1s informaci\u00f3n en <strong>pel\u00edcula de animaci\u00f3n<\/strong> ? Entonces <a href=\"https:\/\/www.pathe.fr\/films\/niko-le-petit-renne-mission-pere-noel-35493\" target=\"_blank\" rel=\"noreferrer noopener\">Niko el peque\u00f1o reno, Misi\u00f3n Pap\u00e1 Noel<\/a> \u00a1es para ti! Para ver en <strong>familia<\/strong> (\u00a1o no!)<\/p>\n\n\n\n<h3><strong>Lecturas de cuentos<\/strong><\/h3>\n\n\n\n<p>Para los m\u00e1s peque\u00f1os, el <a href=\"https:\/\/www.creilsudoise-tourisme.fr\/es\/agenda-animations\/lecture-lectures-au-pied-du-sapin\/\" target=\"_blank\" rel=\"noreferrer noopener\">Biblioteca Elsa Triolet<\/a> de Saint-Maximin y <a href=\"https:\/\/www.creilsudoise-tourisme.fr\/es\/agenda-animations\/lecture-contes-dhiver-et-de-noel\/\" target=\"_blank\" rel=\"noreferrer noopener\">Mediatecas en Creil<\/a> le invita a <strong>al pie de su \u00e1rbol<\/strong> para leer cuentos de Navidad<\/p>\n\n\n\n<h2><strong>Calendario de Adviento 2.0<\/strong><\/h2>\n\n\n\n<p>\u00bfUn Calendario de Adviento 2.0? \u00bfQu\u00e9 es esto ahora?<br>Encuentre un calendario de Adviento <a href=\"https:\/\/www.buffalo-grill.fr\/nos-actualites\/lesprit-buffalo\/calendrier-de-lavent\" target=\"_blank\" rel=\"noreferrer noopener\">descargable en l\u00ednea<\/a> y a <strong>construir en familia <\/strong>con el <strong>Parrilla Buffalo<\/strong> \u00a1! Cada d\u00eda, se le ofrecer\u00e1 un dise\u00f1o para una casa, una vivienda, para crear un nuevo hogar. <strong>Pueblo navide\u00f1o<\/strong> \u00a1! Encantador, \u00bfverdad?<br><\/p>\n\n\n\n<div class=\"is-layout-flex wp-block-buttons\"><\/div>\n\n\n\n<div class=\"is-layout-flex wp-block-buttons\"><\/div>\n\n\n\n<h2><strong>Ideas para regalar<\/strong><\/h2>\n\n\n\n<p>En busca de<strong>ideas de regalos locales y\/o artesanales<\/strong> ? Hemos preparado una selecci\u00f3n especial s\u00f3lo para usted, y puede encontrarla aqu\u00ed. <a href=\"https:\/\/www.creilsudoise-tourisme.fr\/es\/2024\/11\/28\/cadeaux-locaux\/\" target=\"_blank\" rel=\"noreferrer noopener\">aqu\u00ed<\/a> \u00a1! No dude en acudir a la Oficina de Turismo para hacer una reserva.<strong> cesta o caja<\/strong> con<strong> productos regionales<\/strong> vea usted mismo lo que hay dentro <a href=\"https:\/\/www.creilsudoise-tourisme.fr\/es\/practica\/oficina-de-turismo\/tienda\/\" target=\"_blank\" rel=\"noreferrer noopener\">nuestra tienda<\/a> !&nbsp;<\/p>\n\n\n\n<h2><strong>Veladas de Navidad y A\u00f1o Nuevo<\/strong><\/h2>\n\n\n\n<p>A\u00fan no hay planes para <strong>fiestas<\/strong> ? Hemos investigado un poco y <a href=\"https:\/\/www.creilsudoise-tourisme.fr\/es\/menu-reveillon\/\" target=\"_blank\" rel=\"noreferrer noopener\">aqu\u00ed est\u00e1n los restaurantes<\/a> que ofrece <strong>men\u00fas para las fiestas <\/strong>!<br><br>Celebre <a href=\"https:\/\/www.plazabowling.com\/bowling-saint-maximin-creil\/2\/\" target=\"_blank\" rel=\"noreferrer noopener\">Nochevieja<\/a> \u00a1en el Bowling Plaza de Saint-Maximin! Disfrute de una velada festiva con un mont\u00f3n de actividades: bolos, billar, juegos arcade, pista de baile disco y mucho m\u00e1s, \u00a1todo ello en un ambiente de discoteca 100%! El programa perfecto para una velada inolvidable llena de sorpresas.<\/p>\n\n\n\n<p><\/p>\n\n\n\n<hr class=\"wp-block-separator has-alpha-channel-opacity\"\/>\n\n\n\n<p>Todo el equipo de la Oficina de Turismo espera que disfrute. <strong>felices fiestas<\/strong> !<\/p>\n\n\n\n<div class=\"is-content-justification-center is-layout-flex wp-container-4 wp-block-buttons\">\n<div class=\"wp-block-button\"><a class=\"wp-block-button__link wp-element-button\" href=\"https:\/\/www.creilsudoise-tourisme.fr\/es\/agenda\/\" target=\"_blank\" rel=\"noreferrer noopener\">TODA LA AGENDA<\/a><\/div>\n<\/div>","protected":false},"excerpt":{"rendered":"<p>\u00a1Se acercan las fiestas! D\u00e9jese llevar por la magia de la Navidad con un programa festivo y variado en Creil Sud Oise, durante todo el mes de diciembre y hasta el final de las fiestas. Mercados navide\u00f1os Creil, Nogent-sur-Oise, Saint-Leu d'Esserent... la temporada de mercados navide\u00f1os [...].<\/p>","protected":false},"author":10,"featured_media":58821,"comment_status":"closed","ping_status":"closed","sticky":false,"template":"","format":"standard","meta":{"_relevanssi_hide_post":"","_relevanssi_hide_content":"","_relevanssi_pin_for_all":"","_relevanssi_pin_keywords":"","_relevanssi_unpin_keywords":"","_relevanssi_related_keywords":"","_relevanssi_related_include_ids":"","_relevanssi_related_exclude_ids":"","_relevanssi_related_no_append":"","_relevanssi_related_not_related":"","_relevanssi_related_posts":"52387,40285,39936,39126,56183,56179","_relevanssi_noindex_reason":""},"categories":[5],"tags":[],"yoast_head":"<!-- This site is optimized with the Yoast SEO plugin v20.2.1 - https:\/\/yoast.com\/wordpress\/plugins\/seo\/ -->\n<title>Programme des vacances de No\u00ebl 2024<\/title>\n<meta name=\"description\" content=\"D\u00e9couvrez les sorties \u00e0 faire en famille ou entre amis \u00e0 Creil Sud Oise, pr\u00e8s de Chantilly et Senlis, lors des vacances de No\u00ebl.\" \/>\n<meta name=\"robots\" content=\"index, follow, max-snippet:-1, max-image-preview:large, max-video-preview:-1\" \/>\n<link rel=\"canonical\" href=\"https:\/\/www.creilsudoise-tourisme.fr\/es\/2024\/12\/04\/vacaciones-navidad\/\" \/>\n<meta property=\"og:locale\" content=\"es_ES\" \/>\n<meta property=\"og:type\" content=\"article\" \/>\n<meta property=\"og:title\" content=\"Programme des vacances de No\u00ebl 2024\" \/>\n<meta property=\"og:description\" content=\"D\u00e9couvrez les sorties \u00e0 faire en famille ou entre amis \u00e0 Creil Sud Oise, pr\u00e8s de Chantilly et Senlis, lors des vacances de No\u00ebl.\" \/>\n<meta property=\"og:url\" content=\"https:\/\/www.creilsudoise-tourisme.fr\/es\/2024\/12\/04\/vacaciones-navidad\/\" \/>\n<meta property=\"og:site_name\" content=\"Office de Tourisme Creil Sud Oise\" \/>\n<meta property=\"article:publisher\" content=\"https:\/\/www.facebook.com\/creilsudoisetourisme\/\" \/>\n<meta property=\"article:published_time\" content=\"2024-12-04T14:03:50+00:00\" \/>\n<meta property=\"article:modified_time\" content=\"2025-01-09T08:54:14+00:00\" \/>\n<meta property=\"og:image\" content=\"https:\/\/www.creilsudoise-tourisme.fr\/wp-content\/uploads\/2024\/12\/noel.jpg\" \/>\n\t<meta property=\"og:image:width\" content=\"1480\" \/>\n\t<meta property=\"og:image:height\" content=\"740\" \/>\n\t<meta property=\"og:image:type\" content=\"image\/jpeg\" \/>\n<meta name=\"author\" content=\"emilie\" \/>\n<meta name=\"twitter:card\" content=\"summary_large_image\" \/>\n<meta name=\"twitter:creator\" content=\"@CreilSudOiseOT\" \/>\n<meta name=\"twitter:site\" content=\"@CreilSudOiseOT\" \/>\n<meta name=\"twitter:label1\" content=\"Escrito por\" \/>\n\t<meta name=\"twitter:data1\" content=\"emilie\" \/>\n\t<meta name=\"twitter:label2\" content=\"Tiempo de lectura\" \/>\n\t<meta name=\"twitter:data2\" content=\"4 minutos\" \/>\n<script type=\"application\/ld+json\" class=\"yoast-schema-graph\">{\"@context\":\"https:\/\/schema.org\",\"@graph\":[{\"@type\":\"Article\",\"@id\":\"https:\/\/www.creilsudoise-tourisme.fr\/2024\/12\/04\/vacances-noel\/#article\",\"isPartOf\":{\"@id\":\"https:\/\/www.creilsudoise-tourisme.fr\/2024\/12\/04\/vacances-noel\/\"},\"author\":{\"name\":\"emilie\",\"@id\":\"https:\/\/www.creilsudoise-tourisme.fr\/#\/schema\/person\/81a1ab3a236faa5508e8f47600a85072\"},\"headline\":\"Savourez la magie des f\u00eates de No\u00ebl !\",\"datePublished\":\"2024-12-04T14:03:50+00:00\",\"dateModified\":\"2025-01-09T08:54:14+00:00\",\"mainEntityOfPage\":{\"@id\":\"https:\/\/www.creilsudoise-tourisme.fr\/2024\/12\/04\/vacances-noel\/\"},\"wordCount\":840,\"publisher\":{\"@id\":\"https:\/\/www.creilsudoise-tourisme.fr\/#organization\"},\"articleSection\":[\"Actus\"],\"inLanguage\":\"es\"},{\"@type\":\"WebPage\",\"@id\":\"https:\/\/www.creilsudoise-tourisme.fr\/2024\/12\/04\/vacances-noel\/\",\"url\":\"https:\/\/www.creilsudoise-tourisme.fr\/2024\/12\/04\/vacances-noel\/\",\"name\":\"Programme des vacances de No\u00ebl 2024\",\"isPartOf\":{\"@id\":\"https:\/\/www.creilsudoise-tourisme.fr\/#website\"},\"datePublished\":\"2024-12-04T14:03:50+00:00\",\"dateModified\":\"2025-01-09T08:54:14+00:00\",\"description\":\"D\u00e9couvrez les sorties \u00e0 faire en famille ou entre amis \u00e0 Creil Sud Oise, pr\u00e8s de Chantilly et Senlis, lors des vacances de No\u00ebl.\",\"breadcrumb\":{\"@id\":\"https:\/\/www.creilsudoise-tourisme.fr\/2024\/12\/04\/vacances-noel\/#breadcrumb\"},\"inLanguage\":\"es\",\"potentialAction\":[{\"@type\":\"ReadAction\",\"target\":[\"https:\/\/www.creilsudoise-tourisme.fr\/2024\/12\/04\/vacances-noel\/\"]}]},{\"@type\":\"BreadcrumbList\",\"@id\":\"https:\/\/www.creilsudoise-tourisme.fr\/2024\/12\/04\/vacances-noel\/#breadcrumb\",\"itemListElement\":[{\"@type\":\"ListItem\",\"position\":1,\"name\":\"Accueil\",\"item\":\"https:\/\/www.creilsudoise-tourisme.fr\/\"},{\"@type\":\"ListItem\",\"position\":2,\"name\":\"Savourez la magie des f\u00eates de No\u00ebl !\"}]},{\"@type\":\"WebSite\",\"@id\":\"https:\/\/www.creilsudoise-tourisme.fr\/#website\",\"url\":\"https:\/\/www.creilsudoise-tourisme.fr\/\",\"name\":\"Office de Tourisme Creil Sud Oise\",\"description\":\"Creil Sud Oise Tourisme, un territoire \u00e0 explorer !\",\"publisher\":{\"@id\":\"https:\/\/www.creilsudoise-tourisme.fr\/#organization\"},\"potentialAction\":[{\"@type\":\"SearchAction\",\"target\":{\"@type\":\"EntryPoint\",\"urlTemplate\":\"https:\/\/www.creilsudoise-tourisme.fr\/?s={search_term_string}\"},\"query-input\":\"required name=search_term_string\"}],\"inLanguage\":\"es\"},{\"@type\":\"Organization\",\"@id\":\"https:\/\/www.creilsudoise-tourisme.fr\/#organization\",\"name\":\"Creil Sud Oise Tourisme\",\"url\":\"https:\/\/www.creilsudoise-tourisme.fr\/\",\"logo\":{\"@type\":\"ImageObject\",\"inLanguage\":\"es\",\"@id\":\"https:\/\/www.creilsudoise-tourisme.fr\/#\/schema\/logo\/image\/\",\"url\":\"https:\/\/www.creilsudoise-tourisme.fr\/wp-content\/uploads\/2021\/05\/logo-svg.png\",\"contentUrl\":\"https:\/\/www.creilsudoise-tourisme.fr\/wp-content\/uploads\/2021\/05\/logo-svg.png\",\"width\":182,\"height\":71,\"caption\":\"Creil Sud Oise Tourisme\"},\"image\":{\"@id\":\"https:\/\/www.creilsudoise-tourisme.fr\/#\/schema\/logo\/image\/\"},\"sameAs\":[\"https:\/\/www.facebook.com\/creilsudoisetourisme\/\",\"https:\/\/twitter.com\/CreilSudOiseOT\",\"https:\/\/www.instagram.com\/creilsudoisetourisme\/\",\"https:\/\/www.youtube.com\/channel\/UC8L_QD2wwyADW14zt9fY8kw\"]},{\"@type\":\"Person\",\"@id\":\"https:\/\/www.creilsudoise-tourisme.fr\/#\/schema\/person\/81a1ab3a236faa5508e8f47600a85072\",\"name\":\"emilie\",\"image\":{\"@type\":\"ImageObject\",\"inLanguage\":\"es\",\"@id\":\"https:\/\/www.creilsudoise-tourisme.fr\/#\/schema\/person\/image\/\",\"url\":\"https:\/\/secure.gravatar.com\/avatar\/63ed1ecafae1b27e36a71e8626bc354f?s=96&d=mm&r=g\",\"contentUrl\":\"https:\/\/secure.gravatar.com\/avatar\/63ed1ecafae1b27e36a71e8626bc354f?s=96&d=mm&r=g\",\"caption\":\"emilie\"},\"url\":\"https:\/\/www.creilsudoise-tourisme.fr\/es\/auteur\/emilie\/\"}]}<\/script>\n<!-- \/ Yoast SEO plugin. -->","yoast_head_json":{"title":"Programme des vacances de No\u00ebl 2024","description":"D\u00e9couvrez les sorties \u00e0 faire en famille ou entre amis \u00e0 Creil Sud Oise, pr\u00e8s de Chantilly et Senlis, lors des vacances de No\u00ebl.","robots":{"index":"index","follow":"follow","max-snippet":"max-snippet:-1","max-image-preview":"max-image-preview:large","max-video-preview":"max-video-preview:-1"},"canonical":"https:\/\/www.creilsudoise-tourisme.fr\/es\/2024\/12\/04\/vacaciones-navidad\/","og_locale":"es_ES","og_type":"article","og_title":"Programme des vacances de No\u00ebl 2024","og_description":"D\u00e9couvrez les sorties \u00e0 faire en famille ou entre amis \u00e0 Creil Sud Oise, pr\u00e8s de Chantilly et Senlis, lors des vacances de No\u00ebl.","og_url":"https:\/\/www.creilsudoise-tourisme.fr\/es\/2024\/12\/04\/vacaciones-navidad\/","og_site_name":"Office de Tourisme Creil Sud Oise","article_publisher":"https:\/\/www.facebook.com\/creilsudoisetourisme\/","article_published_time":"2024-12-04T14:03:50+00:00","article_modified_time":"2025-01-09T08:54:14+00:00","og_image":[{"width":1480,"height":740,"url":"https:\/\/www.creilsudoise-tourisme.fr\/wp-content\/uploads\/2024\/12\/noel.jpg","type":"image\/jpeg"}],"author":"emilie","twitter_card":"summary_large_image","twitter_creator":"@CreilSudOiseOT","twitter_site":"@CreilSudOiseOT","twitter_misc":{"Escrito por":"emilie","Tiempo de lectura":"4 minutos"},"schema":{"@context":"https:\/\/schema.org","@graph":[{"@type":"Article","@id":"https:\/\/www.creilsudoise-tourisme.fr\/2024\/12\/04\/vacances-noel\/#article","isPartOf":{"@id":"https:\/\/www.creilsudoise-tourisme.fr\/2024\/12\/04\/vacances-noel\/"},"author":{"name":"emilie","@id":"https:\/\/www.creilsudoise-tourisme.fr\/#\/schema\/person\/81a1ab3a236faa5508e8f47600a85072"},"headline":"Savourez la magie des f\u00eates de No\u00ebl !","datePublished":"2024-12-04T14:03:50+00:00","dateModified":"2025-01-09T08:54:14+00:00","mainEntityOfPage":{"@id":"https:\/\/www.creilsudoise-tourisme.fr\/2024\/12\/04\/vacances-noel\/"},"wordCount":840,"publisher":{"@id":"https:\/\/www.creilsudoise-tourisme.fr\/#organization"},"articleSection":["Actus"],"inLanguage":"es"},{"@type":"WebPage","@id":"https:\/\/www.creilsudoise-tourisme.fr\/2024\/12\/04\/vacances-noel\/","url":"https:\/\/www.creilsudoise-tourisme.fr\/2024\/12\/04\/vacances-noel\/","name":"Programme des vacances de No\u00ebl 2024","isPartOf":{"@id":"https:\/\/www.creilsudoise-tourisme.fr\/#website"},"datePublished":"2024-12-04T14:03:50+00:00","dateModified":"2025-01-09T08:54:14+00:00","description":"D\u00e9couvrez les sorties \u00e0 faire en famille ou entre amis \u00e0 Creil Sud Oise, pr\u00e8s de Chantilly et Senlis, lors des vacances de No\u00ebl.","breadcrumb":{"@id":"https:\/\/www.creilsudoise-tourisme.fr\/2024\/12\/04\/vacances-noel\/#breadcrumb"},"inLanguage":"es","potentialAction":[{"@type":"ReadAction","target":["https:\/\/www.creilsudoise-tourisme.fr\/2024\/12\/04\/vacances-noel\/"]}]},{"@type":"BreadcrumbList","@id":"https:\/\/www.creilsudoise-tourisme.fr\/2024\/12\/04\/vacances-noel\/#breadcrumb","itemListElement":[{"@type":"ListItem","position":1,"name":"Accueil","item":"https:\/\/www.creilsudoise-tourisme.fr\/"},{"@type":"ListItem","position":2,"name":"Savourez la magie des f\u00eates de No\u00ebl !"}]},{"@type":"WebSite","@id":"https:\/\/www.creilsudoise-tourisme.fr\/#website","url":"https:\/\/www.creilsudoise-tourisme.fr\/","name":"Office de Tourisme Creil Sud Oise","description":"Creil Sud Oise Tourisme, un territoire \u00e0 explorer !","publisher":{"@id":"https:\/\/www.creilsudoise-tourisme.fr\/#organization"},"potentialAction":[{"@type":"SearchAction","target":{"@type":"EntryPoint","urlTemplate":"https:\/\/www.creilsudoise-tourisme.fr\/?s={search_term_string}"},"query-input":"required name=search_term_string"}],"inLanguage":"es"},{"@type":"Organization","@id":"https:\/\/www.creilsudoise-tourisme.fr\/#organization","name":"Creil Sud Oise Tourisme","url":"https:\/\/www.creilsudoise-tourisme.fr\/","logo":{"@type":"ImageObject","inLanguage":"es","@id":"https:\/\/www.creilsudoise-tourisme.fr\/#\/schema\/logo\/image\/","url":"https:\/\/www.creilsudoise-tourisme.fr\/wp-content\/uploads\/2021\/05\/logo-svg.png","contentUrl":"https:\/\/www.creilsudoise-tourisme.fr\/wp-content\/uploads\/2021\/05\/logo-svg.png","width":182,"height":71,"caption":"Creil Sud Oise Tourisme"},"image":{"@id":"https:\/\/www.creilsudoise-tourisme.fr\/#\/schema\/logo\/image\/"},"sameAs":["https:\/\/www.facebook.com\/creilsudoisetourisme\/","https:\/\/twitter.com\/CreilSudOiseOT","https:\/\/www.instagram.com\/creilsudoisetourisme\/","https:\/\/www.youtube.com\/channel\/UC8L_QD2wwyADW14zt9fY8kw"]},{"@type":"Person","@id":"https:\/\/www.creilsudoise-tourisme.fr\/#\/schema\/person\/81a1ab3a236faa5508e8f47600a85072","name":"emilie","image":{"@type":"ImageObject","inLanguage":"es","@id":"https:\/\/www.creilsudoise-tourisme.fr\/#\/schema\/person\/image\/","url":"https:\/\/secure.gravatar.com\/avatar\/63ed1ecafae1b27e36a71e8626bc354f?s=96&d=mm&r=g","contentUrl":"https:\/\/secure.gravatar.com\/avatar\/63ed1ecafae1b27e36a71e8626bc354f?s=96&d=mm&r=g","caption":"emilie"},"url":"https:\/\/www.creilsudoise-tourisme.fr\/es\/auteur\/emilie\/"}]}},"_links":{"self":[{"href":"https:\/\/www.creilsudoise-tourisme.fr\/es\/wp-json\/wp\/v2\/posts\/58743"}],"collection":[{"href":"https:\/\/www.creilsudoise-tourisme.fr\/es\/wp-json\/wp\/v2\/posts"}],"about":[{"href":"https:\/\/www.creilsudoise-tourisme.fr\/es\/wp-json\/wp\/v2\/types\/post"}],"author":[{"embeddable":true,"href":"https:\/\/www.creilsudoise-tourisme.fr\/es\/wp-json\/wp\/v2\/users\/10"}],"replies":[{"embeddable":true,"href":"https:\/\/www.creilsudoise-tourisme.fr\/es\/wp-json\/wp\/v2\/comments?post=58743"}],"version-history":[{"count":57,"href":"https:\/\/www.creilsudoise-tourisme.fr\/es\/wp-json\/wp\/v2\/posts\/58743\/revisions"}],"predecessor-version":[{"id":59175,"href":"https:\/\/www.creilsudoise-tourisme.fr\/es\/wp-json\/wp\/v2\/posts\/58743\/revisions\/59175"}],"wp:featuredmedia":[{"embeddable":true,"href":"https:\/\/www.creilsudoise-tourisme.fr\/es\/wp-json\/wp\/v2\/media\/58821"}],"wp:attachment":[{"href":"https:\/\/www.creilsudoise-tourisme.fr\/es\/wp-json\/wp\/v2\/media?parent=58743"}],"wp:term":[{"taxonomy":"category","embeddable":true,"href":"https:\/\/www.creilsudoise-tourisme.fr\/es\/wp-json\/wp\/v2\/categories?post=58743"},{"taxonomy":"post_tag","embeddable":true,"href":"https:\/\/www.creilsudoise-tourisme.fr\/es\/wp-json\/wp\/v2\/tags?post=58743"}],"curies":[{"name":"wp","href":"https:\/\/api.w.org\/{rel}","templated":true}]}}