{"id":56183,"date":"2024-11-14T15:58:57","date_gmt":"2024-11-14T14:58:57","guid":{"rendered":"https:\/\/www.creilsudoise-tourisme.fr\/?p=56183"},"modified":"2024-08-22T10:29:10","modified_gmt":"2024-08-22T08:29:10","slug":"famille-bernet","status":"publish","type":"post","link":"https:\/\/www.creilsudoise-tourisme.fr\/es\/2024\/11\/14\/famille-bernet\/","title":{"rendered":"El castillo de mi padre"},"content":{"rendered":"<p class=\"is-style-excerpt\">En las alturas de la ciudad, a la sombra de la colegiata de Notre-Dame, construida en la misma \u00e9poca, se alza el castillo de Montataire, que ha sobrevivido muchos siglos y ha tenido muchos propietarios. <strong>Durante 12 a\u00f1os, la contagiosa pasi\u00f3n de un padre y su hija han transformado este viejo edificio deshabitado en un aut\u00e9ntico castillo de cuento de hadas.<\/strong><\/p>\n\n\n\n<div class=\"is-layout-flex wp-container-3 wp-block-columns\">\n<div class=\"is-layout-flow wp-block-column\" style=\"flex-basis:33.33%\">\n<figure class=\"wp-block-image size-large\"><img decoding=\"async\" loading=\"lazy\" width=\"1041\" height=\"1200\" data-src=\"https:\/\/www.creilsudoise-tourisme.fr\/wp-content\/uploads\/2024\/08\/IMG_8395-1041x1200.jpg\" alt=\"\" class=\"wp-image-56271\" data-srcset=\"https:\/\/www.creilsudoise-tourisme.fr\/wp-content\/uploads\/2024\/08\/IMG_8395-1041x1200.jpg 1041w, https:\/\/www.creilsudoise-tourisme.fr\/wp-content\/uploads\/2024\/08\/IMG_8395-520x600.jpg 520w, https:\/\/www.creilsudoise-tourisme.fr\/wp-content\/uploads\/2024\/08\/IMG_8395-780x900.jpg 780w, https:\/\/www.creilsudoise-tourisme.fr\/wp-content\/uploads\/2024\/08\/IMG_8395-1332x1536.jpg 1332w, https:\/\/www.creilsudoise-tourisme.fr\/wp-content\/uploads\/2024\/08\/IMG_8395-10x12.jpg 10w, https:\/\/www.creilsudoise-tourisme.fr\/wp-content\/uploads\/2024\/08\/IMG_8395-200x231.jpg 200w, https:\/\/www.creilsudoise-tourisme.fr\/wp-content\/uploads\/2024\/08\/IMG_8395-650x750.jpg 650w, https:\/\/www.creilsudoise-tourisme.fr\/wp-content\/uploads\/2024\/08\/IMG_8395-387x446.jpg 387w, https:\/\/www.creilsudoise-tourisme.fr\/wp-content\/uploads\/2024\/08\/IMG_8395.jpg 1665w\" sizes=\"(max-width: 1041px) 100vw, 1041px\" \/><\/figure>\n<\/div>\n\n\n\n<div class=\"is-layout-flow wp-block-column\" style=\"flex-basis:66.66%\">\n<p><strong>Fran\u00e7ois-Xavier y Marie-Astrid<\/strong>padre e hija y propietarios del Ch\u00e2teau de Montataire, nos abrieron sus puertas...<\/p>\n<\/div>\n<\/div>\n\n\n\n<h2>Un castillo con un rico pasado<\/h2>\n\n\n\n<p>Antes de convertirse en \"ch\u00e2telain\" (t\u00e9rmino que le parece poco apropiado en los tiempos que corren), Fran\u00e7ois-Xavier Bernet era administrador de fincas. En aquella \u00e9poca, s\u00f3lo quer\u00eda adquirir un edificio con car\u00e1cter para organizar all\u00ed seminarios, a ser posible en la regi\u00f3n de Oise, y poder visitar m\u00e1s a menudo a su hija mayor, profesora en Chantilly. <strong>Un simple anuncio de una agencia inmobiliaria local le condujo al castillo de Montataire, pero fue su hija Marie-Astrid, aficionada a la historia, quien le anim\u00f3 a comprarlo.<\/strong><\/p>\n\n\n\n<figure class=\"wp-block-image size-large\"><img decoding=\"async\" loading=\"lazy\" width=\"1200\" height=\"770\" data-src=\"https:\/\/www.creilsudoise-tourisme.fr\/wp-content\/uploads\/2021\/12\/Chateau-de-Montataire-1200x770.jpg\" alt=\"Castillo de Montataire\" class=\"wp-image-39134\" data-srcset=\"https:\/\/www.creilsudoise-tourisme.fr\/wp-content\/uploads\/2021\/12\/Chateau-de-Montataire-1200x770.jpg 1200w, https:\/\/www.creilsudoise-tourisme.fr\/wp-content\/uploads\/2021\/12\/Chateau-de-Montataire-600x385.jpg 600w, https:\/\/www.creilsudoise-tourisme.fr\/wp-content\/uploads\/2021\/12\/Chateau-de-Montataire-900x578.jpg 900w, https:\/\/www.creilsudoise-tourisme.fr\/wp-content\/uploads\/2021\/12\/Chateau-de-Montataire-200x128.jpg 200w, https:\/\/www.creilsudoise-tourisme.fr\/wp-content\/uploads\/2021\/12\/Chateau-de-Montataire-650x417.jpg 650w, https:\/\/www.creilsudoise-tourisme.fr\/wp-content\/uploads\/2021\/12\/Chateau-de-Montataire-387x248.jpg 387w, https:\/\/www.creilsudoise-tourisme.fr\/wp-content\/uploads\/2021\/12\/Chateau-de-Montataire.jpg 1480w\" sizes=\"(max-width: 1200px) 100vw, 1200px\" \/><\/figure>\n\n\n\n<p>Porque el <strong>El castillo de Montataire cuenta con una rica historia.<\/strong> Se construy\u00f3 en 12<sup>e<\/sup> siglo por el conde Hugues de Clermont tras una donaci\u00f3n del rey, y originalmente consist\u00eda, en la mayor\u00eda <strong>puro estilo medieval<\/strong>Consta de un edificio principal en \u00e1ngulo recto flanqueado por cuatro torres semicirculares de diferentes di\u00e1metros.\u00a0<\/p>\n\n\n\n<p>El edificio sufri\u00f3 varias transformaciones hasta el siglo XIX.<sup>e<\/sup> siglo XV. En el siglo XV se ampli\u00f3<sup>e<\/sup> por la familia Madaillan de Lesparre, <strong>adoptando un estilo arquitect\u00f3nico renacentista <\/strong>m\u00e1s cuadrada y rectil\u00ednea, con ventanas francesas y una balaustrada a la italiana en la fachada. El castillo se <strong>restaurado y terminado en 19<sup>e<\/sup> tras 20 a\u00f1os de trabajo del Bar\u00f3n de Cond\u00e9<\/strong>que tambi\u00e9n fue alcalde de la ciudad de Montataire. Posteriormente, el interior se transform\u00f3 en peque\u00f1os apartamentos para alojar a los distintos miembros de la familia.<\/p>\n\n\n\n<figure class=\"is-layout-flex wp-block-gallery-4 wp-block-gallery has-nested-images columns-default is-cropped\">\n<figure class=\"wp-block-image size-large\"><img decoding=\"async\" loading=\"lazy\" width=\"797\" height=\"1200\" data-id=\"56246\"  data-src=\"https:\/\/www.creilsudoise-tourisme.fr\/wp-content\/uploads\/2024\/08\/Chateau_Montataire-Creil_Sud_Oise_Tourisme-11-797x1200.jpg\" alt=\"Castillo de Montataire renovaci\u00f3n historia Cond\u00e9 henri IV 4 Oise visita guiada familia Bernet\" class=\"wp-image-56246\" data-srcset=\"https:\/\/www.creilsudoise-tourisme.fr\/wp-content\/uploads\/2024\/08\/Chateau_Montataire-Creil_Sud_Oise_Tourisme-11-797x1200.jpg 797w, https:\/\/www.creilsudoise-tourisme.fr\/wp-content\/uploads\/2024\/08\/Chateau_Montataire-Creil_Sud_Oise_Tourisme-11-399x600.jpg 399w, https:\/\/www.creilsudoise-tourisme.fr\/wp-content\/uploads\/2024\/08\/Chateau_Montataire-Creil_Sud_Oise_Tourisme-11-598x900.jpg 598w, https:\/\/www.creilsudoise-tourisme.fr\/wp-content\/uploads\/2024\/08\/Chateau_Montataire-Creil_Sud_Oise_Tourisme-11-8x12.jpg 8w, https:\/\/www.creilsudoise-tourisme.fr\/wp-content\/uploads\/2024\/08\/Chateau_Montataire-Creil_Sud_Oise_Tourisme-11-200x301.jpg 200w, https:\/\/www.creilsudoise-tourisme.fr\/wp-content\/uploads\/2024\/08\/Chateau_Montataire-Creil_Sud_Oise_Tourisme-11-650x979.jpg 650w, https:\/\/www.creilsudoise-tourisme.fr\/wp-content\/uploads\/2024\/08\/Chateau_Montataire-Creil_Sud_Oise_Tourisme-11-282x424.jpg 282w, https:\/\/www.creilsudoise-tourisme.fr\/wp-content\/uploads\/2024\/08\/Chateau_Montataire-Creil_Sud_Oise_Tourisme-11-387x583.jpg 387w, https:\/\/www.creilsudoise-tourisme.fr\/wp-content\/uploads\/2024\/08\/Chateau_Montataire-Creil_Sud_Oise_Tourisme-11.jpg 983w\" sizes=\"(max-width: 797px) 100vw, 797px\" \/><figcaption class=\"wp-element-caption\">Creil Sud Oise Tourisme<\/figcaption><\/figure>\n\n\n\n<figure class=\"wp-block-image size-large\"><img decoding=\"async\" loading=\"lazy\" width=\"675\" height=\"1200\" data-id=\"56255\"  data-src=\"https:\/\/www.creilsudoise-tourisme.fr\/wp-content\/uploads\/2024\/08\/Chateau_Montataire-Creil_Sud_Oise_Tourisme-2-675x1200.jpg\" alt=\"Castillo de Montataire renovaci\u00f3n historia Cond\u00e9 henri IV 4 Oise visita guiada familia Bernet\" class=\"wp-image-56255\" data-srcset=\"https:\/\/www.creilsudoise-tourisme.fr\/wp-content\/uploads\/2024\/08\/Chateau_Montataire-Creil_Sud_Oise_Tourisme-2-675x1200.jpg 675w, https:\/\/www.creilsudoise-tourisme.fr\/wp-content\/uploads\/2024\/08\/Chateau_Montataire-Creil_Sud_Oise_Tourisme-2-338x600.jpg 338w, https:\/\/www.creilsudoise-tourisme.fr\/wp-content\/uploads\/2024\/08\/Chateau_Montataire-Creil_Sud_Oise_Tourisme-2-507x900.jpg 507w, https:\/\/www.creilsudoise-tourisme.fr\/wp-content\/uploads\/2024\/08\/Chateau_Montataire-Creil_Sud_Oise_Tourisme-2-7x12.jpg 7w, https:\/\/www.creilsudoise-tourisme.fr\/wp-content\/uploads\/2024\/08\/Chateau_Montataire-Creil_Sud_Oise_Tourisme-2-200x355.jpg 200w, https:\/\/www.creilsudoise-tourisme.fr\/wp-content\/uploads\/2024\/08\/Chateau_Montataire-Creil_Sud_Oise_Tourisme-2-650x1155.jpg 650w, https:\/\/www.creilsudoise-tourisme.fr\/wp-content\/uploads\/2024\/08\/Chateau_Montataire-Creil_Sud_Oise_Tourisme-2-387x688.jpg 387w, https:\/\/www.creilsudoise-tourisme.fr\/wp-content\/uploads\/2024\/08\/Chateau_Montataire-Creil_Sud_Oise_Tourisme-2.jpg 833w\" sizes=\"(max-width: 675px) 100vw, 675px\" \/><figcaption class=\"wp-element-caption\">Creil Sud Oise Tourisme<\/figcaption><\/figure>\n<\/figure>\n\n\n\n<p><strong>El castillo fue adquirido por Usinor en los a\u00f1os sesenta.<\/strong>un importante grupo sider\u00fargico franc\u00e9s que pose\u00eda una planta con 4.000 empleados en Montataire, pero que buscaba sobre todo construir pabellones de estilo californiano en el parque para alojar a sus ejecutivos. La empresa s\u00f3lo utiliz\u00f3 la planta baja del edificio, <strong>organizar seminarios y atender a los empleados<\/strong>que ten\u00edan su propio chef. <strong>Los pisos superiores fueron r\u00e1pidamente tapiados, condenados y abandonados.<\/strong><\/p>\n\n\n\n<h2>Renovar el castillo en familia<\/h2>\n\n\n\n<div class=\"is-layout-flex wp-container-8 wp-block-columns\">\n<div class=\"is-layout-flow wp-block-column\" style=\"flex-basis:66.66%\">\n<p><strong>El 5 de abril de 2012, Fran\u00e7ois-Xavier Bernet y su hija Marie-Astrid se pusieron manos a la obra. <\/strong>Hay que rehacerlo todo antes de poder renovarlo: electricidad, fontaner\u00eda, tejado, entramado, etc. Entre la obra, el mobiliario y la decoraci\u00f3n,<strong> no falta trabajo para dar nueva vida a un espacio tan vasto de 40 habitaciones <\/strong>en una superficie de unos 1.000 metros cuadrados. Una aut\u00e9ntica armada de pintores, carpinteros, techadores, soladores e incluso canteros trabajan sin cesar en el armaz\u00f3n, el aislamiento y el acondicionamiento interior.<\/p>\n\n\n\n<p>Poco a poco, cada pieza va tomando forma a medida que el<strong> el castillo vuelve a la vida<\/strong>. Los salones y dormitorios est\u00e1n adornados con muebles, candelabros, peque\u00f1os objetos cotidianos, cuadros y grabados. <strong>en Internet, en tiendas de segunda mano o en subastas.<\/strong> Tambi\u00e9n hay muchos relojes magn\u00edficos en el castillo, aunque ninguno funciona porque \"&nbsp;<em>aqu\u00ed el tiempo se detiene&nbsp;<\/em>\", como dice con picard\u00eda Fran\u00e7ois-Xavier Bernet.<\/p>\n<\/div>\n\n\n\n<div class=\"is-layout-flow wp-block-column\" style=\"flex-basis:33.33%\">\n<figure class=\"wp-block-image size-large\"><img decoding=\"async\" loading=\"lazy\" width=\"800\" height=\"1200\" data-src=\"https:\/\/www.creilsudoise-tourisme.fr\/wp-content\/uploads\/2024\/08\/IMG_8409-800x1200.jpg\" alt=\"Castillo de Montataire renovaci\u00f3n historia Cond\u00e9 henri IV 4 Oise visita guiada familia Bernet\" class=\"wp-image-56269\" data-srcset=\"https:\/\/www.creilsudoise-tourisme.fr\/wp-content\/uploads\/2024\/08\/IMG_8409-800x1200.jpg 800w, https:\/\/www.creilsudoise-tourisme.fr\/wp-content\/uploads\/2024\/08\/IMG_8409-400x600.jpg 400w, https:\/\/www.creilsudoise-tourisme.fr\/wp-content\/uploads\/2024\/08\/IMG_8409-600x900.jpg 600w, https:\/\/www.creilsudoise-tourisme.fr\/wp-content\/uploads\/2024\/08\/IMG_8409-8x12.jpg 8w, https:\/\/www.creilsudoise-tourisme.fr\/wp-content\/uploads\/2024\/08\/IMG_8409-200x300.jpg 200w, https:\/\/www.creilsudoise-tourisme.fr\/wp-content\/uploads\/2024\/08\/IMG_8409-650x975.jpg 650w, https:\/\/www.creilsudoise-tourisme.fr\/wp-content\/uploads\/2024\/08\/IMG_8409-282x424.jpg 282w, https:\/\/www.creilsudoise-tourisme.fr\/wp-content\/uploads\/2024\/08\/IMG_8409-387x580.jpg 387w, https:\/\/www.creilsudoise-tourisme.fr\/wp-content\/uploads\/2024\/08\/IMG_8409.jpg 987w\" sizes=\"(max-width: 800px) 100vw, 800px\" \/><figcaption class=\"wp-element-caption\">Emmanuel Latouche<\/figcaption><\/figure>\n<\/div>\n<\/div>\n\n\n\n<h3>Trabajo de detective<\/h3>\n\n\n\n<p>Es como una aut\u00e9ntica detective, arm\u00e1ndose de valor y paciencia para desentra\u00f1ar los misterios del pasado, <strong>Marie-Astrid ha realizado numerosas investigaciones hist\u00f3ricas en los archivos nacionales y departamentales de la regi\u00f3n de Oise. <\/strong>En un cuadro, un grabado o un boceto puede esconderse una pista preciosa que permita reconstruir la decoraci\u00f3n pieza a pieza. No siempre es posible autentificar con certeza la procedencia de una obra, como la magn\u00edfica loza rosa del cuarto de ba\u00f1o del nivel del jard\u00edn, probablemente fabricada por la f\u00e1brica de loza de Creil creada en 1797.<\/p>\n\n\n\n<p><strong>La excavaci\u00f3n de los s\u00f3tanos y desvanes tambi\u00e9n desenterr\u00f3 algunos restos preciosos <\/strong>- trozos de m\u00e1rmol, tablas del suelo, retazos de tapicer\u00eda... - y a veces incluso objetos curiosos. Fran\u00e7ois-Xavier encontr\u00f3 los restos de un timbre del siglo XIX.<sup>e<\/sup> En el siglo XIX, se utilizaba una campana para llamar a los criados mediante cables tendidos por toda la casa. Probablemente, cada campana tintineaba de forma diferente para que los criados pudieran identificar la habitaci\u00f3n correspondiente: la habitaci\u00f3n Henri IV, la habitaci\u00f3n Clermont, la chambre \u00e0 Glaces o la chambre Bleue, \u00bfqui\u00e9n llama?<\/p>\n\n\n\n<figure class=\"is-layout-flex wp-block-gallery-9 wp-block-gallery has-nested-images columns-default is-cropped\">\n<figure class=\"wp-block-image size-large\"><img decoding=\"async\" loading=\"lazy\" width=\"1200\" height=\"675\" data-id=\"56248\"  data-src=\"https:\/\/www.creilsudoise-tourisme.fr\/wp-content\/uploads\/2024\/08\/Chateau_Montataire-Details-Creil_Sud_Oise_Tourisme-20-1200x675.jpg\" alt=\"Castillo de Montataire renovaci\u00f3n historia Cond\u00e9 henri IV 4 Oise visita guiada familia Bernet\" class=\"wp-image-56248\" data-srcset=\"https:\/\/www.creilsudoise-tourisme.fr\/wp-content\/uploads\/2024\/08\/Chateau_Montataire-Details-Creil_Sud_Oise_Tourisme-20-1200x675.jpg 1200w, https:\/\/www.creilsudoise-tourisme.fr\/wp-content\/uploads\/2024\/08\/Chateau_Montataire-Details-Creil_Sud_Oise_Tourisme-20-600x338.jpg 600w, https:\/\/www.creilsudoise-tourisme.fr\/wp-content\/uploads\/2024\/08\/Chateau_Montataire-Details-Creil_Sud_Oise_Tourisme-20-900x507.jpg 900w, https:\/\/www.creilsudoise-tourisme.fr\/wp-content\/uploads\/2024\/08\/Chateau_Montataire-Details-Creil_Sud_Oise_Tourisme-20-18x10.jpg 18w, https:\/\/www.creilsudoise-tourisme.fr\/wp-content\/uploads\/2024\/08\/Chateau_Montataire-Details-Creil_Sud_Oise_Tourisme-20-200x113.jpg 200w, https:\/\/www.creilsudoise-tourisme.fr\/wp-content\/uploads\/2024\/08\/Chateau_Montataire-Details-Creil_Sud_Oise_Tourisme-20-650x366.jpg 650w, https:\/\/www.creilsudoise-tourisme.fr\/wp-content\/uploads\/2024\/08\/Chateau_Montataire-Details-Creil_Sud_Oise_Tourisme-20-387x218.jpg 387w, https:\/\/www.creilsudoise-tourisme.fr\/wp-content\/uploads\/2024\/08\/Chateau_Montataire-Details-Creil_Sud_Oise_Tourisme-20.jpg 1480w\" sizes=\"(max-width: 1200px) 100vw, 1200px\" \/><figcaption class=\"wp-element-caption\">Creil Sud Oise Tourisme<\/figcaption><\/figure>\n\n\n\n<figure class=\"wp-block-image size-large\"><img decoding=\"async\" loading=\"lazy\" width=\"1200\" height=\"677\" data-id=\"33216\"  data-src=\"https:\/\/www.creilsudoise-tourisme.fr\/wp-content\/uploads\/2021\/04\/Exposition-au-Cha\u0302teau-de-Montataire.jpg\" alt=\"Castillo de Montataire renovaci\u00f3n historia Cond\u00e9 henri IV 4 Oise visita guiada familia Bernet\" class=\"wp-image-33216\" data-srcset=\"https:\/\/www.creilsudoise-tourisme.fr\/wp-content\/uploads\/2021\/04\/Exposition-au-Cha\u0302teau-de-Montataire.jpg 1200w, https:\/\/www.creilsudoise-tourisme.fr\/wp-content\/uploads\/2021\/04\/Exposition-au-Cha\u0302teau-de-Montataire-600x339.jpg 600w, https:\/\/www.creilsudoise-tourisme.fr\/wp-content\/uploads\/2021\/04\/Exposition-au-Cha\u0302teau-de-Montataire-900x508.jpg 900w, https:\/\/www.creilsudoise-tourisme.fr\/wp-content\/uploads\/2021\/04\/Exposition-au-Cha\u0302teau-de-Montataire-200x113.jpg 200w, https:\/\/www.creilsudoise-tourisme.fr\/wp-content\/uploads\/2021\/04\/Exposition-au-Cha\u0302teau-de-Montataire-650x367.jpg 650w, https:\/\/www.creilsudoise-tourisme.fr\/wp-content\/uploads\/2021\/04\/Exposition-au-Cha\u0302teau-de-Montataire-387x218.jpg 387w, https:\/\/www.creilsudoise-tourisme.fr\/wp-content\/uploads\/2021\/04\/Exposition-au-Cha\u0302teau-de-Montataire-275x155.jpg 275w\" sizes=\"(max-width: 1200px) 100vw, 1200px\" \/><figcaption class=\"wp-element-caption\">Creil Sud Oise Tourisme<\/figcaption><\/figure>\n<\/figure>\n\n\n\n<h2>Una gran multitud<\/h2>\n\n\n\n<p><strong>La pieza central del castillo es, sin duda, el dormitorio de Enrique IV.<\/strong>situado en la primera planta. <strong>El rey de Francia vino varias veces <\/strong>para visitar a su amigo Jean de Madaillan, se\u00f1or de Montataire. Todav\u00eda se puede ver <strong>pint\u00f3 la \"H\" del Rey en el techo<\/strong>con su corona y su flor de lis. Un soberbio techo renacentista con viguetas policromadas a\u00f1ade a\u00fan m\u00e1s cach\u00e9 a esta estancia, que parece congelada en el tiempo. <strong>La famosa escritora de cartas Madame de S\u00e9vign\u00e9 tambi\u00e9n visit\u00f3 el castillo de Montataire en varias ocasiones.<\/strong> a 17<sup>e<\/sup> siglo<strong>Tambi\u00e9n se dice que Voltaire pas\u00f3 por aqu\u00ed.<\/strong><\/p>\n\n\n\n<figure class=\"wp-block-image size-large\"><img decoding=\"async\" loading=\"lazy\" width=\"1200\" height=\"675\" data-src=\"https:\/\/www.creilsudoise-tourisme.fr\/wp-content\/uploads\/wpetourisme\/Chateau-de-Montataire---Creil-Sud-Oise-Tourisme--3--1200x675.jpg\" alt=\"\" class=\"wp-image-50793\" data-srcset=\"https:\/\/www.creilsudoise-tourisme.fr\/wp-content\/uploads\/wpetourisme\/Chateau-de-Montataire---Creil-Sud-Oise-Tourisme--3--1200x675.jpg 1200w, https:\/\/www.creilsudoise-tourisme.fr\/wp-content\/uploads\/wpetourisme\/Chateau-de-Montataire---Creil-Sud-Oise-Tourisme--3--600x338.jpg 600w, https:\/\/www.creilsudoise-tourisme.fr\/wp-content\/uploads\/wpetourisme\/Chateau-de-Montataire---Creil-Sud-Oise-Tourisme--3--900x507.jpg 900w, https:\/\/www.creilsudoise-tourisme.fr\/wp-content\/uploads\/wpetourisme\/Chateau-de-Montataire---Creil-Sud-Oise-Tourisme--3--18x10.jpg 18w, https:\/\/www.creilsudoise-tourisme.fr\/wp-content\/uploads\/wpetourisme\/Chateau-de-Montataire---Creil-Sud-Oise-Tourisme--3--200x113.jpg 200w, https:\/\/www.creilsudoise-tourisme.fr\/wp-content\/uploads\/wpetourisme\/Chateau-de-Montataire---Creil-Sud-Oise-Tourisme--3--650x366.jpg 650w, https:\/\/www.creilsudoise-tourisme.fr\/wp-content\/uploads\/wpetourisme\/Chateau-de-Montataire---Creil-Sud-Oise-Tourisme--3--387x218.jpg 387w, https:\/\/www.creilsudoise-tourisme.fr\/wp-content\/uploads\/wpetourisme\/Chateau-de-Montataire---Creil-Sud-Oise-Tourisme--3-.jpg 1480w\" sizes=\"(max-width: 1200px) 100vw, 1200px\" \/><\/figure>\n\n\n\n<p>Verdaderos amantes de su castillo por su historia y su ambiente,<strong> los propietarios se transforman r\u00e1pidamente en gu\u00edas-lectores <\/strong>y admirar la espectacular metamorfosis de una escalera del siglo XVIII.<sup>e<\/sup> El Ch\u00e2teau de Montataire no est\u00e1 abierto al p\u00fablico, pero podr\u00e1 disfrutar de la belleza de un parqu\u00e9 en espiga o de la delicada suavidad de la loza de \u00e9poca. El castillo de Montataire no est\u00e1 abierto al p\u00fablico. <strong>se organizan regularmente visitas guiadas<\/strong>y <strong>d\u00edas en el castillo para grupos<\/strong>El Ch\u00e2teau tambi\u00e9n acoge a empresas para organizar eventos de negocios y recepciones privadas. El Ch\u00e2teau tambi\u00e9n acoge a empresas para organizar eventos de empresa y recepciones privadas.<\/p>\n\n\n\n<figure class=\"is-layout-flex wp-block-gallery-11 wp-block-gallery has-nested-images columns-default is-cropped\">\n<figure class=\"wp-block-image size-large\"><img decoding=\"async\" loading=\"lazy\" width=\"1200\" height=\"675\" data-id=\"56253\"  data-src=\"https:\/\/www.creilsudoise-tourisme.fr\/wp-content\/uploads\/2024\/08\/Chateau_Montataire-Visite_guidee-Creil_Sud_Oise_Tourisme-17-1200x675.jpg\" alt=\"Castillo de Montataire renovaci\u00f3n historia Cond\u00e9 henri IV 4 Oise visita guiada familia Bernet\" class=\"wp-image-56253\" data-srcset=\"https:\/\/www.creilsudoise-tourisme.fr\/wp-content\/uploads\/2024\/08\/Chateau_Montataire-Visite_guidee-Creil_Sud_Oise_Tourisme-17-1200x675.jpg 1200w, https:\/\/www.creilsudoise-tourisme.fr\/wp-content\/uploads\/2024\/08\/Chateau_Montataire-Visite_guidee-Creil_Sud_Oise_Tourisme-17-600x338.jpg 600w, https:\/\/www.creilsudoise-tourisme.fr\/wp-content\/uploads\/2024\/08\/Chateau_Montataire-Visite_guidee-Creil_Sud_Oise_Tourisme-17-900x507.jpg 900w, https:\/\/www.creilsudoise-tourisme.fr\/wp-content\/uploads\/2024\/08\/Chateau_Montataire-Visite_guidee-Creil_Sud_Oise_Tourisme-17-18x10.jpg 18w, https:\/\/www.creilsudoise-tourisme.fr\/wp-content\/uploads\/2024\/08\/Chateau_Montataire-Visite_guidee-Creil_Sud_Oise_Tourisme-17-200x113.jpg 200w, https:\/\/www.creilsudoise-tourisme.fr\/wp-content\/uploads\/2024\/08\/Chateau_Montataire-Visite_guidee-Creil_Sud_Oise_Tourisme-17-650x366.jpg 650w, https:\/\/www.creilsudoise-tourisme.fr\/wp-content\/uploads\/2024\/08\/Chateau_Montataire-Visite_guidee-Creil_Sud_Oise_Tourisme-17-387x218.jpg 387w, https:\/\/www.creilsudoise-tourisme.fr\/wp-content\/uploads\/2024\/08\/Chateau_Montataire-Visite_guidee-Creil_Sud_Oise_Tourisme-17.jpg 1480w\" sizes=\"(max-width: 1200px) 100vw, 1200px\" \/><figcaption class=\"wp-element-caption\">Creil Sud Oise Tourisme<\/figcaption><\/figure>\n\n\n\n<figure class=\"wp-block-image size-large\"><img decoding=\"async\" loading=\"lazy\" width=\"797\" height=\"1200\" data-id=\"56252\"  data-src=\"https:\/\/www.creilsudoise-tourisme.fr\/wp-content\/uploads\/2024\/08\/Chateau_Montataire-Visite_guidee-Creil_Sud_Oise_Tourisme-2-797x1200.jpg\" alt=\"Castillo de Montataire renovaci\u00f3n historia Cond\u00e9 henri IV 4 Oise visita guiada familia Bernet\" class=\"wp-image-56252\" data-srcset=\"https:\/\/www.creilsudoise-tourisme.fr\/wp-content\/uploads\/2024\/08\/Chateau_Montataire-Visite_guidee-Creil_Sud_Oise_Tourisme-2-797x1200.jpg 797w, https:\/\/www.creilsudoise-tourisme.fr\/wp-content\/uploads\/2024\/08\/Chateau_Montataire-Visite_guidee-Creil_Sud_Oise_Tourisme-2-399x600.jpg 399w, https:\/\/www.creilsudoise-tourisme.fr\/wp-content\/uploads\/2024\/08\/Chateau_Montataire-Visite_guidee-Creil_Sud_Oise_Tourisme-2-598x900.jpg 598w, https:\/\/www.creilsudoise-tourisme.fr\/wp-content\/uploads\/2024\/08\/Chateau_Montataire-Visite_guidee-Creil_Sud_Oise_Tourisme-2-8x12.jpg 8w, https:\/\/www.creilsudoise-tourisme.fr\/wp-content\/uploads\/2024\/08\/Chateau_Montataire-Visite_guidee-Creil_Sud_Oise_Tourisme-2-200x301.jpg 200w, https:\/\/www.creilsudoise-tourisme.fr\/wp-content\/uploads\/2024\/08\/Chateau_Montataire-Visite_guidee-Creil_Sud_Oise_Tourisme-2-650x979.jpg 650w, https:\/\/www.creilsudoise-tourisme.fr\/wp-content\/uploads\/2024\/08\/Chateau_Montataire-Visite_guidee-Creil_Sud_Oise_Tourisme-2-282x424.jpg 282w, https:\/\/www.creilsudoise-tourisme.fr\/wp-content\/uploads\/2024\/08\/Chateau_Montataire-Visite_guidee-Creil_Sud_Oise_Tourisme-2-387x583.jpg 387w, https:\/\/www.creilsudoise-tourisme.fr\/wp-content\/uploads\/2024\/08\/Chateau_Montataire-Visite_guidee-Creil_Sud_Oise_Tourisme-2.jpg 983w\" sizes=\"(max-width: 797px) 100vw, 797px\" \/><figcaption class=\"wp-element-caption\">Creil Sud Oise Tourisme<\/figcaption><\/figure>\n\n\n\n<figure class=\"wp-block-image size-large\"><img decoding=\"async\" loading=\"lazy\" width=\"1200\" height=\"800\" data-id=\"56245\"  data-src=\"https:\/\/www.creilsudoise-tourisme.fr\/wp-content\/uploads\/2024\/08\/Chateau-de-Montataire-Creil-Sud-Oise-Tourisme-9-1200x800.jpg\" alt=\"Castillo de Montataire renovaci\u00f3n historia Cond\u00e9 henri IV 4 Oise visita guiada familia Bernet\" class=\"wp-image-56245\" data-srcset=\"https:\/\/www.creilsudoise-tourisme.fr\/wp-content\/uploads\/2024\/08\/Chateau-de-Montataire-Creil-Sud-Oise-Tourisme-9-1200x800.jpg 1200w, https:\/\/www.creilsudoise-tourisme.fr\/wp-content\/uploads\/2024\/08\/Chateau-de-Montataire-Creil-Sud-Oise-Tourisme-9-600x400.jpg 600w, https:\/\/www.creilsudoise-tourisme.fr\/wp-content\/uploads\/2024\/08\/Chateau-de-Montataire-Creil-Sud-Oise-Tourisme-9-900x600.jpg 900w, https:\/\/www.creilsudoise-tourisme.fr\/wp-content\/uploads\/2024\/08\/Chateau-de-Montataire-Creil-Sud-Oise-Tourisme-9-18x12.jpg 18w, https:\/\/www.creilsudoise-tourisme.fr\/wp-content\/uploads\/2024\/08\/Chateau-de-Montataire-Creil-Sud-Oise-Tourisme-9-200x133.jpg 200w, https:\/\/www.creilsudoise-tourisme.fr\/wp-content\/uploads\/2024\/08\/Chateau-de-Montataire-Creil-Sud-Oise-Tourisme-9-650x433.jpg 650w, https:\/\/www.creilsudoise-tourisme.fr\/wp-content\/uploads\/2024\/08\/Chateau-de-Montataire-Creil-Sud-Oise-Tourisme-9-387x258.jpg 387w, https:\/\/www.creilsudoise-tourisme.fr\/wp-content\/uploads\/2024\/08\/Chateau-de-Montataire-Creil-Sud-Oise-Tourisme-9.jpg 1480w\" sizes=\"(max-width: 1200px) 100vw, 1200px\" \/><figcaption class=\"wp-element-caption\">Creil Sud Oise Tourisme<\/figcaption><\/figure>\n\n\n\n<figure class=\"wp-block-image size-large\"><img decoding=\"async\" loading=\"lazy\" width=\"1200\" height=\"675\" data-id=\"56243\"  data-src=\"https:\/\/www.creilsudoise-tourisme.fr\/wp-content\/uploads\/2024\/08\/Chateau-de-Montataire-Creil-Sud-Oise-Tourisme-2-1200x675.jpg\" alt=\"Castillo de Montataire renovaci\u00f3n historia Cond\u00e9 henri IV 4 Oise visita guiada familia Bernet\" class=\"wp-image-56243\" data-srcset=\"https:\/\/www.creilsudoise-tourisme.fr\/wp-content\/uploads\/2024\/08\/Chateau-de-Montataire-Creil-Sud-Oise-Tourisme-2-1200x675.jpg 1200w, https:\/\/www.creilsudoise-tourisme.fr\/wp-content\/uploads\/2024\/08\/Chateau-de-Montataire-Creil-Sud-Oise-Tourisme-2-600x338.jpg 600w, https:\/\/www.creilsudoise-tourisme.fr\/wp-content\/uploads\/2024\/08\/Chateau-de-Montataire-Creil-Sud-Oise-Tourisme-2-900x507.jpg 900w, https:\/\/www.creilsudoise-tourisme.fr\/wp-content\/uploads\/2024\/08\/Chateau-de-Montataire-Creil-Sud-Oise-Tourisme-2-18x10.jpg 18w, https:\/\/www.creilsudoise-tourisme.fr\/wp-content\/uploads\/2024\/08\/Chateau-de-Montataire-Creil-Sud-Oise-Tourisme-2-200x113.jpg 200w, https:\/\/www.creilsudoise-tourisme.fr\/wp-content\/uploads\/2024\/08\/Chateau-de-Montataire-Creil-Sud-Oise-Tourisme-2-650x366.jpg 650w, https:\/\/www.creilsudoise-tourisme.fr\/wp-content\/uploads\/2024\/08\/Chateau-de-Montataire-Creil-Sud-Oise-Tourisme-2-387x218.jpg 387w, https:\/\/www.creilsudoise-tourisme.fr\/wp-content\/uploads\/2024\/08\/Chateau-de-Montataire-Creil-Sud-Oise-Tourisme-2.jpg 1480w\" sizes=\"(max-width: 1200px) 100vw, 1200px\" \/><figcaption class=\"wp-element-caption\">Creil Sud Oise Tourisme<\/figcaption><\/figure>\n\n\n\n<figure class=\"wp-block-image size-large\"><img decoding=\"async\" loading=\"lazy\" width=\"1200\" height=\"675\" data-id=\"56242\"  data-src=\"https:\/\/www.creilsudoise-tourisme.fr\/wp-content\/uploads\/2024\/08\/Chateau-de-Montataire-Creil-Sud-Oise-Tourisme-1-3-1200x675.jpg\" alt=\"Castillo de Montataire renovaci\u00f3n historia Cond\u00e9 henri IV 4 Oise visita guiada familia Bernet\" class=\"wp-image-56242\" data-srcset=\"https:\/\/www.creilsudoise-tourisme.fr\/wp-content\/uploads\/2024\/08\/Chateau-de-Montataire-Creil-Sud-Oise-Tourisme-1-3-1200x675.jpg 1200w, https:\/\/www.creilsudoise-tourisme.fr\/wp-content\/uploads\/2024\/08\/Chateau-de-Montataire-Creil-Sud-Oise-Tourisme-1-3-600x338.jpg 600w, https:\/\/www.creilsudoise-tourisme.fr\/wp-content\/uploads\/2024\/08\/Chateau-de-Montataire-Creil-Sud-Oise-Tourisme-1-3-900x507.jpg 900w, https:\/\/www.creilsudoise-tourisme.fr\/wp-content\/uploads\/2024\/08\/Chateau-de-Montataire-Creil-Sud-Oise-Tourisme-1-3-18x10.jpg 18w, https:\/\/www.creilsudoise-tourisme.fr\/wp-content\/uploads\/2024\/08\/Chateau-de-Montataire-Creil-Sud-Oise-Tourisme-1-3-200x113.jpg 200w, https:\/\/www.creilsudoise-tourisme.fr\/wp-content\/uploads\/2024\/08\/Chateau-de-Montataire-Creil-Sud-Oise-Tourisme-1-3-650x366.jpg 650w, https:\/\/www.creilsudoise-tourisme.fr\/wp-content\/uploads\/2024\/08\/Chateau-de-Montataire-Creil-Sud-Oise-Tourisme-1-3-387x218.jpg 387w, https:\/\/www.creilsudoise-tourisme.fr\/wp-content\/uploads\/2024\/08\/Chateau-de-Montataire-Creil-Sud-Oise-Tourisme-1-3.jpg 1480w\" sizes=\"(max-width: 1200px) 100vw, 1200px\" \/><figcaption class=\"wp-element-caption\">Creil Sud Oise Tourisme<\/figcaption><\/figure>\n\n\n\n<figure class=\"wp-block-image size-large\"><img decoding=\"async\" loading=\"lazy\" width=\"1200\" height=\"675\" data-id=\"32680\"  data-src=\"https:\/\/www.creilsudoise-tourisme.fr\/wp-content\/uploads\/2021\/03\/Une-visite-guide\u0301e-en-groupes-du-Cha\u0302teau-de-Montataire-1-1200x675.jpg\" alt=\"Castillo de Montataire renovaci\u00f3n historia Cond\u00e9 henri IV 4 Oise visita guiada familia Bernet\" class=\"wp-image-32680\" data-srcset=\"https:\/\/www.creilsudoise-tourisme.fr\/wp-content\/uploads\/2021\/03\/Une-visite-guide\u0301e-en-groupes-du-Cha\u0302teau-de-Montataire-1-1200x675.jpg 1200w, https:\/\/www.creilsudoise-tourisme.fr\/wp-content\/uploads\/2021\/03\/Une-visite-guide\u0301e-en-groupes-du-Cha\u0302teau-de-Montataire-1-600x338.jpg 600w, https:\/\/www.creilsudoise-tourisme.fr\/wp-content\/uploads\/2021\/03\/Une-visite-guide\u0301e-en-groupes-du-Cha\u0302teau-de-Montataire-1-900x506.jpg 900w, https:\/\/www.creilsudoise-tourisme.fr\/wp-content\/uploads\/2021\/03\/Une-visite-guide\u0301e-en-groupes-du-Cha\u0302teau-de-Montataire-1-1536x864.jpg 1536w, https:\/\/www.creilsudoise-tourisme.fr\/wp-content\/uploads\/2021\/03\/Une-visite-guide\u0301e-en-groupes-du-Cha\u0302teau-de-Montataire-1-200x113.jpg 200w, https:\/\/www.creilsudoise-tourisme.fr\/wp-content\/uploads\/2021\/03\/Une-visite-guide\u0301e-en-groupes-du-Cha\u0302teau-de-Montataire-1-650x366.jpg 650w, https:\/\/www.creilsudoise-tourisme.fr\/wp-content\/uploads\/2021\/03\/Une-visite-guide\u0301e-en-groupes-du-Cha\u0302teau-de-Montataire-1-387x218.jpg 387w, https:\/\/www.creilsudoise-tourisme.fr\/wp-content\/uploads\/2021\/03\/Une-visite-guide\u0301e-en-groupes-du-Cha\u0302teau-de-Montataire-1.jpg 1600w\" sizes=\"(max-width: 1200px) 100vw, 1200px\" \/><figcaption class=\"wp-element-caption\">Creil Sud Oise Tourisme<\/figcaption><\/figure>\n\n\n\n<figure class=\"wp-block-image size-large\"><img decoding=\"async\" loading=\"lazy\" width=\"1200\" height=\"675\" data-id=\"33219\"  data-src=\"https:\/\/www.creilsudoise-tourisme.fr\/wp-content\/uploads\/2021\/04\/Visite-guide\u0301e-en-groupes-du-Cha\u0302teau-de-Montataire.jpg\" alt=\"Castillo de Montataire renovaci\u00f3n historia Cond\u00e9 henri IV 4 Oise visita guiada familia Bernet\" class=\"wp-image-33219\" data-srcset=\"https:\/\/www.creilsudoise-tourisme.fr\/wp-content\/uploads\/2021\/04\/Visite-guide\u0301e-en-groupes-du-Cha\u0302teau-de-Montataire.jpg 1200w, https:\/\/www.creilsudoise-tourisme.fr\/wp-content\/uploads\/2021\/04\/Visite-guide\u0301e-en-groupes-du-Cha\u0302teau-de-Montataire-600x338.jpg 600w, https:\/\/www.creilsudoise-tourisme.fr\/wp-content\/uploads\/2021\/04\/Visite-guide\u0301e-en-groupes-du-Cha\u0302teau-de-Montataire-900x506.jpg 900w, https:\/\/www.creilsudoise-tourisme.fr\/wp-content\/uploads\/2021\/04\/Visite-guide\u0301e-en-groupes-du-Cha\u0302teau-de-Montataire-200x113.jpg 200w, https:\/\/www.creilsudoise-tourisme.fr\/wp-content\/uploads\/2021\/04\/Visite-guide\u0301e-en-groupes-du-Cha\u0302teau-de-Montataire-650x366.jpg 650w, https:\/\/www.creilsudoise-tourisme.fr\/wp-content\/uploads\/2021\/04\/Visite-guide\u0301e-en-groupes-du-Cha\u0302teau-de-Montataire-387x218.jpg 387w, https:\/\/www.creilsudoise-tourisme.fr\/wp-content\/uploads\/2021\/04\/Visite-guide\u0301e-en-groupes-du-Cha\u0302teau-de-Montataire-275x155.jpg 275w\" sizes=\"(max-width: 1200px) 100vw, 1200px\" \/><figcaption class=\"wp-element-caption\">Creil Sud Oise Tourisme<\/figcaption><\/figure>\n\n\n\n<figure class=\"wp-block-image size-large\"><img decoding=\"async\" loading=\"lazy\" width=\"800\" height=\"533\" data-id=\"32674\"  data-src=\"https:\/\/www.creilsudoise-tourisme.fr\/wp-content\/uploads\/2021\/03\/Franc\u0327ois-Xavier-et-Marie-Astrid-Bernet-proprie\u0301taires-du-Cha\u0302teau-de-Montataire.jpg\" alt=\"Castillo de Montataire renovaci\u00f3n historia Cond\u00e9 henri IV 4 Oise visita guiada familia Bernet\" class=\"wp-image-32674\" data-srcset=\"https:\/\/www.creilsudoise-tourisme.fr\/wp-content\/uploads\/2021\/03\/Franc\u0327ois-Xavier-et-Marie-Astrid-Bernet-proprie\u0301taires-du-Cha\u0302teau-de-Montataire.jpg 800w, https:\/\/www.creilsudoise-tourisme.fr\/wp-content\/uploads\/2021\/03\/Franc\u0327ois-Xavier-et-Marie-Astrid-Bernet-proprie\u0301taires-du-Cha\u0302teau-de-Montataire-600x400.jpg 600w, https:\/\/www.creilsudoise-tourisme.fr\/wp-content\/uploads\/2021\/03\/Franc\u0327ois-Xavier-et-Marie-Astrid-Bernet-proprie\u0301taires-du-Cha\u0302teau-de-Montataire-200x133.jpg 200w, https:\/\/www.creilsudoise-tourisme.fr\/wp-content\/uploads\/2021\/03\/Franc\u0327ois-Xavier-et-Marie-Astrid-Bernet-proprie\u0301taires-du-Cha\u0302teau-de-Montataire-650x433.jpg 650w, https:\/\/www.creilsudoise-tourisme.fr\/wp-content\/uploads\/2021\/03\/Franc\u0327ois-Xavier-et-Marie-Astrid-Bernet-proprie\u0301taires-du-Cha\u0302teau-de-Montataire-387x258.jpg 387w\" sizes=\"(max-width: 800px) 100vw, 800px\" \/><figcaption class=\"wp-element-caption\">Creil Sud Oise Tourisme<\/figcaption><\/figure>\n<\/figure>\n\n\n\n<h2>Pasar la noche en el castillo<\/h2>\n\n\n\n<p><strong>Incluso se han renovado dos pisos peque\u00f1os<\/strong>Los apartamentos, disponibles para alquileres de corta estancia, constan cada uno de un sal\u00f3n con cocina, ba\u00f1o y dormitorio totalmente equipados. Disponen de todas las comodidades modernas (sof\u00e1, TV, wifi y, sobre todo, buena ropa de cama), pero tambi\u00e9n son muy confortables.<strong> su caso conserva todo el prestigio de lo antiguo. <\/strong>Una de las habitaciones est\u00e1 situada en una torre con b\u00f3veda de crucer\u00eda en la que figuran los escudos de armas de las familias que han vivido en el castillo.<strong> La oportunidad ideal para viajar en el tiempo en pareja o en familia<\/strong>Es un lugar cargado de historia y, sin embargo, muy vivo.<\/p>\n\n\n\n<p>\"\u00a0<em>Nuestro ch\u00e2teau es m\u00e1s que un proyecto familiar, es un proyecto de vida,<\/em> concluye Marie-Astrid. <em><strong>Vivimos en el castillo 24 horas al d\u00eda, pensamos en el castillo todo el tiempo <\/strong>pero es un verdadero placer, e incluso <strong>un honor, poder revivir el pasado. <\/strong>Incluso saludo a Henri IV cuando paso junto a su gran retrato y le cuento mi d\u00eda. <\/em><strong><em>Quiz\u00e1 alg\u00fan d\u00eda responda, \u00bfqui\u00e9n sabe?<\/em>\u00a0<\/strong>\".<\/p>\n\n\n\n<div class=\"is-layout-flex wp-container-16 wp-block-columns\">\n<div class=\"is-layout-flow wp-block-column\" style=\"flex-basis:25%\">\n<figure class=\"wp-block-image size-full\"><img decoding=\"async\" loading=\"lazy\" width=\"225\" height=\"225\" data-src=\"https:\/\/www.creilsudoise-tourisme.fr\/wp-content\/uploads\/2024\/03\/Emmanuel_Latouche.jpg\" alt=\"\" class=\"wp-image-52865\" data-srcset=\"https:\/\/www.creilsudoise-tourisme.fr\/wp-content\/uploads\/2024\/03\/Emmanuel_Latouche.jpg 225w, https:\/\/www.creilsudoise-tourisme.fr\/wp-content\/uploads\/2024\/03\/Emmanuel_Latouche-12x12.jpg 12w, https:\/\/www.creilsudoise-tourisme.fr\/wp-content\/uploads\/2024\/03\/Emmanuel_Latouche-200x200.jpg 200w\" sizes=\"(max-width: 225px) 100vw, 225px\" \/><figcaption class=\"wp-element-caption\">Emmanuel Latouche<\/figcaption><\/figure>\n<\/div>\n\n\n\n<div class=\"is-layout-flow wp-block-column is-vertically-aligned-center\" style=\"flex-basis:50%\">\n<p><strong>Emmanuel Latouche<\/strong> &#8211; <a href=\"https:\/\/leredac.com\/\" target=\"_blank\" rel=\"noreferrer noopener\">El Editor<\/a><\/p>\n<\/div>\n\n\n\n<div class=\"is-layout-flow wp-block-column\" style=\"flex-basis:25%\"><\/div>\n<\/div>\n\n\n\n<hr class=\"wp-block-separator has-alpha-channel-opacity\"\/>\n\n\n\n<h2>V\u00eddeo del castillo de Montataire<\/h2>\n\n\n\n<figure class=\"wp-block-embed is-type-video is-provider-youtube wp-block-embed-youtube wp-embed-aspect-16-9 wp-has-aspect-ratio\"><div class=\"wp-block-embed__wrapper\">\n<iframe loading=\"lazy\" title=\"[LES INCONTOURNABLES] El Castillo de Montataire | Creil Sud Oise Tourisme\" width=\"500\" height=\"281\" data-src=\"https:\/\/www.youtube.com\/embed\/fmzzVgNdKz0?feature=oembed\" frameborder=\"0\" allow=\"accelerometer; autoplay; clipboard-write; encrypted-media; gyroscope; picture-in-picture; web-share\" referrerpolicy=\"strict-origin-when-cross-origin\" allowfullscreen><\/iframe>\n<\/div><\/figure>\n\n\n\n<hr class=\"wp-block-separator has-alpha-channel-opacity\"\/>\n\n\n\n\n\n<hr class=\"wp-block-separator has-alpha-channel-opacity\"\/>\n\n\n\n<div class=\"wp-block wp-block-single-sit wp-block-single-sit-coordonnees\" >\n\n            <h2>Acceda a<\/h2>\n    \n    <div class=\"wp-block-media-text is-stacked-on-mobile\">\n\n        <div class=\"wp-block-media-text__media wpet-map-detail\" style=\"width:100%; height: 100%;\">\n            <div class=\"wp-block-media-text__media__content\" id=\"wpetSingleSitMap\" data-wpet-type-map=\"leaflet\" ><\/div>\n        <\/div>\n\n        <div class=\"wp-block-media-text__content\">\n\n                            <p class=\"wp-block-coordonnees__status wp-block-coordonnees__status--close\">\n                    Cerrado                <\/p>\n            \n            <p class=\"wp-block-media-text__content__address\">\n                                    <strong>Castillo de Montataire<\/strong><br \/>\n                \n                                    All\u00e9e des marronniers<br \/>\n                \n                                    <span>60160<\/span>\n                    <span>MONTATATAIRE<\/span><br \/>\n                            <\/p>\n\n                                                <p class=\"wp-block-media-text__content__phone\"><a data-type=\"TEL\" href=\"tel: 33 3 44 25 00 05\">+33 3 44 25 00 05<\/a><\/p>\n                            \n            <a href=\"https:\/\/www.google.fr\/maps?saddr&#038;daddr=49.2563337,2.44298939\" target=\"_blank\" class=\"button GtmButtonCalculItinerairePrestataire\" rel=\"noopener noreferrer\">Calcular mi ruta<\/a>\n        <\/div>\n    <\/div>\n<\/div>\n\n\n    <div class=\"wp-block wp-block-single-sit wp-block-single-sit-ouvertures\" id=\"opening\">\n\n                    <h2>Apertura<\/h2>\n        \n        \t<div class=\"wpetTableList\" >\n                <div data-id=\"wpet-table-slider-wrapper\">\n\t\t    \t\t\t\t\t\t<div class=\"wpetTableContainer\" >\n\t\t\t\t<table class=\"wpetTable wpTable--opening\">\n\t\t\t\t\t<thead class=\"wpetTableHeader\">\n\t\t\t\t\t<tr>\n\t\t\t\t\t\t<td colspan=\"2\">\n\t\t\t\t\t\t\t\t\t\t\t\t\t\t\tDu 05 enero au 30 diciembre\t\t\t\t\t\t\t\t\t\t\t\t\t<\/td>\n\t\t\t\t\t<\/tr>\n\t\t\t\t\t<\/thead>\n\t\t\t\t\t\t\t\t\t\t\t\t\t\t\t\t\t\t<tr class=\"wpetTableLine\">\n\t\t\t\t\t\t\t\t<td class=\"wpetTableCell\">Lunes<\/td>\n\t\t\t\t\t\t\t\t<td class=\"wpetTableCell\">Abierto de 10.00 a 12.00 h. y de 14.30 a 17.30 h.<\/td>\n\t\t\t\t\t\t\t<\/tr>\n\t\t\t\t\t\t\t\t\t\t\t\t\t\t\t\t\t\t\t\t\t\t\t\t<tr class=\"wpetTableLine\">\n\t\t\t\t\t\t\t\t<td class=\"wpetTableCell\">Martes<\/td>\n\t\t\t\t\t\t\t\t<td class=\"wpetTableCell\">Abierto de 10.00 a 12.00 h. y de 14.30 a 17.30 h.<\/td>\n\t\t\t\t\t\t\t<\/tr>\n\t\t\t\t\t\t\t\t\t\t\t\t\t\t\t\t\t\t\t\t\t\t\t\t<tr class=\"wpetTableLine\">\n\t\t\t\t\t\t\t\t<td class=\"wpetTableCell\">Mi\u00e9rcoles<\/td>\n\t\t\t\t\t\t\t\t<td class=\"wpetTableCell\">Abierto de 10.00 a 12.00 h. y de 14.30 a 17.30 h.<\/td>\n\t\t\t\t\t\t\t<\/tr>\n\t\t\t\t\t\t\t\t\t\t\t\t\t\t\t\t\t\t\t\t\t\t\t\t<tr class=\"wpetTableLine\">\n\t\t\t\t\t\t\t\t<td class=\"wpetTableCell\">Jueves<\/td>\n\t\t\t\t\t\t\t\t<td class=\"wpetTableCell\">Abierto de 10.00 a 12.00 h. y de 14.30 a 17.30 h.<\/td>\n\t\t\t\t\t\t\t<\/tr>\n\t\t\t\t\t\t\t\t\t\t\t\t\t\t\t\t\t\t\t\t\t\t\t\t<tr class=\"wpetTableLine\">\n\t\t\t\t\t\t\t\t<td class=\"wpetTableCell\">Viernes<\/td>\n\t\t\t\t\t\t\t\t<td class=\"wpetTableCell\">Abierto de 10.00 a 12.00 h. y de 14.30 a 17.30 h.<\/td>\n\t\t\t\t\t\t\t<\/tr>\n\t\t\t\t\t\t\t\t\t\t\t\t\t\t\t\t\t\t\t\t\t\t\t\t<tr class=\"wpetTableLine\">\n\t\t\t\t\t\t\t\t<td class=\"wpetTableCell\">S\u00e1bado<\/td>\n\t\t\t\t\t\t\t\t<td class=\"wpetTableCell\">Abierto de 10.00 a 12.00 h. y de 14.30 a 17.30 h.<\/td>\n\t\t\t\t\t\t\t<\/tr>\n\t\t\t\t\t\t\t\t\t\t\t\t\t\t\t\t\t\t\t\t\t\t\t\t<tr class=\"wpetTableLine\">\n\t\t\t\t\t\t\t\t<td class=\"wpetTableCell\">Domingo<\/td>\n\t\t\t\t\t\t\t\t<td class=\"wpetTableCell\">Abierto de 10.00 a 12.00 h. y de 14.30 a 17.30 h.<\/td>\n\t\t\t\t\t\t\t<\/tr>\n\t\t\t\t\t\t\t\t\t\t\t\t\t\t\t<\/table>\n\t\t\t<\/div>\n\t\t        <\/div>\n\t<\/div>\n\n    <\/div>\n\n\n\n    <div class=\"wp-block wp-block-single-sit wp-block-single-sit-tarifs\">\n\n                    <h2>Tarifas<\/h2>\n        \n        \n    <table class=\"wpetTable\">\n                    <tr class=\"wpetTableLine\">\n                <td class=\"wpetTableCell\">\n                    Tasa de adultos                                            <span class=\"wpetTableCell--complement entryMeta\">visita guiada con cita previa, precio a partir de 13 a\u00f1os<\/span>\n                                    <\/td>\n                <td class=\"wpetTableCell\">8 \u20ac<\/td>\n            <\/tr>\n                    <tr class=\"wpetTableLine\">\n                <td class=\"wpetTableCell\">\n                    Otras tarifas                                            <span class=\"wpetTableCell--complement entryMeta\">visita y merienda en el castillo<\/span>\n                                    <\/td>\n                <td class=\"wpetTableCell\">12 \u20ac<\/td>\n            <\/tr>\n                    <tr class=\"wpetTableLine\">\n                <td class=\"wpetTableCell\">\n                    Otras tarifas                                            <span class=\"wpetTableCell--complement entryMeta\">Sesi\u00f3n de Escape Game para 4 personas previa reserva<\/span>\n                                    <\/td>\n                <td class=\"wpetTableCell\">100 \u20ac<\/td>\n            <\/tr>\n                    <tr class=\"wpetTableLine\">\n                <td class=\"wpetTableCell\">\n                    Tarifa infantil                                            <span class=\"wpetTableCell--complement entryMeta\">3-12 a\u00f1os<\/span>\n                                    <\/td>\n                <td class=\"wpetTableCell\">5 \u20ac<\/td>\n            <\/tr>\n            <\/table>\n\n\n    \n    \n    \n    \n    <\/div>\n\n\n\n\n<hr class=\"wp-block-separator has-alpha-channel-opacity\"\/>\n\n\n<div class=\"wp-block wp-block-highlight\">\n            <h3 class=\"wp-block-highlight-item wp-block-highlight-title\">\u00bfQuiere saber m\u00e1s?<\/h3>\n                <p class=\"wp-block-highlight-item wp-block-highlight-excerpt\">Este hermoso reportaje se ha escrito coincidiendo con el lanzamiento del nuevo<strong> Creil Sud Oise Tourisme, primera revista de destino<\/strong>.<br>En el interior, n<strong>uchos otros art\u00edculos<\/strong> te llevar\u00e1 a conocer <strong>cifras locales<\/strong> y ofrecer <strong>ideas para salir<\/strong><br><strong>Pedido en<\/strong> para recibirlo en papel.<br><strong><a href=\"https:\/\/www.creilsudoise-tourisme.fr\/es\/practica\/folletos\/\" target=\"_blank\" rel=\"noreferrer noopener\">Haga clic aqu\u00ed para realizar el pedido<\/a><\/strong><\/p>\n    <\/div>","protected":false},"excerpt":{"rendered":"<p>En las alturas de la ciudad, a la sombra de la colegiata de Notre-Dame, construida en la misma \u00e9poca, se alza el castillo de Montataire, que ha sobrevivido muchos siglos y ha tenido muchos propietarios. Desde hace 12 a\u00f1os, la pasi\u00f3n contagiosa de un padre y su hija han transformado este viejo edificio deshabitado en un verdadero [...].<\/p>","protected":false},"author":3,"featured_media":56271,"comment_status":"closed","ping_status":"closed","sticky":false,"template":"","format":"standard","meta":{"_relevanssi_hide_post":"","_relevanssi_hide_content":"","_relevanssi_pin_for_all":"","_relevanssi_pin_keywords":"","_relevanssi_unpin_keywords":"","_relevanssi_related_keywords":"","_relevanssi_related_include_ids":"","_relevanssi_related_exclude_ids":"","_relevanssi_related_no_append":"","_relevanssi_related_not_related":"","_relevanssi_related_posts":"42107,43994,37757,39785,38910,54043","_relevanssi_noindex_reason":""},"categories":[10],"tags":[],"yoast_head":"<!-- This site is optimized with the Yoast SEO plugin v20.2.1 - https:\/\/yoast.com\/wordpress\/plugins\/seo\/ -->\n<title>Le Ch\u00e2teau de mon p\u00e8re<\/title>\n<meta name=\"description\" content=\"Rencontre avec Marie-Astrid et Fran\u00e7ois-Xavier Bernet, propri\u00e9taires et amoureux du Ch\u00e2teau de Montataire.\" \/>\n<meta name=\"robots\" content=\"index, follow, max-snippet:-1, max-image-preview:large, max-video-preview:-1\" \/>\n<link rel=\"canonical\" href=\"https:\/\/www.creilsudoise-tourisme.fr\/es\/2024\/11\/14\/famille-bernet\/\" \/>\n<meta property=\"og:locale\" content=\"es_ES\" \/>\n<meta property=\"og:type\" content=\"article\" \/>\n<meta property=\"og:title\" content=\"Le Ch\u00e2teau de mon p\u00e8re\" \/>\n<meta property=\"og:description\" content=\"Rencontre avec Marie-Astrid et Fran\u00e7ois-Xavier Bernet, propri\u00e9taires et amoureux du Ch\u00e2teau de Montataire.\" \/>\n<meta property=\"og:url\" content=\"https:\/\/www.creilsudoise-tourisme.fr\/es\/2024\/11\/14\/famille-bernet\/\" \/>\n<meta property=\"og:site_name\" content=\"Office de Tourisme Creil Sud Oise\" \/>\n<meta property=\"article:publisher\" content=\"https:\/\/www.facebook.com\/creilsudoisetourisme\/\" \/>\n<meta property=\"article:published_time\" content=\"2024-11-14T14:58:57+00:00\" \/>\n<meta property=\"article:modified_time\" content=\"2024-08-22T08:29:10+00:00\" \/>\n<meta property=\"og:image\" content=\"https:\/\/www.creilsudoise-tourisme.fr\/wp-content\/uploads\/2024\/08\/IMG_8395.jpg\" \/>\n\t<meta property=\"og:image:width\" content=\"1665\" \/>\n\t<meta property=\"og:image:height\" content=\"1920\" \/>\n\t<meta property=\"og:image:type\" content=\"image\/jpeg\" \/>\n<meta name=\"author\" content=\"fdubut\" \/>\n<meta name=\"twitter:card\" content=\"summary_large_image\" \/>\n<meta name=\"twitter:creator\" content=\"@CreilSudOiseOT\" \/>\n<meta name=\"twitter:site\" content=\"@CreilSudOiseOT\" \/>\n<meta name=\"twitter:label1\" content=\"Escrito por\" \/>\n\t<meta name=\"twitter:data1\" content=\"fdubut\" \/>\n\t<meta name=\"twitter:label2\" content=\"Tiempo de lectura\" \/>\n\t<meta name=\"twitter:data2\" content=\"7 minutos\" \/>\n<script type=\"application\/ld+json\" class=\"yoast-schema-graph\">{\"@context\":\"https:\/\/schema.org\",\"@graph\":[{\"@type\":\"Article\",\"@id\":\"https:\/\/www.creilsudoise-tourisme.fr\/2024\/11\/14\/famille-bernet\/#article\",\"isPartOf\":{\"@id\":\"https:\/\/www.creilsudoise-tourisme.fr\/2024\/11\/14\/famille-bernet\/\"},\"author\":{\"name\":\"fdubut\",\"@id\":\"https:\/\/www.creilsudoise-tourisme.fr\/#\/schema\/person\/c5140d47645b13bee896bfe05f1bd5da\"},\"headline\":\"Le Ch\u00e2teau de mon p\u00e8re\",\"datePublished\":\"2024-11-14T14:58:57+00:00\",\"dateModified\":\"2024-08-22T08:29:10+00:00\",\"mainEntityOfPage\":{\"@id\":\"https:\/\/www.creilsudoise-tourisme.fr\/2024\/11\/14\/famille-bernet\/\"},\"wordCount\":1418,\"publisher\":{\"@id\":\"https:\/\/www.creilsudoise-tourisme.fr\/#organization\"},\"articleSection\":[\"Nos ambassadeurs\"],\"inLanguage\":\"es\"},{\"@type\":\"WebPage\",\"@id\":\"https:\/\/www.creilsudoise-tourisme.fr\/2024\/11\/14\/famille-bernet\/\",\"url\":\"https:\/\/www.creilsudoise-tourisme.fr\/2024\/11\/14\/famille-bernet\/\",\"name\":\"Le Ch\u00e2teau de mon p\u00e8re\",\"isPartOf\":{\"@id\":\"https:\/\/www.creilsudoise-tourisme.fr\/#website\"},\"datePublished\":\"2024-11-14T14:58:57+00:00\",\"dateModified\":\"2024-08-22T08:29:10+00:00\",\"description\":\"Rencontre avec Marie-Astrid et Fran\u00e7ois-Xavier Bernet, propri\u00e9taires et amoureux du Ch\u00e2teau de Montataire.\",\"breadcrumb\":{\"@id\":\"https:\/\/www.creilsudoise-tourisme.fr\/2024\/11\/14\/famille-bernet\/#breadcrumb\"},\"inLanguage\":\"es\",\"potentialAction\":[{\"@type\":\"ReadAction\",\"target\":[\"https:\/\/www.creilsudoise-tourisme.fr\/2024\/11\/14\/famille-bernet\/\"]}]},{\"@type\":\"BreadcrumbList\",\"@id\":\"https:\/\/www.creilsudoise-tourisme.fr\/2024\/11\/14\/famille-bernet\/#breadcrumb\",\"itemListElement\":[{\"@type\":\"ListItem\",\"position\":1,\"name\":\"Accueil\",\"item\":\"https:\/\/www.creilsudoise-tourisme.fr\/\"},{\"@type\":\"ListItem\",\"position\":2,\"name\":\"Le Ch\u00e2teau de mon p\u00e8re\"}]},{\"@type\":\"WebSite\",\"@id\":\"https:\/\/www.creilsudoise-tourisme.fr\/#website\",\"url\":\"https:\/\/www.creilsudoise-tourisme.fr\/\",\"name\":\"Office de Tourisme Creil Sud Oise\",\"description\":\"Creil Sud Oise Tourisme, un territoire \u00e0 explorer !\",\"publisher\":{\"@id\":\"https:\/\/www.creilsudoise-tourisme.fr\/#organization\"},\"potentialAction\":[{\"@type\":\"SearchAction\",\"target\":{\"@type\":\"EntryPoint\",\"urlTemplate\":\"https:\/\/www.creilsudoise-tourisme.fr\/?s={search_term_string}\"},\"query-input\":\"required name=search_term_string\"}],\"inLanguage\":\"es\"},{\"@type\":\"Organization\",\"@id\":\"https:\/\/www.creilsudoise-tourisme.fr\/#organization\",\"name\":\"Creil Sud Oise Tourisme\",\"url\":\"https:\/\/www.creilsudoise-tourisme.fr\/\",\"logo\":{\"@type\":\"ImageObject\",\"inLanguage\":\"es\",\"@id\":\"https:\/\/www.creilsudoise-tourisme.fr\/#\/schema\/logo\/image\/\",\"url\":\"https:\/\/www.creilsudoise-tourisme.fr\/wp-content\/uploads\/2021\/05\/logo-svg.png\",\"contentUrl\":\"https:\/\/www.creilsudoise-tourisme.fr\/wp-content\/uploads\/2021\/05\/logo-svg.png\",\"width\":182,\"height\":71,\"caption\":\"Creil Sud Oise Tourisme\"},\"image\":{\"@id\":\"https:\/\/www.creilsudoise-tourisme.fr\/#\/schema\/logo\/image\/\"},\"sameAs\":[\"https:\/\/www.facebook.com\/creilsudoisetourisme\/\",\"https:\/\/twitter.com\/CreilSudOiseOT\",\"https:\/\/www.instagram.com\/creilsudoisetourisme\/\",\"https:\/\/www.youtube.com\/channel\/UC8L_QD2wwyADW14zt9fY8kw\"]},{\"@type\":\"Person\",\"@id\":\"https:\/\/www.creilsudoise-tourisme.fr\/#\/schema\/person\/c5140d47645b13bee896bfe05f1bd5da\",\"name\":\"fdubut\",\"image\":{\"@type\":\"ImageObject\",\"inLanguage\":\"es\",\"@id\":\"https:\/\/www.creilsudoise-tourisme.fr\/#\/schema\/person\/image\/\",\"url\":\"https:\/\/secure.gravatar.com\/avatar\/c49bb61337bf4556cafdbcb92c18618d?s=96&d=mm&r=g\",\"contentUrl\":\"https:\/\/secure.gravatar.com\/avatar\/c49bb61337bf4556cafdbcb92c18618d?s=96&d=mm&r=g\",\"caption\":\"fdubut\"},\"url\":\"https:\/\/www.creilsudoise-tourisme.fr\/es\/auteur\/fdubut\/\"}]}<\/script>\n<!-- \/ Yoast SEO plugin. -->","yoast_head_json":{"title":"Le Ch\u00e2teau de mon p\u00e8re","description":"Rencontre avec Marie-Astrid et Fran\u00e7ois-Xavier Bernet, propri\u00e9taires et amoureux du Ch\u00e2teau de Montataire.","robots":{"index":"index","follow":"follow","max-snippet":"max-snippet:-1","max-image-preview":"max-image-preview:large","max-video-preview":"max-video-preview:-1"},"canonical":"https:\/\/www.creilsudoise-tourisme.fr\/es\/2024\/11\/14\/famille-bernet\/","og_locale":"es_ES","og_type":"article","og_title":"Le Ch\u00e2teau de mon p\u00e8re","og_description":"Rencontre avec Marie-Astrid et Fran\u00e7ois-Xavier Bernet, propri\u00e9taires et amoureux du Ch\u00e2teau de Montataire.","og_url":"https:\/\/www.creilsudoise-tourisme.fr\/es\/2024\/11\/14\/famille-bernet\/","og_site_name":"Office de Tourisme Creil Sud Oise","article_publisher":"https:\/\/www.facebook.com\/creilsudoisetourisme\/","article_published_time":"2024-11-14T14:58:57+00:00","article_modified_time":"2024-08-22T08:29:10+00:00","og_image":[{"width":1665,"height":1920,"url":"https:\/\/www.creilsudoise-tourisme.fr\/wp-content\/uploads\/2024\/08\/IMG_8395.jpg","type":"image\/jpeg"}],"author":"fdubut","twitter_card":"summary_large_image","twitter_creator":"@CreilSudOiseOT","twitter_site":"@CreilSudOiseOT","twitter_misc":{"Escrito por":"fdubut","Tiempo de lectura":"7 minutos"},"schema":{"@context":"https:\/\/schema.org","@graph":[{"@type":"Article","@id":"https:\/\/www.creilsudoise-tourisme.fr\/2024\/11\/14\/famille-bernet\/#article","isPartOf":{"@id":"https:\/\/www.creilsudoise-tourisme.fr\/2024\/11\/14\/famille-bernet\/"},"author":{"name":"fdubut","@id":"https:\/\/www.creilsudoise-tourisme.fr\/#\/schema\/person\/c5140d47645b13bee896bfe05f1bd5da"},"headline":"Le Ch\u00e2teau de mon p\u00e8re","datePublished":"2024-11-14T14:58:57+00:00","dateModified":"2024-08-22T08:29:10+00:00","mainEntityOfPage":{"@id":"https:\/\/www.creilsudoise-tourisme.fr\/2024\/11\/14\/famille-bernet\/"},"wordCount":1418,"publisher":{"@id":"https:\/\/www.creilsudoise-tourisme.fr\/#organization"},"articleSection":["Nos ambassadeurs"],"inLanguage":"es"},{"@type":"WebPage","@id":"https:\/\/www.creilsudoise-tourisme.fr\/2024\/11\/14\/famille-bernet\/","url":"https:\/\/www.creilsudoise-tourisme.fr\/2024\/11\/14\/famille-bernet\/","name":"Le Ch\u00e2teau de mon p\u00e8re","isPartOf":{"@id":"https:\/\/www.creilsudoise-tourisme.fr\/#website"},"datePublished":"2024-11-14T14:58:57+00:00","dateModified":"2024-08-22T08:29:10+00:00","description":"Rencontre avec Marie-Astrid et Fran\u00e7ois-Xavier Bernet, propri\u00e9taires et amoureux du Ch\u00e2teau de Montataire.","breadcrumb":{"@id":"https:\/\/www.creilsudoise-tourisme.fr\/2024\/11\/14\/famille-bernet\/#breadcrumb"},"inLanguage":"es","potentialAction":[{"@type":"ReadAction","target":["https:\/\/www.creilsudoise-tourisme.fr\/2024\/11\/14\/famille-bernet\/"]}]},{"@type":"BreadcrumbList","@id":"https:\/\/www.creilsudoise-tourisme.fr\/2024\/11\/14\/famille-bernet\/#breadcrumb","itemListElement":[{"@type":"ListItem","position":1,"name":"Accueil","item":"https:\/\/www.creilsudoise-tourisme.fr\/"},{"@type":"ListItem","position":2,"name":"Le Ch\u00e2teau de mon p\u00e8re"}]},{"@type":"WebSite","@id":"https:\/\/www.creilsudoise-tourisme.fr\/#website","url":"https:\/\/www.creilsudoise-tourisme.fr\/","name":"Office de Tourisme Creil Sud Oise","description":"Creil Sud Oise Tourisme, un territoire \u00e0 explorer !","publisher":{"@id":"https:\/\/www.creilsudoise-tourisme.fr\/#organization"},"potentialAction":[{"@type":"SearchAction","target":{"@type":"EntryPoint","urlTemplate":"https:\/\/www.creilsudoise-tourisme.fr\/?s={search_term_string}"},"query-input":"required name=search_term_string"}],"inLanguage":"es"},{"@type":"Organization","@id":"https:\/\/www.creilsudoise-tourisme.fr\/#organization","name":"Creil Sud Oise Tourisme","url":"https:\/\/www.creilsudoise-tourisme.fr\/","logo":{"@type":"ImageObject","inLanguage":"es","@id":"https:\/\/www.creilsudoise-tourisme.fr\/#\/schema\/logo\/image\/","url":"https:\/\/www.creilsudoise-tourisme.fr\/wp-content\/uploads\/2021\/05\/logo-svg.png","contentUrl":"https:\/\/www.creilsudoise-tourisme.fr\/wp-content\/uploads\/2021\/05\/logo-svg.png","width":182,"height":71,"caption":"Creil Sud Oise Tourisme"},"image":{"@id":"https:\/\/www.creilsudoise-tourisme.fr\/#\/schema\/logo\/image\/"},"sameAs":["https:\/\/www.facebook.com\/creilsudoisetourisme\/","https:\/\/twitter.com\/CreilSudOiseOT","https:\/\/www.instagram.com\/creilsudoisetourisme\/","https:\/\/www.youtube.com\/channel\/UC8L_QD2wwyADW14zt9fY8kw"]},{"@type":"Person","@id":"https:\/\/www.creilsudoise-tourisme.fr\/#\/schema\/person\/c5140d47645b13bee896bfe05f1bd5da","name":"fdubut","image":{"@type":"ImageObject","inLanguage":"es","@id":"https:\/\/www.creilsudoise-tourisme.fr\/#\/schema\/person\/image\/","url":"https:\/\/secure.gravatar.com\/avatar\/c49bb61337bf4556cafdbcb92c18618d?s=96&d=mm&r=g","contentUrl":"https:\/\/secure.gravatar.com\/avatar\/c49bb61337bf4556cafdbcb92c18618d?s=96&d=mm&r=g","caption":"fdubut"},"url":"https:\/\/www.creilsudoise-tourisme.fr\/es\/auteur\/fdubut\/"}]}},"_links":{"self":[{"href":"https:\/\/www.creilsudoise-tourisme.fr\/es\/wp-json\/wp\/v2\/posts\/56183"}],"collection":[{"href":"https:\/\/www.creilsudoise-tourisme.fr\/es\/wp-json\/wp\/v2\/posts"}],"about":[{"href":"https:\/\/www.creilsudoise-tourisme.fr\/es\/wp-json\/wp\/v2\/types\/post"}],"author":[{"embeddable":true,"href":"https:\/\/www.creilsudoise-tourisme.fr\/es\/wp-json\/wp\/v2\/users\/3"}],"replies":[{"embeddable":true,"href":"https:\/\/www.creilsudoise-tourisme.fr\/es\/wp-json\/wp\/v2\/comments?post=56183"}],"version-history":[{"count":6,"href":"https:\/\/www.creilsudoise-tourisme.fr\/es\/wp-json\/wp\/v2\/posts\/56183\/revisions"}],"predecessor-version":[{"id":56314,"href":"https:\/\/www.creilsudoise-tourisme.fr\/es\/wp-json\/wp\/v2\/posts\/56183\/revisions\/56314"}],"wp:featuredmedia":[{"embeddable":true,"href":"https:\/\/www.creilsudoise-tourisme.fr\/es\/wp-json\/wp\/v2\/media\/56271"}],"wp:attachment":[{"href":"https:\/\/www.creilsudoise-tourisme.fr\/es\/wp-json\/wp\/v2\/media?parent=56183"}],"wp:term":[{"taxonomy":"category","embeddable":true,"href":"https:\/\/www.creilsudoise-tourisme.fr\/es\/wp-json\/wp\/v2\/categories?post=56183"},{"taxonomy":"post_tag","embeddable":true,"href":"https:\/\/www.creilsudoise-tourisme.fr\/es\/wp-json\/wp\/v2\/tags?post=56183"}],"curies":[{"name":"wp","href":"https:\/\/api.w.org\/{rel}","templated":true}]}}