{"id":56179,"date":"2024-10-22T10:21:00","date_gmt":"2024-10-22T08:21:00","guid":{"rendered":"https:\/\/www.creilsudoise-tourisme.fr\/?p=56179"},"modified":"2024-08-21T17:21:58","modified_gmt":"2024-08-21T15:21:58","slug":"gerard-lequien","status":"publish","type":"post","link":"https:\/\/www.creilsudoise-tourisme.fr\/es\/2024\/10\/22\/gerard-lequien\/","title":{"rendered":"El recuerdo de la guerra a\u00e9rea"},"content":{"rendered":"<p class=\"is-style-excerpt\">En<strong> accidente de bombardero <\/strong>el 6 de septiembre de 1943 sobre su pueblo natal de Airion como el<strong>s\u00f3lo ten\u00eda 13 a\u00f1os <\/strong>ha sido decisiva en la vida de <strong>G\u00e9rard Lequien<\/strong>. Desde hace ochenta a\u00f1os, investiga, se pone en contacto con aviadores y sus familias, y recoge restos, objetos y documentos relacionados con algunos de los 500 aviones militares que cayeron entre 1940 y 1945 en la regi\u00f3n de Oise. <strong>Don\u00f3 todos sus tesoros a la ciudad de Saint-Maximin <\/strong>que abri\u00f3 un <strong>museo de los bombardeos, donde es un gu\u00eda fascinante.<\/strong><\/p>\n\n\n\n<div class=\"is-layout-flex wp-container-3 wp-block-columns\">\n<div class=\"is-layout-flow wp-block-column\" style=\"flex-basis:33.33%\">\n<figure class=\"wp-block-image size-large\"><img decoding=\"async\" loading=\"lazy\" width=\"900\" height=\"1200\" data-src=\"https:\/\/www.creilsudoise-tourisme.fr\/wp-content\/uploads\/2024\/08\/2023-07-12-Saint-Maximin-Gerard-Lequien-musee-des-bombardements-IMG_5813-900x1200.jpg\" alt=\"\" class=\"wp-image-56275\" data-srcset=\"https:\/\/www.creilsudoise-tourisme.fr\/wp-content\/uploads\/2024\/08\/2023-07-12-Saint-Maximin-Gerard-Lequien-musee-des-bombardements-IMG_5813-900x1200.jpg 900w, https:\/\/www.creilsudoise-tourisme.fr\/wp-content\/uploads\/2024\/08\/2023-07-12-Saint-Maximin-Gerard-Lequien-musee-des-bombardements-IMG_5813-450x600.jpg 450w, https:\/\/www.creilsudoise-tourisme.fr\/wp-content\/uploads\/2024\/08\/2023-07-12-Saint-Maximin-Gerard-Lequien-musee-des-bombardements-IMG_5813-675x900.jpg 675w, https:\/\/www.creilsudoise-tourisme.fr\/wp-content\/uploads\/2024\/08\/2023-07-12-Saint-Maximin-Gerard-Lequien-musee-des-bombardements-IMG_5813-1152x1536.jpg 1152w, https:\/\/www.creilsudoise-tourisme.fr\/wp-content\/uploads\/2024\/08\/2023-07-12-Saint-Maximin-Gerard-Lequien-musee-des-bombardements-IMG_5813-9x12.jpg 9w, https:\/\/www.creilsudoise-tourisme.fr\/wp-content\/uploads\/2024\/08\/2023-07-12-Saint-Maximin-Gerard-Lequien-musee-des-bombardements-IMG_5813-200x267.jpg 200w, https:\/\/www.creilsudoise-tourisme.fr\/wp-content\/uploads\/2024\/08\/2023-07-12-Saint-Maximin-Gerard-Lequien-musee-des-bombardements-IMG_5813-650x867.jpg 650w, https:\/\/www.creilsudoise-tourisme.fr\/wp-content\/uploads\/2024\/08\/2023-07-12-Saint-Maximin-Gerard-Lequien-musee-des-bombardements-IMG_5813-387x516.jpg 387w, https:\/\/www.creilsudoise-tourisme.fr\/wp-content\/uploads\/2024\/08\/2023-07-12-Saint-Maximin-Gerard-Lequien-musee-des-bombardements-IMG_5813.jpg 1440w\" sizes=\"(max-width: 900px) 100vw, 900px\" \/><\/figure>\n<\/div>\n\n\n\n<div class=\"is-layout-flow wp-block-column\" style=\"flex-basis:66.66%\">\n<p><strong>G\u00e9rard Lequien<\/strong>coleccionista del Museo de los Bombardeos de Saint-Maximin, nos recibi\u00f3 para hablarnos de su magn\u00edfica colecci\u00f3n.<\/p>\n<\/div>\n<\/div>\n\n\n\n<h2>Accidente a\u00e9reo en 1973<\/h2>\n\n\n\n<p>Ya sea un trozo de metal, un uniforme, una medalla, un bid\u00f3n o un documento, lo sabe todo sobre su historia. A qu\u00e9 avi\u00f3n o militar perteneci\u00f3, d\u00f3nde y cu\u00e1ndo lo encontr\u00f3.<strong> G\u00e9rard Lequien es el guardi\u00e1n de la memoria de las horas oscuras de la guerra a\u00e9rea en los cielos de la regi\u00f3n de Oise entre 1940 y 1945.<\/strong><\/p>\n\n\n\n<p>\"<em>\u00a0<strong>Esta pasi\u00f3n se remonta al 6 de septiembre de 1943<\/strong>, <\/em>explica este sonriente bigotudo de 93 a\u00f1os.<em> Durante semanas, cientos de bombarderos aliados hab\u00edan pasado a diario sobre Airion, donde nac\u00ed cerca de Clermont. Y aquel d\u00eda me di cuenta de que uno de ellos ten\u00eda problemas cuando vi abrirse dos paraca\u00eddas. La informaci\u00f3n no circulaba como hoy, y <strong>despu\u00e9s de unos d\u00edas supe que se hab\u00eda estrellado en el Bois des Moines,<\/strong> al este del pueblo. Fui all\u00ed con unos amigos, pero nos rechazaron porque el lugar estaba vigilado por el ej\u00e9rcito alem\u00e1n. Cuando volv\u00ed mucho m\u00e1s tarde, estuve excavando y encontr\u00e9 varias piezas del avi\u00f3n que no hab\u00edan sido recuperadas para refundirlas.<\/em>\u00a0\"El virus hab\u00eda sido inoculado y la curiosidad iba a ganar.<\/p>\n\n\n\n<p>\"\u00a0<em>Me enter\u00e9 de que este B17 de la 8<sup>e<\/sup> Fuerza A\u00e9rea, un bombardero pesado cuatrimotor de 10 plazas llamado <\/em>\"Lucky Thirteen\",<em> volv\u00eda de Stuttgart, en Alemania, tras un bombardeo, y que <strong>mientras que 7 miembros de la tripulaci\u00f3n fueron capturados por los alemanes, otros 3 fueron acogidos por la Resistencia<\/strong>. <\/em>\"Sin embargo, saber m\u00e1s sobre este B17 no era suficiente, y durante d\u00e9cadas G\u00e9rard Lequien se interes\u00f3 por m\u00e1s de otros sesenta aviones derribados durante este periodo en el departamento.<\/p>\n\n\n\n<figure class=\"wp-block-image size-large\"><img decoding=\"async\" loading=\"lazy\" width=\"1200\" height=\"927\" data-src=\"https:\/\/www.creilsudoise-tourisme.fr\/wp-content\/uploads\/2021\/02\/v1-1200x927.jpg\" alt=\"La bomba V1 se mont\u00f3 en una cantera subterr\u00e1nea de Saint-Leu-d&#039;Esserent\" class=\"wp-image-33897\" data-srcset=\"https:\/\/www.creilsudoise-tourisme.fr\/wp-content\/uploads\/2021\/02\/v1-1200x927.jpg 1200w, https:\/\/www.creilsudoise-tourisme.fr\/wp-content\/uploads\/2021\/02\/v1-600x464.jpg 600w, https:\/\/www.creilsudoise-tourisme.fr\/wp-content\/uploads\/2021\/02\/v1-900x695.jpg 900w, https:\/\/www.creilsudoise-tourisme.fr\/wp-content\/uploads\/2021\/02\/v1-1536x1187.jpg 1536w, https:\/\/www.creilsudoise-tourisme.fr\/wp-content\/uploads\/2021\/02\/v1-200x155.jpg 200w, https:\/\/www.creilsudoise-tourisme.fr\/wp-content\/uploads\/2021\/02\/v1-650x502.jpg 650w, https:\/\/www.creilsudoise-tourisme.fr\/wp-content\/uploads\/2021\/02\/v1-387x299.jpg 387w, https:\/\/www.creilsudoise-tourisme.fr\/wp-content\/uploads\/2021\/02\/v1-275x212.jpg 275w, https:\/\/www.creilsudoise-tourisme.fr\/wp-content\/uploads\/2021\/02\/v1.jpg 2000w\" sizes=\"(max-width: 1200px) 100vw, 1200px\" \/><\/figure>\n\n\n\n<h2>Mil y una profesiones<\/h2>\n\n\n\n<p><strong>Pero antes de sacrificar tu tiempo a esta actividad, ten\u00edas que trabajar.<\/strong> \"<em>\u00a0Mis padres eran agricultores y gestionaban 300 hect\u00e1reas. As\u00ed que en cuanto recib\u00ed el \"\u00a0<\/em>certificaci\u00f3n\u00a0<em>\"Me un\u00ed a ellos. Siete a\u00f1os m\u00e1s tarde, me fui a hacer el servicio militar a Berl\u00edn en la 11<sup>e<\/sup> regimiento blindado. Despu\u00e9s de los tractores, conducir un tanque no me impresionaba... \u00c9ramos 400 j\u00f3venes franceses, y desde el primer d\u00eda el capit\u00e1n quiso verme: como era el \u00fanico que ten\u00eda todas las licencias, <strong>me pidi\u00f3 que fuera su ch\u00f3fer<\/strong> durante dos a\u00f1os. Sol\u00eda recogerle por la ma\u00f1ana en un flamante Opel Kapitan, y <strong>Por las tardes llevaba a su mujer de compras. Incluso cuidaba de su perro.\u00a0<\/strong><\/em>\"<\/p>\n\n\n\n<p>Desmovilizado en 1953, el joven decide olvidar la agricultura. Como conductor de una planta qu\u00edmica de Catenoy, empez\u00f3 a transportar \u00e9ter, alcohol y otros productos a 300 clientes de Lille a Par\u00eds. Luego, por casualidad, se incorpor\u00f3 al <strong>Centro hospitalario interdepartamental Fitz-James para ser enfermero psiqui\u00e1trico<\/strong>\u00a0Se qued\u00f3 32 a\u00f1os. \"<em>\u00a0En aquel momento albergaba a 4.300 pacientes en 17 pabellones, <\/em>recuerda. <em>En la unidad para pacientes dif\u00edciles, cre\u00e9 talleres de terapia ocupacional con actividades profesionales, y organic\u00e9 acampadas en el bosque de Hez para sacar a los pacientes de la instituci\u00f3n, lo que fue innovador.<\/em>\u00a0\"<\/p>\n\n\n\n<h2>Una pasi\u00f3n desde 1960<\/h2>\n\n\n\n<p>En cuanto a su tiempo libre, a partir de 1960 lo dedic\u00f3 exclusivamente a sus investigaciones sobre accidentes a\u00e9reos, tras descubrir que <strong>su padre y su hermano mayor eran miembros de la Resistencia\u00a0<\/strong>: \"<em>\u00a0Participaron en el primer lanzamiento de armas en paraca\u00eddas en el departamento de Oise, en Airion.<\/em>\u00a0\".<\/p>\n\n\n\n<figure class=\"is-layout-flex wp-block-gallery-4 wp-block-gallery has-nested-images columns-default is-cropped\">\n<figure class=\"wp-block-image size-large\"><img decoding=\"async\" loading=\"lazy\" width=\"900\" height=\"1200\" data-id=\"56282\"  data-src=\"https:\/\/www.creilsudoise-tourisme.fr\/wp-content\/uploads\/2024\/08\/2023-07-12-Saint-Maximin-Gerard-Lequien-musee-des-bombardements-IMG_5831-900x1200.jpg\" alt=\"Mus\u00e9e bombardments oise guerre seconde mondiale grande guerre souvenir visite guid\u00e9e Saint-Maximin\" class=\"wp-image-56282\" data-srcset=\"https:\/\/www.creilsudoise-tourisme.fr\/wp-content\/uploads\/2024\/08\/2023-07-12-Saint-Maximin-Gerard-Lequien-musee-des-bombardements-IMG_5831-900x1200.jpg 900w, https:\/\/www.creilsudoise-tourisme.fr\/wp-content\/uploads\/2024\/08\/2023-07-12-Saint-Maximin-Gerard-Lequien-musee-des-bombardements-IMG_5831-450x600.jpg 450w, https:\/\/www.creilsudoise-tourisme.fr\/wp-content\/uploads\/2024\/08\/2023-07-12-Saint-Maximin-Gerard-Lequien-musee-des-bombardements-IMG_5831-675x900.jpg 675w, https:\/\/www.creilsudoise-tourisme.fr\/wp-content\/uploads\/2024\/08\/2023-07-12-Saint-Maximin-Gerard-Lequien-musee-des-bombardements-IMG_5831-9x12.jpg 9w, https:\/\/www.creilsudoise-tourisme.fr\/wp-content\/uploads\/2024\/08\/2023-07-12-Saint-Maximin-Gerard-Lequien-musee-des-bombardements-IMG_5831-200x267.jpg 200w, https:\/\/www.creilsudoise-tourisme.fr\/wp-content\/uploads\/2024\/08\/2023-07-12-Saint-Maximin-Gerard-Lequien-musee-des-bombardements-IMG_5831-650x867.jpg 650w, https:\/\/www.creilsudoise-tourisme.fr\/wp-content\/uploads\/2024\/08\/2023-07-12-Saint-Maximin-Gerard-Lequien-musee-des-bombardements-IMG_5831-387x516.jpg 387w, https:\/\/www.creilsudoise-tourisme.fr\/wp-content\/uploads\/2024\/08\/2023-07-12-Saint-Maximin-Gerard-Lequien-musee-des-bombardements-IMG_5831.jpg 1110w\" sizes=\"(max-width: 900px) 100vw, 900px\" \/><figcaption class=\"wp-element-caption\">Fred Noury<\/figcaption><\/figure>\n\n\n\n<figure class=\"wp-block-image size-large\"><img decoding=\"async\" loading=\"lazy\" width=\"1200\" height=\"900\" data-id=\"56237\"  data-src=\"https:\/\/www.creilsudoise-tourisme.fr\/wp-content\/uploads\/2024\/08\/Musee_Bombardements-Saint_Maximin-Creil_Sud_Oise_Tourisme-9-1200x900.jpg\" alt=\"Mus\u00e9e bombardments oise guerre seconde mondiale grande guerre souvenir visite guid\u00e9e Saint-Maximin\" class=\"wp-image-56237\" data-srcset=\"https:\/\/www.creilsudoise-tourisme.fr\/wp-content\/uploads\/2024\/08\/Musee_Bombardements-Saint_Maximin-Creil_Sud_Oise_Tourisme-9-1200x900.jpg 1200w, https:\/\/www.creilsudoise-tourisme.fr\/wp-content\/uploads\/2024\/08\/Musee_Bombardements-Saint_Maximin-Creil_Sud_Oise_Tourisme-9-600x450.jpg 600w, https:\/\/www.creilsudoise-tourisme.fr\/wp-content\/uploads\/2024\/08\/Musee_Bombardements-Saint_Maximin-Creil_Sud_Oise_Tourisme-9-900x675.jpg 900w, https:\/\/www.creilsudoise-tourisme.fr\/wp-content\/uploads\/2024\/08\/Musee_Bombardements-Saint_Maximin-Creil_Sud_Oise_Tourisme-9-16x12.jpg 16w, https:\/\/www.creilsudoise-tourisme.fr\/wp-content\/uploads\/2024\/08\/Musee_Bombardements-Saint_Maximin-Creil_Sud_Oise_Tourisme-9-200x150.jpg 200w, https:\/\/www.creilsudoise-tourisme.fr\/wp-content\/uploads\/2024\/08\/Musee_Bombardements-Saint_Maximin-Creil_Sud_Oise_Tourisme-9-650x488.jpg 650w, https:\/\/www.creilsudoise-tourisme.fr\/wp-content\/uploads\/2024\/08\/Musee_Bombardements-Saint_Maximin-Creil_Sud_Oise_Tourisme-9-387x290.jpg 387w, https:\/\/www.creilsudoise-tourisme.fr\/wp-content\/uploads\/2024\/08\/Musee_Bombardements-Saint_Maximin-Creil_Sud_Oise_Tourisme-9.jpg 1480w\" sizes=\"(max-width: 1200px) 100vw, 1200px\" \/><figcaption class=\"wp-element-caption\">Creil Sud Oise Tourisme<\/figcaption><\/figure>\n\n\n\n<figure class=\"wp-block-image size-large\"><img decoding=\"async\" loading=\"lazy\" width=\"1200\" height=\"900\" data-id=\"55275\"  data-src=\"https:\/\/www.creilsudoise-tourisme.fr\/wp-content\/uploads\/wpetourisme\/Musee-des-bombardements---CreilSudOise-Tourisme--2--1200x900.jpg\" alt=\"\" class=\"wp-image-55275\" data-srcset=\"https:\/\/www.creilsudoise-tourisme.fr\/wp-content\/uploads\/wpetourisme\/Musee-des-bombardements---CreilSudOise-Tourisme--2--1200x900.jpg 1200w, https:\/\/www.creilsudoise-tourisme.fr\/wp-content\/uploads\/wpetourisme\/Musee-des-bombardements---CreilSudOise-Tourisme--2--600x450.jpg 600w, https:\/\/www.creilsudoise-tourisme.fr\/wp-content\/uploads\/wpetourisme\/Musee-des-bombardements---CreilSudOise-Tourisme--2--900x675.jpg 900w, https:\/\/www.creilsudoise-tourisme.fr\/wp-content\/uploads\/wpetourisme\/Musee-des-bombardements---CreilSudOise-Tourisme--2--1536x1152.jpg 1536w, https:\/\/www.creilsudoise-tourisme.fr\/wp-content\/uploads\/wpetourisme\/Musee-des-bombardements---CreilSudOise-Tourisme--2--2048x1536.jpg 2048w, https:\/\/www.creilsudoise-tourisme.fr\/wp-content\/uploads\/wpetourisme\/Musee-des-bombardements---CreilSudOise-Tourisme--2--16x12.jpg 16w, https:\/\/www.creilsudoise-tourisme.fr\/wp-content\/uploads\/wpetourisme\/Musee-des-bombardements---CreilSudOise-Tourisme--2--200x150.jpg 200w, https:\/\/www.creilsudoise-tourisme.fr\/wp-content\/uploads\/wpetourisme\/Musee-des-bombardements---CreilSudOise-Tourisme--2--650x488.jpg 650w, https:\/\/www.creilsudoise-tourisme.fr\/wp-content\/uploads\/wpetourisme\/Musee-des-bombardements---CreilSudOise-Tourisme--2--387x290.jpg 387w\" sizes=\"(max-width: 1200px) 100vw, 1200px\" \/><\/figure>\n\n\n\n<figure class=\"wp-block-image size-large\"><img decoding=\"async\" loading=\"lazy\" width=\"1200\" height=\"675\" data-id=\"56235\"  data-src=\"https:\/\/www.creilsudoise-tourisme.fr\/wp-content\/uploads\/2024\/08\/Musee_Bombardements-Saint_Maximin-Creil_Sud_Oise_Tourisme-4-1200x675.jpg\" alt=\"Mus\u00e9e bombardments oise guerre seconde mondiale grande guerre souvenir visite guid\u00e9e Saint-Maximin\" class=\"wp-image-56235\" data-srcset=\"https:\/\/www.creilsudoise-tourisme.fr\/wp-content\/uploads\/2024\/08\/Musee_Bombardements-Saint_Maximin-Creil_Sud_Oise_Tourisme-4-1200x675.jpg 1200w, https:\/\/www.creilsudoise-tourisme.fr\/wp-content\/uploads\/2024\/08\/Musee_Bombardements-Saint_Maximin-Creil_Sud_Oise_Tourisme-4-600x338.jpg 600w, https:\/\/www.creilsudoise-tourisme.fr\/wp-content\/uploads\/2024\/08\/Musee_Bombardements-Saint_Maximin-Creil_Sud_Oise_Tourisme-4-900x507.jpg 900w, https:\/\/www.creilsudoise-tourisme.fr\/wp-content\/uploads\/2024\/08\/Musee_Bombardements-Saint_Maximin-Creil_Sud_Oise_Tourisme-4-18x10.jpg 18w, https:\/\/www.creilsudoise-tourisme.fr\/wp-content\/uploads\/2024\/08\/Musee_Bombardements-Saint_Maximin-Creil_Sud_Oise_Tourisme-4-200x113.jpg 200w, https:\/\/www.creilsudoise-tourisme.fr\/wp-content\/uploads\/2024\/08\/Musee_Bombardements-Saint_Maximin-Creil_Sud_Oise_Tourisme-4-650x366.jpg 650w, https:\/\/www.creilsudoise-tourisme.fr\/wp-content\/uploads\/2024\/08\/Musee_Bombardements-Saint_Maximin-Creil_Sud_Oise_Tourisme-4-387x218.jpg 387w, https:\/\/www.creilsudoise-tourisme.fr\/wp-content\/uploads\/2024\/08\/Musee_Bombardements-Saint_Maximin-Creil_Sud_Oise_Tourisme-4.jpg 1480w\" sizes=\"(max-width: 1200px) 100vw, 1200px\" \/><figcaption class=\"wp-element-caption\">Creil Sud Oise Tourisme<\/figcaption><\/figure>\n<\/figure>\n\n\n\n<h3>En contacto con las familias de los aviadores<\/h3>\n\n\n\n<p>Viajero incansable, G\u00e9rard Lequien coteja informaci\u00f3n, visita sitios y la gente empieza a hablar de \u00e9l. \"<em>\u00a0En mayo de 2006, <strong>Recib\u00ed una llamada de Inglaterra<\/strong>\u00a0Un coleccionista se enter\u00f3 de mi trabajo por un art\u00edculo de peri\u00f3dico. Hab\u00eda pertenecido a un grupo de ex militares que trabajaban en la historia del Airion B17, pero no consegu\u00edan localizar el lugar exacto del accidente.<\/em>\"<\/p>\n\n\n\n<figure class=\"is-layout-flex wp-block-gallery-6 wp-block-gallery has-nested-images columns-default is-cropped\">\n<figure class=\"wp-block-image size-large\"><img decoding=\"async\" loading=\"lazy\" width=\"1200\" height=\"675\" data-id=\"50240\"  data-src=\"https:\/\/www.creilsudoise-tourisme.fr\/wp-content\/uploads\/wpetourisme\/Musee-des-bombardements-a-Saint-Maximin---Creil-Sud-Oise-Tourisme--5--1200x675.jpg\" alt=\"\" class=\"wp-image-50240\" data-srcset=\"https:\/\/www.creilsudoise-tourisme.fr\/wp-content\/uploads\/wpetourisme\/Musee-des-bombardements-a-Saint-Maximin---Creil-Sud-Oise-Tourisme--5--1200x675.jpg 1200w, https:\/\/www.creilsudoise-tourisme.fr\/wp-content\/uploads\/wpetourisme\/Musee-des-bombardements-a-Saint-Maximin---Creil-Sud-Oise-Tourisme--5--600x338.jpg 600w, https:\/\/www.creilsudoise-tourisme.fr\/wp-content\/uploads\/wpetourisme\/Musee-des-bombardements-a-Saint-Maximin---Creil-Sud-Oise-Tourisme--5--900x507.jpg 900w, https:\/\/www.creilsudoise-tourisme.fr\/wp-content\/uploads\/wpetourisme\/Musee-des-bombardements-a-Saint-Maximin---Creil-Sud-Oise-Tourisme--5--18x10.jpg 18w, https:\/\/www.creilsudoise-tourisme.fr\/wp-content\/uploads\/wpetourisme\/Musee-des-bombardements-a-Saint-Maximin---Creil-Sud-Oise-Tourisme--5--200x113.jpg 200w, https:\/\/www.creilsudoise-tourisme.fr\/wp-content\/uploads\/wpetourisme\/Musee-des-bombardements-a-Saint-Maximin---Creil-Sud-Oise-Tourisme--5--650x366.jpg 650w, https:\/\/www.creilsudoise-tourisme.fr\/wp-content\/uploads\/wpetourisme\/Musee-des-bombardements-a-Saint-Maximin---Creil-Sud-Oise-Tourisme--5--387x218.jpg 387w, https:\/\/www.creilsudoise-tourisme.fr\/wp-content\/uploads\/wpetourisme\/Musee-des-bombardements-a-Saint-Maximin---Creil-Sud-Oise-Tourisme--5-.jpg 1480w\" sizes=\"(max-width: 1200px) 100vw, 1200px\" \/><\/figure>\n\n\n\n<figure class=\"wp-block-image size-large\"><img decoding=\"async\" loading=\"lazy\" width=\"1200\" height=\"675\" data-id=\"50244\"  data-src=\"https:\/\/www.creilsudoise-tourisme.fr\/wp-content\/uploads\/wpetourisme\/Musee-des-bombardements-a-Saint-Maximin---Creil-Sud-Oise-Tourisme--1--1200x675.jpg\" alt=\"\" class=\"wp-image-50244\" data-srcset=\"https:\/\/www.creilsudoise-tourisme.fr\/wp-content\/uploads\/wpetourisme\/Musee-des-bombardements-a-Saint-Maximin---Creil-Sud-Oise-Tourisme--1--1200x675.jpg 1200w, https:\/\/www.creilsudoise-tourisme.fr\/wp-content\/uploads\/wpetourisme\/Musee-des-bombardements-a-Saint-Maximin---Creil-Sud-Oise-Tourisme--1--600x338.jpg 600w, https:\/\/www.creilsudoise-tourisme.fr\/wp-content\/uploads\/wpetourisme\/Musee-des-bombardements-a-Saint-Maximin---Creil-Sud-Oise-Tourisme--1--900x507.jpg 900w, https:\/\/www.creilsudoise-tourisme.fr\/wp-content\/uploads\/wpetourisme\/Musee-des-bombardements-a-Saint-Maximin---Creil-Sud-Oise-Tourisme--1--18x10.jpg 18w, https:\/\/www.creilsudoise-tourisme.fr\/wp-content\/uploads\/wpetourisme\/Musee-des-bombardements-a-Saint-Maximin---Creil-Sud-Oise-Tourisme--1--200x113.jpg 200w, https:\/\/www.creilsudoise-tourisme.fr\/wp-content\/uploads\/wpetourisme\/Musee-des-bombardements-a-Saint-Maximin---Creil-Sud-Oise-Tourisme--1--650x366.jpg 650w, https:\/\/www.creilsudoise-tourisme.fr\/wp-content\/uploads\/wpetourisme\/Musee-des-bombardements-a-Saint-Maximin---Creil-Sud-Oise-Tourisme--1--387x218.jpg 387w, https:\/\/www.creilsudoise-tourisme.fr\/wp-content\/uploads\/wpetourisme\/Musee-des-bombardements-a-Saint-Maximin---Creil-Sud-Oise-Tourisme--1-.jpg 1480w\" sizes=\"(max-width: 1200px) 100vw, 1200px\" \/><\/figure>\n\n\n\n<figure class=\"wp-block-image size-large\"><img decoding=\"async\" loading=\"lazy\" width=\"674\" height=\"1200\" data-id=\"56239\"  data-src=\"https:\/\/www.creilsudoise-tourisme.fr\/wp-content\/uploads\/2024\/08\/Musee_Bombardements-Saint_Maximin-Creil_Sud_Oise_Tourisme-43-674x1200.jpg\" alt=\"Mus\u00e9e bombardments oise guerre seconde mondiale grande guerre souvenir visite guid\u00e9e Saint-Maximin\" class=\"wp-image-56239\" data-srcset=\"https:\/\/www.creilsudoise-tourisme.fr\/wp-content\/uploads\/2024\/08\/Musee_Bombardements-Saint_Maximin-Creil_Sud_Oise_Tourisme-43-674x1200.jpg 674w, https:\/\/www.creilsudoise-tourisme.fr\/wp-content\/uploads\/2024\/08\/Musee_Bombardements-Saint_Maximin-Creil_Sud_Oise_Tourisme-43-337x600.jpg 337w, https:\/\/www.creilsudoise-tourisme.fr\/wp-content\/uploads\/2024\/08\/Musee_Bombardements-Saint_Maximin-Creil_Sud_Oise_Tourisme-43-505x900.jpg 505w, https:\/\/www.creilsudoise-tourisme.fr\/wp-content\/uploads\/2024\/08\/Musee_Bombardements-Saint_Maximin-Creil_Sud_Oise_Tourisme-43-7x12.jpg 7w, https:\/\/www.creilsudoise-tourisme.fr\/wp-content\/uploads\/2024\/08\/Musee_Bombardements-Saint_Maximin-Creil_Sud_Oise_Tourisme-43-200x356.jpg 200w, https:\/\/www.creilsudoise-tourisme.fr\/wp-content\/uploads\/2024\/08\/Musee_Bombardements-Saint_Maximin-Creil_Sud_Oise_Tourisme-43-650x1158.jpg 650w, https:\/\/www.creilsudoise-tourisme.fr\/wp-content\/uploads\/2024\/08\/Musee_Bombardements-Saint_Maximin-Creil_Sud_Oise_Tourisme-43-387x689.jpg 387w, https:\/\/www.creilsudoise-tourisme.fr\/wp-content\/uploads\/2024\/08\/Musee_Bombardements-Saint_Maximin-Creil_Sud_Oise_Tourisme-43.jpg 831w\" sizes=\"(max-width: 674px) 100vw, 674px\" \/><figcaption class=\"wp-element-caption\">Creil Sud Oise Tourisme<\/figcaption><\/figure>\n<\/figure>\n\n\n\n<p>En misi\u00f3n de recuerdo, <strong>G\u00e9rard Lequien ampli\u00f3 sus actividades a partir de 1970 poni\u00e9ndose en contacto con familias de Estados Unidos.<em>\u00a0sin hablar ingl\u00e9s\u00a0<\/em>\"<\/strong>se r\u00ede. A lo largo de los a\u00f1os,<strong> Su garaje est\u00e1 lleno de cientos de objetos relacionados con la Segunda Guerra Mundial.<\/strong>. \u00a1Incluso un Jeep y una ambulancia Dodge! \"\u00a0<em>Desde hace 11 a\u00f1os <strong>He organizado algunas reuniones de veh\u00edculos militares de \u00e9poca en Normand\u00eda<\/strong>, <\/em>revela. <em>J<strong>He colaborado en varios libros, entre ellos uno sobre los 500 aviones ca\u00eddos en la regi\u00f3n de Oise.<\/strong>, <strong>Llegu\u00e9 a conocer a miembros de la tripulaci\u00f3n y a sus familias<\/strong> que llev\u00e9 a los lugares del accidente. Les di piezas de los aviones cuando se fueron. <strong>Incluso fui a Polonia a reunirme con militares.<\/strong><\/em>\u00a0\"<\/p>\n\n\n\n<h2>Exponer su colecci\u00f3n<\/h2>\n\n\n\n<p>Sin embargo, el coleccionista compulsivo que lucha incansablemente contra el olvido <strong>est\u00e1 preocupado por el futuro de sus hallazgos y la continuidad de sus a\u00f1os de investigaci\u00f3n.<\/strong> \"\u00a0<em>Mis dos hijas no tienen la misma pasi\u00f3n que yo\", explica. As\u00ed que me puse en contacto con una docena de ciudades donde se hab\u00edan estrellado aviones, pero no hubo respuesta.<\/em>\u00a0\"En 2014, se le advirti\u00f3 de que el <a href=\"https:\/\/www.creilsudoise-tourisme.fr\/es\/patrimoine\/maison-de-la-pierre-2\/\" target=\"_blank\" rel=\"noreferrer noopener\">Casa de piedra<\/a> de Saint-Maximin, ciudad arrasada por 95 % en 1944, ha abierto una sala dedicada a los bombardeos durante la guerra. En el lugar, explica su deseo de conservar todo lo que ha recogido. \"<em> <\/em><strong><em>Dos d\u00edas m\u00e1s tarde, el ayuntamiento me invit\u00f3 a instalarme en un espacio comunitario sin utilizar.<\/em> <\/strong>\", recuerda.<\/p>\n\n\n\n<figure class=\"wp-block-image alignwide size-large\"><img decoding=\"async\" loading=\"lazy\" width=\"1200\" height=\"403\" data-src=\"https:\/\/www.creilsudoise-tourisme.fr\/wp-content\/uploads\/wpetourisme\/Musee-des-bombardements-a-Saint-Maximin---Creil-Sud-Oise-Tourisme--7--1200x403.jpg\" alt=\"\" class=\"wp-image-50241\" data-srcset=\"https:\/\/www.creilsudoise-tourisme.fr\/wp-content\/uploads\/wpetourisme\/Musee-des-bombardements-a-Saint-Maximin---Creil-Sud-Oise-Tourisme--7--1200x403.jpg 1200w, https:\/\/www.creilsudoise-tourisme.fr\/wp-content\/uploads\/wpetourisme\/Musee-des-bombardements-a-Saint-Maximin---Creil-Sud-Oise-Tourisme--7--600x201.jpg 600w, https:\/\/www.creilsudoise-tourisme.fr\/wp-content\/uploads\/wpetourisme\/Musee-des-bombardements-a-Saint-Maximin---Creil-Sud-Oise-Tourisme--7--900x302.jpg 900w, https:\/\/www.creilsudoise-tourisme.fr\/wp-content\/uploads\/wpetourisme\/Musee-des-bombardements-a-Saint-Maximin---Creil-Sud-Oise-Tourisme--7--18x6.jpg 18w, https:\/\/www.creilsudoise-tourisme.fr\/wp-content\/uploads\/wpetourisme\/Musee-des-bombardements-a-Saint-Maximin---Creil-Sud-Oise-Tourisme--7--200x67.jpg 200w, https:\/\/www.creilsudoise-tourisme.fr\/wp-content\/uploads\/wpetourisme\/Musee-des-bombardements-a-Saint-Maximin---Creil-Sud-Oise-Tourisme--7--650x218.jpg 650w, https:\/\/www.creilsudoise-tourisme.fr\/wp-content\/uploads\/wpetourisme\/Musee-des-bombardements-a-Saint-Maximin---Creil-Sud-Oise-Tourisme--7--387x130.jpg 387w, https:\/\/www.creilsudoise-tourisme.fr\/wp-content\/uploads\/wpetourisme\/Musee-des-bombardements-a-Saint-Maximin---Creil-Sud-Oise-Tourisme--7-.JPG 1480w\" sizes=\"(max-width: 1200px) 100vw, 1200px\" \/><\/figure>\n\n\n\n<h3>Y as\u00ed naci\u00f3 el museo.<\/h3>\n\n\n\n<p>\"\u00a0<em>Cuando G\u00e9rard se present\u00f3, fuimos a su casa a ver qu\u00e9 ten\u00eda. <strong>Nos quedamos asombrados por la cantidad de objetos: \u00a1hicieron falta tres camiones para vaciar su garaje! <\/strong><\/em>Era la primera vez que se creaba el museo\", recuerda Daniel Derniame, concejal de Saint-Maximin que lleg\u00f3 a ser presidente de la asociaci\u00f3n Mus\u00e9e des Bombardments. Todo se coloc\u00f3 entonces en las dos salas del s\u00f3tano de un edificio de 1883 que hab\u00eda servido de refugio durante la guerra: la vida ordinaria de un soldado code\u00e1ndose con la vida cotidiana de un civil. Las salas se abrieron al p\u00fablico en diciembre de 2016. \"\u00a0<em>Expongo <strong>dep\u00f3sitos de combustible de aviones que, de ni\u00f1os, transform\u00e1bamos en barcos <\/strong>o las piezas de metal en forma de estrella que hab\u00eda forjado, que no sab\u00eda que se utilizaban para pinchar los neum\u00e1ticos de los veh\u00edculos alemanes<\/em>\u00a0\", recuerda G\u00e9rard Lequien, que catalogaba los restos de aviones en bidones cortados.<\/p>\n\n\n\n<h3>Los voluntarios realizan visitas guiadas al Museo<\/h3>\n\n\n\n<p>Para mantener el museo en funcionamiento, la asociaci\u00f3n recurre a <strong>una treintena de voluntarios<\/strong>. El recorrido se divide en diferentes zonas, <strong>la Resistencia, los americanos, los brit\u00e1nicos, los alemanes, Saint-Maximin e incluso la Gran Guerra de 14-18<\/strong> gracias a las donaciones de particulares. \"\u00a0<em>Hemos presentado una solicitud de ascensor para que las personas con movilidad reducida puedan acceder al s\u00f3tano, <\/em>conf\u00eda Daniel Derniame. <em>Esto ser\u00eda subvencionado por la ciudad y fondos europeos. Al mismo tiempo, modificaremos la puesta en escena con una nueva presentaci\u00f3n y una iluminaci\u00f3n m\u00e1s adecuada.<\/em>\u00a0\"El objetivo es atraer a mil visitantes al a\u00f1o.<\/p>\n\n\n\n<figure class=\"is-layout-flex wp-block-gallery-8 wp-block-gallery has-nested-images columns-default is-cropped\">\n<figure class=\"wp-block-image size-large\"><img decoding=\"async\" loading=\"lazy\" width=\"1200\" height=\"698\" data-id=\"56283\"  data-src=\"https:\/\/www.creilsudoise-tourisme.fr\/wp-content\/uploads\/2024\/08\/2023-07-12-Saint-Maximin-Gerard-Lequien-musee-des-bombardements-IMG_5838-1200x698.jpg\" alt=\"Mus\u00e9e bombardments oise guerre seconde mondiale grande guerre souvenir visite guid\u00e9e Saint-Maximin\" class=\"wp-image-56283\" data-srcset=\"https:\/\/www.creilsudoise-tourisme.fr\/wp-content\/uploads\/2024\/08\/2023-07-12-Saint-Maximin-Gerard-Lequien-musee-des-bombardements-IMG_5838-1200x698.jpg 1200w, https:\/\/www.creilsudoise-tourisme.fr\/wp-content\/uploads\/2024\/08\/2023-07-12-Saint-Maximin-Gerard-Lequien-musee-des-bombardements-IMG_5838-600x349.jpg 600w, https:\/\/www.creilsudoise-tourisme.fr\/wp-content\/uploads\/2024\/08\/2023-07-12-Saint-Maximin-Gerard-Lequien-musee-des-bombardements-IMG_5838-900x524.jpg 900w, https:\/\/www.creilsudoise-tourisme.fr\/wp-content\/uploads\/2024\/08\/2023-07-12-Saint-Maximin-Gerard-Lequien-musee-des-bombardements-IMG_5838-18x10.jpg 18w, https:\/\/www.creilsudoise-tourisme.fr\/wp-content\/uploads\/2024\/08\/2023-07-12-Saint-Maximin-Gerard-Lequien-musee-des-bombardements-IMG_5838-200x116.jpg 200w, https:\/\/www.creilsudoise-tourisme.fr\/wp-content\/uploads\/2024\/08\/2023-07-12-Saint-Maximin-Gerard-Lequien-musee-des-bombardements-IMG_5838-650x378.jpg 650w, https:\/\/www.creilsudoise-tourisme.fr\/wp-content\/uploads\/2024\/08\/2023-07-12-Saint-Maximin-Gerard-Lequien-musee-des-bombardements-IMG_5838-387x225.jpg 387w, https:\/\/www.creilsudoise-tourisme.fr\/wp-content\/uploads\/2024\/08\/2023-07-12-Saint-Maximin-Gerard-Lequien-musee-des-bombardements-IMG_5838.jpg 1480w\" sizes=\"(max-width: 1200px) 100vw, 1200px\" \/><figcaption class=\"wp-element-caption\">Fred Noury<\/figcaption><\/figure>\n\n\n\n<figure class=\"wp-block-image size-large\"><img decoding=\"async\" loading=\"lazy\" width=\"1200\" height=\"900\" data-id=\"56241\"  data-src=\"https:\/\/www.creilsudoise-tourisme.fr\/wp-content\/uploads\/2024\/08\/Musee_Bombardements-Saint_Maximin-Creil_Sud_Oise_Tourisme-78-1200x900.jpg\" alt=\"Mus\u00e9e bombardments oise guerre seconde mondiale grande guerre souvenir visite guid\u00e9e Saint-Maximin\" class=\"wp-image-56241\" data-srcset=\"https:\/\/www.creilsudoise-tourisme.fr\/wp-content\/uploads\/2024\/08\/Musee_Bombardements-Saint_Maximin-Creil_Sud_Oise_Tourisme-78-1200x900.jpg 1200w, https:\/\/www.creilsudoise-tourisme.fr\/wp-content\/uploads\/2024\/08\/Musee_Bombardements-Saint_Maximin-Creil_Sud_Oise_Tourisme-78-600x450.jpg 600w, https:\/\/www.creilsudoise-tourisme.fr\/wp-content\/uploads\/2024\/08\/Musee_Bombardements-Saint_Maximin-Creil_Sud_Oise_Tourisme-78-900x675.jpg 900w, https:\/\/www.creilsudoise-tourisme.fr\/wp-content\/uploads\/2024\/08\/Musee_Bombardements-Saint_Maximin-Creil_Sud_Oise_Tourisme-78-16x12.jpg 16w, https:\/\/www.creilsudoise-tourisme.fr\/wp-content\/uploads\/2024\/08\/Musee_Bombardements-Saint_Maximin-Creil_Sud_Oise_Tourisme-78-200x150.jpg 200w, https:\/\/www.creilsudoise-tourisme.fr\/wp-content\/uploads\/2024\/08\/Musee_Bombardements-Saint_Maximin-Creil_Sud_Oise_Tourisme-78-650x488.jpg 650w, https:\/\/www.creilsudoise-tourisme.fr\/wp-content\/uploads\/2024\/08\/Musee_Bombardements-Saint_Maximin-Creil_Sud_Oise_Tourisme-78-387x290.jpg 387w, https:\/\/www.creilsudoise-tourisme.fr\/wp-content\/uploads\/2024\/08\/Musee_Bombardements-Saint_Maximin-Creil_Sud_Oise_Tourisme-78.jpg 1480w\" sizes=\"(max-width: 1200px) 100vw, 1200px\" \/><figcaption class=\"wp-element-caption\">Creil Sud Oise Tourisme<\/figcaption><\/figure>\n\n\n\n<figure class=\"wp-block-image size-large\"><img decoding=\"async\" loading=\"lazy\" width=\"1200\" height=\"900\" data-id=\"56236\"  data-src=\"https:\/\/www.creilsudoise-tourisme.fr\/wp-content\/uploads\/2024\/08\/Musee_Bombardements-Saint_Maximin-Creil_Sud_Oise_Tourisme-8-1200x900.jpg\" alt=\"Mus\u00e9e bombardments oise guerre seconde mondiale grande guerre souvenir visite guid\u00e9e Saint-Maximin\" class=\"wp-image-56236\" data-srcset=\"https:\/\/www.creilsudoise-tourisme.fr\/wp-content\/uploads\/2024\/08\/Musee_Bombardements-Saint_Maximin-Creil_Sud_Oise_Tourisme-8-1200x900.jpg 1200w, https:\/\/www.creilsudoise-tourisme.fr\/wp-content\/uploads\/2024\/08\/Musee_Bombardements-Saint_Maximin-Creil_Sud_Oise_Tourisme-8-600x450.jpg 600w, https:\/\/www.creilsudoise-tourisme.fr\/wp-content\/uploads\/2024\/08\/Musee_Bombardements-Saint_Maximin-Creil_Sud_Oise_Tourisme-8-900x675.jpg 900w, https:\/\/www.creilsudoise-tourisme.fr\/wp-content\/uploads\/2024\/08\/Musee_Bombardements-Saint_Maximin-Creil_Sud_Oise_Tourisme-8-16x12.jpg 16w, https:\/\/www.creilsudoise-tourisme.fr\/wp-content\/uploads\/2024\/08\/Musee_Bombardements-Saint_Maximin-Creil_Sud_Oise_Tourisme-8-200x150.jpg 200w, https:\/\/www.creilsudoise-tourisme.fr\/wp-content\/uploads\/2024\/08\/Musee_Bombardements-Saint_Maximin-Creil_Sud_Oise_Tourisme-8-650x488.jpg 650w, https:\/\/www.creilsudoise-tourisme.fr\/wp-content\/uploads\/2024\/08\/Musee_Bombardements-Saint_Maximin-Creil_Sud_Oise_Tourisme-8-387x290.jpg 387w, https:\/\/www.creilsudoise-tourisme.fr\/wp-content\/uploads\/2024\/08\/Musee_Bombardements-Saint_Maximin-Creil_Sud_Oise_Tourisme-8.jpg 1480w\" sizes=\"(max-width: 1200px) 100vw, 1200px\" \/><figcaption class=\"wp-element-caption\">Creil Sud Oise Tourisme<\/figcaption><\/figure>\n\n\n\n<figure class=\"wp-block-image size-large\"><img decoding=\"async\" loading=\"lazy\" width=\"900\" height=\"1200\" data-id=\"55276\"  data-src=\"https:\/\/www.creilsudoise-tourisme.fr\/wp-content\/uploads\/wpetourisme\/Musee-des-bombardements-Saint-Maximin-PHOTOS-c-OT-CSO--2--900x1200.jpg\" alt=\"\" class=\"wp-image-55276\" data-srcset=\"https:\/\/www.creilsudoise-tourisme.fr\/wp-content\/uploads\/wpetourisme\/Musee-des-bombardements-Saint-Maximin-PHOTOS-c-OT-CSO--2--900x1200.jpg 900w, https:\/\/www.creilsudoise-tourisme.fr\/wp-content\/uploads\/wpetourisme\/Musee-des-bombardements-Saint-Maximin-PHOTOS-c-OT-CSO--2--450x600.jpg 450w, https:\/\/www.creilsudoise-tourisme.fr\/wp-content\/uploads\/wpetourisme\/Musee-des-bombardements-Saint-Maximin-PHOTOS-c-OT-CSO--2--675x900.jpg 675w, https:\/\/www.creilsudoise-tourisme.fr\/wp-content\/uploads\/wpetourisme\/Musee-des-bombardements-Saint-Maximin-PHOTOS-c-OT-CSO--2--1152x1536.jpg 1152w, https:\/\/www.creilsudoise-tourisme.fr\/wp-content\/uploads\/wpetourisme\/Musee-des-bombardements-Saint-Maximin-PHOTOS-c-OT-CSO--2--1536x2048.jpg 1536w, https:\/\/www.creilsudoise-tourisme.fr\/wp-content\/uploads\/wpetourisme\/Musee-des-bombardements-Saint-Maximin-PHOTOS-c-OT-CSO--2--9x12.jpg 9w, https:\/\/www.creilsudoise-tourisme.fr\/wp-content\/uploads\/wpetourisme\/Musee-des-bombardements-Saint-Maximin-PHOTOS-c-OT-CSO--2--200x267.jpg 200w, https:\/\/www.creilsudoise-tourisme.fr\/wp-content\/uploads\/wpetourisme\/Musee-des-bombardements-Saint-Maximin-PHOTOS-c-OT-CSO--2--650x867.jpg 650w, https:\/\/www.creilsudoise-tourisme.fr\/wp-content\/uploads\/wpetourisme\/Musee-des-bombardements-Saint-Maximin-PHOTOS-c-OT-CSO--2--387x516.jpg 387w, https:\/\/www.creilsudoise-tourisme.fr\/wp-content\/uploads\/wpetourisme\/Musee-des-bombardements-Saint-Maximin-PHOTOS-c-OT-CSO--2--scaled.jpg 1920w\" sizes=\"(max-width: 900px) 100vw, 900px\" \/><\/figure>\n<\/figure>\n\n\n\n<p>\"\u00a0<em><strong>Me tranquiliza saber que todo lo que he recopilado en mi vida se pondr\u00e1 a disposici\u00f3n del p\u00fablico.<\/strong>, <\/em>concluye G\u00e9rard Lequien, cuya jovialidad s\u00f3lo es igualada por su modestia. <em>Una vez, un estadounidense se ofreci\u00f3 a comprar todas mis piezas, pero me negu\u00e9.<\/em>\u00a0\"Afortunadamente, esto enriquecer\u00e1 nuestra memoria colectiva.<\/p>\n\n\n\n<div class=\"is-layout-flex wp-container-10 wp-block-columns\"><\/div>\n\n\n\n<div class=\"is-layout-flex wp-container-14 wp-block-columns\">\n<div class=\"is-layout-flow wp-block-column\" style=\"flex-basis:25%\"><\/div>\n\n\n\n<div class=\"is-layout-flow wp-block-column is-vertically-aligned-center\" style=\"flex-basis:50%\">\n<p><strong>Fr\u00e9d\u00e9ric Noury<\/strong> &#8211; <a href=\"https:\/\/fredcom.info\/\" target=\"_blank\" rel=\"noreferrer noopener\">FredCom<\/a><\/p>\n<\/div>\n\n\n\n<div class=\"is-layout-flow wp-block-column\" style=\"flex-basis:25%\"><\/div>\n<\/div>\n\n\n\n<hr class=\"wp-block-separator has-alpha-channel-opacity\"\/>\n\n\n\n\n\n<hr class=\"wp-block-separator has-alpha-channel-opacity\"\/>\n\n\n\n<div class=\"wp-block wp-block-single-sit wp-block-single-sit-coordonnees\" >\n\n            <h2>Acceda a<\/h2>\n    \n    <div class=\"wp-block-media-text is-stacked-on-mobile\">\n\n        <div class=\"wp-block-media-text__media wpet-map-detail\" style=\"width:100%; height: 100%;\">\n            <div class=\"wp-block-media-text__media__content\" id=\"wpetSingleSitMap\" data-wpet-type-map=\"leaflet\" ><\/div>\n        <\/div>\n\n        <div class=\"wp-block-media-text__content\">\n\n                            <p class=\"wp-block-coordonnees__status wp-block-coordonnees__status--close\">\n                    Cerrado                <\/p>\n            \n            <p class=\"wp-block-media-text__content__address\">\n                                    <strong>Museo del Bombardeo<\/strong><br \/>\n                \n                                    Quartier de l'Economat<br \/>\n                \n                                    <span>60740<\/span>\n                    <span>SAINT-MAXIMIN<\/span><br \/>\n                            <\/p>\n\n                                                <p class=\"wp-block-media-text__content__phone\"><a data-type=\"TEL\" href=\"tel: 33 3 44 61 18 40\">+33 3 44 61 18 40<\/a><\/p>\n                            \n            <a href=\"https:\/\/www.google.fr\/maps?saddr&#038;daddr=49.2177984,2.4527266\" target=\"_blank\" class=\"button GtmButtonCalculItinerairePrestataire\" rel=\"noopener noreferrer\">Calcular mi ruta<\/a>\n        <\/div>\n    <\/div>\n<\/div>\n\n\n    <div class=\"wp-block wp-block-single-sit wp-block-single-sit-ouvertures\" id=\"opening\">\n\n                    <h2>Apertura<\/h2>\n        \n        \t<div class=\"wpetTableList\" >\n                <div data-id=\"wpet-table-slider-wrapper\">\n\t\t    \t\t\t\t\t\t<div class=\"wpetTableContainer\" >\n\t\t\t\t<table class=\"wpetTable wpTable--opening\">\n\t\t\t\t\t<thead class=\"wpetTableHeader\">\n\t\t\t\t\t<tr>\n\t\t\t\t\t\t<td colspan=\"2\">\n\t\t\t\t\t\t\t\t\t\t\t\t\t\t\tDel 01 enero al 31 diciembre\t\t\t\t\t\t\t\t\t\t\t\t\t<\/td>\n\t\t\t\t\t<\/tr>\n\t\t\t\t\t<\/thead>\n\t\t\t\t\t\t\t\t\t\t\t\t\t\t\t\t\t\t<tr class=\"wpetTableLine\">\n\t\t\t\t\t\t\t\t<td class=\"wpetTableCell\">Lunes<\/td>\n\t\t\t\t\t\t\t\t<td class=\"wpetTableCell\">Cerrado<\/td>\n\t\t\t\t\t\t\t<\/tr>\n\t\t\t\t\t\t\t\t\t\t\t\t\t\t\t\t\t\t\t\t\t\t\t\t<tr class=\"wpetTableLine\">\n\t\t\t\t\t\t\t\t<td class=\"wpetTableCell\">Martes<\/td>\n\t\t\t\t\t\t\t\t<td class=\"wpetTableCell\">Cerrado<\/td>\n\t\t\t\t\t\t\t<\/tr>\n\t\t\t\t\t\t\t\t\t\t\t\t\t\t\t\t\t\t\t\t\t\t\t\t<tr class=\"wpetTableLine\">\n\t\t\t\t\t\t\t\t<td class=\"wpetTableCell\">Mi\u00e9rcoles<\/td>\n\t\t\t\t\t\t\t\t<td class=\"wpetTableCell\">Abierto de 14:00 a 18:00<\/td>\n\t\t\t\t\t\t\t<\/tr>\n\t\t\t\t\t\t\t\t\t\t\t\t\t\t\t\t\t\t\t\t\t\t\t\t<tr class=\"wpetTableLine\">\n\t\t\t\t\t\t\t\t<td class=\"wpetTableCell\">Jueves<\/td>\n\t\t\t\t\t\t\t\t<td class=\"wpetTableCell\">Cerrado<\/td>\n\t\t\t\t\t\t\t<\/tr>\n\t\t\t\t\t\t\t\t\t\t\t\t\t\t\t\t\t\t\t\t\t\t\t\t<tr class=\"wpetTableLine\">\n\t\t\t\t\t\t\t\t<td class=\"wpetTableCell\">Viernes<\/td>\n\t\t\t\t\t\t\t\t<td class=\"wpetTableCell\">Cerrado<\/td>\n\t\t\t\t\t\t\t<\/tr>\n\t\t\t\t\t\t\t\t\t\t\t\t\t\t\t\t\t\t\t\t\t\t\t\t<tr class=\"wpetTableLine\">\n\t\t\t\t\t\t\t\t<td class=\"wpetTableCell\">S\u00e1bado<\/td>\n\t\t\t\t\t\t\t\t<td class=\"wpetTableCell\">Abierto de 14:00 a 18:00<\/td>\n\t\t\t\t\t\t\t<\/tr>\n\t\t\t\t\t\t\t\t\t\t\t\t\t\t\t\t\t\t\t\t\t\t\t\t<tr class=\"wpetTableLine\">\n\t\t\t\t\t\t\t\t<td class=\"wpetTableCell\">Domingo<\/td>\n\t\t\t\t\t\t\t\t<td class=\"wpetTableCell\">Abierto de 14:00 a 18:00<\/td>\n\t\t\t\t\t\t\t<\/tr>\n\t\t\t\t\t\t\t\t\t\t\t\t\t\t\t<\/table>\n\t\t\t<\/div>\n\t\t        <\/div>\n\t<\/div>\n\n    <\/div>\n\n\n\n    <div class=\"wp-block wp-block-single-sit wp-block-single-sit-tarifs\">\n\n                    <h2>Tarifas<\/h2>\n        \n        \n    <table class=\"wpetTable\">\n                    <tr class=\"wpetTableLine\">\n                <td class=\"wpetTableCell\">\n                    Tasa de adultos                                    <\/td>\n                <td class=\"wpetTableCell\">4 \u20ac<\/td>\n            <\/tr>\n                    <tr class=\"wpetTableLine\">\n                <td class=\"wpetTableCell\">\n                    Tarifa reducida para adultos                                            <span class=\"wpetTableCell--complement entryMeta\">Agglo Pass y grupos<\/span>\n                                    <\/td>\n                <td class=\"wpetTableCell\">3,50 \u20ac<\/td>\n            <\/tr>\n                    <tr class=\"wpetTableLine\">\n                <td class=\"wpetTableCell\">\n                    Tarifa reducida para ni\u00f1os                                            <span class=\"wpetTableCell--complement entryMeta\">Agglo Pass y grupos<\/span>\n                                    <\/td>\n                <td class=\"wpetTableCell\">2 \u20ac<\/td>\n            <\/tr>\n                    <tr class=\"wpetTableLine\">\n                <td class=\"wpetTableCell\">\n                    Tarifa infantil                                    <\/td>\n                <td class=\"wpetTableCell\">2,50 \u20ac<\/td>\n            <\/tr>\n            <\/table>\n\n\n    \n    \n    \n    \n    <\/div>\n\n\n\n\n<hr class=\"wp-block-separator has-alpha-channel-opacity\"\/>\n\n\n<div class=\"wp-block wp-block-highlight\">\n            <h3 class=\"wp-block-highlight-item wp-block-highlight-title\">\u00bfQuiere saber m\u00e1s?<\/h3>\n                <p class=\"wp-block-highlight-item wp-block-highlight-excerpt\">Este hermoso reportaje se ha escrito coincidiendo con el lanzamiento del nuevo<strong> Creil Sud Oise Tourisme, primera revista de destino<\/strong>.<br>En el interior, n<strong>uchos otros art\u00edculos<\/strong> te llevar\u00e1 a conocer <strong>cifras locales<\/strong> y ofrecer <strong>ideas para salir<\/strong><br><strong>Pedido en<\/strong> para recibirlo en papel.<br><strong><a href=\"https:\/\/www.creilsudoise-tourisme.fr\/es\/practica\/folletos\/\" target=\"_blank\" rel=\"noreferrer noopener\">Haga clic aqu\u00ed para realizar el pedido<\/a><\/strong><\/p>\n    <\/div>","protected":false},"excerpt":{"rendered":"<p>El accidente de un bombardero aliado el 6 de septiembre de 1943 sobre su pueblo de Airion, cuando s\u00f3lo ten\u00eda 13 a\u00f1os, marc\u00f3 un antes y un despu\u00e9s en la vida de G\u00e9rard Lequien. Desde hace ochenta a\u00f1os, investiga, se pone en contacto con los aviadores y sus familias, recoge restos, objetos y documentos relativos a algunos de los 500 aviones militares que se estrellaron [...].<\/p>","protected":false},"author":3,"featured_media":56275,"comment_status":"closed","ping_status":"closed","sticky":false,"template":"","format":"standard","meta":{"_relevanssi_hide_post":"","_relevanssi_hide_content":"","_relevanssi_pin_for_all":"","_relevanssi_pin_keywords":"","_relevanssi_unpin_keywords":"","_relevanssi_related_keywords":"","_relevanssi_related_include_ids":"","_relevanssi_related_exclude_ids":"","_relevanssi_related_no_append":"","_relevanssi_related_not_related":"","_relevanssi_related_posts":"52391,43994,39613,41684,38705,40204","_relevanssi_noindex_reason":""},"categories":[10],"tags":[],"yoast_head":"<!-- This site is optimized with the Yoast SEO plugin v20.2.1 - https:\/\/yoast.com\/wordpress\/plugins\/seo\/ -->\n<title>La m\u00e9moire de la guerre a\u00e9rienne<\/title>\n<meta name=\"description\" content=\"Rencontre avec G\u00e9rard Lequien, qui a assist\u00e9 \u00e0 un crash a\u00e9rien durant la 2nd Guerre mondiale et a cr\u00e9\u00e9 le Mus\u00e9e des Bombardements\" \/>\n<meta name=\"robots\" content=\"index, follow, max-snippet:-1, max-image-preview:large, max-video-preview:-1\" \/>\n<link rel=\"canonical\" href=\"https:\/\/www.creilsudoise-tourisme.fr\/es\/2024\/10\/22\/gerard-lequien\/\" \/>\n<meta property=\"og:locale\" content=\"es_ES\" \/>\n<meta property=\"og:type\" content=\"article\" \/>\n<meta property=\"og:title\" content=\"La m\u00e9moire de la guerre a\u00e9rienne\" \/>\n<meta property=\"og:description\" content=\"Rencontre avec G\u00e9rard Lequien, qui a assist\u00e9 \u00e0 un crash a\u00e9rien durant la 2nd Guerre mondiale et a cr\u00e9\u00e9 le Mus\u00e9e des Bombardements\" \/>\n<meta property=\"og:url\" content=\"https:\/\/www.creilsudoise-tourisme.fr\/es\/2024\/10\/22\/gerard-lequien\/\" \/>\n<meta property=\"og:site_name\" content=\"Office de Tourisme Creil Sud Oise\" \/>\n<meta property=\"article:publisher\" content=\"https:\/\/www.facebook.com\/creilsudoisetourisme\/\" \/>\n<meta property=\"article:published_time\" content=\"2024-10-22T08:21:00+00:00\" \/>\n<meta property=\"article:modified_time\" content=\"2024-08-21T15:21:58+00:00\" \/>\n<meta property=\"og:image\" content=\"https:\/\/www.creilsudoise-tourisme.fr\/wp-content\/uploads\/2024\/08\/2023-07-12-Saint-Maximin-Gerard-Lequien-musee-des-bombardements-IMG_5813.jpg\" \/>\n\t<meta property=\"og:image:width\" content=\"1440\" \/>\n\t<meta property=\"og:image:height\" content=\"1920\" \/>\n\t<meta property=\"og:image:type\" content=\"image\/jpeg\" \/>\n<meta name=\"author\" content=\"fdubut\" \/>\n<meta name=\"twitter:card\" content=\"summary_large_image\" \/>\n<meta name=\"twitter:creator\" content=\"@CreilSudOiseOT\" \/>\n<meta name=\"twitter:site\" content=\"@CreilSudOiseOT\" \/>\n<meta name=\"twitter:label1\" content=\"Escrito por\" \/>\n\t<meta name=\"twitter:data1\" content=\"fdubut\" \/>\n\t<meta name=\"twitter:label2\" content=\"Tiempo de lectura\" \/>\n\t<meta name=\"twitter:data2\" content=\"7 minutos\" \/>\n<script type=\"application\/ld+json\" class=\"yoast-schema-graph\">{\"@context\":\"https:\/\/schema.org\",\"@graph\":[{\"@type\":\"Article\",\"@id\":\"https:\/\/www.creilsudoise-tourisme.fr\/2024\/10\/22\/gerard-lequien\/#article\",\"isPartOf\":{\"@id\":\"https:\/\/www.creilsudoise-tourisme.fr\/2024\/10\/22\/gerard-lequien\/\"},\"author\":{\"name\":\"fdubut\",\"@id\":\"https:\/\/www.creilsudoise-tourisme.fr\/#\/schema\/person\/c5140d47645b13bee896bfe05f1bd5da\"},\"headline\":\"La m\u00e9moire de la guerre a\u00e9rienne\",\"datePublished\":\"2024-10-22T08:21:00+00:00\",\"dateModified\":\"2024-08-21T15:21:58+00:00\",\"mainEntityOfPage\":{\"@id\":\"https:\/\/www.creilsudoise-tourisme.fr\/2024\/10\/22\/gerard-lequien\/\"},\"wordCount\":1455,\"publisher\":{\"@id\":\"https:\/\/www.creilsudoise-tourisme.fr\/#organization\"},\"articleSection\":[\"Nos ambassadeurs\"],\"inLanguage\":\"es\"},{\"@type\":\"WebPage\",\"@id\":\"https:\/\/www.creilsudoise-tourisme.fr\/2024\/10\/22\/gerard-lequien\/\",\"url\":\"https:\/\/www.creilsudoise-tourisme.fr\/2024\/10\/22\/gerard-lequien\/\",\"name\":\"La m\u00e9moire de la guerre a\u00e9rienne\",\"isPartOf\":{\"@id\":\"https:\/\/www.creilsudoise-tourisme.fr\/#website\"},\"datePublished\":\"2024-10-22T08:21:00+00:00\",\"dateModified\":\"2024-08-21T15:21:58+00:00\",\"description\":\"Rencontre avec G\u00e9rard Lequien, qui a assist\u00e9 \u00e0 un crash a\u00e9rien durant la 2nd Guerre mondiale et a cr\u00e9\u00e9 le Mus\u00e9e des Bombardements\",\"breadcrumb\":{\"@id\":\"https:\/\/www.creilsudoise-tourisme.fr\/2024\/10\/22\/gerard-lequien\/#breadcrumb\"},\"inLanguage\":\"es\",\"potentialAction\":[{\"@type\":\"ReadAction\",\"target\":[\"https:\/\/www.creilsudoise-tourisme.fr\/2024\/10\/22\/gerard-lequien\/\"]}]},{\"@type\":\"BreadcrumbList\",\"@id\":\"https:\/\/www.creilsudoise-tourisme.fr\/2024\/10\/22\/gerard-lequien\/#breadcrumb\",\"itemListElement\":[{\"@type\":\"ListItem\",\"position\":1,\"name\":\"Accueil\",\"item\":\"https:\/\/www.creilsudoise-tourisme.fr\/\"},{\"@type\":\"ListItem\",\"position\":2,\"name\":\"La m\u00e9moire de la guerre a\u00e9rienne\"}]},{\"@type\":\"WebSite\",\"@id\":\"https:\/\/www.creilsudoise-tourisme.fr\/#website\",\"url\":\"https:\/\/www.creilsudoise-tourisme.fr\/\",\"name\":\"Office de Tourisme Creil Sud Oise\",\"description\":\"Creil Sud Oise Tourisme, un territoire \u00e0 explorer !\",\"publisher\":{\"@id\":\"https:\/\/www.creilsudoise-tourisme.fr\/#organization\"},\"potentialAction\":[{\"@type\":\"SearchAction\",\"target\":{\"@type\":\"EntryPoint\",\"urlTemplate\":\"https:\/\/www.creilsudoise-tourisme.fr\/?s={search_term_string}\"},\"query-input\":\"required name=search_term_string\"}],\"inLanguage\":\"es\"},{\"@type\":\"Organization\",\"@id\":\"https:\/\/www.creilsudoise-tourisme.fr\/#organization\",\"name\":\"Creil Sud Oise Tourisme\",\"url\":\"https:\/\/www.creilsudoise-tourisme.fr\/\",\"logo\":{\"@type\":\"ImageObject\",\"inLanguage\":\"es\",\"@id\":\"https:\/\/www.creilsudoise-tourisme.fr\/#\/schema\/logo\/image\/\",\"url\":\"https:\/\/www.creilsudoise-tourisme.fr\/wp-content\/uploads\/2021\/05\/logo-svg.png\",\"contentUrl\":\"https:\/\/www.creilsudoise-tourisme.fr\/wp-content\/uploads\/2021\/05\/logo-svg.png\",\"width\":182,\"height\":71,\"caption\":\"Creil Sud Oise Tourisme\"},\"image\":{\"@id\":\"https:\/\/www.creilsudoise-tourisme.fr\/#\/schema\/logo\/image\/\"},\"sameAs\":[\"https:\/\/www.facebook.com\/creilsudoisetourisme\/\",\"https:\/\/twitter.com\/CreilSudOiseOT\",\"https:\/\/www.instagram.com\/creilsudoisetourisme\/\",\"https:\/\/www.youtube.com\/channel\/UC8L_QD2wwyADW14zt9fY8kw\"]},{\"@type\":\"Person\",\"@id\":\"https:\/\/www.creilsudoise-tourisme.fr\/#\/schema\/person\/c5140d47645b13bee896bfe05f1bd5da\",\"name\":\"fdubut\",\"image\":{\"@type\":\"ImageObject\",\"inLanguage\":\"es\",\"@id\":\"https:\/\/www.creilsudoise-tourisme.fr\/#\/schema\/person\/image\/\",\"url\":\"https:\/\/secure.gravatar.com\/avatar\/c49bb61337bf4556cafdbcb92c18618d?s=96&d=mm&r=g\",\"contentUrl\":\"https:\/\/secure.gravatar.com\/avatar\/c49bb61337bf4556cafdbcb92c18618d?s=96&d=mm&r=g\",\"caption\":\"fdubut\"},\"url\":\"https:\/\/www.creilsudoise-tourisme.fr\/es\/auteur\/fdubut\/\"}]}<\/script>\n<!-- \/ Yoast SEO plugin. -->","yoast_head_json":{"title":"La m\u00e9moire de la guerre a\u00e9rienne","description":"Rencontre avec G\u00e9rard Lequien, qui a assist\u00e9 \u00e0 un crash a\u00e9rien durant la 2nd Guerre mondiale et a cr\u00e9\u00e9 le Mus\u00e9e des Bombardements","robots":{"index":"index","follow":"follow","max-snippet":"max-snippet:-1","max-image-preview":"max-image-preview:large","max-video-preview":"max-video-preview:-1"},"canonical":"https:\/\/www.creilsudoise-tourisme.fr\/es\/2024\/10\/22\/gerard-lequien\/","og_locale":"es_ES","og_type":"article","og_title":"La m\u00e9moire de la guerre a\u00e9rienne","og_description":"Rencontre avec G\u00e9rard Lequien, qui a assist\u00e9 \u00e0 un crash a\u00e9rien durant la 2nd Guerre mondiale et a cr\u00e9\u00e9 le Mus\u00e9e des Bombardements","og_url":"https:\/\/www.creilsudoise-tourisme.fr\/es\/2024\/10\/22\/gerard-lequien\/","og_site_name":"Office de Tourisme Creil Sud Oise","article_publisher":"https:\/\/www.facebook.com\/creilsudoisetourisme\/","article_published_time":"2024-10-22T08:21:00+00:00","article_modified_time":"2024-08-21T15:21:58+00:00","og_image":[{"width":1440,"height":1920,"url":"https:\/\/www.creilsudoise-tourisme.fr\/wp-content\/uploads\/2024\/08\/2023-07-12-Saint-Maximin-Gerard-Lequien-musee-des-bombardements-IMG_5813.jpg","type":"image\/jpeg"}],"author":"fdubut","twitter_card":"summary_large_image","twitter_creator":"@CreilSudOiseOT","twitter_site":"@CreilSudOiseOT","twitter_misc":{"Escrito por":"fdubut","Tiempo de lectura":"7 minutos"},"schema":{"@context":"https:\/\/schema.org","@graph":[{"@type":"Article","@id":"https:\/\/www.creilsudoise-tourisme.fr\/2024\/10\/22\/gerard-lequien\/#article","isPartOf":{"@id":"https:\/\/www.creilsudoise-tourisme.fr\/2024\/10\/22\/gerard-lequien\/"},"author":{"name":"fdubut","@id":"https:\/\/www.creilsudoise-tourisme.fr\/#\/schema\/person\/c5140d47645b13bee896bfe05f1bd5da"},"headline":"La m\u00e9moire de la guerre a\u00e9rienne","datePublished":"2024-10-22T08:21:00+00:00","dateModified":"2024-08-21T15:21:58+00:00","mainEntityOfPage":{"@id":"https:\/\/www.creilsudoise-tourisme.fr\/2024\/10\/22\/gerard-lequien\/"},"wordCount":1455,"publisher":{"@id":"https:\/\/www.creilsudoise-tourisme.fr\/#organization"},"articleSection":["Nos ambassadeurs"],"inLanguage":"es"},{"@type":"WebPage","@id":"https:\/\/www.creilsudoise-tourisme.fr\/2024\/10\/22\/gerard-lequien\/","url":"https:\/\/www.creilsudoise-tourisme.fr\/2024\/10\/22\/gerard-lequien\/","name":"La m\u00e9moire de la guerre a\u00e9rienne","isPartOf":{"@id":"https:\/\/www.creilsudoise-tourisme.fr\/#website"},"datePublished":"2024-10-22T08:21:00+00:00","dateModified":"2024-08-21T15:21:58+00:00","description":"Rencontre avec G\u00e9rard Lequien, qui a assist\u00e9 \u00e0 un crash a\u00e9rien durant la 2nd Guerre mondiale et a cr\u00e9\u00e9 le Mus\u00e9e des Bombardements","breadcrumb":{"@id":"https:\/\/www.creilsudoise-tourisme.fr\/2024\/10\/22\/gerard-lequien\/#breadcrumb"},"inLanguage":"es","potentialAction":[{"@type":"ReadAction","target":["https:\/\/www.creilsudoise-tourisme.fr\/2024\/10\/22\/gerard-lequien\/"]}]},{"@type":"BreadcrumbList","@id":"https:\/\/www.creilsudoise-tourisme.fr\/2024\/10\/22\/gerard-lequien\/#breadcrumb","itemListElement":[{"@type":"ListItem","position":1,"name":"Accueil","item":"https:\/\/www.creilsudoise-tourisme.fr\/"},{"@type":"ListItem","position":2,"name":"La m\u00e9moire de la guerre a\u00e9rienne"}]},{"@type":"WebSite","@id":"https:\/\/www.creilsudoise-tourisme.fr\/#website","url":"https:\/\/www.creilsudoise-tourisme.fr\/","name":"Office de Tourisme Creil Sud Oise","description":"Creil Sud Oise Tourisme, un territoire \u00e0 explorer !","publisher":{"@id":"https:\/\/www.creilsudoise-tourisme.fr\/#organization"},"potentialAction":[{"@type":"SearchAction","target":{"@type":"EntryPoint","urlTemplate":"https:\/\/www.creilsudoise-tourisme.fr\/?s={search_term_string}"},"query-input":"required name=search_term_string"}],"inLanguage":"es"},{"@type":"Organization","@id":"https:\/\/www.creilsudoise-tourisme.fr\/#organization","name":"Creil Sud Oise Tourisme","url":"https:\/\/www.creilsudoise-tourisme.fr\/","logo":{"@type":"ImageObject","inLanguage":"es","@id":"https:\/\/www.creilsudoise-tourisme.fr\/#\/schema\/logo\/image\/","url":"https:\/\/www.creilsudoise-tourisme.fr\/wp-content\/uploads\/2021\/05\/logo-svg.png","contentUrl":"https:\/\/www.creilsudoise-tourisme.fr\/wp-content\/uploads\/2021\/05\/logo-svg.png","width":182,"height":71,"caption":"Creil Sud Oise Tourisme"},"image":{"@id":"https:\/\/www.creilsudoise-tourisme.fr\/#\/schema\/logo\/image\/"},"sameAs":["https:\/\/www.facebook.com\/creilsudoisetourisme\/","https:\/\/twitter.com\/CreilSudOiseOT","https:\/\/www.instagram.com\/creilsudoisetourisme\/","https:\/\/www.youtube.com\/channel\/UC8L_QD2wwyADW14zt9fY8kw"]},{"@type":"Person","@id":"https:\/\/www.creilsudoise-tourisme.fr\/#\/schema\/person\/c5140d47645b13bee896bfe05f1bd5da","name":"fdubut","image":{"@type":"ImageObject","inLanguage":"es","@id":"https:\/\/www.creilsudoise-tourisme.fr\/#\/schema\/person\/image\/","url":"https:\/\/secure.gravatar.com\/avatar\/c49bb61337bf4556cafdbcb92c18618d?s=96&d=mm&r=g","contentUrl":"https:\/\/secure.gravatar.com\/avatar\/c49bb61337bf4556cafdbcb92c18618d?s=96&d=mm&r=g","caption":"fdubut"},"url":"https:\/\/www.creilsudoise-tourisme.fr\/es\/auteur\/fdubut\/"}]}},"_links":{"self":[{"href":"https:\/\/www.creilsudoise-tourisme.fr\/es\/wp-json\/wp\/v2\/posts\/56179"}],"collection":[{"href":"https:\/\/www.creilsudoise-tourisme.fr\/es\/wp-json\/wp\/v2\/posts"}],"about":[{"href":"https:\/\/www.creilsudoise-tourisme.fr\/es\/wp-json\/wp\/v2\/types\/post"}],"author":[{"embeddable":true,"href":"https:\/\/www.creilsudoise-tourisme.fr\/es\/wp-json\/wp\/v2\/users\/3"}],"replies":[{"embeddable":true,"href":"https:\/\/www.creilsudoise-tourisme.fr\/es\/wp-json\/wp\/v2\/comments?post=56179"}],"version-history":[{"count":7,"href":"https:\/\/www.creilsudoise-tourisme.fr\/es\/wp-json\/wp\/v2\/posts\/56179\/revisions"}],"predecessor-version":[{"id":56285,"href":"https:\/\/www.creilsudoise-tourisme.fr\/es\/wp-json\/wp\/v2\/posts\/56179\/revisions\/56285"}],"wp:featuredmedia":[{"embeddable":true,"href":"https:\/\/www.creilsudoise-tourisme.fr\/es\/wp-json\/wp\/v2\/media\/56275"}],"wp:attachment":[{"href":"https:\/\/www.creilsudoise-tourisme.fr\/es\/wp-json\/wp\/v2\/media?parent=56179"}],"wp:term":[{"taxonomy":"category","embeddable":true,"href":"https:\/\/www.creilsudoise-tourisme.fr\/es\/wp-json\/wp\/v2\/categories?post=56179"},{"taxonomy":"post_tag","embeddable":true,"href":"https:\/\/www.creilsudoise-tourisme.fr\/es\/wp-json\/wp\/v2\/tags?post=56179"}],"curies":[{"name":"wp","href":"https:\/\/api.w.org\/{rel}","templated":true}]}}