{"id":56176,"date":"2024-09-19T16:56:33","date_gmt":"2024-09-19T14:56:33","guid":{"rendered":"https:\/\/www.creilsudoise-tourisme.fr\/?p=56176"},"modified":"2024-08-22T10:04:34","modified_gmt":"2024-08-22T08:04:34","slug":"patrick-magali-mancheron","status":"publish","type":"post","link":"https:\/\/www.creilsudoise-tourisme.fr\/es\/2024\/09\/19\/patrick-magali-mancheron\/","title":{"rendered":"Una granja en el coraz\u00f3n de la ciudad"},"content":{"rendered":"<p class=\"is-style-excerpt\">Animales de granja criados en libertad, frutas y verduras cultivadas al ritmo de las estaciones, aves de corral criadas al aire libre, toda una serie de cursos de formaci\u00f3n para transmitir los conocimientos ancestrales: <strong>11<sup>e<\/sup> generaci\u00f3n de una familia establecida en Villers-Saint-Paul desde hace 400 a\u00f1os, Patrick Mancheron y su esposa Magali dirigen el Arbre \u00e0 poule <\/strong>un at\u00edpico oasis de verdor del tama\u00f1o de tres campos de f\u00fatbol a la sombra de las urbanizaciones municipales.<\/p>\n\n\n\n<div class=\"is-layout-flex wp-container-3 wp-block-columns\">\n<div class=\"is-layout-flow wp-block-column\" style=\"flex-basis:33.33%\">\n<figure class=\"wp-block-image size-large\"><img decoding=\"async\" loading=\"lazy\" width=\"950\" height=\"1200\" data-src=\"https:\/\/www.creilsudoise-tourisme.fr\/wp-content\/uploads\/2024\/08\/Les-Mancheron-950x1200.jpg\" alt=\"\" class=\"wp-image-56262\" data-srcset=\"https:\/\/www.creilsudoise-tourisme.fr\/wp-content\/uploads\/2024\/08\/Les-Mancheron-950x1200.jpg 950w, https:\/\/www.creilsudoise-tourisme.fr\/wp-content\/uploads\/2024\/08\/Les-Mancheron-475x600.jpg 475w, https:\/\/www.creilsudoise-tourisme.fr\/wp-content\/uploads\/2024\/08\/Les-Mancheron-712x900.jpg 712w, https:\/\/www.creilsudoise-tourisme.fr\/wp-content\/uploads\/2024\/08\/Les-Mancheron-9x12.jpg 9w, https:\/\/www.creilsudoise-tourisme.fr\/wp-content\/uploads\/2024\/08\/Les-Mancheron-200x253.jpg 200w, https:\/\/www.creilsudoise-tourisme.fr\/wp-content\/uploads\/2024\/08\/Les-Mancheron-650x821.jpg 650w, https:\/\/www.creilsudoise-tourisme.fr\/wp-content\/uploads\/2024\/08\/Les-Mancheron-387x489.jpg 387w, https:\/\/www.creilsudoise-tourisme.fr\/wp-content\/uploads\/2024\/08\/Les-Mancheron.jpg 1020w\" sizes=\"(max-width: 950px) 100vw, 950px\" \/><\/figure>\n<\/div>\n\n\n\n<div class=\"is-layout-flow wp-block-column\" style=\"flex-basis:66.66%\">\n<p><strong>Patrick y Magali<\/strong>los propietarios de l'Arbre \u00e0 Poule, en Villers-Saint-Paul, nos acogieron en su remanso de paz en pleno centro de la ciudad.<\/p>\n<\/div>\n<\/div>\n\n\n\n<h2>Una historia familiar<\/h2>\n\n\n\n<p>\"<em><strong>\u00a0Mis padres siempre me disuadieron de ser granjero...<\/strong><\/em>\u00a0\"Pero los cromosomas de la familia Mancheron decidieron otra cosa. Y <strong>Patrick<\/strong>Este robusto cincuent\u00f3n es ahora profesor en la escuela de agricultura de Rib\u00e9court, con una licenciatura en biolog\u00eda y tecnolog\u00eda,<strong> especialista en horticultura y agronom\u00eda<\/strong> Pero, \u00bfc\u00f3mo resistirse a la llamada de la naturaleza, que le ha arrullado desde peque\u00f1o?\u00a0<em><strong>El documento m\u00e1s antiguo que he encontrado data de 1612, cuando mis antepasados <\/strong>salt\u00f3 de Rieux a Villers-Saint-Paul, <\/em>dice. <em>Como me dec\u00eda mi abuela, <\/em><strong><em>llevamos 400 a\u00f1os ocupando este terreno<\/em>.<\/strong>\u00a0\"<\/p>\n\n\n\n<figure class=\"wp-block-image size-large\"><img decoding=\"async\" loading=\"lazy\" width=\"1200\" height=\"675\" data-src=\"https:\/\/www.creilsudoise-tourisme.fr\/wp-content\/uploads\/2024\/08\/Arbre-a-Poule_Villers-Saint-Paul_Drone_Creil-Sud-Oise-Tourisme-38-1200x675.jpg\" alt=\"curso permacultura adultos adultos ferme arbre \u00e0 poule oise\" class=\"wp-image-56225\" data-srcset=\"https:\/\/www.creilsudoise-tourisme.fr\/wp-content\/uploads\/2024\/08\/Arbre-a-Poule_Villers-Saint-Paul_Drone_Creil-Sud-Oise-Tourisme-38-1200x675.jpg 1200w, https:\/\/www.creilsudoise-tourisme.fr\/wp-content\/uploads\/2024\/08\/Arbre-a-Poule_Villers-Saint-Paul_Drone_Creil-Sud-Oise-Tourisme-38-600x338.jpg 600w, https:\/\/www.creilsudoise-tourisme.fr\/wp-content\/uploads\/2024\/08\/Arbre-a-Poule_Villers-Saint-Paul_Drone_Creil-Sud-Oise-Tourisme-38-900x507.jpg 900w, https:\/\/www.creilsudoise-tourisme.fr\/wp-content\/uploads\/2024\/08\/Arbre-a-Poule_Villers-Saint-Paul_Drone_Creil-Sud-Oise-Tourisme-38-18x10.jpg 18w, https:\/\/www.creilsudoise-tourisme.fr\/wp-content\/uploads\/2024\/08\/Arbre-a-Poule_Villers-Saint-Paul_Drone_Creil-Sud-Oise-Tourisme-38-200x113.jpg 200w, https:\/\/www.creilsudoise-tourisme.fr\/wp-content\/uploads\/2024\/08\/Arbre-a-Poule_Villers-Saint-Paul_Drone_Creil-Sud-Oise-Tourisme-38-650x366.jpg 650w, https:\/\/www.creilsudoise-tourisme.fr\/wp-content\/uploads\/2024\/08\/Arbre-a-Poule_Villers-Saint-Paul_Drone_Creil-Sud-Oise-Tourisme-38-387x218.jpg 387w, https:\/\/www.creilsudoise-tourisme.fr\/wp-content\/uploads\/2024\/08\/Arbre-a-Poule_Villers-Saint-Paul_Drone_Creil-Sud-Oise-Tourisme-38.jpg 1480w\" sizes=\"(max-width: 1200px) 100vw, 1200px\" \/><figcaption class=\"wp-element-caption\">Creil Sud Oise Tourisme<\/figcaption><\/figure>\n\n\n\n<p>Hasta el 19<sup>e<\/sup> En el siglo XIX, los Mancherons se convirtieron en viticultores, luego en labradores porque dispon\u00edan del caballo y el equipo necesarios para trabajar la tierra, y finalmente en agricultores. \"&nbsp;<em>En una piedra de la casa rural est\u00e1 grabado \"&nbsp;<\/em>1769&nbsp;<em>\". Y como lo guardo todo, tengo hasta la primera factura de la luz, de 1927,<\/em> Patrick se r\u00ede.&nbsp;<em><strong>Cada generaci\u00f3n ha participado en la vida pol\u00edtica del municipio<\/strong>Algunos fueron tenientes de alcalde. Desde mediados de los a\u00f1os 20<sup>e<\/sup> siglo, somos hijos \u00fanicos. <strong>Y ahora soy el \u00faltimo representante de la familia m\u00e1s antigua de la comuna.<\/strong><\/em>&nbsp;\"<\/p>\n\n\n\n<h3>Una granja en el coraz\u00f3n de la ciudad<\/h3>\n\n\n\n<p><strong>Por tanto, era inevitable que Patricio continuara la labor iniciada cuatro siglos antes por los mancherones.<\/strong> para compartir conocimientos valiosos. Sobre todo, era importante poder mantener esta actividad hort\u00edcola en el coraz\u00f3n de una zona urbana en crecimiento. \"<em>\u00a0Podr\u00edamos haber desaparecido hace mucho tiempo, pero afortunadamente la urbanizaci\u00f3n se calm\u00f3 en los a\u00f1os noventa. Ahora estamos m\u00e1s en sinton\u00eda con los tiempos.\u00a0<\/em>\"dice. Luego tuvo que buscar m\u00e1s personal para mantener en funcionamiento el recinto de 13.000 m\u00b2, lo que equivale a casi tres campos de f\u00fatbol. <strong>Conocer a Magali en 2005 fue un factor decisivo.<\/strong>porque comparten los mismos valores. El vest\u00edbulo se complet\u00f3 con<strong> dos gemelos que, con sus estudios, ya han seguido los pasos de sus padres...<\/strong><\/p>\n\n\n\n<figure class=\"is-layout-flex wp-block-gallery-4 wp-block-gallery has-nested-images columns-default is-cropped\">\n<figure class=\"wp-block-image size-large\"><img decoding=\"async\" loading=\"lazy\" width=\"900\" height=\"1200\" data-id=\"56267\"  data-src=\"https:\/\/www.creilsudoise-tourisme.fr\/wp-content\/uploads\/2024\/08\/2023-07-13-Villers-St-Paul-Arbre-a-poule-Magali-Patrick-Mancheron-IMG_5956-900x1200.jpg\" alt=\"curso permacultura adultos adultos ferme arbre \u00e0 poule oise\" class=\"wp-image-56267\" data-srcset=\"https:\/\/www.creilsudoise-tourisme.fr\/wp-content\/uploads\/2024\/08\/2023-07-13-Villers-St-Paul-Arbre-a-poule-Magali-Patrick-Mancheron-IMG_5956-900x1200.jpg 900w, https:\/\/www.creilsudoise-tourisme.fr\/wp-content\/uploads\/2024\/08\/2023-07-13-Villers-St-Paul-Arbre-a-poule-Magali-Patrick-Mancheron-IMG_5956-450x600.jpg 450w, https:\/\/www.creilsudoise-tourisme.fr\/wp-content\/uploads\/2024\/08\/2023-07-13-Villers-St-Paul-Arbre-a-poule-Magali-Patrick-Mancheron-IMG_5956-675x900.jpg 675w, https:\/\/www.creilsudoise-tourisme.fr\/wp-content\/uploads\/2024\/08\/2023-07-13-Villers-St-Paul-Arbre-a-poule-Magali-Patrick-Mancheron-IMG_5956-9x12.jpg 9w, https:\/\/www.creilsudoise-tourisme.fr\/wp-content\/uploads\/2024\/08\/2023-07-13-Villers-St-Paul-Arbre-a-poule-Magali-Patrick-Mancheron-IMG_5956-200x267.jpg 200w, https:\/\/www.creilsudoise-tourisme.fr\/wp-content\/uploads\/2024\/08\/2023-07-13-Villers-St-Paul-Arbre-a-poule-Magali-Patrick-Mancheron-IMG_5956-650x867.jpg 650w, https:\/\/www.creilsudoise-tourisme.fr\/wp-content\/uploads\/2024\/08\/2023-07-13-Villers-St-Paul-Arbre-a-poule-Magali-Patrick-Mancheron-IMG_5956-387x516.jpg 387w, https:\/\/www.creilsudoise-tourisme.fr\/wp-content\/uploads\/2024\/08\/2023-07-13-Villers-St-Paul-Arbre-a-poule-Magali-Patrick-Mancheron-IMG_5956.jpg 1110w\" sizes=\"(max-width: 900px) 100vw, 900px\" \/><figcaption class=\"wp-element-caption\">Fred Noury<\/figcaption><\/figure>\n\n\n\n<figure class=\"wp-block-image size-large\"><img decoding=\"async\" loading=\"lazy\" width=\"500\" height=\"638\" data-id=\"52167\"  data-src=\"https:\/\/www.creilsudoise-tourisme.fr\/wp-content\/uploads\/2024\/02\/web_image-Apoule.jpg\" alt=\"\" class=\"wp-image-52167\" data-srcset=\"https:\/\/www.creilsudoise-tourisme.fr\/wp-content\/uploads\/2024\/02\/web_image-Apoule.jpg 500w, https:\/\/www.creilsudoise-tourisme.fr\/wp-content\/uploads\/2024\/02\/web_image-Apoule-470x600.jpg 470w, https:\/\/www.creilsudoise-tourisme.fr\/wp-content\/uploads\/2024\/02\/web_image-Apoule-9x12.jpg 9w, https:\/\/www.creilsudoise-tourisme.fr\/wp-content\/uploads\/2024\/02\/web_image-Apoule-200x255.jpg 200w, https:\/\/www.creilsudoise-tourisme.fr\/wp-content\/uploads\/2024\/02\/web_image-Apoule-275x350.jpg 275w, https:\/\/www.creilsudoise-tourisme.fr\/wp-content\/uploads\/2024\/02\/web_image-Apoule-400x509.jpg 400w, https:\/\/www.creilsudoise-tourisme.fr\/wp-content\/uploads\/2024\/02\/web_image-Apoule-387x494.jpg 387w\" sizes=\"(max-width: 500px) 100vw, 500px\" \/><\/figure>\n<\/figure>\n\n\n\n<p>\"&nbsp;<em>En el Aisne, estaba constantemente en contacto con la naturaleza, <\/em>explica Magali.<em> Las ma\u00f1anas de los domingos se dedicaban a la caza familiar, seguida del procesamiento de la caza en la cocina; en resumen, el gusto por las cosas buenas.&nbsp;<\/em>\" Su BEP en salud y trabajo social le permiti\u00f3 trabajar como auxiliar de cuidados en una cl\u00ednica de Argenteuil (Val-d'Oise) y luego de Meudon (Hauts-de-Seine). \"<em>&nbsp;La regi\u00f3n de Par\u00eds era para trabajar, pero <strong>Siempre volv\u00eda al Aisne para recargar las pilas.<\/strong>, <\/em>admite. <em>De hecho, <strong>Me encantaba ayudar en la granja<\/strong>cuidar vacas y ovejas. Eso es lo que empec\u00e9 a hacer en Haute-Marne y las Cevenas antes de llegar a Villers-Saint-Paul.<\/em>&nbsp;\"<\/p>\n\n\n\n<h3>Ser lo m\u00e1s independiente posible<\/h3>\n\n\n\n<p>Una vez formada, la pareja afin\u00f3 su proyecto: \"&nbsp;<em><strong>Nuestro objetivo inicial era ser lo m\u00e1s aut\u00f3nomos posible y no perder nada<\/strong>&nbsp;<\/em>\", dice Patrick. \"&nbsp;<em>Para abrir nuestra productiva granja hort\u00edcola, a las habilidades de Patrick a\u00f1ad\u00ed mi amor por los animales, cabras, ovejas, vacas, cerdos, etc.&nbsp;<\/em>\"Magali se burla.<\/p>\n\n\n\n<p>Verduras, frutas, animales,<strong> se estableci\u00f3 r\u00e1pidamente todo un ecosistema en armon\u00eda<\/strong>. \"<em>\u00a0Cuando estaba embarazada, pod\u00eda ver las urbanizaciones que nos rodeaban y... <strong>Me imaginaba invitando a los amigos de mis hijos, que estaban confinados en pisos, a nuestra peque\u00f1a isla de verdor, nuestro peque\u00f1o para\u00edso.<\/strong>, <\/em>recuerda Magali. <em>Quer\u00eda acercar la naturaleza a la gente que vive rodeada de hormig\u00f3n, y quer\u00edamos compartir nuestro espacio vital con el p\u00fablico.\u00a0<\/em>\"<\/p>\n\n\n\n<figure class=\"wp-block-image size-large\"><img decoding=\"async\" loading=\"lazy\" width=\"1200\" height=\"675\" data-src=\"https:\/\/www.creilsudoise-tourisme.fr\/wp-content\/uploads\/2024\/08\/Arbre-a-Poule-Creil-Sud-Oise-Tourisme-27-1200x675.jpg\" alt=\"granja educativa Villers-Saint-Paul Oise Pollo \u00e1rbol\" class=\"wp-image-56218\" data-srcset=\"https:\/\/www.creilsudoise-tourisme.fr\/wp-content\/uploads\/2024\/08\/Arbre-a-Poule-Creil-Sud-Oise-Tourisme-27-1200x675.jpg 1200w, https:\/\/www.creilsudoise-tourisme.fr\/wp-content\/uploads\/2024\/08\/Arbre-a-Poule-Creil-Sud-Oise-Tourisme-27-600x338.jpg 600w, https:\/\/www.creilsudoise-tourisme.fr\/wp-content\/uploads\/2024\/08\/Arbre-a-Poule-Creil-Sud-Oise-Tourisme-27-900x507.jpg 900w, https:\/\/www.creilsudoise-tourisme.fr\/wp-content\/uploads\/2024\/08\/Arbre-a-Poule-Creil-Sud-Oise-Tourisme-27-18x10.jpg 18w, https:\/\/www.creilsudoise-tourisme.fr\/wp-content\/uploads\/2024\/08\/Arbre-a-Poule-Creil-Sud-Oise-Tourisme-27-200x113.jpg 200w, https:\/\/www.creilsudoise-tourisme.fr\/wp-content\/uploads\/2024\/08\/Arbre-a-Poule-Creil-Sud-Oise-Tourisme-27-650x366.jpg 650w, https:\/\/www.creilsudoise-tourisme.fr\/wp-content\/uploads\/2024\/08\/Arbre-a-Poule-Creil-Sud-Oise-Tourisme-27-387x218.jpg 387w, https:\/\/www.creilsudoise-tourisme.fr\/wp-content\/uploads\/2024\/08\/Arbre-a-Poule-Creil-Sud-Oise-Tourisme-27.jpg 1480w\" sizes=\"(max-width: 1200px) 100vw, 1200px\" \/><figcaption class=\"wp-element-caption\">Creil Sud Oise Tourisme<\/figcaption><\/figure>\n\n\n\n<h3>Nace L'Arbre \u00e0 poule<\/h3>\n\n\n\n<p>En 2009, la granja familiar \"l'Arbre \u00e0 poule\" se abri\u00f3 como asociaci\u00f3n. \"\u00a0<em>No hay \"s\" en \".\u00a0<\/em>hen\u00a0<em>\"porque <strong>es ir del \u00e1rbol a la gallina, de la planta al animal<\/strong>explica Magali. Es nuestra forma de mostrar nuestro respeto por los seres vivos, ya sean plantas o animales.\u00a0<\/em>\"Patrick fue reconocido como agricultor en 2014 y Magali en 2016. L'Arbre \u00e0 poule se hizo un nombre, <strong>los amantes de los productos sanos aprecian las verduras cultivadas en tierra viva<\/strong>\u00a0: \"\u00a0<em>Se trata de una pr\u00e1ctica en la que no se remueve el suelo, sino que se deja que los organismos lo moldeen de forma natural, <\/em>conf\u00eda Patrick. <em>Como m\u00ednimo, a\u00f1adimos mantillo para limitar el crecimiento de malas hierbas. <\/em>\".<\/p>\n\n\n\n<figure class=\"is-layout-flex wp-block-gallery-6 wp-block-gallery has-nested-images columns-default is-cropped\">\n<figure class=\"wp-block-image size-large\"><img decoding=\"async\" loading=\"lazy\" width=\"675\" height=\"1200\" data-id=\"56224\"  data-src=\"https:\/\/www.creilsudoise-tourisme.fr\/wp-content\/uploads\/2024\/08\/Arbre-a-poule_Villers-Saint-Paul_Creil-Sud-Oise-Tourisme-32-675x1200.jpg\" alt=\"curso permacultura adultos adultos ferme arbre \u00e0 poule oise\" class=\"wp-image-56224\" data-srcset=\"https:\/\/www.creilsudoise-tourisme.fr\/wp-content\/uploads\/2024\/08\/Arbre-a-poule_Villers-Saint-Paul_Creil-Sud-Oise-Tourisme-32-675x1200.jpg 675w, https:\/\/www.creilsudoise-tourisme.fr\/wp-content\/uploads\/2024\/08\/Arbre-a-poule_Villers-Saint-Paul_Creil-Sud-Oise-Tourisme-32-338x600.jpg 338w, https:\/\/www.creilsudoise-tourisme.fr\/wp-content\/uploads\/2024\/08\/Arbre-a-poule_Villers-Saint-Paul_Creil-Sud-Oise-Tourisme-32-507x900.jpg 507w, https:\/\/www.creilsudoise-tourisme.fr\/wp-content\/uploads\/2024\/08\/Arbre-a-poule_Villers-Saint-Paul_Creil-Sud-Oise-Tourisme-32-7x12.jpg 7w, https:\/\/www.creilsudoise-tourisme.fr\/wp-content\/uploads\/2024\/08\/Arbre-a-poule_Villers-Saint-Paul_Creil-Sud-Oise-Tourisme-32-200x355.jpg 200w, https:\/\/www.creilsudoise-tourisme.fr\/wp-content\/uploads\/2024\/08\/Arbre-a-poule_Villers-Saint-Paul_Creil-Sud-Oise-Tourisme-32-650x1155.jpg 650w, https:\/\/www.creilsudoise-tourisme.fr\/wp-content\/uploads\/2024\/08\/Arbre-a-poule_Villers-Saint-Paul_Creil-Sud-Oise-Tourisme-32-387x688.jpg 387w, https:\/\/www.creilsudoise-tourisme.fr\/wp-content\/uploads\/2024\/08\/Arbre-a-poule_Villers-Saint-Paul_Creil-Sud-Oise-Tourisme-32.jpg 833w\" sizes=\"(max-width: 675px) 100vw, 675px\" \/><figcaption class=\"wp-element-caption\">Creil Sud Oise Tourisme<\/figcaption><\/figure>\n\n\n\n<figure class=\"wp-block-image size-large\"><img decoding=\"async\" loading=\"lazy\" width=\"675\" height=\"1200\" data-id=\"56223\"  data-src=\"https:\/\/www.creilsudoise-tourisme.fr\/wp-content\/uploads\/2024\/08\/Arbre-a-poule_Villers-Saint-Paul_Creil-Sud-Oise-Tourisme-22-675x1200.jpg\" alt=\"curso permacultura adultos adultos ferme arbre \u00e0 poule oise\" class=\"wp-image-56223\" data-srcset=\"https:\/\/www.creilsudoise-tourisme.fr\/wp-content\/uploads\/2024\/08\/Arbre-a-poule_Villers-Saint-Paul_Creil-Sud-Oise-Tourisme-22-675x1200.jpg 675w, https:\/\/www.creilsudoise-tourisme.fr\/wp-content\/uploads\/2024\/08\/Arbre-a-poule_Villers-Saint-Paul_Creil-Sud-Oise-Tourisme-22-338x600.jpg 338w, https:\/\/www.creilsudoise-tourisme.fr\/wp-content\/uploads\/2024\/08\/Arbre-a-poule_Villers-Saint-Paul_Creil-Sud-Oise-Tourisme-22-507x900.jpg 507w, https:\/\/www.creilsudoise-tourisme.fr\/wp-content\/uploads\/2024\/08\/Arbre-a-poule_Villers-Saint-Paul_Creil-Sud-Oise-Tourisme-22-7x12.jpg 7w, https:\/\/www.creilsudoise-tourisme.fr\/wp-content\/uploads\/2024\/08\/Arbre-a-poule_Villers-Saint-Paul_Creil-Sud-Oise-Tourisme-22-200x355.jpg 200w, https:\/\/www.creilsudoise-tourisme.fr\/wp-content\/uploads\/2024\/08\/Arbre-a-poule_Villers-Saint-Paul_Creil-Sud-Oise-Tourisme-22-650x1155.jpg 650w, https:\/\/www.creilsudoise-tourisme.fr\/wp-content\/uploads\/2024\/08\/Arbre-a-poule_Villers-Saint-Paul_Creil-Sud-Oise-Tourisme-22-387x688.jpg 387w, https:\/\/www.creilsudoise-tourisme.fr\/wp-content\/uploads\/2024\/08\/Arbre-a-poule_Villers-Saint-Paul_Creil-Sud-Oise-Tourisme-22.jpg 833w\" sizes=\"(max-width: 675px) 100vw, 675px\" \/><figcaption class=\"wp-element-caption\">Creil Sud Oise Tourisme<\/figcaption><\/figure>\n\n\n\n<figure class=\"wp-block-image size-large\"><img decoding=\"async\" loading=\"lazy\" width=\"1200\" height=\"675\" data-id=\"56222\"  data-src=\"https:\/\/www.creilsudoise-tourisme.fr\/wp-content\/uploads\/2024\/08\/Arbre-a-poule_Villers-Saint-Paul_Creil-Sud-Oise-Tourisme-14-1200x675.jpg\" alt=\"curso permacultura adultos adultos ferme arbre \u00e0 poule oise\" class=\"wp-image-56222\" data-srcset=\"https:\/\/www.creilsudoise-tourisme.fr\/wp-content\/uploads\/2024\/08\/Arbre-a-poule_Villers-Saint-Paul_Creil-Sud-Oise-Tourisme-14-1200x675.jpg 1200w, https:\/\/www.creilsudoise-tourisme.fr\/wp-content\/uploads\/2024\/08\/Arbre-a-poule_Villers-Saint-Paul_Creil-Sud-Oise-Tourisme-14-600x338.jpg 600w, https:\/\/www.creilsudoise-tourisme.fr\/wp-content\/uploads\/2024\/08\/Arbre-a-poule_Villers-Saint-Paul_Creil-Sud-Oise-Tourisme-14-900x507.jpg 900w, https:\/\/www.creilsudoise-tourisme.fr\/wp-content\/uploads\/2024\/08\/Arbre-a-poule_Villers-Saint-Paul_Creil-Sud-Oise-Tourisme-14-18x10.jpg 18w, https:\/\/www.creilsudoise-tourisme.fr\/wp-content\/uploads\/2024\/08\/Arbre-a-poule_Villers-Saint-Paul_Creil-Sud-Oise-Tourisme-14-200x113.jpg 200w, https:\/\/www.creilsudoise-tourisme.fr\/wp-content\/uploads\/2024\/08\/Arbre-a-poule_Villers-Saint-Paul_Creil-Sud-Oise-Tourisme-14-650x366.jpg 650w, https:\/\/www.creilsudoise-tourisme.fr\/wp-content\/uploads\/2024\/08\/Arbre-a-poule_Villers-Saint-Paul_Creil-Sud-Oise-Tourisme-14-387x218.jpg 387w, https:\/\/www.creilsudoise-tourisme.fr\/wp-content\/uploads\/2024\/08\/Arbre-a-poule_Villers-Saint-Paul_Creil-Sud-Oise-Tourisme-14.jpg 1480w\" sizes=\"(max-width: 1200px) 100vw, 1200px\" \/><figcaption class=\"wp-element-caption\">Creil Sud Oise Tourisme<\/figcaption><\/figure>\n<\/figure>\n\n\n\n<p>En primavera, la microgranja suministra guisantes y zanahorias; en verano, tomates, calabacines y pepinos; en oto\u00f1o, calabazas, r\u00e1banos negros y lechugas; y en invierno, tub\u00e9rculos como calabazas y coles. \"\u00a0<em>Podemos contar con <strong>unas sesenta familias que vienen a comprar provisiones cada semana<\/strong>y un centenar de clientes habituales<\/em>s\", dice Magali. \"\u00a0<em>Todo est\u00e1 al d\u00eda y se comprueba con frecuencia. <strong>Para nosotros, la calidad es m\u00e1s importante que la cantidad.<\/strong> Trabajo justo a tiempo: a veces la lechuga que compramos estaba todav\u00eda en la tierra un cuarto de hora antes.\u00a0<\/em>\", dice Patrick. En cuanto a las aves de corral, los pollos, pintadas, capones, pavos y ocas se cr\u00edan con hierba.<\/p>\n\n\n\n<figure class=\"is-layout-flex wp-block-gallery-8 wp-block-gallery has-nested-images columns-default is-cropped\">\n<figure class=\"wp-block-image size-large\"><img decoding=\"async\" loading=\"lazy\" width=\"1200\" height=\"675\" data-id=\"56221\"  data-src=\"https:\/\/www.creilsudoise-tourisme.fr\/wp-content\/uploads\/2024\/08\/Arbre-a-poule_Villers-Saint-Paul_Creil-Sud-Oise-Tourisme-1-1200x675.jpg\" alt=\"granja educativa Villers-Saint-Paul Oise gallinero tienda consumo local\" class=\"wp-image-56221\" data-srcset=\"https:\/\/www.creilsudoise-tourisme.fr\/wp-content\/uploads\/2024\/08\/Arbre-a-poule_Villers-Saint-Paul_Creil-Sud-Oise-Tourisme-1-1200x675.jpg 1200w, https:\/\/www.creilsudoise-tourisme.fr\/wp-content\/uploads\/2024\/08\/Arbre-a-poule_Villers-Saint-Paul_Creil-Sud-Oise-Tourisme-1-600x338.jpg 600w, https:\/\/www.creilsudoise-tourisme.fr\/wp-content\/uploads\/2024\/08\/Arbre-a-poule_Villers-Saint-Paul_Creil-Sud-Oise-Tourisme-1-900x507.jpg 900w, https:\/\/www.creilsudoise-tourisme.fr\/wp-content\/uploads\/2024\/08\/Arbre-a-poule_Villers-Saint-Paul_Creil-Sud-Oise-Tourisme-1-18x10.jpg 18w, https:\/\/www.creilsudoise-tourisme.fr\/wp-content\/uploads\/2024\/08\/Arbre-a-poule_Villers-Saint-Paul_Creil-Sud-Oise-Tourisme-1-200x113.jpg 200w, https:\/\/www.creilsudoise-tourisme.fr\/wp-content\/uploads\/2024\/08\/Arbre-a-poule_Villers-Saint-Paul_Creil-Sud-Oise-Tourisme-1-650x366.jpg 650w, https:\/\/www.creilsudoise-tourisme.fr\/wp-content\/uploads\/2024\/08\/Arbre-a-poule_Villers-Saint-Paul_Creil-Sud-Oise-Tourisme-1-387x218.jpg 387w, https:\/\/www.creilsudoise-tourisme.fr\/wp-content\/uploads\/2024\/08\/Arbre-a-poule_Villers-Saint-Paul_Creil-Sud-Oise-Tourisme-1.jpg 1480w\" sizes=\"(max-width: 1200px) 100vw, 1200px\" \/><figcaption class=\"wp-element-caption\">Creil Sud Oise Tourisme<\/figcaption><\/figure>\n\n\n\n<figure class=\"wp-block-image size-large\"><img decoding=\"async\" loading=\"lazy\" width=\"1200\" height=\"800\" data-id=\"56228\"  data-src=\"https:\/\/www.creilsudoise-tourisme.fr\/wp-content\/uploads\/2024\/08\/Arbre-a-poule-Boutique_Villers-Saint-Paul_Creil-Sud-Oise-Tourisme-55-1200x800.jpg\" alt=\"granja educativa Villers-Saint-Paul Oise gallinero tienda consumo local\" class=\"wp-image-56228\" data-srcset=\"https:\/\/www.creilsudoise-tourisme.fr\/wp-content\/uploads\/2024\/08\/Arbre-a-poule-Boutique_Villers-Saint-Paul_Creil-Sud-Oise-Tourisme-55-1200x800.jpg 1200w, https:\/\/www.creilsudoise-tourisme.fr\/wp-content\/uploads\/2024\/08\/Arbre-a-poule-Boutique_Villers-Saint-Paul_Creil-Sud-Oise-Tourisme-55-600x400.jpg 600w, https:\/\/www.creilsudoise-tourisme.fr\/wp-content\/uploads\/2024\/08\/Arbre-a-poule-Boutique_Villers-Saint-Paul_Creil-Sud-Oise-Tourisme-55-900x600.jpg 900w, https:\/\/www.creilsudoise-tourisme.fr\/wp-content\/uploads\/2024\/08\/Arbre-a-poule-Boutique_Villers-Saint-Paul_Creil-Sud-Oise-Tourisme-55-18x12.jpg 18w, https:\/\/www.creilsudoise-tourisme.fr\/wp-content\/uploads\/2024\/08\/Arbre-a-poule-Boutique_Villers-Saint-Paul_Creil-Sud-Oise-Tourisme-55-200x133.jpg 200w, https:\/\/www.creilsudoise-tourisme.fr\/wp-content\/uploads\/2024\/08\/Arbre-a-poule-Boutique_Villers-Saint-Paul_Creil-Sud-Oise-Tourisme-55-650x433.jpg 650w, https:\/\/www.creilsudoise-tourisme.fr\/wp-content\/uploads\/2024\/08\/Arbre-a-poule-Boutique_Villers-Saint-Paul_Creil-Sud-Oise-Tourisme-55-387x258.jpg 387w, https:\/\/www.creilsudoise-tourisme.fr\/wp-content\/uploads\/2024\/08\/Arbre-a-poule-Boutique_Villers-Saint-Paul_Creil-Sud-Oise-Tourisme-55.jpg 1480w\" sizes=\"(max-width: 1200px) 100vw, 1200px\" \/><figcaption class=\"wp-element-caption\">Creil Sud Oise Tourisme<\/figcaption><\/figure>\n\n\n\n<figure class=\"wp-block-image size-large\"><img decoding=\"async\" loading=\"lazy\" width=\"1200\" height=\"800\" data-id=\"56227\"  data-src=\"https:\/\/www.creilsudoise-tourisme.fr\/wp-content\/uploads\/2024\/08\/Arbre-a-poule-Boutique_Villers-Saint-Paul_Creil-Sud-Oise-Tourisme-54-1200x800.jpg\" alt=\"granja educativa Villers-Saint-Paul Oise gallinero tienda consumo local\" class=\"wp-image-56227\" data-srcset=\"https:\/\/www.creilsudoise-tourisme.fr\/wp-content\/uploads\/2024\/08\/Arbre-a-poule-Boutique_Villers-Saint-Paul_Creil-Sud-Oise-Tourisme-54-1200x800.jpg 1200w, https:\/\/www.creilsudoise-tourisme.fr\/wp-content\/uploads\/2024\/08\/Arbre-a-poule-Boutique_Villers-Saint-Paul_Creil-Sud-Oise-Tourisme-54-600x400.jpg 600w, https:\/\/www.creilsudoise-tourisme.fr\/wp-content\/uploads\/2024\/08\/Arbre-a-poule-Boutique_Villers-Saint-Paul_Creil-Sud-Oise-Tourisme-54-900x600.jpg 900w, https:\/\/www.creilsudoise-tourisme.fr\/wp-content\/uploads\/2024\/08\/Arbre-a-poule-Boutique_Villers-Saint-Paul_Creil-Sud-Oise-Tourisme-54-18x12.jpg 18w, https:\/\/www.creilsudoise-tourisme.fr\/wp-content\/uploads\/2024\/08\/Arbre-a-poule-Boutique_Villers-Saint-Paul_Creil-Sud-Oise-Tourisme-54-200x133.jpg 200w, https:\/\/www.creilsudoise-tourisme.fr\/wp-content\/uploads\/2024\/08\/Arbre-a-poule-Boutique_Villers-Saint-Paul_Creil-Sud-Oise-Tourisme-54-650x433.jpg 650w, https:\/\/www.creilsudoise-tourisme.fr\/wp-content\/uploads\/2024\/08\/Arbre-a-poule-Boutique_Villers-Saint-Paul_Creil-Sud-Oise-Tourisme-54-387x258.jpg 387w, https:\/\/www.creilsudoise-tourisme.fr\/wp-content\/uploads\/2024\/08\/Arbre-a-poule-Boutique_Villers-Saint-Paul_Creil-Sud-Oise-Tourisme-54.jpg 1480w\" sizes=\"(max-width: 1200px) 100vw, 1200px\" \/><figcaption class=\"wp-element-caption\">Creil Sud Oise Tourisme<\/figcaption><\/figure>\n\n\n\n<figure class=\"wp-block-image size-large\"><img decoding=\"async\" loading=\"lazy\" width=\"1200\" height=\"800\" data-id=\"56226\"  data-src=\"https:\/\/www.creilsudoise-tourisme.fr\/wp-content\/uploads\/2024\/08\/Arbre-a-poule-Boutique_Villers-Saint-Paul_Creil-Sud-Oise-Tourisme-53-1200x800.jpg\" alt=\"granja educativa Villers-Saint-Paul Oise gallinero tienda consumo local\" class=\"wp-image-56226\" data-srcset=\"https:\/\/www.creilsudoise-tourisme.fr\/wp-content\/uploads\/2024\/08\/Arbre-a-poule-Boutique_Villers-Saint-Paul_Creil-Sud-Oise-Tourisme-53-1200x800.jpg 1200w, https:\/\/www.creilsudoise-tourisme.fr\/wp-content\/uploads\/2024\/08\/Arbre-a-poule-Boutique_Villers-Saint-Paul_Creil-Sud-Oise-Tourisme-53-600x400.jpg 600w, https:\/\/www.creilsudoise-tourisme.fr\/wp-content\/uploads\/2024\/08\/Arbre-a-poule-Boutique_Villers-Saint-Paul_Creil-Sud-Oise-Tourisme-53-900x600.jpg 900w, https:\/\/www.creilsudoise-tourisme.fr\/wp-content\/uploads\/2024\/08\/Arbre-a-poule-Boutique_Villers-Saint-Paul_Creil-Sud-Oise-Tourisme-53-18x12.jpg 18w, https:\/\/www.creilsudoise-tourisme.fr\/wp-content\/uploads\/2024\/08\/Arbre-a-poule-Boutique_Villers-Saint-Paul_Creil-Sud-Oise-Tourisme-53-200x133.jpg 200w, https:\/\/www.creilsudoise-tourisme.fr\/wp-content\/uploads\/2024\/08\/Arbre-a-poule-Boutique_Villers-Saint-Paul_Creil-Sud-Oise-Tourisme-53-650x433.jpg 650w, https:\/\/www.creilsudoise-tourisme.fr\/wp-content\/uploads\/2024\/08\/Arbre-a-poule-Boutique_Villers-Saint-Paul_Creil-Sud-Oise-Tourisme-53-387x258.jpg 387w, https:\/\/www.creilsudoise-tourisme.fr\/wp-content\/uploads\/2024\/08\/Arbre-a-poule-Boutique_Villers-Saint-Paul_Creil-Sud-Oise-Tourisme-53.jpg 1480w\" sizes=\"(max-width: 1200px) 100vw, 1200px\" \/><figcaption class=\"wp-element-caption\">Creil Sud Oise Tourisme<\/figcaption><\/figure>\n<\/figure>\n\n\n\n<p>Pero con los a\u00f1os Covid anima a la gente a limitar sus desplazamientos. \"&nbsp;<em>Nos convertimos en sociedad de responsabilidad limitada en 2022 para desarrollar <strong>venta en la explotaci\u00f3n sin intermediarios, con una red de una quincena de productores locales<\/strong>&nbsp;<\/em>\", dice Patrick. Adem\u00e1s de frutas, verduras, aves, zumo de manzana, siropes, mermeladas, hierbas arom\u00e1ticas, miel e infusiones frescas o secas de l'Arbre \u00e0 poule, hay huevos, productos l\u00e1cteos, panes ecol\u00f3gicos, carne de vacuno y de cerdo.<\/p>\n\n\n\n<h3>Bienvenido a la etiqueta agr\u00edcola<\/h3>\n\n\n\n<p>Con la etiqueta Bienvenue \u00e0 la ferme, los inquilinos como Vidocq y Cannelle los burros, \u00c9glantine la vaca, Orange y Cl\u00e9mentine los cerdos, Cr\u00e8me y Coquine las cabras y Robin y Maurice los machos cabr\u00edos son una alegr\u00eda para la vista. <strong>visitantes interesados en la granja educativa<\/strong>Se trata de particulares, escolares, estudiantes de secundaria, asociaciones y clubes deportivos. \"\u00a0<em><strong>Cuidamos de los animales hasta el final, aqu\u00ed es como un verdadero hogar para los animales.<\/strong>,<\/em> r\u00ede Magali. <em>Uno de nuestros viejos machos cabr\u00edos recibe incluso tratamiento l\u00e1ser para aliviar sus articulaciones. Y para no molestar a la gente de nuestro entorno, traemos a los animales todas las tardes y los gallineros est\u00e1n insonorizados.<\/em> \"<\/p>\n\n\n\n<figure class=\"is-layout-flex wp-block-gallery-10 wp-block-gallery has-nested-images columns-default is-cropped\">\n<figure class=\"wp-block-image size-large\"><img decoding=\"async\" loading=\"lazy\" width=\"1200\" height=\"800\" data-id=\"33009\"  data-src=\"https:\/\/www.creilsudoise-tourisme.fr\/wp-content\/uploads\/2021\/03\/Vache-a\u0300-la-Ferme-de-L_Arbre-a\u0300-poule-1200x800.jpg\" alt=\"vaca granja educativa Villers-Saint-Paul Oise Pollo \u00e1rbol\" class=\"wp-image-33009\" data-srcset=\"https:\/\/www.creilsudoise-tourisme.fr\/wp-content\/uploads\/2021\/03\/Vache-a\u0300-la-Ferme-de-L_Arbre-a\u0300-poule-1200x800.jpg 1200w, https:\/\/www.creilsudoise-tourisme.fr\/wp-content\/uploads\/2021\/03\/Vache-a\u0300-la-Ferme-de-L_Arbre-a\u0300-poule-600x400.jpg 600w, https:\/\/www.creilsudoise-tourisme.fr\/wp-content\/uploads\/2021\/03\/Vache-a\u0300-la-Ferme-de-L_Arbre-a\u0300-poule-900x600.jpg 900w, https:\/\/www.creilsudoise-tourisme.fr\/wp-content\/uploads\/2021\/03\/Vache-a\u0300-la-Ferme-de-L_Arbre-a\u0300-poule-1536x1024.jpg 1536w, https:\/\/www.creilsudoise-tourisme.fr\/wp-content\/uploads\/2021\/03\/Vache-a\u0300-la-Ferme-de-L_Arbre-a\u0300-poule-200x133.jpg 200w, https:\/\/www.creilsudoise-tourisme.fr\/wp-content\/uploads\/2021\/03\/Vache-a\u0300-la-Ferme-de-L_Arbre-a\u0300-poule-650x433.jpg 650w, https:\/\/www.creilsudoise-tourisme.fr\/wp-content\/uploads\/2021\/03\/Vache-a\u0300-la-Ferme-de-L_Arbre-a\u0300-poule-387x258.jpg 387w, https:\/\/www.creilsudoise-tourisme.fr\/wp-content\/uploads\/2021\/03\/Vache-a\u0300-la-Ferme-de-L_Arbre-a\u0300-poule.jpg 1600w\" sizes=\"(max-width: 1200px) 100vw, 1200px\" \/><figcaption class=\"wp-element-caption\">Creil Sud Oise Tourisme<\/figcaption><\/figure>\n\n\n\n<figure class=\"wp-block-image size-large\"><img decoding=\"async\" loading=\"lazy\" width=\"1200\" height=\"800\" data-id=\"33008\"  data-src=\"https:\/\/www.creilsudoise-tourisme.fr\/wp-content\/uploads\/2021\/03\/Cochon-a\u0300-la-Ferme-de-l_Arbre-a\u0300-poule-1200x800.jpg\" alt=\"granja pedag\u00f3gica porcina Villers-Saint-Paul Oise Pollo \u00e1rbol\" class=\"wp-image-33008\" data-srcset=\"https:\/\/www.creilsudoise-tourisme.fr\/wp-content\/uploads\/2021\/03\/Cochon-a\u0300-la-Ferme-de-l_Arbre-a\u0300-poule-1200x800.jpg 1200w, https:\/\/www.creilsudoise-tourisme.fr\/wp-content\/uploads\/2021\/03\/Cochon-a\u0300-la-Ferme-de-l_Arbre-a\u0300-poule-600x400.jpg 600w, https:\/\/www.creilsudoise-tourisme.fr\/wp-content\/uploads\/2021\/03\/Cochon-a\u0300-la-Ferme-de-l_Arbre-a\u0300-poule-900x600.jpg 900w, https:\/\/www.creilsudoise-tourisme.fr\/wp-content\/uploads\/2021\/03\/Cochon-a\u0300-la-Ferme-de-l_Arbre-a\u0300-poule-1536x1024.jpg 1536w, https:\/\/www.creilsudoise-tourisme.fr\/wp-content\/uploads\/2021\/03\/Cochon-a\u0300-la-Ferme-de-l_Arbre-a\u0300-poule-200x133.jpg 200w, https:\/\/www.creilsudoise-tourisme.fr\/wp-content\/uploads\/2021\/03\/Cochon-a\u0300-la-Ferme-de-l_Arbre-a\u0300-poule-650x433.jpg 650w, https:\/\/www.creilsudoise-tourisme.fr\/wp-content\/uploads\/2021\/03\/Cochon-a\u0300-la-Ferme-de-l_Arbre-a\u0300-poule-387x258.jpg 387w, https:\/\/www.creilsudoise-tourisme.fr\/wp-content\/uploads\/2021\/03\/Cochon-a\u0300-la-Ferme-de-l_Arbre-a\u0300-poule.jpg 1800w\" sizes=\"(max-width: 1200px) 100vw, 1200px\" \/><figcaption class=\"wp-element-caption\">Creil Sud Oise Tourisme<\/figcaption><\/figure>\n\n\n\n<figure class=\"wp-block-image size-large\"><img decoding=\"async\" loading=\"lazy\" width=\"1200\" height=\"1035\" data-id=\"33007\"  data-src=\"https:\/\/www.creilsudoise-tourisme.fr\/wp-content\/uploads\/2021\/03\/Bouc-a\u0300-la-Ferme-de-L_Arbre-a\u0300-poule-1200x1035.jpg\" alt=\"ovejas granja educativa Villers-Saint-Paul Oise Pollo \u00e1rbol\" class=\"wp-image-33007\" data-srcset=\"https:\/\/www.creilsudoise-tourisme.fr\/wp-content\/uploads\/2021\/03\/Bouc-a\u0300-la-Ferme-de-L_Arbre-a\u0300-poule-1200x1035.jpg 1200w, https:\/\/www.creilsudoise-tourisme.fr\/wp-content\/uploads\/2021\/03\/Bouc-a\u0300-la-Ferme-de-L_Arbre-a\u0300-poule-600x518.jpg 600w, https:\/\/www.creilsudoise-tourisme.fr\/wp-content\/uploads\/2021\/03\/Bouc-a\u0300-la-Ferme-de-L_Arbre-a\u0300-poule-900x776.jpg 900w, https:\/\/www.creilsudoise-tourisme.fr\/wp-content\/uploads\/2021\/03\/Bouc-a\u0300-la-Ferme-de-L_Arbre-a\u0300-poule-1536x1325.jpg 1536w, https:\/\/www.creilsudoise-tourisme.fr\/wp-content\/uploads\/2021\/03\/Bouc-a\u0300-la-Ferme-de-L_Arbre-a\u0300-poule-200x173.jpg 200w, https:\/\/www.creilsudoise-tourisme.fr\/wp-content\/uploads\/2021\/03\/Bouc-a\u0300-la-Ferme-de-L_Arbre-a\u0300-poule-650x561.jpg 650w, https:\/\/www.creilsudoise-tourisme.fr\/wp-content\/uploads\/2021\/03\/Bouc-a\u0300-la-Ferme-de-L_Arbre-a\u0300-poule-387x334.jpg 387w, https:\/\/www.creilsudoise-tourisme.fr\/wp-content\/uploads\/2021\/03\/Bouc-a\u0300-la-Ferme-de-L_Arbre-a\u0300-poule.jpg 1600w\" sizes=\"(max-width: 1200px) 100vw, 1200px\" \/><figcaption class=\"wp-element-caption\">Creil Sud Oise Tourisme<\/figcaption><\/figure>\n\n\n\n<figure class=\"wp-block-image size-large\"><img decoding=\"async\" loading=\"lazy\" width=\"1200\" height=\"675\" data-id=\"33012\"  data-src=\"https:\/\/www.creilsudoise-tourisme.fr\/wp-content\/uploads\/2021\/03\/Moutons-a\u0300-la-Ferme-de-l_Arbre-a\u0300-poule-1200x675.jpg\" alt=\"ovejas granja educativa Villers-Saint-Paul Oise Pollo \u00e1rbol\" class=\"wp-image-33012\" data-srcset=\"https:\/\/www.creilsudoise-tourisme.fr\/wp-content\/uploads\/2021\/03\/Moutons-a\u0300-la-Ferme-de-l_Arbre-a\u0300-poule-1200x675.jpg 1200w, https:\/\/www.creilsudoise-tourisme.fr\/wp-content\/uploads\/2021\/03\/Moutons-a\u0300-la-Ferme-de-l_Arbre-a\u0300-poule-600x338.jpg 600w, https:\/\/www.creilsudoise-tourisme.fr\/wp-content\/uploads\/2021\/03\/Moutons-a\u0300-la-Ferme-de-l_Arbre-a\u0300-poule-900x506.jpg 900w, https:\/\/www.creilsudoise-tourisme.fr\/wp-content\/uploads\/2021\/03\/Moutons-a\u0300-la-Ferme-de-l_Arbre-a\u0300-poule-1536x864.jpg 1536w, https:\/\/www.creilsudoise-tourisme.fr\/wp-content\/uploads\/2021\/03\/Moutons-a\u0300-la-Ferme-de-l_Arbre-a\u0300-poule-2048x1152.jpg 2048w, https:\/\/www.creilsudoise-tourisme.fr\/wp-content\/uploads\/2021\/03\/Moutons-a\u0300-la-Ferme-de-l_Arbre-a\u0300-poule-200x113.jpg 200w, https:\/\/www.creilsudoise-tourisme.fr\/wp-content\/uploads\/2021\/03\/Moutons-a\u0300-la-Ferme-de-l_Arbre-a\u0300-poule-1600x900.jpg 1600w, https:\/\/www.creilsudoise-tourisme.fr\/wp-content\/uploads\/2021\/03\/Moutons-a\u0300-la-Ferme-de-l_Arbre-a\u0300-poule-650x366.jpg 650w, https:\/\/www.creilsudoise-tourisme.fr\/wp-content\/uploads\/2021\/03\/Moutons-a\u0300-la-Ferme-de-l_Arbre-a\u0300-poule-387x218.jpg 387w\" sizes=\"(max-width: 1200px) 100vw, 1200px\" \/><figcaption class=\"wp-element-caption\">Creil Sud Oise Tourisme<\/figcaption><\/figure>\n<\/figure>\n\n\n\n<p>Los que quieran ir un paso m\u00e1s all\u00e1 y cultivar su huerto con m\u00e9todos de permacultura, o convertir el vell\u00f3n de los animales en sedoso hilo, pueden aprovechar los expertos consejos de la pareja durante los cursos. \"&nbsp;<em>Estamos firmemente arraigados en la regi\u00f3n,<\/em> confirma Magali. <em>Donamos nuestro esti\u00e9rcol a los huertos de Villers-Saint-Paul y podemos ofrecer una sala de reuniones para unas treinta personas.&nbsp;<\/em>\"<\/p>\n\n\n\n<h3>Una casa rural en la granja, y pronto una segunda<\/h3>\n\n\n\n<p>Despu\u00e9s del <strong>Etiqueta G\u00eete de France para \"l'Antre deux terres<\/strong> obtenido en 2018, que permite a los antiguos Villersois venir a visitar a familiares o turistas para estar cerca de Par\u00eds, la pareja est\u00e1 planeando una segunda casa rural para el pr\u00f3ximo a\u00f1o. \"&nbsp;<em>Y tenemos <strong>proyecta crear un peque\u00f1o museo sobre la vida agr\u00edcola en Villers-Saint-Paul <\/strong>con documentos y herramientas sobre la historia del municipio<\/em>&nbsp;\", dice Patrick.<\/p>\n\n\n\n<figure class=\"is-layout-flex wp-block-gallery-12 wp-block-gallery has-nested-images columns-default is-cropped\">\n<figure class=\"wp-block-image size-large\"><img decoding=\"async\" loading=\"lazy\" width=\"1200\" height=\"900\" data-id=\"56266\"  data-src=\"https:\/\/www.creilsudoise-tourisme.fr\/wp-content\/uploads\/2024\/08\/2023-07-13-Villers-St-Paul-Arbre-a-poule-Magali-Patrick-Mancheron-IMG_5944-1200x900.jpg\" alt=\"g\u00eete entre deux terres ferme arbre \u00e0 poule oise\" class=\"wp-image-56266\" data-srcset=\"https:\/\/www.creilsudoise-tourisme.fr\/wp-content\/uploads\/2024\/08\/2023-07-13-Villers-St-Paul-Arbre-a-poule-Magali-Patrick-Mancheron-IMG_5944-1200x900.jpg 1200w, https:\/\/www.creilsudoise-tourisme.fr\/wp-content\/uploads\/2024\/08\/2023-07-13-Villers-St-Paul-Arbre-a-poule-Magali-Patrick-Mancheron-IMG_5944-600x450.jpg 600w, https:\/\/www.creilsudoise-tourisme.fr\/wp-content\/uploads\/2024\/08\/2023-07-13-Villers-St-Paul-Arbre-a-poule-Magali-Patrick-Mancheron-IMG_5944-900x675.jpg 900w, https:\/\/www.creilsudoise-tourisme.fr\/wp-content\/uploads\/2024\/08\/2023-07-13-Villers-St-Paul-Arbre-a-poule-Magali-Patrick-Mancheron-IMG_5944-16x12.jpg 16w, https:\/\/www.creilsudoise-tourisme.fr\/wp-content\/uploads\/2024\/08\/2023-07-13-Villers-St-Paul-Arbre-a-poule-Magali-Patrick-Mancheron-IMG_5944-200x150.jpg 200w, https:\/\/www.creilsudoise-tourisme.fr\/wp-content\/uploads\/2024\/08\/2023-07-13-Villers-St-Paul-Arbre-a-poule-Magali-Patrick-Mancheron-IMG_5944-650x488.jpg 650w, https:\/\/www.creilsudoise-tourisme.fr\/wp-content\/uploads\/2024\/08\/2023-07-13-Villers-St-Paul-Arbre-a-poule-Magali-Patrick-Mancheron-IMG_5944-387x290.jpg 387w, https:\/\/www.creilsudoise-tourisme.fr\/wp-content\/uploads\/2024\/08\/2023-07-13-Villers-St-Paul-Arbre-a-poule-Magali-Patrick-Mancheron-IMG_5944.jpg 1480w\" sizes=\"(max-width: 1200px) 100vw, 1200px\" \/><figcaption class=\"wp-element-caption\">Fred Noury<\/figcaption><\/figure>\n\n\n\n<figure class=\"wp-block-image size-large\"><img decoding=\"async\" loading=\"lazy\" width=\"1200\" height=\"900\" data-id=\"34412\"  data-src=\"https:\/\/www.creilsudoise-tourisme.fr\/wp-content\/uploads\/2021\/05\/Gite-lArbre-a-poule-Creil-Sud-Oise-Tourisme.jpg\" alt=\"Casa rural de l&#039;Arbre \u00e0 poule en Villers-Saint-Paul\" class=\"wp-image-34412\" data-srcset=\"https:\/\/www.creilsudoise-tourisme.fr\/wp-content\/uploads\/2021\/05\/Gite-lArbre-a-poule-Creil-Sud-Oise-Tourisme.jpg 1200w, https:\/\/www.creilsudoise-tourisme.fr\/wp-content\/uploads\/2021\/05\/Gite-lArbre-a-poule-Creil-Sud-Oise-Tourisme-600x450.jpg 600w, https:\/\/www.creilsudoise-tourisme.fr\/wp-content\/uploads\/2021\/05\/Gite-lArbre-a-poule-Creil-Sud-Oise-Tourisme-900x675.jpg 900w, https:\/\/www.creilsudoise-tourisme.fr\/wp-content\/uploads\/2021\/05\/Gite-lArbre-a-poule-Creil-Sud-Oise-Tourisme-200x150.jpg 200w, https:\/\/www.creilsudoise-tourisme.fr\/wp-content\/uploads\/2021\/05\/Gite-lArbre-a-poule-Creil-Sud-Oise-Tourisme-650x488.jpg 650w, https:\/\/www.creilsudoise-tourisme.fr\/wp-content\/uploads\/2021\/05\/Gite-lArbre-a-poule-Creil-Sud-Oise-Tourisme-387x290.jpg 387w\" sizes=\"(max-width: 1200px) 100vw, 1200px\" \/><\/figure>\n<\/figure>\n\n\n\n<div class=\"is-layout-flex wp-container-17 wp-block-columns\">\n<div class=\"is-layout-flow wp-block-column\" style=\"flex-basis:25%\">\n<figure class=\"wp-block-image size-full\"><img decoding=\"async\" loading=\"lazy\" width=\"268\" height=\"250\" data-src=\"https:\/\/www.creilsudoise-tourisme.fr\/wp-content\/uploads\/2024\/08\/cropped-fredcom.png\" alt=\"\" class=\"wp-image-56310\" data-srcset=\"https:\/\/www.creilsudoise-tourisme.fr\/wp-content\/uploads\/2024\/08\/cropped-fredcom.png 268w, https:\/\/www.creilsudoise-tourisme.fr\/wp-content\/uploads\/2024\/08\/cropped-fredcom-13x12.png 13w, https:\/\/www.creilsudoise-tourisme.fr\/wp-content\/uploads\/2024\/08\/cropped-fredcom-200x187.png 200w\" sizes=\"(max-width: 268px) 100vw, 268px\" \/><\/figure>\n<\/div>\n\n\n\n<div class=\"is-layout-flow wp-block-column is-vertically-aligned-center\" style=\"flex-basis:50%\">\n<p><strong><strong>Fr\u00e9d\u00e9ric Noury<\/strong><\/strong> &#8211; <a href=\"https:\/\/fredcom.info\/\" target=\"_blank\" rel=\"noreferrer noopener\">FredCom<\/a><\/p>\n<\/div>\n\n\n\n<div class=\"is-layout-flow wp-block-column\" style=\"flex-basis:25%\"><\/div>\n<\/div>\n\n\n\n<hr class=\"wp-block-separator has-alpha-channel-opacity\"\/>\n\n\n\n<h2>Conozca a Patrick y Magali en v\u00eddeo<\/h2>\n\n\n\n<figure class=\"wp-block-embed is-type-video is-provider-youtube wp-block-embed-youtube wp-embed-aspect-16-9 wp-has-aspect-ratio\"><div class=\"wp-block-embed__wrapper\">\n<iframe loading=\"lazy\" title=\"[ENCUENTRO] con Patrick y Magali de l&#039;Arbre \u00e0 poule en Villers-Saint-Paul | Creil Sud Oise Tourisme\" width=\"500\" height=\"281\" data-src=\"https:\/\/www.youtube.com\/embed\/q-Jrxbr_oGE?list=PLyTXFZvx5-KNbtgLVlgXrRkIYsV-wBfYH\" frameborder=\"0\" allow=\"accelerometer; autoplay; clipboard-write; encrypted-media; gyroscope; picture-in-picture; web-share\" referrerpolicy=\"strict-origin-when-cross-origin\" allowfullscreen><\/iframe>\n<\/div><\/figure>\n\n\n\n\n\n<hr class=\"wp-block-separator has-alpha-channel-opacity\"\/>\n\n\n\n<h2>Casa rural L'Antre deux terres<\/h2>\n\n\n\n<figure class=\"wp-block-embed is-type-video is-provider-youtube wp-block-embed-youtube wp-embed-aspect-16-9 wp-has-aspect-ratio\"><div class=\"wp-block-embed__wrapper\">\n<iframe loading=\"lazy\" title=\"L&#039;antre Deux Terres: \u00a1una casa rural en una granja de la regi\u00f3n de Oise!\" width=\"500\" height=\"281\" data-src=\"https:\/\/www.youtube.com\/embed\/lYFYGSrIvQI?feature=oembed\" frameborder=\"0\" allow=\"accelerometer; autoplay; clipboard-write; encrypted-media; gyroscope; picture-in-picture; web-share\" referrerpolicy=\"strict-origin-when-cross-origin\" allowfullscreen><\/iframe>\n<\/div><\/figure>\n\n\n\n<div class=\"wp-block wp-block-single-sit wp-block-single-sit-coordonnees\" >\n\n            <h2>Acceda a<\/h2>\n    \n    <div class=\"wp-block-media-text is-stacked-on-mobile\">\n\n        <div class=\"wp-block-media-text__media wpet-map-detail\" style=\"width:100%; height: 100%;\">\n            <div class=\"wp-block-media-text__media__content\" id=\"wpetSingleSitMap\" data-wpet-type-map=\"leaflet\" ><\/div>\n        <\/div>\n\n        <div class=\"wp-block-media-text__content\">\n\n                            <p class=\"wp-block-coordonnees__status wp-block-coordonnees__status--close\">\n                    Cerrado                <\/p>\n            \n            <p class=\"wp-block-media-text__content__address\">\n                                    <strong>La cueva de las dos tierras<\/strong><br \/>\n                \n                                    24 rue Aristide Briand<br \/>\n                \n                                    <span>60870<\/span>\n                    <span>VILLERS-SAINT-PAUL<\/span><br \/>\n                            <\/p>\n\n                                                <p class=\"wp-block-media-text__content__phone\"><a data-type=\"\u201dTEL\u201d\" href=\"tel:33 (0)972579327\">33 (0)972579327<\/a><\/p>\n                            \n            <a href=\"https:\/\/www.google.fr\/maps?saddr&#038;daddr=49.2870981,2.483881\" target=\"_blank\" class=\"button GtmButtonCalculItinerairePrestataire\" rel=\"noopener noreferrer\">Calcular mi ruta<\/a>\n        <\/div>\n    <\/div>\n<\/div>\n\n\n    <div class=\"wp-block wp-block-single-sit wp-block-single-sit-ouvertures\" id=\"opening\">\n\n                    <h2>Apertura<\/h2>\n        \n        \t<p>Todos los periodos de apertura han pasado. Para m\u00e1s informaci\u00f3n, p\u00f3ngase en contacto directamente con el propietario.<\/p>\n\n    <\/div>\n\n\n\n    <div class=\"wp-block wp-block-single-sit wp-block-single-sit-tarifs\">\n\n                    <h2>Tarifas<\/h2>\n        \n        \n    <table class=\"wpetTable\">\n                    <tr class=\"wpetTableLine\">\n                <td class=\"wpetTableCell\">\n                    Alquiler semanal                                    <\/td>\n                <td class=\"wpetTableCell\">375 \u20ac<\/td>\n            <\/tr>\n                    <tr class=\"wpetTableLine\">\n                <td class=\"wpetTableCell\">\n                    Alquiler semanal                                    <\/td>\n                <td class=\"wpetTableCell\">375 \u20ac<\/td>\n            <\/tr>\n                    <tr class=\"wpetTableLine\">\n                <td class=\"wpetTableCell\">\n                    Alquiler de fin de semana                                    <\/td>\n                <td class=\"wpetTableCell\">262 \u20ac<\/td>\n            <\/tr>\n                    <tr class=\"wpetTableLine\">\n                <td class=\"wpetTableCell\">\n                    Alquiler de fin de semana                                    <\/td>\n                <td class=\"wpetTableCell\">262 \u20ac<\/td>\n            <\/tr>\n                    <tr class=\"wpetTableLine\">\n                <td class=\"wpetTableCell\">\n                    Alquiler de fin de semana                                    <\/td>\n                <td class=\"wpetTableCell\">262 \u20ac<\/td>\n            <\/tr>\n            <\/table>\n\n\n    \n    \n    \n    \n    \n    <\/div>\n\n\n\n\n<hr class=\"wp-block-separator has-alpha-channel-opacity\"\/>\n\n\n<div class=\"wp-block wp-block-highlight\">\n            <h3 class=\"wp-block-highlight-item wp-block-highlight-title\">\u00bfQuiere saber m\u00e1s?<\/h3>\n                <p class=\"wp-block-highlight-item wp-block-highlight-excerpt\">Este hermoso reportaje se ha escrito coincidiendo con el lanzamiento del nuevo<strong> Creil Sud Oise Tourisme, primera revista de destino<\/strong>.<br>En el interior, n<strong>uchos otros art\u00edculos<\/strong> te llevar\u00e1 a conocer <strong>cifras locales<\/strong> y ofrecer <strong>ideas para salir<\/strong><br><strong>Pedido en<\/strong> para recibirlo en papel.<br><strong><a href=\"https:\/\/www.creilsudoise-tourisme.fr\/es\/practica\/folletos\/\" target=\"_blank\" rel=\"noreferrer noopener\">Haga clic aqu\u00ed para realizar el pedido<\/a><\/strong><\/p>\n    <\/div>","protected":false},"excerpt":{"rendered":"<p>Animales de granja criados en libertad, frutas y verduras cultivadas en armon\u00eda con las estaciones, aves de corral criadas al aire libre, toda una serie de cursos de formaci\u00f3n para transmitir los conocimientos ancestrales: und\u00e9cima generaci\u00f3n de una familia establecida en Villers-Saint-Paul desde hace 400 a\u00f1os, Patrick Mancheron y su esposa Magali dirigen el Arbre [...].<\/p>","protected":false},"author":3,"featured_media":56262,"comment_status":"closed","ping_status":"closed","sticky":false,"template":"","format":"standard","meta":{"_relevanssi_hide_post":"","_relevanssi_hide_content":"","_relevanssi_pin_for_all":"","_relevanssi_pin_keywords":"","_relevanssi_unpin_keywords":"","_relevanssi_related_keywords":"","_relevanssi_related_include_ids":"","_relevanssi_related_exclude_ids":"","_relevanssi_related_no_append":"","_relevanssi_related_not_related":"","_relevanssi_related_posts":"40900,41679,32820,40150,42322,38711","_relevanssi_noindex_reason":""},"categories":[10],"tags":[],"yoast_head":"<!-- This site is optimized with the Yoast SEO plugin v20.2.1 - https:\/\/yoast.com\/wordpress\/plugins\/seo\/ -->\n<title>Une ferme en c\u0153ur de ville<\/title>\n<meta name=\"description\" content=\"Rencontre avec Patrick et Magali, propri\u00e9taires de l&#039;Arbre \u00e0 poule, leur ferme depuis 11 g\u00e9n\u00e9rations, en plein c\u0153ur de Villers-Saint-Paul\" \/>\n<meta name=\"robots\" content=\"index, follow, max-snippet:-1, max-image-preview:large, max-video-preview:-1\" \/>\n<link rel=\"canonical\" href=\"https:\/\/www.creilsudoise-tourisme.fr\/es\/2024\/09\/19\/patrick-magali-mancheron\/\" \/>\n<meta property=\"og:locale\" content=\"es_ES\" \/>\n<meta property=\"og:type\" content=\"article\" \/>\n<meta property=\"og:title\" content=\"Une ferme en c\u0153ur de ville\" \/>\n<meta property=\"og:description\" content=\"Rencontre avec Patrick et Magali, propri\u00e9taires de l&#039;Arbre \u00e0 poule, leur ferme depuis 11 g\u00e9n\u00e9rations, en plein c\u0153ur de Villers-Saint-Paul\" \/>\n<meta property=\"og:url\" content=\"https:\/\/www.creilsudoise-tourisme.fr\/es\/2024\/09\/19\/patrick-magali-mancheron\/\" \/>\n<meta property=\"og:site_name\" content=\"Office de Tourisme Creil Sud Oise\" \/>\n<meta property=\"article:publisher\" content=\"https:\/\/www.facebook.com\/creilsudoisetourisme\/\" \/>\n<meta property=\"article:published_time\" content=\"2024-09-19T14:56:33+00:00\" \/>\n<meta property=\"article:modified_time\" content=\"2024-08-22T08:04:34+00:00\" \/>\n<meta property=\"og:image\" content=\"https:\/\/www.creilsudoise-tourisme.fr\/wp-content\/uploads\/2024\/08\/Les-Mancheron.jpg\" \/>\n\t<meta property=\"og:image:width\" content=\"1020\" \/>\n\t<meta property=\"og:image:height\" content=\"1289\" \/>\n\t<meta property=\"og:image:type\" content=\"image\/jpeg\" \/>\n<meta name=\"author\" content=\"fdubut\" \/>\n<meta name=\"twitter:card\" content=\"summary_large_image\" \/>\n<meta name=\"twitter:creator\" content=\"@CreilSudOiseOT\" \/>\n<meta name=\"twitter:site\" content=\"@CreilSudOiseOT\" \/>\n<meta name=\"twitter:label1\" content=\"Escrito por\" \/>\n\t<meta name=\"twitter:data1\" content=\"fdubut\" \/>\n\t<meta name=\"twitter:label2\" content=\"Tiempo de lectura\" \/>\n\t<meta name=\"twitter:data2\" content=\"7 minutos\" \/>\n<script type=\"application\/ld+json\" class=\"yoast-schema-graph\">{\"@context\":\"https:\/\/schema.org\",\"@graph\":[{\"@type\":\"Article\",\"@id\":\"https:\/\/www.creilsudoise-tourisme.fr\/2024\/09\/19\/patrick-magali-mancheron\/#article\",\"isPartOf\":{\"@id\":\"https:\/\/www.creilsudoise-tourisme.fr\/2024\/09\/19\/patrick-magali-mancheron\/\"},\"author\":{\"name\":\"fdubut\",\"@id\":\"https:\/\/www.creilsudoise-tourisme.fr\/#\/schema\/person\/c5140d47645b13bee896bfe05f1bd5da\"},\"headline\":\"Une ferme en c\u0153ur de ville\",\"datePublished\":\"2024-09-19T14:56:33+00:00\",\"dateModified\":\"2024-08-22T08:04:34+00:00\",\"mainEntityOfPage\":{\"@id\":\"https:\/\/www.creilsudoise-tourisme.fr\/2024\/09\/19\/patrick-magali-mancheron\/\"},\"wordCount\":1472,\"publisher\":{\"@id\":\"https:\/\/www.creilsudoise-tourisme.fr\/#organization\"},\"articleSection\":[\"Nos ambassadeurs\"],\"inLanguage\":\"es\"},{\"@type\":\"WebPage\",\"@id\":\"https:\/\/www.creilsudoise-tourisme.fr\/2024\/09\/19\/patrick-magali-mancheron\/\",\"url\":\"https:\/\/www.creilsudoise-tourisme.fr\/2024\/09\/19\/patrick-magali-mancheron\/\",\"name\":\"Une ferme en c\u0153ur de ville\",\"isPartOf\":{\"@id\":\"https:\/\/www.creilsudoise-tourisme.fr\/#website\"},\"datePublished\":\"2024-09-19T14:56:33+00:00\",\"dateModified\":\"2024-08-22T08:04:34+00:00\",\"description\":\"Rencontre avec Patrick et Magali, propri\u00e9taires de l'Arbre \u00e0 poule, leur ferme depuis 11 g\u00e9n\u00e9rations, en plein c\u0153ur de Villers-Saint-Paul\",\"breadcrumb\":{\"@id\":\"https:\/\/www.creilsudoise-tourisme.fr\/2024\/09\/19\/patrick-magali-mancheron\/#breadcrumb\"},\"inLanguage\":\"es\",\"potentialAction\":[{\"@type\":\"ReadAction\",\"target\":[\"https:\/\/www.creilsudoise-tourisme.fr\/2024\/09\/19\/patrick-magali-mancheron\/\"]}]},{\"@type\":\"BreadcrumbList\",\"@id\":\"https:\/\/www.creilsudoise-tourisme.fr\/2024\/09\/19\/patrick-magali-mancheron\/#breadcrumb\",\"itemListElement\":[{\"@type\":\"ListItem\",\"position\":1,\"name\":\"Accueil\",\"item\":\"https:\/\/www.creilsudoise-tourisme.fr\/\"},{\"@type\":\"ListItem\",\"position\":2,\"name\":\"Une ferme en c\u0153ur de ville\"}]},{\"@type\":\"WebSite\",\"@id\":\"https:\/\/www.creilsudoise-tourisme.fr\/#website\",\"url\":\"https:\/\/www.creilsudoise-tourisme.fr\/\",\"name\":\"Office de Tourisme Creil Sud Oise\",\"description\":\"Creil Sud Oise Tourisme, un territoire \u00e0 explorer !\",\"publisher\":{\"@id\":\"https:\/\/www.creilsudoise-tourisme.fr\/#organization\"},\"potentialAction\":[{\"@type\":\"SearchAction\",\"target\":{\"@type\":\"EntryPoint\",\"urlTemplate\":\"https:\/\/www.creilsudoise-tourisme.fr\/?s={search_term_string}\"},\"query-input\":\"required name=search_term_string\"}],\"inLanguage\":\"es\"},{\"@type\":\"Organization\",\"@id\":\"https:\/\/www.creilsudoise-tourisme.fr\/#organization\",\"name\":\"Creil Sud Oise Tourisme\",\"url\":\"https:\/\/www.creilsudoise-tourisme.fr\/\",\"logo\":{\"@type\":\"ImageObject\",\"inLanguage\":\"es\",\"@id\":\"https:\/\/www.creilsudoise-tourisme.fr\/#\/schema\/logo\/image\/\",\"url\":\"https:\/\/www.creilsudoise-tourisme.fr\/wp-content\/uploads\/2021\/05\/logo-svg.png\",\"contentUrl\":\"https:\/\/www.creilsudoise-tourisme.fr\/wp-content\/uploads\/2021\/05\/logo-svg.png\",\"width\":182,\"height\":71,\"caption\":\"Creil Sud Oise Tourisme\"},\"image\":{\"@id\":\"https:\/\/www.creilsudoise-tourisme.fr\/#\/schema\/logo\/image\/\"},\"sameAs\":[\"https:\/\/www.facebook.com\/creilsudoisetourisme\/\",\"https:\/\/twitter.com\/CreilSudOiseOT\",\"https:\/\/www.instagram.com\/creilsudoisetourisme\/\",\"https:\/\/www.youtube.com\/channel\/UC8L_QD2wwyADW14zt9fY8kw\"]},{\"@type\":\"Person\",\"@id\":\"https:\/\/www.creilsudoise-tourisme.fr\/#\/schema\/person\/c5140d47645b13bee896bfe05f1bd5da\",\"name\":\"fdubut\",\"image\":{\"@type\":\"ImageObject\",\"inLanguage\":\"es\",\"@id\":\"https:\/\/www.creilsudoise-tourisme.fr\/#\/schema\/person\/image\/\",\"url\":\"https:\/\/secure.gravatar.com\/avatar\/c49bb61337bf4556cafdbcb92c18618d?s=96&d=mm&r=g\",\"contentUrl\":\"https:\/\/secure.gravatar.com\/avatar\/c49bb61337bf4556cafdbcb92c18618d?s=96&d=mm&r=g\",\"caption\":\"fdubut\"},\"url\":\"https:\/\/www.creilsudoise-tourisme.fr\/es\/auteur\/fdubut\/\"}]}<\/script>\n<!-- \/ Yoast SEO plugin. -->","yoast_head_json":{"title":"Une ferme en c\u0153ur de ville","description":"Rencontre avec Patrick et Magali, propri\u00e9taires de l'Arbre \u00e0 poule, leur ferme depuis 11 g\u00e9n\u00e9rations, en plein c\u0153ur de Villers-Saint-Paul","robots":{"index":"index","follow":"follow","max-snippet":"max-snippet:-1","max-image-preview":"max-image-preview:large","max-video-preview":"max-video-preview:-1"},"canonical":"https:\/\/www.creilsudoise-tourisme.fr\/es\/2024\/09\/19\/patrick-magali-mancheron\/","og_locale":"es_ES","og_type":"article","og_title":"Une ferme en c\u0153ur de ville","og_description":"Rencontre avec Patrick et Magali, propri\u00e9taires de l'Arbre \u00e0 poule, leur ferme depuis 11 g\u00e9n\u00e9rations, en plein c\u0153ur de Villers-Saint-Paul","og_url":"https:\/\/www.creilsudoise-tourisme.fr\/es\/2024\/09\/19\/patrick-magali-mancheron\/","og_site_name":"Office de Tourisme Creil Sud Oise","article_publisher":"https:\/\/www.facebook.com\/creilsudoisetourisme\/","article_published_time":"2024-09-19T14:56:33+00:00","article_modified_time":"2024-08-22T08:04:34+00:00","og_image":[{"width":1020,"height":1289,"url":"https:\/\/www.creilsudoise-tourisme.fr\/wp-content\/uploads\/2024\/08\/Les-Mancheron.jpg","type":"image\/jpeg"}],"author":"fdubut","twitter_card":"summary_large_image","twitter_creator":"@CreilSudOiseOT","twitter_site":"@CreilSudOiseOT","twitter_misc":{"Escrito por":"fdubut","Tiempo de lectura":"7 minutos"},"schema":{"@context":"https:\/\/schema.org","@graph":[{"@type":"Article","@id":"https:\/\/www.creilsudoise-tourisme.fr\/2024\/09\/19\/patrick-magali-mancheron\/#article","isPartOf":{"@id":"https:\/\/www.creilsudoise-tourisme.fr\/2024\/09\/19\/patrick-magali-mancheron\/"},"author":{"name":"fdubut","@id":"https:\/\/www.creilsudoise-tourisme.fr\/#\/schema\/person\/c5140d47645b13bee896bfe05f1bd5da"},"headline":"Une ferme en c\u0153ur de ville","datePublished":"2024-09-19T14:56:33+00:00","dateModified":"2024-08-22T08:04:34+00:00","mainEntityOfPage":{"@id":"https:\/\/www.creilsudoise-tourisme.fr\/2024\/09\/19\/patrick-magali-mancheron\/"},"wordCount":1472,"publisher":{"@id":"https:\/\/www.creilsudoise-tourisme.fr\/#organization"},"articleSection":["Nos ambassadeurs"],"inLanguage":"es"},{"@type":"WebPage","@id":"https:\/\/www.creilsudoise-tourisme.fr\/2024\/09\/19\/patrick-magali-mancheron\/","url":"https:\/\/www.creilsudoise-tourisme.fr\/2024\/09\/19\/patrick-magali-mancheron\/","name":"Une ferme en c\u0153ur de ville","isPartOf":{"@id":"https:\/\/www.creilsudoise-tourisme.fr\/#website"},"datePublished":"2024-09-19T14:56:33+00:00","dateModified":"2024-08-22T08:04:34+00:00","description":"Rencontre avec Patrick et Magali, propri\u00e9taires de l'Arbre \u00e0 poule, leur ferme depuis 11 g\u00e9n\u00e9rations, en plein c\u0153ur de Villers-Saint-Paul","breadcrumb":{"@id":"https:\/\/www.creilsudoise-tourisme.fr\/2024\/09\/19\/patrick-magali-mancheron\/#breadcrumb"},"inLanguage":"es","potentialAction":[{"@type":"ReadAction","target":["https:\/\/www.creilsudoise-tourisme.fr\/2024\/09\/19\/patrick-magali-mancheron\/"]}]},{"@type":"BreadcrumbList","@id":"https:\/\/www.creilsudoise-tourisme.fr\/2024\/09\/19\/patrick-magali-mancheron\/#breadcrumb","itemListElement":[{"@type":"ListItem","position":1,"name":"Accueil","item":"https:\/\/www.creilsudoise-tourisme.fr\/"},{"@type":"ListItem","position":2,"name":"Une ferme en c\u0153ur de ville"}]},{"@type":"WebSite","@id":"https:\/\/www.creilsudoise-tourisme.fr\/#website","url":"https:\/\/www.creilsudoise-tourisme.fr\/","name":"Office de Tourisme Creil Sud Oise","description":"Creil Sud Oise Tourisme, un territoire \u00e0 explorer !","publisher":{"@id":"https:\/\/www.creilsudoise-tourisme.fr\/#organization"},"potentialAction":[{"@type":"SearchAction","target":{"@type":"EntryPoint","urlTemplate":"https:\/\/www.creilsudoise-tourisme.fr\/?s={search_term_string}"},"query-input":"required name=search_term_string"}],"inLanguage":"es"},{"@type":"Organization","@id":"https:\/\/www.creilsudoise-tourisme.fr\/#organization","name":"Creil Sud Oise Tourisme","url":"https:\/\/www.creilsudoise-tourisme.fr\/","logo":{"@type":"ImageObject","inLanguage":"es","@id":"https:\/\/www.creilsudoise-tourisme.fr\/#\/schema\/logo\/image\/","url":"https:\/\/www.creilsudoise-tourisme.fr\/wp-content\/uploads\/2021\/05\/logo-svg.png","contentUrl":"https:\/\/www.creilsudoise-tourisme.fr\/wp-content\/uploads\/2021\/05\/logo-svg.png","width":182,"height":71,"caption":"Creil Sud Oise Tourisme"},"image":{"@id":"https:\/\/www.creilsudoise-tourisme.fr\/#\/schema\/logo\/image\/"},"sameAs":["https:\/\/www.facebook.com\/creilsudoisetourisme\/","https:\/\/twitter.com\/CreilSudOiseOT","https:\/\/www.instagram.com\/creilsudoisetourisme\/","https:\/\/www.youtube.com\/channel\/UC8L_QD2wwyADW14zt9fY8kw"]},{"@type":"Person","@id":"https:\/\/www.creilsudoise-tourisme.fr\/#\/schema\/person\/c5140d47645b13bee896bfe05f1bd5da","name":"fdubut","image":{"@type":"ImageObject","inLanguage":"es","@id":"https:\/\/www.creilsudoise-tourisme.fr\/#\/schema\/person\/image\/","url":"https:\/\/secure.gravatar.com\/avatar\/c49bb61337bf4556cafdbcb92c18618d?s=96&d=mm&r=g","contentUrl":"https:\/\/secure.gravatar.com\/avatar\/c49bb61337bf4556cafdbcb92c18618d?s=96&d=mm&r=g","caption":"fdubut"},"url":"https:\/\/www.creilsudoise-tourisme.fr\/es\/auteur\/fdubut\/"}]}},"_links":{"self":[{"href":"https:\/\/www.creilsudoise-tourisme.fr\/es\/wp-json\/wp\/v2\/posts\/56176"}],"collection":[{"href":"https:\/\/www.creilsudoise-tourisme.fr\/es\/wp-json\/wp\/v2\/posts"}],"about":[{"href":"https:\/\/www.creilsudoise-tourisme.fr\/es\/wp-json\/wp\/v2\/types\/post"}],"author":[{"embeddable":true,"href":"https:\/\/www.creilsudoise-tourisme.fr\/es\/wp-json\/wp\/v2\/users\/3"}],"replies":[{"embeddable":true,"href":"https:\/\/www.creilsudoise-tourisme.fr\/es\/wp-json\/wp\/v2\/comments?post=56176"}],"version-history":[{"count":10,"href":"https:\/\/www.creilsudoise-tourisme.fr\/es\/wp-json\/wp\/v2\/posts\/56176\/revisions"}],"predecessor-version":[{"id":56313,"href":"https:\/\/www.creilsudoise-tourisme.fr\/es\/wp-json\/wp\/v2\/posts\/56176\/revisions\/56313"}],"wp:featuredmedia":[{"embeddable":true,"href":"https:\/\/www.creilsudoise-tourisme.fr\/es\/wp-json\/wp\/v2\/media\/56262"}],"wp:attachment":[{"href":"https:\/\/www.creilsudoise-tourisme.fr\/es\/wp-json\/wp\/v2\/media?parent=56176"}],"wp:term":[{"taxonomy":"category","embeddable":true,"href":"https:\/\/www.creilsudoise-tourisme.fr\/es\/wp-json\/wp\/v2\/categories?post=56176"},{"taxonomy":"post_tag","embeddable":true,"href":"https:\/\/www.creilsudoise-tourisme.fr\/es\/wp-json\/wp\/v2\/tags?post=56176"}],"curies":[{"name":"wp","href":"https:\/\/api.w.org\/{rel}","templated":true}]}}