{"id":56040,"date":"2024-08-22T16:17:42","date_gmt":"2024-08-22T14:17:42","guid":{"rendered":"https:\/\/www.creilsudoise-tourisme.fr\/?p=56040"},"modified":"2024-09-19T12:05:23","modified_gmt":"2024-09-19T10:05:23","slug":"francoise-roy","status":"publish","type":"post","link":"https:\/\/www.creilsudoise-tourisme.fr\/es\/2024\/08\/22\/francoise-roy\/","title":{"rendered":"La Abad\u00eda de Saint-Leu: digna de las m\u00e1s grandes catedrales"},"content":{"rendered":"<p class=\"is-style-excerpt\">Con vistas a Saint-Leu-d'Esserent y a orillas del r\u00edo Oise, todo el mundo puede verlo, pero \u00bfconocemos realmente su historia y sus secretos?<strong> Descubrir la abad\u00eda de Saint-Nicolas <\/strong>gracias a la visita de <strong>Fran\u00e7oise Roy, gu\u00eda tur\u00edstica de Villes et Pays d'art et d'histoire en la regi\u00f3n de Picard\u00eda.<\/strong><\/p>\n\n\n\n<div class=\"is-layout-flex wp-container-3 wp-block-columns\">\n<div class=\"is-layout-flow wp-block-column\" style=\"flex-basis:33.33%\">\n<figure class=\"wp-block-image size-large\"><img decoding=\"async\" loading=\"lazy\" width=\"898\" height=\"1200\" data-src=\"https:\/\/www.creilsudoise-tourisme.fr\/wp-content\/uploads\/2024\/08\/Francoise-Roy-898x1200.jpg\" alt=\"\" class=\"wp-image-56041\" data-srcset=\"https:\/\/www.creilsudoise-tourisme.fr\/wp-content\/uploads\/2024\/08\/Francoise-Roy-898x1200.jpg 898w, https:\/\/www.creilsudoise-tourisme.fr\/wp-content\/uploads\/2024\/08\/Francoise-Roy-449x600.jpg 449w, https:\/\/www.creilsudoise-tourisme.fr\/wp-content\/uploads\/2024\/08\/Francoise-Roy-673x900.jpg 673w, https:\/\/www.creilsudoise-tourisme.fr\/wp-content\/uploads\/2024\/08\/Francoise-Roy-1149x1536.jpg 1149w, https:\/\/www.creilsudoise-tourisme.fr\/wp-content\/uploads\/2024\/08\/Francoise-Roy-9x12.jpg 9w, https:\/\/www.creilsudoise-tourisme.fr\/wp-content\/uploads\/2024\/08\/Francoise-Roy-200x267.jpg 200w, https:\/\/www.creilsudoise-tourisme.fr\/wp-content\/uploads\/2024\/08\/Francoise-Roy-650x869.jpg 650w, https:\/\/www.creilsudoise-tourisme.fr\/wp-content\/uploads\/2024\/08\/Francoise-Roy-387x517.jpg 387w, https:\/\/www.creilsudoise-tourisme.fr\/wp-content\/uploads\/2024\/08\/Francoise-Roy.jpg 1382w\" sizes=\"(max-width: 898px) 100vw, 898px\" \/><\/figure>\n<\/div>\n\n\n\n<div class=\"is-layout-flow wp-block-column\" style=\"flex-basis:66.66%\">\n<p>Nos reunimos con <strong>Fran\u00e7oise Roy, gu\u00eda y aficionada a la historia<\/strong>que nos habla de esto <strong>Iglesia abacial<\/strong>.<\/p>\n<\/div>\n<\/div>\n\n\n\n<h2>M\u00e1s de 1.200 a\u00f1os de historia<\/h2>\n\n\n\n<p>Antes de ser gu\u00eda tur\u00edstica, Fran\u00e7oise Roy trabajaba en el comercio. Hace unos a\u00f1os, decidi\u00f3 cambiar de profesi\u00f3n y, naturalmente, recurri\u00f3 a su pasi\u00f3n por la historia para convertirse en gu\u00eda tur\u00edstica en el departamento que tanto le gusta. <strong>Fran\u00e7oise cay\u00f3 entonces bajo el hechizo de este bello edificio, la iglesia abacial de Saint-Leu-d'Esserent, con sus innumerables particularidades.<\/strong><\/p>\n\n\n\n<figure class=\"wp-block-image size-large\"><img decoding=\"async\" loading=\"lazy\" width=\"1200\" height=\"675\" data-src=\"https:\/\/www.creilsudoise-tourisme.fr\/wp-content\/uploads\/wpetourisme\/Abbatiale-Saint-Nicolas-a-Saint-Leu-d-Esserent--1--1200x675.jpg\" alt=\"\" class=\"wp-image-48719\" data-srcset=\"https:\/\/www.creilsudoise-tourisme.fr\/wp-content\/uploads\/wpetourisme\/Abbatiale-Saint-Nicolas-a-Saint-Leu-d-Esserent--1--1200x675.jpg 1200w, https:\/\/www.creilsudoise-tourisme.fr\/wp-content\/uploads\/wpetourisme\/Abbatiale-Saint-Nicolas-a-Saint-Leu-d-Esserent--1--600x337.jpg 600w, https:\/\/www.creilsudoise-tourisme.fr\/wp-content\/uploads\/wpetourisme\/Abbatiale-Saint-Nicolas-a-Saint-Leu-d-Esserent--1--900x506.jpg 900w, https:\/\/www.creilsudoise-tourisme.fr\/wp-content\/uploads\/wpetourisme\/Abbatiale-Saint-Nicolas-a-Saint-Leu-d-Esserent--1--18x10.jpg 18w, https:\/\/www.creilsudoise-tourisme.fr\/wp-content\/uploads\/wpetourisme\/Abbatiale-Saint-Nicolas-a-Saint-Leu-d-Esserent--1--200x112.jpg 200w, https:\/\/www.creilsudoise-tourisme.fr\/wp-content\/uploads\/wpetourisme\/Abbatiale-Saint-Nicolas-a-Saint-Leu-d-Esserent--1--650x365.jpg 650w, https:\/\/www.creilsudoise-tourisme.fr\/wp-content\/uploads\/wpetourisme\/Abbatiale-Saint-Nicolas-a-Saint-Leu-d-Esserent--1--387x218.jpg 387w, https:\/\/www.creilsudoise-tourisme.fr\/wp-content\/uploads\/wpetourisme\/Abbatiale-Saint-Nicolas-a-Saint-Leu-d-Esserent--1-.jpg 1480w\" sizes=\"(max-width: 1200px) 100vw, 1200px\" \/><\/figure>\n\n\n\n<p>La primera es que se compone de varias construcciones. Bas\u00e1ndose en las hip\u00f3tesis de Delphine Hanquiez, profesora y doctora en historia del arte, Fran\u00e7oise Roy nos explica <em>\"que<strong>hab\u00eda tres edificios sucesivos <\/strong>en primer lugar un <strong>iglesia el 10<sup>\u00e8me<\/sup> siglo<\/strong> que perturb\u00f3 un enterramiento merovingio, ya que se encontraron sarc\u00f3fagos cerca de la entrada actual.<\/em><\/p>\n\n\n\n<p>Esta iglesia fue construida por monjes para su monasterio, que creci\u00f3 en importancia en el siglo XI.<sup>\u00e8me <\/sup>cuando se fund\u00f3 un priorato cluniacense en 1081: <em>\"&nbsp;<\/em><strong><em>Esta iglesia tambi\u00e9n nos cuenta una historia, <\/em>dice Fran\u00e7oise Roy, <em>la de Hugues de Dammartin<\/em><\/strong><em>Se trata de un se\u00f1or medieval que, llegada la mitad de su vida, decidi\u00f3 trabajar por su salvaci\u00f3n donando la iglesia de Saint-Leu al obispo de Beauvais, ofreci\u00e9ndola as\u00ed a la orden cluniacense. Esta donaci\u00f3n fue acompa\u00f1ada de otros donativos: tierras, vi\u00f1edos, molinos e impuestos de paso, que permitir\u00edan la construcci\u00f3n de una iglesia digna de la orden cluniacense, entonces en plena expansi\u00f3n.<\/em>.<\/p>\n\n\n\n<p><strong>Su descendiente, Renaud de Dammartin<\/strong> era un t\u00edpico arist\u00f3crata medieval que disfrutaba haciendo la guerra y apoder\u00e1ndose de tierras e iglesias. \u00c9l <strong>atrajo la ira de la Iglesia<\/strong> que lo excomulg\u00f3, uno de los peores castigos que pod\u00edan infligirse a una persona. <strong>Sorprendentemente, a pesar de su excomuni\u00f3n, su estatua yacente puede verse a\u00fan hoy en la iglesia de la abad\u00eda.<\/strong><\/p>\n\n\n\n<p>A ra\u00edz de las donaciones hechas por su abuelo, Hugues de Dammartin, los monjes iniciaron una serie de proyectos de construcci\u00f3n, el primero de los cuales fue la secci\u00f3n occidental, es decir, la entrada a la iglesia con sus diversos p\u00f3rticos. Se conserv\u00f3 la iglesia existente; simplemente a\u00f1adieron este espacio de culto y procesi\u00f3n y una torre meridional. A partir de 1160, se empez\u00f3 a construir el coro y las dos grandes torres que dominan el valle del Oise. Por \u00faltimo, a partir de la d\u00e9cada de 1180, los monjes emprendieron la construcci\u00f3n de la nave, es decir, la uni\u00f3n entre la parte occidental y el coro. Los historiadores estiman que las obras principales se terminaron hacia 1210.<\/p>\n\n\n\n<figure class=\"is-layout-flex wp-block-gallery-4 wp-block-gallery has-nested-images columns-default is-cropped\">\n<figure class=\"wp-block-image size-large\"><img decoding=\"async\" loading=\"lazy\" width=\"1200\" height=\"800\" data-id=\"50897\"  data-src=\"https:\/\/www.creilsudoise-tourisme.fr\/wp-content\/uploads\/2023\/11\/tournage-abbatiale-nef-egilse-gothique-1200x800.jpg\" alt=\"cine rodaje iglesia abad\u00eda nave g\u00f3tica rodaje decorados construidos\" class=\"wp-image-50897\" data-srcset=\"https:\/\/www.creilsudoise-tourisme.fr\/wp-content\/uploads\/2023\/11\/tournage-abbatiale-nef-egilse-gothique-1200x800.jpg 1200w, https:\/\/www.creilsudoise-tourisme.fr\/wp-content\/uploads\/2023\/11\/tournage-abbatiale-nef-egilse-gothique-600x400.jpg 600w, https:\/\/www.creilsudoise-tourisme.fr\/wp-content\/uploads\/2023\/11\/tournage-abbatiale-nef-egilse-gothique-900x600.jpg 900w, https:\/\/www.creilsudoise-tourisme.fr\/wp-content\/uploads\/2023\/11\/tournage-abbatiale-nef-egilse-gothique-18x12.jpg 18w, https:\/\/www.creilsudoise-tourisme.fr\/wp-content\/uploads\/2023\/11\/tournage-abbatiale-nef-egilse-gothique-200x133.jpg 200w, https:\/\/www.creilsudoise-tourisme.fr\/wp-content\/uploads\/2023\/11\/tournage-abbatiale-nef-egilse-gothique-650x433.jpg 650w, https:\/\/www.creilsudoise-tourisme.fr\/wp-content\/uploads\/2023\/11\/tournage-abbatiale-nef-egilse-gothique-387x258.jpg 387w, https:\/\/www.creilsudoise-tourisme.fr\/wp-content\/uploads\/2023\/11\/tournage-abbatiale-nef-egilse-gothique.jpg 1480w\" sizes=\"(max-width: 1200px) 100vw, 1200px\" \/><figcaption class=\"wp-element-caption\"> \u00a9Creil Sud Oise Tourisme<\/figcaption><\/figure>\n\n\n\n<figure class=\"wp-block-image size-large\"><img decoding=\"async\" loading=\"lazy\" width=\"1200\" height=\"800\" data-id=\"50896\"  data-src=\"https:\/\/www.creilsudoise-tourisme.fr\/wp-content\/uploads\/2023\/11\/tournage-abbatiale-eglise-gotique-1200x800.jpg\" alt=\"cine rodaje iglesia abad\u00eda nave g\u00f3tica rodaje decorados construidos\" class=\"wp-image-50896\" data-srcset=\"https:\/\/www.creilsudoise-tourisme.fr\/wp-content\/uploads\/2023\/11\/tournage-abbatiale-eglise-gotique-1200x800.jpg 1200w, https:\/\/www.creilsudoise-tourisme.fr\/wp-content\/uploads\/2023\/11\/tournage-abbatiale-eglise-gotique-600x400.jpg 600w, https:\/\/www.creilsudoise-tourisme.fr\/wp-content\/uploads\/2023\/11\/tournage-abbatiale-eglise-gotique-900x600.jpg 900w, https:\/\/www.creilsudoise-tourisme.fr\/wp-content\/uploads\/2023\/11\/tournage-abbatiale-eglise-gotique-18x12.jpg 18w, https:\/\/www.creilsudoise-tourisme.fr\/wp-content\/uploads\/2023\/11\/tournage-abbatiale-eglise-gotique-200x133.jpg 200w, https:\/\/www.creilsudoise-tourisme.fr\/wp-content\/uploads\/2023\/11\/tournage-abbatiale-eglise-gotique-650x433.jpg 650w, https:\/\/www.creilsudoise-tourisme.fr\/wp-content\/uploads\/2023\/11\/tournage-abbatiale-eglise-gotique-387x258.jpg 387w, https:\/\/www.creilsudoise-tourisme.fr\/wp-content\/uploads\/2023\/11\/tournage-abbatiale-eglise-gotique.jpg 1480w\" sizes=\"(max-width: 1200px) 100vw, 1200px\" \/><figcaption class=\"wp-element-caption\"> \u00a9Creil Sud Oise Tourisme<\/figcaption><\/figure>\n\n\n\n<figure class=\"wp-block-image size-large\"><img decoding=\"async\" loading=\"lazy\" width=\"1200\" height=\"675\" data-id=\"48723\"  data-src=\"https:\/\/www.creilsudoise-tourisme.fr\/wp-content\/uploads\/wpetourisme\/Abbatiale-Saint-Nicolas-a-Saint-Leu-d-Esserent--2--1200x675.jpg\" alt=\"\" class=\"wp-image-48723\" data-srcset=\"https:\/\/www.creilsudoise-tourisme.fr\/wp-content\/uploads\/wpetourisme\/Abbatiale-Saint-Nicolas-a-Saint-Leu-d-Esserent--2--1200x675.jpg 1200w, https:\/\/www.creilsudoise-tourisme.fr\/wp-content\/uploads\/wpetourisme\/Abbatiale-Saint-Nicolas-a-Saint-Leu-d-Esserent--2--600x338.jpg 600w, https:\/\/www.creilsudoise-tourisme.fr\/wp-content\/uploads\/wpetourisme\/Abbatiale-Saint-Nicolas-a-Saint-Leu-d-Esserent--2--900x507.jpg 900w, https:\/\/www.creilsudoise-tourisme.fr\/wp-content\/uploads\/wpetourisme\/Abbatiale-Saint-Nicolas-a-Saint-Leu-d-Esserent--2--18x10.jpg 18w, https:\/\/www.creilsudoise-tourisme.fr\/wp-content\/uploads\/wpetourisme\/Abbatiale-Saint-Nicolas-a-Saint-Leu-d-Esserent--2--200x113.jpg 200w, https:\/\/www.creilsudoise-tourisme.fr\/wp-content\/uploads\/wpetourisme\/Abbatiale-Saint-Nicolas-a-Saint-Leu-d-Esserent--2--650x366.jpg 650w, https:\/\/www.creilsudoise-tourisme.fr\/wp-content\/uploads\/wpetourisme\/Abbatiale-Saint-Nicolas-a-Saint-Leu-d-Esserent--2--387x218.jpg 387w, https:\/\/www.creilsudoise-tourisme.fr\/wp-content\/uploads\/wpetourisme\/Abbatiale-Saint-Nicolas-a-Saint-Leu-d-Esserent--2-.jpg 1480w\" sizes=\"(max-width: 1200px) 100vw, 1200px\" \/><\/figure>\n\n\n\n<figure class=\"wp-block-image size-large\"><img decoding=\"async\" loading=\"lazy\" width=\"1200\" height=\"675\" data-id=\"48722\"  data-src=\"https:\/\/www.creilsudoise-tourisme.fr\/wp-content\/uploads\/wpetourisme\/Abbatiale-Saint-Nicolas-a-Saint-Leu-d-Esserent--3--1200x675.jpg\" alt=\"\" class=\"wp-image-48722\" data-srcset=\"https:\/\/www.creilsudoise-tourisme.fr\/wp-content\/uploads\/wpetourisme\/Abbatiale-Saint-Nicolas-a-Saint-Leu-d-Esserent--3--1200x675.jpg 1200w, https:\/\/www.creilsudoise-tourisme.fr\/wp-content\/uploads\/wpetourisme\/Abbatiale-Saint-Nicolas-a-Saint-Leu-d-Esserent--3--600x338.jpg 600w, https:\/\/www.creilsudoise-tourisme.fr\/wp-content\/uploads\/wpetourisme\/Abbatiale-Saint-Nicolas-a-Saint-Leu-d-Esserent--3--900x507.jpg 900w, https:\/\/www.creilsudoise-tourisme.fr\/wp-content\/uploads\/wpetourisme\/Abbatiale-Saint-Nicolas-a-Saint-Leu-d-Esserent--3--18x10.jpg 18w, https:\/\/www.creilsudoise-tourisme.fr\/wp-content\/uploads\/wpetourisme\/Abbatiale-Saint-Nicolas-a-Saint-Leu-d-Esserent--3--200x113.jpg 200w, https:\/\/www.creilsudoise-tourisme.fr\/wp-content\/uploads\/wpetourisme\/Abbatiale-Saint-Nicolas-a-Saint-Leu-d-Esserent--3--650x366.jpg 650w, https:\/\/www.creilsudoise-tourisme.fr\/wp-content\/uploads\/wpetourisme\/Abbatiale-Saint-Nicolas-a-Saint-Leu-d-Esserent--3--387x218.jpg 387w, https:\/\/www.creilsudoise-tourisme.fr\/wp-content\/uploads\/wpetourisme\/Abbatiale-Saint-Nicolas-a-Saint-Leu-d-Esserent--3-.jpg 1480w\" sizes=\"(max-width: 1200px) 100vw, 1200px\" \/><\/figure>\n\n\n\n<figure class=\"wp-block-image size-large\"><img decoding=\"async\" loading=\"lazy\" width=\"1200\" height=\"675\" data-id=\"48724\"  data-src=\"https:\/\/www.creilsudoise-tourisme.fr\/wp-content\/uploads\/wpetourisme\/Abbatiale-Saint-Nicolas-a-Saint-Leu-d-Esserent--1--1200x675.png\" alt=\"\" class=\"wp-image-48724\" data-srcset=\"https:\/\/www.creilsudoise-tourisme.fr\/wp-content\/uploads\/wpetourisme\/Abbatiale-Saint-Nicolas-a-Saint-Leu-d-Esserent--1--1200x675.png 1200w, https:\/\/www.creilsudoise-tourisme.fr\/wp-content\/uploads\/wpetourisme\/Abbatiale-Saint-Nicolas-a-Saint-Leu-d-Esserent--1--600x338.png 600w, https:\/\/www.creilsudoise-tourisme.fr\/wp-content\/uploads\/wpetourisme\/Abbatiale-Saint-Nicolas-a-Saint-Leu-d-Esserent--1--900x507.png 900w, https:\/\/www.creilsudoise-tourisme.fr\/wp-content\/uploads\/wpetourisme\/Abbatiale-Saint-Nicolas-a-Saint-Leu-d-Esserent--1--18x10.png 18w, https:\/\/www.creilsudoise-tourisme.fr\/wp-content\/uploads\/wpetourisme\/Abbatiale-Saint-Nicolas-a-Saint-Leu-d-Esserent--1--200x113.png 200w, https:\/\/www.creilsudoise-tourisme.fr\/wp-content\/uploads\/wpetourisme\/Abbatiale-Saint-Nicolas-a-Saint-Leu-d-Esserent--1--650x366.png 650w, https:\/\/www.creilsudoise-tourisme.fr\/wp-content\/uploads\/wpetourisme\/Abbatiale-Saint-Nicolas-a-Saint-Leu-d-Esserent--1--387x218.png 387w, https:\/\/www.creilsudoise-tourisme.fr\/wp-content\/uploads\/wpetourisme\/Abbatiale-Saint-Nicolas-a-Saint-Leu-d-Esserent--1-.png 1480w\" sizes=\"(max-width: 1200px) 100vw, 1200px\" \/><\/figure>\n<\/figure>\n\n\n\n<p>Aunque no sea obvio para los menos informados,<strong> hay indicios en la arquitectura del monumento que muestran sus diferentes etapas de construcci\u00f3n<\/strong>Fran\u00e7oise Roy se lo contar\u00e1 todo durante su visita: <em>\"Se ve desde lejos: el muro de la entrada no est\u00e1 centrado, ya que han adosado su macizo occidental a la iglesia que hab\u00eda all\u00ed.<\/em><\/p>\n\n\n\n<h2>\u00bfQu\u00e9 significa el t\u00e9rmino \"Abad\u00eda\"?<\/h2>\n\n\n\n<p>Inusualmente grande para una iglesia de monasterio, que lleg\u00f3 a contar con una treintena de monjes en su momento \u00e1lgido, <strong>En su d\u00eda, se la conoc\u00eda como \"la peque\u00f1a catedral\".<\/strong>. <\/p>\n\n\n\n<p>M\u00e1s grande que la catedral de Senlis,<strong> El priorato de Saint-Leu-d'Esserent recibi\u00f3 el nombre de Abbatiale por su tama\u00f1o e influencia regional. <\/strong>De hecho, es el mayor de los cuatro prioratos cluniacenses existentes en la regi\u00f3n, por no mencionar el hecho de que el rey estaba presente cuando se fund\u00f3, lo que confirma la importancia de este edificio.<\/p>\n\n\n\n<p>Para Fran\u00e7oise Roy, es incluso <em>\"Uno de los monumentos m\u00e1s interesantes del patrimonio de la regi\u00f3n de Is\u00e8re, vinculado a la historia geogr\u00e1fica, pol\u00edtica, religiosa y econ\u00f3mica de la regi\u00f3n.<\/em>.<\/p>\n\n\n\n<figure class=\"wp-block-image size-large\"><img decoding=\"async\" loading=\"lazy\" width=\"1200\" height=\"675\" data-src=\"https:\/\/www.creilsudoise-tourisme.fr\/wp-content\/uploads\/wpetourisme\/Abbatiale-Saint-Nicolas-a-Saint-Leu-d-Esserent--5--1200x675.jpg\" alt=\"\" class=\"wp-image-48720\" data-srcset=\"https:\/\/www.creilsudoise-tourisme.fr\/wp-content\/uploads\/wpetourisme\/Abbatiale-Saint-Nicolas-a-Saint-Leu-d-Esserent--5--1200x675.jpg 1200w, https:\/\/www.creilsudoise-tourisme.fr\/wp-content\/uploads\/wpetourisme\/Abbatiale-Saint-Nicolas-a-Saint-Leu-d-Esserent--5--600x338.jpg 600w, https:\/\/www.creilsudoise-tourisme.fr\/wp-content\/uploads\/wpetourisme\/Abbatiale-Saint-Nicolas-a-Saint-Leu-d-Esserent--5--900x507.jpg 900w, https:\/\/www.creilsudoise-tourisme.fr\/wp-content\/uploads\/wpetourisme\/Abbatiale-Saint-Nicolas-a-Saint-Leu-d-Esserent--5--18x10.jpg 18w, https:\/\/www.creilsudoise-tourisme.fr\/wp-content\/uploads\/wpetourisme\/Abbatiale-Saint-Nicolas-a-Saint-Leu-d-Esserent--5--200x113.jpg 200w, https:\/\/www.creilsudoise-tourisme.fr\/wp-content\/uploads\/wpetourisme\/Abbatiale-Saint-Nicolas-a-Saint-Leu-d-Esserent--5--650x366.jpg 650w, https:\/\/www.creilsudoise-tourisme.fr\/wp-content\/uploads\/wpetourisme\/Abbatiale-Saint-Nicolas-a-Saint-Leu-d-Esserent--5--387x218.jpg 387w, https:\/\/www.creilsudoise-tourisme.fr\/wp-content\/uploads\/wpetourisme\/Abbatiale-Saint-Nicolas-a-Saint-Leu-d-Esserent--5-.jpg 1480w\" sizes=\"(max-width: 1200px) 100vw, 1200px\" \/><\/figure>\n\n\n\n<h2>La importancia de Saint-Leu-d'Esserent en la \u00e9poca medieval<\/h2>\n\n\n\n<p>Al igual que con <a href=\"https:\/\/www.creilsudoise-tourisme.fr\/es\/2024\/04\/26\/nicolas-bilot\/\" target=\"_blank\" rel=\"noreferrer noopener\">Castillo de Creil<\/a>, <strong>El principal punto fuerte de Saint-Leu-d'Esserent es su situaci\u00f3n a orillas del r\u00edo Oise<\/strong>De ah\u00ed el nombre de la iglesia abacial: <em>\"&nbsp;<strong>San Nicol\u00e1s era el patr\u00f3n de los barqueros.<\/strong> Estamos a un tiro de piedra del r\u00edo Oise, que anta\u00f1o fue una importante ruta comercial.<\/em> se\u00f1ala Fran\u00e7oise Roy.<\/p>\n\n\n\n<p>Es a las 12<sup>\u00e8me<\/sup> siglo, durante la construcci\u00f3n de la iglesia abacial, que el <strong>la ciudad se vuelve realmente importante <\/strong>:&nbsp;<em>\"Este monasterio cluniacense ocup\u00f3 un lugar especial junto a la casa madre de la orden en Cluny, Borgo\u00f1a, y se benefici\u00f3 de mecenas influyentes como el conde de Clermont, que fue el avocador del priorato hacia 1176. Traslad\u00f3 la feria de su castellan\u00eda de Creil a Hescerent (Esserent) para aumentar los ingresos del monasterio y reanudar las obras de la iglesia.<\/em><\/p>\n\n\n\n<figure class=\"is-layout-flex wp-block-gallery-6 wp-block-gallery has-nested-images columns-default is-cropped\">\n<figure class=\"wp-block-image size-large\"><img decoding=\"async\" loading=\"lazy\" width=\"1200\" height=\"668\" data-id=\"33859\"  data-src=\"https:\/\/www.creilsudoise-tourisme.fr\/wp-content\/uploads\/2021\/02\/Abbatiale-\u00a9-Ardoise-8-1200x668.jpg\" alt=\"Iglesia abacial Oise visita patrimonio rom\u00e1nico g\u00f3tico cluny\" class=\"wp-image-33859\" data-srcset=\"https:\/\/www.creilsudoise-tourisme.fr\/wp-content\/uploads\/2021\/02\/Abbatiale-\u00a9-Ardoise-8-1200x668.jpg 1200w, https:\/\/www.creilsudoise-tourisme.fr\/wp-content\/uploads\/2021\/02\/Abbatiale-\u00a9-Ardoise-8-600x334.jpg 600w, https:\/\/www.creilsudoise-tourisme.fr\/wp-content\/uploads\/2021\/02\/Abbatiale-\u00a9-Ardoise-8-900x501.jpg 900w, https:\/\/www.creilsudoise-tourisme.fr\/wp-content\/uploads\/2021\/02\/Abbatiale-\u00a9-Ardoise-8-1536x854.jpg 1536w, https:\/\/www.creilsudoise-tourisme.fr\/wp-content\/uploads\/2021\/02\/Abbatiale-\u00a9-Ardoise-8-200x111.jpg 200w, https:\/\/www.creilsudoise-tourisme.fr\/wp-content\/uploads\/2021\/02\/Abbatiale-\u00a9-Ardoise-8-650x362.jpg 650w, https:\/\/www.creilsudoise-tourisme.fr\/wp-content\/uploads\/2021\/02\/Abbatiale-\u00a9-Ardoise-8-387x215.jpg 387w, https:\/\/www.creilsudoise-tourisme.fr\/wp-content\/uploads\/2021\/02\/Abbatiale-\u00a9-Ardoise-8-275x153.jpg 275w, https:\/\/www.creilsudoise-tourisme.fr\/wp-content\/uploads\/2021\/02\/Abbatiale-\u00a9-Ardoise-8.jpg 1600w\" sizes=\"(max-width: 1200px) 100vw, 1200px\" \/><figcaption class=\"wp-element-caption\">Pizarra<\/figcaption><\/figure>\n\n\n\n<figure class=\"wp-block-image size-large\"><img decoding=\"async\" loading=\"lazy\" width=\"924\" height=\"608\" data-id=\"33159\"  data-src=\"https:\/\/www.creilsudoise-tourisme.fr\/wp-content\/uploads\/2021\/04\/Abbatiale-Saint-Nicolas-a\u0300-Saint-Leu-d_Esserent-absidioles.jpg\" alt=\"Iglesia abacial Oise visita patrimonio rom\u00e1nico g\u00f3tico cluny\" class=\"wp-image-33159\" data-srcset=\"https:\/\/www.creilsudoise-tourisme.fr\/wp-content\/uploads\/2021\/04\/Abbatiale-Saint-Nicolas-a\u0300-Saint-Leu-d_Esserent-absidioles.jpg 924w, https:\/\/www.creilsudoise-tourisme.fr\/wp-content\/uploads\/2021\/04\/Abbatiale-Saint-Nicolas-a\u0300-Saint-Leu-d_Esserent-absidioles-600x395.jpg 600w, https:\/\/www.creilsudoise-tourisme.fr\/wp-content\/uploads\/2021\/04\/Abbatiale-Saint-Nicolas-a\u0300-Saint-Leu-d_Esserent-absidioles-900x592.jpg 900w, https:\/\/www.creilsudoise-tourisme.fr\/wp-content\/uploads\/2021\/04\/Abbatiale-Saint-Nicolas-a\u0300-Saint-Leu-d_Esserent-absidioles-200x132.jpg 200w, https:\/\/www.creilsudoise-tourisme.fr\/wp-content\/uploads\/2021\/04\/Abbatiale-Saint-Nicolas-a\u0300-Saint-Leu-d_Esserent-absidioles-650x428.jpg 650w, https:\/\/www.creilsudoise-tourisme.fr\/wp-content\/uploads\/2021\/04\/Abbatiale-Saint-Nicolas-a\u0300-Saint-Leu-d_Esserent-absidioles-387x255.jpg 387w, https:\/\/www.creilsudoise-tourisme.fr\/wp-content\/uploads\/2021\/04\/Abbatiale-Saint-Nicolas-a\u0300-Saint-Leu-d_Esserent-absidioles-275x181.jpg 275w\" sizes=\"(max-width: 924px) 100vw, 924px\" \/><figcaption class=\"wp-element-caption\">Creil Sud Oise Tourisme<\/figcaption><\/figure>\n\n\n\n<figure class=\"wp-block-image size-large\"><img decoding=\"async\" loading=\"lazy\" width=\"600\" height=\"900\" data-id=\"32516\"  data-src=\"https:\/\/www.creilsudoise-tourisme.fr\/wp-content\/uploads\/2021\/03\/Narthex-de-l_Abbatiale-Saint-Nicolas-a\u0300-Saint-Leu-d_Esserent.jpg\" alt=\"Iglesia abacial Oise visita patrimonio rom\u00e1nico g\u00f3tico cluny\" class=\"wp-image-32516\" data-srcset=\"https:\/\/www.creilsudoise-tourisme.fr\/wp-content\/uploads\/2021\/03\/Narthex-de-l_Abbatiale-Saint-Nicolas-a\u0300-Saint-Leu-d_Esserent.jpg 600w, https:\/\/www.creilsudoise-tourisme.fr\/wp-content\/uploads\/2021\/03\/Narthex-de-l_Abbatiale-Saint-Nicolas-a\u0300-Saint-Leu-d_Esserent-400x600.jpg 400w, https:\/\/www.creilsudoise-tourisme.fr\/wp-content\/uploads\/2021\/03\/Narthex-de-l_Abbatiale-Saint-Nicolas-a\u0300-Saint-Leu-d_Esserent-200x300.jpg 200w, https:\/\/www.creilsudoise-tourisme.fr\/wp-content\/uploads\/2021\/03\/Narthex-de-l_Abbatiale-Saint-Nicolas-a\u0300-Saint-Leu-d_Esserent-282x424.jpg 282w, https:\/\/www.creilsudoise-tourisme.fr\/wp-content\/uploads\/2021\/03\/Narthex-de-l_Abbatiale-Saint-Nicolas-a\u0300-Saint-Leu-d_Esserent-387x581.jpg 387w\" sizes=\"(max-width: 600px) 100vw, 600px\" \/><figcaption class=\"wp-element-caption\">J\u00e9r\u00e9my Bourgeois<\/figcaption><\/figure>\n<\/figure>\n\n\n\n<p>Por no hablar de <strong>los monjes de la Abad\u00eda eran monjes se\u00f1ores<\/strong> gracias a la donaci\u00f3n de terrenos y derechos de paso por parte de Hugues de Dammartin. Los monjes gozaban as\u00ed del derecho de prohibici\u00f3n, lo que les permit\u00eda vender primero su vino, que almacenaban en la bodega de Banvin, bajo la iglesia abacial, en la rue de l'\u00c9glise, <a href=\"https:\/\/www.creilsudoise-tourisme.fr\/es\/agenda\/\" target=\"_blank\" rel=\"noreferrer noopener\">que su gu\u00eda tambi\u00e9n le mostrar\u00e1<\/a>.<\/p>\n\n\n\n<h2>Estilos arquitect\u00f3nicos que evolucionan a lo largo de la historia<\/h2>\n\n\n\n<p>Lo que tambi\u00e9n hace excepcional a esta Abad\u00eda es<strong> la diversidad de estilos arquitect\u00f3nicos <\/strong>que la componen. La primera iglesia fue <strong>Carolingio<\/strong>luego un macizo occidental <strong>novela<\/strong> se le a\u00f1adi\u00f3. Despu\u00e9s se a\u00f1adi\u00f3 el coro de la segunda mitad del siglo XII.<sup>\u00e8me<\/sup> siglo es <strong>G\u00f3tico<\/strong>Un estilo revolucionario, como explica Fran\u00e7oise Roy: <em>\"El g\u00f3tico no se llamaba g\u00f3tico en aquella \u00e9poca, sino opus francig\u00e9num, que significaba '...'.<\/em>Arte franc\u00e9s\".<em> \"<\/em> Una arquitectura que transform\u00f3 el paisaje franc\u00e9s y que a\u00fan hoy deja su huella. Por \u00faltimo, las ventanas de la capilla del 13<sup>\u00e8me <\/sup>siglo forman parte del <strong>g\u00f3tico radiante<\/strong>.<\/p>\n\n\n\n<p><strong>La iglesia de la Abad\u00eda no se libr\u00f3 de la Segunda Guerra Mundial<\/strong>como cuenta Fran\u00e7oise Roy: <em>\"En 1944, una bomba cay\u00f3 sobre la torre norte. No explot\u00f3, pero la explosi\u00f3n caus\u00f3 da\u00f1os. La bomba fue lanzada por los aliados, ya que en Saint-Leu-d'Esserent se almacenaban los misiles V1 que iban a destruir Londres.<\/em><\/p>\n\n\n\n<p>Tambi\u00e9n podr\u00edamos escribir muchas l\u00edneas sobre los diversos ornamentos que decoran los capiteles, torres, claves y carpinter\u00eda del siglo XVIII.<sup>\u00e8me<\/sup> en la capilla sur, pero la mejor manera de descubrirlos es en una visita guiada a la iglesia. <a href=\"https:\/\/www.creilsudoise-tourisme.fr\/es\/agenda\/\" target=\"_blank\" rel=\"noreferrer noopener\">visita guiada<\/a>. Y nuestro gu\u00eda tur\u00edstico no le dir\u00e1 lo contrario: <em>\"Visitar estos sitios significa visitar la historia de otra manera, tejiendo un v\u00ednculo tangible con el pasado gracias a los vestigios, testigos de un pasado lejano que cobra vida durante la visita. Y no olvidemos que una visita es ante todo una ocasi\u00f3n para que las personas apasionadas por la historia se conozcan\".<\/em>.<\/p>\n\n\n\n<p><strong>Si le interesa, p\u00f3ngase en contacto con la Oficina de Turismo para organizar su visita.<\/strong><\/p>\n\n\n\n<div class=\"is-layout-flex wp-container-11 wp-block-columns\">\n<div class=\"is-layout-flow wp-block-column\" style=\"flex-basis:25%\">\n<figure class=\"wp-block-image size-full\"><img decoding=\"async\" loading=\"lazy\" width=\"400\" height=\"400\" data-src=\"https:\/\/www.creilsudoise-tourisme.fr\/wp-content\/uploads\/2024\/04\/Diane-Maat.jpg\" alt=\"\" class=\"wp-image-53629\" data-srcset=\"https:\/\/www.creilsudoise-tourisme.fr\/wp-content\/uploads\/2024\/04\/Diane-Maat.jpg 400w, https:\/\/www.creilsudoise-tourisme.fr\/wp-content\/uploads\/2024\/04\/Diane-Maat-300x300.jpg 300w, https:\/\/www.creilsudoise-tourisme.fr\/wp-content\/uploads\/2024\/04\/Diane-Maat-12x12.jpg 12w, https:\/\/www.creilsudoise-tourisme.fr\/wp-content\/uploads\/2024\/04\/Diane-Maat-200x200.jpg 200w, https:\/\/www.creilsudoise-tourisme.fr\/wp-content\/uploads\/2024\/04\/Diane-Maat-387x387.jpg 387w\" sizes=\"(max-width: 400px) 100vw, 400px\" \/><\/figure>\n<\/div>\n\n\n\n<div class=\"is-layout-flow wp-block-column\" style=\"flex-basis:50%\">\n<p><strong>Diane Maat<\/strong> &#8211; <a href=\"https:\/\/www.linkedin.com\/company\/com-positive-dm\/?trk=similar-pages\" target=\"_blank\" rel=\"noreferrer noopener\">Com'Positiv<\/a><\/p>\n<\/div>\n\n\n\n<div class=\"is-layout-flow wp-block-column\" style=\"flex-basis:25%\"><\/div>\n<\/div>\n\n\n<div data-related-sit=\"1\" data-block-type=\"related-sit-gt\" data-block-id=\"wpet-sit-5grpovmsn1\"><div class=\"wp-block wp-block-related-post wp-block-related-list-sit alignfull\">\n    \n    <div class=\"container\">\n\n                    <h2 class=\"wp-block-related-post-title\">Actualmente en el programa<\/h2>\n        \n                    <div id=\"wpiris-related-post-132\" data-id=\"wpiris-entity-slider\">\n                <div class=\"wp-block-related-post-list wp-block-related-post-list--2\" data-id=\"wpiris-entity-slider-wrapper\">\n\n                    \n<div class=\"entityItem\" data-trigger=\"wpiris-click\" data-id=\"wpiris-entity-slider-item\">\n    <p class=\"entityItemThumbnail\">\n        <a href=\"https:\/\/www.creilsudoise-tourisme.fr\/es\/agenda-animations\/festival-des-clochers-2024\/\" nofancybox>\n            <img data-src=\"https:\/\/www.creilsudoise-tourisme.fr\/wp-content\/uploads\/wpetourisme\/AMEM-Festival-clochers-2026-275x350.jpg\" alt=\"Festival des Clochers 2026\">\n        <\/a>\n    <\/p>\n    <div class=\"entityItemContent\">\n        <h2 class=\"entityItemContentTitle\">\n            <a href=\"https:\/\/www.creilsudoise-tourisme.fr\/es\/agenda-animations\/festival-des-clochers-2024\/\">Festival des Clochers 2026<\/a>\n        <\/h2>\n                    <p class=\"entityItemContentType\">Festivales y eventos<\/p>\n            <\/div>\n    <a href=\"https:\/\/www.creilsudoise-tourisme.fr\/es\/agenda-animations\/festival-des-clochers-2024\/\" class=\"seeMore\"><span class=\"sr-only\">M\u00e1s informaci\u00f3n<\/span><\/a>\n<\/div>\n\n<div class=\"entityItem\" data-trigger=\"wpiris-click\" data-id=\"wpiris-entity-slider-item\">\n    <p class=\"entityItemThumbnail\">\n        <a href=\"https:\/\/www.creilsudoise-tourisme.fr\/es\/agenda-animations\/festival-des-clochers-2026-concert-a-saint-leu-desserent\/\" nofancybox>\n            <img data-src=\"https:\/\/www.creilsudoise-tourisme.fr\/wp-content\/uploads\/wpetourisme\/AMEM-Fest-stleu-275x350.jpg\" alt=\"Festival des Clochers 2026 | Concert \u00e0 Saint-Leu d&rsquo;Esserent\">\n        <\/a>\n    <\/p>\n    <div class=\"entityItemContent\">\n        <h2 class=\"entityItemContentTitle\">\n            <a href=\"https:\/\/www.creilsudoise-tourisme.fr\/es\/agenda-animations\/festival-des-clochers-2026-concert-a-saint-leu-desserent\/\">Festival des Clochers 2026 | Concert \u00e0 Saint-Leu d&rsquo;Esserent<\/a>\n        <\/h2>\n                    <p class=\"entityItemContentType\">Festivales y eventos<\/p>\n            <\/div>\n    <a href=\"https:\/\/www.creilsudoise-tourisme.fr\/es\/agenda-animations\/festival-des-clochers-2026-concert-a-saint-leu-desserent\/\" class=\"seeMore\"><span class=\"sr-only\">M\u00e1s informaci\u00f3n<\/span><\/a>\n<\/div>\n                <\/div>\n\n                            <\/div>\n            <\/div>\n<\/div><\/div>\n\n\n<div class=\"wp-block wp-block-single-sit wp-block-single-sit-coordonnees\" >\n\n            <h2>Acceda a<\/h2>\n    \n    <div class=\"wp-block-media-text is-stacked-on-mobile\">\n\n        <div class=\"wp-block-media-text__media wpet-map-detail\" style=\"width:100%; height: 100%;\">\n            <div class=\"wp-block-media-text__media__content\" id=\"wpetSingleSitMap\" data-wpet-type-map=\"leaflet\" ><\/div>\n        <\/div>\n\n        <div class=\"wp-block-media-text__content\">\n\n                            <p class=\"wp-block-coordonnees__status wp-block-coordonnees__status--close\">\n                    Cerrado                <\/p>\n            \n            <p class=\"wp-block-media-text__content__address\">\n                                    <strong>Abad\u00eda de San Nicol\u00e1s<\/strong><br \/>\n                \n                                    rue de l'\u00e9glise<br \/>\n                \n                                    <span>60340<\/span>\n                    <span>SAINT-LEU-D'ESSERENT<\/span><br \/>\n                            <\/p>\n\n                                                <p class=\"wp-block-media-text__content__phone\"><a data-type=\"TEL\" href=\"tel: 33 3 75 19 01 70\">+33 3 75 19 01 70<\/a><\/p>\n                            \n            <a href=\"https:\/\/www.google.fr\/maps?saddr&#038;daddr=49.2184732,2.42118102\" target=\"_blank\" class=\"button GtmButtonCalculItinerairePrestataire\" rel=\"noopener noreferrer\">Calcular mi ruta<\/a>\n        <\/div>\n    <\/div>\n<\/div>\n\n\n<div class=\"wp-block wp-block-highlight\">\n            <h3 class=\"wp-block-highlight-item wp-block-highlight-title\">\u00bfQuiere saber m\u00e1s?<\/h3>\n                <p class=\"wp-block-highlight-item wp-block-highlight-excerpt\">Este hermoso reportaje se ha escrito coincidiendo con el lanzamiento del nuevo<strong> Creil Sud Oise Tourisme, primera revista de destino<\/strong>.<br>En el interior, n<strong>uchos otros art\u00edculos<\/strong> te llevar\u00e1 a conocer <strong>cifras locales<\/strong> y ofrecer <strong>ideas para salir<\/strong><br><strong>Pedido en<\/strong> para recibirlo en papel.<br><strong><a href=\"https:\/\/www.creilsudoise-tourisme.fr\/es\/practica\/folletos\/\" target=\"_blank\" rel=\"noreferrer noopener\">Haga clic aqu\u00ed para realizar el pedido<\/a><\/strong><\/p>\n    <\/div>","protected":false},"excerpt":{"rendered":"<p>Con vistas a Saint-Leu-d'Esserent y a orillas del r\u00edo Oise, todo el mundo la ve, pero \u00bfconocemos realmente su historia y sus secretos? Descubra m\u00e1s cosas sobre la iglesia abacial de Saint-Nicolas con la visita de Fran\u00e7oise Roy, gu\u00eda tur\u00edstica de las \"Villes et Pays d'art et d'histoire\" (ciudades y regiones de arte e historia) de la regi\u00f3n de Picard\u00eda. Conocimos a Fran\u00e7oise Roy, una gu\u00eda apasionada por la historia, que [...]<\/p>","protected":false},"author":3,"featured_media":56041,"comment_status":"closed","ping_status":"closed","sticky":false,"template":"","format":"standard","meta":{"_relevanssi_hide_post":"","_relevanssi_hide_content":"","_relevanssi_pin_for_all":"","_relevanssi_pin_keywords":"","_relevanssi_unpin_keywords":"","_relevanssi_related_keywords":"","_relevanssi_related_include_ids":"","_relevanssi_related_exclude_ids":"","_relevanssi_related_no_append":"","_relevanssi_related_not_related":"","_relevanssi_related_posts":"39942,37307,37060,42322,41280,39613","_relevanssi_noindex_reason":""},"categories":[10],"tags":[],"yoast_head":"<!-- This site is optimized with the Yoast SEO plugin v20.2.1 - https:\/\/yoast.com\/wordpress\/plugins\/seo\/ -->\n<title>L\u2019Abbatiale de Saint-Leu : digne des plus grandes cath\u00e9drales<\/title>\n<meta name=\"description\" content=\"Rencontre avec Fran\u00e7oise Roy, guide pour l&#039;Office de Tourisme, qui nous parle de l&#039;Abbatiale de Saint-Leu-d&#039;Esserent.\" \/>\n<meta name=\"robots\" content=\"index, follow, max-snippet:-1, max-image-preview:large, max-video-preview:-1\" \/>\n<link rel=\"canonical\" href=\"https:\/\/www.creilsudoise-tourisme.fr\/es\/2024\/08\/22\/francoise-roy\/\" \/>\n<meta property=\"og:locale\" content=\"es_ES\" \/>\n<meta property=\"og:type\" content=\"article\" \/>\n<meta property=\"og:title\" content=\"L\u2019Abbatiale de Saint-Leu : digne des plus grandes cath\u00e9drales\" \/>\n<meta property=\"og:description\" content=\"Rencontre avec Fran\u00e7oise Roy, guide pour l&#039;Office de Tourisme, qui nous parle de l&#039;Abbatiale de Saint-Leu-d&#039;Esserent.\" \/>\n<meta property=\"og:url\" content=\"https:\/\/www.creilsudoise-tourisme.fr\/es\/2024\/08\/22\/francoise-roy\/\" \/>\n<meta property=\"og:site_name\" content=\"Office de Tourisme Creil Sud Oise\" \/>\n<meta property=\"article:publisher\" content=\"https:\/\/www.facebook.com\/creilsudoisetourisme\/\" \/>\n<meta property=\"article:published_time\" content=\"2024-08-22T14:17:42+00:00\" \/>\n<meta property=\"article:modified_time\" content=\"2024-09-19T10:05:23+00:00\" \/>\n<meta property=\"og:image\" content=\"https:\/\/www.creilsudoise-tourisme.fr\/wp-content\/uploads\/2024\/08\/Francoise-Roy.jpg\" \/>\n\t<meta property=\"og:image:width\" content=\"1382\" \/>\n\t<meta property=\"og:image:height\" content=\"1847\" \/>\n\t<meta property=\"og:image:type\" content=\"image\/jpeg\" \/>\n<meta name=\"author\" content=\"fdubut\" \/>\n<meta name=\"twitter:card\" content=\"summary_large_image\" \/>\n<meta name=\"twitter:creator\" content=\"@CreilSudOiseOT\" \/>\n<meta name=\"twitter:site\" content=\"@CreilSudOiseOT\" \/>\n<meta name=\"twitter:label1\" content=\"Escrito por\" \/>\n\t<meta name=\"twitter:data1\" content=\"fdubut\" \/>\n\t<meta name=\"twitter:label2\" content=\"Tiempo de lectura\" \/>\n\t<meta name=\"twitter:data2\" content=\"7 minutos\" \/>\n<script type=\"application\/ld+json\" class=\"yoast-schema-graph\">{\"@context\":\"https:\/\/schema.org\",\"@graph\":[{\"@type\":\"Article\",\"@id\":\"https:\/\/www.creilsudoise-tourisme.fr\/2024\/08\/22\/francoise-roy\/#article\",\"isPartOf\":{\"@id\":\"https:\/\/www.creilsudoise-tourisme.fr\/2024\/08\/22\/francoise-roy\/\"},\"author\":{\"name\":\"fdubut\",\"@id\":\"https:\/\/www.creilsudoise-tourisme.fr\/#\/schema\/person\/c5140d47645b13bee896bfe05f1bd5da\"},\"headline\":\"L\u2019Abbatiale de Saint-Leu : digne des plus grandes cath\u00e9drales\",\"datePublished\":\"2024-08-22T14:17:42+00:00\",\"dateModified\":\"2024-09-19T10:05:23+00:00\",\"mainEntityOfPage\":{\"@id\":\"https:\/\/www.creilsudoise-tourisme.fr\/2024\/08\/22\/francoise-roy\/\"},\"wordCount\":1345,\"publisher\":{\"@id\":\"https:\/\/www.creilsudoise-tourisme.fr\/#organization\"},\"articleSection\":[\"Nos ambassadeurs\"],\"inLanguage\":\"es\"},{\"@type\":\"WebPage\",\"@id\":\"https:\/\/www.creilsudoise-tourisme.fr\/2024\/08\/22\/francoise-roy\/\",\"url\":\"https:\/\/www.creilsudoise-tourisme.fr\/2024\/08\/22\/francoise-roy\/\",\"name\":\"L\u2019Abbatiale de Saint-Leu : digne des plus grandes cath\u00e9drales\",\"isPartOf\":{\"@id\":\"https:\/\/www.creilsudoise-tourisme.fr\/#website\"},\"datePublished\":\"2024-08-22T14:17:42+00:00\",\"dateModified\":\"2024-09-19T10:05:23+00:00\",\"description\":\"Rencontre avec Fran\u00e7oise Roy, guide pour l'Office de Tourisme, qui nous parle de l'Abbatiale de Saint-Leu-d'Esserent.\",\"breadcrumb\":{\"@id\":\"https:\/\/www.creilsudoise-tourisme.fr\/2024\/08\/22\/francoise-roy\/#breadcrumb\"},\"inLanguage\":\"es\",\"potentialAction\":[{\"@type\":\"ReadAction\",\"target\":[\"https:\/\/www.creilsudoise-tourisme.fr\/2024\/08\/22\/francoise-roy\/\"]}]},{\"@type\":\"BreadcrumbList\",\"@id\":\"https:\/\/www.creilsudoise-tourisme.fr\/2024\/08\/22\/francoise-roy\/#breadcrumb\",\"itemListElement\":[{\"@type\":\"ListItem\",\"position\":1,\"name\":\"Accueil\",\"item\":\"https:\/\/www.creilsudoise-tourisme.fr\/\"},{\"@type\":\"ListItem\",\"position\":2,\"name\":\"L\u2019Abbatiale de Saint-Leu : digne des plus grandes cath\u00e9drales\"}]},{\"@type\":\"WebSite\",\"@id\":\"https:\/\/www.creilsudoise-tourisme.fr\/#website\",\"url\":\"https:\/\/www.creilsudoise-tourisme.fr\/\",\"name\":\"Office de Tourisme Creil Sud Oise\",\"description\":\"Creil Sud Oise Tourisme, un territoire \u00e0 explorer !\",\"publisher\":{\"@id\":\"https:\/\/www.creilsudoise-tourisme.fr\/#organization\"},\"potentialAction\":[{\"@type\":\"SearchAction\",\"target\":{\"@type\":\"EntryPoint\",\"urlTemplate\":\"https:\/\/www.creilsudoise-tourisme.fr\/?s={search_term_string}\"},\"query-input\":\"required name=search_term_string\"}],\"inLanguage\":\"es\"},{\"@type\":\"Organization\",\"@id\":\"https:\/\/www.creilsudoise-tourisme.fr\/#organization\",\"name\":\"Creil Sud Oise Tourisme\",\"url\":\"https:\/\/www.creilsudoise-tourisme.fr\/\",\"logo\":{\"@type\":\"ImageObject\",\"inLanguage\":\"es\",\"@id\":\"https:\/\/www.creilsudoise-tourisme.fr\/#\/schema\/logo\/image\/\",\"url\":\"https:\/\/www.creilsudoise-tourisme.fr\/wp-content\/uploads\/2021\/05\/logo-svg.png\",\"contentUrl\":\"https:\/\/www.creilsudoise-tourisme.fr\/wp-content\/uploads\/2021\/05\/logo-svg.png\",\"width\":182,\"height\":71,\"caption\":\"Creil Sud Oise Tourisme\"},\"image\":{\"@id\":\"https:\/\/www.creilsudoise-tourisme.fr\/#\/schema\/logo\/image\/\"},\"sameAs\":[\"https:\/\/www.facebook.com\/creilsudoisetourisme\/\",\"https:\/\/twitter.com\/CreilSudOiseOT\",\"https:\/\/www.instagram.com\/creilsudoisetourisme\/\",\"https:\/\/www.youtube.com\/channel\/UC8L_QD2wwyADW14zt9fY8kw\"]},{\"@type\":\"Person\",\"@id\":\"https:\/\/www.creilsudoise-tourisme.fr\/#\/schema\/person\/c5140d47645b13bee896bfe05f1bd5da\",\"name\":\"fdubut\",\"image\":{\"@type\":\"ImageObject\",\"inLanguage\":\"es\",\"@id\":\"https:\/\/www.creilsudoise-tourisme.fr\/#\/schema\/person\/image\/\",\"url\":\"https:\/\/secure.gravatar.com\/avatar\/c49bb61337bf4556cafdbcb92c18618d?s=96&d=mm&r=g\",\"contentUrl\":\"https:\/\/secure.gravatar.com\/avatar\/c49bb61337bf4556cafdbcb92c18618d?s=96&d=mm&r=g\",\"caption\":\"fdubut\"},\"url\":\"https:\/\/www.creilsudoise-tourisme.fr\/es\/auteur\/fdubut\/\"}]}<\/script>\n<!-- \/ Yoast SEO plugin. -->","yoast_head_json":{"title":"L\u2019Abbatiale de Saint-Leu : digne des plus grandes cath\u00e9drales","description":"Rencontre avec Fran\u00e7oise Roy, guide pour l'Office de Tourisme, qui nous parle de l'Abbatiale de Saint-Leu-d'Esserent.","robots":{"index":"index","follow":"follow","max-snippet":"max-snippet:-1","max-image-preview":"max-image-preview:large","max-video-preview":"max-video-preview:-1"},"canonical":"https:\/\/www.creilsudoise-tourisme.fr\/es\/2024\/08\/22\/francoise-roy\/","og_locale":"es_ES","og_type":"article","og_title":"L\u2019Abbatiale de Saint-Leu : digne des plus grandes cath\u00e9drales","og_description":"Rencontre avec Fran\u00e7oise Roy, guide pour l'Office de Tourisme, qui nous parle de l'Abbatiale de Saint-Leu-d'Esserent.","og_url":"https:\/\/www.creilsudoise-tourisme.fr\/es\/2024\/08\/22\/francoise-roy\/","og_site_name":"Office de Tourisme Creil Sud Oise","article_publisher":"https:\/\/www.facebook.com\/creilsudoisetourisme\/","article_published_time":"2024-08-22T14:17:42+00:00","article_modified_time":"2024-09-19T10:05:23+00:00","og_image":[{"width":1382,"height":1847,"url":"https:\/\/www.creilsudoise-tourisme.fr\/wp-content\/uploads\/2024\/08\/Francoise-Roy.jpg","type":"image\/jpeg"}],"author":"fdubut","twitter_card":"summary_large_image","twitter_creator":"@CreilSudOiseOT","twitter_site":"@CreilSudOiseOT","twitter_misc":{"Escrito por":"fdubut","Tiempo de lectura":"7 minutos"},"schema":{"@context":"https:\/\/schema.org","@graph":[{"@type":"Article","@id":"https:\/\/www.creilsudoise-tourisme.fr\/2024\/08\/22\/francoise-roy\/#article","isPartOf":{"@id":"https:\/\/www.creilsudoise-tourisme.fr\/2024\/08\/22\/francoise-roy\/"},"author":{"name":"fdubut","@id":"https:\/\/www.creilsudoise-tourisme.fr\/#\/schema\/person\/c5140d47645b13bee896bfe05f1bd5da"},"headline":"L\u2019Abbatiale de Saint-Leu : digne des plus grandes cath\u00e9drales","datePublished":"2024-08-22T14:17:42+00:00","dateModified":"2024-09-19T10:05:23+00:00","mainEntityOfPage":{"@id":"https:\/\/www.creilsudoise-tourisme.fr\/2024\/08\/22\/francoise-roy\/"},"wordCount":1345,"publisher":{"@id":"https:\/\/www.creilsudoise-tourisme.fr\/#organization"},"articleSection":["Nos ambassadeurs"],"inLanguage":"es"},{"@type":"WebPage","@id":"https:\/\/www.creilsudoise-tourisme.fr\/2024\/08\/22\/francoise-roy\/","url":"https:\/\/www.creilsudoise-tourisme.fr\/2024\/08\/22\/francoise-roy\/","name":"L\u2019Abbatiale de Saint-Leu : digne des plus grandes cath\u00e9drales","isPartOf":{"@id":"https:\/\/www.creilsudoise-tourisme.fr\/#website"},"datePublished":"2024-08-22T14:17:42+00:00","dateModified":"2024-09-19T10:05:23+00:00","description":"Rencontre avec Fran\u00e7oise Roy, guide pour l'Office de Tourisme, qui nous parle de l'Abbatiale de Saint-Leu-d'Esserent.","breadcrumb":{"@id":"https:\/\/www.creilsudoise-tourisme.fr\/2024\/08\/22\/francoise-roy\/#breadcrumb"},"inLanguage":"es","potentialAction":[{"@type":"ReadAction","target":["https:\/\/www.creilsudoise-tourisme.fr\/2024\/08\/22\/francoise-roy\/"]}]},{"@type":"BreadcrumbList","@id":"https:\/\/www.creilsudoise-tourisme.fr\/2024\/08\/22\/francoise-roy\/#breadcrumb","itemListElement":[{"@type":"ListItem","position":1,"name":"Accueil","item":"https:\/\/www.creilsudoise-tourisme.fr\/"},{"@type":"ListItem","position":2,"name":"L\u2019Abbatiale de Saint-Leu : digne des plus grandes cath\u00e9drales"}]},{"@type":"WebSite","@id":"https:\/\/www.creilsudoise-tourisme.fr\/#website","url":"https:\/\/www.creilsudoise-tourisme.fr\/","name":"Office de Tourisme Creil Sud Oise","description":"Creil Sud Oise Tourisme, un territoire \u00e0 explorer !","publisher":{"@id":"https:\/\/www.creilsudoise-tourisme.fr\/#organization"},"potentialAction":[{"@type":"SearchAction","target":{"@type":"EntryPoint","urlTemplate":"https:\/\/www.creilsudoise-tourisme.fr\/?s={search_term_string}"},"query-input":"required name=search_term_string"}],"inLanguage":"es"},{"@type":"Organization","@id":"https:\/\/www.creilsudoise-tourisme.fr\/#organization","name":"Creil Sud Oise Tourisme","url":"https:\/\/www.creilsudoise-tourisme.fr\/","logo":{"@type":"ImageObject","inLanguage":"es","@id":"https:\/\/www.creilsudoise-tourisme.fr\/#\/schema\/logo\/image\/","url":"https:\/\/www.creilsudoise-tourisme.fr\/wp-content\/uploads\/2021\/05\/logo-svg.png","contentUrl":"https:\/\/www.creilsudoise-tourisme.fr\/wp-content\/uploads\/2021\/05\/logo-svg.png","width":182,"height":71,"caption":"Creil Sud Oise Tourisme"},"image":{"@id":"https:\/\/www.creilsudoise-tourisme.fr\/#\/schema\/logo\/image\/"},"sameAs":["https:\/\/www.facebook.com\/creilsudoisetourisme\/","https:\/\/twitter.com\/CreilSudOiseOT","https:\/\/www.instagram.com\/creilsudoisetourisme\/","https:\/\/www.youtube.com\/channel\/UC8L_QD2wwyADW14zt9fY8kw"]},{"@type":"Person","@id":"https:\/\/www.creilsudoise-tourisme.fr\/#\/schema\/person\/c5140d47645b13bee896bfe05f1bd5da","name":"fdubut","image":{"@type":"ImageObject","inLanguage":"es","@id":"https:\/\/www.creilsudoise-tourisme.fr\/#\/schema\/person\/image\/","url":"https:\/\/secure.gravatar.com\/avatar\/c49bb61337bf4556cafdbcb92c18618d?s=96&d=mm&r=g","contentUrl":"https:\/\/secure.gravatar.com\/avatar\/c49bb61337bf4556cafdbcb92c18618d?s=96&d=mm&r=g","caption":"fdubut"},"url":"https:\/\/www.creilsudoise-tourisme.fr\/es\/auteur\/fdubut\/"}]}},"_links":{"self":[{"href":"https:\/\/www.creilsudoise-tourisme.fr\/es\/wp-json\/wp\/v2\/posts\/56040"}],"collection":[{"href":"https:\/\/www.creilsudoise-tourisme.fr\/es\/wp-json\/wp\/v2\/posts"}],"about":[{"href":"https:\/\/www.creilsudoise-tourisme.fr\/es\/wp-json\/wp\/v2\/types\/post"}],"author":[{"embeddable":true,"href":"https:\/\/www.creilsudoise-tourisme.fr\/es\/wp-json\/wp\/v2\/users\/3"}],"replies":[{"embeddable":true,"href":"https:\/\/www.creilsudoise-tourisme.fr\/es\/wp-json\/wp\/v2\/comments?post=56040"}],"version-history":[{"count":3,"href":"https:\/\/www.creilsudoise-tourisme.fr\/es\/wp-json\/wp\/v2\/posts\/56040\/revisions"}],"predecessor-version":[{"id":57429,"href":"https:\/\/www.creilsudoise-tourisme.fr\/es\/wp-json\/wp\/v2\/posts\/56040\/revisions\/57429"}],"wp:featuredmedia":[{"embeddable":true,"href":"https:\/\/www.creilsudoise-tourisme.fr\/es\/wp-json\/wp\/v2\/media\/56041"}],"wp:attachment":[{"href":"https:\/\/www.creilsudoise-tourisme.fr\/es\/wp-json\/wp\/v2\/media?parent=56040"}],"wp:term":[{"taxonomy":"category","embeddable":true,"href":"https:\/\/www.creilsudoise-tourisme.fr\/es\/wp-json\/wp\/v2\/categories?post=56040"},{"taxonomy":"post_tag","embeddable":true,"href":"https:\/\/www.creilsudoise-tourisme.fr\/es\/wp-json\/wp\/v2\/tags?post=56040"}],"curies":[{"name":"wp","href":"https:\/\/api.w.org\/{rel}","templated":true}]}}