{"id":54043,"date":"2024-05-24T11:16:35","date_gmt":"2024-05-24T09:16:35","guid":{"rendered":"https:\/\/www.creilsudoise-tourisme.fr\/?p=54043"},"modified":"2024-07-02T10:40:05","modified_gmt":"2024-07-02T08:40:05","slug":"claude-boufflet","status":"publish","type":"post","link":"https:\/\/www.creilsudoise-tourisme.fr\/es\/2024\/05\/24\/claude-boufflet\/","title":{"rendered":"La Maison de la Pierre, historias de personas y lugares"},"content":{"rendered":"<p class=\"is-style-excerpt\">En Saint-Maximin, a pocos kil\u00f3metros de Chantilly, <strong>la Maison de la Pierre cuenta una historia milenaria<\/strong>una piedra poco conocida por el gran p\u00fablico. Hoy en d\u00eda, el renombre de la piedra regional se asocia a <strong>grandes proyectos de Haussmann<\/strong> de 19<sup>\u00e8me<\/sup> y obras m\u00e1s antiguas. <strong>La iglesia de Saint-Pierre y la catedral de Senlis, el castillo de Vaux-le-Vicomte... \u00a1hay cientos de monumentos para elegir!<\/strong><\/p>\n\n\n\n<p>En esta zona del sur del Oise, <strong>Desde la \u00e9poca galo-romana, la piedra caliza se extrae y se utiliza para mejorar los edificios.<\/strong> A lo largo de los siglos, con la evoluci\u00f3n de las t\u00e9cnicas, los hombres se apropiaron de este tesoro, explotando primero las laderas del Oise y luego el valle del Oise. <strong>excavaci\u00f3n de galer\u00edas subterr\u00e1neas <\/strong>y canteras a cielo abierto.<\/p>\n\n\n\n<div class=\"is-layout-flex wp-container-3 wp-block-columns\">\n<div class=\"is-layout-flow wp-block-column\" style=\"flex-basis:66.66%\">\n<p><strong>Claude Boufflet, insaciable embajador local, antiguo cantero, hijo y nieto de canteros<\/strong>ha ayudado a la Maison de la Pierre a crear numerosos proyectos en los \u00faltimos 10 a\u00f1os. A su manera, da vida a este patrimonio natural y cultural excepcional, pepita del sur de Oise...<\/p>\n<\/div>\n\n\n\n<div class=\"is-layout-flow wp-block-column\" style=\"flex-basis:33.33%\">\n<figure class=\"wp-block-image size-full\"><img decoding=\"async\" loading=\"lazy\" width=\"640\" height=\"640\" data-src=\"https:\/\/www.creilsudoise-tourisme.fr\/wp-content\/uploads\/2024\/05\/Claude-Boufflet-\u00a9-Creil-Sud-Oise-Tourisme-2-edited.jpg\" alt=\"Exploraci\u00f3n subterr\u00e1nea urbex saint-maximin oise Maison de la Pierre descubrimiento archivos familiares Claude Boufflet\" class=\"wp-image-54111\" data-srcset=\"https:\/\/www.creilsudoise-tourisme.fr\/wp-content\/uploads\/2024\/05\/Claude-Boufflet-\u00a9-Creil-Sud-Oise-Tourisme-2-edited.jpg 640w, https:\/\/www.creilsudoise-tourisme.fr\/wp-content\/uploads\/2024\/05\/Claude-Boufflet-\u00a9-Creil-Sud-Oise-Tourisme-2-edited-600x600.jpg 600w, https:\/\/www.creilsudoise-tourisme.fr\/wp-content\/uploads\/2024\/05\/Claude-Boufflet-\u00a9-Creil-Sud-Oise-Tourisme-2-edited-300x300.jpg 300w, https:\/\/www.creilsudoise-tourisme.fr\/wp-content\/uploads\/2024\/05\/Claude-Boufflet-\u00a9-Creil-Sud-Oise-Tourisme-2-edited-12x12.jpg 12w, https:\/\/www.creilsudoise-tourisme.fr\/wp-content\/uploads\/2024\/05\/Claude-Boufflet-\u00a9-Creil-Sud-Oise-Tourisme-2-edited-200x200.jpg 200w, https:\/\/www.creilsudoise-tourisme.fr\/wp-content\/uploads\/2024\/05\/Claude-Boufflet-\u00a9-Creil-Sud-Oise-Tourisme-2-edited-387x387.jpg 387w\" sizes=\"(max-width: 640px) 100vw, 640px\" \/><figcaption class=\"wp-element-caption\">Creil Sud Oise Tourisme<\/figcaption><\/figure>\n<\/div>\n<\/div>\n\n\n\n<h2>Una historia grabada en piedra<\/h2>\n\n\n\n<p>En la Maison de la Pierre,<strong> un lugar de recuerdo y transmisi\u00f3n<\/strong>Claude act\u00faa como embajador y mediador, <strong>un precioso v\u00ednculo entre \u00e9pocas.<\/strong><\/p>\n\n\n\n<p>En las antiguas canteras de la zona, sale regularmente, en todas las estaciones, a buscar una nueva fuente de energ\u00eda.<strong>b\u00fasqueda de restos<\/strong> Encontrar\u00e1s todo tipo de cosas por descubrir: herramientas antiguas, huellas de canteros de anta\u00f1o y de la actividad humana en las canteras. Tal vez lo vea, en bicicleta o a pie, explorando estas huellas: \" [...] <em>Me apasiona y me atrapa, pero no puedo explicarlo.<\/em>r [...] \".<\/p>\n\n\n\n<figure class=\"wp-block-image size-large\"><img decoding=\"async\" loading=\"lazy\" width=\"1200\" height=\"900\" data-src=\"https:\/\/www.creilsudoise-tourisme.fr\/wp-content\/uploads\/2024\/05\/Exploration-\u00a9-Claude-Boufflet-7-1200x900.jpg\" alt=\"Exploraci\u00f3n subterr\u00e1nea urbex saint-maximin oise Maison de la Pierre descubrimiento archivos familiares Claude Boufflet\" class=\"wp-image-54046\" data-srcset=\"https:\/\/www.creilsudoise-tourisme.fr\/wp-content\/uploads\/2024\/05\/Exploration-\u00a9-Claude-Boufflet-7-1200x900.jpg 1200w, https:\/\/www.creilsudoise-tourisme.fr\/wp-content\/uploads\/2024\/05\/Exploration-\u00a9-Claude-Boufflet-7-600x450.jpg 600w, https:\/\/www.creilsudoise-tourisme.fr\/wp-content\/uploads\/2024\/05\/Exploration-\u00a9-Claude-Boufflet-7-900x675.jpg 900w, https:\/\/www.creilsudoise-tourisme.fr\/wp-content\/uploads\/2024\/05\/Exploration-\u00a9-Claude-Boufflet-7-1536x1152.jpg 1536w, https:\/\/www.creilsudoise-tourisme.fr\/wp-content\/uploads\/2024\/05\/Exploration-\u00a9-Claude-Boufflet-7-16x12.jpg 16w, https:\/\/www.creilsudoise-tourisme.fr\/wp-content\/uploads\/2024\/05\/Exploration-\u00a9-Claude-Boufflet-7-200x150.jpg 200w, https:\/\/www.creilsudoise-tourisme.fr\/wp-content\/uploads\/2024\/05\/Exploration-\u00a9-Claude-Boufflet-7-650x488.jpg 650w, https:\/\/www.creilsudoise-tourisme.fr\/wp-content\/uploads\/2024\/05\/Exploration-\u00a9-Claude-Boufflet-7-387x290.jpg 387w, https:\/\/www.creilsudoise-tourisme.fr\/wp-content\/uploads\/2024\/05\/Exploration-\u00a9-Claude-Boufflet-7.jpg 1920w\" sizes=\"(max-width: 1200px) 100vw, 1200px\" \/><figcaption class=\"wp-element-caption\">Claude Boufflet<\/figcaption><\/figure>\n\n\n\n<figure class=\"is-layout-flex wp-block-gallery-4 wp-block-gallery has-nested-images columns-default is-cropped\">\n<figure class=\"wp-block-image size-large\"><img decoding=\"async\" loading=\"lazy\" width=\"900\" height=\"1200\" data-id=\"54052\"  data-src=\"https:\/\/www.creilsudoise-tourisme.fr\/wp-content\/uploads\/2024\/05\/Exploration-\u00a9-Claude-Boufflet-8-900x1200.jpg\" alt=\"Exploraci\u00f3n subterr\u00e1nea urbex saint-maximin oise Maison de la Pierre descubrimiento archivos familiares Claude Boufflet\" class=\"wp-image-54052\" data-srcset=\"https:\/\/www.creilsudoise-tourisme.fr\/wp-content\/uploads\/2024\/05\/Exploration-\u00a9-Claude-Boufflet-8-900x1200.jpg 900w, https:\/\/www.creilsudoise-tourisme.fr\/wp-content\/uploads\/2024\/05\/Exploration-\u00a9-Claude-Boufflet-8-450x600.jpg 450w, https:\/\/www.creilsudoise-tourisme.fr\/wp-content\/uploads\/2024\/05\/Exploration-\u00a9-Claude-Boufflet-8-675x900.jpg 675w, https:\/\/www.creilsudoise-tourisme.fr\/wp-content\/uploads\/2024\/05\/Exploration-\u00a9-Claude-Boufflet-8-1152x1536.jpg 1152w, https:\/\/www.creilsudoise-tourisme.fr\/wp-content\/uploads\/2024\/05\/Exploration-\u00a9-Claude-Boufflet-8-9x12.jpg 9w, https:\/\/www.creilsudoise-tourisme.fr\/wp-content\/uploads\/2024\/05\/Exploration-\u00a9-Claude-Boufflet-8-200x267.jpg 200w, https:\/\/www.creilsudoise-tourisme.fr\/wp-content\/uploads\/2024\/05\/Exploration-\u00a9-Claude-Boufflet-8-650x867.jpg 650w, https:\/\/www.creilsudoise-tourisme.fr\/wp-content\/uploads\/2024\/05\/Exploration-\u00a9-Claude-Boufflet-8-387x516.jpg 387w, https:\/\/www.creilsudoise-tourisme.fr\/wp-content\/uploads\/2024\/05\/Exploration-\u00a9-Claude-Boufflet-8.jpg 1440w\" sizes=\"(max-width: 900px) 100vw, 900px\" \/><figcaption class=\"wp-element-caption\">Claude Boufflet<\/figcaption><\/figure>\n\n\n\n<figure class=\"wp-block-image size-large\"><img decoding=\"async\" loading=\"lazy\" width=\"508\" height=\"436\" data-id=\"54062\"  data-src=\"https:\/\/www.creilsudoise-tourisme.fr\/wp-content\/uploads\/2024\/05\/Exploration-\u00a9-Claude-Boufflet-1.jpg\" alt=\"Exploraci\u00f3n subterr\u00e1nea urbex saint-maximin oise Maison de la Pierre descubrimiento archivos familiares Claude Boufflet\" class=\"wp-image-54062\" data-srcset=\"https:\/\/www.creilsudoise-tourisme.fr\/wp-content\/uploads\/2024\/05\/Exploration-\u00a9-Claude-Boufflet-1.jpg 508w, https:\/\/www.creilsudoise-tourisme.fr\/wp-content\/uploads\/2024\/05\/Exploration-\u00a9-Claude-Boufflet-1-14x12.jpg 14w, https:\/\/www.creilsudoise-tourisme.fr\/wp-content\/uploads\/2024\/05\/Exploration-\u00a9-Claude-Boufflet-1-200x172.jpg 200w, https:\/\/www.creilsudoise-tourisme.fr\/wp-content\/uploads\/2024\/05\/Exploration-\u00a9-Claude-Boufflet-1-387x332.jpg 387w\" sizes=\"(max-width: 508px) 100vw, 508px\" \/><figcaption class=\"wp-element-caption\">Claude Boufflet<\/figcaption><\/figure>\n<\/figure>\n\n\n\n<p>La explicaci\u00f3n est\u00e1 en el pasado. No queda mucho de la infancia de Claude en Saint-Maximin en los a\u00f1os 50 y 60, aparte de algunas fotos. Barracones construidos despu\u00e9s de la guerra, juegos infantiles y la idea de una cierta solidaridad. <strong>En aquella \u00e9poca, la piedra daba de comer a muchas familias, incluida la suya.<\/strong>. Su abuelo, <strong>L\u00e9on Boufflet<\/strong>y luego a su padre, <strong>Marcel Boufflet<\/strong>trabajo en canteras: \"[...] <em>Mi abuelo trabajaba en las canteras de Ouach\u00e9e, era un hombre de car\u00e1cter.<\/em> [...] <em>en su tiempo libre tocaba la corneta, luego fue alcalde de Saint-Maximin<\/em> [...]\", afirma.<\/p>\n\n\n\n<figure class=\"is-layout-flex wp-block-gallery-6 wp-block-gallery has-nested-images columns-default is-cropped\">\n<figure class=\"wp-block-image size-large\"><img decoding=\"async\" loading=\"lazy\" width=\"800\" height=\"505\" data-id=\"54067\"  data-src=\"https:\/\/www.creilsudoise-tourisme.fr\/wp-content\/uploads\/2024\/05\/Image-darchives-de-la-famille-Boufflet-\u00a9-Claude-Boufflet-5.jpg\" alt=\"Exploraci\u00f3n subterr\u00e1nea urbex saint-maximin oise Maison de la Pierre descubrimiento archivos familiares Claude Boufflet\" class=\"wp-image-54067\" data-srcset=\"https:\/\/www.creilsudoise-tourisme.fr\/wp-content\/uploads\/2024\/05\/Image-darchives-de-la-famille-Boufflet-\u00a9-Claude-Boufflet-5.jpg 800w, https:\/\/www.creilsudoise-tourisme.fr\/wp-content\/uploads\/2024\/05\/Image-darchives-de-la-famille-Boufflet-\u00a9-Claude-Boufflet-5-600x379.jpg 600w, https:\/\/www.creilsudoise-tourisme.fr\/wp-content\/uploads\/2024\/05\/Image-darchives-de-la-famille-Boufflet-\u00a9-Claude-Boufflet-5-18x12.jpg 18w, https:\/\/www.creilsudoise-tourisme.fr\/wp-content\/uploads\/2024\/05\/Image-darchives-de-la-famille-Boufflet-\u00a9-Claude-Boufflet-5-200x126.jpg 200w, https:\/\/www.creilsudoise-tourisme.fr\/wp-content\/uploads\/2024\/05\/Image-darchives-de-la-famille-Boufflet-\u00a9-Claude-Boufflet-5-650x410.jpg 650w, https:\/\/www.creilsudoise-tourisme.fr\/wp-content\/uploads\/2024\/05\/Image-darchives-de-la-famille-Boufflet-\u00a9-Claude-Boufflet-5-387x244.jpg 387w\" sizes=\"(max-width: 800px) 100vw, 800px\" \/><figcaption class=\"wp-element-caption\">Claude Boufflet<\/figcaption><\/figure>\n\n\n\n<figure class=\"wp-block-image size-full\"><img decoding=\"async\" loading=\"lazy\" width=\"766\" height=\"465\" data-id=\"54063\"  data-src=\"https:\/\/www.creilsudoise-tourisme.fr\/wp-content\/uploads\/2024\/05\/Image-darchives-de-la-famille-Boufflet-\u00a9-Claude-Boufflet-7.jpg\" alt=\"Exploraci\u00f3n subterr\u00e1nea urbex saint-maximin oise Maison de la Pierre descubrimiento archivos familiares Claude Boufflet\" class=\"wp-image-54063\" data-srcset=\"https:\/\/www.creilsudoise-tourisme.fr\/wp-content\/uploads\/2024\/05\/Image-darchives-de-la-famille-Boufflet-\u00a9-Claude-Boufflet-7.jpg 766w, https:\/\/www.creilsudoise-tourisme.fr\/wp-content\/uploads\/2024\/05\/Image-darchives-de-la-famille-Boufflet-\u00a9-Claude-Boufflet-7-600x364.jpg 600w, https:\/\/www.creilsudoise-tourisme.fr\/wp-content\/uploads\/2024\/05\/Image-darchives-de-la-famille-Boufflet-\u00a9-Claude-Boufflet-7-18x12.jpg 18w, https:\/\/www.creilsudoise-tourisme.fr\/wp-content\/uploads\/2024\/05\/Image-darchives-de-la-famille-Boufflet-\u00a9-Claude-Boufflet-7-200x121.jpg 200w, https:\/\/www.creilsudoise-tourisme.fr\/wp-content\/uploads\/2024\/05\/Image-darchives-de-la-famille-Boufflet-\u00a9-Claude-Boufflet-7-650x395.jpg 650w, https:\/\/www.creilsudoise-tourisme.fr\/wp-content\/uploads\/2024\/05\/Image-darchives-de-la-famille-Boufflet-\u00a9-Claude-Boufflet-7-387x235.jpg 387w\" sizes=\"(max-width: 766px) 100vw, 766px\" \/><figcaption class=\"wp-element-caption\">Claude Boufflet<\/figcaption><\/figure>\n<\/figure>\n\n\n\n<figure class=\"is-layout-flex wp-block-gallery-8 wp-block-gallery has-nested-images columns-default is-cropped\">\n<figure class=\"wp-block-image size-large\"><img decoding=\"async\" loading=\"lazy\" width=\"740\" height=\"600\" data-id=\"54053\"  data-src=\"https:\/\/www.creilsudoise-tourisme.fr\/wp-content\/uploads\/2024\/05\/Image-darchives-de-la-famille-Boufflet-\u00a9-Claude-Boufflet-6.jpg\" alt=\"Exploraci\u00f3n subterr\u00e1nea urbex saint-maximin oise Maison de la Pierre descubrimiento archivos familiares Claude Boufflet\" class=\"wp-image-54053\" data-srcset=\"https:\/\/www.creilsudoise-tourisme.fr\/wp-content\/uploads\/2024\/05\/Image-darchives-de-la-famille-Boufflet-\u00a9-Claude-Boufflet-6.jpg 740w, https:\/\/www.creilsudoise-tourisme.fr\/wp-content\/uploads\/2024\/05\/Image-darchives-de-la-famille-Boufflet-\u00a9-Claude-Boufflet-6-600x486.jpg 600w, https:\/\/www.creilsudoise-tourisme.fr\/wp-content\/uploads\/2024\/05\/Image-darchives-de-la-famille-Boufflet-\u00a9-Claude-Boufflet-6-15x12.jpg 15w, https:\/\/www.creilsudoise-tourisme.fr\/wp-content\/uploads\/2024\/05\/Image-darchives-de-la-famille-Boufflet-\u00a9-Claude-Boufflet-6-200x162.jpg 200w, https:\/\/www.creilsudoise-tourisme.fr\/wp-content\/uploads\/2024\/05\/Image-darchives-de-la-famille-Boufflet-\u00a9-Claude-Boufflet-6-650x527.jpg 650w, https:\/\/www.creilsudoise-tourisme.fr\/wp-content\/uploads\/2024\/05\/Image-darchives-de-la-famille-Boufflet-\u00a9-Claude-Boufflet-6-387x314.jpg 387w\" sizes=\"(max-width: 740px) 100vw, 740px\" \/><figcaption class=\"wp-element-caption\">Claude Boufflet<\/figcaption><\/figure>\n\n\n\n<figure class=\"wp-block-image size-large\"><img decoding=\"async\" loading=\"lazy\" width=\"800\" height=\"600\" data-id=\"54060\"  data-src=\"https:\/\/www.creilsudoise-tourisme.fr\/wp-content\/uploads\/2024\/05\/Leon-Boufflet-ancien-maire-de-Saint-Maximin-\u00a9-Claude-Boufflet.jpg\" alt=\"Exploraci\u00f3n subterr\u00e1nea urbex saint-maximin oise Maison de la Pierre descubrimiento archivos familiares Claude Boufflet\" class=\"wp-image-54060\" data-srcset=\"https:\/\/www.creilsudoise-tourisme.fr\/wp-content\/uploads\/2024\/05\/Leon-Boufflet-ancien-maire-de-Saint-Maximin-\u00a9-Claude-Boufflet.jpg 800w, https:\/\/www.creilsudoise-tourisme.fr\/wp-content\/uploads\/2024\/05\/Leon-Boufflet-ancien-maire-de-Saint-Maximin-\u00a9-Claude-Boufflet-600x450.jpg 600w, https:\/\/www.creilsudoise-tourisme.fr\/wp-content\/uploads\/2024\/05\/Leon-Boufflet-ancien-maire-de-Saint-Maximin-\u00a9-Claude-Boufflet-16x12.jpg 16w, https:\/\/www.creilsudoise-tourisme.fr\/wp-content\/uploads\/2024\/05\/Leon-Boufflet-ancien-maire-de-Saint-Maximin-\u00a9-Claude-Boufflet-200x150.jpg 200w, https:\/\/www.creilsudoise-tourisme.fr\/wp-content\/uploads\/2024\/05\/Leon-Boufflet-ancien-maire-de-Saint-Maximin-\u00a9-Claude-Boufflet-650x488.jpg 650w, https:\/\/www.creilsudoise-tourisme.fr\/wp-content\/uploads\/2024\/05\/Leon-Boufflet-ancien-maire-de-Saint-Maximin-\u00a9-Claude-Boufflet-387x290.jpg 387w\" sizes=\"(max-width: 800px) 100vw, 800px\" \/><figcaption class=\"wp-element-caption\">Claude Boufflet<\/figcaption><\/figure>\n<\/figure>\n\n\n\n<p>Bajo las \u00f3rdenes de su padre,<strong> el joven Claude, al igual que sus compa\u00f1eros, recibi\u00f3 formaci\u00f3n in situ en las canteras<\/strong>Empez\u00f3 a trabajar la piedra a los 18 a\u00f1os: \"[...] <em>como camarero, fui donde estaba el trabajo<\/em> [...] \". Su trabajo consist\u00eda en desplazar los bloques de piedra despejados por los obreros, lo que exig\u00eda mucha precisi\u00f3n y meticulosidad: \"[...] <em>los trabajadores, en su mayor\u00eda portugueses, no contaban las horas porque cobraban por pieza y trabajaban a mano<\/em> [...] <em>si romp\u00eda el bloque al manipularlo, no tocaban nada, as\u00ed que ten\u00eda que estar muy atento <\/em>[...] \". A continuaci\u00f3n, los bloques pasan por las manos de aserradores y cortadores. Muy a menudo, <strong>Claude se encarga de las entregas, a veces hasta Deauville.<\/strong> Su <strong>d\u00edas largos, trabajo duro<\/strong>y su padre le hizo pasar un mal rato: \"[...]<em> no me pagaba horas extras, fue una educaci\u00f3n dif\u00edcil<\/em> [...]\", recuerda...<\/p>\n\n\n\n<figure class=\"wp-block-image size-full is-resized\"><img decoding=\"async\" loading=\"lazy\" data-src=\"https:\/\/www.creilsudoise-tourisme.fr\/wp-content\/uploads\/2024\/05\/Image-darchives-de-la-famille-Boufflet-\u00a9-Claude-Boufflet-3.jpg\" alt=\"Exploraci\u00f3n subterr\u00e1nea urbex saint-maximin oise Maison de la Pierre descubrimiento archivos familiares Claude Boufflet\" class=\"wp-image-54058\" width=\"805\" height=\"444\" data-srcset=\"https:\/\/www.creilsudoise-tourisme.fr\/wp-content\/uploads\/2024\/05\/Image-darchives-de-la-famille-Boufflet-\u00a9-Claude-Boufflet-3.jpg 706w, https:\/\/www.creilsudoise-tourisme.fr\/wp-content\/uploads\/2024\/05\/Image-darchives-de-la-famille-Boufflet-\u00a9-Claude-Boufflet-3-600x331.jpg 600w, https:\/\/www.creilsudoise-tourisme.fr\/wp-content\/uploads\/2024\/05\/Image-darchives-de-la-famille-Boufflet-\u00a9-Claude-Boufflet-3-18x10.jpg 18w, https:\/\/www.creilsudoise-tourisme.fr\/wp-content\/uploads\/2024\/05\/Image-darchives-de-la-famille-Boufflet-\u00a9-Claude-Boufflet-3-200x110.jpg 200w, https:\/\/www.creilsudoise-tourisme.fr\/wp-content\/uploads\/2024\/05\/Image-darchives-de-la-famille-Boufflet-\u00a9-Claude-Boufflet-3-650x358.jpg 650w, https:\/\/www.creilsudoise-tourisme.fr\/wp-content\/uploads\/2024\/05\/Image-darchives-de-la-famille-Boufflet-\u00a9-Claude-Boufflet-3-387x213.jpg 387w\" sizes=\"(max-width: 805px) 100vw, 805px\" \/><figcaption class=\"wp-element-caption\">Claude Boufflet<\/figcaption><\/figure>\n\n\n\n<h2>Rendir homenaje al trabajo de los hombres<\/h2>\n\n\n\n<p>Hoy en d\u00eda, si <strong>en los alrededores se sigue extrayendo piedra del sur del Oise<\/strong>Entre ellas, la construcci\u00f3n de edificios y la restauraci\u00f3n de monumentos como Notre-Dame,<strong> las t\u00e9cnicas han avanzado mucho<\/strong> : \" [...] <em>las m\u00e1quinas han tomado el relevo y el trabajo se ha vuelto menos exigente que antes<\/em> [...] <em>antes, ten\u00edas que encontrar la vena, despejar el bloqueo con un retractor manual <\/em>[...]<em> se acab\u00f3<\/em> [...] \".<\/p>\n\n\n\n<figure class=\"wp-block-image size-large\"><img decoding=\"async\" loading=\"lazy\" width=\"1200\" height=\"676\" data-src=\"https:\/\/www.creilsudoise-tourisme.fr\/wp-content\/uploads\/2024\/05\/Visite-historique-de-la-Maison-de-la-Pierre-1200x676.jpg\" alt=\"Exploraci\u00f3n subterr\u00e1nea urbex saint-maximin oise Maison de la Pierre descubrimiento archivos familiares Claude Boufflet\" class=\"wp-image-54112\" data-srcset=\"https:\/\/www.creilsudoise-tourisme.fr\/wp-content\/uploads\/2024\/05\/Visite-historique-de-la-Maison-de-la-Pierre-1200x676.jpg 1200w, https:\/\/www.creilsudoise-tourisme.fr\/wp-content\/uploads\/2024\/05\/Visite-historique-de-la-Maison-de-la-Pierre-600x338.jpg 600w, https:\/\/www.creilsudoise-tourisme.fr\/wp-content\/uploads\/2024\/05\/Visite-historique-de-la-Maison-de-la-Pierre-900x507.jpg 900w, https:\/\/www.creilsudoise-tourisme.fr\/wp-content\/uploads\/2024\/05\/Visite-historique-de-la-Maison-de-la-Pierre-1536x865.jpg 1536w, https:\/\/www.creilsudoise-tourisme.fr\/wp-content\/uploads\/2024\/05\/Visite-historique-de-la-Maison-de-la-Pierre-18x10.jpg 18w, https:\/\/www.creilsudoise-tourisme.fr\/wp-content\/uploads\/2024\/05\/Visite-historique-de-la-Maison-de-la-Pierre-200x113.jpg 200w, https:\/\/www.creilsudoise-tourisme.fr\/wp-content\/uploads\/2024\/05\/Visite-historique-de-la-Maison-de-la-Pierre-1600x900.jpg 1600w, https:\/\/www.creilsudoise-tourisme.fr\/wp-content\/uploads\/2024\/05\/Visite-historique-de-la-Maison-de-la-Pierre-650x366.jpg 650w, https:\/\/www.creilsudoise-tourisme.fr\/wp-content\/uploads\/2024\/05\/Visite-historique-de-la-Maison-de-la-Pierre-387x218.jpg 387w, https:\/\/www.creilsudoise-tourisme.fr\/wp-content\/uploads\/2024\/05\/Visite-historique-de-la-Maison-de-la-Pierre.jpg 1920w\" sizes=\"(max-width: 1200px) 100vw, 1200px\" \/><figcaption class=\"wp-element-caption\">La Maison de la Pierre organiza visitas hist\u00f3ricas a la cantera, con demostraciones de extracci\u00f3n a la antigua \u00a9 Creil Sud Oise Tourisme<\/figcaption><\/figure>\n\n\n\n<p><strong>Claude Boufflet, en v\u00edsperas de su 80 cumplea\u00f1os, trabaja junto al equipo de la Maison de la Pierre.<\/strong>Su jubilaci\u00f3n coincidi\u00f3 con la creaci\u00f3n y apertura del yacimiento en 2014. En el s\u00f3tano, los visitantes pueden recorrer un sendero subterr\u00e1neo y revivir los d\u00edas de gloria de la cantera de Parrain, que funcion\u00f3 entre 17<sup>\u00e8me<\/sup> y el comienzo de los 20<sup>\u00e8me<\/sup> siglo: \"[...] <em>todo el mundo tiene curiosidad por saber c\u00f3mo se extrajo la piedra <\/em>[...] <em>es un placer compartir mis conocimientos y experiencia con el p\u00fablico<\/em> [...]\", confiesa Claude, no sin cierta emoci\u00f3n.<\/p>\n\n\n\n<figure class=\"wp-block-image alignwide size-large\"><img decoding=\"async\" loading=\"lazy\" width=\"1200\" height=\"799\" data-src=\"https:\/\/www.creilsudoise-tourisme.fr\/wp-content\/uploads\/2024\/05\/Visite-de-la-Maison-de-la-PIerre-\u00a9-Smellinckx-Oise-Tourisme-2-1200x799.jpg\" alt=\"Exploraci\u00f3n subterr\u00e1nea urbex saint-maximin oise Maison de la Pierre descubrimiento archivos familiares Claude Boufflet\" class=\"wp-image-54045\" data-srcset=\"https:\/\/www.creilsudoise-tourisme.fr\/wp-content\/uploads\/2024\/05\/Visite-de-la-Maison-de-la-PIerre-\u00a9-Smellinckx-Oise-Tourisme-2-1200x799.jpg 1200w, https:\/\/www.creilsudoise-tourisme.fr\/wp-content\/uploads\/2024\/05\/Visite-de-la-Maison-de-la-PIerre-\u00a9-Smellinckx-Oise-Tourisme-2-600x400.jpg 600w, https:\/\/www.creilsudoise-tourisme.fr\/wp-content\/uploads\/2024\/05\/Visite-de-la-Maison-de-la-PIerre-\u00a9-Smellinckx-Oise-Tourisme-2-900x600.jpg 900w, https:\/\/www.creilsudoise-tourisme.fr\/wp-content\/uploads\/2024\/05\/Visite-de-la-Maison-de-la-PIerre-\u00a9-Smellinckx-Oise-Tourisme-2-18x12.jpg 18w, https:\/\/www.creilsudoise-tourisme.fr\/wp-content\/uploads\/2024\/05\/Visite-de-la-Maison-de-la-PIerre-\u00a9-Smellinckx-Oise-Tourisme-2-200x133.jpg 200w, https:\/\/www.creilsudoise-tourisme.fr\/wp-content\/uploads\/2024\/05\/Visite-de-la-Maison-de-la-PIerre-\u00a9-Smellinckx-Oise-Tourisme-2-650x433.jpg 650w, https:\/\/www.creilsudoise-tourisme.fr\/wp-content\/uploads\/2024\/05\/Visite-de-la-Maison-de-la-PIerre-\u00a9-Smellinckx-Oise-Tourisme-2-387x258.jpg 387w, https:\/\/www.creilsudoise-tourisme.fr\/wp-content\/uploads\/2024\/05\/Visite-de-la-Maison-de-la-PIerre-\u00a9-Smellinckx-Oise-Tourisme-2.jpg 1498w\" sizes=\"(max-width: 1200px) 100vw, 1200px\" \/><figcaption class=\"wp-element-caption\">Smellinckx Oise Tourisme<\/figcaption><\/figure>\n\n\n\n<h2>Mantener vivo el recuerdo de los lugares<\/h2>\n\n\n\n<p>En la cintura, <strong>se exponen las herramientas descubiertas por Claude<\/strong>. Es f\u00e1cil imaginar la <strong>condiciones de trabajo dif\u00edciles<\/strong>Todo gracias a Claude. Toma, gracias a Claude, <strong>se han conservado muchas huellas de la actividad humana<\/strong> : \" [...] <em>Tras el cierre de la cantera de Parrain en los a\u00f1os veinte, el lugar se utiliz\u00f3 para cultivar setas, de modo que durante la guerra, la poblaci\u00f3n de Saint-Maximin tambi\u00e9n se benefici\u00f3 de esta fuente de ingresos, protegi\u00e9ndose de los bombardeos bajo tierra.<\/em> [...]\", explica mientras pasa junto a viejas camas oxidadas o cajas que contienen un sustrato desmenuzable...<\/p>\n\n\n\n<figure class=\"is-layout-flex wp-block-gallery-10 wp-block-gallery has-nested-images columns-default is-cropped\">\n<figure class=\"wp-block-image size-large\"><img decoding=\"async\" loading=\"lazy\" width=\"800\" height=\"531\" data-id=\"54055\"  data-src=\"https:\/\/www.creilsudoise-tourisme.fr\/wp-content\/uploads\/2024\/05\/Exploration-\u00a9-Claude-Boufflet-5.jpg\" alt=\"Exploraci\u00f3n subterr\u00e1nea urbex saint-maximin oise Maison de la Pierre descubrimiento archivos familiares Claude Boufflet\" class=\"wp-image-54055\" data-srcset=\"https:\/\/www.creilsudoise-tourisme.fr\/wp-content\/uploads\/2024\/05\/Exploration-\u00a9-Claude-Boufflet-5.jpg 800w, https:\/\/www.creilsudoise-tourisme.fr\/wp-content\/uploads\/2024\/05\/Exploration-\u00a9-Claude-Boufflet-5-600x398.jpg 600w, https:\/\/www.creilsudoise-tourisme.fr\/wp-content\/uploads\/2024\/05\/Exploration-\u00a9-Claude-Boufflet-5-18x12.jpg 18w, https:\/\/www.creilsudoise-tourisme.fr\/wp-content\/uploads\/2024\/05\/Exploration-\u00a9-Claude-Boufflet-5-200x133.jpg 200w, https:\/\/www.creilsudoise-tourisme.fr\/wp-content\/uploads\/2024\/05\/Exploration-\u00a9-Claude-Boufflet-5-650x431.jpg 650w, https:\/\/www.creilsudoise-tourisme.fr\/wp-content\/uploads\/2024\/05\/Exploration-\u00a9-Claude-Boufflet-5-387x257.jpg 387w\" sizes=\"(max-width: 800px) 100vw, 800px\" \/><figcaption class=\"wp-element-caption\">Claude Boufflet<\/figcaption><\/figure>\n<figcaption class=\"blocks-gallery-caption wp-element-caption\">En 2017, <a href=\"https:\/\/www.leparisien.fr\/oise-60\/saint-maximin-l-etonnante-decouverte-d-un-abri-de-la-seconde-guerre-mondiale-13-12-2017-7450776.php\" target=\"_blank\" rel=\"noreferrer noopener\">Claude descubre una carrera congelada en el tiempo desde la Segunda Guerra Mundial<\/a>. En el interior: armazones de cama utilizados por los refugiados de Saint-Maximinois.<\/figcaption><\/figure>\n\n\n\n<p>Haciendo una pausa, Claude nos invita de repente a mirar hacia arriba. <strong>All\u00ed, en el cielo de la cantera de Parrain, se ven unas letras.<\/strong> El halo de su l\u00e1mpara tiembla un poco. \" <em>L\u00e9on Boufflet<\/em> \"Claude continu\u00f3 diciendo: \"[...] <em>cuando descubr\u00ed estas cartas trazadas por mi abuelo, me hizo algo<\/em> [...] \".<\/p>\n\n\n\n<figure class=\"wp-block-image size-full\"><img decoding=\"async\" loading=\"lazy\" width=\"800\" height=\"552\" data-src=\"https:\/\/www.creilsudoise-tourisme.fr\/wp-content\/uploads\/2024\/05\/Exploration-\u00a9-Claude-Boufflet-2.jpg\" alt=\"Exploraci\u00f3n subterr\u00e1nea urbex saint-maximin oise Maison de la Pierre descubrimiento archivos familiares Claude Boufflet\" class=\"wp-image-54056\" data-srcset=\"https:\/\/www.creilsudoise-tourisme.fr\/wp-content\/uploads\/2024\/05\/Exploration-\u00a9-Claude-Boufflet-2.jpg 800w, https:\/\/www.creilsudoise-tourisme.fr\/wp-content\/uploads\/2024\/05\/Exploration-\u00a9-Claude-Boufflet-2-600x414.jpg 600w, https:\/\/www.creilsudoise-tourisme.fr\/wp-content\/uploads\/2024\/05\/Exploration-\u00a9-Claude-Boufflet-2-18x12.jpg 18w, https:\/\/www.creilsudoise-tourisme.fr\/wp-content\/uploads\/2024\/05\/Exploration-\u00a9-Claude-Boufflet-2-200x138.jpg 200w, https:\/\/www.creilsudoise-tourisme.fr\/wp-content\/uploads\/2024\/05\/Exploration-\u00a9-Claude-Boufflet-2-650x449.jpg 650w, https:\/\/www.creilsudoise-tourisme.fr\/wp-content\/uploads\/2024\/05\/Exploration-\u00a9-Claude-Boufflet-2-387x267.jpg 387w\" sizes=\"(max-width: 800px) 100vw, 800px\" \/><figcaption class=\"wp-element-caption\">Claude Boufflet<\/figcaption><\/figure>\n\n\n\n<p>En el silencio de la cantera subterr\u00e1nea, iluminada por una tenue luz, <strong>Claude cuenta c\u00f3mo su hijo S\u00e9bastien y su nieto Anthony se han turnado para explorar las canteras.<\/strong>y otros entusiastas a su paso. <strong>Lo que nace de la piedra nunca parece pasar...<\/strong><\/p>\n\n\n\n<div class=\"is-layout-flex wp-container-15 wp-block-columns\">\n<div class=\"is-layout-flow wp-block-column\" style=\"flex-basis:25%\">\n<figure class=\"wp-block-image size-full\"><img decoding=\"async\" loading=\"lazy\" width=\"350\" height=\"350\" data-src=\"https:\/\/www.creilsudoise-tourisme.fr\/wp-content\/uploads\/2024\/02\/celine-weissier-portrait-edited.jpg\" alt=\"C\u00e9line Weissier Les mots \u00e0 la page bi\u00f3grafo editor\" class=\"wp-image-52484\" data-srcset=\"https:\/\/www.creilsudoise-tourisme.fr\/wp-content\/uploads\/2024\/02\/celine-weissier-portrait-edited.jpg 350w, https:\/\/www.creilsudoise-tourisme.fr\/wp-content\/uploads\/2024\/02\/celine-weissier-portrait-edited-300x300.jpg 300w, https:\/\/www.creilsudoise-tourisme.fr\/wp-content\/uploads\/2024\/02\/celine-weissier-portrait-edited-12x12.jpg 12w, https:\/\/www.creilsudoise-tourisme.fr\/wp-content\/uploads\/2024\/02\/celine-weissier-portrait-edited-200x200.jpg 200w\" sizes=\"(max-width: 350px) 100vw, 350px\" \/><figcaption class=\"wp-element-caption\">C\u00e9line Weissier<\/figcaption><\/figure>\n<\/div>\n\n\n\n<div class=\"is-layout-flow wp-block-column\" style=\"flex-basis:50%\">\n<p><strong>C\u00e9line Weissier<\/strong> &#8211; <a href=\"https:\/\/celineweissier.fr\/\" target=\"_blank\" rel=\"noreferrer noopener\">Palabras en la p\u00e1gina<\/a><\/p>\n<\/div>\n\n\n\n<div class=\"is-layout-flow wp-block-column\" style=\"flex-basis:25%\"><\/div>\n<\/div>\n\n\n\n<hr class=\"wp-block-separator has-alpha-channel-opacity\"\/>\n\n\n\n<h2>Visite la Maison de la Pierre<\/h2>\n\n\n\n<figure class=\"wp-block-embed is-type-video is-provider-youtube wp-block-embed-youtube wp-embed-aspect-16-9 wp-has-aspect-ratio\"><div class=\"wp-block-embed__wrapper\">\n<iframe loading=\"lazy\" title=\"[LES INCONTOURNABLES] La casa de piedra de Saint-Maximin | Creil Sud Oise Tourisme\" width=\"500\" height=\"281\" data-src=\"https:\/\/www.youtube.com\/embed\/Nx6Uz5neMS8?start=2&#038;feature=oembed\" frameborder=\"0\" allow=\"accelerometer; autoplay; clipboard-write; encrypted-media; gyroscope; picture-in-picture; web-share\" referrerpolicy=\"strict-origin-when-cross-origin\" allowfullscreen><\/iframe>\n<\/div><\/figure>\n\n\n<div data-related-sit=\"1\" data-block-type=\"related-sit-gt\" data-block-id=\"wpet-sit-2f80b9u914o\"><div class=\"wp-block wp-block-related-post wp-block-related-list-sit alignfull\">\n    \n    <div class=\"container\">\n\n                    <h2 class=\"wp-block-related-post-title\">Actualmente en el programa<\/h2>\n        \n                    <div id=\"wpiris-related-post-135\" data-id=\"wpiris-entity-slider\">\n                <div class=\"wp-block-related-post-list wp-block-related-post-list--14\" data-id=\"wpiris-entity-slider-wrapper\">\n\n                    \n<div class=\"entityItem\" data-trigger=\"wpiris-click\" data-id=\"wpiris-entity-slider-item\">\n    <p class=\"entityItemThumbnail\">\n        <a href=\"https:\/\/www.creilsudoise-tourisme.fr\/es\/agenda-animations\/curso-de-vidrieras-3\/\" nofancybox>\n            <img data-src=\"https:\/\/www.creilsudoise-tourisme.fr\/wp-content\/uploads\/wpetourisme\/Creez-votre-vitrail-275x350.png\" alt=\"Pr\u00e1cticas | Vidrieras\">\n        <\/a>\n    <\/p>\n    <div class=\"entityItemContent\">\n        <h2 class=\"entityItemContentTitle\">\n            <a href=\"https:\/\/www.creilsudoise-tourisme.fr\/es\/agenda-animations\/curso-de-vidrieras-3\/\">Pr\u00e1cticas | Vidrieras<\/a>\n        <\/h2>\n                    <p class=\"entityItemContentType\">Festivales y eventos<\/p>\n            <\/div>\n    <a href=\"https:\/\/www.creilsudoise-tourisme.fr\/es\/agenda-animations\/curso-de-vidrieras-3\/\" class=\"seeMore\"><span class=\"sr-only\">M\u00e1s informaci\u00f3n<\/span><\/a>\n<\/div>\n\n<div class=\"entityItem\" data-trigger=\"wpiris-click\" data-id=\"wpiris-entity-slider-item\">\n    <p class=\"entityItemThumbnail\">\n        <a href=\"https:\/\/www.creilsudoise-tourisme.fr\/es\/agenda-animations\/iniciacion-litoterapia-3-2\/\" nofancybox>\n            <img data-src=\"https:\/\/www.creilsudoise-tourisme.fr\/wp-content\/uploads\/wpetourisme\/Fabriquez-votre-bijou-275x350.png\" alt=\"Taller sobre litoterapia\">\n        <\/a>\n    <\/p>\n    <div class=\"entityItemContent\">\n        <h2 class=\"entityItemContentTitle\">\n            <a href=\"https:\/\/www.creilsudoise-tourisme.fr\/es\/agenda-animations\/iniciacion-litoterapia-3-2\/\">Taller sobre litoterapia<\/a>\n        <\/h2>\n                    <p class=\"entityItemContentType\">Festivales y eventos<\/p>\n            <\/div>\n    <a href=\"https:\/\/www.creilsudoise-tourisme.fr\/es\/agenda-animations\/iniciacion-litoterapia-3-2\/\" class=\"seeMore\"><span class=\"sr-only\">M\u00e1s informaci\u00f3n<\/span><\/a>\n<\/div>\n\n<div class=\"entityItem\" data-trigger=\"wpiris-click\" data-id=\"wpiris-entity-slider-item\">\n    <p class=\"entityItemThumbnail\">\n        <a href=\"https:\/\/www.creilsudoise-tourisme.fr\/es\/agenda-animations\/stage-ceramique-2\/\" nofancybox>\n            <img data-src=\"https:\/\/www.creilsudoise-tourisme.fr\/wp-content\/uploads\/wpetourisme\/Faconnez-votre-ceramique-275x350.png\" alt=\"Pr\u00e1cticas | Cer\u00e1mica\">\n        <\/a>\n    <\/p>\n    <div class=\"entityItemContent\">\n        <h2 class=\"entityItemContentTitle\">\n            <a href=\"https:\/\/www.creilsudoise-tourisme.fr\/es\/agenda-animations\/stage-ceramique-2\/\">Pr\u00e1cticas | Cer\u00e1mica<\/a>\n        <\/h2>\n                    <p class=\"entityItemContentType\">Festivales y eventos<\/p>\n            <\/div>\n    <a href=\"https:\/\/www.creilsudoise-tourisme.fr\/es\/agenda-animations\/stage-ceramique-2\/\" class=\"seeMore\"><span class=\"sr-only\">M\u00e1s informaci\u00f3n<\/span><\/a>\n<\/div>\n\n<div class=\"entityItem\" data-trigger=\"wpiris-click\" data-id=\"wpiris-entity-slider-item\">\n    <p class=\"entityItemThumbnail\">\n        <a href=\"https:\/\/www.creilsudoise-tourisme.fr\/es\/agenda-animations\/les-relais-de-lacso\/\" nofancybox>\n            <img data-src=\"https:\/\/www.creilsudoise-tourisme.fr\/wp-content\/uploads\/wpetourisme\/relais-de-l-ACSO-2026-700x700px-275x350.jpg\" alt=\"Los relevos de la ACSO\">\n        <\/a>\n    <\/p>\n    <div class=\"entityItemContent\">\n        <h2 class=\"entityItemContentTitle\">\n            <a href=\"https:\/\/www.creilsudoise-tourisme.fr\/es\/agenda-animations\/les-relais-de-lacso\/\">Los relevos de la ACSO<\/a>\n        <\/h2>\n                    <p class=\"entityItemContentType\">Festivales y eventos<\/p>\n            <\/div>\n    <a href=\"https:\/\/www.creilsudoise-tourisme.fr\/es\/agenda-animations\/les-relais-de-lacso\/\" class=\"seeMore\"><span class=\"sr-only\">M\u00e1s informaci\u00f3n<\/span><\/a>\n<\/div>\n\n<div class=\"entityItem\" data-trigger=\"wpiris-click\" data-id=\"wpiris-entity-slider-item\">\n    <p class=\"entityItemThumbnail\">\n        <a href=\"https:\/\/www.creilsudoise-tourisme.fr\/es\/agenda-animations\/stage-mosaique-4\/\" nofancybox>\n            <img data-src=\"https:\/\/www.creilsudoise-tourisme.fr\/wp-content\/uploads\/wpetourisme\/1000063457-275x350.jpg\" alt=\"Taller | Mosaico\">\n        <\/a>\n    <\/p>\n    <div class=\"entityItemContent\">\n        <h2 class=\"entityItemContentTitle\">\n            <a href=\"https:\/\/www.creilsudoise-tourisme.fr\/es\/agenda-animations\/stage-mosaique-4\/\">Taller | Mosaico<\/a>\n        <\/h2>\n                    <p class=\"entityItemContentType\">Festivales y eventos<\/p>\n            <\/div>\n    <a href=\"https:\/\/www.creilsudoise-tourisme.fr\/es\/agenda-animations\/stage-mosaique-4\/\" class=\"seeMore\"><span class=\"sr-only\">M\u00e1s informaci\u00f3n<\/span><\/a>\n<\/div>\n\n<div class=\"entityItem\" data-trigger=\"wpiris-click\" data-id=\"wpiris-entity-slider-item\">\n    <p class=\"entityItemThumbnail\">\n        <a href=\"https:\/\/www.creilsudoise-tourisme.fr\/es\/agenda-animations\/stage-mosaique-2\/\" nofancybox>\n            <img data-src=\"https:\/\/www.creilsudoise-tourisme.fr\/wp-content\/uploads\/wpetourisme\/1000063457-275x350.jpg\" alt=\"Taller | Mosaico\">\n        <\/a>\n    <\/p>\n    <div class=\"entityItemContent\">\n        <h2 class=\"entityItemContentTitle\">\n            <a href=\"https:\/\/www.creilsudoise-tourisme.fr\/es\/agenda-animations\/stage-mosaique-2\/\">Taller | Mosaico<\/a>\n        <\/h2>\n                    <p class=\"entityItemContentType\">Festivales y eventos<\/p>\n            <\/div>\n    <a href=\"https:\/\/www.creilsudoise-tourisme.fr\/es\/agenda-animations\/stage-mosaique-2\/\" class=\"seeMore\"><span class=\"sr-only\">M\u00e1s informaci\u00f3n<\/span><\/a>\n<\/div>\n\n<div class=\"entityItem\" data-trigger=\"wpiris-click\" data-id=\"wpiris-entity-slider-item\">\n    <p class=\"entityItemThumbnail\">\n        <a href=\"https:\/\/www.creilsudoise-tourisme.fr\/es\/agenda-animations\/atelier-lithotherapie-2\/\" nofancybox>\n            <img data-src=\"https:\/\/www.creilsudoise-tourisme.fr\/wp-content\/uploads\/wpetourisme\/Fabriquez-votre-bijou-275x350.png\" alt=\"Taller sobre litoterapia\">\n        <\/a>\n    <\/p>\n    <div class=\"entityItemContent\">\n        <h2 class=\"entityItemContentTitle\">\n            <a href=\"https:\/\/www.creilsudoise-tourisme.fr\/es\/agenda-animations\/atelier-lithotherapie-2\/\">Taller sobre litoterapia<\/a>\n        <\/h2>\n                    <p class=\"entityItemContentType\">Festivales y eventos<\/p>\n            <\/div>\n    <a href=\"https:\/\/www.creilsudoise-tourisme.fr\/es\/agenda-animations\/atelier-lithotherapie-2\/\" class=\"seeMore\"><span class=\"sr-only\">M\u00e1s informaci\u00f3n<\/span><\/a>\n<\/div>\n\n<div class=\"entityItem\" data-trigger=\"wpiris-click\" data-id=\"wpiris-entity-slider-item\">\n    <p class=\"entityItemThumbnail\">\n        <a href=\"https:\/\/www.creilsudoise-tourisme.fr\/es\/agenda-animations\/stage-mosaique-3\/\" nofancybox>\n            <img data-src=\"https:\/\/www.creilsudoise-tourisme.fr\/wp-content\/uploads\/wpetourisme\/1000063457-275x350.jpg\" alt=\"Taller | Mosaico\">\n        <\/a>\n    <\/p>\n    <div class=\"entityItemContent\">\n        <h2 class=\"entityItemContentTitle\">\n            <a href=\"https:\/\/www.creilsudoise-tourisme.fr\/es\/agenda-animations\/stage-mosaique-3\/\">Taller | Mosaico<\/a>\n        <\/h2>\n                    <p class=\"entityItemContentType\">Festivales y eventos<\/p>\n            <\/div>\n    <a href=\"https:\/\/www.creilsudoise-tourisme.fr\/es\/agenda-animations\/stage-mosaique-3\/\" class=\"seeMore\"><span class=\"sr-only\">M\u00e1s informaci\u00f3n<\/span><\/a>\n<\/div>\n\n<div class=\"entityItem\" data-trigger=\"wpiris-click\" data-id=\"wpiris-entity-slider-item\">\n    <p class=\"entityItemThumbnail\">\n        <a href=\"https:\/\/www.creilsudoise-tourisme.fr\/es\/agenda-animations\/fiestas-de-navidad-taller-de-vidrieras\/\" nofancybox>\n            <img data-src=\"https:\/\/www.creilsudoise-tourisme.fr\/wp-content\/uploads\/wpetourisme\/Noel---Post-FB-Insta-2-275x350.jpg\" alt=\"Fiestas de Navidad | Taller de vidrieras\">\n        <\/a>\n    <\/p>\n    <div class=\"entityItemContent\">\n        <h2 class=\"entityItemContentTitle\">\n            <a href=\"https:\/\/www.creilsudoise-tourisme.fr\/es\/agenda-animations\/fiestas-de-navidad-taller-de-vidrieras\/\">Fiestas de Navidad | Taller de vidrieras<\/a>\n        <\/h2>\n                    <p class=\"entityItemContentType\">Festivales y eventos<\/p>\n            <\/div>\n    <a href=\"https:\/\/www.creilsudoise-tourisme.fr\/es\/agenda-animations\/fiestas-de-navidad-taller-de-vidrieras\/\" class=\"seeMore\"><span class=\"sr-only\">M\u00e1s informaci\u00f3n<\/span><\/a>\n<\/div>\n\n<div class=\"entityItem\" data-trigger=\"wpiris-click\" data-id=\"wpiris-entity-slider-item\">\n    <p class=\"entityItemThumbnail\">\n        <a href=\"https:\/\/www.creilsudoise-tourisme.fr\/es\/agenda-animations\/curso-arte-de-ceramica-ninos-3-2\/\" nofancybox>\n            <img data-src=\"https:\/\/www.creilsudoise-tourisme.fr\/wp-content\/uploads\/wpetourisme\/Faconnez-votre-ceramique-275x350.png\" alt=\"Pr\u00e1cticas | Cer\u00e1mica\">\n        <\/a>\n    <\/p>\n    <div class=\"entityItemContent\">\n        <h2 class=\"entityItemContentTitle\">\n            <a href=\"https:\/\/www.creilsudoise-tourisme.fr\/es\/agenda-animations\/curso-arte-de-ceramica-ninos-3-2\/\">Pr\u00e1cticas | Cer\u00e1mica<\/a>\n        <\/h2>\n                    <p class=\"entityItemContentType\">Festivales y eventos<\/p>\n            <\/div>\n    <a href=\"https:\/\/www.creilsudoise-tourisme.fr\/es\/agenda-animations\/curso-arte-de-ceramica-ninos-3-2\/\" class=\"seeMore\"><span class=\"sr-only\">M\u00e1s informaci\u00f3n<\/span><\/a>\n<\/div>\n\n<div class=\"entityItem\" data-trigger=\"wpiris-click\" data-id=\"wpiris-entity-slider-item\">\n    <p class=\"entityItemThumbnail\">\n        <a href=\"https:\/\/www.creilsudoise-tourisme.fr\/es\/agenda-animations\/stage-vitrail-5\/\" nofancybox>\n            <img data-src=\"https:\/\/www.creilsudoise-tourisme.fr\/wp-content\/uploads\/wpetourisme\/Creez-votre-vitrail-275x350.png\" alt=\"Pr\u00e1cticas | Vidrieras\">\n        <\/a>\n    <\/p>\n    <div class=\"entityItemContent\">\n        <h2 class=\"entityItemContentTitle\">\n            <a href=\"https:\/\/www.creilsudoise-tourisme.fr\/es\/agenda-animations\/stage-vitrail-5\/\">Pr\u00e1cticas | Vidrieras<\/a>\n        <\/h2>\n                    <p class=\"entityItemContentType\">Festivales y eventos<\/p>\n            <\/div>\n    <a href=\"https:\/\/www.creilsudoise-tourisme.fr\/es\/agenda-animations\/stage-vitrail-5\/\" class=\"seeMore\"><span class=\"sr-only\">M\u00e1s informaci\u00f3n<\/span><\/a>\n<\/div>\n\n<div class=\"entityItem\" data-trigger=\"wpiris-click\" data-id=\"wpiris-entity-slider-item\">\n    <p class=\"entityItemThumbnail\">\n        <a href=\"https:\/\/www.creilsudoise-tourisme.fr\/es\/agenda-animations\/stage-vitrail-6\/\" nofancybox>\n            <img data-src=\"https:\/\/www.creilsudoise-tourisme.fr\/wp-content\/uploads\/wpetourisme\/Creez-votre-vitrail-275x350.png\" alt=\"Pr\u00e1cticas | Vidrieras\">\n        <\/a>\n    <\/p>\n    <div class=\"entityItemContent\">\n        <h2 class=\"entityItemContentTitle\">\n            <a href=\"https:\/\/www.creilsudoise-tourisme.fr\/es\/agenda-animations\/stage-vitrail-6\/\">Pr\u00e1cticas | Vidrieras<\/a>\n        <\/h2>\n                    <p class=\"entityItemContentType\">Festivales y eventos<\/p>\n            <\/div>\n    <a href=\"https:\/\/www.creilsudoise-tourisme.fr\/es\/agenda-animations\/stage-vitrail-6\/\" class=\"seeMore\"><span class=\"sr-only\">M\u00e1s informaci\u00f3n<\/span><\/a>\n<\/div>\n\n<div class=\"entityItem\" data-trigger=\"wpiris-click\" data-id=\"wpiris-entity-slider-item\">\n    <p class=\"entityItemThumbnail\">\n        <a href=\"https:\/\/www.creilsudoise-tourisme.fr\/es\/agenda-animations\/stage-vitrail-4\/\" nofancybox>\n            <img data-src=\"https:\/\/www.creilsudoise-tourisme.fr\/wp-content\/uploads\/wpetourisme\/Creez-votre-vitrail-275x350.png\" alt=\"Pr\u00e1cticas | Vidrieras\">\n        <\/a>\n    <\/p>\n    <div class=\"entityItemContent\">\n        <h2 class=\"entityItemContentTitle\">\n            <a href=\"https:\/\/www.creilsudoise-tourisme.fr\/es\/agenda-animations\/stage-vitrail-4\/\">Pr\u00e1cticas | Vidrieras<\/a>\n        <\/h2>\n                    <p class=\"entityItemContentType\">Festivales y eventos<\/p>\n            <\/div>\n    <a href=\"https:\/\/www.creilsudoise-tourisme.fr\/es\/agenda-animations\/stage-vitrail-4\/\" class=\"seeMore\"><span class=\"sr-only\">M\u00e1s informaci\u00f3n<\/span><\/a>\n<\/div>\n\n<div class=\"entityItem\" data-trigger=\"wpiris-click\" data-id=\"wpiris-entity-slider-item\">\n    <p class=\"entityItemThumbnail\">\n        <a href=\"https:\/\/www.creilsudoise-tourisme.fr\/es\/agenda-animations\/stage-vitrail-2\/\" nofancybox>\n            <img data-src=\"https:\/\/www.creilsudoise-tourisme.fr\/wp-content\/uploads\/wpetourisme\/Creez-votre-vitrail-275x350.png\" alt=\"Pr\u00e1cticas | Vidrieras\">\n        <\/a>\n    <\/p>\n    <div class=\"entityItemContent\">\n        <h2 class=\"entityItemContentTitle\">\n            <a href=\"https:\/\/www.creilsudoise-tourisme.fr\/es\/agenda-animations\/stage-vitrail-2\/\">Pr\u00e1cticas | Vidrieras<\/a>\n        <\/h2>\n                    <p class=\"entityItemContentType\">Festivales y eventos<\/p>\n            <\/div>\n    <a href=\"https:\/\/www.creilsudoise-tourisme.fr\/es\/agenda-animations\/stage-vitrail-2\/\" class=\"seeMore\"><span class=\"sr-only\">M\u00e1s informaci\u00f3n<\/span><\/a>\n<\/div>\n                <\/div>\n\n                \n<div class=\"sliderNav\">\n    <div class=\"sliderNavWrapper\">\n        <p class=\"swiperArrow swiperArrow--next\" data-trigger=\"swiper-next\">\n            <span class=\"sr-only\">Siguiente<\/span>\n        <\/p>\n        <p class=\"swiperArrow swiperArrow--prev\" data-trigger=\"swiper-prev\">\n            <span class=\"sr-only\">Anterior<\/span>\n        <\/p>\n    <\/div>\n<\/div>\n            <\/div>\n            <\/div>\n<\/div><\/div>\n\n\n<div class=\"wp-block wp-block-single-sit wp-block-single-sit-coordonnees\" >\n\n            <h2>Acceda a<\/h2>\n    \n    <div class=\"wp-block-media-text is-stacked-on-mobile\">\n\n        <div class=\"wp-block-media-text__media wpet-map-detail\" style=\"width:100%; height: 100%;\">\n            <div class=\"wp-block-media-text__media__content\" id=\"wpetSingleSitMap\" data-wpet-type-map=\"leaflet\" ><\/div>\n        <\/div>\n\n        <div class=\"wp-block-media-text__content\">\n\n                            <p class=\"wp-block-coordonnees__status wp-block-coordonnees__status--close\">\n                    Cerrado                <\/p>\n            \n            <p class=\"wp-block-media-text__content__address\">\n                                    <strong>Casa de piedra<\/strong><br \/>\n                \n                                    Calle Jean Jaur\u00e8s, 22<br \/>\n                \n                                    <span>60740<\/span>\n                    <span>SAINT-MAXIMIN<\/span><br \/>\n                            <\/p>\n\n                                                <p class=\"wp-block-media-text__content__phone\"><a data-type=\"TEL\" href=\"tel: 33 3 44 61 18 54\">+33 3 44 61 18 54<\/a><\/p>\n                            \n            <a href=\"https:\/\/www.google.fr\/maps?saddr&#038;daddr=49.2224151,2.4444556\" target=\"_blank\" class=\"button GtmButtonCalculItinerairePrestataire\" rel=\"noopener noreferrer\">Calcular mi ruta<\/a>\n        <\/div>\n    <\/div>\n<\/div>\n\n\n    <div class=\"wp-block wp-block-single-sit wp-block-single-sit-ouvertures\" id=\"opening\">\n\n                    <h2>Apertura<\/h2>\n        \n        \t<div class=\"wpetTableList\" >\n                <div data-id=\"wpet-table-slider-wrapper\">\n\t\t    \t\t\t\t\t\t<div class=\"wpetTableContainer\" >\n\t\t\t\t<table class=\"wpetTable wpTable--opening\">\n\t\t\t\t\t<thead class=\"wpetTableHeader\">\n\t\t\t\t\t<tr>\n\t\t\t\t\t\t<td colspan=\"2\">\n\t\t\t\t\t\t\t\t\t\t\t\t\t\t\tDu 01 enero au 30 junio\t\t\t\t\t\t\t\t\t\t\t\t\t<\/td>\n\t\t\t\t\t<\/tr>\n\t\t\t\t\t<\/thead>\n\t\t\t\t\t\t\t\t\t\t\t\t\t\t\t\t\t\t<tr class=\"wpetTableLine\">\n\t\t\t\t\t\t\t\t<td class=\"wpetTableCell\">Lunes<\/td>\n\t\t\t\t\t\t\t\t<td class=\"wpetTableCell\">Cerrado<\/td>\n\t\t\t\t\t\t\t<\/tr>\n\t\t\t\t\t\t\t\t\t\t\t\t\t\t\t\t\t\t\t\t\t\t\t\t<tr class=\"wpetTableLine\">\n\t\t\t\t\t\t\t\t<td class=\"wpetTableCell\">Martes<\/td>\n\t\t\t\t\t\t\t\t<td class=\"wpetTableCell\">Cerrado<\/td>\n\t\t\t\t\t\t\t<\/tr>\n\t\t\t\t\t\t\t\t\t\t\t\t\t\t\t\t\t\t\t\t\t\t\t\t<tr class=\"wpetTableLine\">\n\t\t\t\t\t\t\t\t<td class=\"wpetTableCell\">Mi\u00e9rcoles<\/td>\n\t\t\t\t\t\t\t\t<td class=\"wpetTableCell\">Cerrado<\/td>\n\t\t\t\t\t\t\t<\/tr>\n\t\t\t\t\t\t\t\t\t\t\t\t\t\t\t\t\t\t\t\t\t\t\t\t<tr class=\"wpetTableLine\">\n\t\t\t\t\t\t\t\t<td class=\"wpetTableCell\">Jueves<\/td>\n\t\t\t\t\t\t\t\t<td class=\"wpetTableCell\">Cerrado<\/td>\n\t\t\t\t\t\t\t<\/tr>\n\t\t\t\t\t\t\t\t\t\t\t\t\t\t\t\t\t\t\t\t\t\t\t\t<tr class=\"wpetTableLine\">\n\t\t\t\t\t\t\t\t<td class=\"wpetTableCell\">Viernes<\/td>\n\t\t\t\t\t\t\t\t<td class=\"wpetTableCell\">Cerrado<\/td>\n\t\t\t\t\t\t\t<\/tr>\n\t\t\t\t\t\t\t\t\t\t\t\t\t\t\t\t\t\t\t\t\t\t\t\t<tr class=\"wpetTableLine\">\n\t\t\t\t\t\t\t\t<td class=\"wpetTableCell\">S\u00e1bado<\/td>\n\t\t\t\t\t\t\t\t<td class=\"wpetTableCell\">Cerrado<\/td>\n\t\t\t\t\t\t\t<\/tr>\n\t\t\t\t\t\t\t\t\t\t\t\t\t\t\t\t\t\t\t\t\t\t\t\t<tr class=\"wpetTableLine\">\n\t\t\t\t\t\t\t\t<td class=\"wpetTableCell\">Domingo<\/td>\n\t\t\t\t\t\t\t\t<td class=\"wpetTableCell\">Cerrado<\/td>\n\t\t\t\t\t\t\t<\/tr>\n\t\t\t\t\t\t\t\t\t\t\t\t\t\t\t<\/table>\n\t\t\t<\/div>\n\t\t        <\/div>\n\t<\/div>\n\n    <\/div>\n\n\n\n    <div class=\"wp-block wp-block-single-sit wp-block-single-sit-tarifs\">\n\n                    <h2>Tarifas<\/h2>\n        \n        \n    <table class=\"wpetTable\">\n                    <tr class=\"wpetTableLine\">\n                <td class=\"wpetTableCell\">\n                    Tasa de adultos                                            <span class=\"wpetTableCell--complement entryMeta\">Visita guiada a la cantera subterr\u00e1nea<\/span>\n                                    <\/td>\n                <td class=\"wpetTableCell\">7 \u20ac<\/td>\n            <\/tr>\n                    <tr class=\"wpetTableLine\">\n                <td class=\"wpetTableCell\">\n                    Otras tarifas                                            <span class=\"wpetTableCell--complement entryMeta\">tarif \u00e0 partir de&#8230; pour les stages artistiques<\/span>\n                                    <\/td>\n                <td class=\"wpetTableCell\">31 \u20ac<\/td>\n            <\/tr>\n                    <tr class=\"wpetTableLine\">\n                <td class=\"wpetTableCell\">\n                    Tarifa reducida para adultos                                            <span class=\"wpetTableCell--complement entryMeta\">Visita guiada Residentes ACSO, Desempleados, Discapacitados<\/span>\n                                    <\/td>\n                <td class=\"wpetTableCell\">5 \u20ac<\/td>\n            <\/tr>\n                    <tr class=\"wpetTableLine\">\n                <td class=\"wpetTableCell\">\n                    Tarifa infantil                                            <span class=\"wpetTableCell--complement entryMeta\">Visita guiada a la cantera subterr\u00e1nea 5-17 a\u00f1os<\/span>\n                                    <\/td>\n                <td class=\"wpetTableCell\">5 \u20ac<\/td>\n            <\/tr>\n            <\/table>\n\n\n    \n    \n    \n    \n    <\/div>\n\n\n\n\n<hr class=\"wp-block-separator has-alpha-channel-opacity\"\/>\n\n\n<div class=\"wp-block wp-block-highlight\">\n            <h3 class=\"wp-block-highlight-item wp-block-highlight-title\">\u00bfQuiere saber m\u00e1s?<\/h3>\n                <p class=\"wp-block-highlight-item wp-block-highlight-excerpt\">Este hermoso reportaje se ha escrito coincidiendo con el lanzamiento del nuevo<strong> Creil Sud Oise Tourisme, primera revista de destino<\/strong>.<br>En el interior, n<strong>uchos otros art\u00edculos<\/strong> te llevar\u00e1 a conocer <strong>cifras locales<\/strong> y ofrecer <strong>ideas para salir<\/strong><br><strong>Pedido en<\/strong> para recibirlo en papel.<br><strong><a href=\"https:\/\/www.creilsudoise-tourisme.fr\/es\/practica\/folletos\/\" target=\"_blank\" rel=\"noreferrer noopener\">Haga clic aqu\u00ed para realizar el pedido<\/a><\/strong><\/p>\n    <\/div>","protected":false},"excerpt":{"rendered":"<p>En Saint-Maximin, a pocos kil\u00f3metros de Chantilly, la Maison de la Pierre cuenta la historia de mil a\u00f1os de canter\u00eda, poco conocida por el gran p\u00fablico. Hoy en d\u00eda, la reputaci\u00f3n de la piedra de la regi\u00f3n va de la mano de los grandes proyectos de construcci\u00f3n haussmanianos del siglo XIX y de estructuras m\u00e1s antiguas. La iglesia de San Pedro y la catedral de Senlis, el castillo de Vaux-le-Vicomte... \u00a1lo que quiera!<\/p>","protected":false},"author":3,"featured_media":54065,"comment_status":"closed","ping_status":"closed","sticky":false,"template":"","format":"standard","meta":{"_relevanssi_hide_post":"","_relevanssi_hide_content":"","_relevanssi_pin_for_all":"","_relevanssi_pin_keywords":"","_relevanssi_unpin_keywords":"","_relevanssi_related_keywords":"","_relevanssi_related_include_ids":"","_relevanssi_related_exclude_ids":"","_relevanssi_related_no_append":"","_relevanssi_related_not_related":"","_relevanssi_related_posts":"41674,39613,39315,53601,40454,41664","_relevanssi_noindex_reason":""},"categories":[10],"tags":[],"yoast_head":"<!-- This site is optimized with the Yoast SEO plugin v20.2.1 - https:\/\/yoast.com\/wordpress\/plugins\/seo\/ -->\n<title>La Maison de la Pierre, histoires d\u2019hommes &amp; de territoire<\/title>\n<meta name=\"description\" content=\"Rencontre avec Claude, passionn\u00e9 d&#039;exploration en carri\u00e8re souterraine, carrier, fils et petit-fils de carrier \u00e0 Saint-Maximin dans l&#039;Oise\" \/>\n<meta name=\"robots\" content=\"index, follow, max-snippet:-1, max-image-preview:large, max-video-preview:-1\" \/>\n<link rel=\"canonical\" href=\"https:\/\/www.creilsudoise-tourisme.fr\/es\/2024\/05\/24\/claude-boufflet\/\" \/>\n<meta property=\"og:locale\" content=\"es_ES\" \/>\n<meta property=\"og:type\" content=\"article\" \/>\n<meta property=\"og:title\" content=\"La Maison de la Pierre, histoires d\u2019hommes &amp; de territoire\" \/>\n<meta property=\"og:description\" content=\"Rencontre avec Claude, passionn\u00e9 d&#039;exploration en carri\u00e8re souterraine, carrier, fils et petit-fils de carrier \u00e0 Saint-Maximin dans l&#039;Oise\" \/>\n<meta property=\"og:url\" content=\"https:\/\/www.creilsudoise-tourisme.fr\/es\/2024\/05\/24\/claude-boufflet\/\" \/>\n<meta property=\"og:site_name\" content=\"Office de Tourisme Creil Sud Oise\" \/>\n<meta property=\"article:publisher\" content=\"https:\/\/www.facebook.com\/creilsudoisetourisme\/\" \/>\n<meta property=\"article:published_time\" content=\"2024-05-24T09:16:35+00:00\" \/>\n<meta property=\"article:modified_time\" content=\"2024-07-02T08:40:05+00:00\" \/>\n<meta property=\"og:image\" content=\"https:\/\/www.creilsudoise-tourisme.fr\/wp-content\/uploads\/2024\/05\/Claude-Boufflet-\u00a9-Creil-Sud-Oise-Tourisme-2.jpg\" \/>\n\t<meta property=\"og:image:width\" content=\"640\" \/>\n\t<meta property=\"og:image:height\" content=\"960\" \/>\n\t<meta property=\"og:image:type\" content=\"image\/jpeg\" \/>\n<meta name=\"author\" content=\"fdubut\" \/>\n<meta name=\"twitter:card\" content=\"summary_large_image\" \/>\n<meta name=\"twitter:creator\" content=\"@CreilSudOiseOT\" \/>\n<meta name=\"twitter:site\" content=\"@CreilSudOiseOT\" \/>\n<meta name=\"twitter:label1\" content=\"Escrito por\" \/>\n\t<meta name=\"twitter:data1\" content=\"fdubut\" \/>\n\t<meta name=\"twitter:label2\" content=\"Tiempo de lectura\" \/>\n\t<meta name=\"twitter:data2\" content=\"5 minutos\" \/>\n<script type=\"application\/ld+json\" class=\"yoast-schema-graph\">{\"@context\":\"https:\/\/schema.org\",\"@graph\":[{\"@type\":\"Article\",\"@id\":\"https:\/\/www.creilsudoise-tourisme.fr\/2024\/05\/24\/claude-boufflet\/#article\",\"isPartOf\":{\"@id\":\"https:\/\/www.creilsudoise-tourisme.fr\/2024\/05\/24\/claude-boufflet\/\"},\"author\":{\"name\":\"fdubut\",\"@id\":\"https:\/\/www.creilsudoise-tourisme.fr\/#\/schema\/person\/c5140d47645b13bee896bfe05f1bd5da\"},\"headline\":\"La Maison de la Pierre, histoires d\u2019hommes &#038; de territoire\",\"datePublished\":\"2024-05-24T09:16:35+00:00\",\"dateModified\":\"2024-07-02T08:40:05+00:00\",\"mainEntityOfPage\":{\"@id\":\"https:\/\/www.creilsudoise-tourisme.fr\/2024\/05\/24\/claude-boufflet\/\"},\"wordCount\":1082,\"publisher\":{\"@id\":\"https:\/\/www.creilsudoise-tourisme.fr\/#organization\"},\"articleSection\":[\"Nos ambassadeurs\"],\"inLanguage\":\"es\"},{\"@type\":\"WebPage\",\"@id\":\"https:\/\/www.creilsudoise-tourisme.fr\/2024\/05\/24\/claude-boufflet\/\",\"url\":\"https:\/\/www.creilsudoise-tourisme.fr\/2024\/05\/24\/claude-boufflet\/\",\"name\":\"La Maison de la Pierre, histoires d\u2019hommes & de territoire\",\"isPartOf\":{\"@id\":\"https:\/\/www.creilsudoise-tourisme.fr\/#website\"},\"datePublished\":\"2024-05-24T09:16:35+00:00\",\"dateModified\":\"2024-07-02T08:40:05+00:00\",\"description\":\"Rencontre avec Claude, passionn\u00e9 d'exploration en carri\u00e8re souterraine, carrier, fils et petit-fils de carrier \u00e0 Saint-Maximin dans l'Oise\",\"breadcrumb\":{\"@id\":\"https:\/\/www.creilsudoise-tourisme.fr\/2024\/05\/24\/claude-boufflet\/#breadcrumb\"},\"inLanguage\":\"es\",\"potentialAction\":[{\"@type\":\"ReadAction\",\"target\":[\"https:\/\/www.creilsudoise-tourisme.fr\/2024\/05\/24\/claude-boufflet\/\"]}]},{\"@type\":\"BreadcrumbList\",\"@id\":\"https:\/\/www.creilsudoise-tourisme.fr\/2024\/05\/24\/claude-boufflet\/#breadcrumb\",\"itemListElement\":[{\"@type\":\"ListItem\",\"position\":1,\"name\":\"Accueil\",\"item\":\"https:\/\/www.creilsudoise-tourisme.fr\/\"},{\"@type\":\"ListItem\",\"position\":2,\"name\":\"La Maison de la Pierre, histoires d\u2019hommes &#038; de territoire\"}]},{\"@type\":\"WebSite\",\"@id\":\"https:\/\/www.creilsudoise-tourisme.fr\/#website\",\"url\":\"https:\/\/www.creilsudoise-tourisme.fr\/\",\"name\":\"Office de Tourisme Creil Sud Oise\",\"description\":\"Creil Sud Oise Tourisme, un territoire \u00e0 explorer !\",\"publisher\":{\"@id\":\"https:\/\/www.creilsudoise-tourisme.fr\/#organization\"},\"potentialAction\":[{\"@type\":\"SearchAction\",\"target\":{\"@type\":\"EntryPoint\",\"urlTemplate\":\"https:\/\/www.creilsudoise-tourisme.fr\/?s={search_term_string}\"},\"query-input\":\"required name=search_term_string\"}],\"inLanguage\":\"es\"},{\"@type\":\"Organization\",\"@id\":\"https:\/\/www.creilsudoise-tourisme.fr\/#organization\",\"name\":\"Creil Sud Oise Tourisme\",\"url\":\"https:\/\/www.creilsudoise-tourisme.fr\/\",\"logo\":{\"@type\":\"ImageObject\",\"inLanguage\":\"es\",\"@id\":\"https:\/\/www.creilsudoise-tourisme.fr\/#\/schema\/logo\/image\/\",\"url\":\"https:\/\/www.creilsudoise-tourisme.fr\/wp-content\/uploads\/2021\/05\/logo-svg.png\",\"contentUrl\":\"https:\/\/www.creilsudoise-tourisme.fr\/wp-content\/uploads\/2021\/05\/logo-svg.png\",\"width\":182,\"height\":71,\"caption\":\"Creil Sud Oise Tourisme\"},\"image\":{\"@id\":\"https:\/\/www.creilsudoise-tourisme.fr\/#\/schema\/logo\/image\/\"},\"sameAs\":[\"https:\/\/www.facebook.com\/creilsudoisetourisme\/\",\"https:\/\/twitter.com\/CreilSudOiseOT\",\"https:\/\/www.instagram.com\/creilsudoisetourisme\/\",\"https:\/\/www.youtube.com\/channel\/UC8L_QD2wwyADW14zt9fY8kw\"]},{\"@type\":\"Person\",\"@id\":\"https:\/\/www.creilsudoise-tourisme.fr\/#\/schema\/person\/c5140d47645b13bee896bfe05f1bd5da\",\"name\":\"fdubut\",\"image\":{\"@type\":\"ImageObject\",\"inLanguage\":\"es\",\"@id\":\"https:\/\/www.creilsudoise-tourisme.fr\/#\/schema\/person\/image\/\",\"url\":\"https:\/\/secure.gravatar.com\/avatar\/c49bb61337bf4556cafdbcb92c18618d?s=96&d=mm&r=g\",\"contentUrl\":\"https:\/\/secure.gravatar.com\/avatar\/c49bb61337bf4556cafdbcb92c18618d?s=96&d=mm&r=g\",\"caption\":\"fdubut\"},\"url\":\"https:\/\/www.creilsudoise-tourisme.fr\/es\/auteur\/fdubut\/\"}]}<\/script>\n<!-- \/ Yoast SEO plugin. -->","yoast_head_json":{"title":"La Maison de la Pierre, histoires d\u2019hommes & de territoire","description":"Rencontre avec Claude, passionn\u00e9 d'exploration en carri\u00e8re souterraine, carrier, fils et petit-fils de carrier \u00e0 Saint-Maximin dans l'Oise","robots":{"index":"index","follow":"follow","max-snippet":"max-snippet:-1","max-image-preview":"max-image-preview:large","max-video-preview":"max-video-preview:-1"},"canonical":"https:\/\/www.creilsudoise-tourisme.fr\/es\/2024\/05\/24\/claude-boufflet\/","og_locale":"es_ES","og_type":"article","og_title":"La Maison de la Pierre, histoires d\u2019hommes & de territoire","og_description":"Rencontre avec Claude, passionn\u00e9 d'exploration en carri\u00e8re souterraine, carrier, fils et petit-fils de carrier \u00e0 Saint-Maximin dans l'Oise","og_url":"https:\/\/www.creilsudoise-tourisme.fr\/es\/2024\/05\/24\/claude-boufflet\/","og_site_name":"Office de Tourisme Creil Sud Oise","article_publisher":"https:\/\/www.facebook.com\/creilsudoisetourisme\/","article_published_time":"2024-05-24T09:16:35+00:00","article_modified_time":"2024-07-02T08:40:05+00:00","og_image":[{"width":640,"height":960,"url":"https:\/\/www.creilsudoise-tourisme.fr\/wp-content\/uploads\/2024\/05\/Claude-Boufflet-\u00a9-Creil-Sud-Oise-Tourisme-2.jpg","type":"image\/jpeg"}],"author":"fdubut","twitter_card":"summary_large_image","twitter_creator":"@CreilSudOiseOT","twitter_site":"@CreilSudOiseOT","twitter_misc":{"Escrito por":"fdubut","Tiempo de lectura":"5 minutos"},"schema":{"@context":"https:\/\/schema.org","@graph":[{"@type":"Article","@id":"https:\/\/www.creilsudoise-tourisme.fr\/2024\/05\/24\/claude-boufflet\/#article","isPartOf":{"@id":"https:\/\/www.creilsudoise-tourisme.fr\/2024\/05\/24\/claude-boufflet\/"},"author":{"name":"fdubut","@id":"https:\/\/www.creilsudoise-tourisme.fr\/#\/schema\/person\/c5140d47645b13bee896bfe05f1bd5da"},"headline":"La Maison de la Pierre, histoires d\u2019hommes &#038; de territoire","datePublished":"2024-05-24T09:16:35+00:00","dateModified":"2024-07-02T08:40:05+00:00","mainEntityOfPage":{"@id":"https:\/\/www.creilsudoise-tourisme.fr\/2024\/05\/24\/claude-boufflet\/"},"wordCount":1082,"publisher":{"@id":"https:\/\/www.creilsudoise-tourisme.fr\/#organization"},"articleSection":["Nos ambassadeurs"],"inLanguage":"es"},{"@type":"WebPage","@id":"https:\/\/www.creilsudoise-tourisme.fr\/2024\/05\/24\/claude-boufflet\/","url":"https:\/\/www.creilsudoise-tourisme.fr\/2024\/05\/24\/claude-boufflet\/","name":"La Maison de la Pierre, histoires d\u2019hommes & de territoire","isPartOf":{"@id":"https:\/\/www.creilsudoise-tourisme.fr\/#website"},"datePublished":"2024-05-24T09:16:35+00:00","dateModified":"2024-07-02T08:40:05+00:00","description":"Rencontre avec Claude, passionn\u00e9 d'exploration en carri\u00e8re souterraine, carrier, fils et petit-fils de carrier \u00e0 Saint-Maximin dans l'Oise","breadcrumb":{"@id":"https:\/\/www.creilsudoise-tourisme.fr\/2024\/05\/24\/claude-boufflet\/#breadcrumb"},"inLanguage":"es","potentialAction":[{"@type":"ReadAction","target":["https:\/\/www.creilsudoise-tourisme.fr\/2024\/05\/24\/claude-boufflet\/"]}]},{"@type":"BreadcrumbList","@id":"https:\/\/www.creilsudoise-tourisme.fr\/2024\/05\/24\/claude-boufflet\/#breadcrumb","itemListElement":[{"@type":"ListItem","position":1,"name":"Accueil","item":"https:\/\/www.creilsudoise-tourisme.fr\/"},{"@type":"ListItem","position":2,"name":"La Maison de la Pierre, histoires d\u2019hommes &#038; de territoire"}]},{"@type":"WebSite","@id":"https:\/\/www.creilsudoise-tourisme.fr\/#website","url":"https:\/\/www.creilsudoise-tourisme.fr\/","name":"Office de Tourisme Creil Sud Oise","description":"Creil Sud Oise Tourisme, un territoire \u00e0 explorer !","publisher":{"@id":"https:\/\/www.creilsudoise-tourisme.fr\/#organization"},"potentialAction":[{"@type":"SearchAction","target":{"@type":"EntryPoint","urlTemplate":"https:\/\/www.creilsudoise-tourisme.fr\/?s={search_term_string}"},"query-input":"required name=search_term_string"}],"inLanguage":"es"},{"@type":"Organization","@id":"https:\/\/www.creilsudoise-tourisme.fr\/#organization","name":"Creil Sud Oise Tourisme","url":"https:\/\/www.creilsudoise-tourisme.fr\/","logo":{"@type":"ImageObject","inLanguage":"es","@id":"https:\/\/www.creilsudoise-tourisme.fr\/#\/schema\/logo\/image\/","url":"https:\/\/www.creilsudoise-tourisme.fr\/wp-content\/uploads\/2021\/05\/logo-svg.png","contentUrl":"https:\/\/www.creilsudoise-tourisme.fr\/wp-content\/uploads\/2021\/05\/logo-svg.png","width":182,"height":71,"caption":"Creil Sud Oise Tourisme"},"image":{"@id":"https:\/\/www.creilsudoise-tourisme.fr\/#\/schema\/logo\/image\/"},"sameAs":["https:\/\/www.facebook.com\/creilsudoisetourisme\/","https:\/\/twitter.com\/CreilSudOiseOT","https:\/\/www.instagram.com\/creilsudoisetourisme\/","https:\/\/www.youtube.com\/channel\/UC8L_QD2wwyADW14zt9fY8kw"]},{"@type":"Person","@id":"https:\/\/www.creilsudoise-tourisme.fr\/#\/schema\/person\/c5140d47645b13bee896bfe05f1bd5da","name":"fdubut","image":{"@type":"ImageObject","inLanguage":"es","@id":"https:\/\/www.creilsudoise-tourisme.fr\/#\/schema\/person\/image\/","url":"https:\/\/secure.gravatar.com\/avatar\/c49bb61337bf4556cafdbcb92c18618d?s=96&d=mm&r=g","contentUrl":"https:\/\/secure.gravatar.com\/avatar\/c49bb61337bf4556cafdbcb92c18618d?s=96&d=mm&r=g","caption":"fdubut"},"url":"https:\/\/www.creilsudoise-tourisme.fr\/es\/auteur\/fdubut\/"}]}},"_links":{"self":[{"href":"https:\/\/www.creilsudoise-tourisme.fr\/es\/wp-json\/wp\/v2\/posts\/54043"}],"collection":[{"href":"https:\/\/www.creilsudoise-tourisme.fr\/es\/wp-json\/wp\/v2\/posts"}],"about":[{"href":"https:\/\/www.creilsudoise-tourisme.fr\/es\/wp-json\/wp\/v2\/types\/post"}],"author":[{"embeddable":true,"href":"https:\/\/www.creilsudoise-tourisme.fr\/es\/wp-json\/wp\/v2\/users\/3"}],"replies":[{"embeddable":true,"href":"https:\/\/www.creilsudoise-tourisme.fr\/es\/wp-json\/wp\/v2\/comments?post=54043"}],"version-history":[{"count":9,"href":"https:\/\/www.creilsudoise-tourisme.fr\/es\/wp-json\/wp\/v2\/posts\/54043\/revisions"}],"predecessor-version":[{"id":54117,"href":"https:\/\/www.creilsudoise-tourisme.fr\/es\/wp-json\/wp\/v2\/posts\/54043\/revisions\/54117"}],"wp:featuredmedia":[{"embeddable":true,"href":"https:\/\/www.creilsudoise-tourisme.fr\/es\/wp-json\/wp\/v2\/media\/54065"}],"wp:attachment":[{"href":"https:\/\/www.creilsudoise-tourisme.fr\/es\/wp-json\/wp\/v2\/media?parent=54043"}],"wp:term":[{"taxonomy":"category","embeddable":true,"href":"https:\/\/www.creilsudoise-tourisme.fr\/es\/wp-json\/wp\/v2\/categories?post=54043"},{"taxonomy":"post_tag","embeddable":true,"href":"https:\/\/www.creilsudoise-tourisme.fr\/es\/wp-json\/wp\/v2\/tags?post=54043"}],"curies":[{"name":"wp","href":"https:\/\/api.w.org\/{rel}","templated":true}]}}