{"id":52404,"date":"2024-02-22T16:44:07","date_gmt":"2024-02-22T15:44:07","guid":{"rendered":"https:\/\/www.creilsudoise-tourisme.fr\/?p=52404"},"modified":"2024-04-25T10:06:14","modified_gmt":"2024-04-25T08:06:14","slug":"manuel-anthony","status":"publish","type":"post","link":"https:\/\/www.creilsudoise-tourisme.fr\/es\/2024\/02\/22\/manuel-anthony\/","title":{"rendered":"Clouterie Rivierre: la transmisi\u00f3n en su coraz\u00f3n"},"content":{"rendered":"<p class=\"is-style-excerpt\">Nos reunimos con<strong> Manuel y Anthony<\/strong>ambos trabajando en <strong>Clouterie Rivierre, Creil<\/strong>. Un lugar \u00fanico, unas m\u00e1quinas \u00fanicas, unos conocimientos \u00fanicos y... \u00fanicos... <strong>hombres \u00fanicos.<\/strong><\/p>\n\n\n\n<h2>Conozca a Manuel y Anthony, empleados con un saber hacer \u00fanico<\/h2>\n\n\n\n<p><strong>Manuel, a punto de jubilarse, y Anthony, 4 a\u00f1os en la empresa<\/strong>recorrer los pasillos del <a href=\"https:\/\/www.creilsudoise-tourisme.fr\/es\/jexplore\/imprescindibles\/clouterie-rivierre\/\" target=\"_blank\" rel=\"noreferrer noopener\">Clouterie Rivierre<\/a>salud\u00e1ndose unos a otros. <strong>Poseedores de conocimientos \u00fanicos<\/strong>Aqu\u00ed, cada vuelta de llave cuenta. Aqu\u00ed, cada vuelta de llave cuenta, y aunque las m\u00e1quinas dictan las reglas, todo el mundo llega a conocerlas con el tiempo...<\/p>\n\n\n\n<figure class=\"is-layout-flex wp-block-gallery-1 wp-block-gallery has-nested-images columns-default is-cropped\">\n<figure class=\"wp-block-image size-large\"><img decoding=\"async\" loading=\"lazy\" width=\"1143\" height=\"1143\" data-id=\"52431\"  data-src=\"https:\/\/www.creilsudoise-tourisme.fr\/wp-content\/uploads\/2024\/02\/Anthony-et-Manuel-a-la-Clouterie-Rivierre-a-Creil-8-edited-1.jpg\" alt=\"reuni\u00f3n destino revista art\u00edculo entrevista Clouterie Rivierre oise creil unique know-how\" class=\"wp-image-52431\" data-srcset=\"https:\/\/www.creilsudoise-tourisme.fr\/wp-content\/uploads\/2024\/02\/Anthony-et-Manuel-a-la-Clouterie-Rivierre-a-Creil-8-edited-1.jpg 1143w, https:\/\/www.creilsudoise-tourisme.fr\/wp-content\/uploads\/2024\/02\/Anthony-et-Manuel-a-la-Clouterie-Rivierre-a-Creil-8-edited-1-600x600.jpg 600w, https:\/\/www.creilsudoise-tourisme.fr\/wp-content\/uploads\/2024\/02\/Anthony-et-Manuel-a-la-Clouterie-Rivierre-a-Creil-8-edited-1-300x300.jpg 300w, https:\/\/www.creilsudoise-tourisme.fr\/wp-content\/uploads\/2024\/02\/Anthony-et-Manuel-a-la-Clouterie-Rivierre-a-Creil-8-edited-1-900x900.jpg 900w, https:\/\/www.creilsudoise-tourisme.fr\/wp-content\/uploads\/2024\/02\/Anthony-et-Manuel-a-la-Clouterie-Rivierre-a-Creil-8-edited-1-12x12.jpg 12w, https:\/\/www.creilsudoise-tourisme.fr\/wp-content\/uploads\/2024\/02\/Anthony-et-Manuel-a-la-Clouterie-Rivierre-a-Creil-8-edited-1-200x200.jpg 200w, https:\/\/www.creilsudoise-tourisme.fr\/wp-content\/uploads\/2024\/02\/Anthony-et-Manuel-a-la-Clouterie-Rivierre-a-Creil-8-edited-1-650x650.jpg 650w, https:\/\/www.creilsudoise-tourisme.fr\/wp-content\/uploads\/2024\/02\/Anthony-et-Manuel-a-la-Clouterie-Rivierre-a-Creil-8-edited-1-387x387.jpg 387w\" sizes=\"(max-width: 1143px) 100vw, 1143px\" \/><figcaption class=\"wp-element-caption\">C\u00e9line Weissier<\/figcaption><\/figure>\n\n\n\n<figure class=\"wp-block-image size-large\"><img decoding=\"async\" loading=\"lazy\" width=\"1189\" height=\"1200\" data-id=\"52423\"  data-src=\"https:\/\/www.creilsudoise-tourisme.fr\/wp-content\/uploads\/2024\/02\/Anthony-et-Manuel-a-la-Clouterie-Rivierre-a-Creil-9-1189x1200.jpg\" alt=\"reuni\u00f3n destino revista art\u00edculo entrevista Clouterie Rivierre oise creil unique know-how\" class=\"wp-image-52423\" data-srcset=\"https:\/\/www.creilsudoise-tourisme.fr\/wp-content\/uploads\/2024\/02\/Anthony-et-Manuel-a-la-Clouterie-Rivierre-a-Creil-9-1189x1200.jpg 1189w, https:\/\/www.creilsudoise-tourisme.fr\/wp-content\/uploads\/2024\/02\/Anthony-et-Manuel-a-la-Clouterie-Rivierre-a-Creil-9-594x600.jpg 594w, https:\/\/www.creilsudoise-tourisme.fr\/wp-content\/uploads\/2024\/02\/Anthony-et-Manuel-a-la-Clouterie-Rivierre-a-Creil-9-892x900.jpg 892w, https:\/\/www.creilsudoise-tourisme.fr\/wp-content\/uploads\/2024\/02\/Anthony-et-Manuel-a-la-Clouterie-Rivierre-a-Creil-9-12x12.jpg 12w, https:\/\/www.creilsudoise-tourisme.fr\/wp-content\/uploads\/2024\/02\/Anthony-et-Manuel-a-la-Clouterie-Rivierre-a-Creil-9-200x202.jpg 200w, https:\/\/www.creilsudoise-tourisme.fr\/wp-content\/uploads\/2024\/02\/Anthony-et-Manuel-a-la-Clouterie-Rivierre-a-Creil-9-650x656.jpg 650w, https:\/\/www.creilsudoise-tourisme.fr\/wp-content\/uploads\/2024\/02\/Anthony-et-Manuel-a-la-Clouterie-Rivierre-a-Creil-9-387x391.jpg 387w, https:\/\/www.creilsudoise-tourisme.fr\/wp-content\/uploads\/2024\/02\/Anthony-et-Manuel-a-la-Clouterie-Rivierre-a-Creil-9.jpg 1480w\" sizes=\"(max-width: 1189px) 100vw, 1189px\" \/><figcaption class=\"wp-element-caption\">C\u00e9line Weissier<\/figcaption><\/figure>\n<figcaption class=\"blocks-gallery-caption wp-element-caption\">Anthony, a la izquierda, aprende de Manuel a entender las m\u00e1quinas centenarias de la Clouterie Rivierre.<\/figcaption><\/figure>\n\n\n\n<p>Clavos de acero inoxidable, cobre, lat\u00f3n, acero envejecido, dorados, cortos, largos, galvanizados o de tapicero: <strong>Clouterie Rivierre exporta a todo el mundo <a href=\"https:\/\/www.clous.eu\/\" target=\"_blank\" rel=\"noreferrer noopener\">2.800 referencias<\/a><\/strong> gracias al trabajo de una quincena de hombres discretos, implicados en una cadena de transmisi\u00f3n que la empresa desea perpetuar.<br>Detr\u00e1s de cada gesto, <strong>un saber hacer preciso, transmitido en la intimidad de la f\u00e1brica desde hace 135 a\u00f1os. <\/strong>Manuel, Anthony y otros dan vida a esta experiencia, reconocida por grandes marcas...<\/p>\n\n\n\n<h2>Participar en proyectos \u00fanicos y prestigiosos<\/h2>\n\n\n\n<h3>Una empresa \u00fanica significa clientes \u00fanicos.<\/h3>\n\n\n\n<p>Desde el principio, los dos hombres expresaron su satisfacci\u00f3n: <strong>No todo el mundo puede participar en proyectos europeos o internacionales. <\/strong>Una sonrisa ilumina sus rostros y las lenguas se sueltan. Manuel recuerda <strong>El Hermione, r\u00e9plica de un buque de guerra del siglo XVIII<\/strong>y Anthony <strong>Drakkar de Vend\u00e9e, a\u00fan en construcci\u00f3n<\/strong> : \" [...] <em>es un orgullo saber que nuestros clavos se utilizan en astilleros hist\u00f3ricos<\/em> [...] <em>seguir\u00e1n existiendo dentro de d\u00e9cadas<\/em> [...]\", dice Anthony, feliz de aportar su granito de arena a la restauraci\u00f3n del patrimonio.<\/p>\n\n\n\n<p>El entusiasmo es esencial, porque en Clouterie Rivierre no faltan los retos. <strong>Monumentos hist\u00f3ricos, obras de arte, cuchiller\u00eda, marroquiner\u00eda, equipamiento para exteriores, artesan\u00eda...<\/strong> todos los oficios est\u00e1n representados, \u00a1haciendo pasar un mal rato tanto a los hombres como a las m\u00e1quinas!<br>Manuel, que parece no inmutarse ante ning\u00fan proyecto despu\u00e9s de 36 a\u00f1os en el oficio, recuerda el dise\u00f1o de tirafondos para maquetas de trenes, o los clavos de aluminio utilizados por la Office National des For\u00eats para marcar las parcelas sin da\u00f1ar el material cuando se talan los \u00e1rboles... \u00a1de la diversidad surge la experiencia m\u00e1s puntera!<\/p>\n\n\n\n<figure class=\"wp-block-image size-large\"><img decoding=\"async\" loading=\"lazy\" width=\"1200\" height=\"675\" data-src=\"https:\/\/www.creilsudoise-tourisme.fr\/wp-content\/uploads\/wpetourisme\/06-Clouterie-Rivierre---Kevin-au-bleuissage-des-clous---OT-CSOpetit-1200x675.jpg\" alt=\"\" class=\"wp-image-51813\" data-srcset=\"https:\/\/www.creilsudoise-tourisme.fr\/wp-content\/uploads\/wpetourisme\/06-Clouterie-Rivierre---Kevin-au-bleuissage-des-clous---OT-CSOpetit-1200x675.jpg 1200w, https:\/\/www.creilsudoise-tourisme.fr\/wp-content\/uploads\/wpetourisme\/06-Clouterie-Rivierre---Kevin-au-bleuissage-des-clous---OT-CSOpetit-600x338.jpg 600w, https:\/\/www.creilsudoise-tourisme.fr\/wp-content\/uploads\/wpetourisme\/06-Clouterie-Rivierre---Kevin-au-bleuissage-des-clous---OT-CSOpetit-900x506.jpg 900w, https:\/\/www.creilsudoise-tourisme.fr\/wp-content\/uploads\/wpetourisme\/06-Clouterie-Rivierre---Kevin-au-bleuissage-des-clous---OT-CSOpetit-18x10.jpg 18w, https:\/\/www.creilsudoise-tourisme.fr\/wp-content\/uploads\/wpetourisme\/06-Clouterie-Rivierre---Kevin-au-bleuissage-des-clous---OT-CSOpetit-200x113.jpg 200w, https:\/\/www.creilsudoise-tourisme.fr\/wp-content\/uploads\/wpetourisme\/06-Clouterie-Rivierre---Kevin-au-bleuissage-des-clous---OT-CSOpetit-650x366.jpg 650w, https:\/\/www.creilsudoise-tourisme.fr\/wp-content\/uploads\/wpetourisme\/06-Clouterie-Rivierre---Kevin-au-bleuissage-des-clous---OT-CSOpetit-387x218.jpg 387w, https:\/\/www.creilsudoise-tourisme.fr\/wp-content\/uploads\/wpetourisme\/06-Clouterie-Rivierre---Kevin-au-bleuissage-des-clous---OT-CSOpetit.jpg 1500w\" sizes=\"(max-width: 1200px) 100vw, 1200px\" \/><\/figure>\n\n\n\n<h2>Trabajo en equipo, ceder las riendas<\/h2>\n\n\n\n<h3>Un clavo puede parecer simple<\/h3>\n\n\n\n<p>Sin embargo, la fabricaci\u00f3n sigue<strong> es un arte en s\u00ed mismo y requiere muchos conocimientos<\/strong>El resultado del trabajo en equipo. Aqu\u00ed, los metales se reciben en forma de bobinas de alambre de gran secci\u00f3n.<\/p>\n\n\n\n<p>Una vez trefilado el alambre conforme a los requisitos del cliente, es decir, reducido a una secci\u00f3n transversal adecuada, se pasa por las m\u00e1quinas, utilizando herramientas especiales dise\u00f1adas o ajustadas especialmente para cada referencia: \"[...]. <em>Es un esfuerzo de colaboraci\u00f3n, en el que cada uno tiene sus habilidades particulares. Yo trabajo con clavos forjados, Manu con semillas de tapiz, Fred con mec\u00e1nica y ajuste, etc. \u00a1Todos tenemos una especialidad!<\/em> [...]\", dice Anthony, afablemente.<\/p>\n\n\n<div class=\"wp-block-image\">\n<figure class=\"aligncenter size-large\"><img decoding=\"async\" loading=\"lazy\" width=\"1200\" height=\"800\" data-src=\"https:\/\/www.creilsudoise-tourisme.fr\/wp-content\/uploads\/wpetourisme\/La-Clouterie-Riviere-Florent-Perville--31--1200x800.jpg\" alt=\"\" class=\"wp-image-51818\" data-srcset=\"https:\/\/www.creilsudoise-tourisme.fr\/wp-content\/uploads\/wpetourisme\/La-Clouterie-Riviere-Florent-Perville--31--1200x800.jpg 1200w, https:\/\/www.creilsudoise-tourisme.fr\/wp-content\/uploads\/wpetourisme\/La-Clouterie-Riviere-Florent-Perville--31--600x400.jpg 600w, https:\/\/www.creilsudoise-tourisme.fr\/wp-content\/uploads\/wpetourisme\/La-Clouterie-Riviere-Florent-Perville--31--900x600.jpg 900w, https:\/\/www.creilsudoise-tourisme.fr\/wp-content\/uploads\/wpetourisme\/La-Clouterie-Riviere-Florent-Perville--31--1536x1024.jpg 1536w, https:\/\/www.creilsudoise-tourisme.fr\/wp-content\/uploads\/wpetourisme\/La-Clouterie-Riviere-Florent-Perville--31--18x12.jpg 18w, https:\/\/www.creilsudoise-tourisme.fr\/wp-content\/uploads\/wpetourisme\/La-Clouterie-Riviere-Florent-Perville--31--200x133.jpg 200w, https:\/\/www.creilsudoise-tourisme.fr\/wp-content\/uploads\/wpetourisme\/La-Clouterie-Riviere-Florent-Perville--31--650x433.jpg 650w, https:\/\/www.creilsudoise-tourisme.fr\/wp-content\/uploads\/wpetourisme\/La-Clouterie-Riviere-Florent-Perville--31--387x258.jpg 387w, https:\/\/www.creilsudoise-tourisme.fr\/wp-content\/uploads\/wpetourisme\/La-Clouterie-Riviere-Florent-Perville--31-.jpg 1600w\" sizes=\"(max-width: 1200px) 100vw, 1200px\" \/><\/figure><\/div>\n\n\n<h3>\"La artesan\u00eda consiste en la simplicidad compleja\".<\/h3>\n\n\n\n<p>Cuando Anthony lleg\u00f3 a la clouterie en 2019 con un CAP y un t\u00edtulo de formaci\u00f3n profesional en mec\u00e1nica del autom\u00f3vil en el bolsillo, sab\u00eda muy poco del oficio. Entre las paredes de esta gigantesca f\u00e1brica,<strong> aprendi\u00f3 de los ancianos, en particular de \u00c9midio<\/strong> : \" [...]<em> Estaba jubilado, pero ven\u00eda a vernos por las ma\u00f1anas. Estaba muy apegado al lugar, ya que su hermano Paulino segu\u00eda trabajando all\u00ed.<\/em> [...] <em>contribuy\u00f3 a mi formaci\u00f3n y nos aport\u00f3 mucha experiencia.<\/em> \", a\u00f1ade.<\/p>\n\n\n\n<p>Entre dos respuestas, comprendemos las horas dedicadas a observar y luego ajustar las m\u00e1quinas. Para estos dos entusiastas, la artesan\u00eda, palabra de la que a veces se abusa demasiado, sigue siendo una forma de prestar atenci\u00f3n a los detalles y de <strong>satisfacer todos los requisitos del cliente<\/strong>... sin olvidar la necesidad de humildad de fondo: \"[...] <em>A veces hay que intentar responder a una petici\u00f3n con la que nunca se ha tratado antes. As\u00ed que buscamos, intentamos, volvemos a intentar<\/em> [...] <em>Con el tiempo, los veteranos se han ido y a veces se han llevado parte de estos conocimientos, pero a\u00fan estamos en ello.<\/em> \", dice Manuel, falsamente distante.<\/p>\n\n\n\n<h3>Trabajar en la direcci\u00f3n correcta y satisfacer necesidades espec\u00edficas<\/h3>\n\n\n\n<p><strong>Conocimientos transmitidos de hombre a hombre, los gestos de ayer a veces se han perdido por el camino. <\/strong>No hay manual ni gu\u00eda pr\u00e1ctica, s\u00f3lo mucho trabajo mental para domar un equipo a veces temperamental. Anthony y Manuel trabajan con sus conocimientos, sus manos, sus ojos y sus mentes anal\u00edticas. <strong>A veces puedes pasarte horas configurando una m\u00e1quina.<\/strong><\/p>\n\n\n\n<figure class=\"is-layout-flex wp-block-gallery-3 wp-block-gallery has-nested-images columns-default is-cropped\">\n<figure class=\"wp-block-image size-large\"><img decoding=\"async\" loading=\"lazy\" width=\"900\" height=\"1200\" data-id=\"52419\"  data-src=\"https:\/\/www.creilsudoise-tourisme.fr\/wp-content\/uploads\/2024\/02\/Anthony-et-Manuel-a-la-Clouterie-Rivierre-a-Creil-5-900x1200.jpg\" alt=\"reuni\u00f3n destino revista art\u00edculo entrevista Clouterie Rivierre oise creil unique know-how\" class=\"wp-image-52419\" data-srcset=\"https:\/\/www.creilsudoise-tourisme.fr\/wp-content\/uploads\/2024\/02\/Anthony-et-Manuel-a-la-Clouterie-Rivierre-a-Creil-5-900x1200.jpg 900w, https:\/\/www.creilsudoise-tourisme.fr\/wp-content\/uploads\/2024\/02\/Anthony-et-Manuel-a-la-Clouterie-Rivierre-a-Creil-5-450x600.jpg 450w, https:\/\/www.creilsudoise-tourisme.fr\/wp-content\/uploads\/2024\/02\/Anthony-et-Manuel-a-la-Clouterie-Rivierre-a-Creil-5-675x900.jpg 675w, https:\/\/www.creilsudoise-tourisme.fr\/wp-content\/uploads\/2024\/02\/Anthony-et-Manuel-a-la-Clouterie-Rivierre-a-Creil-5-9x12.jpg 9w, https:\/\/www.creilsudoise-tourisme.fr\/wp-content\/uploads\/2024\/02\/Anthony-et-Manuel-a-la-Clouterie-Rivierre-a-Creil-5-200x267.jpg 200w, https:\/\/www.creilsudoise-tourisme.fr\/wp-content\/uploads\/2024\/02\/Anthony-et-Manuel-a-la-Clouterie-Rivierre-a-Creil-5-650x867.jpg 650w, https:\/\/www.creilsudoise-tourisme.fr\/wp-content\/uploads\/2024\/02\/Anthony-et-Manuel-a-la-Clouterie-Rivierre-a-Creil-5-387x516.jpg 387w, https:\/\/www.creilsudoise-tourisme.fr\/wp-content\/uploads\/2024\/02\/Anthony-et-Manuel-a-la-Clouterie-Rivierre-a-Creil-5.jpg 1110w\" sizes=\"(max-width: 900px) 100vw, 900px\" \/><figcaption class=\"wp-element-caption\">C\u00e9line Weissier<\/figcaption><\/figure>\n\n\n\n<figure class=\"wp-block-image size-large\"><img decoding=\"async\" loading=\"lazy\" width=\"1200\" height=\"798\" data-id=\"51814\"  data-src=\"https:\/\/www.creilsudoise-tourisme.fr\/wp-content\/uploads\/wpetourisme\/04-Salle-des-machines--Marc-GILBERT-GOELE-PHOTO-CLUB-SAINT-MARDpetite-1200x798.jpg\" alt=\"\" class=\"wp-image-51814\" data-srcset=\"https:\/\/www.creilsudoise-tourisme.fr\/wp-content\/uploads\/wpetourisme\/04-Salle-des-machines--Marc-GILBERT-GOELE-PHOTO-CLUB-SAINT-MARDpetite-1200x798.jpg 1200w, https:\/\/www.creilsudoise-tourisme.fr\/wp-content\/uploads\/wpetourisme\/04-Salle-des-machines--Marc-GILBERT-GOELE-PHOTO-CLUB-SAINT-MARDpetite-600x399.jpg 600w, https:\/\/www.creilsudoise-tourisme.fr\/wp-content\/uploads\/wpetourisme\/04-Salle-des-machines--Marc-GILBERT-GOELE-PHOTO-CLUB-SAINT-MARDpetite-900x598.jpg 900w, https:\/\/www.creilsudoise-tourisme.fr\/wp-content\/uploads\/wpetourisme\/04-Salle-des-machines--Marc-GILBERT-GOELE-PHOTO-CLUB-SAINT-MARDpetite-18x12.jpg 18w, https:\/\/www.creilsudoise-tourisme.fr\/wp-content\/uploads\/wpetourisme\/04-Salle-des-machines--Marc-GILBERT-GOELE-PHOTO-CLUB-SAINT-MARDpetite-200x133.jpg 200w, https:\/\/www.creilsudoise-tourisme.fr\/wp-content\/uploads\/wpetourisme\/04-Salle-des-machines--Marc-GILBERT-GOELE-PHOTO-CLUB-SAINT-MARDpetite-650x432.jpg 650w, https:\/\/www.creilsudoise-tourisme.fr\/wp-content\/uploads\/wpetourisme\/04-Salle-des-machines--Marc-GILBERT-GOELE-PHOTO-CLUB-SAINT-MARDpetite-387x257.jpg 387w, https:\/\/www.creilsudoise-tourisme.fr\/wp-content\/uploads\/wpetourisme\/04-Salle-des-machines--Marc-GILBERT-GOELE-PHOTO-CLUB-SAINT-MARDpetite.JPG 1500w\" sizes=\"(max-width: 1200px) 100vw, 1200px\" \/><\/figure>\n<\/figure>\n\n\n\n<p>El desaf\u00edo t\u00e9cnico empuja a los dos hombres a dar lo mejor de s\u00ed mismos. Disfrutan de la variedad de su trabajo y est\u00e1n satisfechos con sus progresos: \" [...]. <em>entender por qu\u00e9 las cosas ya no funcionan, encontrar soluciones, investigar y devanarnos los sesos: \u00a1nos encanta! <\/em>[...]\", declaran casi a coro.<\/p>\n\n\n\n<p>Y si ponen tanto coraz\u00f3n en su trabajo, no es por la belleza del gesto: \" [...] <em>Aqu\u00ed no creamos necesidades, s\u00f3lo respondemos a ellas de forma ultraprecisa. Es un mensaje gratificante y bastante actual, \u00bfverdad? <\/em>[...]\", dice acertadamente Anthony, <strong>sensibles a los valores de la empresa.<\/strong><\/p>\n\n\n\n<p>La Clouterie Rivierre, joya de la corona de la cuenca del Creillois, brilla mucho m\u00e1s all\u00e1 de las fronteras de la regi\u00f3n de Oise, gracias a la incre\u00edble energ\u00eda de sus empleados. <strong>\u00a175% de producci\u00f3n dedicada a la exportaci\u00f3n!<\/strong> Astilleros, art\u00edculos de lujo, zapater\u00eda de alta gama, construcci\u00f3n de maquetas e incluso cr\u00eda de mejillones: <strong>si las u\u00f1as hechas en Creil ven el pa\u00eds y llevan los colores de Francia alto y claro<\/strong>, <strong>es gracias a Manuel y Anthony, y a todos esos hombres entre bastidores...<\/strong><\/p>\n\n\n\n<div class=\"is-layout-flex wp-container-8 wp-block-columns\">\n<div class=\"is-layout-flow wp-block-column\" style=\"flex-basis:25%\">\n<figure class=\"wp-block-image size-full\"><img decoding=\"async\" loading=\"lazy\" width=\"350\" height=\"350\" data-src=\"https:\/\/www.creilsudoise-tourisme.fr\/wp-content\/uploads\/2024\/02\/celine-weissier-portrait-edited.jpg\" alt=\"C\u00e9line Weissier Les mots \u00e0 la page bi\u00f3grafo editor\" class=\"wp-image-52484\" data-srcset=\"https:\/\/www.creilsudoise-tourisme.fr\/wp-content\/uploads\/2024\/02\/celine-weissier-portrait-edited.jpg 350w, https:\/\/www.creilsudoise-tourisme.fr\/wp-content\/uploads\/2024\/02\/celine-weissier-portrait-edited-300x300.jpg 300w, https:\/\/www.creilsudoise-tourisme.fr\/wp-content\/uploads\/2024\/02\/celine-weissier-portrait-edited-12x12.jpg 12w, https:\/\/www.creilsudoise-tourisme.fr\/wp-content\/uploads\/2024\/02\/celine-weissier-portrait-edited-200x200.jpg 200w\" sizes=\"(max-width: 350px) 100vw, 350px\" \/><\/figure>\n<\/div>\n\n\n\n<div class=\"is-layout-flow wp-block-column is-vertically-aligned-center\" style=\"flex-basis:50%\">\n<p><strong>C\u00e9line Weissier<\/strong> &#8211; <a href=\"https:\/\/celineweissier.fr\/\" target=\"_blank\" rel=\"noreferrer noopener\">Palabras en la p\u00e1gina<\/a><\/p>\n<\/div>\n\n\n\n<div class=\"is-layout-flow wp-block-column\" style=\"flex-basis:25%\"><\/div>\n<\/div>\n\n\n\n<hr class=\"wp-block-separator has-alpha-channel-opacity\"\/>\n\n\n\n<h2>Visite la Clouterie<\/h2>\n\n\n\n<figure class=\"wp-block-embed is-type-video is-provider-youtube wp-block-embed-youtube wp-embed-aspect-4-3 wp-has-aspect-ratio\"><div class=\"wp-block-embed__wrapper\">\n<iframe loading=\"lazy\" title=\"[La Clouterie Rivierre en Creil | Creil Sud Oise Tourisme\" width=\"500\" height=\"375\" data-src=\"https:\/\/www.youtube.com\/embed\/Gs7w2w1SOxo?feature=oembed\" frameborder=\"0\" allow=\"accelerometer; autoplay; clipboard-write; encrypted-media; gyroscope; picture-in-picture; web-share\" referrerpolicy=\"strict-origin-when-cross-origin\" allowfullscreen><\/iframe>\n<\/div><\/figure>\n\n\n\n\n\n<div class=\"wp-block wp-block-single-sit wp-block-single-sit-coordonnees\" >\n\n            <h2>Acceda a<\/h2>\n    \n    <div class=\"wp-block-media-text is-stacked-on-mobile\">\n\n        <div class=\"wp-block-media-text__media wpet-map-detail\" style=\"width:100%; height: 100%;\">\n            <div class=\"wp-block-media-text__media__content\" id=\"wpetSingleSitMap\" data-wpet-type-map=\"leaflet\" ><\/div>\n        <\/div>\n\n        <div class=\"wp-block-media-text__content\">\n\n                            <p class=\"wp-block-coordonnees__status wp-block-coordonnees__status--close\">\n                    Cerrado                <\/p>\n            \n            <p class=\"wp-block-media-text__content__address\">\n                                    <strong>Clouterie Rivierre<\/strong><br \/>\n                \n                                    6 rue des Usines<br \/>\n                \n                                    <span>60100<\/span>\n                    <span>CREIL<\/span><br \/>\n                            <\/p>\n\n                                                <p class=\"wp-block-media-text__content__phone\"><\/p>\n                            \n            <a href=\"https:\/\/www.google.fr\/maps?saddr&#038;daddr=49.2649689,2.4671603\" target=\"_blank\" class=\"button GtmButtonCalculItinerairePrestataire\" rel=\"noopener noreferrer\">Calcular mi ruta<\/a>\n        <\/div>\n    <\/div>\n<\/div>\n\n\n    <div class=\"wp-block wp-block-single-sit wp-block-single-sit-ouvertures\" id=\"opening\">\n\n                    <h2>Apertura<\/h2>\n        \n        \t<div class=\"wpetTableList\" >\n                <div data-id=\"wpet-table-slider-wrapper\">\n\t\t    \t\t\t\t\t\t<div class=\"wpetTableContainer\" >\n\t\t\t\t<table class=\"wpetTable wpTable--opening\">\n\t\t\t\t\t<thead class=\"wpetTableHeader\">\n\t\t\t\t\t<tr>\n\t\t\t\t\t\t<td colspan=\"2\">\n\t\t\t\t\t\t\t\t\t\t\t\t\t\t\tDu 05 enero au 20 diciembre\t\t\t\t\t\t\t\t\t\t\t\t\t<\/td>\n\t\t\t\t\t<\/tr>\n\t\t\t\t\t<\/thead>\n\t\t\t\t\t\t\t\t\t\t\t\t\t\t\t\t\t\t<tr class=\"wpetTableLine\">\n\t\t\t\t\t\t\t\t<td class=\"wpetTableCell\">Lunes<\/td>\n\t\t\t\t\t\t\t\t<td class=\"wpetTableCell\">Cerrado<\/td>\n\t\t\t\t\t\t\t<\/tr>\n\t\t\t\t\t\t\t\t\t\t\t\t\t\t\t\t\t\t\t\t\t\t\t\t<tr class=\"wpetTableLine\">\n\t\t\t\t\t\t\t\t<td class=\"wpetTableCell\">Martes<\/td>\n\t\t\t\t\t\t\t\t<td class=\"wpetTableCell\">Cerrado<\/td>\n\t\t\t\t\t\t\t<\/tr>\n\t\t\t\t\t\t\t\t\t\t\t\t\t\t\t\t\t\t\t\t\t\t\t\t<tr class=\"wpetTableLine\">\n\t\t\t\t\t\t\t\t<td class=\"wpetTableCell\">Mi\u00e9rcoles<\/td>\n\t\t\t\t\t\t\t\t<td class=\"wpetTableCell\">Abierto de 14:00 a 15:30<\/td>\n\t\t\t\t\t\t\t<\/tr>\n\t\t\t\t\t\t\t\t\t\t\t\t\t\t\t\t\t\t\t\t\t\t\t\t<tr class=\"wpetTableLine\">\n\t\t\t\t\t\t\t\t<td class=\"wpetTableCell\">Jueves<\/td>\n\t\t\t\t\t\t\t\t<td class=\"wpetTableCell\">Cerrado<\/td>\n\t\t\t\t\t\t\t<\/tr>\n\t\t\t\t\t\t\t\t\t\t\t\t\t\t\t\t\t\t\t\t\t\t\t\t<tr class=\"wpetTableLine\">\n\t\t\t\t\t\t\t\t<td class=\"wpetTableCell\">Viernes<\/td>\n\t\t\t\t\t\t\t\t<td class=\"wpetTableCell\">Cerrado<\/td>\n\t\t\t\t\t\t\t<\/tr>\n\t\t\t\t\t\t\t\t\t\t\t\t\t\t\t\t\t\t\t\t\t\t\t\t<tr class=\"wpetTableLine\">\n\t\t\t\t\t\t\t\t<td class=\"wpetTableCell\">S\u00e1bado<\/td>\n\t\t\t\t\t\t\t\t<td class=\"wpetTableCell\">Cerrado<\/td>\n\t\t\t\t\t\t\t<\/tr>\n\t\t\t\t\t\t\t\t\t\t\t\t\t\t\t\t\t\t\t\t\t\t\t\t<tr class=\"wpetTableLine\">\n\t\t\t\t\t\t\t\t<td class=\"wpetTableCell\">Domingo<\/td>\n\t\t\t\t\t\t\t\t<td class=\"wpetTableCell\">Cerrado<\/td>\n\t\t\t\t\t\t\t<\/tr>\n\t\t\t\t\t\t\t\t\t\t\t\t\t\t\t<\/table>\n\t\t\t<\/div>\n\t\t        <\/div>\n\t<\/div>\n\n    <\/div>\n\n\n\n    <div class=\"wp-block wp-block-single-sit wp-block-single-sit-tarifs\">\n\n                    <h2>Tarifas<\/h2>\n        \n        \n    <table class=\"wpetTable\">\n                    <tr class=\"wpetTableLine\">\n                <td class=\"wpetTableCell\">\n                    Tasa de adultos                                    <\/td>\n                <td class=\"wpetTableCell\">12 \u20ac<\/td>\n            <\/tr>\n                    <tr class=\"wpetTableLine\">\n                <td class=\"wpetTableCell\">\n                    Otras tarifas                                            <span class=\"wpetTableCell--complement entryMeta\">Visita guiada + taller infantil con merienda (por persona)<\/span>\n                                    <\/td>\n                <td class=\"wpetTableCell\">12,50 \u20ac<\/td>\n            <\/tr>\n                    <tr class=\"wpetTableLine\">\n                <td class=\"wpetTableCell\">\n                    Otras tarifas                                            <span class=\"wpetTableCell--complement entryMeta\">Visita guiada para un grupo <20 personnes<\/span>\n                                    <\/td>\n                <td class=\"wpetTableCell\">180 \u20ac<\/td>\n            <\/tr>\n                    <tr class=\"wpetTableLine\">\n                <td class=\"wpetTableCell\">\n                    Tarifa infantil                                            <span class=\"wpetTableCell--complement entryMeta\">-12 a\u00f1os<\/span>\n                                    <\/td>\n                <td class=\"wpetTableCell\">6 \u20ac<\/td>\n            <\/tr>\n            <\/table>\n\n\n    \n    \n    \n    \n    <\/div>\n\n\n\n\n<hr class=\"wp-block-separator has-alpha-channel-opacity\"\/>\n\n\n<div class=\"wp-block wp-block-highlight\">\n            <h3 class=\"wp-block-highlight-item wp-block-highlight-title\">\u00bfQuiere saber m\u00e1s? <\/h3>\n                <p class=\"wp-block-highlight-item wp-block-highlight-excerpt\">Este hermoso reportaje se ha escrito coincidiendo con el lanzamiento del nuevo<strong> Creil Sud Oise Tourisme, primera revista de destino<\/strong>. <br>En el interior, n<strong>uchos otros art\u00edculos<\/strong> te llevar\u00e1 a conocer <strong>cifras locales<\/strong> y ofrecer <strong>ideas para salir<\/strong><br><strong>Pedido en<\/strong> para recibirlo en papel. <br><strong><a href=\"https:\/\/www.creilsudoise-tourisme.fr\/es\/practica\/folletos\/\" target=\"_blank\" rel=\"noreferrer noopener\">Haga clic aqu\u00ed para realizar el pedido<\/a><\/strong><\/p>\n    <\/div>","protected":false},"excerpt":{"rendered":"<p>Conocimos a Manuel y Anthony, que trabajan en la Clouterie Rivierre de Creil. Un lugar \u00fanico, unas m\u00e1quinas \u00fanicas, unos conocimientos \u00fanicos y... unas personas \u00fanicas. Conozca a Manuel y Anthony, empleados con habilidades \u00fanicas Manuel, pr\u00f3ximo a jubilarse, y Anthony, que lleva 4 a\u00f1os en la empresa, recorren los pasillos de la Clouterie Rivierre [...].<\/p>","protected":false},"author":3,"featured_media":52424,"comment_status":"closed","ping_status":"closed","sticky":false,"template":"","format":"standard","meta":{"_relevanssi_hide_post":"","_relevanssi_hide_content":"","_relevanssi_pin_for_all":"","_relevanssi_pin_keywords":"","_relevanssi_unpin_keywords":"","_relevanssi_related_keywords":"","_relevanssi_related_include_ids":"","_relevanssi_related_exclude_ids":"","_relevanssi_related_no_append":"","_relevanssi_related_not_related":"","_relevanssi_related_posts":"42933,39126,41679,41674,39613,43994","_relevanssi_noindex_reason":""},"categories":[10],"tags":[],"yoast_head":"<!-- This site is optimized with the Yoast SEO plugin v20.2.1 - https:\/\/yoast.com\/wordpress\/plugins\/seo\/ -->\n<title>Clouterie Rivierre : la transmission au c\u0153ur<\/title>\n<meta name=\"description\" content=\"Rencontre avec Manuel et Anthony, d\u00e9tenteurs d&#039;un savoir-faire unique \u00e0 la Clouterie Rivierre \u00e0 Creil, dans l&#039;Oise.\" \/>\n<meta name=\"robots\" content=\"index, follow, max-snippet:-1, max-image-preview:large, max-video-preview:-1\" \/>\n<link rel=\"canonical\" href=\"https:\/\/www.creilsudoise-tourisme.fr\/es\/2024\/02\/22\/manuel-anthony\/\" \/>\n<meta property=\"og:locale\" content=\"es_ES\" \/>\n<meta property=\"og:type\" content=\"article\" \/>\n<meta property=\"og:title\" content=\"Clouterie Rivierre : la transmission au c\u0153ur\" \/>\n<meta property=\"og:description\" content=\"Rencontre avec Manuel et Anthony, d\u00e9tenteurs d&#039;un savoir-faire unique \u00e0 la Clouterie Rivierre \u00e0 Creil, dans l&#039;Oise.\" \/>\n<meta property=\"og:url\" content=\"https:\/\/www.creilsudoise-tourisme.fr\/es\/2024\/02\/22\/manuel-anthony\/\" \/>\n<meta property=\"og:site_name\" content=\"Office de Tourisme Creil Sud Oise\" \/>\n<meta property=\"article:publisher\" content=\"https:\/\/www.facebook.com\/creilsudoisetourisme\/\" \/>\n<meta property=\"article:published_time\" content=\"2024-02-22T15:44:07+00:00\" \/>\n<meta property=\"article:modified_time\" content=\"2024-04-25T08:06:14+00:00\" \/>\n<meta property=\"og:image\" content=\"https:\/\/www.creilsudoise-tourisme.fr\/wp-content\/uploads\/2024\/02\/Anthony-et-Manuel-a-la-Clouterie-Rivierre-a-Creil-10.jpg\" \/>\n\t<meta property=\"og:image:width\" content=\"1480\" \/>\n\t<meta property=\"og:image:height\" content=\"1139\" \/>\n\t<meta property=\"og:image:type\" content=\"image\/jpeg\" \/>\n<meta name=\"author\" content=\"fdubut\" \/>\n<meta name=\"twitter:card\" content=\"summary_large_image\" \/>\n<meta name=\"twitter:creator\" content=\"@CreilSudOiseOT\" \/>\n<meta name=\"twitter:site\" content=\"@CreilSudOiseOT\" \/>\n<meta name=\"twitter:label1\" content=\"Escrito por\" \/>\n\t<meta name=\"twitter:data1\" content=\"fdubut\" \/>\n\t<meta name=\"twitter:label2\" content=\"Tiempo de lectura\" \/>\n\t<meta name=\"twitter:data2\" content=\"5 minutos\" \/>\n<script type=\"application\/ld+json\" class=\"yoast-schema-graph\">{\"@context\":\"https:\/\/schema.org\",\"@graph\":[{\"@type\":\"Article\",\"@id\":\"https:\/\/www.creilsudoise-tourisme.fr\/2024\/02\/22\/manuel-anthony\/#article\",\"isPartOf\":{\"@id\":\"https:\/\/www.creilsudoise-tourisme.fr\/2024\/02\/22\/manuel-anthony\/\"},\"author\":{\"name\":\"fdubut\",\"@id\":\"https:\/\/www.creilsudoise-tourisme.fr\/#\/schema\/person\/c5140d47645b13bee896bfe05f1bd5da\"},\"headline\":\"Clouterie Rivierre : la transmission au c\u0153ur\",\"datePublished\":\"2024-02-22T15:44:07+00:00\",\"dateModified\":\"2024-04-25T08:06:14+00:00\",\"mainEntityOfPage\":{\"@id\":\"https:\/\/www.creilsudoise-tourisme.fr\/2024\/02\/22\/manuel-anthony\/\"},\"wordCount\":1088,\"publisher\":{\"@id\":\"https:\/\/www.creilsudoise-tourisme.fr\/#organization\"},\"articleSection\":[\"Nos ambassadeurs\"],\"inLanguage\":\"es\"},{\"@type\":\"WebPage\",\"@id\":\"https:\/\/www.creilsudoise-tourisme.fr\/2024\/02\/22\/manuel-anthony\/\",\"url\":\"https:\/\/www.creilsudoise-tourisme.fr\/2024\/02\/22\/manuel-anthony\/\",\"name\":\"Clouterie Rivierre : la transmission au c\u0153ur\",\"isPartOf\":{\"@id\":\"https:\/\/www.creilsudoise-tourisme.fr\/#website\"},\"datePublished\":\"2024-02-22T15:44:07+00:00\",\"dateModified\":\"2024-04-25T08:06:14+00:00\",\"description\":\"Rencontre avec Manuel et Anthony, d\u00e9tenteurs d'un savoir-faire unique \u00e0 la Clouterie Rivierre \u00e0 Creil, dans l'Oise.\",\"breadcrumb\":{\"@id\":\"https:\/\/www.creilsudoise-tourisme.fr\/2024\/02\/22\/manuel-anthony\/#breadcrumb\"},\"inLanguage\":\"es\",\"potentialAction\":[{\"@type\":\"ReadAction\",\"target\":[\"https:\/\/www.creilsudoise-tourisme.fr\/2024\/02\/22\/manuel-anthony\/\"]}]},{\"@type\":\"BreadcrumbList\",\"@id\":\"https:\/\/www.creilsudoise-tourisme.fr\/2024\/02\/22\/manuel-anthony\/#breadcrumb\",\"itemListElement\":[{\"@type\":\"ListItem\",\"position\":1,\"name\":\"Accueil\",\"item\":\"https:\/\/www.creilsudoise-tourisme.fr\/\"},{\"@type\":\"ListItem\",\"position\":2,\"name\":\"Clouterie Rivierre : la transmission au c\u0153ur\"}]},{\"@type\":\"WebSite\",\"@id\":\"https:\/\/www.creilsudoise-tourisme.fr\/#website\",\"url\":\"https:\/\/www.creilsudoise-tourisme.fr\/\",\"name\":\"Office de Tourisme Creil Sud Oise\",\"description\":\"Creil Sud Oise Tourisme, un territoire \u00e0 explorer !\",\"publisher\":{\"@id\":\"https:\/\/www.creilsudoise-tourisme.fr\/#organization\"},\"potentialAction\":[{\"@type\":\"SearchAction\",\"target\":{\"@type\":\"EntryPoint\",\"urlTemplate\":\"https:\/\/www.creilsudoise-tourisme.fr\/?s={search_term_string}\"},\"query-input\":\"required name=search_term_string\"}],\"inLanguage\":\"es\"},{\"@type\":\"Organization\",\"@id\":\"https:\/\/www.creilsudoise-tourisme.fr\/#organization\",\"name\":\"Creil Sud Oise Tourisme\",\"url\":\"https:\/\/www.creilsudoise-tourisme.fr\/\",\"logo\":{\"@type\":\"ImageObject\",\"inLanguage\":\"es\",\"@id\":\"https:\/\/www.creilsudoise-tourisme.fr\/#\/schema\/logo\/image\/\",\"url\":\"https:\/\/www.creilsudoise-tourisme.fr\/wp-content\/uploads\/2021\/05\/logo-svg.png\",\"contentUrl\":\"https:\/\/www.creilsudoise-tourisme.fr\/wp-content\/uploads\/2021\/05\/logo-svg.png\",\"width\":182,\"height\":71,\"caption\":\"Creil Sud Oise Tourisme\"},\"image\":{\"@id\":\"https:\/\/www.creilsudoise-tourisme.fr\/#\/schema\/logo\/image\/\"},\"sameAs\":[\"https:\/\/www.facebook.com\/creilsudoisetourisme\/\",\"https:\/\/twitter.com\/CreilSudOiseOT\",\"https:\/\/www.instagram.com\/creilsudoisetourisme\/\",\"https:\/\/www.youtube.com\/channel\/UC8L_QD2wwyADW14zt9fY8kw\"]},{\"@type\":\"Person\",\"@id\":\"https:\/\/www.creilsudoise-tourisme.fr\/#\/schema\/person\/c5140d47645b13bee896bfe05f1bd5da\",\"name\":\"fdubut\",\"image\":{\"@type\":\"ImageObject\",\"inLanguage\":\"es\",\"@id\":\"https:\/\/www.creilsudoise-tourisme.fr\/#\/schema\/person\/image\/\",\"url\":\"https:\/\/secure.gravatar.com\/avatar\/c49bb61337bf4556cafdbcb92c18618d?s=96&d=mm&r=g\",\"contentUrl\":\"https:\/\/secure.gravatar.com\/avatar\/c49bb61337bf4556cafdbcb92c18618d?s=96&d=mm&r=g\",\"caption\":\"fdubut\"},\"url\":\"https:\/\/www.creilsudoise-tourisme.fr\/es\/auteur\/fdubut\/\"}]}<\/script>\n<!-- \/ Yoast SEO plugin. -->","yoast_head_json":{"title":"Clouterie Rivierre : la transmission au c\u0153ur","description":"Rencontre avec Manuel et Anthony, d\u00e9tenteurs d'un savoir-faire unique \u00e0 la Clouterie Rivierre \u00e0 Creil, dans l'Oise.","robots":{"index":"index","follow":"follow","max-snippet":"max-snippet:-1","max-image-preview":"max-image-preview:large","max-video-preview":"max-video-preview:-1"},"canonical":"https:\/\/www.creilsudoise-tourisme.fr\/es\/2024\/02\/22\/manuel-anthony\/","og_locale":"es_ES","og_type":"article","og_title":"Clouterie Rivierre : la transmission au c\u0153ur","og_description":"Rencontre avec Manuel et Anthony, d\u00e9tenteurs d'un savoir-faire unique \u00e0 la Clouterie Rivierre \u00e0 Creil, dans l'Oise.","og_url":"https:\/\/www.creilsudoise-tourisme.fr\/es\/2024\/02\/22\/manuel-anthony\/","og_site_name":"Office de Tourisme Creil Sud Oise","article_publisher":"https:\/\/www.facebook.com\/creilsudoisetourisme\/","article_published_time":"2024-02-22T15:44:07+00:00","article_modified_time":"2024-04-25T08:06:14+00:00","og_image":[{"width":1480,"height":1139,"url":"https:\/\/www.creilsudoise-tourisme.fr\/wp-content\/uploads\/2024\/02\/Anthony-et-Manuel-a-la-Clouterie-Rivierre-a-Creil-10.jpg","type":"image\/jpeg"}],"author":"fdubut","twitter_card":"summary_large_image","twitter_creator":"@CreilSudOiseOT","twitter_site":"@CreilSudOiseOT","twitter_misc":{"Escrito por":"fdubut","Tiempo de lectura":"5 minutos"},"schema":{"@context":"https:\/\/schema.org","@graph":[{"@type":"Article","@id":"https:\/\/www.creilsudoise-tourisme.fr\/2024\/02\/22\/manuel-anthony\/#article","isPartOf":{"@id":"https:\/\/www.creilsudoise-tourisme.fr\/2024\/02\/22\/manuel-anthony\/"},"author":{"name":"fdubut","@id":"https:\/\/www.creilsudoise-tourisme.fr\/#\/schema\/person\/c5140d47645b13bee896bfe05f1bd5da"},"headline":"Clouterie Rivierre : la transmission au c\u0153ur","datePublished":"2024-02-22T15:44:07+00:00","dateModified":"2024-04-25T08:06:14+00:00","mainEntityOfPage":{"@id":"https:\/\/www.creilsudoise-tourisme.fr\/2024\/02\/22\/manuel-anthony\/"},"wordCount":1088,"publisher":{"@id":"https:\/\/www.creilsudoise-tourisme.fr\/#organization"},"articleSection":["Nos ambassadeurs"],"inLanguage":"es"},{"@type":"WebPage","@id":"https:\/\/www.creilsudoise-tourisme.fr\/2024\/02\/22\/manuel-anthony\/","url":"https:\/\/www.creilsudoise-tourisme.fr\/2024\/02\/22\/manuel-anthony\/","name":"Clouterie Rivierre : la transmission au c\u0153ur","isPartOf":{"@id":"https:\/\/www.creilsudoise-tourisme.fr\/#website"},"datePublished":"2024-02-22T15:44:07+00:00","dateModified":"2024-04-25T08:06:14+00:00","description":"Rencontre avec Manuel et Anthony, d\u00e9tenteurs d'un savoir-faire unique \u00e0 la Clouterie Rivierre \u00e0 Creil, dans l'Oise.","breadcrumb":{"@id":"https:\/\/www.creilsudoise-tourisme.fr\/2024\/02\/22\/manuel-anthony\/#breadcrumb"},"inLanguage":"es","potentialAction":[{"@type":"ReadAction","target":["https:\/\/www.creilsudoise-tourisme.fr\/2024\/02\/22\/manuel-anthony\/"]}]},{"@type":"BreadcrumbList","@id":"https:\/\/www.creilsudoise-tourisme.fr\/2024\/02\/22\/manuel-anthony\/#breadcrumb","itemListElement":[{"@type":"ListItem","position":1,"name":"Accueil","item":"https:\/\/www.creilsudoise-tourisme.fr\/"},{"@type":"ListItem","position":2,"name":"Clouterie Rivierre : la transmission au c\u0153ur"}]},{"@type":"WebSite","@id":"https:\/\/www.creilsudoise-tourisme.fr\/#website","url":"https:\/\/www.creilsudoise-tourisme.fr\/","name":"Office de Tourisme Creil Sud Oise","description":"Creil Sud Oise Tourisme, un territoire \u00e0 explorer !","publisher":{"@id":"https:\/\/www.creilsudoise-tourisme.fr\/#organization"},"potentialAction":[{"@type":"SearchAction","target":{"@type":"EntryPoint","urlTemplate":"https:\/\/www.creilsudoise-tourisme.fr\/?s={search_term_string}"},"query-input":"required name=search_term_string"}],"inLanguage":"es"},{"@type":"Organization","@id":"https:\/\/www.creilsudoise-tourisme.fr\/#organization","name":"Creil Sud Oise Tourisme","url":"https:\/\/www.creilsudoise-tourisme.fr\/","logo":{"@type":"ImageObject","inLanguage":"es","@id":"https:\/\/www.creilsudoise-tourisme.fr\/#\/schema\/logo\/image\/","url":"https:\/\/www.creilsudoise-tourisme.fr\/wp-content\/uploads\/2021\/05\/logo-svg.png","contentUrl":"https:\/\/www.creilsudoise-tourisme.fr\/wp-content\/uploads\/2021\/05\/logo-svg.png","width":182,"height":71,"caption":"Creil Sud Oise Tourisme"},"image":{"@id":"https:\/\/www.creilsudoise-tourisme.fr\/#\/schema\/logo\/image\/"},"sameAs":["https:\/\/www.facebook.com\/creilsudoisetourisme\/","https:\/\/twitter.com\/CreilSudOiseOT","https:\/\/www.instagram.com\/creilsudoisetourisme\/","https:\/\/www.youtube.com\/channel\/UC8L_QD2wwyADW14zt9fY8kw"]},{"@type":"Person","@id":"https:\/\/www.creilsudoise-tourisme.fr\/#\/schema\/person\/c5140d47645b13bee896bfe05f1bd5da","name":"fdubut","image":{"@type":"ImageObject","inLanguage":"es","@id":"https:\/\/www.creilsudoise-tourisme.fr\/#\/schema\/person\/image\/","url":"https:\/\/secure.gravatar.com\/avatar\/c49bb61337bf4556cafdbcb92c18618d?s=96&d=mm&r=g","contentUrl":"https:\/\/secure.gravatar.com\/avatar\/c49bb61337bf4556cafdbcb92c18618d?s=96&d=mm&r=g","caption":"fdubut"},"url":"https:\/\/www.creilsudoise-tourisme.fr\/es\/auteur\/fdubut\/"}]}},"_links":{"self":[{"href":"https:\/\/www.creilsudoise-tourisme.fr\/es\/wp-json\/wp\/v2\/posts\/52404"}],"collection":[{"href":"https:\/\/www.creilsudoise-tourisme.fr\/es\/wp-json\/wp\/v2\/posts"}],"about":[{"href":"https:\/\/www.creilsudoise-tourisme.fr\/es\/wp-json\/wp\/v2\/types\/post"}],"author":[{"embeddable":true,"href":"https:\/\/www.creilsudoise-tourisme.fr\/es\/wp-json\/wp\/v2\/users\/3"}],"replies":[{"embeddable":true,"href":"https:\/\/www.creilsudoise-tourisme.fr\/es\/wp-json\/wp\/v2\/comments?post=52404"}],"version-history":[{"count":33,"href":"https:\/\/www.creilsudoise-tourisme.fr\/es\/wp-json\/wp\/v2\/posts\/52404\/revisions"}],"predecessor-version":[{"id":53323,"href":"https:\/\/www.creilsudoise-tourisme.fr\/es\/wp-json\/wp\/v2\/posts\/52404\/revisions\/53323"}],"wp:featuredmedia":[{"embeddable":true,"href":"https:\/\/www.creilsudoise-tourisme.fr\/es\/wp-json\/wp\/v2\/media\/52424"}],"wp:attachment":[{"href":"https:\/\/www.creilsudoise-tourisme.fr\/es\/wp-json\/wp\/v2\/media?parent=52404"}],"wp:term":[{"taxonomy":"category","embeddable":true,"href":"https:\/\/www.creilsudoise-tourisme.fr\/es\/wp-json\/wp\/v2\/categories?post=52404"},{"taxonomy":"post_tag","embeddable":true,"href":"https:\/\/www.creilsudoise-tourisme.fr\/es\/wp-json\/wp\/v2\/tags?post=52404"}],"curies":[{"name":"wp","href":"https:\/\/api.w.org\/{rel}","templated":true}]}}