{"id":43994,"date":"2023-01-09T15:43:36","date_gmt":"2023-01-09T14:43:36","guid":{"rendered":"https:\/\/www.creilsudoise-tourisme.fr\/?p=43994"},"modified":"2023-05-09T15:27:31","modified_gmt":"2023-05-09T13:27:31","slug":"bernard-beaudet","status":"publish","type":"post","link":"https:\/\/www.creilsudoise-tourisme.fr\/es\/2023\/01\/09\/bernard-beaudet\/","title":{"rendered":"Bernard Beaudet, Presidente del Club N\u00e1utico"},"content":{"rendered":"<p class=\"is-style-excerpt\">Cada mes, le invitamos a&nbsp;<strong>Descubra Creil Sud Oise de otra manera<\/strong>&nbsp;a trav\u00e9s de&nbsp;<strong>el retrato de 12 Embajadores del Turismo&nbsp;<\/strong>\u00a1que act\u00faan a diario en favor del turismo en el sur del Oise!<\/p>\n\n\n\n<h2>Bernard Beaudet<\/h2>\n\n\n\n<h3>Presidente del Club N\u00e1utico de Saint-Leu-d'Esserent<\/h3>\n\n\n\n<p>\u00bfSab\u00eda que es <strong>posibilidad de navegar en Saint-Leu-d'Esserent<\/strong>&nbsp;? S\u00ed! A s\u00f3lo unas decenas de kil\u00f3metros de Par\u00eds (y mucho m\u00e1s lejos del mar), la Soci\u00e9t\u00e9 des r\u00e9gates et comp\u00e9titions du Sud de l'Oise ofrece la posibilidad de navegar a remo, vela, optimist... <strong>Bernard Beaudet, presidente de este Club N\u00e1utico<\/strong>es un <strong>implacable<\/strong> (\u00a1la pasi\u00f3n no era lo suficientemente fuerte!) \u00a1de navegaci\u00f3n! <strong>Una determinaci\u00f3n que transmite con pasi\u00f3n...<\/strong><\/p>\n\n\n\n<figure class=\"wp-block-image size-large\"><img decoding=\"async\" loading=\"lazy\" width=\"1200\" height=\"675\" data-src=\"https:\/\/www.creilsudoise-tourisme.fr\/wp-content\/uploads\/2023\/01\/DSC05071-1200x675.jpg\" alt=\"Club N\u00e1utico de Base\" class=\"wp-image-44004\" data-srcset=\"https:\/\/www.creilsudoise-tourisme.fr\/wp-content\/uploads\/2023\/01\/DSC05071-1200x675.jpg 1200w, https:\/\/www.creilsudoise-tourisme.fr\/wp-content\/uploads\/2023\/01\/DSC05071-600x338.jpg 600w, https:\/\/www.creilsudoise-tourisme.fr\/wp-content\/uploads\/2023\/01\/DSC05071-900x507.jpg 900w, https:\/\/www.creilsudoise-tourisme.fr\/wp-content\/uploads\/2023\/01\/DSC05071-200x113.jpg 200w, https:\/\/www.creilsudoise-tourisme.fr\/wp-content\/uploads\/2023\/01\/DSC05071-650x366.jpg 650w, https:\/\/www.creilsudoise-tourisme.fr\/wp-content\/uploads\/2023\/01\/DSC05071-387x218.jpg 387w, https:\/\/www.creilsudoise-tourisme.fr\/wp-content\/uploads\/2023\/01\/DSC05071.jpg 1480w\" sizes=\"(max-width: 1200px) 100vw, 1200px\" \/><\/figure>\n\n\n\n<h3>Club N\u00e1utico de Saint-Leu-d'Esserent<\/h3>\n\n\n\n<p>Se encuentra en un <strong>antigua gravera de 22 hect\u00e1reas<\/strong> agua (de la que se extra\u00eda arena hasta los a\u00f1os 60), que el <strong>Sociedad de Regatas de Creil<\/strong> (SRC) zarp\u00f3 hace 50 a\u00f1os, en 1972. En aquella \u00e9poca, un antiguo barrac\u00f3n de la SNCF de posguerra serv\u00eda de sede del club. &nbsp;<\/p>\n\n\n\n<div class=\"is-layout-flex wp-container-3 wp-block-columns\">\n<div class=\"is-layout-flow wp-block-column\"><div class=\"wp-block-image\">\n<figure class=\"alignright size-large\"><img decoding=\"async\" loading=\"lazy\" width=\"1200\" height=\"726\" data-src=\"https:\/\/www.creilsudoise-tourisme.fr\/wp-content\/uploads\/2023\/01\/ancien-local-1200x726.jpg\" alt=\"Antiguas instalaciones del Club N\u00e1utico\" class=\"wp-image-43996\" data-srcset=\"https:\/\/www.creilsudoise-tourisme.fr\/wp-content\/uploads\/2023\/01\/ancien-local-1200x726.jpg 1200w, https:\/\/www.creilsudoise-tourisme.fr\/wp-content\/uploads\/2023\/01\/ancien-local-600x363.jpg 600w, https:\/\/www.creilsudoise-tourisme.fr\/wp-content\/uploads\/2023\/01\/ancien-local-900x545.jpg 900w, https:\/\/www.creilsudoise-tourisme.fr\/wp-content\/uploads\/2023\/01\/ancien-local-200x121.jpg 200w, https:\/\/www.creilsudoise-tourisme.fr\/wp-content\/uploads\/2023\/01\/ancien-local-650x394.jpg 650w, https:\/\/www.creilsudoise-tourisme.fr\/wp-content\/uploads\/2023\/01\/ancien-local-416x251.jpg 416w, https:\/\/www.creilsudoise-tourisme.fr\/wp-content\/uploads\/2023\/01\/ancien-local-387x234.jpg 387w, https:\/\/www.creilsudoise-tourisme.fr\/wp-content\/uploads\/2023\/01\/ancien-local.jpg 1480w\" sizes=\"(max-width: 1200px) 100vw, 1200px\" \/><\/figure><\/div><\/div>\n\n\n\n<div class=\"is-layout-flow wp-block-column\"><div class=\"wp-block-image\">\n<figure class=\"alignleft size-large is-resized\"><img decoding=\"async\" loading=\"lazy\" data-src=\"https:\/\/www.creilsudoise-tourisme.fr\/wp-content\/uploads\/2023\/01\/DSC05063-1200x675.jpg\" alt=\"Club N\u00e1utico de Base\" class=\"wp-image-44003\" width=\"396\" height=\"223\" data-srcset=\"https:\/\/www.creilsudoise-tourisme.fr\/wp-content\/uploads\/2023\/01\/DSC05063-1200x675.jpg 1200w, https:\/\/www.creilsudoise-tourisme.fr\/wp-content\/uploads\/2023\/01\/DSC05063-600x338.jpg 600w, https:\/\/www.creilsudoise-tourisme.fr\/wp-content\/uploads\/2023\/01\/DSC05063-900x507.jpg 900w, https:\/\/www.creilsudoise-tourisme.fr\/wp-content\/uploads\/2023\/01\/DSC05063-200x113.jpg 200w, https:\/\/www.creilsudoise-tourisme.fr\/wp-content\/uploads\/2023\/01\/DSC05063-650x366.jpg 650w, https:\/\/www.creilsudoise-tourisme.fr\/wp-content\/uploads\/2023\/01\/DSC05063-387x218.jpg 387w, https:\/\/www.creilsudoise-tourisme.fr\/wp-content\/uploads\/2023\/01\/DSC05063.jpg 1480w\" sizes=\"(max-width: 396px) 100vw, 396px\" \/><\/figure><\/div><\/div>\n<\/div>\n\n\n\n<figure class=\"wp-block-image size-large\"><img decoding=\"async\" loading=\"lazy\" width=\"1200\" height=\"675\" data-src=\"https:\/\/www.creilsudoise-tourisme.fr\/wp-content\/uploads\/2023\/01\/DSC05060-1200x675.jpg\" alt=\"Club N\u00e1utico de Base\" class=\"wp-image-44002\" data-srcset=\"https:\/\/www.creilsudoise-tourisme.fr\/wp-content\/uploads\/2023\/01\/DSC05060-1200x675.jpg 1200w, https:\/\/www.creilsudoise-tourisme.fr\/wp-content\/uploads\/2023\/01\/DSC05060-600x338.jpg 600w, https:\/\/www.creilsudoise-tourisme.fr\/wp-content\/uploads\/2023\/01\/DSC05060-900x507.jpg 900w, https:\/\/www.creilsudoise-tourisme.fr\/wp-content\/uploads\/2023\/01\/DSC05060-200x113.jpg 200w, https:\/\/www.creilsudoise-tourisme.fr\/wp-content\/uploads\/2023\/01\/DSC05060-650x366.jpg 650w, https:\/\/www.creilsudoise-tourisme.fr\/wp-content\/uploads\/2023\/01\/DSC05060-387x218.jpg 387w, https:\/\/www.creilsudoise-tourisme.fr\/wp-content\/uploads\/2023\/01\/DSC05060.jpg 1480w\" sizes=\"(max-width: 1200px) 100vw, 1200px\" \/><\/figure>\n\n\n\n<p>En 1977, Bernard trabaj\u00f3 en la Base de Loisirs llamada BSL (justo al lado del Club N\u00e1utico), entonces gestionada por el Service Jeunesse et Sport del departamento de Oise. Durante 10 a\u00f1os fue monitor de windsurf y, tras el cierre de la Base Departamental, se incorpor\u00f3 a la Soci\u00e9t\u00e9 des r\u00e9gates de Creil como miembro de la F\u00e9d\u00e9ration Fran\u00e7aise de Voile. Posteriormente se convirti\u00f3 en entrenador, antes de llegar a ser Presidente de la Soci\u00e9t\u00e9 des r\u00e9gates de Creil en 1989. Bernard es tambi\u00e9n <strong>Comit\u00e9 de regatas, jurado y entrenador para las regatas regionales<\/strong>&nbsp;a <strong>un verdadero apasionado de la vela<\/strong>Se lo dijimos.<\/p>\n\n\n\n<p>El Club N\u00e1utico evoluciona y se ampl\u00eda tras su destrucci\u00f3n por un incendio en 1997. Una confortable sala sustituye a la caba\u00f1a y muchas embarcaciones fondean ahora en las orillas del lago. Se convirti\u00f3 en <strong>Soci\u00e9t\u00e9 des R\u00e9gates et Comp\u00e9tition Sud-Oise en 2010<\/strong>. En 2019, el Club recibe una generosa donaci\u00f3n: un <strong>Velero de 10 metros<\/strong> que los miembros de la asociaci\u00f3n tardar\u00e1n 3 a\u00f1os en renovar. <strong>Su nombre: Justine. Su puerto base: Dieppe.<\/strong><\/p>\n\n\n\n<p>Lejos de encerrarse en s\u00ed misma, la asociaci\u00f3n <strong>acoge regularmente a centros de ocio y particulares<\/strong> para cursos de deportes acu\u00e1ticos en verano, organiza un <strong>evento de telet\u00f3n<\/strong>, <strong>trabajo para los veraneantes olvidados<\/strong>... Tambi\u00e9n intercambian con <strong>Apprentis d'Auteuil para pr\u00e1cticas<\/strong> y <strong>clases <\/strong><strong>SEGPA de los colegios Michelet y Rousseau de Creil<\/strong> \u00a1para la realizaci\u00f3n de proyectos tales como la construcci\u00f3n de una cochera y otras instalaciones para el club, as\u00ed como el proyecto de renovaci\u00f3n de una goleta llamada Loup de Mer!<\/p>\n\n\n\n<p>El Club <strong>tambi\u00e9n organiza regatas<\/strong> y, en octubre de 2022, la asociaci\u00f3n organiz\u00f3 por primera vez un <strong>Evento nacional: el Open Tour para j\u00f3venes de 11 a 15 a\u00f1os<\/strong> se celebr\u00f3 en Saint-Leu-d'Esserent y reuni\u00f3 a cerca de 75 embarcaciones Open-Skiff de toda Francia.<\/p>\n\n\n\n<figure class=\"wp-block-image alignfull size-large\"><img decoding=\"async\" loading=\"lazy\" width=\"1200\" height=\"675\" data-src=\"https:\/\/www.creilsudoise-tourisme.fr\/wp-content\/uploads\/2023\/01\/310920387_527792032686969_7828047795805630370_n-1200x675.jpg\" alt=\"Regata en la base n\u00e1utica\" class=\"wp-image-43995\" data-srcset=\"https:\/\/www.creilsudoise-tourisme.fr\/wp-content\/uploads\/2023\/01\/310920387_527792032686969_7828047795805630370_n-1200x675.jpg 1200w, https:\/\/www.creilsudoise-tourisme.fr\/wp-content\/uploads\/2023\/01\/310920387_527792032686969_7828047795805630370_n-600x338.jpg 600w, https:\/\/www.creilsudoise-tourisme.fr\/wp-content\/uploads\/2023\/01\/310920387_527792032686969_7828047795805630370_n-900x507.jpg 900w, https:\/\/www.creilsudoise-tourisme.fr\/wp-content\/uploads\/2023\/01\/310920387_527792032686969_7828047795805630370_n-200x113.jpg 200w, https:\/\/www.creilsudoise-tourisme.fr\/wp-content\/uploads\/2023\/01\/310920387_527792032686969_7828047795805630370_n-650x366.jpg 650w, https:\/\/www.creilsudoise-tourisme.fr\/wp-content\/uploads\/2023\/01\/310920387_527792032686969_7828047795805630370_n-387x218.jpg 387w, https:\/\/www.creilsudoise-tourisme.fr\/wp-content\/uploads\/2023\/01\/310920387_527792032686969_7828047795805630370_n.jpg 1480w\" sizes=\"(max-width: 1200px) 100vw, 1200px\" \/><\/figure>\n\n\n\n<h3>Aprender a navegar<\/h3>\n\n\n\n<p>En la actualidad, la asociaci\u00f3n cuenta con <strong>cerca de 200 miembros<\/strong>La mayor\u00eda de ellos proceden de la regi\u00f3n de Oise y, m\u00e1s concretamente, de los alrededores de Saint-Leu-d'Esserent y, en ocasiones, de regiones m\u00e1s lejanas, como el Aube y el Morbihan.<\/p>\n\n\n\n<p>En <strong>los instructores (incluido Bernard) son todos voluntarios<\/strong> y se comprometen a <strong>transmitir sus conocimientos<\/strong>&nbsp;Conocer el viento, anticiparse, navegar, seguir el lay line... y todo eso <strong>de buen humor y en perfecta autonom\u00eda<\/strong>. Aqu\u00ed, el material est\u00e1 a disposici\u00f3n de todos, cada uno acompa\u00f1a al otro para ayudarle a evolucionar. Y esto, \u00a1todos los d\u00edas del a\u00f1o! El lema del Club es : <strong>Venga cuando quiera, el tiempo que quiera, \u00a1porque estamos en Saint-Leu! <\/strong>y su eslogan: <strong>La vela en la vida cotidiana<\/strong><\/p>\n\n\n\n<div class=\"is-layout-flex wp-container-6 wp-block-columns\">\n<div class=\"is-layout-flow wp-block-column\"><div class=\"wp-block-image\">\n<figure class=\"alignright size-large\"><img decoding=\"async\" loading=\"lazy\" width=\"1200\" height=\"675\" data-src=\"https:\/\/www.creilsudoise-tourisme.fr\/wp-content\/uploads\/2023\/01\/DSC04757-1200x675.jpg\" alt=\"Club N\u00e1utico de Base\" class=\"wp-image-44000\" data-srcset=\"https:\/\/www.creilsudoise-tourisme.fr\/wp-content\/uploads\/2023\/01\/DSC04757-1200x675.jpg 1200w, https:\/\/www.creilsudoise-tourisme.fr\/wp-content\/uploads\/2023\/01\/DSC04757-600x338.jpg 600w, https:\/\/www.creilsudoise-tourisme.fr\/wp-content\/uploads\/2023\/01\/DSC04757-900x507.jpg 900w, https:\/\/www.creilsudoise-tourisme.fr\/wp-content\/uploads\/2023\/01\/DSC04757-200x113.jpg 200w, https:\/\/www.creilsudoise-tourisme.fr\/wp-content\/uploads\/2023\/01\/DSC04757-650x366.jpg 650w, https:\/\/www.creilsudoise-tourisme.fr\/wp-content\/uploads\/2023\/01\/DSC04757-387x218.jpg 387w, https:\/\/www.creilsudoise-tourisme.fr\/wp-content\/uploads\/2023\/01\/DSC04757.jpg 1480w\" sizes=\"(max-width: 1200px) 100vw, 1200px\" \/><\/figure><\/div><\/div>\n\n\n\n<div class=\"is-layout-flow wp-block-column\"><div class=\"wp-block-image\">\n<figure class=\"alignleft size-large\"><img decoding=\"async\" loading=\"lazy\" width=\"1200\" height=\"675\" data-src=\"https:\/\/www.creilsudoise-tourisme.fr\/wp-content\/uploads\/2023\/01\/DSC04761-1200x675.jpg\" alt=\"Club N\u00e1utico de Base\" class=\"wp-image-44001\" data-srcset=\"https:\/\/www.creilsudoise-tourisme.fr\/wp-content\/uploads\/2023\/01\/DSC04761-1200x675.jpg 1200w, https:\/\/www.creilsudoise-tourisme.fr\/wp-content\/uploads\/2023\/01\/DSC04761-600x338.jpg 600w, https:\/\/www.creilsudoise-tourisme.fr\/wp-content\/uploads\/2023\/01\/DSC04761-900x507.jpg 900w, https:\/\/www.creilsudoise-tourisme.fr\/wp-content\/uploads\/2023\/01\/DSC04761-200x113.jpg 200w, https:\/\/www.creilsudoise-tourisme.fr\/wp-content\/uploads\/2023\/01\/DSC04761-650x366.jpg 650w, https:\/\/www.creilsudoise-tourisme.fr\/wp-content\/uploads\/2023\/01\/DSC04761-387x218.jpg 387w, https:\/\/www.creilsudoise-tourisme.fr\/wp-content\/uploads\/2023\/01\/DSC04761.jpg 1480w\" sizes=\"(max-width: 1200px) 100vw, 1200px\" \/><\/figure><\/div><\/div>\n<\/div>\n\n\n\n<p>Los miembros se entrenan primero en el agua, donde se codean con <strong>paddle, dinghy, mini catamar\u00e1n, open bic, optimist o canoas<\/strong>Tras unos a\u00f1os de formaci\u00f3n, podr\u00e1n navegar a bordo del Justine, el velero de 10 metros con base en Dieppe. Algunos tomar\u00e1n entonces el <strong>diploma de instructor<\/strong> en el lago de Saint-Leu-d'Esserent, otros ir\u00e1n al <strong>Campeonato de Francia<\/strong>y otros, como el <a href=\"https:\/\/www.youtube.com\/@vancofamily\" target=\"_blank\" rel=\"noreferrer noopener\"><strong>Vancofamily<\/strong><\/a>cuyos v\u00eddeos pueden verse en su canal de Youtube, \u00a1pasar\u00e1n todo su tiempo libre en su barco!<\/p>\n\n\n\n<p><\/p>\n\n\n\n<p><\/p>\n\n\n<div class=\"wp-block wp-block-highlight\">\n            <h3 class=\"wp-block-highlight-item wp-block-highlight-title\">\u00bfLo sab\u00edas?<\/h3>\n                <p class=\"wp-block-highlight-item wp-block-highlight-excerpt\">Gracias a dos embarcaciones colectivas, el Club N\u00e1utico de Saint-Leu-d'Esserent est\u00e1 <strong>equipado para la acogida de personas con discapacidad ps\u00edquica.<\/strong><\/p>\n    <\/div>\n\n\n<h3>Las actividades del Club N\u00e1utico<\/h3>\n\n\n\n<p>Si el lema es venir cuando quieras, el <strong>El Club N\u00e1utico de Saint-Leu-d'Esserent ofrece 2 encuentros semanales para practicar, formarse y adquirir la experiencia necesaria para ser aut\u00f3nomo.<\/strong><\/p>\n\n\n\n<figure class=\"wp-block-image size-large\"><img decoding=\"async\" loading=\"lazy\" width=\"1200\" height=\"675\" data-src=\"https:\/\/www.creilsudoise-tourisme.fr\/wp-content\/uploads\/2023\/01\/OTCSO_base_nautique_2021_mai-3-1200x675.jpg\" alt=\"Club N\u00e1utico de Base\" class=\"wp-image-44008\" data-srcset=\"https:\/\/www.creilsudoise-tourisme.fr\/wp-content\/uploads\/2023\/01\/OTCSO_base_nautique_2021_mai-3-1200x675.jpg 1200w, https:\/\/www.creilsudoise-tourisme.fr\/wp-content\/uploads\/2023\/01\/OTCSO_base_nautique_2021_mai-3-600x337.jpg 600w, https:\/\/www.creilsudoise-tourisme.fr\/wp-content\/uploads\/2023\/01\/OTCSO_base_nautique_2021_mai-3-900x506.jpg 900w, https:\/\/www.creilsudoise-tourisme.fr\/wp-content\/uploads\/2023\/01\/OTCSO_base_nautique_2021_mai-3-200x112.jpg 200w, https:\/\/www.creilsudoise-tourisme.fr\/wp-content\/uploads\/2023\/01\/OTCSO_base_nautique_2021_mai-3-650x365.jpg 650w, https:\/\/www.creilsudoise-tourisme.fr\/wp-content\/uploads\/2023\/01\/OTCSO_base_nautique_2021_mai-3-387x218.jpg 387w, https:\/\/www.creilsudoise-tourisme.fr\/wp-content\/uploads\/2023\/01\/OTCSO_base_nautique_2021_mai-3.jpg 1480w\" sizes=\"(max-width: 1200px) 100vw, 1200px\" \/><\/figure>\n\n\n\n<p>Para el <strong>j\u00f3venes de 7 a 18-20 a\u00f1os<\/strong>Se ofrece una sesi\u00f3n de 4 horas <strong>S\u00e1bados por la tarde<\/strong>todo el a\u00f1o, salvo vacaciones escolares, y <strong>haga el tiempo que haga<\/strong>&nbsp;\u00a1! Es <strong>la escuela de vela \"Les P'tits Loups<\/strong> (en referencia a \"leu\" de Saint-Leu-d'Esserent, que significa \"lobo\"). Es importante <strong>participar plenamente en esta disciplina tan exigente<\/strong> que requiere <strong>mucha diligencia para evolucionar y mejorar<\/strong>. De los 12 j\u00f3venes que participan actualmente en el curso, destacan los siguientes, <strong>\u00a16 est\u00e1n en el campeonato de Francia!<\/strong><\/p>\n\n\n\n<p>Para el <strong>adultos<\/strong>cita <strong>todos los domingos por la ma\u00f1ana, de 10.00 a 12.30 horas<\/strong> con el <strong>\"Trabajo de domingo por la ma\u00f1ana\".<\/strong>&nbsp;\u00a1! Aprenden a navegar en el agua y luego a navegar en el mar.<\/p>\n\n\n\n<p>El a\u00f1o comienza en septiembre, mes durante el cual los nuevos miembros siguen cursos t\u00e9cnicos, y luego navegan en plan todo el a\u00f1o. Se necesitan 3 meses de experiencia para adquirir cierta autonom\u00eda, y 1 a\u00f1o para poder apadrinar a un principiante.<\/p>\n\n\n\n<p><\/p>\n\n\n\n<p><\/p>\n\n\n<div class=\"wp-block wp-block-highlight\">\n            <h3 class=\"wp-block-highlight-item wp-block-highlight-title\">Es bueno saberlo<\/h3>\n                <p class=\"wp-block-highlight-item wp-block-highlight-excerpt\"><strong>La entrada al Club N\u00e1utico se encuentra a la salida de Saint-Leu-d'Esserent<\/strong>En direcci\u00f3n a Pr\u00e9cy-sur-Oise, carretera departamental 92, frente a Villers-Sous-Saint-Leu.<\/p>\n    <\/div>\n\n\n<hr class=\"wp-block-separator has-css-opacity\"\/>\n\n\n\n<figure class=\"wp-block-embed is-type-video is-provider-youtube wp-block-embed-youtube wp-embed-aspect-4-3 wp-has-aspect-ratio\"><div class=\"wp-block-embed__wrapper\">\n<iframe loading=\"lazy\" title=\"Descubrir Saint Leu d&#039;Esserent con Bernard Beaudet\" width=\"500\" height=\"375\" data-src=\"https:\/\/www.youtube.com\/embed\/JDUED2_tXxg?feature=oembed\" frameborder=\"0\" allow=\"accelerometer; autoplay; clipboard-write; encrypted-media; gyroscope; picture-in-picture; web-share\" allowfullscreen><\/iframe>\n<\/div><\/figure>","protected":false},"excerpt":{"rendered":"<p>Cada mes, le invitamos a descubrir la regi\u00f3n de Creil Sud Oise de una forma diferente: \u00a1a trav\u00e9s de los retratos de 12 Embajadores del Turismo que trabajan a diario por el turismo en el sur de Oise! Bernard Beaudet Presidente del Club N\u00e1utico de Saint-Leu-d'Esserent \u00bfSab\u00eda que es posible practicar la vela en Saint-Leu-d'Esserent? S\u00ed, en [...]<\/p>","protected":false},"author":3,"featured_media":43998,"comment_status":"closed","ping_status":"closed","sticky":false,"template":"","format":"standard","meta":{"_relevanssi_hide_post":"","_relevanssi_hide_content":"","_relevanssi_pin_for_all":"","_relevanssi_pin_keywords":"","_relevanssi_unpin_keywords":"","_relevanssi_related_keywords":"","_relevanssi_related_include_ids":"","_relevanssi_related_exclude_ids":"","_relevanssi_related_no_append":"","_relevanssi_related_not_related":"","_relevanssi_related_posts":"40150,39613,32820,37951,39942,37932","_relevanssi_noindex_reason":""},"categories":[10],"tags":[],"yoast_head":"<!-- This site is optimized with the Yoast SEO plugin v20.2.1 - https:\/\/yoast.com\/wordpress\/plugins\/seo\/ -->\n<title>Bernard Beaudet, pr\u00e9sident du Club de Voile de Saint-Leu-d&#039;Esserent<\/title>\n<meta name=\"description\" content=\"D\u00e9couvrez le territoire Creil Sud Oise \u00e0 travers un article et une interview sur un ambassadeur passionn\u00e9 ! Ce mois-ci, c&#039;est Bernard Beaudet\" \/>\n<meta name=\"robots\" content=\"index, follow, max-snippet:-1, max-image-preview:large, max-video-preview:-1\" \/>\n<link rel=\"canonical\" href=\"https:\/\/www.creilsudoise-tourisme.fr\/es\/2023\/01\/09\/bernard-beaudet\/\" \/>\n<meta property=\"og:locale\" content=\"es_ES\" \/>\n<meta property=\"og:type\" content=\"article\" \/>\n<meta property=\"og:title\" content=\"Bernard Beaudet, pr\u00e9sident du Club de Voile de Saint-Leu-d&#039;Esserent\" \/>\n<meta property=\"og:description\" content=\"D\u00e9couvrez le territoire Creil Sud Oise \u00e0 travers un article et une interview sur un ambassadeur passionn\u00e9 ! Ce mois-ci, c&#039;est Bernard Beaudet\" \/>\n<meta property=\"og:url\" content=\"https:\/\/www.creilsudoise-tourisme.fr\/es\/2023\/01\/09\/bernard-beaudet\/\" \/>\n<meta property=\"og:site_name\" content=\"Office de Tourisme Creil Sud Oise\" \/>\n<meta property=\"article:publisher\" content=\"https:\/\/www.facebook.com\/creilsudoisetourisme\/\" \/>\n<meta property=\"article:published_time\" content=\"2023-01-09T14:43:36+00:00\" \/>\n<meta property=\"article:modified_time\" content=\"2023-05-09T13:27:31+00:00\" \/>\n<meta property=\"og:image\" content=\"https:\/\/www.creilsudoise-tourisme.fr\/wp-content\/uploads\/2023\/01\/Bernard.jpg\" \/>\n\t<meta property=\"og:image:width\" content=\"640\" \/>\n\t<meta property=\"og:image:height\" content=\"570\" \/>\n\t<meta property=\"og:image:type\" content=\"image\/jpeg\" \/>\n<meta name=\"author\" content=\"fdubut\" \/>\n<meta name=\"twitter:card\" content=\"summary_large_image\" \/>\n<meta name=\"twitter:creator\" content=\"@CreilSudOiseOT\" \/>\n<meta name=\"twitter:site\" content=\"@CreilSudOiseOT\" \/>\n<meta name=\"twitter:label1\" content=\"Escrito por\" \/>\n\t<meta name=\"twitter:data1\" content=\"fdubut\" \/>\n\t<meta name=\"twitter:label2\" content=\"Tiempo de lectura\" \/>\n\t<meta name=\"twitter:data2\" content=\"6 minutos\" \/>\n<script type=\"application\/ld+json\" class=\"yoast-schema-graph\">{\"@context\":\"https:\/\/schema.org\",\"@graph\":[{\"@type\":\"Article\",\"@id\":\"https:\/\/www.creilsudoise-tourisme.fr\/2023\/01\/09\/bernard-beaudet\/#article\",\"isPartOf\":{\"@id\":\"https:\/\/www.creilsudoise-tourisme.fr\/2023\/01\/09\/bernard-beaudet\/\"},\"author\":{\"name\":\"fdubut\",\"@id\":\"https:\/\/www.creilsudoise-tourisme.fr\/#\/schema\/person\/c5140d47645b13bee896bfe05f1bd5da\"},\"headline\":\"Bernard Beaudet, pr\u00e9sident du Club de voile\",\"datePublished\":\"2023-01-09T14:43:36+00:00\",\"dateModified\":\"2023-05-09T13:27:31+00:00\",\"mainEntityOfPage\":{\"@id\":\"https:\/\/www.creilsudoise-tourisme.fr\/2023\/01\/09\/bernard-beaudet\/\"},\"wordCount\":1056,\"publisher\":{\"@id\":\"https:\/\/www.creilsudoise-tourisme.fr\/#organization\"},\"articleSection\":[\"Nos ambassadeurs\"],\"inLanguage\":\"es\"},{\"@type\":\"WebPage\",\"@id\":\"https:\/\/www.creilsudoise-tourisme.fr\/2023\/01\/09\/bernard-beaudet\/\",\"url\":\"https:\/\/www.creilsudoise-tourisme.fr\/2023\/01\/09\/bernard-beaudet\/\",\"name\":\"Bernard Beaudet, pr\u00e9sident du Club de Voile de Saint-Leu-d'Esserent\",\"isPartOf\":{\"@id\":\"https:\/\/www.creilsudoise-tourisme.fr\/#website\"},\"datePublished\":\"2023-01-09T14:43:36+00:00\",\"dateModified\":\"2023-05-09T13:27:31+00:00\",\"description\":\"D\u00e9couvrez le territoire Creil Sud Oise \u00e0 travers un article et une interview sur un ambassadeur passionn\u00e9 ! Ce mois-ci, c'est Bernard Beaudet\",\"breadcrumb\":{\"@id\":\"https:\/\/www.creilsudoise-tourisme.fr\/2023\/01\/09\/bernard-beaudet\/#breadcrumb\"},\"inLanguage\":\"es\",\"potentialAction\":[{\"@type\":\"ReadAction\",\"target\":[\"https:\/\/www.creilsudoise-tourisme.fr\/2023\/01\/09\/bernard-beaudet\/\"]}]},{\"@type\":\"BreadcrumbList\",\"@id\":\"https:\/\/www.creilsudoise-tourisme.fr\/2023\/01\/09\/bernard-beaudet\/#breadcrumb\",\"itemListElement\":[{\"@type\":\"ListItem\",\"position\":1,\"name\":\"Accueil\",\"item\":\"https:\/\/www.creilsudoise-tourisme.fr\/\"},{\"@type\":\"ListItem\",\"position\":2,\"name\":\"Bernard Beaudet, pr\u00e9sident du Club de voile\"}]},{\"@type\":\"WebSite\",\"@id\":\"https:\/\/www.creilsudoise-tourisme.fr\/#website\",\"url\":\"https:\/\/www.creilsudoise-tourisme.fr\/\",\"name\":\"Office de Tourisme Creil Sud Oise\",\"description\":\"Creil Sud Oise Tourisme, un territoire \u00e0 explorer !\",\"publisher\":{\"@id\":\"https:\/\/www.creilsudoise-tourisme.fr\/#organization\"},\"potentialAction\":[{\"@type\":\"SearchAction\",\"target\":{\"@type\":\"EntryPoint\",\"urlTemplate\":\"https:\/\/www.creilsudoise-tourisme.fr\/?s={search_term_string}\"},\"query-input\":\"required name=search_term_string\"}],\"inLanguage\":\"es\"},{\"@type\":\"Organization\",\"@id\":\"https:\/\/www.creilsudoise-tourisme.fr\/#organization\",\"name\":\"Creil Sud Oise Tourisme\",\"url\":\"https:\/\/www.creilsudoise-tourisme.fr\/\",\"logo\":{\"@type\":\"ImageObject\",\"inLanguage\":\"es\",\"@id\":\"https:\/\/www.creilsudoise-tourisme.fr\/#\/schema\/logo\/image\/\",\"url\":\"https:\/\/www.creilsudoise-tourisme.fr\/wp-content\/uploads\/2021\/05\/logo-svg.png\",\"contentUrl\":\"https:\/\/www.creilsudoise-tourisme.fr\/wp-content\/uploads\/2021\/05\/logo-svg.png\",\"width\":182,\"height\":71,\"caption\":\"Creil Sud Oise Tourisme\"},\"image\":{\"@id\":\"https:\/\/www.creilsudoise-tourisme.fr\/#\/schema\/logo\/image\/\"},\"sameAs\":[\"https:\/\/www.facebook.com\/creilsudoisetourisme\/\",\"https:\/\/twitter.com\/CreilSudOiseOT\",\"https:\/\/www.instagram.com\/creilsudoisetourisme\/\",\"https:\/\/www.youtube.com\/channel\/UC8L_QD2wwyADW14zt9fY8kw\"]},{\"@type\":\"Person\",\"@id\":\"https:\/\/www.creilsudoise-tourisme.fr\/#\/schema\/person\/c5140d47645b13bee896bfe05f1bd5da\",\"name\":\"fdubut\",\"image\":{\"@type\":\"ImageObject\",\"inLanguage\":\"es\",\"@id\":\"https:\/\/www.creilsudoise-tourisme.fr\/#\/schema\/person\/image\/\",\"url\":\"https:\/\/secure.gravatar.com\/avatar\/c49bb61337bf4556cafdbcb92c18618d?s=96&d=mm&r=g\",\"contentUrl\":\"https:\/\/secure.gravatar.com\/avatar\/c49bb61337bf4556cafdbcb92c18618d?s=96&d=mm&r=g\",\"caption\":\"fdubut\"},\"url\":\"https:\/\/www.creilsudoise-tourisme.fr\/es\/auteur\/fdubut\/\"}]}<\/script>\n<!-- \/ Yoast SEO plugin. -->","yoast_head_json":{"title":"Bernard Beaudet, pr\u00e9sident du Club de Voile de Saint-Leu-d'Esserent","description":"D\u00e9couvrez le territoire Creil Sud Oise \u00e0 travers un article et une interview sur un ambassadeur passionn\u00e9 ! Ce mois-ci, c'est Bernard Beaudet","robots":{"index":"index","follow":"follow","max-snippet":"max-snippet:-1","max-image-preview":"max-image-preview:large","max-video-preview":"max-video-preview:-1"},"canonical":"https:\/\/www.creilsudoise-tourisme.fr\/es\/2023\/01\/09\/bernard-beaudet\/","og_locale":"es_ES","og_type":"article","og_title":"Bernard Beaudet, pr\u00e9sident du Club de Voile de Saint-Leu-d'Esserent","og_description":"D\u00e9couvrez le territoire Creil Sud Oise \u00e0 travers un article et une interview sur un ambassadeur passionn\u00e9 ! Ce mois-ci, c'est Bernard Beaudet","og_url":"https:\/\/www.creilsudoise-tourisme.fr\/es\/2023\/01\/09\/bernard-beaudet\/","og_site_name":"Office de Tourisme Creil Sud Oise","article_publisher":"https:\/\/www.facebook.com\/creilsudoisetourisme\/","article_published_time":"2023-01-09T14:43:36+00:00","article_modified_time":"2023-05-09T13:27:31+00:00","og_image":[{"width":640,"height":570,"url":"https:\/\/www.creilsudoise-tourisme.fr\/wp-content\/uploads\/2023\/01\/Bernard.jpg","type":"image\/jpeg"}],"author":"fdubut","twitter_card":"summary_large_image","twitter_creator":"@CreilSudOiseOT","twitter_site":"@CreilSudOiseOT","twitter_misc":{"Escrito por":"fdubut","Tiempo de lectura":"6 minutos"},"schema":{"@context":"https:\/\/schema.org","@graph":[{"@type":"Article","@id":"https:\/\/www.creilsudoise-tourisme.fr\/2023\/01\/09\/bernard-beaudet\/#article","isPartOf":{"@id":"https:\/\/www.creilsudoise-tourisme.fr\/2023\/01\/09\/bernard-beaudet\/"},"author":{"name":"fdubut","@id":"https:\/\/www.creilsudoise-tourisme.fr\/#\/schema\/person\/c5140d47645b13bee896bfe05f1bd5da"},"headline":"Bernard Beaudet, pr\u00e9sident du Club de voile","datePublished":"2023-01-09T14:43:36+00:00","dateModified":"2023-05-09T13:27:31+00:00","mainEntityOfPage":{"@id":"https:\/\/www.creilsudoise-tourisme.fr\/2023\/01\/09\/bernard-beaudet\/"},"wordCount":1056,"publisher":{"@id":"https:\/\/www.creilsudoise-tourisme.fr\/#organization"},"articleSection":["Nos ambassadeurs"],"inLanguage":"es"},{"@type":"WebPage","@id":"https:\/\/www.creilsudoise-tourisme.fr\/2023\/01\/09\/bernard-beaudet\/","url":"https:\/\/www.creilsudoise-tourisme.fr\/2023\/01\/09\/bernard-beaudet\/","name":"Bernard Beaudet, pr\u00e9sident du Club de Voile de Saint-Leu-d'Esserent","isPartOf":{"@id":"https:\/\/www.creilsudoise-tourisme.fr\/#website"},"datePublished":"2023-01-09T14:43:36+00:00","dateModified":"2023-05-09T13:27:31+00:00","description":"D\u00e9couvrez le territoire Creil Sud Oise \u00e0 travers un article et une interview sur un ambassadeur passionn\u00e9 ! Ce mois-ci, c'est Bernard Beaudet","breadcrumb":{"@id":"https:\/\/www.creilsudoise-tourisme.fr\/2023\/01\/09\/bernard-beaudet\/#breadcrumb"},"inLanguage":"es","potentialAction":[{"@type":"ReadAction","target":["https:\/\/www.creilsudoise-tourisme.fr\/2023\/01\/09\/bernard-beaudet\/"]}]},{"@type":"BreadcrumbList","@id":"https:\/\/www.creilsudoise-tourisme.fr\/2023\/01\/09\/bernard-beaudet\/#breadcrumb","itemListElement":[{"@type":"ListItem","position":1,"name":"Accueil","item":"https:\/\/www.creilsudoise-tourisme.fr\/"},{"@type":"ListItem","position":2,"name":"Bernard Beaudet, pr\u00e9sident du Club de voile"}]},{"@type":"WebSite","@id":"https:\/\/www.creilsudoise-tourisme.fr\/#website","url":"https:\/\/www.creilsudoise-tourisme.fr\/","name":"Office de Tourisme Creil Sud Oise","description":"Creil Sud Oise Tourisme, un territoire \u00e0 explorer !","publisher":{"@id":"https:\/\/www.creilsudoise-tourisme.fr\/#organization"},"potentialAction":[{"@type":"SearchAction","target":{"@type":"EntryPoint","urlTemplate":"https:\/\/www.creilsudoise-tourisme.fr\/?s={search_term_string}"},"query-input":"required name=search_term_string"}],"inLanguage":"es"},{"@type":"Organization","@id":"https:\/\/www.creilsudoise-tourisme.fr\/#organization","name":"Creil Sud Oise Tourisme","url":"https:\/\/www.creilsudoise-tourisme.fr\/","logo":{"@type":"ImageObject","inLanguage":"es","@id":"https:\/\/www.creilsudoise-tourisme.fr\/#\/schema\/logo\/image\/","url":"https:\/\/www.creilsudoise-tourisme.fr\/wp-content\/uploads\/2021\/05\/logo-svg.png","contentUrl":"https:\/\/www.creilsudoise-tourisme.fr\/wp-content\/uploads\/2021\/05\/logo-svg.png","width":182,"height":71,"caption":"Creil Sud Oise Tourisme"},"image":{"@id":"https:\/\/www.creilsudoise-tourisme.fr\/#\/schema\/logo\/image\/"},"sameAs":["https:\/\/www.facebook.com\/creilsudoisetourisme\/","https:\/\/twitter.com\/CreilSudOiseOT","https:\/\/www.instagram.com\/creilsudoisetourisme\/","https:\/\/www.youtube.com\/channel\/UC8L_QD2wwyADW14zt9fY8kw"]},{"@type":"Person","@id":"https:\/\/www.creilsudoise-tourisme.fr\/#\/schema\/person\/c5140d47645b13bee896bfe05f1bd5da","name":"fdubut","image":{"@type":"ImageObject","inLanguage":"es","@id":"https:\/\/www.creilsudoise-tourisme.fr\/#\/schema\/person\/image\/","url":"https:\/\/secure.gravatar.com\/avatar\/c49bb61337bf4556cafdbcb92c18618d?s=96&d=mm&r=g","contentUrl":"https:\/\/secure.gravatar.com\/avatar\/c49bb61337bf4556cafdbcb92c18618d?s=96&d=mm&r=g","caption":"fdubut"},"url":"https:\/\/www.creilsudoise-tourisme.fr\/es\/auteur\/fdubut\/"}]}},"_links":{"self":[{"href":"https:\/\/www.creilsudoise-tourisme.fr\/es\/wp-json\/wp\/v2\/posts\/43994"}],"collection":[{"href":"https:\/\/www.creilsudoise-tourisme.fr\/es\/wp-json\/wp\/v2\/posts"}],"about":[{"href":"https:\/\/www.creilsudoise-tourisme.fr\/es\/wp-json\/wp\/v2\/types\/post"}],"author":[{"embeddable":true,"href":"https:\/\/www.creilsudoise-tourisme.fr\/es\/wp-json\/wp\/v2\/users\/3"}],"replies":[{"embeddable":true,"href":"https:\/\/www.creilsudoise-tourisme.fr\/es\/wp-json\/wp\/v2\/comments?post=43994"}],"version-history":[{"count":5,"href":"https:\/\/www.creilsudoise-tourisme.fr\/es\/wp-json\/wp\/v2\/posts\/43994\/revisions"}],"predecessor-version":[{"id":47505,"href":"https:\/\/www.creilsudoise-tourisme.fr\/es\/wp-json\/wp\/v2\/posts\/43994\/revisions\/47505"}],"wp:featuredmedia":[{"embeddable":true,"href":"https:\/\/www.creilsudoise-tourisme.fr\/es\/wp-json\/wp\/v2\/media\/43998"}],"wp:attachment":[{"href":"https:\/\/www.creilsudoise-tourisme.fr\/es\/wp-json\/wp\/v2\/media?parent=43994"}],"wp:term":[{"taxonomy":"category","embeddable":true,"href":"https:\/\/www.creilsudoise-tourisme.fr\/es\/wp-json\/wp\/v2\/categories?post=43994"},{"taxonomy":"post_tag","embeddable":true,"href":"https:\/\/www.creilsudoise-tourisme.fr\/es\/wp-json\/wp\/v2\/tags?post=43994"}],"curies":[{"name":"wp","href":"https:\/\/api.w.org\/{rel}","templated":true}]}}