{"id":43630,"date":"2022-11-29T17:00:43","date_gmt":"2022-11-29T16:00:43","guid":{"rendered":"https:\/\/www.creilsudoise-tourisme.fr\/?p=43630"},"modified":"2024-04-23T10:00:28","modified_gmt":"2024-04-23T08:00:28","slug":"frederic-mutillod","status":"publish","type":"post","link":"https:\/\/www.creilsudoise-tourisme.fr\/es\/2022\/11\/29\/frederic-mutillod\/","title":{"rendered":"Fr\u00e9d\u00e9ric Mutillod"},"content":{"rendered":"<p class=\"is-style-excerpt\">Cada mes, le invitamos a&nbsp;<strong>Descubra Creil Sud Oise de otra manera<\/strong>&nbsp;a trav\u00e9s de&nbsp;<strong>el retrato de 12 Embajadores del Turismo&nbsp;<\/strong>\u00a1que act\u00faan a diario en favor del turismo en el sur del Oise!<\/p>\n\n\n\n<h2><strong>Fr\u00e9d\u00e9ric Mutillod<\/strong><\/h2>\n\n\n\n<h3>Formador en el Atelier de la Pierre d'Angle de Saint-Maximin<\/h3>\n\n\n\n<p>Cuando cruce las puertas de <strong>l'Atelier de la Pierre d'Angle en Saint-Maximin<\/strong>Es imposible pasar por alto el <strong>obras monumentales<\/strong> (como esta r\u00e9plica de la escalera del \u00f3rgano de Notre-Dame de Par\u00eds o la r\u00e9plica a tama\u00f1o real del p\u00f3rtico de la iglesia de Thiverny [<a href=\"https:\/\/www.creilsudoise-tourisme.fr\/es\/jexplore\/#thiverny\">https:\/\/www.creilsudoise-tourisme.fr\/jexplore\/#thiverny<\/a>]) <strong>realizadas por los estudiantes<\/strong> que se han sucedido. <strong>Reuni\u00f3n con el hombre que los form\u00f3<\/strong>Es un entusiasta de la piedra, apasionado de su trabajo como entrenador: <strong>Fr\u00e9d\u00e9ric Mutillod.<\/strong><\/p>\n\n\n\n<h3>Fr\u00e9d\u00e9ric, el entrenador<\/h3>\n\n\n\n<p>Todo empez\u00f3 en Lyon. De ni\u00f1o, Fr\u00e9d\u00e9ric viv\u00eda encima de dos talleres: un cortador de cabezas de madera de Guignols, las marionetas lionesas, y un cantero. El cantero debi\u00f3 de pegar m\u00e1s fuerte, porque fue all\u00ed donde Fr\u00e9d\u00e9ric fue y donde pudo conseguir trabajo. <strong>desarrolla su pasi\u00f3n por la profesi\u00f3n que m\u00e1s tarde ejercer\u00e1<\/strong>.<\/p>\n\n\n\n<figure class=\"wp-block-image size-large\"><img decoding=\"async\" loading=\"lazy\" width=\"1200\" height=\"675\" data-src=\"https:\/\/www.creilsudoise-tourisme.fr\/wp-content\/uploads\/2022\/11\/DSC04307-1200x675.jpg\" alt=\"\" class=\"wp-image-43635\" data-srcset=\"https:\/\/www.creilsudoise-tourisme.fr\/wp-content\/uploads\/2022\/11\/DSC04307-1200x675.jpg 1200w, https:\/\/www.creilsudoise-tourisme.fr\/wp-content\/uploads\/2022\/11\/DSC04307-600x338.jpg 600w, https:\/\/www.creilsudoise-tourisme.fr\/wp-content\/uploads\/2022\/11\/DSC04307-900x507.jpg 900w, https:\/\/www.creilsudoise-tourisme.fr\/wp-content\/uploads\/2022\/11\/DSC04307-200x113.jpg 200w, https:\/\/www.creilsudoise-tourisme.fr\/wp-content\/uploads\/2022\/11\/DSC04307-650x366.jpg 650w, https:\/\/www.creilsudoise-tourisme.fr\/wp-content\/uploads\/2022\/11\/DSC04307-387x218.jpg 387w, https:\/\/www.creilsudoise-tourisme.fr\/wp-content\/uploads\/2022\/11\/DSC04307.jpg 1480w\" sizes=\"(max-width: 1200px) 100vw, 1200px\" \/><\/figure>\n\n\n\n<p>A los 16 a\u00f1os aprob\u00f3 un <strong>CAP Cantero<\/strong> y luego hace su viaje&nbsp;<strong>&nbsp;en Francia<\/strong>Descubrir\u00e1 las diferentes t\u00e9cnicas de tallado de las distintas piedras en las distintas regiones. Conocer\u00e1 <strong>piedra de lava, granito, arenisca, m\u00e1rmol y caliza sedimentaria gruesa<\/strong>que el propio <strong>famosa Piedra de Saint-Maximin<\/strong> (\u00a1y sus alrededores!), conocido mundialmente como el <strong>Pierre de Paris<\/strong>.<\/p>\n\n\n\n<p>A\u00f1o tras a\u00f1o, trabajo tras trabajo, Fr\u00e9d\u00e9ric mejora sus habilidades. <strong>a la gesti\u00f3n de una empresa de renovaci\u00f3n de monumentos hist\u00f3ricos <\/strong>en Bayona. Pero ya no toca la piedra, mientras soporta largas jornadas a un ritmo fren\u00e9tico... Hasta el d\u00eda en que se le ofrece una magn\u00edfica oportunidad.<\/p>\n\n\n\n<p>En la d\u00e9cada de 2010, el <strong>Alcalde de Saint-Maximin <\/strong>desea revitalizar el trabajo de la piedra en el municipio y <strong>ofrecer formaci\u00f3n como sastre<\/strong>. Se dirigi\u00f3 al Atelier de la Pierre d'Angle, una asociaci\u00f3n que se dedica al corte de piedra en Brignoles, en el Var. Alg\u00fan tiempo despu\u00e9s, <strong>l'Atelier num\u00e9ro 2 se traslada a Saint-Maximin<\/strong>\u00a1en un terreno puesto a disposici\u00f3n por el ayuntamiento! Otro Fr\u00e9d\u00e9ric, de apellido Milleville, encargado del taller de canteras de Ouach\u00e9e y Corpechot, en Saint-Maximin, introduce a Fr\u00e9d\u00e9ric (el nuestro) en la ecuaci\u00f3n. <strong>Fr\u00e9d\u00e9ric<\/strong> (a\u00fan nuestro), <strong>redescubra el placer de trabajar la piedra<\/strong> (la del sur del Oise, que tanto ha modelado en toda Francia, sin conocer realmente sus or\u00edgenes) y descubre un <strong>una pasi\u00f3n: la de entrenador<\/strong>&nbsp;!<\/p>\n\n\n\n<p>Como Fr\u00e9d\u00e9ric dice tan bellamente, desde ese momento, <strong>restaura a la gente transmitiendo sus conocimientos.<\/strong><\/p>\n\n\n\n<figure class=\"wp-block-image size-large\"><img decoding=\"async\" loading=\"lazy\" width=\"1200\" height=\"675\" data-src=\"https:\/\/www.creilsudoise-tourisme.fr\/wp-content\/uploads\/2022\/11\/Sans-titre-1200x675.jpg\" alt=\"\" class=\"wp-image-43641\" data-srcset=\"https:\/\/www.creilsudoise-tourisme.fr\/wp-content\/uploads\/2022\/11\/Sans-titre-1200x675.jpg 1200w, https:\/\/www.creilsudoise-tourisme.fr\/wp-content\/uploads\/2022\/11\/Sans-titre-600x338.jpg 600w, https:\/\/www.creilsudoise-tourisme.fr\/wp-content\/uploads\/2022\/11\/Sans-titre-900x507.jpg 900w, https:\/\/www.creilsudoise-tourisme.fr\/wp-content\/uploads\/2022\/11\/Sans-titre-200x113.jpg 200w, https:\/\/www.creilsudoise-tourisme.fr\/wp-content\/uploads\/2022\/11\/Sans-titre-650x366.jpg 650w, https:\/\/www.creilsudoise-tourisme.fr\/wp-content\/uploads\/2022\/11\/Sans-titre-387x218.jpg 387w, https:\/\/www.creilsudoise-tourisme.fr\/wp-content\/uploads\/2022\/11\/Sans-titre.jpg 1480w\" sizes=\"(max-width: 1200px) 100vw, 1200px\" \/><\/figure>\n\n\n\n<h3>L'Atelier de la Pierre d'Angle, cursos de formaci\u00f3n<\/h3>\n\n\n\n<p><strong>Taller Cornerstone <\/strong>[<a href=\"https:\/\/hautsdefrance.apprentis-auteuil.org\/editorial\/pole-formation-insertion\/atelier-pierre-dangle\/\">https:\/\/hautsdefrance.apprentis-auteuil.org\/editorial\/pole-formation-insertion\/atelier-pierre-dangle\/<\/a>]<strong> abre sus puertas en 2014<\/strong> y luego propone un curso de formaci\u00f3n, el de <strong>Cantero <\/strong>[<a href=\"https:\/\/hautsdefrance.apprentis-auteuil.org\/files\/2022\/01\/Fiche-de-formation-complete_TP-Tailleur-de-pierre.pdf\">https:\/\/hautsdefrance.apprentis-auteuil.org\/files\/2022\/01\/Fiche-de-formation-complete_TP-Tailleur-de-pierre.pdf<\/a>]. Durante <strong>8 meses<\/strong>12 aprendices descubren las t\u00e9cnicas ancestrales de los constructores de catedrales y aprenden a dibujar un plano, cortar, tallar (\u00a1a mano, no con m\u00e1quinas!), colocar, sellar, patinar y armonizar la piedra. <strong>Se familiarizan con sus herramientas<\/strong>&nbsp;La punta, el puntero, el cincel, el mazo, el cazador, la escuadra, el metro o el l\u00e1piz.<\/p>\n\n\n\n<p>Al final de su formaci\u00f3n, un <strong>T\u00edtulo profesional 3<\/strong> (equivalente al CAP), se concede tras un examen de 6 horas durante el cual el estudiante debe tallar su obra.<\/p>\n\n\n\n<div class=\"is-layout-flex wp-container-3 wp-block-columns\">\n<div class=\"is-layout-flow wp-block-column\" style=\"flex-basis:66.66%\">\n<figure class=\"wp-block-image size-large\"><img decoding=\"async\" loading=\"lazy\" width=\"1200\" height=\"675\" data-src=\"https:\/\/www.creilsudoise-tourisme.fr\/wp-content\/uploads\/2022\/11\/DSC03998-1200x675.jpg\" alt=\"\" class=\"wp-image-43633\" data-srcset=\"https:\/\/www.creilsudoise-tourisme.fr\/wp-content\/uploads\/2022\/11\/DSC03998-1200x675.jpg 1200w, https:\/\/www.creilsudoise-tourisme.fr\/wp-content\/uploads\/2022\/11\/DSC03998-600x338.jpg 600w, https:\/\/www.creilsudoise-tourisme.fr\/wp-content\/uploads\/2022\/11\/DSC03998-900x507.jpg 900w, https:\/\/www.creilsudoise-tourisme.fr\/wp-content\/uploads\/2022\/11\/DSC03998-200x113.jpg 200w, https:\/\/www.creilsudoise-tourisme.fr\/wp-content\/uploads\/2022\/11\/DSC03998-650x366.jpg 650w, https:\/\/www.creilsudoise-tourisme.fr\/wp-content\/uploads\/2022\/11\/DSC03998-387x218.jpg 387w, https:\/\/www.creilsudoise-tourisme.fr\/wp-content\/uploads\/2022\/11\/DSC03998.jpg 1480w\" sizes=\"(max-width: 1200px) 100vw, 1200px\" \/><\/figure>\n<\/div>\n\n\n\n<div class=\"is-layout-flow wp-block-column\" style=\"flex-basis:33.33%\">\n<figure class=\"wp-block-image size-large is-resized\"><img decoding=\"async\" loading=\"lazy\" data-src=\"https:\/\/www.creilsudoise-tourisme.fr\/wp-content\/uploads\/2022\/11\/Sans-titreff-2-edited.jpg\" alt=\"\" class=\"wp-image-43645\" width=\"179\" height=\"286\" data-srcset=\"https:\/\/www.creilsudoise-tourisme.fr\/wp-content\/uploads\/2022\/11\/Sans-titreff-2-edited.jpg 492w, https:\/\/www.creilsudoise-tourisme.fr\/wp-content\/uploads\/2022\/11\/Sans-titreff-2-edited-375x600.jpg 375w, https:\/\/www.creilsudoise-tourisme.fr\/wp-content\/uploads\/2022\/11\/Sans-titreff-2-edited-200x320.jpg 200w, https:\/\/www.creilsudoise-tourisme.fr\/wp-content\/uploads\/2022\/11\/Sans-titreff-2-edited-387x620.jpg 387w\" sizes=\"(max-width: 179px) 100vw, 179px\" \/><\/figure>\n<\/div>\n<\/div>\n\n\n\n<p>Posteriormente, a partir de <strong>a los ganadores les esperan buenas oportunidades profesionales<\/strong>Muchas empresas buscan las competencias que habr\u00e1n adquirido en el Taller. Las sesiones anteriores incluyen, <strong>algunos de nuestros antiguos alumnos trabajan ahora en hermosos sitios <\/strong>como el <strong>renovaci\u00f3n del castillo de Villers-Cotter\u00eats<\/strong>que acoger\u00e1 la Cit\u00e9 internationale de la langue fran\u00e7aise [<a href=\"https:\/\/www.cite-langue-francaise.fr\/\">https:\/\/www.cite-langue-francaise.fr\/<\/a>...] o el de la <strong>restauraci\u00f3n del castillo de Creil<\/strong> [<a href=\"https:\/\/www.creil.fr\/le-chateau-et-la-salle-des-gardes-ancien-chateau-fort\">https:\/\/www.creil.fr\/le-chateau-et-la-salle-des-gardes-ancien-chateau-fort<\/a>]. Otros participaron en el <strong>Limpieza de Notre-Dame en Par\u00eds<\/strong>tras el terrible incendio de 2019.<\/p>\n\n\n<div class=\"wp-block wp-block-highlight\">\n            <h3 class=\"wp-block-highlight-item wp-block-highlight-title\">\u00bfLo sab\u00edas?<\/h3>\n                <p class=\"wp-block-highlight-item wp-block-highlight-excerpt\"><strong>Puede ver una de las magn\u00edficas creaciones del Atelier de la Pierre d'Angle<\/strong> en la recepci\u00f3n de la Oficina de Turismo de Creil Sud Oise: el <strong>Muro de piedra de Saint-Maximin<\/strong>. De acuerdo. <strong>de la imaginaci\u00f3n de Fr\u00e9d\u00e9ric<\/strong>Este muro es <strong>una oda al corte de piedra<\/strong> Muy <strong>educativo<\/strong>Permite visualizar la <strong>diferentes t\u00e9cnicas de poda<\/strong>sino tambi\u00e9n de <strong>descubra el arte de la her\u00e1ldica<\/strong> (la ciencia de los blasones) mediante la representaci\u00f3n, en relieve, de los 4 colores del logotipo de la Oficina de Turismo de Creil Sud Oise: negro, verde, amarillo y azul. Una pieza particularmente \u00fanica que no debe perderse, <strong>el muro tambi\u00e9n incorpora una piedra sedimentada de forma muy curiosa<\/strong>... \u00a1Ven a la Oficina para descubrirlo y comprender su origen!<\/p>\n    <\/div>\n\n\n<p><strong>En 2016, el centro contar\u00e1 con un nuevo curso de formaci\u00f3n<\/strong>&nbsp;la del <strong>mamposter\u00eda en edificios antiguos<\/strong> [<a href=\"https:\/\/hautsdefrance.apprentis-auteuil.org\/files\/2022\/01\/Fiche-de-formation-complete_Titre-Pro-MB.pdf\">https:\/\/hautsdefrance.apprentis-auteuil.org\/files\/2022\/01\/Fiche-de-formation-complete_Titre-Pro-MB.pdf<\/a>]. Pascal se encarga de formar y preparar a los 12 estudiantes, durante <strong>6 meses<\/strong>Tendr\u00e1n que hacer un encofrado, un muro de piedra y un enlucido con materiales antiguos.<\/p>\n\n\n\n<p>Todos los cursos de formaci\u00f3n que se imparten en el Atelier de la Pierre d'Angle cuentan con la certificaci\u00f3n Qualiopi.<\/p>\n\n\n\n<figure class=\"wp-block-image size-large\"><img decoding=\"async\" loading=\"lazy\" width=\"1200\" height=\"675\" data-src=\"https:\/\/www.creilsudoise-tourisme.fr\/wp-content\/uploads\/2022\/11\/DSC04330-1200x675.jpg\" alt=\"\" class=\"wp-image-43638\" data-srcset=\"https:\/\/www.creilsudoise-tourisme.fr\/wp-content\/uploads\/2022\/11\/DSC04330-1200x675.jpg 1200w, https:\/\/www.creilsudoise-tourisme.fr\/wp-content\/uploads\/2022\/11\/DSC04330-600x338.jpg 600w, https:\/\/www.creilsudoise-tourisme.fr\/wp-content\/uploads\/2022\/11\/DSC04330-900x507.jpg 900w, https:\/\/www.creilsudoise-tourisme.fr\/wp-content\/uploads\/2022\/11\/DSC04330-200x113.jpg 200w, https:\/\/www.creilsudoise-tourisme.fr\/wp-content\/uploads\/2022\/11\/DSC04330-650x366.jpg 650w, https:\/\/www.creilsudoise-tourisme.fr\/wp-content\/uploads\/2022\/11\/DSC04330-387x218.jpg 387w, https:\/\/www.creilsudoise-tourisme.fr\/wp-content\/uploads\/2022\/11\/DSC04330.jpg 1480w\" sizes=\"(max-width: 1200px) 100vw, 1200px\" \/><\/figure>\n\n\n\n<p><strong>Desde 2018, el Atelier de la Pierre d'Angle acoge proyectos de integraci\u00f3n<\/strong>El proyecto est\u00e1 dirigido por Philippe, supervisor t\u00e9cnico, y Carole, trabajadora de apoyo socioprofesional, asistidos por Marthe. As\u00ed, a trav\u00e9s de campos de trabajo encargados por profesionales, asociaciones o comunidades, estas personas aprenden un oficio y reanudan una trayectoria vital estable.<\/p>\n\n\n\n<p>En 2021, <strong><s>el<\/s> <a href=\"https:\/\/hautsdefrance.apprentis-auteuil.org\/\" target=\"_blank\" rel=\"noreferrer noopener\">Aprendices de Auteuil<\/a>Fundaci\u00f3n cat\u00f3lica reconocida de utilidad p\u00fablica<\/strong>que trabaja para apoyar y volver a movilizar a los j\u00f3venes con dificultades,<strong> integra el Atelier de la Pierre d'Angle en su centro de formaci\u00f3n e integraci\u00f3n Carlo Acutis de Picard\u00eda<\/strong>. El apoyo individualizado que ofrecen los equipos permite a los becarios encontrar empleo despu\u00e9s del curso.<\/p>\n\n\n<div class=\"wp-block wp-block-highlight\">\n            <h3 class=\"wp-block-highlight-item wp-block-highlight-title\">\u00bfC\u00f3mo inscribirse en uno de los cursos?<\/h3>\n                <p class=\"wp-block-highlight-item wp-block-highlight-excerpt\">Ambos cursos son <strong>financiado por el Consejo Regional<\/strong> para las personas <strong>inscrito en P\u00f4le emploi<\/strong>. Tienes que ser <strong>principal<\/strong>Algunos acaban de terminar sus estudios, otros ya tienen una carrera profesional avanzada (conocer\u00e1 a un joven que sigue estudiando, a un antiguo inform\u00e1tico, a un historiador del arte o a un aficionado a la geolog\u00eda... \u00a1y en este grupo heterog\u00e9neo y complementario se produce una gran emulaci\u00f3n!) Para los que desean hacer <strong>aprendizaje continuo<\/strong>Tambi\u00e9n es posible: por ejemplo, el taller acoge a veces a alba\u00f1iles que desean mejorar sus habilidades.<br><strong>Reuni\u00f3n los mi\u00e9rcoles a las 9.00 horas<\/strong> para una visita de los locales y el descubrimiento de la formaci\u00f3n durante un <strong>reuni\u00f3n informativa colectiva<\/strong>. En <strong>la pr\u00f3xima formaci\u00f3n comienza en febrero de 2023<\/strong>.<\/p>\n    <\/div>\n\n\n<div class=\"is-layout-flex wp-container-6 wp-block-columns\">\n<div class=\"is-layout-flow wp-block-column\">\n<figure class=\"wp-block-image size-large\"><img decoding=\"async\" loading=\"lazy\" width=\"1200\" height=\"675\" data-src=\"https:\/\/www.creilsudoise-tourisme.fr\/wp-content\/uploads\/2022\/11\/DSC04324-1200x675.jpg\" alt=\"\" class=\"wp-image-43637\" data-srcset=\"https:\/\/www.creilsudoise-tourisme.fr\/wp-content\/uploads\/2022\/11\/DSC04324-1200x675.jpg 1200w, https:\/\/www.creilsudoise-tourisme.fr\/wp-content\/uploads\/2022\/11\/DSC04324-600x338.jpg 600w, https:\/\/www.creilsudoise-tourisme.fr\/wp-content\/uploads\/2022\/11\/DSC04324-900x507.jpg 900w, https:\/\/www.creilsudoise-tourisme.fr\/wp-content\/uploads\/2022\/11\/DSC04324-200x113.jpg 200w, https:\/\/www.creilsudoise-tourisme.fr\/wp-content\/uploads\/2022\/11\/DSC04324-650x366.jpg 650w, https:\/\/www.creilsudoise-tourisme.fr\/wp-content\/uploads\/2022\/11\/DSC04324-387x218.jpg 387w, https:\/\/www.creilsudoise-tourisme.fr\/wp-content\/uploads\/2022\/11\/DSC04324.jpg 1480w\" sizes=\"(max-width: 1200px) 100vw, 1200px\" \/><\/figure>\n<\/div>\n\n\n\n<div class=\"is-layout-flow wp-block-column\">\n<figure class=\"wp-block-image size-large\"><img decoding=\"async\" loading=\"lazy\" width=\"1200\" height=\"675\" data-src=\"https:\/\/www.creilsudoise-tourisme.fr\/wp-content\/uploads\/2022\/11\/DSC04320-1200x675.jpg\" alt=\"\" class=\"wp-image-43636\" data-srcset=\"https:\/\/www.creilsudoise-tourisme.fr\/wp-content\/uploads\/2022\/11\/DSC04320-1200x675.jpg 1200w, https:\/\/www.creilsudoise-tourisme.fr\/wp-content\/uploads\/2022\/11\/DSC04320-600x338.jpg 600w, https:\/\/www.creilsudoise-tourisme.fr\/wp-content\/uploads\/2022\/11\/DSC04320-900x507.jpg 900w, https:\/\/www.creilsudoise-tourisme.fr\/wp-content\/uploads\/2022\/11\/DSC04320-200x113.jpg 200w, https:\/\/www.creilsudoise-tourisme.fr\/wp-content\/uploads\/2022\/11\/DSC04320-650x366.jpg 650w, https:\/\/www.creilsudoise-tourisme.fr\/wp-content\/uploads\/2022\/11\/DSC04320-387x218.jpg 387w, https:\/\/www.creilsudoise-tourisme.fr\/wp-content\/uploads\/2022\/11\/DSC04320.jpg 1480w\" sizes=\"(max-width: 1200px) 100vw, 1200px\" \/><\/figure>\n<\/div>\n<\/div>\n\n\n\n<h3>Para saber m\u00e1s sobre la piedra de Saint-Maximin<\/h3>\n\n\n\n<p><strong>Nos vemos en el <a href=\"https:\/\/www.creilsudoise-tourisme.fr\/es\/jexplore\/imprescindibles\/maison-de-la-pierre-3\/\" target=\"_blank\" rel=\"noreferrer noopener\">Casa de la Piedra de Saint-Maximin<\/a><\/strong> para saber m\u00e1s sobre la piedra del sur de la regi\u00f3n de Oise, su sedimentaci\u00f3n y su uso a lo largo de los siglos.<\/p>\n\n\n\n<hr class=\"wp-block-separator has-css-opacity\"\/>\n\n\n\n<figure class=\"wp-block-embed is-type-video is-provider-youtube wp-block-embed-youtube wp-embed-aspect-16-9 wp-has-aspect-ratio\"><div class=\"wp-block-embed__wrapper\">\n<iframe loading=\"lazy\" title=\"Descubrir Saint-Maximin\" width=\"500\" height=\"281\" data-src=\"https:\/\/www.youtube.com\/embed\/D17VXbBNfYk?feature=oembed\" frameborder=\"0\" allow=\"accelerometer; autoplay; clipboard-write; encrypted-media; gyroscope; picture-in-picture\" allowfullscreen><\/iframe>\n<\/div><\/figure>","protected":false},"excerpt":{"rendered":"<p>Cada mes, le invitamos a descubrir la regi\u00f3n de Creil Sud Oise de una manera diferente: \u00a1a trav\u00e9s de los retratos de 12 Embajadores del Turismo que trabajan cada d\u00eda para promover el turismo en el sur de Oise! Fr\u00e9d\u00e9ric Mutillod Formador en el Atelier de la Pierre d'Angle de Saint-Maximin Al cruzar las puertas del Atelier de la Pierre d'Angle de [...]<\/p>","protected":false},"author":3,"featured_media":43648,"comment_status":"closed","ping_status":"closed","sticky":false,"template":"","format":"standard","meta":{"_relevanssi_hide_post":"","_relevanssi_hide_content":"","_relevanssi_pin_for_all":"","_relevanssi_pin_keywords":"","_relevanssi_unpin_keywords":"","_relevanssi_related_keywords":"","_relevanssi_related_include_ids":"","_relevanssi_related_exclude_ids":"","_relevanssi_related_no_append":"","_relevanssi_related_not_related":"","_relevanssi_related_posts":"39315,39133,38910,37757,38705,37920","_relevanssi_noindex_reason":""},"categories":[10],"tags":[],"yoast_head":"<!-- This site is optimized with the Yoast SEO plugin v20.2.1 - https:\/\/yoast.com\/wordpress\/plugins\/seo\/ -->\n<title>Fr\u00e9d\u00e9ric Mutillod, formateur \u00e0 l&#039;Atelier de la Pierre d&#039;Angle<\/title>\n<meta name=\"description\" content=\"Chaque mois, d\u00e9couvrez le territoire Creil Sud Oise \u00e0 travers un article et une interview sur un ambassadeur passionn\u00e9 ! En novembre, c&#039;est Fr\u00e9d\u00e9ric Mutillod !\" \/>\n<meta name=\"robots\" content=\"index, follow, max-snippet:-1, max-image-preview:large, max-video-preview:-1\" \/>\n<link rel=\"canonical\" href=\"https:\/\/www.creilsudoise-tourisme.fr\/es\/2022\/11\/29\/frederic-mutillod\/\" \/>\n<meta property=\"og:locale\" content=\"es_ES\" \/>\n<meta property=\"og:type\" content=\"article\" \/>\n<meta property=\"og:title\" content=\"Fr\u00e9d\u00e9ric Mutillod, formateur \u00e0 l&#039;Atelier de la Pierre d&#039;Angle\" \/>\n<meta property=\"og:description\" content=\"Chaque mois, d\u00e9couvrez le territoire Creil Sud Oise \u00e0 travers un article et une interview sur un ambassadeur passionn\u00e9 ! En novembre, c&#039;est Fr\u00e9d\u00e9ric Mutillod !\" \/>\n<meta property=\"og:url\" content=\"https:\/\/www.creilsudoise-tourisme.fr\/es\/2022\/11\/29\/frederic-mutillod\/\" \/>\n<meta property=\"og:site_name\" content=\"Office de Tourisme Creil Sud Oise\" \/>\n<meta property=\"article:publisher\" content=\"https:\/\/www.facebook.com\/creilsudoisetourisme\/\" \/>\n<meta property=\"article:published_time\" content=\"2022-11-29T16:00:43+00:00\" \/>\n<meta property=\"article:modified_time\" content=\"2024-04-23T08:00:28+00:00\" \/>\n<meta property=\"og:image\" content=\"https:\/\/www.creilsudoise-tourisme.fr\/wp-content\/uploads\/2022\/11\/Frederic.jpg\" \/>\n\t<meta property=\"og:image:width\" content=\"816\" \/>\n\t<meta property=\"og:image:height\" content=\"833\" \/>\n\t<meta property=\"og:image:type\" content=\"image\/jpeg\" \/>\n<meta name=\"author\" content=\"fdubut\" \/>\n<meta name=\"twitter:card\" content=\"summary_large_image\" \/>\n<meta name=\"twitter:creator\" content=\"@CreilSudOiseOT\" \/>\n<meta name=\"twitter:site\" content=\"@CreilSudOiseOT\" \/>\n<meta name=\"twitter:label1\" content=\"Escrito por\" \/>\n\t<meta name=\"twitter:data1\" content=\"fdubut\" \/>\n\t<meta name=\"twitter:label2\" content=\"Tiempo de lectura\" \/>\n\t<meta name=\"twitter:data2\" content=\"6 minutos\" \/>\n<script type=\"application\/ld+json\" class=\"yoast-schema-graph\">{\"@context\":\"https:\/\/schema.org\",\"@graph\":[{\"@type\":\"Article\",\"@id\":\"https:\/\/www.creilsudoise-tourisme.fr\/2022\/11\/29\/frederic-mutillod\/#article\",\"isPartOf\":{\"@id\":\"https:\/\/www.creilsudoise-tourisme.fr\/2022\/11\/29\/frederic-mutillod\/\"},\"author\":{\"name\":\"fdubut\",\"@id\":\"https:\/\/www.creilsudoise-tourisme.fr\/#\/schema\/person\/c5140d47645b13bee896bfe05f1bd5da\"},\"headline\":\"Fr\u00e9d\u00e9ric Mutillod\",\"datePublished\":\"2022-11-29T16:00:43+00:00\",\"dateModified\":\"2024-04-23T08:00:28+00:00\",\"mainEntityOfPage\":{\"@id\":\"https:\/\/www.creilsudoise-tourisme.fr\/2022\/11\/29\/frederic-mutillod\/\"},\"wordCount\":1024,\"publisher\":{\"@id\":\"https:\/\/www.creilsudoise-tourisme.fr\/#organization\"},\"articleSection\":[\"Nos ambassadeurs\"],\"inLanguage\":\"es\"},{\"@type\":\"WebPage\",\"@id\":\"https:\/\/www.creilsudoise-tourisme.fr\/2022\/11\/29\/frederic-mutillod\/\",\"url\":\"https:\/\/www.creilsudoise-tourisme.fr\/2022\/11\/29\/frederic-mutillod\/\",\"name\":\"Fr\u00e9d\u00e9ric Mutillod, formateur \u00e0 l'Atelier de la Pierre d'Angle\",\"isPartOf\":{\"@id\":\"https:\/\/www.creilsudoise-tourisme.fr\/#website\"},\"datePublished\":\"2022-11-29T16:00:43+00:00\",\"dateModified\":\"2024-04-23T08:00:28+00:00\",\"description\":\"Chaque mois, d\u00e9couvrez le territoire Creil Sud Oise \u00e0 travers un article et une interview sur un ambassadeur passionn\u00e9 ! En novembre, c'est Fr\u00e9d\u00e9ric Mutillod !\",\"breadcrumb\":{\"@id\":\"https:\/\/www.creilsudoise-tourisme.fr\/2022\/11\/29\/frederic-mutillod\/#breadcrumb\"},\"inLanguage\":\"es\",\"potentialAction\":[{\"@type\":\"ReadAction\",\"target\":[\"https:\/\/www.creilsudoise-tourisme.fr\/2022\/11\/29\/frederic-mutillod\/\"]}]},{\"@type\":\"BreadcrumbList\",\"@id\":\"https:\/\/www.creilsudoise-tourisme.fr\/2022\/11\/29\/frederic-mutillod\/#breadcrumb\",\"itemListElement\":[{\"@type\":\"ListItem\",\"position\":1,\"name\":\"Accueil\",\"item\":\"https:\/\/www.creilsudoise-tourisme.fr\/\"},{\"@type\":\"ListItem\",\"position\":2,\"name\":\"Fr\u00e9d\u00e9ric Mutillod\"}]},{\"@type\":\"WebSite\",\"@id\":\"https:\/\/www.creilsudoise-tourisme.fr\/#website\",\"url\":\"https:\/\/www.creilsudoise-tourisme.fr\/\",\"name\":\"Office de Tourisme Creil Sud Oise\",\"description\":\"Creil Sud Oise Tourisme, un territoire \u00e0 explorer !\",\"publisher\":{\"@id\":\"https:\/\/www.creilsudoise-tourisme.fr\/#organization\"},\"potentialAction\":[{\"@type\":\"SearchAction\",\"target\":{\"@type\":\"EntryPoint\",\"urlTemplate\":\"https:\/\/www.creilsudoise-tourisme.fr\/?s={search_term_string}\"},\"query-input\":\"required name=search_term_string\"}],\"inLanguage\":\"es\"},{\"@type\":\"Organization\",\"@id\":\"https:\/\/www.creilsudoise-tourisme.fr\/#organization\",\"name\":\"Creil Sud Oise Tourisme\",\"url\":\"https:\/\/www.creilsudoise-tourisme.fr\/\",\"logo\":{\"@type\":\"ImageObject\",\"inLanguage\":\"es\",\"@id\":\"https:\/\/www.creilsudoise-tourisme.fr\/#\/schema\/logo\/image\/\",\"url\":\"https:\/\/www.creilsudoise-tourisme.fr\/wp-content\/uploads\/2021\/05\/logo-svg.png\",\"contentUrl\":\"https:\/\/www.creilsudoise-tourisme.fr\/wp-content\/uploads\/2021\/05\/logo-svg.png\",\"width\":182,\"height\":71,\"caption\":\"Creil Sud Oise Tourisme\"},\"image\":{\"@id\":\"https:\/\/www.creilsudoise-tourisme.fr\/#\/schema\/logo\/image\/\"},\"sameAs\":[\"https:\/\/www.facebook.com\/creilsudoisetourisme\/\",\"https:\/\/twitter.com\/CreilSudOiseOT\",\"https:\/\/www.instagram.com\/creilsudoisetourisme\/\",\"https:\/\/www.youtube.com\/channel\/UC8L_QD2wwyADW14zt9fY8kw\"]},{\"@type\":\"Person\",\"@id\":\"https:\/\/www.creilsudoise-tourisme.fr\/#\/schema\/person\/c5140d47645b13bee896bfe05f1bd5da\",\"name\":\"fdubut\",\"image\":{\"@type\":\"ImageObject\",\"inLanguage\":\"es\",\"@id\":\"https:\/\/www.creilsudoise-tourisme.fr\/#\/schema\/person\/image\/\",\"url\":\"https:\/\/secure.gravatar.com\/avatar\/c49bb61337bf4556cafdbcb92c18618d?s=96&d=mm&r=g\",\"contentUrl\":\"https:\/\/secure.gravatar.com\/avatar\/c49bb61337bf4556cafdbcb92c18618d?s=96&d=mm&r=g\",\"caption\":\"fdubut\"},\"url\":\"https:\/\/www.creilsudoise-tourisme.fr\/es\/auteur\/fdubut\/\"}]}<\/script>\n<!-- \/ Yoast SEO plugin. -->","yoast_head_json":{"title":"Fr\u00e9d\u00e9ric Mutillod, formateur \u00e0 l'Atelier de la Pierre d'Angle","description":"Chaque mois, d\u00e9couvrez le territoire Creil Sud Oise \u00e0 travers un article et une interview sur un ambassadeur passionn\u00e9 ! En novembre, c'est Fr\u00e9d\u00e9ric Mutillod !","robots":{"index":"index","follow":"follow","max-snippet":"max-snippet:-1","max-image-preview":"max-image-preview:large","max-video-preview":"max-video-preview:-1"},"canonical":"https:\/\/www.creilsudoise-tourisme.fr\/es\/2022\/11\/29\/frederic-mutillod\/","og_locale":"es_ES","og_type":"article","og_title":"Fr\u00e9d\u00e9ric Mutillod, formateur \u00e0 l'Atelier de la Pierre d'Angle","og_description":"Chaque mois, d\u00e9couvrez le territoire Creil Sud Oise \u00e0 travers un article et une interview sur un ambassadeur passionn\u00e9 ! En novembre, c'est Fr\u00e9d\u00e9ric Mutillod !","og_url":"https:\/\/www.creilsudoise-tourisme.fr\/es\/2022\/11\/29\/frederic-mutillod\/","og_site_name":"Office de Tourisme Creil Sud Oise","article_publisher":"https:\/\/www.facebook.com\/creilsudoisetourisme\/","article_published_time":"2022-11-29T16:00:43+00:00","article_modified_time":"2024-04-23T08:00:28+00:00","og_image":[{"width":816,"height":833,"url":"https:\/\/www.creilsudoise-tourisme.fr\/wp-content\/uploads\/2022\/11\/Frederic.jpg","type":"image\/jpeg"}],"author":"fdubut","twitter_card":"summary_large_image","twitter_creator":"@CreilSudOiseOT","twitter_site":"@CreilSudOiseOT","twitter_misc":{"Escrito por":"fdubut","Tiempo de lectura":"6 minutos"},"schema":{"@context":"https:\/\/schema.org","@graph":[{"@type":"Article","@id":"https:\/\/www.creilsudoise-tourisme.fr\/2022\/11\/29\/frederic-mutillod\/#article","isPartOf":{"@id":"https:\/\/www.creilsudoise-tourisme.fr\/2022\/11\/29\/frederic-mutillod\/"},"author":{"name":"fdubut","@id":"https:\/\/www.creilsudoise-tourisme.fr\/#\/schema\/person\/c5140d47645b13bee896bfe05f1bd5da"},"headline":"Fr\u00e9d\u00e9ric Mutillod","datePublished":"2022-11-29T16:00:43+00:00","dateModified":"2024-04-23T08:00:28+00:00","mainEntityOfPage":{"@id":"https:\/\/www.creilsudoise-tourisme.fr\/2022\/11\/29\/frederic-mutillod\/"},"wordCount":1024,"publisher":{"@id":"https:\/\/www.creilsudoise-tourisme.fr\/#organization"},"articleSection":["Nos ambassadeurs"],"inLanguage":"es"},{"@type":"WebPage","@id":"https:\/\/www.creilsudoise-tourisme.fr\/2022\/11\/29\/frederic-mutillod\/","url":"https:\/\/www.creilsudoise-tourisme.fr\/2022\/11\/29\/frederic-mutillod\/","name":"Fr\u00e9d\u00e9ric Mutillod, formateur \u00e0 l'Atelier de la Pierre d'Angle","isPartOf":{"@id":"https:\/\/www.creilsudoise-tourisme.fr\/#website"},"datePublished":"2022-11-29T16:00:43+00:00","dateModified":"2024-04-23T08:00:28+00:00","description":"Chaque mois, d\u00e9couvrez le territoire Creil Sud Oise \u00e0 travers un article et une interview sur un ambassadeur passionn\u00e9 ! En novembre, c'est Fr\u00e9d\u00e9ric Mutillod !","breadcrumb":{"@id":"https:\/\/www.creilsudoise-tourisme.fr\/2022\/11\/29\/frederic-mutillod\/#breadcrumb"},"inLanguage":"es","potentialAction":[{"@type":"ReadAction","target":["https:\/\/www.creilsudoise-tourisme.fr\/2022\/11\/29\/frederic-mutillod\/"]}]},{"@type":"BreadcrumbList","@id":"https:\/\/www.creilsudoise-tourisme.fr\/2022\/11\/29\/frederic-mutillod\/#breadcrumb","itemListElement":[{"@type":"ListItem","position":1,"name":"Accueil","item":"https:\/\/www.creilsudoise-tourisme.fr\/"},{"@type":"ListItem","position":2,"name":"Fr\u00e9d\u00e9ric Mutillod"}]},{"@type":"WebSite","@id":"https:\/\/www.creilsudoise-tourisme.fr\/#website","url":"https:\/\/www.creilsudoise-tourisme.fr\/","name":"Office de Tourisme Creil Sud Oise","description":"Creil Sud Oise Tourisme, un territoire \u00e0 explorer !","publisher":{"@id":"https:\/\/www.creilsudoise-tourisme.fr\/#organization"},"potentialAction":[{"@type":"SearchAction","target":{"@type":"EntryPoint","urlTemplate":"https:\/\/www.creilsudoise-tourisme.fr\/?s={search_term_string}"},"query-input":"required name=search_term_string"}],"inLanguage":"es"},{"@type":"Organization","@id":"https:\/\/www.creilsudoise-tourisme.fr\/#organization","name":"Creil Sud Oise Tourisme","url":"https:\/\/www.creilsudoise-tourisme.fr\/","logo":{"@type":"ImageObject","inLanguage":"es","@id":"https:\/\/www.creilsudoise-tourisme.fr\/#\/schema\/logo\/image\/","url":"https:\/\/www.creilsudoise-tourisme.fr\/wp-content\/uploads\/2021\/05\/logo-svg.png","contentUrl":"https:\/\/www.creilsudoise-tourisme.fr\/wp-content\/uploads\/2021\/05\/logo-svg.png","width":182,"height":71,"caption":"Creil Sud Oise Tourisme"},"image":{"@id":"https:\/\/www.creilsudoise-tourisme.fr\/#\/schema\/logo\/image\/"},"sameAs":["https:\/\/www.facebook.com\/creilsudoisetourisme\/","https:\/\/twitter.com\/CreilSudOiseOT","https:\/\/www.instagram.com\/creilsudoisetourisme\/","https:\/\/www.youtube.com\/channel\/UC8L_QD2wwyADW14zt9fY8kw"]},{"@type":"Person","@id":"https:\/\/www.creilsudoise-tourisme.fr\/#\/schema\/person\/c5140d47645b13bee896bfe05f1bd5da","name":"fdubut","image":{"@type":"ImageObject","inLanguage":"es","@id":"https:\/\/www.creilsudoise-tourisme.fr\/#\/schema\/person\/image\/","url":"https:\/\/secure.gravatar.com\/avatar\/c49bb61337bf4556cafdbcb92c18618d?s=96&d=mm&r=g","contentUrl":"https:\/\/secure.gravatar.com\/avatar\/c49bb61337bf4556cafdbcb92c18618d?s=96&d=mm&r=g","caption":"fdubut"},"url":"https:\/\/www.creilsudoise-tourisme.fr\/es\/auteur\/fdubut\/"}]}},"_links":{"self":[{"href":"https:\/\/www.creilsudoise-tourisme.fr\/es\/wp-json\/wp\/v2\/posts\/43630"}],"collection":[{"href":"https:\/\/www.creilsudoise-tourisme.fr\/es\/wp-json\/wp\/v2\/posts"}],"about":[{"href":"https:\/\/www.creilsudoise-tourisme.fr\/es\/wp-json\/wp\/v2\/types\/post"}],"author":[{"embeddable":true,"href":"https:\/\/www.creilsudoise-tourisme.fr\/es\/wp-json\/wp\/v2\/users\/3"}],"replies":[{"embeddable":true,"href":"https:\/\/www.creilsudoise-tourisme.fr\/es\/wp-json\/wp\/v2\/comments?post=43630"}],"version-history":[{"count":4,"href":"https:\/\/www.creilsudoise-tourisme.fr\/es\/wp-json\/wp\/v2\/posts\/43630\/revisions"}],"predecessor-version":[{"id":53485,"href":"https:\/\/www.creilsudoise-tourisme.fr\/es\/wp-json\/wp\/v2\/posts\/43630\/revisions\/53485"}],"wp:featuredmedia":[{"embeddable":true,"href":"https:\/\/www.creilsudoise-tourisme.fr\/es\/wp-json\/wp\/v2\/media\/43648"}],"wp:attachment":[{"href":"https:\/\/www.creilsudoise-tourisme.fr\/es\/wp-json\/wp\/v2\/media?parent=43630"}],"wp:term":[{"taxonomy":"category","embeddable":true,"href":"https:\/\/www.creilsudoise-tourisme.fr\/es\/wp-json\/wp\/v2\/categories?post=43630"},{"taxonomy":"post_tag","embeddable":true,"href":"https:\/\/www.creilsudoise-tourisme.fr\/es\/wp-json\/wp\/v2\/tags?post=43630"}],"curies":[{"name":"wp","href":"https:\/\/api.w.org\/{rel}","templated":true}]}}