{"id":43606,"date":"2025-12-09T14:21:13","date_gmt":"2025-12-09T13:21:13","guid":{"rendered":"https:\/\/www.creilsudoise-tourisme.fr\/?p=43606"},"modified":"2026-01-30T14:57:45","modified_gmt":"2026-01-30T13:57:45","slug":"cadeaux-locaux","status":"publish","type":"post","link":"https:\/\/www.creilsudoise-tourisme.fr\/es\/2025\/12\/09\/local-gifts\/","title":{"rendered":"Ideas de regalos locales"},"content":{"rendered":"<p class=\"is-style-excerpt\">En busca de<strong> \u00bfregalos originales y locales para Navidad?<\/strong> Le ofrecemos un <strong>selecci\u00f3n de ideas<\/strong> \u00a1para hacer felices a sus seres queridos!<\/p>\n\n\n\n<h2>Bijoux de Koko<\/h2>\n\n\n\n<p>Ofrezca un <strong>joyas fabricadas en Creil por Coralie, Koko,<\/strong> que domina una habilidad \u00fanica y poco conocida: la <strong>frivolidad<\/strong>una t\u00e9cnica de encaje ancestral. <\/p>\n\n\n\n<div class=\"is-layout-flex wp-container-3 wp-block-columns\">\n<div class=\"is-layout-flow wp-block-column\" style=\"flex-basis:66.66%\">\n<figure class=\"wp-block-image size-large\"><img decoding=\"async\" loading=\"lazy\" width=\"900\" height=\"579\" data-src=\"https:\/\/www.creilsudoise-tourisme.fr\/wp-content\/uploads\/2022\/11\/20190705_101801.jpg\" alt=\"\" class=\"wp-image-43612\" data-srcset=\"https:\/\/www.creilsudoise-tourisme.fr\/wp-content\/uploads\/2022\/11\/20190705_101801.jpg 900w, https:\/\/www.creilsudoise-tourisme.fr\/wp-content\/uploads\/2022\/11\/20190705_101801-600x386.jpg 600w, https:\/\/www.creilsudoise-tourisme.fr\/wp-content\/uploads\/2022\/11\/20190705_101801-200x129.jpg 200w, https:\/\/www.creilsudoise-tourisme.fr\/wp-content\/uploads\/2022\/11\/20190705_101801-650x418.jpg 650w, https:\/\/www.creilsudoise-tourisme.fr\/wp-content\/uploads\/2022\/11\/20190705_101801-387x249.jpg 387w\" sizes=\"(max-width: 900px) 100vw, 900px\" \/><\/figure>\n<\/div>\n\n\n\n<div class=\"is-layout-flow wp-block-column\" style=\"flex-basis:33.33%\">\n<figure class=\"wp-block-image size-large\"><img decoding=\"async\" loading=\"lazy\" width=\"480\" height=\"630\" data-src=\"https:\/\/www.creilsudoise-tourisme.fr\/wp-content\/uploads\/2022\/11\/370f11_f075274943ad43e0b666ad582a0c68b9_mv2.jpg\" alt=\"\" class=\"wp-image-43622\" data-srcset=\"https:\/\/www.creilsudoise-tourisme.fr\/wp-content\/uploads\/2022\/11\/370f11_f075274943ad43e0b666ad582a0c68b9_mv2.jpg 480w, https:\/\/www.creilsudoise-tourisme.fr\/wp-content\/uploads\/2022\/11\/370f11_f075274943ad43e0b666ad582a0c68b9_mv2-457x600.jpg 457w, https:\/\/www.creilsudoise-tourisme.fr\/wp-content\/uploads\/2022\/11\/370f11_f075274943ad43e0b666ad582a0c68b9_mv2-200x263.jpg 200w, https:\/\/www.creilsudoise-tourisme.fr\/wp-content\/uploads\/2022\/11\/370f11_f075274943ad43e0b666ad582a0c68b9_mv2-387x508.jpg 387w\" sizes=\"(max-width: 480px) 100vw, 480px\" \/><\/figure>\n<\/div>\n<\/div>\n\n\n\n<p><em>Precios a partir de 26 euros. Tienda en l\u00ednea con entrega en mano en Creil. <\/em><\/p>\n\n\n\n<div class=\"is-horizontal is-content-justification-center is-layout-flex wp-container-4 wp-block-buttons\">\n<div class=\"wp-block-button\"><a class=\"wp-block-button__link wp-element-button\" href=\"https:\/\/www.kokobijouxdentelle.fr\/e-shop\" target=\"_blank\" rel=\"noreferrer noopener\">tienda en l\u00ednea<\/a><\/div>\n<\/div>\n\n\n\n<p>Es bueno saberlo. Coralie ofrece <strong><a href=\"https:\/\/www.kokobijouxdentelle.fr\/ateliers\" target=\"_blank\" rel=\"noreferrer noopener\">talleres de iniciaci\u00f3n al arte de la frivolidad <\/a><\/strong>\u00a1! Suscr\u00edbete al bolet\u00edn de noticias de Koko para enterarte de las pr\u00f3ximas fechas (\u00a1pr\u00f3ximamente el programa 2025!).<\/p>\n\n\n\n<hr class=\"wp-block-separator has-css-opacity\"\/>\n\n\n\n<h2>Velas artesanales<\/h2>\n\n\n\n<p>Reg\u00e1late un <strong>vela artesanal<\/strong>hecho por Carole con gran cuidado de <strong>productos naturales y de calidad <\/strong>en el taller <a href=\"https:\/\/monboudoiracire.com\/\" target=\"_blank\" rel=\"noreferrer noopener\"><strong>Mi tocador de cera<\/strong><\/a>\u00a1situado en Saint-Maximin!<\/p>\n\n\n\n<p><em>Vaya a la tienda en l\u00ednea (\u00a1tenga en cuenta el plazo de entrega de 15 d\u00edas!) o a <a href=\"https:\/\/www.truffaut.com\/stores\/saint-maximin?gad_source=1&amp;gclid=CjwKCAiAxqC6BhBcEiwAlXp45ybRu53bxCcfHFQk32k1dKRDjii7tvJSfvIKmyIAUUKOwz04pM8T3xoCTNwQAvD_BwE\" target=\"_blank\" rel=\"noreferrer noopener\">Truffaut en Saint-Maximin<\/a> los siguientes d\u00edas: s\u00e1bado 30 de noviembre a las 13.30 horas, domingo 8 de diciembre a las 9.00 horas, s\u00e1bado 14 de diciembre a las 13.30 horas, s\u00e1bado 21 de diciembre a las 13.30 horas y domingo 22 de diciembre a las 9.00 horas.<\/em><\/p>\n\n\n\n<div class=\"is-content-justification-center is-layout-flex wp-container-5 wp-block-buttons\">\n<div class=\"wp-block-button\"><a class=\"wp-block-button__link wp-element-button\" href=\"https:\/\/monboudoiracire.com\/\" target=\"_blank\" rel=\"noreferrer noopener\">tienda en l\u00ednea<\/a><\/div>\n<\/div>\n\n\n\n<hr class=\"wp-block-separator has-alpha-channel-opacity\"\/>\n\n\n\n<h2>Jab\u00f3n artesanal<\/h2>\n\n\n\n<p>Huelen bien, son suaves con la piel y se elaboran con productos \u00e9ticos y naturales en el laboratorio de Cyril en Saint-Vaast-l\u00e8s-Mello. <strong>regala el jab\u00f3n natural 100% de <a href=\"https:\/\/www.savonnerie-sao.fr\/\" target=\"_blank\" rel=\"noreferrer noopener\">Savonnerie Artisanale de l'Oise<\/a> \u00a1por Navidad!<\/strong><\/p>\n\n\n\n<figure class=\"wp-block-image size-full\"><img decoding=\"async\" loading=\"lazy\" width=\"786\" height=\"613\" data-src=\"https:\/\/www.creilsudoise-tourisme.fr\/wp-content\/uploads\/2024\/11\/Savonnerie-Artisanale-de-lOise-\u00a9-Cyril-Allewaert.jpg\" alt=\"\" class=\"wp-image-58730\" data-srcset=\"https:\/\/www.creilsudoise-tourisme.fr\/wp-content\/uploads\/2024\/11\/Savonnerie-Artisanale-de-lOise-\u00a9-Cyril-Allewaert.jpg 786w, https:\/\/www.creilsudoise-tourisme.fr\/wp-content\/uploads\/2024\/11\/Savonnerie-Artisanale-de-lOise-\u00a9-Cyril-Allewaert-600x468.jpg 600w, https:\/\/www.creilsudoise-tourisme.fr\/wp-content\/uploads\/2024\/11\/Savonnerie-Artisanale-de-lOise-\u00a9-Cyril-Allewaert-15x12.jpg 15w, https:\/\/www.creilsudoise-tourisme.fr\/wp-content\/uploads\/2024\/11\/Savonnerie-Artisanale-de-lOise-\u00a9-Cyril-Allewaert-200x156.jpg 200w, https:\/\/www.creilsudoise-tourisme.fr\/wp-content\/uploads\/2024\/11\/Savonnerie-Artisanale-de-lOise-\u00a9-Cyril-Allewaert-650x507.jpg 650w, https:\/\/www.creilsudoise-tourisme.fr\/wp-content\/uploads\/2024\/11\/Savonnerie-Artisanale-de-lOise-\u00a9-Cyril-Allewaert-387x302.jpg 387w\" sizes=\"(max-width: 786px) 100vw, 786px\" \/><\/figure>\n\n\n\n<p><em>Puede hacer su pedido en l\u00ednea o encontrar los jabones en la Ferme de Folemprise (v\u00e9ase m\u00e1s abajo) o en la tienda de la Oficina de Turismo (v\u00e9ase tambi\u00e9n m\u00e1s abajo).<\/em><\/p>\n\n\n\n<div class=\"is-content-justification-center is-layout-flex wp-container-6 wp-block-buttons\">\n<div class=\"wp-block-button\"><a class=\"wp-block-button__link wp-element-button\" href=\"https:\/\/www.savonnerie-sao.fr\/shop\" target=\"_blank\" rel=\"noreferrer noopener\">tienda en l\u00ednea<\/a><\/div>\n<\/div>\n\n\n\n<hr class=\"wp-block-separator has-alpha-channel-opacity\"\/>\n\n\n\n<h2>Cesta gourmet Arbre \u00e0 Poule<\/h2>\n\n\n\n<p>En <strong>Granja urbana Abre \u00e0 Poule<\/strong>un entorno ecol\u00f3gico de permacultura en el coraz\u00f3n de Villers-Saint-Paul, le ofrece <strong>cestas con sus productos<\/strong>Se procesan y envasan en su propio laboratorio de la granja. En el men\u00fa: coulis de verduras, mermeladas, siropes, infusiones... <\/p>\n\n\n\n<div class=\"is-layout-flex wp-container-10 wp-block-columns\">\n<div class=\"is-layout-flow wp-block-column\">\n<figure class=\"wp-block-image size-large\"><img decoding=\"async\" loading=\"lazy\" width=\"900\" height=\"1200\" data-src=\"https:\/\/www.creilsudoise-tourisme.fr\/wp-content\/uploads\/2022\/11\/sdqfd-900x1200.jpg\" alt=\"\" class=\"wp-image-43619\" data-srcset=\"https:\/\/www.creilsudoise-tourisme.fr\/wp-content\/uploads\/2022\/11\/sdqfd-900x1200.jpg 900w, https:\/\/www.creilsudoise-tourisme.fr\/wp-content\/uploads\/2022\/11\/sdqfd-450x600.jpg 450w, https:\/\/www.creilsudoise-tourisme.fr\/wp-content\/uploads\/2022\/11\/sdqfd-675x900.jpg 675w, https:\/\/www.creilsudoise-tourisme.fr\/wp-content\/uploads\/2022\/11\/sdqfd-200x267.jpg 200w, https:\/\/www.creilsudoise-tourisme.fr\/wp-content\/uploads\/2022\/11\/sdqfd-650x867.jpg 650w, https:\/\/www.creilsudoise-tourisme.fr\/wp-content\/uploads\/2022\/11\/sdqfd-387x516.jpg 387w, https:\/\/www.creilsudoise-tourisme.fr\/wp-content\/uploads\/2022\/11\/sdqfd.jpg 1152w\" sizes=\"(max-width: 900px) 100vw, 900px\" \/><\/figure>\n<\/div>\n\n\n\n<div class=\"is-layout-flow wp-block-column\">\n<figure class=\"wp-block-image size-large\"><img decoding=\"async\" loading=\"lazy\" width=\"900\" height=\"1200\" data-src=\"https:\/\/www.creilsudoise-tourisme.fr\/wp-content\/uploads\/2022\/11\/ezraezet-900x1200.jpg\" alt=\"\" class=\"wp-image-43623\" data-srcset=\"https:\/\/www.creilsudoise-tourisme.fr\/wp-content\/uploads\/2022\/11\/ezraezet-900x1200.jpg 900w, https:\/\/www.creilsudoise-tourisme.fr\/wp-content\/uploads\/2022\/11\/ezraezet-450x600.jpg 450w, https:\/\/www.creilsudoise-tourisme.fr\/wp-content\/uploads\/2022\/11\/ezraezet-675x900.jpg 675w, https:\/\/www.creilsudoise-tourisme.fr\/wp-content\/uploads\/2022\/11\/ezraezet-200x267.jpg 200w, https:\/\/www.creilsudoise-tourisme.fr\/wp-content\/uploads\/2022\/11\/ezraezet-650x867.jpg 650w, https:\/\/www.creilsudoise-tourisme.fr\/wp-content\/uploads\/2022\/11\/ezraezet-387x516.jpg 387w, https:\/\/www.creilsudoise-tourisme.fr\/wp-content\/uploads\/2022\/11\/ezraezet.jpg 1050w\" sizes=\"(max-width: 900px) 100vw, 900px\" \/><\/figure>\n<\/div>\n\n\n\n<div class=\"is-layout-flow wp-block-column\">\n<figure class=\"wp-block-image size-large\"><img decoding=\"async\" loading=\"lazy\" width=\"900\" height=\"1200\" data-src=\"https:\/\/www.creilsudoise-tourisme.fr\/wp-content\/uploads\/2022\/11\/kjh-900x1200.jpg\" alt=\"\" class=\"wp-image-43624\" data-srcset=\"https:\/\/www.creilsudoise-tourisme.fr\/wp-content\/uploads\/2022\/11\/kjh-900x1200.jpg 900w, https:\/\/www.creilsudoise-tourisme.fr\/wp-content\/uploads\/2022\/11\/kjh-450x600.jpg 450w, https:\/\/www.creilsudoise-tourisme.fr\/wp-content\/uploads\/2022\/11\/kjh-675x900.jpg 675w, https:\/\/www.creilsudoise-tourisme.fr\/wp-content\/uploads\/2022\/11\/kjh-200x267.jpg 200w, https:\/\/www.creilsudoise-tourisme.fr\/wp-content\/uploads\/2022\/11\/kjh-650x867.jpg 650w, https:\/\/www.creilsudoise-tourisme.fr\/wp-content\/uploads\/2022\/11\/kjh-387x516.jpg 387w, https:\/\/www.creilsudoise-tourisme.fr\/wp-content\/uploads\/2022\/11\/kjh.jpg 1152w\" sizes=\"(max-width: 900px) 100vw, 900px\" \/><\/figure>\n<\/div>\n<\/div>\n\n\n\n<p><em>Precios a partir de 10 euros. Punto de venta Arbre \u00e0 Poule abierto los martes y viernes de 17:00 a 19:00 y los s\u00e1bados por la ma\u00f1ana de 10:00 a 12:00 en el 28 rue Mortefontaine, Villers-Saint-Paul.<\/em>.<\/p>\n\n\n\n<div class=\"is-horizontal is-content-justification-center is-layout-flex wp-container-11 wp-block-buttons\">\n<div class=\"wp-block-button\"><a class=\"wp-block-button__link wp-element-button\" href=\"https:\/\/www.larbreapoule.com\/accueil\" target=\"_blank\" rel=\"noreferrer noopener\">El gallinero<\/a><\/div>\n<\/div>\n\n\n\n<hr class=\"wp-block-separator has-css-opacity\"\/>\n\n\n\n<h2>Caja gourmet La Buvette<\/h2>\n\n\n\n<p>En <strong>restaurante La Buvette<\/strong>, <strong>etiquetado <a href=\"https:\/\/www.bistrotdepays.com\/\" target=\"_blank\" rel=\"noreferrer noopener\">Bistrot de Pays<\/a><\/strong> y situado en Saint-Maximin (pueblo) le ofrece<strong> \u00a1cajas y cestas gourmet para agasajar a tus amigos!<\/strong><\/p>\n\n\n\n<div class=\"is-layout-flex wp-container-14 wp-block-columns\">\n<div class=\"is-layout-flow wp-block-column\">\n<figure class=\"wp-block-image size-large\"><img decoding=\"async\" loading=\"lazy\" width=\"1200\" height=\"900\" data-src=\"https:\/\/www.creilsudoise-tourisme.fr\/wp-content\/uploads\/2022\/11\/rergt-1200x900.jpg\" alt=\"\" class=\"wp-image-43618\" data-srcset=\"https:\/\/www.creilsudoise-tourisme.fr\/wp-content\/uploads\/2022\/11\/rergt-1200x900.jpg 1200w, https:\/\/www.creilsudoise-tourisme.fr\/wp-content\/uploads\/2022\/11\/rergt-600x450.jpg 600w, https:\/\/www.creilsudoise-tourisme.fr\/wp-content\/uploads\/2022\/11\/rergt-900x675.jpg 900w, https:\/\/www.creilsudoise-tourisme.fr\/wp-content\/uploads\/2022\/11\/rergt-200x150.jpg 200w, https:\/\/www.creilsudoise-tourisme.fr\/wp-content\/uploads\/2022\/11\/rergt-650x488.jpg 650w, https:\/\/www.creilsudoise-tourisme.fr\/wp-content\/uploads\/2022\/11\/rergt-387x290.jpg 387w, https:\/\/www.creilsudoise-tourisme.fr\/wp-content\/uploads\/2022\/11\/rergt.jpg 1400w\" sizes=\"(max-width: 1200px) 100vw, 1200px\" \/><\/figure>\n<\/div>\n\n\n\n<div class=\"is-layout-flow wp-block-column\">\n<figure class=\"wp-block-image size-large\"><img decoding=\"async\" loading=\"lazy\" width=\"1400\" height=\"1400\" data-src=\"https:\/\/www.creilsudoise-tourisme.fr\/wp-content\/uploads\/2022\/11\/inconnu-edited.jpg\" alt=\"\" class=\"wp-image-43625\" data-srcset=\"https:\/\/www.creilsudoise-tourisme.fr\/wp-content\/uploads\/2022\/11\/inconnu-edited.jpg 1400w, https:\/\/www.creilsudoise-tourisme.fr\/wp-content\/uploads\/2022\/11\/inconnu-edited-600x600.jpg 600w, https:\/\/www.creilsudoise-tourisme.fr\/wp-content\/uploads\/2022\/11\/inconnu-edited-1200x1200.jpg 1200w, https:\/\/www.creilsudoise-tourisme.fr\/wp-content\/uploads\/2022\/11\/inconnu-edited-300x300.jpg 300w, https:\/\/www.creilsudoise-tourisme.fr\/wp-content\/uploads\/2022\/11\/inconnu-edited-900x900.jpg 900w, https:\/\/www.creilsudoise-tourisme.fr\/wp-content\/uploads\/2022\/11\/inconnu-edited-200x200.jpg 200w, https:\/\/www.creilsudoise-tourisme.fr\/wp-content\/uploads\/2022\/11\/inconnu-edited-650x650.jpg 650w, https:\/\/www.creilsudoise-tourisme.fr\/wp-content\/uploads\/2022\/11\/inconnu-edited-387x387.jpg 387w\" sizes=\"(max-width: 1400px) 100vw, 1400px\" \/><\/figure>\n<\/div>\n<\/div>\n\n\n\n<p><em>Cestas a medida. La tienda est\u00e1 situada en el restaurante La Buvette, 23 rue Pierre Dewaele en Saint-Maximin.<\/em><\/p>\n\n\n\n<div class=\"is-horizontal is-content-justification-center is-layout-flex wp-container-15 wp-block-buttons\">\n<div class=\"wp-block-button\"><a class=\"wp-block-button__link wp-element-button\" href=\"https:\/\/la-buvette-restaurant-bar-epiceriefine-st-maximin.eatbu.com\/?lang=fr\" target=\"_blank\" rel=\"noreferrer noopener\">El bar de refrescos<\/a><\/div>\n<\/div>\n\n\n\n<hr class=\"wp-block-separator has-css-opacity\"\/>\n\n\n\n<h2>Chocolates Vaul\u00e9on<\/h2>\n\n\n\n<p><strong>Roland, un chocolatero apasionado<\/strong> ya jubilado, le da la bienvenida a su granja familiar, donde ha abierto una f\u00e1brica de chocolate para deleitar su paladar. <strong>Su peque\u00f1a tienda est\u00e1 repleta de dulces navide\u00f1os.<\/strong> (\u00a1o a degustar para los gourmets!). <\/p>\n\n\n\n<div class=\"is-layout-flex wp-container-18 wp-block-columns\">\n<div class=\"is-layout-flow wp-block-column\" style=\"flex-basis:33.33%\">\n<figure class=\"wp-block-image size-large\"><img decoding=\"async\" loading=\"lazy\" width=\"900\" height=\"1200\" data-src=\"https:\/\/www.creilsudoise-tourisme.fr\/wp-content\/uploads\/2022\/11\/IMG_8552-900x1200.jpg\" alt=\"\" class=\"wp-image-43614\" data-srcset=\"https:\/\/www.creilsudoise-tourisme.fr\/wp-content\/uploads\/2022\/11\/IMG_8552-900x1200.jpg 900w, https:\/\/www.creilsudoise-tourisme.fr\/wp-content\/uploads\/2022\/11\/IMG_8552-450x600.jpg 450w, https:\/\/www.creilsudoise-tourisme.fr\/wp-content\/uploads\/2022\/11\/IMG_8552-675x900.jpg 675w, https:\/\/www.creilsudoise-tourisme.fr\/wp-content\/uploads\/2022\/11\/IMG_8552-200x267.jpg 200w, https:\/\/www.creilsudoise-tourisme.fr\/wp-content\/uploads\/2022\/11\/IMG_8552-650x867.jpg 650w, https:\/\/www.creilsudoise-tourisme.fr\/wp-content\/uploads\/2022\/11\/IMG_8552-387x516.jpg 387w, https:\/\/www.creilsudoise-tourisme.fr\/wp-content\/uploads\/2022\/11\/IMG_8552.jpg 1050w\" sizes=\"(max-width: 900px) 100vw, 900px\" \/><\/figure>\n<\/div>\n\n\n\n<div class=\"is-layout-flow wp-block-column\" style=\"flex-basis:66.66%\">\n<figure class=\"wp-block-image size-large is-resized\"><img decoding=\"async\" loading=\"lazy\" data-src=\"https:\/\/www.creilsudoise-tourisme.fr\/wp-content\/uploads\/2022\/11\/IMG_8603-edited.jpg\" alt=\"\" class=\"wp-image-43626\" width=\"483\" height=\"332\"\/><\/figure>\n<\/div>\n<\/div>\n\n\n\n<p><em>Roland es un entusiasta que abre sus puertas en funci\u00f3n de su disponibilidad. Le recomendamos encarecidamente que se ponga en contacto con \u00e9l antes de venir para asegurarse de que est\u00e1 abierto: 03 44 25 29 92. Encuentro en el n\u00famero 10 de la calle Hameaux des Haies, en Saint-Maximin. A tener en cuenta: si la puerta de la granja est\u00e1 abierta, es buena se\u00f1al. <\/em><\/p>\n\n\n\n<hr class=\"wp-block-separator has-css-opacity\"\/>\n\n\n\n<h2>Una noche en una caba\u00f1a ins\u00f3lita<\/h2>\n\n\n\n<p>Ofrezca un <strong><a href=\"https:\/\/www.coeurdelodge.fr\/fr\/booking\/room#DatesGuests-BE\" target=\"_blank\" rel=\"noreferrer noopener\">tarjeta regalo<\/a><\/strong> gastar uno o m\u00e1s <strong>noche(s) rom\u00e1ntica(s)<\/strong> en un <strong>alojamiento ins\u00f3lito<\/strong> en Cramoisy. Spa, brasero (o raclette en oto\u00f1o\/invierno), ducha exterior y zona de petanca. Disfrute de las vistas con un desayuno gratuito. A<strong> lugar \u00fanico <\/strong>para un <strong>estancia para dos<\/strong>.<br><\/p>\n\n\n\n<hr class=\"wp-block-separator has-alpha-channel-opacity\"\/>\n\n\n\n<h2>Degustaci\u00f3n en Le Verbois<\/h2>\n\n\n\n<p>Ofrezca un <strong>cheque regalo para una degustaci\u00f3n gastron\u00f3mica<\/strong> al tan buscado <strong>Verbois, galardonado con 1 estrella en la Gu\u00eda Michelin<\/strong> \u00a1a partir de 2021!<\/p>\n\n\n\n<figure class=\"wp-block-image size-large\"><img decoding=\"async\" loading=\"lazy\" width=\"1200\" height=\"800\" data-src=\"https:\/\/www.creilsudoise-tourisme.fr\/wp-content\/uploads\/2022\/11\/verbois_salle-2-1200x800.jpg\" alt=\"\" class=\"wp-image-43620\" data-srcset=\"https:\/\/www.creilsudoise-tourisme.fr\/wp-content\/uploads\/2022\/11\/verbois_salle-2-1200x800.jpg 1200w, https:\/\/www.creilsudoise-tourisme.fr\/wp-content\/uploads\/2022\/11\/verbois_salle-2-600x400.jpg 600w, https:\/\/www.creilsudoise-tourisme.fr\/wp-content\/uploads\/2022\/11\/verbois_salle-2-900x600.jpg 900w, https:\/\/www.creilsudoise-tourisme.fr\/wp-content\/uploads\/2022\/11\/verbois_salle-2-200x133.jpg 200w, https:\/\/www.creilsudoise-tourisme.fr\/wp-content\/uploads\/2022\/11\/verbois_salle-2-650x433.jpg 650w, https:\/\/www.creilsudoise-tourisme.fr\/wp-content\/uploads\/2022\/11\/verbois_salle-2-387x258.jpg 387w, https:\/\/www.creilsudoise-tourisme.fr\/wp-content\/uploads\/2022\/11\/verbois_salle-2.jpg 1400w\" sizes=\"(max-width: 1200px) 100vw, 1200px\" \/><\/figure>\n\n\n\n<p><em>A partir de 190 euros para 2 personas. Encuentro en Le Verbois, 6 La Grande Folie, Saint-Maximin.<\/em><\/p>\n\n\n\n<div class=\"is-horizontal is-content-justification-center is-layout-flex wp-container-19 wp-block-buttons\">\n<div class=\"wp-block-button\"><a class=\"wp-block-button__link wp-element-button\" href=\"https:\/\/leverbois.bonkdo.com\/fr\/\" target=\"_blank\" rel=\"noreferrer noopener\">Tienda en l\u00ednea<\/a><\/div>\n<\/div>\n\n\n\n<hr class=\"wp-block-separator has-css-opacity\"\/>\n\n\n\n<h2>Cesta gourmet, ecol\u00f3gica y local de Folemprise<\/h2>\n\n\n\n<div class=\"is-layout-flex wp-container-23 wp-block-columns\">\n<div class=\"is-layout-flow wp-block-column\" style=\"flex-basis:66.66%\">\n<p>Situado a las afueras de Saint-Vaast-l\u00e8s-Mello en direcci\u00f3n a Montataire, el <strong>Punto de venta de la granja Folemprise<\/strong> le ofrece<strong> Ideas de regalos locales para Navidad<\/strong> <\/p>\n\n\n\n<p>Algunas de las vituallas que se venden all\u00ed son <strong>producido en la Ferme de Folemprise (ecol\u00f3gica) de Rousseloy.<\/strong><\/p>\n\n\n\n<p><em>Abierto de martes a viernes de 15.00 a 19.00 h. y los s\u00e1bados de 9.00 a 19.00 h., en el n\u00famero 45 de la Rue de la Commune de Paris, en Saint-Vaast-l\u00e8s-Mello.<\/em><\/p>\n\n\n\n<div class=\"is-horizontal is-content-justification-center is-layout-flex wp-container-20 wp-block-buttons\">\n<div class=\"wp-block-button\"><a class=\"wp-block-button__link wp-element-button\" href=\"https:\/\/www.fermedefolemprise.com\/\" target=\"_blank\" rel=\"noreferrer noopener\">Granja Folemprise<\/a><\/div>\n<\/div>\n<\/div>\n\n\n\n<div class=\"is-layout-flow wp-block-column\" style=\"flex-basis:33.33%\">\n<figure class=\"wp-block-image size-large\"><img decoding=\"async\" loading=\"lazy\" width=\"540\" height=\"864\" data-src=\"https:\/\/www.creilsudoise-tourisme.fr\/wp-content\/uploads\/2022\/12\/316550044_473753301491510_4902648949040087826_n-edited.jpg\" alt=\"Regalo de Navidad de la granja Folemprise\" class=\"wp-image-43718\" data-srcset=\"https:\/\/www.creilsudoise-tourisme.fr\/wp-content\/uploads\/2022\/12\/316550044_473753301491510_4902648949040087826_n-edited.jpg 540w, https:\/\/www.creilsudoise-tourisme.fr\/wp-content\/uploads\/2022\/12\/316550044_473753301491510_4902648949040087826_n-edited-375x600.jpg 375w, https:\/\/www.creilsudoise-tourisme.fr\/wp-content\/uploads\/2022\/12\/316550044_473753301491510_4902648949040087826_n-edited-200x320.jpg 200w, https:\/\/www.creilsudoise-tourisme.fr\/wp-content\/uploads\/2022\/12\/316550044_473753301491510_4902648949040087826_n-edited-387x619.jpg 387w\" sizes=\"(max-width: 540px) 100vw, 540px\" \/><\/figure>\n<\/div>\n<\/div>\n\n\n\n<hr class=\"wp-block-separator has-css-opacity\"\/>\n\n\n\n<h2>Juego de escape<\/h2>\n\n\n\n<p>Ofrezca un<strong><a href=\"https:\/\/freeing.fr\/bons-cadeaux-escape-game\/#\/catalog\/b7654c85-349d-4e1e-90ce-1fc10a882811\" target=\"_blank\" rel=\"noreferrer noopener\"> tarjeta regalo<\/a><\/strong> para un<strong> Juego de escape<\/strong> en Liberar<strong>l mayor juego de escape de Francia <\/strong>\u00a1! Con 22 sedes para elegir, \u00a1seguro que hay algo para todos los gustos!<strong> satisfacer <\/strong>\u00a1! Freeing se encuentra en la zona comercial de Saint-Maximin.<\/p>\n\n\n\n<hr class=\"wp-block-separator has-alpha-channel-opacity\"\/>\n\n\n\n<h2>Tarjeta regalo bolera<\/h2>\n\n\n\n<p>En<strong> Bolera Plaza<\/strong> de Saint-Maximin le ofrece una <strong><a href=\"https:\/\/plazabowling.qweekle.com\/shop\/saint-maximin-creil\/ticketing?lang=fr&amp;fbclid=IwY2xjawOo7IdleHRuA2FlbQIxMABicmlkETFvbU05ZjQycTRTU3VsbmJNc3J0YwZhcHBfaWQQMjIyMDM5MTc4ODIwMDg5MgABHuyuZzJMw5VB44oGa3OfonVpl_vpACMeVJ05mLzbeEag6qsyzGsFABg-q6Y6_aem_AaPTIx6lZgpnRRXJbn-5hA\">tarjeta regalo para 3 clases de bolos<\/a> <\/strong>\u00a1a precio reducido!<\/p>\n\n\n\n<h2>Espect\u00e1culos, teatro, conciertos<\/h2>\n\n\n\n<p><strong>\u00bfPor qu\u00e9 no regalar un espect\u00e1culo? <\/strong><\/p>\n\n\n\n<div class=\"is-layout-flex wp-container-28 wp-block-columns\">\n<div class=\"is-layout-flow wp-block-column\">\n<div class=\"is-horizontal is-content-justification-center is-layout-flex wp-container-24 wp-block-buttons\">\n<div class=\"wp-block-button\"><a class=\"wp-block-button__link wp-element-button\" href=\"http:\/\/www.faiencerie-theatre.com\/#sthash.ZHBJGxDz.dpbs\" target=\"_blank\" rel=\"noreferrer noopener\">La Fa\u00efencerie (Creil)<\/a><\/div>\n<\/div>\n<\/div>\n\n\n\n<div class=\"is-layout-flow wp-block-column\">\n<div class=\"is-horizontal is-content-justification-center is-layout-flex wp-container-26 wp-block-buttons\">\n<div class=\"wp-block-button\"><a class=\"wp-block-button__link wp-element-button\" href=\"https:\/\/www.gam-creil.fr\/\" target=\"_blank\" rel=\"noreferrer noopener\">Le Grange \u00e0 musique (Creil)<\/a><\/div>\n<\/div>\n<\/div>\n<\/div>\n\n\n\n<div class=\"is-horizontal is-content-justification-center is-layout-flex wp-container-29 wp-block-buttons\">\n<div class=\"wp-block-button\"><a class=\"wp-block-button__link wp-element-button\" href=\"http:\/\/www.mairie-montataire.fr\/saison_culturelle.html\" target=\"_blank\" rel=\"noreferrer noopener\">Le Palace (Montataire)<\/a><\/div>\n<\/div>\n\n\n\n<hr class=\"wp-block-separator has-css-opacity\"\/>\n\n\n\n<h2>Sin olvidar...<\/h2>\n\n\n\n<p><strong>La tienda de la Oficina de Turismo<\/strong><\/p>\n\n\n\n<div class=\"is-horizontal is-content-justification-center is-layout-flex wp-container-30 wp-block-buttons\">\n<div class=\"wp-block-button\"><a class=\"wp-block-button__link wp-element-button\" href=\"https:\/\/www.creilsudoise-tourisme.fr\/es\/practica\/oficina-de-turismo\/tienda\/\" target=\"_blank\" rel=\"noreferrer noopener\">Descubra nuestra tienda<\/a><\/div>\n<\/div>\n\n\n\n<hr class=\"wp-block-separator has-alpha-channel-opacity\"\/>","protected":false},"excerpt":{"rendered":"<p>\u00bfBusca regalos originales y locales para Navidad? \u00a1Le ofrecemos una selecci\u00f3n de ideas para complacer a sus seres queridos! Bijoux de Koko Ofrezca una joya hecha en Creil por Coralie, Koko, que domina un saber hacer \u00fanico y desconocido: la frivolidad, una t\u00e9cnica ancestral de encaje. Precios a partir de [...]<\/p>","protected":false},"author":3,"featured_media":43627,"comment_status":"open","ping_status":"open","sticky":false,"template":"","format":"standard","meta":{"_relevanssi_hide_post":"","_relevanssi_hide_content":"","_relevanssi_pin_for_all":"","_relevanssi_pin_keywords":"","_relevanssi_unpin_keywords":"","_relevanssi_related_keywords":"","_relevanssi_related_include_ids":"","_relevanssi_related_exclude_ids":"","_relevanssi_related_no_append":"","_relevanssi_related_not_related":"","_relevanssi_related_posts":"36660,36653,38910,42153,37920,37325","_relevanssi_noindex_reason":""},"categories":[5],"tags":[],"yoast_head":"<!-- This site is optimized with the Yoast SEO plugin v20.2.1 - https:\/\/yoast.com\/wordpress\/plugins\/seo\/ -->\n<title>Id\u00e9es de cadeaux de No\u00ebl locaux et originaux !<\/title>\n<meta name=\"description\" content=\"D\u00e9couvrez une s\u00e9lection de boutiques locales qui proposent des id\u00e9es de cadeaux originales et locales \u00e0 offrir \u00e0 No\u00ebl !\" \/>\n<meta name=\"robots\" content=\"index, follow, max-snippet:-1, max-image-preview:large, max-video-preview:-1\" \/>\n<link rel=\"canonical\" href=\"https:\/\/www.creilsudoise-tourisme.fr\/es\/2025\/12\/09\/local-gifts\/\" \/>\n<meta property=\"og:locale\" content=\"es_ES\" \/>\n<meta property=\"og:type\" content=\"article\" \/>\n<meta property=\"og:title\" content=\"Id\u00e9es de cadeaux de No\u00ebl locaux et originaux !\" \/>\n<meta property=\"og:description\" content=\"D\u00e9couvrez une s\u00e9lection de boutiques locales qui proposent des id\u00e9es de cadeaux originales et locales \u00e0 offrir \u00e0 No\u00ebl !\" \/>\n<meta property=\"og:url\" content=\"https:\/\/www.creilsudoise-tourisme.fr\/es\/2025\/12\/09\/local-gifts\/\" \/>\n<meta property=\"og:site_name\" content=\"Office de Tourisme Creil Sud Oise\" \/>\n<meta property=\"article:publisher\" content=\"https:\/\/www.facebook.com\/creilsudoisetourisme\/\" \/>\n<meta property=\"article:published_time\" content=\"2025-12-09T13:21:13+00:00\" \/>\n<meta property=\"article:modified_time\" content=\"2026-01-30T13:57:45+00:00\" \/>\n<meta property=\"og:image\" content=\"https:\/\/www.creilsudoise-tourisme.fr\/wp-content\/uploads\/2022\/11\/closeup-of-red-gift-boxes-near-the-christmas-tree.jpg\" \/>\n\t<meta property=\"og:image:width\" content=\"1480\" \/>\n\t<meta property=\"og:image:height\" content=\"986\" \/>\n\t<meta property=\"og:image:type\" content=\"image\/jpeg\" \/>\n<meta name=\"author\" content=\"fdubut\" \/>\n<meta name=\"twitter:card\" content=\"summary_large_image\" \/>\n<meta name=\"twitter:creator\" content=\"@CreilSudOiseOT\" \/>\n<meta name=\"twitter:site\" content=\"@CreilSudOiseOT\" \/>\n<meta name=\"twitter:label1\" content=\"Escrito por\" \/>\n\t<meta name=\"twitter:data1\" content=\"fdubut\" \/>\n\t<meta name=\"twitter:label2\" content=\"Tiempo de lectura\" \/>\n\t<meta name=\"twitter:data2\" content=\"6 minutos\" \/>\n<script type=\"application\/ld+json\" class=\"yoast-schema-graph\">{\"@context\":\"https:\/\/schema.org\",\"@graph\":[{\"@type\":\"Article\",\"@id\":\"https:\/\/www.creilsudoise-tourisme.fr\/2025\/12\/09\/cadeaux-locaux\/#article\",\"isPartOf\":{\"@id\":\"https:\/\/www.creilsudoise-tourisme.fr\/2025\/12\/09\/cadeaux-locaux\/\"},\"author\":{\"name\":\"fdubut\",\"@id\":\"https:\/\/www.creilsudoise-tourisme.fr\/#\/schema\/person\/c5140d47645b13bee896bfe05f1bd5da\"},\"headline\":\"Des id\u00e9es de cadeaux locaux\",\"datePublished\":\"2025-12-09T13:21:13+00:00\",\"dateModified\":\"2026-01-30T13:57:45+00:00\",\"mainEntityOfPage\":{\"@id\":\"https:\/\/www.creilsudoise-tourisme.fr\/2025\/12\/09\/cadeaux-locaux\/\"},\"wordCount\":742,\"commentCount\":0,\"publisher\":{\"@id\":\"https:\/\/www.creilsudoise-tourisme.fr\/#organization\"},\"articleSection\":[\"Actus\"],\"inLanguage\":\"es\",\"potentialAction\":[{\"@type\":\"CommentAction\",\"name\":\"Comment\",\"target\":[\"https:\/\/www.creilsudoise-tourisme.fr\/2025\/12\/09\/cadeaux-locaux\/#respond\"]}]},{\"@type\":\"WebPage\",\"@id\":\"https:\/\/www.creilsudoise-tourisme.fr\/2025\/12\/09\/cadeaux-locaux\/\",\"url\":\"https:\/\/www.creilsudoise-tourisme.fr\/2025\/12\/09\/cadeaux-locaux\/\",\"name\":\"Id\u00e9es de cadeaux de No\u00ebl locaux et originaux !\",\"isPartOf\":{\"@id\":\"https:\/\/www.creilsudoise-tourisme.fr\/#website\"},\"datePublished\":\"2025-12-09T13:21:13+00:00\",\"dateModified\":\"2026-01-30T13:57:45+00:00\",\"description\":\"D\u00e9couvrez une s\u00e9lection de boutiques locales qui proposent des id\u00e9es de cadeaux originales et locales \u00e0 offrir \u00e0 No\u00ebl !\",\"breadcrumb\":{\"@id\":\"https:\/\/www.creilsudoise-tourisme.fr\/2025\/12\/09\/cadeaux-locaux\/#breadcrumb\"},\"inLanguage\":\"es\",\"potentialAction\":[{\"@type\":\"ReadAction\",\"target\":[\"https:\/\/www.creilsudoise-tourisme.fr\/2025\/12\/09\/cadeaux-locaux\/\"]}]},{\"@type\":\"BreadcrumbList\",\"@id\":\"https:\/\/www.creilsudoise-tourisme.fr\/2025\/12\/09\/cadeaux-locaux\/#breadcrumb\",\"itemListElement\":[{\"@type\":\"ListItem\",\"position\":1,\"name\":\"Accueil\",\"item\":\"https:\/\/www.creilsudoise-tourisme.fr\/\"},{\"@type\":\"ListItem\",\"position\":2,\"name\":\"Des id\u00e9es de cadeaux locaux\"}]},{\"@type\":\"WebSite\",\"@id\":\"https:\/\/www.creilsudoise-tourisme.fr\/#website\",\"url\":\"https:\/\/www.creilsudoise-tourisme.fr\/\",\"name\":\"Office de Tourisme Creil Sud Oise\",\"description\":\"Creil Sud Oise Tourisme, un territoire \u00e0 explorer !\",\"publisher\":{\"@id\":\"https:\/\/www.creilsudoise-tourisme.fr\/#organization\"},\"potentialAction\":[{\"@type\":\"SearchAction\",\"target\":{\"@type\":\"EntryPoint\",\"urlTemplate\":\"https:\/\/www.creilsudoise-tourisme.fr\/?s={search_term_string}\"},\"query-input\":\"required name=search_term_string\"}],\"inLanguage\":\"es\"},{\"@type\":\"Organization\",\"@id\":\"https:\/\/www.creilsudoise-tourisme.fr\/#organization\",\"name\":\"Creil Sud Oise Tourisme\",\"url\":\"https:\/\/www.creilsudoise-tourisme.fr\/\",\"logo\":{\"@type\":\"ImageObject\",\"inLanguage\":\"es\",\"@id\":\"https:\/\/www.creilsudoise-tourisme.fr\/#\/schema\/logo\/image\/\",\"url\":\"https:\/\/www.creilsudoise-tourisme.fr\/wp-content\/uploads\/2021\/05\/logo-svg.png\",\"contentUrl\":\"https:\/\/www.creilsudoise-tourisme.fr\/wp-content\/uploads\/2021\/05\/logo-svg.png\",\"width\":182,\"height\":71,\"caption\":\"Creil Sud Oise Tourisme\"},\"image\":{\"@id\":\"https:\/\/www.creilsudoise-tourisme.fr\/#\/schema\/logo\/image\/\"},\"sameAs\":[\"https:\/\/www.facebook.com\/creilsudoisetourisme\/\",\"https:\/\/twitter.com\/CreilSudOiseOT\",\"https:\/\/www.instagram.com\/creilsudoisetourisme\/\",\"https:\/\/www.youtube.com\/channel\/UC8L_QD2wwyADW14zt9fY8kw\"]},{\"@type\":\"Person\",\"@id\":\"https:\/\/www.creilsudoise-tourisme.fr\/#\/schema\/person\/c5140d47645b13bee896bfe05f1bd5da\",\"name\":\"fdubut\",\"image\":{\"@type\":\"ImageObject\",\"inLanguage\":\"es\",\"@id\":\"https:\/\/www.creilsudoise-tourisme.fr\/#\/schema\/person\/image\/\",\"url\":\"https:\/\/secure.gravatar.com\/avatar\/c49bb61337bf4556cafdbcb92c18618d?s=96&d=mm&r=g\",\"contentUrl\":\"https:\/\/secure.gravatar.com\/avatar\/c49bb61337bf4556cafdbcb92c18618d?s=96&d=mm&r=g\",\"caption\":\"fdubut\"},\"url\":\"https:\/\/www.creilsudoise-tourisme.fr\/es\/auteur\/fdubut\/\"}]}<\/script>\n<!-- \/ Yoast SEO plugin. -->","yoast_head_json":{"title":"Id\u00e9es de cadeaux de No\u00ebl locaux et originaux !","description":"D\u00e9couvrez une s\u00e9lection de boutiques locales qui proposent des id\u00e9es de cadeaux originales et locales \u00e0 offrir \u00e0 No\u00ebl !","robots":{"index":"index","follow":"follow","max-snippet":"max-snippet:-1","max-image-preview":"max-image-preview:large","max-video-preview":"max-video-preview:-1"},"canonical":"https:\/\/www.creilsudoise-tourisme.fr\/es\/2025\/12\/09\/local-gifts\/","og_locale":"es_ES","og_type":"article","og_title":"Id\u00e9es de cadeaux de No\u00ebl locaux et originaux !","og_description":"D\u00e9couvrez une s\u00e9lection de boutiques locales qui proposent des id\u00e9es de cadeaux originales et locales \u00e0 offrir \u00e0 No\u00ebl !","og_url":"https:\/\/www.creilsudoise-tourisme.fr\/es\/2025\/12\/09\/local-gifts\/","og_site_name":"Office de Tourisme Creil Sud Oise","article_publisher":"https:\/\/www.facebook.com\/creilsudoisetourisme\/","article_published_time":"2025-12-09T13:21:13+00:00","article_modified_time":"2026-01-30T13:57:45+00:00","og_image":[{"width":1480,"height":986,"url":"https:\/\/www.creilsudoise-tourisme.fr\/wp-content\/uploads\/2022\/11\/closeup-of-red-gift-boxes-near-the-christmas-tree.jpg","type":"image\/jpeg"}],"author":"fdubut","twitter_card":"summary_large_image","twitter_creator":"@CreilSudOiseOT","twitter_site":"@CreilSudOiseOT","twitter_misc":{"Escrito por":"fdubut","Tiempo de lectura":"6 minutos"},"schema":{"@context":"https:\/\/schema.org","@graph":[{"@type":"Article","@id":"https:\/\/www.creilsudoise-tourisme.fr\/2025\/12\/09\/cadeaux-locaux\/#article","isPartOf":{"@id":"https:\/\/www.creilsudoise-tourisme.fr\/2025\/12\/09\/cadeaux-locaux\/"},"author":{"name":"fdubut","@id":"https:\/\/www.creilsudoise-tourisme.fr\/#\/schema\/person\/c5140d47645b13bee896bfe05f1bd5da"},"headline":"Des id\u00e9es de cadeaux locaux","datePublished":"2025-12-09T13:21:13+00:00","dateModified":"2026-01-30T13:57:45+00:00","mainEntityOfPage":{"@id":"https:\/\/www.creilsudoise-tourisme.fr\/2025\/12\/09\/cadeaux-locaux\/"},"wordCount":742,"commentCount":0,"publisher":{"@id":"https:\/\/www.creilsudoise-tourisme.fr\/#organization"},"articleSection":["Actus"],"inLanguage":"es","potentialAction":[{"@type":"CommentAction","name":"Comment","target":["https:\/\/www.creilsudoise-tourisme.fr\/2025\/12\/09\/cadeaux-locaux\/#respond"]}]},{"@type":"WebPage","@id":"https:\/\/www.creilsudoise-tourisme.fr\/2025\/12\/09\/cadeaux-locaux\/","url":"https:\/\/www.creilsudoise-tourisme.fr\/2025\/12\/09\/cadeaux-locaux\/","name":"Id\u00e9es de cadeaux de No\u00ebl locaux et originaux !","isPartOf":{"@id":"https:\/\/www.creilsudoise-tourisme.fr\/#website"},"datePublished":"2025-12-09T13:21:13+00:00","dateModified":"2026-01-30T13:57:45+00:00","description":"D\u00e9couvrez une s\u00e9lection de boutiques locales qui proposent des id\u00e9es de cadeaux originales et locales \u00e0 offrir \u00e0 No\u00ebl !","breadcrumb":{"@id":"https:\/\/www.creilsudoise-tourisme.fr\/2025\/12\/09\/cadeaux-locaux\/#breadcrumb"},"inLanguage":"es","potentialAction":[{"@type":"ReadAction","target":["https:\/\/www.creilsudoise-tourisme.fr\/2025\/12\/09\/cadeaux-locaux\/"]}]},{"@type":"BreadcrumbList","@id":"https:\/\/www.creilsudoise-tourisme.fr\/2025\/12\/09\/cadeaux-locaux\/#breadcrumb","itemListElement":[{"@type":"ListItem","position":1,"name":"Accueil","item":"https:\/\/www.creilsudoise-tourisme.fr\/"},{"@type":"ListItem","position":2,"name":"Des id\u00e9es de cadeaux locaux"}]},{"@type":"WebSite","@id":"https:\/\/www.creilsudoise-tourisme.fr\/#website","url":"https:\/\/www.creilsudoise-tourisme.fr\/","name":"Office de Tourisme Creil Sud Oise","description":"Creil Sud Oise Tourisme, un territoire \u00e0 explorer !","publisher":{"@id":"https:\/\/www.creilsudoise-tourisme.fr\/#organization"},"potentialAction":[{"@type":"SearchAction","target":{"@type":"EntryPoint","urlTemplate":"https:\/\/www.creilsudoise-tourisme.fr\/?s={search_term_string}"},"query-input":"required name=search_term_string"}],"inLanguage":"es"},{"@type":"Organization","@id":"https:\/\/www.creilsudoise-tourisme.fr\/#organization","name":"Creil Sud Oise Tourisme","url":"https:\/\/www.creilsudoise-tourisme.fr\/","logo":{"@type":"ImageObject","inLanguage":"es","@id":"https:\/\/www.creilsudoise-tourisme.fr\/#\/schema\/logo\/image\/","url":"https:\/\/www.creilsudoise-tourisme.fr\/wp-content\/uploads\/2021\/05\/logo-svg.png","contentUrl":"https:\/\/www.creilsudoise-tourisme.fr\/wp-content\/uploads\/2021\/05\/logo-svg.png","width":182,"height":71,"caption":"Creil Sud Oise Tourisme"},"image":{"@id":"https:\/\/www.creilsudoise-tourisme.fr\/#\/schema\/logo\/image\/"},"sameAs":["https:\/\/www.facebook.com\/creilsudoisetourisme\/","https:\/\/twitter.com\/CreilSudOiseOT","https:\/\/www.instagram.com\/creilsudoisetourisme\/","https:\/\/www.youtube.com\/channel\/UC8L_QD2wwyADW14zt9fY8kw"]},{"@type":"Person","@id":"https:\/\/www.creilsudoise-tourisme.fr\/#\/schema\/person\/c5140d47645b13bee896bfe05f1bd5da","name":"fdubut","image":{"@type":"ImageObject","inLanguage":"es","@id":"https:\/\/www.creilsudoise-tourisme.fr\/#\/schema\/person\/image\/","url":"https:\/\/secure.gravatar.com\/avatar\/c49bb61337bf4556cafdbcb92c18618d?s=96&d=mm&r=g","contentUrl":"https:\/\/secure.gravatar.com\/avatar\/c49bb61337bf4556cafdbcb92c18618d?s=96&d=mm&r=g","caption":"fdubut"},"url":"https:\/\/www.creilsudoise-tourisme.fr\/es\/auteur\/fdubut\/"}]}},"_links":{"self":[{"href":"https:\/\/www.creilsudoise-tourisme.fr\/es\/wp-json\/wp\/v2\/posts\/43606"}],"collection":[{"href":"https:\/\/www.creilsudoise-tourisme.fr\/es\/wp-json\/wp\/v2\/posts"}],"about":[{"href":"https:\/\/www.creilsudoise-tourisme.fr\/es\/wp-json\/wp\/v2\/types\/post"}],"author":[{"embeddable":true,"href":"https:\/\/www.creilsudoise-tourisme.fr\/es\/wp-json\/wp\/v2\/users\/3"}],"replies":[{"embeddable":true,"href":"https:\/\/www.creilsudoise-tourisme.fr\/es\/wp-json\/wp\/v2\/comments?post=43606"}],"version-history":[{"count":29,"href":"https:\/\/www.creilsudoise-tourisme.fr\/es\/wp-json\/wp\/v2\/posts\/43606\/revisions"}],"predecessor-version":[{"id":67410,"href":"https:\/\/www.creilsudoise-tourisme.fr\/es\/wp-json\/wp\/v2\/posts\/43606\/revisions\/67410"}],"wp:featuredmedia":[{"embeddable":true,"href":"https:\/\/www.creilsudoise-tourisme.fr\/es\/wp-json\/wp\/v2\/media\/43627"}],"wp:attachment":[{"href":"https:\/\/www.creilsudoise-tourisme.fr\/es\/wp-json\/wp\/v2\/media?parent=43606"}],"wp:term":[{"taxonomy":"category","embeddable":true,"href":"https:\/\/www.creilsudoise-tourisme.fr\/es\/wp-json\/wp\/v2\/categories?post=43606"},{"taxonomy":"post_tag","embeddable":true,"href":"https:\/\/www.creilsudoise-tourisme.fr\/es\/wp-json\/wp\/v2\/tags?post=43606"}],"curies":[{"name":"wp","href":"https:\/\/api.w.org\/{rel}","templated":true}]}}