{"id":41674,"date":"2024-07-02T10:31:42","date_gmt":"2024-07-02T08:31:42","guid":{"rendered":"https:\/\/www.creilsudoise-tourisme.fr\/?p=41674"},"modified":"2024-08-27T17:17:19","modified_gmt":"2024-08-27T15:17:19","slug":"que-faire-cet-ete","status":"publish","type":"post","link":"https:\/\/www.creilsudoise-tourisme.fr\/es\/2024\/07\/02\/que-faire-cet-ete\/","title":{"rendered":"\u00bfQu\u00e9 hacer este verano?"},"content":{"rendered":"<p class=\"is-style-excerpt\"><strong>En julio y agosto<\/strong>M\u00e1s informaci\u00f3n <strong>Qu\u00e9 hacer en Creil Sud Oise<\/strong>A dos pasos de Chantilly, Senlis y Compi\u00e8gne, \u00a1y no lejos de la regi\u00f3n de \u00cele-de-France!<\/p>\n\n\n\n<div class=\"is-content-justification-center is-layout-flex wp-container-1 wp-block-buttons\">\n<div class=\"wp-block-button\"><a class=\"wp-block-button__link wp-element-button\" href=\"#agenda\">Agenda de verano<\/a><\/div>\n<\/div>\n\n\n\n<h2>Juegos de escape y exploraci\u00f3n<sup>\u00ae<\/sup> en el Museo Gall\u00e9-Juillet<\/h2>\n\n\n\n<h3>Juego de escape<\/h3>\n\n\n\n<p>En un marco at\u00edpico (una casa burguesa amueblada como en el siglo XIX), el<sup>\u00e8me<\/sup> ), descubrir\u00e1 la historia de la familia que vivi\u00f3 all\u00ed a principios del siglo pasado a trav\u00e9s de una misteriosa historia...<\/p>\n\n\n\n<h3>Juego Explorador<sup>\u00ae<\/sup><\/h3>\n\n\n\n<p>Corre el a\u00f1o 1393 y un misterioso mal asola al rey Carlos VI. Ayuda a Ewen a investigar resolviendo enigmas en el jard\u00edn del Museo y sus alrededores.<\/p>\n\n\n\n<h3>Y muchas otras actividades<\/h3>\n\n\n\n<p>Talleres de pintura, artesan\u00eda, iluminaci\u00f3n... \u00a1y exposiciones!<\/p>\n\n\n\n<div class=\"is-content-justification-center is-layout-flex wp-container-2 wp-block-buttons\">\n<div class=\"wp-block-button\"><a class=\"wp-block-button__link wp-element-button\" href=\"https:\/\/museegallejuillet.fr\/expos-activites-culturelles\/\" target=\"_blank\" rel=\"noreferrer noopener\">Museo Gall\u00e9-Juillet de Creil<\/a><\/div>\n<\/div>\n\n\n\n<h2>Introducci\u00f3n a la escultura en la Maison de la Pierre<\/h2>\n\n\n\n<h3>Iniciaci\u00f3n 1h30<\/h3>\n\n\n\n<p>\u00danase a nosotros en la Maison de la Pierre para una hora y media de introducci\u00f3n a la talla en piedra. El peque\u00f1o extra: \u00a1te ir\u00e1s a casa con tu propia obra maestra!<\/p>\n\n\n\n<p><em>Sugerencia: mi\u00e9rcoles, jueves y viernes, previo acuerdo.<\/em><\/p>\n\n\n\n<h3>Pr\u00e1cticas<\/h3>\n\n\n\n<p>\u00bfLe gustar\u00eda ampliar sus conocimientos y habilidades en la talla de piedra? Realice un curso de talla en piedra, de 3 horas a 3 d\u00edas, \u00a1usted elige!<\/p>\n\n\n\n<h3>Y muchas otras actividades<\/h3>\n\n\n\n<p>Haga una visita guiada a una cantera subterr\u00e1nea, siga un curso de talla de piedra (varios d\u00edas) o de vidrieras, juegue a la b\u00fasqueda del tesoro entre murci\u00e9lagos o aprenda sobre plantas.<\/p>\n\n\n\n<div class=\"is-content-justification-center is-layout-flex wp-container-3 wp-block-buttons\">\n<div class=\"wp-block-button\"><a class=\"wp-block-button__link wp-element-button\" href=\"https:\/\/www.maisondelapierre-oise.fr\/activites\/\" target=\"_blank\" rel=\"noreferrer noopener\">Maison de la Pierre en Saint-Maximin<\/a><\/div>\n<\/div>\n\n\n\n<h2>Juegos de escape tem\u00e1ticos<\/h2>\n\n\n\n<p>\u00bfPrefieres Harry Potter o Alicia en el Pa\u00eds de las Maravillas? \u00bfPrefieres que se te retuerzan las bragas o usar el cerebro?<br>En Freeing Escape Game, hay algo para todo el mundo, \u00a1con 15 escenarios de Escape Game diferentes!<\/p>\n\n\n\n<p><em>Nota: Freeing Escape Game permanecer\u00e1 cerrado del 15 de julio al 6 de agosto.<\/em><\/p>\n\n\n\n<div class=\"is-content-justification-center is-layout-flex wp-container-4 wp-block-buttons\">\n<div class=\"wp-block-button\"><a class=\"wp-block-button__link wp-element-button\" href=\"https:\/\/freeing.fr\/\" target=\"_blank\" rel=\"noreferrer noopener\">Juego de escape liberador en Saint-Maximin<\/a><\/div>\n<\/div>\n\n\n\n<h2>Pirag\u00fcismo y kayak<\/h2>\n\n\n\n<p>No hace falta ir hasta Ard\u00e8che para practicar pirag\u00fcismo. El Club de Montataire le dejar\u00e1 en Mello para una excursi\u00f3n de media jornada hasta Montataire, \u00a1con total autonom\u00eda!<\/p>\n\n\n\n<p><em>Atenci\u00f3n: el Cano\u00eb-Kayak Club de Montataire es una organizaci\u00f3n voluntaria, por lo que los plazos de respuesta dependen a veces de su disponibilidad. \u00a1Gracias por su comprensi\u00f3n!<\/em><\/p>\n\n\n\n<div class=\"is-content-justification-center is-layout-flex wp-container-5 wp-block-buttons\">\n<div class=\"wp-block-button\"><a class=\"wp-block-button__link wp-element-button\" href=\"https:\/\/canoe-kayak-montataire.com\/location-randonnees-canoe-kayak-oise\" target=\"_blank\" rel=\"noreferrer noopener\">Club de Pirag\u00fcismo-Kayak de Montataire<\/a><\/div>\n<\/div>\n\n\n\n<h2>Nataci\u00f3n en el Centro de Ocio<\/h2>\n\n\n\n<p>Aproveche la nataci\u00f3n vigilada del Centro de Ocio de Saint-Leu-d'Esserent. All\u00ed podr\u00e1 pasar todo el d\u00eda: juegos y recorridos acu\u00e1ticos, parques infantiles, juegos de agua, paseos en poni, zonas de picnic e incluso barbacoas.<\/p>\n\n\n\n<div class=\"is-content-justification-center is-layout-flex wp-container-6 wp-block-buttons\">\n<div class=\"wp-block-button\"><a class=\"wp-block-button__link wp-element-button\" href=\"https:\/\/www.creilsudoise-tourisme.fr\/es\/jexplore\/imprescindibles\/base-loisirs\/\" target=\"_blank\" rel=\"noreferrer noopener\">Centro de ocio de Saint-Leu-d'Esserent<\/a><\/div>\n<\/div>\n\n\n\n<h2><br>Accrobranche y Explor Games<sup>\u00ae<\/sup> en el Parc des Loups<\/h2>\n\n\n\n<h3>Trepar a los \u00e1rboles<\/h3>\n\n\n\n<p>Pon a prueba tus dotes de escalador en uno de los 6 recorridos de accrobranche del Parc de l'\u00c9tang des Loups. Incluso hay una tirolina sobre un lago.<\/p>\n\n\n\n<h3>Juegos Explor<sup>\u00ae<\/sup><\/h3>\n\n\n\n<p>Sin una tableta geolocalizada y con un tel\u00f3n de fondo a tama\u00f1o real, tu misi\u00f3n (si la aceptas) es \u00a1liberar el bosque de los Elfos Negros!<\/p>\n\n\n\n<p><em>Conviene saberlo: El Parc des Loups se encuentra dentro del Centro de Ocio (entrada no incluida).<\/em><\/p>\n\n\n\n<div class=\"is-content-justification-center is-layout-flex wp-container-7 wp-block-buttons\">\n<div class=\"wp-block-button\"><a class=\"wp-block-button__link wp-element-button\" href=\"https:\/\/www.parcdesloups.com\/\" target=\"_blank\" rel=\"noreferrer noopener\">Parcs des Loups en Saint-Leu-d'Esserent<\/a><\/div>\n<\/div>\n\n\n\n<h2>Visita guiada y taller infantil en Clouterie Rivierre<\/h2>\n\n\n\n<h3>Visita guiada<\/h3>\n\n\n\n<p>Descubra un escenario digno de una novela de Zola. La Rivierre Clouterie es la \u00faltima f\u00e1brica de clouters que queda en Francia, donde ver\u00e1 m\u00e1quinas centenarias \u00fanicas y observar\u00e1 las excepcionales habilidades de los hombres y mujeres que trabajan all\u00ed.<\/p>\n\n\n\n<p>Con\u00f3zcanos todos los mi\u00e9rcoles a las 14:00, previa cita, o para una visita privada (120 euros o para grupos de 10 o m\u00e1s personas) de lunes a viernes, previa cita.<\/p>\n\n\n\n<h3>Visita guiada y taller infantil<\/h3>\n\n\n\n<p>Para los m\u00e1s peque\u00f1os, hay talleres creativos especialmente dise\u00f1ados para ni\u00f1os. Tras una visita guiada por la f\u00e1brica de clavos, los ni\u00f1os podr\u00e1n participar en un taller de manualidades con clavos.<\/p>\n\n\n\n<div class=\"is-content-justification-center is-layout-flex wp-container-8 wp-block-buttons\">\n<div class=\"wp-block-button\"><a class=\"wp-block-button__link wp-element-button\" href=\"https:\/\/www.creilsudoise-tourisme.fr\/es\/jexplore\/imprescindibles\/clouterie-rivierre\/\" target=\"_blank\" rel=\"noreferrer noopener\">Clouterie Rivierre en Creil<\/a><\/div>\n<\/div>\n\n\n\n<h2>Cine familiar<\/h2>\n\n\n\n<h3>Interior<\/h3>\n\n\n\n<p>\u00bfHace demasiado calor? Aproveche las salas de cine climatizadas de Path\u00e9.<br>\u00bfEst\u00e1 lloviendo? Aproveche las c\u00f3modas salas de cine Path\u00e9.<br>\u00bfTiene ni\u00f1os peque\u00f1os? Aproveche Ma Mini S\u00e9ance, franjas horarias especiales para ellos con cortometrajes, iluminaci\u00f3n tenue y sonido adaptado.<br>En resumen, \u00a1hay muchas buenas razones para ir al cine en verano!<\/p>\n\n\n\n<div class=\"is-content-justification-center is-layout-flex wp-container-9 wp-block-buttons\">\n<div class=\"wp-block-button\"><a class=\"wp-block-button__link wp-element-button\" href=\"https:\/\/www.pathe.fr\/cinemas\/cinema-pathe-montataire\" target=\"_blank\" rel=\"noreferrer noopener\">Cine Path\u00e9 en Montataire<\/a><\/div>\n<\/div>\n\n\n\n<h3>Al aire libre<\/h3>\n\n\n\n<p>El verano es el momento perfecto para aprovechar el buen tiempo y disfrutar de una pel\u00edcula al aire libre. Descubra las pel\u00edculas que se proyectar\u00e1n en Creil Sud Oise haciendo clic a continuaci\u00f3n:<\/p>\n\n\n\n<div class=\"is-content-justification-center is-layout-flex wp-container-10 wp-block-buttons\">\n<div class=\"wp-block-button\"><a class=\"wp-block-button__link wp-element-button\" href=\"https:\/\/www.creilsudoise-tourisme.fr\/es\/2023\/07\/21\/cine-plein-air\/\" target=\"_blank\" rel=\"noreferrer noopener\">programaci\u00f3n exterior<\/a><\/div>\n<\/div>\n\n\n\n<h2>Visita guiada al Museo del Bombardeo<\/h2>\n\n\n\n<h3>Visita guiada<\/h3>\n\n\n\n<p>\u00bfLe interesa la Segunda Guerra Mundial? Visite el Museo de los Bombardeos y descubra una impresionante colecci\u00f3n de objetos de la \u00e9poca, reunidos por G\u00e9rard, que era un ni\u00f1o en los a\u00f1os 40 y presenci\u00f3 un accidente a\u00e9reo. Se ha pasado la vida buscando recuerdos relacionados con los bombardeos. \u00bfTendr\u00e1 ocasi\u00f3n de conocerle durante su visita?<\/p>\n\n\n\n<h3>Visitas familiares<\/h3>\n\n\n\n<p>En julio, el Museo de los Bombardeos organiza una visita guiada a Saint-Maximin y al museo, especialmente concebida para las familias: Raconte-moi l'histoire de Saint-Maximin (Cu\u00e9ntame la historia de Saint-Maximin).<\/p>\n\n\n\n<div class=\"is-content-justification-center is-layout-flex wp-container-11 wp-block-buttons\">\n<div class=\"wp-block-button\"><a class=\"wp-block-button__link wp-element-button\" href=\"https:\/\/www.creilsudoise-tourisme.fr\/es\/jexplore\/imprescindibles\/museo-bomba-2\/\" target=\"_blank\" rel=\"noreferrer noopener\">Museo del Bombardeo de Saint-Maximin<\/a><\/div>\n<\/div>\n\n\n\n<h2>Paintball<\/h2>\n\n\n\n<p>Ponte el equipo de protecci\u00f3n, \u00a1te espera una aut\u00e9ntica aventura! Aprovecha los m\u00e1s de 3.000 m\u00b2 de terreno boscoso e intenta conseguir la bandera antes que el equipo enemigo, \u00a1mientras evitas las bolas de pintura!<\/p>\n\n\n\n<div class=\"is-content-justification-center is-layout-flex wp-container-12 wp-block-buttons\">\n<div class=\"wp-block-button\"><a class=\"wp-block-button__link wp-element-button\" href=\"https:\/\/www.paintballplayzone.com\/\" target=\"_blank\" rel=\"noreferrer noopener\">Zona de juegos de paintball en Saint-Maximin<\/a><\/div>\n<\/div>\n\n\n\n<h2>Zona real de juegos infantiles<\/h2>\n\n\n\n<p>Toboganes, redes, piscinas de bolas, obst\u00e1culos para escalar, legos gigantes... \u00a1Royal Kids es un para\u00edso para los ni\u00f1os! Para los padres, hay una zona de relajaci\u00f3n con aire acondicionado y un snack bar.<\/p>\n\n\n\n<div class=\"is-content-justification-center is-layout-flex wp-container-13 wp-block-buttons\">\n<div class=\"wp-block-button\"><a class=\"wp-block-button__link wp-element-button\" href=\"https:\/\/www.royalkids.fr\/parcs\/saint_maximin\" target=\"_blank\" rel=\"noreferrer noopener\">Royal Kids en Saint-Maximin<\/a><\/div>\n<\/div>\n\n\n\n<h2>Bolos ilimitados<\/h2>\n\n\n\n<p>Participe en la Copa Vegas en Bowling Plaza y tenga la oportunidad de ganar una semana en Las Vegas. <\/p>\n\n\n\n<p>Al comprar su Vegas Pass por s\u00f3lo 10 euros, obtendr\u00e1 4 semanas de bolos ilimitados, de lunes a viernes, \u00a1y estar\u00e1 inscrito en la Vegas Cup!<\/p>\n\n\n\n<p>Tambi\u00e9n podr\u00e1 seguir en pantalla grande los acontecimientos deportivos de este a\u00f1o: la Eurocopa 2024 y los Juegos Ol\u00edmpicos.<\/p>\n\n\n\n<p><em>A tener en cuenta: Bowling Plaza no dispone de l\u00ednea telef\u00f3nica. Para ponerse en contacto con ellos, le aconsejamos que utilice el formulario en l\u00ednea de su sitio web.<\/em><\/p>\n\n\n\n<div class=\"is-content-justification-center is-layout-flex wp-container-14 wp-block-buttons\">\n<div class=\"wp-block-button\"><a class=\"wp-block-button__link wp-element-button\" href=\"https:\/\/www.plazabowling.com\/bowling-saint-maximin-creil\/2\/\" target=\"_blank\" rel=\"noreferrer noopener\">Bowling Plaza en Saint-Maximin<\/a><\/div>\n<\/div>\n\n\n\n<h2>Paso de la Llama Ol\u00edmpica<\/h2>\n\n\n\n<p>\u00a1No se pierda este momento hist\u00f3rico! El 18 de julio, la llama ol\u00edmpica pasar\u00e1 por Nogent-sur-Oise y Creil. Para celebrarlo, se organizar\u00e1n numerosos eventos deportivos y espect\u00e1culos en ambas ciudades. Consulte el programa a continuaci\u00f3n:<\/p>\n\n\n\n<div class=\"is-content-justification-center is-layout-flex wp-container-15 wp-block-buttons\">\n<div class=\"wp-block-button\"><a class=\"wp-block-button__link wp-element-button\" href=\"https:\/\/www.creilsudoise.fr\/passage-flamme-olympique-acso\/?section=passage-flamme\" target=\"_blank\" rel=\"noreferrer noopener\">Programa del 18 de julio<\/a><\/div>\n<\/div>\n\n\n\n<h2>Robots y cuidado de animales<\/h2>\n\n\n\n<h3>Curso de programaci\u00f3n de robots<\/h3>\n\n\n\n<p>La Maison d'Activit\u00e9s Scientifiques, Technologiques et Environnementales (MASTE - \u00a1se hace m\u00e1s r\u00e1pido!) de Nogent-sur-Oise ofrece un curso para ense\u00f1ar a los ni\u00f1os a programar un robot.<\/p>\n\n\n\n<h3>Experiencia laboral con animales de granja<\/h3>\n\n\n\n<p>Situada justo al lado de MASTE, la granja educativa alberga un sinf\u00edn de animales: \u00a1a los ni\u00f1os les encantar\u00e1 cuidar de ellos durante los cursos organizados este verano!<\/p>\n\n\n\n<div class=\"is-content-justification-center is-layout-flex wp-container-16 wp-block-buttons\">\n<div class=\"wp-block-button\"><a class=\"wp-block-button__link wp-element-button\" href=\"https:\/\/www.facebook.com\/MASTENSO\" target=\"_blank\" rel=\"noreferrer noopener\">La MASTE en Nogent-sur-Oise<\/a><\/div>\n<\/div>\n\n\n\n<h2 id=\"agenda\">Agenda<\/h2>\n\n\n\n<p>Sin olvidar el <strong>numerosas salidas, actividades y eventos <\/strong>organizadas durante los dos meses de verano.<\/p>\n\n\n<div data-related-sit=\"1\" data-block-type=\"related-sit-gt\" data-block-id=\"wpet-sit-2cqhzgw9f6o\"><div class=\"wp-block wp-block-related-post wp-block-related-list-sit alignfull\">\n    \n    <div class=\"container\">\n\n                    <h2 class=\"wp-block-related-post-title\">En el programa de julio y agosto<\/h2>\n        \n                    <div id=\"wpiris-related-post-205\" data-id=\"wpiris-entity-slider\">\n                <div class=\"wp-block-related-post-list wp-block-related-post-list--5\" data-id=\"wpiris-entity-slider-wrapper\">\n\n                    \n<div class=\"entityItem\" data-trigger=\"wpiris-click\" data-id=\"wpiris-entity-slider-item\">\n    <p class=\"entityItemThumbnail\">\n        <a href=\"https:\/\/www.creilsudoise-tourisme.fr\/es\/agenda-animations\/stage-vitrail-5\/\" nofancybox>\n            <img data-src=\"https:\/\/www.creilsudoise-tourisme.fr\/wp-content\/uploads\/wpetourisme\/Creez-votre-vitrail-275x350.png\" alt=\"Pr\u00e1cticas | Vidrieras\">\n        <\/a>\n    <\/p>\n    <div class=\"entityItemContent\">\n        <h2 class=\"entityItemContentTitle\">\n            <a href=\"https:\/\/www.creilsudoise-tourisme.fr\/es\/agenda-animations\/stage-vitrail-5\/\">Pr\u00e1cticas | Vidrieras<\/a>\n        <\/h2>\n                    <p class=\"entityItemContentType\">Festivales y eventos<\/p>\n            <\/div>\n    <a href=\"https:\/\/www.creilsudoise-tourisme.fr\/es\/agenda-animations\/stage-vitrail-5\/\" class=\"seeMore\"><span class=\"sr-only\">M\u00e1s informaci\u00f3n<\/span><\/a>\n<\/div>\n\n<div class=\"entityItem\" data-trigger=\"wpiris-click\" data-id=\"wpiris-entity-slider-item\">\n    <p class=\"entityItemThumbnail\">\n        <a href=\"https:\/\/www.creilsudoise-tourisme.fr\/es\/agenda-animations\/stage-vitrail-6\/\" nofancybox>\n            <img data-src=\"https:\/\/www.creilsudoise-tourisme.fr\/wp-content\/uploads\/wpetourisme\/Creez-votre-vitrail-275x350.png\" alt=\"Pr\u00e1cticas | Vidrieras\">\n        <\/a>\n    <\/p>\n    <div class=\"entityItemContent\">\n        <h2 class=\"entityItemContentTitle\">\n            <a href=\"https:\/\/www.creilsudoise-tourisme.fr\/es\/agenda-animations\/stage-vitrail-6\/\">Pr\u00e1cticas | Vidrieras<\/a>\n        <\/h2>\n                    <p class=\"entityItemContentType\">Festivales y eventos<\/p>\n            <\/div>\n    <a href=\"https:\/\/www.creilsudoise-tourisme.fr\/es\/agenda-animations\/stage-vitrail-6\/\" class=\"seeMore\"><span class=\"sr-only\">M\u00e1s informaci\u00f3n<\/span><\/a>\n<\/div>\n\n<div class=\"entityItem\" data-trigger=\"wpiris-click\" data-id=\"wpiris-entity-slider-item\">\n    <p class=\"entityItemThumbnail\">\n        <a href=\"https:\/\/www.creilsudoise-tourisme.fr\/es\/agenda-animations\/explore-games-crazy-history-at-creil-boat\/\" nofancybox>\n            <img data-src=\"https:\/\/www.creilsudoise-tourisme.fr\/wp-content\/uploads\/wpetourisme\/Affiche-jeu-2-275x350.jpg\" alt=\"Explor Games\u00ae | Loca historia en el Castillo de Creil\">\n        <\/a>\n    <\/p>\n    <div class=\"entityItemContent\">\n        <h2 class=\"entityItemContentTitle\">\n            <a href=\"https:\/\/www.creilsudoise-tourisme.fr\/es\/agenda-animations\/explore-games-crazy-history-at-creil-boat\/\">Explor Games\u00ae | Loca historia en el Castillo de Creil<\/a>\n        <\/h2>\n                    <p class=\"entityItemContentType\">Festivales y eventos<\/p>\n            <\/div>\n    <a href=\"https:\/\/www.creilsudoise-tourisme.fr\/es\/agenda-animations\/explore-games-crazy-history-at-creil-boat\/\" class=\"seeMore\"><span class=\"sr-only\">M\u00e1s informaci\u00f3n<\/span><\/a>\n<\/div>\n\n<div class=\"entityItem\" data-trigger=\"wpiris-click\" data-id=\"wpiris-entity-slider-item\">\n    <p class=\"entityItemThumbnail\">\n        <a href=\"https:\/\/www.creilsudoise-tourisme.fr\/es\/agenda-animations\/stage-vitrail-4\/\" nofancybox>\n            <img data-src=\"https:\/\/www.creilsudoise-tourisme.fr\/wp-content\/uploads\/wpetourisme\/Creez-votre-vitrail-275x350.png\" alt=\"Pr\u00e1cticas | Vidrieras\">\n        <\/a>\n    <\/p>\n    <div class=\"entityItemContent\">\n        <h2 class=\"entityItemContentTitle\">\n            <a href=\"https:\/\/www.creilsudoise-tourisme.fr\/es\/agenda-animations\/stage-vitrail-4\/\">Pr\u00e1cticas | Vidrieras<\/a>\n        <\/h2>\n                    <p class=\"entityItemContentType\">Festivales y eventos<\/p>\n            <\/div>\n    <a href=\"https:\/\/www.creilsudoise-tourisme.fr\/es\/agenda-animations\/stage-vitrail-4\/\" class=\"seeMore\"><span class=\"sr-only\">M\u00e1s informaci\u00f3n<\/span><\/a>\n<\/div>\n\n<div class=\"entityItem\" data-trigger=\"wpiris-click\" data-id=\"wpiris-entity-slider-item\">\n    <p class=\"entityItemThumbnail\">\n        <a href=\"https:\/\/www.creilsudoise-tourisme.fr\/es\/agenda-animations\/stage-vitrail-2\/\" nofancybox>\n            <img data-src=\"https:\/\/www.creilsudoise-tourisme.fr\/wp-content\/uploads\/wpetourisme\/Creez-votre-vitrail-275x350.png\" alt=\"Pr\u00e1cticas | Vidrieras\">\n        <\/a>\n    <\/p>\n    <div class=\"entityItemContent\">\n        <h2 class=\"entityItemContentTitle\">\n            <a href=\"https:\/\/www.creilsudoise-tourisme.fr\/es\/agenda-animations\/stage-vitrail-2\/\">Pr\u00e1cticas | Vidrieras<\/a>\n        <\/h2>\n                    <p class=\"entityItemContentType\">Festivales y eventos<\/p>\n            <\/div>\n    <a href=\"https:\/\/www.creilsudoise-tourisme.fr\/es\/agenda-animations\/stage-vitrail-2\/\" class=\"seeMore\"><span class=\"sr-only\">M\u00e1s informaci\u00f3n<\/span><\/a>\n<\/div>\n                <\/div>\n\n                \n<div class=\"sliderNav\">\n    <div class=\"sliderNavWrapper\">\n        <p class=\"swiperArrow swiperArrow--next\" data-trigger=\"swiper-next\">\n            <span class=\"sr-only\">Siguiente<\/span>\n        <\/p>\n        <p class=\"swiperArrow swiperArrow--prev\" data-trigger=\"swiper-prev\">\n            <span class=\"sr-only\">Anterior<\/span>\n        <\/p>\n    <\/div>\n<\/div>\n            <\/div>\n            <\/div>\n<\/div><\/div>\n\n\n<hr class=\"wp-block-separator has-css-opacity\"\/>\n\n\n<div class=\"wp-block wp-block-highlight\">\n            <h3 class=\"wp-block-highlight-item wp-block-highlight-title\">Organizar un acto este verano<\/h3>\n                <p class=\"wp-block-highlight-item wp-block-highlight-excerpt\">Usted es <strong>organizador de un acto que se celebrar\u00e1 en julio o agosto en la zona de Creil Sud Oise<\/strong> (\u00a1o cualquier otro evento!) pero no aparece en esta lista?<br><br><strong>Anuncie su evento gratuitamente rellenando este <a href=\"https:\/\/oise.tourinsoft.com\/questionnaire-web\/2f591c16-b52e-4dfc-8106-ffe735dad39e\/eef450e0-413e-4799-b603-660b1bec7447\/add.aspx\" target=\"_blank\" rel=\"noreferrer noopener\">formulario <\/a>!<\/strong><\/p>\n    <\/div>","protected":false},"excerpt":{"rendered":"<p>En julio y agosto, descubra qu\u00e9 hacer en Creil Sud Oise, a dos pasos de Chantilly, Senlis o Compi\u00e8gne y no muy lejos de \u00cele-de-France. Escape Game y Explore Games\u00ae en el Museo Gall\u00e9-Juillet Escape Game En un marco ins\u00f3lito (\u00a1una casa burguesa amueblada tal y como era en el siglo XIX!), descubrir\u00e1 la historia de [...].<\/p>","protected":false},"author":3,"featured_media":41675,"comment_status":"closed","ping_status":"closed","sticky":false,"template":"","format":"standard","meta":{"_relevanssi_hide_post":"","_relevanssi_hide_content":"","_relevanssi_pin_for_all":"","_relevanssi_pin_keywords":"","_relevanssi_unpin_keywords":"","_relevanssi_related_keywords":"","_relevanssi_related_include_ids":"","_relevanssi_related_exclude_ids":"","_relevanssi_related_no_append":"","_relevanssi_related_not_related":"","_relevanssi_related_posts":"41280,41283,40285,40448,38928,40214","_relevanssi_noindex_reason":""},"categories":[5],"tags":[],"yoast_head":"<!-- This site is optimized with the Yoast SEO plugin v20.2.1 - https:\/\/yoast.com\/wordpress\/plugins\/seo\/ -->\n<title>Au programme cet \u00e9t\u00e9 \u00e0 Creil Sud Oise<\/title>\n<meta name=\"description\" content=\"Vous passez vos vacances dans l&#039;Oise ? Quelle chance, le programme de juillet et ao\u00fbt fourmille d&#039;id\u00e9es de sorties \u00e0 Creil Sud Oise !\" \/>\n<meta name=\"robots\" content=\"index, follow, max-snippet:-1, max-image-preview:large, max-video-preview:-1\" \/>\n<link rel=\"canonical\" href=\"https:\/\/www.creilsudoise-tourisme.fr\/es\/2024\/07\/02\/que-faire-cet-ete\/\" \/>\n<meta property=\"og:locale\" content=\"es_ES\" \/>\n<meta property=\"og:type\" content=\"article\" \/>\n<meta property=\"og:title\" content=\"Au programme cet \u00e9t\u00e9 \u00e0 Creil Sud Oise\" \/>\n<meta property=\"og:description\" content=\"Vous passez vos vacances dans l&#039;Oise ? Quelle chance, le programme de juillet et ao\u00fbt fourmille d&#039;id\u00e9es de sorties \u00e0 Creil Sud Oise !\" \/>\n<meta property=\"og:url\" content=\"https:\/\/www.creilsudoise-tourisme.fr\/es\/2024\/07\/02\/que-faire-cet-ete\/\" \/>\n<meta property=\"og:site_name\" content=\"Office de Tourisme Creil Sud Oise\" \/>\n<meta property=\"article:publisher\" content=\"https:\/\/www.facebook.com\/creilsudoisetourisme\/\" \/>\n<meta property=\"article:published_time\" content=\"2024-07-02T08:31:42+00:00\" \/>\n<meta property=\"article:modified_time\" content=\"2024-08-27T15:17:19+00:00\" \/>\n<meta property=\"og:image\" content=\"https:\/\/www.creilsudoise-tourisme.fr\/wp-content\/uploads\/2022\/06\/Cet-ete-a-Creil-Sud-Oise.jpg\" \/>\n\t<meta property=\"og:image:width\" content=\"1480\" \/>\n\t<meta property=\"og:image:height\" content=\"833\" \/>\n\t<meta property=\"og:image:type\" content=\"image\/jpeg\" \/>\n<meta name=\"author\" content=\"fdubut\" \/>\n<meta name=\"twitter:card\" content=\"summary_large_image\" \/>\n<meta name=\"twitter:creator\" content=\"@CreilSudOiseOT\" \/>\n<meta name=\"twitter:site\" content=\"@CreilSudOiseOT\" \/>\n<meta name=\"twitter:label1\" content=\"Escrito por\" \/>\n\t<meta name=\"twitter:data1\" content=\"fdubut\" \/>\n\t<meta name=\"twitter:label2\" content=\"Tiempo de lectura\" \/>\n\t<meta name=\"twitter:data2\" content=\"1 minuto\" \/>\n<script type=\"application\/ld+json\" class=\"yoast-schema-graph\">{\"@context\":\"https:\/\/schema.org\",\"@graph\":[{\"@type\":\"Article\",\"@id\":\"https:\/\/www.creilsudoise-tourisme.fr\/2024\/07\/02\/que-faire-cet-ete\/#article\",\"isPartOf\":{\"@id\":\"https:\/\/www.creilsudoise-tourisme.fr\/2024\/07\/02\/que-faire-cet-ete\/\"},\"author\":{\"name\":\"fdubut\",\"@id\":\"https:\/\/www.creilsudoise-tourisme.fr\/#\/schema\/person\/c5140d47645b13bee896bfe05f1bd5da\"},\"headline\":\"Que faire cet \u00e9t\u00e9 ?\",\"datePublished\":\"2024-07-02T08:31:42+00:00\",\"dateModified\":\"2024-08-27T15:17:19+00:00\",\"mainEntityOfPage\":{\"@id\":\"https:\/\/www.creilsudoise-tourisme.fr\/2024\/07\/02\/que-faire-cet-ete\/\"},\"wordCount\":1201,\"publisher\":{\"@id\":\"https:\/\/www.creilsudoise-tourisme.fr\/#organization\"},\"articleSection\":[\"Actus\"],\"inLanguage\":\"es\"},{\"@type\":\"WebPage\",\"@id\":\"https:\/\/www.creilsudoise-tourisme.fr\/2024\/07\/02\/que-faire-cet-ete\/\",\"url\":\"https:\/\/www.creilsudoise-tourisme.fr\/2024\/07\/02\/que-faire-cet-ete\/\",\"name\":\"Au programme cet \u00e9t\u00e9 \u00e0 Creil Sud Oise\",\"isPartOf\":{\"@id\":\"https:\/\/www.creilsudoise-tourisme.fr\/#website\"},\"datePublished\":\"2024-07-02T08:31:42+00:00\",\"dateModified\":\"2024-08-27T15:17:19+00:00\",\"description\":\"Vous passez vos vacances dans l'Oise ? Quelle chance, le programme de juillet et ao\u00fbt fourmille d'id\u00e9es de sorties \u00e0 Creil Sud Oise !\",\"breadcrumb\":{\"@id\":\"https:\/\/www.creilsudoise-tourisme.fr\/2024\/07\/02\/que-faire-cet-ete\/#breadcrumb\"},\"inLanguage\":\"es\",\"potentialAction\":[{\"@type\":\"ReadAction\",\"target\":[\"https:\/\/www.creilsudoise-tourisme.fr\/2024\/07\/02\/que-faire-cet-ete\/\"]}]},{\"@type\":\"BreadcrumbList\",\"@id\":\"https:\/\/www.creilsudoise-tourisme.fr\/2024\/07\/02\/que-faire-cet-ete\/#breadcrumb\",\"itemListElement\":[{\"@type\":\"ListItem\",\"position\":1,\"name\":\"Accueil\",\"item\":\"https:\/\/www.creilsudoise-tourisme.fr\/\"},{\"@type\":\"ListItem\",\"position\":2,\"name\":\"Que faire cet \u00e9t\u00e9 ?\"}]},{\"@type\":\"WebSite\",\"@id\":\"https:\/\/www.creilsudoise-tourisme.fr\/#website\",\"url\":\"https:\/\/www.creilsudoise-tourisme.fr\/\",\"name\":\"Office de Tourisme Creil Sud Oise\",\"description\":\"Creil Sud Oise Tourisme, un territoire \u00e0 explorer !\",\"publisher\":{\"@id\":\"https:\/\/www.creilsudoise-tourisme.fr\/#organization\"},\"potentialAction\":[{\"@type\":\"SearchAction\",\"target\":{\"@type\":\"EntryPoint\",\"urlTemplate\":\"https:\/\/www.creilsudoise-tourisme.fr\/?s={search_term_string}\"},\"query-input\":\"required name=search_term_string\"}],\"inLanguage\":\"es\"},{\"@type\":\"Organization\",\"@id\":\"https:\/\/www.creilsudoise-tourisme.fr\/#organization\",\"name\":\"Creil Sud Oise Tourisme\",\"url\":\"https:\/\/www.creilsudoise-tourisme.fr\/\",\"logo\":{\"@type\":\"ImageObject\",\"inLanguage\":\"es\",\"@id\":\"https:\/\/www.creilsudoise-tourisme.fr\/#\/schema\/logo\/image\/\",\"url\":\"https:\/\/www.creilsudoise-tourisme.fr\/wp-content\/uploads\/2021\/05\/logo-svg.png\",\"contentUrl\":\"https:\/\/www.creilsudoise-tourisme.fr\/wp-content\/uploads\/2021\/05\/logo-svg.png\",\"width\":182,\"height\":71,\"caption\":\"Creil Sud Oise Tourisme\"},\"image\":{\"@id\":\"https:\/\/www.creilsudoise-tourisme.fr\/#\/schema\/logo\/image\/\"},\"sameAs\":[\"https:\/\/www.facebook.com\/creilsudoisetourisme\/\",\"https:\/\/twitter.com\/CreilSudOiseOT\",\"https:\/\/www.instagram.com\/creilsudoisetourisme\/\",\"https:\/\/www.youtube.com\/channel\/UC8L_QD2wwyADW14zt9fY8kw\"]},{\"@type\":\"Person\",\"@id\":\"https:\/\/www.creilsudoise-tourisme.fr\/#\/schema\/person\/c5140d47645b13bee896bfe05f1bd5da\",\"name\":\"fdubut\",\"image\":{\"@type\":\"ImageObject\",\"inLanguage\":\"es\",\"@id\":\"https:\/\/www.creilsudoise-tourisme.fr\/#\/schema\/person\/image\/\",\"url\":\"https:\/\/secure.gravatar.com\/avatar\/c49bb61337bf4556cafdbcb92c18618d?s=96&d=mm&r=g\",\"contentUrl\":\"https:\/\/secure.gravatar.com\/avatar\/c49bb61337bf4556cafdbcb92c18618d?s=96&d=mm&r=g\",\"caption\":\"fdubut\"},\"url\":\"https:\/\/www.creilsudoise-tourisme.fr\/es\/auteur\/fdubut\/\"}]}<\/script>\n<!-- \/ Yoast SEO plugin. -->","yoast_head_json":{"title":"Au programme cet \u00e9t\u00e9 \u00e0 Creil Sud Oise","description":"Vous passez vos vacances dans l'Oise ? Quelle chance, le programme de juillet et ao\u00fbt fourmille d'id\u00e9es de sorties \u00e0 Creil Sud Oise !","robots":{"index":"index","follow":"follow","max-snippet":"max-snippet:-1","max-image-preview":"max-image-preview:large","max-video-preview":"max-video-preview:-1"},"canonical":"https:\/\/www.creilsudoise-tourisme.fr\/es\/2024\/07\/02\/que-faire-cet-ete\/","og_locale":"es_ES","og_type":"article","og_title":"Au programme cet \u00e9t\u00e9 \u00e0 Creil Sud Oise","og_description":"Vous passez vos vacances dans l'Oise ? Quelle chance, le programme de juillet et ao\u00fbt fourmille d'id\u00e9es de sorties \u00e0 Creil Sud Oise !","og_url":"https:\/\/www.creilsudoise-tourisme.fr\/es\/2024\/07\/02\/que-faire-cet-ete\/","og_site_name":"Office de Tourisme Creil Sud Oise","article_publisher":"https:\/\/www.facebook.com\/creilsudoisetourisme\/","article_published_time":"2024-07-02T08:31:42+00:00","article_modified_time":"2024-08-27T15:17:19+00:00","og_image":[{"width":1480,"height":833,"url":"https:\/\/www.creilsudoise-tourisme.fr\/wp-content\/uploads\/2022\/06\/Cet-ete-a-Creil-Sud-Oise.jpg","type":"image\/jpeg"}],"author":"fdubut","twitter_card":"summary_large_image","twitter_creator":"@CreilSudOiseOT","twitter_site":"@CreilSudOiseOT","twitter_misc":{"Escrito por":"fdubut","Tiempo de lectura":"1 minuto"},"schema":{"@context":"https:\/\/schema.org","@graph":[{"@type":"Article","@id":"https:\/\/www.creilsudoise-tourisme.fr\/2024\/07\/02\/que-faire-cet-ete\/#article","isPartOf":{"@id":"https:\/\/www.creilsudoise-tourisme.fr\/2024\/07\/02\/que-faire-cet-ete\/"},"author":{"name":"fdubut","@id":"https:\/\/www.creilsudoise-tourisme.fr\/#\/schema\/person\/c5140d47645b13bee896bfe05f1bd5da"},"headline":"Que faire cet \u00e9t\u00e9 ?","datePublished":"2024-07-02T08:31:42+00:00","dateModified":"2024-08-27T15:17:19+00:00","mainEntityOfPage":{"@id":"https:\/\/www.creilsudoise-tourisme.fr\/2024\/07\/02\/que-faire-cet-ete\/"},"wordCount":1201,"publisher":{"@id":"https:\/\/www.creilsudoise-tourisme.fr\/#organization"},"articleSection":["Actus"],"inLanguage":"es"},{"@type":"WebPage","@id":"https:\/\/www.creilsudoise-tourisme.fr\/2024\/07\/02\/que-faire-cet-ete\/","url":"https:\/\/www.creilsudoise-tourisme.fr\/2024\/07\/02\/que-faire-cet-ete\/","name":"Au programme cet \u00e9t\u00e9 \u00e0 Creil Sud Oise","isPartOf":{"@id":"https:\/\/www.creilsudoise-tourisme.fr\/#website"},"datePublished":"2024-07-02T08:31:42+00:00","dateModified":"2024-08-27T15:17:19+00:00","description":"Vous passez vos vacances dans l'Oise ? Quelle chance, le programme de juillet et ao\u00fbt fourmille d'id\u00e9es de sorties \u00e0 Creil Sud Oise !","breadcrumb":{"@id":"https:\/\/www.creilsudoise-tourisme.fr\/2024\/07\/02\/que-faire-cet-ete\/#breadcrumb"},"inLanguage":"es","potentialAction":[{"@type":"ReadAction","target":["https:\/\/www.creilsudoise-tourisme.fr\/2024\/07\/02\/que-faire-cet-ete\/"]}]},{"@type":"BreadcrumbList","@id":"https:\/\/www.creilsudoise-tourisme.fr\/2024\/07\/02\/que-faire-cet-ete\/#breadcrumb","itemListElement":[{"@type":"ListItem","position":1,"name":"Accueil","item":"https:\/\/www.creilsudoise-tourisme.fr\/"},{"@type":"ListItem","position":2,"name":"Que faire cet \u00e9t\u00e9 ?"}]},{"@type":"WebSite","@id":"https:\/\/www.creilsudoise-tourisme.fr\/#website","url":"https:\/\/www.creilsudoise-tourisme.fr\/","name":"Office de Tourisme Creil Sud Oise","description":"Creil Sud Oise Tourisme, un territoire \u00e0 explorer !","publisher":{"@id":"https:\/\/www.creilsudoise-tourisme.fr\/#organization"},"potentialAction":[{"@type":"SearchAction","target":{"@type":"EntryPoint","urlTemplate":"https:\/\/www.creilsudoise-tourisme.fr\/?s={search_term_string}"},"query-input":"required name=search_term_string"}],"inLanguage":"es"},{"@type":"Organization","@id":"https:\/\/www.creilsudoise-tourisme.fr\/#organization","name":"Creil Sud Oise Tourisme","url":"https:\/\/www.creilsudoise-tourisme.fr\/","logo":{"@type":"ImageObject","inLanguage":"es","@id":"https:\/\/www.creilsudoise-tourisme.fr\/#\/schema\/logo\/image\/","url":"https:\/\/www.creilsudoise-tourisme.fr\/wp-content\/uploads\/2021\/05\/logo-svg.png","contentUrl":"https:\/\/www.creilsudoise-tourisme.fr\/wp-content\/uploads\/2021\/05\/logo-svg.png","width":182,"height":71,"caption":"Creil Sud Oise Tourisme"},"image":{"@id":"https:\/\/www.creilsudoise-tourisme.fr\/#\/schema\/logo\/image\/"},"sameAs":["https:\/\/www.facebook.com\/creilsudoisetourisme\/","https:\/\/twitter.com\/CreilSudOiseOT","https:\/\/www.instagram.com\/creilsudoisetourisme\/","https:\/\/www.youtube.com\/channel\/UC8L_QD2wwyADW14zt9fY8kw"]},{"@type":"Person","@id":"https:\/\/www.creilsudoise-tourisme.fr\/#\/schema\/person\/c5140d47645b13bee896bfe05f1bd5da","name":"fdubut","image":{"@type":"ImageObject","inLanguage":"es","@id":"https:\/\/www.creilsudoise-tourisme.fr\/#\/schema\/person\/image\/","url":"https:\/\/secure.gravatar.com\/avatar\/c49bb61337bf4556cafdbcb92c18618d?s=96&d=mm&r=g","contentUrl":"https:\/\/secure.gravatar.com\/avatar\/c49bb61337bf4556cafdbcb92c18618d?s=96&d=mm&r=g","caption":"fdubut"},"url":"https:\/\/www.creilsudoise-tourisme.fr\/es\/auteur\/fdubut\/"}]}},"_links":{"self":[{"href":"https:\/\/www.creilsudoise-tourisme.fr\/es\/wp-json\/wp\/v2\/posts\/41674"}],"collection":[{"href":"https:\/\/www.creilsudoise-tourisme.fr\/es\/wp-json\/wp\/v2\/posts"}],"about":[{"href":"https:\/\/www.creilsudoise-tourisme.fr\/es\/wp-json\/wp\/v2\/types\/post"}],"author":[{"embeddable":true,"href":"https:\/\/www.creilsudoise-tourisme.fr\/es\/wp-json\/wp\/v2\/users\/3"}],"replies":[{"embeddable":true,"href":"https:\/\/www.creilsudoise-tourisme.fr\/es\/wp-json\/wp\/v2\/comments?post=41674"}],"version-history":[{"count":7,"href":"https:\/\/www.creilsudoise-tourisme.fr\/es\/wp-json\/wp\/v2\/posts\/41674\/revisions"}],"predecessor-version":[{"id":60073,"href":"https:\/\/www.creilsudoise-tourisme.fr\/es\/wp-json\/wp\/v2\/posts\/41674\/revisions\/60073"}],"wp:featuredmedia":[{"embeddable":true,"href":"https:\/\/www.creilsudoise-tourisme.fr\/es\/wp-json\/wp\/v2\/media\/41675"}],"wp:attachment":[{"href":"https:\/\/www.creilsudoise-tourisme.fr\/es\/wp-json\/wp\/v2\/media?parent=41674"}],"wp:term":[{"taxonomy":"category","embeddable":true,"href":"https:\/\/www.creilsudoise-tourisme.fr\/es\/wp-json\/wp\/v2\/categories?post=41674"},{"taxonomy":"post_tag","embeddable":true,"href":"https:\/\/www.creilsudoise-tourisme.fr\/es\/wp-json\/wp\/v2\/tags?post=41674"}],"curies":[{"name":"wp","href":"https:\/\/api.w.org\/{rel}","templated":true}]}}