{"id":41664,"date":"2022-06-17T15:55:14","date_gmt":"2022-06-17T13:55:14","guid":{"rendered":"https:\/\/www.creilsudoise-tourisme.fr\/?p=41664"},"modified":"2025-02-21T10:17:57","modified_gmt":"2025-02-21T09:17:57","slug":"marche-hebdomadaire","status":"publish","type":"post","link":"https:\/\/www.creilsudoise-tourisme.fr\/es\/2022\/06\/17\/paseo-semanal\/","title":{"rendered":"\u00bfD\u00f3nde comprar?"},"content":{"rendered":"<p class=\"is-style-excerpt\">Descubre la<strong> d\u00edas de mercado<\/strong> \u00a1de la Agglom\u00e9ration Creil Sud Oise!<\/p>\n\n\n\n<h2>Creil<\/h2>\n\n\n\n<div class=\"wp-block wp-block-accordion\" id=\"accordion\">\n    \n                    <div class=\"wp-block-accordion-item\">\n            <div id=\"heading9820\">\n                <h3 class=\"wp-block-accordion-item-title\" data-toggle=\"collapse\" data-target=\"#collapse9820\">\n                    Mi\u00e9rcoles + s\u00e1bado                <\/h3>\n            <\/div>\n            <div class=\"wp-block-accordion-item-content collapse\" id=\"collapse9820\" data-parent=\"#accordion\">\n                <p><strong>de 8.00 a 13.00 horas<\/strong><\/p><p>Plaza Carnot de Creil<\/p>            <\/div>\n        <\/div>\n                    <div class=\"wp-block-accordion-item\">\n            <div id=\"heading6998\">\n                <h3 class=\"wp-block-accordion-item-title\" data-toggle=\"collapse\" data-target=\"#collapse6998\">\n                    Jueves                <\/h3>\n            <\/div>\n            <div class=\"wp-block-accordion-item-content collapse\" id=\"collapse6998\" data-parent=\"#accordion\">\n                <p><strong>de 8.00 a 13.00 horas<\/strong><\/p><p>Plaza de los Campos de Marte en Creil<\/p>            <\/div>\n        <\/div>\n                    <div class=\"wp-block-accordion-item\">\n            <div id=\"heading1994\">\n                <h3 class=\"wp-block-accordion-item-title\" data-toggle=\"collapse\" data-target=\"#collapse1994\">\n                    1<sup>er<\/sup> Jueves del mes (mercado eco-ciudadano)                <\/h3>\n            <\/div>\n            <div class=\"wp-block-accordion-item-content collapse\" id=\"collapse1994\" data-parent=\"#accordion\">\n                <p><strong>de 17.30 a 20.00 horas<\/strong><\/p><p>Mercado eco-ciudadano (local y ecol\u00f3gico), All\u00e9e Nelson, Creil (reubicado durante las obras de la Place St-M\u00e9dard)<\/p>            <\/div>\n        <\/div>\n    \n<\/div>\n\n\n\n\n<h2>Montataire<\/h2>\n\n\n\n<div class=\"wp-block wp-block-accordion\" id=\"accordion\">\n    \n                    <div class=\"wp-block-accordion-item\">\n            <div id=\"heading8130\">\n                <h3 class=\"wp-block-accordion-item-title\" data-toggle=\"collapse\" data-target=\"#collapse8130\">\n                    Jueves + domingo                <\/h3>\n            <\/div>\n            <div class=\"wp-block-accordion-item-content collapse\" id=\"collapse8130\" data-parent=\"#accordion\">\n                <p><strong>de 8.00 a 13.00 horas<\/strong><\/p><p>Plaza Auguste G\u00e9nie de Montataire<\/p>            <\/div>\n        <\/div>\n    \n<\/div>\n\n\n\n\n<h2>Nogent-sur-Oise<\/h2>\n\n\n\n<div class=\"wp-block wp-block-accordion\" id=\"accordion\">\n    \n                    <div class=\"wp-block-accordion-item\">\n            <div id=\"heading2187\">\n                <h3 class=\"wp-block-accordion-item-title\" data-toggle=\"collapse\" data-target=\"#collapse2187\">\n                    Viernes                <\/h3>\n            <\/div>\n            <div class=\"wp-block-accordion-item-content collapse\" id=\"collapse2187\" data-parent=\"#accordion\">\n                <p><strong>de 13.30 a 19.00 horas<\/strong><\/p><p>Plaza de los Tres Reyes en Nogent-sur-Oise<\/p>            <\/div>\n        <\/div>\n                    <div class=\"wp-block-accordion-item\">\n            <div id=\"heading9277\">\n                <h3 class=\"wp-block-accordion-item-title\" data-toggle=\"collapse\" data-target=\"#collapse9277\">\n                    3<sup>\u00e8me<\/sup> Jueves del mes (Petit March\u00e9)                <\/h3>\n            <\/div>\n            <div class=\"wp-block-accordion-item-content collapse\" id=\"collapse9277\" data-parent=\"#accordion\">\n                <p><strong>de 16.00 a 19.00 horas<\/strong><\/p><p>Peque\u00f1o mercado (local y de temporada), Place des Trois Rois en Nogent-sur-Oise<\/p>            <\/div>\n        <\/div>\n    \n<\/div>\n\n\n\n\n<h2>Saint-Leu-d'Esserent<\/h2>\n\n\n\n<div class=\"wp-block wp-block-accordion\" id=\"accordion\">\n    \n                    <div class=\"wp-block-accordion-item\">\n            <div id=\"heading4355\">\n                <h3 class=\"wp-block-accordion-item-title\" data-toggle=\"collapse\" data-target=\"#collapse4355\">\n                    S\u00e1bado                <\/h3>\n            <\/div>\n            <div class=\"wp-block-accordion-item-content collapse\" id=\"collapse4355\" data-parent=\"#accordion\">\n                <p><strong>de 8.30 a 12.30 h.<\/strong><\/p><p>Plaza de la Rep\u00fablica en Saint-Leu-d'Esserent<\/p>            <\/div>\n        <\/div>\n    \n<\/div>\n\n\n\n\n<h2>Rousseloy<\/h2>\n\n\n\n<div class=\"wp-block wp-block-accordion\" id=\"accordion\">\n    \n                    <div class=\"wp-block-accordion-item\">\n            <div id=\"heading3462\">\n                <h3 class=\"wp-block-accordion-item-title\" data-toggle=\"collapse\" data-target=\"#collapse3462\">\n                    Diario (m\u00e1quina expendedora)                <\/h3>\n            <\/div>\n            <div class=\"wp-block-accordion-item-content collapse\" id=\"collapse3462\" data-parent=\"#accordion\">\n                <p><strong>de 8.00 a 21.00 horas<\/strong><\/p><p>Bio pour Tous (estanter\u00edas de productos ecol\u00f3gicos, la mayor\u00eda locales y a precios muy asequibles: frutas y verduras frescas y de temporada, queso, yogur, pan), 2 chemin de Soutraine en Rousseloy.<\/p>            <\/div>\n        <\/div>\n    \n<\/div>\n\n\n\n\n<h2>Saint-Maximin<\/h2>\n\n\n\n<div class=\"wp-block wp-block-accordion\" id=\"accordion\">\n    \n                    <div class=\"wp-block-accordion-item\">\n            <div id=\"heading8523\">\n                <h3 class=\"wp-block-accordion-item-title\" data-toggle=\"collapse\" data-target=\"#collapse8523\">\n                    Viernes                <\/h3>\n            <\/div>\n            <div class=\"wp-block-accordion-item-content collapse\" id=\"collapse8523\" data-parent=\"#accordion\">\n                <p><strong>de 16:00 a 20:00<\/strong><\/p><p>Plaza de Octubre (frente al ayuntamiento) en Saint-Maximin<\/p><p>Hay autobuses gratuitos que recorren la ciudad hasta el mercado. Descubra un <a href='https:\/\/www.saintmaximin.eu\/article_151_1_la-ville-inaugure-son-marche-hebdomadaire--_fr.html' target='_blank' rel='noreferrer noopener'>buen art\u00edculo<\/a> \u00a1publicado para la apertura del mercado en 2022!<\/p>            <\/div>\n        <\/div>\n    \n<\/div>\n\n\n\n\n<hr class=\"wp-block-separator has-css-opacity\"\/>","protected":false},"excerpt":{"rendered":"<p>Inf\u00f3rmese sobre los d\u00edas de mercado en la aglomeraci\u00f3n de Creil Sud Oise. Creil Montataire Nogent-sur-Oise Saint-Leu-d'Esserent Rousseloy Saint-Maximin<\/p>","protected":false},"author":3,"featured_media":41671,"comment_status":"open","ping_status":"open","sticky":false,"template":"","format":"standard","meta":{"_relevanssi_hide_post":"","_relevanssi_hide_content":"","_relevanssi_pin_for_all":"","_relevanssi_pin_keywords":"","_relevanssi_unpin_keywords":"","_relevanssi_related_keywords":"","_relevanssi_related_include_ids":"","_relevanssi_related_exclude_ids":"","_relevanssi_related_no_append":"","_relevanssi_related_not_related":"","_relevanssi_related_posts":"39315,39133,41283,39613,37920,40214","_relevanssi_noindex_reason":""},"categories":[5],"tags":[],"yoast_head":"<!-- This site is optimized with the Yoast SEO plugin v20.2.1 - https:\/\/yoast.com\/wordpress\/plugins\/seo\/ -->\n<title>Les jours de march\u00e9 \u00e0 Creil Sud Oise<\/title>\n<meta name=\"description\" content=\"D\u00e9couvrez les jours de march\u00e9s pour les villes de l&#039;Agglom\u00e9ration Creil Sud Oise, pr\u00e8s de Chantilly et Senlis !\" \/>\n<meta name=\"robots\" content=\"index, follow, max-snippet:-1, max-image-preview:large, max-video-preview:-1\" \/>\n<link rel=\"canonical\" href=\"https:\/\/www.creilsudoise-tourisme.fr\/es\/2022\/06\/17\/paseo-semanal\/\" \/>\n<meta property=\"og:locale\" content=\"es_ES\" \/>\n<meta property=\"og:type\" content=\"article\" \/>\n<meta property=\"og:title\" content=\"Les jours de march\u00e9 \u00e0 Creil Sud Oise\" \/>\n<meta property=\"og:description\" content=\"D\u00e9couvrez les jours de march\u00e9s pour les villes de l&#039;Agglom\u00e9ration Creil Sud Oise, pr\u00e8s de Chantilly et Senlis !\" \/>\n<meta property=\"og:url\" content=\"https:\/\/www.creilsudoise-tourisme.fr\/es\/2022\/06\/17\/paseo-semanal\/\" \/>\n<meta property=\"og:site_name\" content=\"Office de Tourisme Creil Sud Oise\" \/>\n<meta property=\"article:publisher\" content=\"https:\/\/www.facebook.com\/creilsudoisetourisme\/\" \/>\n<meta property=\"article:published_time\" content=\"2022-06-17T13:55:14+00:00\" \/>\n<meta property=\"article:modified_time\" content=\"2025-02-21T09:17:57+00:00\" \/>\n<meta property=\"og:image\" content=\"https:\/\/www.creilsudoise-tourisme.fr\/wp-content\/uploads\/2022\/06\/Marche.jpg\" \/>\n\t<meta property=\"og:image:width\" content=\"1480\" \/>\n\t<meta property=\"og:image:height\" content=\"772\" \/>\n\t<meta property=\"og:image:type\" content=\"image\/jpeg\" \/>\n<meta name=\"author\" content=\"fdubut\" \/>\n<meta name=\"twitter:card\" content=\"summary_large_image\" \/>\n<meta name=\"twitter:creator\" content=\"@CreilSudOiseOT\" \/>\n<meta name=\"twitter:site\" content=\"@CreilSudOiseOT\" \/>\n<meta name=\"twitter:label1\" content=\"Escrito por\" \/>\n\t<meta name=\"twitter:data1\" content=\"fdubut\" \/>\n\t<meta name=\"twitter:label2\" content=\"Tiempo de lectura\" \/>\n\t<meta name=\"twitter:data2\" content=\"1 minuto\" \/>\n<script type=\"application\/ld+json\" class=\"yoast-schema-graph\">{\"@context\":\"https:\/\/schema.org\",\"@graph\":[{\"@type\":\"Article\",\"@id\":\"https:\/\/www.creilsudoise-tourisme.fr\/2022\/06\/17\/marche-hebdomadaire\/#article\",\"isPartOf\":{\"@id\":\"https:\/\/www.creilsudoise-tourisme.fr\/2022\/06\/17\/marche-hebdomadaire\/\"},\"author\":{\"name\":\"fdubut\",\"@id\":\"https:\/\/www.creilsudoise-tourisme.fr\/#\/schema\/person\/c5140d47645b13bee896bfe05f1bd5da\"},\"headline\":\"O\u00f9 faire son march\u00e9 ?\",\"datePublished\":\"2022-06-17T13:55:14+00:00\",\"dateModified\":\"2025-02-21T09:17:57+00:00\",\"mainEntityOfPage\":{\"@id\":\"https:\/\/www.creilsudoise-tourisme.fr\/2022\/06\/17\/marche-hebdomadaire\/\"},\"wordCount\":22,\"commentCount\":0,\"publisher\":{\"@id\":\"https:\/\/www.creilsudoise-tourisme.fr\/#organization\"},\"articleSection\":[\"Actus\"],\"inLanguage\":\"es\",\"potentialAction\":[{\"@type\":\"CommentAction\",\"name\":\"Comment\",\"target\":[\"https:\/\/www.creilsudoise-tourisme.fr\/2022\/06\/17\/marche-hebdomadaire\/#respond\"]}]},{\"@type\":\"WebPage\",\"@id\":\"https:\/\/www.creilsudoise-tourisme.fr\/2022\/06\/17\/marche-hebdomadaire\/\",\"url\":\"https:\/\/www.creilsudoise-tourisme.fr\/2022\/06\/17\/marche-hebdomadaire\/\",\"name\":\"Les jours de march\u00e9 \u00e0 Creil Sud Oise\",\"isPartOf\":{\"@id\":\"https:\/\/www.creilsudoise-tourisme.fr\/#website\"},\"datePublished\":\"2022-06-17T13:55:14+00:00\",\"dateModified\":\"2025-02-21T09:17:57+00:00\",\"description\":\"D\u00e9couvrez les jours de march\u00e9s pour les villes de l'Agglom\u00e9ration Creil Sud Oise, pr\u00e8s de Chantilly et Senlis !\",\"breadcrumb\":{\"@id\":\"https:\/\/www.creilsudoise-tourisme.fr\/2022\/06\/17\/marche-hebdomadaire\/#breadcrumb\"},\"inLanguage\":\"es\",\"potentialAction\":[{\"@type\":\"ReadAction\",\"target\":[\"https:\/\/www.creilsudoise-tourisme.fr\/2022\/06\/17\/marche-hebdomadaire\/\"]}]},{\"@type\":\"BreadcrumbList\",\"@id\":\"https:\/\/www.creilsudoise-tourisme.fr\/2022\/06\/17\/marche-hebdomadaire\/#breadcrumb\",\"itemListElement\":[{\"@type\":\"ListItem\",\"position\":1,\"name\":\"Accueil\",\"item\":\"https:\/\/www.creilsudoise-tourisme.fr\/\"},{\"@type\":\"ListItem\",\"position\":2,\"name\":\"O\u00f9 faire son march\u00e9 ?\"}]},{\"@type\":\"WebSite\",\"@id\":\"https:\/\/www.creilsudoise-tourisme.fr\/#website\",\"url\":\"https:\/\/www.creilsudoise-tourisme.fr\/\",\"name\":\"Office de Tourisme Creil Sud Oise\",\"description\":\"Creil Sud Oise Tourisme, un territoire \u00e0 explorer !\",\"publisher\":{\"@id\":\"https:\/\/www.creilsudoise-tourisme.fr\/#organization\"},\"potentialAction\":[{\"@type\":\"SearchAction\",\"target\":{\"@type\":\"EntryPoint\",\"urlTemplate\":\"https:\/\/www.creilsudoise-tourisme.fr\/?s={search_term_string}\"},\"query-input\":\"required name=search_term_string\"}],\"inLanguage\":\"es\"},{\"@type\":\"Organization\",\"@id\":\"https:\/\/www.creilsudoise-tourisme.fr\/#organization\",\"name\":\"Creil Sud Oise Tourisme\",\"url\":\"https:\/\/www.creilsudoise-tourisme.fr\/\",\"logo\":{\"@type\":\"ImageObject\",\"inLanguage\":\"es\",\"@id\":\"https:\/\/www.creilsudoise-tourisme.fr\/#\/schema\/logo\/image\/\",\"url\":\"https:\/\/www.creilsudoise-tourisme.fr\/wp-content\/uploads\/2021\/05\/logo-svg.png\",\"contentUrl\":\"https:\/\/www.creilsudoise-tourisme.fr\/wp-content\/uploads\/2021\/05\/logo-svg.png\",\"width\":182,\"height\":71,\"caption\":\"Creil Sud Oise Tourisme\"},\"image\":{\"@id\":\"https:\/\/www.creilsudoise-tourisme.fr\/#\/schema\/logo\/image\/\"},\"sameAs\":[\"https:\/\/www.facebook.com\/creilsudoisetourisme\/\",\"https:\/\/twitter.com\/CreilSudOiseOT\",\"https:\/\/www.instagram.com\/creilsudoisetourisme\/\",\"https:\/\/www.youtube.com\/channel\/UC8L_QD2wwyADW14zt9fY8kw\"]},{\"@type\":\"Person\",\"@id\":\"https:\/\/www.creilsudoise-tourisme.fr\/#\/schema\/person\/c5140d47645b13bee896bfe05f1bd5da\",\"name\":\"fdubut\",\"image\":{\"@type\":\"ImageObject\",\"inLanguage\":\"es\",\"@id\":\"https:\/\/www.creilsudoise-tourisme.fr\/#\/schema\/person\/image\/\",\"url\":\"https:\/\/secure.gravatar.com\/avatar\/c49bb61337bf4556cafdbcb92c18618d?s=96&d=mm&r=g\",\"contentUrl\":\"https:\/\/secure.gravatar.com\/avatar\/c49bb61337bf4556cafdbcb92c18618d?s=96&d=mm&r=g\",\"caption\":\"fdubut\"},\"url\":\"https:\/\/www.creilsudoise-tourisme.fr\/es\/auteur\/fdubut\/\"}]}<\/script>\n<!-- \/ Yoast SEO plugin. -->","yoast_head_json":{"title":"Les jours de march\u00e9 \u00e0 Creil Sud Oise","description":"D\u00e9couvrez les jours de march\u00e9s pour les villes de l'Agglom\u00e9ration Creil Sud Oise, pr\u00e8s de Chantilly et Senlis !","robots":{"index":"index","follow":"follow","max-snippet":"max-snippet:-1","max-image-preview":"max-image-preview:large","max-video-preview":"max-video-preview:-1"},"canonical":"https:\/\/www.creilsudoise-tourisme.fr\/es\/2022\/06\/17\/paseo-semanal\/","og_locale":"es_ES","og_type":"article","og_title":"Les jours de march\u00e9 \u00e0 Creil Sud Oise","og_description":"D\u00e9couvrez les jours de march\u00e9s pour les villes de l'Agglom\u00e9ration Creil Sud Oise, pr\u00e8s de Chantilly et Senlis !","og_url":"https:\/\/www.creilsudoise-tourisme.fr\/es\/2022\/06\/17\/paseo-semanal\/","og_site_name":"Office de Tourisme Creil Sud Oise","article_publisher":"https:\/\/www.facebook.com\/creilsudoisetourisme\/","article_published_time":"2022-06-17T13:55:14+00:00","article_modified_time":"2025-02-21T09:17:57+00:00","og_image":[{"width":1480,"height":772,"url":"https:\/\/www.creilsudoise-tourisme.fr\/wp-content\/uploads\/2022\/06\/Marche.jpg","type":"image\/jpeg"}],"author":"fdubut","twitter_card":"summary_large_image","twitter_creator":"@CreilSudOiseOT","twitter_site":"@CreilSudOiseOT","twitter_misc":{"Escrito por":"fdubut","Tiempo de lectura":"1 minuto"},"schema":{"@context":"https:\/\/schema.org","@graph":[{"@type":"Article","@id":"https:\/\/www.creilsudoise-tourisme.fr\/2022\/06\/17\/marche-hebdomadaire\/#article","isPartOf":{"@id":"https:\/\/www.creilsudoise-tourisme.fr\/2022\/06\/17\/marche-hebdomadaire\/"},"author":{"name":"fdubut","@id":"https:\/\/www.creilsudoise-tourisme.fr\/#\/schema\/person\/c5140d47645b13bee896bfe05f1bd5da"},"headline":"O\u00f9 faire son march\u00e9 ?","datePublished":"2022-06-17T13:55:14+00:00","dateModified":"2025-02-21T09:17:57+00:00","mainEntityOfPage":{"@id":"https:\/\/www.creilsudoise-tourisme.fr\/2022\/06\/17\/marche-hebdomadaire\/"},"wordCount":22,"commentCount":0,"publisher":{"@id":"https:\/\/www.creilsudoise-tourisme.fr\/#organization"},"articleSection":["Actus"],"inLanguage":"es","potentialAction":[{"@type":"CommentAction","name":"Comment","target":["https:\/\/www.creilsudoise-tourisme.fr\/2022\/06\/17\/marche-hebdomadaire\/#respond"]}]},{"@type":"WebPage","@id":"https:\/\/www.creilsudoise-tourisme.fr\/2022\/06\/17\/marche-hebdomadaire\/","url":"https:\/\/www.creilsudoise-tourisme.fr\/2022\/06\/17\/marche-hebdomadaire\/","name":"Les jours de march\u00e9 \u00e0 Creil Sud Oise","isPartOf":{"@id":"https:\/\/www.creilsudoise-tourisme.fr\/#website"},"datePublished":"2022-06-17T13:55:14+00:00","dateModified":"2025-02-21T09:17:57+00:00","description":"D\u00e9couvrez les jours de march\u00e9s pour les villes de l'Agglom\u00e9ration Creil Sud Oise, pr\u00e8s de Chantilly et Senlis !","breadcrumb":{"@id":"https:\/\/www.creilsudoise-tourisme.fr\/2022\/06\/17\/marche-hebdomadaire\/#breadcrumb"},"inLanguage":"es","potentialAction":[{"@type":"ReadAction","target":["https:\/\/www.creilsudoise-tourisme.fr\/2022\/06\/17\/marche-hebdomadaire\/"]}]},{"@type":"BreadcrumbList","@id":"https:\/\/www.creilsudoise-tourisme.fr\/2022\/06\/17\/marche-hebdomadaire\/#breadcrumb","itemListElement":[{"@type":"ListItem","position":1,"name":"Accueil","item":"https:\/\/www.creilsudoise-tourisme.fr\/"},{"@type":"ListItem","position":2,"name":"O\u00f9 faire son march\u00e9 ?"}]},{"@type":"WebSite","@id":"https:\/\/www.creilsudoise-tourisme.fr\/#website","url":"https:\/\/www.creilsudoise-tourisme.fr\/","name":"Office de Tourisme Creil Sud Oise","description":"Creil Sud Oise Tourisme, un territoire \u00e0 explorer !","publisher":{"@id":"https:\/\/www.creilsudoise-tourisme.fr\/#organization"},"potentialAction":[{"@type":"SearchAction","target":{"@type":"EntryPoint","urlTemplate":"https:\/\/www.creilsudoise-tourisme.fr\/?s={search_term_string}"},"query-input":"required name=search_term_string"}],"inLanguage":"es"},{"@type":"Organization","@id":"https:\/\/www.creilsudoise-tourisme.fr\/#organization","name":"Creil Sud Oise Tourisme","url":"https:\/\/www.creilsudoise-tourisme.fr\/","logo":{"@type":"ImageObject","inLanguage":"es","@id":"https:\/\/www.creilsudoise-tourisme.fr\/#\/schema\/logo\/image\/","url":"https:\/\/www.creilsudoise-tourisme.fr\/wp-content\/uploads\/2021\/05\/logo-svg.png","contentUrl":"https:\/\/www.creilsudoise-tourisme.fr\/wp-content\/uploads\/2021\/05\/logo-svg.png","width":182,"height":71,"caption":"Creil Sud Oise Tourisme"},"image":{"@id":"https:\/\/www.creilsudoise-tourisme.fr\/#\/schema\/logo\/image\/"},"sameAs":["https:\/\/www.facebook.com\/creilsudoisetourisme\/","https:\/\/twitter.com\/CreilSudOiseOT","https:\/\/www.instagram.com\/creilsudoisetourisme\/","https:\/\/www.youtube.com\/channel\/UC8L_QD2wwyADW14zt9fY8kw"]},{"@type":"Person","@id":"https:\/\/www.creilsudoise-tourisme.fr\/#\/schema\/person\/c5140d47645b13bee896bfe05f1bd5da","name":"fdubut","image":{"@type":"ImageObject","inLanguage":"es","@id":"https:\/\/www.creilsudoise-tourisme.fr\/#\/schema\/person\/image\/","url":"https:\/\/secure.gravatar.com\/avatar\/c49bb61337bf4556cafdbcb92c18618d?s=96&d=mm&r=g","contentUrl":"https:\/\/secure.gravatar.com\/avatar\/c49bb61337bf4556cafdbcb92c18618d?s=96&d=mm&r=g","caption":"fdubut"},"url":"https:\/\/www.creilsudoise-tourisme.fr\/es\/auteur\/fdubut\/"}]}},"_links":{"self":[{"href":"https:\/\/www.creilsudoise-tourisme.fr\/es\/wp-json\/wp\/v2\/posts\/41664"}],"collection":[{"href":"https:\/\/www.creilsudoise-tourisme.fr\/es\/wp-json\/wp\/v2\/posts"}],"about":[{"href":"https:\/\/www.creilsudoise-tourisme.fr\/es\/wp-json\/wp\/v2\/types\/post"}],"author":[{"embeddable":true,"href":"https:\/\/www.creilsudoise-tourisme.fr\/es\/wp-json\/wp\/v2\/users\/3"}],"replies":[{"embeddable":true,"href":"https:\/\/www.creilsudoise-tourisme.fr\/es\/wp-json\/wp\/v2\/comments?post=41664"}],"version-history":[{"count":16,"href":"https:\/\/www.creilsudoise-tourisme.fr\/es\/wp-json\/wp\/v2\/posts\/41664\/revisions"}],"predecessor-version":[{"id":60456,"href":"https:\/\/www.creilsudoise-tourisme.fr\/es\/wp-json\/wp\/v2\/posts\/41664\/revisions\/60456"}],"wp:featuredmedia":[{"embeddable":true,"href":"https:\/\/www.creilsudoise-tourisme.fr\/es\/wp-json\/wp\/v2\/media\/41671"}],"wp:attachment":[{"href":"https:\/\/www.creilsudoise-tourisme.fr\/es\/wp-json\/wp\/v2\/media?parent=41664"}],"wp:term":[{"taxonomy":"category","embeddable":true,"href":"https:\/\/www.creilsudoise-tourisme.fr\/es\/wp-json\/wp\/v2\/categories?post=41664"},{"taxonomy":"post_tag","embeddable":true,"href":"https:\/\/www.creilsudoise-tourisme.fr\/es\/wp-json\/wp\/v2\/tags?post=41664"}],"curies":[{"name":"wp","href":"https:\/\/api.w.org\/{rel}","templated":true}]}}