{"id":40900,"date":"2024-04-25T10:16:14","date_gmt":"2024-04-25T08:16:14","guid":{"rendered":"https:\/\/www.creilsudoise-tourisme.fr\/?p=40900"},"modified":"2024-04-25T10:16:39","modified_gmt":"2024-04-25T08:16:39","slug":"nuit-des-musees","status":"publish","type":"post","link":"https:\/\/www.creilsudoise-tourisme.fr\/es\/2024\/04\/25\/noche-de-los-museos\/","title":{"rendered":"Noche de los museos"},"content":{"rendered":"<p class=\"is-style-excerpt\">Todos los a\u00f1os <strong>los museos le abren sus puertas en una velada especial<\/strong> para ayudarle a descubrir sus colecciones de una forma totalmente nueva. <strong>Nos vemos el 18 de mayo<\/strong> \u00a1para una noche excepcional!<\/p>\n\n\n\n\n\n\n\n\n\n\n\n\n\n\n\n\n\n\n\n\n\n\n\n\n\n<hr class=\"wp-block-separator has-css-opacity\"\/>\n\n\n<div class=\"wp-block wp-block-highlight\">\n            <h3 class=\"wp-block-highlight-item wp-block-highlight-title\">\u00bfParticipa en la Noche de los Museos?<\/h3>\n                <p class=\"wp-block-highlight-item wp-block-highlight-excerpt\">Usted es <strong>organizador de un acontecimiento que tendr\u00e1 lugar en la zona de Creil Sud Oise<\/strong> <strong>durante la Noche de los Museos <\/strong>(\u00a1o cualquier otro evento!) pero no aparece en esta lista?<br><br><strong>Anuncie su evento gratuitamente rellenando este <a href=\"https:\/\/oise.tourinsoft.com\/questionnaire-web\/2f591c16-b52e-4dfc-8106-ffe735dad39e\/eef450e0-413e-4799-b603-660b1bec7447\/add.aspx\" target=\"_blank\" rel=\"noreferrer noopener\">formulario <\/a>!<\/strong><\/p>\n    <\/div>","protected":false},"excerpt":{"rendered":"<p>Todos los a\u00f1os, los museos le abren sus puertas en una velada especial para que descubra sus colecciones de una forma totalmente nueva. Acomp\u00e1\u00f1enos el 18 de mayo en una noche excepcional.<\/p>","protected":false},"author":3,"featured_media":53538,"comment_status":"open","ping_status":"open","sticky":false,"template":"","format":"standard","meta":{"_relevanssi_hide_post":"","_relevanssi_hide_content":"","_relevanssi_pin_for_all":"","_relevanssi_pin_keywords":"","_relevanssi_unpin_keywords":"","_relevanssi_related_keywords":"","_relevanssi_related_include_ids":"","_relevanssi_related_exclude_ids":"","_relevanssi_related_no_append":"","_relevanssi_related_not_related":"","_relevanssi_related_posts":"37932,39936,37307,39126,36653,40204","_relevanssi_noindex_reason":""},"categories":[5],"tags":[],"yoast_head":"<!-- This site is optimized with the Yoast SEO plugin v20.2.1 - https:\/\/yoast.com\/wordpress\/plugins\/seo\/ -->\n<title>La Nuit des Mus\u00e9es \u00e0 Creil Sud Oise<\/title>\n<meta name=\"description\" content=\"Explorez Creil Sud Oise autrement le temps d&#039;une nuit ! \u00c0 l&#039;occasion de la Nuit des Mus\u00e9es du 18 mai, des animations vous sont propos\u00e9es en soir\u00e9e !\" \/>\n<meta name=\"robots\" content=\"index, follow, max-snippet:-1, max-image-preview:large, max-video-preview:-1\" \/>\n<link rel=\"canonical\" href=\"https:\/\/www.creilsudoise-tourisme.fr\/es\/2024\/04\/25\/noche-de-los-museos\/\" \/>\n<meta property=\"og:locale\" content=\"es_ES\" \/>\n<meta property=\"og:type\" content=\"article\" \/>\n<meta property=\"og:title\" content=\"La Nuit des Mus\u00e9es \u00e0 Creil Sud Oise\" \/>\n<meta property=\"og:description\" content=\"Explorez Creil Sud Oise autrement le temps d&#039;une nuit ! \u00c0 l&#039;occasion de la Nuit des Mus\u00e9es du 18 mai, des animations vous sont propos\u00e9es en soir\u00e9e !\" \/>\n<meta property=\"og:url\" content=\"https:\/\/www.creilsudoise-tourisme.fr\/es\/2024\/04\/25\/noche-de-los-museos\/\" \/>\n<meta property=\"og:site_name\" content=\"Office de Tourisme Creil Sud Oise\" \/>\n<meta property=\"article:publisher\" content=\"https:\/\/www.facebook.com\/creilsudoisetourisme\/\" \/>\n<meta property=\"article:published_time\" content=\"2024-04-25T08:16:14+00:00\" \/>\n<meta property=\"article:modified_time\" content=\"2024-04-25T08:16:39+00:00\" \/>\n<meta property=\"og:image\" content=\"https:\/\/www.creilsudoise-tourisme.fr\/wp-content\/uploads\/2024\/04\/Nuit_musee-2024.jpg\" \/>\n\t<meta property=\"og:image:width\" content=\"1080\" \/>\n\t<meta property=\"og:image:height\" content=\"1920\" \/>\n\t<meta property=\"og:image:type\" content=\"image\/jpeg\" \/>\n<meta name=\"author\" content=\"fdubut\" \/>\n<meta name=\"twitter:card\" content=\"summary_large_image\" \/>\n<meta name=\"twitter:creator\" content=\"@CreilSudOiseOT\" \/>\n<meta name=\"twitter:site\" content=\"@CreilSudOiseOT\" \/>\n<meta name=\"twitter:label1\" content=\"Escrito por\" \/>\n\t<meta name=\"twitter:data1\" content=\"fdubut\" \/>\n\t<meta name=\"twitter:label2\" content=\"Tiempo de lectura\" \/>\n\t<meta name=\"twitter:data2\" content=\"1 minuto\" \/>\n<script type=\"application\/ld+json\" class=\"yoast-schema-graph\">{\"@context\":\"https:\/\/schema.org\",\"@graph\":[{\"@type\":\"Article\",\"@id\":\"https:\/\/www.creilsudoise-tourisme.fr\/2024\/04\/25\/nuit-des-musees\/#article\",\"isPartOf\":{\"@id\":\"https:\/\/www.creilsudoise-tourisme.fr\/2024\/04\/25\/nuit-des-musees\/\"},\"author\":{\"name\":\"fdubut\",\"@id\":\"https:\/\/www.creilsudoise-tourisme.fr\/#\/schema\/person\/c5140d47645b13bee896bfe05f1bd5da\"},\"headline\":\"La Nuit des Mus\u00e9es\",\"datePublished\":\"2024-04-25T08:16:14+00:00\",\"dateModified\":\"2024-04-25T08:16:39+00:00\",\"mainEntityOfPage\":{\"@id\":\"https:\/\/www.creilsudoise-tourisme.fr\/2024\/04\/25\/nuit-des-musees\/\"},\"wordCount\":36,\"commentCount\":0,\"publisher\":{\"@id\":\"https:\/\/www.creilsudoise-tourisme.fr\/#organization\"},\"articleSection\":[\"Actus\"],\"inLanguage\":\"es\",\"potentialAction\":[{\"@type\":\"CommentAction\",\"name\":\"Comment\",\"target\":[\"https:\/\/www.creilsudoise-tourisme.fr\/2024\/04\/25\/nuit-des-musees\/#respond\"]}]},{\"@type\":\"WebPage\",\"@id\":\"https:\/\/www.creilsudoise-tourisme.fr\/2024\/04\/25\/nuit-des-musees\/\",\"url\":\"https:\/\/www.creilsudoise-tourisme.fr\/2024\/04\/25\/nuit-des-musees\/\",\"name\":\"La Nuit des Mus\u00e9es \u00e0 Creil Sud Oise\",\"isPartOf\":{\"@id\":\"https:\/\/www.creilsudoise-tourisme.fr\/#website\"},\"datePublished\":\"2024-04-25T08:16:14+00:00\",\"dateModified\":\"2024-04-25T08:16:39+00:00\",\"description\":\"Explorez Creil Sud Oise autrement le temps d'une nuit ! \u00c0 l'occasion de la Nuit des Mus\u00e9es du 18 mai, des animations vous sont propos\u00e9es en soir\u00e9e !\",\"breadcrumb\":{\"@id\":\"https:\/\/www.creilsudoise-tourisme.fr\/2024\/04\/25\/nuit-des-musees\/#breadcrumb\"},\"inLanguage\":\"es\",\"potentialAction\":[{\"@type\":\"ReadAction\",\"target\":[\"https:\/\/www.creilsudoise-tourisme.fr\/2024\/04\/25\/nuit-des-musees\/\"]}]},{\"@type\":\"BreadcrumbList\",\"@id\":\"https:\/\/www.creilsudoise-tourisme.fr\/2024\/04\/25\/nuit-des-musees\/#breadcrumb\",\"itemListElement\":[{\"@type\":\"ListItem\",\"position\":1,\"name\":\"Accueil\",\"item\":\"https:\/\/www.creilsudoise-tourisme.fr\/\"},{\"@type\":\"ListItem\",\"position\":2,\"name\":\"La Nuit des Mus\u00e9es\"}]},{\"@type\":\"WebSite\",\"@id\":\"https:\/\/www.creilsudoise-tourisme.fr\/#website\",\"url\":\"https:\/\/www.creilsudoise-tourisme.fr\/\",\"name\":\"Office de Tourisme Creil Sud Oise\",\"description\":\"Creil Sud Oise Tourisme, un territoire \u00e0 explorer !\",\"publisher\":{\"@id\":\"https:\/\/www.creilsudoise-tourisme.fr\/#organization\"},\"potentialAction\":[{\"@type\":\"SearchAction\",\"target\":{\"@type\":\"EntryPoint\",\"urlTemplate\":\"https:\/\/www.creilsudoise-tourisme.fr\/?s={search_term_string}\"},\"query-input\":\"required name=search_term_string\"}],\"inLanguage\":\"es\"},{\"@type\":\"Organization\",\"@id\":\"https:\/\/www.creilsudoise-tourisme.fr\/#organization\",\"name\":\"Creil Sud Oise Tourisme\",\"url\":\"https:\/\/www.creilsudoise-tourisme.fr\/\",\"logo\":{\"@type\":\"ImageObject\",\"inLanguage\":\"es\",\"@id\":\"https:\/\/www.creilsudoise-tourisme.fr\/#\/schema\/logo\/image\/\",\"url\":\"https:\/\/www.creilsudoise-tourisme.fr\/wp-content\/uploads\/2021\/05\/logo-svg.png\",\"contentUrl\":\"https:\/\/www.creilsudoise-tourisme.fr\/wp-content\/uploads\/2021\/05\/logo-svg.png\",\"width\":182,\"height\":71,\"caption\":\"Creil Sud Oise Tourisme\"},\"image\":{\"@id\":\"https:\/\/www.creilsudoise-tourisme.fr\/#\/schema\/logo\/image\/\"},\"sameAs\":[\"https:\/\/www.facebook.com\/creilsudoisetourisme\/\",\"https:\/\/twitter.com\/CreilSudOiseOT\",\"https:\/\/www.instagram.com\/creilsudoisetourisme\/\",\"https:\/\/www.youtube.com\/channel\/UC8L_QD2wwyADW14zt9fY8kw\"]},{\"@type\":\"Person\",\"@id\":\"https:\/\/www.creilsudoise-tourisme.fr\/#\/schema\/person\/c5140d47645b13bee896bfe05f1bd5da\",\"name\":\"fdubut\",\"image\":{\"@type\":\"ImageObject\",\"inLanguage\":\"es\",\"@id\":\"https:\/\/www.creilsudoise-tourisme.fr\/#\/schema\/person\/image\/\",\"url\":\"https:\/\/secure.gravatar.com\/avatar\/c49bb61337bf4556cafdbcb92c18618d?s=96&d=mm&r=g\",\"contentUrl\":\"https:\/\/secure.gravatar.com\/avatar\/c49bb61337bf4556cafdbcb92c18618d?s=96&d=mm&r=g\",\"caption\":\"fdubut\"},\"url\":\"https:\/\/www.creilsudoise-tourisme.fr\/es\/auteur\/fdubut\/\"}]}<\/script>\n<!-- \/ Yoast SEO plugin. -->","yoast_head_json":{"title":"La Nuit des Mus\u00e9es \u00e0 Creil Sud Oise","description":"Explorez Creil Sud Oise autrement le temps d'une nuit ! \u00c0 l'occasion de la Nuit des Mus\u00e9es du 18 mai, des animations vous sont propos\u00e9es en soir\u00e9e !","robots":{"index":"index","follow":"follow","max-snippet":"max-snippet:-1","max-image-preview":"max-image-preview:large","max-video-preview":"max-video-preview:-1"},"canonical":"https:\/\/www.creilsudoise-tourisme.fr\/es\/2024\/04\/25\/noche-de-los-museos\/","og_locale":"es_ES","og_type":"article","og_title":"La Nuit des Mus\u00e9es \u00e0 Creil Sud Oise","og_description":"Explorez Creil Sud Oise autrement le temps d'une nuit ! \u00c0 l'occasion de la Nuit des Mus\u00e9es du 18 mai, des animations vous sont propos\u00e9es en soir\u00e9e !","og_url":"https:\/\/www.creilsudoise-tourisme.fr\/es\/2024\/04\/25\/noche-de-los-museos\/","og_site_name":"Office de Tourisme Creil Sud Oise","article_publisher":"https:\/\/www.facebook.com\/creilsudoisetourisme\/","article_published_time":"2024-04-25T08:16:14+00:00","article_modified_time":"2024-04-25T08:16:39+00:00","og_image":[{"width":1080,"height":1920,"url":"https:\/\/www.creilsudoise-tourisme.fr\/wp-content\/uploads\/2024\/04\/Nuit_musee-2024.jpg","type":"image\/jpeg"}],"author":"fdubut","twitter_card":"summary_large_image","twitter_creator":"@CreilSudOiseOT","twitter_site":"@CreilSudOiseOT","twitter_misc":{"Escrito por":"fdubut","Tiempo de lectura":"1 minuto"},"schema":{"@context":"https:\/\/schema.org","@graph":[{"@type":"Article","@id":"https:\/\/www.creilsudoise-tourisme.fr\/2024\/04\/25\/nuit-des-musees\/#article","isPartOf":{"@id":"https:\/\/www.creilsudoise-tourisme.fr\/2024\/04\/25\/nuit-des-musees\/"},"author":{"name":"fdubut","@id":"https:\/\/www.creilsudoise-tourisme.fr\/#\/schema\/person\/c5140d47645b13bee896bfe05f1bd5da"},"headline":"La Nuit des Mus\u00e9es","datePublished":"2024-04-25T08:16:14+00:00","dateModified":"2024-04-25T08:16:39+00:00","mainEntityOfPage":{"@id":"https:\/\/www.creilsudoise-tourisme.fr\/2024\/04\/25\/nuit-des-musees\/"},"wordCount":36,"commentCount":0,"publisher":{"@id":"https:\/\/www.creilsudoise-tourisme.fr\/#organization"},"articleSection":["Actus"],"inLanguage":"es","potentialAction":[{"@type":"CommentAction","name":"Comment","target":["https:\/\/www.creilsudoise-tourisme.fr\/2024\/04\/25\/nuit-des-musees\/#respond"]}]},{"@type":"WebPage","@id":"https:\/\/www.creilsudoise-tourisme.fr\/2024\/04\/25\/nuit-des-musees\/","url":"https:\/\/www.creilsudoise-tourisme.fr\/2024\/04\/25\/nuit-des-musees\/","name":"La Nuit des Mus\u00e9es \u00e0 Creil Sud Oise","isPartOf":{"@id":"https:\/\/www.creilsudoise-tourisme.fr\/#website"},"datePublished":"2024-04-25T08:16:14+00:00","dateModified":"2024-04-25T08:16:39+00:00","description":"Explorez Creil Sud Oise autrement le temps d'une nuit ! \u00c0 l'occasion de la Nuit des Mus\u00e9es du 18 mai, des animations vous sont propos\u00e9es en soir\u00e9e !","breadcrumb":{"@id":"https:\/\/www.creilsudoise-tourisme.fr\/2024\/04\/25\/nuit-des-musees\/#breadcrumb"},"inLanguage":"es","potentialAction":[{"@type":"ReadAction","target":["https:\/\/www.creilsudoise-tourisme.fr\/2024\/04\/25\/nuit-des-musees\/"]}]},{"@type":"BreadcrumbList","@id":"https:\/\/www.creilsudoise-tourisme.fr\/2024\/04\/25\/nuit-des-musees\/#breadcrumb","itemListElement":[{"@type":"ListItem","position":1,"name":"Accueil","item":"https:\/\/www.creilsudoise-tourisme.fr\/"},{"@type":"ListItem","position":2,"name":"La Nuit des Mus\u00e9es"}]},{"@type":"WebSite","@id":"https:\/\/www.creilsudoise-tourisme.fr\/#website","url":"https:\/\/www.creilsudoise-tourisme.fr\/","name":"Office de Tourisme Creil Sud Oise","description":"Creil Sud Oise Tourisme, un territoire \u00e0 explorer !","publisher":{"@id":"https:\/\/www.creilsudoise-tourisme.fr\/#organization"},"potentialAction":[{"@type":"SearchAction","target":{"@type":"EntryPoint","urlTemplate":"https:\/\/www.creilsudoise-tourisme.fr\/?s={search_term_string}"},"query-input":"required name=search_term_string"}],"inLanguage":"es"},{"@type":"Organization","@id":"https:\/\/www.creilsudoise-tourisme.fr\/#organization","name":"Creil Sud Oise Tourisme","url":"https:\/\/www.creilsudoise-tourisme.fr\/","logo":{"@type":"ImageObject","inLanguage":"es","@id":"https:\/\/www.creilsudoise-tourisme.fr\/#\/schema\/logo\/image\/","url":"https:\/\/www.creilsudoise-tourisme.fr\/wp-content\/uploads\/2021\/05\/logo-svg.png","contentUrl":"https:\/\/www.creilsudoise-tourisme.fr\/wp-content\/uploads\/2021\/05\/logo-svg.png","width":182,"height":71,"caption":"Creil Sud Oise Tourisme"},"image":{"@id":"https:\/\/www.creilsudoise-tourisme.fr\/#\/schema\/logo\/image\/"},"sameAs":["https:\/\/www.facebook.com\/creilsudoisetourisme\/","https:\/\/twitter.com\/CreilSudOiseOT","https:\/\/www.instagram.com\/creilsudoisetourisme\/","https:\/\/www.youtube.com\/channel\/UC8L_QD2wwyADW14zt9fY8kw"]},{"@type":"Person","@id":"https:\/\/www.creilsudoise-tourisme.fr\/#\/schema\/person\/c5140d47645b13bee896bfe05f1bd5da","name":"fdubut","image":{"@type":"ImageObject","inLanguage":"es","@id":"https:\/\/www.creilsudoise-tourisme.fr\/#\/schema\/person\/image\/","url":"https:\/\/secure.gravatar.com\/avatar\/c49bb61337bf4556cafdbcb92c18618d?s=96&d=mm&r=g","contentUrl":"https:\/\/secure.gravatar.com\/avatar\/c49bb61337bf4556cafdbcb92c18618d?s=96&d=mm&r=g","caption":"fdubut"},"url":"https:\/\/www.creilsudoise-tourisme.fr\/es\/auteur\/fdubut\/"}]}},"_links":{"self":[{"href":"https:\/\/www.creilsudoise-tourisme.fr\/es\/wp-json\/wp\/v2\/posts\/40900"}],"collection":[{"href":"https:\/\/www.creilsudoise-tourisme.fr\/es\/wp-json\/wp\/v2\/posts"}],"about":[{"href":"https:\/\/www.creilsudoise-tourisme.fr\/es\/wp-json\/wp\/v2\/types\/post"}],"author":[{"embeddable":true,"href":"https:\/\/www.creilsudoise-tourisme.fr\/es\/wp-json\/wp\/v2\/users\/3"}],"replies":[{"embeddable":true,"href":"https:\/\/www.creilsudoise-tourisme.fr\/es\/wp-json\/wp\/v2\/comments?post=40900"}],"version-history":[{"count":10,"href":"https:\/\/www.creilsudoise-tourisme.fr\/es\/wp-json\/wp\/v2\/posts\/40900\/revisions"}],"predecessor-version":[{"id":53542,"href":"https:\/\/www.creilsudoise-tourisme.fr\/es\/wp-json\/wp\/v2\/posts\/40900\/revisions\/53542"}],"wp:featuredmedia":[{"embeddable":true,"href":"https:\/\/www.creilsudoise-tourisme.fr\/es\/wp-json\/wp\/v2\/media\/53538"}],"wp:attachment":[{"href":"https:\/\/www.creilsudoise-tourisme.fr\/es\/wp-json\/wp\/v2\/media?parent=40900"}],"wp:term":[{"taxonomy":"category","embeddable":true,"href":"https:\/\/www.creilsudoise-tourisme.fr\/es\/wp-json\/wp\/v2\/categories?post=40900"},{"taxonomy":"post_tag","embeddable":true,"href":"https:\/\/www.creilsudoise-tourisme.fr\/es\/wp-json\/wp\/v2\/tags?post=40900"}],"curies":[{"name":"wp","href":"https:\/\/api.w.org\/{rel}","templated":true}]}}