{"id":39126,"date":"2021-12-17T17:01:39","date_gmt":"2021-12-17T16:01:39","guid":{"rendered":"https:\/\/www.creilsudoise-tourisme.fr\/?p=39126"},"modified":"2022-01-25T09:09:02","modified_gmt":"2022-01-25T08:09:02","slug":"ermite","status":"publish","type":"post","link":"https:\/\/www.creilsudoise-tourisme.fr\/es\/2021\/12\/17\/ermitano\/","title":{"rendered":"Cueva de Pierre L'Ermite"},"content":{"rendered":"<p class=\"is-style-excerpt\">\u00bfSabe usted <strong>Pedro el Ermita\u00f1o<\/strong> ? \u00bfSab\u00edas que hizo<strong> un pasaje notado<em> <\/em><\/strong>en el sur del Oise, y m\u00e1s concretamente<strong> en Montataire <\/strong>\u00a1! Descubra su historia a trav\u00e9s de este <strong>an\u00e9cdota<\/strong>.<\/p>\n\n\n\n<h2>Un habitante ilustre<\/h2>\n\n\n\n<p>Si Cricri es conocido por todos, el territorio de la Agglom\u00e9ration Creil Sud Oise cuenta al menos con otro ilustre cavern\u00edcola. Se trata de <strong>Pedro el Ermita\u00f1o<\/strong>que ha dejado su huella en el paisaje de la ciudad de Montataire.<\/p>\n\n\n\n<p>Detr\u00e1s del Ch\u00e2teau de Montataire, encontrar\u00e1 el <strong>cueva de Pierre l'Ermite, una casa troglodita<\/strong> situado en la prolongaci\u00f3n de la Rue du Jeu d'Arc. <\/p>\n\n\n\n<p>Seg\u00fan la leyenda y la traducci\u00f3n de la inscripci\u00f3n grabada en lat\u00edn en la fachada,<strong> habr\u00eda estado habitada antes de la primera cruzada, hacia 1090, por Pedro el Ermita\u00f1o.<\/strong><\/p>\n\n\n\n<h2>Una figura religiosa ilustre<\/h2>\n\n\n\n<p><strong>Pierre l'Ermite fue un religioso franc\u00e9s de 11<sup>\u00e8me<\/sup> siglo<\/strong>que era conocido por sus dotes oratorias y tribales y que predicaba la <strong>cruzada <\/strong>tras la llamada de Urbano II en el Concilio de Clermont y que luego dirigi\u00f3 una de las principales cruzadas populares de 1096.<\/p>\n\n\n\n<hr class=\"wp-block-separator\"\/>","protected":false},"excerpt":{"rendered":"<p>\u00bfConoce a Pierre L'Ermite? \u00bfSab\u00eda que realiz\u00f3 una notable visita al sur de la regi\u00f3n de Oise, y m\u00e1s concretamente a Montataire? Descubra su historia a trav\u00e9s de esta an\u00e9cdota. Un habitante ilustre Aunque Cricri es un nombre muy conocido aqu\u00ed, la aglomeraci\u00f3n de Creil Sud Oise cuenta al menos con otro habitante ilustre de las cuevas. [...]<\/p>","protected":false},"author":3,"featured_media":39127,"comment_status":"closed","ping_status":"open","sticky":false,"template":"","format":"standard","meta":{"_relevanssi_hide_post":"","_relevanssi_hide_content":"","_relevanssi_pin_for_all":"","_relevanssi_pin_keywords":"","_relevanssi_unpin_keywords":"","_relevanssi_related_keywords":"","_relevanssi_related_include_ids":"","_relevanssi_related_exclude_ids":"","_relevanssi_related_no_append":"","_relevanssi_related_not_related":"","_relevanssi_related_posts":"36660,36681,267,38910,37325,32820","_relevanssi_noindex_reason":""},"categories":[3],"tags":[],"yoast_head":"<!-- This site is optimized with the Yoast SEO plugin v20.2.1 - https:\/\/yoast.com\/wordpress\/plugins\/seo\/ -->\n<title>Pierre L&#039;Ermite, l&#039;illustre religieux qui v\u00e9cut \u00e0 Montataire<\/title>\n<meta name=\"description\" content=\"D\u00e9couvrez l&#039;anecdote de la maison troglodyte qui a accueilli Pierre l&#039;Ermite, un illustre religieux qui v\u00e9cut au 11\u00e8me si\u00e8cle.\" \/>\n<meta name=\"robots\" content=\"index, follow, max-snippet:-1, max-image-preview:large, max-video-preview:-1\" \/>\n<link rel=\"canonical\" href=\"https:\/\/www.creilsudoise-tourisme.fr\/es\/2021\/12\/17\/ermite\/\" \/>\n<meta property=\"og:locale\" content=\"es_ES\" \/>\n<meta property=\"og:type\" content=\"article\" \/>\n<meta property=\"og:title\" content=\"Pierre L&#039;Ermite, l&#039;illustre religieux qui v\u00e9cut \u00e0 Montataire\" \/>\n<meta property=\"og:description\" content=\"D\u00e9couvrez l&#039;anecdote de la maison troglodyte qui a accueilli Pierre l&#039;Ermite, un illustre religieux qui v\u00e9cut au 11\u00e8me si\u00e8cle.\" \/>\n<meta property=\"og:url\" content=\"https:\/\/www.creilsudoise-tourisme.fr\/es\/2021\/12\/17\/ermite\/\" \/>\n<meta property=\"og:site_name\" content=\"Office de Tourisme Creil Sud Oise\" \/>\n<meta property=\"article:publisher\" content=\"https:\/\/www.facebook.com\/creilsudoisetourisme\/\" \/>\n<meta property=\"article:published_time\" content=\"2021-12-17T16:01:39+00:00\" \/>\n<meta property=\"article:modified_time\" content=\"2022-01-25T08:09:02+00:00\" \/>\n<meta property=\"og:image\" content=\"https:\/\/www.creilsudoise-tourisme.fr\/wp-content\/uploads\/2021\/12\/93009652_2664967427068866_2075679654601031680_n.jpg\" \/>\n\t<meta property=\"og:image:width\" content=\"1480\" \/>\n\t<meta property=\"og:image:height\" content=\"833\" \/>\n\t<meta property=\"og:image:type\" content=\"image\/jpeg\" \/>\n<meta name=\"author\" content=\"fdubut\" \/>\n<meta name=\"twitter:card\" content=\"summary_large_image\" \/>\n<meta name=\"twitter:creator\" content=\"@CreilSudOiseOT\" \/>\n<meta name=\"twitter:site\" content=\"@CreilSudOiseOT\" \/>\n<meta name=\"twitter:label1\" content=\"Escrito por\" \/>\n\t<meta name=\"twitter:data1\" content=\"fdubut\" \/>\n\t<meta name=\"twitter:label2\" content=\"Tiempo de lectura\" \/>\n\t<meta name=\"twitter:data2\" content=\"1 minuto\" \/>\n<script type=\"application\/ld+json\" class=\"yoast-schema-graph\">{\"@context\":\"https:\/\/schema.org\",\"@graph\":[{\"@type\":\"Article\",\"@id\":\"https:\/\/www.creilsudoise-tourisme.fr\/en\/2021\/12\/17\/ermite\/#article\",\"isPartOf\":{\"@id\":\"https:\/\/www.creilsudoise-tourisme.fr\/en\/2021\/12\/17\/ermite\/\"},\"author\":{\"name\":\"fdubut\",\"@id\":\"https:\/\/www.creilsudoise-tourisme.fr\/#\/schema\/person\/c5140d47645b13bee896bfe05f1bd5da\"},\"headline\":\"La grotte de Pierre L&rsquo;Ermite\",\"datePublished\":\"2021-12-17T16:01:39+00:00\",\"dateModified\":\"2022-01-25T08:09:02+00:00\",\"mainEntityOfPage\":{\"@id\":\"https:\/\/www.creilsudoise-tourisme.fr\/en\/2021\/12\/17\/ermite\/\"},\"wordCount\":193,\"publisher\":{\"@id\":\"https:\/\/www.creilsudoise-tourisme.fr\/#organization\"},\"articleSection\":[\"Anecdotes\"],\"inLanguage\":\"es\"},{\"@type\":\"WebPage\",\"@id\":\"https:\/\/www.creilsudoise-tourisme.fr\/en\/2021\/12\/17\/ermite\/\",\"url\":\"https:\/\/www.creilsudoise-tourisme.fr\/en\/2021\/12\/17\/ermite\/\",\"name\":\"Pierre L'Ermite, l'illustre religieux qui v\u00e9cut \u00e0 Montataire\",\"isPartOf\":{\"@id\":\"https:\/\/www.creilsudoise-tourisme.fr\/#website\"},\"datePublished\":\"2021-12-17T16:01:39+00:00\",\"dateModified\":\"2022-01-25T08:09:02+00:00\",\"description\":\"D\u00e9couvrez l'anecdote de la maison troglodyte qui a accueilli Pierre l'Ermite, un illustre religieux qui v\u00e9cut au 11\u00e8me si\u00e8cle.\",\"breadcrumb\":{\"@id\":\"https:\/\/www.creilsudoise-tourisme.fr\/en\/2021\/12\/17\/ermite\/#breadcrumb\"},\"inLanguage\":\"es\",\"potentialAction\":[{\"@type\":\"ReadAction\",\"target\":[\"https:\/\/www.creilsudoise-tourisme.fr\/en\/2021\/12\/17\/ermite\/\"]}]},{\"@type\":\"BreadcrumbList\",\"@id\":\"https:\/\/www.creilsudoise-tourisme.fr\/en\/2021\/12\/17\/ermite\/#breadcrumb\",\"itemListElement\":[{\"@type\":\"ListItem\",\"position\":1,\"name\":\"Accueil\",\"item\":\"https:\/\/www.creilsudoise-tourisme.fr\/\"},{\"@type\":\"ListItem\",\"position\":2,\"name\":\"La grotte de Pierre L&rsquo;Ermite\"}]},{\"@type\":\"WebSite\",\"@id\":\"https:\/\/www.creilsudoise-tourisme.fr\/#website\",\"url\":\"https:\/\/www.creilsudoise-tourisme.fr\/\",\"name\":\"Office de Tourisme Creil Sud Oise\",\"description\":\"Creil Sud Oise Tourisme, un territoire \u00e0 explorer !\",\"publisher\":{\"@id\":\"https:\/\/www.creilsudoise-tourisme.fr\/#organization\"},\"potentialAction\":[{\"@type\":\"SearchAction\",\"target\":{\"@type\":\"EntryPoint\",\"urlTemplate\":\"https:\/\/www.creilsudoise-tourisme.fr\/?s={search_term_string}\"},\"query-input\":\"required name=search_term_string\"}],\"inLanguage\":\"es\"},{\"@type\":\"Organization\",\"@id\":\"https:\/\/www.creilsudoise-tourisme.fr\/#organization\",\"name\":\"Creil Sud Oise Tourisme\",\"url\":\"https:\/\/www.creilsudoise-tourisme.fr\/\",\"logo\":{\"@type\":\"ImageObject\",\"inLanguage\":\"es\",\"@id\":\"https:\/\/www.creilsudoise-tourisme.fr\/#\/schema\/logo\/image\/\",\"url\":\"https:\/\/www.creilsudoise-tourisme.fr\/wp-content\/uploads\/2021\/05\/logo-svg.png\",\"contentUrl\":\"https:\/\/www.creilsudoise-tourisme.fr\/wp-content\/uploads\/2021\/05\/logo-svg.png\",\"width\":182,\"height\":71,\"caption\":\"Creil Sud Oise Tourisme\"},\"image\":{\"@id\":\"https:\/\/www.creilsudoise-tourisme.fr\/#\/schema\/logo\/image\/\"},\"sameAs\":[\"https:\/\/www.facebook.com\/creilsudoisetourisme\/\",\"https:\/\/twitter.com\/CreilSudOiseOT\",\"https:\/\/www.instagram.com\/creilsudoisetourisme\/\",\"https:\/\/www.youtube.com\/channel\/UC8L_QD2wwyADW14zt9fY8kw\"]},{\"@type\":\"Person\",\"@id\":\"https:\/\/www.creilsudoise-tourisme.fr\/#\/schema\/person\/c5140d47645b13bee896bfe05f1bd5da\",\"name\":\"fdubut\",\"image\":{\"@type\":\"ImageObject\",\"inLanguage\":\"es\",\"@id\":\"https:\/\/www.creilsudoise-tourisme.fr\/#\/schema\/person\/image\/\",\"url\":\"https:\/\/secure.gravatar.com\/avatar\/c49bb61337bf4556cafdbcb92c18618d?s=96&d=mm&r=g\",\"contentUrl\":\"https:\/\/secure.gravatar.com\/avatar\/c49bb61337bf4556cafdbcb92c18618d?s=96&d=mm&r=g\",\"caption\":\"fdubut\"},\"url\":\"https:\/\/www.creilsudoise-tourisme.fr\/es\/auteur\/fdubut\/\"}]}<\/script>\n<!-- \/ Yoast SEO plugin. -->","yoast_head_json":{"title":"Pierre L'Ermite, l'illustre religieux qui v\u00e9cut \u00e0 Montataire","description":"D\u00e9couvrez l'anecdote de la maison troglodyte qui a accueilli Pierre l'Ermite, un illustre religieux qui v\u00e9cut au 11\u00e8me si\u00e8cle.","robots":{"index":"index","follow":"follow","max-snippet":"max-snippet:-1","max-image-preview":"max-image-preview:large","max-video-preview":"max-video-preview:-1"},"canonical":"https:\/\/www.creilsudoise-tourisme.fr\/es\/2021\/12\/17\/ermite\/","og_locale":"es_ES","og_type":"article","og_title":"Pierre L'Ermite, l'illustre religieux qui v\u00e9cut \u00e0 Montataire","og_description":"D\u00e9couvrez l'anecdote de la maison troglodyte qui a accueilli Pierre l'Ermite, un illustre religieux qui v\u00e9cut au 11\u00e8me si\u00e8cle.","og_url":"https:\/\/www.creilsudoise-tourisme.fr\/es\/2021\/12\/17\/ermite\/","og_site_name":"Office de Tourisme Creil Sud Oise","article_publisher":"https:\/\/www.facebook.com\/creilsudoisetourisme\/","article_published_time":"2021-12-17T16:01:39+00:00","article_modified_time":"2022-01-25T08:09:02+00:00","og_image":[{"width":1480,"height":833,"url":"https:\/\/www.creilsudoise-tourisme.fr\/wp-content\/uploads\/2021\/12\/93009652_2664967427068866_2075679654601031680_n.jpg","type":"image\/jpeg"}],"author":"fdubut","twitter_card":"summary_large_image","twitter_creator":"@CreilSudOiseOT","twitter_site":"@CreilSudOiseOT","twitter_misc":{"Escrito por":"fdubut","Tiempo de lectura":"1 minuto"},"schema":{"@context":"https:\/\/schema.org","@graph":[{"@type":"Article","@id":"https:\/\/www.creilsudoise-tourisme.fr\/en\/2021\/12\/17\/ermite\/#article","isPartOf":{"@id":"https:\/\/www.creilsudoise-tourisme.fr\/en\/2021\/12\/17\/ermite\/"},"author":{"name":"fdubut","@id":"https:\/\/www.creilsudoise-tourisme.fr\/#\/schema\/person\/c5140d47645b13bee896bfe05f1bd5da"},"headline":"La grotte de Pierre L&rsquo;Ermite","datePublished":"2021-12-17T16:01:39+00:00","dateModified":"2022-01-25T08:09:02+00:00","mainEntityOfPage":{"@id":"https:\/\/www.creilsudoise-tourisme.fr\/en\/2021\/12\/17\/ermite\/"},"wordCount":193,"publisher":{"@id":"https:\/\/www.creilsudoise-tourisme.fr\/#organization"},"articleSection":["Anecdotes"],"inLanguage":"es"},{"@type":"WebPage","@id":"https:\/\/www.creilsudoise-tourisme.fr\/en\/2021\/12\/17\/ermite\/","url":"https:\/\/www.creilsudoise-tourisme.fr\/en\/2021\/12\/17\/ermite\/","name":"Pierre L'Ermite, l'illustre religieux qui v\u00e9cut \u00e0 Montataire","isPartOf":{"@id":"https:\/\/www.creilsudoise-tourisme.fr\/#website"},"datePublished":"2021-12-17T16:01:39+00:00","dateModified":"2022-01-25T08:09:02+00:00","description":"D\u00e9couvrez l'anecdote de la maison troglodyte qui a accueilli Pierre l'Ermite, un illustre religieux qui v\u00e9cut au 11\u00e8me si\u00e8cle.","breadcrumb":{"@id":"https:\/\/www.creilsudoise-tourisme.fr\/en\/2021\/12\/17\/ermite\/#breadcrumb"},"inLanguage":"es","potentialAction":[{"@type":"ReadAction","target":["https:\/\/www.creilsudoise-tourisme.fr\/en\/2021\/12\/17\/ermite\/"]}]},{"@type":"BreadcrumbList","@id":"https:\/\/www.creilsudoise-tourisme.fr\/en\/2021\/12\/17\/ermite\/#breadcrumb","itemListElement":[{"@type":"ListItem","position":1,"name":"Accueil","item":"https:\/\/www.creilsudoise-tourisme.fr\/"},{"@type":"ListItem","position":2,"name":"La grotte de Pierre L&rsquo;Ermite"}]},{"@type":"WebSite","@id":"https:\/\/www.creilsudoise-tourisme.fr\/#website","url":"https:\/\/www.creilsudoise-tourisme.fr\/","name":"Office de Tourisme Creil Sud Oise","description":"Creil Sud Oise Tourisme, un territoire \u00e0 explorer !","publisher":{"@id":"https:\/\/www.creilsudoise-tourisme.fr\/#organization"},"potentialAction":[{"@type":"SearchAction","target":{"@type":"EntryPoint","urlTemplate":"https:\/\/www.creilsudoise-tourisme.fr\/?s={search_term_string}"},"query-input":"required name=search_term_string"}],"inLanguage":"es"},{"@type":"Organization","@id":"https:\/\/www.creilsudoise-tourisme.fr\/#organization","name":"Creil Sud Oise Tourisme","url":"https:\/\/www.creilsudoise-tourisme.fr\/","logo":{"@type":"ImageObject","inLanguage":"es","@id":"https:\/\/www.creilsudoise-tourisme.fr\/#\/schema\/logo\/image\/","url":"https:\/\/www.creilsudoise-tourisme.fr\/wp-content\/uploads\/2021\/05\/logo-svg.png","contentUrl":"https:\/\/www.creilsudoise-tourisme.fr\/wp-content\/uploads\/2021\/05\/logo-svg.png","width":182,"height":71,"caption":"Creil Sud Oise Tourisme"},"image":{"@id":"https:\/\/www.creilsudoise-tourisme.fr\/#\/schema\/logo\/image\/"},"sameAs":["https:\/\/www.facebook.com\/creilsudoisetourisme\/","https:\/\/twitter.com\/CreilSudOiseOT","https:\/\/www.instagram.com\/creilsudoisetourisme\/","https:\/\/www.youtube.com\/channel\/UC8L_QD2wwyADW14zt9fY8kw"]},{"@type":"Person","@id":"https:\/\/www.creilsudoise-tourisme.fr\/#\/schema\/person\/c5140d47645b13bee896bfe05f1bd5da","name":"fdubut","image":{"@type":"ImageObject","inLanguage":"es","@id":"https:\/\/www.creilsudoise-tourisme.fr\/#\/schema\/person\/image\/","url":"https:\/\/secure.gravatar.com\/avatar\/c49bb61337bf4556cafdbcb92c18618d?s=96&d=mm&r=g","contentUrl":"https:\/\/secure.gravatar.com\/avatar\/c49bb61337bf4556cafdbcb92c18618d?s=96&d=mm&r=g","caption":"fdubut"},"url":"https:\/\/www.creilsudoise-tourisme.fr\/es\/auteur\/fdubut\/"}]}},"_links":{"self":[{"href":"https:\/\/www.creilsudoise-tourisme.fr\/es\/wp-json\/wp\/v2\/posts\/39126"}],"collection":[{"href":"https:\/\/www.creilsudoise-tourisme.fr\/es\/wp-json\/wp\/v2\/posts"}],"about":[{"href":"https:\/\/www.creilsudoise-tourisme.fr\/es\/wp-json\/wp\/v2\/types\/post"}],"author":[{"embeddable":true,"href":"https:\/\/www.creilsudoise-tourisme.fr\/es\/wp-json\/wp\/v2\/users\/3"}],"replies":[{"embeddable":true,"href":"https:\/\/www.creilsudoise-tourisme.fr\/es\/wp-json\/wp\/v2\/comments?post=39126"}],"version-history":[{"count":3,"href":"https:\/\/www.creilsudoise-tourisme.fr\/es\/wp-json\/wp\/v2\/posts\/39126\/revisions"}],"predecessor-version":[{"id":39130,"href":"https:\/\/www.creilsudoise-tourisme.fr\/es\/wp-json\/wp\/v2\/posts\/39126\/revisions\/39130"}],"wp:featuredmedia":[{"embeddable":true,"href":"https:\/\/www.creilsudoise-tourisme.fr\/es\/wp-json\/wp\/v2\/media\/39127"}],"wp:attachment":[{"href":"https:\/\/www.creilsudoise-tourisme.fr\/es\/wp-json\/wp\/v2\/media?parent=39126"}],"wp:term":[{"taxonomy":"category","embeddable":true,"href":"https:\/\/www.creilsudoise-tourisme.fr\/es\/wp-json\/wp\/v2\/categories?post=39126"},{"taxonomy":"post_tag","embeddable":true,"href":"https:\/\/www.creilsudoise-tourisme.fr\/es\/wp-json\/wp\/v2\/tags?post=39126"}],"curies":[{"name":"wp","href":"https:\/\/api.w.org\/{rel}","templated":true}]}}