{"id":38928,"date":"2021-11-30T11:30:40","date_gmt":"2021-11-30T10:30:40","guid":{"rendered":"https:\/\/www.creilsudoise-tourisme.fr\/?p=38928"},"modified":"2022-01-25T09:09:12","modified_gmt":"2022-01-25T08:09:12","slug":"etymologie-2","status":"publish","type":"post","link":"https:\/\/www.creilsudoise-tourisme.fr\/es\/2021\/11\/30\/etimologia-2\/","title":{"rendered":"Etimolog\u00eda: Creil, Nogent-sur-Oise"},"content":{"rendered":"<p class=\"is-style-excerpt\">\u00bfTe has preguntado alguna vez\u00a0<strong>de d\u00f3nde viene el nombre de su municipio<\/strong>\u00a0? Vamos a intentar responder a esa pregunta con algunas pistas. En esta an\u00e9cdota, descubrimos\u00a0<strong>Creil\u00a0<\/strong>y\u00a0<strong>Nogent-sur-Oise<\/strong> !<\/p>\n\n\n\n<h2>Creil<\/h2>\n\n\n\n<p>El nombre de la ciudad de <strong>aparece por primera vez en un texto en 656<\/strong> bajo el nombre <strong>Criolo, Crioilum hacia 672 <\/strong>y luego en la forma <strong>Credilio en 851<\/strong>.<\/p>\n\n\n\n<p>La aparici\u00f3n del\u00a0<strong>eil\u00a0<\/strong>\"Esto puede explicarse probablemente por la transformaci\u00f3n a lo largo de los a\u00f1os de su final. <strong>En galo, \"iolo\" significa \"zona despejada, claro\". <\/strong>antes de asumir el significado de <strong>pueblo<\/strong> \". Generalmente, da el <strong>\"euil\" o \"ueil\" en el norte de Francia<\/strong>pero excepcionalmente encontramos <strong>\"eil<\/strong> (v\u00e9ase tambi\u00e9n Corbo-ialum, que se convirti\u00f3 en Corbeil).<\/p>\n\n\n\n<p>Identificaci\u00f3n de los <strong>ra\u00edz \"cri\" podr\u00eda significar \"coraz\u00f3n<\/strong>arraigado en<strong> viejo irland\u00e9s llora 'coraz\u00f3n<\/strong> y el<strong> breton kreiz \"centro, medio\".<\/strong>. Podemos entonces <strong>imaginar que Creil fue un pueblo de cierta importancia muy pronto<\/strong>El pueblo en el centro, en el coraz\u00f3n\".<\/p>\n\n\n\n<p><strong>Otras v\u00edas <\/strong>sin embargo nos llevan a otra inspiraci\u00f3n que nos remite a la<strong>El ADN de la regi\u00f3n<\/strong> nuestra<strong> canteras de piedra<\/strong>La principal actividad econ\u00f3mica de la ciudad durante muchos siglos. Creil se convertir\u00eda entonces en<strong> su origen en la palabra latina \"creta\", que significa \"tiza\". <\/strong><\/p>\n\n\n\n<p>Sin embargo, no parece haber consenso al respecto, por lo que el nombre del municipio sigue siendo un misterio.<\/p>\n\n\n\n<figure class=\"wp-block-image size-large\"><img decoding=\"async\" loading=\"lazy\" width=\"1200\" height=\"762\" data-src=\"https:\/\/www.creilsudoise-tourisme.fr\/wp-content\/uploads\/2021\/11\/Creil-Le-marche-1200x762.jpg\" alt=\"Mercado de Creil\" class=\"wp-image-38931\" data-srcset=\"https:\/\/www.creilsudoise-tourisme.fr\/wp-content\/uploads\/2021\/11\/Creil-Le-marche-1200x762.jpg 1200w, https:\/\/www.creilsudoise-tourisme.fr\/wp-content\/uploads\/2021\/11\/Creil-Le-marche-600x381.jpg 600w, https:\/\/www.creilsudoise-tourisme.fr\/wp-content\/uploads\/2021\/11\/Creil-Le-marche-900x572.jpg 900w, https:\/\/www.creilsudoise-tourisme.fr\/wp-content\/uploads\/2021\/11\/Creil-Le-marche-1536x975.jpg 1536w, https:\/\/www.creilsudoise-tourisme.fr\/wp-content\/uploads\/2021\/11\/Creil-Le-marche-200x127.jpg 200w, https:\/\/www.creilsudoise-tourisme.fr\/wp-content\/uploads\/2021\/11\/Creil-Le-marche-650x413.jpg 650w, https:\/\/www.creilsudoise-tourisme.fr\/wp-content\/uploads\/2021\/11\/Creil-Le-marche-387x246.jpg 387w, https:\/\/www.creilsudoise-tourisme.fr\/wp-content\/uploads\/2021\/11\/Creil-Le-marche.jpg 1836w\" sizes=\"(max-width: 1200px) 100vw, 1200px\" \/><\/figure>\n\n\n\n<h2>Nogent-sur-Oise<\/h2>\n\n\n\n<p>Es dif\u00edcil imaginar que detr\u00e1s de este nombre se esconde la historia de una leyenda muy especial. Y con raz\u00f3n, ya que <strong>Nogent-sur-Oise era conocido anteriormente como Nogent-les-vierges.<\/strong><\/p>\n\n\n\n<p>El nombre <strong>Nogent procede de Novientum, que significa \"nuevo dominio\".<\/strong> en lengua gala, pero el secreto se oculta tras los t\u00e9rminos <strong>\"las v\u00edrgenes\", en referencia a la leyenda de Sainte-Maure y Sainte-Brigide<\/strong>hijas de Ella, rey de Escocia en el siglo V.<sup>\u00e8me<\/sup> Realizar\u00edan numerosos milagros (devolver la vista y la vida) durante un largo viaje que terminar\u00eda en Balagny-sur-Th\u00e9rain, donde morir\u00edan.<\/p>\n\n\n\n<p>Pero es a las 7<sup>\u00e8me<\/sup> siglo que se forj\u00f3 realmente la leyenda de la comuna, cuando<strong> La reina Beatriz, esposa de Clodoveo II, se comprometi\u00f3 a repatriar los restos de Sainte-Maure y Sainte-Brigide a su abad\u00eda.<\/strong>. Transportado por bueyes,<strong> los animales cambiaron de rumbo y se posaron al pie de la iglesia de Nogent.<\/strong> En ese mismo momento, las campanas comenzaron a sonar. La Reina vio esto como una se\u00f1al divina y decidi\u00f3 <strong>para enterrar los restos de Maure y Brigide en el cementerio de la iglesia.<\/strong><\/p>\n\n\n\n<figure class=\"wp-block-image size-large\"><img decoding=\"async\" loading=\"lazy\" width=\"916\" height=\"606\" data-src=\"https:\/\/www.creilsudoise-tourisme.fr\/wp-content\/uploads\/2021\/11\/Nogent-sur-Oise.jpg\" alt=\"Nogent-sur-Oise\" class=\"wp-image-38933\" data-srcset=\"https:\/\/www.creilsudoise-tourisme.fr\/wp-content\/uploads\/2021\/11\/Nogent-sur-Oise.jpg 916w, https:\/\/www.creilsudoise-tourisme.fr\/wp-content\/uploads\/2021\/11\/Nogent-sur-Oise-600x397.jpg 600w, https:\/\/www.creilsudoise-tourisme.fr\/wp-content\/uploads\/2021\/11\/Nogent-sur-Oise-900x595.jpg 900w, https:\/\/www.creilsudoise-tourisme.fr\/wp-content\/uploads\/2021\/11\/Nogent-sur-Oise-200x132.jpg 200w, https:\/\/www.creilsudoise-tourisme.fr\/wp-content\/uploads\/2021\/11\/Nogent-sur-Oise-650x430.jpg 650w, https:\/\/www.creilsudoise-tourisme.fr\/wp-content\/uploads\/2021\/11\/Nogent-sur-Oise-387x256.jpg 387w\" sizes=\"(max-width: 916px) 100vw, 916px\" \/><\/figure>\n\n\n\n<hr class=\"wp-block-separator\"\/>","protected":false},"excerpt":{"rendered":"<p>\u00bfTe has preguntado alguna vez de d\u00f3nde viene el nombre de tu comuna? Pues vamos a intentar responder a esa pregunta con algunas pistas. En esta an\u00e9cdota, hablaremos de Creil y Nogent-sur-Oise. Creil El nombre de la ciudad de Creil aparece por primera vez en un texto en 656 bajo el nombre de Criolo, Crioilum hacia 672 y m\u00e1s tarde [...].<\/p>","protected":false},"author":3,"featured_media":38931,"comment_status":"closed","ping_status":"open","sticky":false,"template":"","format":"standard","meta":{"_relevanssi_hide_post":"","_relevanssi_hide_content":"","_relevanssi_pin_for_all":"","_relevanssi_pin_keywords":"","_relevanssi_unpin_keywords":"","_relevanssi_related_keywords":"","_relevanssi_related_include_ids":"","_relevanssi_related_exclude_ids":"","_relevanssi_related_no_append":"","_relevanssi_related_not_related":"","_relevanssi_related_posts":"36660,38921,37307,36690,37046,38910","_relevanssi_noindex_reason":""},"categories":[3],"tags":[],"yoast_head":"<!-- This site is optimized with the Yoast SEO plugin v20.2.1 - https:\/\/yoast.com\/wordpress\/plugins\/seo\/ -->\n<title>Anecdote : l&#039;\u00e9tymologie de Creil et de Nogent-sur-Oise<\/title>\n<meta name=\"description\" content=\"D\u00e9couvrez l&#039;origine des noms des villes de Creil et de Nogent-sur-Oise \u00e0 travers une anecdote concoct\u00e9e par l&#039;Office de Tourisme !\" \/>\n<meta name=\"robots\" content=\"index, follow, max-snippet:-1, max-image-preview:large, max-video-preview:-1\" \/>\n<link rel=\"canonical\" href=\"https:\/\/www.creilsudoise-tourisme.fr\/es\/2021\/11\/30\/etymologie-2\/\" \/>\n<meta property=\"og:locale\" content=\"es_ES\" \/>\n<meta property=\"og:type\" content=\"article\" \/>\n<meta property=\"og:title\" content=\"Anecdote : l&#039;\u00e9tymologie de Creil et de Nogent-sur-Oise\" \/>\n<meta property=\"og:description\" content=\"D\u00e9couvrez l&#039;origine des noms des villes de Creil et de Nogent-sur-Oise \u00e0 travers une anecdote concoct\u00e9e par l&#039;Office de Tourisme !\" \/>\n<meta property=\"og:url\" content=\"https:\/\/www.creilsudoise-tourisme.fr\/es\/2021\/11\/30\/etymologie-2\/\" \/>\n<meta property=\"og:site_name\" content=\"Office de Tourisme Creil Sud Oise\" \/>\n<meta property=\"article:publisher\" content=\"https:\/\/www.facebook.com\/creilsudoisetourisme\/\" \/>\n<meta property=\"article:published_time\" content=\"2021-11-30T10:30:40+00:00\" \/>\n<meta property=\"article:modified_time\" content=\"2022-01-25T08:09:12+00:00\" \/>\n<meta property=\"og:image\" content=\"https:\/\/www.creilsudoise-tourisme.fr\/wp-content\/uploads\/2021\/11\/Creil-Le-marche.jpg\" \/>\n\t<meta property=\"og:image:width\" content=\"1836\" \/>\n\t<meta property=\"og:image:height\" content=\"1166\" \/>\n\t<meta property=\"og:image:type\" content=\"image\/jpeg\" \/>\n<meta name=\"author\" content=\"fdubut\" \/>\n<meta name=\"twitter:card\" content=\"summary_large_image\" \/>\n<meta name=\"twitter:creator\" content=\"@CreilSudOiseOT\" \/>\n<meta name=\"twitter:site\" content=\"@CreilSudOiseOT\" \/>\n<meta name=\"twitter:label1\" content=\"Escrito por\" \/>\n\t<meta name=\"twitter:data1\" content=\"fdubut\" \/>\n\t<meta name=\"twitter:label2\" content=\"Tiempo de lectura\" \/>\n\t<meta name=\"twitter:data2\" content=\"3 minutos\" \/>\n<script type=\"application\/ld+json\" class=\"yoast-schema-graph\">{\"@context\":\"https:\/\/schema.org\",\"@graph\":[{\"@type\":\"Article\",\"@id\":\"https:\/\/www.creilsudoise-tourisme.fr\/en\/2021\/11\/30\/etymologie-2\/#article\",\"isPartOf\":{\"@id\":\"https:\/\/www.creilsudoise-tourisme.fr\/en\/2021\/11\/30\/etymologie-2\/\"},\"author\":{\"name\":\"fdubut\",\"@id\":\"https:\/\/www.creilsudoise-tourisme.fr\/#\/schema\/person\/c5140d47645b13bee896bfe05f1bd5da\"},\"headline\":\"\u00c9tymologie : Creil, Nogent-sur-Oise\",\"datePublished\":\"2021-11-30T10:30:40+00:00\",\"dateModified\":\"2022-01-25T08:09:12+00:00\",\"mainEntityOfPage\":{\"@id\":\"https:\/\/www.creilsudoise-tourisme.fr\/en\/2021\/11\/30\/etymologie-2\/\"},\"wordCount\":466,\"publisher\":{\"@id\":\"https:\/\/www.creilsudoise-tourisme.fr\/#organization\"},\"articleSection\":[\"Anecdotes\"],\"inLanguage\":\"es\"},{\"@type\":\"WebPage\",\"@id\":\"https:\/\/www.creilsudoise-tourisme.fr\/en\/2021\/11\/30\/etymologie-2\/\",\"url\":\"https:\/\/www.creilsudoise-tourisme.fr\/en\/2021\/11\/30\/etymologie-2\/\",\"name\":\"Anecdote : l'\u00e9tymologie de Creil et de Nogent-sur-Oise\",\"isPartOf\":{\"@id\":\"https:\/\/www.creilsudoise-tourisme.fr\/#website\"},\"datePublished\":\"2021-11-30T10:30:40+00:00\",\"dateModified\":\"2022-01-25T08:09:12+00:00\",\"description\":\"D\u00e9couvrez l'origine des noms des villes de Creil et de Nogent-sur-Oise \u00e0 travers une anecdote concoct\u00e9e par l'Office de Tourisme !\",\"breadcrumb\":{\"@id\":\"https:\/\/www.creilsudoise-tourisme.fr\/en\/2021\/11\/30\/etymologie-2\/#breadcrumb\"},\"inLanguage\":\"es\",\"potentialAction\":[{\"@type\":\"ReadAction\",\"target\":[\"https:\/\/www.creilsudoise-tourisme.fr\/en\/2021\/11\/30\/etymologie-2\/\"]}]},{\"@type\":\"BreadcrumbList\",\"@id\":\"https:\/\/www.creilsudoise-tourisme.fr\/en\/2021\/11\/30\/etymologie-2\/#breadcrumb\",\"itemListElement\":[{\"@type\":\"ListItem\",\"position\":1,\"name\":\"Accueil\",\"item\":\"https:\/\/www.creilsudoise-tourisme.fr\/\"},{\"@type\":\"ListItem\",\"position\":2,\"name\":\"\u00c9tymologie : Creil, Nogent-sur-Oise\"}]},{\"@type\":\"WebSite\",\"@id\":\"https:\/\/www.creilsudoise-tourisme.fr\/#website\",\"url\":\"https:\/\/www.creilsudoise-tourisme.fr\/\",\"name\":\"Office de Tourisme Creil Sud Oise\",\"description\":\"Creil Sud Oise Tourisme, un territoire \u00e0 explorer !\",\"publisher\":{\"@id\":\"https:\/\/www.creilsudoise-tourisme.fr\/#organization\"},\"potentialAction\":[{\"@type\":\"SearchAction\",\"target\":{\"@type\":\"EntryPoint\",\"urlTemplate\":\"https:\/\/www.creilsudoise-tourisme.fr\/?s={search_term_string}\"},\"query-input\":\"required name=search_term_string\"}],\"inLanguage\":\"es\"},{\"@type\":\"Organization\",\"@id\":\"https:\/\/www.creilsudoise-tourisme.fr\/#organization\",\"name\":\"Creil Sud Oise Tourisme\",\"url\":\"https:\/\/www.creilsudoise-tourisme.fr\/\",\"logo\":{\"@type\":\"ImageObject\",\"inLanguage\":\"es\",\"@id\":\"https:\/\/www.creilsudoise-tourisme.fr\/#\/schema\/logo\/image\/\",\"url\":\"https:\/\/www.creilsudoise-tourisme.fr\/wp-content\/uploads\/2021\/05\/logo-svg.png\",\"contentUrl\":\"https:\/\/www.creilsudoise-tourisme.fr\/wp-content\/uploads\/2021\/05\/logo-svg.png\",\"width\":182,\"height\":71,\"caption\":\"Creil Sud Oise Tourisme\"},\"image\":{\"@id\":\"https:\/\/www.creilsudoise-tourisme.fr\/#\/schema\/logo\/image\/\"},\"sameAs\":[\"https:\/\/www.facebook.com\/creilsudoisetourisme\/\",\"https:\/\/twitter.com\/CreilSudOiseOT\",\"https:\/\/www.instagram.com\/creilsudoisetourisme\/\",\"https:\/\/www.youtube.com\/channel\/UC8L_QD2wwyADW14zt9fY8kw\"]},{\"@type\":\"Person\",\"@id\":\"https:\/\/www.creilsudoise-tourisme.fr\/#\/schema\/person\/c5140d47645b13bee896bfe05f1bd5da\",\"name\":\"fdubut\",\"image\":{\"@type\":\"ImageObject\",\"inLanguage\":\"es\",\"@id\":\"https:\/\/www.creilsudoise-tourisme.fr\/#\/schema\/person\/image\/\",\"url\":\"https:\/\/secure.gravatar.com\/avatar\/c49bb61337bf4556cafdbcb92c18618d?s=96&d=mm&r=g\",\"contentUrl\":\"https:\/\/secure.gravatar.com\/avatar\/c49bb61337bf4556cafdbcb92c18618d?s=96&d=mm&r=g\",\"caption\":\"fdubut\"},\"url\":\"https:\/\/www.creilsudoise-tourisme.fr\/es\/auteur\/fdubut\/\"}]}<\/script>\n<!-- \/ Yoast SEO plugin. -->","yoast_head_json":{"title":"Anecdote : l'\u00e9tymologie de Creil et de Nogent-sur-Oise","description":"D\u00e9couvrez l'origine des noms des villes de Creil et de Nogent-sur-Oise \u00e0 travers une anecdote concoct\u00e9e par l'Office de Tourisme !","robots":{"index":"index","follow":"follow","max-snippet":"max-snippet:-1","max-image-preview":"max-image-preview:large","max-video-preview":"max-video-preview:-1"},"canonical":"https:\/\/www.creilsudoise-tourisme.fr\/es\/2021\/11\/30\/etymologie-2\/","og_locale":"es_ES","og_type":"article","og_title":"Anecdote : l'\u00e9tymologie de Creil et de Nogent-sur-Oise","og_description":"D\u00e9couvrez l'origine des noms des villes de Creil et de Nogent-sur-Oise \u00e0 travers une anecdote concoct\u00e9e par l'Office de Tourisme !","og_url":"https:\/\/www.creilsudoise-tourisme.fr\/es\/2021\/11\/30\/etymologie-2\/","og_site_name":"Office de Tourisme Creil Sud Oise","article_publisher":"https:\/\/www.facebook.com\/creilsudoisetourisme\/","article_published_time":"2021-11-30T10:30:40+00:00","article_modified_time":"2022-01-25T08:09:12+00:00","og_image":[{"width":1836,"height":1166,"url":"https:\/\/www.creilsudoise-tourisme.fr\/wp-content\/uploads\/2021\/11\/Creil-Le-marche.jpg","type":"image\/jpeg"}],"author":"fdubut","twitter_card":"summary_large_image","twitter_creator":"@CreilSudOiseOT","twitter_site":"@CreilSudOiseOT","twitter_misc":{"Escrito por":"fdubut","Tiempo de lectura":"3 minutos"},"schema":{"@context":"https:\/\/schema.org","@graph":[{"@type":"Article","@id":"https:\/\/www.creilsudoise-tourisme.fr\/en\/2021\/11\/30\/etymologie-2\/#article","isPartOf":{"@id":"https:\/\/www.creilsudoise-tourisme.fr\/en\/2021\/11\/30\/etymologie-2\/"},"author":{"name":"fdubut","@id":"https:\/\/www.creilsudoise-tourisme.fr\/#\/schema\/person\/c5140d47645b13bee896bfe05f1bd5da"},"headline":"\u00c9tymologie : Creil, Nogent-sur-Oise","datePublished":"2021-11-30T10:30:40+00:00","dateModified":"2022-01-25T08:09:12+00:00","mainEntityOfPage":{"@id":"https:\/\/www.creilsudoise-tourisme.fr\/en\/2021\/11\/30\/etymologie-2\/"},"wordCount":466,"publisher":{"@id":"https:\/\/www.creilsudoise-tourisme.fr\/#organization"},"articleSection":["Anecdotes"],"inLanguage":"es"},{"@type":"WebPage","@id":"https:\/\/www.creilsudoise-tourisme.fr\/en\/2021\/11\/30\/etymologie-2\/","url":"https:\/\/www.creilsudoise-tourisme.fr\/en\/2021\/11\/30\/etymologie-2\/","name":"Anecdote : l'\u00e9tymologie de Creil et de Nogent-sur-Oise","isPartOf":{"@id":"https:\/\/www.creilsudoise-tourisme.fr\/#website"},"datePublished":"2021-11-30T10:30:40+00:00","dateModified":"2022-01-25T08:09:12+00:00","description":"D\u00e9couvrez l'origine des noms des villes de Creil et de Nogent-sur-Oise \u00e0 travers une anecdote concoct\u00e9e par l'Office de Tourisme !","breadcrumb":{"@id":"https:\/\/www.creilsudoise-tourisme.fr\/en\/2021\/11\/30\/etymologie-2\/#breadcrumb"},"inLanguage":"es","potentialAction":[{"@type":"ReadAction","target":["https:\/\/www.creilsudoise-tourisme.fr\/en\/2021\/11\/30\/etymologie-2\/"]}]},{"@type":"BreadcrumbList","@id":"https:\/\/www.creilsudoise-tourisme.fr\/en\/2021\/11\/30\/etymologie-2\/#breadcrumb","itemListElement":[{"@type":"ListItem","position":1,"name":"Accueil","item":"https:\/\/www.creilsudoise-tourisme.fr\/"},{"@type":"ListItem","position":2,"name":"\u00c9tymologie : Creil, Nogent-sur-Oise"}]},{"@type":"WebSite","@id":"https:\/\/www.creilsudoise-tourisme.fr\/#website","url":"https:\/\/www.creilsudoise-tourisme.fr\/","name":"Office de Tourisme Creil Sud Oise","description":"Creil Sud Oise Tourisme, un territoire \u00e0 explorer !","publisher":{"@id":"https:\/\/www.creilsudoise-tourisme.fr\/#organization"},"potentialAction":[{"@type":"SearchAction","target":{"@type":"EntryPoint","urlTemplate":"https:\/\/www.creilsudoise-tourisme.fr\/?s={search_term_string}"},"query-input":"required name=search_term_string"}],"inLanguage":"es"},{"@type":"Organization","@id":"https:\/\/www.creilsudoise-tourisme.fr\/#organization","name":"Creil Sud Oise Tourisme","url":"https:\/\/www.creilsudoise-tourisme.fr\/","logo":{"@type":"ImageObject","inLanguage":"es","@id":"https:\/\/www.creilsudoise-tourisme.fr\/#\/schema\/logo\/image\/","url":"https:\/\/www.creilsudoise-tourisme.fr\/wp-content\/uploads\/2021\/05\/logo-svg.png","contentUrl":"https:\/\/www.creilsudoise-tourisme.fr\/wp-content\/uploads\/2021\/05\/logo-svg.png","width":182,"height":71,"caption":"Creil Sud Oise Tourisme"},"image":{"@id":"https:\/\/www.creilsudoise-tourisme.fr\/#\/schema\/logo\/image\/"},"sameAs":["https:\/\/www.facebook.com\/creilsudoisetourisme\/","https:\/\/twitter.com\/CreilSudOiseOT","https:\/\/www.instagram.com\/creilsudoisetourisme\/","https:\/\/www.youtube.com\/channel\/UC8L_QD2wwyADW14zt9fY8kw"]},{"@type":"Person","@id":"https:\/\/www.creilsudoise-tourisme.fr\/#\/schema\/person\/c5140d47645b13bee896bfe05f1bd5da","name":"fdubut","image":{"@type":"ImageObject","inLanguage":"es","@id":"https:\/\/www.creilsudoise-tourisme.fr\/#\/schema\/person\/image\/","url":"https:\/\/secure.gravatar.com\/avatar\/c49bb61337bf4556cafdbcb92c18618d?s=96&d=mm&r=g","contentUrl":"https:\/\/secure.gravatar.com\/avatar\/c49bb61337bf4556cafdbcb92c18618d?s=96&d=mm&r=g","caption":"fdubut"},"url":"https:\/\/www.creilsudoise-tourisme.fr\/es\/auteur\/fdubut\/"}]}},"_links":{"self":[{"href":"https:\/\/www.creilsudoise-tourisme.fr\/es\/wp-json\/wp\/v2\/posts\/38928"}],"collection":[{"href":"https:\/\/www.creilsudoise-tourisme.fr\/es\/wp-json\/wp\/v2\/posts"}],"about":[{"href":"https:\/\/www.creilsudoise-tourisme.fr\/es\/wp-json\/wp\/v2\/types\/post"}],"author":[{"embeddable":true,"href":"https:\/\/www.creilsudoise-tourisme.fr\/es\/wp-json\/wp\/v2\/users\/3"}],"replies":[{"embeddable":true,"href":"https:\/\/www.creilsudoise-tourisme.fr\/es\/wp-json\/wp\/v2\/comments?post=38928"}],"version-history":[{"count":2,"href":"https:\/\/www.creilsudoise-tourisme.fr\/es\/wp-json\/wp\/v2\/posts\/38928\/revisions"}],"predecessor-version":[{"id":38935,"href":"https:\/\/www.creilsudoise-tourisme.fr\/es\/wp-json\/wp\/v2\/posts\/38928\/revisions\/38935"}],"wp:featuredmedia":[{"embeddable":true,"href":"https:\/\/www.creilsudoise-tourisme.fr\/es\/wp-json\/wp\/v2\/media\/38931"}],"wp:attachment":[{"href":"https:\/\/www.creilsudoise-tourisme.fr\/es\/wp-json\/wp\/v2\/media?parent=38928"}],"wp:term":[{"taxonomy":"category","embeddable":true,"href":"https:\/\/www.creilsudoise-tourisme.fr\/es\/wp-json\/wp\/v2\/categories?post=38928"},{"taxonomy":"post_tag","embeddable":true,"href":"https:\/\/www.creilsudoise-tourisme.fr\/es\/wp-json\/wp\/v2\/tags?post=38928"}],"curies":[{"name":"wp","href":"https:\/\/api.w.org\/{rel}","templated":true}]}}