{"id":38921,"date":"2021-11-30T11:18:06","date_gmt":"2021-11-30T10:18:06","guid":{"rendered":"https:\/\/www.creilsudoise-tourisme.fr\/?p=38921"},"modified":"2022-01-25T09:09:16","modified_gmt":"2022-01-25T08:09:16","slug":"saint-nicolas","status":"publish","type":"post","link":"https:\/\/www.creilsudoise-tourisme.fr\/es\/2021\/11\/30\/saint-nicolas\/","title":{"rendered":"Saint-Nicolas, muy presente en Creil Sud Oise"},"content":{"rendered":"<p class=\"is-style-excerpt\">San Nicol\u00e1s es conocido por recompensar a los ni\u00f1os buenos, pero \u00bfsab\u00eda que tambi\u00e9n era el patr\u00f3n de los barqueros? Est\u00e1 muy presente en Creil Sud Oise y se le celebra desde hace mucho tiempo en el sur del Oise.<\/p>\n\n\n\n<h2>San Nicol\u00e1s, patr\u00f3n de los ni\u00f1os buenos<\/h2>\n\n\n\n<p>El 6 de diciembre es el d\u00eda de San Nicol\u00e1s.<\/p>\n\n\n\n<p><strong>Conocido por recompensar el buen comportamiento de los ni\u00f1os con regalos o golosinas<\/strong>Se le celebra como a Pap\u00e1 Noel en muchas partes del mundo, incluida Francia, donde tambi\u00e9n se le conoce como Pap\u00e1 Noel. <strong>Lorena, de la que es patr\u00f3n.<\/strong><\/p>\n\n\n\n<p>Pero Saint-Nicolas tambi\u00e9n desempe\u00f1a un papel quiz\u00e1 menos conocido, pero que tiene un v\u00ednculo muy fuerte con nuestra regi\u00f3n: <strong>\u00a1es el patr\u00f3n de los barqueros!<\/strong><\/p>\n\n\n\n<h2>San Nicol\u00e1s, patr\u00f3n de los barqueros<\/h2>\n\n\n\n<p>En<strong> El transporte por v\u00edas navegables interiores fue una actividad muy desarrollada hasta la llegada del ferrocarril.<\/strong>e \u00edntimamente ligada a la <strong>el mundo de los canteros<\/strong>. En <strong>transporte de piedra <\/strong>de nuestras muchas carreras <strong>fue a trav\u00e9s del r\u00edo Oise<\/strong>en barcos que se llamaban \"\u00a0<strong>Besognes\u00a0<\/strong>\".<\/p>\n\n\n\n<p>Estos <strong>piedras <\/strong>transportado de esta forma <strong>se utilizaron para construir<\/strong> muchos edificios de la zona, <strong>sino tambi\u00e9n en Par\u00eds<\/strong>.<\/p>\n\n\n\n<h3>Un jefe con fuerte presencia en Creil Sud Oise<\/h3>\n\n\n\n<p>Nuestras iglesias se construyen con piedra local, <strong>numerosas referencias a Saint-Nicolas<\/strong>. <\/p>\n\n\n\n<div class=\"is-layout-flex wp-container-3 wp-block-columns\">\n<div class=\"is-layout-flow wp-block-column\" style=\"flex-basis:33.33%\">\n<p>Un ejemplo es la aldea de Barisseuse, no lejos de <strong>Saint-Vaast-l\u00e8s-Mello<\/strong>que cuenta con un <strong>capilla de Notre-Dame-et-Saint-Nicolas<\/strong>.<\/p>\n<\/div>\n\n\n\n<div class=\"is-layout-flow wp-block-column\" style=\"flex-basis:66.66%\">\n<figure class=\"wp-block-image size-large\"><img decoding=\"async\" loading=\"lazy\" width=\"1200\" height=\"900\" data-src=\"https:\/\/www.creilsudoise-tourisme.fr\/wp-content\/uploads\/2021\/11\/Chapelle-de-Barisseuse-1200x900.jpg\" alt=\"\" class=\"wp-image-38923\" data-srcset=\"https:\/\/www.creilsudoise-tourisme.fr\/wp-content\/uploads\/2021\/11\/Chapelle-de-Barisseuse-1200x900.jpg 1200w, https:\/\/www.creilsudoise-tourisme.fr\/wp-content\/uploads\/2021\/11\/Chapelle-de-Barisseuse-600x450.jpg 600w, https:\/\/www.creilsudoise-tourisme.fr\/wp-content\/uploads\/2021\/11\/Chapelle-de-Barisseuse-900x675.jpg 900w, https:\/\/www.creilsudoise-tourisme.fr\/wp-content\/uploads\/2021\/11\/Chapelle-de-Barisseuse-1536x1152.jpg 1536w, https:\/\/www.creilsudoise-tourisme.fr\/wp-content\/uploads\/2021\/11\/Chapelle-de-Barisseuse-200x150.jpg 200w, https:\/\/www.creilsudoise-tourisme.fr\/wp-content\/uploads\/2021\/11\/Chapelle-de-Barisseuse-650x488.jpg 650w, https:\/\/www.creilsudoise-tourisme.fr\/wp-content\/uploads\/2021\/11\/Chapelle-de-Barisseuse-387x290.jpg 387w, https:\/\/www.creilsudoise-tourisme.fr\/wp-content\/uploads\/2021\/11\/Chapelle-de-Barisseuse.jpg 1824w\" sizes=\"(max-width: 1200px) 100vw, 1200px\" \/><\/figure>\n<\/div>\n<\/div>\n\n\n\n<div class=\"is-layout-flex wp-container-6 wp-block-columns\">\n<div class=\"is-layout-flow wp-block-column\" style=\"flex-basis:66.66%\">\n<figure class=\"wp-block-image size-large\"><img decoding=\"async\" loading=\"lazy\" width=\"1138\" height=\"1200\" data-src=\"https:\/\/www.creilsudoise-tourisme.fr\/wp-content\/uploads\/2021\/11\/Abbatiale-Saint-Nicolas-\u00a9-Veronique-Marty-Oise-Tourisme-1138x1200.jpg\" alt=\"\" class=\"wp-image-38924\" data-srcset=\"https:\/\/www.creilsudoise-tourisme.fr\/wp-content\/uploads\/2021\/11\/Abbatiale-Saint-Nicolas-\u00a9-Veronique-Marty-Oise-Tourisme-1138x1200.jpg 1138w, https:\/\/www.creilsudoise-tourisme.fr\/wp-content\/uploads\/2021\/11\/Abbatiale-Saint-Nicolas-\u00a9-Veronique-Marty-Oise-Tourisme-569x600.jpg 569w, https:\/\/www.creilsudoise-tourisme.fr\/wp-content\/uploads\/2021\/11\/Abbatiale-Saint-Nicolas-\u00a9-Veronique-Marty-Oise-Tourisme-854x900.jpg 854w, https:\/\/www.creilsudoise-tourisme.fr\/wp-content\/uploads\/2021\/11\/Abbatiale-Saint-Nicolas-\u00a9-Veronique-Marty-Oise-Tourisme-1457x1536.jpg 1457w, https:\/\/www.creilsudoise-tourisme.fr\/wp-content\/uploads\/2021\/11\/Abbatiale-Saint-Nicolas-\u00a9-Veronique-Marty-Oise-Tourisme-200x211.jpg 200w, https:\/\/www.creilsudoise-tourisme.fr\/wp-content\/uploads\/2021\/11\/Abbatiale-Saint-Nicolas-\u00a9-Veronique-Marty-Oise-Tourisme-650x685.jpg 650w, https:\/\/www.creilsudoise-tourisme.fr\/wp-content\/uploads\/2021\/11\/Abbatiale-Saint-Nicolas-\u00a9-Veronique-Marty-Oise-Tourisme-387x408.jpg 387w, https:\/\/www.creilsudoise-tourisme.fr\/wp-content\/uploads\/2021\/11\/Abbatiale-Saint-Nicolas-\u00a9-Veronique-Marty-Oise-Tourisme.jpg 1765w\" sizes=\"(max-width: 1138px) 100vw, 1138px\" \/><\/figure>\n<\/div>\n\n\n\n<div class=\"is-layout-flow wp-block-column\" style=\"flex-basis:33.33%\">\n<p>\u00c0 <strong>Saint-Leu-d'Esserent<\/strong>La gran iglesia com\u00fanmente conocida como \"Abbatiale\" se llama en realidad \"Iglesia de la Abad\u00eda\".<strong>Iglesia de Saint-Nicolas.<\/strong><\/p>\n<\/div>\n<\/div>\n\n\n\n<p>En el interior de la iglesia hay un retablo de piedra tallada que representa parte de la leyenda de San Nicol\u00e1s, con la famosa historia de la resurrecci\u00f3n de los 3 ni\u00f1os que estaban cautivos de un carnicero.<\/p>\n\n\n\n<figure class=\"wp-block-image size-large\"><img decoding=\"async\" loading=\"lazy\" width=\"1200\" height=\"675\" data-src=\"https:\/\/www.creilsudoise-tourisme.fr\/wp-content\/uploads\/2021\/11\/Retable-Saint-Nicolas-1200x675.jpg\" alt=\"\" class=\"wp-image-38925\" data-srcset=\"https:\/\/www.creilsudoise-tourisme.fr\/wp-content\/uploads\/2021\/11\/Retable-Saint-Nicolas-1200x675.jpg 1200w, https:\/\/www.creilsudoise-tourisme.fr\/wp-content\/uploads\/2021\/11\/Retable-Saint-Nicolas-600x338.jpg 600w, https:\/\/www.creilsudoise-tourisme.fr\/wp-content\/uploads\/2021\/11\/Retable-Saint-Nicolas-900x506.jpg 900w, https:\/\/www.creilsudoise-tourisme.fr\/wp-content\/uploads\/2021\/11\/Retable-Saint-Nicolas-1536x864.jpg 1536w, https:\/\/www.creilsudoise-tourisme.fr\/wp-content\/uploads\/2021\/11\/Retable-Saint-Nicolas-200x113.jpg 200w, https:\/\/www.creilsudoise-tourisme.fr\/wp-content\/uploads\/2021\/11\/Retable-Saint-Nicolas-1600x900.jpg 1600w, https:\/\/www.creilsudoise-tourisme.fr\/wp-content\/uploads\/2021\/11\/Retable-Saint-Nicolas-650x366.jpg 650w, https:\/\/www.creilsudoise-tourisme.fr\/wp-content\/uploads\/2021\/11\/Retable-Saint-Nicolas-387x218.jpg 387w, https:\/\/www.creilsudoise-tourisme.fr\/wp-content\/uploads\/2021\/11\/Retable-Saint-Nicolas.jpg 1920w\" sizes=\"(max-width: 1200px) 100vw, 1200px\" \/><\/figure>\n\n\n\n<h3>Patr\u00f3n de los barqueros: \u00bfpor qu\u00e9?<\/h3>\n\n\n\n<p>\u00bfPor qu\u00e9 San Nicol\u00e1s es el patr\u00f3n de los barqueros? <\/p>\n\n\n\n<p><strong>La historia de los tres ni\u00f1os rescatados<\/strong> en el salero puede interpretarse como <strong>una alegor\u00eda de marineros salvados de un naufragio<\/strong>en <strong>el transbordador simboliza el barco, y la sal el mar<\/strong>. <\/p>\n\n\n\n<p>A lo largo de las v\u00edas fluviales francesas <strong>capillas dedicadas a San Nicol\u00e1s.<\/strong><\/p>\n\n\n\n<hr class=\"wp-block-separator\"\/>","protected":false},"excerpt":{"rendered":"<p>San Nicol\u00e1s es conocido por recompensar a los ni\u00f1os buenos, pero \u00bfsab\u00eda que tambi\u00e9n era el patr\u00f3n de los barqueros? Est\u00e1 muy presente en Creil Sud Oise y se celebra desde hace mucho tiempo en el sur de Oise. San Nicol\u00e1s, patr\u00f3n de los ni\u00f1os buenos San Nicol\u00e1s se celebra el 6 de diciembre. Conocido por premiar el buen comportamiento de los ni\u00f1os [...].<\/p>","protected":false},"author":3,"featured_media":38922,"comment_status":"closed","ping_status":"open","sticky":false,"template":"","format":"standard","meta":{"_relevanssi_hide_post":"","_relevanssi_hide_content":"","_relevanssi_pin_for_all":"","_relevanssi_pin_keywords":"","_relevanssi_unpin_keywords":"","_relevanssi_related_keywords":"","_relevanssi_related_include_ids":"","_relevanssi_related_exclude_ids":"","_relevanssi_related_no_append":"","_relevanssi_related_not_related":"","_relevanssi_related_posts":"32820,36653,36690,37046,37325,37932","_relevanssi_noindex_reason":""},"categories":[3],"tags":[],"yoast_head":"<!-- This site is optimized with the Yoast SEO plugin v20.2.1 - https:\/\/yoast.com\/wordpress\/plugins\/seo\/ -->\n<title>Pourquoi Saint-Nicolas est-il si pr\u00e9sent \u00e0 Creil Sud Oise ?<\/title>\n<meta name=\"description\" content=\"D\u00e9couvrez pourquoi Saint-Nicolas, connu pour r\u00e9compens\u00e9 les enfants sages en d\u00e9cembre, est aussi le Saint-Patron des bateliers !\" \/>\n<meta name=\"robots\" content=\"index, follow, max-snippet:-1, max-image-preview:large, max-video-preview:-1\" \/>\n<link rel=\"canonical\" href=\"https:\/\/www.creilsudoise-tourisme.fr\/es\/2021\/11\/30\/saint-nicolas\/\" \/>\n<meta property=\"og:locale\" content=\"es_ES\" \/>\n<meta property=\"og:type\" content=\"article\" \/>\n<meta property=\"og:title\" content=\"Pourquoi Saint-Nicolas est-il si pr\u00e9sent \u00e0 Creil Sud Oise ?\" \/>\n<meta property=\"og:description\" content=\"D\u00e9couvrez pourquoi Saint-Nicolas, connu pour r\u00e9compens\u00e9 les enfants sages en d\u00e9cembre, est aussi le Saint-Patron des bateliers !\" \/>\n<meta property=\"og:url\" content=\"https:\/\/www.creilsudoise-tourisme.fr\/es\/2021\/11\/30\/saint-nicolas\/\" \/>\n<meta property=\"og:site_name\" content=\"Office de Tourisme Creil Sud Oise\" \/>\n<meta property=\"article:publisher\" content=\"https:\/\/www.facebook.com\/creilsudoisetourisme\/\" \/>\n<meta property=\"article:published_time\" content=\"2021-11-30T10:18:06+00:00\" \/>\n<meta property=\"article:modified_time\" content=\"2022-01-25T08:09:16+00:00\" \/>\n<meta property=\"og:image\" content=\"https:\/\/www.creilsudoise-tourisme.fr\/wp-content\/uploads\/2021\/11\/Saint-Nicolas.jpg\" \/>\n\t<meta property=\"og:image:width\" content=\"1500\" \/>\n\t<meta property=\"og:image:height\" content=\"740\" \/>\n\t<meta property=\"og:image:type\" content=\"image\/jpeg\" \/>\n<meta name=\"author\" content=\"fdubut\" \/>\n<meta name=\"twitter:card\" content=\"summary_large_image\" \/>\n<meta name=\"twitter:creator\" content=\"@CreilSudOiseOT\" \/>\n<meta name=\"twitter:site\" content=\"@CreilSudOiseOT\" \/>\n<meta name=\"twitter:label1\" content=\"Escrito por\" \/>\n\t<meta name=\"twitter:data1\" content=\"fdubut\" \/>\n\t<meta name=\"twitter:label2\" content=\"Tiempo de lectura\" \/>\n\t<meta name=\"twitter:data2\" content=\"3 minutos\" \/>\n<script type=\"application\/ld+json\" class=\"yoast-schema-graph\">{\"@context\":\"https:\/\/schema.org\",\"@graph\":[{\"@type\":\"Article\",\"@id\":\"https:\/\/www.creilsudoise-tourisme.fr\/en\/2021\/11\/30\/saint-nicolas\/#article\",\"isPartOf\":{\"@id\":\"https:\/\/www.creilsudoise-tourisme.fr\/en\/2021\/11\/30\/saint-nicolas\/\"},\"author\":{\"name\":\"fdubut\",\"@id\":\"https:\/\/www.creilsudoise-tourisme.fr\/#\/schema\/person\/c5140d47645b13bee896bfe05f1bd5da\"},\"headline\":\"Saint-Nicolas, tr\u00e8s pr\u00e9sent \u00e0 Creil Sud Oise\",\"datePublished\":\"2021-11-30T10:18:06+00:00\",\"dateModified\":\"2022-01-25T08:09:16+00:00\",\"mainEntityOfPage\":{\"@id\":\"https:\/\/www.creilsudoise-tourisme.fr\/en\/2021\/11\/30\/saint-nicolas\/\"},\"wordCount\":394,\"publisher\":{\"@id\":\"https:\/\/www.creilsudoise-tourisme.fr\/#organization\"},\"articleSection\":[\"Anecdotes\"],\"inLanguage\":\"es\"},{\"@type\":\"WebPage\",\"@id\":\"https:\/\/www.creilsudoise-tourisme.fr\/en\/2021\/11\/30\/saint-nicolas\/\",\"url\":\"https:\/\/www.creilsudoise-tourisme.fr\/en\/2021\/11\/30\/saint-nicolas\/\",\"name\":\"Pourquoi Saint-Nicolas est-il si pr\u00e9sent \u00e0 Creil Sud Oise ?\",\"isPartOf\":{\"@id\":\"https:\/\/www.creilsudoise-tourisme.fr\/#website\"},\"datePublished\":\"2021-11-30T10:18:06+00:00\",\"dateModified\":\"2022-01-25T08:09:16+00:00\",\"description\":\"D\u00e9couvrez pourquoi Saint-Nicolas, connu pour r\u00e9compens\u00e9 les enfants sages en d\u00e9cembre, est aussi le Saint-Patron des bateliers !\",\"breadcrumb\":{\"@id\":\"https:\/\/www.creilsudoise-tourisme.fr\/en\/2021\/11\/30\/saint-nicolas\/#breadcrumb\"},\"inLanguage\":\"es\",\"potentialAction\":[{\"@type\":\"ReadAction\",\"target\":[\"https:\/\/www.creilsudoise-tourisme.fr\/en\/2021\/11\/30\/saint-nicolas\/\"]}]},{\"@type\":\"BreadcrumbList\",\"@id\":\"https:\/\/www.creilsudoise-tourisme.fr\/en\/2021\/11\/30\/saint-nicolas\/#breadcrumb\",\"itemListElement\":[{\"@type\":\"ListItem\",\"position\":1,\"name\":\"Accueil\",\"item\":\"https:\/\/www.creilsudoise-tourisme.fr\/\"},{\"@type\":\"ListItem\",\"position\":2,\"name\":\"Saint-Nicolas, tr\u00e8s pr\u00e9sent \u00e0 Creil Sud Oise\"}]},{\"@type\":\"WebSite\",\"@id\":\"https:\/\/www.creilsudoise-tourisme.fr\/#website\",\"url\":\"https:\/\/www.creilsudoise-tourisme.fr\/\",\"name\":\"Office de Tourisme Creil Sud Oise\",\"description\":\"Creil Sud Oise Tourisme, un territoire \u00e0 explorer !\",\"publisher\":{\"@id\":\"https:\/\/www.creilsudoise-tourisme.fr\/#organization\"},\"potentialAction\":[{\"@type\":\"SearchAction\",\"target\":{\"@type\":\"EntryPoint\",\"urlTemplate\":\"https:\/\/www.creilsudoise-tourisme.fr\/?s={search_term_string}\"},\"query-input\":\"required name=search_term_string\"}],\"inLanguage\":\"es\"},{\"@type\":\"Organization\",\"@id\":\"https:\/\/www.creilsudoise-tourisme.fr\/#organization\",\"name\":\"Creil Sud Oise Tourisme\",\"url\":\"https:\/\/www.creilsudoise-tourisme.fr\/\",\"logo\":{\"@type\":\"ImageObject\",\"inLanguage\":\"es\",\"@id\":\"https:\/\/www.creilsudoise-tourisme.fr\/#\/schema\/logo\/image\/\",\"url\":\"https:\/\/www.creilsudoise-tourisme.fr\/wp-content\/uploads\/2021\/05\/logo-svg.png\",\"contentUrl\":\"https:\/\/www.creilsudoise-tourisme.fr\/wp-content\/uploads\/2021\/05\/logo-svg.png\",\"width\":182,\"height\":71,\"caption\":\"Creil Sud Oise Tourisme\"},\"image\":{\"@id\":\"https:\/\/www.creilsudoise-tourisme.fr\/#\/schema\/logo\/image\/\"},\"sameAs\":[\"https:\/\/www.facebook.com\/creilsudoisetourisme\/\",\"https:\/\/twitter.com\/CreilSudOiseOT\",\"https:\/\/www.instagram.com\/creilsudoisetourisme\/\",\"https:\/\/www.youtube.com\/channel\/UC8L_QD2wwyADW14zt9fY8kw\"]},{\"@type\":\"Person\",\"@id\":\"https:\/\/www.creilsudoise-tourisme.fr\/#\/schema\/person\/c5140d47645b13bee896bfe05f1bd5da\",\"name\":\"fdubut\",\"image\":{\"@type\":\"ImageObject\",\"inLanguage\":\"es\",\"@id\":\"https:\/\/www.creilsudoise-tourisme.fr\/#\/schema\/person\/image\/\",\"url\":\"https:\/\/secure.gravatar.com\/avatar\/c49bb61337bf4556cafdbcb92c18618d?s=96&d=mm&r=g\",\"contentUrl\":\"https:\/\/secure.gravatar.com\/avatar\/c49bb61337bf4556cafdbcb92c18618d?s=96&d=mm&r=g\",\"caption\":\"fdubut\"},\"url\":\"https:\/\/www.creilsudoise-tourisme.fr\/es\/auteur\/fdubut\/\"}]}<\/script>\n<!-- \/ Yoast SEO plugin. -->","yoast_head_json":{"title":"Pourquoi Saint-Nicolas est-il si pr\u00e9sent \u00e0 Creil Sud Oise ?","description":"D\u00e9couvrez pourquoi Saint-Nicolas, connu pour r\u00e9compens\u00e9 les enfants sages en d\u00e9cembre, est aussi le Saint-Patron des bateliers !","robots":{"index":"index","follow":"follow","max-snippet":"max-snippet:-1","max-image-preview":"max-image-preview:large","max-video-preview":"max-video-preview:-1"},"canonical":"https:\/\/www.creilsudoise-tourisme.fr\/es\/2021\/11\/30\/saint-nicolas\/","og_locale":"es_ES","og_type":"article","og_title":"Pourquoi Saint-Nicolas est-il si pr\u00e9sent \u00e0 Creil Sud Oise ?","og_description":"D\u00e9couvrez pourquoi Saint-Nicolas, connu pour r\u00e9compens\u00e9 les enfants sages en d\u00e9cembre, est aussi le Saint-Patron des bateliers !","og_url":"https:\/\/www.creilsudoise-tourisme.fr\/es\/2021\/11\/30\/saint-nicolas\/","og_site_name":"Office de Tourisme Creil Sud Oise","article_publisher":"https:\/\/www.facebook.com\/creilsudoisetourisme\/","article_published_time":"2021-11-30T10:18:06+00:00","article_modified_time":"2022-01-25T08:09:16+00:00","og_image":[{"width":1500,"height":740,"url":"https:\/\/www.creilsudoise-tourisme.fr\/wp-content\/uploads\/2021\/11\/Saint-Nicolas.jpg","type":"image\/jpeg"}],"author":"fdubut","twitter_card":"summary_large_image","twitter_creator":"@CreilSudOiseOT","twitter_site":"@CreilSudOiseOT","twitter_misc":{"Escrito por":"fdubut","Tiempo de lectura":"3 minutos"},"schema":{"@context":"https:\/\/schema.org","@graph":[{"@type":"Article","@id":"https:\/\/www.creilsudoise-tourisme.fr\/en\/2021\/11\/30\/saint-nicolas\/#article","isPartOf":{"@id":"https:\/\/www.creilsudoise-tourisme.fr\/en\/2021\/11\/30\/saint-nicolas\/"},"author":{"name":"fdubut","@id":"https:\/\/www.creilsudoise-tourisme.fr\/#\/schema\/person\/c5140d47645b13bee896bfe05f1bd5da"},"headline":"Saint-Nicolas, tr\u00e8s pr\u00e9sent \u00e0 Creil Sud Oise","datePublished":"2021-11-30T10:18:06+00:00","dateModified":"2022-01-25T08:09:16+00:00","mainEntityOfPage":{"@id":"https:\/\/www.creilsudoise-tourisme.fr\/en\/2021\/11\/30\/saint-nicolas\/"},"wordCount":394,"publisher":{"@id":"https:\/\/www.creilsudoise-tourisme.fr\/#organization"},"articleSection":["Anecdotes"],"inLanguage":"es"},{"@type":"WebPage","@id":"https:\/\/www.creilsudoise-tourisme.fr\/en\/2021\/11\/30\/saint-nicolas\/","url":"https:\/\/www.creilsudoise-tourisme.fr\/en\/2021\/11\/30\/saint-nicolas\/","name":"Pourquoi Saint-Nicolas est-il si pr\u00e9sent \u00e0 Creil Sud Oise ?","isPartOf":{"@id":"https:\/\/www.creilsudoise-tourisme.fr\/#website"},"datePublished":"2021-11-30T10:18:06+00:00","dateModified":"2022-01-25T08:09:16+00:00","description":"D\u00e9couvrez pourquoi Saint-Nicolas, connu pour r\u00e9compens\u00e9 les enfants sages en d\u00e9cembre, est aussi le Saint-Patron des bateliers !","breadcrumb":{"@id":"https:\/\/www.creilsudoise-tourisme.fr\/en\/2021\/11\/30\/saint-nicolas\/#breadcrumb"},"inLanguage":"es","potentialAction":[{"@type":"ReadAction","target":["https:\/\/www.creilsudoise-tourisme.fr\/en\/2021\/11\/30\/saint-nicolas\/"]}]},{"@type":"BreadcrumbList","@id":"https:\/\/www.creilsudoise-tourisme.fr\/en\/2021\/11\/30\/saint-nicolas\/#breadcrumb","itemListElement":[{"@type":"ListItem","position":1,"name":"Accueil","item":"https:\/\/www.creilsudoise-tourisme.fr\/"},{"@type":"ListItem","position":2,"name":"Saint-Nicolas, tr\u00e8s pr\u00e9sent \u00e0 Creil Sud Oise"}]},{"@type":"WebSite","@id":"https:\/\/www.creilsudoise-tourisme.fr\/#website","url":"https:\/\/www.creilsudoise-tourisme.fr\/","name":"Office de Tourisme Creil Sud Oise","description":"Creil Sud Oise Tourisme, un territoire \u00e0 explorer !","publisher":{"@id":"https:\/\/www.creilsudoise-tourisme.fr\/#organization"},"potentialAction":[{"@type":"SearchAction","target":{"@type":"EntryPoint","urlTemplate":"https:\/\/www.creilsudoise-tourisme.fr\/?s={search_term_string}"},"query-input":"required name=search_term_string"}],"inLanguage":"es"},{"@type":"Organization","@id":"https:\/\/www.creilsudoise-tourisme.fr\/#organization","name":"Creil Sud Oise Tourisme","url":"https:\/\/www.creilsudoise-tourisme.fr\/","logo":{"@type":"ImageObject","inLanguage":"es","@id":"https:\/\/www.creilsudoise-tourisme.fr\/#\/schema\/logo\/image\/","url":"https:\/\/www.creilsudoise-tourisme.fr\/wp-content\/uploads\/2021\/05\/logo-svg.png","contentUrl":"https:\/\/www.creilsudoise-tourisme.fr\/wp-content\/uploads\/2021\/05\/logo-svg.png","width":182,"height":71,"caption":"Creil Sud Oise Tourisme"},"image":{"@id":"https:\/\/www.creilsudoise-tourisme.fr\/#\/schema\/logo\/image\/"},"sameAs":["https:\/\/www.facebook.com\/creilsudoisetourisme\/","https:\/\/twitter.com\/CreilSudOiseOT","https:\/\/www.instagram.com\/creilsudoisetourisme\/","https:\/\/www.youtube.com\/channel\/UC8L_QD2wwyADW14zt9fY8kw"]},{"@type":"Person","@id":"https:\/\/www.creilsudoise-tourisme.fr\/#\/schema\/person\/c5140d47645b13bee896bfe05f1bd5da","name":"fdubut","image":{"@type":"ImageObject","inLanguage":"es","@id":"https:\/\/www.creilsudoise-tourisme.fr\/#\/schema\/person\/image\/","url":"https:\/\/secure.gravatar.com\/avatar\/c49bb61337bf4556cafdbcb92c18618d?s=96&d=mm&r=g","contentUrl":"https:\/\/secure.gravatar.com\/avatar\/c49bb61337bf4556cafdbcb92c18618d?s=96&d=mm&r=g","caption":"fdubut"},"url":"https:\/\/www.creilsudoise-tourisme.fr\/es\/auteur\/fdubut\/"}]}},"_links":{"self":[{"href":"https:\/\/www.creilsudoise-tourisme.fr\/es\/wp-json\/wp\/v2\/posts\/38921"}],"collection":[{"href":"https:\/\/www.creilsudoise-tourisme.fr\/es\/wp-json\/wp\/v2\/posts"}],"about":[{"href":"https:\/\/www.creilsudoise-tourisme.fr\/es\/wp-json\/wp\/v2\/types\/post"}],"author":[{"embeddable":true,"href":"https:\/\/www.creilsudoise-tourisme.fr\/es\/wp-json\/wp\/v2\/users\/3"}],"replies":[{"embeddable":true,"href":"https:\/\/www.creilsudoise-tourisme.fr\/es\/wp-json\/wp\/v2\/comments?post=38921"}],"version-history":[{"count":2,"href":"https:\/\/www.creilsudoise-tourisme.fr\/es\/wp-json\/wp\/v2\/posts\/38921\/revisions"}],"predecessor-version":[{"id":38927,"href":"https:\/\/www.creilsudoise-tourisme.fr\/es\/wp-json\/wp\/v2\/posts\/38921\/revisions\/38927"}],"wp:featuredmedia":[{"embeddable":true,"href":"https:\/\/www.creilsudoise-tourisme.fr\/es\/wp-json\/wp\/v2\/media\/38922"}],"wp:attachment":[{"href":"https:\/\/www.creilsudoise-tourisme.fr\/es\/wp-json\/wp\/v2\/media?parent=38921"}],"wp:term":[{"taxonomy":"category","embeddable":true,"href":"https:\/\/www.creilsudoise-tourisme.fr\/es\/wp-json\/wp\/v2\/categories?post=38921"},{"taxonomy":"post_tag","embeddable":true,"href":"https:\/\/www.creilsudoise-tourisme.fr\/es\/wp-json\/wp\/v2\/tags?post=38921"}],"curies":[{"name":"wp","href":"https:\/\/api.w.org\/{rel}","templated":true}]}}