{"id":38910,"date":"2021-11-30T10:57:15","date_gmt":"2021-11-30T09:57:15","guid":{"rendered":"https:\/\/www.creilsudoise-tourisme.fr\/?p=38910"},"modified":"2024-05-21T11:25:05","modified_gmt":"2024-05-21T09:25:05","slug":"emile-galle","status":"publish","type":"post","link":"https:\/\/www.creilsudoise-tourisme.fr\/es\/2021\/11\/30\/emile-galle\/","title":{"rendered":"\u00c9mile Gall\u00e9, primo de Ernest"},"content":{"rendered":"<p class=\"is-style-excerpt\"><strong>\u00c9mile Gall\u00e9 <\/strong>(Nancy, 1846-1904), fue un <strong>famoso vidriero, ceramista y ebanista franc\u00e9s<\/strong>. Pero \u00bfsab\u00edas que tambi\u00e9n era <strong>Primo de Ernest Gall\u00e9<\/strong> (1836-1900), rentista y propietario del <strong><a href=\"https:\/\/www.creilsudoise-tourisme.fr\/es\/jexplore\/imprescindibles\/musee-galle-juillet\/\">Casa Gall\u00e9-Juillet<\/a>en Creil <\/strong>?<\/p>\n\n\n\n<p><em>An\u00e9cdota escrita en colaboraci\u00f3n con <a href=\"https:\/\/www.creilsudoise-tourisme.fr\/es\/jexplore\/imprescindibles\/musee-galle-juillet\/\">Museo Gall\u00e9-Juillet<\/a>.<\/em><\/p>\n\n\n\n<h2>Visitas familiares a Emile Gall\u00e9 en Creil<\/h2>\n\n\n\n<p><strong>Gracias a los diarios de Ernest Gall\u00e9<\/strong>Se han documentado varios viajes de los Gall\u00e9 de Nancy a Creil. Charles Gall\u00e9, padre de \u00c9mile Gall\u00e9, fue uno de los t<strong>Testigos del matrimonio de Ernest Gall\u00e9 con Marie Juillet<\/strong>. Viaj\u00f3 desde Nancy para la ocasi\u00f3n.<\/p>\n\n\n\n<p>Tras la <strong>nacimiento del hijo de Ernest Gall\u00e9, Auguste<\/strong>En 1867, \u00c9mile Gall\u00e9 y su padre acudieron varias veces a Creil. Recibieron una fotograf\u00eda del joven y un cuadro donado por el <strong>pintor Louis Thomas<\/strong>,<strong> amigo de Ernest Gall\u00e9, que viv\u00eda en Mello, cerca de Creil.<\/strong><\/p>\n\n\n\n<p>Tras la muerte de Jules Juillet, suegro de Ernest, en 1868, <strong>Ernest rindi\u00f3 homenaje enviando a la familia biograf\u00edas y retratos de los fallecidos.<\/strong> Los Gall\u00e9s de Nancy no han ca\u00eddo en el olvido.<\/p>\n\n\n\n<p>En 1869, Charles Gall\u00e9 vino a pasar unos d\u00edas en Creil, y trajo consigo unos<strong> loza en Ernest<\/strong>.<\/p>\n\n\n\n<p>Cuando Auguste Gall\u00e9, hijo de Ernest, se cas\u00f3 con Berthe Franchemont en 1894, Charles Gall\u00e9 viaj\u00f3 una vez m\u00e1s desde Nancy para ser uno de los testigos de los novios. <strong>Para celebrar la ocasi\u00f3n, Emile Gall\u00e9 regal\u00f3 a su primo Auguste una hermosa mesa Art Nouveau con incrustaciones.<\/strong><\/p>\n\n\n\n<figure class=\"wp-block-image size-large\"><img decoding=\"async\" loading=\"lazy\" width=\"1200\" height=\"1107\" data-src=\"https:\/\/www.creilsudoise-tourisme.fr\/wp-content\/uploads\/2021\/11\/Table-offerte-par-Emile-1200x1107.jpg\" alt=\"Mesa de marqueter\u00eda regalada a Ernest por \u00c9mile Gall\u00e9\" class=\"wp-image-38913\" data-srcset=\"https:\/\/www.creilsudoise-tourisme.fr\/wp-content\/uploads\/2021\/11\/Table-offerte-par-Emile-1200x1107.jpg 1200w, https:\/\/www.creilsudoise-tourisme.fr\/wp-content\/uploads\/2021\/11\/Table-offerte-par-Emile-600x553.jpg 600w, https:\/\/www.creilsudoise-tourisme.fr\/wp-content\/uploads\/2021\/11\/Table-offerte-par-Emile-900x830.jpg 900w, https:\/\/www.creilsudoise-tourisme.fr\/wp-content\/uploads\/2021\/11\/Table-offerte-par-Emile-1536x1417.jpg 1536w, https:\/\/www.creilsudoise-tourisme.fr\/wp-content\/uploads\/2021\/11\/Table-offerte-par-Emile-200x184.jpg 200w, https:\/\/www.creilsudoise-tourisme.fr\/wp-content\/uploads\/2021\/11\/Table-offerte-par-Emile-650x599.jpg 650w, https:\/\/www.creilsudoise-tourisme.fr\/wp-content\/uploads\/2021\/11\/Table-offerte-par-Emile-387x357.jpg 387w, https:\/\/www.creilsudoise-tourisme.fr\/wp-content\/uploads\/2021\/11\/Table-offerte-par-Emile.jpg 1853w\" sizes=\"(max-width: 1200px) 100vw, 1200px\" \/><figcaption class=\"wp-element-caption\">Mesa auxiliar Art Nouveau con decoraci\u00f3n incrustada de lib\u00e9lulas y nen\u00fafares<\/figcaption><\/figure>\n\n\n<div class=\"wp-block wp-block-highlight\">\n            <h3 class=\"wp-block-highlight-item wp-block-highlight-title\">\u00bfLo sab\u00edas?<\/h3>\n                <p class=\"wp-block-highlight-item wp-block-highlight-excerpt\">Esta mesa viaj\u00f3 a Nancy hace unos a\u00f1os para una exposici\u00f3n. <\/p>\n    <\/div>\n\n\n<h2>Una colecci\u00f3n Gall\u00e9 en Creil<\/h2>\n\n\n\n<p>Estos <strong>lazos familiares<\/strong> han permitido a la familia Gall\u00e9 de Creil recibir<strong> exposici\u00f3n de varias obras de \u00c9mile Gall\u00e9<\/strong>. Todos estos recuerdos fueron donados a la ciudad de Creil en 1930 por Berthe Gall\u00e9, <strong>el <a href=\"https:\/\/www.creilsudoise-tourisme.fr\/es\/jexplore\/imprescindibles\/musee-galle-juillet\/\">Museo Gall\u00e9-Juillet <\/a>ahora puede presentarlos a los visitantes<\/strong>.<\/p>\n\n\n\n<div class=\"is-layout-flex wp-container-4 wp-block-columns\">\n<div class=\"is-layout-flow wp-block-column\"><div class=\"wp-block-image\">\n<figure class=\"aligncenter size-large is-resized\"><img decoding=\"async\" loading=\"lazy\" data-src=\"https:\/\/www.creilsudoise-tourisme.fr\/wp-content\/uploads\/2021\/11\/Vase-Galle-1049x1200.jpg\" alt=\"\" class=\"wp-image-38914\" width=\"189\" height=\"216\" data-srcset=\"https:\/\/www.creilsudoise-tourisme.fr\/wp-content\/uploads\/2021\/11\/Vase-Galle-1049x1200.jpg 1049w, https:\/\/www.creilsudoise-tourisme.fr\/wp-content\/uploads\/2021\/11\/Vase-Galle-524x600.jpg 524w, https:\/\/www.creilsudoise-tourisme.fr\/wp-content\/uploads\/2021\/11\/Vase-Galle-787x900.jpg 787w, https:\/\/www.creilsudoise-tourisme.fr\/wp-content\/uploads\/2021\/11\/Vase-Galle-1342x1536.jpg 1342w, https:\/\/www.creilsudoise-tourisme.fr\/wp-content\/uploads\/2021\/11\/Vase-Galle-200x229.jpg 200w, https:\/\/www.creilsudoise-tourisme.fr\/wp-content\/uploads\/2021\/11\/Vase-Galle-650x744.jpg 650w, https:\/\/www.creilsudoise-tourisme.fr\/wp-content\/uploads\/2021\/11\/Vase-Galle-387x443.jpg 387w, https:\/\/www.creilsudoise-tourisme.fr\/wp-content\/uploads\/2021\/11\/Vase-Galle.jpg 1678w\" sizes=\"(max-width: 189px) 100vw, 189px\" \/><\/figure><\/div><\/div>\n\n\n\n<div class=\"is-layout-flow wp-block-column\"><div class=\"wp-block-image\">\n<figure class=\"aligncenter size-large is-resized\"><img decoding=\"async\" loading=\"lazy\" data-src=\"https:\/\/www.creilsudoise-tourisme.fr\/wp-content\/uploads\/2021\/11\/Emile-Galle.jpg\" alt=\"\" class=\"wp-image-38912\" width=\"158\" height=\"227\" data-srcset=\"https:\/\/www.creilsudoise-tourisme.fr\/wp-content\/uploads\/2021\/11\/Emile-Galle.jpg 303w, https:\/\/www.creilsudoise-tourisme.fr\/wp-content\/uploads\/2021\/11\/Emile-Galle-200x288.jpg 200w\" sizes=\"(max-width: 158px) 100vw, 158px\" \/><\/figure><\/div><\/div>\n\n\n\n<div class=\"is-layout-flow wp-block-column\"><div class=\"wp-block-image\">\n<figure class=\"aligncenter size-large is-resized\"><img decoding=\"async\" loading=\"lazy\" data-src=\"https:\/\/www.creilsudoise-tourisme.fr\/wp-content\/uploads\/2021\/11\/Cadeau-de-Emile-a-Ernest-1200x1118.jpg\" alt=\"\" class=\"wp-image-38911\" width=\"247\" height=\"229\" data-srcset=\"https:\/\/www.creilsudoise-tourisme.fr\/wp-content\/uploads\/2021\/11\/Cadeau-de-Emile-a-Ernest-1200x1118.jpg 1200w, https:\/\/www.creilsudoise-tourisme.fr\/wp-content\/uploads\/2021\/11\/Cadeau-de-Emile-a-Ernest-600x559.jpg 600w, https:\/\/www.creilsudoise-tourisme.fr\/wp-content\/uploads\/2021\/11\/Cadeau-de-Emile-a-Ernest-900x838.jpg 900w, https:\/\/www.creilsudoise-tourisme.fr\/wp-content\/uploads\/2021\/11\/Cadeau-de-Emile-a-Ernest-1536x1431.jpg 1536w, https:\/\/www.creilsudoise-tourisme.fr\/wp-content\/uploads\/2021\/11\/Cadeau-de-Emile-a-Ernest-200x186.jpg 200w, https:\/\/www.creilsudoise-tourisme.fr\/wp-content\/uploads\/2021\/11\/Cadeau-de-Emile-a-Ernest-650x606.jpg 650w, https:\/\/www.creilsudoise-tourisme.fr\/wp-content\/uploads\/2021\/11\/Cadeau-de-Emile-a-Ernest-387x361.jpg 387w, https:\/\/www.creilsudoise-tourisme.fr\/wp-content\/uploads\/2021\/11\/Cadeau-de-Emile-a-Ernest.jpg 1812w\" sizes=\"(max-width: 247px) 100vw, 247px\" \/><\/figure><\/div><\/div>\n<\/div>\n\n\n\n<hr class=\"wp-block-separator has-css-opacity\"\/>","protected":false},"excerpt":{"rendered":"<p>\u00c9mile Gall\u00e9 (Nancy, 1846-1904) fue un famoso vidriero, ceramista y ebanista franc\u00e9s. Pero \u00bfsab\u00eda que tambi\u00e9n era primo de Ernest Gall\u00e9 (1836-1900), hombre adinerado y propietario de la Maison Gall\u00e9-Juillet de Creil? An\u00e9cdota escrita en colaboraci\u00f3n con el Museo Gall\u00e9-Juillet. La familia de \u00c9mile Gall\u00e9 visita Creil Gracias a los diarios de Ernest Gall\u00e9, varios [...]<\/p>","protected":false},"author":3,"featured_media":38912,"comment_status":"closed","ping_status":"open","sticky":false,"template":"","format":"standard","meta":{"_relevanssi_hide_post":"","_relevanssi_hide_content":"","_relevanssi_pin_for_all":"","_relevanssi_pin_keywords":"","_relevanssi_unpin_keywords":"","_relevanssi_related_keywords":"","_relevanssi_related_include_ids":"","_relevanssi_related_exclude_ids":"","_relevanssi_related_no_append":"","_relevanssi_related_not_related":"","_relevanssi_related_posts":"37951,36668,36660,271,36653,267","_relevanssi_noindex_reason":""},"categories":[3],"tags":[],"yoast_head":"<!-- This site is optimized with the Yoast SEO plugin v20.2.1 - https:\/\/yoast.com\/wordpress\/plugins\/seo\/ -->\n<title>Ernest Gall\u00e9 \u00e9tait le cousin d&#039;\u00c9mile Gall\u00e9<\/title>\n<meta name=\"description\" content=\"D\u00e9couvrez le lien de parent\u00e9 qui relie \u00c9mile Gall\u00e9, c\u00e9l\u00e8bre artiste du courant Art Nouveau, \u00e0 Ernest, propri\u00e9taire de la Maison Gall\u00e9-Juillet \u00e0 Creil\" \/>\n<meta name=\"robots\" content=\"index, follow, max-snippet:-1, max-image-preview:large, max-video-preview:-1\" \/>\n<link rel=\"canonical\" href=\"https:\/\/www.creilsudoise-tourisme.fr\/es\/2021\/11\/30\/emile-galle\/\" \/>\n<meta property=\"og:locale\" content=\"es_ES\" \/>\n<meta property=\"og:type\" content=\"article\" \/>\n<meta property=\"og:title\" content=\"Ernest Gall\u00e9 \u00e9tait le cousin d&#039;\u00c9mile Gall\u00e9\" \/>\n<meta property=\"og:description\" content=\"D\u00e9couvrez le lien de parent\u00e9 qui relie \u00c9mile Gall\u00e9, c\u00e9l\u00e8bre artiste du courant Art Nouveau, \u00e0 Ernest, propri\u00e9taire de la Maison Gall\u00e9-Juillet \u00e0 Creil\" \/>\n<meta property=\"og:url\" content=\"https:\/\/www.creilsudoise-tourisme.fr\/es\/2021\/11\/30\/emile-galle\/\" \/>\n<meta property=\"og:site_name\" content=\"Office de Tourisme Creil Sud Oise\" \/>\n<meta property=\"article:publisher\" content=\"https:\/\/www.facebook.com\/creilsudoisetourisme\/\" \/>\n<meta property=\"article:published_time\" content=\"2021-11-30T09:57:15+00:00\" \/>\n<meta property=\"article:modified_time\" content=\"2024-05-21T09:25:05+00:00\" \/>\n<meta property=\"og:image\" content=\"https:\/\/www.creilsudoise-tourisme.fr\/wp-content\/uploads\/2021\/11\/Emile-Galle.jpg\" \/>\n\t<meta property=\"og:image:width\" content=\"303\" \/>\n\t<meta property=\"og:image:height\" content=\"436\" \/>\n\t<meta property=\"og:image:type\" content=\"image\/jpeg\" \/>\n<meta name=\"author\" content=\"fdubut\" \/>\n<meta name=\"twitter:card\" content=\"summary_large_image\" \/>\n<meta name=\"twitter:creator\" content=\"@CreilSudOiseOT\" \/>\n<meta name=\"twitter:site\" content=\"@CreilSudOiseOT\" \/>\n<meta name=\"twitter:label1\" content=\"Escrito por\" \/>\n\t<meta name=\"twitter:data1\" content=\"fdubut\" \/>\n\t<meta name=\"twitter:label2\" content=\"Tiempo de lectura\" \/>\n\t<meta name=\"twitter:data2\" content=\"3 minutos\" \/>\n<script type=\"application\/ld+json\" class=\"yoast-schema-graph\">{\"@context\":\"https:\/\/schema.org\",\"@graph\":[{\"@type\":\"Article\",\"@id\":\"https:\/\/www.creilsudoise-tourisme.fr\/2021\/11\/30\/emile-galle\/#article\",\"isPartOf\":{\"@id\":\"https:\/\/www.creilsudoise-tourisme.fr\/2021\/11\/30\/emile-galle\/\"},\"author\":{\"name\":\"fdubut\",\"@id\":\"https:\/\/www.creilsudoise-tourisme.fr\/#\/schema\/person\/c5140d47645b13bee896bfe05f1bd5da\"},\"headline\":\"\u00c9mile Gall\u00e9, cousin d&rsquo;Ernest\",\"datePublished\":\"2021-11-30T09:57:15+00:00\",\"dateModified\":\"2024-05-21T09:25:05+00:00\",\"mainEntityOfPage\":{\"@id\":\"https:\/\/www.creilsudoise-tourisme.fr\/2021\/11\/30\/emile-galle\/\"},\"wordCount\":318,\"publisher\":{\"@id\":\"https:\/\/www.creilsudoise-tourisme.fr\/#organization\"},\"articleSection\":[\"Anecdotes\"],\"inLanguage\":\"es\"},{\"@type\":\"WebPage\",\"@id\":\"https:\/\/www.creilsudoise-tourisme.fr\/2021\/11\/30\/emile-galle\/\",\"url\":\"https:\/\/www.creilsudoise-tourisme.fr\/2021\/11\/30\/emile-galle\/\",\"name\":\"Ernest Gall\u00e9 \u00e9tait le cousin d'\u00c9mile Gall\u00e9\",\"isPartOf\":{\"@id\":\"https:\/\/www.creilsudoise-tourisme.fr\/#website\"},\"datePublished\":\"2021-11-30T09:57:15+00:00\",\"dateModified\":\"2024-05-21T09:25:05+00:00\",\"description\":\"D\u00e9couvrez le lien de parent\u00e9 qui relie \u00c9mile Gall\u00e9, c\u00e9l\u00e8bre artiste du courant Art Nouveau, \u00e0 Ernest, propri\u00e9taire de la Maison Gall\u00e9-Juillet \u00e0 Creil\",\"breadcrumb\":{\"@id\":\"https:\/\/www.creilsudoise-tourisme.fr\/2021\/11\/30\/emile-galle\/#breadcrumb\"},\"inLanguage\":\"es\",\"potentialAction\":[{\"@type\":\"ReadAction\",\"target\":[\"https:\/\/www.creilsudoise-tourisme.fr\/2021\/11\/30\/emile-galle\/\"]}]},{\"@type\":\"BreadcrumbList\",\"@id\":\"https:\/\/www.creilsudoise-tourisme.fr\/2021\/11\/30\/emile-galle\/#breadcrumb\",\"itemListElement\":[{\"@type\":\"ListItem\",\"position\":1,\"name\":\"Accueil\",\"item\":\"https:\/\/www.creilsudoise-tourisme.fr\/\"},{\"@type\":\"ListItem\",\"position\":2,\"name\":\"\u00c9mile Gall\u00e9, cousin d&rsquo;Ernest\"}]},{\"@type\":\"WebSite\",\"@id\":\"https:\/\/www.creilsudoise-tourisme.fr\/#website\",\"url\":\"https:\/\/www.creilsudoise-tourisme.fr\/\",\"name\":\"Office de Tourisme Creil Sud Oise\",\"description\":\"Creil Sud Oise Tourisme, un territoire \u00e0 explorer !\",\"publisher\":{\"@id\":\"https:\/\/www.creilsudoise-tourisme.fr\/#organization\"},\"potentialAction\":[{\"@type\":\"SearchAction\",\"target\":{\"@type\":\"EntryPoint\",\"urlTemplate\":\"https:\/\/www.creilsudoise-tourisme.fr\/?s={search_term_string}\"},\"query-input\":\"required name=search_term_string\"}],\"inLanguage\":\"es\"},{\"@type\":\"Organization\",\"@id\":\"https:\/\/www.creilsudoise-tourisme.fr\/#organization\",\"name\":\"Creil Sud Oise Tourisme\",\"url\":\"https:\/\/www.creilsudoise-tourisme.fr\/\",\"logo\":{\"@type\":\"ImageObject\",\"inLanguage\":\"es\",\"@id\":\"https:\/\/www.creilsudoise-tourisme.fr\/#\/schema\/logo\/image\/\",\"url\":\"https:\/\/www.creilsudoise-tourisme.fr\/wp-content\/uploads\/2021\/05\/logo-svg.png\",\"contentUrl\":\"https:\/\/www.creilsudoise-tourisme.fr\/wp-content\/uploads\/2021\/05\/logo-svg.png\",\"width\":182,\"height\":71,\"caption\":\"Creil Sud Oise Tourisme\"},\"image\":{\"@id\":\"https:\/\/www.creilsudoise-tourisme.fr\/#\/schema\/logo\/image\/\"},\"sameAs\":[\"https:\/\/www.facebook.com\/creilsudoisetourisme\/\",\"https:\/\/twitter.com\/CreilSudOiseOT\",\"https:\/\/www.instagram.com\/creilsudoisetourisme\/\",\"https:\/\/www.youtube.com\/channel\/UC8L_QD2wwyADW14zt9fY8kw\"]},{\"@type\":\"Person\",\"@id\":\"https:\/\/www.creilsudoise-tourisme.fr\/#\/schema\/person\/c5140d47645b13bee896bfe05f1bd5da\",\"name\":\"fdubut\",\"image\":{\"@type\":\"ImageObject\",\"inLanguage\":\"es\",\"@id\":\"https:\/\/www.creilsudoise-tourisme.fr\/#\/schema\/person\/image\/\",\"url\":\"https:\/\/secure.gravatar.com\/avatar\/c49bb61337bf4556cafdbcb92c18618d?s=96&d=mm&r=g\",\"contentUrl\":\"https:\/\/secure.gravatar.com\/avatar\/c49bb61337bf4556cafdbcb92c18618d?s=96&d=mm&r=g\",\"caption\":\"fdubut\"},\"url\":\"https:\/\/www.creilsudoise-tourisme.fr\/es\/auteur\/fdubut\/\"}]}<\/script>\n<!-- \/ Yoast SEO plugin. -->","yoast_head_json":{"title":"Ernest Gall\u00e9 \u00e9tait le cousin d'\u00c9mile Gall\u00e9","description":"D\u00e9couvrez le lien de parent\u00e9 qui relie \u00c9mile Gall\u00e9, c\u00e9l\u00e8bre artiste du courant Art Nouveau, \u00e0 Ernest, propri\u00e9taire de la Maison Gall\u00e9-Juillet \u00e0 Creil","robots":{"index":"index","follow":"follow","max-snippet":"max-snippet:-1","max-image-preview":"max-image-preview:large","max-video-preview":"max-video-preview:-1"},"canonical":"https:\/\/www.creilsudoise-tourisme.fr\/es\/2021\/11\/30\/emile-galle\/","og_locale":"es_ES","og_type":"article","og_title":"Ernest Gall\u00e9 \u00e9tait le cousin d'\u00c9mile Gall\u00e9","og_description":"D\u00e9couvrez le lien de parent\u00e9 qui relie \u00c9mile Gall\u00e9, c\u00e9l\u00e8bre artiste du courant Art Nouveau, \u00e0 Ernest, propri\u00e9taire de la Maison Gall\u00e9-Juillet \u00e0 Creil","og_url":"https:\/\/www.creilsudoise-tourisme.fr\/es\/2021\/11\/30\/emile-galle\/","og_site_name":"Office de Tourisme Creil Sud Oise","article_publisher":"https:\/\/www.facebook.com\/creilsudoisetourisme\/","article_published_time":"2021-11-30T09:57:15+00:00","article_modified_time":"2024-05-21T09:25:05+00:00","og_image":[{"width":303,"height":436,"url":"https:\/\/www.creilsudoise-tourisme.fr\/wp-content\/uploads\/2021\/11\/Emile-Galle.jpg","type":"image\/jpeg"}],"author":"fdubut","twitter_card":"summary_large_image","twitter_creator":"@CreilSudOiseOT","twitter_site":"@CreilSudOiseOT","twitter_misc":{"Escrito por":"fdubut","Tiempo de lectura":"3 minutos"},"schema":{"@context":"https:\/\/schema.org","@graph":[{"@type":"Article","@id":"https:\/\/www.creilsudoise-tourisme.fr\/2021\/11\/30\/emile-galle\/#article","isPartOf":{"@id":"https:\/\/www.creilsudoise-tourisme.fr\/2021\/11\/30\/emile-galle\/"},"author":{"name":"fdubut","@id":"https:\/\/www.creilsudoise-tourisme.fr\/#\/schema\/person\/c5140d47645b13bee896bfe05f1bd5da"},"headline":"\u00c9mile Gall\u00e9, cousin d&rsquo;Ernest","datePublished":"2021-11-30T09:57:15+00:00","dateModified":"2024-05-21T09:25:05+00:00","mainEntityOfPage":{"@id":"https:\/\/www.creilsudoise-tourisme.fr\/2021\/11\/30\/emile-galle\/"},"wordCount":318,"publisher":{"@id":"https:\/\/www.creilsudoise-tourisme.fr\/#organization"},"articleSection":["Anecdotes"],"inLanguage":"es"},{"@type":"WebPage","@id":"https:\/\/www.creilsudoise-tourisme.fr\/2021\/11\/30\/emile-galle\/","url":"https:\/\/www.creilsudoise-tourisme.fr\/2021\/11\/30\/emile-galle\/","name":"Ernest Gall\u00e9 \u00e9tait le cousin d'\u00c9mile Gall\u00e9","isPartOf":{"@id":"https:\/\/www.creilsudoise-tourisme.fr\/#website"},"datePublished":"2021-11-30T09:57:15+00:00","dateModified":"2024-05-21T09:25:05+00:00","description":"D\u00e9couvrez le lien de parent\u00e9 qui relie \u00c9mile Gall\u00e9, c\u00e9l\u00e8bre artiste du courant Art Nouveau, \u00e0 Ernest, propri\u00e9taire de la Maison Gall\u00e9-Juillet \u00e0 Creil","breadcrumb":{"@id":"https:\/\/www.creilsudoise-tourisme.fr\/2021\/11\/30\/emile-galle\/#breadcrumb"},"inLanguage":"es","potentialAction":[{"@type":"ReadAction","target":["https:\/\/www.creilsudoise-tourisme.fr\/2021\/11\/30\/emile-galle\/"]}]},{"@type":"BreadcrumbList","@id":"https:\/\/www.creilsudoise-tourisme.fr\/2021\/11\/30\/emile-galle\/#breadcrumb","itemListElement":[{"@type":"ListItem","position":1,"name":"Accueil","item":"https:\/\/www.creilsudoise-tourisme.fr\/"},{"@type":"ListItem","position":2,"name":"\u00c9mile Gall\u00e9, cousin d&rsquo;Ernest"}]},{"@type":"WebSite","@id":"https:\/\/www.creilsudoise-tourisme.fr\/#website","url":"https:\/\/www.creilsudoise-tourisme.fr\/","name":"Office de Tourisme Creil Sud Oise","description":"Creil Sud Oise Tourisme, un territoire \u00e0 explorer !","publisher":{"@id":"https:\/\/www.creilsudoise-tourisme.fr\/#organization"},"potentialAction":[{"@type":"SearchAction","target":{"@type":"EntryPoint","urlTemplate":"https:\/\/www.creilsudoise-tourisme.fr\/?s={search_term_string}"},"query-input":"required name=search_term_string"}],"inLanguage":"es"},{"@type":"Organization","@id":"https:\/\/www.creilsudoise-tourisme.fr\/#organization","name":"Creil Sud Oise Tourisme","url":"https:\/\/www.creilsudoise-tourisme.fr\/","logo":{"@type":"ImageObject","inLanguage":"es","@id":"https:\/\/www.creilsudoise-tourisme.fr\/#\/schema\/logo\/image\/","url":"https:\/\/www.creilsudoise-tourisme.fr\/wp-content\/uploads\/2021\/05\/logo-svg.png","contentUrl":"https:\/\/www.creilsudoise-tourisme.fr\/wp-content\/uploads\/2021\/05\/logo-svg.png","width":182,"height":71,"caption":"Creil Sud Oise Tourisme"},"image":{"@id":"https:\/\/www.creilsudoise-tourisme.fr\/#\/schema\/logo\/image\/"},"sameAs":["https:\/\/www.facebook.com\/creilsudoisetourisme\/","https:\/\/twitter.com\/CreilSudOiseOT","https:\/\/www.instagram.com\/creilsudoisetourisme\/","https:\/\/www.youtube.com\/channel\/UC8L_QD2wwyADW14zt9fY8kw"]},{"@type":"Person","@id":"https:\/\/www.creilsudoise-tourisme.fr\/#\/schema\/person\/c5140d47645b13bee896bfe05f1bd5da","name":"fdubut","image":{"@type":"ImageObject","inLanguage":"es","@id":"https:\/\/www.creilsudoise-tourisme.fr\/#\/schema\/person\/image\/","url":"https:\/\/secure.gravatar.com\/avatar\/c49bb61337bf4556cafdbcb92c18618d?s=96&d=mm&r=g","contentUrl":"https:\/\/secure.gravatar.com\/avatar\/c49bb61337bf4556cafdbcb92c18618d?s=96&d=mm&r=g","caption":"fdubut"},"url":"https:\/\/www.creilsudoise-tourisme.fr\/es\/auteur\/fdubut\/"}]}},"_links":{"self":[{"href":"https:\/\/www.creilsudoise-tourisme.fr\/es\/wp-json\/wp\/v2\/posts\/38910"}],"collection":[{"href":"https:\/\/www.creilsudoise-tourisme.fr\/es\/wp-json\/wp\/v2\/posts"}],"about":[{"href":"https:\/\/www.creilsudoise-tourisme.fr\/es\/wp-json\/wp\/v2\/types\/post"}],"author":[{"embeddable":true,"href":"https:\/\/www.creilsudoise-tourisme.fr\/es\/wp-json\/wp\/v2\/users\/3"}],"replies":[{"embeddable":true,"href":"https:\/\/www.creilsudoise-tourisme.fr\/es\/wp-json\/wp\/v2\/comments?post=38910"}],"version-history":[{"count":4,"href":"https:\/\/www.creilsudoise-tourisme.fr\/es\/wp-json\/wp\/v2\/posts\/38910\/revisions"}],"predecessor-version":[{"id":54019,"href":"https:\/\/www.creilsudoise-tourisme.fr\/es\/wp-json\/wp\/v2\/posts\/38910\/revisions\/54019"}],"wp:featuredmedia":[{"embeddable":true,"href":"https:\/\/www.creilsudoise-tourisme.fr\/es\/wp-json\/wp\/v2\/media\/38912"}],"wp:attachment":[{"href":"https:\/\/www.creilsudoise-tourisme.fr\/es\/wp-json\/wp\/v2\/media?parent=38910"}],"wp:term":[{"taxonomy":"category","embeddable":true,"href":"https:\/\/www.creilsudoise-tourisme.fr\/es\/wp-json\/wp\/v2\/categories?post=38910"},{"taxonomy":"post_tag","embeddable":true,"href":"https:\/\/www.creilsudoise-tourisme.fr\/es\/wp-json\/wp\/v2\/tags?post=38910"}],"curies":[{"name":"wp","href":"https:\/\/api.w.org\/{rel}","templated":true}]}}