{"id":37951,"date":"2021-09-17T12:30:18","date_gmt":"2021-09-17T10:30:18","guid":{"rendered":"https:\/\/www.creilsudoise-tourisme.fr\/?p=37951"},"modified":"2022-01-25T09:09:31","modified_gmt":"2022-01-25T08:09:31","slug":"laversine","status":"publish","type":"post","link":"https:\/\/www.creilsudoise-tourisme.fr\/es\/2021\/09\/17\/laversine\/","title":{"rendered":"El castillo de Laversine"},"content":{"rendered":"<p class=\"is-style-excerpt\">Situado en Saint-Maximin, el <strong>Castillo Laversine<\/strong> alberga ahora los locales de la <strong>Escuela Profesional Rothschild<\/strong>. Pero en realidad, deber\u00edamos hablar m\u00e1s bien de <strong>castillos<\/strong> <strong>Laversine <\/strong>!<\/p>\n\n\n\n<h2>Una sucesi\u00f3n de castillos<\/h2>\n\n\n\n<p>En <strong>Castillo de Laversine<\/strong> es hoy conocido en nuestro territorio como el hogar de un<strong> <a href=\"http:\/\/rothschild.lyc.ac-amiens.fr\/frontend\/\" target=\"_blank\" rel=\"noreferrer noopener\">Lyc\u00e9e professionnel Donaci\u00f3n Robert &amp; Nelly de Rothschild<\/a><\/strong>. Un edificio cuyo<strong> la historia viene de lejos<\/strong>&#8230;<\/p>\n\n\n\n<p>Pero a la hora de explorar su historia, \u00bfdebemos hablar del \"castillo\" de Laversine o de \"los castillos\" de Laversine?<\/p>\n\n\n\n<p>En realidad, en Laversine hay 3 castillos, \u00a1construidos sucesivamente a lo largo del tiempo!<\/p>\n\n\n\n<figure class=\"wp-block-image size-large\"><img decoding=\"async\" loading=\"lazy\" width=\"1200\" height=\"895\" data-src=\"https:\/\/www.creilsudoise-tourisme.fr\/wp-content\/uploads\/2021\/09\/Le-Chateau-de-Laversine-hier-et-aujourdhui-1200x895.jpg\" alt=\"Ch\u00e2teau Laversine ayer y hoy\" class=\"wp-image-37955\" data-srcset=\"https:\/\/www.creilsudoise-tourisme.fr\/wp-content\/uploads\/2021\/09\/Le-Chateau-de-Laversine-hier-et-aujourdhui-1200x895.jpg 1200w, https:\/\/www.creilsudoise-tourisme.fr\/wp-content\/uploads\/2021\/09\/Le-Chateau-de-Laversine-hier-et-aujourdhui-600x447.jpg 600w, https:\/\/www.creilsudoise-tourisme.fr\/wp-content\/uploads\/2021\/09\/Le-Chateau-de-Laversine-hier-et-aujourdhui-900x671.jpg 900w, https:\/\/www.creilsudoise-tourisme.fr\/wp-content\/uploads\/2021\/09\/Le-Chateau-de-Laversine-hier-et-aujourdhui-1536x1145.jpg 1536w, https:\/\/www.creilsudoise-tourisme.fr\/wp-content\/uploads\/2021\/09\/Le-Chateau-de-Laversine-hier-et-aujourdhui-200x149.jpg 200w, https:\/\/www.creilsudoise-tourisme.fr\/wp-content\/uploads\/2021\/09\/Le-Chateau-de-Laversine-hier-et-aujourdhui-650x485.jpg 650w, https:\/\/www.creilsudoise-tourisme.fr\/wp-content\/uploads\/2021\/09\/Le-Chateau-de-Laversine-hier-et-aujourdhui-387x289.jpg 387w, https:\/\/www.creilsudoise-tourisme.fr\/wp-content\/uploads\/2021\/09\/Le-Chateau-de-Laversine-hier-et-aujourdhui.jpg 1600w\" sizes=\"(max-width: 1200px) 100vw, 1200px\" \/><figcaption>Ch\u00e2teau Laversine ayer y hoy<\/figcaption><\/figure>\n\n\n\n<h3>El primer castillo<\/h3>\n\n\n\n<p>En <strong>primer castillo conocido<\/strong> pertenec\u00edan a los miembros de la<strong>Abad\u00eda cisterciense de <a href=\"https:\/\/www.royaumont.com\/\" target=\"_blank\" rel=\"noreferrer noopener\">Royaumont<\/a><\/strong>creada en 1228 por <strong>Saint-Louis<\/strong>. <\/p>\n\n\n\n<p>Un castillo que probablemente fue destruido en 1360 durante la Gran Jacquerie. <\/p>\n\n\n\n<p>Sin embargo, sigue habiendo <strong>peque\u00f1as bodegas de esta \u00e9poca<\/strong>.<\/p>\n\n\n\n<h3>El segundo castillo<\/h3>\n\n\n\n<p>A <strong>segundo castillo<\/strong> se construy\u00f3 entonces, a veces llamada \"se\u00f1or\u00edo\" en los textos, rodeada de casas y una capilla. Primero fue <strong>ocupada por Lord Aubry de Laversine<\/strong>. <\/p>\n\n\n\n<p>La finca permaneci\u00f3 en la familia hasta 1480, cuando <strong>Vasco de Souza lo compra<\/strong>. Fue un personaje importante, consejero y chambel\u00e1n del rey, capit\u00e1n de Creil, que realiz\u00f3 numerosas adquisiciones y construy\u00f3 una gran finca en Saint-Maximin. <\/p>\n\n\n\n<p>Su nieto, Philippe de Suze, teniente general del gobierno de \u00cele-de-France, fue una figura importante en el s\u00e9quito del rey de Francia, Francisco I.<sup>er<\/sup>Los recibi\u00f3 al menos dos veces en Laversine.<\/p>\n\n\n\n<p>M\u00e1s tarde, el castillo pas\u00f3 a ser propiedad del<strong> pr\u00edncipe de Cond\u00e9 que orden\u00f3 su demolici\u00f3n en 1782<\/strong>.<\/p>\n\n\n\n<div class=\"wp-block-cover alignfull has-background-dim\"><img decoding=\"async\" loading=\"lazy\" width=\"1600\" height=\"597\" class=\"wp-block-cover__image-background wp-image-37954\" alt=\"\" data-src=\"https:\/\/www.creilsudoise-tourisme.fr\/wp-content\/uploads\/2021\/09\/Vue-actuelle-Chateau-de-Laversine.jpg\" data-object-fit=\"cover\" data-srcset=\"https:\/\/www.creilsudoise-tourisme.fr\/wp-content\/uploads\/2021\/09\/Vue-actuelle-Chateau-de-Laversine.jpg 1600w, https:\/\/www.creilsudoise-tourisme.fr\/wp-content\/uploads\/2021\/09\/Vue-actuelle-Chateau-de-Laversine-600x224.jpg 600w, https:\/\/www.creilsudoise-tourisme.fr\/wp-content\/uploads\/2021\/09\/Vue-actuelle-Chateau-de-Laversine-1200x448.jpg 1200w, https:\/\/www.creilsudoise-tourisme.fr\/wp-content\/uploads\/2021\/09\/Vue-actuelle-Chateau-de-Laversine-900x336.jpg 900w, https:\/\/www.creilsudoise-tourisme.fr\/wp-content\/uploads\/2021\/09\/Vue-actuelle-Chateau-de-Laversine-1536x573.jpg 1536w, https:\/\/www.creilsudoise-tourisme.fr\/wp-content\/uploads\/2021\/09\/Vue-actuelle-Chateau-de-Laversine-200x75.jpg 200w, https:\/\/www.creilsudoise-tourisme.fr\/wp-content\/uploads\/2021\/09\/Vue-actuelle-Chateau-de-Laversine-650x243.jpg 650w, https:\/\/www.creilsudoise-tourisme.fr\/wp-content\/uploads\/2021\/09\/Vue-actuelle-Chateau-de-Laversine-387x144.jpg 387w\" sizes=\"(max-width: 1600px) 100vw, 1600px\" \/><div class=\"wp-block-cover__inner-container\">\n<p class=\"has-text-align-center has-large-font-size\">El castillo actual<\/p>\n<\/div><\/div>\n\n\n\n<h3>El tercer castillo<\/h3>\n\n\n\n<p>Pero la historia de este lugar contin\u00faa, ya que el 25 de enero de 1874, <strong>El bar\u00f3n Gustave de Rothschild compra la finca<\/strong> y le a\u00f1adi\u00f3 el bosque de Haute Pommeraye. <\/p>\n\n\n\n<p>La construcci\u00f3n del<strong>castillo actual<\/strong> se complet\u00f3 en apenas diez a\u00f1os, \u00a1de 1882 a 1892! <\/p>\n\n\n\n<p>Hay muchas historias sobre el castillo actual, y volveremos a ellas con algunas nuevas. <a href=\"https:\/\/www.creilsudoise-tourisme.fr\/es\/categorie\/anecdotes\/\">an\u00e9cdotas <\/a>\u00a1! Permanezca atento.<\/p>\n\n\n\n<hr class=\"wp-block-separator\"\/>","protected":false},"excerpt":{"rendered":"<p>Situado en Saint-Maximin, el Ch\u00e2teau Laversine alberga actualmente la escuela profesional Rothschild. Pero en realidad, \u00a1deber\u00edamos hablar de los castillos de Laversine! Una sucesi\u00f3n de castillos El castillo de Laversine es hoy conocido en toda Francia por ser la sede de la escuela profesional Donation Robert &amp; Nelly de Rothschild. La historia de este edificio se remonta [...]<\/p>","protected":false},"author":3,"featured_media":37952,"comment_status":"closed","ping_status":"open","sticky":false,"template":"","format":"standard","meta":{"_relevanssi_hide_post":"","_relevanssi_hide_content":"","_relevanssi_pin_for_all":"","_relevanssi_pin_keywords":"","_relevanssi_unpin_keywords":"","_relevanssi_related_keywords":"","_relevanssi_related_include_ids":"","_relevanssi_related_exclude_ids":"","_relevanssi_related_no_append":"","_relevanssi_related_not_related":"","_relevanssi_related_posts":"36660,36690,36653,37932,37317,37046","_relevanssi_noindex_reason":""},"categories":[3],"tags":[],"yoast_head":"<!-- This site is optimized with the Yoast SEO plugin v20.2.1 - https:\/\/yoast.com\/wordpress\/plugins\/seo\/ -->\n<title>Anecdote : le ou les ch\u00e2teaux Laversine \u00e0 Saint-Maximin ?<\/title>\n<meta name=\"description\" content=\"D\u00e9couvrez l&#039;histoire des ch\u00e2teaux qui se sont succ\u00e9d\u00e9s l\u00e0 o\u00f9 se trouve d\u00e9sormais le lyc\u00e9e Rothschild \u00e0 Saint-Maximin.\" \/>\n<meta name=\"robots\" content=\"index, follow, max-snippet:-1, max-image-preview:large, max-video-preview:-1\" \/>\n<link rel=\"canonical\" href=\"https:\/\/www.creilsudoise-tourisme.fr\/es\/2021\/09\/17\/laversine\/\" \/>\n<meta property=\"og:locale\" content=\"es_ES\" \/>\n<meta property=\"og:type\" content=\"article\" \/>\n<meta property=\"og:title\" content=\"Anecdote : le ou les ch\u00e2teaux Laversine \u00e0 Saint-Maximin ?\" \/>\n<meta property=\"og:description\" content=\"D\u00e9couvrez l&#039;histoire des ch\u00e2teaux qui se sont succ\u00e9d\u00e9s l\u00e0 o\u00f9 se trouve d\u00e9sormais le lyc\u00e9e Rothschild \u00e0 Saint-Maximin.\" \/>\n<meta property=\"og:url\" content=\"https:\/\/www.creilsudoise-tourisme.fr\/es\/2021\/09\/17\/laversine\/\" \/>\n<meta property=\"og:site_name\" content=\"Office de Tourisme Creil Sud Oise\" \/>\n<meta property=\"article:publisher\" content=\"https:\/\/www.facebook.com\/creilsudoisetourisme\/\" \/>\n<meta property=\"article:published_time\" content=\"2021-09-17T10:30:18+00:00\" \/>\n<meta property=\"article:modified_time\" content=\"2022-01-25T08:09:31+00:00\" \/>\n<meta property=\"og:image\" content=\"https:\/\/www.creilsudoise-tourisme.fr\/wp-content\/uploads\/2021\/09\/Chateau-Laversine.jpg\" \/>\n\t<meta property=\"og:image:width\" content=\"1600\" \/>\n\t<meta property=\"og:image:height\" content=\"776\" \/>\n\t<meta property=\"og:image:type\" content=\"image\/jpeg\" \/>\n<meta name=\"author\" content=\"fdubut\" \/>\n<meta name=\"twitter:card\" content=\"summary_large_image\" \/>\n<meta name=\"twitter:creator\" content=\"@CreilSudOiseOT\" \/>\n<meta name=\"twitter:site\" content=\"@CreilSudOiseOT\" \/>\n<meta name=\"twitter:label1\" content=\"Escrito por\" \/>\n\t<meta name=\"twitter:data1\" content=\"fdubut\" \/>\n\t<meta name=\"twitter:label2\" content=\"Tiempo de lectura\" \/>\n\t<meta name=\"twitter:data2\" content=\"2 minutos\" \/>\n<script type=\"application\/ld+json\" class=\"yoast-schema-graph\">{\"@context\":\"https:\/\/schema.org\",\"@graph\":[{\"@type\":\"Article\",\"@id\":\"https:\/\/www.creilsudoise-tourisme.fr\/en\/2021\/09\/17\/laversine\/#article\",\"isPartOf\":{\"@id\":\"https:\/\/www.creilsudoise-tourisme.fr\/en\/2021\/09\/17\/laversine\/\"},\"author\":{\"name\":\"fdubut\",\"@id\":\"https:\/\/www.creilsudoise-tourisme.fr\/#\/schema\/person\/c5140d47645b13bee896bfe05f1bd5da\"},\"headline\":\"Le Ch\u00e2teau Laversine\",\"datePublished\":\"2021-09-17T10:30:18+00:00\",\"dateModified\":\"2022-01-25T08:09:31+00:00\",\"mainEntityOfPage\":{\"@id\":\"https:\/\/www.creilsudoise-tourisme.fr\/en\/2021\/09\/17\/laversine\/\"},\"wordCount\":363,\"publisher\":{\"@id\":\"https:\/\/www.creilsudoise-tourisme.fr\/#organization\"},\"articleSection\":[\"Anecdotes\"],\"inLanguage\":\"es\"},{\"@type\":\"WebPage\",\"@id\":\"https:\/\/www.creilsudoise-tourisme.fr\/en\/2021\/09\/17\/laversine\/\",\"url\":\"https:\/\/www.creilsudoise-tourisme.fr\/en\/2021\/09\/17\/laversine\/\",\"name\":\"Anecdote : le ou les ch\u00e2teaux Laversine \u00e0 Saint-Maximin ?\",\"isPartOf\":{\"@id\":\"https:\/\/www.creilsudoise-tourisme.fr\/#website\"},\"datePublished\":\"2021-09-17T10:30:18+00:00\",\"dateModified\":\"2022-01-25T08:09:31+00:00\",\"description\":\"D\u00e9couvrez l'histoire des ch\u00e2teaux qui se sont succ\u00e9d\u00e9s l\u00e0 o\u00f9 se trouve d\u00e9sormais le lyc\u00e9e Rothschild \u00e0 Saint-Maximin.\",\"breadcrumb\":{\"@id\":\"https:\/\/www.creilsudoise-tourisme.fr\/en\/2021\/09\/17\/laversine\/#breadcrumb\"},\"inLanguage\":\"es\",\"potentialAction\":[{\"@type\":\"ReadAction\",\"target\":[\"https:\/\/www.creilsudoise-tourisme.fr\/en\/2021\/09\/17\/laversine\/\"]}]},{\"@type\":\"BreadcrumbList\",\"@id\":\"https:\/\/www.creilsudoise-tourisme.fr\/en\/2021\/09\/17\/laversine\/#breadcrumb\",\"itemListElement\":[{\"@type\":\"ListItem\",\"position\":1,\"name\":\"Accueil\",\"item\":\"https:\/\/www.creilsudoise-tourisme.fr\/\"},{\"@type\":\"ListItem\",\"position\":2,\"name\":\"Le Ch\u00e2teau Laversine\"}]},{\"@type\":\"WebSite\",\"@id\":\"https:\/\/www.creilsudoise-tourisme.fr\/#website\",\"url\":\"https:\/\/www.creilsudoise-tourisme.fr\/\",\"name\":\"Office de Tourisme Creil Sud Oise\",\"description\":\"Creil Sud Oise Tourisme, un territoire \u00e0 explorer !\",\"publisher\":{\"@id\":\"https:\/\/www.creilsudoise-tourisme.fr\/#organization\"},\"potentialAction\":[{\"@type\":\"SearchAction\",\"target\":{\"@type\":\"EntryPoint\",\"urlTemplate\":\"https:\/\/www.creilsudoise-tourisme.fr\/?s={search_term_string}\"},\"query-input\":\"required name=search_term_string\"}],\"inLanguage\":\"es\"},{\"@type\":\"Organization\",\"@id\":\"https:\/\/www.creilsudoise-tourisme.fr\/#organization\",\"name\":\"Creil Sud Oise Tourisme\",\"url\":\"https:\/\/www.creilsudoise-tourisme.fr\/\",\"logo\":{\"@type\":\"ImageObject\",\"inLanguage\":\"es\",\"@id\":\"https:\/\/www.creilsudoise-tourisme.fr\/#\/schema\/logo\/image\/\",\"url\":\"https:\/\/www.creilsudoise-tourisme.fr\/wp-content\/uploads\/2021\/05\/logo-svg.png\",\"contentUrl\":\"https:\/\/www.creilsudoise-tourisme.fr\/wp-content\/uploads\/2021\/05\/logo-svg.png\",\"width\":182,\"height\":71,\"caption\":\"Creil Sud Oise Tourisme\"},\"image\":{\"@id\":\"https:\/\/www.creilsudoise-tourisme.fr\/#\/schema\/logo\/image\/\"},\"sameAs\":[\"https:\/\/www.facebook.com\/creilsudoisetourisme\/\",\"https:\/\/twitter.com\/CreilSudOiseOT\",\"https:\/\/www.instagram.com\/creilsudoisetourisme\/\",\"https:\/\/www.youtube.com\/channel\/UC8L_QD2wwyADW14zt9fY8kw\"]},{\"@type\":\"Person\",\"@id\":\"https:\/\/www.creilsudoise-tourisme.fr\/#\/schema\/person\/c5140d47645b13bee896bfe05f1bd5da\",\"name\":\"fdubut\",\"image\":{\"@type\":\"ImageObject\",\"inLanguage\":\"es\",\"@id\":\"https:\/\/www.creilsudoise-tourisme.fr\/#\/schema\/person\/image\/\",\"url\":\"https:\/\/secure.gravatar.com\/avatar\/c49bb61337bf4556cafdbcb92c18618d?s=96&d=mm&r=g\",\"contentUrl\":\"https:\/\/secure.gravatar.com\/avatar\/c49bb61337bf4556cafdbcb92c18618d?s=96&d=mm&r=g\",\"caption\":\"fdubut\"},\"url\":\"https:\/\/www.creilsudoise-tourisme.fr\/es\/auteur\/fdubut\/\"}]}<\/script>\n<!-- \/ Yoast SEO plugin. -->","yoast_head_json":{"title":"Anecdote : le ou les ch\u00e2teaux Laversine \u00e0 Saint-Maximin ?","description":"D\u00e9couvrez l'histoire des ch\u00e2teaux qui se sont succ\u00e9d\u00e9s l\u00e0 o\u00f9 se trouve d\u00e9sormais le lyc\u00e9e Rothschild \u00e0 Saint-Maximin.","robots":{"index":"index","follow":"follow","max-snippet":"max-snippet:-1","max-image-preview":"max-image-preview:large","max-video-preview":"max-video-preview:-1"},"canonical":"https:\/\/www.creilsudoise-tourisme.fr\/es\/2021\/09\/17\/laversine\/","og_locale":"es_ES","og_type":"article","og_title":"Anecdote : le ou les ch\u00e2teaux Laversine \u00e0 Saint-Maximin ?","og_description":"D\u00e9couvrez l'histoire des ch\u00e2teaux qui se sont succ\u00e9d\u00e9s l\u00e0 o\u00f9 se trouve d\u00e9sormais le lyc\u00e9e Rothschild \u00e0 Saint-Maximin.","og_url":"https:\/\/www.creilsudoise-tourisme.fr\/es\/2021\/09\/17\/laversine\/","og_site_name":"Office de Tourisme Creil Sud Oise","article_publisher":"https:\/\/www.facebook.com\/creilsudoisetourisme\/","article_published_time":"2021-09-17T10:30:18+00:00","article_modified_time":"2022-01-25T08:09:31+00:00","og_image":[{"width":1600,"height":776,"url":"https:\/\/www.creilsudoise-tourisme.fr\/wp-content\/uploads\/2021\/09\/Chateau-Laversine.jpg","type":"image\/jpeg"}],"author":"fdubut","twitter_card":"summary_large_image","twitter_creator":"@CreilSudOiseOT","twitter_site":"@CreilSudOiseOT","twitter_misc":{"Escrito por":"fdubut","Tiempo de lectura":"2 minutos"},"schema":{"@context":"https:\/\/schema.org","@graph":[{"@type":"Article","@id":"https:\/\/www.creilsudoise-tourisme.fr\/en\/2021\/09\/17\/laversine\/#article","isPartOf":{"@id":"https:\/\/www.creilsudoise-tourisme.fr\/en\/2021\/09\/17\/laversine\/"},"author":{"name":"fdubut","@id":"https:\/\/www.creilsudoise-tourisme.fr\/#\/schema\/person\/c5140d47645b13bee896bfe05f1bd5da"},"headline":"Le Ch\u00e2teau Laversine","datePublished":"2021-09-17T10:30:18+00:00","dateModified":"2022-01-25T08:09:31+00:00","mainEntityOfPage":{"@id":"https:\/\/www.creilsudoise-tourisme.fr\/en\/2021\/09\/17\/laversine\/"},"wordCount":363,"publisher":{"@id":"https:\/\/www.creilsudoise-tourisme.fr\/#organization"},"articleSection":["Anecdotes"],"inLanguage":"es"},{"@type":"WebPage","@id":"https:\/\/www.creilsudoise-tourisme.fr\/en\/2021\/09\/17\/laversine\/","url":"https:\/\/www.creilsudoise-tourisme.fr\/en\/2021\/09\/17\/laversine\/","name":"Anecdote : le ou les ch\u00e2teaux Laversine \u00e0 Saint-Maximin ?","isPartOf":{"@id":"https:\/\/www.creilsudoise-tourisme.fr\/#website"},"datePublished":"2021-09-17T10:30:18+00:00","dateModified":"2022-01-25T08:09:31+00:00","description":"D\u00e9couvrez l'histoire des ch\u00e2teaux qui se sont succ\u00e9d\u00e9s l\u00e0 o\u00f9 se trouve d\u00e9sormais le lyc\u00e9e Rothschild \u00e0 Saint-Maximin.","breadcrumb":{"@id":"https:\/\/www.creilsudoise-tourisme.fr\/en\/2021\/09\/17\/laversine\/#breadcrumb"},"inLanguage":"es","potentialAction":[{"@type":"ReadAction","target":["https:\/\/www.creilsudoise-tourisme.fr\/en\/2021\/09\/17\/laversine\/"]}]},{"@type":"BreadcrumbList","@id":"https:\/\/www.creilsudoise-tourisme.fr\/en\/2021\/09\/17\/laversine\/#breadcrumb","itemListElement":[{"@type":"ListItem","position":1,"name":"Accueil","item":"https:\/\/www.creilsudoise-tourisme.fr\/"},{"@type":"ListItem","position":2,"name":"Le Ch\u00e2teau Laversine"}]},{"@type":"WebSite","@id":"https:\/\/www.creilsudoise-tourisme.fr\/#website","url":"https:\/\/www.creilsudoise-tourisme.fr\/","name":"Office de Tourisme Creil Sud Oise","description":"Creil Sud Oise Tourisme, un territoire \u00e0 explorer !","publisher":{"@id":"https:\/\/www.creilsudoise-tourisme.fr\/#organization"},"potentialAction":[{"@type":"SearchAction","target":{"@type":"EntryPoint","urlTemplate":"https:\/\/www.creilsudoise-tourisme.fr\/?s={search_term_string}"},"query-input":"required name=search_term_string"}],"inLanguage":"es"},{"@type":"Organization","@id":"https:\/\/www.creilsudoise-tourisme.fr\/#organization","name":"Creil Sud Oise Tourisme","url":"https:\/\/www.creilsudoise-tourisme.fr\/","logo":{"@type":"ImageObject","inLanguage":"es","@id":"https:\/\/www.creilsudoise-tourisme.fr\/#\/schema\/logo\/image\/","url":"https:\/\/www.creilsudoise-tourisme.fr\/wp-content\/uploads\/2021\/05\/logo-svg.png","contentUrl":"https:\/\/www.creilsudoise-tourisme.fr\/wp-content\/uploads\/2021\/05\/logo-svg.png","width":182,"height":71,"caption":"Creil Sud Oise Tourisme"},"image":{"@id":"https:\/\/www.creilsudoise-tourisme.fr\/#\/schema\/logo\/image\/"},"sameAs":["https:\/\/www.facebook.com\/creilsudoisetourisme\/","https:\/\/twitter.com\/CreilSudOiseOT","https:\/\/www.instagram.com\/creilsudoisetourisme\/","https:\/\/www.youtube.com\/channel\/UC8L_QD2wwyADW14zt9fY8kw"]},{"@type":"Person","@id":"https:\/\/www.creilsudoise-tourisme.fr\/#\/schema\/person\/c5140d47645b13bee896bfe05f1bd5da","name":"fdubut","image":{"@type":"ImageObject","inLanguage":"es","@id":"https:\/\/www.creilsudoise-tourisme.fr\/#\/schema\/person\/image\/","url":"https:\/\/secure.gravatar.com\/avatar\/c49bb61337bf4556cafdbcb92c18618d?s=96&d=mm&r=g","contentUrl":"https:\/\/secure.gravatar.com\/avatar\/c49bb61337bf4556cafdbcb92c18618d?s=96&d=mm&r=g","caption":"fdubut"},"url":"https:\/\/www.creilsudoise-tourisme.fr\/es\/auteur\/fdubut\/"}]}},"_links":{"self":[{"href":"https:\/\/www.creilsudoise-tourisme.fr\/es\/wp-json\/wp\/v2\/posts\/37951"}],"collection":[{"href":"https:\/\/www.creilsudoise-tourisme.fr\/es\/wp-json\/wp\/v2\/posts"}],"about":[{"href":"https:\/\/www.creilsudoise-tourisme.fr\/es\/wp-json\/wp\/v2\/types\/post"}],"author":[{"embeddable":true,"href":"https:\/\/www.creilsudoise-tourisme.fr\/es\/wp-json\/wp\/v2\/users\/3"}],"replies":[{"embeddable":true,"href":"https:\/\/www.creilsudoise-tourisme.fr\/es\/wp-json\/wp\/v2\/comments?post=37951"}],"version-history":[{"count":3,"href":"https:\/\/www.creilsudoise-tourisme.fr\/es\/wp-json\/wp\/v2\/posts\/37951\/revisions"}],"predecessor-version":[{"id":37958,"href":"https:\/\/www.creilsudoise-tourisme.fr\/es\/wp-json\/wp\/v2\/posts\/37951\/revisions\/37958"}],"wp:featuredmedia":[{"embeddable":true,"href":"https:\/\/www.creilsudoise-tourisme.fr\/es\/wp-json\/wp\/v2\/media\/37952"}],"wp:attachment":[{"href":"https:\/\/www.creilsudoise-tourisme.fr\/es\/wp-json\/wp\/v2\/media?parent=37951"}],"wp:term":[{"taxonomy":"category","embeddable":true,"href":"https:\/\/www.creilsudoise-tourisme.fr\/es\/wp-json\/wp\/v2\/categories?post=37951"},{"taxonomy":"post_tag","embeddable":true,"href":"https:\/\/www.creilsudoise-tourisme.fr\/es\/wp-json\/wp\/v2\/tags?post=37951"}],"curies":[{"name":"wp","href":"https:\/\/api.w.org\/{rel}","templated":true}]}}