{"id":37325,"date":"2021-08-11T14:16:27","date_gmt":"2021-08-11T12:16:27","guid":{"rendered":"https:\/\/www.creilsudoise-tourisme.fr\/?p=37325"},"modified":"2022-01-25T09:09:46","modified_gmt":"2022-01-25T08:09:46","slug":"etymologie","status":"publish","type":"post","link":"https:\/\/www.creilsudoise-tourisme.fr\/es\/2021\/08\/11\/etimologia\/","title":{"rendered":"Etimolog\u00eda: Rousseloy, Maysel, Cramoisy"},"content":{"rendered":"<p class=\"is-style-excerpt\">\u00bfTe has preguntado alguna vez <strong>de d\u00f3nde viene el nombre de su municipio<\/strong> ? Vamos a intentar responder a esa pregunta con algunas pistas. En esta an\u00e9cdota, descubrimos <strong>Rousseloy<\/strong>, <strong>Maysel <\/strong>y <strong>Cramoisy <\/strong>!<\/p>\n\n\n\n<h2>Rousseloy<\/h2>\n\n\n\n<p><strong>Rousseloy<\/strong>Aunque el nombre podr\u00eda sugerir una segunda vuelta, parece que el origen del nombre del municipio es bastante diferente.<\/p>\n\n\n\n<p>Seg\u00fan una nota de principios del 17<sup>\u00e8me<\/sup> siglo, el origen de <strong>este nombre, que se remonta a 11<sup>\u00e8me<\/sup> siglo<\/strong> gracias a una ruptura sem\u00e1ntica. Su base, <strong>\"Ross\" se referir\u00eda de hecho a la palabra \"caballo\". <\/strong>en germ\u00e1nico, un recordatorio de que la zona de Rousseloy fue anta\u00f1o el hogar de los<strong> restos de una estaci\u00f3n repetidora<\/strong>en el cruce de las calzadas romanas. <\/p>\n\n\n\n<p>Una segunda hip\u00f3tesis entre esta nota revela la posibilidad de una <strong>territorio donde hab\u00eda muchos juncos<\/strong>Una planta que crece en suelos calc\u00e1reos como los de Rousseloy.<\/p>\n\n\n\n<figure class=\"wp-block-image size-large\"><img decoding=\"async\" loading=\"lazy\" width=\"1200\" height=\"768\" data-src=\"https:\/\/www.creilsudoise-tourisme.fr\/wp-content\/uploads\/2021\/08\/Rousseloy-1200x768.jpg\" alt=\"Vista a\u00e9rea del pueblo de Rousseloy\" class=\"wp-image-37329\" data-srcset=\"https:\/\/www.creilsudoise-tourisme.fr\/wp-content\/uploads\/2021\/08\/Rousseloy-1200x768.jpg 1200w, https:\/\/www.creilsudoise-tourisme.fr\/wp-content\/uploads\/2021\/08\/Rousseloy-600x384.jpg 600w, https:\/\/www.creilsudoise-tourisme.fr\/wp-content\/uploads\/2021\/08\/Rousseloy-900x576.jpg 900w, https:\/\/www.creilsudoise-tourisme.fr\/wp-content\/uploads\/2021\/08\/Rousseloy-200x128.jpg 200w, https:\/\/www.creilsudoise-tourisme.fr\/wp-content\/uploads\/2021\/08\/Rousseloy-650x416.jpg 650w, https:\/\/www.creilsudoise-tourisme.fr\/wp-content\/uploads\/2021\/08\/Rousseloy-387x248.jpg 387w, https:\/\/www.creilsudoise-tourisme.fr\/wp-content\/uploads\/2021\/08\/Rousseloy.jpg 1496w\" sizes=\"(max-width: 1200px) 100vw, 1200px\" \/><\/figure>\n\n\n\n<h2>Maysel<\/h2>\n\n\n\n<p><strong>Maysel, antes conocido como Macellum<\/strong>tiene su origen en<strong> Lat\u00edn y franc\u00e9s antiguo<\/strong>. <strong>\"Macellum\" significa \"matadero\" en lat\u00edn<\/strong>el franc\u00e9s antiguo conserv\u00f3 la forma de \"Maisel\" para designar una casa. <strong>carnicer\u00eda<\/strong>. As\u00ed que es una apuesta segura que Maysel fue el hogar de <strong>un mercado de carne que dej\u00f3 su huella en la historia de la ciudad<\/strong>.<\/p>\n\n\n\n<figure class=\"wp-block-image size-large\"><img decoding=\"async\" loading=\"lazy\" width=\"1200\" height=\"769\" data-src=\"https:\/\/www.creilsudoise-tourisme.fr\/wp-content\/uploads\/2021\/08\/Maysel-1200x769.jpg\" alt=\"Pueblo de Maysel\" class=\"wp-image-37328\" data-srcset=\"https:\/\/www.creilsudoise-tourisme.fr\/wp-content\/uploads\/2021\/08\/Maysel-1200x769.jpg 1200w, https:\/\/www.creilsudoise-tourisme.fr\/wp-content\/uploads\/2021\/08\/Maysel-600x385.jpg 600w, https:\/\/www.creilsudoise-tourisme.fr\/wp-content\/uploads\/2021\/08\/Maysel-900x577.jpg 900w, https:\/\/www.creilsudoise-tourisme.fr\/wp-content\/uploads\/2021\/08\/Maysel-200x128.jpg 200w, https:\/\/www.creilsudoise-tourisme.fr\/wp-content\/uploads\/2021\/08\/Maysel-650x417.jpg 650w, https:\/\/www.creilsudoise-tourisme.fr\/wp-content\/uploads\/2021\/08\/Maysel-387x248.jpg 387w, https:\/\/www.creilsudoise-tourisme.fr\/wp-content\/uploads\/2021\/08\/Maysel.jpg 1523w\" sizes=\"(max-width: 1200px) 100vw, 1200px\" \/><\/figure>\n\n\n\n<h2>Cramoisy<\/h2>\n\n\n\n<p>En cuanto a <strong>Cramoisy<\/strong>viene de <strong>Nombre galo-romano Cramisius <\/strong>al que se a\u00f1ade el <strong>sufijo \"acum\", que significa \"la tierra de\".<\/strong>literalmente <strong>\"la finca de Cramisius<\/strong>. <\/p>\n\n\n\n<p>Puede que la historia no haya registrado su nombre, pero el hombre dej\u00f3 claramente su huella en la zona, ya que los diversos nombres de la comuna est\u00e1n todos relacionados con \u00e9l. En <strong>\"Cramisiacus\" en 859<\/strong>el pueblo se est\u00e1 convirtiendo en <strong>\"Cremoisy en la di\u00f3cesis de Beauveiz\" en 1273<\/strong>o <strong>\"Kramoisi\" a las 14<sup>\u00e8me<\/sup> siglo<\/strong>.<\/p>\n\n\n\n<figure class=\"wp-block-image size-large\"><img decoding=\"async\" loading=\"lazy\" width=\"1200\" height=\"753\" data-src=\"https:\/\/www.creilsudoise-tourisme.fr\/wp-content\/uploads\/2021\/08\/Cramoisy-sortie-dusine-1200x753.jpg\" alt=\"Salida de f\u00e1brica en Cramoisy\" class=\"wp-image-37326\" data-srcset=\"https:\/\/www.creilsudoise-tourisme.fr\/wp-content\/uploads\/2021\/08\/Cramoisy-sortie-dusine-1200x753.jpg 1200w, https:\/\/www.creilsudoise-tourisme.fr\/wp-content\/uploads\/2021\/08\/Cramoisy-sortie-dusine-600x376.jpg 600w, https:\/\/www.creilsudoise-tourisme.fr\/wp-content\/uploads\/2021\/08\/Cramoisy-sortie-dusine-900x565.jpg 900w, https:\/\/www.creilsudoise-tourisme.fr\/wp-content\/uploads\/2021\/08\/Cramoisy-sortie-dusine-1536x964.jpg 1536w, https:\/\/www.creilsudoise-tourisme.fr\/wp-content\/uploads\/2021\/08\/Cramoisy-sortie-dusine-200x125.jpg 200w, https:\/\/www.creilsudoise-tourisme.fr\/wp-content\/uploads\/2021\/08\/Cramoisy-sortie-dusine-650x408.jpg 650w, https:\/\/www.creilsudoise-tourisme.fr\/wp-content\/uploads\/2021\/08\/Cramoisy-sortie-dusine-387x243.jpg 387w, https:\/\/www.creilsudoise-tourisme.fr\/wp-content\/uploads\/2021\/08\/Cramoisy-sortie-dusine.jpg 1913w\" sizes=\"(max-width: 1200px) 100vw, 1200px\" \/><\/figure>\n\n\n\n<hr class=\"wp-block-separator\"\/>","protected":false},"excerpt":{"rendered":"<p>\u00bfTe has preguntado alguna vez de d\u00f3nde viene el nombre de tu comuna? Pues vamos a intentar responder a esa pregunta con algunas pistas. En esta an\u00e9cdota, descubrimos Rousseloy, Maysel y Cramoisy. Rousseloy Rousseloy puede parecer el nombre de un arroyo, pero parece que el origen del nombre del municipio se encuentra en el [...].<\/p>","protected":false},"author":3,"featured_media":37326,"comment_status":"closed","ping_status":"open","sticky":false,"template":"","format":"standard","meta":{"_relevanssi_hide_post":"","_relevanssi_hide_content":"","_relevanssi_pin_for_all":"","_relevanssi_pin_keywords":"","_relevanssi_unpin_keywords":"","_relevanssi_related_keywords":"","_relevanssi_related_include_ids":"","_relevanssi_related_exclude_ids":"","_relevanssi_related_no_append":"","_relevanssi_related_not_related":"","_relevanssi_related_posts":"36668,271,37307,36660,36681,36653","_relevanssi_noindex_reason":""},"categories":[3],"tags":[],"yoast_head":"<!-- This site is optimized with the Yoast SEO plugin v20.2.1 - https:\/\/yoast.com\/wordpress\/plugins\/seo\/ -->\n<title>Anecdote : l&#039;\u00e9tymologie de Rousseloy, Maysel et Cramoisy<\/title>\n<meta name=\"description\" content=\"D\u00e9couvrez l&#039;origine des noms des villages de Rousseloy, Maysel et Cramoisy \u00e0 travers une anecdote concoct\u00e9e par l&#039;Office de Tourisme !\" \/>\n<meta name=\"robots\" content=\"index, follow, max-snippet:-1, max-image-preview:large, max-video-preview:-1\" \/>\n<link rel=\"canonical\" href=\"https:\/\/www.creilsudoise-tourisme.fr\/es\/2021\/08\/11\/etymologie\/\" \/>\n<meta property=\"og:locale\" content=\"es_ES\" \/>\n<meta property=\"og:type\" content=\"article\" \/>\n<meta property=\"og:title\" content=\"Anecdote : l&#039;\u00e9tymologie de Rousseloy, Maysel et Cramoisy\" \/>\n<meta property=\"og:description\" content=\"D\u00e9couvrez l&#039;origine des noms des villages de Rousseloy, Maysel et Cramoisy \u00e0 travers une anecdote concoct\u00e9e par l&#039;Office de Tourisme !\" \/>\n<meta property=\"og:url\" content=\"https:\/\/www.creilsudoise-tourisme.fr\/es\/2021\/08\/11\/etymologie\/\" \/>\n<meta property=\"og:site_name\" content=\"Office de Tourisme Creil Sud Oise\" \/>\n<meta property=\"article:publisher\" content=\"https:\/\/www.facebook.com\/creilsudoisetourisme\/\" \/>\n<meta property=\"article:published_time\" content=\"2021-08-11T12:16:27+00:00\" \/>\n<meta property=\"article:modified_time\" content=\"2022-01-25T08:09:46+00:00\" \/>\n<meta property=\"og:image\" content=\"https:\/\/www.creilsudoise-tourisme.fr\/wp-content\/uploads\/2021\/08\/Cramoisy-sortie-dusine.jpg\" \/>\n\t<meta property=\"og:image:width\" content=\"1913\" \/>\n\t<meta property=\"og:image:height\" content=\"1200\" \/>\n\t<meta property=\"og:image:type\" content=\"image\/jpeg\" \/>\n<meta name=\"author\" content=\"fdubut\" \/>\n<meta name=\"twitter:card\" content=\"summary_large_image\" \/>\n<meta name=\"twitter:creator\" content=\"@CreilSudOiseOT\" \/>\n<meta name=\"twitter:site\" content=\"@CreilSudOiseOT\" \/>\n<meta name=\"twitter:label1\" content=\"Escrito por\" \/>\n\t<meta name=\"twitter:data1\" content=\"fdubut\" \/>\n\t<meta name=\"twitter:label2\" content=\"Tiempo de lectura\" \/>\n\t<meta name=\"twitter:data2\" content=\"2 minutos\" \/>\n<script type=\"application\/ld+json\" class=\"yoast-schema-graph\">{\"@context\":\"https:\/\/schema.org\",\"@graph\":[{\"@type\":\"Article\",\"@id\":\"https:\/\/www.creilsudoise-tourisme.fr\/en\/2021\/08\/11\/etymologie\/#article\",\"isPartOf\":{\"@id\":\"https:\/\/www.creilsudoise-tourisme.fr\/en\/2021\/08\/11\/etymologie\/\"},\"author\":{\"name\":\"fdubut\",\"@id\":\"https:\/\/www.creilsudoise-tourisme.fr\/#\/schema\/person\/c5140d47645b13bee896bfe05f1bd5da\"},\"headline\":\"Etymologie : Rousseloy, Maysel, Cramoisy\",\"datePublished\":\"2021-08-11T12:16:27+00:00\",\"dateModified\":\"2022-01-25T08:09:46+00:00\",\"mainEntityOfPage\":{\"@id\":\"https:\/\/www.creilsudoise-tourisme.fr\/en\/2021\/08\/11\/etymologie\/\"},\"wordCount\":305,\"publisher\":{\"@id\":\"https:\/\/www.creilsudoise-tourisme.fr\/#organization\"},\"articleSection\":[\"Anecdotes\"],\"inLanguage\":\"es\"},{\"@type\":\"WebPage\",\"@id\":\"https:\/\/www.creilsudoise-tourisme.fr\/en\/2021\/08\/11\/etymologie\/\",\"url\":\"https:\/\/www.creilsudoise-tourisme.fr\/en\/2021\/08\/11\/etymologie\/\",\"name\":\"Anecdote : l'\u00e9tymologie de Rousseloy, Maysel et Cramoisy\",\"isPartOf\":{\"@id\":\"https:\/\/www.creilsudoise-tourisme.fr\/#website\"},\"datePublished\":\"2021-08-11T12:16:27+00:00\",\"dateModified\":\"2022-01-25T08:09:46+00:00\",\"description\":\"D\u00e9couvrez l'origine des noms des villages de Rousseloy, Maysel et Cramoisy \u00e0 travers une anecdote concoct\u00e9e par l'Office de Tourisme !\",\"breadcrumb\":{\"@id\":\"https:\/\/www.creilsudoise-tourisme.fr\/en\/2021\/08\/11\/etymologie\/#breadcrumb\"},\"inLanguage\":\"es\",\"potentialAction\":[{\"@type\":\"ReadAction\",\"target\":[\"https:\/\/www.creilsudoise-tourisme.fr\/en\/2021\/08\/11\/etymologie\/\"]}]},{\"@type\":\"BreadcrumbList\",\"@id\":\"https:\/\/www.creilsudoise-tourisme.fr\/en\/2021\/08\/11\/etymologie\/#breadcrumb\",\"itemListElement\":[{\"@type\":\"ListItem\",\"position\":1,\"name\":\"Accueil\",\"item\":\"https:\/\/www.creilsudoise-tourisme.fr\/\"},{\"@type\":\"ListItem\",\"position\":2,\"name\":\"Etymologie : Rousseloy, Maysel, Cramoisy\"}]},{\"@type\":\"WebSite\",\"@id\":\"https:\/\/www.creilsudoise-tourisme.fr\/#website\",\"url\":\"https:\/\/www.creilsudoise-tourisme.fr\/\",\"name\":\"Office de Tourisme Creil Sud Oise\",\"description\":\"Creil Sud Oise Tourisme, un territoire \u00e0 explorer !\",\"publisher\":{\"@id\":\"https:\/\/www.creilsudoise-tourisme.fr\/#organization\"},\"potentialAction\":[{\"@type\":\"SearchAction\",\"target\":{\"@type\":\"EntryPoint\",\"urlTemplate\":\"https:\/\/www.creilsudoise-tourisme.fr\/?s={search_term_string}\"},\"query-input\":\"required name=search_term_string\"}],\"inLanguage\":\"es\"},{\"@type\":\"Organization\",\"@id\":\"https:\/\/www.creilsudoise-tourisme.fr\/#organization\",\"name\":\"Creil Sud Oise Tourisme\",\"url\":\"https:\/\/www.creilsudoise-tourisme.fr\/\",\"logo\":{\"@type\":\"ImageObject\",\"inLanguage\":\"es\",\"@id\":\"https:\/\/www.creilsudoise-tourisme.fr\/#\/schema\/logo\/image\/\",\"url\":\"https:\/\/www.creilsudoise-tourisme.fr\/wp-content\/uploads\/2021\/05\/logo-svg.png\",\"contentUrl\":\"https:\/\/www.creilsudoise-tourisme.fr\/wp-content\/uploads\/2021\/05\/logo-svg.png\",\"width\":182,\"height\":71,\"caption\":\"Creil Sud Oise Tourisme\"},\"image\":{\"@id\":\"https:\/\/www.creilsudoise-tourisme.fr\/#\/schema\/logo\/image\/\"},\"sameAs\":[\"https:\/\/www.facebook.com\/creilsudoisetourisme\/\",\"https:\/\/twitter.com\/CreilSudOiseOT\",\"https:\/\/www.instagram.com\/creilsudoisetourisme\/\",\"https:\/\/www.youtube.com\/channel\/UC8L_QD2wwyADW14zt9fY8kw\"]},{\"@type\":\"Person\",\"@id\":\"https:\/\/www.creilsudoise-tourisme.fr\/#\/schema\/person\/c5140d47645b13bee896bfe05f1bd5da\",\"name\":\"fdubut\",\"image\":{\"@type\":\"ImageObject\",\"inLanguage\":\"es\",\"@id\":\"https:\/\/www.creilsudoise-tourisme.fr\/#\/schema\/person\/image\/\",\"url\":\"https:\/\/secure.gravatar.com\/avatar\/c49bb61337bf4556cafdbcb92c18618d?s=96&d=mm&r=g\",\"contentUrl\":\"https:\/\/secure.gravatar.com\/avatar\/c49bb61337bf4556cafdbcb92c18618d?s=96&d=mm&r=g\",\"caption\":\"fdubut\"},\"url\":\"https:\/\/www.creilsudoise-tourisme.fr\/es\/auteur\/fdubut\/\"}]}<\/script>\n<!-- \/ Yoast SEO plugin. -->","yoast_head_json":{"title":"Anecdote : l'\u00e9tymologie de Rousseloy, Maysel et Cramoisy","description":"D\u00e9couvrez l'origine des noms des villages de Rousseloy, Maysel et Cramoisy \u00e0 travers une anecdote concoct\u00e9e par l'Office de Tourisme !","robots":{"index":"index","follow":"follow","max-snippet":"max-snippet:-1","max-image-preview":"max-image-preview:large","max-video-preview":"max-video-preview:-1"},"canonical":"https:\/\/www.creilsudoise-tourisme.fr\/es\/2021\/08\/11\/etymologie\/","og_locale":"es_ES","og_type":"article","og_title":"Anecdote : l'\u00e9tymologie de Rousseloy, Maysel et Cramoisy","og_description":"D\u00e9couvrez l'origine des noms des villages de Rousseloy, Maysel et Cramoisy \u00e0 travers une anecdote concoct\u00e9e par l'Office de Tourisme !","og_url":"https:\/\/www.creilsudoise-tourisme.fr\/es\/2021\/08\/11\/etymologie\/","og_site_name":"Office de Tourisme Creil Sud Oise","article_publisher":"https:\/\/www.facebook.com\/creilsudoisetourisme\/","article_published_time":"2021-08-11T12:16:27+00:00","article_modified_time":"2022-01-25T08:09:46+00:00","og_image":[{"width":1913,"height":1200,"url":"https:\/\/www.creilsudoise-tourisme.fr\/wp-content\/uploads\/2021\/08\/Cramoisy-sortie-dusine.jpg","type":"image\/jpeg"}],"author":"fdubut","twitter_card":"summary_large_image","twitter_creator":"@CreilSudOiseOT","twitter_site":"@CreilSudOiseOT","twitter_misc":{"Escrito por":"fdubut","Tiempo de lectura":"2 minutos"},"schema":{"@context":"https:\/\/schema.org","@graph":[{"@type":"Article","@id":"https:\/\/www.creilsudoise-tourisme.fr\/en\/2021\/08\/11\/etymologie\/#article","isPartOf":{"@id":"https:\/\/www.creilsudoise-tourisme.fr\/en\/2021\/08\/11\/etymologie\/"},"author":{"name":"fdubut","@id":"https:\/\/www.creilsudoise-tourisme.fr\/#\/schema\/person\/c5140d47645b13bee896bfe05f1bd5da"},"headline":"Etymologie : Rousseloy, Maysel, Cramoisy","datePublished":"2021-08-11T12:16:27+00:00","dateModified":"2022-01-25T08:09:46+00:00","mainEntityOfPage":{"@id":"https:\/\/www.creilsudoise-tourisme.fr\/en\/2021\/08\/11\/etymologie\/"},"wordCount":305,"publisher":{"@id":"https:\/\/www.creilsudoise-tourisme.fr\/#organization"},"articleSection":["Anecdotes"],"inLanguage":"es"},{"@type":"WebPage","@id":"https:\/\/www.creilsudoise-tourisme.fr\/en\/2021\/08\/11\/etymologie\/","url":"https:\/\/www.creilsudoise-tourisme.fr\/en\/2021\/08\/11\/etymologie\/","name":"Anecdote : l'\u00e9tymologie de Rousseloy, Maysel et Cramoisy","isPartOf":{"@id":"https:\/\/www.creilsudoise-tourisme.fr\/#website"},"datePublished":"2021-08-11T12:16:27+00:00","dateModified":"2022-01-25T08:09:46+00:00","description":"D\u00e9couvrez l'origine des noms des villages de Rousseloy, Maysel et Cramoisy \u00e0 travers une anecdote concoct\u00e9e par l'Office de Tourisme !","breadcrumb":{"@id":"https:\/\/www.creilsudoise-tourisme.fr\/en\/2021\/08\/11\/etymologie\/#breadcrumb"},"inLanguage":"es","potentialAction":[{"@type":"ReadAction","target":["https:\/\/www.creilsudoise-tourisme.fr\/en\/2021\/08\/11\/etymologie\/"]}]},{"@type":"BreadcrumbList","@id":"https:\/\/www.creilsudoise-tourisme.fr\/en\/2021\/08\/11\/etymologie\/#breadcrumb","itemListElement":[{"@type":"ListItem","position":1,"name":"Accueil","item":"https:\/\/www.creilsudoise-tourisme.fr\/"},{"@type":"ListItem","position":2,"name":"Etymologie : Rousseloy, Maysel, Cramoisy"}]},{"@type":"WebSite","@id":"https:\/\/www.creilsudoise-tourisme.fr\/#website","url":"https:\/\/www.creilsudoise-tourisme.fr\/","name":"Office de Tourisme Creil Sud Oise","description":"Creil Sud Oise Tourisme, un territoire \u00e0 explorer !","publisher":{"@id":"https:\/\/www.creilsudoise-tourisme.fr\/#organization"},"potentialAction":[{"@type":"SearchAction","target":{"@type":"EntryPoint","urlTemplate":"https:\/\/www.creilsudoise-tourisme.fr\/?s={search_term_string}"},"query-input":"required name=search_term_string"}],"inLanguage":"es"},{"@type":"Organization","@id":"https:\/\/www.creilsudoise-tourisme.fr\/#organization","name":"Creil Sud Oise Tourisme","url":"https:\/\/www.creilsudoise-tourisme.fr\/","logo":{"@type":"ImageObject","inLanguage":"es","@id":"https:\/\/www.creilsudoise-tourisme.fr\/#\/schema\/logo\/image\/","url":"https:\/\/www.creilsudoise-tourisme.fr\/wp-content\/uploads\/2021\/05\/logo-svg.png","contentUrl":"https:\/\/www.creilsudoise-tourisme.fr\/wp-content\/uploads\/2021\/05\/logo-svg.png","width":182,"height":71,"caption":"Creil Sud Oise Tourisme"},"image":{"@id":"https:\/\/www.creilsudoise-tourisme.fr\/#\/schema\/logo\/image\/"},"sameAs":["https:\/\/www.facebook.com\/creilsudoisetourisme\/","https:\/\/twitter.com\/CreilSudOiseOT","https:\/\/www.instagram.com\/creilsudoisetourisme\/","https:\/\/www.youtube.com\/channel\/UC8L_QD2wwyADW14zt9fY8kw"]},{"@type":"Person","@id":"https:\/\/www.creilsudoise-tourisme.fr\/#\/schema\/person\/c5140d47645b13bee896bfe05f1bd5da","name":"fdubut","image":{"@type":"ImageObject","inLanguage":"es","@id":"https:\/\/www.creilsudoise-tourisme.fr\/#\/schema\/person\/image\/","url":"https:\/\/secure.gravatar.com\/avatar\/c49bb61337bf4556cafdbcb92c18618d?s=96&d=mm&r=g","contentUrl":"https:\/\/secure.gravatar.com\/avatar\/c49bb61337bf4556cafdbcb92c18618d?s=96&d=mm&r=g","caption":"fdubut"},"url":"https:\/\/www.creilsudoise-tourisme.fr\/es\/auteur\/fdubut\/"}]}},"_links":{"self":[{"href":"https:\/\/www.creilsudoise-tourisme.fr\/es\/wp-json\/wp\/v2\/posts\/37325"}],"collection":[{"href":"https:\/\/www.creilsudoise-tourisme.fr\/es\/wp-json\/wp\/v2\/posts"}],"about":[{"href":"https:\/\/www.creilsudoise-tourisme.fr\/es\/wp-json\/wp\/v2\/types\/post"}],"author":[{"embeddable":true,"href":"https:\/\/www.creilsudoise-tourisme.fr\/es\/wp-json\/wp\/v2\/users\/3"}],"replies":[{"embeddable":true,"href":"https:\/\/www.creilsudoise-tourisme.fr\/es\/wp-json\/wp\/v2\/comments?post=37325"}],"version-history":[{"count":4,"href":"https:\/\/www.creilsudoise-tourisme.fr\/es\/wp-json\/wp\/v2\/posts\/37325\/revisions"}],"predecessor-version":[{"id":38930,"href":"https:\/\/www.creilsudoise-tourisme.fr\/es\/wp-json\/wp\/v2\/posts\/37325\/revisions\/38930"}],"wp:featuredmedia":[{"embeddable":true,"href":"https:\/\/www.creilsudoise-tourisme.fr\/es\/wp-json\/wp\/v2\/media\/37326"}],"wp:attachment":[{"href":"https:\/\/www.creilsudoise-tourisme.fr\/es\/wp-json\/wp\/v2\/media?parent=37325"}],"wp:term":[{"taxonomy":"category","embeddable":true,"href":"https:\/\/www.creilsudoise-tourisme.fr\/es\/wp-json\/wp\/v2\/categories?post=37325"},{"taxonomy":"post_tag","embeddable":true,"href":"https:\/\/www.creilsudoise-tourisme.fr\/es\/wp-json\/wp\/v2\/tags?post=37325"}],"curies":[{"name":"wp","href":"https:\/\/api.w.org\/{rel}","templated":true}]}}