{"id":37307,"date":"2021-08-11T13:42:15","date_gmt":"2021-08-11T11:42:15","guid":{"rendered":"https:\/\/www.creilsudoise-tourisme.fr\/?p=37307"},"modified":"2025-11-24T11:49:31","modified_gmt":"2025-11-24T10:49:31","slug":"canard-creil","status":"publish","type":"post","link":"https:\/\/www.creilsudoise-tourisme.fr\/es\/2021\/08\/11\/canard-creil\/","title":{"rendered":"El pato de Creil"},"content":{"rendered":"<p class=\"is-style-excerpt\">Real <strong>s\u00edmbolo floral<\/strong> de la ciudad de Creil, el <strong>Pato<\/strong>situado en la Place Carnot, es una visita obligada para todos en Creilliers. Pero \u00bfsabe usted <strong>el origen de este Pato <\/strong>? <\/p>\n\n\n\n<p>Como mascota de la ciudad, nos gusta recordar sus diversas decoraciones a lo largo de los a\u00f1os. A veces <strong>en flor en verano<\/strong>o vestido con <strong>ramas y algunas guirnaldas en cuanto llegue la Navidad. <\/strong>A medida que se acerca, el pato Creil de la plaza Carnot ilumina el paisaje.<\/p>\n\n\n\n<figure class=\"wp-block-image size-large\"><img decoding=\"async\" loading=\"lazy\" width=\"949\" height=\"742\" data-src=\"https:\/\/www.creilsudoise-tourisme.fr\/wp-content\/uploads\/2021\/08\/Canard-de-Creil-en-hiver.jpg\" alt=\"Le Canard de Creil en invierno\" class=\"wp-image-37314\" data-srcset=\"https:\/\/www.creilsudoise-tourisme.fr\/wp-content\/uploads\/2021\/08\/Canard-de-Creil-en-hiver.jpg 949w, https:\/\/www.creilsudoise-tourisme.fr\/wp-content\/uploads\/2021\/08\/Canard-de-Creil-en-hiver-600x469.jpg 600w, https:\/\/www.creilsudoise-tourisme.fr\/wp-content\/uploads\/2021\/08\/Canard-de-Creil-en-hiver-900x704.jpg 900w, https:\/\/www.creilsudoise-tourisme.fr\/wp-content\/uploads\/2021\/08\/Canard-de-Creil-en-hiver-200x156.jpg 200w, https:\/\/www.creilsudoise-tourisme.fr\/wp-content\/uploads\/2021\/08\/Canard-de-Creil-en-hiver-650x508.jpg 650w, https:\/\/www.creilsudoise-tourisme.fr\/wp-content\/uploads\/2021\/08\/Canard-de-Creil-en-hiver-387x303.jpg 387w\" sizes=\"(max-width: 949px) 100vw, 949px\" \/><figcaption class=\"wp-element-caption\">El pato de Creil se cubre de ramas de abeto en invierno<\/figcaption><\/figure>\n\n\n\n<h2>El origen del pato<\/h2>\n\n\n\n<p>No fue f\u00e1cil averiguarlo, pero el<strong>l equipo de Creil Sud Oise Tourisme fue a la caza de informaci\u00f3n al departamento de patrimonio de la ciudad de Creil.<\/strong> que nos confi\u00f3 esto:<\/p>\n\n\n\n<p>\"El armaz\u00f3n de hierro del pato fue fabricado por SOFEMO, una empresa de herrajes con sede en Montataire. <strong>en la d\u00e9cada de 1980<\/strong>. Se trata de una solicitud de <strong>Jean Anciant<\/strong> (antiguo alcalde de Creil) para el desarrollo de un complejo que comprende un <strong>libro abierto con escudo<\/strong> (en la rotonda Match de la rue de la R\u00e9publique), otro a la entrada del barrio del Moulin y el pato de Creil \".<\/p>\n\n\n\n<p>Nos hubiera gustado saber m\u00e1s sobre el simbolismo de este pato, pero probablemente sea seguro decir que este<strong> las orillas del r\u00edo Oise, que atraviesa la ciudad.<\/strong>. Un r\u00edo al que <strong>Creil debe su desarrollo industrial a<\/strong> incluso antes de la llegada del ferrocarril, gracias sobre todo al uso de la <strong>molinos de agua <\/strong>que permiti\u00f3 la implantaci\u00f3n de las primeras industrias en la regi\u00f3n justo despu\u00e9s de la Revoluci\u00f3n Francesa (como fue el caso de la industria de la loza, por ejemplo).<\/p>\n\n\n\n<h2>Decorado de los invernaderos municipales<\/h2>\n\n\n\n<p>En verano, casi <strong>15.000 flores<\/strong> que cubren el armaz\u00f3n met\u00e1lico del pato. Debemos este trabajo a <strong>jardineros de espacios verdes de la ciudad de Creil<\/strong>Miles de pl\u00e1ntulas se cultivan de esta forma en el <strong>invernaderos municipales<\/strong>. Consulte nuestro <a href=\"https:\/\/www.creilsudoise-tourisme.fr\/es\/agenda\/\" target=\"_blank\" rel=\"noreferrer noopener\">agenda <\/a>para conocer las pr\u00f3ximas visitas.<\/p>\n\n\n\n<hr class=\"wp-block-separator has-css-opacity\"\/>","protected":false},"excerpt":{"rendered":"<p>Aut\u00e9ntico s\u00edmbolo de la ciudad de Creil, el Canard, situado en la plaza Carnot, es una visita obligada para todos los creilenses. Pero, \u00bfconoce el origen del Canard? La mascota de la ciudad, el Pato, ha sido decorada de diferentes maneras a lo largo de los a\u00f1os. A veces en flor en verano, o vestido con ramas de [...]<\/p>","protected":false},"author":3,"featured_media":37308,"comment_status":"closed","ping_status":"open","sticky":false,"template":"","format":"standard","meta":{"_relevanssi_hide_post":"","_relevanssi_hide_content":"","_relevanssi_pin_for_all":"","_relevanssi_pin_keywords":"","_relevanssi_unpin_keywords":"","_relevanssi_related_keywords":"","_relevanssi_related_include_ids":"","_relevanssi_related_exclude_ids":"","_relevanssi_related_no_append":"","_relevanssi_related_not_related":"","_relevanssi_related_posts":"32820,36690,271,36660,36681,36653","_relevanssi_noindex_reason":""},"categories":[3],"tags":[],"yoast_head":"<!-- This site is optimized with the Yoast SEO plugin v20.2.1 - https:\/\/yoast.com\/wordpress\/plugins\/seo\/ -->\n<title>Anecdote : l&#039;origine du Canard de Creil, mascotte de la ville<\/title>\n<meta name=\"description\" content=\"D\u00e9couvrez, \u00e0 travers une anecdote, l&#039;histoire de la c\u00e9l\u00e8bre mascotte de Creil : le canard de la place Carnot.\" \/>\n<meta name=\"robots\" content=\"index, follow, max-snippet:-1, max-image-preview:large, max-video-preview:-1\" \/>\n<link rel=\"canonical\" href=\"https:\/\/www.creilsudoise-tourisme.fr\/es\/2021\/08\/11\/canard-creil\/\" \/>\n<meta property=\"og:locale\" content=\"es_ES\" \/>\n<meta property=\"og:type\" content=\"article\" \/>\n<meta property=\"og:title\" content=\"Anecdote : l&#039;origine du Canard de Creil, mascotte de la ville\" \/>\n<meta property=\"og:description\" content=\"D\u00e9couvrez, \u00e0 travers une anecdote, l&#039;histoire de la c\u00e9l\u00e8bre mascotte de Creil : le canard de la place Carnot.\" \/>\n<meta property=\"og:url\" content=\"https:\/\/www.creilsudoise-tourisme.fr\/es\/2021\/08\/11\/canard-creil\/\" \/>\n<meta property=\"og:site_name\" content=\"Office de Tourisme Creil Sud Oise\" \/>\n<meta property=\"article:publisher\" content=\"https:\/\/www.facebook.com\/creilsudoisetourisme\/\" \/>\n<meta property=\"article:published_time\" content=\"2021-08-11T11:42:15+00:00\" \/>\n<meta property=\"article:modified_time\" content=\"2025-11-24T10:49:31+00:00\" \/>\n<meta property=\"og:image\" content=\"https:\/\/www.creilsudoise-tourisme.fr\/wp-content\/uploads\/2021\/08\/Canard-de-Creil.jpg\" \/>\n\t<meta property=\"og:image:width\" content=\"1480\" \/>\n\t<meta property=\"og:image:height\" content=\"934\" \/>\n\t<meta property=\"og:image:type\" content=\"image\/jpeg\" \/>\n<meta name=\"author\" content=\"fdubut\" \/>\n<meta name=\"twitter:card\" content=\"summary_large_image\" \/>\n<meta name=\"twitter:creator\" content=\"@CreilSudOiseOT\" \/>\n<meta name=\"twitter:site\" content=\"@CreilSudOiseOT\" \/>\n<meta name=\"twitter:label1\" content=\"Escrito por\" \/>\n\t<meta name=\"twitter:data1\" content=\"fdubut\" \/>\n\t<meta name=\"twitter:label2\" content=\"Tiempo de lectura\" \/>\n\t<meta name=\"twitter:data2\" content=\"2 minutos\" \/>\n<script type=\"application\/ld+json\" class=\"yoast-schema-graph\">{\"@context\":\"https:\/\/schema.org\",\"@graph\":[{\"@type\":\"Article\",\"@id\":\"https:\/\/www.creilsudoise-tourisme.fr\/2021\/08\/11\/canard-creil\/#article\",\"isPartOf\":{\"@id\":\"https:\/\/www.creilsudoise-tourisme.fr\/2021\/08\/11\/canard-creil\/\"},\"author\":{\"name\":\"fdubut\",\"@id\":\"https:\/\/www.creilsudoise-tourisme.fr\/#\/schema\/person\/c5140d47645b13bee896bfe05f1bd5da\"},\"headline\":\"Le canard de Creil\",\"datePublished\":\"2021-08-11T11:42:15+00:00\",\"dateModified\":\"2025-11-24T10:49:31+00:00\",\"mainEntityOfPage\":{\"@id\":\"https:\/\/www.creilsudoise-tourisme.fr\/2021\/08\/11\/canard-creil\/\"},\"wordCount\":368,\"publisher\":{\"@id\":\"https:\/\/www.creilsudoise-tourisme.fr\/#organization\"},\"articleSection\":[\"Anecdotes\"],\"inLanguage\":\"es\"},{\"@type\":\"WebPage\",\"@id\":\"https:\/\/www.creilsudoise-tourisme.fr\/2021\/08\/11\/canard-creil\/\",\"url\":\"https:\/\/www.creilsudoise-tourisme.fr\/2021\/08\/11\/canard-creil\/\",\"name\":\"Anecdote : l'origine du Canard de Creil, mascotte de la ville\",\"isPartOf\":{\"@id\":\"https:\/\/www.creilsudoise-tourisme.fr\/#website\"},\"datePublished\":\"2021-08-11T11:42:15+00:00\",\"dateModified\":\"2025-11-24T10:49:31+00:00\",\"description\":\"D\u00e9couvrez, \u00e0 travers une anecdote, l'histoire de la c\u00e9l\u00e8bre mascotte de Creil : le canard de la place Carnot.\",\"breadcrumb\":{\"@id\":\"https:\/\/www.creilsudoise-tourisme.fr\/2021\/08\/11\/canard-creil\/#breadcrumb\"},\"inLanguage\":\"es\",\"potentialAction\":[{\"@type\":\"ReadAction\",\"target\":[\"https:\/\/www.creilsudoise-tourisme.fr\/2021\/08\/11\/canard-creil\/\"]}]},{\"@type\":\"BreadcrumbList\",\"@id\":\"https:\/\/www.creilsudoise-tourisme.fr\/2021\/08\/11\/canard-creil\/#breadcrumb\",\"itemListElement\":[{\"@type\":\"ListItem\",\"position\":1,\"name\":\"Accueil\",\"item\":\"https:\/\/www.creilsudoise-tourisme.fr\/\"},{\"@type\":\"ListItem\",\"position\":2,\"name\":\"Le canard de Creil\"}]},{\"@type\":\"WebSite\",\"@id\":\"https:\/\/www.creilsudoise-tourisme.fr\/#website\",\"url\":\"https:\/\/www.creilsudoise-tourisme.fr\/\",\"name\":\"Office de Tourisme Creil Sud Oise\",\"description\":\"Creil Sud Oise Tourisme, un territoire \u00e0 explorer !\",\"publisher\":{\"@id\":\"https:\/\/www.creilsudoise-tourisme.fr\/#organization\"},\"potentialAction\":[{\"@type\":\"SearchAction\",\"target\":{\"@type\":\"EntryPoint\",\"urlTemplate\":\"https:\/\/www.creilsudoise-tourisme.fr\/?s={search_term_string}\"},\"query-input\":\"required name=search_term_string\"}],\"inLanguage\":\"es\"},{\"@type\":\"Organization\",\"@id\":\"https:\/\/www.creilsudoise-tourisme.fr\/#organization\",\"name\":\"Creil Sud Oise Tourisme\",\"url\":\"https:\/\/www.creilsudoise-tourisme.fr\/\",\"logo\":{\"@type\":\"ImageObject\",\"inLanguage\":\"es\",\"@id\":\"https:\/\/www.creilsudoise-tourisme.fr\/#\/schema\/logo\/image\/\",\"url\":\"https:\/\/www.creilsudoise-tourisme.fr\/wp-content\/uploads\/2021\/05\/logo-svg.png\",\"contentUrl\":\"https:\/\/www.creilsudoise-tourisme.fr\/wp-content\/uploads\/2021\/05\/logo-svg.png\",\"width\":182,\"height\":71,\"caption\":\"Creil Sud Oise Tourisme\"},\"image\":{\"@id\":\"https:\/\/www.creilsudoise-tourisme.fr\/#\/schema\/logo\/image\/\"},\"sameAs\":[\"https:\/\/www.facebook.com\/creilsudoisetourisme\/\",\"https:\/\/twitter.com\/CreilSudOiseOT\",\"https:\/\/www.instagram.com\/creilsudoisetourisme\/\",\"https:\/\/www.youtube.com\/channel\/UC8L_QD2wwyADW14zt9fY8kw\"]},{\"@type\":\"Person\",\"@id\":\"https:\/\/www.creilsudoise-tourisme.fr\/#\/schema\/person\/c5140d47645b13bee896bfe05f1bd5da\",\"name\":\"fdubut\",\"image\":{\"@type\":\"ImageObject\",\"inLanguage\":\"es\",\"@id\":\"https:\/\/www.creilsudoise-tourisme.fr\/#\/schema\/person\/image\/\",\"url\":\"https:\/\/secure.gravatar.com\/avatar\/c49bb61337bf4556cafdbcb92c18618d?s=96&d=mm&r=g\",\"contentUrl\":\"https:\/\/secure.gravatar.com\/avatar\/c49bb61337bf4556cafdbcb92c18618d?s=96&d=mm&r=g\",\"caption\":\"fdubut\"},\"url\":\"https:\/\/www.creilsudoise-tourisme.fr\/es\/auteur\/fdubut\/\"}]}<\/script>\n<!-- \/ Yoast SEO plugin. -->","yoast_head_json":{"title":"Anecdote : l'origine du Canard de Creil, mascotte de la ville","description":"D\u00e9couvrez, \u00e0 travers une anecdote, l'histoire de la c\u00e9l\u00e8bre mascotte de Creil : le canard de la place Carnot.","robots":{"index":"index","follow":"follow","max-snippet":"max-snippet:-1","max-image-preview":"max-image-preview:large","max-video-preview":"max-video-preview:-1"},"canonical":"https:\/\/www.creilsudoise-tourisme.fr\/es\/2021\/08\/11\/canard-creil\/","og_locale":"es_ES","og_type":"article","og_title":"Anecdote : l'origine du Canard de Creil, mascotte de la ville","og_description":"D\u00e9couvrez, \u00e0 travers une anecdote, l'histoire de la c\u00e9l\u00e8bre mascotte de Creil : le canard de la place Carnot.","og_url":"https:\/\/www.creilsudoise-tourisme.fr\/es\/2021\/08\/11\/canard-creil\/","og_site_name":"Office de Tourisme Creil Sud Oise","article_publisher":"https:\/\/www.facebook.com\/creilsudoisetourisme\/","article_published_time":"2021-08-11T11:42:15+00:00","article_modified_time":"2025-11-24T10:49:31+00:00","og_image":[{"width":1480,"height":934,"url":"https:\/\/www.creilsudoise-tourisme.fr\/wp-content\/uploads\/2021\/08\/Canard-de-Creil.jpg","type":"image\/jpeg"}],"author":"fdubut","twitter_card":"summary_large_image","twitter_creator":"@CreilSudOiseOT","twitter_site":"@CreilSudOiseOT","twitter_misc":{"Escrito por":"fdubut","Tiempo de lectura":"2 minutos"},"schema":{"@context":"https:\/\/schema.org","@graph":[{"@type":"Article","@id":"https:\/\/www.creilsudoise-tourisme.fr\/2021\/08\/11\/canard-creil\/#article","isPartOf":{"@id":"https:\/\/www.creilsudoise-tourisme.fr\/2021\/08\/11\/canard-creil\/"},"author":{"name":"fdubut","@id":"https:\/\/www.creilsudoise-tourisme.fr\/#\/schema\/person\/c5140d47645b13bee896bfe05f1bd5da"},"headline":"Le canard de Creil","datePublished":"2021-08-11T11:42:15+00:00","dateModified":"2025-11-24T10:49:31+00:00","mainEntityOfPage":{"@id":"https:\/\/www.creilsudoise-tourisme.fr\/2021\/08\/11\/canard-creil\/"},"wordCount":368,"publisher":{"@id":"https:\/\/www.creilsudoise-tourisme.fr\/#organization"},"articleSection":["Anecdotes"],"inLanguage":"es"},{"@type":"WebPage","@id":"https:\/\/www.creilsudoise-tourisme.fr\/2021\/08\/11\/canard-creil\/","url":"https:\/\/www.creilsudoise-tourisme.fr\/2021\/08\/11\/canard-creil\/","name":"Anecdote : l'origine du Canard de Creil, mascotte de la ville","isPartOf":{"@id":"https:\/\/www.creilsudoise-tourisme.fr\/#website"},"datePublished":"2021-08-11T11:42:15+00:00","dateModified":"2025-11-24T10:49:31+00:00","description":"D\u00e9couvrez, \u00e0 travers une anecdote, l'histoire de la c\u00e9l\u00e8bre mascotte de Creil : le canard de la place Carnot.","breadcrumb":{"@id":"https:\/\/www.creilsudoise-tourisme.fr\/2021\/08\/11\/canard-creil\/#breadcrumb"},"inLanguage":"es","potentialAction":[{"@type":"ReadAction","target":["https:\/\/www.creilsudoise-tourisme.fr\/2021\/08\/11\/canard-creil\/"]}]},{"@type":"BreadcrumbList","@id":"https:\/\/www.creilsudoise-tourisme.fr\/2021\/08\/11\/canard-creil\/#breadcrumb","itemListElement":[{"@type":"ListItem","position":1,"name":"Accueil","item":"https:\/\/www.creilsudoise-tourisme.fr\/"},{"@type":"ListItem","position":2,"name":"Le canard de Creil"}]},{"@type":"WebSite","@id":"https:\/\/www.creilsudoise-tourisme.fr\/#website","url":"https:\/\/www.creilsudoise-tourisme.fr\/","name":"Office de Tourisme Creil Sud Oise","description":"Creil Sud Oise Tourisme, un territoire \u00e0 explorer !","publisher":{"@id":"https:\/\/www.creilsudoise-tourisme.fr\/#organization"},"potentialAction":[{"@type":"SearchAction","target":{"@type":"EntryPoint","urlTemplate":"https:\/\/www.creilsudoise-tourisme.fr\/?s={search_term_string}"},"query-input":"required name=search_term_string"}],"inLanguage":"es"},{"@type":"Organization","@id":"https:\/\/www.creilsudoise-tourisme.fr\/#organization","name":"Creil Sud Oise Tourisme","url":"https:\/\/www.creilsudoise-tourisme.fr\/","logo":{"@type":"ImageObject","inLanguage":"es","@id":"https:\/\/www.creilsudoise-tourisme.fr\/#\/schema\/logo\/image\/","url":"https:\/\/www.creilsudoise-tourisme.fr\/wp-content\/uploads\/2021\/05\/logo-svg.png","contentUrl":"https:\/\/www.creilsudoise-tourisme.fr\/wp-content\/uploads\/2021\/05\/logo-svg.png","width":182,"height":71,"caption":"Creil Sud Oise Tourisme"},"image":{"@id":"https:\/\/www.creilsudoise-tourisme.fr\/#\/schema\/logo\/image\/"},"sameAs":["https:\/\/www.facebook.com\/creilsudoisetourisme\/","https:\/\/twitter.com\/CreilSudOiseOT","https:\/\/www.instagram.com\/creilsudoisetourisme\/","https:\/\/www.youtube.com\/channel\/UC8L_QD2wwyADW14zt9fY8kw"]},{"@type":"Person","@id":"https:\/\/www.creilsudoise-tourisme.fr\/#\/schema\/person\/c5140d47645b13bee896bfe05f1bd5da","name":"fdubut","image":{"@type":"ImageObject","inLanguage":"es","@id":"https:\/\/www.creilsudoise-tourisme.fr\/#\/schema\/person\/image\/","url":"https:\/\/secure.gravatar.com\/avatar\/c49bb61337bf4556cafdbcb92c18618d?s=96&d=mm&r=g","contentUrl":"https:\/\/secure.gravatar.com\/avatar\/c49bb61337bf4556cafdbcb92c18618d?s=96&d=mm&r=g","caption":"fdubut"},"url":"https:\/\/www.creilsudoise-tourisme.fr\/es\/auteur\/fdubut\/"}]}},"_links":{"self":[{"href":"https:\/\/www.creilsudoise-tourisme.fr\/es\/wp-json\/wp\/v2\/posts\/37307"}],"collection":[{"href":"https:\/\/www.creilsudoise-tourisme.fr\/es\/wp-json\/wp\/v2\/posts"}],"about":[{"href":"https:\/\/www.creilsudoise-tourisme.fr\/es\/wp-json\/wp\/v2\/types\/post"}],"author":[{"embeddable":true,"href":"https:\/\/www.creilsudoise-tourisme.fr\/es\/wp-json\/wp\/v2\/users\/3"}],"replies":[{"embeddable":true,"href":"https:\/\/www.creilsudoise-tourisme.fr\/es\/wp-json\/wp\/v2\/comments?post=37307"}],"version-history":[{"count":7,"href":"https:\/\/www.creilsudoise-tourisme.fr\/es\/wp-json\/wp\/v2\/posts\/37307\/revisions"}],"predecessor-version":[{"id":66504,"href":"https:\/\/www.creilsudoise-tourisme.fr\/es\/wp-json\/wp\/v2\/posts\/37307\/revisions\/66504"}],"wp:featuredmedia":[{"embeddable":true,"href":"https:\/\/www.creilsudoise-tourisme.fr\/es\/wp-json\/wp\/v2\/media\/37308"}],"wp:attachment":[{"href":"https:\/\/www.creilsudoise-tourisme.fr\/es\/wp-json\/wp\/v2\/media?parent=37307"}],"wp:term":[{"taxonomy":"category","embeddable":true,"href":"https:\/\/www.creilsudoise-tourisme.fr\/es\/wp-json\/wp\/v2\/categories?post=37307"},{"taxonomy":"post_tag","embeddable":true,"href":"https:\/\/www.creilsudoise-tourisme.fr\/es\/wp-json\/wp\/v2\/tags?post=37307"}],"curies":[{"name":"wp","href":"https:\/\/api.w.org\/{rel}","templated":true}]}}