{"id":36653,"date":"2021-07-20T11:48:34","date_gmt":"2021-07-20T09:48:34","guid":{"rendered":"https:\/\/www.creilsudoise-tourisme.fr\/?p=36653"},"modified":"2022-01-25T09:10:23","modified_gmt":"2022-01-25T08:10:23","slug":"hero-cramoisy","status":"publish","type":"post","link":"https:\/\/www.creilsudoise-tourisme.fr\/es\/2021\/07\/20\/hero-cramoisy\/","title":{"rendered":"Un h\u00e9roe en Cramoisy"},"content":{"rendered":"<p class=\"is-style-excerpt\">La historia de un <strong>H\u00e9roe americano que se sacrific\u00f3 <\/strong>para el pueblo de <strong>Cramoisy<\/strong><\/p>\n\n\n\n<h2>Una misi\u00f3n de neutralizaci\u00f3n<\/h2>\n\n\n\n<p>25 de agosto de 1944, <strong>mientras Par\u00eds celebraba su Liberaci\u00f3n<\/strong>a <strong>se lanz\u00f3 la misi\u00f3n de neutralizar los aer\u00f3dromos alemanes <\/strong>en la zona de Laon y Reims. Veintitr\u00e9s pilotos de la 9<sup>th<\/sup> Air Force, una formaci\u00f3n a\u00e9rea estadounidense, despega de su base de Neuilly-la-For\u00eat (Calvados).<\/p>\n\n\n\n<p>En <strong>Sin embargo, los soldados fueron r\u00e1pidamente interceptados por una treintena de cazas alemanes<\/strong>en el sector Creil-Clermont-Beauvais. Las p\u00e9rdidas fueron cuantiosas en ambos bandos: muchos cazas alemanes fueron derribados a pesar de su superioridad num\u00e9rica, pero fue a costa de once aviones estadounidenses. Siete soldados del 9<sup>th<\/sup> No obstante, los aviadores lograron escapar en paraca\u00eddas, algunos incluso fueron escondidos por la poblaci\u00f3n, otros fueron capturados por los soldados alemanes.<\/p>\n\n\n\n<h2>El sacrificio<\/h2>\n\n\n\n<p><strong>Jerome James Zierlein, un tejano de 23 a\u00f1os, es alcanzado durante la batalla<\/strong>. Sab\u00eda que su avi\u00f3n iba a estrellarse. Estando justo encima del pueblo de Cramoisy, Jerome James Zierlein decidi\u00f3 tomarse el tiempo para <strong>enderezando su avi\u00f3n para salvar el pueblo antes de intentar escapar.<\/strong>. Al estar a una altitud demasiado baja, su paraca\u00eddas no tuvo tiempo de abrirse y el cuerpo del piloto tejano de 23 a\u00f1os fue encontrado cerca de los bosques de la Garenne, no lejos del lugar donde hab\u00eda ca\u00eddo su avi\u00f3n. Los restos de los 2<sup>nd<\/sup> El teniente Jerome James Zierlein fue repatriado a Estados Unidos despu\u00e9s de la guerra. Actualmente est\u00e1 enterrado en el San Jacinto Memorial Park de Houston (Texas).<\/p>\n\n\n\n<h2>En memoria de Jerome James Zierlein<\/h2>\n\n\n\n<p><strong>Monte Laster, artista residente en Cramoisy,<\/strong> oriundo de Texas, <strong>colabora ahora con el Ayuntamiento de Cramoisy para honrar la memoria de este joven soldado<\/strong>. Se est\u00e1 preparando un cortometraje, as\u00ed como una serie de otros proyectos que se entrelazan en torno a un deseo: permitir, gracias a este trabajo y a los fondos recaudados, la restauraci\u00f3n de la iglesia de Cramoisy.<\/p>\n\n\n\n<hr class=\"wp-block-separator\"\/>","protected":false},"excerpt":{"rendered":"<p>La historia de un h\u00e9roe americano que se sacrific\u00f3 por el pueblo de Cramoisy Una misi\u00f3n de neutralizaci\u00f3n El 25 de agosto de 1944, mientras Par\u00eds celebraba su Liberaci\u00f3n, se lanz\u00f3 una misi\u00f3n para neutralizar los aer\u00f3dromos alemanes del sector de Laon y Reims. Veintitr\u00e9s pilotos de la 9\u00aa Fuerza A\u00e9rea, una formaci\u00f3n [...]<\/p>","protected":false},"author":3,"featured_media":36655,"comment_status":"closed","ping_status":"open","sticky":false,"template":"","format":"standard","meta":{"_relevanssi_hide_post":"","_relevanssi_hide_content":"","_relevanssi_pin_for_all":"","_relevanssi_pin_keywords":"","_relevanssi_unpin_keywords":"","_relevanssi_related_keywords":"","_relevanssi_related_include_ids":"","_relevanssi_related_exclude_ids":"","_relevanssi_related_no_append":"","_relevanssi_related_not_related":"","_relevanssi_related_posts":"32820,271,267","_relevanssi_noindex_reason":""},"categories":[3],"tags":[],"yoast_head":"<!-- This site is optimized with the Yoast SEO plugin v20.2.1 - https:\/\/yoast.com\/wordpress\/plugins\/seo\/ -->\n<title>Anecdote : le h\u00e9ro qui s&#039;est sacrifi\u00e9 pour Cramoisy<\/title>\n<meta name=\"description\" content=\"D\u00e9couvrez l&#039;histoire de Jerome James Zierlein, un jeune soldat am\u00e9ricain qui s&#039;est sacrifi\u00e9 pour le village de Cramoisy durant la Seconde Guerre mondiale.\" \/>\n<meta name=\"robots\" content=\"index, follow, max-snippet:-1, max-image-preview:large, max-video-preview:-1\" \/>\n<link rel=\"canonical\" href=\"https:\/\/www.creilsudoise-tourisme.fr\/es\/2021\/07\/20\/hero-cramoisy\/\" \/>\n<meta property=\"og:locale\" content=\"es_ES\" \/>\n<meta property=\"og:type\" content=\"article\" \/>\n<meta property=\"og:title\" content=\"Anecdote : le h\u00e9ro qui s&#039;est sacrifi\u00e9 pour Cramoisy\" \/>\n<meta property=\"og:description\" content=\"D\u00e9couvrez l&#039;histoire de Jerome James Zierlein, un jeune soldat am\u00e9ricain qui s&#039;est sacrifi\u00e9 pour le village de Cramoisy durant la Seconde Guerre mondiale.\" \/>\n<meta property=\"og:url\" content=\"https:\/\/www.creilsudoise-tourisme.fr\/es\/2021\/07\/20\/hero-cramoisy\/\" \/>\n<meta property=\"og:site_name\" content=\"Office de Tourisme Creil Sud Oise\" \/>\n<meta property=\"article:publisher\" content=\"https:\/\/www.facebook.com\/creilsudoisetourisme\/\" \/>\n<meta property=\"article:published_time\" content=\"2021-07-20T09:48:34+00:00\" \/>\n<meta property=\"article:modified_time\" content=\"2022-01-25T08:10:23+00:00\" \/>\n<meta property=\"og:image\" content=\"https:\/\/www.creilsudoise-tourisme.fr\/wp-content\/uploads\/2021\/07\/Un-hero-qui-se-sacrifia-pour-Cramoisy.jpg\" \/>\n\t<meta property=\"og:image:width\" content=\"800\" \/>\n\t<meta property=\"og:image:height\" content=\"545\" \/>\n\t<meta property=\"og:image:type\" content=\"image\/jpeg\" \/>\n<meta name=\"author\" content=\"fdubut\" \/>\n<meta name=\"twitter:card\" content=\"summary_large_image\" \/>\n<meta name=\"twitter:creator\" content=\"@CreilSudOiseOT\" \/>\n<meta name=\"twitter:site\" content=\"@CreilSudOiseOT\" \/>\n<meta name=\"twitter:label1\" content=\"Escrito por\" \/>\n\t<meta name=\"twitter:data1\" content=\"fdubut\" \/>\n\t<meta name=\"twitter:label2\" content=\"Tiempo de lectura\" \/>\n\t<meta name=\"twitter:data2\" content=\"2 minutos\" \/>\n<script type=\"application\/ld+json\" class=\"yoast-schema-graph\">{\"@context\":\"https:\/\/schema.org\",\"@graph\":[{\"@type\":\"Article\",\"@id\":\"https:\/\/www.creilsudoise-tourisme.fr\/en\/2021\/07\/20\/hero-cramoisy\/#article\",\"isPartOf\":{\"@id\":\"https:\/\/www.creilsudoise-tourisme.fr\/en\/2021\/07\/20\/hero-cramoisy\/\"},\"author\":{\"name\":\"fdubut\",\"@id\":\"https:\/\/www.creilsudoise-tourisme.fr\/#\/schema\/person\/c5140d47645b13bee896bfe05f1bd5da\"},\"headline\":\"Un h\u00e9ro \u00e0 Cramoisy\",\"datePublished\":\"2021-07-20T09:48:34+00:00\",\"dateModified\":\"2022-01-25T08:10:23+00:00\",\"mainEntityOfPage\":{\"@id\":\"https:\/\/www.creilsudoise-tourisme.fr\/en\/2021\/07\/20\/hero-cramoisy\/\"},\"wordCount\":365,\"publisher\":{\"@id\":\"https:\/\/www.creilsudoise-tourisme.fr\/#organization\"},\"articleSection\":[\"Anecdotes\"],\"inLanguage\":\"es\"},{\"@type\":\"WebPage\",\"@id\":\"https:\/\/www.creilsudoise-tourisme.fr\/en\/2021\/07\/20\/hero-cramoisy\/\",\"url\":\"https:\/\/www.creilsudoise-tourisme.fr\/en\/2021\/07\/20\/hero-cramoisy\/\",\"name\":\"Anecdote : le h\u00e9ro qui s'est sacrifi\u00e9 pour Cramoisy\",\"isPartOf\":{\"@id\":\"https:\/\/www.creilsudoise-tourisme.fr\/#website\"},\"datePublished\":\"2021-07-20T09:48:34+00:00\",\"dateModified\":\"2022-01-25T08:10:23+00:00\",\"description\":\"D\u00e9couvrez l'histoire de Jerome James Zierlein, un jeune soldat am\u00e9ricain qui s'est sacrifi\u00e9 pour le village de Cramoisy durant la Seconde Guerre mondiale.\",\"breadcrumb\":{\"@id\":\"https:\/\/www.creilsudoise-tourisme.fr\/en\/2021\/07\/20\/hero-cramoisy\/#breadcrumb\"},\"inLanguage\":\"es\",\"potentialAction\":[{\"@type\":\"ReadAction\",\"target\":[\"https:\/\/www.creilsudoise-tourisme.fr\/en\/2021\/07\/20\/hero-cramoisy\/\"]}]},{\"@type\":\"BreadcrumbList\",\"@id\":\"https:\/\/www.creilsudoise-tourisme.fr\/en\/2021\/07\/20\/hero-cramoisy\/#breadcrumb\",\"itemListElement\":[{\"@type\":\"ListItem\",\"position\":1,\"name\":\"Accueil\",\"item\":\"https:\/\/www.creilsudoise-tourisme.fr\/\"},{\"@type\":\"ListItem\",\"position\":2,\"name\":\"Un h\u00e9ro \u00e0 Cramoisy\"}]},{\"@type\":\"WebSite\",\"@id\":\"https:\/\/www.creilsudoise-tourisme.fr\/#website\",\"url\":\"https:\/\/www.creilsudoise-tourisme.fr\/\",\"name\":\"Office de Tourisme Creil Sud Oise\",\"description\":\"Creil Sud Oise Tourisme, un territoire \u00e0 explorer !\",\"publisher\":{\"@id\":\"https:\/\/www.creilsudoise-tourisme.fr\/#organization\"},\"potentialAction\":[{\"@type\":\"SearchAction\",\"target\":{\"@type\":\"EntryPoint\",\"urlTemplate\":\"https:\/\/www.creilsudoise-tourisme.fr\/?s={search_term_string}\"},\"query-input\":\"required name=search_term_string\"}],\"inLanguage\":\"es\"},{\"@type\":\"Organization\",\"@id\":\"https:\/\/www.creilsudoise-tourisme.fr\/#organization\",\"name\":\"Creil Sud Oise Tourisme\",\"url\":\"https:\/\/www.creilsudoise-tourisme.fr\/\",\"logo\":{\"@type\":\"ImageObject\",\"inLanguage\":\"es\",\"@id\":\"https:\/\/www.creilsudoise-tourisme.fr\/#\/schema\/logo\/image\/\",\"url\":\"https:\/\/www.creilsudoise-tourisme.fr\/wp-content\/uploads\/2021\/05\/logo-svg.png\",\"contentUrl\":\"https:\/\/www.creilsudoise-tourisme.fr\/wp-content\/uploads\/2021\/05\/logo-svg.png\",\"width\":182,\"height\":71,\"caption\":\"Creil Sud Oise Tourisme\"},\"image\":{\"@id\":\"https:\/\/www.creilsudoise-tourisme.fr\/#\/schema\/logo\/image\/\"},\"sameAs\":[\"https:\/\/www.facebook.com\/creilsudoisetourisme\/\",\"https:\/\/twitter.com\/CreilSudOiseOT\",\"https:\/\/www.instagram.com\/creilsudoisetourisme\/\",\"https:\/\/www.youtube.com\/channel\/UC8L_QD2wwyADW14zt9fY8kw\"]},{\"@type\":\"Person\",\"@id\":\"https:\/\/www.creilsudoise-tourisme.fr\/#\/schema\/person\/c5140d47645b13bee896bfe05f1bd5da\",\"name\":\"fdubut\",\"image\":{\"@type\":\"ImageObject\",\"inLanguage\":\"es\",\"@id\":\"https:\/\/www.creilsudoise-tourisme.fr\/#\/schema\/person\/image\/\",\"url\":\"https:\/\/secure.gravatar.com\/avatar\/c49bb61337bf4556cafdbcb92c18618d?s=96&d=mm&r=g\",\"contentUrl\":\"https:\/\/secure.gravatar.com\/avatar\/c49bb61337bf4556cafdbcb92c18618d?s=96&d=mm&r=g\",\"caption\":\"fdubut\"},\"url\":\"https:\/\/www.creilsudoise-tourisme.fr\/es\/auteur\/fdubut\/\"}]}<\/script>\n<!-- \/ Yoast SEO plugin. -->","yoast_head_json":{"title":"Anecdote : le h\u00e9ro qui s'est sacrifi\u00e9 pour Cramoisy","description":"D\u00e9couvrez l'histoire de Jerome James Zierlein, un jeune soldat am\u00e9ricain qui s'est sacrifi\u00e9 pour le village de Cramoisy durant la Seconde Guerre mondiale.","robots":{"index":"index","follow":"follow","max-snippet":"max-snippet:-1","max-image-preview":"max-image-preview:large","max-video-preview":"max-video-preview:-1"},"canonical":"https:\/\/www.creilsudoise-tourisme.fr\/es\/2021\/07\/20\/hero-cramoisy\/","og_locale":"es_ES","og_type":"article","og_title":"Anecdote : le h\u00e9ro qui s'est sacrifi\u00e9 pour Cramoisy","og_description":"D\u00e9couvrez l'histoire de Jerome James Zierlein, un jeune soldat am\u00e9ricain qui s'est sacrifi\u00e9 pour le village de Cramoisy durant la Seconde Guerre mondiale.","og_url":"https:\/\/www.creilsudoise-tourisme.fr\/es\/2021\/07\/20\/hero-cramoisy\/","og_site_name":"Office de Tourisme Creil Sud Oise","article_publisher":"https:\/\/www.facebook.com\/creilsudoisetourisme\/","article_published_time":"2021-07-20T09:48:34+00:00","article_modified_time":"2022-01-25T08:10:23+00:00","og_image":[{"width":800,"height":545,"url":"https:\/\/www.creilsudoise-tourisme.fr\/wp-content\/uploads\/2021\/07\/Un-hero-qui-se-sacrifia-pour-Cramoisy.jpg","type":"image\/jpeg"}],"author":"fdubut","twitter_card":"summary_large_image","twitter_creator":"@CreilSudOiseOT","twitter_site":"@CreilSudOiseOT","twitter_misc":{"Escrito por":"fdubut","Tiempo de lectura":"2 minutos"},"schema":{"@context":"https:\/\/schema.org","@graph":[{"@type":"Article","@id":"https:\/\/www.creilsudoise-tourisme.fr\/en\/2021\/07\/20\/hero-cramoisy\/#article","isPartOf":{"@id":"https:\/\/www.creilsudoise-tourisme.fr\/en\/2021\/07\/20\/hero-cramoisy\/"},"author":{"name":"fdubut","@id":"https:\/\/www.creilsudoise-tourisme.fr\/#\/schema\/person\/c5140d47645b13bee896bfe05f1bd5da"},"headline":"Un h\u00e9ro \u00e0 Cramoisy","datePublished":"2021-07-20T09:48:34+00:00","dateModified":"2022-01-25T08:10:23+00:00","mainEntityOfPage":{"@id":"https:\/\/www.creilsudoise-tourisme.fr\/en\/2021\/07\/20\/hero-cramoisy\/"},"wordCount":365,"publisher":{"@id":"https:\/\/www.creilsudoise-tourisme.fr\/#organization"},"articleSection":["Anecdotes"],"inLanguage":"es"},{"@type":"WebPage","@id":"https:\/\/www.creilsudoise-tourisme.fr\/en\/2021\/07\/20\/hero-cramoisy\/","url":"https:\/\/www.creilsudoise-tourisme.fr\/en\/2021\/07\/20\/hero-cramoisy\/","name":"Anecdote : le h\u00e9ro qui s'est sacrifi\u00e9 pour Cramoisy","isPartOf":{"@id":"https:\/\/www.creilsudoise-tourisme.fr\/#website"},"datePublished":"2021-07-20T09:48:34+00:00","dateModified":"2022-01-25T08:10:23+00:00","description":"D\u00e9couvrez l'histoire de Jerome James Zierlein, un jeune soldat am\u00e9ricain qui s'est sacrifi\u00e9 pour le village de Cramoisy durant la Seconde Guerre mondiale.","breadcrumb":{"@id":"https:\/\/www.creilsudoise-tourisme.fr\/en\/2021\/07\/20\/hero-cramoisy\/#breadcrumb"},"inLanguage":"es","potentialAction":[{"@type":"ReadAction","target":["https:\/\/www.creilsudoise-tourisme.fr\/en\/2021\/07\/20\/hero-cramoisy\/"]}]},{"@type":"BreadcrumbList","@id":"https:\/\/www.creilsudoise-tourisme.fr\/en\/2021\/07\/20\/hero-cramoisy\/#breadcrumb","itemListElement":[{"@type":"ListItem","position":1,"name":"Accueil","item":"https:\/\/www.creilsudoise-tourisme.fr\/"},{"@type":"ListItem","position":2,"name":"Un h\u00e9ro \u00e0 Cramoisy"}]},{"@type":"WebSite","@id":"https:\/\/www.creilsudoise-tourisme.fr\/#website","url":"https:\/\/www.creilsudoise-tourisme.fr\/","name":"Office de Tourisme Creil Sud Oise","description":"Creil Sud Oise Tourisme, un territoire \u00e0 explorer !","publisher":{"@id":"https:\/\/www.creilsudoise-tourisme.fr\/#organization"},"potentialAction":[{"@type":"SearchAction","target":{"@type":"EntryPoint","urlTemplate":"https:\/\/www.creilsudoise-tourisme.fr\/?s={search_term_string}"},"query-input":"required name=search_term_string"}],"inLanguage":"es"},{"@type":"Organization","@id":"https:\/\/www.creilsudoise-tourisme.fr\/#organization","name":"Creil Sud Oise Tourisme","url":"https:\/\/www.creilsudoise-tourisme.fr\/","logo":{"@type":"ImageObject","inLanguage":"es","@id":"https:\/\/www.creilsudoise-tourisme.fr\/#\/schema\/logo\/image\/","url":"https:\/\/www.creilsudoise-tourisme.fr\/wp-content\/uploads\/2021\/05\/logo-svg.png","contentUrl":"https:\/\/www.creilsudoise-tourisme.fr\/wp-content\/uploads\/2021\/05\/logo-svg.png","width":182,"height":71,"caption":"Creil Sud Oise Tourisme"},"image":{"@id":"https:\/\/www.creilsudoise-tourisme.fr\/#\/schema\/logo\/image\/"},"sameAs":["https:\/\/www.facebook.com\/creilsudoisetourisme\/","https:\/\/twitter.com\/CreilSudOiseOT","https:\/\/www.instagram.com\/creilsudoisetourisme\/","https:\/\/www.youtube.com\/channel\/UC8L_QD2wwyADW14zt9fY8kw"]},{"@type":"Person","@id":"https:\/\/www.creilsudoise-tourisme.fr\/#\/schema\/person\/c5140d47645b13bee896bfe05f1bd5da","name":"fdubut","image":{"@type":"ImageObject","inLanguage":"es","@id":"https:\/\/www.creilsudoise-tourisme.fr\/#\/schema\/person\/image\/","url":"https:\/\/secure.gravatar.com\/avatar\/c49bb61337bf4556cafdbcb92c18618d?s=96&d=mm&r=g","contentUrl":"https:\/\/secure.gravatar.com\/avatar\/c49bb61337bf4556cafdbcb92c18618d?s=96&d=mm&r=g","caption":"fdubut"},"url":"https:\/\/www.creilsudoise-tourisme.fr\/es\/auteur\/fdubut\/"}]}},"_links":{"self":[{"href":"https:\/\/www.creilsudoise-tourisme.fr\/es\/wp-json\/wp\/v2\/posts\/36653"}],"collection":[{"href":"https:\/\/www.creilsudoise-tourisme.fr\/es\/wp-json\/wp\/v2\/posts"}],"about":[{"href":"https:\/\/www.creilsudoise-tourisme.fr\/es\/wp-json\/wp\/v2\/types\/post"}],"author":[{"embeddable":true,"href":"https:\/\/www.creilsudoise-tourisme.fr\/es\/wp-json\/wp\/v2\/users\/3"}],"replies":[{"embeddable":true,"href":"https:\/\/www.creilsudoise-tourisme.fr\/es\/wp-json\/wp\/v2\/comments?post=36653"}],"version-history":[{"count":3,"href":"https:\/\/www.creilsudoise-tourisme.fr\/es\/wp-json\/wp\/v2\/posts\/36653\/revisions"}],"predecessor-version":[{"id":36661,"href":"https:\/\/www.creilsudoise-tourisme.fr\/es\/wp-json\/wp\/v2\/posts\/36653\/revisions\/36661"}],"wp:featuredmedia":[{"embeddable":true,"href":"https:\/\/www.creilsudoise-tourisme.fr\/es\/wp-json\/wp\/v2\/media\/36655"}],"wp:attachment":[{"href":"https:\/\/www.creilsudoise-tourisme.fr\/es\/wp-json\/wp\/v2\/media?parent=36653"}],"wp:term":[{"taxonomy":"category","embeddable":true,"href":"https:\/\/www.creilsudoise-tourisme.fr\/es\/wp-json\/wp\/v2\/categories?post=36653"},{"taxonomy":"post_tag","embeddable":true,"href":"https:\/\/www.creilsudoise-tourisme.fr\/es\/wp-json\/wp\/v2\/tags?post=36653"}],"curies":[{"name":"wp","href":"https:\/\/api.w.org\/{rel}","templated":true}]}}