{"id":32820,"date":"2021-04-09T16:48:57","date_gmt":"2021-04-09T14:48:57","guid":{"rendered":"https:\/\/www.creilsudoise-tourisme.fr\/?p=32820"},"modified":"2025-05-16T10:50:34","modified_gmt":"2025-05-16T08:50:34","slug":"verbois","status":"publish","type":"post","link":"https:\/\/www.creilsudoise-tourisme.fr\/es\/2021\/04\/09\/verbois\/","title":{"rendered":"Le Verbois, fusi\u00f3n y alta cocina"},"content":{"rendered":"<p class=\"is-style-excerpt\">Situado a las afueras de Saint-Maximin, <strong><a href=\"https:\/\/www.creilsudoise-tourisme.fr\/es\/restaurant\/le-verbois\/\" target=\"_blank\" rel=\"noreferrer noopener\">Le Verbois<\/a>1* en la Gu\u00eda Michelin<\/strong>est\u00e1 cerca de Chantilly y Senlis y ofrece una gama de <strong>cocina gastron\u00f3mica en un marco excepcional<\/strong>.<\/p>\n\n\n\n<p class=\"has-drop-cap is-style-default\">En<strong> Familia Guibet<\/strong> le da la bienvenida para un momento de <strong>cocina gourmet<\/strong>en una antigua finca de caza de dise\u00f1o contempor\u00e1neo, que ahora alberga el<strong> restaurante Le Verbois, clasificado 1* en la Gu\u00eda Michelin<\/strong>.<br>Nada m\u00e1s cruzar el gran port\u00f3n negro, uno queda impresionado por la belleza del edificio, <strong>un antiguo pabell\u00f3n de caza, situado en un entorno boscoso<\/strong>. Delante, una terraza con muebles de dise\u00f1o nos da la bienvenida en temporada. Detr\u00e1s, el huerto, orgullo del chef, y patos, gallinas y otras aves de corral a\u00f1aden un toque aut\u00e9ntico al apacible entorno.<br>Unos pasos y nos recibe una familia, la misma que ha hecho tan famoso este establecimiento:<strong> Laurent y Laurence <\/strong>nos dan la bienvenida y nos conducen a nuestra mesa, en una luminosa veranda, una decoraci\u00f3n contempor\u00e1nea en materiales nobles, firmada <strong>Caroline Tissie<\/strong>r. Una espl\u00e9ndida bodega, orquestada por Laurence, marca la pauta: \u00e9sta es la casa de los buenos gourmets.<br>Pasar a <strong>chef<\/strong>El joven chef, deber\u00eda decir: s\u00f3lo 25 a\u00f1os, y ya una gran experiencia en un restaurante de 2 estrellas Michelin en Par\u00eds, Kei Kobayashi, de la que recuerda<strong> la fusi\u00f3n de las culturas japonesa y francesa<\/strong>. Su paso por este famoso restaurante japon\u00e9s se refleja en nuestros platos. Pero volveremos a ello m\u00e1s adelante. El chef es <strong>Guillaume<\/strong>Hijo de Laurent y Laurence. Creci\u00f3 aqu\u00ed, en Le Verbois, rodeado de sus abuelos, propietarios originales del establecimiento, y de sus padres, apasionados de la alta cocina. Su padre, que se form\u00f3 en algunos de los mejores restaurantes, como Fouquet's en Par\u00eds y Negresco en Niza, le transmiti\u00f3 su pasi\u00f3n y luego su gorro de cocinero.<br><strong>Volvamos a nuestros platos. Son hermosos<\/strong>. Realmente lo es. Tiene color, mezcla de texturas, cruje y se deshace en la boca al mismo tiempo, te hace abrir los ojos y te arranca una sonrisa. Y est\u00e1 bueno, muy bueno. Nosotros <strong>descubre los sabores<\/strong>Los ingredientes, algunos t\u00edpicos de Jap\u00f3n, otros muy franceses pero tan olvidados...<br>De hecho, es toda una experiencia. Y el men\u00fa D\u00e9couverte, a 59 \u20ac (bebidas excluidas) por persona (aperitivo, entrante, plato principal, queso y postre) es una excelente manera de descubrir y apreciar el talento de la familia Guibet.<br>Me lo regalaron por mi cumplea\u00f1os. Y mi boda.<\/p>\n\n\n\n<p class=\"has-text-align-right\"><em>Fr\u00e9d\u00e9rique<\/em><\/p>\n\n\n\n<div class=\"is-layout-flex wp-container-5 wp-block-columns\">\n<div class=\"is-layout-flow wp-block-column\" style=\"flex-basis:100%\">\n<div class=\"is-layout-flex wp-container-3 wp-block-columns\">\n<div class=\"is-layout-flow wp-block-column\" style=\"flex-basis:100%\">\n<div class=\"is-layout-flex wp-container-1 wp-block-columns\"><\/div>\n<\/div>\n<\/div>\n<\/div>\n<\/div>","protected":false},"excerpt":{"rendered":"<p>Situado a las afueras de Saint-Maximin, Le Verbois, restaurante con 1 estrella Michelin, est\u00e1 cerca de Chantilly y Senlis y ofrece una cocina gastron\u00f3mica en un marco excepcional. La familia Guibet le da la bienvenida para un momento de alta gastronom\u00eda, en una antigua finca de caza de l\u00edneas contempor\u00e1neas que ahora alberga el restaurante Le Verbois, clasificado como restaurante \"1* Michelin\".<\/p>","protected":false},"author":3,"featured_media":32826,"comment_status":"closed","ping_status":"open","sticky":false,"template":"","format":"standard","meta":{"_relevanssi_hide_post":"","_relevanssi_hide_content":"","_relevanssi_pin_for_all":"","_relevanssi_pin_keywords":"","_relevanssi_unpin_keywords":"","_relevanssi_related_keywords":"","_relevanssi_related_include_ids":"","_relevanssi_related_exclude_ids":"","_relevanssi_related_no_append":"","_relevanssi_related_not_related":"","_relevanssi_related_posts":"273,275,271,267","_relevanssi_noindex_reason":""},"categories":[5],"tags":[],"yoast_head":"<!-- This site is optimized with the Yoast SEO plugin v20.2.1 - https:\/\/yoast.com\/wordpress\/plugins\/seo\/ -->\n<title>Explorez Creil Sud Oise \u00e0 travers nos coups de c\u0153ur<\/title>\n<meta name=\"description\" content=\"Retrouvez les coups de c\u0153ur du moment, par l\u2019\u00e9quipe de l\u2019Office de Tourisme Creil Sud Oise : le restaurant Verbois \u00e0 Saint-Maximin\" \/>\n<meta name=\"robots\" content=\"index, follow, max-snippet:-1, max-image-preview:large, max-video-preview:-1\" \/>\n<link rel=\"canonical\" href=\"https:\/\/www.creilsudoise-tourisme.fr\/es\/2021\/04\/09\/verbois\/\" \/>\n<meta property=\"og:locale\" content=\"es_ES\" \/>\n<meta property=\"og:type\" content=\"article\" \/>\n<meta property=\"og:title\" content=\"Explorez Creil Sud Oise \u00e0 travers nos coups de c\u0153ur\" \/>\n<meta property=\"og:description\" content=\"Retrouvez les coups de c\u0153ur du moment, par l\u2019\u00e9quipe de l\u2019Office de Tourisme Creil Sud Oise : le restaurant Verbois \u00e0 Saint-Maximin\" \/>\n<meta property=\"og:url\" content=\"https:\/\/www.creilsudoise-tourisme.fr\/es\/2021\/04\/09\/verbois\/\" \/>\n<meta property=\"og:site_name\" content=\"Office de Tourisme Creil Sud Oise\" \/>\n<meta property=\"article:publisher\" content=\"https:\/\/www.facebook.com\/creilsudoisetourisme\/\" \/>\n<meta property=\"article:published_time\" content=\"2021-04-09T14:48:57+00:00\" \/>\n<meta property=\"article:modified_time\" content=\"2025-05-16T08:50:34+00:00\" \/>\n<meta property=\"og:image\" content=\"https:\/\/www.creilsudoise-tourisme.fr\/wp-content\/uploads\/2021\/03\/143505584_2926332440932362_6321740802910367763_o.jpg\" \/>\n\t<meta property=\"og:image:width\" content=\"1179\" \/>\n\t<meta property=\"og:image:height\" content=\"614\" \/>\n\t<meta property=\"og:image:type\" content=\"image\/jpeg\" \/>\n<meta name=\"author\" content=\"fdubut\" \/>\n<meta name=\"twitter:card\" content=\"summary_large_image\" \/>\n<meta name=\"twitter:creator\" content=\"@CreilSudOiseOT\" \/>\n<meta name=\"twitter:site\" content=\"@CreilSudOiseOT\" \/>\n<meta name=\"twitter:label1\" content=\"Escrito por\" \/>\n\t<meta name=\"twitter:data1\" content=\"fdubut\" \/>\n\t<meta name=\"twitter:label2\" content=\"Tiempo de lectura\" \/>\n\t<meta name=\"twitter:data2\" content=\"2 minutos\" \/>\n<script type=\"application\/ld+json\" class=\"yoast-schema-graph\">{\"@context\":\"https:\/\/schema.org\",\"@graph\":[{\"@type\":\"Article\",\"@id\":\"https:\/\/www.creilsudoise-tourisme.fr\/2021\/04\/09\/verbois\/#article\",\"isPartOf\":{\"@id\":\"https:\/\/www.creilsudoise-tourisme.fr\/2021\/04\/09\/verbois\/\"},\"author\":{\"name\":\"fdubut\",\"@id\":\"https:\/\/www.creilsudoise-tourisme.fr\/#\/schema\/person\/c5140d47645b13bee896bfe05f1bd5da\"},\"headline\":\"Le Verbois, fusion et haute gastronomie\",\"datePublished\":\"2021-04-09T14:48:57+00:00\",\"dateModified\":\"2025-05-16T08:50:34+00:00\",\"mainEntityOfPage\":{\"@id\":\"https:\/\/www.creilsudoise-tourisme.fr\/2021\/04\/09\/verbois\/\"},\"wordCount\":446,\"publisher\":{\"@id\":\"https:\/\/www.creilsudoise-tourisme.fr\/#organization\"},\"articleSection\":[\"Actus\"],\"inLanguage\":\"es\"},{\"@type\":\"WebPage\",\"@id\":\"https:\/\/www.creilsudoise-tourisme.fr\/2021\/04\/09\/verbois\/\",\"url\":\"https:\/\/www.creilsudoise-tourisme.fr\/2021\/04\/09\/verbois\/\",\"name\":\"Explorez Creil Sud Oise \u00e0 travers nos coups de c\u0153ur\",\"isPartOf\":{\"@id\":\"https:\/\/www.creilsudoise-tourisme.fr\/#website\"},\"datePublished\":\"2021-04-09T14:48:57+00:00\",\"dateModified\":\"2025-05-16T08:50:34+00:00\",\"description\":\"Retrouvez les coups de c\u0153ur du moment, par l\u2019\u00e9quipe de l\u2019Office de Tourisme Creil Sud Oise : le restaurant Verbois \u00e0 Saint-Maximin\",\"breadcrumb\":{\"@id\":\"https:\/\/www.creilsudoise-tourisme.fr\/2021\/04\/09\/verbois\/#breadcrumb\"},\"inLanguage\":\"es\",\"potentialAction\":[{\"@type\":\"ReadAction\",\"target\":[\"https:\/\/www.creilsudoise-tourisme.fr\/2021\/04\/09\/verbois\/\"]}]},{\"@type\":\"BreadcrumbList\",\"@id\":\"https:\/\/www.creilsudoise-tourisme.fr\/2021\/04\/09\/verbois\/#breadcrumb\",\"itemListElement\":[{\"@type\":\"ListItem\",\"position\":1,\"name\":\"Accueil\",\"item\":\"https:\/\/www.creilsudoise-tourisme.fr\/\"},{\"@type\":\"ListItem\",\"position\":2,\"name\":\"Le Verbois, fusion et haute gastronomie\"}]},{\"@type\":\"WebSite\",\"@id\":\"https:\/\/www.creilsudoise-tourisme.fr\/#website\",\"url\":\"https:\/\/www.creilsudoise-tourisme.fr\/\",\"name\":\"Office de Tourisme Creil Sud Oise\",\"description\":\"Creil Sud Oise Tourisme, un territoire \u00e0 explorer !\",\"publisher\":{\"@id\":\"https:\/\/www.creilsudoise-tourisme.fr\/#organization\"},\"potentialAction\":[{\"@type\":\"SearchAction\",\"target\":{\"@type\":\"EntryPoint\",\"urlTemplate\":\"https:\/\/www.creilsudoise-tourisme.fr\/?s={search_term_string}\"},\"query-input\":\"required name=search_term_string\"}],\"inLanguage\":\"es\"},{\"@type\":\"Organization\",\"@id\":\"https:\/\/www.creilsudoise-tourisme.fr\/#organization\",\"name\":\"Creil Sud Oise Tourisme\",\"url\":\"https:\/\/www.creilsudoise-tourisme.fr\/\",\"logo\":{\"@type\":\"ImageObject\",\"inLanguage\":\"es\",\"@id\":\"https:\/\/www.creilsudoise-tourisme.fr\/#\/schema\/logo\/image\/\",\"url\":\"https:\/\/www.creilsudoise-tourisme.fr\/wp-content\/uploads\/2021\/05\/logo-svg.png\",\"contentUrl\":\"https:\/\/www.creilsudoise-tourisme.fr\/wp-content\/uploads\/2021\/05\/logo-svg.png\",\"width\":182,\"height\":71,\"caption\":\"Creil Sud Oise Tourisme\"},\"image\":{\"@id\":\"https:\/\/www.creilsudoise-tourisme.fr\/#\/schema\/logo\/image\/\"},\"sameAs\":[\"https:\/\/www.facebook.com\/creilsudoisetourisme\/\",\"https:\/\/twitter.com\/CreilSudOiseOT\",\"https:\/\/www.instagram.com\/creilsudoisetourisme\/\",\"https:\/\/www.youtube.com\/channel\/UC8L_QD2wwyADW14zt9fY8kw\"]},{\"@type\":\"Person\",\"@id\":\"https:\/\/www.creilsudoise-tourisme.fr\/#\/schema\/person\/c5140d47645b13bee896bfe05f1bd5da\",\"name\":\"fdubut\",\"image\":{\"@type\":\"ImageObject\",\"inLanguage\":\"es\",\"@id\":\"https:\/\/www.creilsudoise-tourisme.fr\/#\/schema\/person\/image\/\",\"url\":\"https:\/\/secure.gravatar.com\/avatar\/c49bb61337bf4556cafdbcb92c18618d?s=96&d=mm&r=g\",\"contentUrl\":\"https:\/\/secure.gravatar.com\/avatar\/c49bb61337bf4556cafdbcb92c18618d?s=96&d=mm&r=g\",\"caption\":\"fdubut\"},\"url\":\"https:\/\/www.creilsudoise-tourisme.fr\/es\/auteur\/fdubut\/\"}]}<\/script>\n<!-- \/ Yoast SEO plugin. -->","yoast_head_json":{"title":"Explorez Creil Sud Oise \u00e0 travers nos coups de c\u0153ur","description":"Retrouvez les coups de c\u0153ur du moment, par l\u2019\u00e9quipe de l\u2019Office de Tourisme Creil Sud Oise : le restaurant Verbois \u00e0 Saint-Maximin","robots":{"index":"index","follow":"follow","max-snippet":"max-snippet:-1","max-image-preview":"max-image-preview:large","max-video-preview":"max-video-preview:-1"},"canonical":"https:\/\/www.creilsudoise-tourisme.fr\/es\/2021\/04\/09\/verbois\/","og_locale":"es_ES","og_type":"article","og_title":"Explorez Creil Sud Oise \u00e0 travers nos coups de c\u0153ur","og_description":"Retrouvez les coups de c\u0153ur du moment, par l\u2019\u00e9quipe de l\u2019Office de Tourisme Creil Sud Oise : le restaurant Verbois \u00e0 Saint-Maximin","og_url":"https:\/\/www.creilsudoise-tourisme.fr\/es\/2021\/04\/09\/verbois\/","og_site_name":"Office de Tourisme Creil Sud Oise","article_publisher":"https:\/\/www.facebook.com\/creilsudoisetourisme\/","article_published_time":"2021-04-09T14:48:57+00:00","article_modified_time":"2025-05-16T08:50:34+00:00","og_image":[{"width":1179,"height":614,"url":"https:\/\/www.creilsudoise-tourisme.fr\/wp-content\/uploads\/2021\/03\/143505584_2926332440932362_6321740802910367763_o.jpg","type":"image\/jpeg"}],"author":"fdubut","twitter_card":"summary_large_image","twitter_creator":"@CreilSudOiseOT","twitter_site":"@CreilSudOiseOT","twitter_misc":{"Escrito por":"fdubut","Tiempo de lectura":"2 minutos"},"schema":{"@context":"https:\/\/schema.org","@graph":[{"@type":"Article","@id":"https:\/\/www.creilsudoise-tourisme.fr\/2021\/04\/09\/verbois\/#article","isPartOf":{"@id":"https:\/\/www.creilsudoise-tourisme.fr\/2021\/04\/09\/verbois\/"},"author":{"name":"fdubut","@id":"https:\/\/www.creilsudoise-tourisme.fr\/#\/schema\/person\/c5140d47645b13bee896bfe05f1bd5da"},"headline":"Le Verbois, fusion et haute gastronomie","datePublished":"2021-04-09T14:48:57+00:00","dateModified":"2025-05-16T08:50:34+00:00","mainEntityOfPage":{"@id":"https:\/\/www.creilsudoise-tourisme.fr\/2021\/04\/09\/verbois\/"},"wordCount":446,"publisher":{"@id":"https:\/\/www.creilsudoise-tourisme.fr\/#organization"},"articleSection":["Actus"],"inLanguage":"es"},{"@type":"WebPage","@id":"https:\/\/www.creilsudoise-tourisme.fr\/2021\/04\/09\/verbois\/","url":"https:\/\/www.creilsudoise-tourisme.fr\/2021\/04\/09\/verbois\/","name":"Explorez Creil Sud Oise \u00e0 travers nos coups de c\u0153ur","isPartOf":{"@id":"https:\/\/www.creilsudoise-tourisme.fr\/#website"},"datePublished":"2021-04-09T14:48:57+00:00","dateModified":"2025-05-16T08:50:34+00:00","description":"Retrouvez les coups de c\u0153ur du moment, par l\u2019\u00e9quipe de l\u2019Office de Tourisme Creil Sud Oise : le restaurant Verbois \u00e0 Saint-Maximin","breadcrumb":{"@id":"https:\/\/www.creilsudoise-tourisme.fr\/2021\/04\/09\/verbois\/#breadcrumb"},"inLanguage":"es","potentialAction":[{"@type":"ReadAction","target":["https:\/\/www.creilsudoise-tourisme.fr\/2021\/04\/09\/verbois\/"]}]},{"@type":"BreadcrumbList","@id":"https:\/\/www.creilsudoise-tourisme.fr\/2021\/04\/09\/verbois\/#breadcrumb","itemListElement":[{"@type":"ListItem","position":1,"name":"Accueil","item":"https:\/\/www.creilsudoise-tourisme.fr\/"},{"@type":"ListItem","position":2,"name":"Le Verbois, fusion et haute gastronomie"}]},{"@type":"WebSite","@id":"https:\/\/www.creilsudoise-tourisme.fr\/#website","url":"https:\/\/www.creilsudoise-tourisme.fr\/","name":"Office de Tourisme Creil Sud Oise","description":"Creil Sud Oise Tourisme, un territoire \u00e0 explorer !","publisher":{"@id":"https:\/\/www.creilsudoise-tourisme.fr\/#organization"},"potentialAction":[{"@type":"SearchAction","target":{"@type":"EntryPoint","urlTemplate":"https:\/\/www.creilsudoise-tourisme.fr\/?s={search_term_string}"},"query-input":"required name=search_term_string"}],"inLanguage":"es"},{"@type":"Organization","@id":"https:\/\/www.creilsudoise-tourisme.fr\/#organization","name":"Creil Sud Oise Tourisme","url":"https:\/\/www.creilsudoise-tourisme.fr\/","logo":{"@type":"ImageObject","inLanguage":"es","@id":"https:\/\/www.creilsudoise-tourisme.fr\/#\/schema\/logo\/image\/","url":"https:\/\/www.creilsudoise-tourisme.fr\/wp-content\/uploads\/2021\/05\/logo-svg.png","contentUrl":"https:\/\/www.creilsudoise-tourisme.fr\/wp-content\/uploads\/2021\/05\/logo-svg.png","width":182,"height":71,"caption":"Creil Sud Oise Tourisme"},"image":{"@id":"https:\/\/www.creilsudoise-tourisme.fr\/#\/schema\/logo\/image\/"},"sameAs":["https:\/\/www.facebook.com\/creilsudoisetourisme\/","https:\/\/twitter.com\/CreilSudOiseOT","https:\/\/www.instagram.com\/creilsudoisetourisme\/","https:\/\/www.youtube.com\/channel\/UC8L_QD2wwyADW14zt9fY8kw"]},{"@type":"Person","@id":"https:\/\/www.creilsudoise-tourisme.fr\/#\/schema\/person\/c5140d47645b13bee896bfe05f1bd5da","name":"fdubut","image":{"@type":"ImageObject","inLanguage":"es","@id":"https:\/\/www.creilsudoise-tourisme.fr\/#\/schema\/person\/image\/","url":"https:\/\/secure.gravatar.com\/avatar\/c49bb61337bf4556cafdbcb92c18618d?s=96&d=mm&r=g","contentUrl":"https:\/\/secure.gravatar.com\/avatar\/c49bb61337bf4556cafdbcb92c18618d?s=96&d=mm&r=g","caption":"fdubut"},"url":"https:\/\/www.creilsudoise-tourisme.fr\/es\/auteur\/fdubut\/"}]}},"_links":{"self":[{"href":"https:\/\/www.creilsudoise-tourisme.fr\/es\/wp-json\/wp\/v2\/posts\/32820"}],"collection":[{"href":"https:\/\/www.creilsudoise-tourisme.fr\/es\/wp-json\/wp\/v2\/posts"}],"about":[{"href":"https:\/\/www.creilsudoise-tourisme.fr\/es\/wp-json\/wp\/v2\/types\/post"}],"author":[{"embeddable":true,"href":"https:\/\/www.creilsudoise-tourisme.fr\/es\/wp-json\/wp\/v2\/users\/3"}],"replies":[{"embeddable":true,"href":"https:\/\/www.creilsudoise-tourisme.fr\/es\/wp-json\/wp\/v2\/comments?post=32820"}],"version-history":[{"count":11,"href":"https:\/\/www.creilsudoise-tourisme.fr\/es\/wp-json\/wp\/v2\/posts\/32820\/revisions"}],"predecessor-version":[{"id":62296,"href":"https:\/\/www.creilsudoise-tourisme.fr\/es\/wp-json\/wp\/v2\/posts\/32820\/revisions\/62296"}],"wp:featuredmedia":[{"embeddable":true,"href":"https:\/\/www.creilsudoise-tourisme.fr\/es\/wp-json\/wp\/v2\/media\/32826"}],"wp:attachment":[{"href":"https:\/\/www.creilsudoise-tourisme.fr\/es\/wp-json\/wp\/v2\/media?parent=32820"}],"wp:term":[{"taxonomy":"category","embeddable":true,"href":"https:\/\/www.creilsudoise-tourisme.fr\/es\/wp-json\/wp\/v2\/categories?post=32820"},{"taxonomy":"post_tag","embeddable":true,"href":"https:\/\/www.creilsudoise-tourisme.fr\/es\/wp-json\/wp\/v2\/tags?post=32820"}],"curies":[{"name":"wp","href":"https:\/\/api.w.org\/{rel}","templated":true}]}}